{"id":10003,"date":"2023-06-27T12:00:52","date_gmt":"2023-06-27T10:00:52","guid":{"rendered":"https:\/\/www.anovapeneira.gal\/?p=10003"},"modified":"2023-06-26T12:43:11","modified_gmt":"2023-06-26T10:43:11","slug":"o-goberno-municipal-leva-a-pleno-a-sua-proposta-de-orzamentos-para-o-que-resta-de-exercicio","status":"publish","type":"post","link":"https:\/\/www.anovapeneira.gal\/index.php\/2023\/06\/27\/o-goberno-municipal-leva-a-pleno-a-sua-proposta-de-orzamentos-para-o-que-resta-de-exercicio\/","title":{"rendered":"O goberno municipal leva a pleno a s\u00faa proposta de orzamentos para o que resta de exercicio"},"content":{"rendered":"\n<ul class=\"wp-block-list\">\n<li>As contas ascenden a 19 M de euros, o m\u00e1is alto da historia do municipio, experimentando un crecemento do 36,23% respecto do orzamento vixente<\/li>\n\n\n\n<li>O executivo local hoxe ao resto dos grupos da corporaci\u00f3n o borrador do documento para que poidan facer as s\u00faas propostas e acordar posibles modificaci\u00f3ns<\/li>\n<\/ul>\n\n\n\n<p>O Porri\u00f1o, 24 de xu\u00f1o de 2023<\/p>\n\n\n\n<h2 class=\"wp-block-heading\">O goberno municipal do Porri\u00f1o, que preside Alejandro Lorenzo, levar\u00e1 nas pr\u00f3ximas semanas a pleno a s\u00faa proposta de orzamento para o que resta de ano.<\/h2>\n\n\n\n<p>As contas que se presentan para rematar o exercicio 2023 ascenden \u00e1 cantidade de <strong>19 M<\/strong> de euros, inclu\u00edndo de forma equilibrada a totalidade dos ingresos e gastos previstos e respectando o obxectivo de estabilidade orzamentaria.<\/p>\n\n\n\n<p>\u201c\u00c9 unha planificaci\u00f3n econ\u00f3mica ambiciosa, cun marcado <strong>car\u00e1cter expansivo<\/strong>, xa que experimenta un crecemento dun <strong>36,23%<\/strong> respecto do orzamento vixente, prorrogado de 2018, sendo o m\u00e1is elevado da historia deste concello ao superar en 5 M de euros ao anterior\u201d, explicou o rexedor, \u201cPero, sobre todo, tr\u00e1tase dun orzamento <strong>real<\/strong> froito dunha an\u00e1lise exhaustiva das necesidades primordiais do Concello, da xesti\u00f3n eficiente dos recursos p\u00fablicos e elaborado con prudencia, rigor e pensando nun achegamento \u00e1 cidadan\u00eda para dar unha resposta \u00e1xil e inmediata \u00e1s s\u00faas demandas m\u00e1is urxentes\u201d<\/p>\n\n\n\n<p>O rexedor apuntou que a proposta que se levar\u00e1 a pleno est\u00e1 feita a medida para regularizar no que resta de exercicio a situaci\u00f3n econ\u00f3mica na que se atopaba o Concello, unha situaci\u00f3n orzamentaria insostible que provocou ter que iniciar o ano con expedientes de modificaci\u00f3n orzamentaria. \u201c\u00c9 un orzamento de transici\u00f3n, que nos vai permitir poder encarar os seguintes partindo dunha situaci\u00f3n administrativa regulada e dunhas contas saneadas. Por iso, lonxe de rematar a tarefa con este documento, estamos a traballar xa no do 2024, no que poder dar cabida a cada unha das demandas da sociedade porri\u00f1esa\u201d.<\/p>\n\n\n\n<p><strong>Eixos fundamentais de actuaci\u00f3n: servizos b\u00e1sicos e programas de contido social<\/strong><\/p>\n\n\n\n<p>O novo orzamento c\u00e9ntrase en garantir a prestaci\u00f3n da totalidade dos servizos b\u00e1sicos, as\u00ed como dos programas de contido social: promoci\u00f3n e benestar social, axuda no fogar, gasto en educaci\u00f3n, fomento de emprego, carencia enerx\u00e9tica, promoci\u00f3n do deporte de base, desenvolvemento cultural, etc., <strong>aumentando con car\u00e1cter xeral todas pol\u00edticas de gasto<\/strong>.<\/p>\n\n\n\n<p>A li\u00f1a principal de traballo marcada polo executivo para a planificaci\u00f3n dos ingresos foi a de manter a carga impositiva municipal para este ano, o que sup\u00f3n un pequeno e necesario aforro para os petos da veci\u00f1anza. Para facelo posible, destinarase remanente para levar a cabo as inversi\u00f3ns necesarias. No tocante aos gastos c\u00e9ntrase na dotaci\u00f3n necesaria par atender aos compromisos adquiridos co persoal, proveedores e novas contrataci\u00f3ns, destacando o <strong>incremento substancial da prestaci\u00f3n de servizos a toda a comunidade<\/strong>, <strong>de maneira regulada e legal<\/strong>.<\/p>\n\n\n\n<p>Hai que resaltar o compromiso do goberno por manter e reforzar os servizos sociais e a mellora dos servizos municipais consignando no orzamento a tal fin a maior porcentaxe de gasto, con <strong>2 M de euros destinados a asistencia social<\/strong>.<\/p>\n","protected":false},"excerpt":{"rendered":"<div class=\"mh-excerpt\"><p>O goberno municipal do Porri\u00f1o, que preside Alejandro Lorenzo, levar\u00e1 nas pr\u00f3ximas semanas a pleno a s\u00faa proposta de orzamento para o que resta de ano <a class=\"mh-excerpt-more\" href=\"https:\/\/www.anovapeneira.gal\/index.php\/2023\/06\/27\/o-goberno-municipal-leva-a-pleno-a-sua-proposta-de-orzamentos-para-o-que-resta-de-exercicio\/\" title=\"O goberno municipal leva a pleno a s\u00faa proposta de orzamentos para o que resta de exercicio\">[&#8230;]<\/a><\/p>\n<\/div>","protected":false},"author":3,"featured_media":10004,"comment_status":"open","ping_status":"open","sticky":false,"template":"","format":"standard","meta":{"_exactmetrics_skip_tracking":false,"_exactmetrics_sitenote_active":false,"_exactmetrics_sitenote_note":"","_exactmetrics_sitenote_category":0,"footnotes":""},"categories":[23],"tags":[411],"class_list":{"0":"post-10003","1":"post","2":"type-post","3":"status-publish","4":"format-standard","5":"has-post-thumbnail","7":"category-a-lourina","8":"tag-concello-do-porrino"},"yoast_head":"<!-- This site is optimized with the Yoast SEO plugin v27.4 - https:\/\/yoast.com\/product\/yoast-seo-wordpress\/ -->\n<title>O goberno municipal leva a pleno a s\u00faa proposta de orzamentos para o que resta de exercicio -<\/title>\n<meta name=\"description\" content=\"O goberno municipal do Porri\u00f1o, que preside Alejandro Lorenzo, levar\u00e1 nas pr\u00f3ximas semanas a pleno a s\u00faa proposta de orzamento para o que resta de ano\" \/>\n<meta name=\"robots\" content=\"index, follow, max-snippet:-1, max-image-preview:large, max-video-preview:-1\" \/>\n<link rel=\"canonical\" href=\"https:\/\/www.anovapeneira.gal\/index.php\/2023\/06\/27\/o-goberno-municipal-leva-a-pleno-a-sua-proposta-de-orzamentos-para-o-que-resta-de-exercicio\/\" \/>\n<meta property=\"og:locale\" content=\"gl_ES\" \/>\n<meta property=\"og:type\" content=\"article\" \/>\n<meta property=\"og:title\" content=\"O goberno municipal leva a pleno a s\u00faa proposta de orzamentos para o que resta de exercicio -\" \/>\n<meta property=\"og:description\" content=\"O goberno municipal do Porri\u00f1o, que preside Alejandro Lorenzo, levar\u00e1 nas pr\u00f3ximas semanas a pleno a s\u00faa proposta de orzamento para o que resta de ano\" \/>\n<meta property=\"og:url\" content=\"https:\/\/www.anovapeneira.gal\/index.php\/2023\/06\/27\/o-goberno-municipal-leva-a-pleno-a-sua-proposta-de-orzamentos-para-o-que-resta-de-exercicio\/\" \/>\n<meta property=\"article:publisher\" content=\"https:\/\/www.facebook.com\/anovapeneira\" \/>\n<meta property=\"article:published_time\" content=\"2023-06-27T10:00:52+00:00\" \/>\n<meta property=\"og:image\" content=\"https:\/\/www.anovapeneira.gal\/wp-content\/uploads\/2023\/06\/AlejandroLorenzo_porrino.jpg\" \/>\n\t<meta property=\"og:image:width\" content=\"720\" \/>\n\t<meta property=\"og:image:height\" content=\"432\" \/>\n\t<meta property=\"og:image:type\" content=\"image\/jpeg\" \/>\n<meta name=\"author\" content=\"Redacci\u00f3n A Nova Peneira\" \/>\n<meta name=\"twitter:card\" content=\"summary_large_image\" \/>\n<meta name=\"twitter:creator\" content=\"@APeneira\" \/>\n<meta name=\"twitter:site\" content=\"@APeneira\" \/>\n<meta name=\"twitter:label1\" content=\"Escrito por\" \/>\n\t<meta name=\"twitter:data1\" content=\"Redacci\u00f3n A Nova Peneira\" \/>\n\t<meta name=\"twitter:label2\" content=\"Tempo de lectura\" \/>\n\t<meta name=\"twitter:data2\" content=\"3 minutos\" \/>\n<script type=\"application\/ld+json\" class=\"yoast-schema-graph\">{\"@context\":\"https:\\\/\\\/schema.org\",\"@graph\":[{\"@type\":\"Article\",\"@id\":\"https:\\\/\\\/www.anovapeneira.gal\\\/index.php\\\/2023\\\/06\\\/27\\\/o-goberno-municipal-leva-a-pleno-a-sua-proposta-de-orzamentos-para-o-que-resta-de-exercicio\\\/#article\",\"isPartOf\":{\"@id\":\"https:\\\/\\\/www.anovapeneira.gal\\\/index.php\\\/2023\\\/06\\\/27\\\/o-goberno-municipal-leva-a-pleno-a-sua-proposta-de-orzamentos-para-o-que-resta-de-exercicio\\\/\"},\"author\":{\"name\":\"Redacci\u00f3n A Nova Peneira\",\"@id\":\"https:\\\/\\\/www.anovapeneira.gal\\\/#\\\/schema\\\/person\\\/b93e3f8932e3f8da96334607eb6ac6aa\"},\"headline\":\"O goberno municipal leva a pleno a s\u00faa proposta de orzamentos para o que resta de exercicio\",\"datePublished\":\"2023-06-27T10:00:52+00:00\",\"mainEntityOfPage\":{\"@id\":\"https:\\\/\\\/www.anovapeneira.gal\\\/index.php\\\/2023\\\/06\\\/27\\\/o-goberno-municipal-leva-a-pleno-a-sua-proposta-de-orzamentos-para-o-que-resta-de-exercicio\\\/\"},\"wordCount\":543,\"commentCount\":0,\"publisher\":{\"@id\":\"https:\\\/\\\/www.anovapeneira.gal\\\/#organization\"},\"image\":{\"@id\":\"https:\\\/\\\/www.anovapeneira.gal\\\/index.php\\\/2023\\\/06\\\/27\\\/o-goberno-municipal-leva-a-pleno-a-sua-proposta-de-orzamentos-para-o-que-resta-de-exercicio\\\/#primaryimage\"},\"thumbnailUrl\":\"https:\\\/\\\/www.anovapeneira.gal\\\/wp-content\\\/uploads\\\/2023\\\/06\\\/AlejandroLorenzo_porrino.jpg\",\"keywords\":[\"Concello do Porri\u00f1o\"],\"articleSection\":[\"A Louri\u00f1a\"],\"inLanguage\":\"gl-ES\",\"potentialAction\":[{\"@type\":\"CommentAction\",\"name\":\"Comment\",\"target\":[\"https:\\\/\\\/www.anovapeneira.gal\\\/index.php\\\/2023\\\/06\\\/27\\\/o-goberno-municipal-leva-a-pleno-a-sua-proposta-de-orzamentos-para-o-que-resta-de-exercicio\\\/#respond\"]}]},{\"@type\":\"WebPage\",\"@id\":\"https:\\\/\\\/www.anovapeneira.gal\\\/index.php\\\/2023\\\/06\\\/27\\\/o-goberno-municipal-leva-a-pleno-a-sua-proposta-de-orzamentos-para-o-que-resta-de-exercicio\\\/\",\"url\":\"https:\\\/\\\/www.anovapeneira.gal\\\/index.php\\\/2023\\\/06\\\/27\\\/o-goberno-municipal-leva-a-pleno-a-sua-proposta-de-orzamentos-para-o-que-resta-de-exercicio\\\/\",\"name\":\"O goberno municipal leva a pleno a s\u00faa proposta de orzamentos para o que resta de exercicio -\",\"isPartOf\":{\"@id\":\"https:\\\/\\\/www.anovapeneira.gal\\\/#website\"},\"primaryImageOfPage\":{\"@id\":\"https:\\\/\\\/www.anovapeneira.gal\\\/index.php\\\/2023\\\/06\\\/27\\\/o-goberno-municipal-leva-a-pleno-a-sua-proposta-de-orzamentos-para-o-que-resta-de-exercicio\\\/#primaryimage\"},\"image\":{\"@id\":\"https:\\\/\\\/www.anovapeneira.gal\\\/index.php\\\/2023\\\/06\\\/27\\\/o-goberno-municipal-leva-a-pleno-a-sua-proposta-de-orzamentos-para-o-que-resta-de-exercicio\\\/#primaryimage\"},\"thumbnailUrl\":\"https:\\\/\\\/www.anovapeneira.gal\\\/wp-content\\\/uploads\\\/2023\\\/06\\\/AlejandroLorenzo_porrino.jpg\",\"datePublished\":\"2023-06-27T10:00:52+00:00\",\"description\":\"O goberno municipal do Porri\u00f1o, que preside Alejandro Lorenzo, levar\u00e1 nas pr\u00f3ximas semanas a pleno a s\u00faa proposta de orzamento para o que resta de ano\",\"breadcrumb\":{\"@id\":\"https:\\\/\\\/www.anovapeneira.gal\\\/index.php\\\/2023\\\/06\\\/27\\\/o-goberno-municipal-leva-a-pleno-a-sua-proposta-de-orzamentos-para-o-que-resta-de-exercicio\\\/#breadcrumb\"},\"inLanguage\":\"gl-ES\",\"potentialAction\":[{\"@type\":\"ReadAction\",\"target\":[\"https:\\\/\\\/www.anovapeneira.gal\\\/index.php\\\/2023\\\/06\\\/27\\\/o-goberno-municipal-leva-a-pleno-a-sua-proposta-de-orzamentos-para-o-que-resta-de-exercicio\\\/\"]}]},{\"@type\":\"ImageObject\",\"inLanguage\":\"gl-ES\",\"@id\":\"https:\\\/\\\/www.anovapeneira.gal\\\/index.php\\\/2023\\\/06\\\/27\\\/o-goberno-municipal-leva-a-pleno-a-sua-proposta-de-orzamentos-para-o-que-resta-de-exercicio\\\/#primaryimage\",\"url\":\"https:\\\/\\\/www.anovapeneira.gal\\\/wp-content\\\/uploads\\\/2023\\\/06\\\/AlejandroLorenzo_porrino.jpg\",\"contentUrl\":\"https:\\\/\\\/www.anovapeneira.gal\\\/wp-content\\\/uploads\\\/2023\\\/06\\\/AlejandroLorenzo_porrino.jpg\",\"width\":720,\"height\":432,\"caption\":\"O goberno municipal leva a pleno a s\u00faa proposta de orzamentos para o que resta de exercicio\"},{\"@type\":\"BreadcrumbList\",\"@id\":\"https:\\\/\\\/www.anovapeneira.gal\\\/index.php\\\/2023\\\/06\\\/27\\\/o-goberno-municipal-leva-a-pleno-a-sua-proposta-de-orzamentos-para-o-que-resta-de-exercicio\\\/#breadcrumb\",\"itemListElement\":[{\"@type\":\"ListItem\",\"position\":1,\"name\":\"Portada\",\"item\":\"https:\\\/\\\/www.anovapeneira.gal\\\/\"},{\"@type\":\"ListItem\",\"position\":2,\"name\":\"O goberno municipal leva a pleno a s\u00faa proposta de orzamentos para o que resta de exercicio\"}]},{\"@type\":\"WebSite\",\"@id\":\"https:\\\/\\\/www.anovapeneira.gal\\\/#website\",\"url\":\"https:\\\/\\\/www.anovapeneira.gal\\\/\",\"name\":\"\",\"description\":\"Xornal galego de informaci\u00f3n xeral Publicaci\u00f3n mensual de novas de Galicia e en especial dos Concellos da sur da provincia de Pontevedra.\",\"publisher\":{\"@id\":\"https:\\\/\\\/www.anovapeneira.gal\\\/#organization\"},\"potentialAction\":[{\"@type\":\"SearchAction\",\"target\":{\"@type\":\"EntryPoint\",\"urlTemplate\":\"https:\\\/\\\/www.anovapeneira.gal\\\/?s={search_term_string}\"},\"query-input\":{\"@type\":\"PropertyValueSpecification\",\"valueRequired\":true,\"valueName\":\"search_term_string\"}}],\"inLanguage\":\"gl-ES\"},{\"@type\":\"Organization\",\"@id\":\"https:\\\/\\\/www.anovapeneira.gal\\\/#organization\",\"name\":\"A Nova Peneira\",\"url\":\"https:\\\/\\\/www.anovapeneira.gal\\\/\",\"logo\":{\"@type\":\"ImageObject\",\"inLanguage\":\"gl-ES\",\"@id\":\"https:\\\/\\\/www.anovapeneira.gal\\\/#\\\/schema\\\/logo\\\/image\\\/\",\"url\":\"http:\\\/\\\/www.anovapeneira.gal\\\/wp-content\\\/uploads\\\/2019\\\/06\\\/logo_a_nova_peneira_portal_web.png\",\"contentUrl\":\"http:\\\/\\\/www.anovapeneira.gal\\\/wp-content\\\/uploads\\\/2019\\\/06\\\/logo_a_nova_peneira_portal_web.png\",\"width\":300,\"height\":100,\"caption\":\"A Nova Peneira\"},\"image\":{\"@id\":\"https:\\\/\\\/www.anovapeneira.gal\\\/#\\\/schema\\\/logo\\\/image\\\/\"},\"sameAs\":[\"https:\\\/\\\/www.facebook.com\\\/anovapeneira\",\"https:\\\/\\\/x.com\\\/APeneira\"]},{\"@type\":\"Person\",\"@id\":\"https:\\\/\\\/www.anovapeneira.gal\\\/#\\\/schema\\\/person\\\/b93e3f8932e3f8da96334607eb6ac6aa\",\"name\":\"Redacci\u00f3n A Nova Peneira\",\"image\":{\"@type\":\"ImageObject\",\"inLanguage\":\"gl-ES\",\"@id\":\"https:\\\/\\\/secure.gravatar.com\\\/avatar\\\/c052a2551a06e23fac63626232eaa90abd78dbcf1700fc46a2b2c89fd27b735f?s=96&d=mm&r=g\",\"url\":\"https:\\\/\\\/secure.gravatar.com\\\/avatar\\\/c052a2551a06e23fac63626232eaa90abd78dbcf1700fc46a2b2c89fd27b735f?s=96&d=mm&r=g\",\"contentUrl\":\"https:\\\/\\\/secure.gravatar.com\\\/avatar\\\/c052a2551a06e23fac63626232eaa90abd78dbcf1700fc46a2b2c89fd27b735f?s=96&d=mm&r=g\",\"caption\":\"Redacci\u00f3n A Nova Peneira\"},\"sameAs\":[\"http:\\\/\\\/www.anovapeneira.gal\\\/\"],\"url\":\"https:\\\/\\\/www.anovapeneira.gal\\\/index.php\\\/author\\\/redactor\\\/\"}]}<\/script>\n<!-- \/ Yoast SEO plugin. -->","yoast_head_json":{"title":"O goberno municipal leva a pleno a s\u00faa proposta de orzamentos para o que resta de exercicio -","description":"O goberno municipal do Porri\u00f1o, que preside Alejandro Lorenzo, levar\u00e1 nas pr\u00f3ximas semanas a pleno a s\u00faa proposta de orzamento para o que resta de ano","robots":{"index":"index","follow":"follow","max-snippet":"max-snippet:-1","max-image-preview":"max-image-preview:large","max-video-preview":"max-video-preview:-1"},"canonical":"https:\/\/www.anovapeneira.gal\/index.php\/2023\/06\/27\/o-goberno-municipal-leva-a-pleno-a-sua-proposta-de-orzamentos-para-o-que-resta-de-exercicio\/","og_locale":"gl_ES","og_type":"article","og_title":"O goberno municipal leva a pleno a s\u00faa proposta de orzamentos para o que resta de exercicio -","og_description":"O goberno municipal do Porri\u00f1o, que preside Alejandro Lorenzo, levar\u00e1 nas pr\u00f3ximas semanas a pleno a s\u00faa proposta de orzamento para o que resta de ano","og_url":"https:\/\/www.anovapeneira.gal\/index.php\/2023\/06\/27\/o-goberno-municipal-leva-a-pleno-a-sua-proposta-de-orzamentos-para-o-que-resta-de-exercicio\/","article_publisher":"https:\/\/www.facebook.com\/anovapeneira","article_published_time":"2023-06-27T10:00:52+00:00","og_image":[{"width":720,"height":432,"url":"https:\/\/www.anovapeneira.gal\/wp-content\/uploads\/2023\/06\/AlejandroLorenzo_porrino.jpg","type":"image\/jpeg"}],"author":"Redacci\u00f3n A Nova Peneira","twitter_card":"summary_large_image","twitter_creator":"@APeneira","twitter_site":"@APeneira","twitter_misc":{"Escrito por":"Redacci\u00f3n A Nova Peneira","Tempo de lectura":"3 minutos"},"schema":{"@context":"https:\/\/schema.org","@graph":[{"@type":"Article","@id":"https:\/\/www.anovapeneira.gal\/index.php\/2023\/06\/27\/o-goberno-municipal-leva-a-pleno-a-sua-proposta-de-orzamentos-para-o-que-resta-de-exercicio\/#article","isPartOf":{"@id":"https:\/\/www.anovapeneira.gal\/index.php\/2023\/06\/27\/o-goberno-municipal-leva-a-pleno-a-sua-proposta-de-orzamentos-para-o-que-resta-de-exercicio\/"},"author":{"name":"Redacci\u00f3n A Nova Peneira","@id":"https:\/\/www.anovapeneira.gal\/#\/schema\/person\/b93e3f8932e3f8da96334607eb6ac6aa"},"headline":"O goberno municipal leva a pleno a s\u00faa proposta de orzamentos para o que resta de exercicio","datePublished":"2023-06-27T10:00:52+00:00","mainEntityOfPage":{"@id":"https:\/\/www.anovapeneira.gal\/index.php\/2023\/06\/27\/o-goberno-municipal-leva-a-pleno-a-sua-proposta-de-orzamentos-para-o-que-resta-de-exercicio\/"},"wordCount":543,"commentCount":0,"publisher":{"@id":"https:\/\/www.anovapeneira.gal\/#organization"},"image":{"@id":"https:\/\/www.anovapeneira.gal\/index.php\/2023\/06\/27\/o-goberno-municipal-leva-a-pleno-a-sua-proposta-de-orzamentos-para-o-que-resta-de-exercicio\/#primaryimage"},"thumbnailUrl":"https:\/\/www.anovapeneira.gal\/wp-content\/uploads\/2023\/06\/AlejandroLorenzo_porrino.jpg","keywords":["Concello do Porri\u00f1o"],"articleSection":["A Louri\u00f1a"],"inLanguage":"gl-ES","potentialAction":[{"@type":"CommentAction","name":"Comment","target":["https:\/\/www.anovapeneira.gal\/index.php\/2023\/06\/27\/o-goberno-municipal-leva-a-pleno-a-sua-proposta-de-orzamentos-para-o-que-resta-de-exercicio\/#respond"]}]},{"@type":"WebPage","@id":"https:\/\/www.anovapeneira.gal\/index.php\/2023\/06\/27\/o-goberno-municipal-leva-a-pleno-a-sua-proposta-de-orzamentos-para-o-que-resta-de-exercicio\/","url":"https:\/\/www.anovapeneira.gal\/index.php\/2023\/06\/27\/o-goberno-municipal-leva-a-pleno-a-sua-proposta-de-orzamentos-para-o-que-resta-de-exercicio\/","name":"O goberno municipal leva a pleno a s\u00faa proposta de orzamentos para o que resta de exercicio -","isPartOf":{"@id":"https:\/\/www.anovapeneira.gal\/#website"},"primaryImageOfPage":{"@id":"https:\/\/www.anovapeneira.gal\/index.php\/2023\/06\/27\/o-goberno-municipal-leva-a-pleno-a-sua-proposta-de-orzamentos-para-o-que-resta-de-exercicio\/#primaryimage"},"image":{"@id":"https:\/\/www.anovapeneira.gal\/index.php\/2023\/06\/27\/o-goberno-municipal-leva-a-pleno-a-sua-proposta-de-orzamentos-para-o-que-resta-de-exercicio\/#primaryimage"},"thumbnailUrl":"https:\/\/www.anovapeneira.gal\/wp-content\/uploads\/2023\/06\/AlejandroLorenzo_porrino.jpg","datePublished":"2023-06-27T10:00:52+00:00","description":"O goberno municipal do Porri\u00f1o, que preside Alejandro Lorenzo, levar\u00e1 nas pr\u00f3ximas semanas a pleno a s\u00faa proposta de orzamento para o que resta de ano","breadcrumb":{"@id":"https:\/\/www.anovapeneira.gal\/index.php\/2023\/06\/27\/o-goberno-municipal-leva-a-pleno-a-sua-proposta-de-orzamentos-para-o-que-resta-de-exercicio\/#breadcrumb"},"inLanguage":"gl-ES","potentialAction":[{"@type":"ReadAction","target":["https:\/\/www.anovapeneira.gal\/index.php\/2023\/06\/27\/o-goberno-municipal-leva-a-pleno-a-sua-proposta-de-orzamentos-para-o-que-resta-de-exercicio\/"]}]},{"@type":"ImageObject","inLanguage":"gl-ES","@id":"https:\/\/www.anovapeneira.gal\/index.php\/2023\/06\/27\/o-goberno-municipal-leva-a-pleno-a-sua-proposta-de-orzamentos-para-o-que-resta-de-exercicio\/#primaryimage","url":"https:\/\/www.anovapeneira.gal\/wp-content\/uploads\/2023\/06\/AlejandroLorenzo_porrino.jpg","contentUrl":"https:\/\/www.anovapeneira.gal\/wp-content\/uploads\/2023\/06\/AlejandroLorenzo_porrino.jpg","width":720,"height":432,"caption":"O goberno municipal leva a pleno a s\u00faa proposta de orzamentos para o que resta de exercicio"},{"@type":"BreadcrumbList","@id":"https:\/\/www.anovapeneira.gal\/index.php\/2023\/06\/27\/o-goberno-municipal-leva-a-pleno-a-sua-proposta-de-orzamentos-para-o-que-resta-de-exercicio\/#breadcrumb","itemListElement":[{"@type":"ListItem","position":1,"name":"Portada","item":"https:\/\/www.anovapeneira.gal\/"},{"@type":"ListItem","position":2,"name":"O goberno municipal leva a pleno a s\u00faa proposta de orzamentos para o que resta de exercicio"}]},{"@type":"WebSite","@id":"https:\/\/www.anovapeneira.gal\/#website","url":"https:\/\/www.anovapeneira.gal\/","name":"","description":"Xornal galego de informaci\u00f3n xeral Publicaci\u00f3n mensual de novas de Galicia e en especial dos Concellos da sur da provincia de Pontevedra.","publisher":{"@id":"https:\/\/www.anovapeneira.gal\/#organization"},"potentialAction":[{"@type":"SearchAction","target":{"@type":"EntryPoint","urlTemplate":"https:\/\/www.anovapeneira.gal\/?s={search_term_string}"},"query-input":{"@type":"PropertyValueSpecification","valueRequired":true,"valueName":"search_term_string"}}],"inLanguage":"gl-ES"},{"@type":"Organization","@id":"https:\/\/www.anovapeneira.gal\/#organization","name":"A Nova Peneira","url":"https:\/\/www.anovapeneira.gal\/","logo":{"@type":"ImageObject","inLanguage":"gl-ES","@id":"https:\/\/www.anovapeneira.gal\/#\/schema\/logo\/image\/","url":"http:\/\/www.anovapeneira.gal\/wp-content\/uploads\/2019\/06\/logo_a_nova_peneira_portal_web.png","contentUrl":"http:\/\/www.anovapeneira.gal\/wp-content\/uploads\/2019\/06\/logo_a_nova_peneira_portal_web.png","width":300,"height":100,"caption":"A Nova Peneira"},"image":{"@id":"https:\/\/www.anovapeneira.gal\/#\/schema\/logo\/image\/"},"sameAs":["https:\/\/www.facebook.com\/anovapeneira","https:\/\/x.com\/APeneira"]},{"@type":"Person","@id":"https:\/\/www.anovapeneira.gal\/#\/schema\/person\/b93e3f8932e3f8da96334607eb6ac6aa","name":"Redacci\u00f3n A Nova Peneira","image":{"@type":"ImageObject","inLanguage":"gl-ES","@id":"https:\/\/secure.gravatar.com\/avatar\/c052a2551a06e23fac63626232eaa90abd78dbcf1700fc46a2b2c89fd27b735f?s=96&d=mm&r=g","url":"https:\/\/secure.gravatar.com\/avatar\/c052a2551a06e23fac63626232eaa90abd78dbcf1700fc46a2b2c89fd27b735f?s=96&d=mm&r=g","contentUrl":"https:\/\/secure.gravatar.com\/avatar\/c052a2551a06e23fac63626232eaa90abd78dbcf1700fc46a2b2c89fd27b735f?s=96&d=mm&r=g","caption":"Redacci\u00f3n A Nova Peneira"},"sameAs":["http:\/\/www.anovapeneira.gal\/"],"url":"https:\/\/www.anovapeneira.gal\/index.php\/author\/redactor\/"}]}},"jetpack_featured_media_url":"https:\/\/www.anovapeneira.gal\/wp-content\/uploads\/2023\/06\/AlejandroLorenzo_porrino.jpg","_links":{"self":[{"href":"https:\/\/www.anovapeneira.gal\/index.php\/wp-json\/wp\/v2\/posts\/10003","targetHints":{"allow":["GET"]}}],"collection":[{"href":"https:\/\/www.anovapeneira.gal\/index.php\/wp-json\/wp\/v2\/posts"}],"about":[{"href":"https:\/\/www.anovapeneira.gal\/index.php\/wp-json\/wp\/v2\/types\/post"}],"author":[{"embeddable":true,"href":"https:\/\/www.anovapeneira.gal\/index.php\/wp-json\/wp\/v2\/users\/3"}],"replies":[{"embeddable":true,"href":"https:\/\/www.anovapeneira.gal\/index.php\/wp-json\/wp\/v2\/comments?post=10003"}],"version-history":[{"count":1,"href":"https:\/\/www.anovapeneira.gal\/index.php\/wp-json\/wp\/v2\/posts\/10003\/revisions"}],"predecessor-version":[{"id":10005,"href":"https:\/\/www.anovapeneira.gal\/index.php\/wp-json\/wp\/v2\/posts\/10003\/revisions\/10005"}],"wp:featuredmedia":[{"embeddable":true,"href":"https:\/\/www.anovapeneira.gal\/index.php\/wp-json\/wp\/v2\/media\/10004"}],"wp:attachment":[{"href":"https:\/\/www.anovapeneira.gal\/index.php\/wp-json\/wp\/v2\/media?parent=10003"}],"wp:term":[{"taxonomy":"category","embeddable":true,"href":"https:\/\/www.anovapeneira.gal\/index.php\/wp-json\/wp\/v2\/categories?post=10003"},{"taxonomy":"post_tag","embeddable":true,"href":"https:\/\/www.anovapeneira.gal\/index.php\/wp-json\/wp\/v2\/tags?post=10003"}],"curies":[{"name":"wp","href":"https:\/\/api.w.org\/{rel}","templated":true}]}}