{"id":1002,"date":"2019-08-22T14:00:45","date_gmt":"2019-08-22T12:00:45","guid":{"rendered":"http:\/\/www.anovapeneira.gal\/?p=1002"},"modified":"2019-08-18T18:24:07","modified_gmt":"2019-08-18T16:24:07","slug":"salceda-solicitara-a-desafectacion-da-aula-de-revolta-para-poder-darlle-novos-usos","status":"publish","type":"post","link":"https:\/\/www.anovapeneira.gal\/index.php\/2019\/08\/22\/salceda-solicitara-a-desafectacion-da-aula-de-revolta-para-poder-darlle-novos-usos\/","title":{"rendered":"Salceda solicitar\u00e1 a desafectaci\u00f3n da aula de Revolta para poder darlle novos usos"},"content":{"rendered":"\n<p><strong>Salceda de Caselas,  16 de agosto de 2019<\/strong><\/p>\n\n\n\n<h2 class=\"wp-block-heading\">Proponse destinar o edificio a usos socioculturais<\/h2>\n\n\n\n<p>O Equipo de Goberno de Salceda levar\u00e1 ao Pleno ordinario do mes de agosto a solicitude de desafectaci\u00f3n da que foi a escola de Revolta, na parroquia de Parderrubias. O edificio permanece pechado dende que no ano 2015 a Xunta de Galicia o deixase sen actividade alegando falta de alumnado, e dende ent\u00f3n non se lle deu outra utilidade.<\/p>\n\n\n\n<p>\n\tO\nEquipo de Goberno pretende agora recuperar o edificio para usos\nsocioculturais, tendo en conta o bo estado do mesmo, as\u00ed como a s\u00faa\nubicaci\u00f3n facilmente accesible, polo que o primeiro paso ser\u00e1\npropo\u00f1er ao Pleno a desafectaci\u00f3n do edificio, o vindeiro venres 30\nde agosto, en espera de que esta sexa aprobada por unanimidade da\ncorporaci\u00f3n.<\/p>\n\n\n\n<p>\n\tO\nConcello segue as\u00ed co proceso de recuperaci\u00f3n dos edificios en\ndesuso, como est\u00e1 a facer na actualidade co edificio da antiga\nescola de Vendanova, na parroquia de San Xurxo, que na actualidade\nest\u00e1 a ser recuperada para reconvertila nun centro para maiores con\nenfermidades dexenerativas como o alzheimer e otras demencias.<\/p>\n\n\n\n<p>\n\tGela\nLedo, Concelleira de Educaci\u00f3n: \u201cos edificios educativos en desuso\nson unha excelente oportunidade para destinar a usos sociais e\nfavorecer as\u00ed a numerosos colectivos que poidan facer uso dos\nmesmos\u201d.<\/p>\n\n\n\n<p>\n\tLoli\nCasti\u00f1eira, Alcaldesa de Salceda: \u201cSalceda ten unha grande demanda\nde espazos sociocomunitarios polo grande dinamismo asociativo co que\ncontamos, polo que estudiaremos todas aquelas alternativas que poidan\nfavorecer a estes colectivos que tanto enriquecen o noso municipio\u201d.<\/p>\n","protected":false},"excerpt":{"rendered":"<div class=\"mh-excerpt\"><p> O Equipo de Goberno de Salceda levar\u00e1 ao Pleno ordinario do mes de agosto a solicitude de desafectaci\u00f3n da que foi a escola de Revolta, na parroquia de Parderrubias <a class=\"mh-excerpt-more\" href=\"https:\/\/www.anovapeneira.gal\/index.php\/2019\/08\/22\/salceda-solicitara-a-desafectacion-da-aula-de-revolta-para-poder-darlle-novos-usos\/\" title=\"Salceda solicitar\u00e1 a desafectaci\u00f3n da aula de Revolta para poder darlle novos usos\">[&#8230;]<\/a><\/p>\n<\/div>","protected":false},"author":3,"featured_media":1003,"comment_status":"open","ping_status":"open","sticky":false,"template":"","format":"standard","meta":{"_exactmetrics_skip_tracking":false,"_exactmetrics_sitenote_active":false,"_exactmetrics_sitenote_note":"","_exactmetrics_sitenote_category":0,"footnotes":""},"categories":[23],"tags":[359,478,480,479],"class_list":{"0":"post-1002","1":"post","2":"type-post","3":"status-publish","4":"format-standard","5":"has-post-thumbnail","7":"category-a-lourina","8":"tag-concello-de-salceda-de-caselas","9":"tag-escola-de-revolta","10":"tag-escola-de-vendanova","11":"tag-parroquia-de-parderrubias"},"yoast_head":"<!-- This site is optimized with the Yoast SEO plugin v27.4 - https:\/\/yoast.com\/product\/yoast-seo-wordpress\/ -->\n<title>Salceda solicitar\u00e1 a desafectaci\u00f3n da aula de Revolta para poder darlle novos usos -<\/title>\n<meta name=\"robots\" content=\"index, follow, max-snippet:-1, max-image-preview:large, max-video-preview:-1\" \/>\n<link rel=\"canonical\" href=\"https:\/\/www.anovapeneira.gal\/index.php\/2019\/08\/22\/salceda-solicitara-a-desafectacion-da-aula-de-revolta-para-poder-darlle-novos-usos\/\" \/>\n<meta property=\"og:locale\" content=\"gl_ES\" \/>\n<meta property=\"og:type\" content=\"article\" \/>\n<meta property=\"og:title\" content=\"Salceda solicitar\u00e1 a desafectaci\u00f3n da aula de Revolta para poder darlle novos usos -\" \/>\n<meta property=\"og:description\" content=\"O Equipo de Goberno de Salceda levar\u00e1 ao Pleno ordinario do mes de agosto a solicitude de desafectaci\u00f3n da que foi a escola de Revolta, na parroquia de Parderrubias [...]\" \/>\n<meta property=\"og:url\" content=\"https:\/\/www.anovapeneira.gal\/index.php\/2019\/08\/22\/salceda-solicitara-a-desafectacion-da-aula-de-revolta-para-poder-darlle-novos-usos\/\" \/>\n<meta property=\"article:publisher\" content=\"https:\/\/www.facebook.com\/anovapeneira\" \/>\n<meta property=\"article:published_time\" content=\"2019-08-22T12:00:45+00:00\" \/>\n<meta property=\"og:image\" content=\"https:\/\/www.anovapeneira.gal\/wp-content\/uploads\/2019\/08\/salceda_a_nova_peneira.jpg\" \/>\n\t<meta property=\"og:image:width\" content=\"720\" \/>\n\t<meta property=\"og:image:height\" content=\"473\" \/>\n\t<meta property=\"og:image:type\" content=\"image\/jpeg\" \/>\n<meta name=\"author\" content=\"Redacci\u00f3n A Nova Peneira\" \/>\n<meta name=\"twitter:card\" content=\"summary_large_image\" \/>\n<meta name=\"twitter:creator\" content=\"@APeneira\" \/>\n<meta name=\"twitter:site\" content=\"@APeneira\" \/>\n<meta name=\"twitter:label1\" content=\"Escrito por\" \/>\n\t<meta name=\"twitter:data1\" content=\"Redacci\u00f3n A Nova Peneira\" \/>\n\t<meta name=\"twitter:label2\" content=\"Tempo de lectura\" \/>\n\t<meta name=\"twitter:data2\" content=\"1 minuto\" \/>\n<script type=\"application\/ld+json\" class=\"yoast-schema-graph\">{\"@context\":\"https:\\\/\\\/schema.org\",\"@graph\":[{\"@type\":\"Article\",\"@id\":\"https:\\\/\\\/www.anovapeneira.gal\\\/index.php\\\/2019\\\/08\\\/22\\\/salceda-solicitara-a-desafectacion-da-aula-de-revolta-para-poder-darlle-novos-usos\\\/#article\",\"isPartOf\":{\"@id\":\"https:\\\/\\\/www.anovapeneira.gal\\\/index.php\\\/2019\\\/08\\\/22\\\/salceda-solicitara-a-desafectacion-da-aula-de-revolta-para-poder-darlle-novos-usos\\\/\"},\"author\":{\"name\":\"Redacci\u00f3n A Nova Peneira\",\"@id\":\"https:\\\/\\\/www.anovapeneira.gal\\\/#\\\/schema\\\/person\\\/b93e3f8932e3f8da96334607eb6ac6aa\"},\"headline\":\"Salceda solicitar\u00e1 a desafectaci\u00f3n da aula de Revolta para poder darlle novos usos\",\"datePublished\":\"2019-08-22T12:00:45+00:00\",\"mainEntityOfPage\":{\"@id\":\"https:\\\/\\\/www.anovapeneira.gal\\\/index.php\\\/2019\\\/08\\\/22\\\/salceda-solicitara-a-desafectacion-da-aula-de-revolta-para-poder-darlle-novos-usos\\\/\"},\"wordCount\":272,\"commentCount\":0,\"publisher\":{\"@id\":\"https:\\\/\\\/www.anovapeneira.gal\\\/#organization\"},\"image\":{\"@id\":\"https:\\\/\\\/www.anovapeneira.gal\\\/index.php\\\/2019\\\/08\\\/22\\\/salceda-solicitara-a-desafectacion-da-aula-de-revolta-para-poder-darlle-novos-usos\\\/#primaryimage\"},\"thumbnailUrl\":\"https:\\\/\\\/www.anovapeneira.gal\\\/wp-content\\\/uploads\\\/2019\\\/08\\\/salceda_a_nova_peneira.jpg\",\"keywords\":[\"Concello de Salceda de Caselas\",\"Escola de Revolta\",\"Escola de Vendanova\",\"Parroqu\u00eda de Parderrubias\"],\"articleSection\":[\"A Louri\u00f1a\"],\"inLanguage\":\"gl-ES\",\"potentialAction\":[{\"@type\":\"CommentAction\",\"name\":\"Comment\",\"target\":[\"https:\\\/\\\/www.anovapeneira.gal\\\/index.php\\\/2019\\\/08\\\/22\\\/salceda-solicitara-a-desafectacion-da-aula-de-revolta-para-poder-darlle-novos-usos\\\/#respond\"]}]},{\"@type\":\"WebPage\",\"@id\":\"https:\\\/\\\/www.anovapeneira.gal\\\/index.php\\\/2019\\\/08\\\/22\\\/salceda-solicitara-a-desafectacion-da-aula-de-revolta-para-poder-darlle-novos-usos\\\/\",\"url\":\"https:\\\/\\\/www.anovapeneira.gal\\\/index.php\\\/2019\\\/08\\\/22\\\/salceda-solicitara-a-desafectacion-da-aula-de-revolta-para-poder-darlle-novos-usos\\\/\",\"name\":\"Salceda solicitar\u00e1 a desafectaci\u00f3n da aula de Revolta para poder darlle novos usos -\",\"isPartOf\":{\"@id\":\"https:\\\/\\\/www.anovapeneira.gal\\\/#website\"},\"primaryImageOfPage\":{\"@id\":\"https:\\\/\\\/www.anovapeneira.gal\\\/index.php\\\/2019\\\/08\\\/22\\\/salceda-solicitara-a-desafectacion-da-aula-de-revolta-para-poder-darlle-novos-usos\\\/#primaryimage\"},\"image\":{\"@id\":\"https:\\\/\\\/www.anovapeneira.gal\\\/index.php\\\/2019\\\/08\\\/22\\\/salceda-solicitara-a-desafectacion-da-aula-de-revolta-para-poder-darlle-novos-usos\\\/#primaryimage\"},\"thumbnailUrl\":\"https:\\\/\\\/www.anovapeneira.gal\\\/wp-content\\\/uploads\\\/2019\\\/08\\\/salceda_a_nova_peneira.jpg\",\"datePublished\":\"2019-08-22T12:00:45+00:00\",\"breadcrumb\":{\"@id\":\"https:\\\/\\\/www.anovapeneira.gal\\\/index.php\\\/2019\\\/08\\\/22\\\/salceda-solicitara-a-desafectacion-da-aula-de-revolta-para-poder-darlle-novos-usos\\\/#breadcrumb\"},\"inLanguage\":\"gl-ES\",\"potentialAction\":[{\"@type\":\"ReadAction\",\"target\":[\"https:\\\/\\\/www.anovapeneira.gal\\\/index.php\\\/2019\\\/08\\\/22\\\/salceda-solicitara-a-desafectacion-da-aula-de-revolta-para-poder-darlle-novos-usos\\\/\"]}]},{\"@type\":\"ImageObject\",\"inLanguage\":\"gl-ES\",\"@id\":\"https:\\\/\\\/www.anovapeneira.gal\\\/index.php\\\/2019\\\/08\\\/22\\\/salceda-solicitara-a-desafectacion-da-aula-de-revolta-para-poder-darlle-novos-usos\\\/#primaryimage\",\"url\":\"https:\\\/\\\/www.anovapeneira.gal\\\/wp-content\\\/uploads\\\/2019\\\/08\\\/salceda_a_nova_peneira.jpg\",\"contentUrl\":\"https:\\\/\\\/www.anovapeneira.gal\\\/wp-content\\\/uploads\\\/2019\\\/08\\\/salceda_a_nova_peneira.jpg\",\"width\":720,\"height\":473,\"caption\":\"Concello de Salceda de Caselas A Nova Peneira\"},{\"@type\":\"BreadcrumbList\",\"@id\":\"https:\\\/\\\/www.anovapeneira.gal\\\/index.php\\\/2019\\\/08\\\/22\\\/salceda-solicitara-a-desafectacion-da-aula-de-revolta-para-poder-darlle-novos-usos\\\/#breadcrumb\",\"itemListElement\":[{\"@type\":\"ListItem\",\"position\":1,\"name\":\"Portada\",\"item\":\"https:\\\/\\\/www.anovapeneira.gal\\\/\"},{\"@type\":\"ListItem\",\"position\":2,\"name\":\"Salceda solicitar\u00e1 a desafectaci\u00f3n da aula de Revolta para poder darlle novos usos\"}]},{\"@type\":\"WebSite\",\"@id\":\"https:\\\/\\\/www.anovapeneira.gal\\\/#website\",\"url\":\"https:\\\/\\\/www.anovapeneira.gal\\\/\",\"name\":\"\",\"description\":\"Xornal galego de informaci\u00f3n xeral Publicaci\u00f3n mensual de novas de Galicia e en especial dos Concellos da sur da provincia de Pontevedra.\",\"publisher\":{\"@id\":\"https:\\\/\\\/www.anovapeneira.gal\\\/#organization\"},\"potentialAction\":[{\"@type\":\"SearchAction\",\"target\":{\"@type\":\"EntryPoint\",\"urlTemplate\":\"https:\\\/\\\/www.anovapeneira.gal\\\/?s={search_term_string}\"},\"query-input\":{\"@type\":\"PropertyValueSpecification\",\"valueRequired\":true,\"valueName\":\"search_term_string\"}}],\"inLanguage\":\"gl-ES\"},{\"@type\":\"Organization\",\"@id\":\"https:\\\/\\\/www.anovapeneira.gal\\\/#organization\",\"name\":\"A Nova Peneira\",\"url\":\"https:\\\/\\\/www.anovapeneira.gal\\\/\",\"logo\":{\"@type\":\"ImageObject\",\"inLanguage\":\"gl-ES\",\"@id\":\"https:\\\/\\\/www.anovapeneira.gal\\\/#\\\/schema\\\/logo\\\/image\\\/\",\"url\":\"http:\\\/\\\/www.anovapeneira.gal\\\/wp-content\\\/uploads\\\/2019\\\/06\\\/logo_a_nova_peneira_portal_web.png\",\"contentUrl\":\"http:\\\/\\\/www.anovapeneira.gal\\\/wp-content\\\/uploads\\\/2019\\\/06\\\/logo_a_nova_peneira_portal_web.png\",\"width\":300,\"height\":100,\"caption\":\"A Nova Peneira\"},\"image\":{\"@id\":\"https:\\\/\\\/www.anovapeneira.gal\\\/#\\\/schema\\\/logo\\\/image\\\/\"},\"sameAs\":[\"https:\\\/\\\/www.facebook.com\\\/anovapeneira\",\"https:\\\/\\\/x.com\\\/APeneira\"]},{\"@type\":\"Person\",\"@id\":\"https:\\\/\\\/www.anovapeneira.gal\\\/#\\\/schema\\\/person\\\/b93e3f8932e3f8da96334607eb6ac6aa\",\"name\":\"Redacci\u00f3n A Nova Peneira\",\"image\":{\"@type\":\"ImageObject\",\"inLanguage\":\"gl-ES\",\"@id\":\"https:\\\/\\\/secure.gravatar.com\\\/avatar\\\/c052a2551a06e23fac63626232eaa90abd78dbcf1700fc46a2b2c89fd27b735f?s=96&d=mm&r=g\",\"url\":\"https:\\\/\\\/secure.gravatar.com\\\/avatar\\\/c052a2551a06e23fac63626232eaa90abd78dbcf1700fc46a2b2c89fd27b735f?s=96&d=mm&r=g\",\"contentUrl\":\"https:\\\/\\\/secure.gravatar.com\\\/avatar\\\/c052a2551a06e23fac63626232eaa90abd78dbcf1700fc46a2b2c89fd27b735f?s=96&d=mm&r=g\",\"caption\":\"Redacci\u00f3n A Nova Peneira\"},\"sameAs\":[\"http:\\\/\\\/www.anovapeneira.gal\\\/\"],\"url\":\"https:\\\/\\\/www.anovapeneira.gal\\\/index.php\\\/author\\\/redactor\\\/\"}]}<\/script>\n<!-- \/ Yoast SEO plugin. -->","yoast_head_json":{"title":"Salceda solicitar\u00e1 a desafectaci\u00f3n da aula de Revolta para poder darlle novos usos -","robots":{"index":"index","follow":"follow","max-snippet":"max-snippet:-1","max-image-preview":"max-image-preview:large","max-video-preview":"max-video-preview:-1"},"canonical":"https:\/\/www.anovapeneira.gal\/index.php\/2019\/08\/22\/salceda-solicitara-a-desafectacion-da-aula-de-revolta-para-poder-darlle-novos-usos\/","og_locale":"gl_ES","og_type":"article","og_title":"Salceda solicitar\u00e1 a desafectaci\u00f3n da aula de Revolta para poder darlle novos usos -","og_description":"O Equipo de Goberno de Salceda levar\u00e1 ao Pleno ordinario do mes de agosto a solicitude de desafectaci\u00f3n da que foi a escola de Revolta, na parroquia de Parderrubias [...]","og_url":"https:\/\/www.anovapeneira.gal\/index.php\/2019\/08\/22\/salceda-solicitara-a-desafectacion-da-aula-de-revolta-para-poder-darlle-novos-usos\/","article_publisher":"https:\/\/www.facebook.com\/anovapeneira","article_published_time":"2019-08-22T12:00:45+00:00","og_image":[{"width":720,"height":473,"url":"https:\/\/www.anovapeneira.gal\/wp-content\/uploads\/2019\/08\/salceda_a_nova_peneira.jpg","type":"image\/jpeg"}],"author":"Redacci\u00f3n A Nova Peneira","twitter_card":"summary_large_image","twitter_creator":"@APeneira","twitter_site":"@APeneira","twitter_misc":{"Escrito por":"Redacci\u00f3n A Nova Peneira","Tempo de lectura":"1 minuto"},"schema":{"@context":"https:\/\/schema.org","@graph":[{"@type":"Article","@id":"https:\/\/www.anovapeneira.gal\/index.php\/2019\/08\/22\/salceda-solicitara-a-desafectacion-da-aula-de-revolta-para-poder-darlle-novos-usos\/#article","isPartOf":{"@id":"https:\/\/www.anovapeneira.gal\/index.php\/2019\/08\/22\/salceda-solicitara-a-desafectacion-da-aula-de-revolta-para-poder-darlle-novos-usos\/"},"author":{"name":"Redacci\u00f3n A Nova Peneira","@id":"https:\/\/www.anovapeneira.gal\/#\/schema\/person\/b93e3f8932e3f8da96334607eb6ac6aa"},"headline":"Salceda solicitar\u00e1 a desafectaci\u00f3n da aula de Revolta para poder darlle novos usos","datePublished":"2019-08-22T12:00:45+00:00","mainEntityOfPage":{"@id":"https:\/\/www.anovapeneira.gal\/index.php\/2019\/08\/22\/salceda-solicitara-a-desafectacion-da-aula-de-revolta-para-poder-darlle-novos-usos\/"},"wordCount":272,"commentCount":0,"publisher":{"@id":"https:\/\/www.anovapeneira.gal\/#organization"},"image":{"@id":"https:\/\/www.anovapeneira.gal\/index.php\/2019\/08\/22\/salceda-solicitara-a-desafectacion-da-aula-de-revolta-para-poder-darlle-novos-usos\/#primaryimage"},"thumbnailUrl":"https:\/\/www.anovapeneira.gal\/wp-content\/uploads\/2019\/08\/salceda_a_nova_peneira.jpg","keywords":["Concello de Salceda de Caselas","Escola de Revolta","Escola de Vendanova","Parroqu\u00eda de Parderrubias"],"articleSection":["A Louri\u00f1a"],"inLanguage":"gl-ES","potentialAction":[{"@type":"CommentAction","name":"Comment","target":["https:\/\/www.anovapeneira.gal\/index.php\/2019\/08\/22\/salceda-solicitara-a-desafectacion-da-aula-de-revolta-para-poder-darlle-novos-usos\/#respond"]}]},{"@type":"WebPage","@id":"https:\/\/www.anovapeneira.gal\/index.php\/2019\/08\/22\/salceda-solicitara-a-desafectacion-da-aula-de-revolta-para-poder-darlle-novos-usos\/","url":"https:\/\/www.anovapeneira.gal\/index.php\/2019\/08\/22\/salceda-solicitara-a-desafectacion-da-aula-de-revolta-para-poder-darlle-novos-usos\/","name":"Salceda solicitar\u00e1 a desafectaci\u00f3n da aula de Revolta para poder darlle novos usos -","isPartOf":{"@id":"https:\/\/www.anovapeneira.gal\/#website"},"primaryImageOfPage":{"@id":"https:\/\/www.anovapeneira.gal\/index.php\/2019\/08\/22\/salceda-solicitara-a-desafectacion-da-aula-de-revolta-para-poder-darlle-novos-usos\/#primaryimage"},"image":{"@id":"https:\/\/www.anovapeneira.gal\/index.php\/2019\/08\/22\/salceda-solicitara-a-desafectacion-da-aula-de-revolta-para-poder-darlle-novos-usos\/#primaryimage"},"thumbnailUrl":"https:\/\/www.anovapeneira.gal\/wp-content\/uploads\/2019\/08\/salceda_a_nova_peneira.jpg","datePublished":"2019-08-22T12:00:45+00:00","breadcrumb":{"@id":"https:\/\/www.anovapeneira.gal\/index.php\/2019\/08\/22\/salceda-solicitara-a-desafectacion-da-aula-de-revolta-para-poder-darlle-novos-usos\/#breadcrumb"},"inLanguage":"gl-ES","potentialAction":[{"@type":"ReadAction","target":["https:\/\/www.anovapeneira.gal\/index.php\/2019\/08\/22\/salceda-solicitara-a-desafectacion-da-aula-de-revolta-para-poder-darlle-novos-usos\/"]}]},{"@type":"ImageObject","inLanguage":"gl-ES","@id":"https:\/\/www.anovapeneira.gal\/index.php\/2019\/08\/22\/salceda-solicitara-a-desafectacion-da-aula-de-revolta-para-poder-darlle-novos-usos\/#primaryimage","url":"https:\/\/www.anovapeneira.gal\/wp-content\/uploads\/2019\/08\/salceda_a_nova_peneira.jpg","contentUrl":"https:\/\/www.anovapeneira.gal\/wp-content\/uploads\/2019\/08\/salceda_a_nova_peneira.jpg","width":720,"height":473,"caption":"Concello de Salceda de Caselas A Nova Peneira"},{"@type":"BreadcrumbList","@id":"https:\/\/www.anovapeneira.gal\/index.php\/2019\/08\/22\/salceda-solicitara-a-desafectacion-da-aula-de-revolta-para-poder-darlle-novos-usos\/#breadcrumb","itemListElement":[{"@type":"ListItem","position":1,"name":"Portada","item":"https:\/\/www.anovapeneira.gal\/"},{"@type":"ListItem","position":2,"name":"Salceda solicitar\u00e1 a desafectaci\u00f3n da aula de Revolta para poder darlle novos usos"}]},{"@type":"WebSite","@id":"https:\/\/www.anovapeneira.gal\/#website","url":"https:\/\/www.anovapeneira.gal\/","name":"","description":"Xornal galego de informaci\u00f3n xeral Publicaci\u00f3n mensual de novas de Galicia e en especial dos Concellos da sur da provincia de Pontevedra.","publisher":{"@id":"https:\/\/www.anovapeneira.gal\/#organization"},"potentialAction":[{"@type":"SearchAction","target":{"@type":"EntryPoint","urlTemplate":"https:\/\/www.anovapeneira.gal\/?s={search_term_string}"},"query-input":{"@type":"PropertyValueSpecification","valueRequired":true,"valueName":"search_term_string"}}],"inLanguage":"gl-ES"},{"@type":"Organization","@id":"https:\/\/www.anovapeneira.gal\/#organization","name":"A Nova Peneira","url":"https:\/\/www.anovapeneira.gal\/","logo":{"@type":"ImageObject","inLanguage":"gl-ES","@id":"https:\/\/www.anovapeneira.gal\/#\/schema\/logo\/image\/","url":"http:\/\/www.anovapeneira.gal\/wp-content\/uploads\/2019\/06\/logo_a_nova_peneira_portal_web.png","contentUrl":"http:\/\/www.anovapeneira.gal\/wp-content\/uploads\/2019\/06\/logo_a_nova_peneira_portal_web.png","width":300,"height":100,"caption":"A Nova Peneira"},"image":{"@id":"https:\/\/www.anovapeneira.gal\/#\/schema\/logo\/image\/"},"sameAs":["https:\/\/www.facebook.com\/anovapeneira","https:\/\/x.com\/APeneira"]},{"@type":"Person","@id":"https:\/\/www.anovapeneira.gal\/#\/schema\/person\/b93e3f8932e3f8da96334607eb6ac6aa","name":"Redacci\u00f3n A Nova Peneira","image":{"@type":"ImageObject","inLanguage":"gl-ES","@id":"https:\/\/secure.gravatar.com\/avatar\/c052a2551a06e23fac63626232eaa90abd78dbcf1700fc46a2b2c89fd27b735f?s=96&d=mm&r=g","url":"https:\/\/secure.gravatar.com\/avatar\/c052a2551a06e23fac63626232eaa90abd78dbcf1700fc46a2b2c89fd27b735f?s=96&d=mm&r=g","contentUrl":"https:\/\/secure.gravatar.com\/avatar\/c052a2551a06e23fac63626232eaa90abd78dbcf1700fc46a2b2c89fd27b735f?s=96&d=mm&r=g","caption":"Redacci\u00f3n A Nova Peneira"},"sameAs":["http:\/\/www.anovapeneira.gal\/"],"url":"https:\/\/www.anovapeneira.gal\/index.php\/author\/redactor\/"}]}},"jetpack_featured_media_url":"https:\/\/www.anovapeneira.gal\/wp-content\/uploads\/2019\/08\/salceda_a_nova_peneira.jpg","_links":{"self":[{"href":"https:\/\/www.anovapeneira.gal\/index.php\/wp-json\/wp\/v2\/posts\/1002","targetHints":{"allow":["GET"]}}],"collection":[{"href":"https:\/\/www.anovapeneira.gal\/index.php\/wp-json\/wp\/v2\/posts"}],"about":[{"href":"https:\/\/www.anovapeneira.gal\/index.php\/wp-json\/wp\/v2\/types\/post"}],"author":[{"embeddable":true,"href":"https:\/\/www.anovapeneira.gal\/index.php\/wp-json\/wp\/v2\/users\/3"}],"replies":[{"embeddable":true,"href":"https:\/\/www.anovapeneira.gal\/index.php\/wp-json\/wp\/v2\/comments?post=1002"}],"version-history":[{"count":1,"href":"https:\/\/www.anovapeneira.gal\/index.php\/wp-json\/wp\/v2\/posts\/1002\/revisions"}],"predecessor-version":[{"id":1004,"href":"https:\/\/www.anovapeneira.gal\/index.php\/wp-json\/wp\/v2\/posts\/1002\/revisions\/1004"}],"wp:featuredmedia":[{"embeddable":true,"href":"https:\/\/www.anovapeneira.gal\/index.php\/wp-json\/wp\/v2\/media\/1003"}],"wp:attachment":[{"href":"https:\/\/www.anovapeneira.gal\/index.php\/wp-json\/wp\/v2\/media?parent=1002"}],"wp:term":[{"taxonomy":"category","embeddable":true,"href":"https:\/\/www.anovapeneira.gal\/index.php\/wp-json\/wp\/v2\/categories?post=1002"},{"taxonomy":"post_tag","embeddable":true,"href":"https:\/\/www.anovapeneira.gal\/index.php\/wp-json\/wp\/v2\/tags?post=1002"}],"curies":[{"name":"wp","href":"https:\/\/api.w.org\/{rel}","templated":true}]}}