{"id":10046,"date":"2023-06-28T12:00:03","date_gmt":"2023-06-28T10:00:03","guid":{"rendered":"https:\/\/www.anovapeneira.gal\/?p=10046"},"modified":"2023-06-27T10:42:26","modified_gmt":"2023-06-27T08:42:26","slug":"o-alcalde-de-nigran-acorda-a-organizacion-politica-do-seu-terceiro-goberno","status":"publish","type":"post","link":"https:\/\/www.anovapeneira.gal\/index.php\/2023\/06\/28\/o-alcalde-de-nigran-acorda-a-organizacion-politica-do-seu-terceiro-goberno\/","title":{"rendered":"O alcalde de Nigr\u00e1n acorda a organizaci\u00f3n pol\u00edtica do seu terceiro goberno"},"content":{"rendered":"\n<h2 class=\"wp-block-heading\"><strong>Gonz\u00e1lez d\u00e1 responsabilidades aos seus 10 concelleiros e mant\u00e9n un organigrama moi similar engadindo novas \u00e1reas, como Vivenda ou Accesibilidade<\/strong><\/h2>\n\n\n\n<p><strong>Asumir\u00e1 persoalmente Turismo, Econom\u00eda e Facenda e delegar\u00e1 Cultura e Desenvolvemento Sostible en Roberto Garrido<\/strong><\/p>\n\n\n\n<p>\u201c<strong>A estrutura mantense case igual porque ten demostrado o seu bo funcionamento os pasados catro anos, por iso repetimos cunha ampla maior\u00eda absoluta\u201d, explica<\/strong><\/p>\n\n\n\n<p><em><strong>Nigr\u00e1n, 23\/06\/23.-<\/strong><\/em> O alcalde de Nigr\u00e1n, Juan Gonz\u00e1lez, determinou a organizaci\u00f3n pol\u00edtica do novo goberno mantendo unha estrutura moi similar \u00e1 dos pasados catro anos e outorgando responsabilidades aos seus 11 compo\u00f1entes \u00e1 espera de ratificalo nun vindeiro pleno (pendente de convocarse nos vindeiros d\u00edas).<\/p>\n\n\n\n<p>A principal novidade reside en que el asumir\u00e1 directamente Turismo, Econom\u00eda e Facenda e delegar\u00e1 Desenvolvemento Sostible (con especial atenci\u00f3n ao programa \u2018V\u00eda Bici\u2019) a Roberto Garrido, edil de nova incorporaci\u00f3n licenciado en Historia e que tam\u00e9n xestionar\u00e1 Cultura. Pola s\u00faa banda, o primeiro teniente de Alcalde, Rub\u00e9n Rial, repetir\u00e1 coa s\u00faa conceller\u00eda de V\u00edas e Obras, Servizos Urbanos e Seguridade a sumar\u00e1 a \u00e1rea de Contrataci\u00f3n; mentres que Diego Garc\u00eda, segundo teniente de Alcalde, engadir\u00e1 tam\u00e9n d\u00faas novas \u00e1reas, Vivenda e Xesti\u00f3n Municipal, a Urbanismo, Medio Ambiente e Recursos Humanos. \u201cAs tenencias de alcald\u00eda son d\u00faas conceller\u00edas de moit\u00edsimo peso, con persoas que levan no goberno desde 2015, e considero que deste xeito se axustan m\u00e1is a\u00ednda ao seu eido de actuaci\u00f3n natural\u201d, explica o rexedor, quen defende a novidade de \u2018Vivenda\u2019 como un apartado especialmente relevante \u201ctendo en conta a pr\u00f3xima aprobaci\u00f3n do PXOM e a necesidade que ten a xuventude de Nigr\u00e1n de acceder a vivenda social\u201d. Outro dos cambios \u00e9 que a edil Cristina Dosil pasar\u00e1 a levar Relaci\u00f3ns Veci\u00f1ais, Xuventude, Festexos Populares e Comercio, carteiras repartidas antes entre diferentes concellal\u00edas e que agora concentrar\u00e1 ela soa.<\/p>\n\n\n\n<p>Por outra banda, como xa anunciara, as d\u00faas novas ediles Estela P\u00e9rez e Sara Penedo, licenciadas en Maxisterio e Ciencias da Actividade F\u00edsica e o Deporte respectivamente, asumir\u00e1n \u00e1reas relacionadas directamente coa s\u00faa formaci\u00f3n acad\u00e9mica: Penedo Deportes, relevando a Luis Sanrom\u00e1n ao fronte desde 2015; e P\u00e9rez, Educaci\u00f3n, relevando a Marina Vidal. Ademais, esta \u00faltima (quen xa fora concelleira co socialista Efr\u00e9n Juanes como alcalde) xestionar\u00e1 tam\u00e9n Emprego tendo en conta a especial importancia que a formaci\u00f3n ten nesta \u00e1rea e un novo eido, \u2018Accesibilidade\u2019, xurdido por vez primeira como un apartado espec\u00edfico no que se concentrar\u00e1 boa parte da pol\u00edtica de \u2018Un Nigr\u00e1n para todos\u2019.<\/p>\n\n\n\n<p>O resto do goberno mantense moi similar con Bibiana Peixoto sumando a Servizos Socials, Participaci\u00f3n Cidad\u00e1; Mar\u00eda May\u00e1n repetindo con Terceira Idade; Patricia Diego con Igualdade e Voluntariado; e Alfonso V\u00e1zquez con Sanidade, Abastos, Mercados e Turismo Social.<\/p>\n\n\n\n<p>\u201cA estrutura mantense case igual porque ten demostrado o seu bo funcionamento os pasados catro anos, por iso repetimos cunha ampla maior\u00eda absoluta\u201d, explica Gonz\u00e1lez, quen presidir\u00e1 unha corporaci\u00f3n formada polos 11 representantes do PSOE no goberno, e na oposici\u00f3n, 5 do PP e 1 do BNG.<\/p>\n\n\n\n<p>Pola s\u00faa banda, \u00e1 espera da configuraci\u00f3n definitiva da Deputaci\u00f3n Provincial, contin\u00faan igual as tres dedicaci\u00f3ns exclusivas (alcalde e as d\u00faas tenencias de alcald\u00eda) e creanse cinco postos de media dedicaci\u00f3n correspondentes a Estela P\u00e9rez, Bibiana Peixoto, Cristina Dosil, Patricia Diego e Mar\u00eda May\u00e1n.<\/p>\n","protected":false},"excerpt":{"rendered":"<div class=\"mh-excerpt\"><p>Gonz\u00e1lez d\u00e1 responsabilidades aos seus 10 concelleiros e mant\u00e9n un organigrama moi similar engadindo novas \u00e1reas, como Vivenda ou Accesibilidade <a class=\"mh-excerpt-more\" href=\"https:\/\/www.anovapeneira.gal\/index.php\/2023\/06\/28\/o-alcalde-de-nigran-acorda-a-organizacion-politica-do-seu-terceiro-goberno\/\" title=\"O alcalde de Nigr\u00e1n acorda a organizaci\u00f3n pol\u00edtica do seu terceiro goberno\">[&#8230;]<\/a><\/p>\n<\/div>","protected":false},"author":3,"featured_media":10047,"comment_status":"open","ping_status":"open","sticky":false,"template":"","format":"standard","meta":{"_exactmetrics_skip_tracking":false,"_exactmetrics_sitenote_active":false,"_exactmetrics_sitenote_note":"","_exactmetrics_sitenote_category":0,"footnotes":""},"categories":[20],"tags":[135],"class_list":{"0":"post-10046","1":"post","2":"type-post","3":"status-publish","4":"format-standard","5":"has-post-thumbnail","7":"category-val-minor","8":"tag-concello-de-nigran"},"yoast_head":"<!-- This site is optimized with the Yoast SEO plugin v27.4 - https:\/\/yoast.com\/product\/yoast-seo-wordpress\/ -->\n<title>O alcalde de Nigr\u00e1n acorda a organizaci\u00f3n pol\u00edtica do seu terceiro goberno -<\/title>\n<meta name=\"description\" content=\"Gonz\u00e1lez d\u00e1 responsabilidades aos seus 10 concelleiros e mant\u00e9n un organigrama moi similar engadindo novas \u00e1reas, como Vivenda ou Accesibilidade\" \/>\n<meta name=\"robots\" content=\"index, follow, max-snippet:-1, max-image-preview:large, max-video-preview:-1\" \/>\n<link rel=\"canonical\" href=\"https:\/\/www.anovapeneira.gal\/index.php\/2023\/06\/28\/o-alcalde-de-nigran-acorda-a-organizacion-politica-do-seu-terceiro-goberno\/\" \/>\n<meta property=\"og:locale\" content=\"gl_ES\" \/>\n<meta property=\"og:type\" content=\"article\" \/>\n<meta property=\"og:title\" content=\"O alcalde de Nigr\u00e1n acorda a organizaci\u00f3n pol\u00edtica do seu terceiro goberno -\" \/>\n<meta property=\"og:description\" content=\"Gonz\u00e1lez d\u00e1 responsabilidades aos seus 10 concelleiros e mant\u00e9n un organigrama moi similar engadindo novas \u00e1reas, como Vivenda ou Accesibilidade\" \/>\n<meta property=\"og:url\" content=\"https:\/\/www.anovapeneira.gal\/index.php\/2023\/06\/28\/o-alcalde-de-nigran-acorda-a-organizacion-politica-do-seu-terceiro-goberno\/\" \/>\n<meta property=\"article:publisher\" content=\"https:\/\/www.facebook.com\/anovapeneira\" \/>\n<meta property=\"article:published_time\" content=\"2023-06-28T10:00:03+00:00\" \/>\n<meta property=\"og:image\" content=\"https:\/\/www.anovapeneira.gal\/wp-content\/uploads\/2023\/06\/goberno_nigran.jpg\" \/>\n\t<meta property=\"og:image:width\" content=\"720\" \/>\n\t<meta property=\"og:image:height\" content=\"432\" \/>\n\t<meta property=\"og:image:type\" content=\"image\/jpeg\" \/>\n<meta name=\"author\" content=\"Redacci\u00f3n A Nova Peneira\" \/>\n<meta name=\"twitter:card\" content=\"summary_large_image\" \/>\n<meta name=\"twitter:creator\" content=\"@APeneira\" \/>\n<meta name=\"twitter:site\" content=\"@APeneira\" \/>\n<meta name=\"twitter:label1\" content=\"Escrito por\" \/>\n\t<meta name=\"twitter:data1\" content=\"Redacci\u00f3n A Nova Peneira\" \/>\n\t<meta name=\"twitter:label2\" content=\"Tempo de lectura\" \/>\n\t<meta name=\"twitter:data2\" content=\"3 minutos\" \/>\n<script type=\"application\/ld+json\" class=\"yoast-schema-graph\">{\"@context\":\"https:\\\/\\\/schema.org\",\"@graph\":[{\"@type\":\"Article\",\"@id\":\"https:\\\/\\\/www.anovapeneira.gal\\\/index.php\\\/2023\\\/06\\\/28\\\/o-alcalde-de-nigran-acorda-a-organizacion-politica-do-seu-terceiro-goberno\\\/#article\",\"isPartOf\":{\"@id\":\"https:\\\/\\\/www.anovapeneira.gal\\\/index.php\\\/2023\\\/06\\\/28\\\/o-alcalde-de-nigran-acorda-a-organizacion-politica-do-seu-terceiro-goberno\\\/\"},\"author\":{\"name\":\"Redacci\u00f3n A Nova Peneira\",\"@id\":\"https:\\\/\\\/www.anovapeneira.gal\\\/#\\\/schema\\\/person\\\/b93e3f8932e3f8da96334607eb6ac6aa\"},\"headline\":\"O alcalde de Nigr\u00e1n acorda a organizaci\u00f3n pol\u00edtica do seu terceiro goberno\",\"datePublished\":\"2023-06-28T10:00:03+00:00\",\"mainEntityOfPage\":{\"@id\":\"https:\\\/\\\/www.anovapeneira.gal\\\/index.php\\\/2023\\\/06\\\/28\\\/o-alcalde-de-nigran-acorda-a-organizacion-politica-do-seu-terceiro-goberno\\\/\"},\"wordCount\":608,\"commentCount\":0,\"publisher\":{\"@id\":\"https:\\\/\\\/www.anovapeneira.gal\\\/#organization\"},\"image\":{\"@id\":\"https:\\\/\\\/www.anovapeneira.gal\\\/index.php\\\/2023\\\/06\\\/28\\\/o-alcalde-de-nigran-acorda-a-organizacion-politica-do-seu-terceiro-goberno\\\/#primaryimage\"},\"thumbnailUrl\":\"https:\\\/\\\/www.anovapeneira.gal\\\/wp-content\\\/uploads\\\/2023\\\/06\\\/goberno_nigran.jpg\",\"keywords\":[\"Concello de Nigr\u00e1n\"],\"articleSection\":[\"Val Mi\u00f1or\"],\"inLanguage\":\"gl-ES\",\"potentialAction\":[{\"@type\":\"CommentAction\",\"name\":\"Comment\",\"target\":[\"https:\\\/\\\/www.anovapeneira.gal\\\/index.php\\\/2023\\\/06\\\/28\\\/o-alcalde-de-nigran-acorda-a-organizacion-politica-do-seu-terceiro-goberno\\\/#respond\"]}]},{\"@type\":\"WebPage\",\"@id\":\"https:\\\/\\\/www.anovapeneira.gal\\\/index.php\\\/2023\\\/06\\\/28\\\/o-alcalde-de-nigran-acorda-a-organizacion-politica-do-seu-terceiro-goberno\\\/\",\"url\":\"https:\\\/\\\/www.anovapeneira.gal\\\/index.php\\\/2023\\\/06\\\/28\\\/o-alcalde-de-nigran-acorda-a-organizacion-politica-do-seu-terceiro-goberno\\\/\",\"name\":\"O alcalde de Nigr\u00e1n acorda a organizaci\u00f3n pol\u00edtica do seu terceiro goberno -\",\"isPartOf\":{\"@id\":\"https:\\\/\\\/www.anovapeneira.gal\\\/#website\"},\"primaryImageOfPage\":{\"@id\":\"https:\\\/\\\/www.anovapeneira.gal\\\/index.php\\\/2023\\\/06\\\/28\\\/o-alcalde-de-nigran-acorda-a-organizacion-politica-do-seu-terceiro-goberno\\\/#primaryimage\"},\"image\":{\"@id\":\"https:\\\/\\\/www.anovapeneira.gal\\\/index.php\\\/2023\\\/06\\\/28\\\/o-alcalde-de-nigran-acorda-a-organizacion-politica-do-seu-terceiro-goberno\\\/#primaryimage\"},\"thumbnailUrl\":\"https:\\\/\\\/www.anovapeneira.gal\\\/wp-content\\\/uploads\\\/2023\\\/06\\\/goberno_nigran.jpg\",\"datePublished\":\"2023-06-28T10:00:03+00:00\",\"description\":\"Gonz\u00e1lez d\u00e1 responsabilidades aos seus 10 concelleiros e mant\u00e9n un organigrama moi similar engadindo novas \u00e1reas, como Vivenda ou Accesibilidade\",\"breadcrumb\":{\"@id\":\"https:\\\/\\\/www.anovapeneira.gal\\\/index.php\\\/2023\\\/06\\\/28\\\/o-alcalde-de-nigran-acorda-a-organizacion-politica-do-seu-terceiro-goberno\\\/#breadcrumb\"},\"inLanguage\":\"gl-ES\",\"potentialAction\":[{\"@type\":\"ReadAction\",\"target\":[\"https:\\\/\\\/www.anovapeneira.gal\\\/index.php\\\/2023\\\/06\\\/28\\\/o-alcalde-de-nigran-acorda-a-organizacion-politica-do-seu-terceiro-goberno\\\/\"]}]},{\"@type\":\"ImageObject\",\"inLanguage\":\"gl-ES\",\"@id\":\"https:\\\/\\\/www.anovapeneira.gal\\\/index.php\\\/2023\\\/06\\\/28\\\/o-alcalde-de-nigran-acorda-a-organizacion-politica-do-seu-terceiro-goberno\\\/#primaryimage\",\"url\":\"https:\\\/\\\/www.anovapeneira.gal\\\/wp-content\\\/uploads\\\/2023\\\/06\\\/goberno_nigran.jpg\",\"contentUrl\":\"https:\\\/\\\/www.anovapeneira.gal\\\/wp-content\\\/uploads\\\/2023\\\/06\\\/goberno_nigran.jpg\",\"width\":720,\"height\":432,\"caption\":\"Goberno Nigr\u00e1n\"},{\"@type\":\"BreadcrumbList\",\"@id\":\"https:\\\/\\\/www.anovapeneira.gal\\\/index.php\\\/2023\\\/06\\\/28\\\/o-alcalde-de-nigran-acorda-a-organizacion-politica-do-seu-terceiro-goberno\\\/#breadcrumb\",\"itemListElement\":[{\"@type\":\"ListItem\",\"position\":1,\"name\":\"Portada\",\"item\":\"https:\\\/\\\/www.anovapeneira.gal\\\/\"},{\"@type\":\"ListItem\",\"position\":2,\"name\":\"O alcalde de Nigr\u00e1n acorda a organizaci\u00f3n pol\u00edtica do seu terceiro goberno\"}]},{\"@type\":\"WebSite\",\"@id\":\"https:\\\/\\\/www.anovapeneira.gal\\\/#website\",\"url\":\"https:\\\/\\\/www.anovapeneira.gal\\\/\",\"name\":\"\",\"description\":\"Xornal galego de informaci\u00f3n xeral Publicaci\u00f3n mensual de novas de Galicia e en especial dos Concellos da sur da provincia de Pontevedra.\",\"publisher\":{\"@id\":\"https:\\\/\\\/www.anovapeneira.gal\\\/#organization\"},\"potentialAction\":[{\"@type\":\"SearchAction\",\"target\":{\"@type\":\"EntryPoint\",\"urlTemplate\":\"https:\\\/\\\/www.anovapeneira.gal\\\/?s={search_term_string}\"},\"query-input\":{\"@type\":\"PropertyValueSpecification\",\"valueRequired\":true,\"valueName\":\"search_term_string\"}}],\"inLanguage\":\"gl-ES\"},{\"@type\":\"Organization\",\"@id\":\"https:\\\/\\\/www.anovapeneira.gal\\\/#organization\",\"name\":\"A Nova Peneira\",\"url\":\"https:\\\/\\\/www.anovapeneira.gal\\\/\",\"logo\":{\"@type\":\"ImageObject\",\"inLanguage\":\"gl-ES\",\"@id\":\"https:\\\/\\\/www.anovapeneira.gal\\\/#\\\/schema\\\/logo\\\/image\\\/\",\"url\":\"http:\\\/\\\/www.anovapeneira.gal\\\/wp-content\\\/uploads\\\/2019\\\/06\\\/logo_a_nova_peneira_portal_web.png\",\"contentUrl\":\"http:\\\/\\\/www.anovapeneira.gal\\\/wp-content\\\/uploads\\\/2019\\\/06\\\/logo_a_nova_peneira_portal_web.png\",\"width\":300,\"height\":100,\"caption\":\"A Nova Peneira\"},\"image\":{\"@id\":\"https:\\\/\\\/www.anovapeneira.gal\\\/#\\\/schema\\\/logo\\\/image\\\/\"},\"sameAs\":[\"https:\\\/\\\/www.facebook.com\\\/anovapeneira\",\"https:\\\/\\\/x.com\\\/APeneira\"]},{\"@type\":\"Person\",\"@id\":\"https:\\\/\\\/www.anovapeneira.gal\\\/#\\\/schema\\\/person\\\/b93e3f8932e3f8da96334607eb6ac6aa\",\"name\":\"Redacci\u00f3n A Nova Peneira\",\"image\":{\"@type\":\"ImageObject\",\"inLanguage\":\"gl-ES\",\"@id\":\"https:\\\/\\\/secure.gravatar.com\\\/avatar\\\/c052a2551a06e23fac63626232eaa90abd78dbcf1700fc46a2b2c89fd27b735f?s=96&d=mm&r=g\",\"url\":\"https:\\\/\\\/secure.gravatar.com\\\/avatar\\\/c052a2551a06e23fac63626232eaa90abd78dbcf1700fc46a2b2c89fd27b735f?s=96&d=mm&r=g\",\"contentUrl\":\"https:\\\/\\\/secure.gravatar.com\\\/avatar\\\/c052a2551a06e23fac63626232eaa90abd78dbcf1700fc46a2b2c89fd27b735f?s=96&d=mm&r=g\",\"caption\":\"Redacci\u00f3n A Nova Peneira\"},\"sameAs\":[\"http:\\\/\\\/www.anovapeneira.gal\\\/\"],\"url\":\"https:\\\/\\\/www.anovapeneira.gal\\\/index.php\\\/author\\\/redactor\\\/\"}]}<\/script>\n<!-- \/ Yoast SEO plugin. -->","yoast_head_json":{"title":"O alcalde de Nigr\u00e1n acorda a organizaci\u00f3n pol\u00edtica do seu terceiro goberno -","description":"Gonz\u00e1lez d\u00e1 responsabilidades aos seus 10 concelleiros e mant\u00e9n un organigrama moi similar engadindo novas \u00e1reas, como Vivenda ou Accesibilidade","robots":{"index":"index","follow":"follow","max-snippet":"max-snippet:-1","max-image-preview":"max-image-preview:large","max-video-preview":"max-video-preview:-1"},"canonical":"https:\/\/www.anovapeneira.gal\/index.php\/2023\/06\/28\/o-alcalde-de-nigran-acorda-a-organizacion-politica-do-seu-terceiro-goberno\/","og_locale":"gl_ES","og_type":"article","og_title":"O alcalde de Nigr\u00e1n acorda a organizaci\u00f3n pol\u00edtica do seu terceiro goberno -","og_description":"Gonz\u00e1lez d\u00e1 responsabilidades aos seus 10 concelleiros e mant\u00e9n un organigrama moi similar engadindo novas \u00e1reas, como Vivenda ou Accesibilidade","og_url":"https:\/\/www.anovapeneira.gal\/index.php\/2023\/06\/28\/o-alcalde-de-nigran-acorda-a-organizacion-politica-do-seu-terceiro-goberno\/","article_publisher":"https:\/\/www.facebook.com\/anovapeneira","article_published_time":"2023-06-28T10:00:03+00:00","og_image":[{"width":720,"height":432,"url":"https:\/\/www.anovapeneira.gal\/wp-content\/uploads\/2023\/06\/goberno_nigran.jpg","type":"image\/jpeg"}],"author":"Redacci\u00f3n A Nova Peneira","twitter_card":"summary_large_image","twitter_creator":"@APeneira","twitter_site":"@APeneira","twitter_misc":{"Escrito por":"Redacci\u00f3n A Nova Peneira","Tempo de lectura":"3 minutos"},"schema":{"@context":"https:\/\/schema.org","@graph":[{"@type":"Article","@id":"https:\/\/www.anovapeneira.gal\/index.php\/2023\/06\/28\/o-alcalde-de-nigran-acorda-a-organizacion-politica-do-seu-terceiro-goberno\/#article","isPartOf":{"@id":"https:\/\/www.anovapeneira.gal\/index.php\/2023\/06\/28\/o-alcalde-de-nigran-acorda-a-organizacion-politica-do-seu-terceiro-goberno\/"},"author":{"name":"Redacci\u00f3n A Nova Peneira","@id":"https:\/\/www.anovapeneira.gal\/#\/schema\/person\/b93e3f8932e3f8da96334607eb6ac6aa"},"headline":"O alcalde de Nigr\u00e1n acorda a organizaci\u00f3n pol\u00edtica do seu terceiro goberno","datePublished":"2023-06-28T10:00:03+00:00","mainEntityOfPage":{"@id":"https:\/\/www.anovapeneira.gal\/index.php\/2023\/06\/28\/o-alcalde-de-nigran-acorda-a-organizacion-politica-do-seu-terceiro-goberno\/"},"wordCount":608,"commentCount":0,"publisher":{"@id":"https:\/\/www.anovapeneira.gal\/#organization"},"image":{"@id":"https:\/\/www.anovapeneira.gal\/index.php\/2023\/06\/28\/o-alcalde-de-nigran-acorda-a-organizacion-politica-do-seu-terceiro-goberno\/#primaryimage"},"thumbnailUrl":"https:\/\/www.anovapeneira.gal\/wp-content\/uploads\/2023\/06\/goberno_nigran.jpg","keywords":["Concello de Nigr\u00e1n"],"articleSection":["Val Mi\u00f1or"],"inLanguage":"gl-ES","potentialAction":[{"@type":"CommentAction","name":"Comment","target":["https:\/\/www.anovapeneira.gal\/index.php\/2023\/06\/28\/o-alcalde-de-nigran-acorda-a-organizacion-politica-do-seu-terceiro-goberno\/#respond"]}]},{"@type":"WebPage","@id":"https:\/\/www.anovapeneira.gal\/index.php\/2023\/06\/28\/o-alcalde-de-nigran-acorda-a-organizacion-politica-do-seu-terceiro-goberno\/","url":"https:\/\/www.anovapeneira.gal\/index.php\/2023\/06\/28\/o-alcalde-de-nigran-acorda-a-organizacion-politica-do-seu-terceiro-goberno\/","name":"O alcalde de Nigr\u00e1n acorda a organizaci\u00f3n pol\u00edtica do seu terceiro goberno -","isPartOf":{"@id":"https:\/\/www.anovapeneira.gal\/#website"},"primaryImageOfPage":{"@id":"https:\/\/www.anovapeneira.gal\/index.php\/2023\/06\/28\/o-alcalde-de-nigran-acorda-a-organizacion-politica-do-seu-terceiro-goberno\/#primaryimage"},"image":{"@id":"https:\/\/www.anovapeneira.gal\/index.php\/2023\/06\/28\/o-alcalde-de-nigran-acorda-a-organizacion-politica-do-seu-terceiro-goberno\/#primaryimage"},"thumbnailUrl":"https:\/\/www.anovapeneira.gal\/wp-content\/uploads\/2023\/06\/goberno_nigran.jpg","datePublished":"2023-06-28T10:00:03+00:00","description":"Gonz\u00e1lez d\u00e1 responsabilidades aos seus 10 concelleiros e mant\u00e9n un organigrama moi similar engadindo novas \u00e1reas, como Vivenda ou Accesibilidade","breadcrumb":{"@id":"https:\/\/www.anovapeneira.gal\/index.php\/2023\/06\/28\/o-alcalde-de-nigran-acorda-a-organizacion-politica-do-seu-terceiro-goberno\/#breadcrumb"},"inLanguage":"gl-ES","potentialAction":[{"@type":"ReadAction","target":["https:\/\/www.anovapeneira.gal\/index.php\/2023\/06\/28\/o-alcalde-de-nigran-acorda-a-organizacion-politica-do-seu-terceiro-goberno\/"]}]},{"@type":"ImageObject","inLanguage":"gl-ES","@id":"https:\/\/www.anovapeneira.gal\/index.php\/2023\/06\/28\/o-alcalde-de-nigran-acorda-a-organizacion-politica-do-seu-terceiro-goberno\/#primaryimage","url":"https:\/\/www.anovapeneira.gal\/wp-content\/uploads\/2023\/06\/goberno_nigran.jpg","contentUrl":"https:\/\/www.anovapeneira.gal\/wp-content\/uploads\/2023\/06\/goberno_nigran.jpg","width":720,"height":432,"caption":"Goberno Nigr\u00e1n"},{"@type":"BreadcrumbList","@id":"https:\/\/www.anovapeneira.gal\/index.php\/2023\/06\/28\/o-alcalde-de-nigran-acorda-a-organizacion-politica-do-seu-terceiro-goberno\/#breadcrumb","itemListElement":[{"@type":"ListItem","position":1,"name":"Portada","item":"https:\/\/www.anovapeneira.gal\/"},{"@type":"ListItem","position":2,"name":"O alcalde de Nigr\u00e1n acorda a organizaci\u00f3n pol\u00edtica do seu terceiro goberno"}]},{"@type":"WebSite","@id":"https:\/\/www.anovapeneira.gal\/#website","url":"https:\/\/www.anovapeneira.gal\/","name":"","description":"Xornal galego de informaci\u00f3n xeral Publicaci\u00f3n mensual de novas de Galicia e en especial dos Concellos da sur da provincia de Pontevedra.","publisher":{"@id":"https:\/\/www.anovapeneira.gal\/#organization"},"potentialAction":[{"@type":"SearchAction","target":{"@type":"EntryPoint","urlTemplate":"https:\/\/www.anovapeneira.gal\/?s={search_term_string}"},"query-input":{"@type":"PropertyValueSpecification","valueRequired":true,"valueName":"search_term_string"}}],"inLanguage":"gl-ES"},{"@type":"Organization","@id":"https:\/\/www.anovapeneira.gal\/#organization","name":"A Nova Peneira","url":"https:\/\/www.anovapeneira.gal\/","logo":{"@type":"ImageObject","inLanguage":"gl-ES","@id":"https:\/\/www.anovapeneira.gal\/#\/schema\/logo\/image\/","url":"http:\/\/www.anovapeneira.gal\/wp-content\/uploads\/2019\/06\/logo_a_nova_peneira_portal_web.png","contentUrl":"http:\/\/www.anovapeneira.gal\/wp-content\/uploads\/2019\/06\/logo_a_nova_peneira_portal_web.png","width":300,"height":100,"caption":"A Nova Peneira"},"image":{"@id":"https:\/\/www.anovapeneira.gal\/#\/schema\/logo\/image\/"},"sameAs":["https:\/\/www.facebook.com\/anovapeneira","https:\/\/x.com\/APeneira"]},{"@type":"Person","@id":"https:\/\/www.anovapeneira.gal\/#\/schema\/person\/b93e3f8932e3f8da96334607eb6ac6aa","name":"Redacci\u00f3n A Nova Peneira","image":{"@type":"ImageObject","inLanguage":"gl-ES","@id":"https:\/\/secure.gravatar.com\/avatar\/c052a2551a06e23fac63626232eaa90abd78dbcf1700fc46a2b2c89fd27b735f?s=96&d=mm&r=g","url":"https:\/\/secure.gravatar.com\/avatar\/c052a2551a06e23fac63626232eaa90abd78dbcf1700fc46a2b2c89fd27b735f?s=96&d=mm&r=g","contentUrl":"https:\/\/secure.gravatar.com\/avatar\/c052a2551a06e23fac63626232eaa90abd78dbcf1700fc46a2b2c89fd27b735f?s=96&d=mm&r=g","caption":"Redacci\u00f3n A Nova Peneira"},"sameAs":["http:\/\/www.anovapeneira.gal\/"],"url":"https:\/\/www.anovapeneira.gal\/index.php\/author\/redactor\/"}]}},"jetpack_featured_media_url":"https:\/\/www.anovapeneira.gal\/wp-content\/uploads\/2023\/06\/goberno_nigran.jpg","_links":{"self":[{"href":"https:\/\/www.anovapeneira.gal\/index.php\/wp-json\/wp\/v2\/posts\/10046","targetHints":{"allow":["GET"]}}],"collection":[{"href":"https:\/\/www.anovapeneira.gal\/index.php\/wp-json\/wp\/v2\/posts"}],"about":[{"href":"https:\/\/www.anovapeneira.gal\/index.php\/wp-json\/wp\/v2\/types\/post"}],"author":[{"embeddable":true,"href":"https:\/\/www.anovapeneira.gal\/index.php\/wp-json\/wp\/v2\/users\/3"}],"replies":[{"embeddable":true,"href":"https:\/\/www.anovapeneira.gal\/index.php\/wp-json\/wp\/v2\/comments?post=10046"}],"version-history":[{"count":1,"href":"https:\/\/www.anovapeneira.gal\/index.php\/wp-json\/wp\/v2\/posts\/10046\/revisions"}],"predecessor-version":[{"id":10048,"href":"https:\/\/www.anovapeneira.gal\/index.php\/wp-json\/wp\/v2\/posts\/10046\/revisions\/10048"}],"wp:featuredmedia":[{"embeddable":true,"href":"https:\/\/www.anovapeneira.gal\/index.php\/wp-json\/wp\/v2\/media\/10047"}],"wp:attachment":[{"href":"https:\/\/www.anovapeneira.gal\/index.php\/wp-json\/wp\/v2\/media?parent=10046"}],"wp:term":[{"taxonomy":"category","embeddable":true,"href":"https:\/\/www.anovapeneira.gal\/index.php\/wp-json\/wp\/v2\/categories?post=10046"},{"taxonomy":"post_tag","embeddable":true,"href":"https:\/\/www.anovapeneira.gal\/index.php\/wp-json\/wp\/v2\/tags?post=10046"}],"curies":[{"name":"wp","href":"https:\/\/api.w.org\/{rel}","templated":true}]}}