{"id":10054,"date":"2023-06-30T10:00:12","date_gmt":"2023-06-30T08:00:12","guid":{"rendered":"https:\/\/www.anovapeneira.gal\/?p=10054"},"modified":"2023-06-30T13:25:18","modified_gmt":"2023-06-30T11:25:18","slug":"mais-de-200-persoas-da-sociedade-civil-alleas-ao-bng-asinan-un-manifesto-pedindo-o-voto-para-esta-formacion-politica-o-23-de-xullo","status":"publish","type":"post","link":"https:\/\/www.anovapeneira.gal\/index.php\/2023\/06\/30\/mais-de-200-persoas-da-sociedade-civil-alleas-ao-bng-asinan-un-manifesto-pedindo-o-voto-para-esta-formacion-politica-o-23-de-xullo\/","title":{"rendered":"M\u00e1is de 200 persoas da sociedade civil, alleas ao BNG, asinan un manifesto pedindo o voto para esta formaci\u00f3n pol\u00edtica o 23 de Xullo"},"content":{"rendered":"\n<p>M\u00e1is de 200 persoas non afiliadas ao BNG levan asinado un manifesto, impulsado entre outros e outras polo historiador e economista Dion\u00edsio Pereira, no que se denuncia a gravidade da situaci\u00f3n pol\u00edtica actual, o serio risco de involuci\u00f3n social coa conseguinte perda de dereitos e liberdades, e a situaci\u00f3n de Galicia , sen posibilidade de xestionar os seus propios intereses. No devandito manifesto faise referencia a que os e as asinantes son persoas de sensibilidades moi diferentes, e con visi\u00f3ns distintas da realidade pero que coinciden en considerar que o BNG \u00e9 a opci\u00f3n pol\u00edtica m\u00e1is adecuada para defender os intereses do pobo galego, e en consecuencia demandan o voto no proceso electoral do pr\u00f3ximo d\u00eda 23 para esta formaci\u00f3n pol\u00edtica.<\/p>\n\n\n\n<p><strong>A continuaci\u00f3n vai a ligaz\u00f3n ao manifesto referido para quen te\u00f1a interese na s\u00faa consulta.<\/strong><\/p>\n\n\n\n<figure class=\"wp-block-embed is-type-wp-embed is-provider-fronte-a-involucion-queremos-construir-un-futuro-de-posibilidades wp-block-embed-fronte-a-involucion-queremos-construir-un-futuro-de-posibilidades\"><div class=\"wp-block-embed__wrapper\">\n<blockquote class=\"wp-embedded-content\" data-secret=\"sMLTDC1KTn\"><a href=\"https:\/\/manifestoxerais2023.wordpress.com\/\">Manifesto<\/a><\/blockquote><iframe loading=\"lazy\" class=\"wp-embedded-content\" sandbox=\"allow-scripts\" security=\"restricted\" style=\"position: absolute; clip: rect(1px, 1px, 1px, 1px);\" title=\"\u00abManifesto\u00bb \u2014 Fronte \u00e1 involuci\u00f3n, queremos constru\u00edr un futuro de posibilidades\" src=\"https:\/\/manifestoxerais2023.wordpress.com\/embed\/#?secret=Uc2Tumdzsq#?secret=sMLTDC1KTn\" data-secret=\"sMLTDC1KTn\" width=\"500\" height=\"282\" frameborder=\"0\" marginwidth=\"0\" marginheight=\"0\" scrolling=\"no\"><\/iframe>\n<\/div><\/figure>\n","protected":false},"excerpt":{"rendered":"<div class=\"mh-excerpt\"><p>M\u00e1is de 200 persoas non afiliadas ao BNG levan asinado un manifesto, impulsado entre outros e outras polo historiador e economista Dion\u00edsio Pereira, no que se denuncia a gravidade da situaci\u00f3n pol\u00edtica actual, o serio risco de involuci\u00f3n social coa conseguinte perda de dereitos e liberdades, e a situaci\u00f3n de Galicia , sen posibilidade de xestionar os seus propios intereses  <a class=\"mh-excerpt-more\" href=\"https:\/\/www.anovapeneira.gal\/index.php\/2023\/06\/30\/mais-de-200-persoas-da-sociedade-civil-alleas-ao-bng-asinan-un-manifesto-pedindo-o-voto-para-esta-formacion-politica-o-23-de-xullo\/\" title=\"M\u00e1is de 200 persoas da sociedade civil, alleas ao BNG, asinan un manifesto pedindo o voto para esta formaci\u00f3n pol\u00edtica o 23 de Xullo\">[&#8230;]<\/a><\/p>\n<\/div>","protected":false},"author":3,"featured_media":0,"comment_status":"open","ping_status":"open","sticky":false,"template":"","format":"standard","meta":{"_exactmetrics_skip_tracking":false,"_exactmetrics_sitenote_active":false,"_exactmetrics_sitenote_note":"","_exactmetrics_sitenote_category":0,"footnotes":""},"categories":[263],"tags":[10],"class_list":{"0":"post-10054","1":"post","2":"type-post","3":"status-publish","4":"format-standard","6":"category-novas","7":"tag-bng"},"yoast_head":"<!-- This site is optimized with the Yoast SEO plugin v27.4 - https:\/\/yoast.com\/product\/yoast-seo-wordpress\/ -->\n<title>M\u00e1is de 200 persoas da sociedade civil, alleas ao BNG, asinan un manifesto pedindo o voto para esta formaci\u00f3n pol\u00edtica o 23 de Xullo -<\/title>\n<meta name=\"description\" content=\"M\u00e1is de 200 persoas non afiliadas ao BNG levan asinado un manifesto, impulsado entre outros e outras polo historiador e economista Dion\u00edsio Pereira, no que se denuncia a gravidade da situaci\u00f3n pol\u00edtica actual, o serio risco de involuci\u00f3n social coa conseguinte perda de dereitos e liberdades, e a situaci\u00f3n de Galicia , sen posibilidade de xestionar os seus propios intereses\" \/>\n<meta name=\"robots\" content=\"index, follow, max-snippet:-1, max-image-preview:large, max-video-preview:-1\" \/>\n<link rel=\"canonical\" href=\"https:\/\/www.anovapeneira.gal\/index.php\/2023\/06\/30\/mais-de-200-persoas-da-sociedade-civil-alleas-ao-bng-asinan-un-manifesto-pedindo-o-voto-para-esta-formacion-politica-o-23-de-xullo\/\" \/>\n<meta property=\"og:locale\" content=\"gl_ES\" \/>\n<meta property=\"og:type\" content=\"article\" \/>\n<meta property=\"og:title\" content=\"M\u00e1is de 200 persoas da sociedade civil, alleas ao BNG, asinan un manifesto pedindo o voto para esta formaci\u00f3n pol\u00edtica o 23 de Xullo -\" \/>\n<meta property=\"og:description\" content=\"M\u00e1is de 200 persoas non afiliadas ao BNG levan asinado un manifesto, impulsado entre outros e outras polo historiador e economista Dion\u00edsio Pereira, no que se denuncia a gravidade da situaci\u00f3n pol\u00edtica actual, o serio risco de involuci\u00f3n social coa conseguinte perda de dereitos e liberdades, e a situaci\u00f3n de Galicia , sen posibilidade de xestionar os seus propios intereses\" \/>\n<meta property=\"og:url\" content=\"https:\/\/www.anovapeneira.gal\/index.php\/2023\/06\/30\/mais-de-200-persoas-da-sociedade-civil-alleas-ao-bng-asinan-un-manifesto-pedindo-o-voto-para-esta-formacion-politica-o-23-de-xullo\/\" \/>\n<meta property=\"article:publisher\" content=\"https:\/\/www.facebook.com\/anovapeneira\" \/>\n<meta property=\"article:published_time\" content=\"2023-06-30T08:00:12+00:00\" \/>\n<meta property=\"article:modified_time\" content=\"2023-06-30T11:25:18+00:00\" \/>\n<meta name=\"author\" content=\"Redacci\u00f3n A Nova Peneira\" \/>\n<meta name=\"twitter:card\" content=\"summary_large_image\" \/>\n<meta name=\"twitter:creator\" content=\"@APeneira\" \/>\n<meta name=\"twitter:site\" content=\"@APeneira\" \/>\n<meta name=\"twitter:label1\" content=\"Escrito por\" \/>\n\t<meta name=\"twitter:data1\" content=\"Redacci\u00f3n A Nova Peneira\" \/>\n\t<meta name=\"twitter:label2\" content=\"Tempo de lectura\" \/>\n\t<meta name=\"twitter:data2\" content=\"1 minuto\" \/>\n<script type=\"application\/ld+json\" class=\"yoast-schema-graph\">{\"@context\":\"https:\\\/\\\/schema.org\",\"@graph\":[{\"@type\":\"Article\",\"@id\":\"https:\\\/\\\/www.anovapeneira.gal\\\/index.php\\\/2023\\\/06\\\/30\\\/mais-de-200-persoas-da-sociedade-civil-alleas-ao-bng-asinan-un-manifesto-pedindo-o-voto-para-esta-formacion-politica-o-23-de-xullo\\\/#article\",\"isPartOf\":{\"@id\":\"https:\\\/\\\/www.anovapeneira.gal\\\/index.php\\\/2023\\\/06\\\/30\\\/mais-de-200-persoas-da-sociedade-civil-alleas-ao-bng-asinan-un-manifesto-pedindo-o-voto-para-esta-formacion-politica-o-23-de-xullo\\\/\"},\"author\":{\"name\":\"Redacci\u00f3n A Nova Peneira\",\"@id\":\"https:\\\/\\\/www.anovapeneira.gal\\\/#\\\/schema\\\/person\\\/b93e3f8932e3f8da96334607eb6ac6aa\"},\"headline\":\"M\u00e1is de 200 persoas da sociedade civil, alleas ao BNG, asinan un manifesto pedindo o voto para esta formaci\u00f3n pol\u00edtica o 23 de Xullo\",\"datePublished\":\"2023-06-30T08:00:12+00:00\",\"dateModified\":\"2023-06-30T11:25:18+00:00\",\"mainEntityOfPage\":{\"@id\":\"https:\\\/\\\/www.anovapeneira.gal\\\/index.php\\\/2023\\\/06\\\/30\\\/mais-de-200-persoas-da-sociedade-civil-alleas-ao-bng-asinan-un-manifesto-pedindo-o-voto-para-esta-formacion-politica-o-23-de-xullo\\\/\"},\"wordCount\":179,\"commentCount\":0,\"publisher\":{\"@id\":\"https:\\\/\\\/www.anovapeneira.gal\\\/#organization\"},\"keywords\":[\"BNG\"],\"articleSection\":[\"Novas\"],\"inLanguage\":\"gl-ES\",\"potentialAction\":[{\"@type\":\"CommentAction\",\"name\":\"Comment\",\"target\":[\"https:\\\/\\\/www.anovapeneira.gal\\\/index.php\\\/2023\\\/06\\\/30\\\/mais-de-200-persoas-da-sociedade-civil-alleas-ao-bng-asinan-un-manifesto-pedindo-o-voto-para-esta-formacion-politica-o-23-de-xullo\\\/#respond\"]}]},{\"@type\":\"WebPage\",\"@id\":\"https:\\\/\\\/www.anovapeneira.gal\\\/index.php\\\/2023\\\/06\\\/30\\\/mais-de-200-persoas-da-sociedade-civil-alleas-ao-bng-asinan-un-manifesto-pedindo-o-voto-para-esta-formacion-politica-o-23-de-xullo\\\/\",\"url\":\"https:\\\/\\\/www.anovapeneira.gal\\\/index.php\\\/2023\\\/06\\\/30\\\/mais-de-200-persoas-da-sociedade-civil-alleas-ao-bng-asinan-un-manifesto-pedindo-o-voto-para-esta-formacion-politica-o-23-de-xullo\\\/\",\"name\":\"M\u00e1is de 200 persoas da sociedade civil, alleas ao BNG, asinan un manifesto pedindo o voto para esta formaci\u00f3n pol\u00edtica o 23 de Xullo -\",\"isPartOf\":{\"@id\":\"https:\\\/\\\/www.anovapeneira.gal\\\/#website\"},\"datePublished\":\"2023-06-30T08:00:12+00:00\",\"dateModified\":\"2023-06-30T11:25:18+00:00\",\"description\":\"M\u00e1is de 200 persoas non afiliadas ao BNG levan asinado un manifesto, impulsado entre outros e outras polo historiador e economista Dion\u00edsio Pereira, no que se denuncia a gravidade da situaci\u00f3n pol\u00edtica actual, o serio risco de involuci\u00f3n social coa conseguinte perda de dereitos e liberdades, e a situaci\u00f3n de Galicia , sen posibilidade de xestionar os seus propios intereses\",\"breadcrumb\":{\"@id\":\"https:\\\/\\\/www.anovapeneira.gal\\\/index.php\\\/2023\\\/06\\\/30\\\/mais-de-200-persoas-da-sociedade-civil-alleas-ao-bng-asinan-un-manifesto-pedindo-o-voto-para-esta-formacion-politica-o-23-de-xullo\\\/#breadcrumb\"},\"inLanguage\":\"gl-ES\",\"potentialAction\":[{\"@type\":\"ReadAction\",\"target\":[\"https:\\\/\\\/www.anovapeneira.gal\\\/index.php\\\/2023\\\/06\\\/30\\\/mais-de-200-persoas-da-sociedade-civil-alleas-ao-bng-asinan-un-manifesto-pedindo-o-voto-para-esta-formacion-politica-o-23-de-xullo\\\/\"]}]},{\"@type\":\"BreadcrumbList\",\"@id\":\"https:\\\/\\\/www.anovapeneira.gal\\\/index.php\\\/2023\\\/06\\\/30\\\/mais-de-200-persoas-da-sociedade-civil-alleas-ao-bng-asinan-un-manifesto-pedindo-o-voto-para-esta-formacion-politica-o-23-de-xullo\\\/#breadcrumb\",\"itemListElement\":[{\"@type\":\"ListItem\",\"position\":1,\"name\":\"Portada\",\"item\":\"https:\\\/\\\/www.anovapeneira.gal\\\/\"},{\"@type\":\"ListItem\",\"position\":2,\"name\":\"M\u00e1is de 200 persoas da sociedade civil, alleas ao BNG, asinan un manifesto pedindo o voto para esta formaci\u00f3n pol\u00edtica o 23 de Xullo\"}]},{\"@type\":\"WebSite\",\"@id\":\"https:\\\/\\\/www.anovapeneira.gal\\\/#website\",\"url\":\"https:\\\/\\\/www.anovapeneira.gal\\\/\",\"name\":\"\",\"description\":\"Xornal galego de informaci\u00f3n xeral Publicaci\u00f3n mensual de novas de Galicia e en especial dos Concellos da sur da provincia de Pontevedra.\",\"publisher\":{\"@id\":\"https:\\\/\\\/www.anovapeneira.gal\\\/#organization\"},\"potentialAction\":[{\"@type\":\"SearchAction\",\"target\":{\"@type\":\"EntryPoint\",\"urlTemplate\":\"https:\\\/\\\/www.anovapeneira.gal\\\/?s={search_term_string}\"},\"query-input\":{\"@type\":\"PropertyValueSpecification\",\"valueRequired\":true,\"valueName\":\"search_term_string\"}}],\"inLanguage\":\"gl-ES\"},{\"@type\":\"Organization\",\"@id\":\"https:\\\/\\\/www.anovapeneira.gal\\\/#organization\",\"name\":\"A Nova Peneira\",\"url\":\"https:\\\/\\\/www.anovapeneira.gal\\\/\",\"logo\":{\"@type\":\"ImageObject\",\"inLanguage\":\"gl-ES\",\"@id\":\"https:\\\/\\\/www.anovapeneira.gal\\\/#\\\/schema\\\/logo\\\/image\\\/\",\"url\":\"http:\\\/\\\/www.anovapeneira.gal\\\/wp-content\\\/uploads\\\/2019\\\/06\\\/logo_a_nova_peneira_portal_web.png\",\"contentUrl\":\"http:\\\/\\\/www.anovapeneira.gal\\\/wp-content\\\/uploads\\\/2019\\\/06\\\/logo_a_nova_peneira_portal_web.png\",\"width\":300,\"height\":100,\"caption\":\"A Nova Peneira\"},\"image\":{\"@id\":\"https:\\\/\\\/www.anovapeneira.gal\\\/#\\\/schema\\\/logo\\\/image\\\/\"},\"sameAs\":[\"https:\\\/\\\/www.facebook.com\\\/anovapeneira\",\"https:\\\/\\\/x.com\\\/APeneira\"]},{\"@type\":\"Person\",\"@id\":\"https:\\\/\\\/www.anovapeneira.gal\\\/#\\\/schema\\\/person\\\/b93e3f8932e3f8da96334607eb6ac6aa\",\"name\":\"Redacci\u00f3n A Nova Peneira\",\"image\":{\"@type\":\"ImageObject\",\"inLanguage\":\"gl-ES\",\"@id\":\"https:\\\/\\\/secure.gravatar.com\\\/avatar\\\/c052a2551a06e23fac63626232eaa90abd78dbcf1700fc46a2b2c89fd27b735f?s=96&d=mm&r=g\",\"url\":\"https:\\\/\\\/secure.gravatar.com\\\/avatar\\\/c052a2551a06e23fac63626232eaa90abd78dbcf1700fc46a2b2c89fd27b735f?s=96&d=mm&r=g\",\"contentUrl\":\"https:\\\/\\\/secure.gravatar.com\\\/avatar\\\/c052a2551a06e23fac63626232eaa90abd78dbcf1700fc46a2b2c89fd27b735f?s=96&d=mm&r=g\",\"caption\":\"Redacci\u00f3n A Nova Peneira\"},\"sameAs\":[\"http:\\\/\\\/www.anovapeneira.gal\\\/\"],\"url\":\"https:\\\/\\\/www.anovapeneira.gal\\\/index.php\\\/author\\\/redactor\\\/\"}]}<\/script>\n<!-- \/ Yoast SEO plugin. -->","yoast_head_json":{"title":"M\u00e1is de 200 persoas da sociedade civil, alleas ao BNG, asinan un manifesto pedindo o voto para esta formaci\u00f3n pol\u00edtica o 23 de Xullo -","description":"M\u00e1is de 200 persoas non afiliadas ao BNG levan asinado un manifesto, impulsado entre outros e outras polo historiador e economista Dion\u00edsio Pereira, no que se denuncia a gravidade da situaci\u00f3n pol\u00edtica actual, o serio risco de involuci\u00f3n social coa conseguinte perda de dereitos e liberdades, e a situaci\u00f3n de Galicia , sen posibilidade de xestionar os seus propios intereses","robots":{"index":"index","follow":"follow","max-snippet":"max-snippet:-1","max-image-preview":"max-image-preview:large","max-video-preview":"max-video-preview:-1"},"canonical":"https:\/\/www.anovapeneira.gal\/index.php\/2023\/06\/30\/mais-de-200-persoas-da-sociedade-civil-alleas-ao-bng-asinan-un-manifesto-pedindo-o-voto-para-esta-formacion-politica-o-23-de-xullo\/","og_locale":"gl_ES","og_type":"article","og_title":"M\u00e1is de 200 persoas da sociedade civil, alleas ao BNG, asinan un manifesto pedindo o voto para esta formaci\u00f3n pol\u00edtica o 23 de Xullo -","og_description":"M\u00e1is de 200 persoas non afiliadas ao BNG levan asinado un manifesto, impulsado entre outros e outras polo historiador e economista Dion\u00edsio Pereira, no que se denuncia a gravidade da situaci\u00f3n pol\u00edtica actual, o serio risco de involuci\u00f3n social coa conseguinte perda de dereitos e liberdades, e a situaci\u00f3n de Galicia , sen posibilidade de xestionar os seus propios intereses","og_url":"https:\/\/www.anovapeneira.gal\/index.php\/2023\/06\/30\/mais-de-200-persoas-da-sociedade-civil-alleas-ao-bng-asinan-un-manifesto-pedindo-o-voto-para-esta-formacion-politica-o-23-de-xullo\/","article_publisher":"https:\/\/www.facebook.com\/anovapeneira","article_published_time":"2023-06-30T08:00:12+00:00","article_modified_time":"2023-06-30T11:25:18+00:00","author":"Redacci\u00f3n A Nova Peneira","twitter_card":"summary_large_image","twitter_creator":"@APeneira","twitter_site":"@APeneira","twitter_misc":{"Escrito por":"Redacci\u00f3n A Nova Peneira","Tempo de lectura":"1 minuto"},"schema":{"@context":"https:\/\/schema.org","@graph":[{"@type":"Article","@id":"https:\/\/www.anovapeneira.gal\/index.php\/2023\/06\/30\/mais-de-200-persoas-da-sociedade-civil-alleas-ao-bng-asinan-un-manifesto-pedindo-o-voto-para-esta-formacion-politica-o-23-de-xullo\/#article","isPartOf":{"@id":"https:\/\/www.anovapeneira.gal\/index.php\/2023\/06\/30\/mais-de-200-persoas-da-sociedade-civil-alleas-ao-bng-asinan-un-manifesto-pedindo-o-voto-para-esta-formacion-politica-o-23-de-xullo\/"},"author":{"name":"Redacci\u00f3n A Nova Peneira","@id":"https:\/\/www.anovapeneira.gal\/#\/schema\/person\/b93e3f8932e3f8da96334607eb6ac6aa"},"headline":"M\u00e1is de 200 persoas da sociedade civil, alleas ao BNG, asinan un manifesto pedindo o voto para esta formaci\u00f3n pol\u00edtica o 23 de Xullo","datePublished":"2023-06-30T08:00:12+00:00","dateModified":"2023-06-30T11:25:18+00:00","mainEntityOfPage":{"@id":"https:\/\/www.anovapeneira.gal\/index.php\/2023\/06\/30\/mais-de-200-persoas-da-sociedade-civil-alleas-ao-bng-asinan-un-manifesto-pedindo-o-voto-para-esta-formacion-politica-o-23-de-xullo\/"},"wordCount":179,"commentCount":0,"publisher":{"@id":"https:\/\/www.anovapeneira.gal\/#organization"},"keywords":["BNG"],"articleSection":["Novas"],"inLanguage":"gl-ES","potentialAction":[{"@type":"CommentAction","name":"Comment","target":["https:\/\/www.anovapeneira.gal\/index.php\/2023\/06\/30\/mais-de-200-persoas-da-sociedade-civil-alleas-ao-bng-asinan-un-manifesto-pedindo-o-voto-para-esta-formacion-politica-o-23-de-xullo\/#respond"]}]},{"@type":"WebPage","@id":"https:\/\/www.anovapeneira.gal\/index.php\/2023\/06\/30\/mais-de-200-persoas-da-sociedade-civil-alleas-ao-bng-asinan-un-manifesto-pedindo-o-voto-para-esta-formacion-politica-o-23-de-xullo\/","url":"https:\/\/www.anovapeneira.gal\/index.php\/2023\/06\/30\/mais-de-200-persoas-da-sociedade-civil-alleas-ao-bng-asinan-un-manifesto-pedindo-o-voto-para-esta-formacion-politica-o-23-de-xullo\/","name":"M\u00e1is de 200 persoas da sociedade civil, alleas ao BNG, asinan un manifesto pedindo o voto para esta formaci\u00f3n pol\u00edtica o 23 de Xullo -","isPartOf":{"@id":"https:\/\/www.anovapeneira.gal\/#website"},"datePublished":"2023-06-30T08:00:12+00:00","dateModified":"2023-06-30T11:25:18+00:00","description":"M\u00e1is de 200 persoas non afiliadas ao BNG levan asinado un manifesto, impulsado entre outros e outras polo historiador e economista Dion\u00edsio Pereira, no que se denuncia a gravidade da situaci\u00f3n pol\u00edtica actual, o serio risco de involuci\u00f3n social coa conseguinte perda de dereitos e liberdades, e a situaci\u00f3n de Galicia , sen posibilidade de xestionar os seus propios intereses","breadcrumb":{"@id":"https:\/\/www.anovapeneira.gal\/index.php\/2023\/06\/30\/mais-de-200-persoas-da-sociedade-civil-alleas-ao-bng-asinan-un-manifesto-pedindo-o-voto-para-esta-formacion-politica-o-23-de-xullo\/#breadcrumb"},"inLanguage":"gl-ES","potentialAction":[{"@type":"ReadAction","target":["https:\/\/www.anovapeneira.gal\/index.php\/2023\/06\/30\/mais-de-200-persoas-da-sociedade-civil-alleas-ao-bng-asinan-un-manifesto-pedindo-o-voto-para-esta-formacion-politica-o-23-de-xullo\/"]}]},{"@type":"BreadcrumbList","@id":"https:\/\/www.anovapeneira.gal\/index.php\/2023\/06\/30\/mais-de-200-persoas-da-sociedade-civil-alleas-ao-bng-asinan-un-manifesto-pedindo-o-voto-para-esta-formacion-politica-o-23-de-xullo\/#breadcrumb","itemListElement":[{"@type":"ListItem","position":1,"name":"Portada","item":"https:\/\/www.anovapeneira.gal\/"},{"@type":"ListItem","position":2,"name":"M\u00e1is de 200 persoas da sociedade civil, alleas ao BNG, asinan un manifesto pedindo o voto para esta formaci\u00f3n pol\u00edtica o 23 de Xullo"}]},{"@type":"WebSite","@id":"https:\/\/www.anovapeneira.gal\/#website","url":"https:\/\/www.anovapeneira.gal\/","name":"","description":"Xornal galego de informaci\u00f3n xeral Publicaci\u00f3n mensual de novas de Galicia e en especial dos Concellos da sur da provincia de Pontevedra.","publisher":{"@id":"https:\/\/www.anovapeneira.gal\/#organization"},"potentialAction":[{"@type":"SearchAction","target":{"@type":"EntryPoint","urlTemplate":"https:\/\/www.anovapeneira.gal\/?s={search_term_string}"},"query-input":{"@type":"PropertyValueSpecification","valueRequired":true,"valueName":"search_term_string"}}],"inLanguage":"gl-ES"},{"@type":"Organization","@id":"https:\/\/www.anovapeneira.gal\/#organization","name":"A Nova Peneira","url":"https:\/\/www.anovapeneira.gal\/","logo":{"@type":"ImageObject","inLanguage":"gl-ES","@id":"https:\/\/www.anovapeneira.gal\/#\/schema\/logo\/image\/","url":"http:\/\/www.anovapeneira.gal\/wp-content\/uploads\/2019\/06\/logo_a_nova_peneira_portal_web.png","contentUrl":"http:\/\/www.anovapeneira.gal\/wp-content\/uploads\/2019\/06\/logo_a_nova_peneira_portal_web.png","width":300,"height":100,"caption":"A Nova Peneira"},"image":{"@id":"https:\/\/www.anovapeneira.gal\/#\/schema\/logo\/image\/"},"sameAs":["https:\/\/www.facebook.com\/anovapeneira","https:\/\/x.com\/APeneira"]},{"@type":"Person","@id":"https:\/\/www.anovapeneira.gal\/#\/schema\/person\/b93e3f8932e3f8da96334607eb6ac6aa","name":"Redacci\u00f3n A Nova Peneira","image":{"@type":"ImageObject","inLanguage":"gl-ES","@id":"https:\/\/secure.gravatar.com\/avatar\/c052a2551a06e23fac63626232eaa90abd78dbcf1700fc46a2b2c89fd27b735f?s=96&d=mm&r=g","url":"https:\/\/secure.gravatar.com\/avatar\/c052a2551a06e23fac63626232eaa90abd78dbcf1700fc46a2b2c89fd27b735f?s=96&d=mm&r=g","contentUrl":"https:\/\/secure.gravatar.com\/avatar\/c052a2551a06e23fac63626232eaa90abd78dbcf1700fc46a2b2c89fd27b735f?s=96&d=mm&r=g","caption":"Redacci\u00f3n A Nova Peneira"},"sameAs":["http:\/\/www.anovapeneira.gal\/"],"url":"https:\/\/www.anovapeneira.gal\/index.php\/author\/redactor\/"}]}},"jetpack_featured_media_url":"","_links":{"self":[{"href":"https:\/\/www.anovapeneira.gal\/index.php\/wp-json\/wp\/v2\/posts\/10054","targetHints":{"allow":["GET"]}}],"collection":[{"href":"https:\/\/www.anovapeneira.gal\/index.php\/wp-json\/wp\/v2\/posts"}],"about":[{"href":"https:\/\/www.anovapeneira.gal\/index.php\/wp-json\/wp\/v2\/types\/post"}],"author":[{"embeddable":true,"href":"https:\/\/www.anovapeneira.gal\/index.php\/wp-json\/wp\/v2\/users\/3"}],"replies":[{"embeddable":true,"href":"https:\/\/www.anovapeneira.gal\/index.php\/wp-json\/wp\/v2\/comments?post=10054"}],"version-history":[{"count":1,"href":"https:\/\/www.anovapeneira.gal\/index.php\/wp-json\/wp\/v2\/posts\/10054\/revisions"}],"predecessor-version":[{"id":10055,"href":"https:\/\/www.anovapeneira.gal\/index.php\/wp-json\/wp\/v2\/posts\/10054\/revisions\/10055"}],"wp:attachment":[{"href":"https:\/\/www.anovapeneira.gal\/index.php\/wp-json\/wp\/v2\/media?parent=10054"}],"wp:term":[{"taxonomy":"category","embeddable":true,"href":"https:\/\/www.anovapeneira.gal\/index.php\/wp-json\/wp\/v2\/categories?post=10054"},{"taxonomy":"post_tag","embeddable":true,"href":"https:\/\/www.anovapeneira.gal\/index.php\/wp-json\/wp\/v2\/tags?post=10054"}],"curies":[{"name":"wp","href":"https:\/\/api.w.org\/{rel}","templated":true}]}}