{"id":10056,"date":"2023-06-30T12:00:26","date_gmt":"2023-06-30T10:00:26","guid":{"rendered":"https:\/\/www.anovapeneira.gal\/?p=10056"},"modified":"2023-06-30T13:16:02","modified_gmt":"2023-06-30T11:16:02","slug":"o-pp-monta-un-chiringuito-coas-xuntas-de-goberno-do-porrino","status":"publish","type":"post","link":"https:\/\/www.anovapeneira.gal\/index.php\/2023\/06\/30\/o-pp-monta-un-chiringuito-coas-xuntas-de-goberno-do-porrino\/","title":{"rendered":"O PP monta un \u2018chiringuito\u2019 coas xuntas de goberno do Porri\u00f1o"},"content":{"rendered":"\n<h2 class=\"wp-block-heading\">O PSdeG-PSOE acusa ao PP porri\u00f1\u00e9s de crear n\u00f3minas encubertas para os concelleiros sin adicaci\u00f3n exclusiva<\/h2>\n\n\n\n<p><strong>O Porri\u00f1o, 27 de xu\u00f1o de 2023. <\/strong><\/p>\n\n\n\n<p>O partido socialista do Porri\u00f1o, representado polos concelleiros David Alonso e Sthela M\u00aa T\u00e1boas, acudiron O pasado Lunes \u00e1s 09.00 h ao segundo Pleno Extraordinario do Concello do Porri\u00f1o, desta nova lexislatura.<\/p>\n\n\n\n<p>A chegada dos concelleiros ao sal\u00f3n plenario comezou con discrepancias \u201cpois os grupos da oposici\u00f3n v\u00e9monos relegados \u00e1 segunda fila de cadeiras, quedando na parte de adiante das d\u00faas bancadas (a parte m\u00e1is visible)s\u00f3 concelleiros do PP<\/p>\n\n\n\n<p>.Tanto PSdeG coma o BNG amosaron as s\u00faas discrepanciascon esta colocaci\u00f3n dos concelleiros imposta polo PP, pois a nova disposici\u00f3n incumpre o artigo 3 do ROM, chegando a suspenderse a sesi\u00f3n ate a segunda convocatoria \u00e1s 10.00 h.<\/p>\n\n\n\n<p>Unha vez reanudado o Pleno, entre os puntos da orde do d\u00eda atop\u00e1base a distribuci\u00f3n das competencias exclusivas e da Xunta de Goberno, compo\u00f1endo normalmente esta \u00faltima, os concelleiros con adicaci\u00f3n completa para aforrar o custo de asistencias \u00e1s arcas p\u00fablicas.<\/p>\n\n\n\n<p>Atop\u00e1monos cun esc\u00e1ndalo mai\u00fasculo cando nomea aos concelleiros sin salario (do 8ao 16 da candidaturapopular)\u00e1 fronte da Xunta de Goberno, co fin de que os ed\u00eds conten con ingresos mensuais, xa que os seus compa\u00f1eiros de goberno copan todos adicaci\u00f3ns exclusivas, poidendo repartilas en parciais. Esta situaci\u00f3n deixa entrever pouca xenerosidade e compa\u00f1eirismo, a\u00ednda que asumen competencias de suma importancia para O Porri\u00f1o.<\/p>\n\n\n\n<p>O portavoz do PSdeG-PSOE do Porri\u00f1o, David Alonso prop\u00f3n que \u201cas comisi\u00f3nsinformativas se asignen aos concelleiros con adicaci\u00f3n exclusiva, a\u00ednda que \u00e1 vista est\u00e1quenomeando aos concelleiros sin n\u00f3minaest\u00e1 a montar o seu \u2018chiringuito\u2019 particular\u201d.<\/p>\n","protected":false},"excerpt":{"rendered":"<div class=\"mh-excerpt\"><p>O PSdeG-PSOE acusa ao PP porri\u00f1\u00e9s de crear n\u00f3minas encubertas para os concelleiros sin adicaci\u00f3n exclusiva <a class=\"mh-excerpt-more\" href=\"https:\/\/www.anovapeneira.gal\/index.php\/2023\/06\/30\/o-pp-monta-un-chiringuito-coas-xuntas-de-goberno-do-porrino\/\" title=\"O PP monta un \u2018chiringuito\u2019 coas xuntas de goberno do Porri\u00f1o\">[&#8230;]<\/a><\/p>\n<\/div>","protected":false},"author":3,"featured_media":6202,"comment_status":"open","ping_status":"open","sticky":false,"template":"","format":"standard","meta":{"_exactmetrics_skip_tracking":false,"_exactmetrics_sitenote_active":false,"_exactmetrics_sitenote_note":"","_exactmetrics_sitenote_category":0,"footnotes":""},"categories":[23],"tags":[411],"class_list":{"0":"post-10056","1":"post","2":"type-post","3":"status-publish","4":"format-standard","5":"has-post-thumbnail","7":"category-a-lourina","8":"tag-concello-do-porrino"},"yoast_head":"<!-- This site is optimized with the Yoast SEO plugin v27.4 - https:\/\/yoast.com\/product\/yoast-seo-wordpress\/ -->\n<title>O PP monta un \u2018chiringuito\u2019 coas xuntas de goberno do Porri\u00f1o -<\/title>\n<meta name=\"robots\" content=\"index, follow, max-snippet:-1, max-image-preview:large, max-video-preview:-1\" \/>\n<link rel=\"canonical\" href=\"https:\/\/www.anovapeneira.gal\/index.php\/2023\/06\/30\/o-pp-monta-un-chiringuito-coas-xuntas-de-goberno-do-porrino\/\" \/>\n<meta property=\"og:locale\" content=\"gl_ES\" \/>\n<meta property=\"og:type\" content=\"article\" \/>\n<meta property=\"og:title\" content=\"O PP monta un \u2018chiringuito\u2019 coas xuntas de goberno do Porri\u00f1o -\" \/>\n<meta property=\"og:description\" content=\"O PSdeG-PSOE acusa ao PP porri\u00f1\u00e9s de crear n\u00f3minas encubertas para os concelleiros sin adicaci\u00f3n exclusiva [...]\" \/>\n<meta property=\"og:url\" content=\"https:\/\/www.anovapeneira.gal\/index.php\/2023\/06\/30\/o-pp-monta-un-chiringuito-coas-xuntas-de-goberno-do-porrino\/\" \/>\n<meta property=\"article:publisher\" content=\"https:\/\/www.facebook.com\/anovapeneira\" \/>\n<meta property=\"article:published_time\" content=\"2023-06-30T10:00:26+00:00\" \/>\n<meta property=\"article:modified_time\" content=\"2023-06-30T11:16:02+00:00\" \/>\n<meta property=\"og:image\" content=\"https:\/\/www.anovapeneira.gal\/wp-content\/uploads\/2021\/10\/concello_porrino3c3.png\" \/>\n\t<meta property=\"og:image:width\" content=\"720\" \/>\n\t<meta property=\"og:image:height\" content=\"432\" \/>\n\t<meta property=\"og:image:type\" content=\"image\/png\" \/>\n<meta name=\"author\" content=\"Redacci\u00f3n A Nova Peneira\" \/>\n<meta name=\"twitter:card\" content=\"summary_large_image\" \/>\n<meta name=\"twitter:creator\" content=\"@APeneira\" \/>\n<meta name=\"twitter:site\" content=\"@APeneira\" \/>\n<meta name=\"twitter:label1\" content=\"Escrito por\" \/>\n\t<meta name=\"twitter:data1\" content=\"Redacci\u00f3n A Nova Peneira\" \/>\n\t<meta name=\"twitter:label2\" content=\"Tempo de lectura\" \/>\n\t<meta name=\"twitter:data2\" content=\"2 minutos\" \/>\n<script type=\"application\/ld+json\" class=\"yoast-schema-graph\">{\"@context\":\"https:\\\/\\\/schema.org\",\"@graph\":[{\"@type\":\"Article\",\"@id\":\"https:\\\/\\\/www.anovapeneira.gal\\\/index.php\\\/2023\\\/06\\\/30\\\/o-pp-monta-un-chiringuito-coas-xuntas-de-goberno-do-porrino\\\/#article\",\"isPartOf\":{\"@id\":\"https:\\\/\\\/www.anovapeneira.gal\\\/index.php\\\/2023\\\/06\\\/30\\\/o-pp-monta-un-chiringuito-coas-xuntas-de-goberno-do-porrino\\\/\"},\"author\":{\"name\":\"Redacci\u00f3n A Nova Peneira\",\"@id\":\"https:\\\/\\\/www.anovapeneira.gal\\\/#\\\/schema\\\/person\\\/b93e3f8932e3f8da96334607eb6ac6aa\"},\"headline\":\"O PP monta un \u2018chiringuito\u2019 coas xuntas de goberno do Porri\u00f1o\",\"datePublished\":\"2023-06-30T10:00:26+00:00\",\"dateModified\":\"2023-06-30T11:16:02+00:00\",\"mainEntityOfPage\":{\"@id\":\"https:\\\/\\\/www.anovapeneira.gal\\\/index.php\\\/2023\\\/06\\\/30\\\/o-pp-monta-un-chiringuito-coas-xuntas-de-goberno-do-porrino\\\/\"},\"wordCount\":313,\"commentCount\":0,\"publisher\":{\"@id\":\"https:\\\/\\\/www.anovapeneira.gal\\\/#organization\"},\"image\":{\"@id\":\"https:\\\/\\\/www.anovapeneira.gal\\\/index.php\\\/2023\\\/06\\\/30\\\/o-pp-monta-un-chiringuito-coas-xuntas-de-goberno-do-porrino\\\/#primaryimage\"},\"thumbnailUrl\":\"https:\\\/\\\/www.anovapeneira.gal\\\/wp-content\\\/uploads\\\/2021\\\/10\\\/concello_porrino3c3.png\",\"keywords\":[\"Concello do Porri\u00f1o\"],\"articleSection\":[\"A Louri\u00f1a\"],\"inLanguage\":\"gl-ES\",\"potentialAction\":[{\"@type\":\"CommentAction\",\"name\":\"Comment\",\"target\":[\"https:\\\/\\\/www.anovapeneira.gal\\\/index.php\\\/2023\\\/06\\\/30\\\/o-pp-monta-un-chiringuito-coas-xuntas-de-goberno-do-porrino\\\/#respond\"]}]},{\"@type\":\"WebPage\",\"@id\":\"https:\\\/\\\/www.anovapeneira.gal\\\/index.php\\\/2023\\\/06\\\/30\\\/o-pp-monta-un-chiringuito-coas-xuntas-de-goberno-do-porrino\\\/\",\"url\":\"https:\\\/\\\/www.anovapeneira.gal\\\/index.php\\\/2023\\\/06\\\/30\\\/o-pp-monta-un-chiringuito-coas-xuntas-de-goberno-do-porrino\\\/\",\"name\":\"O PP monta un \u2018chiringuito\u2019 coas xuntas de goberno do Porri\u00f1o -\",\"isPartOf\":{\"@id\":\"https:\\\/\\\/www.anovapeneira.gal\\\/#website\"},\"primaryImageOfPage\":{\"@id\":\"https:\\\/\\\/www.anovapeneira.gal\\\/index.php\\\/2023\\\/06\\\/30\\\/o-pp-monta-un-chiringuito-coas-xuntas-de-goberno-do-porrino\\\/#primaryimage\"},\"image\":{\"@id\":\"https:\\\/\\\/www.anovapeneira.gal\\\/index.php\\\/2023\\\/06\\\/30\\\/o-pp-monta-un-chiringuito-coas-xuntas-de-goberno-do-porrino\\\/#primaryimage\"},\"thumbnailUrl\":\"https:\\\/\\\/www.anovapeneira.gal\\\/wp-content\\\/uploads\\\/2021\\\/10\\\/concello_porrino3c3.png\",\"datePublished\":\"2023-06-30T10:00:26+00:00\",\"dateModified\":\"2023-06-30T11:16:02+00:00\",\"breadcrumb\":{\"@id\":\"https:\\\/\\\/www.anovapeneira.gal\\\/index.php\\\/2023\\\/06\\\/30\\\/o-pp-monta-un-chiringuito-coas-xuntas-de-goberno-do-porrino\\\/#breadcrumb\"},\"inLanguage\":\"gl-ES\",\"potentialAction\":[{\"@type\":\"ReadAction\",\"target\":[\"https:\\\/\\\/www.anovapeneira.gal\\\/index.php\\\/2023\\\/06\\\/30\\\/o-pp-monta-un-chiringuito-coas-xuntas-de-goberno-do-porrino\\\/\"]}]},{\"@type\":\"ImageObject\",\"inLanguage\":\"gl-ES\",\"@id\":\"https:\\\/\\\/www.anovapeneira.gal\\\/index.php\\\/2023\\\/06\\\/30\\\/o-pp-monta-un-chiringuito-coas-xuntas-de-goberno-do-porrino\\\/#primaryimage\",\"url\":\"https:\\\/\\\/www.anovapeneira.gal\\\/wp-content\\\/uploads\\\/2021\\\/10\\\/concello_porrino3c3.png\",\"contentUrl\":\"https:\\\/\\\/www.anovapeneira.gal\\\/wp-content\\\/uploads\\\/2021\\\/10\\\/concello_porrino3c3.png\",\"width\":720,\"height\":432,\"caption\":\"Concello do Porri\u00f1o\"},{\"@type\":\"BreadcrumbList\",\"@id\":\"https:\\\/\\\/www.anovapeneira.gal\\\/index.php\\\/2023\\\/06\\\/30\\\/o-pp-monta-un-chiringuito-coas-xuntas-de-goberno-do-porrino\\\/#breadcrumb\",\"itemListElement\":[{\"@type\":\"ListItem\",\"position\":1,\"name\":\"Portada\",\"item\":\"https:\\\/\\\/www.anovapeneira.gal\\\/\"},{\"@type\":\"ListItem\",\"position\":2,\"name\":\"O PP monta un \u2018chiringuito\u2019 coas xuntas de goberno do Porri\u00f1o\"}]},{\"@type\":\"WebSite\",\"@id\":\"https:\\\/\\\/www.anovapeneira.gal\\\/#website\",\"url\":\"https:\\\/\\\/www.anovapeneira.gal\\\/\",\"name\":\"\",\"description\":\"Xornal galego de informaci\u00f3n xeral Publicaci\u00f3n mensual de novas de Galicia e en especial dos Concellos da sur da provincia de Pontevedra.\",\"publisher\":{\"@id\":\"https:\\\/\\\/www.anovapeneira.gal\\\/#organization\"},\"potentialAction\":[{\"@type\":\"SearchAction\",\"target\":{\"@type\":\"EntryPoint\",\"urlTemplate\":\"https:\\\/\\\/www.anovapeneira.gal\\\/?s={search_term_string}\"},\"query-input\":{\"@type\":\"PropertyValueSpecification\",\"valueRequired\":true,\"valueName\":\"search_term_string\"}}],\"inLanguage\":\"gl-ES\"},{\"@type\":\"Organization\",\"@id\":\"https:\\\/\\\/www.anovapeneira.gal\\\/#organization\",\"name\":\"A Nova Peneira\",\"url\":\"https:\\\/\\\/www.anovapeneira.gal\\\/\",\"logo\":{\"@type\":\"ImageObject\",\"inLanguage\":\"gl-ES\",\"@id\":\"https:\\\/\\\/www.anovapeneira.gal\\\/#\\\/schema\\\/logo\\\/image\\\/\",\"url\":\"http:\\\/\\\/www.anovapeneira.gal\\\/wp-content\\\/uploads\\\/2019\\\/06\\\/logo_a_nova_peneira_portal_web.png\",\"contentUrl\":\"http:\\\/\\\/www.anovapeneira.gal\\\/wp-content\\\/uploads\\\/2019\\\/06\\\/logo_a_nova_peneira_portal_web.png\",\"width\":300,\"height\":100,\"caption\":\"A Nova Peneira\"},\"image\":{\"@id\":\"https:\\\/\\\/www.anovapeneira.gal\\\/#\\\/schema\\\/logo\\\/image\\\/\"},\"sameAs\":[\"https:\\\/\\\/www.facebook.com\\\/anovapeneira\",\"https:\\\/\\\/x.com\\\/APeneira\"]},{\"@type\":\"Person\",\"@id\":\"https:\\\/\\\/www.anovapeneira.gal\\\/#\\\/schema\\\/person\\\/b93e3f8932e3f8da96334607eb6ac6aa\",\"name\":\"Redacci\u00f3n A Nova Peneira\",\"image\":{\"@type\":\"ImageObject\",\"inLanguage\":\"gl-ES\",\"@id\":\"https:\\\/\\\/secure.gravatar.com\\\/avatar\\\/c052a2551a06e23fac63626232eaa90abd78dbcf1700fc46a2b2c89fd27b735f?s=96&d=mm&r=g\",\"url\":\"https:\\\/\\\/secure.gravatar.com\\\/avatar\\\/c052a2551a06e23fac63626232eaa90abd78dbcf1700fc46a2b2c89fd27b735f?s=96&d=mm&r=g\",\"contentUrl\":\"https:\\\/\\\/secure.gravatar.com\\\/avatar\\\/c052a2551a06e23fac63626232eaa90abd78dbcf1700fc46a2b2c89fd27b735f?s=96&d=mm&r=g\",\"caption\":\"Redacci\u00f3n A Nova Peneira\"},\"sameAs\":[\"http:\\\/\\\/www.anovapeneira.gal\\\/\"],\"url\":\"https:\\\/\\\/www.anovapeneira.gal\\\/index.php\\\/author\\\/redactor\\\/\"}]}<\/script>\n<!-- \/ Yoast SEO plugin. -->","yoast_head_json":{"title":"O PP monta un \u2018chiringuito\u2019 coas xuntas de goberno do Porri\u00f1o -","robots":{"index":"index","follow":"follow","max-snippet":"max-snippet:-1","max-image-preview":"max-image-preview:large","max-video-preview":"max-video-preview:-1"},"canonical":"https:\/\/www.anovapeneira.gal\/index.php\/2023\/06\/30\/o-pp-monta-un-chiringuito-coas-xuntas-de-goberno-do-porrino\/","og_locale":"gl_ES","og_type":"article","og_title":"O PP monta un \u2018chiringuito\u2019 coas xuntas de goberno do Porri\u00f1o -","og_description":"O PSdeG-PSOE acusa ao PP porri\u00f1\u00e9s de crear n\u00f3minas encubertas para os concelleiros sin adicaci\u00f3n exclusiva [...]","og_url":"https:\/\/www.anovapeneira.gal\/index.php\/2023\/06\/30\/o-pp-monta-un-chiringuito-coas-xuntas-de-goberno-do-porrino\/","article_publisher":"https:\/\/www.facebook.com\/anovapeneira","article_published_time":"2023-06-30T10:00:26+00:00","article_modified_time":"2023-06-30T11:16:02+00:00","og_image":[{"width":720,"height":432,"url":"https:\/\/www.anovapeneira.gal\/wp-content\/uploads\/2021\/10\/concello_porrino3c3.png","type":"image\/png"}],"author":"Redacci\u00f3n A Nova Peneira","twitter_card":"summary_large_image","twitter_creator":"@APeneira","twitter_site":"@APeneira","twitter_misc":{"Escrito por":"Redacci\u00f3n A Nova Peneira","Tempo de lectura":"2 minutos"},"schema":{"@context":"https:\/\/schema.org","@graph":[{"@type":"Article","@id":"https:\/\/www.anovapeneira.gal\/index.php\/2023\/06\/30\/o-pp-monta-un-chiringuito-coas-xuntas-de-goberno-do-porrino\/#article","isPartOf":{"@id":"https:\/\/www.anovapeneira.gal\/index.php\/2023\/06\/30\/o-pp-monta-un-chiringuito-coas-xuntas-de-goberno-do-porrino\/"},"author":{"name":"Redacci\u00f3n A Nova Peneira","@id":"https:\/\/www.anovapeneira.gal\/#\/schema\/person\/b93e3f8932e3f8da96334607eb6ac6aa"},"headline":"O PP monta un \u2018chiringuito\u2019 coas xuntas de goberno do Porri\u00f1o","datePublished":"2023-06-30T10:00:26+00:00","dateModified":"2023-06-30T11:16:02+00:00","mainEntityOfPage":{"@id":"https:\/\/www.anovapeneira.gal\/index.php\/2023\/06\/30\/o-pp-monta-un-chiringuito-coas-xuntas-de-goberno-do-porrino\/"},"wordCount":313,"commentCount":0,"publisher":{"@id":"https:\/\/www.anovapeneira.gal\/#organization"},"image":{"@id":"https:\/\/www.anovapeneira.gal\/index.php\/2023\/06\/30\/o-pp-monta-un-chiringuito-coas-xuntas-de-goberno-do-porrino\/#primaryimage"},"thumbnailUrl":"https:\/\/www.anovapeneira.gal\/wp-content\/uploads\/2021\/10\/concello_porrino3c3.png","keywords":["Concello do Porri\u00f1o"],"articleSection":["A Louri\u00f1a"],"inLanguage":"gl-ES","potentialAction":[{"@type":"CommentAction","name":"Comment","target":["https:\/\/www.anovapeneira.gal\/index.php\/2023\/06\/30\/o-pp-monta-un-chiringuito-coas-xuntas-de-goberno-do-porrino\/#respond"]}]},{"@type":"WebPage","@id":"https:\/\/www.anovapeneira.gal\/index.php\/2023\/06\/30\/o-pp-monta-un-chiringuito-coas-xuntas-de-goberno-do-porrino\/","url":"https:\/\/www.anovapeneira.gal\/index.php\/2023\/06\/30\/o-pp-monta-un-chiringuito-coas-xuntas-de-goberno-do-porrino\/","name":"O PP monta un \u2018chiringuito\u2019 coas xuntas de goberno do Porri\u00f1o -","isPartOf":{"@id":"https:\/\/www.anovapeneira.gal\/#website"},"primaryImageOfPage":{"@id":"https:\/\/www.anovapeneira.gal\/index.php\/2023\/06\/30\/o-pp-monta-un-chiringuito-coas-xuntas-de-goberno-do-porrino\/#primaryimage"},"image":{"@id":"https:\/\/www.anovapeneira.gal\/index.php\/2023\/06\/30\/o-pp-monta-un-chiringuito-coas-xuntas-de-goberno-do-porrino\/#primaryimage"},"thumbnailUrl":"https:\/\/www.anovapeneira.gal\/wp-content\/uploads\/2021\/10\/concello_porrino3c3.png","datePublished":"2023-06-30T10:00:26+00:00","dateModified":"2023-06-30T11:16:02+00:00","breadcrumb":{"@id":"https:\/\/www.anovapeneira.gal\/index.php\/2023\/06\/30\/o-pp-monta-un-chiringuito-coas-xuntas-de-goberno-do-porrino\/#breadcrumb"},"inLanguage":"gl-ES","potentialAction":[{"@type":"ReadAction","target":["https:\/\/www.anovapeneira.gal\/index.php\/2023\/06\/30\/o-pp-monta-un-chiringuito-coas-xuntas-de-goberno-do-porrino\/"]}]},{"@type":"ImageObject","inLanguage":"gl-ES","@id":"https:\/\/www.anovapeneira.gal\/index.php\/2023\/06\/30\/o-pp-monta-un-chiringuito-coas-xuntas-de-goberno-do-porrino\/#primaryimage","url":"https:\/\/www.anovapeneira.gal\/wp-content\/uploads\/2021\/10\/concello_porrino3c3.png","contentUrl":"https:\/\/www.anovapeneira.gal\/wp-content\/uploads\/2021\/10\/concello_porrino3c3.png","width":720,"height":432,"caption":"Concello do Porri\u00f1o"},{"@type":"BreadcrumbList","@id":"https:\/\/www.anovapeneira.gal\/index.php\/2023\/06\/30\/o-pp-monta-un-chiringuito-coas-xuntas-de-goberno-do-porrino\/#breadcrumb","itemListElement":[{"@type":"ListItem","position":1,"name":"Portada","item":"https:\/\/www.anovapeneira.gal\/"},{"@type":"ListItem","position":2,"name":"O PP monta un \u2018chiringuito\u2019 coas xuntas de goberno do Porri\u00f1o"}]},{"@type":"WebSite","@id":"https:\/\/www.anovapeneira.gal\/#website","url":"https:\/\/www.anovapeneira.gal\/","name":"","description":"Xornal galego de informaci\u00f3n xeral Publicaci\u00f3n mensual de novas de Galicia e en especial dos Concellos da sur da provincia de Pontevedra.","publisher":{"@id":"https:\/\/www.anovapeneira.gal\/#organization"},"potentialAction":[{"@type":"SearchAction","target":{"@type":"EntryPoint","urlTemplate":"https:\/\/www.anovapeneira.gal\/?s={search_term_string}"},"query-input":{"@type":"PropertyValueSpecification","valueRequired":true,"valueName":"search_term_string"}}],"inLanguage":"gl-ES"},{"@type":"Organization","@id":"https:\/\/www.anovapeneira.gal\/#organization","name":"A Nova Peneira","url":"https:\/\/www.anovapeneira.gal\/","logo":{"@type":"ImageObject","inLanguage":"gl-ES","@id":"https:\/\/www.anovapeneira.gal\/#\/schema\/logo\/image\/","url":"http:\/\/www.anovapeneira.gal\/wp-content\/uploads\/2019\/06\/logo_a_nova_peneira_portal_web.png","contentUrl":"http:\/\/www.anovapeneira.gal\/wp-content\/uploads\/2019\/06\/logo_a_nova_peneira_portal_web.png","width":300,"height":100,"caption":"A Nova Peneira"},"image":{"@id":"https:\/\/www.anovapeneira.gal\/#\/schema\/logo\/image\/"},"sameAs":["https:\/\/www.facebook.com\/anovapeneira","https:\/\/x.com\/APeneira"]},{"@type":"Person","@id":"https:\/\/www.anovapeneira.gal\/#\/schema\/person\/b93e3f8932e3f8da96334607eb6ac6aa","name":"Redacci\u00f3n A Nova Peneira","image":{"@type":"ImageObject","inLanguage":"gl-ES","@id":"https:\/\/secure.gravatar.com\/avatar\/c052a2551a06e23fac63626232eaa90abd78dbcf1700fc46a2b2c89fd27b735f?s=96&d=mm&r=g","url":"https:\/\/secure.gravatar.com\/avatar\/c052a2551a06e23fac63626232eaa90abd78dbcf1700fc46a2b2c89fd27b735f?s=96&d=mm&r=g","contentUrl":"https:\/\/secure.gravatar.com\/avatar\/c052a2551a06e23fac63626232eaa90abd78dbcf1700fc46a2b2c89fd27b735f?s=96&d=mm&r=g","caption":"Redacci\u00f3n A Nova Peneira"},"sameAs":["http:\/\/www.anovapeneira.gal\/"],"url":"https:\/\/www.anovapeneira.gal\/index.php\/author\/redactor\/"}]}},"jetpack_featured_media_url":"https:\/\/www.anovapeneira.gal\/wp-content\/uploads\/2021\/10\/concello_porrino3c3.png","_links":{"self":[{"href":"https:\/\/www.anovapeneira.gal\/index.php\/wp-json\/wp\/v2\/posts\/10056","targetHints":{"allow":["GET"]}}],"collection":[{"href":"https:\/\/www.anovapeneira.gal\/index.php\/wp-json\/wp\/v2\/posts"}],"about":[{"href":"https:\/\/www.anovapeneira.gal\/index.php\/wp-json\/wp\/v2\/types\/post"}],"author":[{"embeddable":true,"href":"https:\/\/www.anovapeneira.gal\/index.php\/wp-json\/wp\/v2\/users\/3"}],"replies":[{"embeddable":true,"href":"https:\/\/www.anovapeneira.gal\/index.php\/wp-json\/wp\/v2\/comments?post=10056"}],"version-history":[{"count":2,"href":"https:\/\/www.anovapeneira.gal\/index.php\/wp-json\/wp\/v2\/posts\/10056\/revisions"}],"predecessor-version":[{"id":10058,"href":"https:\/\/www.anovapeneira.gal\/index.php\/wp-json\/wp\/v2\/posts\/10056\/revisions\/10058"}],"wp:featuredmedia":[{"embeddable":true,"href":"https:\/\/www.anovapeneira.gal\/index.php\/wp-json\/wp\/v2\/media\/6202"}],"wp:attachment":[{"href":"https:\/\/www.anovapeneira.gal\/index.php\/wp-json\/wp\/v2\/media?parent=10056"}],"wp:term":[{"taxonomy":"category","embeddable":true,"href":"https:\/\/www.anovapeneira.gal\/index.php\/wp-json\/wp\/v2\/categories?post=10056"},{"taxonomy":"post_tag","embeddable":true,"href":"https:\/\/www.anovapeneira.gal\/index.php\/wp-json\/wp\/v2\/tags?post=10056"}],"curies":[{"name":"wp","href":"https:\/\/api.w.org\/{rel}","templated":true}]}}