{"id":10076,"date":"2023-07-05T12:00:12","date_gmt":"2023-07-05T10:00:12","guid":{"rendered":"https:\/\/www.anovapeneira.gal\/?p=10076"},"modified":"2023-07-03T09:34:43","modified_gmt":"2023-07-03T07:34:43","slug":"casa-rivero-cumpre-15-anos","status":"publish","type":"post","link":"https:\/\/www.anovapeneira.gal\/index.php\/2023\/07\/05\/casa-rivero-cumpre-15-anos\/","title":{"rendered":"Casa Rivero cumpre 15 anos"},"content":{"rendered":"\n<p>Di a canci\u00f3n que 20 anos non son nada pero esa composici\u00f3n musical non di a verdade. Si que son, son moito para a vida dunha persoa , pois en d\u00faas d\u00e9cadas d\u00e1 tempo a acumular infinidade de experiencias vitais, a navegar polos mares do \u00e9xito e a transitar polo deserto da frustraci\u00f3n e o fracaso. A nosa protagonista desta humilde homenaxe, a nevense Remedios Rivero, non leva 20 anos no universo da hostalar\u00eda, leva 24. Os 9 primeiros tivo o Bule Bule en Ponteareas e os \u00faltimos 15 o casa Rivero , marabilloso local que estivo inicialmente en Mondariz Balneario e que desde o 29 de decembro de 2020, en pleno ano 0 da pandemia, est\u00e1 na parroquia de Bugar\u00edn no concello de Ponteareas.<\/p>\n\n\n\n<hr class=\"wp-block-separator has-text-color has-pale-cyan-blue-color has-alpha-channel-opacity has-pale-cyan-blue-background-color has-background\"\/>\n\n\n\n<figure class=\"wp-block-gallery has-nested-images columns-default is-cropped wp-block-gallery-1 is-layout-flex wp-block-gallery-is-layout-flex\">\n<figure class=\"wp-block-image size-large\"><img loading=\"lazy\" decoding=\"async\" width=\"1024\" height=\"768\" data-id=\"10078\" src=\"https:\/\/www.anovapeneira.gal\/wp-content\/uploads\/2023\/07\/Casa-Rivero-3-1024x768.jpg\" alt=\"\" class=\"wp-image-10078\" srcset=\"https:\/\/www.anovapeneira.gal\/wp-content\/uploads\/2023\/07\/Casa-Rivero-3-1024x768.jpg 1024w, https:\/\/www.anovapeneira.gal\/wp-content\/uploads\/2023\/07\/Casa-Rivero-3-300x225.jpg 300w, https:\/\/www.anovapeneira.gal\/wp-content\/uploads\/2023\/07\/Casa-Rivero-3-768x576.jpg 768w, https:\/\/www.anovapeneira.gal\/wp-content\/uploads\/2023\/07\/Casa-Rivero-3-1536x1152.jpg 1536w, https:\/\/www.anovapeneira.gal\/wp-content\/uploads\/2023\/07\/Casa-Rivero-3-2048x1536.jpg 2048w, https:\/\/www.anovapeneira.gal\/wp-content\/uploads\/2023\/07\/Casa-Rivero-3-678x509.jpg 678w, https:\/\/www.anovapeneira.gal\/wp-content\/uploads\/2023\/07\/Casa-Rivero-3-326x245.jpg 326w, https:\/\/www.anovapeneira.gal\/wp-content\/uploads\/2023\/07\/Casa-Rivero-3-80x60.jpg 80w\" sizes=\"auto, (max-width: 1024px) 100vw, 1024px\" \/><\/figure>\n\n\n\n<figure class=\"wp-block-image size-large\"><img loading=\"lazy\" decoding=\"async\" width=\"1024\" height=\"768\" data-id=\"10077\" src=\"https:\/\/www.anovapeneira.gal\/wp-content\/uploads\/2023\/07\/Casa-Rivero-2-1024x768.jpg\" alt=\"\" class=\"wp-image-10077\" srcset=\"https:\/\/www.anovapeneira.gal\/wp-content\/uploads\/2023\/07\/Casa-Rivero-2-1024x768.jpg 1024w, https:\/\/www.anovapeneira.gal\/wp-content\/uploads\/2023\/07\/Casa-Rivero-2-300x225.jpg 300w, https:\/\/www.anovapeneira.gal\/wp-content\/uploads\/2023\/07\/Casa-Rivero-2-768x576.jpg 768w, https:\/\/www.anovapeneira.gal\/wp-content\/uploads\/2023\/07\/Casa-Rivero-2-1536x1152.jpg 1536w, https:\/\/www.anovapeneira.gal\/wp-content\/uploads\/2023\/07\/Casa-Rivero-2-2048x1536.jpg 2048w, https:\/\/www.anovapeneira.gal\/wp-content\/uploads\/2023\/07\/Casa-Rivero-2-678x509.jpg 678w, https:\/\/www.anovapeneira.gal\/wp-content\/uploads\/2023\/07\/Casa-Rivero-2-326x245.jpg 326w, https:\/\/www.anovapeneira.gal\/wp-content\/uploads\/2023\/07\/Casa-Rivero-2-80x60.jpg 80w\" sizes=\"auto, (max-width: 1024px) 100vw, 1024px\" \/><\/figure>\n<\/figure>\n\n\n\n<hr class=\"wp-block-separator has-text-color has-pale-cyan-blue-color has-alpha-channel-opacity has-pale-cyan-blue-background-color has-background\"\/>\n\n\n\n<p>Reme e todo o seu equipo son excelentes profesionais e calquera cousa boa que se diga do servizo que ofrece Casa Rivero quedar\u00edase corta. S\u00f3 \u00e9 preciso que quen busque calidade, trato exquisito e un lugar con encanto para gozar dunha comida ou cea desas que deixan pegada na alma, se achegue a casa Rivero e indefectiblemente o restaurante de Bugar\u00edn acabar\u00e1 convertido nun dos seus lugares de referencia.<\/p>\n\n\n\n<p>Pero Reme \u00e9, sobre todo, aquilo que cantaba Antonio Machado:<\/p>\n\n\n\n<p>\u201c Un verso que brota de manancial sereno;<\/p>\n\n\n\n<p>e, m\u00e1is que unha persoa ao<\/p>\n\n\n\n<p>uso que sabe a s\u00faa doutrina,<\/p>\n\n\n\n<p>\u00e9, no bo sentido da<\/p>\n\n\n\n<p>palabra, boa\u201d.<\/p>\n\n\n\n<p>Eu apr\u00e9cioa moito, e o pasado 29 de xu\u00f1o, malia a mi\u00f1a axenda de tolos con actos por toda a provincia de Pontevedra, fixen un oco para asistir encantado \u00e1 celebraci\u00f3n do seu 15 aniversario no que gozamos dun exquisito men\u00fa degustaci\u00f3n no seu local de Bugar\u00edn. Non me queda m\u00e1is que erguer simbolicamente a mi\u00f1a copa para brindar por unha longa vida para Casa Rivero e para agradecer que as circunstancias permitiran que o seu cami\u00f1o e o de A Nova Peneira se cruzaran xa hai m\u00e1is de 10 anos. Parab\u00e9ns Reme polos 15 primeiros anos de casa Rivero e os meus mellores desexos para ti e para todo o teu equipo. Agardo que a vida vos premie coa luz e felicidade que merecedes ti e os teus.<\/p>\n","protected":false},"excerpt":{"rendered":"<div class=\"mh-excerpt\"><p>Di a canci\u00f3n que 20 anos non son nada pero esa composici\u00f3n musical non di a verdade. Si que son, son moito para a vida dunha persoa , pois en d\u00faas d\u00e9cadas d\u00e1 tempo a acumular infinidade de experiencias vitais, a navegar polos mares do \u00e9xito e a transitar polo deserto da frustraci\u00f3n e o fracaso. <a class=\"mh-excerpt-more\" href=\"https:\/\/www.anovapeneira.gal\/index.php\/2023\/07\/05\/casa-rivero-cumpre-15-anos\/\" title=\"Casa Rivero cumpre 15 anos\">[&#8230;]<\/a><\/p>\n<\/div>","protected":false},"author":2,"featured_media":10079,"comment_status":"open","ping_status":"open","sticky":false,"template":"","format":"standard","meta":{"_exactmetrics_skip_tracking":false,"_exactmetrics_sitenote_active":false,"_exactmetrics_sitenote_note":"","_exactmetrics_sitenote_category":0,"footnotes":""},"categories":[492],"tags":[208],"class_list":{"0":"post-10076","1":"post","2":"type-post","3":"status-publish","4":"format-standard","5":"has-post-thumbnail","7":"category-condado-reportaxes","8":"tag-concello-de-ponteareas"},"yoast_head":"<!-- This site is optimized with the Yoast SEO plugin v27.4 - https:\/\/yoast.com\/product\/yoast-seo-wordpress\/ -->\n<title>Casa Rivero cumpre 15 anos -<\/title>\n<meta name=\"description\" content=\"Di a canci\u00f3n que 20 anos non son nada pero esa composici\u00f3n musical non di a verdade. Si que son, son moito para a vida dunha persoa , pois en d\u00faas d\u00e9cadas d\u00e1 tempo a acumular infinidade de experiencias vitais, a navegar polos mares do \u00e9xito e a transitar polo deserto da frustraci\u00f3n e o fracaso.\" \/>\n<meta name=\"robots\" content=\"index, follow, max-snippet:-1, max-image-preview:large, max-video-preview:-1\" \/>\n<link rel=\"canonical\" href=\"https:\/\/www.anovapeneira.gal\/index.php\/2023\/07\/05\/casa-rivero-cumpre-15-anos\/\" \/>\n<meta property=\"og:locale\" content=\"gl_ES\" \/>\n<meta property=\"og:type\" content=\"article\" \/>\n<meta property=\"og:title\" content=\"Casa Rivero cumpre 15 anos -\" \/>\n<meta property=\"og:description\" content=\"Di a canci\u00f3n que 20 anos non son nada pero esa composici\u00f3n musical non di a verdade. Si que son, son moito para a vida dunha persoa , pois en d\u00faas d\u00e9cadas d\u00e1 tempo a acumular infinidade de experiencias vitais, a navegar polos mares do \u00e9xito e a transitar polo deserto da frustraci\u00f3n e o fracaso.\" \/>\n<meta property=\"og:url\" content=\"https:\/\/www.anovapeneira.gal\/index.php\/2023\/07\/05\/casa-rivero-cumpre-15-anos\/\" \/>\n<meta property=\"article:publisher\" content=\"https:\/\/www.facebook.com\/anovapeneira\" \/>\n<meta property=\"article:published_time\" content=\"2023-07-05T10:00:12+00:00\" \/>\n<meta property=\"og:image\" content=\"https:\/\/www.anovapeneira.gal\/wp-content\/uploads\/2023\/07\/Casa_Rivero_1.jpg\" \/>\n\t<meta property=\"og:image:width\" content=\"720\" \/>\n\t<meta property=\"og:image:height\" content=\"432\" \/>\n\t<meta property=\"og:image:type\" content=\"image\/jpeg\" \/>\n<meta name=\"author\" content=\"Tino Lago\" \/>\n<meta name=\"twitter:card\" content=\"summary_large_image\" \/>\n<meta name=\"twitter:creator\" content=\"@APeneira\" \/>\n<meta name=\"twitter:site\" content=\"@APeneira\" \/>\n<meta name=\"twitter:label1\" content=\"Escrito por\" \/>\n\t<meta name=\"twitter:data1\" content=\"Tino Lago\" \/>\n\t<meta name=\"twitter:label2\" content=\"Tempo de lectura\" \/>\n\t<meta name=\"twitter:data2\" content=\"3 minutos\" \/>\n<script type=\"application\/ld+json\" class=\"yoast-schema-graph\">{\"@context\":\"https:\\\/\\\/schema.org\",\"@graph\":[{\"@type\":\"Article\",\"@id\":\"https:\\\/\\\/www.anovapeneira.gal\\\/index.php\\\/2023\\\/07\\\/05\\\/casa-rivero-cumpre-15-anos\\\/#article\",\"isPartOf\":{\"@id\":\"https:\\\/\\\/www.anovapeneira.gal\\\/index.php\\\/2023\\\/07\\\/05\\\/casa-rivero-cumpre-15-anos\\\/\"},\"author\":{\"name\":\"Tino Lago\",\"@id\":\"https:\\\/\\\/www.anovapeneira.gal\\\/#\\\/schema\\\/person\\\/424dfe65e3070fd8a44d22d2c088762a\"},\"headline\":\"Casa Rivero cumpre 15 anos\",\"datePublished\":\"2023-07-05T10:00:12+00:00\",\"mainEntityOfPage\":{\"@id\":\"https:\\\/\\\/www.anovapeneira.gal\\\/index.php\\\/2023\\\/07\\\/05\\\/casa-rivero-cumpre-15-anos\\\/\"},\"wordCount\":367,\"commentCount\":0,\"publisher\":{\"@id\":\"https:\\\/\\\/www.anovapeneira.gal\\\/#organization\"},\"image\":{\"@id\":\"https:\\\/\\\/www.anovapeneira.gal\\\/index.php\\\/2023\\\/07\\\/05\\\/casa-rivero-cumpre-15-anos\\\/#primaryimage\"},\"thumbnailUrl\":\"https:\\\/\\\/www.anovapeneira.gal\\\/wp-content\\\/uploads\\\/2023\\\/07\\\/Casa_Rivero_1.jpg\",\"keywords\":[\"Concello de Ponteareas\"],\"articleSection\":[\"Condado\"],\"inLanguage\":\"gl-ES\",\"potentialAction\":[{\"@type\":\"CommentAction\",\"name\":\"Comment\",\"target\":[\"https:\\\/\\\/www.anovapeneira.gal\\\/index.php\\\/2023\\\/07\\\/05\\\/casa-rivero-cumpre-15-anos\\\/#respond\"]}]},{\"@type\":\"WebPage\",\"@id\":\"https:\\\/\\\/www.anovapeneira.gal\\\/index.php\\\/2023\\\/07\\\/05\\\/casa-rivero-cumpre-15-anos\\\/\",\"url\":\"https:\\\/\\\/www.anovapeneira.gal\\\/index.php\\\/2023\\\/07\\\/05\\\/casa-rivero-cumpre-15-anos\\\/\",\"name\":\"Casa Rivero cumpre 15 anos -\",\"isPartOf\":{\"@id\":\"https:\\\/\\\/www.anovapeneira.gal\\\/#website\"},\"primaryImageOfPage\":{\"@id\":\"https:\\\/\\\/www.anovapeneira.gal\\\/index.php\\\/2023\\\/07\\\/05\\\/casa-rivero-cumpre-15-anos\\\/#primaryimage\"},\"image\":{\"@id\":\"https:\\\/\\\/www.anovapeneira.gal\\\/index.php\\\/2023\\\/07\\\/05\\\/casa-rivero-cumpre-15-anos\\\/#primaryimage\"},\"thumbnailUrl\":\"https:\\\/\\\/www.anovapeneira.gal\\\/wp-content\\\/uploads\\\/2023\\\/07\\\/Casa_Rivero_1.jpg\",\"datePublished\":\"2023-07-05T10:00:12+00:00\",\"description\":\"Di a canci\u00f3n que 20 anos non son nada pero esa composici\u00f3n musical non di a verdade. Si que son, son moito para a vida dunha persoa , pois en d\u00faas d\u00e9cadas d\u00e1 tempo a acumular infinidade de experiencias vitais, a navegar polos mares do \u00e9xito e a transitar polo deserto da frustraci\u00f3n e o fracaso.\",\"breadcrumb\":{\"@id\":\"https:\\\/\\\/www.anovapeneira.gal\\\/index.php\\\/2023\\\/07\\\/05\\\/casa-rivero-cumpre-15-anos\\\/#breadcrumb\"},\"inLanguage\":\"gl-ES\",\"potentialAction\":[{\"@type\":\"ReadAction\",\"target\":[\"https:\\\/\\\/www.anovapeneira.gal\\\/index.php\\\/2023\\\/07\\\/05\\\/casa-rivero-cumpre-15-anos\\\/\"]}]},{\"@type\":\"ImageObject\",\"inLanguage\":\"gl-ES\",\"@id\":\"https:\\\/\\\/www.anovapeneira.gal\\\/index.php\\\/2023\\\/07\\\/05\\\/casa-rivero-cumpre-15-anos\\\/#primaryimage\",\"url\":\"https:\\\/\\\/www.anovapeneira.gal\\\/wp-content\\\/uploads\\\/2023\\\/07\\\/Casa_Rivero_1.jpg\",\"contentUrl\":\"https:\\\/\\\/www.anovapeneira.gal\\\/wp-content\\\/uploads\\\/2023\\\/07\\\/Casa_Rivero_1.jpg\",\"width\":720,\"height\":432,\"caption\":\"Casa Rivero Ponteareas\"},{\"@type\":\"BreadcrumbList\",\"@id\":\"https:\\\/\\\/www.anovapeneira.gal\\\/index.php\\\/2023\\\/07\\\/05\\\/casa-rivero-cumpre-15-anos\\\/#breadcrumb\",\"itemListElement\":[{\"@type\":\"ListItem\",\"position\":1,\"name\":\"Portada\",\"item\":\"https:\\\/\\\/www.anovapeneira.gal\\\/\"},{\"@type\":\"ListItem\",\"position\":2,\"name\":\"Casa Rivero cumpre 15 anos\"}]},{\"@type\":\"WebSite\",\"@id\":\"https:\\\/\\\/www.anovapeneira.gal\\\/#website\",\"url\":\"https:\\\/\\\/www.anovapeneira.gal\\\/\",\"name\":\"\",\"description\":\"Xornal galego de informaci\u00f3n xeral Publicaci\u00f3n mensual de novas de Galicia e en especial dos Concellos da sur da provincia de Pontevedra.\",\"publisher\":{\"@id\":\"https:\\\/\\\/www.anovapeneira.gal\\\/#organization\"},\"potentialAction\":[{\"@type\":\"SearchAction\",\"target\":{\"@type\":\"EntryPoint\",\"urlTemplate\":\"https:\\\/\\\/www.anovapeneira.gal\\\/?s={search_term_string}\"},\"query-input\":{\"@type\":\"PropertyValueSpecification\",\"valueRequired\":true,\"valueName\":\"search_term_string\"}}],\"inLanguage\":\"gl-ES\"},{\"@type\":\"Organization\",\"@id\":\"https:\\\/\\\/www.anovapeneira.gal\\\/#organization\",\"name\":\"A Nova Peneira\",\"url\":\"https:\\\/\\\/www.anovapeneira.gal\\\/\",\"logo\":{\"@type\":\"ImageObject\",\"inLanguage\":\"gl-ES\",\"@id\":\"https:\\\/\\\/www.anovapeneira.gal\\\/#\\\/schema\\\/logo\\\/image\\\/\",\"url\":\"http:\\\/\\\/www.anovapeneira.gal\\\/wp-content\\\/uploads\\\/2019\\\/06\\\/logo_a_nova_peneira_portal_web.png\",\"contentUrl\":\"http:\\\/\\\/www.anovapeneira.gal\\\/wp-content\\\/uploads\\\/2019\\\/06\\\/logo_a_nova_peneira_portal_web.png\",\"width\":300,\"height\":100,\"caption\":\"A Nova Peneira\"},\"image\":{\"@id\":\"https:\\\/\\\/www.anovapeneira.gal\\\/#\\\/schema\\\/logo\\\/image\\\/\"},\"sameAs\":[\"https:\\\/\\\/www.facebook.com\\\/anovapeneira\",\"https:\\\/\\\/x.com\\\/APeneira\"]},{\"@type\":\"Person\",\"@id\":\"https:\\\/\\\/www.anovapeneira.gal\\\/#\\\/schema\\\/person\\\/424dfe65e3070fd8a44d22d2c088762a\",\"name\":\"Tino Lago\",\"image\":{\"@type\":\"ImageObject\",\"inLanguage\":\"gl-ES\",\"@id\":\"https:\\\/\\\/secure.gravatar.com\\\/avatar\\\/b3df6a06e44bab3111583b90f0f33a0379ee5e3d22cbadd232d39f21c30c62be?s=96&d=mm&r=g\",\"url\":\"https:\\\/\\\/secure.gravatar.com\\\/avatar\\\/b3df6a06e44bab3111583b90f0f33a0379ee5e3d22cbadd232d39f21c30c62be?s=96&d=mm&r=g\",\"contentUrl\":\"https:\\\/\\\/secure.gravatar.com\\\/avatar\\\/b3df6a06e44bab3111583b90f0f33a0379ee5e3d22cbadd232d39f21c30c62be?s=96&d=mm&r=g\",\"caption\":\"Tino Lago\"},\"sameAs\":[\"http:\\\/\\\/www.anovapeneira.gal\"],\"url\":\"https:\\\/\\\/www.anovapeneira.gal\\\/index.php\\\/author\\\/director\\\/\"}]}<\/script>\n<!-- \/ Yoast SEO plugin. -->","yoast_head_json":{"title":"Casa Rivero cumpre 15 anos -","description":"Di a canci\u00f3n que 20 anos non son nada pero esa composici\u00f3n musical non di a verdade. Si que son, son moito para a vida dunha persoa , pois en d\u00faas d\u00e9cadas d\u00e1 tempo a acumular infinidade de experiencias vitais, a navegar polos mares do \u00e9xito e a transitar polo deserto da frustraci\u00f3n e o fracaso.","robots":{"index":"index","follow":"follow","max-snippet":"max-snippet:-1","max-image-preview":"max-image-preview:large","max-video-preview":"max-video-preview:-1"},"canonical":"https:\/\/www.anovapeneira.gal\/index.php\/2023\/07\/05\/casa-rivero-cumpre-15-anos\/","og_locale":"gl_ES","og_type":"article","og_title":"Casa Rivero cumpre 15 anos -","og_description":"Di a canci\u00f3n que 20 anos non son nada pero esa composici\u00f3n musical non di a verdade. Si que son, son moito para a vida dunha persoa , pois en d\u00faas d\u00e9cadas d\u00e1 tempo a acumular infinidade de experiencias vitais, a navegar polos mares do \u00e9xito e a transitar polo deserto da frustraci\u00f3n e o fracaso.","og_url":"https:\/\/www.anovapeneira.gal\/index.php\/2023\/07\/05\/casa-rivero-cumpre-15-anos\/","article_publisher":"https:\/\/www.facebook.com\/anovapeneira","article_published_time":"2023-07-05T10:00:12+00:00","og_image":[{"width":720,"height":432,"url":"https:\/\/www.anovapeneira.gal\/wp-content\/uploads\/2023\/07\/Casa_Rivero_1.jpg","type":"image\/jpeg"}],"author":"Tino Lago","twitter_card":"summary_large_image","twitter_creator":"@APeneira","twitter_site":"@APeneira","twitter_misc":{"Escrito por":"Tino Lago","Tempo de lectura":"3 minutos"},"schema":{"@context":"https:\/\/schema.org","@graph":[{"@type":"Article","@id":"https:\/\/www.anovapeneira.gal\/index.php\/2023\/07\/05\/casa-rivero-cumpre-15-anos\/#article","isPartOf":{"@id":"https:\/\/www.anovapeneira.gal\/index.php\/2023\/07\/05\/casa-rivero-cumpre-15-anos\/"},"author":{"name":"Tino Lago","@id":"https:\/\/www.anovapeneira.gal\/#\/schema\/person\/424dfe65e3070fd8a44d22d2c088762a"},"headline":"Casa Rivero cumpre 15 anos","datePublished":"2023-07-05T10:00:12+00:00","mainEntityOfPage":{"@id":"https:\/\/www.anovapeneira.gal\/index.php\/2023\/07\/05\/casa-rivero-cumpre-15-anos\/"},"wordCount":367,"commentCount":0,"publisher":{"@id":"https:\/\/www.anovapeneira.gal\/#organization"},"image":{"@id":"https:\/\/www.anovapeneira.gal\/index.php\/2023\/07\/05\/casa-rivero-cumpre-15-anos\/#primaryimage"},"thumbnailUrl":"https:\/\/www.anovapeneira.gal\/wp-content\/uploads\/2023\/07\/Casa_Rivero_1.jpg","keywords":["Concello de Ponteareas"],"articleSection":["Condado"],"inLanguage":"gl-ES","potentialAction":[{"@type":"CommentAction","name":"Comment","target":["https:\/\/www.anovapeneira.gal\/index.php\/2023\/07\/05\/casa-rivero-cumpre-15-anos\/#respond"]}]},{"@type":"WebPage","@id":"https:\/\/www.anovapeneira.gal\/index.php\/2023\/07\/05\/casa-rivero-cumpre-15-anos\/","url":"https:\/\/www.anovapeneira.gal\/index.php\/2023\/07\/05\/casa-rivero-cumpre-15-anos\/","name":"Casa Rivero cumpre 15 anos -","isPartOf":{"@id":"https:\/\/www.anovapeneira.gal\/#website"},"primaryImageOfPage":{"@id":"https:\/\/www.anovapeneira.gal\/index.php\/2023\/07\/05\/casa-rivero-cumpre-15-anos\/#primaryimage"},"image":{"@id":"https:\/\/www.anovapeneira.gal\/index.php\/2023\/07\/05\/casa-rivero-cumpre-15-anos\/#primaryimage"},"thumbnailUrl":"https:\/\/www.anovapeneira.gal\/wp-content\/uploads\/2023\/07\/Casa_Rivero_1.jpg","datePublished":"2023-07-05T10:00:12+00:00","description":"Di a canci\u00f3n que 20 anos non son nada pero esa composici\u00f3n musical non di a verdade. Si que son, son moito para a vida dunha persoa , pois en d\u00faas d\u00e9cadas d\u00e1 tempo a acumular infinidade de experiencias vitais, a navegar polos mares do \u00e9xito e a transitar polo deserto da frustraci\u00f3n e o fracaso.","breadcrumb":{"@id":"https:\/\/www.anovapeneira.gal\/index.php\/2023\/07\/05\/casa-rivero-cumpre-15-anos\/#breadcrumb"},"inLanguage":"gl-ES","potentialAction":[{"@type":"ReadAction","target":["https:\/\/www.anovapeneira.gal\/index.php\/2023\/07\/05\/casa-rivero-cumpre-15-anos\/"]}]},{"@type":"ImageObject","inLanguage":"gl-ES","@id":"https:\/\/www.anovapeneira.gal\/index.php\/2023\/07\/05\/casa-rivero-cumpre-15-anos\/#primaryimage","url":"https:\/\/www.anovapeneira.gal\/wp-content\/uploads\/2023\/07\/Casa_Rivero_1.jpg","contentUrl":"https:\/\/www.anovapeneira.gal\/wp-content\/uploads\/2023\/07\/Casa_Rivero_1.jpg","width":720,"height":432,"caption":"Casa Rivero Ponteareas"},{"@type":"BreadcrumbList","@id":"https:\/\/www.anovapeneira.gal\/index.php\/2023\/07\/05\/casa-rivero-cumpre-15-anos\/#breadcrumb","itemListElement":[{"@type":"ListItem","position":1,"name":"Portada","item":"https:\/\/www.anovapeneira.gal\/"},{"@type":"ListItem","position":2,"name":"Casa Rivero cumpre 15 anos"}]},{"@type":"WebSite","@id":"https:\/\/www.anovapeneira.gal\/#website","url":"https:\/\/www.anovapeneira.gal\/","name":"","description":"Xornal galego de informaci\u00f3n xeral Publicaci\u00f3n mensual de novas de Galicia e en especial dos Concellos da sur da provincia de Pontevedra.","publisher":{"@id":"https:\/\/www.anovapeneira.gal\/#organization"},"potentialAction":[{"@type":"SearchAction","target":{"@type":"EntryPoint","urlTemplate":"https:\/\/www.anovapeneira.gal\/?s={search_term_string}"},"query-input":{"@type":"PropertyValueSpecification","valueRequired":true,"valueName":"search_term_string"}}],"inLanguage":"gl-ES"},{"@type":"Organization","@id":"https:\/\/www.anovapeneira.gal\/#organization","name":"A Nova Peneira","url":"https:\/\/www.anovapeneira.gal\/","logo":{"@type":"ImageObject","inLanguage":"gl-ES","@id":"https:\/\/www.anovapeneira.gal\/#\/schema\/logo\/image\/","url":"http:\/\/www.anovapeneira.gal\/wp-content\/uploads\/2019\/06\/logo_a_nova_peneira_portal_web.png","contentUrl":"http:\/\/www.anovapeneira.gal\/wp-content\/uploads\/2019\/06\/logo_a_nova_peneira_portal_web.png","width":300,"height":100,"caption":"A Nova Peneira"},"image":{"@id":"https:\/\/www.anovapeneira.gal\/#\/schema\/logo\/image\/"},"sameAs":["https:\/\/www.facebook.com\/anovapeneira","https:\/\/x.com\/APeneira"]},{"@type":"Person","@id":"https:\/\/www.anovapeneira.gal\/#\/schema\/person\/424dfe65e3070fd8a44d22d2c088762a","name":"Tino Lago","image":{"@type":"ImageObject","inLanguage":"gl-ES","@id":"https:\/\/secure.gravatar.com\/avatar\/b3df6a06e44bab3111583b90f0f33a0379ee5e3d22cbadd232d39f21c30c62be?s=96&d=mm&r=g","url":"https:\/\/secure.gravatar.com\/avatar\/b3df6a06e44bab3111583b90f0f33a0379ee5e3d22cbadd232d39f21c30c62be?s=96&d=mm&r=g","contentUrl":"https:\/\/secure.gravatar.com\/avatar\/b3df6a06e44bab3111583b90f0f33a0379ee5e3d22cbadd232d39f21c30c62be?s=96&d=mm&r=g","caption":"Tino Lago"},"sameAs":["http:\/\/www.anovapeneira.gal"],"url":"https:\/\/www.anovapeneira.gal\/index.php\/author\/director\/"}]}},"jetpack_featured_media_url":"https:\/\/www.anovapeneira.gal\/wp-content\/uploads\/2023\/07\/Casa_Rivero_1.jpg","_links":{"self":[{"href":"https:\/\/www.anovapeneira.gal\/index.php\/wp-json\/wp\/v2\/posts\/10076","targetHints":{"allow":["GET"]}}],"collection":[{"href":"https:\/\/www.anovapeneira.gal\/index.php\/wp-json\/wp\/v2\/posts"}],"about":[{"href":"https:\/\/www.anovapeneira.gal\/index.php\/wp-json\/wp\/v2\/types\/post"}],"author":[{"embeddable":true,"href":"https:\/\/www.anovapeneira.gal\/index.php\/wp-json\/wp\/v2\/users\/2"}],"replies":[{"embeddable":true,"href":"https:\/\/www.anovapeneira.gal\/index.php\/wp-json\/wp\/v2\/comments?post=10076"}],"version-history":[{"count":3,"href":"https:\/\/www.anovapeneira.gal\/index.php\/wp-json\/wp\/v2\/posts\/10076\/revisions"}],"predecessor-version":[{"id":10082,"href":"https:\/\/www.anovapeneira.gal\/index.php\/wp-json\/wp\/v2\/posts\/10076\/revisions\/10082"}],"wp:featuredmedia":[{"embeddable":true,"href":"https:\/\/www.anovapeneira.gal\/index.php\/wp-json\/wp\/v2\/media\/10079"}],"wp:attachment":[{"href":"https:\/\/www.anovapeneira.gal\/index.php\/wp-json\/wp\/v2\/media?parent=10076"}],"wp:term":[{"taxonomy":"category","embeddable":true,"href":"https:\/\/www.anovapeneira.gal\/index.php\/wp-json\/wp\/v2\/categories?post=10076"},{"taxonomy":"post_tag","embeddable":true,"href":"https:\/\/www.anovapeneira.gal\/index.php\/wp-json\/wp\/v2\/tags?post=10076"}],"curies":[{"name":"wp","href":"https:\/\/api.w.org\/{rel}","templated":true}]}}