{"id":10083,"date":"2023-07-06T12:00:31","date_gmt":"2023-07-06T10:00:31","guid":{"rendered":"https:\/\/www.anovapeneira.gal\/?p=10083"},"modified":"2023-07-03T09:41:00","modified_gmt":"2023-07-03T07:41:00","slug":"o-bng-ve-inxustificado-o-incremento-dos-soldos-do-goberno-de-mos-nun-37","status":"publish","type":"post","link":"https:\/\/www.anovapeneira.gal\/index.php\/2023\/07\/06\/o-bng-ve-inxustificado-o-incremento-dos-soldos-do-goberno-de-mos-nun-37\/","title":{"rendered":"O BNG ve &#8220;inxustificado&#8221; o incremento dos soldos do goberno de Mos nun 37%"},"content":{"rendered":"\n<h2 class=\"wp-block-heading\"><strong>O PP de Nidia Ar\u00e9valo aprobou cinco dedicaci\u00f3ns exclusivas e unha parcial, elevando o gasto anual a 198.000 euros, 53.600 m\u00e1is que o aprobado en 2019.<\/strong><\/h2>\n\n\n\n<h2 class=\"wp-block-heading\"><strong>Gustavo Barcia denuncia &#8220;a hipocris\u00eda&#8221; da alcaldesa, que comezou o mandato anterior con catro dedicaci\u00f3ns exclusivas &#8220;e agora di que \u00e9 imposible gobernar as\u00ed&#8221;.<\/strong><\/h2>\n\n\n\n<p><strong>Mos, 30 de xu\u00f1o de 2023. <\/strong><\/p>\n\n\n\n<p>No pleno de organizaci\u00f3n do Concello de Mos para o mandato 2023-2027, o Grupo Municipal do BNG pronunciouse en contra das novas asignaci\u00f3ns de responsabilidades para os membros o equipo de goberno. O PP de Nidia Ar\u00e9valo aprobou cinco dedicaci\u00f3ns exclusivas e unha parcial, o cal vai supo\u00f1er un gasto anual de 198.000 en soldos de concelleiros e concelleiras. O portavoz nacionalista, Gustavo Barcia, considera que se trata dunha cifra &#8220;desproporcionada e inxustificada&#8221;, atendendo \u00e1 &#8220;situaci\u00f3n precaria&#8221; da econom\u00eda municipal e indica que vai supo\u00f1er un incremento de m\u00e1is do 37% con respecto \u00e1s remuneraci\u00f3ns aprobadas ao inicio do mandato anterior.<\/p>\n\n\n\n<p>En 2019, a alcaldesa conformara tralas elecci\u00f3ns un goberno con catro dedicaci\u00f3ns exclusivas e os soldos ascend\u00edan naquel momento a 144.400 euros. Na segunda metade do mandato, tras a entrada de Jos\u00e9 Areal na corporaci\u00f3n municipal, o PP ampliou o gasto a 176.000 euros e agora as arcas p\u00fablicas deber\u00e1n asumir un novo incremento. &#8220;Hai catro anos, a se\u00f1ora Ar\u00e9valo gab\u00e1base de reducir o gasto e agora di que \u00e9 imposible xestionar o Concello coas catro dedicaci\u00f3ns exclusivas que ela mesma aprobou naquel momento&#8221;, sinala Gustavo Barcia.<\/p>\n\n\n\n<p>A propia alcaldesa apelou, literalmente, \u00e1 &#8220;maior\u00eda aplastante&#8221; que o PP acadou o 28 de maio para xustificar o aumento das retribuci\u00f3ns, un argumento que o portavoz do BNG cualifica de &#8220;hip\u00f3crita e inaceptable&#8221;. Na s\u00faa opini\u00f3n, &#8220;a alcaldesa pensa que pode facer o que lle dea a gana, pero a democracia non funciona as\u00ed e ela deber\u00eda de sabelo&#8221;. No pleno de organizaci\u00f3n, Barcia denunciou que o PP &#8220;enganou \u00e1 veci\u00f1anza&#8221; durante \u00e1 campa\u00f1a, xa que &#8220;nunca se atreveron a revelar as s\u00faas intenci\u00f3ns de aumentar o gasto en soldos do goberno&#8221;.<\/p>\n\n\n\n<p>Grupo Municipal do BNG<\/p>\n\n\n\n<p>Tras co\u00f1ecer o reparto de \u00e1reas do equipo de Nidia Ar\u00e9valo, o Grupo Municipal do BNG reorganizar\u00e1 o seu funcionamento interno asignando responsabilidades \u00e1s tres persoas que obtiveron acta na corporaci\u00f3n. Gustavo Barcia manter\u00e1 a portavoc\u00eda, pero Sara Samart\u00edn e Alberto Barreiro participar\u00e1n activamente tam\u00e9n nos plenos e nas comisi\u00f3ns. &#8220;Con tres persoas, podemos triplicar as nosas capacidade de traballo, fiscalizando de maneira m\u00e1is eficaz a acci\u00f3n do goberno e realizando, coma sempre, propostas construtivas que beneficien ao conxunto da veci\u00f1anza&#8221;, explica o portavoz nacionalista.<\/p>\n","protected":false},"excerpt":{"rendered":"<div class=\"mh-excerpt\"><p>O PP de Nidia Ar\u00e9valo aprobou cinco dedicaci\u00f3ns exclusivas e unha parcial, elevando o gasto anual a 198.000 euros, 53.600 m\u00e1is que o aprobado en 2019. <a class=\"mh-excerpt-more\" href=\"https:\/\/www.anovapeneira.gal\/index.php\/2023\/07\/06\/o-bng-ve-inxustificado-o-incremento-dos-soldos-do-goberno-de-mos-nun-37\/\" title=\"O BNG ve &#8220;inxustificado&#8221; o incremento dos soldos do goberno de Mos nun 37%\">[&#8230;]<\/a><\/p>\n<\/div>","protected":false},"author":3,"featured_media":10085,"comment_status":"open","ping_status":"open","sticky":false,"template":"","format":"standard","meta":{"_exactmetrics_skip_tracking":false,"_exactmetrics_sitenote_active":false,"_exactmetrics_sitenote_note":"","_exactmetrics_sitenote_category":0,"footnotes":""},"categories":[23],"tags":[218],"class_list":{"0":"post-10083","1":"post","2":"type-post","3":"status-publish","4":"format-standard","5":"has-post-thumbnail","7":"category-a-lourina","8":"tag-concello-de-mos"},"yoast_head":"<!-- This site is optimized with the Yoast SEO plugin v27.4 - https:\/\/yoast.com\/product\/yoast-seo-wordpress\/ -->\n<title>O BNG ve &quot;inxustificado&quot; o incremento dos soldos do goberno de Mos nun 37% -<\/title>\n<meta name=\"description\" content=\"O PP de Nidia Ar\u00e9valo aprobou cinco dedicaci\u00f3ns exclusivas e unha parcial, elevando o gasto anual a 198.000 euros, 53.600 m\u00e1is que o aprobado en 2019.\" \/>\n<meta name=\"robots\" content=\"index, follow, max-snippet:-1, max-image-preview:large, max-video-preview:-1\" \/>\n<link rel=\"canonical\" href=\"https:\/\/www.anovapeneira.gal\/index.php\/2023\/07\/06\/o-bng-ve-inxustificado-o-incremento-dos-soldos-do-goberno-de-mos-nun-37\/\" \/>\n<meta property=\"og:locale\" content=\"gl_ES\" \/>\n<meta property=\"og:type\" content=\"article\" \/>\n<meta property=\"og:title\" content=\"O BNG ve &quot;inxustificado&quot; o incremento dos soldos do goberno de Mos nun 37% -\" \/>\n<meta property=\"og:description\" content=\"O PP de Nidia Ar\u00e9valo aprobou cinco dedicaci\u00f3ns exclusivas e unha parcial, elevando o gasto anual a 198.000 euros, 53.600 m\u00e1is que o aprobado en 2019.\" \/>\n<meta property=\"og:url\" content=\"https:\/\/www.anovapeneira.gal\/index.php\/2023\/07\/06\/o-bng-ve-inxustificado-o-incremento-dos-soldos-do-goberno-de-mos-nun-37\/\" \/>\n<meta property=\"article:publisher\" content=\"https:\/\/www.facebook.com\/anovapeneira\" \/>\n<meta property=\"article:published_time\" content=\"2023-07-06T10:00:31+00:00\" \/>\n<meta property=\"og:image\" content=\"https:\/\/www.anovapeneira.gal\/wp-content\/uploads\/2023\/07\/Grupo_Municipal_BNG_mos.jpg\" \/>\n\t<meta property=\"og:image:width\" content=\"720\" \/>\n\t<meta property=\"og:image:height\" content=\"432\" \/>\n\t<meta property=\"og:image:type\" content=\"image\/jpeg\" \/>\n<meta name=\"author\" content=\"Redacci\u00f3n A Nova Peneira\" \/>\n<meta name=\"twitter:card\" content=\"summary_large_image\" \/>\n<meta name=\"twitter:creator\" content=\"@APeneira\" \/>\n<meta name=\"twitter:site\" content=\"@APeneira\" \/>\n<meta name=\"twitter:label1\" content=\"Escrito por\" \/>\n\t<meta name=\"twitter:data1\" content=\"Redacci\u00f3n A Nova Peneira\" \/>\n\t<meta name=\"twitter:label2\" content=\"Tempo de lectura\" \/>\n\t<meta name=\"twitter:data2\" content=\"3 minutos\" \/>\n<script type=\"application\/ld+json\" class=\"yoast-schema-graph\">{\"@context\":\"https:\\\/\\\/schema.org\",\"@graph\":[{\"@type\":\"Article\",\"@id\":\"https:\\\/\\\/www.anovapeneira.gal\\\/index.php\\\/2023\\\/07\\\/06\\\/o-bng-ve-inxustificado-o-incremento-dos-soldos-do-goberno-de-mos-nun-37\\\/#article\",\"isPartOf\":{\"@id\":\"https:\\\/\\\/www.anovapeneira.gal\\\/index.php\\\/2023\\\/07\\\/06\\\/o-bng-ve-inxustificado-o-incremento-dos-soldos-do-goberno-de-mos-nun-37\\\/\"},\"author\":{\"name\":\"Redacci\u00f3n A Nova Peneira\",\"@id\":\"https:\\\/\\\/www.anovapeneira.gal\\\/#\\\/schema\\\/person\\\/b93e3f8932e3f8da96334607eb6ac6aa\"},\"headline\":\"O BNG ve &#8220;inxustificado&#8221; o incremento dos soldos do goberno de Mos nun 37%\",\"datePublished\":\"2023-07-06T10:00:31+00:00\",\"mainEntityOfPage\":{\"@id\":\"https:\\\/\\\/www.anovapeneira.gal\\\/index.php\\\/2023\\\/07\\\/06\\\/o-bng-ve-inxustificado-o-incremento-dos-soldos-do-goberno-de-mos-nun-37\\\/\"},\"wordCount\":470,\"commentCount\":0,\"publisher\":{\"@id\":\"https:\\\/\\\/www.anovapeneira.gal\\\/#organization\"},\"image\":{\"@id\":\"https:\\\/\\\/www.anovapeneira.gal\\\/index.php\\\/2023\\\/07\\\/06\\\/o-bng-ve-inxustificado-o-incremento-dos-soldos-do-goberno-de-mos-nun-37\\\/#primaryimage\"},\"thumbnailUrl\":\"https:\\\/\\\/www.anovapeneira.gal\\\/wp-content\\\/uploads\\\/2023\\\/07\\\/Grupo_Municipal_BNG_mos.jpg\",\"keywords\":[\"Concello de Mos\"],\"articleSection\":[\"A Louri\u00f1a\"],\"inLanguage\":\"gl-ES\",\"potentialAction\":[{\"@type\":\"CommentAction\",\"name\":\"Comment\",\"target\":[\"https:\\\/\\\/www.anovapeneira.gal\\\/index.php\\\/2023\\\/07\\\/06\\\/o-bng-ve-inxustificado-o-incremento-dos-soldos-do-goberno-de-mos-nun-37\\\/#respond\"]}]},{\"@type\":\"WebPage\",\"@id\":\"https:\\\/\\\/www.anovapeneira.gal\\\/index.php\\\/2023\\\/07\\\/06\\\/o-bng-ve-inxustificado-o-incremento-dos-soldos-do-goberno-de-mos-nun-37\\\/\",\"url\":\"https:\\\/\\\/www.anovapeneira.gal\\\/index.php\\\/2023\\\/07\\\/06\\\/o-bng-ve-inxustificado-o-incremento-dos-soldos-do-goberno-de-mos-nun-37\\\/\",\"name\":\"O BNG ve \\\"inxustificado\\\" o incremento dos soldos do goberno de Mos nun 37% -\",\"isPartOf\":{\"@id\":\"https:\\\/\\\/www.anovapeneira.gal\\\/#website\"},\"primaryImageOfPage\":{\"@id\":\"https:\\\/\\\/www.anovapeneira.gal\\\/index.php\\\/2023\\\/07\\\/06\\\/o-bng-ve-inxustificado-o-incremento-dos-soldos-do-goberno-de-mos-nun-37\\\/#primaryimage\"},\"image\":{\"@id\":\"https:\\\/\\\/www.anovapeneira.gal\\\/index.php\\\/2023\\\/07\\\/06\\\/o-bng-ve-inxustificado-o-incremento-dos-soldos-do-goberno-de-mos-nun-37\\\/#primaryimage\"},\"thumbnailUrl\":\"https:\\\/\\\/www.anovapeneira.gal\\\/wp-content\\\/uploads\\\/2023\\\/07\\\/Grupo_Municipal_BNG_mos.jpg\",\"datePublished\":\"2023-07-06T10:00:31+00:00\",\"description\":\"O PP de Nidia Ar\u00e9valo aprobou cinco dedicaci\u00f3ns exclusivas e unha parcial, elevando o gasto anual a 198.000 euros, 53.600 m\u00e1is que o aprobado en 2019.\",\"breadcrumb\":{\"@id\":\"https:\\\/\\\/www.anovapeneira.gal\\\/index.php\\\/2023\\\/07\\\/06\\\/o-bng-ve-inxustificado-o-incremento-dos-soldos-do-goberno-de-mos-nun-37\\\/#breadcrumb\"},\"inLanguage\":\"gl-ES\",\"potentialAction\":[{\"@type\":\"ReadAction\",\"target\":[\"https:\\\/\\\/www.anovapeneira.gal\\\/index.php\\\/2023\\\/07\\\/06\\\/o-bng-ve-inxustificado-o-incremento-dos-soldos-do-goberno-de-mos-nun-37\\\/\"]}]},{\"@type\":\"ImageObject\",\"inLanguage\":\"gl-ES\",\"@id\":\"https:\\\/\\\/www.anovapeneira.gal\\\/index.php\\\/2023\\\/07\\\/06\\\/o-bng-ve-inxustificado-o-incremento-dos-soldos-do-goberno-de-mos-nun-37\\\/#primaryimage\",\"url\":\"https:\\\/\\\/www.anovapeneira.gal\\\/wp-content\\\/uploads\\\/2023\\\/07\\\/Grupo_Municipal_BNG_mos.jpg\",\"contentUrl\":\"https:\\\/\\\/www.anovapeneira.gal\\\/wp-content\\\/uploads\\\/2023\\\/07\\\/Grupo_Municipal_BNG_mos.jpg\",\"width\":720,\"height\":432,\"caption\":\"Grupo Municipal BNG de Mos\"},{\"@type\":\"BreadcrumbList\",\"@id\":\"https:\\\/\\\/www.anovapeneira.gal\\\/index.php\\\/2023\\\/07\\\/06\\\/o-bng-ve-inxustificado-o-incremento-dos-soldos-do-goberno-de-mos-nun-37\\\/#breadcrumb\",\"itemListElement\":[{\"@type\":\"ListItem\",\"position\":1,\"name\":\"Portada\",\"item\":\"https:\\\/\\\/www.anovapeneira.gal\\\/\"},{\"@type\":\"ListItem\",\"position\":2,\"name\":\"O BNG ve &#8220;inxustificado&#8221; o incremento dos soldos do goberno de Mos nun 37%\"}]},{\"@type\":\"WebSite\",\"@id\":\"https:\\\/\\\/www.anovapeneira.gal\\\/#website\",\"url\":\"https:\\\/\\\/www.anovapeneira.gal\\\/\",\"name\":\"\",\"description\":\"Xornal galego de informaci\u00f3n xeral Publicaci\u00f3n mensual de novas de Galicia e en especial dos Concellos da sur da provincia de Pontevedra.\",\"publisher\":{\"@id\":\"https:\\\/\\\/www.anovapeneira.gal\\\/#organization\"},\"potentialAction\":[{\"@type\":\"SearchAction\",\"target\":{\"@type\":\"EntryPoint\",\"urlTemplate\":\"https:\\\/\\\/www.anovapeneira.gal\\\/?s={search_term_string}\"},\"query-input\":{\"@type\":\"PropertyValueSpecification\",\"valueRequired\":true,\"valueName\":\"search_term_string\"}}],\"inLanguage\":\"gl-ES\"},{\"@type\":\"Organization\",\"@id\":\"https:\\\/\\\/www.anovapeneira.gal\\\/#organization\",\"name\":\"A Nova Peneira\",\"url\":\"https:\\\/\\\/www.anovapeneira.gal\\\/\",\"logo\":{\"@type\":\"ImageObject\",\"inLanguage\":\"gl-ES\",\"@id\":\"https:\\\/\\\/www.anovapeneira.gal\\\/#\\\/schema\\\/logo\\\/image\\\/\",\"url\":\"http:\\\/\\\/www.anovapeneira.gal\\\/wp-content\\\/uploads\\\/2019\\\/06\\\/logo_a_nova_peneira_portal_web.png\",\"contentUrl\":\"http:\\\/\\\/www.anovapeneira.gal\\\/wp-content\\\/uploads\\\/2019\\\/06\\\/logo_a_nova_peneira_portal_web.png\",\"width\":300,\"height\":100,\"caption\":\"A Nova Peneira\"},\"image\":{\"@id\":\"https:\\\/\\\/www.anovapeneira.gal\\\/#\\\/schema\\\/logo\\\/image\\\/\"},\"sameAs\":[\"https:\\\/\\\/www.facebook.com\\\/anovapeneira\",\"https:\\\/\\\/x.com\\\/APeneira\"]},{\"@type\":\"Person\",\"@id\":\"https:\\\/\\\/www.anovapeneira.gal\\\/#\\\/schema\\\/person\\\/b93e3f8932e3f8da96334607eb6ac6aa\",\"name\":\"Redacci\u00f3n A Nova Peneira\",\"image\":{\"@type\":\"ImageObject\",\"inLanguage\":\"gl-ES\",\"@id\":\"https:\\\/\\\/secure.gravatar.com\\\/avatar\\\/c052a2551a06e23fac63626232eaa90abd78dbcf1700fc46a2b2c89fd27b735f?s=96&d=mm&r=g\",\"url\":\"https:\\\/\\\/secure.gravatar.com\\\/avatar\\\/c052a2551a06e23fac63626232eaa90abd78dbcf1700fc46a2b2c89fd27b735f?s=96&d=mm&r=g\",\"contentUrl\":\"https:\\\/\\\/secure.gravatar.com\\\/avatar\\\/c052a2551a06e23fac63626232eaa90abd78dbcf1700fc46a2b2c89fd27b735f?s=96&d=mm&r=g\",\"caption\":\"Redacci\u00f3n A Nova Peneira\"},\"sameAs\":[\"http:\\\/\\\/www.anovapeneira.gal\\\/\"],\"url\":\"https:\\\/\\\/www.anovapeneira.gal\\\/index.php\\\/author\\\/redactor\\\/\"}]}<\/script>\n<!-- \/ Yoast SEO plugin. -->","yoast_head_json":{"title":"O BNG ve \"inxustificado\" o incremento dos soldos do goberno de Mos nun 37% -","description":"O PP de Nidia Ar\u00e9valo aprobou cinco dedicaci\u00f3ns exclusivas e unha parcial, elevando o gasto anual a 198.000 euros, 53.600 m\u00e1is que o aprobado en 2019.","robots":{"index":"index","follow":"follow","max-snippet":"max-snippet:-1","max-image-preview":"max-image-preview:large","max-video-preview":"max-video-preview:-1"},"canonical":"https:\/\/www.anovapeneira.gal\/index.php\/2023\/07\/06\/o-bng-ve-inxustificado-o-incremento-dos-soldos-do-goberno-de-mos-nun-37\/","og_locale":"gl_ES","og_type":"article","og_title":"O BNG ve \"inxustificado\" o incremento dos soldos do goberno de Mos nun 37% -","og_description":"O PP de Nidia Ar\u00e9valo aprobou cinco dedicaci\u00f3ns exclusivas e unha parcial, elevando o gasto anual a 198.000 euros, 53.600 m\u00e1is que o aprobado en 2019.","og_url":"https:\/\/www.anovapeneira.gal\/index.php\/2023\/07\/06\/o-bng-ve-inxustificado-o-incremento-dos-soldos-do-goberno-de-mos-nun-37\/","article_publisher":"https:\/\/www.facebook.com\/anovapeneira","article_published_time":"2023-07-06T10:00:31+00:00","og_image":[{"width":720,"height":432,"url":"https:\/\/www.anovapeneira.gal\/wp-content\/uploads\/2023\/07\/Grupo_Municipal_BNG_mos.jpg","type":"image\/jpeg"}],"author":"Redacci\u00f3n A Nova Peneira","twitter_card":"summary_large_image","twitter_creator":"@APeneira","twitter_site":"@APeneira","twitter_misc":{"Escrito por":"Redacci\u00f3n A Nova Peneira","Tempo de lectura":"3 minutos"},"schema":{"@context":"https:\/\/schema.org","@graph":[{"@type":"Article","@id":"https:\/\/www.anovapeneira.gal\/index.php\/2023\/07\/06\/o-bng-ve-inxustificado-o-incremento-dos-soldos-do-goberno-de-mos-nun-37\/#article","isPartOf":{"@id":"https:\/\/www.anovapeneira.gal\/index.php\/2023\/07\/06\/o-bng-ve-inxustificado-o-incremento-dos-soldos-do-goberno-de-mos-nun-37\/"},"author":{"name":"Redacci\u00f3n A Nova Peneira","@id":"https:\/\/www.anovapeneira.gal\/#\/schema\/person\/b93e3f8932e3f8da96334607eb6ac6aa"},"headline":"O BNG ve &#8220;inxustificado&#8221; o incremento dos soldos do goberno de Mos nun 37%","datePublished":"2023-07-06T10:00:31+00:00","mainEntityOfPage":{"@id":"https:\/\/www.anovapeneira.gal\/index.php\/2023\/07\/06\/o-bng-ve-inxustificado-o-incremento-dos-soldos-do-goberno-de-mos-nun-37\/"},"wordCount":470,"commentCount":0,"publisher":{"@id":"https:\/\/www.anovapeneira.gal\/#organization"},"image":{"@id":"https:\/\/www.anovapeneira.gal\/index.php\/2023\/07\/06\/o-bng-ve-inxustificado-o-incremento-dos-soldos-do-goberno-de-mos-nun-37\/#primaryimage"},"thumbnailUrl":"https:\/\/www.anovapeneira.gal\/wp-content\/uploads\/2023\/07\/Grupo_Municipal_BNG_mos.jpg","keywords":["Concello de Mos"],"articleSection":["A Louri\u00f1a"],"inLanguage":"gl-ES","potentialAction":[{"@type":"CommentAction","name":"Comment","target":["https:\/\/www.anovapeneira.gal\/index.php\/2023\/07\/06\/o-bng-ve-inxustificado-o-incremento-dos-soldos-do-goberno-de-mos-nun-37\/#respond"]}]},{"@type":"WebPage","@id":"https:\/\/www.anovapeneira.gal\/index.php\/2023\/07\/06\/o-bng-ve-inxustificado-o-incremento-dos-soldos-do-goberno-de-mos-nun-37\/","url":"https:\/\/www.anovapeneira.gal\/index.php\/2023\/07\/06\/o-bng-ve-inxustificado-o-incremento-dos-soldos-do-goberno-de-mos-nun-37\/","name":"O BNG ve \"inxustificado\" o incremento dos soldos do goberno de Mos nun 37% -","isPartOf":{"@id":"https:\/\/www.anovapeneira.gal\/#website"},"primaryImageOfPage":{"@id":"https:\/\/www.anovapeneira.gal\/index.php\/2023\/07\/06\/o-bng-ve-inxustificado-o-incremento-dos-soldos-do-goberno-de-mos-nun-37\/#primaryimage"},"image":{"@id":"https:\/\/www.anovapeneira.gal\/index.php\/2023\/07\/06\/o-bng-ve-inxustificado-o-incremento-dos-soldos-do-goberno-de-mos-nun-37\/#primaryimage"},"thumbnailUrl":"https:\/\/www.anovapeneira.gal\/wp-content\/uploads\/2023\/07\/Grupo_Municipal_BNG_mos.jpg","datePublished":"2023-07-06T10:00:31+00:00","description":"O PP de Nidia Ar\u00e9valo aprobou cinco dedicaci\u00f3ns exclusivas e unha parcial, elevando o gasto anual a 198.000 euros, 53.600 m\u00e1is que o aprobado en 2019.","breadcrumb":{"@id":"https:\/\/www.anovapeneira.gal\/index.php\/2023\/07\/06\/o-bng-ve-inxustificado-o-incremento-dos-soldos-do-goberno-de-mos-nun-37\/#breadcrumb"},"inLanguage":"gl-ES","potentialAction":[{"@type":"ReadAction","target":["https:\/\/www.anovapeneira.gal\/index.php\/2023\/07\/06\/o-bng-ve-inxustificado-o-incremento-dos-soldos-do-goberno-de-mos-nun-37\/"]}]},{"@type":"ImageObject","inLanguage":"gl-ES","@id":"https:\/\/www.anovapeneira.gal\/index.php\/2023\/07\/06\/o-bng-ve-inxustificado-o-incremento-dos-soldos-do-goberno-de-mos-nun-37\/#primaryimage","url":"https:\/\/www.anovapeneira.gal\/wp-content\/uploads\/2023\/07\/Grupo_Municipal_BNG_mos.jpg","contentUrl":"https:\/\/www.anovapeneira.gal\/wp-content\/uploads\/2023\/07\/Grupo_Municipal_BNG_mos.jpg","width":720,"height":432,"caption":"Grupo Municipal BNG de Mos"},{"@type":"BreadcrumbList","@id":"https:\/\/www.anovapeneira.gal\/index.php\/2023\/07\/06\/o-bng-ve-inxustificado-o-incremento-dos-soldos-do-goberno-de-mos-nun-37\/#breadcrumb","itemListElement":[{"@type":"ListItem","position":1,"name":"Portada","item":"https:\/\/www.anovapeneira.gal\/"},{"@type":"ListItem","position":2,"name":"O BNG ve &#8220;inxustificado&#8221; o incremento dos soldos do goberno de Mos nun 37%"}]},{"@type":"WebSite","@id":"https:\/\/www.anovapeneira.gal\/#website","url":"https:\/\/www.anovapeneira.gal\/","name":"","description":"Xornal galego de informaci\u00f3n xeral Publicaci\u00f3n mensual de novas de Galicia e en especial dos Concellos da sur da provincia de Pontevedra.","publisher":{"@id":"https:\/\/www.anovapeneira.gal\/#organization"},"potentialAction":[{"@type":"SearchAction","target":{"@type":"EntryPoint","urlTemplate":"https:\/\/www.anovapeneira.gal\/?s={search_term_string}"},"query-input":{"@type":"PropertyValueSpecification","valueRequired":true,"valueName":"search_term_string"}}],"inLanguage":"gl-ES"},{"@type":"Organization","@id":"https:\/\/www.anovapeneira.gal\/#organization","name":"A Nova Peneira","url":"https:\/\/www.anovapeneira.gal\/","logo":{"@type":"ImageObject","inLanguage":"gl-ES","@id":"https:\/\/www.anovapeneira.gal\/#\/schema\/logo\/image\/","url":"http:\/\/www.anovapeneira.gal\/wp-content\/uploads\/2019\/06\/logo_a_nova_peneira_portal_web.png","contentUrl":"http:\/\/www.anovapeneira.gal\/wp-content\/uploads\/2019\/06\/logo_a_nova_peneira_portal_web.png","width":300,"height":100,"caption":"A Nova Peneira"},"image":{"@id":"https:\/\/www.anovapeneira.gal\/#\/schema\/logo\/image\/"},"sameAs":["https:\/\/www.facebook.com\/anovapeneira","https:\/\/x.com\/APeneira"]},{"@type":"Person","@id":"https:\/\/www.anovapeneira.gal\/#\/schema\/person\/b93e3f8932e3f8da96334607eb6ac6aa","name":"Redacci\u00f3n A Nova Peneira","image":{"@type":"ImageObject","inLanguage":"gl-ES","@id":"https:\/\/secure.gravatar.com\/avatar\/c052a2551a06e23fac63626232eaa90abd78dbcf1700fc46a2b2c89fd27b735f?s=96&d=mm&r=g","url":"https:\/\/secure.gravatar.com\/avatar\/c052a2551a06e23fac63626232eaa90abd78dbcf1700fc46a2b2c89fd27b735f?s=96&d=mm&r=g","contentUrl":"https:\/\/secure.gravatar.com\/avatar\/c052a2551a06e23fac63626232eaa90abd78dbcf1700fc46a2b2c89fd27b735f?s=96&d=mm&r=g","caption":"Redacci\u00f3n A Nova Peneira"},"sameAs":["http:\/\/www.anovapeneira.gal\/"],"url":"https:\/\/www.anovapeneira.gal\/index.php\/author\/redactor\/"}]}},"jetpack_featured_media_url":"https:\/\/www.anovapeneira.gal\/wp-content\/uploads\/2023\/07\/Grupo_Municipal_BNG_mos.jpg","_links":{"self":[{"href":"https:\/\/www.anovapeneira.gal\/index.php\/wp-json\/wp\/v2\/posts\/10083","targetHints":{"allow":["GET"]}}],"collection":[{"href":"https:\/\/www.anovapeneira.gal\/index.php\/wp-json\/wp\/v2\/posts"}],"about":[{"href":"https:\/\/www.anovapeneira.gal\/index.php\/wp-json\/wp\/v2\/types\/post"}],"author":[{"embeddable":true,"href":"https:\/\/www.anovapeneira.gal\/index.php\/wp-json\/wp\/v2\/users\/3"}],"replies":[{"embeddable":true,"href":"https:\/\/www.anovapeneira.gal\/index.php\/wp-json\/wp\/v2\/comments?post=10083"}],"version-history":[{"count":1,"href":"https:\/\/www.anovapeneira.gal\/index.php\/wp-json\/wp\/v2\/posts\/10083\/revisions"}],"predecessor-version":[{"id":10084,"href":"https:\/\/www.anovapeneira.gal\/index.php\/wp-json\/wp\/v2\/posts\/10083\/revisions\/10084"}],"wp:featuredmedia":[{"embeddable":true,"href":"https:\/\/www.anovapeneira.gal\/index.php\/wp-json\/wp\/v2\/media\/10085"}],"wp:attachment":[{"href":"https:\/\/www.anovapeneira.gal\/index.php\/wp-json\/wp\/v2\/media?parent=10083"}],"wp:term":[{"taxonomy":"category","embeddable":true,"href":"https:\/\/www.anovapeneira.gal\/index.php\/wp-json\/wp\/v2\/categories?post=10083"},{"taxonomy":"post_tag","embeddable":true,"href":"https:\/\/www.anovapeneira.gal\/index.php\/wp-json\/wp\/v2\/tags?post=10083"}],"curies":[{"name":"wp","href":"https:\/\/api.w.org\/{rel}","templated":true}]}}