{"id":10097,"date":"2023-07-11T10:00:25","date_gmt":"2023-07-11T08:00:25","guid":{"rendered":"https:\/\/www.anovapeneira.gal\/?p=10097"},"modified":"2023-07-11T12:09:56","modified_gmt":"2023-07-11T10:09:56","slug":"valoracion-do-manifesto-fronte-a-involucion-queremos-construir-un-futuro-de-posibilidades","status":"publish","type":"post","link":"https:\/\/www.anovapeneira.gal\/index.php\/2023\/07\/11\/valoracion-do-manifesto-fronte-a-involucion-queremos-construir-un-futuro-de-posibilidades\/","title":{"rendered":"Valoraci\u00f3n do manifesto \u201cFronte \u00e1 involuci\u00f3n: queremos constru\u00edr un futuro de posibilidades\u201d"},"content":{"rendered":"\n<p>Nun intre en que a desmobilizaci\u00f3n da sociedade lastra calquera iniciativa colectiva, quixemos dirixirnos \u00e1s persoas que se reclaman das esquerdas e non est\u00e1n afiliadas ao BNG, coa certeza de que un voto a prol do Bloque nas vindeiras elecci\u00f3ns do 23-X posibilitar\u00eda un escenario m\u00e1is favorable para defender os intereses do pa\u00eds, propiciar pol\u00edticas avanzadas e constru\u00edr un dique contra o avance das dereitas m\u00e1is reaccionarias, cuxas simpat\u00edas polo r\u00e9xime franquista non se nos ocultan.<\/p>\n\n\n\n<p>A iniciativa, xurdida de xeito espont\u00e1neo e totalmente aut\u00f3nomo e independente, sen contar con axuda partidaria, foi quen de acadar 257 sinaturas de xente moi diversa no pol\u00edtico, no social e no territorial e alentar un modesto debate neste \u00e1mbito sobre a conveniencia ou non dun apoio m\u00e1is ou menos puntual nestes comicios decisivos. Deste xeito, agardamos ter posto o noso grao de area para que, por riba de todo, estas sexan unhas elecci\u00f3ns nas que Galiza sexa protagonista e non s\u00f3 un caladoiro de votos subordinados que, logo, de nada serven en Madrid.<\/p>\n\n\n\n<p>Entre as sinaturas, hainas de xente ben co\u00f1ecida no pa\u00eds, como @s escritor@s Ant\u00f3n Riveiro Coello e Xos\u00e9 M\u00aa \u00c1lvarez C\u00e1ccamo; historiadores como Bernardo M\u00e1iz ou Francisco Leira; editores como Afonso Ribas e Paco Mac\u00edas; veteran@s militantes nacionalistas como Xes\u00fas Sanxuas ou Elvira Souto; profesor@s universitarios como Margarita Ledo ou Xavier Sim\u00f3n; Actores caso de Quico Cadaval ou Federico P\u00e9rez Rey; polit\u00f3logos como David Rodr\u00edguez ou Mill\u00e1n Fern\u00e1ndez; avogados ou ensaistas como Francisco Sampedro e Xos\u00e9 Ant\u00f3n P\u00e9rez Lema; investigadores como Xos\u00e9 Pintado ou Miguel Anxo Murado; pintores e debuxantes como Pepe Carreiro, Manuel Su\u00e1rez ou H\u00e9itor Picallo; Artistas como Eva Fern\u00e1ndez e Marisol Palomo do grupo \u201cIalma\u201d, Luz Darriba ou Xurxo Souto; activistas LGTBI caso de Laura Bugalho e Daniela Ferr\u00e1ndez; antigos sindicalistas como Ferm\u00edn Paz e Xos\u00e9 A. L\u00f3pez Pintos; xornalistas como Gustavo Luca de Tena, Bel\u00e9n Bouzas e Montse Fajardo&#8230;.<\/p>\n\n\n\n<p>Rematamos a recollida de sinaturas. En consecuencia, queremos expresarlle o noso agradecemento non s\u00f3 \u00e1s persoas que asinaron, mais tam\u00e9n \u00e1s que nos fixeron chegar as s\u00faas opini\u00f3ns e razoamentos de porqu\u00e9 non consideraban oportuno facelo, sen que iso exclu\u00edra un voto favorable ao BNG nesta altura, as\u00ed como as que elixiron outras opci\u00f3ns. Confiamos en que todas e todos nos imos atopar cando sexa preciso defender en man com\u00fan os nosos dereitos e liberdades, individuais e colectivas.<\/p>\n\n\n\n<p>Na Galiza, 05\/7\/2023.<\/p>\n\n\n\n<p>Este Manifesto foi promovido por:<\/p>\n\n\n\n<p>Ant\u00f3n Mascato, editor.<\/p>\n","protected":false},"excerpt":{"rendered":"<div class=\"mh-excerpt\"><p>Nun intre en que a desmobilizaci\u00f3n da sociedade lastra calquera iniciativa colectiva, quixemos dirixirnos \u00e1s persoas que se reclaman das esquerdas e non est\u00e1n afiliadas ao BNG, coa certeza de que un voto a prol do Bloque nas vindeiras elecci\u00f3ns do 23-X posibilitar\u00eda un escenario m\u00e1is favorable para defender os intereses do pa\u00eds <a class=\"mh-excerpt-more\" href=\"https:\/\/www.anovapeneira.gal\/index.php\/2023\/07\/11\/valoracion-do-manifesto-fronte-a-involucion-queremos-construir-un-futuro-de-posibilidades\/\" title=\"Valoraci\u00f3n do manifesto \u201cFronte \u00e1 involuci\u00f3n: queremos constru\u00edr un futuro de posibilidades\u201d\">[&#8230;]<\/a><\/p>\n<\/div>","protected":false},"author":3,"featured_media":10115,"comment_status":"open","ping_status":"open","sticky":false,"template":"","format":"standard","meta":{"_exactmetrics_skip_tracking":false,"_exactmetrics_sitenote_active":false,"_exactmetrics_sitenote_note":"","_exactmetrics_sitenote_category":0,"footnotes":""},"categories":[263],"tags":[],"class_list":{"0":"post-10097","1":"post","2":"type-post","3":"status-publish","4":"format-standard","5":"has-post-thumbnail","7":"category-novas"},"yoast_head":"<!-- This site is optimized with the Yoast SEO plugin v27.4 - https:\/\/yoast.com\/product\/yoast-seo-wordpress\/ -->\n<title>Valoraci\u00f3n do manifesto \u201cFronte \u00e1 involuci\u00f3n: queremos constru\u00edr un futuro de posibilidades\u201d -<\/title>\n<meta name=\"description\" content=\"Nun intre en que a desmobilizaci\u00f3n da sociedade lastra calquera iniciativa colectiva, quixemos dirixirnos \u00e1s persoas que se reclaman das esquerdas e non est\u00e1n afiliadas ao BNG, coa certeza de que un voto a prol do Bloque nas vindeiras elecci\u00f3ns do 23-X posibilitar\u00eda un escenario m\u00e1is favorable para defender os intereses do pa\u00eds\" \/>\n<meta name=\"robots\" content=\"index, follow, max-snippet:-1, max-image-preview:large, max-video-preview:-1\" \/>\n<link rel=\"canonical\" href=\"https:\/\/www.anovapeneira.gal\/index.php\/2023\/07\/11\/valoracion-do-manifesto-fronte-a-involucion-queremos-construir-un-futuro-de-posibilidades\/\" \/>\n<meta property=\"og:locale\" content=\"gl_ES\" \/>\n<meta property=\"og:type\" content=\"article\" \/>\n<meta property=\"og:title\" content=\"Valoraci\u00f3n do manifesto \u201cFronte \u00e1 involuci\u00f3n: queremos constru\u00edr un futuro de posibilidades\u201d -\" \/>\n<meta property=\"og:description\" content=\"Nun intre en que a desmobilizaci\u00f3n da sociedade lastra calquera iniciativa colectiva, quixemos dirixirnos \u00e1s persoas que se reclaman das esquerdas e non est\u00e1n afiliadas ao BNG, coa certeza de que un voto a prol do Bloque nas vindeiras elecci\u00f3ns do 23-X posibilitar\u00eda un escenario m\u00e1is favorable para defender os intereses do pa\u00eds\" \/>\n<meta property=\"og:url\" content=\"https:\/\/www.anovapeneira.gal\/index.php\/2023\/07\/11\/valoracion-do-manifesto-fronte-a-involucion-queremos-construir-un-futuro-de-posibilidades\/\" \/>\n<meta property=\"article:publisher\" content=\"https:\/\/www.facebook.com\/anovapeneira\" \/>\n<meta property=\"article:published_time\" content=\"2023-07-11T08:00:25+00:00\" \/>\n<meta property=\"article:modified_time\" content=\"2023-07-11T10:09:56+00:00\" \/>\n<meta property=\"og:image\" content=\"https:\/\/www.anovapeneira.gal\/wp-content\/uploads\/2023\/07\/23x-1.jpg\" \/>\n\t<meta property=\"og:image:width\" content=\"678\" \/>\n\t<meta property=\"og:image:height\" content=\"381\" \/>\n\t<meta property=\"og:image:type\" content=\"image\/jpeg\" \/>\n<meta name=\"author\" content=\"Redacci\u00f3n A Nova Peneira\" \/>\n<meta name=\"twitter:card\" content=\"summary_large_image\" \/>\n<meta name=\"twitter:creator\" content=\"@APeneira\" \/>\n<meta name=\"twitter:site\" content=\"@APeneira\" \/>\n<meta name=\"twitter:label1\" content=\"Escrito por\" \/>\n\t<meta name=\"twitter:data1\" content=\"Redacci\u00f3n A Nova Peneira\" \/>\n\t<meta name=\"twitter:label2\" content=\"Tempo de lectura\" \/>\n\t<meta name=\"twitter:data2\" content=\"3 minutos\" \/>\n<script type=\"application\/ld+json\" class=\"yoast-schema-graph\">{\"@context\":\"https:\\\/\\\/schema.org\",\"@graph\":[{\"@type\":\"Article\",\"@id\":\"https:\\\/\\\/www.anovapeneira.gal\\\/index.php\\\/2023\\\/07\\\/11\\\/valoracion-do-manifesto-fronte-a-involucion-queremos-construir-un-futuro-de-posibilidades\\\/#article\",\"isPartOf\":{\"@id\":\"https:\\\/\\\/www.anovapeneira.gal\\\/index.php\\\/2023\\\/07\\\/11\\\/valoracion-do-manifesto-fronte-a-involucion-queremos-construir-un-futuro-de-posibilidades\\\/\"},\"author\":{\"name\":\"Redacci\u00f3n A Nova Peneira\",\"@id\":\"https:\\\/\\\/www.anovapeneira.gal\\\/#\\\/schema\\\/person\\\/b93e3f8932e3f8da96334607eb6ac6aa\"},\"headline\":\"Valoraci\u00f3n do manifesto \u201cFronte \u00e1 involuci\u00f3n: queremos constru\u00edr un futuro de posibilidades\u201d\",\"datePublished\":\"2023-07-11T08:00:25+00:00\",\"dateModified\":\"2023-07-11T10:09:56+00:00\",\"mainEntityOfPage\":{\"@id\":\"https:\\\/\\\/www.anovapeneira.gal\\\/index.php\\\/2023\\\/07\\\/11\\\/valoracion-do-manifesto-fronte-a-involucion-queremos-construir-un-futuro-de-posibilidades\\\/\"},\"wordCount\":462,\"commentCount\":0,\"publisher\":{\"@id\":\"https:\\\/\\\/www.anovapeneira.gal\\\/#organization\"},\"image\":{\"@id\":\"https:\\\/\\\/www.anovapeneira.gal\\\/index.php\\\/2023\\\/07\\\/11\\\/valoracion-do-manifesto-fronte-a-involucion-queremos-construir-un-futuro-de-posibilidades\\\/#primaryimage\"},\"thumbnailUrl\":\"https:\\\/\\\/www.anovapeneira.gal\\\/wp-content\\\/uploads\\\/2023\\\/07\\\/23x-1.jpg\",\"articleSection\":[\"Novas\"],\"inLanguage\":\"gl-ES\",\"potentialAction\":[{\"@type\":\"CommentAction\",\"name\":\"Comment\",\"target\":[\"https:\\\/\\\/www.anovapeneira.gal\\\/index.php\\\/2023\\\/07\\\/11\\\/valoracion-do-manifesto-fronte-a-involucion-queremos-construir-un-futuro-de-posibilidades\\\/#respond\"]}]},{\"@type\":\"WebPage\",\"@id\":\"https:\\\/\\\/www.anovapeneira.gal\\\/index.php\\\/2023\\\/07\\\/11\\\/valoracion-do-manifesto-fronte-a-involucion-queremos-construir-un-futuro-de-posibilidades\\\/\",\"url\":\"https:\\\/\\\/www.anovapeneira.gal\\\/index.php\\\/2023\\\/07\\\/11\\\/valoracion-do-manifesto-fronte-a-involucion-queremos-construir-un-futuro-de-posibilidades\\\/\",\"name\":\"Valoraci\u00f3n do manifesto \u201cFronte \u00e1 involuci\u00f3n: queremos constru\u00edr un futuro de posibilidades\u201d -\",\"isPartOf\":{\"@id\":\"https:\\\/\\\/www.anovapeneira.gal\\\/#website\"},\"primaryImageOfPage\":{\"@id\":\"https:\\\/\\\/www.anovapeneira.gal\\\/index.php\\\/2023\\\/07\\\/11\\\/valoracion-do-manifesto-fronte-a-involucion-queremos-construir-un-futuro-de-posibilidades\\\/#primaryimage\"},\"image\":{\"@id\":\"https:\\\/\\\/www.anovapeneira.gal\\\/index.php\\\/2023\\\/07\\\/11\\\/valoracion-do-manifesto-fronte-a-involucion-queremos-construir-un-futuro-de-posibilidades\\\/#primaryimage\"},\"thumbnailUrl\":\"https:\\\/\\\/www.anovapeneira.gal\\\/wp-content\\\/uploads\\\/2023\\\/07\\\/23x-1.jpg\",\"datePublished\":\"2023-07-11T08:00:25+00:00\",\"dateModified\":\"2023-07-11T10:09:56+00:00\",\"description\":\"Nun intre en que a desmobilizaci\u00f3n da sociedade lastra calquera iniciativa colectiva, quixemos dirixirnos \u00e1s persoas que se reclaman das esquerdas e non est\u00e1n afiliadas ao BNG, coa certeza de que un voto a prol do Bloque nas vindeiras elecci\u00f3ns do 23-X posibilitar\u00eda un escenario m\u00e1is favorable para defender os intereses do pa\u00eds\",\"breadcrumb\":{\"@id\":\"https:\\\/\\\/www.anovapeneira.gal\\\/index.php\\\/2023\\\/07\\\/11\\\/valoracion-do-manifesto-fronte-a-involucion-queremos-construir-un-futuro-de-posibilidades\\\/#breadcrumb\"},\"inLanguage\":\"gl-ES\",\"potentialAction\":[{\"@type\":\"ReadAction\",\"target\":[\"https:\\\/\\\/www.anovapeneira.gal\\\/index.php\\\/2023\\\/07\\\/11\\\/valoracion-do-manifesto-fronte-a-involucion-queremos-construir-un-futuro-de-posibilidades\\\/\"]}]},{\"@type\":\"ImageObject\",\"inLanguage\":\"gl-ES\",\"@id\":\"https:\\\/\\\/www.anovapeneira.gal\\\/index.php\\\/2023\\\/07\\\/11\\\/valoracion-do-manifesto-fronte-a-involucion-queremos-construir-un-futuro-de-posibilidades\\\/#primaryimage\",\"url\":\"https:\\\/\\\/www.anovapeneira.gal\\\/wp-content\\\/uploads\\\/2023\\\/07\\\/23x-1.jpg\",\"contentUrl\":\"https:\\\/\\\/www.anovapeneira.gal\\\/wp-content\\\/uploads\\\/2023\\\/07\\\/23x-1.jpg\",\"width\":678,\"height\":381,\"caption\":\"23 xullo 2023\"},{\"@type\":\"BreadcrumbList\",\"@id\":\"https:\\\/\\\/www.anovapeneira.gal\\\/index.php\\\/2023\\\/07\\\/11\\\/valoracion-do-manifesto-fronte-a-involucion-queremos-construir-un-futuro-de-posibilidades\\\/#breadcrumb\",\"itemListElement\":[{\"@type\":\"ListItem\",\"position\":1,\"name\":\"Portada\",\"item\":\"https:\\\/\\\/www.anovapeneira.gal\\\/\"},{\"@type\":\"ListItem\",\"position\":2,\"name\":\"Valoraci\u00f3n do manifesto \u201cFronte \u00e1 involuci\u00f3n: queremos constru\u00edr un futuro de posibilidades\u201d\"}]},{\"@type\":\"WebSite\",\"@id\":\"https:\\\/\\\/www.anovapeneira.gal\\\/#website\",\"url\":\"https:\\\/\\\/www.anovapeneira.gal\\\/\",\"name\":\"\",\"description\":\"Xornal galego de informaci\u00f3n xeral Publicaci\u00f3n mensual de novas de Galicia e en especial dos Concellos da sur da provincia de Pontevedra.\",\"publisher\":{\"@id\":\"https:\\\/\\\/www.anovapeneira.gal\\\/#organization\"},\"potentialAction\":[{\"@type\":\"SearchAction\",\"target\":{\"@type\":\"EntryPoint\",\"urlTemplate\":\"https:\\\/\\\/www.anovapeneira.gal\\\/?s={search_term_string}\"},\"query-input\":{\"@type\":\"PropertyValueSpecification\",\"valueRequired\":true,\"valueName\":\"search_term_string\"}}],\"inLanguage\":\"gl-ES\"},{\"@type\":\"Organization\",\"@id\":\"https:\\\/\\\/www.anovapeneira.gal\\\/#organization\",\"name\":\"A Nova Peneira\",\"url\":\"https:\\\/\\\/www.anovapeneira.gal\\\/\",\"logo\":{\"@type\":\"ImageObject\",\"inLanguage\":\"gl-ES\",\"@id\":\"https:\\\/\\\/www.anovapeneira.gal\\\/#\\\/schema\\\/logo\\\/image\\\/\",\"url\":\"http:\\\/\\\/www.anovapeneira.gal\\\/wp-content\\\/uploads\\\/2019\\\/06\\\/logo_a_nova_peneira_portal_web.png\",\"contentUrl\":\"http:\\\/\\\/www.anovapeneira.gal\\\/wp-content\\\/uploads\\\/2019\\\/06\\\/logo_a_nova_peneira_portal_web.png\",\"width\":300,\"height\":100,\"caption\":\"A Nova Peneira\"},\"image\":{\"@id\":\"https:\\\/\\\/www.anovapeneira.gal\\\/#\\\/schema\\\/logo\\\/image\\\/\"},\"sameAs\":[\"https:\\\/\\\/www.facebook.com\\\/anovapeneira\",\"https:\\\/\\\/x.com\\\/APeneira\"]},{\"@type\":\"Person\",\"@id\":\"https:\\\/\\\/www.anovapeneira.gal\\\/#\\\/schema\\\/person\\\/b93e3f8932e3f8da96334607eb6ac6aa\",\"name\":\"Redacci\u00f3n A Nova Peneira\",\"image\":{\"@type\":\"ImageObject\",\"inLanguage\":\"gl-ES\",\"@id\":\"https:\\\/\\\/secure.gravatar.com\\\/avatar\\\/c052a2551a06e23fac63626232eaa90abd78dbcf1700fc46a2b2c89fd27b735f?s=96&d=mm&r=g\",\"url\":\"https:\\\/\\\/secure.gravatar.com\\\/avatar\\\/c052a2551a06e23fac63626232eaa90abd78dbcf1700fc46a2b2c89fd27b735f?s=96&d=mm&r=g\",\"contentUrl\":\"https:\\\/\\\/secure.gravatar.com\\\/avatar\\\/c052a2551a06e23fac63626232eaa90abd78dbcf1700fc46a2b2c89fd27b735f?s=96&d=mm&r=g\",\"caption\":\"Redacci\u00f3n A Nova Peneira\"},\"sameAs\":[\"http:\\\/\\\/www.anovapeneira.gal\\\/\"],\"url\":\"https:\\\/\\\/www.anovapeneira.gal\\\/index.php\\\/author\\\/redactor\\\/\"}]}<\/script>\n<!-- \/ Yoast SEO plugin. -->","yoast_head_json":{"title":"Valoraci\u00f3n do manifesto \u201cFronte \u00e1 involuci\u00f3n: queremos constru\u00edr un futuro de posibilidades\u201d -","description":"Nun intre en que a desmobilizaci\u00f3n da sociedade lastra calquera iniciativa colectiva, quixemos dirixirnos \u00e1s persoas que se reclaman das esquerdas e non est\u00e1n afiliadas ao BNG, coa certeza de que un voto a prol do Bloque nas vindeiras elecci\u00f3ns do 23-X posibilitar\u00eda un escenario m\u00e1is favorable para defender os intereses do pa\u00eds","robots":{"index":"index","follow":"follow","max-snippet":"max-snippet:-1","max-image-preview":"max-image-preview:large","max-video-preview":"max-video-preview:-1"},"canonical":"https:\/\/www.anovapeneira.gal\/index.php\/2023\/07\/11\/valoracion-do-manifesto-fronte-a-involucion-queremos-construir-un-futuro-de-posibilidades\/","og_locale":"gl_ES","og_type":"article","og_title":"Valoraci\u00f3n do manifesto \u201cFronte \u00e1 involuci\u00f3n: queremos constru\u00edr un futuro de posibilidades\u201d -","og_description":"Nun intre en que a desmobilizaci\u00f3n da sociedade lastra calquera iniciativa colectiva, quixemos dirixirnos \u00e1s persoas que se reclaman das esquerdas e non est\u00e1n afiliadas ao BNG, coa certeza de que un voto a prol do Bloque nas vindeiras elecci\u00f3ns do 23-X posibilitar\u00eda un escenario m\u00e1is favorable para defender os intereses do pa\u00eds","og_url":"https:\/\/www.anovapeneira.gal\/index.php\/2023\/07\/11\/valoracion-do-manifesto-fronte-a-involucion-queremos-construir-un-futuro-de-posibilidades\/","article_publisher":"https:\/\/www.facebook.com\/anovapeneira","article_published_time":"2023-07-11T08:00:25+00:00","article_modified_time":"2023-07-11T10:09:56+00:00","og_image":[{"width":678,"height":381,"url":"https:\/\/www.anovapeneira.gal\/wp-content\/uploads\/2023\/07\/23x-1.jpg","type":"image\/jpeg"}],"author":"Redacci\u00f3n A Nova Peneira","twitter_card":"summary_large_image","twitter_creator":"@APeneira","twitter_site":"@APeneira","twitter_misc":{"Escrito por":"Redacci\u00f3n A Nova Peneira","Tempo de lectura":"3 minutos"},"schema":{"@context":"https:\/\/schema.org","@graph":[{"@type":"Article","@id":"https:\/\/www.anovapeneira.gal\/index.php\/2023\/07\/11\/valoracion-do-manifesto-fronte-a-involucion-queremos-construir-un-futuro-de-posibilidades\/#article","isPartOf":{"@id":"https:\/\/www.anovapeneira.gal\/index.php\/2023\/07\/11\/valoracion-do-manifesto-fronte-a-involucion-queremos-construir-un-futuro-de-posibilidades\/"},"author":{"name":"Redacci\u00f3n A Nova Peneira","@id":"https:\/\/www.anovapeneira.gal\/#\/schema\/person\/b93e3f8932e3f8da96334607eb6ac6aa"},"headline":"Valoraci\u00f3n do manifesto \u201cFronte \u00e1 involuci\u00f3n: queremos constru\u00edr un futuro de posibilidades\u201d","datePublished":"2023-07-11T08:00:25+00:00","dateModified":"2023-07-11T10:09:56+00:00","mainEntityOfPage":{"@id":"https:\/\/www.anovapeneira.gal\/index.php\/2023\/07\/11\/valoracion-do-manifesto-fronte-a-involucion-queremos-construir-un-futuro-de-posibilidades\/"},"wordCount":462,"commentCount":0,"publisher":{"@id":"https:\/\/www.anovapeneira.gal\/#organization"},"image":{"@id":"https:\/\/www.anovapeneira.gal\/index.php\/2023\/07\/11\/valoracion-do-manifesto-fronte-a-involucion-queremos-construir-un-futuro-de-posibilidades\/#primaryimage"},"thumbnailUrl":"https:\/\/www.anovapeneira.gal\/wp-content\/uploads\/2023\/07\/23x-1.jpg","articleSection":["Novas"],"inLanguage":"gl-ES","potentialAction":[{"@type":"CommentAction","name":"Comment","target":["https:\/\/www.anovapeneira.gal\/index.php\/2023\/07\/11\/valoracion-do-manifesto-fronte-a-involucion-queremos-construir-un-futuro-de-posibilidades\/#respond"]}]},{"@type":"WebPage","@id":"https:\/\/www.anovapeneira.gal\/index.php\/2023\/07\/11\/valoracion-do-manifesto-fronte-a-involucion-queremos-construir-un-futuro-de-posibilidades\/","url":"https:\/\/www.anovapeneira.gal\/index.php\/2023\/07\/11\/valoracion-do-manifesto-fronte-a-involucion-queremos-construir-un-futuro-de-posibilidades\/","name":"Valoraci\u00f3n do manifesto \u201cFronte \u00e1 involuci\u00f3n: queremos constru\u00edr un futuro de posibilidades\u201d -","isPartOf":{"@id":"https:\/\/www.anovapeneira.gal\/#website"},"primaryImageOfPage":{"@id":"https:\/\/www.anovapeneira.gal\/index.php\/2023\/07\/11\/valoracion-do-manifesto-fronte-a-involucion-queremos-construir-un-futuro-de-posibilidades\/#primaryimage"},"image":{"@id":"https:\/\/www.anovapeneira.gal\/index.php\/2023\/07\/11\/valoracion-do-manifesto-fronte-a-involucion-queremos-construir-un-futuro-de-posibilidades\/#primaryimage"},"thumbnailUrl":"https:\/\/www.anovapeneira.gal\/wp-content\/uploads\/2023\/07\/23x-1.jpg","datePublished":"2023-07-11T08:00:25+00:00","dateModified":"2023-07-11T10:09:56+00:00","description":"Nun intre en que a desmobilizaci\u00f3n da sociedade lastra calquera iniciativa colectiva, quixemos dirixirnos \u00e1s persoas que se reclaman das esquerdas e non est\u00e1n afiliadas ao BNG, coa certeza de que un voto a prol do Bloque nas vindeiras elecci\u00f3ns do 23-X posibilitar\u00eda un escenario m\u00e1is favorable para defender os intereses do pa\u00eds","breadcrumb":{"@id":"https:\/\/www.anovapeneira.gal\/index.php\/2023\/07\/11\/valoracion-do-manifesto-fronte-a-involucion-queremos-construir-un-futuro-de-posibilidades\/#breadcrumb"},"inLanguage":"gl-ES","potentialAction":[{"@type":"ReadAction","target":["https:\/\/www.anovapeneira.gal\/index.php\/2023\/07\/11\/valoracion-do-manifesto-fronte-a-involucion-queremos-construir-un-futuro-de-posibilidades\/"]}]},{"@type":"ImageObject","inLanguage":"gl-ES","@id":"https:\/\/www.anovapeneira.gal\/index.php\/2023\/07\/11\/valoracion-do-manifesto-fronte-a-involucion-queremos-construir-un-futuro-de-posibilidades\/#primaryimage","url":"https:\/\/www.anovapeneira.gal\/wp-content\/uploads\/2023\/07\/23x-1.jpg","contentUrl":"https:\/\/www.anovapeneira.gal\/wp-content\/uploads\/2023\/07\/23x-1.jpg","width":678,"height":381,"caption":"23 xullo 2023"},{"@type":"BreadcrumbList","@id":"https:\/\/www.anovapeneira.gal\/index.php\/2023\/07\/11\/valoracion-do-manifesto-fronte-a-involucion-queremos-construir-un-futuro-de-posibilidades\/#breadcrumb","itemListElement":[{"@type":"ListItem","position":1,"name":"Portada","item":"https:\/\/www.anovapeneira.gal\/"},{"@type":"ListItem","position":2,"name":"Valoraci\u00f3n do manifesto \u201cFronte \u00e1 involuci\u00f3n: queremos constru\u00edr un futuro de posibilidades\u201d"}]},{"@type":"WebSite","@id":"https:\/\/www.anovapeneira.gal\/#website","url":"https:\/\/www.anovapeneira.gal\/","name":"","description":"Xornal galego de informaci\u00f3n xeral Publicaci\u00f3n mensual de novas de Galicia e en especial dos Concellos da sur da provincia de Pontevedra.","publisher":{"@id":"https:\/\/www.anovapeneira.gal\/#organization"},"potentialAction":[{"@type":"SearchAction","target":{"@type":"EntryPoint","urlTemplate":"https:\/\/www.anovapeneira.gal\/?s={search_term_string}"},"query-input":{"@type":"PropertyValueSpecification","valueRequired":true,"valueName":"search_term_string"}}],"inLanguage":"gl-ES"},{"@type":"Organization","@id":"https:\/\/www.anovapeneira.gal\/#organization","name":"A Nova Peneira","url":"https:\/\/www.anovapeneira.gal\/","logo":{"@type":"ImageObject","inLanguage":"gl-ES","@id":"https:\/\/www.anovapeneira.gal\/#\/schema\/logo\/image\/","url":"http:\/\/www.anovapeneira.gal\/wp-content\/uploads\/2019\/06\/logo_a_nova_peneira_portal_web.png","contentUrl":"http:\/\/www.anovapeneira.gal\/wp-content\/uploads\/2019\/06\/logo_a_nova_peneira_portal_web.png","width":300,"height":100,"caption":"A Nova Peneira"},"image":{"@id":"https:\/\/www.anovapeneira.gal\/#\/schema\/logo\/image\/"},"sameAs":["https:\/\/www.facebook.com\/anovapeneira","https:\/\/x.com\/APeneira"]},{"@type":"Person","@id":"https:\/\/www.anovapeneira.gal\/#\/schema\/person\/b93e3f8932e3f8da96334607eb6ac6aa","name":"Redacci\u00f3n A Nova Peneira","image":{"@type":"ImageObject","inLanguage":"gl-ES","@id":"https:\/\/secure.gravatar.com\/avatar\/c052a2551a06e23fac63626232eaa90abd78dbcf1700fc46a2b2c89fd27b735f?s=96&d=mm&r=g","url":"https:\/\/secure.gravatar.com\/avatar\/c052a2551a06e23fac63626232eaa90abd78dbcf1700fc46a2b2c89fd27b735f?s=96&d=mm&r=g","contentUrl":"https:\/\/secure.gravatar.com\/avatar\/c052a2551a06e23fac63626232eaa90abd78dbcf1700fc46a2b2c89fd27b735f?s=96&d=mm&r=g","caption":"Redacci\u00f3n A Nova Peneira"},"sameAs":["http:\/\/www.anovapeneira.gal\/"],"url":"https:\/\/www.anovapeneira.gal\/index.php\/author\/redactor\/"}]}},"jetpack_featured_media_url":"https:\/\/www.anovapeneira.gal\/wp-content\/uploads\/2023\/07\/23x-1.jpg","_links":{"self":[{"href":"https:\/\/www.anovapeneira.gal\/index.php\/wp-json\/wp\/v2\/posts\/10097","targetHints":{"allow":["GET"]}}],"collection":[{"href":"https:\/\/www.anovapeneira.gal\/index.php\/wp-json\/wp\/v2\/posts"}],"about":[{"href":"https:\/\/www.anovapeneira.gal\/index.php\/wp-json\/wp\/v2\/types\/post"}],"author":[{"embeddable":true,"href":"https:\/\/www.anovapeneira.gal\/index.php\/wp-json\/wp\/v2\/users\/3"}],"replies":[{"embeddable":true,"href":"https:\/\/www.anovapeneira.gal\/index.php\/wp-json\/wp\/v2\/comments?post=10097"}],"version-history":[{"count":2,"href":"https:\/\/www.anovapeneira.gal\/index.php\/wp-json\/wp\/v2\/posts\/10097\/revisions"}],"predecessor-version":[{"id":10100,"href":"https:\/\/www.anovapeneira.gal\/index.php\/wp-json\/wp\/v2\/posts\/10097\/revisions\/10100"}],"wp:featuredmedia":[{"embeddable":true,"href":"https:\/\/www.anovapeneira.gal\/index.php\/wp-json\/wp\/v2\/media\/10115"}],"wp:attachment":[{"href":"https:\/\/www.anovapeneira.gal\/index.php\/wp-json\/wp\/v2\/media?parent=10097"}],"wp:term":[{"taxonomy":"category","embeddable":true,"href":"https:\/\/www.anovapeneira.gal\/index.php\/wp-json\/wp\/v2\/categories?post=10097"},{"taxonomy":"post_tag","embeddable":true,"href":"https:\/\/www.anovapeneira.gal\/index.php\/wp-json\/wp\/v2\/tags?post=10097"}],"curies":[{"name":"wp","href":"https:\/\/api.w.org\/{rel}","templated":true}]}}