{"id":10101,"date":"2023-07-11T12:00:36","date_gmt":"2023-07-11T10:00:36","guid":{"rendered":"https:\/\/www.anovapeneira.gal\/?p=10101"},"modified":"2023-07-08T11:54:44","modified_gmt":"2023-07-08T09:54:44","slug":"o-festival-nigran-jazz-a-piques-da-sua-maioria-de-idade","status":"publish","type":"post","link":"https:\/\/www.anovapeneira.gal\/index.php\/2023\/07\/11\/o-festival-nigran-jazz-a-piques-da-sua-maioria-de-idade\/","title":{"rendered":"O Festival Nigr\u00e1n Jazz a piques da s\u00faa maior\u00eda de idade"},"content":{"rendered":"\n<p><strong>Os vindeiros 28 e 29 de xullo no marabilloso escenario habitual do Esteiro da Foz bota a andar a XVII edici\u00f3n do Festival Nigr\u00e1n Jazz. Desta volta far\u00e1n unha aposta decidida por m\u00fasicos novos, como sempre na s\u00faa historia, de grande talento e contar\u00e1n coa presenza estelar do norteamericano Steve C\u00e1rdenas. Para n\u00f3s foi un pracer, un ano m\u00e1is, conversar co director do Festival<\/strong><\/p>\n\n\n\n<p><strong>Felipe Villar, director do Festival Nigr\u00e1n Jazz.<\/strong><\/p>\n\n\n\n<h2 class=\"wp-block-heading\">\u201c <strong>A mi\u00f1a ilusi\u00f3n \u00e9 que o Festival poida ser un actor permanente da vida cultural de Galicia, incluso cando eu xa non estea\u201d<\/strong><\/h2>\n\n\n\n<p><strong>Un ano m\u00e1is Felipe, e xa van?<\/strong><\/p>\n\n\n\n<blockquote class=\"wp-block-quote is-layout-flow wp-block-quote-is-layout-flow\">\n<p>Pois xa case somos maiores de idade. Esta \u00e9 a 17\u00ba edici\u00f3n.<\/p>\n<\/blockquote>\n\n\n\n<p><strong>O festival nunca parou, nin sequera na pandemia?<\/strong><\/p>\n\n\n\n<blockquote class=\"wp-block-quote is-layout-flow wp-block-quote-is-layout-flow\">\n<p>Non, nunca. A verdade que tivemos sorte e os dous anos da pandemia cadrounos en fases de desescalada.<\/p>\n<\/blockquote>\n\n\n\n<p><strong>Cales son as caracter\u00edsticas m\u00e1is significativas desta edici\u00f3n?<\/strong><\/p>\n\n\n\n<blockquote class=\"wp-block-quote is-layout-flow wp-block-quote-is-layout-flow\">\n<p>Se cadra a nosa aposta pola mocidade. Neste caso , o noso cartel est\u00e1 esencialmente formado por m\u00fasicos galegos que , ante a imposibilidade de ga\u00f1ar a vida coa m\u00fasica en Galicia, tiveron que facelo noutros pa\u00edses como Holanda ou Su\u00edza. Este ano temos d\u00faas bandas nesas circunstancias , que est\u00e1n lideradas por dous grandes m\u00fasicos galegos: Miguel Seoane e Sunil L\u00f3pez. Miguel est\u00e1 en Holanda e Sunil na Su\u00edza. Miguel vive disto e Sunil est\u00e1 a\u00ednda estudando.<\/p>\n<\/blockquote>\n\n\n\n<p><strong>Neses pa\u00edses \u00e9 posible vivir do Jazz?<\/strong><\/p>\n\n\n\n<blockquote class=\"wp-block-quote is-layout-flow wp-block-quote-is-layout-flow\">\n<p>Si, \u00e9 dif\u00edcil pero posible<\/p>\n<\/blockquote>\n\n\n\n<p><strong>E en Galicia?<\/strong><\/p>\n\n\n\n<blockquote class=\"wp-block-quote is-layout-flow wp-block-quote-is-layout-flow\">\n<p>Ag\u00e1s alg\u00fan caso puntual \u00e9 total e absolutamente imposible.<\/p>\n<\/blockquote>\n\n\n\n<p><strong>Al\u00e9n desas d\u00faas bandas quen ven?<\/strong><\/p>\n\n\n\n<blockquote class=\"wp-block-quote is-layout-flow wp-block-quote-is-layout-flow\">\n<p>Temos unha banda italiana tam\u00e9n moi nova e a estrela desta edici\u00f3n que \u00e9 o m\u00fasico norteamericano Steve Cardenas. Estou moi contento de apoiar aos m\u00fasicos novos. Por outra parte o festival tampouco ten potencia para facer un cartel s\u00f3 de estrelas.<\/p>\n<\/blockquote>\n\n\n\n<p><strong>Ben, polo festival xa te\u00f1en pasado m\u00fasicos realmente moi importantes?<\/strong><\/p>\n\n\n\n<blockquote class=\"wp-block-quote is-layout-flow wp-block-quote-is-layout-flow\">\n<p>Si, a verdade \u00e9 que \u00e1s veces si se deron as circunstancias para traer a alg\u00fan m\u00fasico que est\u00e1 entre os mellores do mundo como por exemplo Peter Berstein, o meu guitarrista favorito, ou o israel\u00ed Gilad Hekselman&#8230; Agora \u00e9 m\u00e1is dif\u00edcil pois todo se encareceu un mont\u00f3n<\/p>\n<\/blockquote>\n\n\n\n<p><strong>Cales son os d\u00edas nos que se celebra?<\/strong><\/p>\n\n\n\n<blockquote class=\"wp-block-quote is-layout-flow wp-block-quote-is-layout-flow\">\n<p>28 e 29 de xullo<\/p>\n<\/blockquote>\n\n\n\n<p><strong>E o horario?<\/strong><\/p>\n\n\n\n<blockquote class=\"wp-block-quote is-layout-flow wp-block-quote-is-layout-flow\">\n<p>Os concertos da Foz son o venres e o s\u00e1bado , o primeiro \u00e1s 21:00 e o segundo \u00e1s 22:30.En ambos d\u00edas temos o mesmo horario. E logo ao rematar eses concertos teremos as Jam session \u00e1s 0:00 h.<\/p>\n<\/blockquote>\n\n\n\n<p><strong>Todo vai ser na Foz?<\/strong><\/p>\n\n\n\n<blockquote class=\"wp-block-quote is-layout-flow wp-block-quote-is-layout-flow\">\n<p>Todo ag\u00e1s a master-class que ser\u00e1 no auditorio do Concello.<\/p>\n<\/blockquote>\n\n\n\n<p><strong>Quen vai dar a clase?<\/strong><\/p>\n\n\n\n<blockquote class=\"wp-block-quote is-layout-flow wp-block-quote-is-layout-flow\">\n<p>Steve C\u00e1rdenas. El \u00e9, como che dixen, a estrela desta edici\u00f3n. Un m\u00fasico consagrado que ademais \u00e9 profesor na universidade de N. York.<\/p>\n<\/blockquote>\n\n\n\n<p><strong>Caramba , teredes que metelo nun bo hotel supo\u00f1o?<\/strong><\/p>\n\n\n\n<blockquote class=\"wp-block-quote is-layout-flow wp-block-quote-is-layout-flow\">\n<p>Pois non. Vai estar na mi\u00f1a casa<\/p>\n<\/blockquote>\n\n\n\n<p><strong>Ha ha ha ha. \u00c9 verdade, esquec\u00eda que un dos encantos do Nigr\u00e1n Jazz reside en que sodes case como unha familia<\/strong><\/p>\n\n\n\n<blockquote class=\"wp-block-quote is-layout-flow wp-block-quote-is-layout-flow\">\n<p>Ben, este \u00e9 un mundo pequeno, m\u00e1is ou menos imos co\u00f1ec\u00e9ndonos todos e o contacto acaba por crear lazos afectivos , desde logo que si.<\/p>\n<\/blockquote>\n\n\n\n<p><strong>Que expectativas de asistencia tes?<\/strong><\/p>\n\n\n\n<blockquote class=\"wp-block-quote is-layout-flow wp-block-quote-is-layout-flow\">\n<p>Moi boas. Agardo que, como sempre, A Foz se encha.<\/p>\n<\/blockquote>\n\n\n\n<p><strong>A entrada \u00e9 de balde?<\/strong><\/p>\n\n\n\n<blockquote class=\"wp-block-quote is-layout-flow wp-block-quote-is-layout-flow\">\n<p>Si.<\/p>\n<\/blockquote>\n\n\n\n<p><strong>Nunca tivestes problemas de chuvia?<\/strong><\/p>\n\n\n\n<blockquote class=\"wp-block-quote is-layout-flow wp-block-quote-is-layout-flow\">\n<p>Creo lembrar que s\u00f3 nunha edici\u00f3n. Nese caso teriamos que ir a un lugar cuberto, o festival non parar\u00eda. Pero agardo non telos desde logo. Un dos encantos m\u00e1is importantes do noso festival \u00e9 o marabilloso escenario no que se fai.<\/p>\n<\/blockquote>\n\n\n\n<p><strong>Como financiades o festival?<\/strong><\/p>\n\n\n\n<blockquote class=\"wp-block-quote is-layout-flow wp-block-quote-is-layout-flow\">\n<p>Fundamentalmente coas achegas do Concello de Nigr\u00e1n e da DEPO, e logo tam\u00e9n contamos coa axuda de patrocinadores privados aos que agradecemos profundamente a s\u00faa colaboraci\u00f3n como por exemplo a cervexas Banda, unha marca de Nigr\u00e1n.<\/p>\n<\/blockquote>\n\n\n\n<p><strong>Tes medo de que o cambio de goberno na DEPO supo\u00f1a alg\u00fan tipo de problema para os futuros festivais?<\/strong><\/p>\n\n\n\n<blockquote class=\"wp-block-quote is-layout-flow wp-block-quote-is-layout-flow\">\n<p>Agardo que non haxa problema. O festival xa ten unha penetraci\u00f3n importante na sociedade do Val Mi\u00f1or. Non \u00e9 un evento pol\u00edtico sen\u00f3n cultural, e debe de transcender calquera tipo de conxuntura pol\u00edtica. O festival \u00e9 un \u00e9xito, estamos traendo, obxectivamente, m\u00fasicos de primeira li\u00f1a mundial.<\/p>\n<\/blockquote>\n\n\n\n<p><strong>Cando fixeches a primeira edici\u00f3n con Quin Albor\u00e9s, pensabas que 17 anos m\u00e1is tarde estar\u00edas facendo unha entrevista sobre a decimo s\u00e9tima edici\u00f3n?<\/strong><\/p>\n\n\n\n<blockquote class=\"wp-block-quote is-layout-flow wp-block-quote-is-layout-flow\">\n<p>De ningunha das maneiras vaia. Pero nin de lonxe.<\/p>\n<\/blockquote>\n\n\n\n<p><strong>\u00c9 un obxectivo veros\u00edmil pensar que o Festival poida transcender a t\u00faa figura?<\/strong><\/p>\n\n\n\n<blockquote class=\"wp-block-quote is-layout-flow wp-block-quote-is-layout-flow\">\n<p>Agardo que si. Penso que si. De feito ma\u00f1\u00e1 mesmo poder\u00eda facerse se eu non estou. Iso non quita que eu estea absolutamente implicado nas mi\u00f1as emoci\u00f3ns m\u00e1is profundas co festival e que , mentres poida, participe e colabore.<\/p>\n<\/blockquote>\n","protected":false},"excerpt":{"rendered":"<div class=\"mh-excerpt\"><p>Os vindeiros 28 e 29 de xullo no marabilloso escenario habitual do Esteiro da Foz bota a andar a XVII edici\u00f3n do Festival Nigr\u00e1n Jazz <a class=\"mh-excerpt-more\" href=\"https:\/\/www.anovapeneira.gal\/index.php\/2023\/07\/11\/o-festival-nigran-jazz-a-piques-da-sua-maioria-de-idade\/\" title=\"O Festival Nigr\u00e1n Jazz a piques da s\u00faa maior\u00eda de idade\">[&#8230;]<\/a><\/p>\n<\/div>","protected":false},"author":3,"featured_media":10103,"comment_status":"open","ping_status":"open","sticky":false,"template":"","format":"standard","meta":{"_exactmetrics_skip_tracking":false,"_exactmetrics_sitenote_active":false,"_exactmetrics_sitenote_note":"","_exactmetrics_sitenote_category":0,"footnotes":""},"categories":[271],"tags":[135],"class_list":{"0":"post-10101","1":"post","2":"type-post","3":"status-publish","4":"format-standard","5":"has-post-thumbnail","7":"category-val-minor-entrevistas","8":"tag-concello-de-nigran"},"yoast_head":"<!-- This site is optimized with the Yoast SEO plugin v27.4 - https:\/\/yoast.com\/product\/yoast-seo-wordpress\/ -->\n<title>O Festival Nigr\u00e1n Jazz a piques da s\u00faa maior\u00eda de idade -<\/title>\n<meta name=\"description\" content=\"Os vindeiros 28 e 29 de xullo no marabilloso escenario habitual do Esteiro da Foz bota a andar a XVII edici\u00f3n do Festival Nigr\u00e1n Jazz\" \/>\n<meta name=\"robots\" content=\"index, follow, max-snippet:-1, max-image-preview:large, max-video-preview:-1\" \/>\n<link rel=\"canonical\" href=\"https:\/\/www.anovapeneira.gal\/index.php\/2023\/07\/11\/o-festival-nigran-jazz-a-piques-da-sua-maioria-de-idade\/\" \/>\n<meta property=\"og:locale\" content=\"gl_ES\" \/>\n<meta property=\"og:type\" content=\"article\" \/>\n<meta property=\"og:title\" content=\"O Festival Nigr\u00e1n Jazz a piques da s\u00faa maior\u00eda de idade -\" \/>\n<meta property=\"og:description\" content=\"Os vindeiros 28 e 29 de xullo no marabilloso escenario habitual do Esteiro da Foz bota a andar a XVII edici\u00f3n do Festival Nigr\u00e1n Jazz\" \/>\n<meta property=\"og:url\" content=\"https:\/\/www.anovapeneira.gal\/index.php\/2023\/07\/11\/o-festival-nigran-jazz-a-piques-da-sua-maioria-de-idade\/\" \/>\n<meta property=\"article:publisher\" content=\"https:\/\/www.facebook.com\/anovapeneira\" \/>\n<meta property=\"article:published_time\" content=\"2023-07-11T10:00:36+00:00\" \/>\n<meta property=\"og:image\" content=\"https:\/\/www.anovapeneira.gal\/wp-content\/uploads\/2023\/07\/felipe_villar.jpg\" \/>\n\t<meta property=\"og:image:width\" content=\"720\" \/>\n\t<meta property=\"og:image:height\" content=\"432\" \/>\n\t<meta property=\"og:image:type\" content=\"image\/jpeg\" \/>\n<meta name=\"author\" content=\"Redacci\u00f3n A Nova Peneira\" \/>\n<meta name=\"twitter:card\" content=\"summary_large_image\" \/>\n<meta name=\"twitter:creator\" content=\"@APeneira\" \/>\n<meta name=\"twitter:site\" content=\"@APeneira\" \/>\n<meta name=\"twitter:label1\" content=\"Escrito por\" \/>\n\t<meta name=\"twitter:data1\" content=\"Redacci\u00f3n A Nova Peneira\" \/>\n\t<meta name=\"twitter:label2\" content=\"Tempo de lectura\" \/>\n\t<meta name=\"twitter:data2\" content=\"2 minutos\" \/>\n<script type=\"application\/ld+json\" class=\"yoast-schema-graph\">{\"@context\":\"https:\\\/\\\/schema.org\",\"@graph\":[{\"@type\":\"Article\",\"@id\":\"https:\\\/\\\/www.anovapeneira.gal\\\/index.php\\\/2023\\\/07\\\/11\\\/o-festival-nigran-jazz-a-piques-da-sua-maioria-de-idade\\\/#article\",\"isPartOf\":{\"@id\":\"https:\\\/\\\/www.anovapeneira.gal\\\/index.php\\\/2023\\\/07\\\/11\\\/o-festival-nigran-jazz-a-piques-da-sua-maioria-de-idade\\\/\"},\"author\":{\"name\":\"Redacci\u00f3n A Nova Peneira\",\"@id\":\"https:\\\/\\\/www.anovapeneira.gal\\\/#\\\/schema\\\/person\\\/b93e3f8932e3f8da96334607eb6ac6aa\"},\"headline\":\"O Festival Nigr\u00e1n Jazz a piques da s\u00faa maior\u00eda de idade\",\"datePublished\":\"2023-07-11T10:00:36+00:00\",\"mainEntityOfPage\":{\"@id\":\"https:\\\/\\\/www.anovapeneira.gal\\\/index.php\\\/2023\\\/07\\\/11\\\/o-festival-nigran-jazz-a-piques-da-sua-maioria-de-idade\\\/\"},\"wordCount\":842,\"commentCount\":0,\"publisher\":{\"@id\":\"https:\\\/\\\/www.anovapeneira.gal\\\/#organization\"},\"image\":{\"@id\":\"https:\\\/\\\/www.anovapeneira.gal\\\/index.php\\\/2023\\\/07\\\/11\\\/o-festival-nigran-jazz-a-piques-da-sua-maioria-de-idade\\\/#primaryimage\"},\"thumbnailUrl\":\"https:\\\/\\\/www.anovapeneira.gal\\\/wp-content\\\/uploads\\\/2023\\\/07\\\/felipe_villar.jpg\",\"keywords\":[\"Concello de Nigr\u00e1n\"],\"articleSection\":[\"Val Mi\u00f1or\"],\"inLanguage\":\"gl-ES\",\"potentialAction\":[{\"@type\":\"CommentAction\",\"name\":\"Comment\",\"target\":[\"https:\\\/\\\/www.anovapeneira.gal\\\/index.php\\\/2023\\\/07\\\/11\\\/o-festival-nigran-jazz-a-piques-da-sua-maioria-de-idade\\\/#respond\"]}]},{\"@type\":\"WebPage\",\"@id\":\"https:\\\/\\\/www.anovapeneira.gal\\\/index.php\\\/2023\\\/07\\\/11\\\/o-festival-nigran-jazz-a-piques-da-sua-maioria-de-idade\\\/\",\"url\":\"https:\\\/\\\/www.anovapeneira.gal\\\/index.php\\\/2023\\\/07\\\/11\\\/o-festival-nigran-jazz-a-piques-da-sua-maioria-de-idade\\\/\",\"name\":\"O Festival Nigr\u00e1n Jazz a piques da s\u00faa maior\u00eda de idade -\",\"isPartOf\":{\"@id\":\"https:\\\/\\\/www.anovapeneira.gal\\\/#website\"},\"primaryImageOfPage\":{\"@id\":\"https:\\\/\\\/www.anovapeneira.gal\\\/index.php\\\/2023\\\/07\\\/11\\\/o-festival-nigran-jazz-a-piques-da-sua-maioria-de-idade\\\/#primaryimage\"},\"image\":{\"@id\":\"https:\\\/\\\/www.anovapeneira.gal\\\/index.php\\\/2023\\\/07\\\/11\\\/o-festival-nigran-jazz-a-piques-da-sua-maioria-de-idade\\\/#primaryimage\"},\"thumbnailUrl\":\"https:\\\/\\\/www.anovapeneira.gal\\\/wp-content\\\/uploads\\\/2023\\\/07\\\/felipe_villar.jpg\",\"datePublished\":\"2023-07-11T10:00:36+00:00\",\"description\":\"Os vindeiros 28 e 29 de xullo no marabilloso escenario habitual do Esteiro da Foz bota a andar a XVII edici\u00f3n do Festival Nigr\u00e1n Jazz\",\"breadcrumb\":{\"@id\":\"https:\\\/\\\/www.anovapeneira.gal\\\/index.php\\\/2023\\\/07\\\/11\\\/o-festival-nigran-jazz-a-piques-da-sua-maioria-de-idade\\\/#breadcrumb\"},\"inLanguage\":\"gl-ES\",\"potentialAction\":[{\"@type\":\"ReadAction\",\"target\":[\"https:\\\/\\\/www.anovapeneira.gal\\\/index.php\\\/2023\\\/07\\\/11\\\/o-festival-nigran-jazz-a-piques-da-sua-maioria-de-idade\\\/\"]}]},{\"@type\":\"ImageObject\",\"inLanguage\":\"gl-ES\",\"@id\":\"https:\\\/\\\/www.anovapeneira.gal\\\/index.php\\\/2023\\\/07\\\/11\\\/o-festival-nigran-jazz-a-piques-da-sua-maioria-de-idade\\\/#primaryimage\",\"url\":\"https:\\\/\\\/www.anovapeneira.gal\\\/wp-content\\\/uploads\\\/2023\\\/07\\\/felipe_villar.jpg\",\"contentUrl\":\"https:\\\/\\\/www.anovapeneira.gal\\\/wp-content\\\/uploads\\\/2023\\\/07\\\/felipe_villar.jpg\",\"width\":720,\"height\":432,\"caption\":\"Felipe Villar Jazz Nigr\u00e1n\"},{\"@type\":\"BreadcrumbList\",\"@id\":\"https:\\\/\\\/www.anovapeneira.gal\\\/index.php\\\/2023\\\/07\\\/11\\\/o-festival-nigran-jazz-a-piques-da-sua-maioria-de-idade\\\/#breadcrumb\",\"itemListElement\":[{\"@type\":\"ListItem\",\"position\":1,\"name\":\"Portada\",\"item\":\"https:\\\/\\\/www.anovapeneira.gal\\\/\"},{\"@type\":\"ListItem\",\"position\":2,\"name\":\"O Festival Nigr\u00e1n Jazz a piques da s\u00faa maior\u00eda de idade\"}]},{\"@type\":\"WebSite\",\"@id\":\"https:\\\/\\\/www.anovapeneira.gal\\\/#website\",\"url\":\"https:\\\/\\\/www.anovapeneira.gal\\\/\",\"name\":\"\",\"description\":\"Xornal galego de informaci\u00f3n xeral Publicaci\u00f3n mensual de novas de Galicia e en especial dos Concellos da sur da provincia de Pontevedra.\",\"publisher\":{\"@id\":\"https:\\\/\\\/www.anovapeneira.gal\\\/#organization\"},\"potentialAction\":[{\"@type\":\"SearchAction\",\"target\":{\"@type\":\"EntryPoint\",\"urlTemplate\":\"https:\\\/\\\/www.anovapeneira.gal\\\/?s={search_term_string}\"},\"query-input\":{\"@type\":\"PropertyValueSpecification\",\"valueRequired\":true,\"valueName\":\"search_term_string\"}}],\"inLanguage\":\"gl-ES\"},{\"@type\":\"Organization\",\"@id\":\"https:\\\/\\\/www.anovapeneira.gal\\\/#organization\",\"name\":\"A Nova Peneira\",\"url\":\"https:\\\/\\\/www.anovapeneira.gal\\\/\",\"logo\":{\"@type\":\"ImageObject\",\"inLanguage\":\"gl-ES\",\"@id\":\"https:\\\/\\\/www.anovapeneira.gal\\\/#\\\/schema\\\/logo\\\/image\\\/\",\"url\":\"http:\\\/\\\/www.anovapeneira.gal\\\/wp-content\\\/uploads\\\/2019\\\/06\\\/logo_a_nova_peneira_portal_web.png\",\"contentUrl\":\"http:\\\/\\\/www.anovapeneira.gal\\\/wp-content\\\/uploads\\\/2019\\\/06\\\/logo_a_nova_peneira_portal_web.png\",\"width\":300,\"height\":100,\"caption\":\"A Nova Peneira\"},\"image\":{\"@id\":\"https:\\\/\\\/www.anovapeneira.gal\\\/#\\\/schema\\\/logo\\\/image\\\/\"},\"sameAs\":[\"https:\\\/\\\/www.facebook.com\\\/anovapeneira\",\"https:\\\/\\\/x.com\\\/APeneira\"]},{\"@type\":\"Person\",\"@id\":\"https:\\\/\\\/www.anovapeneira.gal\\\/#\\\/schema\\\/person\\\/b93e3f8932e3f8da96334607eb6ac6aa\",\"name\":\"Redacci\u00f3n A Nova Peneira\",\"image\":{\"@type\":\"ImageObject\",\"inLanguage\":\"gl-ES\",\"@id\":\"https:\\\/\\\/secure.gravatar.com\\\/avatar\\\/c052a2551a06e23fac63626232eaa90abd78dbcf1700fc46a2b2c89fd27b735f?s=96&d=mm&r=g\",\"url\":\"https:\\\/\\\/secure.gravatar.com\\\/avatar\\\/c052a2551a06e23fac63626232eaa90abd78dbcf1700fc46a2b2c89fd27b735f?s=96&d=mm&r=g\",\"contentUrl\":\"https:\\\/\\\/secure.gravatar.com\\\/avatar\\\/c052a2551a06e23fac63626232eaa90abd78dbcf1700fc46a2b2c89fd27b735f?s=96&d=mm&r=g\",\"caption\":\"Redacci\u00f3n A Nova Peneira\"},\"sameAs\":[\"http:\\\/\\\/www.anovapeneira.gal\\\/\"],\"url\":\"https:\\\/\\\/www.anovapeneira.gal\\\/index.php\\\/author\\\/redactor\\\/\"}]}<\/script>\n<!-- \/ Yoast SEO plugin. -->","yoast_head_json":{"title":"O Festival Nigr\u00e1n Jazz a piques da s\u00faa maior\u00eda de idade -","description":"Os vindeiros 28 e 29 de xullo no marabilloso escenario habitual do Esteiro da Foz bota a andar a XVII edici\u00f3n do Festival Nigr\u00e1n Jazz","robots":{"index":"index","follow":"follow","max-snippet":"max-snippet:-1","max-image-preview":"max-image-preview:large","max-video-preview":"max-video-preview:-1"},"canonical":"https:\/\/www.anovapeneira.gal\/index.php\/2023\/07\/11\/o-festival-nigran-jazz-a-piques-da-sua-maioria-de-idade\/","og_locale":"gl_ES","og_type":"article","og_title":"O Festival Nigr\u00e1n Jazz a piques da s\u00faa maior\u00eda de idade -","og_description":"Os vindeiros 28 e 29 de xullo no marabilloso escenario habitual do Esteiro da Foz bota a andar a XVII edici\u00f3n do Festival Nigr\u00e1n Jazz","og_url":"https:\/\/www.anovapeneira.gal\/index.php\/2023\/07\/11\/o-festival-nigran-jazz-a-piques-da-sua-maioria-de-idade\/","article_publisher":"https:\/\/www.facebook.com\/anovapeneira","article_published_time":"2023-07-11T10:00:36+00:00","og_image":[{"width":720,"height":432,"url":"https:\/\/www.anovapeneira.gal\/wp-content\/uploads\/2023\/07\/felipe_villar.jpg","type":"image\/jpeg"}],"author":"Redacci\u00f3n A Nova Peneira","twitter_card":"summary_large_image","twitter_creator":"@APeneira","twitter_site":"@APeneira","twitter_misc":{"Escrito por":"Redacci\u00f3n A Nova Peneira","Tempo de lectura":"2 minutos"},"schema":{"@context":"https:\/\/schema.org","@graph":[{"@type":"Article","@id":"https:\/\/www.anovapeneira.gal\/index.php\/2023\/07\/11\/o-festival-nigran-jazz-a-piques-da-sua-maioria-de-idade\/#article","isPartOf":{"@id":"https:\/\/www.anovapeneira.gal\/index.php\/2023\/07\/11\/o-festival-nigran-jazz-a-piques-da-sua-maioria-de-idade\/"},"author":{"name":"Redacci\u00f3n A Nova Peneira","@id":"https:\/\/www.anovapeneira.gal\/#\/schema\/person\/b93e3f8932e3f8da96334607eb6ac6aa"},"headline":"O Festival Nigr\u00e1n Jazz a piques da s\u00faa maior\u00eda de idade","datePublished":"2023-07-11T10:00:36+00:00","mainEntityOfPage":{"@id":"https:\/\/www.anovapeneira.gal\/index.php\/2023\/07\/11\/o-festival-nigran-jazz-a-piques-da-sua-maioria-de-idade\/"},"wordCount":842,"commentCount":0,"publisher":{"@id":"https:\/\/www.anovapeneira.gal\/#organization"},"image":{"@id":"https:\/\/www.anovapeneira.gal\/index.php\/2023\/07\/11\/o-festival-nigran-jazz-a-piques-da-sua-maioria-de-idade\/#primaryimage"},"thumbnailUrl":"https:\/\/www.anovapeneira.gal\/wp-content\/uploads\/2023\/07\/felipe_villar.jpg","keywords":["Concello de Nigr\u00e1n"],"articleSection":["Val Mi\u00f1or"],"inLanguage":"gl-ES","potentialAction":[{"@type":"CommentAction","name":"Comment","target":["https:\/\/www.anovapeneira.gal\/index.php\/2023\/07\/11\/o-festival-nigran-jazz-a-piques-da-sua-maioria-de-idade\/#respond"]}]},{"@type":"WebPage","@id":"https:\/\/www.anovapeneira.gal\/index.php\/2023\/07\/11\/o-festival-nigran-jazz-a-piques-da-sua-maioria-de-idade\/","url":"https:\/\/www.anovapeneira.gal\/index.php\/2023\/07\/11\/o-festival-nigran-jazz-a-piques-da-sua-maioria-de-idade\/","name":"O Festival Nigr\u00e1n Jazz a piques da s\u00faa maior\u00eda de idade -","isPartOf":{"@id":"https:\/\/www.anovapeneira.gal\/#website"},"primaryImageOfPage":{"@id":"https:\/\/www.anovapeneira.gal\/index.php\/2023\/07\/11\/o-festival-nigran-jazz-a-piques-da-sua-maioria-de-idade\/#primaryimage"},"image":{"@id":"https:\/\/www.anovapeneira.gal\/index.php\/2023\/07\/11\/o-festival-nigran-jazz-a-piques-da-sua-maioria-de-idade\/#primaryimage"},"thumbnailUrl":"https:\/\/www.anovapeneira.gal\/wp-content\/uploads\/2023\/07\/felipe_villar.jpg","datePublished":"2023-07-11T10:00:36+00:00","description":"Os vindeiros 28 e 29 de xullo no marabilloso escenario habitual do Esteiro da Foz bota a andar a XVII edici\u00f3n do Festival Nigr\u00e1n Jazz","breadcrumb":{"@id":"https:\/\/www.anovapeneira.gal\/index.php\/2023\/07\/11\/o-festival-nigran-jazz-a-piques-da-sua-maioria-de-idade\/#breadcrumb"},"inLanguage":"gl-ES","potentialAction":[{"@type":"ReadAction","target":["https:\/\/www.anovapeneira.gal\/index.php\/2023\/07\/11\/o-festival-nigran-jazz-a-piques-da-sua-maioria-de-idade\/"]}]},{"@type":"ImageObject","inLanguage":"gl-ES","@id":"https:\/\/www.anovapeneira.gal\/index.php\/2023\/07\/11\/o-festival-nigran-jazz-a-piques-da-sua-maioria-de-idade\/#primaryimage","url":"https:\/\/www.anovapeneira.gal\/wp-content\/uploads\/2023\/07\/felipe_villar.jpg","contentUrl":"https:\/\/www.anovapeneira.gal\/wp-content\/uploads\/2023\/07\/felipe_villar.jpg","width":720,"height":432,"caption":"Felipe Villar Jazz Nigr\u00e1n"},{"@type":"BreadcrumbList","@id":"https:\/\/www.anovapeneira.gal\/index.php\/2023\/07\/11\/o-festival-nigran-jazz-a-piques-da-sua-maioria-de-idade\/#breadcrumb","itemListElement":[{"@type":"ListItem","position":1,"name":"Portada","item":"https:\/\/www.anovapeneira.gal\/"},{"@type":"ListItem","position":2,"name":"O Festival Nigr\u00e1n Jazz a piques da s\u00faa maior\u00eda de idade"}]},{"@type":"WebSite","@id":"https:\/\/www.anovapeneira.gal\/#website","url":"https:\/\/www.anovapeneira.gal\/","name":"","description":"Xornal galego de informaci\u00f3n xeral Publicaci\u00f3n mensual de novas de Galicia e en especial dos Concellos da sur da provincia de Pontevedra.","publisher":{"@id":"https:\/\/www.anovapeneira.gal\/#organization"},"potentialAction":[{"@type":"SearchAction","target":{"@type":"EntryPoint","urlTemplate":"https:\/\/www.anovapeneira.gal\/?s={search_term_string}"},"query-input":{"@type":"PropertyValueSpecification","valueRequired":true,"valueName":"search_term_string"}}],"inLanguage":"gl-ES"},{"@type":"Organization","@id":"https:\/\/www.anovapeneira.gal\/#organization","name":"A Nova Peneira","url":"https:\/\/www.anovapeneira.gal\/","logo":{"@type":"ImageObject","inLanguage":"gl-ES","@id":"https:\/\/www.anovapeneira.gal\/#\/schema\/logo\/image\/","url":"http:\/\/www.anovapeneira.gal\/wp-content\/uploads\/2019\/06\/logo_a_nova_peneira_portal_web.png","contentUrl":"http:\/\/www.anovapeneira.gal\/wp-content\/uploads\/2019\/06\/logo_a_nova_peneira_portal_web.png","width":300,"height":100,"caption":"A Nova Peneira"},"image":{"@id":"https:\/\/www.anovapeneira.gal\/#\/schema\/logo\/image\/"},"sameAs":["https:\/\/www.facebook.com\/anovapeneira","https:\/\/x.com\/APeneira"]},{"@type":"Person","@id":"https:\/\/www.anovapeneira.gal\/#\/schema\/person\/b93e3f8932e3f8da96334607eb6ac6aa","name":"Redacci\u00f3n A Nova Peneira","image":{"@type":"ImageObject","inLanguage":"gl-ES","@id":"https:\/\/secure.gravatar.com\/avatar\/c052a2551a06e23fac63626232eaa90abd78dbcf1700fc46a2b2c89fd27b735f?s=96&d=mm&r=g","url":"https:\/\/secure.gravatar.com\/avatar\/c052a2551a06e23fac63626232eaa90abd78dbcf1700fc46a2b2c89fd27b735f?s=96&d=mm&r=g","contentUrl":"https:\/\/secure.gravatar.com\/avatar\/c052a2551a06e23fac63626232eaa90abd78dbcf1700fc46a2b2c89fd27b735f?s=96&d=mm&r=g","caption":"Redacci\u00f3n A Nova Peneira"},"sameAs":["http:\/\/www.anovapeneira.gal\/"],"url":"https:\/\/www.anovapeneira.gal\/index.php\/author\/redactor\/"}]}},"jetpack_featured_media_url":"https:\/\/www.anovapeneira.gal\/wp-content\/uploads\/2023\/07\/felipe_villar.jpg","_links":{"self":[{"href":"https:\/\/www.anovapeneira.gal\/index.php\/wp-json\/wp\/v2\/posts\/10101","targetHints":{"allow":["GET"]}}],"collection":[{"href":"https:\/\/www.anovapeneira.gal\/index.php\/wp-json\/wp\/v2\/posts"}],"about":[{"href":"https:\/\/www.anovapeneira.gal\/index.php\/wp-json\/wp\/v2\/types\/post"}],"author":[{"embeddable":true,"href":"https:\/\/www.anovapeneira.gal\/index.php\/wp-json\/wp\/v2\/users\/3"}],"replies":[{"embeddable":true,"href":"https:\/\/www.anovapeneira.gal\/index.php\/wp-json\/wp\/v2\/comments?post=10101"}],"version-history":[{"count":2,"href":"https:\/\/www.anovapeneira.gal\/index.php\/wp-json\/wp\/v2\/posts\/10101\/revisions"}],"predecessor-version":[{"id":10104,"href":"https:\/\/www.anovapeneira.gal\/index.php\/wp-json\/wp\/v2\/posts\/10101\/revisions\/10104"}],"wp:featuredmedia":[{"embeddable":true,"href":"https:\/\/www.anovapeneira.gal\/index.php\/wp-json\/wp\/v2\/media\/10103"}],"wp:attachment":[{"href":"https:\/\/www.anovapeneira.gal\/index.php\/wp-json\/wp\/v2\/media?parent=10101"}],"wp:term":[{"taxonomy":"category","embeddable":true,"href":"https:\/\/www.anovapeneira.gal\/index.php\/wp-json\/wp\/v2\/categories?post=10101"},{"taxonomy":"post_tag","embeddable":true,"href":"https:\/\/www.anovapeneira.gal\/index.php\/wp-json\/wp\/v2\/tags?post=10101"}],"curies":[{"name":"wp","href":"https:\/\/api.w.org\/{rel}","templated":true}]}}