{"id":10105,"date":"2023-07-12T10:00:32","date_gmt":"2023-07-12T08:00:32","guid":{"rendered":"https:\/\/www.anovapeneira.gal\/?p=10105"},"modified":"2023-07-08T11:37:49","modified_gmt":"2023-07-08T09:37:49","slug":"o-psoe-non-quixo-un-acordo-de-goberno-en-tui","status":"publish","type":"post","link":"https:\/\/www.anovapeneira.gal\/index.php\/2023\/07\/12\/o-psoe-non-quixo-un-acordo-de-goberno-en-tui\/","title":{"rendered":"O PSOE non quixo un acordo de goberno en Tui"},"content":{"rendered":"\n<h2 class=\"wp-block-heading\">O BNG de Tui quere informar \u00e1 opini\u00f3n p\u00fablica que despois dun proceso denegociaci\u00f3n co PSOE lamentablemente no se alcanzou un acordo para un goberno de coalici\u00f3n.<\/h2>\n\n\n\n<p>N\u00f3s sempre manifestamos de forma repetida durante a campa\u00f1a electoral, a mesma noite electoral e en entrevistas posteriores, a nosa disponibilidade para conformar un goberno progresista en Tui.<\/p>\n\n\n\n<p>Pola contra, na mesma noite electoral e en entrevistas posteriores, incluso xa iniciadasas negociaci\u00f3ns, o candidato do PSOE mostrouse reacio a pactar e manifestaba a s\u00faaintenci\u00f3n de gobernar en minor\u00eda. Tardou ata nove d\u00edas en contactar co BNG. Iso \u00e9 moi revelador do pouco inter\u00e9s en formar un goberno con n\u00f3s .<\/p>\n\n\n\n<p>Pese a isto, puxemos todo o noso empe\u00f1o en que ese acordo se producira. Nesesentido, cando fomos convocados polo PSOE, aportamos unha comparativa dos programas electorais de ambos partidos, \u00e1rea por \u00e1rea, proxecto por proxecto, e empezamos a negociaci\u00f3n en base a eles. Aportamos incluso dese\u00f1os dos nosos proxectos e propostas. Durante a negociaci\u00f3n, o BNG mostrouse disposto a ceder en moitos puntos en que mant\u00ed\u00f1amos opini\u00f3ns diferentes , aceptando as s\u00faas propostas, pero non houbo na outra parte verdadeira intenci\u00f3n de pactar.<\/p>\n\n\n\n<p>O PSOE non fixo absolutamente ningunha cesi\u00f3n en puntos nos que discord\u00e1bamos,nen sequera nos dous \u00fanicos que para n\u00f3s eran irrenunciables: a non construcci\u00f3n dun aparcamento soterrado na traseira da \u00c1rea Panor\u00e1mica e evitar o derrube da casa e otraslado do h\u00f3rreo da finca Patazumba, chegados a este punto, romp\u00e9ronse as negociaci\u00f3ns.<\/p>\n\n\n\n<p>O BNG constata que con elas o PSOE pretendeu cumprir un parip\u00e9 cara \u00e1 sociedade tudense, pero non ti\u00f1a intenci\u00f3n real de negociar: xa ti\u00f1a decidido gobernar en minor\u00eda, como declarou de forma reiterada o alcalde. A asamblea do BNG de Tui, celebrada o d\u00eda tres de xullo, foi informada con detalle do proceso de negociaci\u00f3n e decidiuse que desde este momento o BNG conf\u00f3rmase formalmente como oposici\u00f3n e que exercer\u00e1 ese papel de forma constructiva e firme.<\/p>\n","protected":false},"excerpt":{"rendered":"<div class=\"mh-excerpt\"><p>O BNG de Tui quere informar \u00e1 opini\u00f3n p\u00fablica que despois dun proceso denegociaci\u00f3n co PSOE lamentablemente no se alcanzou un acordo para un goberno de coalici\u00f3n <a class=\"mh-excerpt-more\" href=\"https:\/\/www.anovapeneira.gal\/index.php\/2023\/07\/12\/o-psoe-non-quixo-un-acordo-de-goberno-en-tui\/\" title=\"O PSOE non quixo un acordo de goberno en Tui\">[&#8230;]<\/a><\/p>\n<\/div>","protected":false},"author":3,"featured_media":9479,"comment_status":"open","ping_status":"open","sticky":false,"template":"","format":"standard","meta":{"_exactmetrics_skip_tracking":false,"_exactmetrics_sitenote_active":false,"_exactmetrics_sitenote_note":"","_exactmetrics_sitenote_category":0,"footnotes":""},"categories":[21],"tags":[426],"class_list":{"0":"post-10105","1":"post","2":"type-post","3":"status-publish","4":"format-standard","5":"has-post-thumbnail","7":"category-baixo-mino","8":"tag-concello-de-tui"},"yoast_head":"<!-- This site is optimized with the Yoast SEO plugin v27.4 - https:\/\/yoast.com\/product\/yoast-seo-wordpress\/ -->\n<title>O PSOE non quixo un acordo de goberno en Tui -<\/title>\n<meta name=\"description\" content=\"O BNG de Tui quere informar \u00e1 opini\u00f3n p\u00fablica que despois dun proceso denegociaci\u00f3n co PSOE lamentablemente no se alcanzou un acordo para un goberno de coalici\u00f3n\" \/>\n<meta name=\"robots\" content=\"index, follow, max-snippet:-1, max-image-preview:large, max-video-preview:-1\" \/>\n<link rel=\"canonical\" href=\"https:\/\/www.anovapeneira.gal\/index.php\/2023\/07\/12\/o-psoe-non-quixo-un-acordo-de-goberno-en-tui\/\" \/>\n<meta property=\"og:locale\" content=\"gl_ES\" \/>\n<meta property=\"og:type\" content=\"article\" \/>\n<meta property=\"og:title\" content=\"O PSOE non quixo un acordo de goberno en Tui -\" \/>\n<meta property=\"og:description\" content=\"O BNG de Tui quere informar \u00e1 opini\u00f3n p\u00fablica que despois dun proceso denegociaci\u00f3n co PSOE lamentablemente no se alcanzou un acordo para un goberno de coalici\u00f3n\" \/>\n<meta property=\"og:url\" content=\"https:\/\/www.anovapeneira.gal\/index.php\/2023\/07\/12\/o-psoe-non-quixo-un-acordo-de-goberno-en-tui\/\" \/>\n<meta property=\"article:publisher\" content=\"https:\/\/www.facebook.com\/anovapeneira\" \/>\n<meta property=\"article:published_time\" content=\"2023-07-12T08:00:32+00:00\" \/>\n<meta property=\"og:image\" content=\"https:\/\/www.anovapeneira.gal\/wp-content\/uploads\/2023\/04\/carme_nunez_bng_tui.jpg\" \/>\n\t<meta property=\"og:image:width\" content=\"720\" \/>\n\t<meta property=\"og:image:height\" content=\"432\" \/>\n\t<meta property=\"og:image:type\" content=\"image\/jpeg\" \/>\n<meta name=\"author\" content=\"Redacci\u00f3n A Nova Peneira\" \/>\n<meta name=\"twitter:card\" content=\"summary_large_image\" \/>\n<meta name=\"twitter:creator\" content=\"@APeneira\" \/>\n<meta name=\"twitter:site\" content=\"@APeneira\" \/>\n<meta name=\"twitter:label1\" content=\"Escrito por\" \/>\n\t<meta name=\"twitter:data1\" content=\"Redacci\u00f3n A Nova Peneira\" \/>\n\t<meta name=\"twitter:label2\" content=\"Tempo de lectura\" \/>\n\t<meta name=\"twitter:data2\" content=\"2 minutos\" \/>\n<script type=\"application\/ld+json\" class=\"yoast-schema-graph\">{\"@context\":\"https:\\\/\\\/schema.org\",\"@graph\":[{\"@type\":\"Article\",\"@id\":\"https:\\\/\\\/www.anovapeneira.gal\\\/index.php\\\/2023\\\/07\\\/12\\\/o-psoe-non-quixo-un-acordo-de-goberno-en-tui\\\/#article\",\"isPartOf\":{\"@id\":\"https:\\\/\\\/www.anovapeneira.gal\\\/index.php\\\/2023\\\/07\\\/12\\\/o-psoe-non-quixo-un-acordo-de-goberno-en-tui\\\/\"},\"author\":{\"name\":\"Redacci\u00f3n A Nova Peneira\",\"@id\":\"https:\\\/\\\/www.anovapeneira.gal\\\/#\\\/schema\\\/person\\\/b93e3f8932e3f8da96334607eb6ac6aa\"},\"headline\":\"O PSOE non quixo un acordo de goberno en Tui\",\"datePublished\":\"2023-07-12T08:00:32+00:00\",\"mainEntityOfPage\":{\"@id\":\"https:\\\/\\\/www.anovapeneira.gal\\\/index.php\\\/2023\\\/07\\\/12\\\/o-psoe-non-quixo-un-acordo-de-goberno-en-tui\\\/\"},\"wordCount\":363,\"commentCount\":0,\"publisher\":{\"@id\":\"https:\\\/\\\/www.anovapeneira.gal\\\/#organization\"},\"image\":{\"@id\":\"https:\\\/\\\/www.anovapeneira.gal\\\/index.php\\\/2023\\\/07\\\/12\\\/o-psoe-non-quixo-un-acordo-de-goberno-en-tui\\\/#primaryimage\"},\"thumbnailUrl\":\"https:\\\/\\\/www.anovapeneira.gal\\\/wp-content\\\/uploads\\\/2023\\\/04\\\/carme_nunez_bng_tui.jpg\",\"keywords\":[\"Concello de Tui\"],\"articleSection\":[\"Baixo Mi\u00f1o\"],\"inLanguage\":\"gl-ES\",\"potentialAction\":[{\"@type\":\"CommentAction\",\"name\":\"Comment\",\"target\":[\"https:\\\/\\\/www.anovapeneira.gal\\\/index.php\\\/2023\\\/07\\\/12\\\/o-psoe-non-quixo-un-acordo-de-goberno-en-tui\\\/#respond\"]}]},{\"@type\":\"WebPage\",\"@id\":\"https:\\\/\\\/www.anovapeneira.gal\\\/index.php\\\/2023\\\/07\\\/12\\\/o-psoe-non-quixo-un-acordo-de-goberno-en-tui\\\/\",\"url\":\"https:\\\/\\\/www.anovapeneira.gal\\\/index.php\\\/2023\\\/07\\\/12\\\/o-psoe-non-quixo-un-acordo-de-goberno-en-tui\\\/\",\"name\":\"O PSOE non quixo un acordo de goberno en Tui -\",\"isPartOf\":{\"@id\":\"https:\\\/\\\/www.anovapeneira.gal\\\/#website\"},\"primaryImageOfPage\":{\"@id\":\"https:\\\/\\\/www.anovapeneira.gal\\\/index.php\\\/2023\\\/07\\\/12\\\/o-psoe-non-quixo-un-acordo-de-goberno-en-tui\\\/#primaryimage\"},\"image\":{\"@id\":\"https:\\\/\\\/www.anovapeneira.gal\\\/index.php\\\/2023\\\/07\\\/12\\\/o-psoe-non-quixo-un-acordo-de-goberno-en-tui\\\/#primaryimage\"},\"thumbnailUrl\":\"https:\\\/\\\/www.anovapeneira.gal\\\/wp-content\\\/uploads\\\/2023\\\/04\\\/carme_nunez_bng_tui.jpg\",\"datePublished\":\"2023-07-12T08:00:32+00:00\",\"description\":\"O BNG de Tui quere informar \u00e1 opini\u00f3n p\u00fablica que despois dun proceso denegociaci\u00f3n co PSOE lamentablemente no se alcanzou un acordo para un goberno de coalici\u00f3n\",\"breadcrumb\":{\"@id\":\"https:\\\/\\\/www.anovapeneira.gal\\\/index.php\\\/2023\\\/07\\\/12\\\/o-psoe-non-quixo-un-acordo-de-goberno-en-tui\\\/#breadcrumb\"},\"inLanguage\":\"gl-ES\",\"potentialAction\":[{\"@type\":\"ReadAction\",\"target\":[\"https:\\\/\\\/www.anovapeneira.gal\\\/index.php\\\/2023\\\/07\\\/12\\\/o-psoe-non-quixo-un-acordo-de-goberno-en-tui\\\/\"]}]},{\"@type\":\"ImageObject\",\"inLanguage\":\"gl-ES\",\"@id\":\"https:\\\/\\\/www.anovapeneira.gal\\\/index.php\\\/2023\\\/07\\\/12\\\/o-psoe-non-quixo-un-acordo-de-goberno-en-tui\\\/#primaryimage\",\"url\":\"https:\\\/\\\/www.anovapeneira.gal\\\/wp-content\\\/uploads\\\/2023\\\/04\\\/carme_nunez_bng_tui.jpg\",\"contentUrl\":\"https:\\\/\\\/www.anovapeneira.gal\\\/wp-content\\\/uploads\\\/2023\\\/04\\\/carme_nunez_bng_tui.jpg\",\"width\":720,\"height\":432,\"caption\":\"Carme N\u00fa\u00f1ez candidata do BNG \u00e1 alcald\u00eda de Tui\"},{\"@type\":\"BreadcrumbList\",\"@id\":\"https:\\\/\\\/www.anovapeneira.gal\\\/index.php\\\/2023\\\/07\\\/12\\\/o-psoe-non-quixo-un-acordo-de-goberno-en-tui\\\/#breadcrumb\",\"itemListElement\":[{\"@type\":\"ListItem\",\"position\":1,\"name\":\"Portada\",\"item\":\"https:\\\/\\\/www.anovapeneira.gal\\\/\"},{\"@type\":\"ListItem\",\"position\":2,\"name\":\"O PSOE non quixo un acordo de goberno en Tui\"}]},{\"@type\":\"WebSite\",\"@id\":\"https:\\\/\\\/www.anovapeneira.gal\\\/#website\",\"url\":\"https:\\\/\\\/www.anovapeneira.gal\\\/\",\"name\":\"\",\"description\":\"Xornal galego de informaci\u00f3n xeral Publicaci\u00f3n mensual de novas de Galicia e en especial dos Concellos da sur da provincia de Pontevedra.\",\"publisher\":{\"@id\":\"https:\\\/\\\/www.anovapeneira.gal\\\/#organization\"},\"potentialAction\":[{\"@type\":\"SearchAction\",\"target\":{\"@type\":\"EntryPoint\",\"urlTemplate\":\"https:\\\/\\\/www.anovapeneira.gal\\\/?s={search_term_string}\"},\"query-input\":{\"@type\":\"PropertyValueSpecification\",\"valueRequired\":true,\"valueName\":\"search_term_string\"}}],\"inLanguage\":\"gl-ES\"},{\"@type\":\"Organization\",\"@id\":\"https:\\\/\\\/www.anovapeneira.gal\\\/#organization\",\"name\":\"A Nova Peneira\",\"url\":\"https:\\\/\\\/www.anovapeneira.gal\\\/\",\"logo\":{\"@type\":\"ImageObject\",\"inLanguage\":\"gl-ES\",\"@id\":\"https:\\\/\\\/www.anovapeneira.gal\\\/#\\\/schema\\\/logo\\\/image\\\/\",\"url\":\"http:\\\/\\\/www.anovapeneira.gal\\\/wp-content\\\/uploads\\\/2019\\\/06\\\/logo_a_nova_peneira_portal_web.png\",\"contentUrl\":\"http:\\\/\\\/www.anovapeneira.gal\\\/wp-content\\\/uploads\\\/2019\\\/06\\\/logo_a_nova_peneira_portal_web.png\",\"width\":300,\"height\":100,\"caption\":\"A Nova Peneira\"},\"image\":{\"@id\":\"https:\\\/\\\/www.anovapeneira.gal\\\/#\\\/schema\\\/logo\\\/image\\\/\"},\"sameAs\":[\"https:\\\/\\\/www.facebook.com\\\/anovapeneira\",\"https:\\\/\\\/x.com\\\/APeneira\"]},{\"@type\":\"Person\",\"@id\":\"https:\\\/\\\/www.anovapeneira.gal\\\/#\\\/schema\\\/person\\\/b93e3f8932e3f8da96334607eb6ac6aa\",\"name\":\"Redacci\u00f3n A Nova Peneira\",\"image\":{\"@type\":\"ImageObject\",\"inLanguage\":\"gl-ES\",\"@id\":\"https:\\\/\\\/secure.gravatar.com\\\/avatar\\\/c052a2551a06e23fac63626232eaa90abd78dbcf1700fc46a2b2c89fd27b735f?s=96&d=mm&r=g\",\"url\":\"https:\\\/\\\/secure.gravatar.com\\\/avatar\\\/c052a2551a06e23fac63626232eaa90abd78dbcf1700fc46a2b2c89fd27b735f?s=96&d=mm&r=g\",\"contentUrl\":\"https:\\\/\\\/secure.gravatar.com\\\/avatar\\\/c052a2551a06e23fac63626232eaa90abd78dbcf1700fc46a2b2c89fd27b735f?s=96&d=mm&r=g\",\"caption\":\"Redacci\u00f3n A Nova Peneira\"},\"sameAs\":[\"http:\\\/\\\/www.anovapeneira.gal\\\/\"],\"url\":\"https:\\\/\\\/www.anovapeneira.gal\\\/index.php\\\/author\\\/redactor\\\/\"}]}<\/script>\n<!-- \/ Yoast SEO plugin. -->","yoast_head_json":{"title":"O PSOE non quixo un acordo de goberno en Tui -","description":"O BNG de Tui quere informar \u00e1 opini\u00f3n p\u00fablica que despois dun proceso denegociaci\u00f3n co PSOE lamentablemente no se alcanzou un acordo para un goberno de coalici\u00f3n","robots":{"index":"index","follow":"follow","max-snippet":"max-snippet:-1","max-image-preview":"max-image-preview:large","max-video-preview":"max-video-preview:-1"},"canonical":"https:\/\/www.anovapeneira.gal\/index.php\/2023\/07\/12\/o-psoe-non-quixo-un-acordo-de-goberno-en-tui\/","og_locale":"gl_ES","og_type":"article","og_title":"O PSOE non quixo un acordo de goberno en Tui -","og_description":"O BNG de Tui quere informar \u00e1 opini\u00f3n p\u00fablica que despois dun proceso denegociaci\u00f3n co PSOE lamentablemente no se alcanzou un acordo para un goberno de coalici\u00f3n","og_url":"https:\/\/www.anovapeneira.gal\/index.php\/2023\/07\/12\/o-psoe-non-quixo-un-acordo-de-goberno-en-tui\/","article_publisher":"https:\/\/www.facebook.com\/anovapeneira","article_published_time":"2023-07-12T08:00:32+00:00","og_image":[{"width":720,"height":432,"url":"https:\/\/www.anovapeneira.gal\/wp-content\/uploads\/2023\/04\/carme_nunez_bng_tui.jpg","type":"image\/jpeg"}],"author":"Redacci\u00f3n A Nova Peneira","twitter_card":"summary_large_image","twitter_creator":"@APeneira","twitter_site":"@APeneira","twitter_misc":{"Escrito por":"Redacci\u00f3n A Nova Peneira","Tempo de lectura":"2 minutos"},"schema":{"@context":"https:\/\/schema.org","@graph":[{"@type":"Article","@id":"https:\/\/www.anovapeneira.gal\/index.php\/2023\/07\/12\/o-psoe-non-quixo-un-acordo-de-goberno-en-tui\/#article","isPartOf":{"@id":"https:\/\/www.anovapeneira.gal\/index.php\/2023\/07\/12\/o-psoe-non-quixo-un-acordo-de-goberno-en-tui\/"},"author":{"name":"Redacci\u00f3n A Nova Peneira","@id":"https:\/\/www.anovapeneira.gal\/#\/schema\/person\/b93e3f8932e3f8da96334607eb6ac6aa"},"headline":"O PSOE non quixo un acordo de goberno en Tui","datePublished":"2023-07-12T08:00:32+00:00","mainEntityOfPage":{"@id":"https:\/\/www.anovapeneira.gal\/index.php\/2023\/07\/12\/o-psoe-non-quixo-un-acordo-de-goberno-en-tui\/"},"wordCount":363,"commentCount":0,"publisher":{"@id":"https:\/\/www.anovapeneira.gal\/#organization"},"image":{"@id":"https:\/\/www.anovapeneira.gal\/index.php\/2023\/07\/12\/o-psoe-non-quixo-un-acordo-de-goberno-en-tui\/#primaryimage"},"thumbnailUrl":"https:\/\/www.anovapeneira.gal\/wp-content\/uploads\/2023\/04\/carme_nunez_bng_tui.jpg","keywords":["Concello de Tui"],"articleSection":["Baixo Mi\u00f1o"],"inLanguage":"gl-ES","potentialAction":[{"@type":"CommentAction","name":"Comment","target":["https:\/\/www.anovapeneira.gal\/index.php\/2023\/07\/12\/o-psoe-non-quixo-un-acordo-de-goberno-en-tui\/#respond"]}]},{"@type":"WebPage","@id":"https:\/\/www.anovapeneira.gal\/index.php\/2023\/07\/12\/o-psoe-non-quixo-un-acordo-de-goberno-en-tui\/","url":"https:\/\/www.anovapeneira.gal\/index.php\/2023\/07\/12\/o-psoe-non-quixo-un-acordo-de-goberno-en-tui\/","name":"O PSOE non quixo un acordo de goberno en Tui -","isPartOf":{"@id":"https:\/\/www.anovapeneira.gal\/#website"},"primaryImageOfPage":{"@id":"https:\/\/www.anovapeneira.gal\/index.php\/2023\/07\/12\/o-psoe-non-quixo-un-acordo-de-goberno-en-tui\/#primaryimage"},"image":{"@id":"https:\/\/www.anovapeneira.gal\/index.php\/2023\/07\/12\/o-psoe-non-quixo-un-acordo-de-goberno-en-tui\/#primaryimage"},"thumbnailUrl":"https:\/\/www.anovapeneira.gal\/wp-content\/uploads\/2023\/04\/carme_nunez_bng_tui.jpg","datePublished":"2023-07-12T08:00:32+00:00","description":"O BNG de Tui quere informar \u00e1 opini\u00f3n p\u00fablica que despois dun proceso denegociaci\u00f3n co PSOE lamentablemente no se alcanzou un acordo para un goberno de coalici\u00f3n","breadcrumb":{"@id":"https:\/\/www.anovapeneira.gal\/index.php\/2023\/07\/12\/o-psoe-non-quixo-un-acordo-de-goberno-en-tui\/#breadcrumb"},"inLanguage":"gl-ES","potentialAction":[{"@type":"ReadAction","target":["https:\/\/www.anovapeneira.gal\/index.php\/2023\/07\/12\/o-psoe-non-quixo-un-acordo-de-goberno-en-tui\/"]}]},{"@type":"ImageObject","inLanguage":"gl-ES","@id":"https:\/\/www.anovapeneira.gal\/index.php\/2023\/07\/12\/o-psoe-non-quixo-un-acordo-de-goberno-en-tui\/#primaryimage","url":"https:\/\/www.anovapeneira.gal\/wp-content\/uploads\/2023\/04\/carme_nunez_bng_tui.jpg","contentUrl":"https:\/\/www.anovapeneira.gal\/wp-content\/uploads\/2023\/04\/carme_nunez_bng_tui.jpg","width":720,"height":432,"caption":"Carme N\u00fa\u00f1ez candidata do BNG \u00e1 alcald\u00eda de Tui"},{"@type":"BreadcrumbList","@id":"https:\/\/www.anovapeneira.gal\/index.php\/2023\/07\/12\/o-psoe-non-quixo-un-acordo-de-goberno-en-tui\/#breadcrumb","itemListElement":[{"@type":"ListItem","position":1,"name":"Portada","item":"https:\/\/www.anovapeneira.gal\/"},{"@type":"ListItem","position":2,"name":"O PSOE non quixo un acordo de goberno en Tui"}]},{"@type":"WebSite","@id":"https:\/\/www.anovapeneira.gal\/#website","url":"https:\/\/www.anovapeneira.gal\/","name":"","description":"Xornal galego de informaci\u00f3n xeral Publicaci\u00f3n mensual de novas de Galicia e en especial dos Concellos da sur da provincia de Pontevedra.","publisher":{"@id":"https:\/\/www.anovapeneira.gal\/#organization"},"potentialAction":[{"@type":"SearchAction","target":{"@type":"EntryPoint","urlTemplate":"https:\/\/www.anovapeneira.gal\/?s={search_term_string}"},"query-input":{"@type":"PropertyValueSpecification","valueRequired":true,"valueName":"search_term_string"}}],"inLanguage":"gl-ES"},{"@type":"Organization","@id":"https:\/\/www.anovapeneira.gal\/#organization","name":"A Nova Peneira","url":"https:\/\/www.anovapeneira.gal\/","logo":{"@type":"ImageObject","inLanguage":"gl-ES","@id":"https:\/\/www.anovapeneira.gal\/#\/schema\/logo\/image\/","url":"http:\/\/www.anovapeneira.gal\/wp-content\/uploads\/2019\/06\/logo_a_nova_peneira_portal_web.png","contentUrl":"http:\/\/www.anovapeneira.gal\/wp-content\/uploads\/2019\/06\/logo_a_nova_peneira_portal_web.png","width":300,"height":100,"caption":"A Nova Peneira"},"image":{"@id":"https:\/\/www.anovapeneira.gal\/#\/schema\/logo\/image\/"},"sameAs":["https:\/\/www.facebook.com\/anovapeneira","https:\/\/x.com\/APeneira"]},{"@type":"Person","@id":"https:\/\/www.anovapeneira.gal\/#\/schema\/person\/b93e3f8932e3f8da96334607eb6ac6aa","name":"Redacci\u00f3n A Nova Peneira","image":{"@type":"ImageObject","inLanguage":"gl-ES","@id":"https:\/\/secure.gravatar.com\/avatar\/c052a2551a06e23fac63626232eaa90abd78dbcf1700fc46a2b2c89fd27b735f?s=96&d=mm&r=g","url":"https:\/\/secure.gravatar.com\/avatar\/c052a2551a06e23fac63626232eaa90abd78dbcf1700fc46a2b2c89fd27b735f?s=96&d=mm&r=g","contentUrl":"https:\/\/secure.gravatar.com\/avatar\/c052a2551a06e23fac63626232eaa90abd78dbcf1700fc46a2b2c89fd27b735f?s=96&d=mm&r=g","caption":"Redacci\u00f3n A Nova Peneira"},"sameAs":["http:\/\/www.anovapeneira.gal\/"],"url":"https:\/\/www.anovapeneira.gal\/index.php\/author\/redactor\/"}]}},"jetpack_featured_media_url":"https:\/\/www.anovapeneira.gal\/wp-content\/uploads\/2023\/04\/carme_nunez_bng_tui.jpg","_links":{"self":[{"href":"https:\/\/www.anovapeneira.gal\/index.php\/wp-json\/wp\/v2\/posts\/10105","targetHints":{"allow":["GET"]}}],"collection":[{"href":"https:\/\/www.anovapeneira.gal\/index.php\/wp-json\/wp\/v2\/posts"}],"about":[{"href":"https:\/\/www.anovapeneira.gal\/index.php\/wp-json\/wp\/v2\/types\/post"}],"author":[{"embeddable":true,"href":"https:\/\/www.anovapeneira.gal\/index.php\/wp-json\/wp\/v2\/users\/3"}],"replies":[{"embeddable":true,"href":"https:\/\/www.anovapeneira.gal\/index.php\/wp-json\/wp\/v2\/comments?post=10105"}],"version-history":[{"count":1,"href":"https:\/\/www.anovapeneira.gal\/index.php\/wp-json\/wp\/v2\/posts\/10105\/revisions"}],"predecessor-version":[{"id":10106,"href":"https:\/\/www.anovapeneira.gal\/index.php\/wp-json\/wp\/v2\/posts\/10105\/revisions\/10106"}],"wp:featuredmedia":[{"embeddable":true,"href":"https:\/\/www.anovapeneira.gal\/index.php\/wp-json\/wp\/v2\/media\/9479"}],"wp:attachment":[{"href":"https:\/\/www.anovapeneira.gal\/index.php\/wp-json\/wp\/v2\/media?parent=10105"}],"wp:term":[{"taxonomy":"category","embeddable":true,"href":"https:\/\/www.anovapeneira.gal\/index.php\/wp-json\/wp\/v2\/categories?post=10105"},{"taxonomy":"post_tag","embeddable":true,"href":"https:\/\/www.anovapeneira.gal\/index.php\/wp-json\/wp\/v2\/tags?post=10105"}],"curies":[{"name":"wp","href":"https:\/\/api.w.org\/{rel}","templated":true}]}}