{"id":10107,"date":"2023-07-12T12:00:20","date_gmt":"2023-07-12T10:00:20","guid":{"rendered":"https:\/\/www.anovapeneira.gal\/?p=10107"},"modified":"2023-07-08T11:46:49","modified_gmt":"2023-07-08T09:46:49","slug":"cineclub-poleiro-25-anos-de-paixon-pola-setima-arte","status":"publish","type":"post","link":"https:\/\/www.anovapeneira.gal\/index.php\/2023\/07\/12\/cineclub-poleiro-25-anos-de-paixon-pola-setima-arte\/","title":{"rendered":"Cineclub Poleiro, 25 anos de paix\u00f3n pola s\u00e9tima arte"},"content":{"rendered":"\n<h2 class=\"wp-block-heading\"><strong>A entidade celebrou o seu cuarto de s\u00e9culo cunha asemblea da Federaci\u00f3n de Cineclubs de Galicia e unha recepci\u00f3n no Concello de Tomi\u00f1o<\/strong><\/h2>\n\n\n\n<h2 class=\"wp-block-heading\"><strong>O cineclub resiste o paso do tempo e contin\u00faa achegando o cine de calidade \u00e1 veci\u00f1anza do Baixo Mi\u00f1o<\/strong> <\/h2>\n\n\n\n<p><span lang=\"gl-ES\"><strong>Tomi\u00f1o, 6 de xullo de 2023<\/strong><\/span><\/p>\n\n\n\n<p><span lang=\"gl-ES\">Vinte e cinco anos de paix\u00f3n polo cine e achegando a numerosas xeraci\u00f3ns \u00e1 maxia da s\u00e9tima arte. O Cineclub Poleiro celebra este ano o seu cuarto de s\u00e9culo de vida con orgullo e con moita ganas de seguir traendo a Tomi\u00f1o \u201cese cine representativo que non est\u00e1 tan accesible nas salas a trav\u00e9s de oito pel\u00edculas ao ano\u201d. <\/span> <\/p>\n\n\n\n<p><span lang=\"gl-ES\">O cineclub naceu en marzo de 1998 ao abeiro da asociaci\u00f3n cultural Eliseo Alonso cun obxectivo claro: servir como xermolo de promoci\u00f3n cultural no Baixo Mi\u00f1o propo\u00f1endo puntos de encontro cultural a toda a veci\u00f1anza. <\/span> <\/p>\n\n\n\n<p><span lang=\"gl-ES\">Primeiro no Cine Avenida da Guarda e logo no auditorio municipal de Goi\u00e1n, coa actividade do cineclub \u201cquixemos achegar o cine de calidade a unha comarca que durante as \u00faltimas d\u00e9cadas foi comprobando como os cinemas foron desaparecendo dos seus concellos. Pensamos que a selecci\u00f3n de pel\u00edculas que fixemos ao longo destes anos constitu\u00edu unha boa forma de dar a co\u00f1ecer modestamente unha representaci\u00f3n do cine m\u00e1is actual, lonxe moitas veces dos circu\u00edtos comerciais\u201d, como sinala Ram\u00f3n \u00c1lvarez, actual presidente do cineclub.<\/span><\/p>\n\n\n\n<p><span lang=\"gl-ES\">Integrado dende o primeiro momento na Federaci\u00f3n Galega de Cineclubs, que lle brindou o seu respaldo dende o primeiro momento, para o Cineclub Poleiro non hab\u00eda mellor forma de festexar os seus 25 anos de vida que coa celebraci\u00f3n dunha asemblea da federaci\u00f3n en Goi\u00e1n, \u00e1 que precedeu unha recepci\u00f3n no Concello de Tomi\u00f1o, que cada ano brinda o seu apoio ao cineclub.<\/span><\/p>\n\n\n\n<p><span lang=\"gl-ES\">Ao longo destes 25 anos, veci\u00f1os e veci\u00f1as creceron co Cineclub Poleiro descubrindo grandes pel\u00edculas, directores e actores e actrices e unhas propostas \u201cque cremos sempre interesantes para unha sociedade como a nosa, que mant\u00e9n o esp\u00edrito orixinal da asociaci\u00f3n Eliseo Alonso e incorpora ideas como unha visi\u00f3n trasnfronteiriza\u201d.<\/span>\u201c<span lang=\"gl-ES\">A pandemia cambiou as nosas vidas, empezamos a desfrutar m\u00e1is das plataformas, sentados no sof\u00e1 da nosa casa. Pero para todas e todos n\u00f3s \u00e9 un gran descubrimento ver que o p\u00fablico segue sa\u00edndo da casa para sentarse ante a gran pantalla, participar e compartir con n\u00f3s esa paix\u00f3n polo cine\u201d, resalta \u00c1lvarez.<\/span><\/p>\n\n\n\n<p><span lang=\"gl-ES\">Cada ano o CineClub Poleiro organiza dous ciclos de cine con catro proxecci\u00f3ns cada un os primeiros xoves de mes e saca \u00e1 venda un abono para que a veci\u00f1anza desfrute do cine e da cultura a un prezo asequible.<\/span><\/p>\n\n\n\n<p><span lang=\"gl-ES\">Poleiro forma parte da Federaci\u00f3n de Cineblubs de Galicia, que \u201cfai un gran labor altru\u00edsta para divulgar a s\u00e9tima arte en lugares rurais nos que o cine desaparecera\u201d. Esta federaci\u00f3n \u00e9 unha asociaci\u00f3n sociocultural independente e sen \u00e1nimo de lucro creada en 1984 que act\u00faa como xestora da pr\u00e1ctica totalidade dos cineblus galegos, prestando servizos de asesoramento e organizaci\u00f3n de proxectos, programas de proxecci\u00f3ns, talleres de cine, mesas de debate&#8230; <\/span> <\/p>\n\n\n\n<p><span lang=\"gl-ES\">Dende a s\u00faa creaci\u00f3n formalizou ademais acordos cos cineclubs de Portugal que levaron, por exemplo, \u00e1 creaci\u00f3n da Comisi\u00f3n Luso-Galaica de Cooperaci\u00f3n Cinematogr\u00e1fica e Cineclubista. A Federaci\u00f3n galega pertence ademais \u00e1 Confederaci\u00f3n de Cineclubs do Estado Espa\u00f1ol e \u00e1 F\u00e9d\u00e9ration Internacionale des Cin\u00e9-Clubs (FICC), coa que ten participado na configuraci\u00f3n de xurados do Premio Don Quijote, que se outorga en diversos festivais internacionais como Karlovy Vary, Leipzig ou \u00c9vora.<\/span> <\/p>\n","protected":false},"excerpt":{"rendered":"<div class=\"mh-excerpt\"><p>A entidade celebrou o seu cuarto de s\u00e9culo cunha asemblea da Federaci\u00f3n de Cineclubs de Galicia e unha recepci\u00f3n no Concello de Tomi\u00f1o <a class=\"mh-excerpt-more\" href=\"https:\/\/www.anovapeneira.gal\/index.php\/2023\/07\/12\/cineclub-poleiro-25-anos-de-paixon-pola-setima-arte\/\" title=\"Cineclub Poleiro, 25 anos de paix\u00f3n pola s\u00e9tima arte\">[&#8230;]<\/a><\/p>\n<\/div>","protected":false},"author":3,"featured_media":10109,"comment_status":"open","ping_status":"open","sticky":false,"template":"","format":"standard","meta":{"_exactmetrics_skip_tracking":false,"_exactmetrics_sitenote_active":false,"_exactmetrics_sitenote_note":"","_exactmetrics_sitenote_category":0,"footnotes":""},"categories":[21],"tags":[81],"class_list":{"0":"post-10107","1":"post","2":"type-post","3":"status-publish","4":"format-standard","5":"has-post-thumbnail","7":"category-baixo-mino","8":"tag-concello-de-tomino"},"yoast_head":"<!-- This site is optimized with the Yoast SEO plugin v27.5 - https:\/\/yoast.com\/product\/yoast-seo-wordpress\/ -->\n<title>Cineclub Poleiro, 25 anos de paix\u00f3n pola s\u00e9tima arte -<\/title>\n<meta name=\"description\" content=\"A entidade celebrou o seu cuarto de s\u00e9culo cunha asemblea da Federaci\u00f3n de Cineclubs de Galicia e unha recepci\u00f3n no Concello de Tomi\u00f1o\" \/>\n<meta name=\"robots\" content=\"index, follow, max-snippet:-1, max-image-preview:large, max-video-preview:-1\" \/>\n<link rel=\"canonical\" href=\"https:\/\/www.anovapeneira.gal\/index.php\/2023\/07\/12\/cineclub-poleiro-25-anos-de-paixon-pola-setima-arte\/\" \/>\n<meta property=\"og:locale\" content=\"gl_ES\" \/>\n<meta property=\"og:type\" content=\"article\" \/>\n<meta property=\"og:title\" content=\"Cineclub Poleiro, 25 anos de paix\u00f3n pola s\u00e9tima arte -\" \/>\n<meta property=\"og:description\" content=\"A entidade celebrou o seu cuarto de s\u00e9culo cunha asemblea da Federaci\u00f3n de Cineclubs de Galicia e unha recepci\u00f3n no Concello de Tomi\u00f1o\" \/>\n<meta property=\"og:url\" content=\"https:\/\/www.anovapeneira.gal\/index.php\/2023\/07\/12\/cineclub-poleiro-25-anos-de-paixon-pola-setima-arte\/\" \/>\n<meta property=\"article:publisher\" content=\"https:\/\/www.facebook.com\/anovapeneira\" \/>\n<meta property=\"article:published_time\" content=\"2023-07-12T10:00:20+00:00\" \/>\n<meta property=\"og:image\" content=\"https:\/\/www.anovapeneira.gal\/wp-content\/uploads\/2023\/07\/cineclub_poleiro.jpg\" \/>\n\t<meta property=\"og:image:width\" content=\"720\" \/>\n\t<meta property=\"og:image:height\" content=\"432\" \/>\n\t<meta property=\"og:image:type\" content=\"image\/jpeg\" \/>\n<meta name=\"author\" content=\"Redacci\u00f3n A Nova Peneira\" \/>\n<meta name=\"twitter:card\" content=\"summary_large_image\" \/>\n<meta name=\"twitter:creator\" content=\"@APeneira\" \/>\n<meta name=\"twitter:site\" content=\"@APeneira\" \/>\n<meta name=\"twitter:label1\" content=\"Escrito por\" \/>\n\t<meta name=\"twitter:data1\" content=\"Redacci\u00f3n A Nova Peneira\" \/>\n\t<meta name=\"twitter:label2\" content=\"Tempo de lectura\" \/>\n\t<meta name=\"twitter:data2\" content=\"4 minutos\" \/>\n<script type=\"application\/ld+json\" class=\"yoast-schema-graph\">{\"@context\":\"https:\\\/\\\/schema.org\",\"@graph\":[{\"@type\":\"Article\",\"@id\":\"https:\\\/\\\/www.anovapeneira.gal\\\/index.php\\\/2023\\\/07\\\/12\\\/cineclub-poleiro-25-anos-de-paixon-pola-setima-arte\\\/#article\",\"isPartOf\":{\"@id\":\"https:\\\/\\\/www.anovapeneira.gal\\\/index.php\\\/2023\\\/07\\\/12\\\/cineclub-poleiro-25-anos-de-paixon-pola-setima-arte\\\/\"},\"author\":{\"name\":\"Redacci\u00f3n A Nova Peneira\",\"@id\":\"https:\\\/\\\/www.anovapeneira.gal\\\/#\\\/schema\\\/person\\\/b93e3f8932e3f8da96334607eb6ac6aa\"},\"headline\":\"Cineclub Poleiro, 25 anos de paix\u00f3n pola s\u00e9tima arte\",\"datePublished\":\"2023-07-12T10:00:20+00:00\",\"mainEntityOfPage\":{\"@id\":\"https:\\\/\\\/www.anovapeneira.gal\\\/index.php\\\/2023\\\/07\\\/12\\\/cineclub-poleiro-25-anos-de-paixon-pola-setima-arte\\\/\"},\"wordCount\":637,\"commentCount\":0,\"publisher\":{\"@id\":\"https:\\\/\\\/www.anovapeneira.gal\\\/#organization\"},\"image\":{\"@id\":\"https:\\\/\\\/www.anovapeneira.gal\\\/index.php\\\/2023\\\/07\\\/12\\\/cineclub-poleiro-25-anos-de-paixon-pola-setima-arte\\\/#primaryimage\"},\"thumbnailUrl\":\"https:\\\/\\\/www.anovapeneira.gal\\\/wp-content\\\/uploads\\\/2023\\\/07\\\/cineclub_poleiro.jpg\",\"keywords\":[\"Concello de Tomi\u00f1o\"],\"articleSection\":[\"Baixo Mi\u00f1o\"],\"inLanguage\":\"gl-ES\",\"potentialAction\":[{\"@type\":\"CommentAction\",\"name\":\"Comment\",\"target\":[\"https:\\\/\\\/www.anovapeneira.gal\\\/index.php\\\/2023\\\/07\\\/12\\\/cineclub-poleiro-25-anos-de-paixon-pola-setima-arte\\\/#respond\"]}]},{\"@type\":\"WebPage\",\"@id\":\"https:\\\/\\\/www.anovapeneira.gal\\\/index.php\\\/2023\\\/07\\\/12\\\/cineclub-poleiro-25-anos-de-paixon-pola-setima-arte\\\/\",\"url\":\"https:\\\/\\\/www.anovapeneira.gal\\\/index.php\\\/2023\\\/07\\\/12\\\/cineclub-poleiro-25-anos-de-paixon-pola-setima-arte\\\/\",\"name\":\"Cineclub Poleiro, 25 anos de paix\u00f3n pola s\u00e9tima arte -\",\"isPartOf\":{\"@id\":\"https:\\\/\\\/www.anovapeneira.gal\\\/#website\"},\"primaryImageOfPage\":{\"@id\":\"https:\\\/\\\/www.anovapeneira.gal\\\/index.php\\\/2023\\\/07\\\/12\\\/cineclub-poleiro-25-anos-de-paixon-pola-setima-arte\\\/#primaryimage\"},\"image\":{\"@id\":\"https:\\\/\\\/www.anovapeneira.gal\\\/index.php\\\/2023\\\/07\\\/12\\\/cineclub-poleiro-25-anos-de-paixon-pola-setima-arte\\\/#primaryimage\"},\"thumbnailUrl\":\"https:\\\/\\\/www.anovapeneira.gal\\\/wp-content\\\/uploads\\\/2023\\\/07\\\/cineclub_poleiro.jpg\",\"datePublished\":\"2023-07-12T10:00:20+00:00\",\"description\":\"A entidade celebrou o seu cuarto de s\u00e9culo cunha asemblea da Federaci\u00f3n de Cineclubs de Galicia e unha recepci\u00f3n no Concello de Tomi\u00f1o\",\"breadcrumb\":{\"@id\":\"https:\\\/\\\/www.anovapeneira.gal\\\/index.php\\\/2023\\\/07\\\/12\\\/cineclub-poleiro-25-anos-de-paixon-pola-setima-arte\\\/#breadcrumb\"},\"inLanguage\":\"gl-ES\",\"potentialAction\":[{\"@type\":\"ReadAction\",\"target\":[\"https:\\\/\\\/www.anovapeneira.gal\\\/index.php\\\/2023\\\/07\\\/12\\\/cineclub-poleiro-25-anos-de-paixon-pola-setima-arte\\\/\"]}]},{\"@type\":\"ImageObject\",\"inLanguage\":\"gl-ES\",\"@id\":\"https:\\\/\\\/www.anovapeneira.gal\\\/index.php\\\/2023\\\/07\\\/12\\\/cineclub-poleiro-25-anos-de-paixon-pola-setima-arte\\\/#primaryimage\",\"url\":\"https:\\\/\\\/www.anovapeneira.gal\\\/wp-content\\\/uploads\\\/2023\\\/07\\\/cineclub_poleiro.jpg\",\"contentUrl\":\"https:\\\/\\\/www.anovapeneira.gal\\\/wp-content\\\/uploads\\\/2023\\\/07\\\/cineclub_poleiro.jpg\",\"width\":720,\"height\":432,\"caption\":\"Cineclub Poleiro Tomi\u00f1o\"},{\"@type\":\"BreadcrumbList\",\"@id\":\"https:\\\/\\\/www.anovapeneira.gal\\\/index.php\\\/2023\\\/07\\\/12\\\/cineclub-poleiro-25-anos-de-paixon-pola-setima-arte\\\/#breadcrumb\",\"itemListElement\":[{\"@type\":\"ListItem\",\"position\":1,\"name\":\"Portada\",\"item\":\"https:\\\/\\\/www.anovapeneira.gal\\\/\"},{\"@type\":\"ListItem\",\"position\":2,\"name\":\"Cineclub Poleiro, 25 anos de paix\u00f3n pola s\u00e9tima arte\"}]},{\"@type\":\"WebSite\",\"@id\":\"https:\\\/\\\/www.anovapeneira.gal\\\/#website\",\"url\":\"https:\\\/\\\/www.anovapeneira.gal\\\/\",\"name\":\"\",\"description\":\"Xornal galego de informaci\u00f3n xeral Publicaci\u00f3n mensual de novas de Galicia e en especial dos Concellos da sur da provincia de Pontevedra.\",\"publisher\":{\"@id\":\"https:\\\/\\\/www.anovapeneira.gal\\\/#organization\"},\"potentialAction\":[{\"@type\":\"SearchAction\",\"target\":{\"@type\":\"EntryPoint\",\"urlTemplate\":\"https:\\\/\\\/www.anovapeneira.gal\\\/?s={search_term_string}\"},\"query-input\":{\"@type\":\"PropertyValueSpecification\",\"valueRequired\":true,\"valueName\":\"search_term_string\"}}],\"inLanguage\":\"gl-ES\"},{\"@type\":\"Organization\",\"@id\":\"https:\\\/\\\/www.anovapeneira.gal\\\/#organization\",\"name\":\"A Nova Peneira\",\"url\":\"https:\\\/\\\/www.anovapeneira.gal\\\/\",\"logo\":{\"@type\":\"ImageObject\",\"inLanguage\":\"gl-ES\",\"@id\":\"https:\\\/\\\/www.anovapeneira.gal\\\/#\\\/schema\\\/logo\\\/image\\\/\",\"url\":\"http:\\\/\\\/www.anovapeneira.gal\\\/wp-content\\\/uploads\\\/2019\\\/06\\\/logo_a_nova_peneira_portal_web.png\",\"contentUrl\":\"http:\\\/\\\/www.anovapeneira.gal\\\/wp-content\\\/uploads\\\/2019\\\/06\\\/logo_a_nova_peneira_portal_web.png\",\"width\":300,\"height\":100,\"caption\":\"A Nova Peneira\"},\"image\":{\"@id\":\"https:\\\/\\\/www.anovapeneira.gal\\\/#\\\/schema\\\/logo\\\/image\\\/\"},\"sameAs\":[\"https:\\\/\\\/www.facebook.com\\\/anovapeneira\",\"https:\\\/\\\/x.com\\\/APeneira\"]},{\"@type\":\"Person\",\"@id\":\"https:\\\/\\\/www.anovapeneira.gal\\\/#\\\/schema\\\/person\\\/b93e3f8932e3f8da96334607eb6ac6aa\",\"name\":\"Redacci\u00f3n A Nova Peneira\",\"image\":{\"@type\":\"ImageObject\",\"inLanguage\":\"gl-ES\",\"@id\":\"https:\\\/\\\/secure.gravatar.com\\\/avatar\\\/c052a2551a06e23fac63626232eaa90abd78dbcf1700fc46a2b2c89fd27b735f?s=96&d=mm&r=g\",\"url\":\"https:\\\/\\\/secure.gravatar.com\\\/avatar\\\/c052a2551a06e23fac63626232eaa90abd78dbcf1700fc46a2b2c89fd27b735f?s=96&d=mm&r=g\",\"contentUrl\":\"https:\\\/\\\/secure.gravatar.com\\\/avatar\\\/c052a2551a06e23fac63626232eaa90abd78dbcf1700fc46a2b2c89fd27b735f?s=96&d=mm&r=g\",\"caption\":\"Redacci\u00f3n A Nova Peneira\"},\"sameAs\":[\"http:\\\/\\\/www.anovapeneira.gal\\\/\"],\"url\":\"https:\\\/\\\/www.anovapeneira.gal\\\/index.php\\\/author\\\/redactor\\\/\"}]}<\/script>\n<!-- \/ Yoast SEO plugin. -->","yoast_head_json":{"title":"Cineclub Poleiro, 25 anos de paix\u00f3n pola s\u00e9tima arte -","description":"A entidade celebrou o seu cuarto de s\u00e9culo cunha asemblea da Federaci\u00f3n de Cineclubs de Galicia e unha recepci\u00f3n no Concello de Tomi\u00f1o","robots":{"index":"index","follow":"follow","max-snippet":"max-snippet:-1","max-image-preview":"max-image-preview:large","max-video-preview":"max-video-preview:-1"},"canonical":"https:\/\/www.anovapeneira.gal\/index.php\/2023\/07\/12\/cineclub-poleiro-25-anos-de-paixon-pola-setima-arte\/","og_locale":"gl_ES","og_type":"article","og_title":"Cineclub Poleiro, 25 anos de paix\u00f3n pola s\u00e9tima arte -","og_description":"A entidade celebrou o seu cuarto de s\u00e9culo cunha asemblea da Federaci\u00f3n de Cineclubs de Galicia e unha recepci\u00f3n no Concello de Tomi\u00f1o","og_url":"https:\/\/www.anovapeneira.gal\/index.php\/2023\/07\/12\/cineclub-poleiro-25-anos-de-paixon-pola-setima-arte\/","article_publisher":"https:\/\/www.facebook.com\/anovapeneira","article_published_time":"2023-07-12T10:00:20+00:00","og_image":[{"width":720,"height":432,"url":"https:\/\/www.anovapeneira.gal\/wp-content\/uploads\/2023\/07\/cineclub_poleiro.jpg","type":"image\/jpeg"}],"author":"Redacci\u00f3n A Nova Peneira","twitter_card":"summary_large_image","twitter_creator":"@APeneira","twitter_site":"@APeneira","twitter_misc":{"Escrito por":"Redacci\u00f3n A Nova Peneira","Tempo de lectura":"4 minutos"},"schema":{"@context":"https:\/\/schema.org","@graph":[{"@type":"Article","@id":"https:\/\/www.anovapeneira.gal\/index.php\/2023\/07\/12\/cineclub-poleiro-25-anos-de-paixon-pola-setima-arte\/#article","isPartOf":{"@id":"https:\/\/www.anovapeneira.gal\/index.php\/2023\/07\/12\/cineclub-poleiro-25-anos-de-paixon-pola-setima-arte\/"},"author":{"name":"Redacci\u00f3n A Nova Peneira","@id":"https:\/\/www.anovapeneira.gal\/#\/schema\/person\/b93e3f8932e3f8da96334607eb6ac6aa"},"headline":"Cineclub Poleiro, 25 anos de paix\u00f3n pola s\u00e9tima arte","datePublished":"2023-07-12T10:00:20+00:00","mainEntityOfPage":{"@id":"https:\/\/www.anovapeneira.gal\/index.php\/2023\/07\/12\/cineclub-poleiro-25-anos-de-paixon-pola-setima-arte\/"},"wordCount":637,"commentCount":0,"publisher":{"@id":"https:\/\/www.anovapeneira.gal\/#organization"},"image":{"@id":"https:\/\/www.anovapeneira.gal\/index.php\/2023\/07\/12\/cineclub-poleiro-25-anos-de-paixon-pola-setima-arte\/#primaryimage"},"thumbnailUrl":"https:\/\/www.anovapeneira.gal\/wp-content\/uploads\/2023\/07\/cineclub_poleiro.jpg","keywords":["Concello de Tomi\u00f1o"],"articleSection":["Baixo Mi\u00f1o"],"inLanguage":"gl-ES","potentialAction":[{"@type":"CommentAction","name":"Comment","target":["https:\/\/www.anovapeneira.gal\/index.php\/2023\/07\/12\/cineclub-poleiro-25-anos-de-paixon-pola-setima-arte\/#respond"]}]},{"@type":"WebPage","@id":"https:\/\/www.anovapeneira.gal\/index.php\/2023\/07\/12\/cineclub-poleiro-25-anos-de-paixon-pola-setima-arte\/","url":"https:\/\/www.anovapeneira.gal\/index.php\/2023\/07\/12\/cineclub-poleiro-25-anos-de-paixon-pola-setima-arte\/","name":"Cineclub Poleiro, 25 anos de paix\u00f3n pola s\u00e9tima arte -","isPartOf":{"@id":"https:\/\/www.anovapeneira.gal\/#website"},"primaryImageOfPage":{"@id":"https:\/\/www.anovapeneira.gal\/index.php\/2023\/07\/12\/cineclub-poleiro-25-anos-de-paixon-pola-setima-arte\/#primaryimage"},"image":{"@id":"https:\/\/www.anovapeneira.gal\/index.php\/2023\/07\/12\/cineclub-poleiro-25-anos-de-paixon-pola-setima-arte\/#primaryimage"},"thumbnailUrl":"https:\/\/www.anovapeneira.gal\/wp-content\/uploads\/2023\/07\/cineclub_poleiro.jpg","datePublished":"2023-07-12T10:00:20+00:00","description":"A entidade celebrou o seu cuarto de s\u00e9culo cunha asemblea da Federaci\u00f3n de Cineclubs de Galicia e unha recepci\u00f3n no Concello de Tomi\u00f1o","breadcrumb":{"@id":"https:\/\/www.anovapeneira.gal\/index.php\/2023\/07\/12\/cineclub-poleiro-25-anos-de-paixon-pola-setima-arte\/#breadcrumb"},"inLanguage":"gl-ES","potentialAction":[{"@type":"ReadAction","target":["https:\/\/www.anovapeneira.gal\/index.php\/2023\/07\/12\/cineclub-poleiro-25-anos-de-paixon-pola-setima-arte\/"]}]},{"@type":"ImageObject","inLanguage":"gl-ES","@id":"https:\/\/www.anovapeneira.gal\/index.php\/2023\/07\/12\/cineclub-poleiro-25-anos-de-paixon-pola-setima-arte\/#primaryimage","url":"https:\/\/www.anovapeneira.gal\/wp-content\/uploads\/2023\/07\/cineclub_poleiro.jpg","contentUrl":"https:\/\/www.anovapeneira.gal\/wp-content\/uploads\/2023\/07\/cineclub_poleiro.jpg","width":720,"height":432,"caption":"Cineclub Poleiro Tomi\u00f1o"},{"@type":"BreadcrumbList","@id":"https:\/\/www.anovapeneira.gal\/index.php\/2023\/07\/12\/cineclub-poleiro-25-anos-de-paixon-pola-setima-arte\/#breadcrumb","itemListElement":[{"@type":"ListItem","position":1,"name":"Portada","item":"https:\/\/www.anovapeneira.gal\/"},{"@type":"ListItem","position":2,"name":"Cineclub Poleiro, 25 anos de paix\u00f3n pola s\u00e9tima arte"}]},{"@type":"WebSite","@id":"https:\/\/www.anovapeneira.gal\/#website","url":"https:\/\/www.anovapeneira.gal\/","name":"","description":"Xornal galego de informaci\u00f3n xeral Publicaci\u00f3n mensual de novas de Galicia e en especial dos Concellos da sur da provincia de Pontevedra.","publisher":{"@id":"https:\/\/www.anovapeneira.gal\/#organization"},"potentialAction":[{"@type":"SearchAction","target":{"@type":"EntryPoint","urlTemplate":"https:\/\/www.anovapeneira.gal\/?s={search_term_string}"},"query-input":{"@type":"PropertyValueSpecification","valueRequired":true,"valueName":"search_term_string"}}],"inLanguage":"gl-ES"},{"@type":"Organization","@id":"https:\/\/www.anovapeneira.gal\/#organization","name":"A Nova Peneira","url":"https:\/\/www.anovapeneira.gal\/","logo":{"@type":"ImageObject","inLanguage":"gl-ES","@id":"https:\/\/www.anovapeneira.gal\/#\/schema\/logo\/image\/","url":"http:\/\/www.anovapeneira.gal\/wp-content\/uploads\/2019\/06\/logo_a_nova_peneira_portal_web.png","contentUrl":"http:\/\/www.anovapeneira.gal\/wp-content\/uploads\/2019\/06\/logo_a_nova_peneira_portal_web.png","width":300,"height":100,"caption":"A Nova Peneira"},"image":{"@id":"https:\/\/www.anovapeneira.gal\/#\/schema\/logo\/image\/"},"sameAs":["https:\/\/www.facebook.com\/anovapeneira","https:\/\/x.com\/APeneira"]},{"@type":"Person","@id":"https:\/\/www.anovapeneira.gal\/#\/schema\/person\/b93e3f8932e3f8da96334607eb6ac6aa","name":"Redacci\u00f3n A Nova Peneira","image":{"@type":"ImageObject","inLanguage":"gl-ES","@id":"https:\/\/secure.gravatar.com\/avatar\/c052a2551a06e23fac63626232eaa90abd78dbcf1700fc46a2b2c89fd27b735f?s=96&d=mm&r=g","url":"https:\/\/secure.gravatar.com\/avatar\/c052a2551a06e23fac63626232eaa90abd78dbcf1700fc46a2b2c89fd27b735f?s=96&d=mm&r=g","contentUrl":"https:\/\/secure.gravatar.com\/avatar\/c052a2551a06e23fac63626232eaa90abd78dbcf1700fc46a2b2c89fd27b735f?s=96&d=mm&r=g","caption":"Redacci\u00f3n A Nova Peneira"},"sameAs":["http:\/\/www.anovapeneira.gal\/"],"url":"https:\/\/www.anovapeneira.gal\/index.php\/author\/redactor\/"}]}},"jetpack_featured_media_url":"https:\/\/www.anovapeneira.gal\/wp-content\/uploads\/2023\/07\/cineclub_poleiro.jpg","_links":{"self":[{"href":"https:\/\/www.anovapeneira.gal\/index.php\/wp-json\/wp\/v2\/posts\/10107","targetHints":{"allow":["GET"]}}],"collection":[{"href":"https:\/\/www.anovapeneira.gal\/index.php\/wp-json\/wp\/v2\/posts"}],"about":[{"href":"https:\/\/www.anovapeneira.gal\/index.php\/wp-json\/wp\/v2\/types\/post"}],"author":[{"embeddable":true,"href":"https:\/\/www.anovapeneira.gal\/index.php\/wp-json\/wp\/v2\/users\/3"}],"replies":[{"embeddable":true,"href":"https:\/\/www.anovapeneira.gal\/index.php\/wp-json\/wp\/v2\/comments?post=10107"}],"version-history":[{"count":1,"href":"https:\/\/www.anovapeneira.gal\/index.php\/wp-json\/wp\/v2\/posts\/10107\/revisions"}],"predecessor-version":[{"id":10108,"href":"https:\/\/www.anovapeneira.gal\/index.php\/wp-json\/wp\/v2\/posts\/10107\/revisions\/10108"}],"wp:featuredmedia":[{"embeddable":true,"href":"https:\/\/www.anovapeneira.gal\/index.php\/wp-json\/wp\/v2\/media\/10109"}],"wp:attachment":[{"href":"https:\/\/www.anovapeneira.gal\/index.php\/wp-json\/wp\/v2\/media?parent=10107"}],"wp:term":[{"taxonomy":"category","embeddable":true,"href":"https:\/\/www.anovapeneira.gal\/index.php\/wp-json\/wp\/v2\/categories?post=10107"},{"taxonomy":"post_tag","embeddable":true,"href":"https:\/\/www.anovapeneira.gal\/index.php\/wp-json\/wp\/v2\/tags?post=10107"}],"curies":[{"name":"wp","href":"https:\/\/api.w.org\/{rel}","templated":true}]}}