{"id":10110,"date":"2023-07-13T10:00:25","date_gmt":"2023-07-13T08:00:25","guid":{"rendered":"https:\/\/www.anovapeneira.gal\/?p=10110"},"modified":"2023-07-13T12:03:15","modified_gmt":"2023-07-13T10:03:15","slug":"xose-manuel-rodriguez-mendez-voceiro-do-bng-e-ex-alcalde-de-as-neves","status":"publish","type":"post","link":"https:\/\/www.anovapeneira.gal\/index.php\/2023\/07\/13\/xose-manuel-rodriguez-mendez-voceiro-do-bng-e-ex-alcalde-de-as-neves\/","title":{"rendered":"Xos\u00e9 Manuel Rodr\u00edguez M\u00e9ndez voceiro do BNG e ex alcalde de As Neves"},"content":{"rendered":"\n<p><strong>O resultado electoral acontecido en As Neves o 28 M non era en absoluto previsible. Nada indicaba que puidese haber un cambio de goberno. Pero si, aconteceu. A verdade \u00e9 que o novo goberno, ao que lle desexamos todo tipo \u00e9xitos, tivo moita sorte. Acada a maior\u00eda absoluta por tan s\u00f3 6 votos que foron os que lle faltaron ao BNG para conservar as 4 actas que ti\u00f1a no mandato anterior, e os que fixeron que o PP lograse a 6 acta. Por outra parte a presentaci\u00f3n da candidatura de Eduardo Mari\u00f1o, unha candidatura estra\u00f1a que m\u00e1is parece motivada por raz\u00f3ns de tipo psicol\u00f3xico ca pol\u00edticas , levou case 300 votos, que lle serven a el para entrar pero que o \u00fanico cambio que provocan \u00e9 a entrada da dereita con maior\u00eda absoluta e que el mesmo pase a ser irrelevante.<\/strong><\/p>\n\n\n\n<p><strong>O novo goberno acaba de comezar e a\u00ednda \u00e9 moi pronto para valorar con rigor. Por\u00e9n o que si parece preocupante son certos movementos que te\u00f1en pinta de seren indicios de escaso rigor. Vexamos:<\/strong><\/p>\n\n\n\n<p><strong>-O cambio do escudo por un dese\u00f1ado no 1959, que glosa aos ca\u00eddos dun bando na guerra civil e que amosa unha igrexa cristi\u00e1, \u00e9 lamentable. Vir \u00e1 pol\u00edtica s\u00f3 a mudar o que fixo o goberno anterior, sen preocuparse de analizar con rigor que \u00e9 o que se trae de novo, \u00e9 rid\u00edculo, pueril e signo de moi escasa calidade pol\u00edtica.<\/strong><\/p>\n\n\n\n<p><strong>-O Cambio da data da festa do vi\u00f1o de outubro para xullo \u00e9 estra\u00f1o. Haber\u00e1 que ver o resultado, pero, as\u00ed a priori, parece m\u00e1is razoable a promoci\u00f3n do tinto nos meses de inverno que en pleno ver\u00e1n. Veremos como resulta.<\/strong><\/p>\n\n\n\n<p><strong>-No pleno de organizaci\u00f3n o novo goberno decide que os 6 concelleiros e concelleiras estean liberados e liberadas, que todos e todas te\u00f1an un soldo. O alcalde e outro concelleiro traballar\u00e1n con dedicaci\u00f3n exclusiva e as 4 persoas restantes ter\u00e1n unha dedicaci\u00f3n parcial. \u00c9 certo que o custe das n\u00f3minas do goberno \u00e9 o mesmo que o do anterior. Pero hai unha diferencia: no goberno BNG- PSOE 3 persoas ti\u00f1an dedicaci\u00f3n exclusiva e as outras d\u00faas, Pilar e Roc\u00edo, non cobraban. Traballaban por compromiso e amor ao seu pobo. Liberando ao 100% dos membros do goberno t\u00edrase unha mensaxe perigosa: a pol\u00edtica \u00e9 unha profesi\u00f3n .N\u00f3s falamos co ex alcalde. Vela\u00ed vai o que deu de si a nosa conversa<\/strong><\/p>\n\n\n\n<h2 class=\"wp-block-heading\">\u201c <strong>En tan pouco tempo o novo goberno xa amosa signos moi preocupantes de insolvencia\u201d<\/strong><\/h2>\n\n\n\n<p><strong>Despois de 8 anos esperabas perder \u00e1 alcald\u00eda?<\/strong><\/p>\n\n\n\n<blockquote class=\"wp-block-quote is-layout-flow wp-block-quote-is-layout-flow\">\n<p>Falando un pouco en clave de humor, os meus compa\u00f1eiros e as mi\u00f1as compa\u00f1eiras, agora ch\u00e1manme alcalde vello.<\/p>\n<\/blockquote>\n\n\n\n<blockquote class=\"wp-block-quote is-layout-flow wp-block-quote-is-layout-flow\">\n<p>Nun proceso electoral poden pasar estas cousas, pero si \u00e9 certo que non eran estas as previsi\u00f3ns. Eran outras.<\/p>\n<\/blockquote>\n\n\n\n<blockquote class=\"wp-block-quote is-layout-flow wp-block-quote-is-layout-flow\">\n<p>Estabamos convencidos que a nosa maneira de facer as cousas era boa para As Neves. Houbo unha serie de eventos que conflu\u00edron neste proceso electoral e expuls\u00e1ronnos con contundencia.<\/p>\n<\/blockquote>\n\n\n\n<p><strong>A que te refires?<\/strong><\/p>\n\n\n\n<blockquote class=\"wp-block-quote is-layout-flow wp-block-quote-is-layout-flow\">\n<p>Seguramente cometemos erros e houbo cousas que podiamos facer mellor, pero temos a teor\u00eda de que a sociedade \u00e9 maior de idade \u00e9 libre de votar o que queira. E o traballo de visita de persoa a persoa e casa a casa a pedir o voto nunca me gustou. Que un alcalde, ou un candidato \u00e1 alcald\u00eda, vaia pola casa da veci\u00f1anza a pedir o voto en certo modo par\u00e9ceme coactivo, unha forma de invadir a intimidade e , case se poder\u00eda dicir que, a liberdade das persoas tam\u00e9n. Nunca me gustou ese modo de facer pol\u00edtica e nunca o fixen. Pero est\u00e1 visto que fun inxenuo. Parece evidente que funciona e que o receptor da visita, en li\u00f1as xerais, interpr\u00e9tao en positivo.<\/p>\n<\/blockquote>\n\n\n\n<p><strong>Ent\u00f3n ti, coma min,es dos que consideras que a realidade dos feitos deber\u00eda de ser suficiente para determinar libremente a vontade das persoas?<\/strong><\/p>\n\n\n\n<blockquote class=\"wp-block-quote is-layout-flow wp-block-quote-is-layout-flow\">\n<p>Iso deber\u00eda de ser a secuencia l\u00f3xica das cousas, creo eu. Primeiro observas a realidade e en funci\u00f3n da s\u00faa an\u00e1lise constr\u00faes unha opini\u00f3n. Pero est\u00e1 claro que hai moitos outros factores que condicionan a conformaci\u00f3n dun criterio propio . N\u00f3s dese\u00f1amos igual a campa\u00f1a de 2015 e de 2019. Eu non fun a pedirlle o voto a ningu\u00e9n \u00e1 s\u00faa casa. Considero que desde a acci\u00f3n pol\u00edtica temos unha funci\u00f3n did\u00e1ctica. Non s\u00f3 temos que poder facer obras ou constru\u00edr modelos f\u00edsicos, sen\u00f3n que tam\u00e9n temos que constru\u00edr modelos sociais. Dentro desta teor\u00eda de constru\u00edr un modelo social est\u00e1 o de deixar que a xente pense por si mesma e non senta a obriga de recibirte se non quere.<\/p>\n<\/blockquote>\n\n\n\n<blockquote class=\"wp-block-quote is-layout-flow wp-block-quote-is-layout-flow\">\n<p>Na mi\u00f1a opini\u00f3n persoal, eu eliminar\u00eda totalmente o env\u00edo de papeletas electorais aos domicilios e suprimir\u00eda todo este gasto. Creo que se debe fomentar que a xente recolla a s\u00faa papeleta no colexio electoral con total normalidade e s\u00f3 existan al\u00ed.<\/p>\n<\/blockquote>\n\n\n\n<p><strong>Entendo que valoras que foi un erro.<\/strong><\/p>\n\n\n\n<blockquote class=\"wp-block-quote is-layout-flow wp-block-quote-is-layout-flow\">\n<p>Unha inxenuidade pola mi\u00f1a banda.<\/p>\n<\/blockquote>\n\n\n\n<p><strong>Sigamos cos factores que ti pensas que foron determinantes no cambio pol\u00edtico?<\/strong><\/p>\n\n\n\n<blockquote class=\"wp-block-quote is-layout-flow wp-block-quote-is-layout-flow\">\n<p>Logo est\u00e1 a valoraci\u00f3n sobre o noso traballo nestes oito anos de mandato. Eu creo que foi boa. Pero obviamente os votantes que elixiron outra opci\u00f3n pol\u00edtica te\u00f1en unha opini\u00f3n diferente. T\u00f3canos traballar m\u00e1is e mellor para tratar de reconquistar a quen perdeu a confianza en n\u00f3s<\/p>\n<\/blockquote>\n\n\n\n<blockquote class=\"wp-block-quote is-layout-flow wp-block-quote-is-layout-flow\">\n<p>Por \u00faltimo tam\u00e9n houbo un fen\u00f3meno relevante no resultado electoral: a candidatura de Eduardo Mari\u00f1o, un tr\u00e1nsfuga de manual. Deixou o PSOE, pero non renunciou \u00e1 acta e estivo durante todos estes anos creando un ambiente hostil , e cunha obsesi\u00f3n cara \u00e1 mi\u00f1a persoa case patol\u00f3xica.<\/p>\n<\/blockquote>\n\n\n\n<blockquote class=\"wp-block-quote is-layout-flow wp-block-quote-is-layout-flow\">\n<p>Esta foi unha candidatura que non propo\u00f1\u00eda nada, con todo o respecto ao resto de persoas que a conformaban. O seu slogan era \u201cS\u00famate ao cambio\u201d. Conseguiron isto mesmo, pero o cambio foi \u00e1 dereita, unha dereita insolvente, e a s\u00faa candidatura conseguiu ser totalmente irrelevante.<\/p>\n<\/blockquote>\n\n\n\n<blockquote class=\"wp-block-quote is-layout-flow wp-block-quote-is-layout-flow\">\n<p>Os votos desta candidatura foron un factor decisivo que facilitou o cambio pol\u00edtico cara \u00e1 dereita. Se estes votos fosen para o PSOE ou o BNG, pasariamos m\u00e1is de 200 votos por encima do PP.<\/p>\n<\/blockquote>\n\n\n\n<p><strong>Agora coa dereita no Goberno xa hai un par de cousas que se poden empezar a valorar. Falemos do cambio de escudo, cal \u00e9 a t\u00faa opini\u00f3n?<\/strong><\/p>\n\n\n\n<blockquote class=\"wp-block-quote is-layout-flow wp-block-quote-is-layout-flow\">\n<p>Un erro de libro. Este \u00e9 un Goberno insolvente, desde o punto de vista intelectual. Est\u00e1n convencidos de que te\u00f1en que volver atr\u00e1s para borrar o rastro destes anos de goberno de BNG e PSOE.<\/p>\n<\/blockquote>\n\n\n\n<blockquote class=\"wp-block-quote is-layout-flow wp-block-quote-is-layout-flow\">\n<p>Este escudo que volven po\u00f1er agora \u00e9 un escudo do fascismo do ano 59. Neste dest\u00e1canse d\u00faas cousas, a fe cristi\u00e1 e unha loa aos ca\u00eddos do bando nacional, estas oito estrelas representan a estes ca\u00eddos. Xa se votou polo cambio do mesmo nun anterior Goberno no que non estaba o BNG, n\u00f3s o que fixemos foi levalo a cabo.<\/p>\n<\/blockquote>\n\n\n\n<p><strong>Ent\u00f3n, o Goberno actual recupera un escudo franquista que glosa \u00e1 relixi\u00f3n cat\u00f3lica e os mortos do bando franquista na guerra civil. Ben, imos ser xenerosos e supor que o far\u00edan por puro e duro desco\u00f1ecemento?<\/strong><\/p>\n\n\n\n<blockquote class=\"wp-block-quote is-layout-flow wp-block-quote-is-layout-flow\">\n<p>Si, claro, por pura insolvencia intelectual, por cambiar o que fixo o goberno do BNG.<\/p>\n<\/blockquote>\n\n\n\n<p><strong>A outra cuesti\u00f3n \u00e9 a do cambio de data da festa do vi\u00f1o, v\u00f3s ti\u00f1\u00e1dela en outubro e o novo goberno programouna para este mesmo mes. Como o valoras ?<\/strong><\/p>\n\n\n\n<blockquote class=\"wp-block-quote is-layout-flow wp-block-quote-is-layout-flow\">\n<p>Volvemos \u00e1 teor\u00eda de desfacer o que fixo o Goberno anterior.<\/p>\n<\/blockquote>\n\n\n\n<blockquote class=\"wp-block-quote is-layout-flow wp-block-quote-is-layout-flow\">\n<p>Eles queren recuperar a data do 25 de xullo, que hai anos xa se fac\u00eda nestas datas e xa se demostrou que non funciona a venda de vi\u00f1o tinto no mes de xullo. A venda do tinto est\u00e1 vinculada m\u00e1is a outras \u00e9pocas do ano con outro estilo de comidas. Fixemos diferentes estudos coas adegas de vi\u00f1o e no ver\u00e1n non son boas datas para facer unha boa promoci\u00f3n deste produto. Isto cons\u00e9guese facendo a festa na \u00e9poca do ano onde o consumo de vi\u00f1o tinto \u00e9 m\u00e1is atractivo.<\/p>\n<\/blockquote>\n\n\n\n<blockquote class=\"wp-block-quote is-layout-flow wp-block-quote-is-layout-flow\">\n<p>No mes de outubro, nin nas Neves, nin ao redor das Neves ocorre ning\u00fan evento significativo e n\u00f3s conseguimos que este mes se convertese nun referente para atraer a xente de f\u00f3ra do concello.<\/p>\n<\/blockquote>\n\n\n\n<blockquote class=\"wp-block-quote is-layout-flow wp-block-quote-is-layout-flow\">\n<p>Realmente preoc\u00fapame esa falta de solvencia nos estamentos do Goberno .<\/p>\n<\/blockquote>\n\n\n\n<p><strong>Di o PP que deixastes as piscinas municipais nun estado lamentable. \u00c9 verdade isto?<\/strong><\/p>\n\n\n\n<blockquote class=\"wp-block-quote is-layout-flow wp-block-quote-is-layout-flow\">\n<p>Iso \u00e9 totalmente mentira. Vou seguir ese proceso desa publicaci\u00f3n nas redes e vou acabar onde sexa necesario para demostrar que iso \u00e9 unha mentira intencionada para poder borrar outra vez a insolvencia deste goberno do PP.<\/p>\n<\/blockquote>\n\n\n\n<blockquote class=\"wp-block-quote is-layout-flow wp-block-quote-is-layout-flow\">\n<p>Esas fotos que publicaron do estado das piscinas eran anteriores \u00e1 reparaci\u00f3n desa greta. Esta reparouse co persoal municipal e pux\u00e9ronse a encher de auga estando n\u00f3s gobernando en funci\u00f3ns. O d\u00eda 16 de xu\u00f1o, antes de que collese a substituci\u00f3n o PP, as piscinas estaban coa auga tratada e lista case ao cento por cento da s\u00faa capacidade. Mesmo deixamos o proceso avanzado para a contrataci\u00f3n de socorristas e a concesi\u00f3n da cantina feita.<\/p>\n<\/blockquote>\n\n\n\n<p><strong>E despois desta inesperada perda do goberno como est\u00e1 a situaci\u00f3n do BNG local?.<\/strong><\/p>\n\n\n\n<blockquote class=\"wp-block-quote is-layout-flow wp-block-quote-is-layout-flow\">\n<p>Asumimos con humildade e respecto a decisi\u00f3n maioritaria do noso pobo, como mon poder\u00eda ser doutra maneira. T\u00f3canos o papel de reconstru\u00edr e recuperar a confianza da xente que, por algunha raz\u00f3n, deixou de confiar en n\u00f3s. Perdemos votos e non deberiamos perdelos.. Temos un equipo realmente bo e importante que \u00e9 capaz de volver traballar para isto. Eu sigo estando na portavoc\u00eda do grupo municipal e durante este tempo teremos que tomar decisi\u00f3ns organizativas, seguramente.<\/p>\n<\/blockquote>\n\n\n\n<blockquote class=\"wp-block-quote is-layout-flow wp-block-quote-is-layout-flow\">\n<p>Por outra parte d\u00e1se un fen\u00f3meno curioso que consiste nunha especie de corrente e simpat\u00eda que supo\u00f1o que ser\u00e1 produto da sorpresa de que isto ocorrese e agora ach\u00e9ganse a n\u00f3s para anotarse e queren participar neste proxecto.<\/p>\n<\/blockquote>\n\n\n\n<p><strong>E ti, persoalmente, como andas de moral?<\/strong><\/p>\n\n\n\n<blockquote class=\"wp-block-quote is-layout-flow wp-block-quote-is-layout-flow\">\n<p>Non contaba con que isto pasase e foi un momento complexo, emocionalmente falando. Pas\u00f3useme pola cabeza deixalo, pensei que chegara a un fin de ciclo. Despois en asemblea, a xente disuadiume deste pensamento, de que non podiamos abandonar agora. Eagora pois o dito: a recuperar a confianza maioritaria da nosa veci\u00f1anza. Por folgos non ha de ser. Por outra tam\u00e9n me honraron coa confianza do BNG para ir nas listas para as elecci\u00f3ns xerais pola provincia de Pontevedra. Est\u00e1 moi complicado sa\u00edr, pero valoro a confianza que depositaron en min.<\/p>\n<\/blockquote>\n\n\n\n<p><strong>Ent\u00f3n, calquera militante ou simpatizante do BNG pode contar con que ti esteas a\u00ed, traballando a reo estes catro anos por e para As Neves.<\/strong><\/p>\n\n\n\n<blockquote class=\"wp-block-quote is-layout-flow wp-block-quote-is-layout-flow\">\n<p>Si, por suposto, e vou estar o tempo que o BNG queira que estea.<\/p>\n<\/blockquote>\n","protected":false},"excerpt":{"rendered":"<div class=\"mh-excerpt\"><p>O resultado electoral acontecido en As Neves o 28 M non era en absoluto previsible. Nada indicaba que puidese haber un cambio de goberno. Pero si, aconteceu. A verdade \u00e9 que o novo goberno, ao que lle desexamos todo tipo \u00e9xitos, tivo moita sorte <a class=\"mh-excerpt-more\" href=\"https:\/\/www.anovapeneira.gal\/index.php\/2023\/07\/13\/xose-manuel-rodriguez-mendez-voceiro-do-bng-e-ex-alcalde-de-as-neves\/\" title=\"Xos\u00e9 Manuel Rodr\u00edguez M\u00e9ndez voceiro do BNG e ex alcalde de As Neves\">[&#8230;]<\/a><\/p>\n<\/div>","protected":false},"author":2,"featured_media":10113,"comment_status":"open","ping_status":"open","sticky":false,"template":"","format":"standard","meta":{"_exactmetrics_skip_tracking":false,"_exactmetrics_sitenote_active":false,"_exactmetrics_sitenote_note":"","_exactmetrics_sitenote_category":0,"footnotes":""},"categories":[16],"tags":[546],"class_list":{"0":"post-10110","1":"post","2":"type-post","3":"status-publish","4":"format-standard","5":"has-post-thumbnail","7":"category-entrevistas","8":"tag-concello-das-neves"},"yoast_head":"<!-- This site is optimized with the Yoast SEO plugin v27.4 - https:\/\/yoast.com\/product\/yoast-seo-wordpress\/ -->\n<title>Xos\u00e9 Manuel Rodr\u00edguez M\u00e9ndez voceiro do BNG e ex alcalde de As Neves -<\/title>\n<meta name=\"description\" content=\"O resultado electoral acontecido en As Neves o 28 M non era en absoluto previsible. Nada indicaba que puidese haber un cambio de goberno. Pero si, aconteceu. A verdade \u00e9 que o novo goberno, ao que lle desexamos todo tipo \u00e9xitos, tivo moita sorte\" \/>\n<meta name=\"robots\" content=\"index, follow, max-snippet:-1, max-image-preview:large, max-video-preview:-1\" \/>\n<link rel=\"canonical\" href=\"https:\/\/www.anovapeneira.gal\/index.php\/2023\/07\/13\/xose-manuel-rodriguez-mendez-voceiro-do-bng-e-ex-alcalde-de-as-neves\/\" \/>\n<meta property=\"og:locale\" content=\"gl_ES\" \/>\n<meta property=\"og:type\" content=\"article\" \/>\n<meta property=\"og:title\" content=\"Xos\u00e9 Manuel Rodr\u00edguez M\u00e9ndez voceiro do BNG e ex alcalde de As Neves -\" \/>\n<meta property=\"og:description\" content=\"O resultado electoral acontecido en As Neves o 28 M non era en absoluto previsible. Nada indicaba que puidese haber un cambio de goberno. Pero si, aconteceu. A verdade \u00e9 que o novo goberno, ao que lle desexamos todo tipo \u00e9xitos, tivo moita sorte\" \/>\n<meta property=\"og:url\" content=\"https:\/\/www.anovapeneira.gal\/index.php\/2023\/07\/13\/xose-manuel-rodriguez-mendez-voceiro-do-bng-e-ex-alcalde-de-as-neves\/\" \/>\n<meta property=\"article:publisher\" content=\"https:\/\/www.facebook.com\/anovapeneira\" \/>\n<meta property=\"article:published_time\" content=\"2023-07-13T08:00:25+00:00\" \/>\n<meta property=\"article:modified_time\" content=\"2023-07-13T10:03:15+00:00\" \/>\n<meta property=\"og:image\" content=\"https:\/\/www.anovapeneira.gal\/wp-content\/uploads\/2023\/07\/xose_manuel_as_neves2.jpg\" \/>\n\t<meta property=\"og:image:width\" content=\"720\" \/>\n\t<meta property=\"og:image:height\" content=\"432\" \/>\n\t<meta property=\"og:image:type\" content=\"image\/jpeg\" \/>\n<meta name=\"author\" content=\"Tino Lago\" \/>\n<meta name=\"twitter:card\" content=\"summary_large_image\" \/>\n<meta name=\"twitter:creator\" content=\"@APeneira\" \/>\n<meta name=\"twitter:site\" content=\"@APeneira\" \/>\n<meta name=\"twitter:label1\" content=\"Escrito por\" \/>\n\t<meta name=\"twitter:data1\" content=\"Tino Lago\" \/>\n\t<meta name=\"twitter:label2\" content=\"Tempo de lectura\" \/>\n\t<meta name=\"twitter:data2\" content=\"4 minutos\" \/>\n<script type=\"application\/ld+json\" class=\"yoast-schema-graph\">{\"@context\":\"https:\\\/\\\/schema.org\",\"@graph\":[{\"@type\":\"Article\",\"@id\":\"https:\\\/\\\/www.anovapeneira.gal\\\/index.php\\\/2023\\\/07\\\/13\\\/xose-manuel-rodriguez-mendez-voceiro-do-bng-e-ex-alcalde-de-as-neves\\\/#article\",\"isPartOf\":{\"@id\":\"https:\\\/\\\/www.anovapeneira.gal\\\/index.php\\\/2023\\\/07\\\/13\\\/xose-manuel-rodriguez-mendez-voceiro-do-bng-e-ex-alcalde-de-as-neves\\\/\"},\"author\":{\"name\":\"Tino Lago\",\"@id\":\"https:\\\/\\\/www.anovapeneira.gal\\\/#\\\/schema\\\/person\\\/424dfe65e3070fd8a44d22d2c088762a\"},\"headline\":\"Xos\u00e9 Manuel Rodr\u00edguez M\u00e9ndez voceiro do BNG e ex alcalde de As Neves\",\"datePublished\":\"2023-07-13T08:00:25+00:00\",\"dateModified\":\"2023-07-13T10:03:15+00:00\",\"mainEntityOfPage\":{\"@id\":\"https:\\\/\\\/www.anovapeneira.gal\\\/index.php\\\/2023\\\/07\\\/13\\\/xose-manuel-rodriguez-mendez-voceiro-do-bng-e-ex-alcalde-de-as-neves\\\/\"},\"wordCount\":1869,\"commentCount\":0,\"publisher\":{\"@id\":\"https:\\\/\\\/www.anovapeneira.gal\\\/#organization\"},\"image\":{\"@id\":\"https:\\\/\\\/www.anovapeneira.gal\\\/index.php\\\/2023\\\/07\\\/13\\\/xose-manuel-rodriguez-mendez-voceiro-do-bng-e-ex-alcalde-de-as-neves\\\/#primaryimage\"},\"thumbnailUrl\":\"https:\\\/\\\/www.anovapeneira.gal\\\/wp-content\\\/uploads\\\/2023\\\/07\\\/xose_manuel_as_neves2.jpg\",\"keywords\":[\"Concello das Neves\"],\"articleSection\":[\"Entrevistas\"],\"inLanguage\":\"gl-ES\",\"potentialAction\":[{\"@type\":\"CommentAction\",\"name\":\"Comment\",\"target\":[\"https:\\\/\\\/www.anovapeneira.gal\\\/index.php\\\/2023\\\/07\\\/13\\\/xose-manuel-rodriguez-mendez-voceiro-do-bng-e-ex-alcalde-de-as-neves\\\/#respond\"]}]},{\"@type\":\"WebPage\",\"@id\":\"https:\\\/\\\/www.anovapeneira.gal\\\/index.php\\\/2023\\\/07\\\/13\\\/xose-manuel-rodriguez-mendez-voceiro-do-bng-e-ex-alcalde-de-as-neves\\\/\",\"url\":\"https:\\\/\\\/www.anovapeneira.gal\\\/index.php\\\/2023\\\/07\\\/13\\\/xose-manuel-rodriguez-mendez-voceiro-do-bng-e-ex-alcalde-de-as-neves\\\/\",\"name\":\"Xos\u00e9 Manuel Rodr\u00edguez M\u00e9ndez voceiro do BNG e ex alcalde de As Neves -\",\"isPartOf\":{\"@id\":\"https:\\\/\\\/www.anovapeneira.gal\\\/#website\"},\"primaryImageOfPage\":{\"@id\":\"https:\\\/\\\/www.anovapeneira.gal\\\/index.php\\\/2023\\\/07\\\/13\\\/xose-manuel-rodriguez-mendez-voceiro-do-bng-e-ex-alcalde-de-as-neves\\\/#primaryimage\"},\"image\":{\"@id\":\"https:\\\/\\\/www.anovapeneira.gal\\\/index.php\\\/2023\\\/07\\\/13\\\/xose-manuel-rodriguez-mendez-voceiro-do-bng-e-ex-alcalde-de-as-neves\\\/#primaryimage\"},\"thumbnailUrl\":\"https:\\\/\\\/www.anovapeneira.gal\\\/wp-content\\\/uploads\\\/2023\\\/07\\\/xose_manuel_as_neves2.jpg\",\"datePublished\":\"2023-07-13T08:00:25+00:00\",\"dateModified\":\"2023-07-13T10:03:15+00:00\",\"description\":\"O resultado electoral acontecido en As Neves o 28 M non era en absoluto previsible. Nada indicaba que puidese haber un cambio de goberno. Pero si, aconteceu. A verdade \u00e9 que o novo goberno, ao que lle desexamos todo tipo \u00e9xitos, tivo moita sorte\",\"breadcrumb\":{\"@id\":\"https:\\\/\\\/www.anovapeneira.gal\\\/index.php\\\/2023\\\/07\\\/13\\\/xose-manuel-rodriguez-mendez-voceiro-do-bng-e-ex-alcalde-de-as-neves\\\/#breadcrumb\"},\"inLanguage\":\"gl-ES\",\"potentialAction\":[{\"@type\":\"ReadAction\",\"target\":[\"https:\\\/\\\/www.anovapeneira.gal\\\/index.php\\\/2023\\\/07\\\/13\\\/xose-manuel-rodriguez-mendez-voceiro-do-bng-e-ex-alcalde-de-as-neves\\\/\"]}]},{\"@type\":\"ImageObject\",\"inLanguage\":\"gl-ES\",\"@id\":\"https:\\\/\\\/www.anovapeneira.gal\\\/index.php\\\/2023\\\/07\\\/13\\\/xose-manuel-rodriguez-mendez-voceiro-do-bng-e-ex-alcalde-de-as-neves\\\/#primaryimage\",\"url\":\"https:\\\/\\\/www.anovapeneira.gal\\\/wp-content\\\/uploads\\\/2023\\\/07\\\/xose_manuel_as_neves2.jpg\",\"contentUrl\":\"https:\\\/\\\/www.anovapeneira.gal\\\/wp-content\\\/uploads\\\/2023\\\/07\\\/xose_manuel_as_neves2.jpg\",\"width\":720,\"height\":432,\"caption\":\"Xos\u00e9 Manuel As Neves ex alcalde\"},{\"@type\":\"BreadcrumbList\",\"@id\":\"https:\\\/\\\/www.anovapeneira.gal\\\/index.php\\\/2023\\\/07\\\/13\\\/xose-manuel-rodriguez-mendez-voceiro-do-bng-e-ex-alcalde-de-as-neves\\\/#breadcrumb\",\"itemListElement\":[{\"@type\":\"ListItem\",\"position\":1,\"name\":\"Portada\",\"item\":\"https:\\\/\\\/www.anovapeneira.gal\\\/\"},{\"@type\":\"ListItem\",\"position\":2,\"name\":\"Xos\u00e9 Manuel Rodr\u00edguez M\u00e9ndez voceiro do BNG e ex alcalde de As Neves\"}]},{\"@type\":\"WebSite\",\"@id\":\"https:\\\/\\\/www.anovapeneira.gal\\\/#website\",\"url\":\"https:\\\/\\\/www.anovapeneira.gal\\\/\",\"name\":\"\",\"description\":\"Xornal galego de informaci\u00f3n xeral Publicaci\u00f3n mensual de novas de Galicia e en especial dos Concellos da sur da provincia de Pontevedra.\",\"publisher\":{\"@id\":\"https:\\\/\\\/www.anovapeneira.gal\\\/#organization\"},\"potentialAction\":[{\"@type\":\"SearchAction\",\"target\":{\"@type\":\"EntryPoint\",\"urlTemplate\":\"https:\\\/\\\/www.anovapeneira.gal\\\/?s={search_term_string}\"},\"query-input\":{\"@type\":\"PropertyValueSpecification\",\"valueRequired\":true,\"valueName\":\"search_term_string\"}}],\"inLanguage\":\"gl-ES\"},{\"@type\":\"Organization\",\"@id\":\"https:\\\/\\\/www.anovapeneira.gal\\\/#organization\",\"name\":\"A Nova Peneira\",\"url\":\"https:\\\/\\\/www.anovapeneira.gal\\\/\",\"logo\":{\"@type\":\"ImageObject\",\"inLanguage\":\"gl-ES\",\"@id\":\"https:\\\/\\\/www.anovapeneira.gal\\\/#\\\/schema\\\/logo\\\/image\\\/\",\"url\":\"http:\\\/\\\/www.anovapeneira.gal\\\/wp-content\\\/uploads\\\/2019\\\/06\\\/logo_a_nova_peneira_portal_web.png\",\"contentUrl\":\"http:\\\/\\\/www.anovapeneira.gal\\\/wp-content\\\/uploads\\\/2019\\\/06\\\/logo_a_nova_peneira_portal_web.png\",\"width\":300,\"height\":100,\"caption\":\"A Nova Peneira\"},\"image\":{\"@id\":\"https:\\\/\\\/www.anovapeneira.gal\\\/#\\\/schema\\\/logo\\\/image\\\/\"},\"sameAs\":[\"https:\\\/\\\/www.facebook.com\\\/anovapeneira\",\"https:\\\/\\\/x.com\\\/APeneira\"]},{\"@type\":\"Person\",\"@id\":\"https:\\\/\\\/www.anovapeneira.gal\\\/#\\\/schema\\\/person\\\/424dfe65e3070fd8a44d22d2c088762a\",\"name\":\"Tino Lago\",\"image\":{\"@type\":\"ImageObject\",\"inLanguage\":\"gl-ES\",\"@id\":\"https:\\\/\\\/secure.gravatar.com\\\/avatar\\\/b3df6a06e44bab3111583b90f0f33a0379ee5e3d22cbadd232d39f21c30c62be?s=96&d=mm&r=g\",\"url\":\"https:\\\/\\\/secure.gravatar.com\\\/avatar\\\/b3df6a06e44bab3111583b90f0f33a0379ee5e3d22cbadd232d39f21c30c62be?s=96&d=mm&r=g\",\"contentUrl\":\"https:\\\/\\\/secure.gravatar.com\\\/avatar\\\/b3df6a06e44bab3111583b90f0f33a0379ee5e3d22cbadd232d39f21c30c62be?s=96&d=mm&r=g\",\"caption\":\"Tino Lago\"},\"sameAs\":[\"http:\\\/\\\/www.anovapeneira.gal\"],\"url\":\"https:\\\/\\\/www.anovapeneira.gal\\\/index.php\\\/author\\\/director\\\/\"}]}<\/script>\n<!-- \/ Yoast SEO plugin. -->","yoast_head_json":{"title":"Xos\u00e9 Manuel Rodr\u00edguez M\u00e9ndez voceiro do BNG e ex alcalde de As Neves -","description":"O resultado electoral acontecido en As Neves o 28 M non era en absoluto previsible. Nada indicaba que puidese haber un cambio de goberno. Pero si, aconteceu. A verdade \u00e9 que o novo goberno, ao que lle desexamos todo tipo \u00e9xitos, tivo moita sorte","robots":{"index":"index","follow":"follow","max-snippet":"max-snippet:-1","max-image-preview":"max-image-preview:large","max-video-preview":"max-video-preview:-1"},"canonical":"https:\/\/www.anovapeneira.gal\/index.php\/2023\/07\/13\/xose-manuel-rodriguez-mendez-voceiro-do-bng-e-ex-alcalde-de-as-neves\/","og_locale":"gl_ES","og_type":"article","og_title":"Xos\u00e9 Manuel Rodr\u00edguez M\u00e9ndez voceiro do BNG e ex alcalde de As Neves -","og_description":"O resultado electoral acontecido en As Neves o 28 M non era en absoluto previsible. Nada indicaba que puidese haber un cambio de goberno. Pero si, aconteceu. A verdade \u00e9 que o novo goberno, ao que lle desexamos todo tipo \u00e9xitos, tivo moita sorte","og_url":"https:\/\/www.anovapeneira.gal\/index.php\/2023\/07\/13\/xose-manuel-rodriguez-mendez-voceiro-do-bng-e-ex-alcalde-de-as-neves\/","article_publisher":"https:\/\/www.facebook.com\/anovapeneira","article_published_time":"2023-07-13T08:00:25+00:00","article_modified_time":"2023-07-13T10:03:15+00:00","og_image":[{"width":720,"height":432,"url":"https:\/\/www.anovapeneira.gal\/wp-content\/uploads\/2023\/07\/xose_manuel_as_neves2.jpg","type":"image\/jpeg"}],"author":"Tino Lago","twitter_card":"summary_large_image","twitter_creator":"@APeneira","twitter_site":"@APeneira","twitter_misc":{"Escrito por":"Tino Lago","Tempo de lectura":"4 minutos"},"schema":{"@context":"https:\/\/schema.org","@graph":[{"@type":"Article","@id":"https:\/\/www.anovapeneira.gal\/index.php\/2023\/07\/13\/xose-manuel-rodriguez-mendez-voceiro-do-bng-e-ex-alcalde-de-as-neves\/#article","isPartOf":{"@id":"https:\/\/www.anovapeneira.gal\/index.php\/2023\/07\/13\/xose-manuel-rodriguez-mendez-voceiro-do-bng-e-ex-alcalde-de-as-neves\/"},"author":{"name":"Tino Lago","@id":"https:\/\/www.anovapeneira.gal\/#\/schema\/person\/424dfe65e3070fd8a44d22d2c088762a"},"headline":"Xos\u00e9 Manuel Rodr\u00edguez M\u00e9ndez voceiro do BNG e ex alcalde de As Neves","datePublished":"2023-07-13T08:00:25+00:00","dateModified":"2023-07-13T10:03:15+00:00","mainEntityOfPage":{"@id":"https:\/\/www.anovapeneira.gal\/index.php\/2023\/07\/13\/xose-manuel-rodriguez-mendez-voceiro-do-bng-e-ex-alcalde-de-as-neves\/"},"wordCount":1869,"commentCount":0,"publisher":{"@id":"https:\/\/www.anovapeneira.gal\/#organization"},"image":{"@id":"https:\/\/www.anovapeneira.gal\/index.php\/2023\/07\/13\/xose-manuel-rodriguez-mendez-voceiro-do-bng-e-ex-alcalde-de-as-neves\/#primaryimage"},"thumbnailUrl":"https:\/\/www.anovapeneira.gal\/wp-content\/uploads\/2023\/07\/xose_manuel_as_neves2.jpg","keywords":["Concello das Neves"],"articleSection":["Entrevistas"],"inLanguage":"gl-ES","potentialAction":[{"@type":"CommentAction","name":"Comment","target":["https:\/\/www.anovapeneira.gal\/index.php\/2023\/07\/13\/xose-manuel-rodriguez-mendez-voceiro-do-bng-e-ex-alcalde-de-as-neves\/#respond"]}]},{"@type":"WebPage","@id":"https:\/\/www.anovapeneira.gal\/index.php\/2023\/07\/13\/xose-manuel-rodriguez-mendez-voceiro-do-bng-e-ex-alcalde-de-as-neves\/","url":"https:\/\/www.anovapeneira.gal\/index.php\/2023\/07\/13\/xose-manuel-rodriguez-mendez-voceiro-do-bng-e-ex-alcalde-de-as-neves\/","name":"Xos\u00e9 Manuel Rodr\u00edguez M\u00e9ndez voceiro do BNG e ex alcalde de As Neves -","isPartOf":{"@id":"https:\/\/www.anovapeneira.gal\/#website"},"primaryImageOfPage":{"@id":"https:\/\/www.anovapeneira.gal\/index.php\/2023\/07\/13\/xose-manuel-rodriguez-mendez-voceiro-do-bng-e-ex-alcalde-de-as-neves\/#primaryimage"},"image":{"@id":"https:\/\/www.anovapeneira.gal\/index.php\/2023\/07\/13\/xose-manuel-rodriguez-mendez-voceiro-do-bng-e-ex-alcalde-de-as-neves\/#primaryimage"},"thumbnailUrl":"https:\/\/www.anovapeneira.gal\/wp-content\/uploads\/2023\/07\/xose_manuel_as_neves2.jpg","datePublished":"2023-07-13T08:00:25+00:00","dateModified":"2023-07-13T10:03:15+00:00","description":"O resultado electoral acontecido en As Neves o 28 M non era en absoluto previsible. Nada indicaba que puidese haber un cambio de goberno. Pero si, aconteceu. A verdade \u00e9 que o novo goberno, ao que lle desexamos todo tipo \u00e9xitos, tivo moita sorte","breadcrumb":{"@id":"https:\/\/www.anovapeneira.gal\/index.php\/2023\/07\/13\/xose-manuel-rodriguez-mendez-voceiro-do-bng-e-ex-alcalde-de-as-neves\/#breadcrumb"},"inLanguage":"gl-ES","potentialAction":[{"@type":"ReadAction","target":["https:\/\/www.anovapeneira.gal\/index.php\/2023\/07\/13\/xose-manuel-rodriguez-mendez-voceiro-do-bng-e-ex-alcalde-de-as-neves\/"]}]},{"@type":"ImageObject","inLanguage":"gl-ES","@id":"https:\/\/www.anovapeneira.gal\/index.php\/2023\/07\/13\/xose-manuel-rodriguez-mendez-voceiro-do-bng-e-ex-alcalde-de-as-neves\/#primaryimage","url":"https:\/\/www.anovapeneira.gal\/wp-content\/uploads\/2023\/07\/xose_manuel_as_neves2.jpg","contentUrl":"https:\/\/www.anovapeneira.gal\/wp-content\/uploads\/2023\/07\/xose_manuel_as_neves2.jpg","width":720,"height":432,"caption":"Xos\u00e9 Manuel As Neves ex alcalde"},{"@type":"BreadcrumbList","@id":"https:\/\/www.anovapeneira.gal\/index.php\/2023\/07\/13\/xose-manuel-rodriguez-mendez-voceiro-do-bng-e-ex-alcalde-de-as-neves\/#breadcrumb","itemListElement":[{"@type":"ListItem","position":1,"name":"Portada","item":"https:\/\/www.anovapeneira.gal\/"},{"@type":"ListItem","position":2,"name":"Xos\u00e9 Manuel Rodr\u00edguez M\u00e9ndez voceiro do BNG e ex alcalde de As Neves"}]},{"@type":"WebSite","@id":"https:\/\/www.anovapeneira.gal\/#website","url":"https:\/\/www.anovapeneira.gal\/","name":"","description":"Xornal galego de informaci\u00f3n xeral Publicaci\u00f3n mensual de novas de Galicia e en especial dos Concellos da sur da provincia de Pontevedra.","publisher":{"@id":"https:\/\/www.anovapeneira.gal\/#organization"},"potentialAction":[{"@type":"SearchAction","target":{"@type":"EntryPoint","urlTemplate":"https:\/\/www.anovapeneira.gal\/?s={search_term_string}"},"query-input":{"@type":"PropertyValueSpecification","valueRequired":true,"valueName":"search_term_string"}}],"inLanguage":"gl-ES"},{"@type":"Organization","@id":"https:\/\/www.anovapeneira.gal\/#organization","name":"A Nova Peneira","url":"https:\/\/www.anovapeneira.gal\/","logo":{"@type":"ImageObject","inLanguage":"gl-ES","@id":"https:\/\/www.anovapeneira.gal\/#\/schema\/logo\/image\/","url":"http:\/\/www.anovapeneira.gal\/wp-content\/uploads\/2019\/06\/logo_a_nova_peneira_portal_web.png","contentUrl":"http:\/\/www.anovapeneira.gal\/wp-content\/uploads\/2019\/06\/logo_a_nova_peneira_portal_web.png","width":300,"height":100,"caption":"A Nova Peneira"},"image":{"@id":"https:\/\/www.anovapeneira.gal\/#\/schema\/logo\/image\/"},"sameAs":["https:\/\/www.facebook.com\/anovapeneira","https:\/\/x.com\/APeneira"]},{"@type":"Person","@id":"https:\/\/www.anovapeneira.gal\/#\/schema\/person\/424dfe65e3070fd8a44d22d2c088762a","name":"Tino Lago","image":{"@type":"ImageObject","inLanguage":"gl-ES","@id":"https:\/\/secure.gravatar.com\/avatar\/b3df6a06e44bab3111583b90f0f33a0379ee5e3d22cbadd232d39f21c30c62be?s=96&d=mm&r=g","url":"https:\/\/secure.gravatar.com\/avatar\/b3df6a06e44bab3111583b90f0f33a0379ee5e3d22cbadd232d39f21c30c62be?s=96&d=mm&r=g","contentUrl":"https:\/\/secure.gravatar.com\/avatar\/b3df6a06e44bab3111583b90f0f33a0379ee5e3d22cbadd232d39f21c30c62be?s=96&d=mm&r=g","caption":"Tino Lago"},"sameAs":["http:\/\/www.anovapeneira.gal"],"url":"https:\/\/www.anovapeneira.gal\/index.php\/author\/director\/"}]}},"jetpack_featured_media_url":"https:\/\/www.anovapeneira.gal\/wp-content\/uploads\/2023\/07\/xose_manuel_as_neves2.jpg","_links":{"self":[{"href":"https:\/\/www.anovapeneira.gal\/index.php\/wp-json\/wp\/v2\/posts\/10110","targetHints":{"allow":["GET"]}}],"collection":[{"href":"https:\/\/www.anovapeneira.gal\/index.php\/wp-json\/wp\/v2\/posts"}],"about":[{"href":"https:\/\/www.anovapeneira.gal\/index.php\/wp-json\/wp\/v2\/types\/post"}],"author":[{"embeddable":true,"href":"https:\/\/www.anovapeneira.gal\/index.php\/wp-json\/wp\/v2\/users\/2"}],"replies":[{"embeddable":true,"href":"https:\/\/www.anovapeneira.gal\/index.php\/wp-json\/wp\/v2\/comments?post=10110"}],"version-history":[{"count":2,"href":"https:\/\/www.anovapeneira.gal\/index.php\/wp-json\/wp\/v2\/posts\/10110\/revisions"}],"predecessor-version":[{"id":10138,"href":"https:\/\/www.anovapeneira.gal\/index.php\/wp-json\/wp\/v2\/posts\/10110\/revisions\/10138"}],"wp:featuredmedia":[{"embeddable":true,"href":"https:\/\/www.anovapeneira.gal\/index.php\/wp-json\/wp\/v2\/media\/10113"}],"wp:attachment":[{"href":"https:\/\/www.anovapeneira.gal\/index.php\/wp-json\/wp\/v2\/media?parent=10110"}],"wp:term":[{"taxonomy":"category","embeddable":true,"href":"https:\/\/www.anovapeneira.gal\/index.php\/wp-json\/wp\/v2\/categories?post=10110"},{"taxonomy":"post_tag","embeddable":true,"href":"https:\/\/www.anovapeneira.gal\/index.php\/wp-json\/wp\/v2\/tags?post=10110"}],"curies":[{"name":"wp","href":"https:\/\/api.w.org\/{rel}","templated":true}]}}