{"id":10116,"date":"2023-07-13T12:00:53","date_gmt":"2023-07-13T10:00:53","guid":{"rendered":"https:\/\/www.anovapeneira.gal\/?p=10116"},"modified":"2023-07-11T12:43:08","modified_gmt":"2023-07-11T10:43:08","slug":"tres-irmans-iranianos-visitan-gondomar","status":"publish","type":"post","link":"https:\/\/www.anovapeneira.gal\/index.php\/2023\/07\/13\/tres-irmans-iranianos-visitan-gondomar\/","title":{"rendered":"Tres irm\u00e1ns iranianos visitan Gondomar"},"content":{"rendered":"\n<p><strong>Na primeira semana do mes de xullo d\u00faas nenas e un neno de Teher\u00e1n estiveron case d\u00faas semanas de lecer no concello de Gondomar. Chegaron \u00e1s terras do Val Mi\u00f1or grazas \u00e1 mediaci\u00f3n de Mari \u00c1ngeles Villar. Ela \u00e9 unha veci\u00f1a de Gondomar desde o ano 2003, natural de Nova York, filla de pais galegos, que, al\u00e9n de ensinar idiomas, se dedica ao intercambio de estudantes, de diversas partes do mundo, con obxecto de que os participantes te\u00f1an a opci\u00f3n de enriquecerse humana e culturalmente coa aprendizaxe de formas moi diferentes, \u00e1s veces incluso antag\u00f3nicas, de entender a realidade. A principios deste mes contou coa compa\u00f1\u00eda de tres irm\u00e1ns iranianos e n\u00f3s, grazas a amabilidade de Mari \u00c1ngeles Villar, \u00e1 dilixencia do alcalde Paco Ferreira, e especialmente grazas aos propios nenos, encantadores os 3, puidemos enriquecernos a n\u00f3s mesmos conversando con d\u00faas nenas e un neno extremadamente educados e agradables. Os rapaces chegaron a Galicia despois de m\u00e1is de 7 horas de voo e facendo escala en Turqu\u00eda e en Su\u00edza. A conclusi\u00f3n da conversa \u00e9 moi clara para min: Os tipos humanos son universais. E as ilusi\u00f3ns, inquedanzas, medos e d\u00fabidas dun adolescente de Teher\u00e1n son exactamente as mesmas c\u00e1s de calquera adolescente galego. Cando lles preguntei por cal \u00e9 a actividade que lles provocaba maior satisfacci\u00f3n no seu pa\u00eds, dinme que compartir o tempo coa s\u00faa familia, coas persoas queridas para eles e ir visitar aos que viven lonxe al\u00e9n de co\u00f1ecer outros lugares bonitos de Ir\u00e1n. Eles son de esquerda a dereita: Negar de 17 anos, Sam de 15 , e Bahar de 11 .Os tres irm\u00e1ns son moi agradecidos, e amosan unha grande curiosidade pola aprendizaxe. Com\u00e9ntanos Mari \u00c1ngeles que nestes poucos d\u00edas que os tivo na s\u00faa casa xa lles colleu moito cari\u00f1o e que, cando se marchen, vai notar a s\u00faa ausencia pois os nenos son dos que deixan pegada na alma.<\/strong><\/p>\n\n\n\n<p><strong>Vela\u00ed vai o que deu de si a nosa conversa<\/strong><\/p>\n\n\n\n<p><strong>Negar Sam e Bahar irm\u00e1ns iranianos<\/strong><\/p>\n\n\n\n<h2 class=\"wp-block-heading\">\u201c <strong>En Gondomar semella que a vida vai moito m\u00e1is tranquila que en Teher\u00e1n\u201d<\/strong><\/h2>\n\n\n\n<p><strong>Cont\u00e1deme como \u00e9 Teher\u00e1n?.<\/strong><\/p>\n\n\n\n<blockquote class=\"wp-block-quote is-layout-flow wp-block-quote-is-layout-flow\">\n<p>Unha cidade moi grande, moi diferente a Gondomar desde logo. En Teher\u00e1n somos arredor de 9.000.000 de persoas. Pero \u00e9 a nosa cidade, na que nacemos, crecemos e estamos a vivir .E n\u00f3s quer\u00e9mola moito.<\/p>\n<\/blockquote>\n\n\n\n<p><strong>Se eu fora de turismo a Teher\u00e1n que me recomendariades comer?<\/strong><\/p>\n\n\n\n<blockquote class=\"wp-block-quote is-layout-flow wp-block-quote-is-layout-flow\">\n<p>Sen d\u00fabida o Kebab. No noso pa\u00eds son deliciosos.<\/p>\n<\/blockquote>\n\n\n\n<p><strong>E visitar?<\/strong><\/p>\n\n\n\n<blockquote class=\"wp-block-quote is-layout-flow wp-block-quote-is-layout-flow\">\n<p>Os nosos museos, son incribles. N\u00f3s recomendari\u00e1moste que visitaras o museo da historia .\u00c9 espectacular.<\/p>\n<\/blockquote>\n\n\n\n<p><strong>E como foi o cambio de vivirdes nunha cidade tan grande, a estar un pobo como Gondomar?<\/strong><\/p>\n\n\n\n<blockquote class=\"wp-block-quote is-layout-flow wp-block-quote-is-layout-flow\">\n<p>O primeiro que notamos \u00e9 o tr\u00e1fico. En Teher\u00e1n hai un tr\u00e1fico inmenso e en Gondomar podes pasear tranquilamente polo centro do pobo , o que para n\u00f3s foi un choque moi importante. En Gondomar \u00e9 todo moito m\u00e1is tranquilo e semella que a vida vai m\u00e1is a modo.<\/p>\n<\/blockquote>\n\n\n\n<p><strong>Bahar que comidas che gustaron m\u00e1is das que probaches aqu\u00ed?<\/strong><\/p>\n\n\n\n<blockquote class=\"wp-block-quote is-layout-flow wp-block-quote-is-layout-flow\">\n<p>A paella e a lasa\u00f1a.<\/p>\n<\/blockquote>\n\n\n\n<p><strong>E a ti Negar?<\/strong><\/p>\n\n\n\n<blockquote class=\"wp-block-quote is-layout-flow wp-block-quote-is-layout-flow\">\n<p>A min as arepas, xa sei que non son t\u00edpicas de Galicia pero d\u00e9ronmas a probar e encant\u00e1ronme.<\/p>\n<\/blockquote>\n\n\n\n<p><strong>E a Sam?<\/strong><\/p>\n\n\n\n<blockquote class=\"wp-block-quote is-layout-flow wp-block-quote-is-layout-flow\">\n<p>A min todo.<\/p>\n<\/blockquote>\n\n\n\n<p><strong>Ha ha ha ha, como que todo?<\/strong><\/p>\n\n\n\n<blockquote class=\"wp-block-quote is-layout-flow wp-block-quote-is-layout-flow\">\n<p>Si, todo. <strong>A Sam cham\u00e1moslle de forma cari\u00f1osa \u201c a aspiradora\u201d<\/strong>, apunta Mari \u00c1ngeles<strong>, pois come como unha lima a\u00ednda que non sei onde o mete porque est\u00e1 moi delgado.<\/strong><\/p>\n<\/blockquote>\n\n\n\n<p><strong>Que che gustar\u00eda ser de maior Bahar?<\/strong><\/p>\n\n\n\n<blockquote class=\"wp-block-quote is-layout-flow wp-block-quote-is-layout-flow\">\n<p>Arquitecta.<\/p>\n<\/blockquote>\n\n\n\n<p><strong>Sam?<\/strong><\/p>\n\n\n\n<blockquote class=\"wp-block-quote is-layout-flow wp-block-quote-is-layout-flow\">\n<p>A min g\u00fastanme moito os avi\u00f3ns. Gustar\u00edame dese\u00f1ar avi\u00f3ns e tam\u00e9n facer v\u00eddeo xogos, algo que me atrae tam\u00e9n moito.<\/p>\n<\/blockquote>\n\n\n\n<p><strong>E Negar?<\/strong><\/p>\n\n\n\n<blockquote class=\"wp-block-quote is-layout-flow wp-block-quote-is-layout-flow\">\n<p>Non estou moi segura pero creo que me atrae especialmente o campo da agricultura. O noso pai produce pistachos e a min inter\u00e9same moito ese mundo. En Ir\u00e1n o cultivo do pistacho \u00e9 moi importante, de feito hai un instituto do pistacho.<\/p>\n<\/blockquote>\n\n\n\n<p><strong>Que sitios co\u00f1ecestes por aqu\u00ed?<\/strong><\/p>\n\n\n\n<blockquote class=\"wp-block-quote is-layout-flow wp-block-quote-is-layout-flow\">\n<p>Gondomar, A Ramallosa, Vigo e Valen\u00e7a. Gust\u00e1ronnos todos moito<\/p>\n<\/blockquote>\n\n\n\n<p><strong>Que temperatura tedes nesta \u00e9poca do ano en Teher\u00e1n?<\/strong><\/p>\n\n\n\n<blockquote class=\"wp-block-quote is-layout-flow wp-block-quote-is-layout-flow\">\n<p>Pasa dos 40 graos.<\/p>\n<\/blockquote>\n\n\n\n<p><strong>Caramba, ent\u00f3n debedes estar pasando fr\u00edo?<\/strong><\/p>\n\n\n\n<blockquote class=\"wp-block-quote is-layout-flow wp-block-quote-is-layout-flow\">\n<p>Que va\u00a1 A temperatura de Gondomar \u00e9 moi agradable. Estase xenial<\/p>\n<\/blockquote>\n\n\n\n<p><strong>Creo que fostes recibidos polo alcalde de Gondomar verdade?<\/strong><\/p>\n\n\n\n<blockquote class=\"wp-block-quote is-layout-flow wp-block-quote-is-layout-flow\">\n<p>Si, Paco, un home moi amable que nos tratou moi ben.<\/p>\n<\/blockquote>\n\n\n\n<p><strong>Gustar\u00edavos volver a Galicia?<\/strong><\/p>\n\n\n\n<blockquote class=\"wp-block-quote is-layout-flow wp-block-quote-is-layout-flow\">\n<p>Si, claro que si.<\/p>\n<\/blockquote>\n","protected":false},"excerpt":{"rendered":"<div class=\"mh-excerpt\"><p>Na primeira semana do mes de xullo d\u00faas nenas e un neno de Teher\u00e1n estiveron case d\u00faas semanas de lecer no concello de Gondomar. Chegaron \u00e1s terras do Val Mi\u00f1or grazas \u00e1 mediaci\u00f3n de Mari \u00c1ngeles Villar <a class=\"mh-excerpt-more\" href=\"https:\/\/www.anovapeneira.gal\/index.php\/2023\/07\/13\/tres-irmans-iranianos-visitan-gondomar\/\" title=\"Tres irm\u00e1ns iranianos visitan Gondomar\">[&#8230;]<\/a><\/p>\n<\/div>","protected":false},"author":3,"featured_media":10117,"comment_status":"open","ping_status":"open","sticky":false,"template":"","format":"standard","meta":{"_exactmetrics_skip_tracking":false,"_exactmetrics_sitenote_active":false,"_exactmetrics_sitenote_note":"","_exactmetrics_sitenote_category":0,"footnotes":""},"categories":[271],"tags":[149],"class_list":{"0":"post-10116","1":"post","2":"type-post","3":"status-publish","4":"format-standard","5":"has-post-thumbnail","7":"category-val-minor-entrevistas","8":"tag-concello-de-gondomar"},"yoast_head":"<!-- This site is optimized with the Yoast SEO plugin v27.4 - https:\/\/yoast.com\/product\/yoast-seo-wordpress\/ -->\n<title>Tres irm\u00e1ns iranianos visitan Gondomar -<\/title>\n<meta name=\"description\" content=\"Na primeira semana do mes de xullo d\u00faas nenas e un neno de Teher\u00e1n estiveron case d\u00faas semanas de lecer no concello de Gondomar. Chegaron \u00e1s terras do Val Mi\u00f1or grazas \u00e1 mediaci\u00f3n de Mari \u00c1ngeles Villar\" \/>\n<meta name=\"robots\" content=\"index, follow, max-snippet:-1, max-image-preview:large, max-video-preview:-1\" \/>\n<link rel=\"canonical\" href=\"https:\/\/www.anovapeneira.gal\/index.php\/2023\/07\/13\/tres-irmans-iranianos-visitan-gondomar\/\" \/>\n<meta property=\"og:locale\" content=\"gl_ES\" \/>\n<meta property=\"og:type\" content=\"article\" \/>\n<meta property=\"og:title\" content=\"Tres irm\u00e1ns iranianos visitan Gondomar -\" \/>\n<meta property=\"og:description\" content=\"Na primeira semana do mes de xullo d\u00faas nenas e un neno de Teher\u00e1n estiveron case d\u00faas semanas de lecer no concello de Gondomar. Chegaron \u00e1s terras do Val Mi\u00f1or grazas \u00e1 mediaci\u00f3n de Mari \u00c1ngeles Villar\" \/>\n<meta property=\"og:url\" content=\"https:\/\/www.anovapeneira.gal\/index.php\/2023\/07\/13\/tres-irmans-iranianos-visitan-gondomar\/\" \/>\n<meta property=\"article:publisher\" content=\"https:\/\/www.facebook.com\/anovapeneira\" \/>\n<meta property=\"article:published_time\" content=\"2023-07-13T10:00:53+00:00\" \/>\n<meta property=\"og:image\" content=\"https:\/\/www.anovapeneira.gal\/wp-content\/uploads\/2023\/07\/iranis_gondomar.jpg\" \/>\n\t<meta property=\"og:image:width\" content=\"720\" \/>\n\t<meta property=\"og:image:height\" content=\"432\" \/>\n\t<meta property=\"og:image:type\" content=\"image\/jpeg\" \/>\n<meta name=\"author\" content=\"Redacci\u00f3n A Nova Peneira\" \/>\n<meta name=\"twitter:card\" content=\"summary_large_image\" \/>\n<meta name=\"twitter:creator\" content=\"@APeneira\" \/>\n<meta name=\"twitter:site\" content=\"@APeneira\" \/>\n<meta name=\"twitter:label1\" content=\"Escrito por\" \/>\n\t<meta name=\"twitter:data1\" content=\"Redacci\u00f3n A Nova Peneira\" \/>\n\t<meta name=\"twitter:label2\" content=\"Tempo de lectura\" \/>\n\t<meta name=\"twitter:data2\" content=\"3 minutos\" \/>\n<script type=\"application\/ld+json\" class=\"yoast-schema-graph\">{\"@context\":\"https:\\\/\\\/schema.org\",\"@graph\":[{\"@type\":\"Article\",\"@id\":\"https:\\\/\\\/www.anovapeneira.gal\\\/index.php\\\/2023\\\/07\\\/13\\\/tres-irmans-iranianos-visitan-gondomar\\\/#article\",\"isPartOf\":{\"@id\":\"https:\\\/\\\/www.anovapeneira.gal\\\/index.php\\\/2023\\\/07\\\/13\\\/tres-irmans-iranianos-visitan-gondomar\\\/\"},\"author\":{\"name\":\"Redacci\u00f3n A Nova Peneira\",\"@id\":\"https:\\\/\\\/www.anovapeneira.gal\\\/#\\\/schema\\\/person\\\/b93e3f8932e3f8da96334607eb6ac6aa\"},\"headline\":\"Tres irm\u00e1ns iranianos visitan Gondomar\",\"datePublished\":\"2023-07-13T10:00:53+00:00\",\"mainEntityOfPage\":{\"@id\":\"https:\\\/\\\/www.anovapeneira.gal\\\/index.php\\\/2023\\\/07\\\/13\\\/tres-irmans-iranianos-visitan-gondomar\\\/\"},\"wordCount\":777,\"commentCount\":0,\"publisher\":{\"@id\":\"https:\\\/\\\/www.anovapeneira.gal\\\/#organization\"},\"image\":{\"@id\":\"https:\\\/\\\/www.anovapeneira.gal\\\/index.php\\\/2023\\\/07\\\/13\\\/tres-irmans-iranianos-visitan-gondomar\\\/#primaryimage\"},\"thumbnailUrl\":\"https:\\\/\\\/www.anovapeneira.gal\\\/wp-content\\\/uploads\\\/2023\\\/07\\\/iranis_gondomar.jpg\",\"keywords\":[\"Concello de Gondomar\"],\"articleSection\":[\"Val Mi\u00f1or\"],\"inLanguage\":\"gl-ES\",\"potentialAction\":[{\"@type\":\"CommentAction\",\"name\":\"Comment\",\"target\":[\"https:\\\/\\\/www.anovapeneira.gal\\\/index.php\\\/2023\\\/07\\\/13\\\/tres-irmans-iranianos-visitan-gondomar\\\/#respond\"]}]},{\"@type\":\"WebPage\",\"@id\":\"https:\\\/\\\/www.anovapeneira.gal\\\/index.php\\\/2023\\\/07\\\/13\\\/tres-irmans-iranianos-visitan-gondomar\\\/\",\"url\":\"https:\\\/\\\/www.anovapeneira.gal\\\/index.php\\\/2023\\\/07\\\/13\\\/tres-irmans-iranianos-visitan-gondomar\\\/\",\"name\":\"Tres irm\u00e1ns iranianos visitan Gondomar -\",\"isPartOf\":{\"@id\":\"https:\\\/\\\/www.anovapeneira.gal\\\/#website\"},\"primaryImageOfPage\":{\"@id\":\"https:\\\/\\\/www.anovapeneira.gal\\\/index.php\\\/2023\\\/07\\\/13\\\/tres-irmans-iranianos-visitan-gondomar\\\/#primaryimage\"},\"image\":{\"@id\":\"https:\\\/\\\/www.anovapeneira.gal\\\/index.php\\\/2023\\\/07\\\/13\\\/tres-irmans-iranianos-visitan-gondomar\\\/#primaryimage\"},\"thumbnailUrl\":\"https:\\\/\\\/www.anovapeneira.gal\\\/wp-content\\\/uploads\\\/2023\\\/07\\\/iranis_gondomar.jpg\",\"datePublished\":\"2023-07-13T10:00:53+00:00\",\"description\":\"Na primeira semana do mes de xullo d\u00faas nenas e un neno de Teher\u00e1n estiveron case d\u00faas semanas de lecer no concello de Gondomar. Chegaron \u00e1s terras do Val Mi\u00f1or grazas \u00e1 mediaci\u00f3n de Mari \u00c1ngeles Villar\",\"breadcrumb\":{\"@id\":\"https:\\\/\\\/www.anovapeneira.gal\\\/index.php\\\/2023\\\/07\\\/13\\\/tres-irmans-iranianos-visitan-gondomar\\\/#breadcrumb\"},\"inLanguage\":\"gl-ES\",\"potentialAction\":[{\"@type\":\"ReadAction\",\"target\":[\"https:\\\/\\\/www.anovapeneira.gal\\\/index.php\\\/2023\\\/07\\\/13\\\/tres-irmans-iranianos-visitan-gondomar\\\/\"]}]},{\"@type\":\"ImageObject\",\"inLanguage\":\"gl-ES\",\"@id\":\"https:\\\/\\\/www.anovapeneira.gal\\\/index.php\\\/2023\\\/07\\\/13\\\/tres-irmans-iranianos-visitan-gondomar\\\/#primaryimage\",\"url\":\"https:\\\/\\\/www.anovapeneira.gal\\\/wp-content\\\/uploads\\\/2023\\\/07\\\/iranis_gondomar.jpg\",\"contentUrl\":\"https:\\\/\\\/www.anovapeneira.gal\\\/wp-content\\\/uploads\\\/2023\\\/07\\\/iranis_gondomar.jpg\",\"width\":720,\"height\":432,\"caption\":\"Tres irm\u00e1ns iranianos visitan Gondomar\"},{\"@type\":\"BreadcrumbList\",\"@id\":\"https:\\\/\\\/www.anovapeneira.gal\\\/index.php\\\/2023\\\/07\\\/13\\\/tres-irmans-iranianos-visitan-gondomar\\\/#breadcrumb\",\"itemListElement\":[{\"@type\":\"ListItem\",\"position\":1,\"name\":\"Portada\",\"item\":\"https:\\\/\\\/www.anovapeneira.gal\\\/\"},{\"@type\":\"ListItem\",\"position\":2,\"name\":\"Tres irm\u00e1ns iranianos visitan Gondomar\"}]},{\"@type\":\"WebSite\",\"@id\":\"https:\\\/\\\/www.anovapeneira.gal\\\/#website\",\"url\":\"https:\\\/\\\/www.anovapeneira.gal\\\/\",\"name\":\"\",\"description\":\"Xornal galego de informaci\u00f3n xeral Publicaci\u00f3n mensual de novas de Galicia e en especial dos Concellos da sur da provincia de Pontevedra.\",\"publisher\":{\"@id\":\"https:\\\/\\\/www.anovapeneira.gal\\\/#organization\"},\"potentialAction\":[{\"@type\":\"SearchAction\",\"target\":{\"@type\":\"EntryPoint\",\"urlTemplate\":\"https:\\\/\\\/www.anovapeneira.gal\\\/?s={search_term_string}\"},\"query-input\":{\"@type\":\"PropertyValueSpecification\",\"valueRequired\":true,\"valueName\":\"search_term_string\"}}],\"inLanguage\":\"gl-ES\"},{\"@type\":\"Organization\",\"@id\":\"https:\\\/\\\/www.anovapeneira.gal\\\/#organization\",\"name\":\"A Nova Peneira\",\"url\":\"https:\\\/\\\/www.anovapeneira.gal\\\/\",\"logo\":{\"@type\":\"ImageObject\",\"inLanguage\":\"gl-ES\",\"@id\":\"https:\\\/\\\/www.anovapeneira.gal\\\/#\\\/schema\\\/logo\\\/image\\\/\",\"url\":\"http:\\\/\\\/www.anovapeneira.gal\\\/wp-content\\\/uploads\\\/2019\\\/06\\\/logo_a_nova_peneira_portal_web.png\",\"contentUrl\":\"http:\\\/\\\/www.anovapeneira.gal\\\/wp-content\\\/uploads\\\/2019\\\/06\\\/logo_a_nova_peneira_portal_web.png\",\"width\":300,\"height\":100,\"caption\":\"A Nova Peneira\"},\"image\":{\"@id\":\"https:\\\/\\\/www.anovapeneira.gal\\\/#\\\/schema\\\/logo\\\/image\\\/\"},\"sameAs\":[\"https:\\\/\\\/www.facebook.com\\\/anovapeneira\",\"https:\\\/\\\/x.com\\\/APeneira\"]},{\"@type\":\"Person\",\"@id\":\"https:\\\/\\\/www.anovapeneira.gal\\\/#\\\/schema\\\/person\\\/b93e3f8932e3f8da96334607eb6ac6aa\",\"name\":\"Redacci\u00f3n A Nova Peneira\",\"image\":{\"@type\":\"ImageObject\",\"inLanguage\":\"gl-ES\",\"@id\":\"https:\\\/\\\/secure.gravatar.com\\\/avatar\\\/c052a2551a06e23fac63626232eaa90abd78dbcf1700fc46a2b2c89fd27b735f?s=96&d=mm&r=g\",\"url\":\"https:\\\/\\\/secure.gravatar.com\\\/avatar\\\/c052a2551a06e23fac63626232eaa90abd78dbcf1700fc46a2b2c89fd27b735f?s=96&d=mm&r=g\",\"contentUrl\":\"https:\\\/\\\/secure.gravatar.com\\\/avatar\\\/c052a2551a06e23fac63626232eaa90abd78dbcf1700fc46a2b2c89fd27b735f?s=96&d=mm&r=g\",\"caption\":\"Redacci\u00f3n A Nova Peneira\"},\"sameAs\":[\"http:\\\/\\\/www.anovapeneira.gal\\\/\"],\"url\":\"https:\\\/\\\/www.anovapeneira.gal\\\/index.php\\\/author\\\/redactor\\\/\"}]}<\/script>\n<!-- \/ Yoast SEO plugin. -->","yoast_head_json":{"title":"Tres irm\u00e1ns iranianos visitan Gondomar -","description":"Na primeira semana do mes de xullo d\u00faas nenas e un neno de Teher\u00e1n estiveron case d\u00faas semanas de lecer no concello de Gondomar. Chegaron \u00e1s terras do Val Mi\u00f1or grazas \u00e1 mediaci\u00f3n de Mari \u00c1ngeles Villar","robots":{"index":"index","follow":"follow","max-snippet":"max-snippet:-1","max-image-preview":"max-image-preview:large","max-video-preview":"max-video-preview:-1"},"canonical":"https:\/\/www.anovapeneira.gal\/index.php\/2023\/07\/13\/tres-irmans-iranianos-visitan-gondomar\/","og_locale":"gl_ES","og_type":"article","og_title":"Tres irm\u00e1ns iranianos visitan Gondomar -","og_description":"Na primeira semana do mes de xullo d\u00faas nenas e un neno de Teher\u00e1n estiveron case d\u00faas semanas de lecer no concello de Gondomar. Chegaron \u00e1s terras do Val Mi\u00f1or grazas \u00e1 mediaci\u00f3n de Mari \u00c1ngeles Villar","og_url":"https:\/\/www.anovapeneira.gal\/index.php\/2023\/07\/13\/tres-irmans-iranianos-visitan-gondomar\/","article_publisher":"https:\/\/www.facebook.com\/anovapeneira","article_published_time":"2023-07-13T10:00:53+00:00","og_image":[{"width":720,"height":432,"url":"https:\/\/www.anovapeneira.gal\/wp-content\/uploads\/2023\/07\/iranis_gondomar.jpg","type":"image\/jpeg"}],"author":"Redacci\u00f3n A Nova Peneira","twitter_card":"summary_large_image","twitter_creator":"@APeneira","twitter_site":"@APeneira","twitter_misc":{"Escrito por":"Redacci\u00f3n A Nova Peneira","Tempo de lectura":"3 minutos"},"schema":{"@context":"https:\/\/schema.org","@graph":[{"@type":"Article","@id":"https:\/\/www.anovapeneira.gal\/index.php\/2023\/07\/13\/tres-irmans-iranianos-visitan-gondomar\/#article","isPartOf":{"@id":"https:\/\/www.anovapeneira.gal\/index.php\/2023\/07\/13\/tres-irmans-iranianos-visitan-gondomar\/"},"author":{"name":"Redacci\u00f3n A Nova Peneira","@id":"https:\/\/www.anovapeneira.gal\/#\/schema\/person\/b93e3f8932e3f8da96334607eb6ac6aa"},"headline":"Tres irm\u00e1ns iranianos visitan Gondomar","datePublished":"2023-07-13T10:00:53+00:00","mainEntityOfPage":{"@id":"https:\/\/www.anovapeneira.gal\/index.php\/2023\/07\/13\/tres-irmans-iranianos-visitan-gondomar\/"},"wordCount":777,"commentCount":0,"publisher":{"@id":"https:\/\/www.anovapeneira.gal\/#organization"},"image":{"@id":"https:\/\/www.anovapeneira.gal\/index.php\/2023\/07\/13\/tres-irmans-iranianos-visitan-gondomar\/#primaryimage"},"thumbnailUrl":"https:\/\/www.anovapeneira.gal\/wp-content\/uploads\/2023\/07\/iranis_gondomar.jpg","keywords":["Concello de Gondomar"],"articleSection":["Val Mi\u00f1or"],"inLanguage":"gl-ES","potentialAction":[{"@type":"CommentAction","name":"Comment","target":["https:\/\/www.anovapeneira.gal\/index.php\/2023\/07\/13\/tres-irmans-iranianos-visitan-gondomar\/#respond"]}]},{"@type":"WebPage","@id":"https:\/\/www.anovapeneira.gal\/index.php\/2023\/07\/13\/tres-irmans-iranianos-visitan-gondomar\/","url":"https:\/\/www.anovapeneira.gal\/index.php\/2023\/07\/13\/tres-irmans-iranianos-visitan-gondomar\/","name":"Tres irm\u00e1ns iranianos visitan Gondomar -","isPartOf":{"@id":"https:\/\/www.anovapeneira.gal\/#website"},"primaryImageOfPage":{"@id":"https:\/\/www.anovapeneira.gal\/index.php\/2023\/07\/13\/tres-irmans-iranianos-visitan-gondomar\/#primaryimage"},"image":{"@id":"https:\/\/www.anovapeneira.gal\/index.php\/2023\/07\/13\/tres-irmans-iranianos-visitan-gondomar\/#primaryimage"},"thumbnailUrl":"https:\/\/www.anovapeneira.gal\/wp-content\/uploads\/2023\/07\/iranis_gondomar.jpg","datePublished":"2023-07-13T10:00:53+00:00","description":"Na primeira semana do mes de xullo d\u00faas nenas e un neno de Teher\u00e1n estiveron case d\u00faas semanas de lecer no concello de Gondomar. Chegaron \u00e1s terras do Val Mi\u00f1or grazas \u00e1 mediaci\u00f3n de Mari \u00c1ngeles Villar","breadcrumb":{"@id":"https:\/\/www.anovapeneira.gal\/index.php\/2023\/07\/13\/tres-irmans-iranianos-visitan-gondomar\/#breadcrumb"},"inLanguage":"gl-ES","potentialAction":[{"@type":"ReadAction","target":["https:\/\/www.anovapeneira.gal\/index.php\/2023\/07\/13\/tres-irmans-iranianos-visitan-gondomar\/"]}]},{"@type":"ImageObject","inLanguage":"gl-ES","@id":"https:\/\/www.anovapeneira.gal\/index.php\/2023\/07\/13\/tres-irmans-iranianos-visitan-gondomar\/#primaryimage","url":"https:\/\/www.anovapeneira.gal\/wp-content\/uploads\/2023\/07\/iranis_gondomar.jpg","contentUrl":"https:\/\/www.anovapeneira.gal\/wp-content\/uploads\/2023\/07\/iranis_gondomar.jpg","width":720,"height":432,"caption":"Tres irm\u00e1ns iranianos visitan Gondomar"},{"@type":"BreadcrumbList","@id":"https:\/\/www.anovapeneira.gal\/index.php\/2023\/07\/13\/tres-irmans-iranianos-visitan-gondomar\/#breadcrumb","itemListElement":[{"@type":"ListItem","position":1,"name":"Portada","item":"https:\/\/www.anovapeneira.gal\/"},{"@type":"ListItem","position":2,"name":"Tres irm\u00e1ns iranianos visitan Gondomar"}]},{"@type":"WebSite","@id":"https:\/\/www.anovapeneira.gal\/#website","url":"https:\/\/www.anovapeneira.gal\/","name":"","description":"Xornal galego de informaci\u00f3n xeral Publicaci\u00f3n mensual de novas de Galicia e en especial dos Concellos da sur da provincia de Pontevedra.","publisher":{"@id":"https:\/\/www.anovapeneira.gal\/#organization"},"potentialAction":[{"@type":"SearchAction","target":{"@type":"EntryPoint","urlTemplate":"https:\/\/www.anovapeneira.gal\/?s={search_term_string}"},"query-input":{"@type":"PropertyValueSpecification","valueRequired":true,"valueName":"search_term_string"}}],"inLanguage":"gl-ES"},{"@type":"Organization","@id":"https:\/\/www.anovapeneira.gal\/#organization","name":"A Nova Peneira","url":"https:\/\/www.anovapeneira.gal\/","logo":{"@type":"ImageObject","inLanguage":"gl-ES","@id":"https:\/\/www.anovapeneira.gal\/#\/schema\/logo\/image\/","url":"http:\/\/www.anovapeneira.gal\/wp-content\/uploads\/2019\/06\/logo_a_nova_peneira_portal_web.png","contentUrl":"http:\/\/www.anovapeneira.gal\/wp-content\/uploads\/2019\/06\/logo_a_nova_peneira_portal_web.png","width":300,"height":100,"caption":"A Nova Peneira"},"image":{"@id":"https:\/\/www.anovapeneira.gal\/#\/schema\/logo\/image\/"},"sameAs":["https:\/\/www.facebook.com\/anovapeneira","https:\/\/x.com\/APeneira"]},{"@type":"Person","@id":"https:\/\/www.anovapeneira.gal\/#\/schema\/person\/b93e3f8932e3f8da96334607eb6ac6aa","name":"Redacci\u00f3n A Nova Peneira","image":{"@type":"ImageObject","inLanguage":"gl-ES","@id":"https:\/\/secure.gravatar.com\/avatar\/c052a2551a06e23fac63626232eaa90abd78dbcf1700fc46a2b2c89fd27b735f?s=96&d=mm&r=g","url":"https:\/\/secure.gravatar.com\/avatar\/c052a2551a06e23fac63626232eaa90abd78dbcf1700fc46a2b2c89fd27b735f?s=96&d=mm&r=g","contentUrl":"https:\/\/secure.gravatar.com\/avatar\/c052a2551a06e23fac63626232eaa90abd78dbcf1700fc46a2b2c89fd27b735f?s=96&d=mm&r=g","caption":"Redacci\u00f3n A Nova Peneira"},"sameAs":["http:\/\/www.anovapeneira.gal\/"],"url":"https:\/\/www.anovapeneira.gal\/index.php\/author\/redactor\/"}]}},"jetpack_featured_media_url":"https:\/\/www.anovapeneira.gal\/wp-content\/uploads\/2023\/07\/iranis_gondomar.jpg","_links":{"self":[{"href":"https:\/\/www.anovapeneira.gal\/index.php\/wp-json\/wp\/v2\/posts\/10116","targetHints":{"allow":["GET"]}}],"collection":[{"href":"https:\/\/www.anovapeneira.gal\/index.php\/wp-json\/wp\/v2\/posts"}],"about":[{"href":"https:\/\/www.anovapeneira.gal\/index.php\/wp-json\/wp\/v2\/types\/post"}],"author":[{"embeddable":true,"href":"https:\/\/www.anovapeneira.gal\/index.php\/wp-json\/wp\/v2\/users\/3"}],"replies":[{"embeddable":true,"href":"https:\/\/www.anovapeneira.gal\/index.php\/wp-json\/wp\/v2\/comments?post=10116"}],"version-history":[{"count":1,"href":"https:\/\/www.anovapeneira.gal\/index.php\/wp-json\/wp\/v2\/posts\/10116\/revisions"}],"predecessor-version":[{"id":10118,"href":"https:\/\/www.anovapeneira.gal\/index.php\/wp-json\/wp\/v2\/posts\/10116\/revisions\/10118"}],"wp:featuredmedia":[{"embeddable":true,"href":"https:\/\/www.anovapeneira.gal\/index.php\/wp-json\/wp\/v2\/media\/10117"}],"wp:attachment":[{"href":"https:\/\/www.anovapeneira.gal\/index.php\/wp-json\/wp\/v2\/media?parent=10116"}],"wp:term":[{"taxonomy":"category","embeddable":true,"href":"https:\/\/www.anovapeneira.gal\/index.php\/wp-json\/wp\/v2\/categories?post=10116"},{"taxonomy":"post_tag","embeddable":true,"href":"https:\/\/www.anovapeneira.gal\/index.php\/wp-json\/wp\/v2\/tags?post=10116"}],"curies":[{"name":"wp","href":"https:\/\/api.w.org\/{rel}","templated":true}]}}