{"id":10124,"date":"2023-07-17T10:00:55","date_gmt":"2023-07-17T08:00:55","guid":{"rendered":"https:\/\/www.anovapeneira.gal\/?p=10124"},"modified":"2023-07-11T13:02:20","modified_gmt":"2023-07-11T11:02:20","slug":"ricardo-castro-secretario-xeral-da-cut-2","status":"publish","type":"post","link":"https:\/\/www.anovapeneira.gal\/index.php\/2023\/07\/17\/ricardo-castro-secretario-xeral-da-cut-2\/","title":{"rendered":"Ricardo Castro Secretario Xeral da CUT"},"content":{"rendered":"\n<p><strong>Un ano m\u00e1is, como \u00e9 tradici\u00f3n nesta casa, acheg\u00e1monos ao local vigu\u00e9s da CUT para conversar co seu Secretario Xeral e co\u00f1ecer a s\u00faa valoraci\u00f3n sobre a situaci\u00f3n pol\u00edtica e social actual. Vela\u00ed vai o que deu de si a nosa conversa.<\/strong><\/p>\n\n\n\n<p>\u201c <strong>O noso pa\u00eds segue a ser tratado como unha colonia\u201d<\/strong><\/p>\n\n\n\n<p><strong>A piques dun novo proceso electoral no estado , cal \u00e9 a valoraci\u00f3n do SX da CUT sobre a situaci\u00f3n pol\u00edtica e social de Galicia e do estado espa\u00f1ol?<\/strong><\/p>\n\n\n\n<blockquote class=\"wp-block-quote is-layout-flow wp-block-quote-is-layout-flow\">\n<p>A situaci\u00f3n \u00e9 complexa. Eu v\u00e9xoa con incerteza e con pesimismo ao mesmo tempo. O noso pa\u00eds segue a ser tratado como unha colonia en todos os sentidos. Vemos como o actual presidente da Xunta, a modo de virei, o \u00fanico que fai \u00e9 p\u00f3r a Xunta ao servizo dos intereses de Feijoo. Un exemplo \u00e9 a suposta lei aprobada no parlamento galego para que a Xunta regule o noso litoral, que en realidade non vai servir para nada.<\/p>\n<\/blockquote>\n\n\n\n<p><strong>Por que pensas que non vai valer para nada?<\/strong><\/p>\n\n\n\n<blockquote class=\"wp-block-quote is-layout-flow wp-block-quote-is-layout-flow\">\n<p>Porque ser\u00eda necesaria unha reforma do estatuto de autonom\u00eda para que fose efectiva. De que serve aprobar unha lei se non temos transferidos os recursos e medios necesarios para podela executar\u00a1\u00a1. En canto ao estado, a lectura que fago \u00e9 que o suposto goberno m\u00e1is progresista da historia foi un desastre.<\/p>\n<\/blockquote>\n\n\n\n<p><strong>As\u00ed, literalmente, un desastre?<\/strong><\/p>\n\n\n\n<blockquote class=\"wp-block-quote is-layout-flow wp-block-quote-is-layout-flow\">\n<p>Si. A parte do goberno que presuntamente est\u00e1 \u00e1 esquerda do PSOE utilizou a ilusi\u00f3n xerada a ra\u00edz do 15 M para chegar ao goberno, e coa s\u00faa pol\u00edtica esfarelou as arelas de cambios reais que a impulsaron. Te\u00f1o a sensaci\u00f3n de que vivimos un fen\u00f3meno an\u00e1logo ao que xa fixo o PC na transici\u00f3n.<\/p>\n<\/blockquote>\n\n\n\n<p><strong>Que fixo?<\/strong><\/p>\n\n\n\n<blockquote class=\"wp-block-quote is-layout-flow wp-block-quote-is-layout-flow\">\n<p>Esnaquizar a ilusi\u00f3n da esquerda. O carrillismo fagocitou \u00e1s partes da esquerda estatal que desexaban outro tipo de estado. Neste momento ese papel , que no seu d\u00eda xogou Carrillo, estao a xogar Yolanda D\u00edaz. As mensaxes para chegar ao poder eran que \u00edan derogar a reforma laboral e a lei mordaza, e a realidade foi que todo quedou nunha maquillaxe.<\/p>\n<\/blockquote>\n\n\n\n<p><strong>O presidente do PP seica agora ten unha opini\u00f3n positiva da reforma laboral. \u00c9 moi estra\u00f1o porque se aprobou cun voto, presuntamente errado, dun dos seus deputados. Cal \u00e9 a t\u00faa valoraci\u00f3n desa reforma?<\/strong><\/p>\n\n\n\n<blockquote class=\"wp-block-quote is-layout-flow wp-block-quote-is-layout-flow\">\n<p>\u00c9 normal que esta reforma sexa do agrado de Feijoo porque basicamente ven ser a mesma de F\u00e1tima B\u00e1\u00f1ez, a ministra de traballo de Rajoy, con algunhas modificaci\u00f3ns est\u00e9ticas e ou sem\u00e1nticas. Se o PP chega a gobernar esta reforma no substancial non vai ser tocada porque a eles v\u00e1lelles perfectamente.<\/p>\n<\/blockquote>\n\n\n\n<p><strong>A reforma laboral non mellorou a calidade do emprego?<\/strong><\/p>\n\n\n\n<blockquote class=\"wp-block-quote is-layout-flow wp-block-quote-is-layout-flow\">\n<p>A \u00fanica diferencia en positivo no que ao emprego se refire foi a suba do salario m\u00ednimo, que \u00e9 algo alleo \u00e1 reforma laboral.<\/p>\n<\/blockquote>\n\n\n\n<p><strong>O aumento de contratos indefinidos \u00e9 real, ou \u00e9 unha maquillaxe?<\/strong><\/p>\n\n\n\n<blockquote class=\"wp-block-quote is-layout-flow wp-block-quote-is-layout-flow\">\n<p>\u00c9 unha maquillaxe. Al\u00ed ag\u00f3chase todos nos fixos descontinuos. Estes contratos son agora indefinidos. Pero p\u00f3dese considerar emprego indefinido o de unha persoa cuxo traballo real e efectivo sexa un mes ou dous ao ano?..Para min desde logo que non.<\/p>\n<\/blockquote>\n\n\n\n<p><strong>Cal \u00e9 a t\u00faa opini\u00f3n de Sumar?<\/strong><\/p>\n\n\n\n<blockquote class=\"wp-block-quote is-layout-flow wp-block-quote-is-layout-flow\">\n<p>\u00c9 unha copia do sistema dos USA. Un proxecto personalista, baseado no hiperliderado que carece de proxecto ideol\u00f3xico e de visi\u00f3n de pa\u00eds.<\/p>\n<\/blockquote>\n\n\n\n<p><strong>Como est\u00e1 a situaci\u00f3n da central sindical?<\/strong><\/p>\n\n\n\n<blockquote class=\"wp-block-quote is-layout-flow wp-block-quote-is-layout-flow\">\n<p>Estamos nunha etapa de crecemento da afiliaci\u00f3n. Pero iso non quere dicir que vaia parello a un aumento da concienciaci\u00f3n ideol\u00f3xica. Penso que padecemos o mesmo problema de todas as organizaci\u00f3ns sindicais: a afiliaci\u00f3n de hoxe ten menos conciencia pol\u00edtica e ideol\u00f3xica c\u00e1 da xeraci\u00f3n anterior. \u00c9 unha afiliaci\u00f3n m\u00e1is de resoluci\u00f3n de problemas concretos que lle poidan afectar. A nosa labor e atendelos a todos , desde logo, e tratar de que alg\u00fan, polo menos alg\u00fan, tome conciencia e se acabe por converter nun cadro sindical. Pero se queremos mudar a realidade non queda outra que facelo as\u00ed. \u00c9 un traballo de formigas, pero imprescindible.<\/p>\n<\/blockquote>\n\n\n\n<p><strong>Cal \u00e9 a t\u00faa valoraci\u00f3n sobre o conflito do metal que, no momento de facermos esta entrevista, vive a comarca de Vigo?<\/strong><\/p>\n\n\n\n<blockquote class=\"wp-block-quote is-layout-flow wp-block-quote-is-layout-flow\">\n<p>Este non \u00e9 un conflito illado por unha circunstancia concreta do ano 2023. Este un conflito que ten ra\u00edces hist\u00f3ricas. Todo isto nace nos anos 80 do s\u00e9culo pasado e resulta dun plan perfectamente estruturado para desartellar o noso sector naval. Aquela reconversi\u00f3n non se deu ao 100% grazas \u00e1 combatividade do movemento obreiro. Pero ese proceso finou no ano 2009.Aquela folga afoci\u00f1ou ao movemento obreiro, e \u00e9 moi grave porque era o sector m\u00e1is combativo da clase obreira. C\u00f3mpre recordar que naquel momento chega \u00e1 alcald\u00eda Abel Caballero.<\/p>\n<\/blockquote>\n\n\n\n<p><strong>E o alcalde ten algunha incidencia nisto que estamos a falar?<\/strong><\/p>\n\n\n\n<blockquote class=\"wp-block-quote is-layout-flow wp-block-quote-is-layout-flow\">\n<p>Si, claro que si. Ese se\u00f1or est\u00e1 baleirando de contido ideol\u00f3xico \u00e1 nosa cidade. A nosa cidade , obreira e proletaria, est\u00e1 sendo transformada conscientemente en algo parecido a Benidorm. En definitiva as reivindicaci\u00f3ns dos traballadores e traballadoras do metal son xustas, claro que si, pero falta contextualizalas adecuadamente no proceso hist\u00f3rico que provoca esta situaci\u00f3n.<\/p>\n<\/blockquote>\n\n\n\n<p><strong>A verdade \u00e9 que, para calquera que te\u00f1a ollos para ver e non estea condicionado por ning\u00fan tipo de apriorismo, a situaci\u00f3n do outrora poderoso sector industrial vigu\u00e9s \u00e9 terriblemente preocupante. Fainos unha valoraci\u00f3n sint\u00e9tica tanto do estado do naval como o da autom\u00f3bil?.<\/strong><\/p>\n\n\n\n<blockquote class=\"wp-block-quote is-layout-flow wp-block-quote-is-layout-flow\">\n<p>Vivimos nun sistema capitalista que carece tanto de patria como de escr\u00fapulos. O naval est\u00e1 como est\u00e1, e o autom\u00f3bil non \u00e9 descartable que poida chegar a estar igual. S\u00f3 a conciencia de clase e a vontade de pelexar pola dignidade do sector, que poidan ter os traballadores, pode evitar a morte definitiva. Se a un traballador de Vulcano de hai 50 anos dinlle que o estaleiro acabar\u00eda por pechar non o crer\u00eda nin de lonxe, pois ningunha empresa, por importante que sexa, est\u00e1 libre de que lle poida pasar.<\/p>\n<\/blockquote>\n\n\n\n<p><strong>Seguimos na Cami\u00f1o Ricardo?<\/strong><\/p>\n\n\n\n<blockquote class=\"wp-block-quote is-layout-flow wp-block-quote-is-layout-flow\">\n<p>Por suposto. Para os que temos conciencia de clase e sensibilidade pol\u00edtica a loita contin\u00faa, e est\u00e1 por riba de calquera sigla.<\/p>\n<\/blockquote>\n","protected":false},"excerpt":{"rendered":"<div class=\"mh-excerpt\"><p>Un ano m\u00e1is, como \u00e9 tradici\u00f3n nesta casa, acheg\u00e1monos ao local vigu\u00e9s da CUT para conversar co seu Secretario Xeral e co\u00f1ecer a s\u00faa valoraci\u00f3n sobre a situaci\u00f3n pol\u00edtica e social actual. Vela\u00ed vai o que deu de si a nosa conversa <a class=\"mh-excerpt-more\" href=\"https:\/\/www.anovapeneira.gal\/index.php\/2023\/07\/17\/ricardo-castro-secretario-xeral-da-cut-2\/\" title=\"Ricardo Castro Secretario Xeral da CUT\">[&#8230;]<\/a><\/p>\n<\/div>","protected":false},"author":3,"featured_media":10125,"comment_status":"open","ping_status":"open","sticky":false,"template":"","format":"standard","meta":{"_exactmetrics_skip_tracking":false,"_exactmetrics_sitenote_active":false,"_exactmetrics_sitenote_note":"","_exactmetrics_sitenote_category":0,"footnotes":""},"categories":[272],"tags":[227],"class_list":{"0":"post-10124","1":"post","2":"type-post","3":"status-publish","4":"format-standard","5":"has-post-thumbnail","7":"category-vigo-entrevistas","8":"tag-concello-de-vigo"},"yoast_head":"<!-- This site is optimized with the Yoast SEO plugin v27.4 - https:\/\/yoast.com\/product\/yoast-seo-wordpress\/ -->\n<title>Ricardo Castro Secretario Xeral da CUT -<\/title>\n<meta name=\"robots\" content=\"index, follow, max-snippet:-1, max-image-preview:large, max-video-preview:-1\" \/>\n<link rel=\"canonical\" href=\"https:\/\/www.anovapeneira.gal\/index.php\/2023\/07\/17\/ricardo-castro-secretario-xeral-da-cut-2\/\" \/>\n<meta property=\"og:locale\" content=\"gl_ES\" \/>\n<meta property=\"og:type\" content=\"article\" \/>\n<meta property=\"og:title\" content=\"Ricardo Castro Secretario Xeral da CUT -\" \/>\n<meta property=\"og:description\" content=\"Un ano m\u00e1is, como \u00e9 tradici\u00f3n nesta casa, acheg\u00e1monos ao local vigu\u00e9s da CUT para conversar co seu Secretario Xeral e co\u00f1ecer a s\u00faa valoraci\u00f3n sobre a situaci\u00f3n pol\u00edtica e social actual. Vela\u00ed vai o que deu de si a nosa conversa [...]\" \/>\n<meta property=\"og:url\" content=\"https:\/\/www.anovapeneira.gal\/index.php\/2023\/07\/17\/ricardo-castro-secretario-xeral-da-cut-2\/\" \/>\n<meta property=\"article:publisher\" content=\"https:\/\/www.facebook.com\/anovapeneira\" \/>\n<meta property=\"article:published_time\" content=\"2023-07-17T08:00:55+00:00\" \/>\n<meta property=\"og:image\" content=\"https:\/\/www.anovapeneira.gal\/wp-content\/uploads\/2023\/07\/ricardo_Cut.jpg\" \/>\n\t<meta property=\"og:image:width\" content=\"720\" \/>\n\t<meta property=\"og:image:height\" content=\"432\" \/>\n\t<meta property=\"og:image:type\" content=\"image\/jpeg\" \/>\n<meta name=\"author\" content=\"Redacci\u00f3n A Nova Peneira\" \/>\n<meta name=\"twitter:card\" content=\"summary_large_image\" \/>\n<meta name=\"twitter:creator\" content=\"@APeneira\" \/>\n<meta name=\"twitter:site\" content=\"@APeneira\" \/>\n<meta name=\"twitter:label1\" content=\"Escrito por\" \/>\n\t<meta name=\"twitter:data1\" content=\"Redacci\u00f3n A Nova Peneira\" \/>\n\t<meta name=\"twitter:label2\" content=\"Tempo de lectura\" \/>\n\t<meta name=\"twitter:data2\" content=\"2 minutos\" \/>\n<script type=\"application\/ld+json\" class=\"yoast-schema-graph\">{\"@context\":\"https:\\\/\\\/schema.org\",\"@graph\":[{\"@type\":\"Article\",\"@id\":\"https:\\\/\\\/www.anovapeneira.gal\\\/index.php\\\/2023\\\/07\\\/17\\\/ricardo-castro-secretario-xeral-da-cut-2\\\/#article\",\"isPartOf\":{\"@id\":\"https:\\\/\\\/www.anovapeneira.gal\\\/index.php\\\/2023\\\/07\\\/17\\\/ricardo-castro-secretario-xeral-da-cut-2\\\/\"},\"author\":{\"name\":\"Redacci\u00f3n A Nova Peneira\",\"@id\":\"https:\\\/\\\/www.anovapeneira.gal\\\/#\\\/schema\\\/person\\\/b93e3f8932e3f8da96334607eb6ac6aa\"},\"headline\":\"Ricardo Castro Secretario Xeral da CUT\",\"datePublished\":\"2023-07-17T08:00:55+00:00\",\"mainEntityOfPage\":{\"@id\":\"https:\\\/\\\/www.anovapeneira.gal\\\/index.php\\\/2023\\\/07\\\/17\\\/ricardo-castro-secretario-xeral-da-cut-2\\\/\"},\"wordCount\":1056,\"commentCount\":0,\"publisher\":{\"@id\":\"https:\\\/\\\/www.anovapeneira.gal\\\/#organization\"},\"image\":{\"@id\":\"https:\\\/\\\/www.anovapeneira.gal\\\/index.php\\\/2023\\\/07\\\/17\\\/ricardo-castro-secretario-xeral-da-cut-2\\\/#primaryimage\"},\"thumbnailUrl\":\"https:\\\/\\\/www.anovapeneira.gal\\\/wp-content\\\/uploads\\\/2023\\\/07\\\/ricardo_Cut.jpg\",\"keywords\":[\"Concello de Vigo\"],\"articleSection\":[\"Vigo\"],\"inLanguage\":\"gl-ES\",\"potentialAction\":[{\"@type\":\"CommentAction\",\"name\":\"Comment\",\"target\":[\"https:\\\/\\\/www.anovapeneira.gal\\\/index.php\\\/2023\\\/07\\\/17\\\/ricardo-castro-secretario-xeral-da-cut-2\\\/#respond\"]}]},{\"@type\":\"WebPage\",\"@id\":\"https:\\\/\\\/www.anovapeneira.gal\\\/index.php\\\/2023\\\/07\\\/17\\\/ricardo-castro-secretario-xeral-da-cut-2\\\/\",\"url\":\"https:\\\/\\\/www.anovapeneira.gal\\\/index.php\\\/2023\\\/07\\\/17\\\/ricardo-castro-secretario-xeral-da-cut-2\\\/\",\"name\":\"Ricardo Castro Secretario Xeral da CUT -\",\"isPartOf\":{\"@id\":\"https:\\\/\\\/www.anovapeneira.gal\\\/#website\"},\"primaryImageOfPage\":{\"@id\":\"https:\\\/\\\/www.anovapeneira.gal\\\/index.php\\\/2023\\\/07\\\/17\\\/ricardo-castro-secretario-xeral-da-cut-2\\\/#primaryimage\"},\"image\":{\"@id\":\"https:\\\/\\\/www.anovapeneira.gal\\\/index.php\\\/2023\\\/07\\\/17\\\/ricardo-castro-secretario-xeral-da-cut-2\\\/#primaryimage\"},\"thumbnailUrl\":\"https:\\\/\\\/www.anovapeneira.gal\\\/wp-content\\\/uploads\\\/2023\\\/07\\\/ricardo_Cut.jpg\",\"datePublished\":\"2023-07-17T08:00:55+00:00\",\"breadcrumb\":{\"@id\":\"https:\\\/\\\/www.anovapeneira.gal\\\/index.php\\\/2023\\\/07\\\/17\\\/ricardo-castro-secretario-xeral-da-cut-2\\\/#breadcrumb\"},\"inLanguage\":\"gl-ES\",\"potentialAction\":[{\"@type\":\"ReadAction\",\"target\":[\"https:\\\/\\\/www.anovapeneira.gal\\\/index.php\\\/2023\\\/07\\\/17\\\/ricardo-castro-secretario-xeral-da-cut-2\\\/\"]}]},{\"@type\":\"ImageObject\",\"inLanguage\":\"gl-ES\",\"@id\":\"https:\\\/\\\/www.anovapeneira.gal\\\/index.php\\\/2023\\\/07\\\/17\\\/ricardo-castro-secretario-xeral-da-cut-2\\\/#primaryimage\",\"url\":\"https:\\\/\\\/www.anovapeneira.gal\\\/wp-content\\\/uploads\\\/2023\\\/07\\\/ricardo_Cut.jpg\",\"contentUrl\":\"https:\\\/\\\/www.anovapeneira.gal\\\/wp-content\\\/uploads\\\/2023\\\/07\\\/ricardo_Cut.jpg\",\"width\":720,\"height\":432,\"caption\":\"Ricardo CUT\"},{\"@type\":\"BreadcrumbList\",\"@id\":\"https:\\\/\\\/www.anovapeneira.gal\\\/index.php\\\/2023\\\/07\\\/17\\\/ricardo-castro-secretario-xeral-da-cut-2\\\/#breadcrumb\",\"itemListElement\":[{\"@type\":\"ListItem\",\"position\":1,\"name\":\"Portada\",\"item\":\"https:\\\/\\\/www.anovapeneira.gal\\\/\"},{\"@type\":\"ListItem\",\"position\":2,\"name\":\"Ricardo Castro Secretario Xeral da CUT\"}]},{\"@type\":\"WebSite\",\"@id\":\"https:\\\/\\\/www.anovapeneira.gal\\\/#website\",\"url\":\"https:\\\/\\\/www.anovapeneira.gal\\\/\",\"name\":\"\",\"description\":\"Xornal galego de informaci\u00f3n xeral Publicaci\u00f3n mensual de novas de Galicia e en especial dos Concellos da sur da provincia de Pontevedra.\",\"publisher\":{\"@id\":\"https:\\\/\\\/www.anovapeneira.gal\\\/#organization\"},\"potentialAction\":[{\"@type\":\"SearchAction\",\"target\":{\"@type\":\"EntryPoint\",\"urlTemplate\":\"https:\\\/\\\/www.anovapeneira.gal\\\/?s={search_term_string}\"},\"query-input\":{\"@type\":\"PropertyValueSpecification\",\"valueRequired\":true,\"valueName\":\"search_term_string\"}}],\"inLanguage\":\"gl-ES\"},{\"@type\":\"Organization\",\"@id\":\"https:\\\/\\\/www.anovapeneira.gal\\\/#organization\",\"name\":\"A Nova Peneira\",\"url\":\"https:\\\/\\\/www.anovapeneira.gal\\\/\",\"logo\":{\"@type\":\"ImageObject\",\"inLanguage\":\"gl-ES\",\"@id\":\"https:\\\/\\\/www.anovapeneira.gal\\\/#\\\/schema\\\/logo\\\/image\\\/\",\"url\":\"http:\\\/\\\/www.anovapeneira.gal\\\/wp-content\\\/uploads\\\/2019\\\/06\\\/logo_a_nova_peneira_portal_web.png\",\"contentUrl\":\"http:\\\/\\\/www.anovapeneira.gal\\\/wp-content\\\/uploads\\\/2019\\\/06\\\/logo_a_nova_peneira_portal_web.png\",\"width\":300,\"height\":100,\"caption\":\"A Nova Peneira\"},\"image\":{\"@id\":\"https:\\\/\\\/www.anovapeneira.gal\\\/#\\\/schema\\\/logo\\\/image\\\/\"},\"sameAs\":[\"https:\\\/\\\/www.facebook.com\\\/anovapeneira\",\"https:\\\/\\\/x.com\\\/APeneira\"]},{\"@type\":\"Person\",\"@id\":\"https:\\\/\\\/www.anovapeneira.gal\\\/#\\\/schema\\\/person\\\/b93e3f8932e3f8da96334607eb6ac6aa\",\"name\":\"Redacci\u00f3n A Nova Peneira\",\"image\":{\"@type\":\"ImageObject\",\"inLanguage\":\"gl-ES\",\"@id\":\"https:\\\/\\\/secure.gravatar.com\\\/avatar\\\/c052a2551a06e23fac63626232eaa90abd78dbcf1700fc46a2b2c89fd27b735f?s=96&d=mm&r=g\",\"url\":\"https:\\\/\\\/secure.gravatar.com\\\/avatar\\\/c052a2551a06e23fac63626232eaa90abd78dbcf1700fc46a2b2c89fd27b735f?s=96&d=mm&r=g\",\"contentUrl\":\"https:\\\/\\\/secure.gravatar.com\\\/avatar\\\/c052a2551a06e23fac63626232eaa90abd78dbcf1700fc46a2b2c89fd27b735f?s=96&d=mm&r=g\",\"caption\":\"Redacci\u00f3n A Nova Peneira\"},\"sameAs\":[\"http:\\\/\\\/www.anovapeneira.gal\\\/\"],\"url\":\"https:\\\/\\\/www.anovapeneira.gal\\\/index.php\\\/author\\\/redactor\\\/\"}]}<\/script>\n<!-- \/ Yoast SEO plugin. -->","yoast_head_json":{"title":"Ricardo Castro Secretario Xeral da CUT -","robots":{"index":"index","follow":"follow","max-snippet":"max-snippet:-1","max-image-preview":"max-image-preview:large","max-video-preview":"max-video-preview:-1"},"canonical":"https:\/\/www.anovapeneira.gal\/index.php\/2023\/07\/17\/ricardo-castro-secretario-xeral-da-cut-2\/","og_locale":"gl_ES","og_type":"article","og_title":"Ricardo Castro Secretario Xeral da CUT -","og_description":"Un ano m\u00e1is, como \u00e9 tradici\u00f3n nesta casa, acheg\u00e1monos ao local vigu\u00e9s da CUT para conversar co seu Secretario Xeral e co\u00f1ecer a s\u00faa valoraci\u00f3n sobre a situaci\u00f3n pol\u00edtica e social actual. Vela\u00ed vai o que deu de si a nosa conversa [...]","og_url":"https:\/\/www.anovapeneira.gal\/index.php\/2023\/07\/17\/ricardo-castro-secretario-xeral-da-cut-2\/","article_publisher":"https:\/\/www.facebook.com\/anovapeneira","article_published_time":"2023-07-17T08:00:55+00:00","og_image":[{"width":720,"height":432,"url":"https:\/\/www.anovapeneira.gal\/wp-content\/uploads\/2023\/07\/ricardo_Cut.jpg","type":"image\/jpeg"}],"author":"Redacci\u00f3n A Nova Peneira","twitter_card":"summary_large_image","twitter_creator":"@APeneira","twitter_site":"@APeneira","twitter_misc":{"Escrito por":"Redacci\u00f3n A Nova Peneira","Tempo de lectura":"2 minutos"},"schema":{"@context":"https:\/\/schema.org","@graph":[{"@type":"Article","@id":"https:\/\/www.anovapeneira.gal\/index.php\/2023\/07\/17\/ricardo-castro-secretario-xeral-da-cut-2\/#article","isPartOf":{"@id":"https:\/\/www.anovapeneira.gal\/index.php\/2023\/07\/17\/ricardo-castro-secretario-xeral-da-cut-2\/"},"author":{"name":"Redacci\u00f3n A Nova Peneira","@id":"https:\/\/www.anovapeneira.gal\/#\/schema\/person\/b93e3f8932e3f8da96334607eb6ac6aa"},"headline":"Ricardo Castro Secretario Xeral da CUT","datePublished":"2023-07-17T08:00:55+00:00","mainEntityOfPage":{"@id":"https:\/\/www.anovapeneira.gal\/index.php\/2023\/07\/17\/ricardo-castro-secretario-xeral-da-cut-2\/"},"wordCount":1056,"commentCount":0,"publisher":{"@id":"https:\/\/www.anovapeneira.gal\/#organization"},"image":{"@id":"https:\/\/www.anovapeneira.gal\/index.php\/2023\/07\/17\/ricardo-castro-secretario-xeral-da-cut-2\/#primaryimage"},"thumbnailUrl":"https:\/\/www.anovapeneira.gal\/wp-content\/uploads\/2023\/07\/ricardo_Cut.jpg","keywords":["Concello de Vigo"],"articleSection":["Vigo"],"inLanguage":"gl-ES","potentialAction":[{"@type":"CommentAction","name":"Comment","target":["https:\/\/www.anovapeneira.gal\/index.php\/2023\/07\/17\/ricardo-castro-secretario-xeral-da-cut-2\/#respond"]}]},{"@type":"WebPage","@id":"https:\/\/www.anovapeneira.gal\/index.php\/2023\/07\/17\/ricardo-castro-secretario-xeral-da-cut-2\/","url":"https:\/\/www.anovapeneira.gal\/index.php\/2023\/07\/17\/ricardo-castro-secretario-xeral-da-cut-2\/","name":"Ricardo Castro Secretario Xeral da CUT -","isPartOf":{"@id":"https:\/\/www.anovapeneira.gal\/#website"},"primaryImageOfPage":{"@id":"https:\/\/www.anovapeneira.gal\/index.php\/2023\/07\/17\/ricardo-castro-secretario-xeral-da-cut-2\/#primaryimage"},"image":{"@id":"https:\/\/www.anovapeneira.gal\/index.php\/2023\/07\/17\/ricardo-castro-secretario-xeral-da-cut-2\/#primaryimage"},"thumbnailUrl":"https:\/\/www.anovapeneira.gal\/wp-content\/uploads\/2023\/07\/ricardo_Cut.jpg","datePublished":"2023-07-17T08:00:55+00:00","breadcrumb":{"@id":"https:\/\/www.anovapeneira.gal\/index.php\/2023\/07\/17\/ricardo-castro-secretario-xeral-da-cut-2\/#breadcrumb"},"inLanguage":"gl-ES","potentialAction":[{"@type":"ReadAction","target":["https:\/\/www.anovapeneira.gal\/index.php\/2023\/07\/17\/ricardo-castro-secretario-xeral-da-cut-2\/"]}]},{"@type":"ImageObject","inLanguage":"gl-ES","@id":"https:\/\/www.anovapeneira.gal\/index.php\/2023\/07\/17\/ricardo-castro-secretario-xeral-da-cut-2\/#primaryimage","url":"https:\/\/www.anovapeneira.gal\/wp-content\/uploads\/2023\/07\/ricardo_Cut.jpg","contentUrl":"https:\/\/www.anovapeneira.gal\/wp-content\/uploads\/2023\/07\/ricardo_Cut.jpg","width":720,"height":432,"caption":"Ricardo CUT"},{"@type":"BreadcrumbList","@id":"https:\/\/www.anovapeneira.gal\/index.php\/2023\/07\/17\/ricardo-castro-secretario-xeral-da-cut-2\/#breadcrumb","itemListElement":[{"@type":"ListItem","position":1,"name":"Portada","item":"https:\/\/www.anovapeneira.gal\/"},{"@type":"ListItem","position":2,"name":"Ricardo Castro Secretario Xeral da CUT"}]},{"@type":"WebSite","@id":"https:\/\/www.anovapeneira.gal\/#website","url":"https:\/\/www.anovapeneira.gal\/","name":"","description":"Xornal galego de informaci\u00f3n xeral Publicaci\u00f3n mensual de novas de Galicia e en especial dos Concellos da sur da provincia de Pontevedra.","publisher":{"@id":"https:\/\/www.anovapeneira.gal\/#organization"},"potentialAction":[{"@type":"SearchAction","target":{"@type":"EntryPoint","urlTemplate":"https:\/\/www.anovapeneira.gal\/?s={search_term_string}"},"query-input":{"@type":"PropertyValueSpecification","valueRequired":true,"valueName":"search_term_string"}}],"inLanguage":"gl-ES"},{"@type":"Organization","@id":"https:\/\/www.anovapeneira.gal\/#organization","name":"A Nova Peneira","url":"https:\/\/www.anovapeneira.gal\/","logo":{"@type":"ImageObject","inLanguage":"gl-ES","@id":"https:\/\/www.anovapeneira.gal\/#\/schema\/logo\/image\/","url":"http:\/\/www.anovapeneira.gal\/wp-content\/uploads\/2019\/06\/logo_a_nova_peneira_portal_web.png","contentUrl":"http:\/\/www.anovapeneira.gal\/wp-content\/uploads\/2019\/06\/logo_a_nova_peneira_portal_web.png","width":300,"height":100,"caption":"A Nova Peneira"},"image":{"@id":"https:\/\/www.anovapeneira.gal\/#\/schema\/logo\/image\/"},"sameAs":["https:\/\/www.facebook.com\/anovapeneira","https:\/\/x.com\/APeneira"]},{"@type":"Person","@id":"https:\/\/www.anovapeneira.gal\/#\/schema\/person\/b93e3f8932e3f8da96334607eb6ac6aa","name":"Redacci\u00f3n A Nova Peneira","image":{"@type":"ImageObject","inLanguage":"gl-ES","@id":"https:\/\/secure.gravatar.com\/avatar\/c052a2551a06e23fac63626232eaa90abd78dbcf1700fc46a2b2c89fd27b735f?s=96&d=mm&r=g","url":"https:\/\/secure.gravatar.com\/avatar\/c052a2551a06e23fac63626232eaa90abd78dbcf1700fc46a2b2c89fd27b735f?s=96&d=mm&r=g","contentUrl":"https:\/\/secure.gravatar.com\/avatar\/c052a2551a06e23fac63626232eaa90abd78dbcf1700fc46a2b2c89fd27b735f?s=96&d=mm&r=g","caption":"Redacci\u00f3n A Nova Peneira"},"sameAs":["http:\/\/www.anovapeneira.gal\/"],"url":"https:\/\/www.anovapeneira.gal\/index.php\/author\/redactor\/"}]}},"jetpack_featured_media_url":"https:\/\/www.anovapeneira.gal\/wp-content\/uploads\/2023\/07\/ricardo_Cut.jpg","_links":{"self":[{"href":"https:\/\/www.anovapeneira.gal\/index.php\/wp-json\/wp\/v2\/posts\/10124","targetHints":{"allow":["GET"]}}],"collection":[{"href":"https:\/\/www.anovapeneira.gal\/index.php\/wp-json\/wp\/v2\/posts"}],"about":[{"href":"https:\/\/www.anovapeneira.gal\/index.php\/wp-json\/wp\/v2\/types\/post"}],"author":[{"embeddable":true,"href":"https:\/\/www.anovapeneira.gal\/index.php\/wp-json\/wp\/v2\/users\/3"}],"replies":[{"embeddable":true,"href":"https:\/\/www.anovapeneira.gal\/index.php\/wp-json\/wp\/v2\/comments?post=10124"}],"version-history":[{"count":1,"href":"https:\/\/www.anovapeneira.gal\/index.php\/wp-json\/wp\/v2\/posts\/10124\/revisions"}],"predecessor-version":[{"id":10126,"href":"https:\/\/www.anovapeneira.gal\/index.php\/wp-json\/wp\/v2\/posts\/10124\/revisions\/10126"}],"wp:featuredmedia":[{"embeddable":true,"href":"https:\/\/www.anovapeneira.gal\/index.php\/wp-json\/wp\/v2\/media\/10125"}],"wp:attachment":[{"href":"https:\/\/www.anovapeneira.gal\/index.php\/wp-json\/wp\/v2\/media?parent=10124"}],"wp:term":[{"taxonomy":"category","embeddable":true,"href":"https:\/\/www.anovapeneira.gal\/index.php\/wp-json\/wp\/v2\/categories?post=10124"},{"taxonomy":"post_tag","embeddable":true,"href":"https:\/\/www.anovapeneira.gal\/index.php\/wp-json\/wp\/v2\/tags?post=10124"}],"curies":[{"name":"wp","href":"https:\/\/api.w.org\/{rel}","templated":true}]}}