{"id":10134,"date":"2023-07-19T10:00:47","date_gmt":"2023-07-19T08:00:47","guid":{"rendered":"https:\/\/www.anovapeneira.gal\/?p=10134"},"modified":"2023-07-12T18:20:26","modified_gmt":"2023-07-12T16:20:26","slug":"o-clientelismo-politico-no-noso-condado-de-salvaterra-do-mino","status":"publish","type":"post","link":"https:\/\/www.anovapeneira.gal\/index.php\/2023\/07\/19\/o-clientelismo-politico-no-noso-condado-de-salvaterra-do-mino\/","title":{"rendered":"O clientelismo pol\u00edtico, no noso condado de Salvaterra do Mi\u00f1o"},"content":{"rendered":"\n<pre class=\"wp-block-verse\">Manuel Alfonso Est\u00e9vez<\/pre>\n\n\n\n<p>Entendo como cultura pol\u00edtica e ideol\u00f3xica, a influencia social da xente nos procesos pol\u00edticos como si fora unha Axencia de Valores e Actitudes, compartidas, ancoradas nun sistema cos recursos dos votos, con clientes agradecidos que recollendo os servizos do benestar social, dos partidos das esquerdas, se expresan con un trato persoal coa Axencia de Valores e Actitudes do PP, e o \u201cclientelismo do partido\u201d, repartido en actos pol\u00edticos cos empresarios simulando formulas benefactoras que gustosamente aceptan o trato, e traballadores, que posibilitan repartir os beneficios erosionando os demais, e facendo imposible a FUNCI\u00d3N DEMOCR\u00c1TICA DAS IDEAS.<\/p>\n\n\n\n<p>O arraigo do clientelismo do PP, no Condado de Salvaterra do Mi\u00f1o, se explica perfectamente no escenario pol\u00edtico actual, mostrando os resultados das \u00faltimas Elecci\u00f3ns Municipais, de como resolver os problemas coti\u00e1s, exemplo, o caso, da alcaldesa de Ponteareas, sub\u00edndose o soldo, mesturada coas relaci\u00f3ns persoais, entre veci\u00f1os e pol\u00edticos \u2013 patr\u00f3ns e veci\u00f1os \u2013 clientes.<\/p>\n\n\n\n<p>As\u00ed encontramos na nosa cultura alde\u00e1 do clientelismo, certa coherencia co sistema. E non \u00e9 de estra\u00f1ar a finalidade de operar do clientelismo, da corrupci\u00f3n, como intercambio, porque a corrupci\u00f3n pol\u00edtica ofrece favores, como o clientelismo cultural pol\u00edtico que incide no orde social, posuidora de principios e valores, con actitudes compartidas en forma xer\u00e1rquica ancorada no sistema pol\u00edtico, cos \u201cactores de toda clase e calado\u201d, que ofrecen o seu apoio a cambio do voto persoal.<\/p>\n\n\n\n<p>Non basta mais que ollar para os tele diarios, en cada momento, para observar as ambici\u00f3ns do fen\u00f3meno, proporcionando as relaci\u00f3ns sociais de intercambio \u2013 patr\u00f3ns \u2013 pol\u00edticos e clientes \u2013 votos, introducindo no sistema democr\u00e1tico, \u201cunha patalox\u00eda perigosa\u201d na democracia.<\/p>\n\n\n\n<p>Non sei, si os demais partidos pol\u00edticos traballan dende a Ciencia pol\u00edtica emp\u00edrica, ou non. Eu me quedo, cos efectos perniciosos sobre a econom\u00eda, a mobilidade social e o clientelismo pol\u00edtico, en canto proporciona beneficios individuais, e dimin\u00fae a capacidade da xente para evitar un xu\u00edzo positivo, sobre a pol\u00edtica xeral, non corrixindo os MALOS GOBERNOS E MALOS POL\u00cdTICOS.<\/p>\n\n\n\n<p>O Ideario do PP se fundamenta na confianza, cara a cara, entre patr\u00f3n e cliente, e no noso eido, co minifundismo institucional, valores de amizade, que dificulta o desarraigo do sistema. \u00a1Cantas veces escoitamos: Eu non roubo porque non podo, sen\u00f3n, tam\u00e9n o far\u00eda!<\/p>\n\n\n\n<p>No noso Condado de Salvaterra do Mi\u00f1o, existe o clientelismo pol\u00edtico que infl\u00fae no rumbo pol\u00edtico da Comunidade. E d\u00eda a d\u00eda, o vemos no comportamento e nas instituci\u00f3ns, como condicionan o desenrolo da comunidade. E, tam\u00e9n como o Partido do PP e o clientelismo, e mais eficaz, porque \u00e9 multiplicador dos beneficiarios da pol\u00edtica clientelar.<\/p>\n\n\n\n<p>\u00a1Que saiban estes pol\u00edticos que a s\u00faa funci\u00f3n e gobernar e convencer a xente, non recibir os votos so mentes!<\/p>\n\n\n\n<p>Na nosa terra, o dilema do votante est\u00e1 no dilema do prisioneiro \u00bfQue vai votar? Sen preguntarse quen \u00e9 o mellor. E, non esquezamos que a \u201ccarreira pol\u00edtica do PP est\u00e1 no aparato pol\u00edtico, nado do Movemento Nacional, franquista. E o caciquismo pol\u00edtico do PP non ten ningunha ideolox\u00eda: Nada mais co poder dos cartos. E unha pena que esteamos na DEMOCRACIA votando a favor da xente que non vota polas ideas.<\/p>\n\n\n\n<p>L\u00e9mbrome de cando neno, na mi\u00f1a parroquia de San Xo\u00e1n de Fornelos da Ribeira sendo o amo da parroquia o abade, e eu pensaba: Esta xenti\u00f1a que est\u00e1 na parroquia esquecida por este home! Que pasa?<\/p>\n\n\n\n<p>Eu tiven a sorte de ter outra formaci\u00f3n a pesares de verme sometido electoral e laboral por unha sociedade que dic\u00eda: Viu por aqu\u00ed o do PP e hai que votalo. E \u00a1Claro! Todo por decidir sobre os aspectos que ti\u00f1an repercusi\u00f3ns nas econom\u00edas, nos proxectos, sen debate social, s\u00f3 os intereses privados, que contrasta coa sociedade cultural e a xente individualista, que non ve o beneficio pol\u00edtico de outras pol\u00edticas en beneficio do interese com\u00fan.<\/p>\n\n\n\n<p>Xa o sabedes!<\/p>\n\n\n\n<p>Seguide ama\u00f1ando os problemas vitais, coma ata agora, sen resolver licitamente, e seguide comprando vontades, que nos ir\u00e1 moito mellor. Esta e a mi\u00f1a opini\u00f3n.<\/p>\n","protected":false},"excerpt":{"rendered":"<div class=\"mh-excerpt\"><p>Entendo como cultura pol\u00edtica e ideol\u00f3xica, a influencia social da xente nos procesos pol\u00edticos como si fora unha Axencia de Valores e Actitudes, compartidas, ancoradas nun sistema cos recursos dos votos, con clientes agradecidos que recollendo os servizos do benestar social, dos partidos das esquerdas, se expresan con un trato persoal coa Axencia de Valores e Actitudes do PP <a class=\"mh-excerpt-more\" href=\"https:\/\/www.anovapeneira.gal\/index.php\/2023\/07\/19\/o-clientelismo-politico-no-noso-condado-de-salvaterra-do-mino\/\" title=\"O clientelismo pol\u00edtico, no noso condado de Salvaterra do Mi\u00f1o\">[&#8230;]<\/a><\/p>\n<\/div>","protected":false},"author":40,"featured_media":5108,"comment_status":"open","ping_status":"open","sticky":false,"template":"","format":"standard","meta":{"_exactmetrics_skip_tracking":false,"_exactmetrics_sitenote_active":false,"_exactmetrics_sitenote_note":"","_exactmetrics_sitenote_category":0,"footnotes":""},"categories":[7],"tags":[],"class_list":{"0":"post-10134","1":"post","2":"type-post","3":"status-publish","4":"format-standard","5":"has-post-thumbnail","7":"category-artigos-de-opinion"},"yoast_head":"<!-- This site is optimized with the Yoast SEO plugin v27.4 - https:\/\/yoast.com\/product\/yoast-seo-wordpress\/ -->\n<title>O clientelismo pol\u00edtico, no noso condado de Salvaterra do Mi\u00f1o -<\/title>\n<meta name=\"description\" content=\"Entendo como cultura pol\u00edtica e ideol\u00f3xica, a influencia social da xente nos procesos pol\u00edticos como si fora unha Axencia de Valores e Actitudes\" \/>\n<meta name=\"robots\" content=\"index, follow, max-snippet:-1, max-image-preview:large, max-video-preview:-1\" \/>\n<link rel=\"canonical\" href=\"https:\/\/www.anovapeneira.gal\/index.php\/2023\/07\/19\/o-clientelismo-politico-no-noso-condado-de-salvaterra-do-mino\/\" \/>\n<meta property=\"og:locale\" content=\"gl_ES\" \/>\n<meta property=\"og:type\" content=\"article\" \/>\n<meta property=\"og:title\" content=\"O clientelismo pol\u00edtico, no noso condado de Salvaterra do Mi\u00f1o -\" \/>\n<meta property=\"og:description\" content=\"Entendo como cultura pol\u00edtica e ideol\u00f3xica, a influencia social da xente nos procesos pol\u00edticos como si fora unha Axencia de Valores e Actitudes\" \/>\n<meta property=\"og:url\" content=\"https:\/\/www.anovapeneira.gal\/index.php\/2023\/07\/19\/o-clientelismo-politico-no-noso-condado-de-salvaterra-do-mino\/\" \/>\n<meta property=\"article:publisher\" content=\"https:\/\/www.facebook.com\/anovapeneira\" \/>\n<meta property=\"article:published_time\" content=\"2023-07-19T08:00:47+00:00\" \/>\n<meta property=\"og:image\" content=\"https:\/\/www.anovapeneira.gal\/wp-content\/uploads\/2021\/03\/manuel_alfonso_estevez.jpg\" \/>\n\t<meta property=\"og:image:width\" content=\"720\" \/>\n\t<meta property=\"og:image:height\" content=\"432\" \/>\n\t<meta property=\"og:image:type\" content=\"image\/jpeg\" \/>\n<meta name=\"author\" content=\"Manuel Alfonso Est\u00e9vez\" \/>\n<meta name=\"twitter:card\" content=\"summary_large_image\" \/>\n<meta name=\"twitter:creator\" content=\"@APeneira\" \/>\n<meta name=\"twitter:site\" content=\"@APeneira\" \/>\n<meta name=\"twitter:label1\" content=\"Escrito por\" \/>\n\t<meta name=\"twitter:data1\" content=\"Manuel Alfonso Est\u00e9vez\" \/>\n\t<meta name=\"twitter:label2\" content=\"Tempo de lectura\" \/>\n\t<meta name=\"twitter:data2\" content=\"4 minutos\" \/>\n<script type=\"application\/ld+json\" class=\"yoast-schema-graph\">{\"@context\":\"https:\\\/\\\/schema.org\",\"@graph\":[{\"@type\":\"Article\",\"@id\":\"https:\\\/\\\/www.anovapeneira.gal\\\/index.php\\\/2023\\\/07\\\/19\\\/o-clientelismo-politico-no-noso-condado-de-salvaterra-do-mino\\\/#article\",\"isPartOf\":{\"@id\":\"https:\\\/\\\/www.anovapeneira.gal\\\/index.php\\\/2023\\\/07\\\/19\\\/o-clientelismo-politico-no-noso-condado-de-salvaterra-do-mino\\\/\"},\"author\":{\"name\":\"Manuel Alfonso Est\u00e9vez\",\"@id\":\"https:\\\/\\\/www.anovapeneira.gal\\\/#\\\/schema\\\/person\\\/6561b93d53e7a32f5d814768163bae2a\"},\"headline\":\"O clientelismo pol\u00edtico, no noso condado de Salvaterra do Mi\u00f1o\",\"datePublished\":\"2023-07-19T08:00:47+00:00\",\"mainEntityOfPage\":{\"@id\":\"https:\\\/\\\/www.anovapeneira.gal\\\/index.php\\\/2023\\\/07\\\/19\\\/o-clientelismo-politico-no-noso-condado-de-salvaterra-do-mino\\\/\"},\"wordCount\":737,\"commentCount\":0,\"publisher\":{\"@id\":\"https:\\\/\\\/www.anovapeneira.gal\\\/#organization\"},\"image\":{\"@id\":\"https:\\\/\\\/www.anovapeneira.gal\\\/index.php\\\/2023\\\/07\\\/19\\\/o-clientelismo-politico-no-noso-condado-de-salvaterra-do-mino\\\/#primaryimage\"},\"thumbnailUrl\":\"https:\\\/\\\/www.anovapeneira.gal\\\/wp-content\\\/uploads\\\/2021\\\/03\\\/manuel_alfonso_estevez.jpg\",\"articleSection\":[\"Artigos de opini\u00f3n\"],\"inLanguage\":\"gl-ES\",\"potentialAction\":[{\"@type\":\"CommentAction\",\"name\":\"Comment\",\"target\":[\"https:\\\/\\\/www.anovapeneira.gal\\\/index.php\\\/2023\\\/07\\\/19\\\/o-clientelismo-politico-no-noso-condado-de-salvaterra-do-mino\\\/#respond\"]}]},{\"@type\":\"WebPage\",\"@id\":\"https:\\\/\\\/www.anovapeneira.gal\\\/index.php\\\/2023\\\/07\\\/19\\\/o-clientelismo-politico-no-noso-condado-de-salvaterra-do-mino\\\/\",\"url\":\"https:\\\/\\\/www.anovapeneira.gal\\\/index.php\\\/2023\\\/07\\\/19\\\/o-clientelismo-politico-no-noso-condado-de-salvaterra-do-mino\\\/\",\"name\":\"O clientelismo pol\u00edtico, no noso condado de Salvaterra do Mi\u00f1o -\",\"isPartOf\":{\"@id\":\"https:\\\/\\\/www.anovapeneira.gal\\\/#website\"},\"primaryImageOfPage\":{\"@id\":\"https:\\\/\\\/www.anovapeneira.gal\\\/index.php\\\/2023\\\/07\\\/19\\\/o-clientelismo-politico-no-noso-condado-de-salvaterra-do-mino\\\/#primaryimage\"},\"image\":{\"@id\":\"https:\\\/\\\/www.anovapeneira.gal\\\/index.php\\\/2023\\\/07\\\/19\\\/o-clientelismo-politico-no-noso-condado-de-salvaterra-do-mino\\\/#primaryimage\"},\"thumbnailUrl\":\"https:\\\/\\\/www.anovapeneira.gal\\\/wp-content\\\/uploads\\\/2021\\\/03\\\/manuel_alfonso_estevez.jpg\",\"datePublished\":\"2023-07-19T08:00:47+00:00\",\"description\":\"Entendo como cultura pol\u00edtica e ideol\u00f3xica, a influencia social da xente nos procesos pol\u00edticos como si fora unha Axencia de Valores e Actitudes\",\"breadcrumb\":{\"@id\":\"https:\\\/\\\/www.anovapeneira.gal\\\/index.php\\\/2023\\\/07\\\/19\\\/o-clientelismo-politico-no-noso-condado-de-salvaterra-do-mino\\\/#breadcrumb\"},\"inLanguage\":\"gl-ES\",\"potentialAction\":[{\"@type\":\"ReadAction\",\"target\":[\"https:\\\/\\\/www.anovapeneira.gal\\\/index.php\\\/2023\\\/07\\\/19\\\/o-clientelismo-politico-no-noso-condado-de-salvaterra-do-mino\\\/\"]}]},{\"@type\":\"ImageObject\",\"inLanguage\":\"gl-ES\",\"@id\":\"https:\\\/\\\/www.anovapeneira.gal\\\/index.php\\\/2023\\\/07\\\/19\\\/o-clientelismo-politico-no-noso-condado-de-salvaterra-do-mino\\\/#primaryimage\",\"url\":\"https:\\\/\\\/www.anovapeneira.gal\\\/wp-content\\\/uploads\\\/2021\\\/03\\\/manuel_alfonso_estevez.jpg\",\"contentUrl\":\"https:\\\/\\\/www.anovapeneira.gal\\\/wp-content\\\/uploads\\\/2021\\\/03\\\/manuel_alfonso_estevez.jpg\",\"width\":720,\"height\":432,\"caption\":\"Manuel Alfonso Est\u00e9vez. Historia viva de Fornelos da Ribeira\"},{\"@type\":\"BreadcrumbList\",\"@id\":\"https:\\\/\\\/www.anovapeneira.gal\\\/index.php\\\/2023\\\/07\\\/19\\\/o-clientelismo-politico-no-noso-condado-de-salvaterra-do-mino\\\/#breadcrumb\",\"itemListElement\":[{\"@type\":\"ListItem\",\"position\":1,\"name\":\"Portada\",\"item\":\"https:\\\/\\\/www.anovapeneira.gal\\\/\"},{\"@type\":\"ListItem\",\"position\":2,\"name\":\"O clientelismo pol\u00edtico, no noso condado de Salvaterra do Mi\u00f1o\"}]},{\"@type\":\"WebSite\",\"@id\":\"https:\\\/\\\/www.anovapeneira.gal\\\/#website\",\"url\":\"https:\\\/\\\/www.anovapeneira.gal\\\/\",\"name\":\"\",\"description\":\"Xornal galego de informaci\u00f3n xeral Publicaci\u00f3n mensual de novas de Galicia e en especial dos Concellos da sur da provincia de Pontevedra.\",\"publisher\":{\"@id\":\"https:\\\/\\\/www.anovapeneira.gal\\\/#organization\"},\"potentialAction\":[{\"@type\":\"SearchAction\",\"target\":{\"@type\":\"EntryPoint\",\"urlTemplate\":\"https:\\\/\\\/www.anovapeneira.gal\\\/?s={search_term_string}\"},\"query-input\":{\"@type\":\"PropertyValueSpecification\",\"valueRequired\":true,\"valueName\":\"search_term_string\"}}],\"inLanguage\":\"gl-ES\"},{\"@type\":\"Organization\",\"@id\":\"https:\\\/\\\/www.anovapeneira.gal\\\/#organization\",\"name\":\"A Nova Peneira\",\"url\":\"https:\\\/\\\/www.anovapeneira.gal\\\/\",\"logo\":{\"@type\":\"ImageObject\",\"inLanguage\":\"gl-ES\",\"@id\":\"https:\\\/\\\/www.anovapeneira.gal\\\/#\\\/schema\\\/logo\\\/image\\\/\",\"url\":\"http:\\\/\\\/www.anovapeneira.gal\\\/wp-content\\\/uploads\\\/2019\\\/06\\\/logo_a_nova_peneira_portal_web.png\",\"contentUrl\":\"http:\\\/\\\/www.anovapeneira.gal\\\/wp-content\\\/uploads\\\/2019\\\/06\\\/logo_a_nova_peneira_portal_web.png\",\"width\":300,\"height\":100,\"caption\":\"A Nova Peneira\"},\"image\":{\"@id\":\"https:\\\/\\\/www.anovapeneira.gal\\\/#\\\/schema\\\/logo\\\/image\\\/\"},\"sameAs\":[\"https:\\\/\\\/www.facebook.com\\\/anovapeneira\",\"https:\\\/\\\/x.com\\\/APeneira\"]},{\"@type\":\"Person\",\"@id\":\"https:\\\/\\\/www.anovapeneira.gal\\\/#\\\/schema\\\/person\\\/6561b93d53e7a32f5d814768163bae2a\",\"name\":\"Manuel Alfonso Est\u00e9vez\",\"image\":{\"@type\":\"ImageObject\",\"inLanguage\":\"gl-ES\",\"@id\":\"https:\\\/\\\/secure.gravatar.com\\\/avatar\\\/f5d3e86603a02dabc520fdacad8691552cb5b3b57ede8828ababc7095c054594?s=96&d=mm&r=g\",\"url\":\"https:\\\/\\\/secure.gravatar.com\\\/avatar\\\/f5d3e86603a02dabc520fdacad8691552cb5b3b57ede8828ababc7095c054594?s=96&d=mm&r=g\",\"contentUrl\":\"https:\\\/\\\/secure.gravatar.com\\\/avatar\\\/f5d3e86603a02dabc520fdacad8691552cb5b3b57ede8828ababc7095c054594?s=96&d=mm&r=g\",\"caption\":\"Manuel Alfonso Est\u00e9vez\"},\"url\":\"https:\\\/\\\/www.anovapeneira.gal\\\/index.php\\\/author\\\/manuelalfonso\\\/\"}]}<\/script>\n<!-- \/ Yoast SEO plugin. -->","yoast_head_json":{"title":"O clientelismo pol\u00edtico, no noso condado de Salvaterra do Mi\u00f1o -","description":"Entendo como cultura pol\u00edtica e ideol\u00f3xica, a influencia social da xente nos procesos pol\u00edticos como si fora unha Axencia de Valores e Actitudes","robots":{"index":"index","follow":"follow","max-snippet":"max-snippet:-1","max-image-preview":"max-image-preview:large","max-video-preview":"max-video-preview:-1"},"canonical":"https:\/\/www.anovapeneira.gal\/index.php\/2023\/07\/19\/o-clientelismo-politico-no-noso-condado-de-salvaterra-do-mino\/","og_locale":"gl_ES","og_type":"article","og_title":"O clientelismo pol\u00edtico, no noso condado de Salvaterra do Mi\u00f1o -","og_description":"Entendo como cultura pol\u00edtica e ideol\u00f3xica, a influencia social da xente nos procesos pol\u00edticos como si fora unha Axencia de Valores e Actitudes","og_url":"https:\/\/www.anovapeneira.gal\/index.php\/2023\/07\/19\/o-clientelismo-politico-no-noso-condado-de-salvaterra-do-mino\/","article_publisher":"https:\/\/www.facebook.com\/anovapeneira","article_published_time":"2023-07-19T08:00:47+00:00","og_image":[{"width":720,"height":432,"url":"https:\/\/www.anovapeneira.gal\/wp-content\/uploads\/2021\/03\/manuel_alfonso_estevez.jpg","type":"image\/jpeg"}],"author":"Manuel Alfonso Est\u00e9vez","twitter_card":"summary_large_image","twitter_creator":"@APeneira","twitter_site":"@APeneira","twitter_misc":{"Escrito por":"Manuel Alfonso Est\u00e9vez","Tempo de lectura":"4 minutos"},"schema":{"@context":"https:\/\/schema.org","@graph":[{"@type":"Article","@id":"https:\/\/www.anovapeneira.gal\/index.php\/2023\/07\/19\/o-clientelismo-politico-no-noso-condado-de-salvaterra-do-mino\/#article","isPartOf":{"@id":"https:\/\/www.anovapeneira.gal\/index.php\/2023\/07\/19\/o-clientelismo-politico-no-noso-condado-de-salvaterra-do-mino\/"},"author":{"name":"Manuel Alfonso Est\u00e9vez","@id":"https:\/\/www.anovapeneira.gal\/#\/schema\/person\/6561b93d53e7a32f5d814768163bae2a"},"headline":"O clientelismo pol\u00edtico, no noso condado de Salvaterra do Mi\u00f1o","datePublished":"2023-07-19T08:00:47+00:00","mainEntityOfPage":{"@id":"https:\/\/www.anovapeneira.gal\/index.php\/2023\/07\/19\/o-clientelismo-politico-no-noso-condado-de-salvaterra-do-mino\/"},"wordCount":737,"commentCount":0,"publisher":{"@id":"https:\/\/www.anovapeneira.gal\/#organization"},"image":{"@id":"https:\/\/www.anovapeneira.gal\/index.php\/2023\/07\/19\/o-clientelismo-politico-no-noso-condado-de-salvaterra-do-mino\/#primaryimage"},"thumbnailUrl":"https:\/\/www.anovapeneira.gal\/wp-content\/uploads\/2021\/03\/manuel_alfonso_estevez.jpg","articleSection":["Artigos de opini\u00f3n"],"inLanguage":"gl-ES","potentialAction":[{"@type":"CommentAction","name":"Comment","target":["https:\/\/www.anovapeneira.gal\/index.php\/2023\/07\/19\/o-clientelismo-politico-no-noso-condado-de-salvaterra-do-mino\/#respond"]}]},{"@type":"WebPage","@id":"https:\/\/www.anovapeneira.gal\/index.php\/2023\/07\/19\/o-clientelismo-politico-no-noso-condado-de-salvaterra-do-mino\/","url":"https:\/\/www.anovapeneira.gal\/index.php\/2023\/07\/19\/o-clientelismo-politico-no-noso-condado-de-salvaterra-do-mino\/","name":"O clientelismo pol\u00edtico, no noso condado de Salvaterra do Mi\u00f1o -","isPartOf":{"@id":"https:\/\/www.anovapeneira.gal\/#website"},"primaryImageOfPage":{"@id":"https:\/\/www.anovapeneira.gal\/index.php\/2023\/07\/19\/o-clientelismo-politico-no-noso-condado-de-salvaterra-do-mino\/#primaryimage"},"image":{"@id":"https:\/\/www.anovapeneira.gal\/index.php\/2023\/07\/19\/o-clientelismo-politico-no-noso-condado-de-salvaterra-do-mino\/#primaryimage"},"thumbnailUrl":"https:\/\/www.anovapeneira.gal\/wp-content\/uploads\/2021\/03\/manuel_alfonso_estevez.jpg","datePublished":"2023-07-19T08:00:47+00:00","description":"Entendo como cultura pol\u00edtica e ideol\u00f3xica, a influencia social da xente nos procesos pol\u00edticos como si fora unha Axencia de Valores e Actitudes","breadcrumb":{"@id":"https:\/\/www.anovapeneira.gal\/index.php\/2023\/07\/19\/o-clientelismo-politico-no-noso-condado-de-salvaterra-do-mino\/#breadcrumb"},"inLanguage":"gl-ES","potentialAction":[{"@type":"ReadAction","target":["https:\/\/www.anovapeneira.gal\/index.php\/2023\/07\/19\/o-clientelismo-politico-no-noso-condado-de-salvaterra-do-mino\/"]}]},{"@type":"ImageObject","inLanguage":"gl-ES","@id":"https:\/\/www.anovapeneira.gal\/index.php\/2023\/07\/19\/o-clientelismo-politico-no-noso-condado-de-salvaterra-do-mino\/#primaryimage","url":"https:\/\/www.anovapeneira.gal\/wp-content\/uploads\/2021\/03\/manuel_alfonso_estevez.jpg","contentUrl":"https:\/\/www.anovapeneira.gal\/wp-content\/uploads\/2021\/03\/manuel_alfonso_estevez.jpg","width":720,"height":432,"caption":"Manuel Alfonso Est\u00e9vez. Historia viva de Fornelos da Ribeira"},{"@type":"BreadcrumbList","@id":"https:\/\/www.anovapeneira.gal\/index.php\/2023\/07\/19\/o-clientelismo-politico-no-noso-condado-de-salvaterra-do-mino\/#breadcrumb","itemListElement":[{"@type":"ListItem","position":1,"name":"Portada","item":"https:\/\/www.anovapeneira.gal\/"},{"@type":"ListItem","position":2,"name":"O clientelismo pol\u00edtico, no noso condado de Salvaterra do Mi\u00f1o"}]},{"@type":"WebSite","@id":"https:\/\/www.anovapeneira.gal\/#website","url":"https:\/\/www.anovapeneira.gal\/","name":"","description":"Xornal galego de informaci\u00f3n xeral Publicaci\u00f3n mensual de novas de Galicia e en especial dos Concellos da sur da provincia de Pontevedra.","publisher":{"@id":"https:\/\/www.anovapeneira.gal\/#organization"},"potentialAction":[{"@type":"SearchAction","target":{"@type":"EntryPoint","urlTemplate":"https:\/\/www.anovapeneira.gal\/?s={search_term_string}"},"query-input":{"@type":"PropertyValueSpecification","valueRequired":true,"valueName":"search_term_string"}}],"inLanguage":"gl-ES"},{"@type":"Organization","@id":"https:\/\/www.anovapeneira.gal\/#organization","name":"A Nova Peneira","url":"https:\/\/www.anovapeneira.gal\/","logo":{"@type":"ImageObject","inLanguage":"gl-ES","@id":"https:\/\/www.anovapeneira.gal\/#\/schema\/logo\/image\/","url":"http:\/\/www.anovapeneira.gal\/wp-content\/uploads\/2019\/06\/logo_a_nova_peneira_portal_web.png","contentUrl":"http:\/\/www.anovapeneira.gal\/wp-content\/uploads\/2019\/06\/logo_a_nova_peneira_portal_web.png","width":300,"height":100,"caption":"A Nova Peneira"},"image":{"@id":"https:\/\/www.anovapeneira.gal\/#\/schema\/logo\/image\/"},"sameAs":["https:\/\/www.facebook.com\/anovapeneira","https:\/\/x.com\/APeneira"]},{"@type":"Person","@id":"https:\/\/www.anovapeneira.gal\/#\/schema\/person\/6561b93d53e7a32f5d814768163bae2a","name":"Manuel Alfonso Est\u00e9vez","image":{"@type":"ImageObject","inLanguage":"gl-ES","@id":"https:\/\/secure.gravatar.com\/avatar\/f5d3e86603a02dabc520fdacad8691552cb5b3b57ede8828ababc7095c054594?s=96&d=mm&r=g","url":"https:\/\/secure.gravatar.com\/avatar\/f5d3e86603a02dabc520fdacad8691552cb5b3b57ede8828ababc7095c054594?s=96&d=mm&r=g","contentUrl":"https:\/\/secure.gravatar.com\/avatar\/f5d3e86603a02dabc520fdacad8691552cb5b3b57ede8828ababc7095c054594?s=96&d=mm&r=g","caption":"Manuel Alfonso Est\u00e9vez"},"url":"https:\/\/www.anovapeneira.gal\/index.php\/author\/manuelalfonso\/"}]}},"jetpack_featured_media_url":"https:\/\/www.anovapeneira.gal\/wp-content\/uploads\/2021\/03\/manuel_alfonso_estevez.jpg","_links":{"self":[{"href":"https:\/\/www.anovapeneira.gal\/index.php\/wp-json\/wp\/v2\/posts\/10134","targetHints":{"allow":["GET"]}}],"collection":[{"href":"https:\/\/www.anovapeneira.gal\/index.php\/wp-json\/wp\/v2\/posts"}],"about":[{"href":"https:\/\/www.anovapeneira.gal\/index.php\/wp-json\/wp\/v2\/types\/post"}],"author":[{"embeddable":true,"href":"https:\/\/www.anovapeneira.gal\/index.php\/wp-json\/wp\/v2\/users\/40"}],"replies":[{"embeddable":true,"href":"https:\/\/www.anovapeneira.gal\/index.php\/wp-json\/wp\/v2\/comments?post=10134"}],"version-history":[{"count":1,"href":"https:\/\/www.anovapeneira.gal\/index.php\/wp-json\/wp\/v2\/posts\/10134\/revisions"}],"predecessor-version":[{"id":10135,"href":"https:\/\/www.anovapeneira.gal\/index.php\/wp-json\/wp\/v2\/posts\/10134\/revisions\/10135"}],"wp:featuredmedia":[{"embeddable":true,"href":"https:\/\/www.anovapeneira.gal\/index.php\/wp-json\/wp\/v2\/media\/5108"}],"wp:attachment":[{"href":"https:\/\/www.anovapeneira.gal\/index.php\/wp-json\/wp\/v2\/media?parent=10134"}],"wp:term":[{"taxonomy":"category","embeddable":true,"href":"https:\/\/www.anovapeneira.gal\/index.php\/wp-json\/wp\/v2\/categories?post=10134"},{"taxonomy":"post_tag","embeddable":true,"href":"https:\/\/www.anovapeneira.gal\/index.php\/wp-json\/wp\/v2\/tags?post=10134"}],"curies":[{"name":"wp","href":"https:\/\/api.w.org\/{rel}","templated":true}]}}