{"id":10136,"date":"2023-07-19T12:00:56","date_gmt":"2023-07-19T10:00:56","guid":{"rendered":"https:\/\/www.anovapeneira.gal\/?p=10136"},"modified":"2023-07-12T18:39:40","modified_gmt":"2023-07-12T16:39:40","slug":"orgullo-galego","status":"publish","type":"post","link":"https:\/\/www.anovapeneira.gal\/index.php\/2023\/07\/19\/orgullo-galego\/","title":{"rendered":"Orgullo Galego"},"content":{"rendered":"\n<pre class=\"wp-block-verse\">Victoria Alonso, Voceira do Psoe de Mos<\/pre>\n\n\n\n<p>Para os que sentimos paix\u00f3n pola nosa terra, o d\u00eda 25 de xullo \u00e9 moito m\u00e1is que un d\u00eda de festa. O 25 \u00e9 un d\u00eda de orgullo por todo o que Galicia significa para nos.<\/p>\n\n\n\n<p>Sentir admiraci\u00f3n e respecto por Galicia, para os que o sentimos, \u00e9 admirar a nosa cultura, o noso idioma, as nosas tradici\u00f3ns, t\u00f3dolos recunchos con espazos que nos fan sentir marabilla, a nosa gastronom\u00eda e a retranca galega que tanto botamos en falta cando estamos lonxe da nosa casa. E todas estas cuesti\u00f3ns f\u00f3ronnos transmitidas de xeraci\u00f3n en xeraci\u00f3n e temos o compromiso de continuar con esta tarefa para facer que Galicia perdure ca s\u00faa esencia.<\/p>\n\n\n\n<p>104 anos celebrando Galicia, 104 anos celebrando o noso d\u00eda de diferentes formas. Hai quen celebra este d\u00eda dunha forma m\u00e1is relixiosa, cunha misa que nos seus inicios foi unha ofrenda a Rosal\u00eda de Castro por ser un referente da nosa cultura, e que co paso dos anos deu lugar a un acto lit\u00farxico profundamente asentado. Pero tam\u00e9n hai quen defende a esencia pagana desta festa, e que non pod\u00eda ser doutra maneira, que na terra das meigas te\u00f1amos diferentes formas de festexar un d\u00eda de orgullo.<\/p>\n\n\n\n<p>Chama bastante a atenci\u00f3n que nun estado aconfesional, as festividades sigan tendo no centro a celebraci\u00f3n dun acto relixioso, que se constit\u00fae como acto institucional. Temos que respetar e respetamos a ideolox\u00eda relixiosa de cada quen, o igual que temos que respetar o non querer facelo e deixar de mesturar a relixi\u00f3n ca institucionalidade.<\/p>\n\n\n\n<p>O mesmo tempo que non podemos deixar de reivindicar, nunha data tan simb\u00f3lica, a nosa esencia como pobo. Dita festividade non lle pertence a ningu\u00e9n m\u00e1is que as e os galegos, que deben de usar tal data, o igual que o resto do ano, para defender a nosa lingua, a aposta que se debe facer polo noso territorio e a promoci\u00f3n e difusi\u00f3n da nosa cultura e tradici\u00f3ns.<\/p>\n\n\n\n<p>O enfoque que se lle deu, dende o franquismo sobre todo, a dita festa provocou que tivese un marcado matiz relixioso para despois dar paso a un intento usar tal data para reivindicaci\u00f3ns pol\u00edticas. Perdendo desta maneira a oportunidade que ser, unha vez m\u00e1is, un altofalante para trasladar que Galicia \u00e9 moito m\u00e1is do que moita xente pensa. Na terra onde se mestura cristianismo e paganismo, onde se cree en moitas cousas, incluso nas meigas. Onde hai un sentimento de apego a terra, esa morri\u00f1a da que noutros sitios falan pero que tan so os galegos entendemos. Temos que identificar os bos momento para trasladar a mensaxe clara de que Galicia \u00e9 moito m\u00e1is.<\/p>\n\n\n\n<p>Temos que ser quen de trasladar que temos un idioma propio, considerado como tal e que non \u00e9 un dialecto, que temos unhas tradici\u00f3ns que nos fan ser transmisores de anos de sabedor\u00eda, que moramos nunha terra que \u00e9 \u00fanica en canto a vexetaci\u00f3n, paisaxes, clima e abertos a recibir a t\u00f3dolos visitantes. Defender o noso car\u00e1cter, a nosa forma de pensar e de vivir, e protexernos al\u00ed onde vamos porque sabemos que en t\u00f3dalas partes do mundo que visitemos, seguro que haber\u00e1 un galego. Desfrutade do que somos, da nosa terra e desfrutade do noso d\u00eda&#8230; Que ning\u00fan 25 de xullo sexa un 25 m\u00e1is, Feliz D\u00eda de Galicia!<\/p>\n","protected":false},"excerpt":{"rendered":"<div class=\"mh-excerpt\"><p>Para os que sentimos paix\u00f3n pola nosa terra, o d\u00eda 25 de xullo \u00e9 moito m\u00e1is que un d\u00eda de festa. O 25 \u00e9 un d\u00eda de orgullo por todo o que Galicia significa para nos <a class=\"mh-excerpt-more\" href=\"https:\/\/www.anovapeneira.gal\/index.php\/2023\/07\/19\/orgullo-galego\/\" title=\"Orgullo Galego\">[&#8230;]<\/a><\/p>\n<\/div>","protected":false},"author":12,"featured_media":5140,"comment_status":"open","ping_status":"open","sticky":false,"template":"","format":"standard","meta":{"_exactmetrics_skip_tracking":false,"_exactmetrics_sitenote_active":false,"_exactmetrics_sitenote_note":"","_exactmetrics_sitenote_category":0,"footnotes":""},"categories":[7],"tags":[639],"class_list":{"0":"post-10136","1":"post","2":"type-post","3":"status-publish","4":"format-standard","5":"has-post-thumbnail","7":"category-artigos-de-opinion","8":"tag-victoria-alonso"},"yoast_head":"<!-- This site is optimized with the Yoast SEO plugin v27.4 - https:\/\/yoast.com\/product\/yoast-seo-wordpress\/ -->\n<title>Orgullo Galego -<\/title>\n<meta name=\"description\" content=\"Para os que sentimos paix\u00f3n pola nosa terra, o d\u00eda 25 de xullo \u00e9 moito m\u00e1is que un d\u00eda de festa. O 25 \u00e9 un d\u00eda de orgullo por todo o que Galicia significa para nos\" \/>\n<meta name=\"robots\" content=\"index, follow, max-snippet:-1, max-image-preview:large, max-video-preview:-1\" \/>\n<link rel=\"canonical\" href=\"https:\/\/www.anovapeneira.gal\/index.php\/2023\/07\/19\/orgullo-galego\/\" \/>\n<meta property=\"og:locale\" content=\"gl_ES\" \/>\n<meta property=\"og:type\" content=\"article\" \/>\n<meta property=\"og:title\" content=\"Orgullo Galego -\" \/>\n<meta property=\"og:description\" content=\"Para os que sentimos paix\u00f3n pola nosa terra, o d\u00eda 25 de xullo \u00e9 moito m\u00e1is que un d\u00eda de festa. O 25 \u00e9 un d\u00eda de orgullo por todo o que Galicia significa para nos\" \/>\n<meta property=\"og:url\" content=\"https:\/\/www.anovapeneira.gal\/index.php\/2023\/07\/19\/orgullo-galego\/\" \/>\n<meta property=\"article:publisher\" content=\"https:\/\/www.facebook.com\/anovapeneira\" \/>\n<meta property=\"article:published_time\" content=\"2023-07-19T10:00:56+00:00\" \/>\n<meta property=\"og:image\" content=\"https:\/\/www.anovapeneira.gal\/wp-content\/uploads\/2021\/03\/Vicki_Alonso_voceira_psoe_mos.jpg\" \/>\n\t<meta property=\"og:image:width\" content=\"720\" \/>\n\t<meta property=\"og:image:height\" content=\"432\" \/>\n\t<meta property=\"og:image:type\" content=\"image\/jpeg\" \/>\n<meta name=\"author\" content=\"Artigos Opini\u00f3n\" \/>\n<meta name=\"twitter:card\" content=\"summary_large_image\" \/>\n<meta name=\"twitter:creator\" content=\"@APeneira\" \/>\n<meta name=\"twitter:site\" content=\"@APeneira\" \/>\n<meta name=\"twitter:label1\" content=\"Escrito por\" \/>\n\t<meta name=\"twitter:data1\" content=\"Artigos Opini\u00f3n\" \/>\n\t<meta name=\"twitter:label2\" content=\"Tempo de lectura\" \/>\n\t<meta name=\"twitter:data2\" content=\"3 minutos\" \/>\n<script type=\"application\/ld+json\" class=\"yoast-schema-graph\">{\"@context\":\"https:\\\/\\\/schema.org\",\"@graph\":[{\"@type\":\"Article\",\"@id\":\"https:\\\/\\\/www.anovapeneira.gal\\\/index.php\\\/2023\\\/07\\\/19\\\/orgullo-galego\\\/#article\",\"isPartOf\":{\"@id\":\"https:\\\/\\\/www.anovapeneira.gal\\\/index.php\\\/2023\\\/07\\\/19\\\/orgullo-galego\\\/\"},\"author\":{\"name\":\"Artigos Opini\u00f3n\",\"@id\":\"https:\\\/\\\/www.anovapeneira.gal\\\/#\\\/schema\\\/person\\\/f18a4feb302e8f20bcef4490b5b60bb3\"},\"headline\":\"Orgullo Galego\",\"datePublished\":\"2023-07-19T10:00:56+00:00\",\"mainEntityOfPage\":{\"@id\":\"https:\\\/\\\/www.anovapeneira.gal\\\/index.php\\\/2023\\\/07\\\/19\\\/orgullo-galego\\\/\"},\"wordCount\":584,\"commentCount\":0,\"publisher\":{\"@id\":\"https:\\\/\\\/www.anovapeneira.gal\\\/#organization\"},\"image\":{\"@id\":\"https:\\\/\\\/www.anovapeneira.gal\\\/index.php\\\/2023\\\/07\\\/19\\\/orgullo-galego\\\/#primaryimage\"},\"thumbnailUrl\":\"https:\\\/\\\/www.anovapeneira.gal\\\/wp-content\\\/uploads\\\/2021\\\/03\\\/Vicki_Alonso_voceira_psoe_mos.jpg\",\"keywords\":[\"Victoria Alonso\"],\"articleSection\":[\"Artigos de opini\u00f3n\"],\"inLanguage\":\"gl-ES\",\"potentialAction\":[{\"@type\":\"CommentAction\",\"name\":\"Comment\",\"target\":[\"https:\\\/\\\/www.anovapeneira.gal\\\/index.php\\\/2023\\\/07\\\/19\\\/orgullo-galego\\\/#respond\"]}]},{\"@type\":\"WebPage\",\"@id\":\"https:\\\/\\\/www.anovapeneira.gal\\\/index.php\\\/2023\\\/07\\\/19\\\/orgullo-galego\\\/\",\"url\":\"https:\\\/\\\/www.anovapeneira.gal\\\/index.php\\\/2023\\\/07\\\/19\\\/orgullo-galego\\\/\",\"name\":\"Orgullo Galego -\",\"isPartOf\":{\"@id\":\"https:\\\/\\\/www.anovapeneira.gal\\\/#website\"},\"primaryImageOfPage\":{\"@id\":\"https:\\\/\\\/www.anovapeneira.gal\\\/index.php\\\/2023\\\/07\\\/19\\\/orgullo-galego\\\/#primaryimage\"},\"image\":{\"@id\":\"https:\\\/\\\/www.anovapeneira.gal\\\/index.php\\\/2023\\\/07\\\/19\\\/orgullo-galego\\\/#primaryimage\"},\"thumbnailUrl\":\"https:\\\/\\\/www.anovapeneira.gal\\\/wp-content\\\/uploads\\\/2021\\\/03\\\/Vicki_Alonso_voceira_psoe_mos.jpg\",\"datePublished\":\"2023-07-19T10:00:56+00:00\",\"description\":\"Para os que sentimos paix\u00f3n pola nosa terra, o d\u00eda 25 de xullo \u00e9 moito m\u00e1is que un d\u00eda de festa. O 25 \u00e9 un d\u00eda de orgullo por todo o que Galicia significa para nos\",\"breadcrumb\":{\"@id\":\"https:\\\/\\\/www.anovapeneira.gal\\\/index.php\\\/2023\\\/07\\\/19\\\/orgullo-galego\\\/#breadcrumb\"},\"inLanguage\":\"gl-ES\",\"potentialAction\":[{\"@type\":\"ReadAction\",\"target\":[\"https:\\\/\\\/www.anovapeneira.gal\\\/index.php\\\/2023\\\/07\\\/19\\\/orgullo-galego\\\/\"]}]},{\"@type\":\"ImageObject\",\"inLanguage\":\"gl-ES\",\"@id\":\"https:\\\/\\\/www.anovapeneira.gal\\\/index.php\\\/2023\\\/07\\\/19\\\/orgullo-galego\\\/#primaryimage\",\"url\":\"https:\\\/\\\/www.anovapeneira.gal\\\/wp-content\\\/uploads\\\/2021\\\/03\\\/Vicki_Alonso_voceira_psoe_mos.jpg\",\"contentUrl\":\"https:\\\/\\\/www.anovapeneira.gal\\\/wp-content\\\/uploads\\\/2021\\\/03\\\/Vicki_Alonso_voceira_psoe_mos.jpg\",\"width\":720,\"height\":432,\"caption\":\"Vicki Alonso voceira do PSOE de Mos\"},{\"@type\":\"BreadcrumbList\",\"@id\":\"https:\\\/\\\/www.anovapeneira.gal\\\/index.php\\\/2023\\\/07\\\/19\\\/orgullo-galego\\\/#breadcrumb\",\"itemListElement\":[{\"@type\":\"ListItem\",\"position\":1,\"name\":\"Portada\",\"item\":\"https:\\\/\\\/www.anovapeneira.gal\\\/\"},{\"@type\":\"ListItem\",\"position\":2,\"name\":\"Orgullo Galego\"}]},{\"@type\":\"WebSite\",\"@id\":\"https:\\\/\\\/www.anovapeneira.gal\\\/#website\",\"url\":\"https:\\\/\\\/www.anovapeneira.gal\\\/\",\"name\":\"\",\"description\":\"Xornal galego de informaci\u00f3n xeral Publicaci\u00f3n mensual de novas de Galicia e en especial dos Concellos da sur da provincia de Pontevedra.\",\"publisher\":{\"@id\":\"https:\\\/\\\/www.anovapeneira.gal\\\/#organization\"},\"potentialAction\":[{\"@type\":\"SearchAction\",\"target\":{\"@type\":\"EntryPoint\",\"urlTemplate\":\"https:\\\/\\\/www.anovapeneira.gal\\\/?s={search_term_string}\"},\"query-input\":{\"@type\":\"PropertyValueSpecification\",\"valueRequired\":true,\"valueName\":\"search_term_string\"}}],\"inLanguage\":\"gl-ES\"},{\"@type\":\"Organization\",\"@id\":\"https:\\\/\\\/www.anovapeneira.gal\\\/#organization\",\"name\":\"A Nova Peneira\",\"url\":\"https:\\\/\\\/www.anovapeneira.gal\\\/\",\"logo\":{\"@type\":\"ImageObject\",\"inLanguage\":\"gl-ES\",\"@id\":\"https:\\\/\\\/www.anovapeneira.gal\\\/#\\\/schema\\\/logo\\\/image\\\/\",\"url\":\"http:\\\/\\\/www.anovapeneira.gal\\\/wp-content\\\/uploads\\\/2019\\\/06\\\/logo_a_nova_peneira_portal_web.png\",\"contentUrl\":\"http:\\\/\\\/www.anovapeneira.gal\\\/wp-content\\\/uploads\\\/2019\\\/06\\\/logo_a_nova_peneira_portal_web.png\",\"width\":300,\"height\":100,\"caption\":\"A Nova Peneira\"},\"image\":{\"@id\":\"https:\\\/\\\/www.anovapeneira.gal\\\/#\\\/schema\\\/logo\\\/image\\\/\"},\"sameAs\":[\"https:\\\/\\\/www.facebook.com\\\/anovapeneira\",\"https:\\\/\\\/x.com\\\/APeneira\"]},{\"@type\":\"Person\",\"@id\":\"https:\\\/\\\/www.anovapeneira.gal\\\/#\\\/schema\\\/person\\\/f18a4feb302e8f20bcef4490b5b60bb3\",\"name\":\"Artigos Opini\u00f3n\",\"image\":{\"@type\":\"ImageObject\",\"inLanguage\":\"gl-ES\",\"@id\":\"https:\\\/\\\/secure.gravatar.com\\\/avatar\\\/072844300f4881150aee2da4278f7a65d16eefdf8262eb67085f1e702de2b959?s=96&d=mm&r=g\",\"url\":\"https:\\\/\\\/secure.gravatar.com\\\/avatar\\\/072844300f4881150aee2da4278f7a65d16eefdf8262eb67085f1e702de2b959?s=96&d=mm&r=g\",\"contentUrl\":\"https:\\\/\\\/secure.gravatar.com\\\/avatar\\\/072844300f4881150aee2da4278f7a65d16eefdf8262eb67085f1e702de2b959?s=96&d=mm&r=g\",\"caption\":\"Artigos Opini\u00f3n\"},\"sameAs\":[\"http:\\\/\\\/anovapeneira.gal\"],\"url\":\"https:\\\/\\\/www.anovapeneira.gal\\\/index.php\\\/author\\\/artigosopinion\\\/\"}]}<\/script>\n<!-- \/ Yoast SEO plugin. -->","yoast_head_json":{"title":"Orgullo Galego -","description":"Para os que sentimos paix\u00f3n pola nosa terra, o d\u00eda 25 de xullo \u00e9 moito m\u00e1is que un d\u00eda de festa. O 25 \u00e9 un d\u00eda de orgullo por todo o que Galicia significa para nos","robots":{"index":"index","follow":"follow","max-snippet":"max-snippet:-1","max-image-preview":"max-image-preview:large","max-video-preview":"max-video-preview:-1"},"canonical":"https:\/\/www.anovapeneira.gal\/index.php\/2023\/07\/19\/orgullo-galego\/","og_locale":"gl_ES","og_type":"article","og_title":"Orgullo Galego -","og_description":"Para os que sentimos paix\u00f3n pola nosa terra, o d\u00eda 25 de xullo \u00e9 moito m\u00e1is que un d\u00eda de festa. O 25 \u00e9 un d\u00eda de orgullo por todo o que Galicia significa para nos","og_url":"https:\/\/www.anovapeneira.gal\/index.php\/2023\/07\/19\/orgullo-galego\/","article_publisher":"https:\/\/www.facebook.com\/anovapeneira","article_published_time":"2023-07-19T10:00:56+00:00","og_image":[{"width":720,"height":432,"url":"https:\/\/www.anovapeneira.gal\/wp-content\/uploads\/2021\/03\/Vicki_Alonso_voceira_psoe_mos.jpg","type":"image\/jpeg"}],"author":"Artigos Opini\u00f3n","twitter_card":"summary_large_image","twitter_creator":"@APeneira","twitter_site":"@APeneira","twitter_misc":{"Escrito por":"Artigos Opini\u00f3n","Tempo de lectura":"3 minutos"},"schema":{"@context":"https:\/\/schema.org","@graph":[{"@type":"Article","@id":"https:\/\/www.anovapeneira.gal\/index.php\/2023\/07\/19\/orgullo-galego\/#article","isPartOf":{"@id":"https:\/\/www.anovapeneira.gal\/index.php\/2023\/07\/19\/orgullo-galego\/"},"author":{"name":"Artigos Opini\u00f3n","@id":"https:\/\/www.anovapeneira.gal\/#\/schema\/person\/f18a4feb302e8f20bcef4490b5b60bb3"},"headline":"Orgullo Galego","datePublished":"2023-07-19T10:00:56+00:00","mainEntityOfPage":{"@id":"https:\/\/www.anovapeneira.gal\/index.php\/2023\/07\/19\/orgullo-galego\/"},"wordCount":584,"commentCount":0,"publisher":{"@id":"https:\/\/www.anovapeneira.gal\/#organization"},"image":{"@id":"https:\/\/www.anovapeneira.gal\/index.php\/2023\/07\/19\/orgullo-galego\/#primaryimage"},"thumbnailUrl":"https:\/\/www.anovapeneira.gal\/wp-content\/uploads\/2021\/03\/Vicki_Alonso_voceira_psoe_mos.jpg","keywords":["Victoria Alonso"],"articleSection":["Artigos de opini\u00f3n"],"inLanguage":"gl-ES","potentialAction":[{"@type":"CommentAction","name":"Comment","target":["https:\/\/www.anovapeneira.gal\/index.php\/2023\/07\/19\/orgullo-galego\/#respond"]}]},{"@type":"WebPage","@id":"https:\/\/www.anovapeneira.gal\/index.php\/2023\/07\/19\/orgullo-galego\/","url":"https:\/\/www.anovapeneira.gal\/index.php\/2023\/07\/19\/orgullo-galego\/","name":"Orgullo Galego -","isPartOf":{"@id":"https:\/\/www.anovapeneira.gal\/#website"},"primaryImageOfPage":{"@id":"https:\/\/www.anovapeneira.gal\/index.php\/2023\/07\/19\/orgullo-galego\/#primaryimage"},"image":{"@id":"https:\/\/www.anovapeneira.gal\/index.php\/2023\/07\/19\/orgullo-galego\/#primaryimage"},"thumbnailUrl":"https:\/\/www.anovapeneira.gal\/wp-content\/uploads\/2021\/03\/Vicki_Alonso_voceira_psoe_mos.jpg","datePublished":"2023-07-19T10:00:56+00:00","description":"Para os que sentimos paix\u00f3n pola nosa terra, o d\u00eda 25 de xullo \u00e9 moito m\u00e1is que un d\u00eda de festa. O 25 \u00e9 un d\u00eda de orgullo por todo o que Galicia significa para nos","breadcrumb":{"@id":"https:\/\/www.anovapeneira.gal\/index.php\/2023\/07\/19\/orgullo-galego\/#breadcrumb"},"inLanguage":"gl-ES","potentialAction":[{"@type":"ReadAction","target":["https:\/\/www.anovapeneira.gal\/index.php\/2023\/07\/19\/orgullo-galego\/"]}]},{"@type":"ImageObject","inLanguage":"gl-ES","@id":"https:\/\/www.anovapeneira.gal\/index.php\/2023\/07\/19\/orgullo-galego\/#primaryimage","url":"https:\/\/www.anovapeneira.gal\/wp-content\/uploads\/2021\/03\/Vicki_Alonso_voceira_psoe_mos.jpg","contentUrl":"https:\/\/www.anovapeneira.gal\/wp-content\/uploads\/2021\/03\/Vicki_Alonso_voceira_psoe_mos.jpg","width":720,"height":432,"caption":"Vicki Alonso voceira do PSOE de Mos"},{"@type":"BreadcrumbList","@id":"https:\/\/www.anovapeneira.gal\/index.php\/2023\/07\/19\/orgullo-galego\/#breadcrumb","itemListElement":[{"@type":"ListItem","position":1,"name":"Portada","item":"https:\/\/www.anovapeneira.gal\/"},{"@type":"ListItem","position":2,"name":"Orgullo Galego"}]},{"@type":"WebSite","@id":"https:\/\/www.anovapeneira.gal\/#website","url":"https:\/\/www.anovapeneira.gal\/","name":"","description":"Xornal galego de informaci\u00f3n xeral Publicaci\u00f3n mensual de novas de Galicia e en especial dos Concellos da sur da provincia de Pontevedra.","publisher":{"@id":"https:\/\/www.anovapeneira.gal\/#organization"},"potentialAction":[{"@type":"SearchAction","target":{"@type":"EntryPoint","urlTemplate":"https:\/\/www.anovapeneira.gal\/?s={search_term_string}"},"query-input":{"@type":"PropertyValueSpecification","valueRequired":true,"valueName":"search_term_string"}}],"inLanguage":"gl-ES"},{"@type":"Organization","@id":"https:\/\/www.anovapeneira.gal\/#organization","name":"A Nova Peneira","url":"https:\/\/www.anovapeneira.gal\/","logo":{"@type":"ImageObject","inLanguage":"gl-ES","@id":"https:\/\/www.anovapeneira.gal\/#\/schema\/logo\/image\/","url":"http:\/\/www.anovapeneira.gal\/wp-content\/uploads\/2019\/06\/logo_a_nova_peneira_portal_web.png","contentUrl":"http:\/\/www.anovapeneira.gal\/wp-content\/uploads\/2019\/06\/logo_a_nova_peneira_portal_web.png","width":300,"height":100,"caption":"A Nova Peneira"},"image":{"@id":"https:\/\/www.anovapeneira.gal\/#\/schema\/logo\/image\/"},"sameAs":["https:\/\/www.facebook.com\/anovapeneira","https:\/\/x.com\/APeneira"]},{"@type":"Person","@id":"https:\/\/www.anovapeneira.gal\/#\/schema\/person\/f18a4feb302e8f20bcef4490b5b60bb3","name":"Artigos Opini\u00f3n","image":{"@type":"ImageObject","inLanguage":"gl-ES","@id":"https:\/\/secure.gravatar.com\/avatar\/072844300f4881150aee2da4278f7a65d16eefdf8262eb67085f1e702de2b959?s=96&d=mm&r=g","url":"https:\/\/secure.gravatar.com\/avatar\/072844300f4881150aee2da4278f7a65d16eefdf8262eb67085f1e702de2b959?s=96&d=mm&r=g","contentUrl":"https:\/\/secure.gravatar.com\/avatar\/072844300f4881150aee2da4278f7a65d16eefdf8262eb67085f1e702de2b959?s=96&d=mm&r=g","caption":"Artigos Opini\u00f3n"},"sameAs":["http:\/\/anovapeneira.gal"],"url":"https:\/\/www.anovapeneira.gal\/index.php\/author\/artigosopinion\/"}]}},"jetpack_featured_media_url":"https:\/\/www.anovapeneira.gal\/wp-content\/uploads\/2021\/03\/Vicki_Alonso_voceira_psoe_mos.jpg","_links":{"self":[{"href":"https:\/\/www.anovapeneira.gal\/index.php\/wp-json\/wp\/v2\/posts\/10136","targetHints":{"allow":["GET"]}}],"collection":[{"href":"https:\/\/www.anovapeneira.gal\/index.php\/wp-json\/wp\/v2\/posts"}],"about":[{"href":"https:\/\/www.anovapeneira.gal\/index.php\/wp-json\/wp\/v2\/types\/post"}],"author":[{"embeddable":true,"href":"https:\/\/www.anovapeneira.gal\/index.php\/wp-json\/wp\/v2\/users\/12"}],"replies":[{"embeddable":true,"href":"https:\/\/www.anovapeneira.gal\/index.php\/wp-json\/wp\/v2\/comments?post=10136"}],"version-history":[{"count":1,"href":"https:\/\/www.anovapeneira.gal\/index.php\/wp-json\/wp\/v2\/posts\/10136\/revisions"}],"predecessor-version":[{"id":10137,"href":"https:\/\/www.anovapeneira.gal\/index.php\/wp-json\/wp\/v2\/posts\/10136\/revisions\/10137"}],"wp:featuredmedia":[{"embeddable":true,"href":"https:\/\/www.anovapeneira.gal\/index.php\/wp-json\/wp\/v2\/media\/5140"}],"wp:attachment":[{"href":"https:\/\/www.anovapeneira.gal\/index.php\/wp-json\/wp\/v2\/media?parent=10136"}],"wp:term":[{"taxonomy":"category","embeddable":true,"href":"https:\/\/www.anovapeneira.gal\/index.php\/wp-json\/wp\/v2\/categories?post=10136"},{"taxonomy":"post_tag","embeddable":true,"href":"https:\/\/www.anovapeneira.gal\/index.php\/wp-json\/wp\/v2\/tags?post=10136"}],"curies":[{"name":"wp","href":"https:\/\/api.w.org\/{rel}","templated":true}]}}