{"id":10145,"date":"2023-07-21T10:00:12","date_gmt":"2023-07-21T08:00:12","guid":{"rendered":"https:\/\/www.anovapeneira.gal\/?p=10145"},"modified":"2023-07-14T12:06:42","modified_gmt":"2023-07-14T10:06:42","slug":"sempre-o-25-de-xullo-a-santiago","status":"publish","type":"post","link":"https:\/\/www.anovapeneira.gal\/index.php\/2023\/07\/21\/sempre-o-25-de-xullo-a-santiago\/","title":{"rendered":"Sempre o 25 de xullo a Santiago!"},"content":{"rendered":"\n<figure class=\"wp-block-image size-full is-resized\"><img loading=\"lazy\" decoding=\"async\" src=\"https:\/\/www.anovapeneira.gal\/wp-content\/uploads\/2023\/07\/Xabier_Toba.jpg\" alt=\"\" class=\"wp-image-10149\" width=\"95\" height=\"115\"\/><\/figure>\n\n\n\n<pre class=\"wp-block-verse\">Xabier Toba<\/pre>\n\n\n\n<p>Recibo hai uns d\u00edas unha chamada do diretor da Peneira reclamando-me un artigo que achegue aos leitores e leitoras da revista, a celebraci\u00f3ndo 25 de Xullo, o D\u00eda da Patria Galega.<\/p>\n\n\n\n<p>Para m\u00edn este ano ser\u00e1 un ano m\u00e1isque asisto \u00e1celebraci\u00f3n do D\u00eda da Patria, maisser\u00e1 tam\u00e9n un ano diferente. Todos o son.<\/p>\n\n\n\n<p>Te\u00f1en pasadomoitos anos dende aquel 1976 no que un mozo que adoitara con plena conciencia asconvici\u00f3ns galeguistas e socialistas, facendo parte de ERGA,acudira a Santiagopola primeira vez.<\/p>\n\n\n\n<p>Foi aquela unha celebraci\u00f3n proh\u00edbida, perseguida, ilegal como lembraran amigos e amigas que tam\u00e9n estiveron al\u00ed . Logo houbo m\u00e1is. Ilegais primeiro, toleradas despoise ao f\u00edn completamente normalizadas<\/p>\n\n\n\n<p>Ausenteime soen duas ocasi\u00f3ns. Nunha delas pola morte dun familiar, un mozo con toda a vida por diante ao que se lle quebrou o coraz\u00f3n. A outrafoi cando aconteceu o terribel acidente da curva de Angrois, unha traxedia provocada pola suma da incompetenciae do abandono que sofren as infraestruturas ferroviarias na Galizadende sempre, e que espantouGalizaenteir<\/p>\n\n\n\n<p>a.<\/p>\n\n\n\n<p>Este ano non faltarei \u00e1 cita, esa que cada ano convocanos aos que estamos identificados e comprometidos coa existencia e a pervivenciade Galizae que anseiamos a nosa soberan\u00eda. Velai o noso compromiso, ocompromiso dosque sabemos que o 25 de Xullo \u00e9 a cita anual, o final e o inicio dun novo ciclo no que se anovan as nosas ilusi\u00f3ns, a nosadecisi\u00f3n de facer Galiza.Na Praza da Quintana, e logo de percorrer as r\u00faas da capital de Galiza, celebraremos esa asembleia aberta comoxuramentadospart\u00edcipes dunha ideia coletiva e xusta.<\/p>\n\n\n\n<p>Dec\u00eda-vos ao inicio, que este ano, coma todos, tam\u00e9n ser\u00e1diferente<\/p>\n\n\n\n<p>En primeiro lugar porque imos ser recibidos por unha alcaldesa nacionalista, Goretti Sanmart\u00edn, que quere iniciar o seu mandato reclamando o esp\u00edrito galego e galeguista da celebraci\u00f3ndo D\u00eda de Galiza.Forzae moita sortecompa\u00f1eira!<\/p>\n\n\n\n<p>Ademais, sen d\u00fabida este ano, a nosa convocatoria, estar\u00e1 de alg\u00fan xeito definida pola celebraci\u00f3n das eleci\u00f3ns xerais o d\u00eda 23 de xullo. Seguro que iremos a Santiago \u00e1 sombra dos resultados que motivaran as nosasreflexi\u00f3ns eos nosos sentimentos<\/p>\n\n\n\n<p>.Non \u00e9 tempo de xogar as adivi\u00f1as cos resultados. Agora, cando escrebo estas palabras, \u00e9 o tempo da campa\u00f1a, da axitaci\u00f3n, do convivio a amigos, amigase familiarespara animar \u00e1 participaci\u00f3n e a votar en galego, para o ben de Galiza e para deter o impulso reacionario alimentado dende Madrid.Para votar BNG.<\/p>\n\n\n\n<p>Eu agardo esperanzado que ese d\u00eda poidamos celebrar un bon resultado para o nacionalismo galego e ao tempo, un resultado que alonxe do noso presente e do futuro imediato a unha dereita intratabel entregada aos setores ideol\u00f3xicos m\u00e1is radicais, m\u00e1is centralistas e antidemocr\u00e1ticos<\/p>\n\n\n\n<p>. E por suposto desexo a costituci\u00f3n dun governo no que as forzas nacionalistas te\u00f1an unha influencia decisiva.<\/p>\n\n\n\n<p>O tempo dir\u00e1, m\u00e1is en todo caso ali estarei nesa asembleia que ter\u00e1 carater de celebraci\u00f3n entodo caso mais tam\u00e9n de conxura,de civil ato de fraternidade, decompromiso con Galiza, coa liberdade e coa xustiza.<\/p>\n\n\n\n<p>Un apunte final. Escribo estas palabras xustamente o d\u00eda 12 de xullo de 2023. Xustamente o 12 de xullo do 2020, celebraban-se as eleci\u00f3ns galegas convocadas por Alberto N\u00fa\u00f1ezFeij\u00f3o,por certo, o mesmo que agora rexeita a convocatoria eleitoral do 23 de xullo.Sencomentarios<\/p>\n\n\n\n<p>Pois ben esteD\u00eda da Patriaresulta especialmente importante por canto nos pr\u00f3ximos meses celebraran-se eleci\u00f3ns na Galizae teremos a oportunidade de escoller un novo Parlamento que posibilite a eleci\u00f3n dun governo galego presidido por primeira vez por unha muller: Ana Pont\u00f3n.<\/p>\n\n\n\n<p>Os nacionalistas precisamosunha grande movilizaci\u00f3n este 25 de Xullo.Compre facer un supremoesforzo para que a concentraci\u00f3n da Praza da Quintana sexa unha grande asembleia que impulse a consecuci\u00f3n dese obxectivo.<\/p>\n\n\n\n<p>Conxur\u00e9mo-nos pois este 25 de Xullo D\u00eda da Patria Galega na Praza da Quintana para a consecuci\u00f3n dese novo governo galego.<\/p>\n","protected":false},"excerpt":{"rendered":"<div class=\"mh-excerpt\"><p>Recibo hai uns d\u00edas unha chamada do diretor da Peneira reclamando-me un artigo que achegue aos leitores e leitoras da revista, a celebraci\u00f3ndo 25 de Xullo, o D\u00eda da Patria Galega <a class=\"mh-excerpt-more\" href=\"https:\/\/www.anovapeneira.gal\/index.php\/2023\/07\/21\/sempre-o-25-de-xullo-a-santiago\/\" title=\"Sempre o 25 de xullo a Santiago!\">[&#8230;]<\/a><\/p>\n<\/div>","protected":false},"author":12,"featured_media":584,"comment_status":"open","ping_status":"open","sticky":false,"template":"","format":"standard","meta":{"_exactmetrics_skip_tracking":false,"_exactmetrics_sitenote_active":false,"_exactmetrics_sitenote_note":"","_exactmetrics_sitenote_category":0,"footnotes":""},"categories":[7],"tags":[1364],"class_list":{"0":"post-10145","1":"post","2":"type-post","3":"status-publish","4":"format-standard","5":"has-post-thumbnail","7":"category-artigos-de-opinion","8":"tag-xabier-toba"},"yoast_head":"<!-- This site is optimized with the Yoast SEO plugin v27.4 - https:\/\/yoast.com\/product\/yoast-seo-wordpress\/ -->\n<title>Sempre o 25 de xullo a Santiago! -<\/title>\n<meta name=\"description\" content=\"Recibo hai uns d\u00edas unha chamada do diretor da Peneira reclamando-me un artigo que achegue aos leitores e leitoras da revista, a celebraci\u00f3ndo 25 de Xullo, o D\u00eda da Patria Galega\" \/>\n<meta name=\"robots\" content=\"index, follow, max-snippet:-1, max-image-preview:large, max-video-preview:-1\" \/>\n<link rel=\"canonical\" href=\"https:\/\/www.anovapeneira.gal\/index.php\/2023\/07\/21\/sempre-o-25-de-xullo-a-santiago\/\" \/>\n<meta property=\"og:locale\" content=\"gl_ES\" \/>\n<meta property=\"og:type\" content=\"article\" \/>\n<meta property=\"og:title\" content=\"Sempre o 25 de xullo a Santiago! -\" \/>\n<meta property=\"og:description\" content=\"Recibo hai uns d\u00edas unha chamada do diretor da Peneira reclamando-me un artigo que achegue aos leitores e leitoras da revista, a celebraci\u00f3ndo 25 de Xullo, o D\u00eda da Patria Galega\" \/>\n<meta property=\"og:url\" content=\"https:\/\/www.anovapeneira.gal\/index.php\/2023\/07\/21\/sempre-o-25-de-xullo-a-santiago\/\" \/>\n<meta property=\"article:publisher\" content=\"https:\/\/www.facebook.com\/anovapeneira\" \/>\n<meta property=\"article:published_time\" content=\"2023-07-21T08:00:12+00:00\" \/>\n<meta property=\"og:image\" content=\"https:\/\/www.anovapeneira.gal\/wp-content\/uploads\/2019\/07\/ARTIGO_DE_OPINION_A_NOVA_PENEIRA.jpg\" \/>\n\t<meta property=\"og:image:width\" content=\"720\" \/>\n\t<meta property=\"og:image:height\" content=\"473\" \/>\n\t<meta property=\"og:image:type\" content=\"image\/jpeg\" \/>\n<meta name=\"author\" content=\"Artigos Opini\u00f3n\" \/>\n<meta name=\"twitter:card\" content=\"summary_large_image\" \/>\n<meta name=\"twitter:image\" content=\"https:\/\/www.anovapeneira.gal\/wp-content\/uploads\/2019\/07\/ARTIGO_DE_OPINION_A_NOVA_PENEIRA.jpg\" \/>\n<meta name=\"twitter:creator\" content=\"@APeneira\" \/>\n<meta name=\"twitter:site\" content=\"@APeneira\" \/>\n<meta name=\"twitter:label1\" content=\"Escrito por\" \/>\n\t<meta name=\"twitter:data1\" content=\"Artigos Opini\u00f3n\" \/>\n\t<meta name=\"twitter:label2\" content=\"Tempo de lectura\" \/>\n\t<meta name=\"twitter:data2\" content=\"4 minutos\" \/>\n<script type=\"application\/ld+json\" class=\"yoast-schema-graph\">{\"@context\":\"https:\\\/\\\/schema.org\",\"@graph\":[{\"@type\":\"Article\",\"@id\":\"https:\\\/\\\/www.anovapeneira.gal\\\/index.php\\\/2023\\\/07\\\/21\\\/sempre-o-25-de-xullo-a-santiago\\\/#article\",\"isPartOf\":{\"@id\":\"https:\\\/\\\/www.anovapeneira.gal\\\/index.php\\\/2023\\\/07\\\/21\\\/sempre-o-25-de-xullo-a-santiago\\\/\"},\"author\":{\"name\":\"Artigos Opini\u00f3n\",\"@id\":\"https:\\\/\\\/www.anovapeneira.gal\\\/#\\\/schema\\\/person\\\/f18a4feb302e8f20bcef4490b5b60bb3\"},\"headline\":\"Sempre o 25 de xullo a Santiago!\",\"datePublished\":\"2023-07-21T08:00:12+00:00\",\"mainEntityOfPage\":{\"@id\":\"https:\\\/\\\/www.anovapeneira.gal\\\/index.php\\\/2023\\\/07\\\/21\\\/sempre-o-25-de-xullo-a-santiago\\\/\"},\"wordCount\":672,\"commentCount\":0,\"publisher\":{\"@id\":\"https:\\\/\\\/www.anovapeneira.gal\\\/#organization\"},\"image\":{\"@id\":\"https:\\\/\\\/www.anovapeneira.gal\\\/index.php\\\/2023\\\/07\\\/21\\\/sempre-o-25-de-xullo-a-santiago\\\/#primaryimage\"},\"thumbnailUrl\":\"https:\\\/\\\/www.anovapeneira.gal\\\/wp-content\\\/uploads\\\/2019\\\/07\\\/ARTIGO_DE_OPINION_A_NOVA_PENEIRA.jpg\",\"keywords\":[\"Xabier Toba\"],\"articleSection\":[\"Artigos de opini\u00f3n\"],\"inLanguage\":\"gl-ES\",\"potentialAction\":[{\"@type\":\"CommentAction\",\"name\":\"Comment\",\"target\":[\"https:\\\/\\\/www.anovapeneira.gal\\\/index.php\\\/2023\\\/07\\\/21\\\/sempre-o-25-de-xullo-a-santiago\\\/#respond\"]}]},{\"@type\":\"WebPage\",\"@id\":\"https:\\\/\\\/www.anovapeneira.gal\\\/index.php\\\/2023\\\/07\\\/21\\\/sempre-o-25-de-xullo-a-santiago\\\/\",\"url\":\"https:\\\/\\\/www.anovapeneira.gal\\\/index.php\\\/2023\\\/07\\\/21\\\/sempre-o-25-de-xullo-a-santiago\\\/\",\"name\":\"Sempre o 25 de xullo a Santiago! -\",\"isPartOf\":{\"@id\":\"https:\\\/\\\/www.anovapeneira.gal\\\/#website\"},\"primaryImageOfPage\":{\"@id\":\"https:\\\/\\\/www.anovapeneira.gal\\\/index.php\\\/2023\\\/07\\\/21\\\/sempre-o-25-de-xullo-a-santiago\\\/#primaryimage\"},\"image\":{\"@id\":\"https:\\\/\\\/www.anovapeneira.gal\\\/index.php\\\/2023\\\/07\\\/21\\\/sempre-o-25-de-xullo-a-santiago\\\/#primaryimage\"},\"thumbnailUrl\":\"https:\\\/\\\/www.anovapeneira.gal\\\/wp-content\\\/uploads\\\/2019\\\/07\\\/ARTIGO_DE_OPINION_A_NOVA_PENEIRA.jpg\",\"datePublished\":\"2023-07-21T08:00:12+00:00\",\"description\":\"Recibo hai uns d\u00edas unha chamada do diretor da Peneira reclamando-me un artigo que achegue aos leitores e leitoras da revista, a celebraci\u00f3ndo 25 de Xullo, o D\u00eda da Patria Galega\",\"breadcrumb\":{\"@id\":\"https:\\\/\\\/www.anovapeneira.gal\\\/index.php\\\/2023\\\/07\\\/21\\\/sempre-o-25-de-xullo-a-santiago\\\/#breadcrumb\"},\"inLanguage\":\"gl-ES\",\"potentialAction\":[{\"@type\":\"ReadAction\",\"target\":[\"https:\\\/\\\/www.anovapeneira.gal\\\/index.php\\\/2023\\\/07\\\/21\\\/sempre-o-25-de-xullo-a-santiago\\\/\"]}]},{\"@type\":\"ImageObject\",\"inLanguage\":\"gl-ES\",\"@id\":\"https:\\\/\\\/www.anovapeneira.gal\\\/index.php\\\/2023\\\/07\\\/21\\\/sempre-o-25-de-xullo-a-santiago\\\/#primaryimage\",\"url\":\"https:\\\/\\\/www.anovapeneira.gal\\\/wp-content\\\/uploads\\\/2019\\\/07\\\/ARTIGO_DE_OPINION_A_NOVA_PENEIRA.jpg\",\"contentUrl\":\"https:\\\/\\\/www.anovapeneira.gal\\\/wp-content\\\/uploads\\\/2019\\\/07\\\/ARTIGO_DE_OPINION_A_NOVA_PENEIRA.jpg\",\"width\":720,\"height\":473,\"caption\":\"Artigo de opini\u00f3n A Nova Peneira\"},{\"@type\":\"BreadcrumbList\",\"@id\":\"https:\\\/\\\/www.anovapeneira.gal\\\/index.php\\\/2023\\\/07\\\/21\\\/sempre-o-25-de-xullo-a-santiago\\\/#breadcrumb\",\"itemListElement\":[{\"@type\":\"ListItem\",\"position\":1,\"name\":\"Portada\",\"item\":\"https:\\\/\\\/www.anovapeneira.gal\\\/\"},{\"@type\":\"ListItem\",\"position\":2,\"name\":\"Sempre o 25 de xullo a Santiago!\"}]},{\"@type\":\"WebSite\",\"@id\":\"https:\\\/\\\/www.anovapeneira.gal\\\/#website\",\"url\":\"https:\\\/\\\/www.anovapeneira.gal\\\/\",\"name\":\"\",\"description\":\"Xornal galego de informaci\u00f3n xeral Publicaci\u00f3n mensual de novas de Galicia e en especial dos Concellos da sur da provincia de Pontevedra.\",\"publisher\":{\"@id\":\"https:\\\/\\\/www.anovapeneira.gal\\\/#organization\"},\"potentialAction\":[{\"@type\":\"SearchAction\",\"target\":{\"@type\":\"EntryPoint\",\"urlTemplate\":\"https:\\\/\\\/www.anovapeneira.gal\\\/?s={search_term_string}\"},\"query-input\":{\"@type\":\"PropertyValueSpecification\",\"valueRequired\":true,\"valueName\":\"search_term_string\"}}],\"inLanguage\":\"gl-ES\"},{\"@type\":\"Organization\",\"@id\":\"https:\\\/\\\/www.anovapeneira.gal\\\/#organization\",\"name\":\"A Nova Peneira\",\"url\":\"https:\\\/\\\/www.anovapeneira.gal\\\/\",\"logo\":{\"@type\":\"ImageObject\",\"inLanguage\":\"gl-ES\",\"@id\":\"https:\\\/\\\/www.anovapeneira.gal\\\/#\\\/schema\\\/logo\\\/image\\\/\",\"url\":\"http:\\\/\\\/www.anovapeneira.gal\\\/wp-content\\\/uploads\\\/2019\\\/06\\\/logo_a_nova_peneira_portal_web.png\",\"contentUrl\":\"http:\\\/\\\/www.anovapeneira.gal\\\/wp-content\\\/uploads\\\/2019\\\/06\\\/logo_a_nova_peneira_portal_web.png\",\"width\":300,\"height\":100,\"caption\":\"A Nova Peneira\"},\"image\":{\"@id\":\"https:\\\/\\\/www.anovapeneira.gal\\\/#\\\/schema\\\/logo\\\/image\\\/\"},\"sameAs\":[\"https:\\\/\\\/www.facebook.com\\\/anovapeneira\",\"https:\\\/\\\/x.com\\\/APeneira\"]},{\"@type\":\"Person\",\"@id\":\"https:\\\/\\\/www.anovapeneira.gal\\\/#\\\/schema\\\/person\\\/f18a4feb302e8f20bcef4490b5b60bb3\",\"name\":\"Artigos Opini\u00f3n\",\"image\":{\"@type\":\"ImageObject\",\"inLanguage\":\"gl-ES\",\"@id\":\"https:\\\/\\\/secure.gravatar.com\\\/avatar\\\/072844300f4881150aee2da4278f7a65d16eefdf8262eb67085f1e702de2b959?s=96&d=mm&r=g\",\"url\":\"https:\\\/\\\/secure.gravatar.com\\\/avatar\\\/072844300f4881150aee2da4278f7a65d16eefdf8262eb67085f1e702de2b959?s=96&d=mm&r=g\",\"contentUrl\":\"https:\\\/\\\/secure.gravatar.com\\\/avatar\\\/072844300f4881150aee2da4278f7a65d16eefdf8262eb67085f1e702de2b959?s=96&d=mm&r=g\",\"caption\":\"Artigos Opini\u00f3n\"},\"sameAs\":[\"http:\\\/\\\/anovapeneira.gal\"],\"url\":\"https:\\\/\\\/www.anovapeneira.gal\\\/index.php\\\/author\\\/artigosopinion\\\/\"}]}<\/script>\n<!-- \/ Yoast SEO plugin. -->","yoast_head_json":{"title":"Sempre o 25 de xullo a Santiago! -","description":"Recibo hai uns d\u00edas unha chamada do diretor da Peneira reclamando-me un artigo que achegue aos leitores e leitoras da revista, a celebraci\u00f3ndo 25 de Xullo, o D\u00eda da Patria Galega","robots":{"index":"index","follow":"follow","max-snippet":"max-snippet:-1","max-image-preview":"max-image-preview:large","max-video-preview":"max-video-preview:-1"},"canonical":"https:\/\/www.anovapeneira.gal\/index.php\/2023\/07\/21\/sempre-o-25-de-xullo-a-santiago\/","og_locale":"gl_ES","og_type":"article","og_title":"Sempre o 25 de xullo a Santiago! -","og_description":"Recibo hai uns d\u00edas unha chamada do diretor da Peneira reclamando-me un artigo que achegue aos leitores e leitoras da revista, a celebraci\u00f3ndo 25 de Xullo, o D\u00eda da Patria Galega","og_url":"https:\/\/www.anovapeneira.gal\/index.php\/2023\/07\/21\/sempre-o-25-de-xullo-a-santiago\/","article_publisher":"https:\/\/www.facebook.com\/anovapeneira","article_published_time":"2023-07-21T08:00:12+00:00","og_image":[{"width":720,"height":473,"url":"https:\/\/www.anovapeneira.gal\/wp-content\/uploads\/2019\/07\/ARTIGO_DE_OPINION_A_NOVA_PENEIRA.jpg","type":"image\/jpeg"}],"author":"Artigos Opini\u00f3n","twitter_card":"summary_large_image","twitter_image":"https:\/\/www.anovapeneira.gal\/wp-content\/uploads\/2019\/07\/ARTIGO_DE_OPINION_A_NOVA_PENEIRA.jpg","twitter_creator":"@APeneira","twitter_site":"@APeneira","twitter_misc":{"Escrito por":"Artigos Opini\u00f3n","Tempo de lectura":"4 minutos"},"schema":{"@context":"https:\/\/schema.org","@graph":[{"@type":"Article","@id":"https:\/\/www.anovapeneira.gal\/index.php\/2023\/07\/21\/sempre-o-25-de-xullo-a-santiago\/#article","isPartOf":{"@id":"https:\/\/www.anovapeneira.gal\/index.php\/2023\/07\/21\/sempre-o-25-de-xullo-a-santiago\/"},"author":{"name":"Artigos Opini\u00f3n","@id":"https:\/\/www.anovapeneira.gal\/#\/schema\/person\/f18a4feb302e8f20bcef4490b5b60bb3"},"headline":"Sempre o 25 de xullo a Santiago!","datePublished":"2023-07-21T08:00:12+00:00","mainEntityOfPage":{"@id":"https:\/\/www.anovapeneira.gal\/index.php\/2023\/07\/21\/sempre-o-25-de-xullo-a-santiago\/"},"wordCount":672,"commentCount":0,"publisher":{"@id":"https:\/\/www.anovapeneira.gal\/#organization"},"image":{"@id":"https:\/\/www.anovapeneira.gal\/index.php\/2023\/07\/21\/sempre-o-25-de-xullo-a-santiago\/#primaryimage"},"thumbnailUrl":"https:\/\/www.anovapeneira.gal\/wp-content\/uploads\/2019\/07\/ARTIGO_DE_OPINION_A_NOVA_PENEIRA.jpg","keywords":["Xabier Toba"],"articleSection":["Artigos de opini\u00f3n"],"inLanguage":"gl-ES","potentialAction":[{"@type":"CommentAction","name":"Comment","target":["https:\/\/www.anovapeneira.gal\/index.php\/2023\/07\/21\/sempre-o-25-de-xullo-a-santiago\/#respond"]}]},{"@type":"WebPage","@id":"https:\/\/www.anovapeneira.gal\/index.php\/2023\/07\/21\/sempre-o-25-de-xullo-a-santiago\/","url":"https:\/\/www.anovapeneira.gal\/index.php\/2023\/07\/21\/sempre-o-25-de-xullo-a-santiago\/","name":"Sempre o 25 de xullo a Santiago! -","isPartOf":{"@id":"https:\/\/www.anovapeneira.gal\/#website"},"primaryImageOfPage":{"@id":"https:\/\/www.anovapeneira.gal\/index.php\/2023\/07\/21\/sempre-o-25-de-xullo-a-santiago\/#primaryimage"},"image":{"@id":"https:\/\/www.anovapeneira.gal\/index.php\/2023\/07\/21\/sempre-o-25-de-xullo-a-santiago\/#primaryimage"},"thumbnailUrl":"https:\/\/www.anovapeneira.gal\/wp-content\/uploads\/2019\/07\/ARTIGO_DE_OPINION_A_NOVA_PENEIRA.jpg","datePublished":"2023-07-21T08:00:12+00:00","description":"Recibo hai uns d\u00edas unha chamada do diretor da Peneira reclamando-me un artigo que achegue aos leitores e leitoras da revista, a celebraci\u00f3ndo 25 de Xullo, o D\u00eda da Patria Galega","breadcrumb":{"@id":"https:\/\/www.anovapeneira.gal\/index.php\/2023\/07\/21\/sempre-o-25-de-xullo-a-santiago\/#breadcrumb"},"inLanguage":"gl-ES","potentialAction":[{"@type":"ReadAction","target":["https:\/\/www.anovapeneira.gal\/index.php\/2023\/07\/21\/sempre-o-25-de-xullo-a-santiago\/"]}]},{"@type":"ImageObject","inLanguage":"gl-ES","@id":"https:\/\/www.anovapeneira.gal\/index.php\/2023\/07\/21\/sempre-o-25-de-xullo-a-santiago\/#primaryimage","url":"https:\/\/www.anovapeneira.gal\/wp-content\/uploads\/2019\/07\/ARTIGO_DE_OPINION_A_NOVA_PENEIRA.jpg","contentUrl":"https:\/\/www.anovapeneira.gal\/wp-content\/uploads\/2019\/07\/ARTIGO_DE_OPINION_A_NOVA_PENEIRA.jpg","width":720,"height":473,"caption":"Artigo de opini\u00f3n A Nova Peneira"},{"@type":"BreadcrumbList","@id":"https:\/\/www.anovapeneira.gal\/index.php\/2023\/07\/21\/sempre-o-25-de-xullo-a-santiago\/#breadcrumb","itemListElement":[{"@type":"ListItem","position":1,"name":"Portada","item":"https:\/\/www.anovapeneira.gal\/"},{"@type":"ListItem","position":2,"name":"Sempre o 25 de xullo a Santiago!"}]},{"@type":"WebSite","@id":"https:\/\/www.anovapeneira.gal\/#website","url":"https:\/\/www.anovapeneira.gal\/","name":"","description":"Xornal galego de informaci\u00f3n xeral Publicaci\u00f3n mensual de novas de Galicia e en especial dos Concellos da sur da provincia de Pontevedra.","publisher":{"@id":"https:\/\/www.anovapeneira.gal\/#organization"},"potentialAction":[{"@type":"SearchAction","target":{"@type":"EntryPoint","urlTemplate":"https:\/\/www.anovapeneira.gal\/?s={search_term_string}"},"query-input":{"@type":"PropertyValueSpecification","valueRequired":true,"valueName":"search_term_string"}}],"inLanguage":"gl-ES"},{"@type":"Organization","@id":"https:\/\/www.anovapeneira.gal\/#organization","name":"A Nova Peneira","url":"https:\/\/www.anovapeneira.gal\/","logo":{"@type":"ImageObject","inLanguage":"gl-ES","@id":"https:\/\/www.anovapeneira.gal\/#\/schema\/logo\/image\/","url":"http:\/\/www.anovapeneira.gal\/wp-content\/uploads\/2019\/06\/logo_a_nova_peneira_portal_web.png","contentUrl":"http:\/\/www.anovapeneira.gal\/wp-content\/uploads\/2019\/06\/logo_a_nova_peneira_portal_web.png","width":300,"height":100,"caption":"A Nova Peneira"},"image":{"@id":"https:\/\/www.anovapeneira.gal\/#\/schema\/logo\/image\/"},"sameAs":["https:\/\/www.facebook.com\/anovapeneira","https:\/\/x.com\/APeneira"]},{"@type":"Person","@id":"https:\/\/www.anovapeneira.gal\/#\/schema\/person\/f18a4feb302e8f20bcef4490b5b60bb3","name":"Artigos Opini\u00f3n","image":{"@type":"ImageObject","inLanguage":"gl-ES","@id":"https:\/\/secure.gravatar.com\/avatar\/072844300f4881150aee2da4278f7a65d16eefdf8262eb67085f1e702de2b959?s=96&d=mm&r=g","url":"https:\/\/secure.gravatar.com\/avatar\/072844300f4881150aee2da4278f7a65d16eefdf8262eb67085f1e702de2b959?s=96&d=mm&r=g","contentUrl":"https:\/\/secure.gravatar.com\/avatar\/072844300f4881150aee2da4278f7a65d16eefdf8262eb67085f1e702de2b959?s=96&d=mm&r=g","caption":"Artigos Opini\u00f3n"},"sameAs":["http:\/\/anovapeneira.gal"],"url":"https:\/\/www.anovapeneira.gal\/index.php\/author\/artigosopinion\/"}]}},"jetpack_featured_media_url":"https:\/\/www.anovapeneira.gal\/wp-content\/uploads\/2019\/07\/ARTIGO_DE_OPINION_A_NOVA_PENEIRA.jpg","_links":{"self":[{"href":"https:\/\/www.anovapeneira.gal\/index.php\/wp-json\/wp\/v2\/posts\/10145","targetHints":{"allow":["GET"]}}],"collection":[{"href":"https:\/\/www.anovapeneira.gal\/index.php\/wp-json\/wp\/v2\/posts"}],"about":[{"href":"https:\/\/www.anovapeneira.gal\/index.php\/wp-json\/wp\/v2\/types\/post"}],"author":[{"embeddable":true,"href":"https:\/\/www.anovapeneira.gal\/index.php\/wp-json\/wp\/v2\/users\/12"}],"replies":[{"embeddable":true,"href":"https:\/\/www.anovapeneira.gal\/index.php\/wp-json\/wp\/v2\/comments?post=10145"}],"version-history":[{"count":3,"href":"https:\/\/www.anovapeneira.gal\/index.php\/wp-json\/wp\/v2\/posts\/10145\/revisions"}],"predecessor-version":[{"id":10150,"href":"https:\/\/www.anovapeneira.gal\/index.php\/wp-json\/wp\/v2\/posts\/10145\/revisions\/10150"}],"wp:featuredmedia":[{"embeddable":true,"href":"https:\/\/www.anovapeneira.gal\/index.php\/wp-json\/wp\/v2\/media\/584"}],"wp:attachment":[{"href":"https:\/\/www.anovapeneira.gal\/index.php\/wp-json\/wp\/v2\/media?parent=10145"}],"wp:term":[{"taxonomy":"category","embeddable":true,"href":"https:\/\/www.anovapeneira.gal\/index.php\/wp-json\/wp\/v2\/categories?post=10145"},{"taxonomy":"post_tag","embeddable":true,"href":"https:\/\/www.anovapeneira.gal\/index.php\/wp-json\/wp\/v2\/tags?post=10145"}],"curies":[{"name":"wp","href":"https:\/\/api.w.org\/{rel}","templated":true}]}}