{"id":10151,"date":"2023-07-21T12:00:11","date_gmt":"2023-07-21T10:00:11","guid":{"rendered":"https:\/\/www.anovapeneira.gal\/?p=10151"},"modified":"2023-07-14T12:14:26","modified_gmt":"2023-07-14T10:14:26","slug":"a-folga-do-metal","status":"publish","type":"post","link":"https:\/\/www.anovapeneira.gal\/index.php\/2023\/07\/21\/a-folga-do-metal\/","title":{"rendered":"A Folga do Metal"},"content":{"rendered":"\n<p><strong>As imaxes que ilustran esta nova corresponden \u00e1s feridas, resultantes da carga policial, que sufriron varios dos manifestantes que participaron nalgunha das concentraci\u00f3ns que as distintas centras sindicais convocaron na recente folga do metal. Estas persoas non son delincuentes .Son traballadores e traballadoras que protestan na procura dunhas mellores condici\u00f3ns laborais. Exactamente igual que o fai calquera colectivo cando sente lesionados os seus dereitos, os polic\u00edas tam\u00e9n. E esta non \u00e9 unha forma correcta de solucionar un conflito laboral, que se debe de abordar nunha mesa de negociaci\u00f3ns.<\/strong><\/p>\n\n\n\n<p><strong>Na vida cada un \u00e9 moi libre de escoller o lado no que situarse, ou incluso de elixir mirar a outro lado. N\u00f3s cos traballadores e traballadoras do metal.<\/strong><\/p>\n\n\n\n<figure class=\"wp-block-gallery has-nested-images columns-default is-cropped wp-block-gallery-1 is-layout-flex wp-block-gallery-is-layout-flex\">\n<figure class=\"wp-block-image size-large\"><img loading=\"lazy\" decoding=\"async\" width=\"768\" height=\"1024\" data-id=\"10152\" src=\"https:\/\/www.anovapeneira.gal\/wp-content\/uploads\/2023\/07\/Folga-Metal-5-768x1024.jpg\" alt=\"\" class=\"wp-image-10152\" srcset=\"https:\/\/www.anovapeneira.gal\/wp-content\/uploads\/2023\/07\/Folga-Metal-5-768x1024.jpg 768w, https:\/\/www.anovapeneira.gal\/wp-content\/uploads\/2023\/07\/Folga-Metal-5-225x300.jpg 225w, https:\/\/www.anovapeneira.gal\/wp-content\/uploads\/2023\/07\/Folga-Metal-5-1152x1536.jpg 1152w, https:\/\/www.anovapeneira.gal\/wp-content\/uploads\/2023\/07\/Folga-Metal-5.jpg 1200w\" sizes=\"auto, (max-width: 768px) 100vw, 768px\" \/><\/figure>\n\n\n\n<figure class=\"wp-block-image size-large\"><img loading=\"lazy\" decoding=\"async\" width=\"1024\" height=\"768\" data-id=\"10155\" src=\"https:\/\/www.anovapeneira.gal\/wp-content\/uploads\/2023\/07\/Folga-Metal-4-1024x768.jpg\" alt=\"\" class=\"wp-image-10155\" srcset=\"https:\/\/www.anovapeneira.gal\/wp-content\/uploads\/2023\/07\/Folga-Metal-4-1024x768.jpg 1024w, https:\/\/www.anovapeneira.gal\/wp-content\/uploads\/2023\/07\/Folga-Metal-4-300x225.jpg 300w, https:\/\/www.anovapeneira.gal\/wp-content\/uploads\/2023\/07\/Folga-Metal-4-768x576.jpg 768w, https:\/\/www.anovapeneira.gal\/wp-content\/uploads\/2023\/07\/Folga-Metal-4-1536x1152.jpg 1536w, https:\/\/www.anovapeneira.gal\/wp-content\/uploads\/2023\/07\/Folga-Metal-4-678x509.jpg 678w, https:\/\/www.anovapeneira.gal\/wp-content\/uploads\/2023\/07\/Folga-Metal-4-326x245.jpg 326w, https:\/\/www.anovapeneira.gal\/wp-content\/uploads\/2023\/07\/Folga-Metal-4-80x60.jpg 80w, https:\/\/www.anovapeneira.gal\/wp-content\/uploads\/2023\/07\/Folga-Metal-4.jpg 1600w\" sizes=\"auto, (max-width: 1024px) 100vw, 1024px\" \/><\/figure>\n\n\n\n<figure class=\"wp-block-image size-large\"><img loading=\"lazy\" decoding=\"async\" width=\"768\" height=\"1024\" data-id=\"10154\" src=\"https:\/\/www.anovapeneira.gal\/wp-content\/uploads\/2023\/07\/Folga-Metal-3-768x1024.jpg\" alt=\"\" class=\"wp-image-10154\" srcset=\"https:\/\/www.anovapeneira.gal\/wp-content\/uploads\/2023\/07\/Folga-Metal-3-768x1024.jpg 768w, https:\/\/www.anovapeneira.gal\/wp-content\/uploads\/2023\/07\/Folga-Metal-3-225x300.jpg 225w, https:\/\/www.anovapeneira.gal\/wp-content\/uploads\/2023\/07\/Folga-Metal-3-1152x1536.jpg 1152w, https:\/\/www.anovapeneira.gal\/wp-content\/uploads\/2023\/07\/Folga-Metal-3.jpg 1200w\" sizes=\"auto, (max-width: 768px) 100vw, 768px\" \/><\/figure>\n\n\n\n<figure class=\"wp-block-image size-large\"><img loading=\"lazy\" decoding=\"async\" width=\"768\" height=\"1024\" data-id=\"10153\" src=\"https:\/\/www.anovapeneira.gal\/wp-content\/uploads\/2023\/07\/FOLGA-Metal-2-768x1024.jpg\" alt=\"\" class=\"wp-image-10153\" srcset=\"https:\/\/www.anovapeneira.gal\/wp-content\/uploads\/2023\/07\/FOLGA-Metal-2-768x1024.jpg 768w, https:\/\/www.anovapeneira.gal\/wp-content\/uploads\/2023\/07\/FOLGA-Metal-2-225x300.jpg 225w, https:\/\/www.anovapeneira.gal\/wp-content\/uploads\/2023\/07\/FOLGA-Metal-2-1152x1536.jpg 1152w, https:\/\/www.anovapeneira.gal\/wp-content\/uploads\/2023\/07\/FOLGA-Metal-2.jpg 1200w\" sizes=\"auto, (max-width: 768px) 100vw, 768px\" \/><\/figure>\n\n\n\n<figure class=\"wp-block-image size-large\"><img loading=\"lazy\" decoding=\"async\" width=\"768\" height=\"1024\" data-id=\"10156\" src=\"https:\/\/www.anovapeneira.gal\/wp-content\/uploads\/2023\/07\/Folga-Metal-1-768x1024.jpg\" alt=\"\" class=\"wp-image-10156\" srcset=\"https:\/\/www.anovapeneira.gal\/wp-content\/uploads\/2023\/07\/Folga-Metal-1-768x1024.jpg 768w, https:\/\/www.anovapeneira.gal\/wp-content\/uploads\/2023\/07\/Folga-Metal-1-225x300.jpg 225w, https:\/\/www.anovapeneira.gal\/wp-content\/uploads\/2023\/07\/Folga-Metal-1-1152x1536.jpg 1152w, https:\/\/www.anovapeneira.gal\/wp-content\/uploads\/2023\/07\/Folga-Metal-1.jpg 1200w\" sizes=\"auto, (max-width: 768px) 100vw, 768px\" \/><\/figure>\n<\/figure>\n","protected":false},"excerpt":{"rendered":"<div class=\"mh-excerpt\"><p>As imaxes que ilustran esta nova corresponden \u00e1s feridas, resultantes da carga policial, que sufriron varios dos manifestantes que participaron nalgunha das concentraci\u00f3ns que as distintas centras sindicais convocaron na recente folga do metal <a class=\"mh-excerpt-more\" href=\"https:\/\/www.anovapeneira.gal\/index.php\/2023\/07\/21\/a-folga-do-metal\/\" title=\"A Folga do Metal\">[&#8230;]<\/a><\/p>\n<\/div>","protected":false},"author":2,"featured_media":10157,"comment_status":"open","ping_status":"open","sticky":false,"template":"","format":"standard","meta":{"_exactmetrics_skip_tracking":false,"_exactmetrics_sitenote_active":false,"_exactmetrics_sitenote_note":"","_exactmetrics_sitenote_category":0,"footnotes":""},"categories":[19],"tags":[227],"class_list":{"0":"post-10151","1":"post","2":"type-post","3":"status-publish","4":"format-standard","5":"has-post-thumbnail","7":"category-vigo","8":"tag-concello-de-vigo"},"yoast_head":"<!-- This site is optimized with the Yoast SEO plugin v27.4 - https:\/\/yoast.com\/product\/yoast-seo-wordpress\/ -->\n<title>A Folga do Metal -<\/title>\n<meta name=\"description\" content=\"As imaxes que ilustran esta nova corresponden \u00e1s feridas, resultantes da carga policial, que sufriron varios dos manifestantes que participaron nalgunha das concentraci\u00f3ns que as distintas centras sindicais convocaron na recente folga do metal\" \/>\n<meta name=\"robots\" content=\"index, follow, max-snippet:-1, max-image-preview:large, max-video-preview:-1\" \/>\n<link rel=\"canonical\" href=\"https:\/\/www.anovapeneira.gal\/index.php\/2023\/07\/21\/a-folga-do-metal\/\" \/>\n<meta property=\"og:locale\" content=\"gl_ES\" \/>\n<meta property=\"og:type\" content=\"article\" \/>\n<meta property=\"og:title\" content=\"A Folga do Metal -\" \/>\n<meta property=\"og:description\" content=\"As imaxes que ilustran esta nova corresponden \u00e1s feridas, resultantes da carga policial, que sufriron varios dos manifestantes que participaron nalgunha das concentraci\u00f3ns que as distintas centras sindicais convocaron na recente folga do metal\" \/>\n<meta property=\"og:url\" content=\"https:\/\/www.anovapeneira.gal\/index.php\/2023\/07\/21\/a-folga-do-metal\/\" \/>\n<meta property=\"article:publisher\" content=\"https:\/\/www.facebook.com\/anovapeneira\" \/>\n<meta property=\"article:published_time\" content=\"2023-07-21T10:00:11+00:00\" \/>\n<meta property=\"og:image\" content=\"https:\/\/www.anovapeneira.gal\/wp-content\/uploads\/2023\/07\/metal_vigo.jpg\" \/>\n\t<meta property=\"og:image:width\" content=\"720\" \/>\n\t<meta property=\"og:image:height\" content=\"432\" \/>\n\t<meta property=\"og:image:type\" content=\"image\/jpeg\" \/>\n<meta name=\"author\" content=\"Tino Lago\" \/>\n<meta name=\"twitter:card\" content=\"summary_large_image\" \/>\n<meta name=\"twitter:creator\" content=\"@APeneira\" \/>\n<meta name=\"twitter:site\" content=\"@APeneira\" \/>\n<meta name=\"twitter:label1\" content=\"Escrito por\" \/>\n\t<meta name=\"twitter:data1\" content=\"Tino Lago\" \/>\n\t<meta name=\"twitter:label2\" content=\"Tempo de lectura\" \/>\n\t<meta name=\"twitter:data2\" content=\"2 minutos\" \/>\n<script type=\"application\/ld+json\" class=\"yoast-schema-graph\">{\"@context\":\"https:\\\/\\\/schema.org\",\"@graph\":[{\"@type\":\"Article\",\"@id\":\"https:\\\/\\\/www.anovapeneira.gal\\\/index.php\\\/2023\\\/07\\\/21\\\/a-folga-do-metal\\\/#article\",\"isPartOf\":{\"@id\":\"https:\\\/\\\/www.anovapeneira.gal\\\/index.php\\\/2023\\\/07\\\/21\\\/a-folga-do-metal\\\/\"},\"author\":{\"name\":\"Tino Lago\",\"@id\":\"https:\\\/\\\/www.anovapeneira.gal\\\/#\\\/schema\\\/person\\\/424dfe65e3070fd8a44d22d2c088762a\"},\"headline\":\"A Folga do Metal\",\"datePublished\":\"2023-07-21T10:00:11+00:00\",\"mainEntityOfPage\":{\"@id\":\"https:\\\/\\\/www.anovapeneira.gal\\\/index.php\\\/2023\\\/07\\\/21\\\/a-folga-do-metal\\\/\"},\"wordCount\":125,\"commentCount\":0,\"publisher\":{\"@id\":\"https:\\\/\\\/www.anovapeneira.gal\\\/#organization\"},\"image\":{\"@id\":\"https:\\\/\\\/www.anovapeneira.gal\\\/index.php\\\/2023\\\/07\\\/21\\\/a-folga-do-metal\\\/#primaryimage\"},\"thumbnailUrl\":\"https:\\\/\\\/www.anovapeneira.gal\\\/wp-content\\\/uploads\\\/2023\\\/07\\\/metal_vigo.jpg\",\"keywords\":[\"Concello de Vigo\"],\"articleSection\":[\"Vigo\"],\"inLanguage\":\"gl-ES\",\"potentialAction\":[{\"@type\":\"CommentAction\",\"name\":\"Comment\",\"target\":[\"https:\\\/\\\/www.anovapeneira.gal\\\/index.php\\\/2023\\\/07\\\/21\\\/a-folga-do-metal\\\/#respond\"]}]},{\"@type\":\"WebPage\",\"@id\":\"https:\\\/\\\/www.anovapeneira.gal\\\/index.php\\\/2023\\\/07\\\/21\\\/a-folga-do-metal\\\/\",\"url\":\"https:\\\/\\\/www.anovapeneira.gal\\\/index.php\\\/2023\\\/07\\\/21\\\/a-folga-do-metal\\\/\",\"name\":\"A Folga do Metal -\",\"isPartOf\":{\"@id\":\"https:\\\/\\\/www.anovapeneira.gal\\\/#website\"},\"primaryImageOfPage\":{\"@id\":\"https:\\\/\\\/www.anovapeneira.gal\\\/index.php\\\/2023\\\/07\\\/21\\\/a-folga-do-metal\\\/#primaryimage\"},\"image\":{\"@id\":\"https:\\\/\\\/www.anovapeneira.gal\\\/index.php\\\/2023\\\/07\\\/21\\\/a-folga-do-metal\\\/#primaryimage\"},\"thumbnailUrl\":\"https:\\\/\\\/www.anovapeneira.gal\\\/wp-content\\\/uploads\\\/2023\\\/07\\\/metal_vigo.jpg\",\"datePublished\":\"2023-07-21T10:00:11+00:00\",\"description\":\"As imaxes que ilustran esta nova corresponden \u00e1s feridas, resultantes da carga policial, que sufriron varios dos manifestantes que participaron nalgunha das concentraci\u00f3ns que as distintas centras sindicais convocaron na recente folga do metal\",\"breadcrumb\":{\"@id\":\"https:\\\/\\\/www.anovapeneira.gal\\\/index.php\\\/2023\\\/07\\\/21\\\/a-folga-do-metal\\\/#breadcrumb\"},\"inLanguage\":\"gl-ES\",\"potentialAction\":[{\"@type\":\"ReadAction\",\"target\":[\"https:\\\/\\\/www.anovapeneira.gal\\\/index.php\\\/2023\\\/07\\\/21\\\/a-folga-do-metal\\\/\"]}]},{\"@type\":\"ImageObject\",\"inLanguage\":\"gl-ES\",\"@id\":\"https:\\\/\\\/www.anovapeneira.gal\\\/index.php\\\/2023\\\/07\\\/21\\\/a-folga-do-metal\\\/#primaryimage\",\"url\":\"https:\\\/\\\/www.anovapeneira.gal\\\/wp-content\\\/uploads\\\/2023\\\/07\\\/metal_vigo.jpg\",\"contentUrl\":\"https:\\\/\\\/www.anovapeneira.gal\\\/wp-content\\\/uploads\\\/2023\\\/07\\\/metal_vigo.jpg\",\"width\":720,\"height\":432,\"caption\":\"A Folga do Metal\"},{\"@type\":\"BreadcrumbList\",\"@id\":\"https:\\\/\\\/www.anovapeneira.gal\\\/index.php\\\/2023\\\/07\\\/21\\\/a-folga-do-metal\\\/#breadcrumb\",\"itemListElement\":[{\"@type\":\"ListItem\",\"position\":1,\"name\":\"Portada\",\"item\":\"https:\\\/\\\/www.anovapeneira.gal\\\/\"},{\"@type\":\"ListItem\",\"position\":2,\"name\":\"A Folga do Metal\"}]},{\"@type\":\"WebSite\",\"@id\":\"https:\\\/\\\/www.anovapeneira.gal\\\/#website\",\"url\":\"https:\\\/\\\/www.anovapeneira.gal\\\/\",\"name\":\"\",\"description\":\"Xornal galego de informaci\u00f3n xeral Publicaci\u00f3n mensual de novas de Galicia e en especial dos Concellos da sur da provincia de Pontevedra.\",\"publisher\":{\"@id\":\"https:\\\/\\\/www.anovapeneira.gal\\\/#organization\"},\"potentialAction\":[{\"@type\":\"SearchAction\",\"target\":{\"@type\":\"EntryPoint\",\"urlTemplate\":\"https:\\\/\\\/www.anovapeneira.gal\\\/?s={search_term_string}\"},\"query-input\":{\"@type\":\"PropertyValueSpecification\",\"valueRequired\":true,\"valueName\":\"search_term_string\"}}],\"inLanguage\":\"gl-ES\"},{\"@type\":\"Organization\",\"@id\":\"https:\\\/\\\/www.anovapeneira.gal\\\/#organization\",\"name\":\"A Nova Peneira\",\"url\":\"https:\\\/\\\/www.anovapeneira.gal\\\/\",\"logo\":{\"@type\":\"ImageObject\",\"inLanguage\":\"gl-ES\",\"@id\":\"https:\\\/\\\/www.anovapeneira.gal\\\/#\\\/schema\\\/logo\\\/image\\\/\",\"url\":\"http:\\\/\\\/www.anovapeneira.gal\\\/wp-content\\\/uploads\\\/2019\\\/06\\\/logo_a_nova_peneira_portal_web.png\",\"contentUrl\":\"http:\\\/\\\/www.anovapeneira.gal\\\/wp-content\\\/uploads\\\/2019\\\/06\\\/logo_a_nova_peneira_portal_web.png\",\"width\":300,\"height\":100,\"caption\":\"A Nova Peneira\"},\"image\":{\"@id\":\"https:\\\/\\\/www.anovapeneira.gal\\\/#\\\/schema\\\/logo\\\/image\\\/\"},\"sameAs\":[\"https:\\\/\\\/www.facebook.com\\\/anovapeneira\",\"https:\\\/\\\/x.com\\\/APeneira\"]},{\"@type\":\"Person\",\"@id\":\"https:\\\/\\\/www.anovapeneira.gal\\\/#\\\/schema\\\/person\\\/424dfe65e3070fd8a44d22d2c088762a\",\"name\":\"Tino Lago\",\"image\":{\"@type\":\"ImageObject\",\"inLanguage\":\"gl-ES\",\"@id\":\"https:\\\/\\\/secure.gravatar.com\\\/avatar\\\/b3df6a06e44bab3111583b90f0f33a0379ee5e3d22cbadd232d39f21c30c62be?s=96&d=mm&r=g\",\"url\":\"https:\\\/\\\/secure.gravatar.com\\\/avatar\\\/b3df6a06e44bab3111583b90f0f33a0379ee5e3d22cbadd232d39f21c30c62be?s=96&d=mm&r=g\",\"contentUrl\":\"https:\\\/\\\/secure.gravatar.com\\\/avatar\\\/b3df6a06e44bab3111583b90f0f33a0379ee5e3d22cbadd232d39f21c30c62be?s=96&d=mm&r=g\",\"caption\":\"Tino Lago\"},\"sameAs\":[\"http:\\\/\\\/www.anovapeneira.gal\"],\"url\":\"https:\\\/\\\/www.anovapeneira.gal\\\/index.php\\\/author\\\/director\\\/\"}]}<\/script>\n<!-- \/ Yoast SEO plugin. -->","yoast_head_json":{"title":"A Folga do Metal -","description":"As imaxes que ilustran esta nova corresponden \u00e1s feridas, resultantes da carga policial, que sufriron varios dos manifestantes que participaron nalgunha das concentraci\u00f3ns que as distintas centras sindicais convocaron na recente folga do metal","robots":{"index":"index","follow":"follow","max-snippet":"max-snippet:-1","max-image-preview":"max-image-preview:large","max-video-preview":"max-video-preview:-1"},"canonical":"https:\/\/www.anovapeneira.gal\/index.php\/2023\/07\/21\/a-folga-do-metal\/","og_locale":"gl_ES","og_type":"article","og_title":"A Folga do Metal -","og_description":"As imaxes que ilustran esta nova corresponden \u00e1s feridas, resultantes da carga policial, que sufriron varios dos manifestantes que participaron nalgunha das concentraci\u00f3ns que as distintas centras sindicais convocaron na recente folga do metal","og_url":"https:\/\/www.anovapeneira.gal\/index.php\/2023\/07\/21\/a-folga-do-metal\/","article_publisher":"https:\/\/www.facebook.com\/anovapeneira","article_published_time":"2023-07-21T10:00:11+00:00","og_image":[{"width":720,"height":432,"url":"https:\/\/www.anovapeneira.gal\/wp-content\/uploads\/2023\/07\/metal_vigo.jpg","type":"image\/jpeg"}],"author":"Tino Lago","twitter_card":"summary_large_image","twitter_creator":"@APeneira","twitter_site":"@APeneira","twitter_misc":{"Escrito por":"Tino Lago","Tempo de lectura":"2 minutos"},"schema":{"@context":"https:\/\/schema.org","@graph":[{"@type":"Article","@id":"https:\/\/www.anovapeneira.gal\/index.php\/2023\/07\/21\/a-folga-do-metal\/#article","isPartOf":{"@id":"https:\/\/www.anovapeneira.gal\/index.php\/2023\/07\/21\/a-folga-do-metal\/"},"author":{"name":"Tino Lago","@id":"https:\/\/www.anovapeneira.gal\/#\/schema\/person\/424dfe65e3070fd8a44d22d2c088762a"},"headline":"A Folga do Metal","datePublished":"2023-07-21T10:00:11+00:00","mainEntityOfPage":{"@id":"https:\/\/www.anovapeneira.gal\/index.php\/2023\/07\/21\/a-folga-do-metal\/"},"wordCount":125,"commentCount":0,"publisher":{"@id":"https:\/\/www.anovapeneira.gal\/#organization"},"image":{"@id":"https:\/\/www.anovapeneira.gal\/index.php\/2023\/07\/21\/a-folga-do-metal\/#primaryimage"},"thumbnailUrl":"https:\/\/www.anovapeneira.gal\/wp-content\/uploads\/2023\/07\/metal_vigo.jpg","keywords":["Concello de Vigo"],"articleSection":["Vigo"],"inLanguage":"gl-ES","potentialAction":[{"@type":"CommentAction","name":"Comment","target":["https:\/\/www.anovapeneira.gal\/index.php\/2023\/07\/21\/a-folga-do-metal\/#respond"]}]},{"@type":"WebPage","@id":"https:\/\/www.anovapeneira.gal\/index.php\/2023\/07\/21\/a-folga-do-metal\/","url":"https:\/\/www.anovapeneira.gal\/index.php\/2023\/07\/21\/a-folga-do-metal\/","name":"A Folga do Metal -","isPartOf":{"@id":"https:\/\/www.anovapeneira.gal\/#website"},"primaryImageOfPage":{"@id":"https:\/\/www.anovapeneira.gal\/index.php\/2023\/07\/21\/a-folga-do-metal\/#primaryimage"},"image":{"@id":"https:\/\/www.anovapeneira.gal\/index.php\/2023\/07\/21\/a-folga-do-metal\/#primaryimage"},"thumbnailUrl":"https:\/\/www.anovapeneira.gal\/wp-content\/uploads\/2023\/07\/metal_vigo.jpg","datePublished":"2023-07-21T10:00:11+00:00","description":"As imaxes que ilustran esta nova corresponden \u00e1s feridas, resultantes da carga policial, que sufriron varios dos manifestantes que participaron nalgunha das concentraci\u00f3ns que as distintas centras sindicais convocaron na recente folga do metal","breadcrumb":{"@id":"https:\/\/www.anovapeneira.gal\/index.php\/2023\/07\/21\/a-folga-do-metal\/#breadcrumb"},"inLanguage":"gl-ES","potentialAction":[{"@type":"ReadAction","target":["https:\/\/www.anovapeneira.gal\/index.php\/2023\/07\/21\/a-folga-do-metal\/"]}]},{"@type":"ImageObject","inLanguage":"gl-ES","@id":"https:\/\/www.anovapeneira.gal\/index.php\/2023\/07\/21\/a-folga-do-metal\/#primaryimage","url":"https:\/\/www.anovapeneira.gal\/wp-content\/uploads\/2023\/07\/metal_vigo.jpg","contentUrl":"https:\/\/www.anovapeneira.gal\/wp-content\/uploads\/2023\/07\/metal_vigo.jpg","width":720,"height":432,"caption":"A Folga do Metal"},{"@type":"BreadcrumbList","@id":"https:\/\/www.anovapeneira.gal\/index.php\/2023\/07\/21\/a-folga-do-metal\/#breadcrumb","itemListElement":[{"@type":"ListItem","position":1,"name":"Portada","item":"https:\/\/www.anovapeneira.gal\/"},{"@type":"ListItem","position":2,"name":"A Folga do Metal"}]},{"@type":"WebSite","@id":"https:\/\/www.anovapeneira.gal\/#website","url":"https:\/\/www.anovapeneira.gal\/","name":"","description":"Xornal galego de informaci\u00f3n xeral Publicaci\u00f3n mensual de novas de Galicia e en especial dos Concellos da sur da provincia de Pontevedra.","publisher":{"@id":"https:\/\/www.anovapeneira.gal\/#organization"},"potentialAction":[{"@type":"SearchAction","target":{"@type":"EntryPoint","urlTemplate":"https:\/\/www.anovapeneira.gal\/?s={search_term_string}"},"query-input":{"@type":"PropertyValueSpecification","valueRequired":true,"valueName":"search_term_string"}}],"inLanguage":"gl-ES"},{"@type":"Organization","@id":"https:\/\/www.anovapeneira.gal\/#organization","name":"A Nova Peneira","url":"https:\/\/www.anovapeneira.gal\/","logo":{"@type":"ImageObject","inLanguage":"gl-ES","@id":"https:\/\/www.anovapeneira.gal\/#\/schema\/logo\/image\/","url":"http:\/\/www.anovapeneira.gal\/wp-content\/uploads\/2019\/06\/logo_a_nova_peneira_portal_web.png","contentUrl":"http:\/\/www.anovapeneira.gal\/wp-content\/uploads\/2019\/06\/logo_a_nova_peneira_portal_web.png","width":300,"height":100,"caption":"A Nova Peneira"},"image":{"@id":"https:\/\/www.anovapeneira.gal\/#\/schema\/logo\/image\/"},"sameAs":["https:\/\/www.facebook.com\/anovapeneira","https:\/\/x.com\/APeneira"]},{"@type":"Person","@id":"https:\/\/www.anovapeneira.gal\/#\/schema\/person\/424dfe65e3070fd8a44d22d2c088762a","name":"Tino Lago","image":{"@type":"ImageObject","inLanguage":"gl-ES","@id":"https:\/\/secure.gravatar.com\/avatar\/b3df6a06e44bab3111583b90f0f33a0379ee5e3d22cbadd232d39f21c30c62be?s=96&d=mm&r=g","url":"https:\/\/secure.gravatar.com\/avatar\/b3df6a06e44bab3111583b90f0f33a0379ee5e3d22cbadd232d39f21c30c62be?s=96&d=mm&r=g","contentUrl":"https:\/\/secure.gravatar.com\/avatar\/b3df6a06e44bab3111583b90f0f33a0379ee5e3d22cbadd232d39f21c30c62be?s=96&d=mm&r=g","caption":"Tino Lago"},"sameAs":["http:\/\/www.anovapeneira.gal"],"url":"https:\/\/www.anovapeneira.gal\/index.php\/author\/director\/"}]}},"jetpack_featured_media_url":"https:\/\/www.anovapeneira.gal\/wp-content\/uploads\/2023\/07\/metal_vigo.jpg","_links":{"self":[{"href":"https:\/\/www.anovapeneira.gal\/index.php\/wp-json\/wp\/v2\/posts\/10151","targetHints":{"allow":["GET"]}}],"collection":[{"href":"https:\/\/www.anovapeneira.gal\/index.php\/wp-json\/wp\/v2\/posts"}],"about":[{"href":"https:\/\/www.anovapeneira.gal\/index.php\/wp-json\/wp\/v2\/types\/post"}],"author":[{"embeddable":true,"href":"https:\/\/www.anovapeneira.gal\/index.php\/wp-json\/wp\/v2\/users\/2"}],"replies":[{"embeddable":true,"href":"https:\/\/www.anovapeneira.gal\/index.php\/wp-json\/wp\/v2\/comments?post=10151"}],"version-history":[{"count":1,"href":"https:\/\/www.anovapeneira.gal\/index.php\/wp-json\/wp\/v2\/posts\/10151\/revisions"}],"predecessor-version":[{"id":10158,"href":"https:\/\/www.anovapeneira.gal\/index.php\/wp-json\/wp\/v2\/posts\/10151\/revisions\/10158"}],"wp:featuredmedia":[{"embeddable":true,"href":"https:\/\/www.anovapeneira.gal\/index.php\/wp-json\/wp\/v2\/media\/10157"}],"wp:attachment":[{"href":"https:\/\/www.anovapeneira.gal\/index.php\/wp-json\/wp\/v2\/media?parent=10151"}],"wp:term":[{"taxonomy":"category","embeddable":true,"href":"https:\/\/www.anovapeneira.gal\/index.php\/wp-json\/wp\/v2\/categories?post=10151"},{"taxonomy":"post_tag","embeddable":true,"href":"https:\/\/www.anovapeneira.gal\/index.php\/wp-json\/wp\/v2\/tags?post=10151"}],"curies":[{"name":"wp","href":"https:\/\/api.w.org\/{rel}","templated":true}]}}