{"id":10159,"date":"2023-07-21T09:00:58","date_gmt":"2023-07-21T07:00:58","guid":{"rendered":"https:\/\/www.anovapeneira.gal\/?p=10159"},"modified":"2023-07-14T13:34:26","modified_gmt":"2023-07-14T11:34:26","slug":"o-candidato-nunez-feijoo","status":"publish","type":"post","link":"https:\/\/www.anovapeneira.gal\/index.php\/2023\/07\/21\/o-candidato-nunez-feijoo\/","title":{"rendered":"O candidato N\u00fa\u00f1ez Feijoo"},"content":{"rendered":"\n<p><strong>O resultado do recente cara a cara, entre os dous \u00fanicos candidatos con posibilidades de presidir o pr\u00f3ximo goberno do estado, emitido en Antena 3 e La Sexta, deixou unha sensaci\u00f3n de euforia entre os simpatizantes da dereita espa\u00f1ola pois te\u00f1en a sensaci\u00f3n de que o amigo de Marcial Dorado ga\u00f1ou o debate. Feijoo \u00e9 obxectivamente un insolvente intelectual, un tipo moi limitado, de escasa cultura e que non ten capacidade dial\u00e9ctica para ga\u00f1ar ning\u00fan tipo de debate cando o seu opo\u00f1ente \u00e9 minimamente solvente.<\/strong><\/p>\n\n\n\n<p><strong>Iso s\u00e1beo calquera que non estea cego, e que non estea condicionado por ning\u00fan tipo de apriorismo ideol\u00f3xico. \u00c9 ese, e s\u00f3 ese, o motivo polo que non quere acudir a m\u00e1is debates .Pero non conv\u00e9n minusvaloralo, pois \u00e9 un tramposo que carece de honestidade intelectual e non lle importa soltar todo tipo de trolas. E o candidato do PSOE foi inxenuo e minusvalorouno. No \u00faltimo debate con S\u00e1nchez, imaxino que por consello dos seus asesores, utilizou unha t\u00e9cnica denominada \u201cO Galope de Gish\u201d. Esta consiste en espetar, de maneira esaxeradamente r\u00e1pida,unha colecci\u00f3n de mentiras, datos falsos e medias verdades de forma que descoloques ao teu opo\u00f1ente, pois abraiado ante tal cantidade de datos que desco\u00f1ece perde a capacidade de reacci\u00f3n. Vexamos a colecci\u00f3n de trolas que o candidato Feijoo espetou no mencionado debate:<\/strong><\/p>\n\n\n\n<p><strong>&#8211; Dixo que votou a favor da suba das pensi\u00f3ns. \u00c9 falso votou en contra.<\/strong><\/p>\n\n\n\n<p><strong>-Dixo que o goberno actual creou menos emprego que o goberno de Rajoy. \u00c9 falso leva creados 400.000 empregos m\u00e1is.<\/strong><\/p>\n\n\n\n<p><strong>-Dixo que hai 43.000 aut\u00f3nomos menos que no 2019.\u00c9 falso hai 77.000 m\u00e1is<\/strong><\/p>\n\n\n\n<p><strong>-Dixo que Espa\u00f1a est\u00e1 \u00e1 cola do crecemento europeo. \u00c9 falso hai 14 estados por debaixo<\/strong><\/p>\n\n\n\n<p><strong>-Dixo que non se constru\u00edu ningunha vivenda de alugueiro accesible . \u00c9 falso fix\u00e9ronse 66.000<\/strong><\/p>\n\n\n\n<p><strong>-Dixo que o asunto da espionaxe do m\u00f3bil de S\u00e1nchez arquivouse pola s\u00faa falta de colaboraci\u00f3n. \u00c9 falso foi o estado de Israel quen se negou a colaborar.<\/strong><\/p>\n\n\n\n<p><strong>-Dixo que o prezo da enerx\u00eda cuadriplica ao da Uni\u00f3n. \u00c9 falso est\u00e1 na media.<\/strong><\/p>\n\n\n\n<p><strong>-Dixo que Podemos non asinou o pacto contra a violencia de x\u00e9nero. \u00c9 falso foi Vox quen non o fixo.<\/strong><\/p>\n\n\n\n<p><strong>-Dixo que non pactar\u00e1 con Bildu. Non sei se o far\u00e1 ou non far\u00e1 pero o certo \u00e9 que xa o fixo en Euskadi.<\/strong><\/p>\n\n\n\n<p><strong>E agora para quen estea interesado en tomar unha decisi\u00f3n, o vindeiro 23 de Xullo ,en funci\u00f3n da realidade dos feitos e non da propaganda, as falacias ou as pulsi\u00f3ns emocionais, vexamos os resultados da xesti\u00f3n de Feijoo como presidente da Xunta de Galicia:<\/strong><\/p>\n\n\n\n<p><strong>-No seu mandato Galicia perde todas as entidades financeiras propias : Banco Pastor, Caixa Galicia, Caixa Vigo, Banco Gallego.<\/strong><\/p>\n\n\n\n<p><strong>-No seu mandato Pescanova pasa a mans for\u00e1neas<\/strong><\/p>\n\n\n\n<p><strong>-No seu mandato R pasa a mans for\u00e1neas<\/strong><\/p>\n\n\n\n<p><strong>-No seu mandato pecha Endesa en As Pontes<\/strong><\/p>\n\n\n\n<p><strong>-No seu mandato pecha Naturgy en Cerceda<\/strong><\/p>\n\n\n\n<p><strong>-No seu mandato pecha Alcoa en Coru\u00f1a<\/strong><\/p>\n\n\n\n<p><strong>-No seu mandato o outrora potent\u00edsimo sector naval vigu\u00e9s resulta golpeado dunha maneira impensable. Vigo chegou a ter os dous estaleiros privados m\u00e1is importantes do estado e agora: Vulcano, pechado, e Barreras enormemente minorizado.<\/strong><\/p>\n\n\n\n<p><strong>-No seu mandato, en plena eclosi\u00f3n e\u00f3lica, pechan Vestas e Gamesa, d\u00faas empresas do sector que no seu momento foron moi importantes.<\/strong><\/p>\n\n\n\n<p><strong>-No seu goberno non se logrou nin unha soa transferencia a Galicia das que est\u00e1n sinaladas no noso estatuto de autonom\u00eda. Si, non \u00e9 ningunha broma, nin unha soa, nin a primeira.<\/strong><\/p>\n\n\n\n<p><strong>-No seu mandato propiciouse o monocultivo de eucaliptos.<\/strong><\/p>\n\n\n\n<p><strong>-A pol\u00edtica contra incendios \u00e9 desastrosa. Moito gasto en apagalos e moi pouco en previlos.<\/strong><\/p>\n\n\n\n<p><strong>&#8211; A sanidade p\u00fablica empeorou substancialmente<\/strong><\/p>\n\n\n\n<p><strong>-O decreto do pluriling\u00fcismo leva a que o idioma galego deixe de ser por primeira vez na historia o m\u00e1is falado en Galicia e que as porcentaxes de uso nas xeraci\u00f3ns m\u00e1is nova sexan aterradoras e ameacen a s\u00faa continuidade como lingua viva.<\/strong><\/p>\n\n\n\n<p><strong>&#8230;&#8230;&#8230;&#8230;&#8230;&#8230;&#8230;..E as\u00ed poderiamos seguir<\/strong><\/p>\n\n\n\n<p><strong>E agora quen queira facer presidente a un mentireiro e p\u00e9simo xestor que o vote. E quen te\u00f1a ollos para ver e orellas para o\u00edr que act\u00fae en consecuencia.<\/strong><\/p>\n","protected":false},"excerpt":{"rendered":"<div class=\"mh-excerpt\"><p>O resultado do recente cara a cara, entre os dous \u00fanicos candidatos con posibilidades de presidir o pr\u00f3ximo goberno do estado, emitido en Antena 3 e La Sexta, deixou unha sensaci\u00f3n de euforia entre os simpatizantes da dereita espa\u00f1ola pois te\u00f1en a sensaci\u00f3n de que o amigo de Marcial Dorado ga\u00f1ou o debate <a class=\"mh-excerpt-more\" href=\"https:\/\/www.anovapeneira.gal\/index.php\/2023\/07\/21\/o-candidato-nunez-feijoo\/\" title=\"O candidato N\u00fa\u00f1ez Feijoo\">[&#8230;]<\/a><\/p>\n<\/div>","protected":false},"author":2,"featured_media":10161,"comment_status":"open","ping_status":"open","sticky":false,"template":"","format":"standard","meta":{"_exactmetrics_skip_tracking":false,"_exactmetrics_sitenote_active":false,"_exactmetrics_sitenote_note":"","_exactmetrics_sitenote_category":0,"footnotes":""},"categories":[61],"tags":[1365],"class_list":{"0":"post-10159","1":"post","2":"type-post","3":"status-publish","4":"format-standard","5":"has-post-thumbnail","7":"category-artigo-editorial","8":"tag-nunez-feijoo"},"yoast_head":"<!-- This site is optimized with the Yoast SEO plugin v27.4 - https:\/\/yoast.com\/product\/yoast-seo-wordpress\/ -->\n<title>O candidato N\u00fa\u00f1ez Feijoo -<\/title>\n<meta name=\"description\" content=\"O resultado do recente cara a cara, entre os dous \u00fanicos candidatos con posibilidades de presidir o pr\u00f3ximo goberno do estado, emitido en Antena 3 e La Sexta, deixou unha sensaci\u00f3n de euforia entre os simpatizantes da dereita espa\u00f1ola pois te\u00f1en a sensaci\u00f3n de que o amigo de Marcial Dorado ga\u00f1ou o debate\" \/>\n<meta name=\"robots\" content=\"index, follow, max-snippet:-1, max-image-preview:large, max-video-preview:-1\" \/>\n<link rel=\"canonical\" href=\"https:\/\/www.anovapeneira.gal\/index.php\/2023\/07\/21\/o-candidato-nunez-feijoo\/\" \/>\n<meta property=\"og:locale\" content=\"gl_ES\" \/>\n<meta property=\"og:type\" content=\"article\" \/>\n<meta property=\"og:title\" content=\"O candidato N\u00fa\u00f1ez Feijoo -\" \/>\n<meta property=\"og:description\" content=\"O resultado do recente cara a cara, entre os dous \u00fanicos candidatos con posibilidades de presidir o pr\u00f3ximo goberno do estado, emitido en Antena 3 e La Sexta, deixou unha sensaci\u00f3n de euforia entre os simpatizantes da dereita espa\u00f1ola pois te\u00f1en a sensaci\u00f3n de que o amigo de Marcial Dorado ga\u00f1ou o debate\" \/>\n<meta property=\"og:url\" content=\"https:\/\/www.anovapeneira.gal\/index.php\/2023\/07\/21\/o-candidato-nunez-feijoo\/\" \/>\n<meta property=\"article:publisher\" content=\"https:\/\/www.facebook.com\/anovapeneira\" \/>\n<meta property=\"article:published_time\" content=\"2023-07-21T07:00:58+00:00\" \/>\n<meta property=\"og:image\" content=\"https:\/\/www.anovapeneira.gal\/wp-content\/uploads\/2023\/07\/feijoo.jpg\" \/>\n\t<meta property=\"og:image:width\" content=\"720\" \/>\n\t<meta property=\"og:image:height\" content=\"432\" \/>\n\t<meta property=\"og:image:type\" content=\"image\/jpeg\" \/>\n<meta name=\"author\" content=\"Tino Lago\" \/>\n<meta name=\"twitter:card\" content=\"summary_large_image\" \/>\n<meta name=\"twitter:creator\" content=\"@APeneira\" \/>\n<meta name=\"twitter:site\" content=\"@APeneira\" \/>\n<meta name=\"twitter:label1\" content=\"Escrito por\" \/>\n\t<meta name=\"twitter:data1\" content=\"Tino Lago\" \/>\n\t<meta name=\"twitter:label2\" content=\"Tempo de lectura\" \/>\n\t<meta name=\"twitter:data2\" content=\"4 minutos\" \/>\n<script type=\"application\/ld+json\" class=\"yoast-schema-graph\">{\"@context\":\"https:\\\/\\\/schema.org\",\"@graph\":[{\"@type\":\"Article\",\"@id\":\"https:\\\/\\\/www.anovapeneira.gal\\\/index.php\\\/2023\\\/07\\\/21\\\/o-candidato-nunez-feijoo\\\/#article\",\"isPartOf\":{\"@id\":\"https:\\\/\\\/www.anovapeneira.gal\\\/index.php\\\/2023\\\/07\\\/21\\\/o-candidato-nunez-feijoo\\\/\"},\"author\":{\"name\":\"Tino Lago\",\"@id\":\"https:\\\/\\\/www.anovapeneira.gal\\\/#\\\/schema\\\/person\\\/424dfe65e3070fd8a44d22d2c088762a\"},\"headline\":\"O candidato N\u00fa\u00f1ez Feijoo\",\"datePublished\":\"2023-07-21T07:00:58+00:00\",\"mainEntityOfPage\":{\"@id\":\"https:\\\/\\\/www.anovapeneira.gal\\\/index.php\\\/2023\\\/07\\\/21\\\/o-candidato-nunez-feijoo\\\/\"},\"wordCount\":723,\"commentCount\":0,\"publisher\":{\"@id\":\"https:\\\/\\\/www.anovapeneira.gal\\\/#organization\"},\"image\":{\"@id\":\"https:\\\/\\\/www.anovapeneira.gal\\\/index.php\\\/2023\\\/07\\\/21\\\/o-candidato-nunez-feijoo\\\/#primaryimage\"},\"thumbnailUrl\":\"https:\\\/\\\/www.anovapeneira.gal\\\/wp-content\\\/uploads\\\/2023\\\/07\\\/feijoo.jpg\",\"keywords\":[\"N\u00fa\u00f1ez Feijoo\"],\"articleSection\":[\"Artigo editorial\"],\"inLanguage\":\"gl-ES\",\"potentialAction\":[{\"@type\":\"CommentAction\",\"name\":\"Comment\",\"target\":[\"https:\\\/\\\/www.anovapeneira.gal\\\/index.php\\\/2023\\\/07\\\/21\\\/o-candidato-nunez-feijoo\\\/#respond\"]}]},{\"@type\":\"WebPage\",\"@id\":\"https:\\\/\\\/www.anovapeneira.gal\\\/index.php\\\/2023\\\/07\\\/21\\\/o-candidato-nunez-feijoo\\\/\",\"url\":\"https:\\\/\\\/www.anovapeneira.gal\\\/index.php\\\/2023\\\/07\\\/21\\\/o-candidato-nunez-feijoo\\\/\",\"name\":\"O candidato N\u00fa\u00f1ez Feijoo -\",\"isPartOf\":{\"@id\":\"https:\\\/\\\/www.anovapeneira.gal\\\/#website\"},\"primaryImageOfPage\":{\"@id\":\"https:\\\/\\\/www.anovapeneira.gal\\\/index.php\\\/2023\\\/07\\\/21\\\/o-candidato-nunez-feijoo\\\/#primaryimage\"},\"image\":{\"@id\":\"https:\\\/\\\/www.anovapeneira.gal\\\/index.php\\\/2023\\\/07\\\/21\\\/o-candidato-nunez-feijoo\\\/#primaryimage\"},\"thumbnailUrl\":\"https:\\\/\\\/www.anovapeneira.gal\\\/wp-content\\\/uploads\\\/2023\\\/07\\\/feijoo.jpg\",\"datePublished\":\"2023-07-21T07:00:58+00:00\",\"description\":\"O resultado do recente cara a cara, entre os dous \u00fanicos candidatos con posibilidades de presidir o pr\u00f3ximo goberno do estado, emitido en Antena 3 e La Sexta, deixou unha sensaci\u00f3n de euforia entre os simpatizantes da dereita espa\u00f1ola pois te\u00f1en a sensaci\u00f3n de que o amigo de Marcial Dorado ga\u00f1ou o debate\",\"breadcrumb\":{\"@id\":\"https:\\\/\\\/www.anovapeneira.gal\\\/index.php\\\/2023\\\/07\\\/21\\\/o-candidato-nunez-feijoo\\\/#breadcrumb\"},\"inLanguage\":\"gl-ES\",\"potentialAction\":[{\"@type\":\"ReadAction\",\"target\":[\"https:\\\/\\\/www.anovapeneira.gal\\\/index.php\\\/2023\\\/07\\\/21\\\/o-candidato-nunez-feijoo\\\/\"]}]},{\"@type\":\"ImageObject\",\"inLanguage\":\"gl-ES\",\"@id\":\"https:\\\/\\\/www.anovapeneira.gal\\\/index.php\\\/2023\\\/07\\\/21\\\/o-candidato-nunez-feijoo\\\/#primaryimage\",\"url\":\"https:\\\/\\\/www.anovapeneira.gal\\\/wp-content\\\/uploads\\\/2023\\\/07\\\/feijoo.jpg\",\"contentUrl\":\"https:\\\/\\\/www.anovapeneira.gal\\\/wp-content\\\/uploads\\\/2023\\\/07\\\/feijoo.jpg\",\"width\":720,\"height\":432,\"caption\":\"N\u00fa\u00f1ez Feijoo\"},{\"@type\":\"BreadcrumbList\",\"@id\":\"https:\\\/\\\/www.anovapeneira.gal\\\/index.php\\\/2023\\\/07\\\/21\\\/o-candidato-nunez-feijoo\\\/#breadcrumb\",\"itemListElement\":[{\"@type\":\"ListItem\",\"position\":1,\"name\":\"Portada\",\"item\":\"https:\\\/\\\/www.anovapeneira.gal\\\/\"},{\"@type\":\"ListItem\",\"position\":2,\"name\":\"O candidato N\u00fa\u00f1ez Feijoo\"}]},{\"@type\":\"WebSite\",\"@id\":\"https:\\\/\\\/www.anovapeneira.gal\\\/#website\",\"url\":\"https:\\\/\\\/www.anovapeneira.gal\\\/\",\"name\":\"\",\"description\":\"Xornal galego de informaci\u00f3n xeral Publicaci\u00f3n mensual de novas de Galicia e en especial dos Concellos da sur da provincia de Pontevedra.\",\"publisher\":{\"@id\":\"https:\\\/\\\/www.anovapeneira.gal\\\/#organization\"},\"potentialAction\":[{\"@type\":\"SearchAction\",\"target\":{\"@type\":\"EntryPoint\",\"urlTemplate\":\"https:\\\/\\\/www.anovapeneira.gal\\\/?s={search_term_string}\"},\"query-input\":{\"@type\":\"PropertyValueSpecification\",\"valueRequired\":true,\"valueName\":\"search_term_string\"}}],\"inLanguage\":\"gl-ES\"},{\"@type\":\"Organization\",\"@id\":\"https:\\\/\\\/www.anovapeneira.gal\\\/#organization\",\"name\":\"A Nova Peneira\",\"url\":\"https:\\\/\\\/www.anovapeneira.gal\\\/\",\"logo\":{\"@type\":\"ImageObject\",\"inLanguage\":\"gl-ES\",\"@id\":\"https:\\\/\\\/www.anovapeneira.gal\\\/#\\\/schema\\\/logo\\\/image\\\/\",\"url\":\"http:\\\/\\\/www.anovapeneira.gal\\\/wp-content\\\/uploads\\\/2019\\\/06\\\/logo_a_nova_peneira_portal_web.png\",\"contentUrl\":\"http:\\\/\\\/www.anovapeneira.gal\\\/wp-content\\\/uploads\\\/2019\\\/06\\\/logo_a_nova_peneira_portal_web.png\",\"width\":300,\"height\":100,\"caption\":\"A Nova Peneira\"},\"image\":{\"@id\":\"https:\\\/\\\/www.anovapeneira.gal\\\/#\\\/schema\\\/logo\\\/image\\\/\"},\"sameAs\":[\"https:\\\/\\\/www.facebook.com\\\/anovapeneira\",\"https:\\\/\\\/x.com\\\/APeneira\"]},{\"@type\":\"Person\",\"@id\":\"https:\\\/\\\/www.anovapeneira.gal\\\/#\\\/schema\\\/person\\\/424dfe65e3070fd8a44d22d2c088762a\",\"name\":\"Tino Lago\",\"image\":{\"@type\":\"ImageObject\",\"inLanguage\":\"gl-ES\",\"@id\":\"https:\\\/\\\/secure.gravatar.com\\\/avatar\\\/b3df6a06e44bab3111583b90f0f33a0379ee5e3d22cbadd232d39f21c30c62be?s=96&d=mm&r=g\",\"url\":\"https:\\\/\\\/secure.gravatar.com\\\/avatar\\\/b3df6a06e44bab3111583b90f0f33a0379ee5e3d22cbadd232d39f21c30c62be?s=96&d=mm&r=g\",\"contentUrl\":\"https:\\\/\\\/secure.gravatar.com\\\/avatar\\\/b3df6a06e44bab3111583b90f0f33a0379ee5e3d22cbadd232d39f21c30c62be?s=96&d=mm&r=g\",\"caption\":\"Tino Lago\"},\"sameAs\":[\"http:\\\/\\\/www.anovapeneira.gal\"],\"url\":\"https:\\\/\\\/www.anovapeneira.gal\\\/index.php\\\/author\\\/director\\\/\"}]}<\/script>\n<!-- \/ Yoast SEO plugin. -->","yoast_head_json":{"title":"O candidato N\u00fa\u00f1ez Feijoo -","description":"O resultado do recente cara a cara, entre os dous \u00fanicos candidatos con posibilidades de presidir o pr\u00f3ximo goberno do estado, emitido en Antena 3 e La Sexta, deixou unha sensaci\u00f3n de euforia entre os simpatizantes da dereita espa\u00f1ola pois te\u00f1en a sensaci\u00f3n de que o amigo de Marcial Dorado ga\u00f1ou o debate","robots":{"index":"index","follow":"follow","max-snippet":"max-snippet:-1","max-image-preview":"max-image-preview:large","max-video-preview":"max-video-preview:-1"},"canonical":"https:\/\/www.anovapeneira.gal\/index.php\/2023\/07\/21\/o-candidato-nunez-feijoo\/","og_locale":"gl_ES","og_type":"article","og_title":"O candidato N\u00fa\u00f1ez Feijoo -","og_description":"O resultado do recente cara a cara, entre os dous \u00fanicos candidatos con posibilidades de presidir o pr\u00f3ximo goberno do estado, emitido en Antena 3 e La Sexta, deixou unha sensaci\u00f3n de euforia entre os simpatizantes da dereita espa\u00f1ola pois te\u00f1en a sensaci\u00f3n de que o amigo de Marcial Dorado ga\u00f1ou o debate","og_url":"https:\/\/www.anovapeneira.gal\/index.php\/2023\/07\/21\/o-candidato-nunez-feijoo\/","article_publisher":"https:\/\/www.facebook.com\/anovapeneira","article_published_time":"2023-07-21T07:00:58+00:00","og_image":[{"width":720,"height":432,"url":"https:\/\/www.anovapeneira.gal\/wp-content\/uploads\/2023\/07\/feijoo.jpg","type":"image\/jpeg"}],"author":"Tino Lago","twitter_card":"summary_large_image","twitter_creator":"@APeneira","twitter_site":"@APeneira","twitter_misc":{"Escrito por":"Tino Lago","Tempo de lectura":"4 minutos"},"schema":{"@context":"https:\/\/schema.org","@graph":[{"@type":"Article","@id":"https:\/\/www.anovapeneira.gal\/index.php\/2023\/07\/21\/o-candidato-nunez-feijoo\/#article","isPartOf":{"@id":"https:\/\/www.anovapeneira.gal\/index.php\/2023\/07\/21\/o-candidato-nunez-feijoo\/"},"author":{"name":"Tino Lago","@id":"https:\/\/www.anovapeneira.gal\/#\/schema\/person\/424dfe65e3070fd8a44d22d2c088762a"},"headline":"O candidato N\u00fa\u00f1ez Feijoo","datePublished":"2023-07-21T07:00:58+00:00","mainEntityOfPage":{"@id":"https:\/\/www.anovapeneira.gal\/index.php\/2023\/07\/21\/o-candidato-nunez-feijoo\/"},"wordCount":723,"commentCount":0,"publisher":{"@id":"https:\/\/www.anovapeneira.gal\/#organization"},"image":{"@id":"https:\/\/www.anovapeneira.gal\/index.php\/2023\/07\/21\/o-candidato-nunez-feijoo\/#primaryimage"},"thumbnailUrl":"https:\/\/www.anovapeneira.gal\/wp-content\/uploads\/2023\/07\/feijoo.jpg","keywords":["N\u00fa\u00f1ez Feijoo"],"articleSection":["Artigo editorial"],"inLanguage":"gl-ES","potentialAction":[{"@type":"CommentAction","name":"Comment","target":["https:\/\/www.anovapeneira.gal\/index.php\/2023\/07\/21\/o-candidato-nunez-feijoo\/#respond"]}]},{"@type":"WebPage","@id":"https:\/\/www.anovapeneira.gal\/index.php\/2023\/07\/21\/o-candidato-nunez-feijoo\/","url":"https:\/\/www.anovapeneira.gal\/index.php\/2023\/07\/21\/o-candidato-nunez-feijoo\/","name":"O candidato N\u00fa\u00f1ez Feijoo -","isPartOf":{"@id":"https:\/\/www.anovapeneira.gal\/#website"},"primaryImageOfPage":{"@id":"https:\/\/www.anovapeneira.gal\/index.php\/2023\/07\/21\/o-candidato-nunez-feijoo\/#primaryimage"},"image":{"@id":"https:\/\/www.anovapeneira.gal\/index.php\/2023\/07\/21\/o-candidato-nunez-feijoo\/#primaryimage"},"thumbnailUrl":"https:\/\/www.anovapeneira.gal\/wp-content\/uploads\/2023\/07\/feijoo.jpg","datePublished":"2023-07-21T07:00:58+00:00","description":"O resultado do recente cara a cara, entre os dous \u00fanicos candidatos con posibilidades de presidir o pr\u00f3ximo goberno do estado, emitido en Antena 3 e La Sexta, deixou unha sensaci\u00f3n de euforia entre os simpatizantes da dereita espa\u00f1ola pois te\u00f1en a sensaci\u00f3n de que o amigo de Marcial Dorado ga\u00f1ou o debate","breadcrumb":{"@id":"https:\/\/www.anovapeneira.gal\/index.php\/2023\/07\/21\/o-candidato-nunez-feijoo\/#breadcrumb"},"inLanguage":"gl-ES","potentialAction":[{"@type":"ReadAction","target":["https:\/\/www.anovapeneira.gal\/index.php\/2023\/07\/21\/o-candidato-nunez-feijoo\/"]}]},{"@type":"ImageObject","inLanguage":"gl-ES","@id":"https:\/\/www.anovapeneira.gal\/index.php\/2023\/07\/21\/o-candidato-nunez-feijoo\/#primaryimage","url":"https:\/\/www.anovapeneira.gal\/wp-content\/uploads\/2023\/07\/feijoo.jpg","contentUrl":"https:\/\/www.anovapeneira.gal\/wp-content\/uploads\/2023\/07\/feijoo.jpg","width":720,"height":432,"caption":"N\u00fa\u00f1ez Feijoo"},{"@type":"BreadcrumbList","@id":"https:\/\/www.anovapeneira.gal\/index.php\/2023\/07\/21\/o-candidato-nunez-feijoo\/#breadcrumb","itemListElement":[{"@type":"ListItem","position":1,"name":"Portada","item":"https:\/\/www.anovapeneira.gal\/"},{"@type":"ListItem","position":2,"name":"O candidato N\u00fa\u00f1ez Feijoo"}]},{"@type":"WebSite","@id":"https:\/\/www.anovapeneira.gal\/#website","url":"https:\/\/www.anovapeneira.gal\/","name":"","description":"Xornal galego de informaci\u00f3n xeral Publicaci\u00f3n mensual de novas de Galicia e en especial dos Concellos da sur da provincia de Pontevedra.","publisher":{"@id":"https:\/\/www.anovapeneira.gal\/#organization"},"potentialAction":[{"@type":"SearchAction","target":{"@type":"EntryPoint","urlTemplate":"https:\/\/www.anovapeneira.gal\/?s={search_term_string}"},"query-input":{"@type":"PropertyValueSpecification","valueRequired":true,"valueName":"search_term_string"}}],"inLanguage":"gl-ES"},{"@type":"Organization","@id":"https:\/\/www.anovapeneira.gal\/#organization","name":"A Nova Peneira","url":"https:\/\/www.anovapeneira.gal\/","logo":{"@type":"ImageObject","inLanguage":"gl-ES","@id":"https:\/\/www.anovapeneira.gal\/#\/schema\/logo\/image\/","url":"http:\/\/www.anovapeneira.gal\/wp-content\/uploads\/2019\/06\/logo_a_nova_peneira_portal_web.png","contentUrl":"http:\/\/www.anovapeneira.gal\/wp-content\/uploads\/2019\/06\/logo_a_nova_peneira_portal_web.png","width":300,"height":100,"caption":"A Nova Peneira"},"image":{"@id":"https:\/\/www.anovapeneira.gal\/#\/schema\/logo\/image\/"},"sameAs":["https:\/\/www.facebook.com\/anovapeneira","https:\/\/x.com\/APeneira"]},{"@type":"Person","@id":"https:\/\/www.anovapeneira.gal\/#\/schema\/person\/424dfe65e3070fd8a44d22d2c088762a","name":"Tino Lago","image":{"@type":"ImageObject","inLanguage":"gl-ES","@id":"https:\/\/secure.gravatar.com\/avatar\/b3df6a06e44bab3111583b90f0f33a0379ee5e3d22cbadd232d39f21c30c62be?s=96&d=mm&r=g","url":"https:\/\/secure.gravatar.com\/avatar\/b3df6a06e44bab3111583b90f0f33a0379ee5e3d22cbadd232d39f21c30c62be?s=96&d=mm&r=g","contentUrl":"https:\/\/secure.gravatar.com\/avatar\/b3df6a06e44bab3111583b90f0f33a0379ee5e3d22cbadd232d39f21c30c62be?s=96&d=mm&r=g","caption":"Tino Lago"},"sameAs":["http:\/\/www.anovapeneira.gal"],"url":"https:\/\/www.anovapeneira.gal\/index.php\/author\/director\/"}]}},"jetpack_featured_media_url":"https:\/\/www.anovapeneira.gal\/wp-content\/uploads\/2023\/07\/feijoo.jpg","_links":{"self":[{"href":"https:\/\/www.anovapeneira.gal\/index.php\/wp-json\/wp\/v2\/posts\/10159","targetHints":{"allow":["GET"]}}],"collection":[{"href":"https:\/\/www.anovapeneira.gal\/index.php\/wp-json\/wp\/v2\/posts"}],"about":[{"href":"https:\/\/www.anovapeneira.gal\/index.php\/wp-json\/wp\/v2\/types\/post"}],"author":[{"embeddable":true,"href":"https:\/\/www.anovapeneira.gal\/index.php\/wp-json\/wp\/v2\/users\/2"}],"replies":[{"embeddable":true,"href":"https:\/\/www.anovapeneira.gal\/index.php\/wp-json\/wp\/v2\/comments?post=10159"}],"version-history":[{"count":1,"href":"https:\/\/www.anovapeneira.gal\/index.php\/wp-json\/wp\/v2\/posts\/10159\/revisions"}],"predecessor-version":[{"id":10160,"href":"https:\/\/www.anovapeneira.gal\/index.php\/wp-json\/wp\/v2\/posts\/10159\/revisions\/10160"}],"wp:featuredmedia":[{"embeddable":true,"href":"https:\/\/www.anovapeneira.gal\/index.php\/wp-json\/wp\/v2\/media\/10161"}],"wp:attachment":[{"href":"https:\/\/www.anovapeneira.gal\/index.php\/wp-json\/wp\/v2\/media?parent=10159"}],"wp:term":[{"taxonomy":"category","embeddable":true,"href":"https:\/\/www.anovapeneira.gal\/index.php\/wp-json\/wp\/v2\/categories?post=10159"},{"taxonomy":"post_tag","embeddable":true,"href":"https:\/\/www.anovapeneira.gal\/index.php\/wp-json\/wp\/v2\/tags?post=10159"}],"curies":[{"name":"wp","href":"https:\/\/api.w.org\/{rel}","templated":true}]}}