{"id":10164,"date":"2023-07-24T12:00:21","date_gmt":"2023-07-24T10:00:21","guid":{"rendered":"https:\/\/www.anovapeneira.gal\/?p=10164"},"modified":"2023-07-23T14:10:32","modified_gmt":"2023-07-23T12:10:32","slug":"unha-nacion-en-marcha","status":"publish","type":"post","link":"https:\/\/www.anovapeneira.gal\/index.php\/2023\/07\/24\/unha-nacion-en-marcha\/","title":{"rendered":"Unha naci\u00f3n en marcha"},"content":{"rendered":"\n<pre class=\"wp-block-verse\">Lu\u00eds Bar\u00e1, deputado do BNG no parlamento galego<\/pre>\n\n\n\n<p>A construci\u00f3n da naci\u00f3n galega \u00e9 un proceso continuo, que comezou a mediados do s\u00e9culo XIX e foi acumulando forzas, superando dificultades e modulando os seus ideais e as s\u00faas metas. O nacionalismo galego est\u00e1 hoxe nun momento de madurez, de plenitude e de m\u00e1xima ambici\u00f3n, que \u00e9 resultado de d\u00e9cadas de loitas e de logros.<\/p>\n\n\n\n<p>Neste ano 2023 en que se conmemora o centenario da fundaci\u00f3n do Seminario de Estudos Galegos \u00e9 necesario po\u00f1er en valor a inmensa tarefa das xeraci\u00f3ns que nos precederon. E especialmente do colectivo \u00fanico e irrepet\u00edbel que deu a luz as Irmandades, o grupo e a revista N\u00f3s, o Partido Galeguista, o Estatuto do 36 e tantas outras arelas queimadas na fogueira fascista do 36.<\/p>\n\n\n\n<p>Aquel tempo de esperanza non desapareceu. Nin a violencia extrema, nin o c\u00e1rcere, o exilio, o adoctrinamento ou a censura fixeron claudicar o nacionalismo galego. O lume do compromiso seguiu vivo no desterro e volveu agromar en m\u00faltiples iniciativas sociais, culturais e pol\u00edticas.<\/p>\n\n\n\n<p>Somos a herdanza daquela semente. Somos un movemento vivo, orgulloso, digno, con capacidade de resistencia e de creaci\u00f3n. E temos por diante a responsabilidade hist\u00f3rica de facer realidade os so\u00f1os tanto tempo adiados.<\/p>\n\n\n\n<p>Para a tarefa tit\u00e1nica que temos por diante non serven f\u00f3rmulas fracasadas, receitas esgotadas e falsas soluci\u00f3ns que non dan m\u00e1is de si. Non serven a tutela e a submisi\u00f3n que practican as forzas pol\u00edticas espa\u00f1olas, que teiman unha e outra vez en atrancar avances concretos como as transferencias da AP9, tr\u00e1fico, costas, salvamento mar\u00edtimo ou meteorolox\u00eda.<\/p>\n\n\n\n<p>Non serve degradar o autogoberno e converter a Presidencia da Xunta de Galiza nunha instituci\u00f3n teledixirida, correa de transmisi\u00f3n das empresas do IBEX e da axenda reaccionaria da dereita espa\u00f1olista.<\/p>\n\n\n\n<p>Para facerlle fronte aos grandes retos que temos por diante, precisamos superar a resignaci\u00f3n, o medo e os complexos de inferioridade. Precisamos coraxe, fortaleza, claridade de ideas e ambici\u00f3n colectiva. Porque a historia p\u00faxonos diante un deses momentos extraordinarios, nos que hai que facer grandes escollas e po\u00f1erse do lado axeitado: o da maior\u00eda, o da xente que m\u00e1is o necesita, o dos valores humanos, o da democracia, o da equidade, o do pobo e a naci\u00f3n que son a nosa raz\u00f3n de ser.<\/p>\n\n\n\n<p>O nacionalismo galego est\u00e1 preparado para esa tarefa hist\u00f3rica de reconstruci\u00f3n e de transfomaci\u00f3n. Somos un movemento pol\u00edtico forte, cohesionado, en expansi\u00f3n. Con vontade de ser maior\u00eda, de ser decisivo, de dirixir o futuro de Galiza. E tam\u00e9n con determinaci\u00f3n para facerlle fronte nas r\u00faas e nas instituci\u00f3ns a quen quere pescar en r\u00edo revolto.<\/p>\n\n\n\n<p>Estamos no abrente dun tempo novo, no que non valen as receitas econ\u00f3micas e pol\u00edticas que nos levaron a unha nova crise devastadora. A resposta \u00e9 xerar futuro asumindo a capacidade de decidir sobre os nosos intereses, promovendo un desenvolvemento autocentrado e respectuoso co medio, creando instrumentos fiscais e financeiros que se convirtan en pancas de modernizaci\u00f3n e benestar, promovendo a activaci\u00f3n dos sectores econ\u00f3micos estrat\u00e9xicos, afortalando o papel da ciencia e a investigaci\u00f3n, xerando equidade e cohesi\u00f3n social e territorial, e po\u00f1endo en marcha a grande transformaci\u00f3n tecnol\u00f3xica e dixital igualitaria da sociedade galega.<\/p>\n\n\n\n<p>\u00c9 tempo de construir unha nova realidade, unha nova Galiza. \u00c9 tempo de novas ideas e de novos liderados. \u00c9 a era da ecolox\u00eda e do feminismo. Da ciencia e da innovaci\u00f3n. Dos dereitos individuais e colectivos.<\/p>\n\n\n\n<p>Vaise abrindo paso unha naci\u00f3n impar\u00e1bel. Unha naci\u00f3n con verdadero poder pol\u00edtico, non con un poder tutelado e delegado. Unha Galiza orgullosa, forte, viva e con futuro. Unha naci\u00f3n sen ataduras e sen l\u00edmites.<\/p>\n","protected":false},"excerpt":{"rendered":"<div class=\"mh-excerpt\"><p>A construci\u00f3n da naci\u00f3n galega \u00e9 un proceso continuo, que comezou a mediados do s\u00e9culo XIX e foi acumulando forzas, superando dificultades e modulando os seus ideais e as s\u00faas metas <a class=\"mh-excerpt-more\" href=\"https:\/\/www.anovapeneira.gal\/index.php\/2023\/07\/24\/unha-nacion-en-marcha\/\" title=\"Unha naci\u00f3n en marcha\">[&#8230;]<\/a><\/p>\n<\/div>","protected":false},"author":12,"featured_media":8165,"comment_status":"open","ping_status":"open","sticky":false,"template":"","format":"standard","meta":{"_exactmetrics_skip_tracking":false,"_exactmetrics_sitenote_active":false,"_exactmetrics_sitenote_note":"","_exactmetrics_sitenote_category":0,"footnotes":""},"categories":[7],"tags":[372],"class_list":{"0":"post-10164","1":"post","2":"type-post","3":"status-publish","4":"format-standard","5":"has-post-thumbnail","7":"category-artigos-de-opinion","8":"tag-luis-bara"},"yoast_head":"<!-- This site is optimized with the Yoast SEO plugin v27.4 - https:\/\/yoast.com\/product\/yoast-seo-wordpress\/ -->\n<title>Unha naci\u00f3n en marcha -<\/title>\n<meta name=\"description\" content=\"A construci\u00f3n da naci\u00f3n galega \u00e9 un proceso continuo, que comezou a mediados do s\u00e9culo XIX e foi acumulando forzas, superando dificultades e modulando os seus ideais e as s\u00faas metas\" \/>\n<meta name=\"robots\" content=\"index, follow, max-snippet:-1, max-image-preview:large, max-video-preview:-1\" \/>\n<link rel=\"canonical\" href=\"https:\/\/www.anovapeneira.gal\/index.php\/2023\/07\/24\/unha-nacion-en-marcha\/\" \/>\n<meta property=\"og:locale\" content=\"gl_ES\" \/>\n<meta property=\"og:type\" content=\"article\" \/>\n<meta property=\"og:title\" content=\"Unha naci\u00f3n en marcha -\" \/>\n<meta property=\"og:description\" content=\"A construci\u00f3n da naci\u00f3n galega \u00e9 un proceso continuo, que comezou a mediados do s\u00e9culo XIX e foi acumulando forzas, superando dificultades e modulando os seus ideais e as s\u00faas metas\" \/>\n<meta property=\"og:url\" content=\"https:\/\/www.anovapeneira.gal\/index.php\/2023\/07\/24\/unha-nacion-en-marcha\/\" \/>\n<meta property=\"article:publisher\" content=\"https:\/\/www.facebook.com\/anovapeneira\" \/>\n<meta property=\"article:published_time\" content=\"2023-07-24T10:00:21+00:00\" \/>\n<meta property=\"og:image\" content=\"https:\/\/www.anovapeneira.gal\/wp-content\/uploads\/2022\/09\/foto-Lui\u0301s-Bara\u0301.jpg\" \/>\n\t<meta property=\"og:image:width\" content=\"720\" \/>\n\t<meta property=\"og:image:height\" content=\"432\" \/>\n\t<meta property=\"og:image:type\" content=\"image\/jpeg\" \/>\n<meta name=\"author\" content=\"Artigos Opini\u00f3n\" \/>\n<meta name=\"twitter:card\" content=\"summary_large_image\" \/>\n<meta name=\"twitter:creator\" content=\"@APeneira\" \/>\n<meta name=\"twitter:site\" content=\"@APeneira\" \/>\n<meta name=\"twitter:label1\" content=\"Escrito por\" \/>\n\t<meta name=\"twitter:data1\" content=\"Artigos Opini\u00f3n\" \/>\n\t<meta name=\"twitter:label2\" content=\"Tempo de lectura\" \/>\n\t<meta name=\"twitter:data2\" content=\"4 minutos\" \/>\n<script type=\"application\/ld+json\" class=\"yoast-schema-graph\">{\"@context\":\"https:\\\/\\\/schema.org\",\"@graph\":[{\"@type\":\"Article\",\"@id\":\"https:\\\/\\\/www.anovapeneira.gal\\\/index.php\\\/2023\\\/07\\\/24\\\/unha-nacion-en-marcha\\\/#article\",\"isPartOf\":{\"@id\":\"https:\\\/\\\/www.anovapeneira.gal\\\/index.php\\\/2023\\\/07\\\/24\\\/unha-nacion-en-marcha\\\/\"},\"author\":{\"name\":\"Artigos Opini\u00f3n\",\"@id\":\"https:\\\/\\\/www.anovapeneira.gal\\\/#\\\/schema\\\/person\\\/f18a4feb302e8f20bcef4490b5b60bb3\"},\"headline\":\"Unha naci\u00f3n en marcha\",\"datePublished\":\"2023-07-24T10:00:21+00:00\",\"mainEntityOfPage\":{\"@id\":\"https:\\\/\\\/www.anovapeneira.gal\\\/index.php\\\/2023\\\/07\\\/24\\\/unha-nacion-en-marcha\\\/\"},\"wordCount\":653,\"commentCount\":0,\"publisher\":{\"@id\":\"https:\\\/\\\/www.anovapeneira.gal\\\/#organization\"},\"image\":{\"@id\":\"https:\\\/\\\/www.anovapeneira.gal\\\/index.php\\\/2023\\\/07\\\/24\\\/unha-nacion-en-marcha\\\/#primaryimage\"},\"thumbnailUrl\":\"https:\\\/\\\/www.anovapeneira.gal\\\/wp-content\\\/uploads\\\/2022\\\/09\\\/foto-Lui\u0301s-Bara\u0301.jpg\",\"keywords\":[\"Lu\u00eds Bar\u00e1\"],\"articleSection\":[\"Artigos de opini\u00f3n\"],\"inLanguage\":\"gl-ES\",\"potentialAction\":[{\"@type\":\"CommentAction\",\"name\":\"Comment\",\"target\":[\"https:\\\/\\\/www.anovapeneira.gal\\\/index.php\\\/2023\\\/07\\\/24\\\/unha-nacion-en-marcha\\\/#respond\"]}]},{\"@type\":\"WebPage\",\"@id\":\"https:\\\/\\\/www.anovapeneira.gal\\\/index.php\\\/2023\\\/07\\\/24\\\/unha-nacion-en-marcha\\\/\",\"url\":\"https:\\\/\\\/www.anovapeneira.gal\\\/index.php\\\/2023\\\/07\\\/24\\\/unha-nacion-en-marcha\\\/\",\"name\":\"Unha naci\u00f3n en marcha -\",\"isPartOf\":{\"@id\":\"https:\\\/\\\/www.anovapeneira.gal\\\/#website\"},\"primaryImageOfPage\":{\"@id\":\"https:\\\/\\\/www.anovapeneira.gal\\\/index.php\\\/2023\\\/07\\\/24\\\/unha-nacion-en-marcha\\\/#primaryimage\"},\"image\":{\"@id\":\"https:\\\/\\\/www.anovapeneira.gal\\\/index.php\\\/2023\\\/07\\\/24\\\/unha-nacion-en-marcha\\\/#primaryimage\"},\"thumbnailUrl\":\"https:\\\/\\\/www.anovapeneira.gal\\\/wp-content\\\/uploads\\\/2022\\\/09\\\/foto-Lui\u0301s-Bara\u0301.jpg\",\"datePublished\":\"2023-07-24T10:00:21+00:00\",\"description\":\"A construci\u00f3n da naci\u00f3n galega \u00e9 un proceso continuo, que comezou a mediados do s\u00e9culo XIX e foi acumulando forzas, superando dificultades e modulando os seus ideais e as s\u00faas metas\",\"breadcrumb\":{\"@id\":\"https:\\\/\\\/www.anovapeneira.gal\\\/index.php\\\/2023\\\/07\\\/24\\\/unha-nacion-en-marcha\\\/#breadcrumb\"},\"inLanguage\":\"gl-ES\",\"potentialAction\":[{\"@type\":\"ReadAction\",\"target\":[\"https:\\\/\\\/www.anovapeneira.gal\\\/index.php\\\/2023\\\/07\\\/24\\\/unha-nacion-en-marcha\\\/\"]}]},{\"@type\":\"ImageObject\",\"inLanguage\":\"gl-ES\",\"@id\":\"https:\\\/\\\/www.anovapeneira.gal\\\/index.php\\\/2023\\\/07\\\/24\\\/unha-nacion-en-marcha\\\/#primaryimage\",\"url\":\"https:\\\/\\\/www.anovapeneira.gal\\\/wp-content\\\/uploads\\\/2022\\\/09\\\/foto-Lui\u0301s-Bara\u0301.jpg\",\"contentUrl\":\"https:\\\/\\\/www.anovapeneira.gal\\\/wp-content\\\/uploads\\\/2022\\\/09\\\/foto-Lui\u0301s-Bara\u0301.jpg\",\"width\":720,\"height\":432,\"caption\":\"Lu\u00eds Bar\u00e1\"},{\"@type\":\"BreadcrumbList\",\"@id\":\"https:\\\/\\\/www.anovapeneira.gal\\\/index.php\\\/2023\\\/07\\\/24\\\/unha-nacion-en-marcha\\\/#breadcrumb\",\"itemListElement\":[{\"@type\":\"ListItem\",\"position\":1,\"name\":\"Portada\",\"item\":\"https:\\\/\\\/www.anovapeneira.gal\\\/\"},{\"@type\":\"ListItem\",\"position\":2,\"name\":\"Unha naci\u00f3n en marcha\"}]},{\"@type\":\"WebSite\",\"@id\":\"https:\\\/\\\/www.anovapeneira.gal\\\/#website\",\"url\":\"https:\\\/\\\/www.anovapeneira.gal\\\/\",\"name\":\"\",\"description\":\"Xornal galego de informaci\u00f3n xeral Publicaci\u00f3n mensual de novas de Galicia e en especial dos Concellos da sur da provincia de Pontevedra.\",\"publisher\":{\"@id\":\"https:\\\/\\\/www.anovapeneira.gal\\\/#organization\"},\"potentialAction\":[{\"@type\":\"SearchAction\",\"target\":{\"@type\":\"EntryPoint\",\"urlTemplate\":\"https:\\\/\\\/www.anovapeneira.gal\\\/?s={search_term_string}\"},\"query-input\":{\"@type\":\"PropertyValueSpecification\",\"valueRequired\":true,\"valueName\":\"search_term_string\"}}],\"inLanguage\":\"gl-ES\"},{\"@type\":\"Organization\",\"@id\":\"https:\\\/\\\/www.anovapeneira.gal\\\/#organization\",\"name\":\"A Nova Peneira\",\"url\":\"https:\\\/\\\/www.anovapeneira.gal\\\/\",\"logo\":{\"@type\":\"ImageObject\",\"inLanguage\":\"gl-ES\",\"@id\":\"https:\\\/\\\/www.anovapeneira.gal\\\/#\\\/schema\\\/logo\\\/image\\\/\",\"url\":\"http:\\\/\\\/www.anovapeneira.gal\\\/wp-content\\\/uploads\\\/2019\\\/06\\\/logo_a_nova_peneira_portal_web.png\",\"contentUrl\":\"http:\\\/\\\/www.anovapeneira.gal\\\/wp-content\\\/uploads\\\/2019\\\/06\\\/logo_a_nova_peneira_portal_web.png\",\"width\":300,\"height\":100,\"caption\":\"A Nova Peneira\"},\"image\":{\"@id\":\"https:\\\/\\\/www.anovapeneira.gal\\\/#\\\/schema\\\/logo\\\/image\\\/\"},\"sameAs\":[\"https:\\\/\\\/www.facebook.com\\\/anovapeneira\",\"https:\\\/\\\/x.com\\\/APeneira\"]},{\"@type\":\"Person\",\"@id\":\"https:\\\/\\\/www.anovapeneira.gal\\\/#\\\/schema\\\/person\\\/f18a4feb302e8f20bcef4490b5b60bb3\",\"name\":\"Artigos Opini\u00f3n\",\"image\":{\"@type\":\"ImageObject\",\"inLanguage\":\"gl-ES\",\"@id\":\"https:\\\/\\\/secure.gravatar.com\\\/avatar\\\/072844300f4881150aee2da4278f7a65d16eefdf8262eb67085f1e702de2b959?s=96&d=mm&r=g\",\"url\":\"https:\\\/\\\/secure.gravatar.com\\\/avatar\\\/072844300f4881150aee2da4278f7a65d16eefdf8262eb67085f1e702de2b959?s=96&d=mm&r=g\",\"contentUrl\":\"https:\\\/\\\/secure.gravatar.com\\\/avatar\\\/072844300f4881150aee2da4278f7a65d16eefdf8262eb67085f1e702de2b959?s=96&d=mm&r=g\",\"caption\":\"Artigos Opini\u00f3n\"},\"sameAs\":[\"http:\\\/\\\/anovapeneira.gal\"],\"url\":\"https:\\\/\\\/www.anovapeneira.gal\\\/index.php\\\/author\\\/artigosopinion\\\/\"}]}<\/script>\n<!-- \/ Yoast SEO plugin. -->","yoast_head_json":{"title":"Unha naci\u00f3n en marcha -","description":"A construci\u00f3n da naci\u00f3n galega \u00e9 un proceso continuo, que comezou a mediados do s\u00e9culo XIX e foi acumulando forzas, superando dificultades e modulando os seus ideais e as s\u00faas metas","robots":{"index":"index","follow":"follow","max-snippet":"max-snippet:-1","max-image-preview":"max-image-preview:large","max-video-preview":"max-video-preview:-1"},"canonical":"https:\/\/www.anovapeneira.gal\/index.php\/2023\/07\/24\/unha-nacion-en-marcha\/","og_locale":"gl_ES","og_type":"article","og_title":"Unha naci\u00f3n en marcha -","og_description":"A construci\u00f3n da naci\u00f3n galega \u00e9 un proceso continuo, que comezou a mediados do s\u00e9culo XIX e foi acumulando forzas, superando dificultades e modulando os seus ideais e as s\u00faas metas","og_url":"https:\/\/www.anovapeneira.gal\/index.php\/2023\/07\/24\/unha-nacion-en-marcha\/","article_publisher":"https:\/\/www.facebook.com\/anovapeneira","article_published_time":"2023-07-24T10:00:21+00:00","og_image":[{"width":720,"height":432,"url":"https:\/\/www.anovapeneira.gal\/wp-content\/uploads\/2022\/09\/foto-Lui\u0301s-Bara\u0301.jpg","type":"image\/jpeg"}],"author":"Artigos Opini\u00f3n","twitter_card":"summary_large_image","twitter_creator":"@APeneira","twitter_site":"@APeneira","twitter_misc":{"Escrito por":"Artigos Opini\u00f3n","Tempo de lectura":"4 minutos"},"schema":{"@context":"https:\/\/schema.org","@graph":[{"@type":"Article","@id":"https:\/\/www.anovapeneira.gal\/index.php\/2023\/07\/24\/unha-nacion-en-marcha\/#article","isPartOf":{"@id":"https:\/\/www.anovapeneira.gal\/index.php\/2023\/07\/24\/unha-nacion-en-marcha\/"},"author":{"name":"Artigos Opini\u00f3n","@id":"https:\/\/www.anovapeneira.gal\/#\/schema\/person\/f18a4feb302e8f20bcef4490b5b60bb3"},"headline":"Unha naci\u00f3n en marcha","datePublished":"2023-07-24T10:00:21+00:00","mainEntityOfPage":{"@id":"https:\/\/www.anovapeneira.gal\/index.php\/2023\/07\/24\/unha-nacion-en-marcha\/"},"wordCount":653,"commentCount":0,"publisher":{"@id":"https:\/\/www.anovapeneira.gal\/#organization"},"image":{"@id":"https:\/\/www.anovapeneira.gal\/index.php\/2023\/07\/24\/unha-nacion-en-marcha\/#primaryimage"},"thumbnailUrl":"https:\/\/www.anovapeneira.gal\/wp-content\/uploads\/2022\/09\/foto-Lui\u0301s-Bara\u0301.jpg","keywords":["Lu\u00eds Bar\u00e1"],"articleSection":["Artigos de opini\u00f3n"],"inLanguage":"gl-ES","potentialAction":[{"@type":"CommentAction","name":"Comment","target":["https:\/\/www.anovapeneira.gal\/index.php\/2023\/07\/24\/unha-nacion-en-marcha\/#respond"]}]},{"@type":"WebPage","@id":"https:\/\/www.anovapeneira.gal\/index.php\/2023\/07\/24\/unha-nacion-en-marcha\/","url":"https:\/\/www.anovapeneira.gal\/index.php\/2023\/07\/24\/unha-nacion-en-marcha\/","name":"Unha naci\u00f3n en marcha -","isPartOf":{"@id":"https:\/\/www.anovapeneira.gal\/#website"},"primaryImageOfPage":{"@id":"https:\/\/www.anovapeneira.gal\/index.php\/2023\/07\/24\/unha-nacion-en-marcha\/#primaryimage"},"image":{"@id":"https:\/\/www.anovapeneira.gal\/index.php\/2023\/07\/24\/unha-nacion-en-marcha\/#primaryimage"},"thumbnailUrl":"https:\/\/www.anovapeneira.gal\/wp-content\/uploads\/2022\/09\/foto-Lui\u0301s-Bara\u0301.jpg","datePublished":"2023-07-24T10:00:21+00:00","description":"A construci\u00f3n da naci\u00f3n galega \u00e9 un proceso continuo, que comezou a mediados do s\u00e9culo XIX e foi acumulando forzas, superando dificultades e modulando os seus ideais e as s\u00faas metas","breadcrumb":{"@id":"https:\/\/www.anovapeneira.gal\/index.php\/2023\/07\/24\/unha-nacion-en-marcha\/#breadcrumb"},"inLanguage":"gl-ES","potentialAction":[{"@type":"ReadAction","target":["https:\/\/www.anovapeneira.gal\/index.php\/2023\/07\/24\/unha-nacion-en-marcha\/"]}]},{"@type":"ImageObject","inLanguage":"gl-ES","@id":"https:\/\/www.anovapeneira.gal\/index.php\/2023\/07\/24\/unha-nacion-en-marcha\/#primaryimage","url":"https:\/\/www.anovapeneira.gal\/wp-content\/uploads\/2022\/09\/foto-Lui\u0301s-Bara\u0301.jpg","contentUrl":"https:\/\/www.anovapeneira.gal\/wp-content\/uploads\/2022\/09\/foto-Lui\u0301s-Bara\u0301.jpg","width":720,"height":432,"caption":"Lu\u00eds Bar\u00e1"},{"@type":"BreadcrumbList","@id":"https:\/\/www.anovapeneira.gal\/index.php\/2023\/07\/24\/unha-nacion-en-marcha\/#breadcrumb","itemListElement":[{"@type":"ListItem","position":1,"name":"Portada","item":"https:\/\/www.anovapeneira.gal\/"},{"@type":"ListItem","position":2,"name":"Unha naci\u00f3n en marcha"}]},{"@type":"WebSite","@id":"https:\/\/www.anovapeneira.gal\/#website","url":"https:\/\/www.anovapeneira.gal\/","name":"","description":"Xornal galego de informaci\u00f3n xeral Publicaci\u00f3n mensual de novas de Galicia e en especial dos Concellos da sur da provincia de Pontevedra.","publisher":{"@id":"https:\/\/www.anovapeneira.gal\/#organization"},"potentialAction":[{"@type":"SearchAction","target":{"@type":"EntryPoint","urlTemplate":"https:\/\/www.anovapeneira.gal\/?s={search_term_string}"},"query-input":{"@type":"PropertyValueSpecification","valueRequired":true,"valueName":"search_term_string"}}],"inLanguage":"gl-ES"},{"@type":"Organization","@id":"https:\/\/www.anovapeneira.gal\/#organization","name":"A Nova Peneira","url":"https:\/\/www.anovapeneira.gal\/","logo":{"@type":"ImageObject","inLanguage":"gl-ES","@id":"https:\/\/www.anovapeneira.gal\/#\/schema\/logo\/image\/","url":"http:\/\/www.anovapeneira.gal\/wp-content\/uploads\/2019\/06\/logo_a_nova_peneira_portal_web.png","contentUrl":"http:\/\/www.anovapeneira.gal\/wp-content\/uploads\/2019\/06\/logo_a_nova_peneira_portal_web.png","width":300,"height":100,"caption":"A Nova Peneira"},"image":{"@id":"https:\/\/www.anovapeneira.gal\/#\/schema\/logo\/image\/"},"sameAs":["https:\/\/www.facebook.com\/anovapeneira","https:\/\/x.com\/APeneira"]},{"@type":"Person","@id":"https:\/\/www.anovapeneira.gal\/#\/schema\/person\/f18a4feb302e8f20bcef4490b5b60bb3","name":"Artigos Opini\u00f3n","image":{"@type":"ImageObject","inLanguage":"gl-ES","@id":"https:\/\/secure.gravatar.com\/avatar\/072844300f4881150aee2da4278f7a65d16eefdf8262eb67085f1e702de2b959?s=96&d=mm&r=g","url":"https:\/\/secure.gravatar.com\/avatar\/072844300f4881150aee2da4278f7a65d16eefdf8262eb67085f1e702de2b959?s=96&d=mm&r=g","contentUrl":"https:\/\/secure.gravatar.com\/avatar\/072844300f4881150aee2da4278f7a65d16eefdf8262eb67085f1e702de2b959?s=96&d=mm&r=g","caption":"Artigos Opini\u00f3n"},"sameAs":["http:\/\/anovapeneira.gal"],"url":"https:\/\/www.anovapeneira.gal\/index.php\/author\/artigosopinion\/"}]}},"jetpack_featured_media_url":"https:\/\/www.anovapeneira.gal\/wp-content\/uploads\/2022\/09\/foto-Lui\u0301s-Bara\u0301.jpg","_links":{"self":[{"href":"https:\/\/www.anovapeneira.gal\/index.php\/wp-json\/wp\/v2\/posts\/10164","targetHints":{"allow":["GET"]}}],"collection":[{"href":"https:\/\/www.anovapeneira.gal\/index.php\/wp-json\/wp\/v2\/posts"}],"about":[{"href":"https:\/\/www.anovapeneira.gal\/index.php\/wp-json\/wp\/v2\/types\/post"}],"author":[{"embeddable":true,"href":"https:\/\/www.anovapeneira.gal\/index.php\/wp-json\/wp\/v2\/users\/12"}],"replies":[{"embeddable":true,"href":"https:\/\/www.anovapeneira.gal\/index.php\/wp-json\/wp\/v2\/comments?post=10164"}],"version-history":[{"count":1,"href":"https:\/\/www.anovapeneira.gal\/index.php\/wp-json\/wp\/v2\/posts\/10164\/revisions"}],"predecessor-version":[{"id":10165,"href":"https:\/\/www.anovapeneira.gal\/index.php\/wp-json\/wp\/v2\/posts\/10164\/revisions\/10165"}],"wp:featuredmedia":[{"embeddable":true,"href":"https:\/\/www.anovapeneira.gal\/index.php\/wp-json\/wp\/v2\/media\/8165"}],"wp:attachment":[{"href":"https:\/\/www.anovapeneira.gal\/index.php\/wp-json\/wp\/v2\/media?parent=10164"}],"wp:term":[{"taxonomy":"category","embeddable":true,"href":"https:\/\/www.anovapeneira.gal\/index.php\/wp-json\/wp\/v2\/categories?post=10164"},{"taxonomy":"post_tag","embeddable":true,"href":"https:\/\/www.anovapeneira.gal\/index.php\/wp-json\/wp\/v2\/tags?post=10164"}],"curies":[{"name":"wp","href":"https:\/\/api.w.org\/{rel}","templated":true}]}}