{"id":10166,"date":"2023-07-25T10:00:25","date_gmt":"2023-07-25T08:00:25","guid":{"rendered":"https:\/\/www.anovapeneira.gal\/?p=10166"},"modified":"2023-07-23T14:09:33","modified_gmt":"2023-07-23T12:09:33","slug":"tiven-un-sono","status":"publish","type":"post","link":"https:\/\/www.anovapeneira.gal\/index.php\/2023\/07\/25\/tiven-un-sono\/","title":{"rendered":"Tiven un so\u00f1o"},"content":{"rendered":"\n<blockquote class=\"wp-block-quote is-layout-flow wp-block-quote-is-layout-flow\">\n<p>Mario L\u00f3pez Rico<\/p>\n<\/blockquote>\n\n\n\n<p>\u201c<em><strong>I have a dream\u201d <\/strong><\/em><em>Martin Luther King Famoso discurso pola igualdade e coexistencia harmoniosa entre brancos e negros na s\u00faa Am\u00e9rica do Norte.<\/em><\/p>\n\n\n\n<p>Eu tam\u00e9n tiven un so\u00f1o no que en Galiza non ti\u00f1amos unha poboaci\u00f3n envellecida, na que a nosa xente nova non estaba a marchar buscarse a vida al\u00e9n das nosas fronteiras, non exist\u00eda esa aut\u00e9ntica enxurrada de futuro que se perde, ti\u00f1amos un rico mundo rural, a gandar\u00eda e agricultura vizosa, os montes libres dos eucaliptos e de e\u00f3licas, as f\u00e1bricas a producir riqueza invertendo o proceso de desindustrializaci\u00f3n brutal que hoxe temos, volviamos ter unha banca galega como as caixas de aforros, un pa\u00eds rico e xusto, agarimoso coma o colo dunha nai.<\/p>\n\n\n\n<p>Mais o noso Pa\u00eds hoxe ten unha colonizaci\u00f3n brutal, sometido nun estado que nos ten asignado o papel de fornecedor de recursos naturais ou carne de can\u00f3n para xerar riqueza noutras partes do mundo. Desgrazadamente non estamos ante nada pasaxeiro, \u00e9 algo estrutural ese desaxuste de Galiza no Estado Espa\u00f1ol. Sinceramente, pouco ou nada se albisca, dun futuro mellor de non mudar radicalmente as cousas m\u00e1is al\u00f3 do bipartidismo din\u00e1stico borb\u00f3nico.<\/p>\n\n\n\n<p>Non podo menos que facer notar que este artigo est\u00e1 feito antes do d\u00eda 23, por raz\u00f3ns t\u00e9cnicas da edici\u00f3n, e non deixa de ser complicado escribir unha semana antes dunha data que se lle ten dado tanta importancia para conformar un texto que vai ser lido un par de d\u00edas despois. Estou a falar das Elecci\u00f3ns Estatais do 23. Est\u00e1senos demandando a escolla entre as d\u00faas patas do bipartidismo, entre un goberno m\u00e1is am\u00e1bel, con alg\u00fans acertos, ou o terror da dereita m\u00e1is ultra. Non hai d\u00fabida que se esta escolla non vai acompa\u00f1ada de termos conseguido en Madrid m\u00e1is presenza de Galiza haber\u00e1 moitas cosas que van seguir igual para n\u00f3s. Moitas das grandes decisi\u00f3ns pol\u00edticas do estado est\u00e1n moi por riba de que sexan uns ou outros os que gobernen porque cada vez m\u00e1is o poder real est\u00e1 en mans das grandes corporaci\u00f3ns e do capital financeiro.<\/p>\n\n\n\n<p>Para mudar as cousas precisamos que Galiza conte, te\u00f1a peso como xa te\u00f1en as outras naci\u00f3ns sen estado, e iso pasa por termos m\u00e1is presenza nas instituci\u00f3ns do estado para poder decidir naquels cousas que nos afectan como naci\u00f3n.<\/p>\n\n\n\n<p>\u201c<em><strong>Alba de G<\/strong><\/em><em><strong>r<\/strong><strong>oria\u201d<\/strong> o noso Castelao neste seu discurso ergueu un potente chamado \u00e1 liberdade do Pobo Galego perante unha data ic\u00f3nica como \u00e9 o \u201cD\u00eda da Patria\u201d dende o seu exilio arxentino.<\/em><\/p>\n\n\n\n<p>N\u00f3s, galegos e galegas, de hoxe temos a sorte de podermos celebrar este d\u00eda na propia nosa terra. Os nosos exilios e devezos son hoxe doutra \u00edndole: vermos a patria desleixada e nun devalo cara un futuro incerto. A ledicia certa de sermos n\u00f3s e celebralo neste d\u00eda non pode agochar a multiplicidade de problemas e agresi\u00f3ns que estamos a sufrir, mesmo fisicamente no territorio. Galiza precisa coa m\u00e1xima urxencia un cambio de rumbo, un tomar as r\u00e9deas do seu destino, precisamos cada vez unha meirande implicaci\u00f3n das boas persoas, que como as citadas por Castelao no seu \u201calba de Groria\u201d po\u00f1an o seu labor e o seu interese do Galiza por riba de todo. Para que haxa un d\u00eda no que todas poidamos celebrar o noso cantando coma o grande Curros:<\/p>\n\n\n\n<p><em>Queredes casta\u00f1as<br>dos meus casti\u00f1eiros? &#8230;<br>Cant\u00e1deme un maio<br>sin bruxas nin demos;<br>un maio sin segas,<br>usuras nin preitos,<br>sin quintas, nin portas,<br>nin foros, nin cregos.<\/em><\/p>\n\n\n\n<p>Hoxe as bruxas e os demos, as usuras e os preitos, os foros ou os crego te\u00f1en outra fasqu\u00eda pero vela\u00ed est\u00e1n a\u00ednda. Fagamos un grande conxuro, mobilic\u00e9monos.<\/p>\n\n\n\n<p>B<em>o d\u00eda da Patria a todas e todos!<\/em><\/p>\n","protected":false},"excerpt":{"rendered":"<div class=\"mh-excerpt\"><p>\u201cI have a dream\u201d Martin Luther King Famoso discurso pola igualdade e coexistencia harmoniosa entre brancos e negros na s\u00faa Am\u00e9rica do Norte. <a class=\"mh-excerpt-more\" href=\"https:\/\/www.anovapeneira.gal\/index.php\/2023\/07\/25\/tiven-un-sono\/\" title=\"Tiven un so\u00f1o\">[&#8230;]<\/a><\/p>\n<\/div>","protected":false},"author":12,"featured_media":10168,"comment_status":"open","ping_status":"open","sticky":false,"template":"","format":"standard","meta":{"_exactmetrics_skip_tracking":false,"_exactmetrics_sitenote_active":false,"_exactmetrics_sitenote_note":"","_exactmetrics_sitenote_category":0,"footnotes":""},"categories":[7],"tags":[1217],"class_list":{"0":"post-10166","1":"post","2":"type-post","3":"status-publish","4":"format-standard","5":"has-post-thumbnail","7":"category-artigos-de-opinion","8":"tag-mario-lopez-rico"},"yoast_head":"<!-- This site is optimized with the Yoast SEO plugin v27.4 - https:\/\/yoast.com\/product\/yoast-seo-wordpress\/ -->\n<title>Tiven un so\u00f1o -<\/title>\n<meta name=\"description\" content=\"\u201cI have a dream\u201d Martin Luther King Famoso discurso pola igualdade e coexistencia harmoniosa entre brancos e negros na s\u00faa Am\u00e9rica do Norte.\" \/>\n<meta name=\"robots\" content=\"index, follow, max-snippet:-1, max-image-preview:large, max-video-preview:-1\" \/>\n<link rel=\"canonical\" href=\"https:\/\/www.anovapeneira.gal\/index.php\/2023\/07\/25\/tiven-un-sono\/\" \/>\n<meta property=\"og:locale\" content=\"gl_ES\" \/>\n<meta property=\"og:type\" content=\"article\" \/>\n<meta property=\"og:title\" content=\"Tiven un so\u00f1o -\" \/>\n<meta property=\"og:description\" content=\"\u201cI have a dream\u201d Martin Luther King Famoso discurso pola igualdade e coexistencia harmoniosa entre brancos e negros na s\u00faa Am\u00e9rica do Norte.\" \/>\n<meta property=\"og:url\" content=\"https:\/\/www.anovapeneira.gal\/index.php\/2023\/07\/25\/tiven-un-sono\/\" \/>\n<meta property=\"article:publisher\" content=\"https:\/\/www.facebook.com\/anovapeneira\" \/>\n<meta property=\"article:published_time\" content=\"2023-07-25T08:00:25+00:00\" \/>\n<meta property=\"og:image\" content=\"https:\/\/www.anovapeneira.gal\/wp-content\/uploads\/2023\/07\/mario_lopez_rico.jpg\" \/>\n\t<meta property=\"og:image:width\" content=\"720\" \/>\n\t<meta property=\"og:image:height\" content=\"432\" \/>\n\t<meta property=\"og:image:type\" content=\"image\/jpeg\" \/>\n<meta name=\"author\" content=\"Artigos Opini\u00f3n\" \/>\n<meta name=\"twitter:card\" content=\"summary_large_image\" \/>\n<meta name=\"twitter:creator\" content=\"@APeneira\" \/>\n<meta name=\"twitter:site\" content=\"@APeneira\" \/>\n<meta name=\"twitter:label1\" content=\"Escrito por\" \/>\n\t<meta name=\"twitter:data1\" content=\"Artigos Opini\u00f3n\" \/>\n\t<meta name=\"twitter:label2\" content=\"Tempo de lectura\" \/>\n\t<meta name=\"twitter:data2\" content=\"4 minutos\" \/>\n<script type=\"application\/ld+json\" class=\"yoast-schema-graph\">{\"@context\":\"https:\\\/\\\/schema.org\",\"@graph\":[{\"@type\":\"Article\",\"@id\":\"https:\\\/\\\/www.anovapeneira.gal\\\/index.php\\\/2023\\\/07\\\/25\\\/tiven-un-sono\\\/#article\",\"isPartOf\":{\"@id\":\"https:\\\/\\\/www.anovapeneira.gal\\\/index.php\\\/2023\\\/07\\\/25\\\/tiven-un-sono\\\/\"},\"author\":{\"name\":\"Artigos Opini\u00f3n\",\"@id\":\"https:\\\/\\\/www.anovapeneira.gal\\\/#\\\/schema\\\/person\\\/f18a4feb302e8f20bcef4490b5b60bb3\"},\"headline\":\"Tiven un so\u00f1o\",\"datePublished\":\"2023-07-25T08:00:25+00:00\",\"mainEntityOfPage\":{\"@id\":\"https:\\\/\\\/www.anovapeneira.gal\\\/index.php\\\/2023\\\/07\\\/25\\\/tiven-un-sono\\\/\"},\"wordCount\":678,\"commentCount\":0,\"publisher\":{\"@id\":\"https:\\\/\\\/www.anovapeneira.gal\\\/#organization\"},\"image\":{\"@id\":\"https:\\\/\\\/www.anovapeneira.gal\\\/index.php\\\/2023\\\/07\\\/25\\\/tiven-un-sono\\\/#primaryimage\"},\"thumbnailUrl\":\"https:\\\/\\\/www.anovapeneira.gal\\\/wp-content\\\/uploads\\\/2023\\\/07\\\/mario_lopez_rico.jpg\",\"keywords\":[\"Mario L\u00f3pez Rico\"],\"articleSection\":[\"Artigos de opini\u00f3n\"],\"inLanguage\":\"gl-ES\",\"potentialAction\":[{\"@type\":\"CommentAction\",\"name\":\"Comment\",\"target\":[\"https:\\\/\\\/www.anovapeneira.gal\\\/index.php\\\/2023\\\/07\\\/25\\\/tiven-un-sono\\\/#respond\"]}]},{\"@type\":\"WebPage\",\"@id\":\"https:\\\/\\\/www.anovapeneira.gal\\\/index.php\\\/2023\\\/07\\\/25\\\/tiven-un-sono\\\/\",\"url\":\"https:\\\/\\\/www.anovapeneira.gal\\\/index.php\\\/2023\\\/07\\\/25\\\/tiven-un-sono\\\/\",\"name\":\"Tiven un so\u00f1o -\",\"isPartOf\":{\"@id\":\"https:\\\/\\\/www.anovapeneira.gal\\\/#website\"},\"primaryImageOfPage\":{\"@id\":\"https:\\\/\\\/www.anovapeneira.gal\\\/index.php\\\/2023\\\/07\\\/25\\\/tiven-un-sono\\\/#primaryimage\"},\"image\":{\"@id\":\"https:\\\/\\\/www.anovapeneira.gal\\\/index.php\\\/2023\\\/07\\\/25\\\/tiven-un-sono\\\/#primaryimage\"},\"thumbnailUrl\":\"https:\\\/\\\/www.anovapeneira.gal\\\/wp-content\\\/uploads\\\/2023\\\/07\\\/mario_lopez_rico.jpg\",\"datePublished\":\"2023-07-25T08:00:25+00:00\",\"description\":\"\u201cI have a dream\u201d Martin Luther King Famoso discurso pola igualdade e coexistencia harmoniosa entre brancos e negros na s\u00faa Am\u00e9rica do Norte.\",\"breadcrumb\":{\"@id\":\"https:\\\/\\\/www.anovapeneira.gal\\\/index.php\\\/2023\\\/07\\\/25\\\/tiven-un-sono\\\/#breadcrumb\"},\"inLanguage\":\"gl-ES\",\"potentialAction\":[{\"@type\":\"ReadAction\",\"target\":[\"https:\\\/\\\/www.anovapeneira.gal\\\/index.php\\\/2023\\\/07\\\/25\\\/tiven-un-sono\\\/\"]}]},{\"@type\":\"ImageObject\",\"inLanguage\":\"gl-ES\",\"@id\":\"https:\\\/\\\/www.anovapeneira.gal\\\/index.php\\\/2023\\\/07\\\/25\\\/tiven-un-sono\\\/#primaryimage\",\"url\":\"https:\\\/\\\/www.anovapeneira.gal\\\/wp-content\\\/uploads\\\/2023\\\/07\\\/mario_lopez_rico.jpg\",\"contentUrl\":\"https:\\\/\\\/www.anovapeneira.gal\\\/wp-content\\\/uploads\\\/2023\\\/07\\\/mario_lopez_rico.jpg\",\"width\":720,\"height\":432,\"caption\":\"Mario L\u00f3pez Rico\"},{\"@type\":\"BreadcrumbList\",\"@id\":\"https:\\\/\\\/www.anovapeneira.gal\\\/index.php\\\/2023\\\/07\\\/25\\\/tiven-un-sono\\\/#breadcrumb\",\"itemListElement\":[{\"@type\":\"ListItem\",\"position\":1,\"name\":\"Portada\",\"item\":\"https:\\\/\\\/www.anovapeneira.gal\\\/\"},{\"@type\":\"ListItem\",\"position\":2,\"name\":\"Tiven un so\u00f1o\"}]},{\"@type\":\"WebSite\",\"@id\":\"https:\\\/\\\/www.anovapeneira.gal\\\/#website\",\"url\":\"https:\\\/\\\/www.anovapeneira.gal\\\/\",\"name\":\"\",\"description\":\"Xornal galego de informaci\u00f3n xeral Publicaci\u00f3n mensual de novas de Galicia e en especial dos Concellos da sur da provincia de Pontevedra.\",\"publisher\":{\"@id\":\"https:\\\/\\\/www.anovapeneira.gal\\\/#organization\"},\"potentialAction\":[{\"@type\":\"SearchAction\",\"target\":{\"@type\":\"EntryPoint\",\"urlTemplate\":\"https:\\\/\\\/www.anovapeneira.gal\\\/?s={search_term_string}\"},\"query-input\":{\"@type\":\"PropertyValueSpecification\",\"valueRequired\":true,\"valueName\":\"search_term_string\"}}],\"inLanguage\":\"gl-ES\"},{\"@type\":\"Organization\",\"@id\":\"https:\\\/\\\/www.anovapeneira.gal\\\/#organization\",\"name\":\"A Nova Peneira\",\"url\":\"https:\\\/\\\/www.anovapeneira.gal\\\/\",\"logo\":{\"@type\":\"ImageObject\",\"inLanguage\":\"gl-ES\",\"@id\":\"https:\\\/\\\/www.anovapeneira.gal\\\/#\\\/schema\\\/logo\\\/image\\\/\",\"url\":\"http:\\\/\\\/www.anovapeneira.gal\\\/wp-content\\\/uploads\\\/2019\\\/06\\\/logo_a_nova_peneira_portal_web.png\",\"contentUrl\":\"http:\\\/\\\/www.anovapeneira.gal\\\/wp-content\\\/uploads\\\/2019\\\/06\\\/logo_a_nova_peneira_portal_web.png\",\"width\":300,\"height\":100,\"caption\":\"A Nova Peneira\"},\"image\":{\"@id\":\"https:\\\/\\\/www.anovapeneira.gal\\\/#\\\/schema\\\/logo\\\/image\\\/\"},\"sameAs\":[\"https:\\\/\\\/www.facebook.com\\\/anovapeneira\",\"https:\\\/\\\/x.com\\\/APeneira\"]},{\"@type\":\"Person\",\"@id\":\"https:\\\/\\\/www.anovapeneira.gal\\\/#\\\/schema\\\/person\\\/f18a4feb302e8f20bcef4490b5b60bb3\",\"name\":\"Artigos Opini\u00f3n\",\"image\":{\"@type\":\"ImageObject\",\"inLanguage\":\"gl-ES\",\"@id\":\"https:\\\/\\\/secure.gravatar.com\\\/avatar\\\/072844300f4881150aee2da4278f7a65d16eefdf8262eb67085f1e702de2b959?s=96&d=mm&r=g\",\"url\":\"https:\\\/\\\/secure.gravatar.com\\\/avatar\\\/072844300f4881150aee2da4278f7a65d16eefdf8262eb67085f1e702de2b959?s=96&d=mm&r=g\",\"contentUrl\":\"https:\\\/\\\/secure.gravatar.com\\\/avatar\\\/072844300f4881150aee2da4278f7a65d16eefdf8262eb67085f1e702de2b959?s=96&d=mm&r=g\",\"caption\":\"Artigos Opini\u00f3n\"},\"sameAs\":[\"http:\\\/\\\/anovapeneira.gal\"],\"url\":\"https:\\\/\\\/www.anovapeneira.gal\\\/index.php\\\/author\\\/artigosopinion\\\/\"}]}<\/script>\n<!-- \/ Yoast SEO plugin. -->","yoast_head_json":{"title":"Tiven un so\u00f1o -","description":"\u201cI have a dream\u201d Martin Luther King Famoso discurso pola igualdade e coexistencia harmoniosa entre brancos e negros na s\u00faa Am\u00e9rica do Norte.","robots":{"index":"index","follow":"follow","max-snippet":"max-snippet:-1","max-image-preview":"max-image-preview:large","max-video-preview":"max-video-preview:-1"},"canonical":"https:\/\/www.anovapeneira.gal\/index.php\/2023\/07\/25\/tiven-un-sono\/","og_locale":"gl_ES","og_type":"article","og_title":"Tiven un so\u00f1o -","og_description":"\u201cI have a dream\u201d Martin Luther King Famoso discurso pola igualdade e coexistencia harmoniosa entre brancos e negros na s\u00faa Am\u00e9rica do Norte.","og_url":"https:\/\/www.anovapeneira.gal\/index.php\/2023\/07\/25\/tiven-un-sono\/","article_publisher":"https:\/\/www.facebook.com\/anovapeneira","article_published_time":"2023-07-25T08:00:25+00:00","og_image":[{"width":720,"height":432,"url":"https:\/\/www.anovapeneira.gal\/wp-content\/uploads\/2023\/07\/mario_lopez_rico.jpg","type":"image\/jpeg"}],"author":"Artigos Opini\u00f3n","twitter_card":"summary_large_image","twitter_creator":"@APeneira","twitter_site":"@APeneira","twitter_misc":{"Escrito por":"Artigos Opini\u00f3n","Tempo de lectura":"4 minutos"},"schema":{"@context":"https:\/\/schema.org","@graph":[{"@type":"Article","@id":"https:\/\/www.anovapeneira.gal\/index.php\/2023\/07\/25\/tiven-un-sono\/#article","isPartOf":{"@id":"https:\/\/www.anovapeneira.gal\/index.php\/2023\/07\/25\/tiven-un-sono\/"},"author":{"name":"Artigos Opini\u00f3n","@id":"https:\/\/www.anovapeneira.gal\/#\/schema\/person\/f18a4feb302e8f20bcef4490b5b60bb3"},"headline":"Tiven un so\u00f1o","datePublished":"2023-07-25T08:00:25+00:00","mainEntityOfPage":{"@id":"https:\/\/www.anovapeneira.gal\/index.php\/2023\/07\/25\/tiven-un-sono\/"},"wordCount":678,"commentCount":0,"publisher":{"@id":"https:\/\/www.anovapeneira.gal\/#organization"},"image":{"@id":"https:\/\/www.anovapeneira.gal\/index.php\/2023\/07\/25\/tiven-un-sono\/#primaryimage"},"thumbnailUrl":"https:\/\/www.anovapeneira.gal\/wp-content\/uploads\/2023\/07\/mario_lopez_rico.jpg","keywords":["Mario L\u00f3pez Rico"],"articleSection":["Artigos de opini\u00f3n"],"inLanguage":"gl-ES","potentialAction":[{"@type":"CommentAction","name":"Comment","target":["https:\/\/www.anovapeneira.gal\/index.php\/2023\/07\/25\/tiven-un-sono\/#respond"]}]},{"@type":"WebPage","@id":"https:\/\/www.anovapeneira.gal\/index.php\/2023\/07\/25\/tiven-un-sono\/","url":"https:\/\/www.anovapeneira.gal\/index.php\/2023\/07\/25\/tiven-un-sono\/","name":"Tiven un so\u00f1o -","isPartOf":{"@id":"https:\/\/www.anovapeneira.gal\/#website"},"primaryImageOfPage":{"@id":"https:\/\/www.anovapeneira.gal\/index.php\/2023\/07\/25\/tiven-un-sono\/#primaryimage"},"image":{"@id":"https:\/\/www.anovapeneira.gal\/index.php\/2023\/07\/25\/tiven-un-sono\/#primaryimage"},"thumbnailUrl":"https:\/\/www.anovapeneira.gal\/wp-content\/uploads\/2023\/07\/mario_lopez_rico.jpg","datePublished":"2023-07-25T08:00:25+00:00","description":"\u201cI have a dream\u201d Martin Luther King Famoso discurso pola igualdade e coexistencia harmoniosa entre brancos e negros na s\u00faa Am\u00e9rica do Norte.","breadcrumb":{"@id":"https:\/\/www.anovapeneira.gal\/index.php\/2023\/07\/25\/tiven-un-sono\/#breadcrumb"},"inLanguage":"gl-ES","potentialAction":[{"@type":"ReadAction","target":["https:\/\/www.anovapeneira.gal\/index.php\/2023\/07\/25\/tiven-un-sono\/"]}]},{"@type":"ImageObject","inLanguage":"gl-ES","@id":"https:\/\/www.anovapeneira.gal\/index.php\/2023\/07\/25\/tiven-un-sono\/#primaryimage","url":"https:\/\/www.anovapeneira.gal\/wp-content\/uploads\/2023\/07\/mario_lopez_rico.jpg","contentUrl":"https:\/\/www.anovapeneira.gal\/wp-content\/uploads\/2023\/07\/mario_lopez_rico.jpg","width":720,"height":432,"caption":"Mario L\u00f3pez Rico"},{"@type":"BreadcrumbList","@id":"https:\/\/www.anovapeneira.gal\/index.php\/2023\/07\/25\/tiven-un-sono\/#breadcrumb","itemListElement":[{"@type":"ListItem","position":1,"name":"Portada","item":"https:\/\/www.anovapeneira.gal\/"},{"@type":"ListItem","position":2,"name":"Tiven un so\u00f1o"}]},{"@type":"WebSite","@id":"https:\/\/www.anovapeneira.gal\/#website","url":"https:\/\/www.anovapeneira.gal\/","name":"","description":"Xornal galego de informaci\u00f3n xeral Publicaci\u00f3n mensual de novas de Galicia e en especial dos Concellos da sur da provincia de Pontevedra.","publisher":{"@id":"https:\/\/www.anovapeneira.gal\/#organization"},"potentialAction":[{"@type":"SearchAction","target":{"@type":"EntryPoint","urlTemplate":"https:\/\/www.anovapeneira.gal\/?s={search_term_string}"},"query-input":{"@type":"PropertyValueSpecification","valueRequired":true,"valueName":"search_term_string"}}],"inLanguage":"gl-ES"},{"@type":"Organization","@id":"https:\/\/www.anovapeneira.gal\/#organization","name":"A Nova Peneira","url":"https:\/\/www.anovapeneira.gal\/","logo":{"@type":"ImageObject","inLanguage":"gl-ES","@id":"https:\/\/www.anovapeneira.gal\/#\/schema\/logo\/image\/","url":"http:\/\/www.anovapeneira.gal\/wp-content\/uploads\/2019\/06\/logo_a_nova_peneira_portal_web.png","contentUrl":"http:\/\/www.anovapeneira.gal\/wp-content\/uploads\/2019\/06\/logo_a_nova_peneira_portal_web.png","width":300,"height":100,"caption":"A Nova Peneira"},"image":{"@id":"https:\/\/www.anovapeneira.gal\/#\/schema\/logo\/image\/"},"sameAs":["https:\/\/www.facebook.com\/anovapeneira","https:\/\/x.com\/APeneira"]},{"@type":"Person","@id":"https:\/\/www.anovapeneira.gal\/#\/schema\/person\/f18a4feb302e8f20bcef4490b5b60bb3","name":"Artigos Opini\u00f3n","image":{"@type":"ImageObject","inLanguage":"gl-ES","@id":"https:\/\/secure.gravatar.com\/avatar\/072844300f4881150aee2da4278f7a65d16eefdf8262eb67085f1e702de2b959?s=96&d=mm&r=g","url":"https:\/\/secure.gravatar.com\/avatar\/072844300f4881150aee2da4278f7a65d16eefdf8262eb67085f1e702de2b959?s=96&d=mm&r=g","contentUrl":"https:\/\/secure.gravatar.com\/avatar\/072844300f4881150aee2da4278f7a65d16eefdf8262eb67085f1e702de2b959?s=96&d=mm&r=g","caption":"Artigos Opini\u00f3n"},"sameAs":["http:\/\/anovapeneira.gal"],"url":"https:\/\/www.anovapeneira.gal\/index.php\/author\/artigosopinion\/"}]}},"jetpack_featured_media_url":"https:\/\/www.anovapeneira.gal\/wp-content\/uploads\/2023\/07\/mario_lopez_rico.jpg","_links":{"self":[{"href":"https:\/\/www.anovapeneira.gal\/index.php\/wp-json\/wp\/v2\/posts\/10166","targetHints":{"allow":["GET"]}}],"collection":[{"href":"https:\/\/www.anovapeneira.gal\/index.php\/wp-json\/wp\/v2\/posts"}],"about":[{"href":"https:\/\/www.anovapeneira.gal\/index.php\/wp-json\/wp\/v2\/types\/post"}],"author":[{"embeddable":true,"href":"https:\/\/www.anovapeneira.gal\/index.php\/wp-json\/wp\/v2\/users\/12"}],"replies":[{"embeddable":true,"href":"https:\/\/www.anovapeneira.gal\/index.php\/wp-json\/wp\/v2\/comments?post=10166"}],"version-history":[{"count":1,"href":"https:\/\/www.anovapeneira.gal\/index.php\/wp-json\/wp\/v2\/posts\/10166\/revisions"}],"predecessor-version":[{"id":10167,"href":"https:\/\/www.anovapeneira.gal\/index.php\/wp-json\/wp\/v2\/posts\/10166\/revisions\/10167"}],"wp:featuredmedia":[{"embeddable":true,"href":"https:\/\/www.anovapeneira.gal\/index.php\/wp-json\/wp\/v2\/media\/10168"}],"wp:attachment":[{"href":"https:\/\/www.anovapeneira.gal\/index.php\/wp-json\/wp\/v2\/media?parent=10166"}],"wp:term":[{"taxonomy":"category","embeddable":true,"href":"https:\/\/www.anovapeneira.gal\/index.php\/wp-json\/wp\/v2\/categories?post=10166"},{"taxonomy":"post_tag","embeddable":true,"href":"https:\/\/www.anovapeneira.gal\/index.php\/wp-json\/wp\/v2\/tags?post=10166"}],"curies":[{"name":"wp","href":"https:\/\/api.w.org\/{rel}","templated":true}]}}