{"id":10171,"date":"2023-07-26T10:00:45","date_gmt":"2023-07-26T08:00:45","guid":{"rendered":"https:\/\/www.anovapeneira.gal\/?p=10171"},"modified":"2023-07-23T14:27:37","modified_gmt":"2023-07-23T12:27:37","slug":"cousas-de-salvaterra-9","status":"publish","type":"post","link":"https:\/\/www.anovapeneira.gal\/index.php\/2023\/07\/26\/cousas-de-salvaterra-9\/","title":{"rendered":"Cousas de Salvaterra"},"content":{"rendered":"\n<figure class=\"wp-block-image size-full is-resized\"><img loading=\"lazy\" decoding=\"async\" src=\"https:\/\/www.anovapeneira.gal\/wp-content\/uploads\/2022\/08\/opinion_anton_saque.jpg\" alt=\"Ant\u00f3n Lourenzo, veci\u00f1o da Vila\" class=\"wp-image-8006\" width=\"95\" height=\"115\"\/><figcaption class=\"wp-element-caption\">Ant\u00f3n Lourenzo \u201cXaque\u201d, veci\u00f1o da Vila<\/figcaption><\/figure>\n\n\n\n<p>Comentabamos na \u00faltima transcrici\u00f3n feita sobre a Guerra da Restauraci\u00f3n Portuguesa, que remataba o ano 1643, deixando como principal resultado favorable \u00e1s tropas portuguesas, a toma do recinto amurallado de Salvaterra e o arrabaldo, que por certo, non \u00e9 exactamente o que na actualidade existe.<\/p>\n\n\n\n<p>Prosigo no ano 1644, no que sucederon unha serie de feitos, que de xeito resumido son os seguintes:<\/p>\n\n\n\n<p>Continuaron os sucesos militares na rexi\u00f3n de Entre Douro e Minho, inda que os m\u00e1is relevantes, pola s\u00faa intensidade e crueldade, tiveron por escenario as terras das Extremaduras. Houbo varios encontros en Tras os Montes e Beira. Portugal env\u00eda a Franza o Marqu\u00e9s de Cascaes como Embaixador extraordinario, chegando a Lisboa como Embaixador da Franza o Marqu\u00e9s de Roylbac. No Brasil, da man de Jo\u00e3o Fernandes Vieira, da principio a restauraci\u00f3n naquela provincia. Restit\u00faese en Tanxer a obediencia do Rey, polos sucesos ocorridos en Mazag\u00e3o. P\u00e9rdese en Ceyl\u00e1n a fortaleza de Negubo. Houbo alternancias en Macao. Sucede nas posesi\u00f3ns da India o goberno de D. Filipe Mascarenhas. De Entre Douro e Minho, pasa a gobernar o Alentejo o Conde de Castell-Melhor, este intenta tomar por sorpresa Badaxoz e fracasa. Resolve o Rey pasar por segunda vez \u00f3 Alentexo. Sae en campa\u00f1a o Marqu\u00e9s de Lag\u00e1\u00f1ez: ga\u00f1a o forte e a ponte de Olivenza, levanta o forte de Terena e ret\u00edrase sin oposici\u00f3n do ex\u00e9rcito, que estivo agochado entre as oliveiras. Mandou o Rey acuartelalo e ret\u00edrase para Lisboa. Houbo varios encontros nas rexi\u00f3ns de Entre Douro e Minho, Tras os Montes e Beira. Intercambio de noticias entre as embaixadas. Contin\u00faa en Pernambuco Jo\u00e3o Fernandes, Virey, no intento da liberdade daqueles pobos: re\u00fane tropas, procuran os holandeses desbaratar o sitio das Tabocas, onde se aloxaron, pero fracasan. Chega a Bah\u00eda Andr\u00e9 Vidal, desbaratan ambos por segunda vez \u00f3s holandeses, contin\u00faan a guerra con notables progresos. Houbo graves sucesos en Tanxer e Mazag\u00e3o. Entra en Goa Dom Filipe Mascarenhas de Ceil\u00e1n, onde recibiu a nova de ser Vice-Rey daquel Estado.<\/p>\n\n\n\n<p>Continuaba sendo o Conde de Castell-Melhor o Gobernador da provincia de Entre Douro e Minho, no entanto, prosegu\u00edan os traballos da fortificaci\u00f3n de Salvaterra. Non daba o rigor do inverno para ennobrecer con novas empresas militares a gloria das que conseguir\u00e1 naquela guerra, m\u00e1is, por non ter as armas ociosas, mandou por Duquizn\u00e9 armar a corenta cabalos, atacaron con eles un grupo de gastadores que andaban a cortar estacas nunha quinta veci\u00f1a. Derrotounos Duquizn\u00e9 e capturou, entre outros prisioneiros, \u00f3 Capit\u00e1n Lu\u00eds da Vide de Andrade Portuguez, con duas feridas.<\/p>\n\n\n\n<p>Por outra banda, o mesmo tempo, mandou o Conde \u00f3 Capit\u00e1n D. Jo\u00e3o de Sousa, Antonio de Sousa Menezes Gobernador de Melga\u00e7o e \u00f3 Capit\u00e1n Antonio \u00c1lvaro, que entraran na Galiza con mil Infantes pagos e da Ordenanza, pola parte de Fi\u00e3es, situada na raia seca. Executaron as ordes e queimaron catro lugares, tendo entrado a Monte Redondo, actual distrito de Arcos de Vald\u00e9vez, xa reedificado. Atacounos o inimigo con m\u00e1is poder, resistiron valerosamente facendo retirar \u00f3s galegos e a\u00ednda que varias veces os alcanzaran no cami\u00f1o, recoll\u00e9ronse sen maior dano.<\/p>\n\n\n\n<p>Poucos d\u00edas despois deste suceso, mandou o Conde a Rui Pereira Sotto Maior, Capit\u00e1n Maior de Caminha, con 200 homes en barcos a atacar un reduto, que o inimigo fabricara na barra de Caminha, que o ano anterior fora envestido sen consecuencias. Atacouno Rui Pereira nesta ocasi\u00f3n con mellor fortuna, porque o ga\u00f1ou e puxo por terra sen oposici\u00f3n.<\/p>\n\n\n\n<p>O Conde de Castell-Melhor, non querendo pasar o tempo ocioso, nin os d\u00edas sen facer grande cousa, pasou de Salvaterra a Vila Nova de Cerveira, con intenci\u00f3n de mandar atacar a vila da Barca de Goi\u00e1n, que fica enfronte, poboada por 250 moradores e guarnecida con 200 soldados. Estaba rodeada de trincheiras que defend\u00edan catro pezas de artiller\u00eda, a pasaxe do r\u00edo estaba tam\u00e9n fortificada.<\/p>\n\n\n\n<p>O Conde entregou \u00f3 Mestre de Campo Diogo de Mello Pereira 500 Infantes, con esta forza pasou o outro lado do r\u00edo en barcos, que estaban preparados para este efecto. Chegaran \u00f3 romper o d\u00eda e sendo descuberto o rumor dos barcos polos centinelas, acudiron os galegos a guarnecer as trincheiras do r\u00edo, por\u00e9n tanto foron envestidos que as desampararon, levando o temor de que acontecera o mesmo \u00e1s que rodeaban a Vila. Atop\u00e1ronas tan mal defendidas que entraron os soldados portugueses, saquearon a Vila e pux\u00e9ronlle fogo. Mandoulles o Conde repetidas ordes para que se retiraran sen dilaci\u00f3n, recelando que o Marqu\u00e9s de T\u00e1vora, Gobernador das Armas da Galiza acudira dende Tui, onde estaba, coa cabaler\u00eda e Infanter\u00eda da que dispu\u00f1a e que distaba tan s\u00f3 d\u00faas leguas da Barca de Goi\u00e1n. O final as\u00ed foi, pero cando chegou \u00f3 lugar c\u00f3 socorro, xa o dano estaba feito sen remedio, logrando os portugueses cruzar o r\u00edo con todo o bot\u00edn que puideron levar. Vingouse o Marqu\u00e9s de T\u00e1vora en D. Diego Berm\u00fadez a quen prendeu, Cabo da xente que defend\u00eda as trincheiras do r\u00edo, en nun axudante quen mandou aforcar, merecido castigo polo mal que procederan\u2026.<\/p>\n\n\n\n<p>Continuar\u00e1.<\/p>\n\n\n\n<p>Transcrito en Salvaterra a 15 de xullo do 2023<\/p>\n\n\n\n<p>Fonte: Historia de Portugal Restaurado, escrita por Dom Lu\u00eds de Menezes, Conde de Ericeira. Biblioteca Nacional de Lisboa.<\/p>\n","protected":false},"excerpt":{"rendered":"<div class=\"mh-excerpt\"><p>Comentabamos na \u00faltima transcrici\u00f3n feita sobre a Guerra da Restauraci\u00f3n Portuguesa, que remataba o ano 1643, deixando como principal resultado favorable \u00e1s tropas portuguesas, a toma do recinto amurallado de Salvaterra e o arrabaldo, que por certo, non \u00e9 exactamente o que na actualidade existe <a class=\"mh-excerpt-more\" href=\"https:\/\/www.anovapeneira.gal\/index.php\/2023\/07\/26\/cousas-de-salvaterra-9\/\" title=\"Cousas de Salvaterra\">[&#8230;]<\/a><\/p>\n<\/div>","protected":false},"author":34,"featured_media":10173,"comment_status":"open","ping_status":"open","sticky":false,"template":"","format":"standard","meta":{"_exactmetrics_skip_tracking":false,"_exactmetrics_sitenote_active":false,"_exactmetrics_sitenote_note":"","_exactmetrics_sitenote_category":0,"footnotes":""},"categories":[7],"tags":[186],"class_list":{"0":"post-10171","1":"post","2":"type-post","3":"status-publish","4":"format-standard","5":"has-post-thumbnail","7":"category-artigos-de-opinion","8":"tag-concello-de-salvaterra-do-mino"},"yoast_head":"<!-- This site is optimized with the Yoast SEO plugin v27.4 - https:\/\/yoast.com\/product\/yoast-seo-wordpress\/ -->\n<title>Cousas de Salvaterra -<\/title>\n<meta name=\"robots\" content=\"index, follow, max-snippet:-1, max-image-preview:large, max-video-preview:-1\" \/>\n<link rel=\"canonical\" href=\"https:\/\/www.anovapeneira.gal\/index.php\/2023\/07\/26\/cousas-de-salvaterra-9\/\" \/>\n<meta property=\"og:locale\" content=\"gl_ES\" \/>\n<meta property=\"og:type\" content=\"article\" \/>\n<meta property=\"og:title\" content=\"Cousas de Salvaterra -\" \/>\n<meta property=\"og:description\" content=\"Comentabamos na \u00faltima transcrici\u00f3n feita sobre a Guerra da Restauraci\u00f3n Portuguesa, que remataba o ano 1643, deixando como principal resultado favorable \u00e1s tropas portuguesas, a toma do recinto amurallado de Salvaterra e o arrabaldo, que por certo, non \u00e9 exactamente o que na actualidade existe [...]\" \/>\n<meta property=\"og:url\" content=\"https:\/\/www.anovapeneira.gal\/index.php\/2023\/07\/26\/cousas-de-salvaterra-9\/\" \/>\n<meta property=\"article:publisher\" content=\"https:\/\/www.facebook.com\/anovapeneira\" \/>\n<meta property=\"article:published_time\" content=\"2023-07-26T08:00:45+00:00\" \/>\n<meta property=\"og:image\" content=\"https:\/\/www.anovapeneira.gal\/wp-content\/uploads\/2023\/07\/Moncao_gravado.jpg\" \/>\n\t<meta property=\"og:image:width\" content=\"720\" \/>\n\t<meta property=\"og:image:height\" content=\"432\" \/>\n\t<meta property=\"og:image:type\" content=\"image\/jpeg\" \/>\n<meta name=\"author\" content=\"Ant\u00f3n Lorenzo Gonz\u00e1lez\" \/>\n<meta name=\"twitter:card\" content=\"summary_large_image\" \/>\n<meta name=\"twitter:image\" content=\"https:\/\/www.anovapeneira.gal\/wp-content\/uploads\/2023\/07\/Moncao_gravado.jpg\" \/>\n<meta name=\"twitter:creator\" content=\"@APeneira\" \/>\n<meta name=\"twitter:site\" content=\"@APeneira\" \/>\n<meta name=\"twitter:label1\" content=\"Escrito por\" \/>\n\t<meta name=\"twitter:data1\" content=\"Ant\u00f3n Lorenzo Gonz\u00e1lez\" \/>\n\t<meta name=\"twitter:label2\" content=\"Tempo de lectura\" \/>\n\t<meta name=\"twitter:data2\" content=\"5 minutos\" \/>\n<script type=\"application\/ld+json\" class=\"yoast-schema-graph\">{\"@context\":\"https:\\\/\\\/schema.org\",\"@graph\":[{\"@type\":\"Article\",\"@id\":\"https:\\\/\\\/www.anovapeneira.gal\\\/index.php\\\/2023\\\/07\\\/26\\\/cousas-de-salvaterra-9\\\/#article\",\"isPartOf\":{\"@id\":\"https:\\\/\\\/www.anovapeneira.gal\\\/index.php\\\/2023\\\/07\\\/26\\\/cousas-de-salvaterra-9\\\/\"},\"author\":{\"name\":\"Ant\u00f3n Lorenzo Gonz\u00e1lez\",\"@id\":\"https:\\\/\\\/www.anovapeneira.gal\\\/#\\\/schema\\\/person\\\/1bf91cd240796d05b6522e3d8a6e2d8e\"},\"headline\":\"Cousas de Salvaterra\",\"datePublished\":\"2023-07-26T08:00:45+00:00\",\"mainEntityOfPage\":{\"@id\":\"https:\\\/\\\/www.anovapeneira.gal\\\/index.php\\\/2023\\\/07\\\/26\\\/cousas-de-salvaterra-9\\\/\"},\"wordCount\":937,\"commentCount\":0,\"publisher\":{\"@id\":\"https:\\\/\\\/www.anovapeneira.gal\\\/#organization\"},\"image\":{\"@id\":\"https:\\\/\\\/www.anovapeneira.gal\\\/index.php\\\/2023\\\/07\\\/26\\\/cousas-de-salvaterra-9\\\/#primaryimage\"},\"thumbnailUrl\":\"https:\\\/\\\/www.anovapeneira.gal\\\/wp-content\\\/uploads\\\/2023\\\/07\\\/Moncao_gravado.jpg\",\"keywords\":[\"Concello de Salvaterra do Mi\u00f1o\"],\"articleSection\":[\"Artigos de opini\u00f3n\"],\"inLanguage\":\"gl-ES\",\"potentialAction\":[{\"@type\":\"CommentAction\",\"name\":\"Comment\",\"target\":[\"https:\\\/\\\/www.anovapeneira.gal\\\/index.php\\\/2023\\\/07\\\/26\\\/cousas-de-salvaterra-9\\\/#respond\"]}]},{\"@type\":\"WebPage\",\"@id\":\"https:\\\/\\\/www.anovapeneira.gal\\\/index.php\\\/2023\\\/07\\\/26\\\/cousas-de-salvaterra-9\\\/\",\"url\":\"https:\\\/\\\/www.anovapeneira.gal\\\/index.php\\\/2023\\\/07\\\/26\\\/cousas-de-salvaterra-9\\\/\",\"name\":\"Cousas de Salvaterra -\",\"isPartOf\":{\"@id\":\"https:\\\/\\\/www.anovapeneira.gal\\\/#website\"},\"primaryImageOfPage\":{\"@id\":\"https:\\\/\\\/www.anovapeneira.gal\\\/index.php\\\/2023\\\/07\\\/26\\\/cousas-de-salvaterra-9\\\/#primaryimage\"},\"image\":{\"@id\":\"https:\\\/\\\/www.anovapeneira.gal\\\/index.php\\\/2023\\\/07\\\/26\\\/cousas-de-salvaterra-9\\\/#primaryimage\"},\"thumbnailUrl\":\"https:\\\/\\\/www.anovapeneira.gal\\\/wp-content\\\/uploads\\\/2023\\\/07\\\/Moncao_gravado.jpg\",\"datePublished\":\"2023-07-26T08:00:45+00:00\",\"breadcrumb\":{\"@id\":\"https:\\\/\\\/www.anovapeneira.gal\\\/index.php\\\/2023\\\/07\\\/26\\\/cousas-de-salvaterra-9\\\/#breadcrumb\"},\"inLanguage\":\"gl-ES\",\"potentialAction\":[{\"@type\":\"ReadAction\",\"target\":[\"https:\\\/\\\/www.anovapeneira.gal\\\/index.php\\\/2023\\\/07\\\/26\\\/cousas-de-salvaterra-9\\\/\"]}]},{\"@type\":\"ImageObject\",\"inLanguage\":\"gl-ES\",\"@id\":\"https:\\\/\\\/www.anovapeneira.gal\\\/index.php\\\/2023\\\/07\\\/26\\\/cousas-de-salvaterra-9\\\/#primaryimage\",\"url\":\"https:\\\/\\\/www.anovapeneira.gal\\\/wp-content\\\/uploads\\\/2023\\\/07\\\/Moncao_gravado.jpg\",\"contentUrl\":\"https:\\\/\\\/www.anovapeneira.gal\\\/wp-content\\\/uploads\\\/2023\\\/07\\\/Moncao_gravado.jpg\",\"width\":720,\"height\":432,\"caption\":\"Monc\u0327a\u0303o. Gravado do Arquivo Municipal de Ponteareas\"},{\"@type\":\"BreadcrumbList\",\"@id\":\"https:\\\/\\\/www.anovapeneira.gal\\\/index.php\\\/2023\\\/07\\\/26\\\/cousas-de-salvaterra-9\\\/#breadcrumb\",\"itemListElement\":[{\"@type\":\"ListItem\",\"position\":1,\"name\":\"Portada\",\"item\":\"https:\\\/\\\/www.anovapeneira.gal\\\/\"},{\"@type\":\"ListItem\",\"position\":2,\"name\":\"Cousas de Salvaterra\"}]},{\"@type\":\"WebSite\",\"@id\":\"https:\\\/\\\/www.anovapeneira.gal\\\/#website\",\"url\":\"https:\\\/\\\/www.anovapeneira.gal\\\/\",\"name\":\"\",\"description\":\"Xornal galego de informaci\u00f3n xeral Publicaci\u00f3n mensual de novas de Galicia e en especial dos Concellos da sur da provincia de Pontevedra.\",\"publisher\":{\"@id\":\"https:\\\/\\\/www.anovapeneira.gal\\\/#organization\"},\"potentialAction\":[{\"@type\":\"SearchAction\",\"target\":{\"@type\":\"EntryPoint\",\"urlTemplate\":\"https:\\\/\\\/www.anovapeneira.gal\\\/?s={search_term_string}\"},\"query-input\":{\"@type\":\"PropertyValueSpecification\",\"valueRequired\":true,\"valueName\":\"search_term_string\"}}],\"inLanguage\":\"gl-ES\"},{\"@type\":\"Organization\",\"@id\":\"https:\\\/\\\/www.anovapeneira.gal\\\/#organization\",\"name\":\"A Nova Peneira\",\"url\":\"https:\\\/\\\/www.anovapeneira.gal\\\/\",\"logo\":{\"@type\":\"ImageObject\",\"inLanguage\":\"gl-ES\",\"@id\":\"https:\\\/\\\/www.anovapeneira.gal\\\/#\\\/schema\\\/logo\\\/image\\\/\",\"url\":\"http:\\\/\\\/www.anovapeneira.gal\\\/wp-content\\\/uploads\\\/2019\\\/06\\\/logo_a_nova_peneira_portal_web.png\",\"contentUrl\":\"http:\\\/\\\/www.anovapeneira.gal\\\/wp-content\\\/uploads\\\/2019\\\/06\\\/logo_a_nova_peneira_portal_web.png\",\"width\":300,\"height\":100,\"caption\":\"A Nova Peneira\"},\"image\":{\"@id\":\"https:\\\/\\\/www.anovapeneira.gal\\\/#\\\/schema\\\/logo\\\/image\\\/\"},\"sameAs\":[\"https:\\\/\\\/www.facebook.com\\\/anovapeneira\",\"https:\\\/\\\/x.com\\\/APeneira\"]},{\"@type\":\"Person\",\"@id\":\"https:\\\/\\\/www.anovapeneira.gal\\\/#\\\/schema\\\/person\\\/1bf91cd240796d05b6522e3d8a6e2d8e\",\"name\":\"Ant\u00f3n Lorenzo Gonz\u00e1lez\",\"image\":{\"@type\":\"ImageObject\",\"inLanguage\":\"gl-ES\",\"@id\":\"https:\\\/\\\/secure.gravatar.com\\\/avatar\\\/dcd882e8f4338e07610336943426400d525673506eb37ce59442ba704e5cc971?s=96&d=mm&r=g\",\"url\":\"https:\\\/\\\/secure.gravatar.com\\\/avatar\\\/dcd882e8f4338e07610336943426400d525673506eb37ce59442ba704e5cc971?s=96&d=mm&r=g\",\"contentUrl\":\"https:\\\/\\\/secure.gravatar.com\\\/avatar\\\/dcd882e8f4338e07610336943426400d525673506eb37ce59442ba704e5cc971?s=96&d=mm&r=g\",\"caption\":\"Ant\u00f3n Lorenzo Gonz\u00e1lez\"},\"url\":\"https:\\\/\\\/www.anovapeneira.gal\\\/index.php\\\/author\\\/xaque\\\/\"}]}<\/script>\n<!-- \/ Yoast SEO plugin. -->","yoast_head_json":{"title":"Cousas de Salvaterra -","robots":{"index":"index","follow":"follow","max-snippet":"max-snippet:-1","max-image-preview":"max-image-preview:large","max-video-preview":"max-video-preview:-1"},"canonical":"https:\/\/www.anovapeneira.gal\/index.php\/2023\/07\/26\/cousas-de-salvaterra-9\/","og_locale":"gl_ES","og_type":"article","og_title":"Cousas de Salvaterra -","og_description":"Comentabamos na \u00faltima transcrici\u00f3n feita sobre a Guerra da Restauraci\u00f3n Portuguesa, que remataba o ano 1643, deixando como principal resultado favorable \u00e1s tropas portuguesas, a toma do recinto amurallado de Salvaterra e o arrabaldo, que por certo, non \u00e9 exactamente o que na actualidade existe [...]","og_url":"https:\/\/www.anovapeneira.gal\/index.php\/2023\/07\/26\/cousas-de-salvaterra-9\/","article_publisher":"https:\/\/www.facebook.com\/anovapeneira","article_published_time":"2023-07-26T08:00:45+00:00","og_image":[{"width":720,"height":432,"url":"https:\/\/www.anovapeneira.gal\/wp-content\/uploads\/2023\/07\/Moncao_gravado.jpg","type":"image\/jpeg"}],"author":"Ant\u00f3n Lorenzo Gonz\u00e1lez","twitter_card":"summary_large_image","twitter_image":"https:\/\/www.anovapeneira.gal\/wp-content\/uploads\/2023\/07\/Moncao_gravado.jpg","twitter_creator":"@APeneira","twitter_site":"@APeneira","twitter_misc":{"Escrito por":"Ant\u00f3n Lorenzo Gonz\u00e1lez","Tempo de lectura":"5 minutos"},"schema":{"@context":"https:\/\/schema.org","@graph":[{"@type":"Article","@id":"https:\/\/www.anovapeneira.gal\/index.php\/2023\/07\/26\/cousas-de-salvaterra-9\/#article","isPartOf":{"@id":"https:\/\/www.anovapeneira.gal\/index.php\/2023\/07\/26\/cousas-de-salvaterra-9\/"},"author":{"name":"Ant\u00f3n Lorenzo Gonz\u00e1lez","@id":"https:\/\/www.anovapeneira.gal\/#\/schema\/person\/1bf91cd240796d05b6522e3d8a6e2d8e"},"headline":"Cousas de Salvaterra","datePublished":"2023-07-26T08:00:45+00:00","mainEntityOfPage":{"@id":"https:\/\/www.anovapeneira.gal\/index.php\/2023\/07\/26\/cousas-de-salvaterra-9\/"},"wordCount":937,"commentCount":0,"publisher":{"@id":"https:\/\/www.anovapeneira.gal\/#organization"},"image":{"@id":"https:\/\/www.anovapeneira.gal\/index.php\/2023\/07\/26\/cousas-de-salvaterra-9\/#primaryimage"},"thumbnailUrl":"https:\/\/www.anovapeneira.gal\/wp-content\/uploads\/2023\/07\/Moncao_gravado.jpg","keywords":["Concello de Salvaterra do Mi\u00f1o"],"articleSection":["Artigos de opini\u00f3n"],"inLanguage":"gl-ES","potentialAction":[{"@type":"CommentAction","name":"Comment","target":["https:\/\/www.anovapeneira.gal\/index.php\/2023\/07\/26\/cousas-de-salvaterra-9\/#respond"]}]},{"@type":"WebPage","@id":"https:\/\/www.anovapeneira.gal\/index.php\/2023\/07\/26\/cousas-de-salvaterra-9\/","url":"https:\/\/www.anovapeneira.gal\/index.php\/2023\/07\/26\/cousas-de-salvaterra-9\/","name":"Cousas de Salvaterra -","isPartOf":{"@id":"https:\/\/www.anovapeneira.gal\/#website"},"primaryImageOfPage":{"@id":"https:\/\/www.anovapeneira.gal\/index.php\/2023\/07\/26\/cousas-de-salvaterra-9\/#primaryimage"},"image":{"@id":"https:\/\/www.anovapeneira.gal\/index.php\/2023\/07\/26\/cousas-de-salvaterra-9\/#primaryimage"},"thumbnailUrl":"https:\/\/www.anovapeneira.gal\/wp-content\/uploads\/2023\/07\/Moncao_gravado.jpg","datePublished":"2023-07-26T08:00:45+00:00","breadcrumb":{"@id":"https:\/\/www.anovapeneira.gal\/index.php\/2023\/07\/26\/cousas-de-salvaterra-9\/#breadcrumb"},"inLanguage":"gl-ES","potentialAction":[{"@type":"ReadAction","target":["https:\/\/www.anovapeneira.gal\/index.php\/2023\/07\/26\/cousas-de-salvaterra-9\/"]}]},{"@type":"ImageObject","inLanguage":"gl-ES","@id":"https:\/\/www.anovapeneira.gal\/index.php\/2023\/07\/26\/cousas-de-salvaterra-9\/#primaryimage","url":"https:\/\/www.anovapeneira.gal\/wp-content\/uploads\/2023\/07\/Moncao_gravado.jpg","contentUrl":"https:\/\/www.anovapeneira.gal\/wp-content\/uploads\/2023\/07\/Moncao_gravado.jpg","width":720,"height":432,"caption":"Monc\u0327a\u0303o. Gravado do Arquivo Municipal de Ponteareas"},{"@type":"BreadcrumbList","@id":"https:\/\/www.anovapeneira.gal\/index.php\/2023\/07\/26\/cousas-de-salvaterra-9\/#breadcrumb","itemListElement":[{"@type":"ListItem","position":1,"name":"Portada","item":"https:\/\/www.anovapeneira.gal\/"},{"@type":"ListItem","position":2,"name":"Cousas de Salvaterra"}]},{"@type":"WebSite","@id":"https:\/\/www.anovapeneira.gal\/#website","url":"https:\/\/www.anovapeneira.gal\/","name":"","description":"Xornal galego de informaci\u00f3n xeral Publicaci\u00f3n mensual de novas de Galicia e en especial dos Concellos da sur da provincia de Pontevedra.","publisher":{"@id":"https:\/\/www.anovapeneira.gal\/#organization"},"potentialAction":[{"@type":"SearchAction","target":{"@type":"EntryPoint","urlTemplate":"https:\/\/www.anovapeneira.gal\/?s={search_term_string}"},"query-input":{"@type":"PropertyValueSpecification","valueRequired":true,"valueName":"search_term_string"}}],"inLanguage":"gl-ES"},{"@type":"Organization","@id":"https:\/\/www.anovapeneira.gal\/#organization","name":"A Nova Peneira","url":"https:\/\/www.anovapeneira.gal\/","logo":{"@type":"ImageObject","inLanguage":"gl-ES","@id":"https:\/\/www.anovapeneira.gal\/#\/schema\/logo\/image\/","url":"http:\/\/www.anovapeneira.gal\/wp-content\/uploads\/2019\/06\/logo_a_nova_peneira_portal_web.png","contentUrl":"http:\/\/www.anovapeneira.gal\/wp-content\/uploads\/2019\/06\/logo_a_nova_peneira_portal_web.png","width":300,"height":100,"caption":"A Nova Peneira"},"image":{"@id":"https:\/\/www.anovapeneira.gal\/#\/schema\/logo\/image\/"},"sameAs":["https:\/\/www.facebook.com\/anovapeneira","https:\/\/x.com\/APeneira"]},{"@type":"Person","@id":"https:\/\/www.anovapeneira.gal\/#\/schema\/person\/1bf91cd240796d05b6522e3d8a6e2d8e","name":"Ant\u00f3n Lorenzo Gonz\u00e1lez","image":{"@type":"ImageObject","inLanguage":"gl-ES","@id":"https:\/\/secure.gravatar.com\/avatar\/dcd882e8f4338e07610336943426400d525673506eb37ce59442ba704e5cc971?s=96&d=mm&r=g","url":"https:\/\/secure.gravatar.com\/avatar\/dcd882e8f4338e07610336943426400d525673506eb37ce59442ba704e5cc971?s=96&d=mm&r=g","contentUrl":"https:\/\/secure.gravatar.com\/avatar\/dcd882e8f4338e07610336943426400d525673506eb37ce59442ba704e5cc971?s=96&d=mm&r=g","caption":"Ant\u00f3n Lorenzo Gonz\u00e1lez"},"url":"https:\/\/www.anovapeneira.gal\/index.php\/author\/xaque\/"}]}},"jetpack_featured_media_url":"https:\/\/www.anovapeneira.gal\/wp-content\/uploads\/2023\/07\/Moncao_gravado.jpg","_links":{"self":[{"href":"https:\/\/www.anovapeneira.gal\/index.php\/wp-json\/wp\/v2\/posts\/10171","targetHints":{"allow":["GET"]}}],"collection":[{"href":"https:\/\/www.anovapeneira.gal\/index.php\/wp-json\/wp\/v2\/posts"}],"about":[{"href":"https:\/\/www.anovapeneira.gal\/index.php\/wp-json\/wp\/v2\/types\/post"}],"author":[{"embeddable":true,"href":"https:\/\/www.anovapeneira.gal\/index.php\/wp-json\/wp\/v2\/users\/34"}],"replies":[{"embeddable":true,"href":"https:\/\/www.anovapeneira.gal\/index.php\/wp-json\/wp\/v2\/comments?post=10171"}],"version-history":[{"count":2,"href":"https:\/\/www.anovapeneira.gal\/index.php\/wp-json\/wp\/v2\/posts\/10171\/revisions"}],"predecessor-version":[{"id":10174,"href":"https:\/\/www.anovapeneira.gal\/index.php\/wp-json\/wp\/v2\/posts\/10171\/revisions\/10174"}],"wp:featuredmedia":[{"embeddable":true,"href":"https:\/\/www.anovapeneira.gal\/index.php\/wp-json\/wp\/v2\/media\/10173"}],"wp:attachment":[{"href":"https:\/\/www.anovapeneira.gal\/index.php\/wp-json\/wp\/v2\/media?parent=10171"}],"wp:term":[{"taxonomy":"category","embeddable":true,"href":"https:\/\/www.anovapeneira.gal\/index.php\/wp-json\/wp\/v2\/categories?post=10171"},{"taxonomy":"post_tag","embeddable":true,"href":"https:\/\/www.anovapeneira.gal\/index.php\/wp-json\/wp\/v2\/tags?post=10171"}],"curies":[{"name":"wp","href":"https:\/\/api.w.org\/{rel}","templated":true}]}}