{"id":10175,"date":"2023-07-24T10:00:38","date_gmt":"2023-07-24T08:00:38","guid":{"rendered":"https:\/\/www.anovapeneira.gal\/?p=10175"},"modified":"2023-07-23T14:35:01","modified_gmt":"2023-07-23T12:35:01","slug":"miserias-e-glorias","status":"publish","type":"post","link":"https:\/\/www.anovapeneira.gal\/index.php\/2023\/07\/24\/miserias-e-glorias\/","title":{"rendered":"Miserias e glorias"},"content":{"rendered":"\n<pre class=\"wp-block-verse\">Alberto Pazos deputado do PP<\/pre>\n\n\n\n<p>Redacto estas li\u00f1as ao tempo que se anuncia que todos os grupos con representaci\u00f3n no Parlamento de Galicia ve\u00f1en de rexistrar unha proposici\u00f3n de lei do Pante\u00f3n de Galegas e Galegos Ilustres, que ser\u00e1 debatida na semana de celebraci\u00f3n das festas do Ap\u00f3stolo.<\/p>\n\n\n\n<p>Coa magn\u00edfica nova da s\u00faa aprobaci\u00f3n, verase culminada esta obra de ouriver\u00eda lexislativa, institucional e pol\u00edtica, pulcramente repuxada pola sabia man do Mestre Puy Fraga, home dotado, entre moitas outras virtudes, dunha evidente querenza polo consenso, imprescindible para alumear este acordo .<\/p>\n\n\n\n<p>O leito eterno de Rosal\u00eda, de Bra\u00f1as, de Asorey e Cabanillas, de Castelao e Font\u00e1n, ser\u00e1 xestionado por unha Fundaci\u00f3n que, baixo a Presidencia do Parlamento de Galicia, conformar\u00e1n Xunta de Galicia, Concello de Compostela e a arquidiocese de Santiago. Autoridades relixiosas e seculares traballar\u00e1n xuntas no mantemento e dignificaci\u00f3n dun templo cat\u00f3lico, que transcende a s\u00faa significaci\u00f3n relixiosa para configurarse nun elemento singular da identidade de Galicia, no que honrar a memoria das \u201cnobres dinidades e os fortes caraiteres que deu Galiza no decorrer da s\u00faa Hestor\u00eda\u201d \u00e1s que alud\u00eda Castelao na s\u00faa <em>Alba de Gloria<\/em>.<\/p>\n\n\n\n<p>Ben nos recordaba don Daniel desde o exilio que, \u201ca mu\u00f1eira de camp\u00e1s, repenicada nas torres do Obradoiro [\u2026] anuncia <strong>algo mais<\/strong> que unha festa lit\u00farxica no interior da Catedral, con dinidades mitradas e ornamentos de brocado, con chirim\u00edas e botafumeiro, capaz de dar envexa \u00e1 mesma Bas\u00edlica de Roma\u201d, alentandonos a participar e engrandecer a \u201cfesta maor de galiza, a festa de <strong>t\u00f3dolos galegos<\/strong>\u201d<\/p>\n\n\n\n<p>A ningu\u00e9n se lle escapa que a celebraci\u00f3n do Patr\u00f3n de Galicia, ao igual que o Pante\u00f3n, transcende a significaci\u00f3n relixiosa para converterse nun elemento de identidade do noso pobo. \u00c9 por isto, que a ledicia pola boa nova \u00e1 que alud\u00eda anteriormente, vese tinguida pola tristura que produce co\u00f1ecer o enfrontamento causado pola decisi\u00f3n da nova Alcaldesa de Santiago de non representar \u00e1 inmensa maior\u00eda dos compostel\u00e1ns na ofrenda ao Ap\u00f3stolo, amais de organizar unilateralmente un acto alternativo sen contar co apoio da maior\u00eda do pleno municipal.<\/p>\n\n\n\n<p>Trascender non pode ser sin\u00f3nimo de confrontar, nin pode servir de excusa para ignorar as obrigas institucionais propias da alta responsabilidade que se ostenta.<\/p>\n\n\n\n<p>Compostela non pode vivir de costas \u00e1 catedral ou do seu morador mais ilustre. E a s\u00faa principal representaci\u00f3n institucional non debera tomar decisi\u00f3ns que contrad\u00edn con claridade os desexos de Castelao, que aspiraba a unha celebraci\u00f3n que servise para unir a t\u00f3dolos galegos. Non semella que a creaci\u00f3n dun evento de car\u00e1cter local que se solapa, intencionadamente, cos fastos do d\u00eda grande de Galicia, sexa a mellor maneira de contribuir ao xurdimento da alborada de gloria cuxo recordo evocaba o hist\u00f3rico galeguista.<\/p>\n\n\n\n<p>Quero pensar que a\u00ednda estamos a tempo de evitar que as pequenas miser\u00edas da confrontaci\u00f3n pol\u00edtica opaquen a magnificencia propia de tan sinalada data, pero ser\u00e1 trala publicaci\u00f3n deste artigo, cando vostede poder\u00e1 comprobar se, finalmente, o dialogo imponse ao mon\u00f3logo, se o sentimento com\u00fan pesa mais que o inter\u00e9s partidista, ou se a \u201co portento dunha ma\u00f1\u00e1n \u00fanica\u201d resulta minorado por cativos intereses curtoplacistas.<\/p>\n\n\n\n<p>Namentras, atr\u00e9vome a recomendarlle que non permita que o ruido lle impida que, \u201cdispois de evocar o repique matutino das camp\u00e1s, poida evocar, igoalmente, hora a hora e minuto a minuto, t\u00f3dolos lances xubilosos do d\u00eda, escoitando as c\u00e1ntigas monta\u00f1esas e mari\u00f1eiras que van para Compostela, vendo a nosa terra embandeirada de azul e branco, con m\u00fasicas, gaitas, pandeiros, aturuxos e foguetes\u2026\u201d<\/p>\n\n\n\n<p>Ou a\u00ednda mellor, abandone a evocaci\u00f3n, e sum\u00e9rxase plenamente no pr\u00e1cido desfrute da nosa Alba de Gloria, dun novo abrente nunha Galicia de todos.<\/p>\n\n\n\n<p>Sa\u00fade e terra<\/p>\n","protected":false},"excerpt":{"rendered":"<div class=\"mh-excerpt\"><p>Alberto Pazos deputado do PP Redacto estas li\u00f1as ao tempo que se anuncia que todos os grupos con representaci\u00f3n no Parlamento de Galicia ve\u00f1en de rexistrar unha proposici\u00f3n de lei do Pante\u00f3n de Galegas e <a class=\"mh-excerpt-more\" href=\"https:\/\/www.anovapeneira.gal\/index.php\/2023\/07\/24\/miserias-e-glorias\/\" title=\"Miserias e glorias\">[&#8230;]<\/a><\/p>\n<\/div>","protected":false},"author":12,"featured_media":3732,"comment_status":"open","ping_status":"open","sticky":false,"template":"","format":"standard","meta":{"_exactmetrics_skip_tracking":false,"_exactmetrics_sitenote_active":false,"_exactmetrics_sitenote_note":"","_exactmetrics_sitenote_category":0,"footnotes":""},"categories":[7],"tags":[1264],"class_list":{"0":"post-10175","1":"post","2":"type-post","3":"status-publish","4":"format-standard","5":"has-post-thumbnail","7":"category-artigos-de-opinion","8":"tag-alberto-pazos"},"yoast_head":"<!-- This site is optimized with the Yoast SEO plugin v27.4 - https:\/\/yoast.com\/product\/yoast-seo-wordpress\/ -->\n<title>Miserias e glorias -<\/title>\n<meta name=\"robots\" content=\"index, follow, max-snippet:-1, max-image-preview:large, max-video-preview:-1\" \/>\n<link rel=\"canonical\" href=\"https:\/\/www.anovapeneira.gal\/index.php\/2023\/07\/24\/miserias-e-glorias\/\" \/>\n<meta property=\"og:locale\" content=\"gl_ES\" \/>\n<meta property=\"og:type\" content=\"article\" \/>\n<meta property=\"og:title\" content=\"Miserias e glorias -\" \/>\n<meta property=\"og:description\" content=\"Alberto Pazos deputado do PP Redacto estas li\u00f1as ao tempo que se anuncia que todos os grupos con representaci\u00f3n no Parlamento de Galicia ve\u00f1en de rexistrar unha proposici\u00f3n de lei do Pante\u00f3n de Galegas e [...]\" \/>\n<meta property=\"og:url\" content=\"https:\/\/www.anovapeneira.gal\/index.php\/2023\/07\/24\/miserias-e-glorias\/\" \/>\n<meta property=\"article:publisher\" content=\"https:\/\/www.facebook.com\/anovapeneira\" \/>\n<meta property=\"article:published_time\" content=\"2023-07-24T08:00:38+00:00\" \/>\n<meta property=\"og:image\" content=\"https:\/\/www.anovapeneira.gal\/wp-content\/uploads\/2020\/08\/alberto_pazos_secretario_organizacion_pp_a_nova_peneira.jpg\" \/>\n\t<meta property=\"og:image:width\" content=\"720\" \/>\n\t<meta property=\"og:image:height\" content=\"432\" \/>\n\t<meta property=\"og:image:type\" content=\"image\/jpeg\" \/>\n<meta name=\"author\" content=\"Artigos Opini\u00f3n\" \/>\n<meta name=\"twitter:card\" content=\"summary_large_image\" \/>\n<meta name=\"twitter:creator\" content=\"@APeneira\" \/>\n<meta name=\"twitter:site\" content=\"@APeneira\" \/>\n<meta name=\"twitter:label1\" content=\"Escrito por\" \/>\n\t<meta name=\"twitter:data1\" content=\"Artigos Opini\u00f3n\" \/>\n\t<meta name=\"twitter:label2\" content=\"Tempo de lectura\" \/>\n\t<meta name=\"twitter:data2\" content=\"4 minutos\" \/>\n<script type=\"application\/ld+json\" class=\"yoast-schema-graph\">{\"@context\":\"https:\\\/\\\/schema.org\",\"@graph\":[{\"@type\":\"Article\",\"@id\":\"https:\\\/\\\/www.anovapeneira.gal\\\/index.php\\\/2023\\\/07\\\/24\\\/miserias-e-glorias\\\/#article\",\"isPartOf\":{\"@id\":\"https:\\\/\\\/www.anovapeneira.gal\\\/index.php\\\/2023\\\/07\\\/24\\\/miserias-e-glorias\\\/\"},\"author\":{\"name\":\"Artigos Opini\u00f3n\",\"@id\":\"https:\\\/\\\/www.anovapeneira.gal\\\/#\\\/schema\\\/person\\\/f18a4feb302e8f20bcef4490b5b60bb3\"},\"headline\":\"Miserias e glorias\",\"datePublished\":\"2023-07-24T08:00:38+00:00\",\"mainEntityOfPage\":{\"@id\":\"https:\\\/\\\/www.anovapeneira.gal\\\/index.php\\\/2023\\\/07\\\/24\\\/miserias-e-glorias\\\/\"},\"wordCount\":669,\"commentCount\":0,\"publisher\":{\"@id\":\"https:\\\/\\\/www.anovapeneira.gal\\\/#organization\"},\"image\":{\"@id\":\"https:\\\/\\\/www.anovapeneira.gal\\\/index.php\\\/2023\\\/07\\\/24\\\/miserias-e-glorias\\\/#primaryimage\"},\"thumbnailUrl\":\"https:\\\/\\\/www.anovapeneira.gal\\\/wp-content\\\/uploads\\\/2020\\\/08\\\/alberto_pazos_secretario_organizacion_pp_a_nova_peneira.jpg\",\"keywords\":[\"Alberto Pazos\"],\"articleSection\":[\"Artigos de opini\u00f3n\"],\"inLanguage\":\"gl-ES\",\"potentialAction\":[{\"@type\":\"CommentAction\",\"name\":\"Comment\",\"target\":[\"https:\\\/\\\/www.anovapeneira.gal\\\/index.php\\\/2023\\\/07\\\/24\\\/miserias-e-glorias\\\/#respond\"]}]},{\"@type\":\"WebPage\",\"@id\":\"https:\\\/\\\/www.anovapeneira.gal\\\/index.php\\\/2023\\\/07\\\/24\\\/miserias-e-glorias\\\/\",\"url\":\"https:\\\/\\\/www.anovapeneira.gal\\\/index.php\\\/2023\\\/07\\\/24\\\/miserias-e-glorias\\\/\",\"name\":\"Miserias e glorias -\",\"isPartOf\":{\"@id\":\"https:\\\/\\\/www.anovapeneira.gal\\\/#website\"},\"primaryImageOfPage\":{\"@id\":\"https:\\\/\\\/www.anovapeneira.gal\\\/index.php\\\/2023\\\/07\\\/24\\\/miserias-e-glorias\\\/#primaryimage\"},\"image\":{\"@id\":\"https:\\\/\\\/www.anovapeneira.gal\\\/index.php\\\/2023\\\/07\\\/24\\\/miserias-e-glorias\\\/#primaryimage\"},\"thumbnailUrl\":\"https:\\\/\\\/www.anovapeneira.gal\\\/wp-content\\\/uploads\\\/2020\\\/08\\\/alberto_pazos_secretario_organizacion_pp_a_nova_peneira.jpg\",\"datePublished\":\"2023-07-24T08:00:38+00:00\",\"breadcrumb\":{\"@id\":\"https:\\\/\\\/www.anovapeneira.gal\\\/index.php\\\/2023\\\/07\\\/24\\\/miserias-e-glorias\\\/#breadcrumb\"},\"inLanguage\":\"gl-ES\",\"potentialAction\":[{\"@type\":\"ReadAction\",\"target\":[\"https:\\\/\\\/www.anovapeneira.gal\\\/index.php\\\/2023\\\/07\\\/24\\\/miserias-e-glorias\\\/\"]}]},{\"@type\":\"ImageObject\",\"inLanguage\":\"gl-ES\",\"@id\":\"https:\\\/\\\/www.anovapeneira.gal\\\/index.php\\\/2023\\\/07\\\/24\\\/miserias-e-glorias\\\/#primaryimage\",\"url\":\"https:\\\/\\\/www.anovapeneira.gal\\\/wp-content\\\/uploads\\\/2020\\\/08\\\/alberto_pazos_secretario_organizacion_pp_a_nova_peneira.jpg\",\"contentUrl\":\"https:\\\/\\\/www.anovapeneira.gal\\\/wp-content\\\/uploads\\\/2020\\\/08\\\/alberto_pazos_secretario_organizacion_pp_a_nova_peneira.jpg\",\"width\":720,\"height\":432,\"caption\":\"Alberto Pazos secretario do PPdeG\"},{\"@type\":\"BreadcrumbList\",\"@id\":\"https:\\\/\\\/www.anovapeneira.gal\\\/index.php\\\/2023\\\/07\\\/24\\\/miserias-e-glorias\\\/#breadcrumb\",\"itemListElement\":[{\"@type\":\"ListItem\",\"position\":1,\"name\":\"Portada\",\"item\":\"https:\\\/\\\/www.anovapeneira.gal\\\/\"},{\"@type\":\"ListItem\",\"position\":2,\"name\":\"Miserias e glorias\"}]},{\"@type\":\"WebSite\",\"@id\":\"https:\\\/\\\/www.anovapeneira.gal\\\/#website\",\"url\":\"https:\\\/\\\/www.anovapeneira.gal\\\/\",\"name\":\"\",\"description\":\"Xornal galego de informaci\u00f3n xeral Publicaci\u00f3n mensual de novas de Galicia e en especial dos Concellos da sur da provincia de Pontevedra.\",\"publisher\":{\"@id\":\"https:\\\/\\\/www.anovapeneira.gal\\\/#organization\"},\"potentialAction\":[{\"@type\":\"SearchAction\",\"target\":{\"@type\":\"EntryPoint\",\"urlTemplate\":\"https:\\\/\\\/www.anovapeneira.gal\\\/?s={search_term_string}\"},\"query-input\":{\"@type\":\"PropertyValueSpecification\",\"valueRequired\":true,\"valueName\":\"search_term_string\"}}],\"inLanguage\":\"gl-ES\"},{\"@type\":\"Organization\",\"@id\":\"https:\\\/\\\/www.anovapeneira.gal\\\/#organization\",\"name\":\"A Nova Peneira\",\"url\":\"https:\\\/\\\/www.anovapeneira.gal\\\/\",\"logo\":{\"@type\":\"ImageObject\",\"inLanguage\":\"gl-ES\",\"@id\":\"https:\\\/\\\/www.anovapeneira.gal\\\/#\\\/schema\\\/logo\\\/image\\\/\",\"url\":\"http:\\\/\\\/www.anovapeneira.gal\\\/wp-content\\\/uploads\\\/2019\\\/06\\\/logo_a_nova_peneira_portal_web.png\",\"contentUrl\":\"http:\\\/\\\/www.anovapeneira.gal\\\/wp-content\\\/uploads\\\/2019\\\/06\\\/logo_a_nova_peneira_portal_web.png\",\"width\":300,\"height\":100,\"caption\":\"A Nova Peneira\"},\"image\":{\"@id\":\"https:\\\/\\\/www.anovapeneira.gal\\\/#\\\/schema\\\/logo\\\/image\\\/\"},\"sameAs\":[\"https:\\\/\\\/www.facebook.com\\\/anovapeneira\",\"https:\\\/\\\/x.com\\\/APeneira\"]},{\"@type\":\"Person\",\"@id\":\"https:\\\/\\\/www.anovapeneira.gal\\\/#\\\/schema\\\/person\\\/f18a4feb302e8f20bcef4490b5b60bb3\",\"name\":\"Artigos Opini\u00f3n\",\"image\":{\"@type\":\"ImageObject\",\"inLanguage\":\"gl-ES\",\"@id\":\"https:\\\/\\\/secure.gravatar.com\\\/avatar\\\/072844300f4881150aee2da4278f7a65d16eefdf8262eb67085f1e702de2b959?s=96&d=mm&r=g\",\"url\":\"https:\\\/\\\/secure.gravatar.com\\\/avatar\\\/072844300f4881150aee2da4278f7a65d16eefdf8262eb67085f1e702de2b959?s=96&d=mm&r=g\",\"contentUrl\":\"https:\\\/\\\/secure.gravatar.com\\\/avatar\\\/072844300f4881150aee2da4278f7a65d16eefdf8262eb67085f1e702de2b959?s=96&d=mm&r=g\",\"caption\":\"Artigos Opini\u00f3n\"},\"sameAs\":[\"http:\\\/\\\/anovapeneira.gal\"],\"url\":\"https:\\\/\\\/www.anovapeneira.gal\\\/index.php\\\/author\\\/artigosopinion\\\/\"}]}<\/script>\n<!-- \/ Yoast SEO plugin. -->","yoast_head_json":{"title":"Miserias e glorias -","robots":{"index":"index","follow":"follow","max-snippet":"max-snippet:-1","max-image-preview":"max-image-preview:large","max-video-preview":"max-video-preview:-1"},"canonical":"https:\/\/www.anovapeneira.gal\/index.php\/2023\/07\/24\/miserias-e-glorias\/","og_locale":"gl_ES","og_type":"article","og_title":"Miserias e glorias -","og_description":"Alberto Pazos deputado do PP Redacto estas li\u00f1as ao tempo que se anuncia que todos os grupos con representaci\u00f3n no Parlamento de Galicia ve\u00f1en de rexistrar unha proposici\u00f3n de lei do Pante\u00f3n de Galegas e [...]","og_url":"https:\/\/www.anovapeneira.gal\/index.php\/2023\/07\/24\/miserias-e-glorias\/","article_publisher":"https:\/\/www.facebook.com\/anovapeneira","article_published_time":"2023-07-24T08:00:38+00:00","og_image":[{"width":720,"height":432,"url":"https:\/\/www.anovapeneira.gal\/wp-content\/uploads\/2020\/08\/alberto_pazos_secretario_organizacion_pp_a_nova_peneira.jpg","type":"image\/jpeg"}],"author":"Artigos Opini\u00f3n","twitter_card":"summary_large_image","twitter_creator":"@APeneira","twitter_site":"@APeneira","twitter_misc":{"Escrito por":"Artigos Opini\u00f3n","Tempo de lectura":"4 minutos"},"schema":{"@context":"https:\/\/schema.org","@graph":[{"@type":"Article","@id":"https:\/\/www.anovapeneira.gal\/index.php\/2023\/07\/24\/miserias-e-glorias\/#article","isPartOf":{"@id":"https:\/\/www.anovapeneira.gal\/index.php\/2023\/07\/24\/miserias-e-glorias\/"},"author":{"name":"Artigos Opini\u00f3n","@id":"https:\/\/www.anovapeneira.gal\/#\/schema\/person\/f18a4feb302e8f20bcef4490b5b60bb3"},"headline":"Miserias e glorias","datePublished":"2023-07-24T08:00:38+00:00","mainEntityOfPage":{"@id":"https:\/\/www.anovapeneira.gal\/index.php\/2023\/07\/24\/miserias-e-glorias\/"},"wordCount":669,"commentCount":0,"publisher":{"@id":"https:\/\/www.anovapeneira.gal\/#organization"},"image":{"@id":"https:\/\/www.anovapeneira.gal\/index.php\/2023\/07\/24\/miserias-e-glorias\/#primaryimage"},"thumbnailUrl":"https:\/\/www.anovapeneira.gal\/wp-content\/uploads\/2020\/08\/alberto_pazos_secretario_organizacion_pp_a_nova_peneira.jpg","keywords":["Alberto Pazos"],"articleSection":["Artigos de opini\u00f3n"],"inLanguage":"gl-ES","potentialAction":[{"@type":"CommentAction","name":"Comment","target":["https:\/\/www.anovapeneira.gal\/index.php\/2023\/07\/24\/miserias-e-glorias\/#respond"]}]},{"@type":"WebPage","@id":"https:\/\/www.anovapeneira.gal\/index.php\/2023\/07\/24\/miserias-e-glorias\/","url":"https:\/\/www.anovapeneira.gal\/index.php\/2023\/07\/24\/miserias-e-glorias\/","name":"Miserias e glorias -","isPartOf":{"@id":"https:\/\/www.anovapeneira.gal\/#website"},"primaryImageOfPage":{"@id":"https:\/\/www.anovapeneira.gal\/index.php\/2023\/07\/24\/miserias-e-glorias\/#primaryimage"},"image":{"@id":"https:\/\/www.anovapeneira.gal\/index.php\/2023\/07\/24\/miserias-e-glorias\/#primaryimage"},"thumbnailUrl":"https:\/\/www.anovapeneira.gal\/wp-content\/uploads\/2020\/08\/alberto_pazos_secretario_organizacion_pp_a_nova_peneira.jpg","datePublished":"2023-07-24T08:00:38+00:00","breadcrumb":{"@id":"https:\/\/www.anovapeneira.gal\/index.php\/2023\/07\/24\/miserias-e-glorias\/#breadcrumb"},"inLanguage":"gl-ES","potentialAction":[{"@type":"ReadAction","target":["https:\/\/www.anovapeneira.gal\/index.php\/2023\/07\/24\/miserias-e-glorias\/"]}]},{"@type":"ImageObject","inLanguage":"gl-ES","@id":"https:\/\/www.anovapeneira.gal\/index.php\/2023\/07\/24\/miserias-e-glorias\/#primaryimage","url":"https:\/\/www.anovapeneira.gal\/wp-content\/uploads\/2020\/08\/alberto_pazos_secretario_organizacion_pp_a_nova_peneira.jpg","contentUrl":"https:\/\/www.anovapeneira.gal\/wp-content\/uploads\/2020\/08\/alberto_pazos_secretario_organizacion_pp_a_nova_peneira.jpg","width":720,"height":432,"caption":"Alberto Pazos secretario do PPdeG"},{"@type":"BreadcrumbList","@id":"https:\/\/www.anovapeneira.gal\/index.php\/2023\/07\/24\/miserias-e-glorias\/#breadcrumb","itemListElement":[{"@type":"ListItem","position":1,"name":"Portada","item":"https:\/\/www.anovapeneira.gal\/"},{"@type":"ListItem","position":2,"name":"Miserias e glorias"}]},{"@type":"WebSite","@id":"https:\/\/www.anovapeneira.gal\/#website","url":"https:\/\/www.anovapeneira.gal\/","name":"","description":"Xornal galego de informaci\u00f3n xeral Publicaci\u00f3n mensual de novas de Galicia e en especial dos Concellos da sur da provincia de Pontevedra.","publisher":{"@id":"https:\/\/www.anovapeneira.gal\/#organization"},"potentialAction":[{"@type":"SearchAction","target":{"@type":"EntryPoint","urlTemplate":"https:\/\/www.anovapeneira.gal\/?s={search_term_string}"},"query-input":{"@type":"PropertyValueSpecification","valueRequired":true,"valueName":"search_term_string"}}],"inLanguage":"gl-ES"},{"@type":"Organization","@id":"https:\/\/www.anovapeneira.gal\/#organization","name":"A Nova Peneira","url":"https:\/\/www.anovapeneira.gal\/","logo":{"@type":"ImageObject","inLanguage":"gl-ES","@id":"https:\/\/www.anovapeneira.gal\/#\/schema\/logo\/image\/","url":"http:\/\/www.anovapeneira.gal\/wp-content\/uploads\/2019\/06\/logo_a_nova_peneira_portal_web.png","contentUrl":"http:\/\/www.anovapeneira.gal\/wp-content\/uploads\/2019\/06\/logo_a_nova_peneira_portal_web.png","width":300,"height":100,"caption":"A Nova Peneira"},"image":{"@id":"https:\/\/www.anovapeneira.gal\/#\/schema\/logo\/image\/"},"sameAs":["https:\/\/www.facebook.com\/anovapeneira","https:\/\/x.com\/APeneira"]},{"@type":"Person","@id":"https:\/\/www.anovapeneira.gal\/#\/schema\/person\/f18a4feb302e8f20bcef4490b5b60bb3","name":"Artigos Opini\u00f3n","image":{"@type":"ImageObject","inLanguage":"gl-ES","@id":"https:\/\/secure.gravatar.com\/avatar\/072844300f4881150aee2da4278f7a65d16eefdf8262eb67085f1e702de2b959?s=96&d=mm&r=g","url":"https:\/\/secure.gravatar.com\/avatar\/072844300f4881150aee2da4278f7a65d16eefdf8262eb67085f1e702de2b959?s=96&d=mm&r=g","contentUrl":"https:\/\/secure.gravatar.com\/avatar\/072844300f4881150aee2da4278f7a65d16eefdf8262eb67085f1e702de2b959?s=96&d=mm&r=g","caption":"Artigos Opini\u00f3n"},"sameAs":["http:\/\/anovapeneira.gal"],"url":"https:\/\/www.anovapeneira.gal\/index.php\/author\/artigosopinion\/"}]}},"jetpack_featured_media_url":"https:\/\/www.anovapeneira.gal\/wp-content\/uploads\/2020\/08\/alberto_pazos_secretario_organizacion_pp_a_nova_peneira.jpg","_links":{"self":[{"href":"https:\/\/www.anovapeneira.gal\/index.php\/wp-json\/wp\/v2\/posts\/10175","targetHints":{"allow":["GET"]}}],"collection":[{"href":"https:\/\/www.anovapeneira.gal\/index.php\/wp-json\/wp\/v2\/posts"}],"about":[{"href":"https:\/\/www.anovapeneira.gal\/index.php\/wp-json\/wp\/v2\/types\/post"}],"author":[{"embeddable":true,"href":"https:\/\/www.anovapeneira.gal\/index.php\/wp-json\/wp\/v2\/users\/12"}],"replies":[{"embeddable":true,"href":"https:\/\/www.anovapeneira.gal\/index.php\/wp-json\/wp\/v2\/comments?post=10175"}],"version-history":[{"count":1,"href":"https:\/\/www.anovapeneira.gal\/index.php\/wp-json\/wp\/v2\/posts\/10175\/revisions"}],"predecessor-version":[{"id":10176,"href":"https:\/\/www.anovapeneira.gal\/index.php\/wp-json\/wp\/v2\/posts\/10175\/revisions\/10176"}],"wp:featuredmedia":[{"embeddable":true,"href":"https:\/\/www.anovapeneira.gal\/index.php\/wp-json\/wp\/v2\/media\/3732"}],"wp:attachment":[{"href":"https:\/\/www.anovapeneira.gal\/index.php\/wp-json\/wp\/v2\/media?parent=10175"}],"wp:term":[{"taxonomy":"category","embeddable":true,"href":"https:\/\/www.anovapeneira.gal\/index.php\/wp-json\/wp\/v2\/categories?post=10175"},{"taxonomy":"post_tag","embeddable":true,"href":"https:\/\/www.anovapeneira.gal\/index.php\/wp-json\/wp\/v2\/tags?post=10175"}],"curies":[{"name":"wp","href":"https:\/\/api.w.org\/{rel}","templated":true}]}}