{"id":10209,"date":"2023-08-02T12:00:19","date_gmt":"2023-08-02T10:00:19","guid":{"rendered":"https:\/\/www.anovapeneira.gal\/?p=10209"},"modified":"2023-08-01T11:07:50","modified_gmt":"2023-08-01T09:07:50","slug":"traslado-dun-medico-e-ausencia-de-pediatra-en-mondariz","status":"publish","type":"post","link":"https:\/\/www.anovapeneira.gal\/index.php\/2023\/08\/02\/traslado-dun-medico-e-ausencia-de-pediatra-en-mondariz\/","title":{"rendered":"Traslado dun m\u00e9dico e ausencia de pediatra en Mondariz"},"content":{"rendered":"\n<p>A concelleira de Servicios Sociais e Sanidade no CONCELLO DE MONDARIZ, M\u00aa Jos\u00e9 \u00c1lvarez Rodr\u00edguez, ven de rexistrar unha queixa formal na Xerencia de Atenci\u00f3n Primaria de Vigo, polo traslado temporal dun m\u00e9dico do centro de Sa\u00fade de Mondariz a Salvaterra.<\/p>\n\n\n\n<p>Na xornada do martes 18 de xullo, un dos tres m\u00e9dicos que prestan os seus servizos no centro de sa\u00fade de Mondariz, foi desprazado \u00f3 centro de sa\u00fade de Salvaterra para cubrir ausencias de persoal de dito centro. Os pacientes citados miraron canceladas as s\u00faas citas, sen saber para cando poder\u00e1n ser recitados. As urxencias e tr\u00e1mites burocr\u00e1ticos que non poden ser aprazados, como partes de baixa, controis de Sintrom, foron atendidos polo persoal do Centro, incrementando a xa considerable<br>sobrecarga asistencial habitual, en un centro con poboaci\u00f3n moi envellecida e maior con moita patolox\u00eda e con asistencias diarias en domicilios. A d\u00eda de hoxe seguimos sen resposta e sen soluci\u00f3n.<\/p>\n\n\n\n<p>Tam\u00e9n engade que dende este luns 24 de xullo ata o d\u00eda 14 de agosto, o centro de sa\u00fade de Mondariz carece de servizo do pediatr\u00eda, e se xorde algunha urxencia, hai que desprazarse ata o centro de sa\u00fade de Salvaterra que est\u00e1 a 30 minutos do centro de sa\u00fade de Mondariz, quedando sen poder axendar as revisi\u00f3ns pedi\u00e1tricas do Programa do Neno San e as consultas.<\/p>\n\n\n\n<p>Por iso dende o concello de Mondariz solicitamos unha substituci\u00f3n na s\u00faa totalidade do persoal para poder prestar con garant\u00edas e eficiencia unha atenci\u00f3n primaria adecuada \u00e1 poboaci\u00f3n de referencia,<br>posto que toda esta desorganizaci\u00f3n e falta de previsi\u00f3n, trad\u00facese en non poder concertar citas, en consecuencia, danar \u00e1 atenci\u00f3n adecuada \u00f3 paciente e usuarios.<\/p>\n","protected":false},"excerpt":{"rendered":"<div class=\"mh-excerpt\"><p>A concelleira de Servicios Sociais e Sanidade no CONCELLO DE MONDARIZ,<br \/>\nM\u00aa Jos\u00e9 \u00c1lvarez Rodr\u00edguez, ven de rexistrar unha queixa formal na<br \/>\nXerencia de Atenci\u00f3n Primaria de Vigo, polo traslado temporal dun<br \/>\nm\u00e9dico do centro de Sa\u00fade de Mondariz a Salvaterra <a class=\"mh-excerpt-more\" href=\"https:\/\/www.anovapeneira.gal\/index.php\/2023\/08\/02\/traslado-dun-medico-e-ausencia-de-pediatra-en-mondariz\/\" title=\"Traslado dun m\u00e9dico e ausencia de pediatra en Mondariz\">[&#8230;]<\/a><\/p>\n<\/div>","protected":false},"author":3,"featured_media":10211,"comment_status":"open","ping_status":"open","sticky":false,"template":"","format":"standard","meta":{"_exactmetrics_skip_tracking":false,"_exactmetrics_sitenote_active":false,"_exactmetrics_sitenote_note":"","_exactmetrics_sitenote_category":0,"footnotes":""},"categories":[25],"tags":[405],"class_list":{"0":"post-10209","1":"post","2":"type-post","3":"status-publish","4":"format-standard","5":"has-post-thumbnail","7":"category-condado","8":"tag-concello-de-mondariz"},"yoast_head":"<!-- This site is optimized with the Yoast SEO plugin v27.5 - https:\/\/yoast.com\/product\/yoast-seo-wordpress\/ -->\n<title>Traslado dun m\u00e9dico e ausencia de pediatra en Mondariz -<\/title>\n<meta name=\"description\" content=\"A concelleira de Servicios Sociais e Sanidade no CONCELLO DE MONDARIZ, M\u00aa Jos\u00e9 \u00c1lvarez Rodr\u00edguez, ven de rexistrar unha queixa formal na Xerencia de Atenci\u00f3n Primaria de Vigo, polo traslado temporal dun m\u00e9dico do centro de Sa\u00fade de Mondariz a Salvaterra.\" \/>\n<meta name=\"robots\" content=\"index, follow, max-snippet:-1, max-image-preview:large, max-video-preview:-1\" \/>\n<link rel=\"canonical\" href=\"https:\/\/www.anovapeneira.gal\/index.php\/2023\/08\/02\/traslado-dun-medico-e-ausencia-de-pediatra-en-mondariz\/\" \/>\n<meta property=\"og:locale\" content=\"gl_ES\" \/>\n<meta property=\"og:type\" content=\"article\" \/>\n<meta property=\"og:title\" content=\"Traslado dun m\u00e9dico e ausencia de pediatra en Mondariz -\" \/>\n<meta property=\"og:description\" content=\"A concelleira de Servicios Sociais e Sanidade no CONCELLO DE MONDARIZ, M\u00aa Jos\u00e9 \u00c1lvarez Rodr\u00edguez, ven de rexistrar unha queixa formal na Xerencia de Atenci\u00f3n Primaria de Vigo, polo traslado temporal dun m\u00e9dico do centro de Sa\u00fade de Mondariz a Salvaterra.\" \/>\n<meta property=\"og:url\" content=\"https:\/\/www.anovapeneira.gal\/index.php\/2023\/08\/02\/traslado-dun-medico-e-ausencia-de-pediatra-en-mondariz\/\" \/>\n<meta property=\"article:publisher\" content=\"https:\/\/www.facebook.com\/anovapeneira\" \/>\n<meta property=\"article:published_time\" content=\"2023-08-02T10:00:19+00:00\" \/>\n<meta property=\"og:image\" content=\"https:\/\/www.anovapeneira.gal\/wp-content\/uploads\/2023\/08\/centro-saude-Mondariz2.jpg\" \/>\n\t<meta property=\"og:image:width\" content=\"720\" \/>\n\t<meta property=\"og:image:height\" content=\"432\" \/>\n\t<meta property=\"og:image:type\" content=\"image\/jpeg\" \/>\n<meta name=\"author\" content=\"Redacci\u00f3n A Nova Peneira\" \/>\n<meta name=\"twitter:card\" content=\"summary_large_image\" \/>\n<meta name=\"twitter:creator\" content=\"@APeneira\" \/>\n<meta name=\"twitter:site\" content=\"@APeneira\" \/>\n<meta name=\"twitter:label1\" content=\"Escrito por\" \/>\n\t<meta name=\"twitter:data1\" content=\"Redacci\u00f3n A Nova Peneira\" \/>\n\t<meta name=\"twitter:label2\" content=\"Tempo de lectura\" \/>\n\t<meta name=\"twitter:data2\" content=\"2 minutos\" \/>\n<script type=\"application\/ld+json\" class=\"yoast-schema-graph\">{\"@context\":\"https:\\\/\\\/schema.org\",\"@graph\":[{\"@type\":\"Article\",\"@id\":\"https:\\\/\\\/www.anovapeneira.gal\\\/index.php\\\/2023\\\/08\\\/02\\\/traslado-dun-medico-e-ausencia-de-pediatra-en-mondariz\\\/#article\",\"isPartOf\":{\"@id\":\"https:\\\/\\\/www.anovapeneira.gal\\\/index.php\\\/2023\\\/08\\\/02\\\/traslado-dun-medico-e-ausencia-de-pediatra-en-mondariz\\\/\"},\"author\":{\"name\":\"Redacci\u00f3n A Nova Peneira\",\"@id\":\"https:\\\/\\\/www.anovapeneira.gal\\\/#\\\/schema\\\/person\\\/b93e3f8932e3f8da96334607eb6ac6aa\"},\"headline\":\"Traslado dun m\u00e9dico e ausencia de pediatra en Mondariz\",\"datePublished\":\"2023-08-02T10:00:19+00:00\",\"mainEntityOfPage\":{\"@id\":\"https:\\\/\\\/www.anovapeneira.gal\\\/index.php\\\/2023\\\/08\\\/02\\\/traslado-dun-medico-e-ausencia-de-pediatra-en-mondariz\\\/\"},\"wordCount\":307,\"commentCount\":0,\"publisher\":{\"@id\":\"https:\\\/\\\/www.anovapeneira.gal\\\/#organization\"},\"image\":{\"@id\":\"https:\\\/\\\/www.anovapeneira.gal\\\/index.php\\\/2023\\\/08\\\/02\\\/traslado-dun-medico-e-ausencia-de-pediatra-en-mondariz\\\/#primaryimage\"},\"thumbnailUrl\":\"https:\\\/\\\/www.anovapeneira.gal\\\/wp-content\\\/uploads\\\/2023\\\/08\\\/centro-saude-Mondariz2.jpg\",\"keywords\":[\"Concello de Mondariz\"],\"articleSection\":[\"Condado\"],\"inLanguage\":\"gl-ES\",\"potentialAction\":[{\"@type\":\"CommentAction\",\"name\":\"Comment\",\"target\":[\"https:\\\/\\\/www.anovapeneira.gal\\\/index.php\\\/2023\\\/08\\\/02\\\/traslado-dun-medico-e-ausencia-de-pediatra-en-mondariz\\\/#respond\"]}]},{\"@type\":\"WebPage\",\"@id\":\"https:\\\/\\\/www.anovapeneira.gal\\\/index.php\\\/2023\\\/08\\\/02\\\/traslado-dun-medico-e-ausencia-de-pediatra-en-mondariz\\\/\",\"url\":\"https:\\\/\\\/www.anovapeneira.gal\\\/index.php\\\/2023\\\/08\\\/02\\\/traslado-dun-medico-e-ausencia-de-pediatra-en-mondariz\\\/\",\"name\":\"Traslado dun m\u00e9dico e ausencia de pediatra en Mondariz -\",\"isPartOf\":{\"@id\":\"https:\\\/\\\/www.anovapeneira.gal\\\/#website\"},\"primaryImageOfPage\":{\"@id\":\"https:\\\/\\\/www.anovapeneira.gal\\\/index.php\\\/2023\\\/08\\\/02\\\/traslado-dun-medico-e-ausencia-de-pediatra-en-mondariz\\\/#primaryimage\"},\"image\":{\"@id\":\"https:\\\/\\\/www.anovapeneira.gal\\\/index.php\\\/2023\\\/08\\\/02\\\/traslado-dun-medico-e-ausencia-de-pediatra-en-mondariz\\\/#primaryimage\"},\"thumbnailUrl\":\"https:\\\/\\\/www.anovapeneira.gal\\\/wp-content\\\/uploads\\\/2023\\\/08\\\/centro-saude-Mondariz2.jpg\",\"datePublished\":\"2023-08-02T10:00:19+00:00\",\"description\":\"A concelleira de Servicios Sociais e Sanidade no CONCELLO DE MONDARIZ, M\u00aa Jos\u00e9 \u00c1lvarez Rodr\u00edguez, ven de rexistrar unha queixa formal na Xerencia de Atenci\u00f3n Primaria de Vigo, polo traslado temporal dun m\u00e9dico do centro de Sa\u00fade de Mondariz a Salvaterra.\",\"breadcrumb\":{\"@id\":\"https:\\\/\\\/www.anovapeneira.gal\\\/index.php\\\/2023\\\/08\\\/02\\\/traslado-dun-medico-e-ausencia-de-pediatra-en-mondariz\\\/#breadcrumb\"},\"inLanguage\":\"gl-ES\",\"potentialAction\":[{\"@type\":\"ReadAction\",\"target\":[\"https:\\\/\\\/www.anovapeneira.gal\\\/index.php\\\/2023\\\/08\\\/02\\\/traslado-dun-medico-e-ausencia-de-pediatra-en-mondariz\\\/\"]}]},{\"@type\":\"ImageObject\",\"inLanguage\":\"gl-ES\",\"@id\":\"https:\\\/\\\/www.anovapeneira.gal\\\/index.php\\\/2023\\\/08\\\/02\\\/traslado-dun-medico-e-ausencia-de-pediatra-en-mondariz\\\/#primaryimage\",\"url\":\"https:\\\/\\\/www.anovapeneira.gal\\\/wp-content\\\/uploads\\\/2023\\\/08\\\/centro-saude-Mondariz2.jpg\",\"contentUrl\":\"https:\\\/\\\/www.anovapeneira.gal\\\/wp-content\\\/uploads\\\/2023\\\/08\\\/centro-saude-Mondariz2.jpg\",\"width\":720,\"height\":432,\"caption\":\"Centro de Sa\u00fade Mondariz\"},{\"@type\":\"BreadcrumbList\",\"@id\":\"https:\\\/\\\/www.anovapeneira.gal\\\/index.php\\\/2023\\\/08\\\/02\\\/traslado-dun-medico-e-ausencia-de-pediatra-en-mondariz\\\/#breadcrumb\",\"itemListElement\":[{\"@type\":\"ListItem\",\"position\":1,\"name\":\"Portada\",\"item\":\"https:\\\/\\\/www.anovapeneira.gal\\\/\"},{\"@type\":\"ListItem\",\"position\":2,\"name\":\"Traslado dun m\u00e9dico e ausencia de pediatra en Mondariz\"}]},{\"@type\":\"WebSite\",\"@id\":\"https:\\\/\\\/www.anovapeneira.gal\\\/#website\",\"url\":\"https:\\\/\\\/www.anovapeneira.gal\\\/\",\"name\":\"\",\"description\":\"Xornal galego de informaci\u00f3n xeral Publicaci\u00f3n mensual de novas de Galicia e en especial dos Concellos da sur da provincia de Pontevedra.\",\"publisher\":{\"@id\":\"https:\\\/\\\/www.anovapeneira.gal\\\/#organization\"},\"potentialAction\":[{\"@type\":\"SearchAction\",\"target\":{\"@type\":\"EntryPoint\",\"urlTemplate\":\"https:\\\/\\\/www.anovapeneira.gal\\\/?s={search_term_string}\"},\"query-input\":{\"@type\":\"PropertyValueSpecification\",\"valueRequired\":true,\"valueName\":\"search_term_string\"}}],\"inLanguage\":\"gl-ES\"},{\"@type\":\"Organization\",\"@id\":\"https:\\\/\\\/www.anovapeneira.gal\\\/#organization\",\"name\":\"A Nova Peneira\",\"url\":\"https:\\\/\\\/www.anovapeneira.gal\\\/\",\"logo\":{\"@type\":\"ImageObject\",\"inLanguage\":\"gl-ES\",\"@id\":\"https:\\\/\\\/www.anovapeneira.gal\\\/#\\\/schema\\\/logo\\\/image\\\/\",\"url\":\"http:\\\/\\\/www.anovapeneira.gal\\\/wp-content\\\/uploads\\\/2019\\\/06\\\/logo_a_nova_peneira_portal_web.png\",\"contentUrl\":\"http:\\\/\\\/www.anovapeneira.gal\\\/wp-content\\\/uploads\\\/2019\\\/06\\\/logo_a_nova_peneira_portal_web.png\",\"width\":300,\"height\":100,\"caption\":\"A Nova Peneira\"},\"image\":{\"@id\":\"https:\\\/\\\/www.anovapeneira.gal\\\/#\\\/schema\\\/logo\\\/image\\\/\"},\"sameAs\":[\"https:\\\/\\\/www.facebook.com\\\/anovapeneira\",\"https:\\\/\\\/x.com\\\/APeneira\"]},{\"@type\":\"Person\",\"@id\":\"https:\\\/\\\/www.anovapeneira.gal\\\/#\\\/schema\\\/person\\\/b93e3f8932e3f8da96334607eb6ac6aa\",\"name\":\"Redacci\u00f3n A Nova Peneira\",\"image\":{\"@type\":\"ImageObject\",\"inLanguage\":\"gl-ES\",\"@id\":\"https:\\\/\\\/secure.gravatar.com\\\/avatar\\\/c052a2551a06e23fac63626232eaa90abd78dbcf1700fc46a2b2c89fd27b735f?s=96&d=mm&r=g\",\"url\":\"https:\\\/\\\/secure.gravatar.com\\\/avatar\\\/c052a2551a06e23fac63626232eaa90abd78dbcf1700fc46a2b2c89fd27b735f?s=96&d=mm&r=g\",\"contentUrl\":\"https:\\\/\\\/secure.gravatar.com\\\/avatar\\\/c052a2551a06e23fac63626232eaa90abd78dbcf1700fc46a2b2c89fd27b735f?s=96&d=mm&r=g\",\"caption\":\"Redacci\u00f3n A Nova Peneira\"},\"sameAs\":[\"http:\\\/\\\/www.anovapeneira.gal\\\/\"],\"url\":\"https:\\\/\\\/www.anovapeneira.gal\\\/index.php\\\/author\\\/redactor\\\/\"}]}<\/script>\n<!-- \/ Yoast SEO plugin. -->","yoast_head_json":{"title":"Traslado dun m\u00e9dico e ausencia de pediatra en Mondariz -","description":"A concelleira de Servicios Sociais e Sanidade no CONCELLO DE MONDARIZ, M\u00aa Jos\u00e9 \u00c1lvarez Rodr\u00edguez, ven de rexistrar unha queixa formal na Xerencia de Atenci\u00f3n Primaria de Vigo, polo traslado temporal dun m\u00e9dico do centro de Sa\u00fade de Mondariz a Salvaterra.","robots":{"index":"index","follow":"follow","max-snippet":"max-snippet:-1","max-image-preview":"max-image-preview:large","max-video-preview":"max-video-preview:-1"},"canonical":"https:\/\/www.anovapeneira.gal\/index.php\/2023\/08\/02\/traslado-dun-medico-e-ausencia-de-pediatra-en-mondariz\/","og_locale":"gl_ES","og_type":"article","og_title":"Traslado dun m\u00e9dico e ausencia de pediatra en Mondariz -","og_description":"A concelleira de Servicios Sociais e Sanidade no CONCELLO DE MONDARIZ, M\u00aa Jos\u00e9 \u00c1lvarez Rodr\u00edguez, ven de rexistrar unha queixa formal na Xerencia de Atenci\u00f3n Primaria de Vigo, polo traslado temporal dun m\u00e9dico do centro de Sa\u00fade de Mondariz a Salvaterra.","og_url":"https:\/\/www.anovapeneira.gal\/index.php\/2023\/08\/02\/traslado-dun-medico-e-ausencia-de-pediatra-en-mondariz\/","article_publisher":"https:\/\/www.facebook.com\/anovapeneira","article_published_time":"2023-08-02T10:00:19+00:00","og_image":[{"width":720,"height":432,"url":"https:\/\/www.anovapeneira.gal\/wp-content\/uploads\/2023\/08\/centro-saude-Mondariz2.jpg","type":"image\/jpeg"}],"author":"Redacci\u00f3n A Nova Peneira","twitter_card":"summary_large_image","twitter_creator":"@APeneira","twitter_site":"@APeneira","twitter_misc":{"Escrito por":"Redacci\u00f3n A Nova Peneira","Tempo de lectura":"2 minutos"},"schema":{"@context":"https:\/\/schema.org","@graph":[{"@type":"Article","@id":"https:\/\/www.anovapeneira.gal\/index.php\/2023\/08\/02\/traslado-dun-medico-e-ausencia-de-pediatra-en-mondariz\/#article","isPartOf":{"@id":"https:\/\/www.anovapeneira.gal\/index.php\/2023\/08\/02\/traslado-dun-medico-e-ausencia-de-pediatra-en-mondariz\/"},"author":{"name":"Redacci\u00f3n A Nova Peneira","@id":"https:\/\/www.anovapeneira.gal\/#\/schema\/person\/b93e3f8932e3f8da96334607eb6ac6aa"},"headline":"Traslado dun m\u00e9dico e ausencia de pediatra en Mondariz","datePublished":"2023-08-02T10:00:19+00:00","mainEntityOfPage":{"@id":"https:\/\/www.anovapeneira.gal\/index.php\/2023\/08\/02\/traslado-dun-medico-e-ausencia-de-pediatra-en-mondariz\/"},"wordCount":307,"commentCount":0,"publisher":{"@id":"https:\/\/www.anovapeneira.gal\/#organization"},"image":{"@id":"https:\/\/www.anovapeneira.gal\/index.php\/2023\/08\/02\/traslado-dun-medico-e-ausencia-de-pediatra-en-mondariz\/#primaryimage"},"thumbnailUrl":"https:\/\/www.anovapeneira.gal\/wp-content\/uploads\/2023\/08\/centro-saude-Mondariz2.jpg","keywords":["Concello de Mondariz"],"articleSection":["Condado"],"inLanguage":"gl-ES","potentialAction":[{"@type":"CommentAction","name":"Comment","target":["https:\/\/www.anovapeneira.gal\/index.php\/2023\/08\/02\/traslado-dun-medico-e-ausencia-de-pediatra-en-mondariz\/#respond"]}]},{"@type":"WebPage","@id":"https:\/\/www.anovapeneira.gal\/index.php\/2023\/08\/02\/traslado-dun-medico-e-ausencia-de-pediatra-en-mondariz\/","url":"https:\/\/www.anovapeneira.gal\/index.php\/2023\/08\/02\/traslado-dun-medico-e-ausencia-de-pediatra-en-mondariz\/","name":"Traslado dun m\u00e9dico e ausencia de pediatra en Mondariz -","isPartOf":{"@id":"https:\/\/www.anovapeneira.gal\/#website"},"primaryImageOfPage":{"@id":"https:\/\/www.anovapeneira.gal\/index.php\/2023\/08\/02\/traslado-dun-medico-e-ausencia-de-pediatra-en-mondariz\/#primaryimage"},"image":{"@id":"https:\/\/www.anovapeneira.gal\/index.php\/2023\/08\/02\/traslado-dun-medico-e-ausencia-de-pediatra-en-mondariz\/#primaryimage"},"thumbnailUrl":"https:\/\/www.anovapeneira.gal\/wp-content\/uploads\/2023\/08\/centro-saude-Mondariz2.jpg","datePublished":"2023-08-02T10:00:19+00:00","description":"A concelleira de Servicios Sociais e Sanidade no CONCELLO DE MONDARIZ, M\u00aa Jos\u00e9 \u00c1lvarez Rodr\u00edguez, ven de rexistrar unha queixa formal na Xerencia de Atenci\u00f3n Primaria de Vigo, polo traslado temporal dun m\u00e9dico do centro de Sa\u00fade de Mondariz a Salvaterra.","breadcrumb":{"@id":"https:\/\/www.anovapeneira.gal\/index.php\/2023\/08\/02\/traslado-dun-medico-e-ausencia-de-pediatra-en-mondariz\/#breadcrumb"},"inLanguage":"gl-ES","potentialAction":[{"@type":"ReadAction","target":["https:\/\/www.anovapeneira.gal\/index.php\/2023\/08\/02\/traslado-dun-medico-e-ausencia-de-pediatra-en-mondariz\/"]}]},{"@type":"ImageObject","inLanguage":"gl-ES","@id":"https:\/\/www.anovapeneira.gal\/index.php\/2023\/08\/02\/traslado-dun-medico-e-ausencia-de-pediatra-en-mondariz\/#primaryimage","url":"https:\/\/www.anovapeneira.gal\/wp-content\/uploads\/2023\/08\/centro-saude-Mondariz2.jpg","contentUrl":"https:\/\/www.anovapeneira.gal\/wp-content\/uploads\/2023\/08\/centro-saude-Mondariz2.jpg","width":720,"height":432,"caption":"Centro de Sa\u00fade Mondariz"},{"@type":"BreadcrumbList","@id":"https:\/\/www.anovapeneira.gal\/index.php\/2023\/08\/02\/traslado-dun-medico-e-ausencia-de-pediatra-en-mondariz\/#breadcrumb","itemListElement":[{"@type":"ListItem","position":1,"name":"Portada","item":"https:\/\/www.anovapeneira.gal\/"},{"@type":"ListItem","position":2,"name":"Traslado dun m\u00e9dico e ausencia de pediatra en Mondariz"}]},{"@type":"WebSite","@id":"https:\/\/www.anovapeneira.gal\/#website","url":"https:\/\/www.anovapeneira.gal\/","name":"","description":"Xornal galego de informaci\u00f3n xeral Publicaci\u00f3n mensual de novas de Galicia e en especial dos Concellos da sur da provincia de Pontevedra.","publisher":{"@id":"https:\/\/www.anovapeneira.gal\/#organization"},"potentialAction":[{"@type":"SearchAction","target":{"@type":"EntryPoint","urlTemplate":"https:\/\/www.anovapeneira.gal\/?s={search_term_string}"},"query-input":{"@type":"PropertyValueSpecification","valueRequired":true,"valueName":"search_term_string"}}],"inLanguage":"gl-ES"},{"@type":"Organization","@id":"https:\/\/www.anovapeneira.gal\/#organization","name":"A Nova Peneira","url":"https:\/\/www.anovapeneira.gal\/","logo":{"@type":"ImageObject","inLanguage":"gl-ES","@id":"https:\/\/www.anovapeneira.gal\/#\/schema\/logo\/image\/","url":"http:\/\/www.anovapeneira.gal\/wp-content\/uploads\/2019\/06\/logo_a_nova_peneira_portal_web.png","contentUrl":"http:\/\/www.anovapeneira.gal\/wp-content\/uploads\/2019\/06\/logo_a_nova_peneira_portal_web.png","width":300,"height":100,"caption":"A Nova Peneira"},"image":{"@id":"https:\/\/www.anovapeneira.gal\/#\/schema\/logo\/image\/"},"sameAs":["https:\/\/www.facebook.com\/anovapeneira","https:\/\/x.com\/APeneira"]},{"@type":"Person","@id":"https:\/\/www.anovapeneira.gal\/#\/schema\/person\/b93e3f8932e3f8da96334607eb6ac6aa","name":"Redacci\u00f3n A Nova Peneira","image":{"@type":"ImageObject","inLanguage":"gl-ES","@id":"https:\/\/secure.gravatar.com\/avatar\/c052a2551a06e23fac63626232eaa90abd78dbcf1700fc46a2b2c89fd27b735f?s=96&d=mm&r=g","url":"https:\/\/secure.gravatar.com\/avatar\/c052a2551a06e23fac63626232eaa90abd78dbcf1700fc46a2b2c89fd27b735f?s=96&d=mm&r=g","contentUrl":"https:\/\/secure.gravatar.com\/avatar\/c052a2551a06e23fac63626232eaa90abd78dbcf1700fc46a2b2c89fd27b735f?s=96&d=mm&r=g","caption":"Redacci\u00f3n A Nova Peneira"},"sameAs":["http:\/\/www.anovapeneira.gal\/"],"url":"https:\/\/www.anovapeneira.gal\/index.php\/author\/redactor\/"}]}},"jetpack_featured_media_url":"https:\/\/www.anovapeneira.gal\/wp-content\/uploads\/2023\/08\/centro-saude-Mondariz2.jpg","_links":{"self":[{"href":"https:\/\/www.anovapeneira.gal\/index.php\/wp-json\/wp\/v2\/posts\/10209","targetHints":{"allow":["GET"]}}],"collection":[{"href":"https:\/\/www.anovapeneira.gal\/index.php\/wp-json\/wp\/v2\/posts"}],"about":[{"href":"https:\/\/www.anovapeneira.gal\/index.php\/wp-json\/wp\/v2\/types\/post"}],"author":[{"embeddable":true,"href":"https:\/\/www.anovapeneira.gal\/index.php\/wp-json\/wp\/v2\/users\/3"}],"replies":[{"embeddable":true,"href":"https:\/\/www.anovapeneira.gal\/index.php\/wp-json\/wp\/v2\/comments?post=10209"}],"version-history":[{"count":2,"href":"https:\/\/www.anovapeneira.gal\/index.php\/wp-json\/wp\/v2\/posts\/10209\/revisions"}],"predecessor-version":[{"id":10213,"href":"https:\/\/www.anovapeneira.gal\/index.php\/wp-json\/wp\/v2\/posts\/10209\/revisions\/10213"}],"wp:featuredmedia":[{"embeddable":true,"href":"https:\/\/www.anovapeneira.gal\/index.php\/wp-json\/wp\/v2\/media\/10211"}],"wp:attachment":[{"href":"https:\/\/www.anovapeneira.gal\/index.php\/wp-json\/wp\/v2\/media?parent=10209"}],"wp:term":[{"taxonomy":"category","embeddable":true,"href":"https:\/\/www.anovapeneira.gal\/index.php\/wp-json\/wp\/v2\/categories?post=10209"},{"taxonomy":"post_tag","embeddable":true,"href":"https:\/\/www.anovapeneira.gal\/index.php\/wp-json\/wp\/v2\/tags?post=10209"}],"curies":[{"name":"wp","href":"https:\/\/api.w.org\/{rel}","templated":true}]}}