{"id":10221,"date":"2023-08-04T12:00:39","date_gmt":"2023-08-04T10:00:39","guid":{"rendered":"https:\/\/www.anovapeneira.gal\/?p=10221"},"modified":"2023-08-04T10:04:57","modified_gmt":"2023-08-04T08:04:57","slug":"o-colectivo-republicano-e-o-concello-de-redondela-andan-na-percura-de-familires-dos-deportados-da-vila-no-holocausto-nazi","status":"publish","type":"post","link":"https:\/\/www.anovapeneira.gal\/index.php\/2023\/08\/04\/o-colectivo-republicano-e-o-concello-de-redondela-andan-na-percura-de-familires-dos-deportados-da-vila-no-holocausto-nazi\/","title":{"rendered":"O colectivo Republicano e o Concello de Redondela andan na percura de familires dos deportados da vila no Holocausto nazi"},"content":{"rendered":"\n<p>O pesadelo dos republicanos espa\u00f1ois e o dos galegos en particular que dende febreiro de 1939 encheron os campos de acollida franceses, tras a sa\u00edda de Espa\u00f1a fuxindo da represi\u00f3n dos fascistas e vencedores da Guerra de Espa\u00f1a, que non se conformaron con ga\u00f1ar, ti\u00f1an tam\u00e9n que exterminar. Nomes vergo\u00f1entos para a naci\u00f3n francesa como Argel\u00e8s-sur-Mer, Le Barcar\u00e8s, Gurs, Saint-Cyprien e outros tantos, de ingrato recordo pos refuxiados republicanos e para o goberno franc\u00e9s, liberal conservador do momento presidido por Daladier, que chegou a tratar os refuxiados republicanos como &#8220;extranxeiros indeseables&#8221;.<\/p>\n\n\n\n<p>Ainda e todo, o verdadeiro inferno estaba por chegar para tantos e tantos galegos e espa\u00f1ois en agosto de 1940, momento no que Francia \u00e9 ocupada polos alem\u00e1ns. Tras a invasi\u00f3n alem\u00e1 e coa complicidade do goberno t\u00edtere de Vichy, moitos foron detidos e internados en campos de prisioneiros de guerra (stalags), pero pronto perder\u00edan esta condici\u00f3n e ser\u00edan deportados principalmente ao campo de concentraci\u00f3n de Mauthausen, e demais campos da morte e exterminio do III Reich, onde foron empregados como man de obra escrava en canteiras, f\u00e1bricas ou construci\u00f3n de infraestruturas. O exceso de esforzo, a falta de alimentos, o fr\u00edo, os malos tratos e as enfermidades arrebat\u00e1ronlle a vida a m\u00e1is da metade deles. Dos poucos superviventes, a maior\u00eda sufriron secuelas de por vida. Dos case douscentos galegos deportados, s\u00f3 regresaron con vida do inferno nazi 63. Co\u00f1ecemos os seus nomes, as s\u00faas orixes, se morreron ou non, pero dende o Colectivo Republicano de Redondela en colaboraci\u00f3n co Concello de Redondela pretendemos dar un paso o fronte e vamos a instalar 4 Stolpersteine (adoqu\u00edns da memoria) en Redondela, en lembranza permanente os deportados redondel\u00e1ns para dignificar a s\u00faa memoria e a de todos aqueles que sufriron baixo a barbarie fascista.<\/p>\n\n\n\n<p>Dende o Colectivo Republicano de Redondela e o Concello de Redondela solicitamos a axuda dos cidad\u00e1ns de Redondela, para atopar os familiares dos catro veci\u00f1os da nosa localidade que foron deportados o campo de concentraci\u00f3n de Mathausen-Gusen e que poden po\u00f1erse en contacto conosco a trav\u00e9s dos correos electr\u00f3nicos rcolectivorepublicanodredondela@gmail.com e cultura@redondela.gal ou no propio concello. Os datos dos catro deportados de redondela que temos a nosa disposici\u00f3n son os seguintes:<\/p>\n\n\n\n<p>OLIMPIO MARINO MIGUEZ PAZOS: Nado en Redondela o 8 de setembro do 1908. Os seus pa\u00eds, Juan M\u00edguez Reboredo e Josefa Pazos Barros, irm\u00e1ns Teresa, Constante, Antonio e Manuel (xemelgos), Ramona, Juan e Ram\u00f3n. No censo de 1920 residen na R\u00faa da Prata n\u00famero 11 de Redondela.<\/p>\n\n\n\n<p>ANTONIO PI\u00d1EIRO OTERO: Nace o 5 de agosto de 1912 en Chapela. Os seus pa\u00eds, Jos\u00e9 Pi\u00f1eiro Cabaleiro e Gumersinda Otero Cabaleiro, irm\u00e1ns Carmen, Eugenio e Josefina. No censo de habitantes de 1920 figuran que residen na R\u00faa da Iglesia n\u00famero 9 de Chapela.<\/p>\n\n\n\n<p>JOS\u00c9 MAR\u00cdA GONZ\u00c1LEZ V\u00c1ZQUEZ: Nado en Quintela, o 24 de setembro de 1914. O seu pai, Joaqu\u00edn Gonz\u00e1lez Morais da Rocha, \u00e9 natural do concello portugu\u00e9s de San Miguel de Prado. A sua nai, Regina V\u00e1zquez Fern\u00e1ndez e veci\u00f1a de Cedeira. Ten un irm\u00e1n , Alvaro e dous hermanastros por parte de nai: Seraf\u00edn e Sabino. Se co\u00f1ece a existencia de outra irm\u00e1n, Mar\u00eda del Carmen. No padr\u00f3n de 1920 indicase que a familia reside na R\u00faa Quinteiro n\u00famero 47 de Quintela.<\/p>\n\n\n\n<p>ALEJANDRO LAFUENTE POSE: Nace o 4 de Maio de 1909 en Redondela. Fillo de Ram\u00f3n Lafuente Lago (Vigo) e Aurora Pose (Redondela). Co\u00f1ecese a existencia de tres irm\u00e1ns: Manuel, Jos\u00e9, desaparecido en Vigo cando contaba 15 anos e Juan. Nos anos trinta a familia Lafuente Pose reside no n\u00famero 7 da R\u00faa Hirmandi\u00f1os de Vigo. \u00c9 o \u00fanico que sobreviviu o inferno de Mauthausen, liberado o 1 de xu\u00f1o de 1945, \u00e9 repatriado a Francia. O 19 de xu\u00f1o de 1950 parte para Arxentina. Desco\u00f1\u00e9cese campo tempo estivo en Arxentina, dende onde retorna a Espa\u00f1a.<\/p>\n","protected":false},"excerpt":{"rendered":"<div class=\"mh-excerpt\"><p>O pesadelo dos republicanos espa\u00f1ois e o dos galegos en particular que dende febreiro de 1939 encheron os campos de acollida franceses <a class=\"mh-excerpt-more\" href=\"https:\/\/www.anovapeneira.gal\/index.php\/2023\/08\/04\/o-colectivo-republicano-e-o-concello-de-redondela-andan-na-percura-de-familires-dos-deportados-da-vila-no-holocausto-nazi\/\" title=\"O colectivo Republicano e o Concello de Redondela andan na percura de familires dos deportados da vila no Holocausto nazi\">[&#8230;]<\/a><\/p>\n<\/div>","protected":false},"author":3,"featured_media":10223,"comment_status":"open","ping_status":"open","sticky":false,"template":"","format":"standard","meta":{"_exactmetrics_skip_tracking":false,"_exactmetrics_sitenote_active":false,"_exactmetrics_sitenote_note":"","_exactmetrics_sitenote_category":0,"footnotes":""},"categories":[24],"tags":[171],"class_list":{"0":"post-10221","1":"post","2":"type-post","3":"status-publish","4":"format-standard","5":"has-post-thumbnail","7":"category-redondela","8":"tag-concello-de-redondela"},"yoast_head":"<!-- This site is optimized with the Yoast SEO plugin v27.4 - https:\/\/yoast.com\/product\/yoast-seo-wordpress\/ -->\n<title>O colectivo Republicano e o Concello de Redondela andan na percura de familires dos deportados da vila no Holocausto nazi -<\/title>\n<meta name=\"description\" content=\"O pesadelo dos republicanos espa\u00f1ois e o dos galegos en particular que dende febreiro de 1939 encheron os campos de acollida franceses\" \/>\n<meta name=\"robots\" content=\"index, follow, max-snippet:-1, max-image-preview:large, max-video-preview:-1\" \/>\n<link rel=\"canonical\" href=\"https:\/\/www.anovapeneira.gal\/index.php\/2023\/08\/04\/o-colectivo-republicano-e-o-concello-de-redondela-andan-na-percura-de-familires-dos-deportados-da-vila-no-holocausto-nazi\/\" \/>\n<meta property=\"og:locale\" content=\"gl_ES\" \/>\n<meta property=\"og:type\" content=\"article\" \/>\n<meta property=\"og:title\" content=\"O colectivo Republicano e o Concello de Redondela andan na percura de familires dos deportados da vila no Holocausto nazi -\" \/>\n<meta property=\"og:description\" content=\"O pesadelo dos republicanos espa\u00f1ois e o dos galegos en particular que dende febreiro de 1939 encheron os campos de acollida franceses\" \/>\n<meta property=\"og:url\" content=\"https:\/\/www.anovapeneira.gal\/index.php\/2023\/08\/04\/o-colectivo-republicano-e-o-concello-de-redondela-andan-na-percura-de-familires-dos-deportados-da-vila-no-holocausto-nazi\/\" \/>\n<meta property=\"article:publisher\" content=\"https:\/\/www.facebook.com\/anovapeneira\" \/>\n<meta property=\"article:published_time\" content=\"2023-08-04T10:00:39+00:00\" \/>\n<meta property=\"og:image\" content=\"https:\/\/www.anovapeneira.gal\/wp-content\/uploads\/2023\/08\/colectivo-republicano-redondela.jpg\" \/>\n\t<meta property=\"og:image:width\" content=\"720\" \/>\n\t<meta property=\"og:image:height\" content=\"432\" \/>\n\t<meta property=\"og:image:type\" content=\"image\/jpeg\" \/>\n<meta name=\"author\" content=\"Redacci\u00f3n A Nova Peneira\" \/>\n<meta name=\"twitter:card\" content=\"summary_large_image\" \/>\n<meta name=\"twitter:creator\" content=\"@APeneira\" \/>\n<meta name=\"twitter:site\" content=\"@APeneira\" \/>\n<meta name=\"twitter:label1\" content=\"Escrito por\" \/>\n\t<meta name=\"twitter:data1\" content=\"Redacci\u00f3n A Nova Peneira\" \/>\n\t<meta name=\"twitter:label2\" content=\"Tempo de lectura\" \/>\n\t<meta name=\"twitter:data2\" content=\"4 minutos\" \/>\n<script type=\"application\/ld+json\" class=\"yoast-schema-graph\">{\"@context\":\"https:\\\/\\\/schema.org\",\"@graph\":[{\"@type\":\"Article\",\"@id\":\"https:\\\/\\\/www.anovapeneira.gal\\\/index.php\\\/2023\\\/08\\\/04\\\/o-colectivo-republicano-e-o-concello-de-redondela-andan-na-percura-de-familires-dos-deportados-da-vila-no-holocausto-nazi\\\/#article\",\"isPartOf\":{\"@id\":\"https:\\\/\\\/www.anovapeneira.gal\\\/index.php\\\/2023\\\/08\\\/04\\\/o-colectivo-republicano-e-o-concello-de-redondela-andan-na-percura-de-familires-dos-deportados-da-vila-no-holocausto-nazi\\\/\"},\"author\":{\"name\":\"Redacci\u00f3n A Nova Peneira\",\"@id\":\"https:\\\/\\\/www.anovapeneira.gal\\\/#\\\/schema\\\/person\\\/b93e3f8932e3f8da96334607eb6ac6aa\"},\"headline\":\"O colectivo Republicano e o Concello de Redondela andan na percura de familires dos deportados da vila no Holocausto nazi\",\"datePublished\":\"2023-08-04T10:00:39+00:00\",\"mainEntityOfPage\":{\"@id\":\"https:\\\/\\\/www.anovapeneira.gal\\\/index.php\\\/2023\\\/08\\\/04\\\/o-colectivo-republicano-e-o-concello-de-redondela-andan-na-percura-de-familires-dos-deportados-da-vila-no-holocausto-nazi\\\/\"},\"wordCount\":706,\"commentCount\":0,\"publisher\":{\"@id\":\"https:\\\/\\\/www.anovapeneira.gal\\\/#organization\"},\"image\":{\"@id\":\"https:\\\/\\\/www.anovapeneira.gal\\\/index.php\\\/2023\\\/08\\\/04\\\/o-colectivo-republicano-e-o-concello-de-redondela-andan-na-percura-de-familires-dos-deportados-da-vila-no-holocausto-nazi\\\/#primaryimage\"},\"thumbnailUrl\":\"https:\\\/\\\/www.anovapeneira.gal\\\/wp-content\\\/uploads\\\/2023\\\/08\\\/colectivo-republicano-redondela.jpg\",\"keywords\":[\"Concello de Redondela\"],\"articleSection\":[\"Redondela\"],\"inLanguage\":\"gl-ES\",\"potentialAction\":[{\"@type\":\"CommentAction\",\"name\":\"Comment\",\"target\":[\"https:\\\/\\\/www.anovapeneira.gal\\\/index.php\\\/2023\\\/08\\\/04\\\/o-colectivo-republicano-e-o-concello-de-redondela-andan-na-percura-de-familires-dos-deportados-da-vila-no-holocausto-nazi\\\/#respond\"]}]},{\"@type\":\"WebPage\",\"@id\":\"https:\\\/\\\/www.anovapeneira.gal\\\/index.php\\\/2023\\\/08\\\/04\\\/o-colectivo-republicano-e-o-concello-de-redondela-andan-na-percura-de-familires-dos-deportados-da-vila-no-holocausto-nazi\\\/\",\"url\":\"https:\\\/\\\/www.anovapeneira.gal\\\/index.php\\\/2023\\\/08\\\/04\\\/o-colectivo-republicano-e-o-concello-de-redondela-andan-na-percura-de-familires-dos-deportados-da-vila-no-holocausto-nazi\\\/\",\"name\":\"O colectivo Republicano e o Concello de Redondela andan na percura de familires dos deportados da vila no Holocausto nazi -\",\"isPartOf\":{\"@id\":\"https:\\\/\\\/www.anovapeneira.gal\\\/#website\"},\"primaryImageOfPage\":{\"@id\":\"https:\\\/\\\/www.anovapeneira.gal\\\/index.php\\\/2023\\\/08\\\/04\\\/o-colectivo-republicano-e-o-concello-de-redondela-andan-na-percura-de-familires-dos-deportados-da-vila-no-holocausto-nazi\\\/#primaryimage\"},\"image\":{\"@id\":\"https:\\\/\\\/www.anovapeneira.gal\\\/index.php\\\/2023\\\/08\\\/04\\\/o-colectivo-republicano-e-o-concello-de-redondela-andan-na-percura-de-familires-dos-deportados-da-vila-no-holocausto-nazi\\\/#primaryimage\"},\"thumbnailUrl\":\"https:\\\/\\\/www.anovapeneira.gal\\\/wp-content\\\/uploads\\\/2023\\\/08\\\/colectivo-republicano-redondela.jpg\",\"datePublished\":\"2023-08-04T10:00:39+00:00\",\"description\":\"O pesadelo dos republicanos espa\u00f1ois e o dos galegos en particular que dende febreiro de 1939 encheron os campos de acollida franceses\",\"breadcrumb\":{\"@id\":\"https:\\\/\\\/www.anovapeneira.gal\\\/index.php\\\/2023\\\/08\\\/04\\\/o-colectivo-republicano-e-o-concello-de-redondela-andan-na-percura-de-familires-dos-deportados-da-vila-no-holocausto-nazi\\\/#breadcrumb\"},\"inLanguage\":\"gl-ES\",\"potentialAction\":[{\"@type\":\"ReadAction\",\"target\":[\"https:\\\/\\\/www.anovapeneira.gal\\\/index.php\\\/2023\\\/08\\\/04\\\/o-colectivo-republicano-e-o-concello-de-redondela-andan-na-percura-de-familires-dos-deportados-da-vila-no-holocausto-nazi\\\/\"]}]},{\"@type\":\"ImageObject\",\"inLanguage\":\"gl-ES\",\"@id\":\"https:\\\/\\\/www.anovapeneira.gal\\\/index.php\\\/2023\\\/08\\\/04\\\/o-colectivo-republicano-e-o-concello-de-redondela-andan-na-percura-de-familires-dos-deportados-da-vila-no-holocausto-nazi\\\/#primaryimage\",\"url\":\"https:\\\/\\\/www.anovapeneira.gal\\\/wp-content\\\/uploads\\\/2023\\\/08\\\/colectivo-republicano-redondela.jpg\",\"contentUrl\":\"https:\\\/\\\/www.anovapeneira.gal\\\/wp-content\\\/uploads\\\/2023\\\/08\\\/colectivo-republicano-redondela.jpg\",\"width\":720,\"height\":432,\"caption\":\"Colectivo Republicano Redondela\"},{\"@type\":\"BreadcrumbList\",\"@id\":\"https:\\\/\\\/www.anovapeneira.gal\\\/index.php\\\/2023\\\/08\\\/04\\\/o-colectivo-republicano-e-o-concello-de-redondela-andan-na-percura-de-familires-dos-deportados-da-vila-no-holocausto-nazi\\\/#breadcrumb\",\"itemListElement\":[{\"@type\":\"ListItem\",\"position\":1,\"name\":\"Portada\",\"item\":\"https:\\\/\\\/www.anovapeneira.gal\\\/\"},{\"@type\":\"ListItem\",\"position\":2,\"name\":\"O colectivo Republicano e o Concello de Redondela andan na percura de familires dos deportados da vila no Holocausto nazi\"}]},{\"@type\":\"WebSite\",\"@id\":\"https:\\\/\\\/www.anovapeneira.gal\\\/#website\",\"url\":\"https:\\\/\\\/www.anovapeneira.gal\\\/\",\"name\":\"\",\"description\":\"Xornal galego de informaci\u00f3n xeral Publicaci\u00f3n mensual de novas de Galicia e en especial dos Concellos da sur da provincia de Pontevedra.\",\"publisher\":{\"@id\":\"https:\\\/\\\/www.anovapeneira.gal\\\/#organization\"},\"potentialAction\":[{\"@type\":\"SearchAction\",\"target\":{\"@type\":\"EntryPoint\",\"urlTemplate\":\"https:\\\/\\\/www.anovapeneira.gal\\\/?s={search_term_string}\"},\"query-input\":{\"@type\":\"PropertyValueSpecification\",\"valueRequired\":true,\"valueName\":\"search_term_string\"}}],\"inLanguage\":\"gl-ES\"},{\"@type\":\"Organization\",\"@id\":\"https:\\\/\\\/www.anovapeneira.gal\\\/#organization\",\"name\":\"A Nova Peneira\",\"url\":\"https:\\\/\\\/www.anovapeneira.gal\\\/\",\"logo\":{\"@type\":\"ImageObject\",\"inLanguage\":\"gl-ES\",\"@id\":\"https:\\\/\\\/www.anovapeneira.gal\\\/#\\\/schema\\\/logo\\\/image\\\/\",\"url\":\"http:\\\/\\\/www.anovapeneira.gal\\\/wp-content\\\/uploads\\\/2019\\\/06\\\/logo_a_nova_peneira_portal_web.png\",\"contentUrl\":\"http:\\\/\\\/www.anovapeneira.gal\\\/wp-content\\\/uploads\\\/2019\\\/06\\\/logo_a_nova_peneira_portal_web.png\",\"width\":300,\"height\":100,\"caption\":\"A Nova Peneira\"},\"image\":{\"@id\":\"https:\\\/\\\/www.anovapeneira.gal\\\/#\\\/schema\\\/logo\\\/image\\\/\"},\"sameAs\":[\"https:\\\/\\\/www.facebook.com\\\/anovapeneira\",\"https:\\\/\\\/x.com\\\/APeneira\"]},{\"@type\":\"Person\",\"@id\":\"https:\\\/\\\/www.anovapeneira.gal\\\/#\\\/schema\\\/person\\\/b93e3f8932e3f8da96334607eb6ac6aa\",\"name\":\"Redacci\u00f3n A Nova Peneira\",\"image\":{\"@type\":\"ImageObject\",\"inLanguage\":\"gl-ES\",\"@id\":\"https:\\\/\\\/secure.gravatar.com\\\/avatar\\\/c052a2551a06e23fac63626232eaa90abd78dbcf1700fc46a2b2c89fd27b735f?s=96&d=mm&r=g\",\"url\":\"https:\\\/\\\/secure.gravatar.com\\\/avatar\\\/c052a2551a06e23fac63626232eaa90abd78dbcf1700fc46a2b2c89fd27b735f?s=96&d=mm&r=g\",\"contentUrl\":\"https:\\\/\\\/secure.gravatar.com\\\/avatar\\\/c052a2551a06e23fac63626232eaa90abd78dbcf1700fc46a2b2c89fd27b735f?s=96&d=mm&r=g\",\"caption\":\"Redacci\u00f3n A Nova Peneira\"},\"sameAs\":[\"http:\\\/\\\/www.anovapeneira.gal\\\/\"],\"url\":\"https:\\\/\\\/www.anovapeneira.gal\\\/index.php\\\/author\\\/redactor\\\/\"}]}<\/script>\n<!-- \/ Yoast SEO plugin. -->","yoast_head_json":{"title":"O colectivo Republicano e o Concello de Redondela andan na percura de familires dos deportados da vila no Holocausto nazi -","description":"O pesadelo dos republicanos espa\u00f1ois e o dos galegos en particular que dende febreiro de 1939 encheron os campos de acollida franceses","robots":{"index":"index","follow":"follow","max-snippet":"max-snippet:-1","max-image-preview":"max-image-preview:large","max-video-preview":"max-video-preview:-1"},"canonical":"https:\/\/www.anovapeneira.gal\/index.php\/2023\/08\/04\/o-colectivo-republicano-e-o-concello-de-redondela-andan-na-percura-de-familires-dos-deportados-da-vila-no-holocausto-nazi\/","og_locale":"gl_ES","og_type":"article","og_title":"O colectivo Republicano e o Concello de Redondela andan na percura de familires dos deportados da vila no Holocausto nazi -","og_description":"O pesadelo dos republicanos espa\u00f1ois e o dos galegos en particular que dende febreiro de 1939 encheron os campos de acollida franceses","og_url":"https:\/\/www.anovapeneira.gal\/index.php\/2023\/08\/04\/o-colectivo-republicano-e-o-concello-de-redondela-andan-na-percura-de-familires-dos-deportados-da-vila-no-holocausto-nazi\/","article_publisher":"https:\/\/www.facebook.com\/anovapeneira","article_published_time":"2023-08-04T10:00:39+00:00","og_image":[{"width":720,"height":432,"url":"https:\/\/www.anovapeneira.gal\/wp-content\/uploads\/2023\/08\/colectivo-republicano-redondela.jpg","type":"image\/jpeg"}],"author":"Redacci\u00f3n A Nova Peneira","twitter_card":"summary_large_image","twitter_creator":"@APeneira","twitter_site":"@APeneira","twitter_misc":{"Escrito por":"Redacci\u00f3n A Nova Peneira","Tempo de lectura":"4 minutos"},"schema":{"@context":"https:\/\/schema.org","@graph":[{"@type":"Article","@id":"https:\/\/www.anovapeneira.gal\/index.php\/2023\/08\/04\/o-colectivo-republicano-e-o-concello-de-redondela-andan-na-percura-de-familires-dos-deportados-da-vila-no-holocausto-nazi\/#article","isPartOf":{"@id":"https:\/\/www.anovapeneira.gal\/index.php\/2023\/08\/04\/o-colectivo-republicano-e-o-concello-de-redondela-andan-na-percura-de-familires-dos-deportados-da-vila-no-holocausto-nazi\/"},"author":{"name":"Redacci\u00f3n A Nova Peneira","@id":"https:\/\/www.anovapeneira.gal\/#\/schema\/person\/b93e3f8932e3f8da96334607eb6ac6aa"},"headline":"O colectivo Republicano e o Concello de Redondela andan na percura de familires dos deportados da vila no Holocausto nazi","datePublished":"2023-08-04T10:00:39+00:00","mainEntityOfPage":{"@id":"https:\/\/www.anovapeneira.gal\/index.php\/2023\/08\/04\/o-colectivo-republicano-e-o-concello-de-redondela-andan-na-percura-de-familires-dos-deportados-da-vila-no-holocausto-nazi\/"},"wordCount":706,"commentCount":0,"publisher":{"@id":"https:\/\/www.anovapeneira.gal\/#organization"},"image":{"@id":"https:\/\/www.anovapeneira.gal\/index.php\/2023\/08\/04\/o-colectivo-republicano-e-o-concello-de-redondela-andan-na-percura-de-familires-dos-deportados-da-vila-no-holocausto-nazi\/#primaryimage"},"thumbnailUrl":"https:\/\/www.anovapeneira.gal\/wp-content\/uploads\/2023\/08\/colectivo-republicano-redondela.jpg","keywords":["Concello de Redondela"],"articleSection":["Redondela"],"inLanguage":"gl-ES","potentialAction":[{"@type":"CommentAction","name":"Comment","target":["https:\/\/www.anovapeneira.gal\/index.php\/2023\/08\/04\/o-colectivo-republicano-e-o-concello-de-redondela-andan-na-percura-de-familires-dos-deportados-da-vila-no-holocausto-nazi\/#respond"]}]},{"@type":"WebPage","@id":"https:\/\/www.anovapeneira.gal\/index.php\/2023\/08\/04\/o-colectivo-republicano-e-o-concello-de-redondela-andan-na-percura-de-familires-dos-deportados-da-vila-no-holocausto-nazi\/","url":"https:\/\/www.anovapeneira.gal\/index.php\/2023\/08\/04\/o-colectivo-republicano-e-o-concello-de-redondela-andan-na-percura-de-familires-dos-deportados-da-vila-no-holocausto-nazi\/","name":"O colectivo Republicano e o Concello de Redondela andan na percura de familires dos deportados da vila no Holocausto nazi -","isPartOf":{"@id":"https:\/\/www.anovapeneira.gal\/#website"},"primaryImageOfPage":{"@id":"https:\/\/www.anovapeneira.gal\/index.php\/2023\/08\/04\/o-colectivo-republicano-e-o-concello-de-redondela-andan-na-percura-de-familires-dos-deportados-da-vila-no-holocausto-nazi\/#primaryimage"},"image":{"@id":"https:\/\/www.anovapeneira.gal\/index.php\/2023\/08\/04\/o-colectivo-republicano-e-o-concello-de-redondela-andan-na-percura-de-familires-dos-deportados-da-vila-no-holocausto-nazi\/#primaryimage"},"thumbnailUrl":"https:\/\/www.anovapeneira.gal\/wp-content\/uploads\/2023\/08\/colectivo-republicano-redondela.jpg","datePublished":"2023-08-04T10:00:39+00:00","description":"O pesadelo dos republicanos espa\u00f1ois e o dos galegos en particular que dende febreiro de 1939 encheron os campos de acollida franceses","breadcrumb":{"@id":"https:\/\/www.anovapeneira.gal\/index.php\/2023\/08\/04\/o-colectivo-republicano-e-o-concello-de-redondela-andan-na-percura-de-familires-dos-deportados-da-vila-no-holocausto-nazi\/#breadcrumb"},"inLanguage":"gl-ES","potentialAction":[{"@type":"ReadAction","target":["https:\/\/www.anovapeneira.gal\/index.php\/2023\/08\/04\/o-colectivo-republicano-e-o-concello-de-redondela-andan-na-percura-de-familires-dos-deportados-da-vila-no-holocausto-nazi\/"]}]},{"@type":"ImageObject","inLanguage":"gl-ES","@id":"https:\/\/www.anovapeneira.gal\/index.php\/2023\/08\/04\/o-colectivo-republicano-e-o-concello-de-redondela-andan-na-percura-de-familires-dos-deportados-da-vila-no-holocausto-nazi\/#primaryimage","url":"https:\/\/www.anovapeneira.gal\/wp-content\/uploads\/2023\/08\/colectivo-republicano-redondela.jpg","contentUrl":"https:\/\/www.anovapeneira.gal\/wp-content\/uploads\/2023\/08\/colectivo-republicano-redondela.jpg","width":720,"height":432,"caption":"Colectivo Republicano Redondela"},{"@type":"BreadcrumbList","@id":"https:\/\/www.anovapeneira.gal\/index.php\/2023\/08\/04\/o-colectivo-republicano-e-o-concello-de-redondela-andan-na-percura-de-familires-dos-deportados-da-vila-no-holocausto-nazi\/#breadcrumb","itemListElement":[{"@type":"ListItem","position":1,"name":"Portada","item":"https:\/\/www.anovapeneira.gal\/"},{"@type":"ListItem","position":2,"name":"O colectivo Republicano e o Concello de Redondela andan na percura de familires dos deportados da vila no Holocausto nazi"}]},{"@type":"WebSite","@id":"https:\/\/www.anovapeneira.gal\/#website","url":"https:\/\/www.anovapeneira.gal\/","name":"","description":"Xornal galego de informaci\u00f3n xeral Publicaci\u00f3n mensual de novas de Galicia e en especial dos Concellos da sur da provincia de Pontevedra.","publisher":{"@id":"https:\/\/www.anovapeneira.gal\/#organization"},"potentialAction":[{"@type":"SearchAction","target":{"@type":"EntryPoint","urlTemplate":"https:\/\/www.anovapeneira.gal\/?s={search_term_string}"},"query-input":{"@type":"PropertyValueSpecification","valueRequired":true,"valueName":"search_term_string"}}],"inLanguage":"gl-ES"},{"@type":"Organization","@id":"https:\/\/www.anovapeneira.gal\/#organization","name":"A Nova Peneira","url":"https:\/\/www.anovapeneira.gal\/","logo":{"@type":"ImageObject","inLanguage":"gl-ES","@id":"https:\/\/www.anovapeneira.gal\/#\/schema\/logo\/image\/","url":"http:\/\/www.anovapeneira.gal\/wp-content\/uploads\/2019\/06\/logo_a_nova_peneira_portal_web.png","contentUrl":"http:\/\/www.anovapeneira.gal\/wp-content\/uploads\/2019\/06\/logo_a_nova_peneira_portal_web.png","width":300,"height":100,"caption":"A Nova Peneira"},"image":{"@id":"https:\/\/www.anovapeneira.gal\/#\/schema\/logo\/image\/"},"sameAs":["https:\/\/www.facebook.com\/anovapeneira","https:\/\/x.com\/APeneira"]},{"@type":"Person","@id":"https:\/\/www.anovapeneira.gal\/#\/schema\/person\/b93e3f8932e3f8da96334607eb6ac6aa","name":"Redacci\u00f3n A Nova Peneira","image":{"@type":"ImageObject","inLanguage":"gl-ES","@id":"https:\/\/secure.gravatar.com\/avatar\/c052a2551a06e23fac63626232eaa90abd78dbcf1700fc46a2b2c89fd27b735f?s=96&d=mm&r=g","url":"https:\/\/secure.gravatar.com\/avatar\/c052a2551a06e23fac63626232eaa90abd78dbcf1700fc46a2b2c89fd27b735f?s=96&d=mm&r=g","contentUrl":"https:\/\/secure.gravatar.com\/avatar\/c052a2551a06e23fac63626232eaa90abd78dbcf1700fc46a2b2c89fd27b735f?s=96&d=mm&r=g","caption":"Redacci\u00f3n A Nova Peneira"},"sameAs":["http:\/\/www.anovapeneira.gal\/"],"url":"https:\/\/www.anovapeneira.gal\/index.php\/author\/redactor\/"}]}},"jetpack_featured_media_url":"https:\/\/www.anovapeneira.gal\/wp-content\/uploads\/2023\/08\/colectivo-republicano-redondela.jpg","_links":{"self":[{"href":"https:\/\/www.anovapeneira.gal\/index.php\/wp-json\/wp\/v2\/posts\/10221","targetHints":{"allow":["GET"]}}],"collection":[{"href":"https:\/\/www.anovapeneira.gal\/index.php\/wp-json\/wp\/v2\/posts"}],"about":[{"href":"https:\/\/www.anovapeneira.gal\/index.php\/wp-json\/wp\/v2\/types\/post"}],"author":[{"embeddable":true,"href":"https:\/\/www.anovapeneira.gal\/index.php\/wp-json\/wp\/v2\/users\/3"}],"replies":[{"embeddable":true,"href":"https:\/\/www.anovapeneira.gal\/index.php\/wp-json\/wp\/v2\/comments?post=10221"}],"version-history":[{"count":1,"href":"https:\/\/www.anovapeneira.gal\/index.php\/wp-json\/wp\/v2\/posts\/10221\/revisions"}],"predecessor-version":[{"id":10222,"href":"https:\/\/www.anovapeneira.gal\/index.php\/wp-json\/wp\/v2\/posts\/10221\/revisions\/10222"}],"wp:featuredmedia":[{"embeddable":true,"href":"https:\/\/www.anovapeneira.gal\/index.php\/wp-json\/wp\/v2\/media\/10223"}],"wp:attachment":[{"href":"https:\/\/www.anovapeneira.gal\/index.php\/wp-json\/wp\/v2\/media?parent=10221"}],"wp:term":[{"taxonomy":"category","embeddable":true,"href":"https:\/\/www.anovapeneira.gal\/index.php\/wp-json\/wp\/v2\/categories?post=10221"},{"taxonomy":"post_tag","embeddable":true,"href":"https:\/\/www.anovapeneira.gal\/index.php\/wp-json\/wp\/v2\/tags?post=10221"}],"curies":[{"name":"wp","href":"https:\/\/api.w.org\/{rel}","templated":true}]}}