{"id":10224,"date":"2023-08-07T10:00:58","date_gmt":"2023-08-07T08:00:58","guid":{"rendered":"https:\/\/www.anovapeneira.gal\/?p=10224"},"modified":"2023-08-04T10:09:22","modified_gmt":"2023-08-04T08:09:22","slug":"chegou-o-veran-chegaron-as-listas-de-agarda-a-marin","status":"publish","type":"post","link":"https:\/\/www.anovapeneira.gal\/index.php\/2023\/08\/07\/chegou-o-veran-chegaron-as-listas-de-agarda-a-marin\/","title":{"rendered":"Chegou o ver\u00e1n, chegaron as listas de agarda a Mar\u00edn"},"content":{"rendered":"\n<figure class=\"wp-block-image size-full is-resized\"><img loading=\"lazy\" decoding=\"async\" src=\"https:\/\/www.anovapeneira.gal\/wp-content\/uploads\/2019\/07\/pedro_cortegoso_opinion_a_nova_peneira_bn.jpg\" alt=\"Pedro M. Cortegoso Gago Artigo Opini\u00f3n A Nova Peneira\" class=\"wp-image-464\" width=\"95\" height=\"111\"\/><figcaption class=\"wp-element-caption\">Pedro M. Cortegoso Gago\nTraballador do Sergas<\/figcaption><\/figure>\n\n\n\n<p>Chegou o ver\u00e1n, e como non pod\u00eda ser doutro xeito as listas de agarda para ter unha cita co m\u00e9dico de cabeceira tam\u00e9n est\u00e1n aqu\u00ed.<\/p>\n\n\n\n<p>As demoras para ser atendido nas consultas especializadas, de m\u00e1is de seis meses algunhas, temos que engadirlle m\u00e1is de quince d\u00edas para ser atendido polo persoal m\u00e9dico no centro de sa\u00fade de Mar\u00edn. Moitos d\u00edas a quenda de tarde est\u00e1 sen ning\u00fan profesional m\u00e9dico ou con un s\u00f3.<\/p>\n\n\n\n<p>A consecuencia directa de que non haxa ningu\u00e9n que che atenda pola tarde non centro de sa\u00fade \u00e9 a saturaci\u00f3n do servizo de urxencias do PAC de Mar\u00edn, ou das urxencias do Hospital Montecelo.<\/p>\n\n\n\n<p>As radiograf\u00edas a\u00ednda que chas fagan ao d\u00eda seguinte da petici\u00f3n contin\u00faan sen ser informadas por un radi\u00f3logo.<\/p>\n\n\n\n<p>Mentres todo isto acontece seguimos escoitando nos medios de comunicaci\u00f3n af\u00edns ao r\u00e9xime as bondades do noso sistema sanitario, que seica \u00e9 o mellor do mundo. Quen quere m\u00e9dic@s tendo os medios de comunicaci\u00f3n ao servizo da mentira e a desinformaci\u00f3n, que mellor analx\u00e9sico que un telexornal cheo de loas ao gran l\u00edder Feixoo e ao pequeno l\u00edder Rueda.<\/p>\n\n\n\n<p><strong>Est\u00e1n desmantelando a Atenci\u00f3n Primaria e saturando a atenci\u00f3n hospitalaria.<\/strong><\/p>\n\n\n\n<p>A sanidade p\u00fablica galega est\u00e1 en perigo de extinci\u00f3n, imos cami\u00f1o da desaparici\u00f3n dun servizo p\u00fablico fundamental para garantir a nosa sa\u00fade. O seu deterioro non s\u00f3 implica unha mala atenci\u00f3n, tam\u00e9n sup\u00f3n un maior gasto en sanidade privada para os que poidan pagala.<\/p>\n\n\n\n<p>E que podemos esperar se os altos cargos do Sergas son escollidos entre os directivos das empresas da sanidade privada, que intereses van facer valer?<\/p>\n\n\n\n<p>Non \u00e9 casualidade que o irm\u00e1n do xerente do Sergas sexa director da patronal dos hospitais privados, nin tampouco que o novo director do distrito sanitario de Valdeorras sexa un antigo directivo da sanidade privada ou que a nova directora de recursos humanos da nosa \u00e1rea sanitaria tam\u00e9n ve\u00f1a do mundo da empresa.<\/p>\n\n\n\n<p>Non \u00e9 casualidade a relaci\u00f3n de moitos cargos do Sergas con Povisa, agora denominada Hospital Ribera Povisa, e o trato de favor que recibe esta empresa para atender malamente a \u00e1rea sanitaria de Vigo.<\/p>\n\n\n\n<p>Limpeza, subministros, esterilizaci\u00f3n de material, alta tecnolox\u00eda hospitalaria, intervenci\u00f3ns cir\u00farxicas, etc, aos poucos vanse comendo todo. Como di a canci\u00f3n do Zeca \u201cEles comem tudo, eles comem tudo. Eles comem tudo e n\u00e3o deixam nada\u201d. Est\u00e1n chuchando todo o que poden para deixar o ovo da sanidade p\u00fablica s\u00f3 coa casca. Mentres enchen os petos das empresas amigas para maior gloria da s\u00faa conta de resultados.<\/p>\n\n\n\n<p>Mar\u00edn, 2 de agosto de 2023<\/p>\n\n\n\n<p>Asdo.: Pedro M. Cortegoso Gago.<\/p>\n","protected":false},"excerpt":{"rendered":"<div class=\"mh-excerpt\"><p>Chegou o ver\u00e1n, e como non pod\u00eda ser doutro xeito as listas de agarda para ter unha cita co m\u00e9dico de cabeceira tam\u00e9n est\u00e1n aqu\u00ed <a class=\"mh-excerpt-more\" href=\"https:\/\/www.anovapeneira.gal\/index.php\/2023\/08\/07\/chegou-o-veran-chegaron-as-listas-de-agarda-a-marin\/\" title=\"Chegou o ver\u00e1n, chegaron as listas de agarda a Mar\u00edn\">[&#8230;]<\/a><\/p>\n<\/div>","protected":false},"author":4,"featured_media":584,"comment_status":"open","ping_status":"open","sticky":false,"template":"","format":"standard","meta":{"_exactmetrics_skip_tracking":false,"_exactmetrics_sitenote_active":false,"_exactmetrics_sitenote_note":"","_exactmetrics_sitenote_category":0,"footnotes":""},"categories":[7],"tags":[144],"class_list":{"0":"post-10224","1":"post","2":"type-post","3":"status-publish","4":"format-standard","5":"has-post-thumbnail","7":"category-artigos-de-opinion","8":"tag-concello-de-marin"},"yoast_head":"<!-- This site is optimized with the Yoast SEO plugin v27.4 - https:\/\/yoast.com\/product\/yoast-seo-wordpress\/ -->\n<title>Chegou o ver\u00e1n, chegaron as listas de agarda a Mar\u00edn -<\/title>\n<meta name=\"description\" content=\"Chegou o ver\u00e1n, e como non pod\u00eda ser doutro xeito as listas de agarda para ter unha cita co m\u00e9dico de cabeceira tam\u00e9n est\u00e1n aqu\u00ed\" \/>\n<meta name=\"robots\" content=\"index, follow, max-snippet:-1, max-image-preview:large, max-video-preview:-1\" \/>\n<link rel=\"canonical\" href=\"https:\/\/www.anovapeneira.gal\/index.php\/2023\/08\/07\/chegou-o-veran-chegaron-as-listas-de-agarda-a-marin\/\" \/>\n<meta property=\"og:locale\" content=\"gl_ES\" \/>\n<meta property=\"og:type\" content=\"article\" \/>\n<meta property=\"og:title\" content=\"Chegou o ver\u00e1n, chegaron as listas de agarda a Mar\u00edn -\" \/>\n<meta property=\"og:description\" content=\"Chegou o ver\u00e1n, e como non pod\u00eda ser doutro xeito as listas de agarda para ter unha cita co m\u00e9dico de cabeceira tam\u00e9n est\u00e1n aqu\u00ed\" \/>\n<meta property=\"og:url\" content=\"https:\/\/www.anovapeneira.gal\/index.php\/2023\/08\/07\/chegou-o-veran-chegaron-as-listas-de-agarda-a-marin\/\" \/>\n<meta property=\"article:publisher\" content=\"https:\/\/www.facebook.com\/anovapeneira\" \/>\n<meta property=\"article:published_time\" content=\"2023-08-07T08:00:58+00:00\" \/>\n<meta property=\"og:image\" content=\"https:\/\/www.anovapeneira.gal\/wp-content\/uploads\/2019\/07\/ARTIGO_DE_OPINION_A_NOVA_PENEIRA.jpg\" \/>\n\t<meta property=\"og:image:width\" content=\"720\" \/>\n\t<meta property=\"og:image:height\" content=\"473\" \/>\n\t<meta property=\"og:image:type\" content=\"image\/jpeg\" \/>\n<meta name=\"author\" content=\"Pedro M. Cortegoso Gago\" \/>\n<meta name=\"twitter:card\" content=\"summary_large_image\" \/>\n<meta name=\"twitter:image\" content=\"https:\/\/www.anovapeneira.gal\/wp-content\/uploads\/2019\/07\/ARTIGO_DE_OPINION_A_NOVA_PENEIRA.jpg\" \/>\n<meta name=\"twitter:creator\" content=\"@APeneira\" \/>\n<meta name=\"twitter:site\" content=\"@APeneira\" \/>\n<meta name=\"twitter:label1\" content=\"Escrito por\" \/>\n\t<meta name=\"twitter:data1\" content=\"Pedro M. Cortegoso Gago\" \/>\n\t<meta name=\"twitter:label2\" content=\"Tempo de lectura\" \/>\n\t<meta name=\"twitter:data2\" content=\"3 minutos\" \/>\n<script type=\"application\/ld+json\" class=\"yoast-schema-graph\">{\"@context\":\"https:\\\/\\\/schema.org\",\"@graph\":[{\"@type\":\"Article\",\"@id\":\"https:\\\/\\\/www.anovapeneira.gal\\\/index.php\\\/2023\\\/08\\\/07\\\/chegou-o-veran-chegaron-as-listas-de-agarda-a-marin\\\/#article\",\"isPartOf\":{\"@id\":\"https:\\\/\\\/www.anovapeneira.gal\\\/index.php\\\/2023\\\/08\\\/07\\\/chegou-o-veran-chegaron-as-listas-de-agarda-a-marin\\\/\"},\"author\":{\"name\":\"Pedro M. Cortegoso Gago\",\"@id\":\"https:\\\/\\\/www.anovapeneira.gal\\\/#\\\/schema\\\/person\\\/c04a9c9f722c9446e71ae434c0353337\"},\"headline\":\"Chegou o ver\u00e1n, chegaron as listas de agarda a Mar\u00edn\",\"datePublished\":\"2023-08-07T08:00:58+00:00\",\"mainEntityOfPage\":{\"@id\":\"https:\\\/\\\/www.anovapeneira.gal\\\/index.php\\\/2023\\\/08\\\/07\\\/chegou-o-veran-chegaron-as-listas-de-agarda-a-marin\\\/\"},\"wordCount\":500,\"commentCount\":0,\"publisher\":{\"@id\":\"https:\\\/\\\/www.anovapeneira.gal\\\/#organization\"},\"image\":{\"@id\":\"https:\\\/\\\/www.anovapeneira.gal\\\/index.php\\\/2023\\\/08\\\/07\\\/chegou-o-veran-chegaron-as-listas-de-agarda-a-marin\\\/#primaryimage\"},\"thumbnailUrl\":\"https:\\\/\\\/www.anovapeneira.gal\\\/wp-content\\\/uploads\\\/2019\\\/07\\\/ARTIGO_DE_OPINION_A_NOVA_PENEIRA.jpg\",\"keywords\":[\"Concello de Mar\u00edn\"],\"articleSection\":[\"Artigos de opini\u00f3n\"],\"inLanguage\":\"gl-ES\",\"potentialAction\":[{\"@type\":\"CommentAction\",\"name\":\"Comment\",\"target\":[\"https:\\\/\\\/www.anovapeneira.gal\\\/index.php\\\/2023\\\/08\\\/07\\\/chegou-o-veran-chegaron-as-listas-de-agarda-a-marin\\\/#respond\"]}]},{\"@type\":\"WebPage\",\"@id\":\"https:\\\/\\\/www.anovapeneira.gal\\\/index.php\\\/2023\\\/08\\\/07\\\/chegou-o-veran-chegaron-as-listas-de-agarda-a-marin\\\/\",\"url\":\"https:\\\/\\\/www.anovapeneira.gal\\\/index.php\\\/2023\\\/08\\\/07\\\/chegou-o-veran-chegaron-as-listas-de-agarda-a-marin\\\/\",\"name\":\"Chegou o ver\u00e1n, chegaron as listas de agarda a Mar\u00edn -\",\"isPartOf\":{\"@id\":\"https:\\\/\\\/www.anovapeneira.gal\\\/#website\"},\"primaryImageOfPage\":{\"@id\":\"https:\\\/\\\/www.anovapeneira.gal\\\/index.php\\\/2023\\\/08\\\/07\\\/chegou-o-veran-chegaron-as-listas-de-agarda-a-marin\\\/#primaryimage\"},\"image\":{\"@id\":\"https:\\\/\\\/www.anovapeneira.gal\\\/index.php\\\/2023\\\/08\\\/07\\\/chegou-o-veran-chegaron-as-listas-de-agarda-a-marin\\\/#primaryimage\"},\"thumbnailUrl\":\"https:\\\/\\\/www.anovapeneira.gal\\\/wp-content\\\/uploads\\\/2019\\\/07\\\/ARTIGO_DE_OPINION_A_NOVA_PENEIRA.jpg\",\"datePublished\":\"2023-08-07T08:00:58+00:00\",\"description\":\"Chegou o ver\u00e1n, e como non pod\u00eda ser doutro xeito as listas de agarda para ter unha cita co m\u00e9dico de cabeceira tam\u00e9n est\u00e1n aqu\u00ed\",\"breadcrumb\":{\"@id\":\"https:\\\/\\\/www.anovapeneira.gal\\\/index.php\\\/2023\\\/08\\\/07\\\/chegou-o-veran-chegaron-as-listas-de-agarda-a-marin\\\/#breadcrumb\"},\"inLanguage\":\"gl-ES\",\"potentialAction\":[{\"@type\":\"ReadAction\",\"target\":[\"https:\\\/\\\/www.anovapeneira.gal\\\/index.php\\\/2023\\\/08\\\/07\\\/chegou-o-veran-chegaron-as-listas-de-agarda-a-marin\\\/\"]}]},{\"@type\":\"ImageObject\",\"inLanguage\":\"gl-ES\",\"@id\":\"https:\\\/\\\/www.anovapeneira.gal\\\/index.php\\\/2023\\\/08\\\/07\\\/chegou-o-veran-chegaron-as-listas-de-agarda-a-marin\\\/#primaryimage\",\"url\":\"https:\\\/\\\/www.anovapeneira.gal\\\/wp-content\\\/uploads\\\/2019\\\/07\\\/ARTIGO_DE_OPINION_A_NOVA_PENEIRA.jpg\",\"contentUrl\":\"https:\\\/\\\/www.anovapeneira.gal\\\/wp-content\\\/uploads\\\/2019\\\/07\\\/ARTIGO_DE_OPINION_A_NOVA_PENEIRA.jpg\",\"width\":720,\"height\":473,\"caption\":\"Artigo de opini\u00f3n A Nova Peneira\"},{\"@type\":\"BreadcrumbList\",\"@id\":\"https:\\\/\\\/www.anovapeneira.gal\\\/index.php\\\/2023\\\/08\\\/07\\\/chegou-o-veran-chegaron-as-listas-de-agarda-a-marin\\\/#breadcrumb\",\"itemListElement\":[{\"@type\":\"ListItem\",\"position\":1,\"name\":\"Portada\",\"item\":\"https:\\\/\\\/www.anovapeneira.gal\\\/\"},{\"@type\":\"ListItem\",\"position\":2,\"name\":\"Chegou o ver\u00e1n, chegaron as listas de agarda a Mar\u00edn\"}]},{\"@type\":\"WebSite\",\"@id\":\"https:\\\/\\\/www.anovapeneira.gal\\\/#website\",\"url\":\"https:\\\/\\\/www.anovapeneira.gal\\\/\",\"name\":\"\",\"description\":\"Xornal galego de informaci\u00f3n xeral Publicaci\u00f3n mensual de novas de Galicia e en especial dos Concellos da sur da provincia de Pontevedra.\",\"publisher\":{\"@id\":\"https:\\\/\\\/www.anovapeneira.gal\\\/#organization\"},\"potentialAction\":[{\"@type\":\"SearchAction\",\"target\":{\"@type\":\"EntryPoint\",\"urlTemplate\":\"https:\\\/\\\/www.anovapeneira.gal\\\/?s={search_term_string}\"},\"query-input\":{\"@type\":\"PropertyValueSpecification\",\"valueRequired\":true,\"valueName\":\"search_term_string\"}}],\"inLanguage\":\"gl-ES\"},{\"@type\":\"Organization\",\"@id\":\"https:\\\/\\\/www.anovapeneira.gal\\\/#organization\",\"name\":\"A Nova Peneira\",\"url\":\"https:\\\/\\\/www.anovapeneira.gal\\\/\",\"logo\":{\"@type\":\"ImageObject\",\"inLanguage\":\"gl-ES\",\"@id\":\"https:\\\/\\\/www.anovapeneira.gal\\\/#\\\/schema\\\/logo\\\/image\\\/\",\"url\":\"http:\\\/\\\/www.anovapeneira.gal\\\/wp-content\\\/uploads\\\/2019\\\/06\\\/logo_a_nova_peneira_portal_web.png\",\"contentUrl\":\"http:\\\/\\\/www.anovapeneira.gal\\\/wp-content\\\/uploads\\\/2019\\\/06\\\/logo_a_nova_peneira_portal_web.png\",\"width\":300,\"height\":100,\"caption\":\"A Nova Peneira\"},\"image\":{\"@id\":\"https:\\\/\\\/www.anovapeneira.gal\\\/#\\\/schema\\\/logo\\\/image\\\/\"},\"sameAs\":[\"https:\\\/\\\/www.facebook.com\\\/anovapeneira\",\"https:\\\/\\\/x.com\\\/APeneira\"]},{\"@type\":\"Person\",\"@id\":\"https:\\\/\\\/www.anovapeneira.gal\\\/#\\\/schema\\\/person\\\/c04a9c9f722c9446e71ae434c0353337\",\"name\":\"Pedro M. Cortegoso Gago\",\"image\":{\"@type\":\"ImageObject\",\"inLanguage\":\"gl-ES\",\"@id\":\"https:\\\/\\\/secure.gravatar.com\\\/avatar\\\/1613b27278a972c04db5c2f04fb2cbfa9edb58d6c3e2547817ecb8240eb58381?s=96&d=mm&r=g\",\"url\":\"https:\\\/\\\/secure.gravatar.com\\\/avatar\\\/1613b27278a972c04db5c2f04fb2cbfa9edb58d6c3e2547817ecb8240eb58381?s=96&d=mm&r=g\",\"contentUrl\":\"https:\\\/\\\/secure.gravatar.com\\\/avatar\\\/1613b27278a972c04db5c2f04fb2cbfa9edb58d6c3e2547817ecb8240eb58381?s=96&d=mm&r=g\",\"caption\":\"Pedro M. Cortegoso Gago\"},\"sameAs\":[\"http:\\\/\\\/anovapeneira.gal\"],\"url\":\"https:\\\/\\\/www.anovapeneira.gal\\\/index.php\\\/author\\\/opinionpcortegoso\\\/\"}]}<\/script>\n<!-- \/ Yoast SEO plugin. -->","yoast_head_json":{"title":"Chegou o ver\u00e1n, chegaron as listas de agarda a Mar\u00edn -","description":"Chegou o ver\u00e1n, e como non pod\u00eda ser doutro xeito as listas de agarda para ter unha cita co m\u00e9dico de cabeceira tam\u00e9n est\u00e1n aqu\u00ed","robots":{"index":"index","follow":"follow","max-snippet":"max-snippet:-1","max-image-preview":"max-image-preview:large","max-video-preview":"max-video-preview:-1"},"canonical":"https:\/\/www.anovapeneira.gal\/index.php\/2023\/08\/07\/chegou-o-veran-chegaron-as-listas-de-agarda-a-marin\/","og_locale":"gl_ES","og_type":"article","og_title":"Chegou o ver\u00e1n, chegaron as listas de agarda a Mar\u00edn -","og_description":"Chegou o ver\u00e1n, e como non pod\u00eda ser doutro xeito as listas de agarda para ter unha cita co m\u00e9dico de cabeceira tam\u00e9n est\u00e1n aqu\u00ed","og_url":"https:\/\/www.anovapeneira.gal\/index.php\/2023\/08\/07\/chegou-o-veran-chegaron-as-listas-de-agarda-a-marin\/","article_publisher":"https:\/\/www.facebook.com\/anovapeneira","article_published_time":"2023-08-07T08:00:58+00:00","og_image":[{"width":720,"height":473,"url":"https:\/\/www.anovapeneira.gal\/wp-content\/uploads\/2019\/07\/ARTIGO_DE_OPINION_A_NOVA_PENEIRA.jpg","type":"image\/jpeg"}],"author":"Pedro M. Cortegoso Gago","twitter_card":"summary_large_image","twitter_image":"https:\/\/www.anovapeneira.gal\/wp-content\/uploads\/2019\/07\/ARTIGO_DE_OPINION_A_NOVA_PENEIRA.jpg","twitter_creator":"@APeneira","twitter_site":"@APeneira","twitter_misc":{"Escrito por":"Pedro M. Cortegoso Gago","Tempo de lectura":"3 minutos"},"schema":{"@context":"https:\/\/schema.org","@graph":[{"@type":"Article","@id":"https:\/\/www.anovapeneira.gal\/index.php\/2023\/08\/07\/chegou-o-veran-chegaron-as-listas-de-agarda-a-marin\/#article","isPartOf":{"@id":"https:\/\/www.anovapeneira.gal\/index.php\/2023\/08\/07\/chegou-o-veran-chegaron-as-listas-de-agarda-a-marin\/"},"author":{"name":"Pedro M. Cortegoso Gago","@id":"https:\/\/www.anovapeneira.gal\/#\/schema\/person\/c04a9c9f722c9446e71ae434c0353337"},"headline":"Chegou o ver\u00e1n, chegaron as listas de agarda a Mar\u00edn","datePublished":"2023-08-07T08:00:58+00:00","mainEntityOfPage":{"@id":"https:\/\/www.anovapeneira.gal\/index.php\/2023\/08\/07\/chegou-o-veran-chegaron-as-listas-de-agarda-a-marin\/"},"wordCount":500,"commentCount":0,"publisher":{"@id":"https:\/\/www.anovapeneira.gal\/#organization"},"image":{"@id":"https:\/\/www.anovapeneira.gal\/index.php\/2023\/08\/07\/chegou-o-veran-chegaron-as-listas-de-agarda-a-marin\/#primaryimage"},"thumbnailUrl":"https:\/\/www.anovapeneira.gal\/wp-content\/uploads\/2019\/07\/ARTIGO_DE_OPINION_A_NOVA_PENEIRA.jpg","keywords":["Concello de Mar\u00edn"],"articleSection":["Artigos de opini\u00f3n"],"inLanguage":"gl-ES","potentialAction":[{"@type":"CommentAction","name":"Comment","target":["https:\/\/www.anovapeneira.gal\/index.php\/2023\/08\/07\/chegou-o-veran-chegaron-as-listas-de-agarda-a-marin\/#respond"]}]},{"@type":"WebPage","@id":"https:\/\/www.anovapeneira.gal\/index.php\/2023\/08\/07\/chegou-o-veran-chegaron-as-listas-de-agarda-a-marin\/","url":"https:\/\/www.anovapeneira.gal\/index.php\/2023\/08\/07\/chegou-o-veran-chegaron-as-listas-de-agarda-a-marin\/","name":"Chegou o ver\u00e1n, chegaron as listas de agarda a Mar\u00edn -","isPartOf":{"@id":"https:\/\/www.anovapeneira.gal\/#website"},"primaryImageOfPage":{"@id":"https:\/\/www.anovapeneira.gal\/index.php\/2023\/08\/07\/chegou-o-veran-chegaron-as-listas-de-agarda-a-marin\/#primaryimage"},"image":{"@id":"https:\/\/www.anovapeneira.gal\/index.php\/2023\/08\/07\/chegou-o-veran-chegaron-as-listas-de-agarda-a-marin\/#primaryimage"},"thumbnailUrl":"https:\/\/www.anovapeneira.gal\/wp-content\/uploads\/2019\/07\/ARTIGO_DE_OPINION_A_NOVA_PENEIRA.jpg","datePublished":"2023-08-07T08:00:58+00:00","description":"Chegou o ver\u00e1n, e como non pod\u00eda ser doutro xeito as listas de agarda para ter unha cita co m\u00e9dico de cabeceira tam\u00e9n est\u00e1n aqu\u00ed","breadcrumb":{"@id":"https:\/\/www.anovapeneira.gal\/index.php\/2023\/08\/07\/chegou-o-veran-chegaron-as-listas-de-agarda-a-marin\/#breadcrumb"},"inLanguage":"gl-ES","potentialAction":[{"@type":"ReadAction","target":["https:\/\/www.anovapeneira.gal\/index.php\/2023\/08\/07\/chegou-o-veran-chegaron-as-listas-de-agarda-a-marin\/"]}]},{"@type":"ImageObject","inLanguage":"gl-ES","@id":"https:\/\/www.anovapeneira.gal\/index.php\/2023\/08\/07\/chegou-o-veran-chegaron-as-listas-de-agarda-a-marin\/#primaryimage","url":"https:\/\/www.anovapeneira.gal\/wp-content\/uploads\/2019\/07\/ARTIGO_DE_OPINION_A_NOVA_PENEIRA.jpg","contentUrl":"https:\/\/www.anovapeneira.gal\/wp-content\/uploads\/2019\/07\/ARTIGO_DE_OPINION_A_NOVA_PENEIRA.jpg","width":720,"height":473,"caption":"Artigo de opini\u00f3n A Nova Peneira"},{"@type":"BreadcrumbList","@id":"https:\/\/www.anovapeneira.gal\/index.php\/2023\/08\/07\/chegou-o-veran-chegaron-as-listas-de-agarda-a-marin\/#breadcrumb","itemListElement":[{"@type":"ListItem","position":1,"name":"Portada","item":"https:\/\/www.anovapeneira.gal\/"},{"@type":"ListItem","position":2,"name":"Chegou o ver\u00e1n, chegaron as listas de agarda a Mar\u00edn"}]},{"@type":"WebSite","@id":"https:\/\/www.anovapeneira.gal\/#website","url":"https:\/\/www.anovapeneira.gal\/","name":"","description":"Xornal galego de informaci\u00f3n xeral Publicaci\u00f3n mensual de novas de Galicia e en especial dos Concellos da sur da provincia de Pontevedra.","publisher":{"@id":"https:\/\/www.anovapeneira.gal\/#organization"},"potentialAction":[{"@type":"SearchAction","target":{"@type":"EntryPoint","urlTemplate":"https:\/\/www.anovapeneira.gal\/?s={search_term_string}"},"query-input":{"@type":"PropertyValueSpecification","valueRequired":true,"valueName":"search_term_string"}}],"inLanguage":"gl-ES"},{"@type":"Organization","@id":"https:\/\/www.anovapeneira.gal\/#organization","name":"A Nova Peneira","url":"https:\/\/www.anovapeneira.gal\/","logo":{"@type":"ImageObject","inLanguage":"gl-ES","@id":"https:\/\/www.anovapeneira.gal\/#\/schema\/logo\/image\/","url":"http:\/\/www.anovapeneira.gal\/wp-content\/uploads\/2019\/06\/logo_a_nova_peneira_portal_web.png","contentUrl":"http:\/\/www.anovapeneira.gal\/wp-content\/uploads\/2019\/06\/logo_a_nova_peneira_portal_web.png","width":300,"height":100,"caption":"A Nova Peneira"},"image":{"@id":"https:\/\/www.anovapeneira.gal\/#\/schema\/logo\/image\/"},"sameAs":["https:\/\/www.facebook.com\/anovapeneira","https:\/\/x.com\/APeneira"]},{"@type":"Person","@id":"https:\/\/www.anovapeneira.gal\/#\/schema\/person\/c04a9c9f722c9446e71ae434c0353337","name":"Pedro M. Cortegoso Gago","image":{"@type":"ImageObject","inLanguage":"gl-ES","@id":"https:\/\/secure.gravatar.com\/avatar\/1613b27278a972c04db5c2f04fb2cbfa9edb58d6c3e2547817ecb8240eb58381?s=96&d=mm&r=g","url":"https:\/\/secure.gravatar.com\/avatar\/1613b27278a972c04db5c2f04fb2cbfa9edb58d6c3e2547817ecb8240eb58381?s=96&d=mm&r=g","contentUrl":"https:\/\/secure.gravatar.com\/avatar\/1613b27278a972c04db5c2f04fb2cbfa9edb58d6c3e2547817ecb8240eb58381?s=96&d=mm&r=g","caption":"Pedro M. Cortegoso Gago"},"sameAs":["http:\/\/anovapeneira.gal"],"url":"https:\/\/www.anovapeneira.gal\/index.php\/author\/opinionpcortegoso\/"}]}},"jetpack_featured_media_url":"https:\/\/www.anovapeneira.gal\/wp-content\/uploads\/2019\/07\/ARTIGO_DE_OPINION_A_NOVA_PENEIRA.jpg","_links":{"self":[{"href":"https:\/\/www.anovapeneira.gal\/index.php\/wp-json\/wp\/v2\/posts\/10224","targetHints":{"allow":["GET"]}}],"collection":[{"href":"https:\/\/www.anovapeneira.gal\/index.php\/wp-json\/wp\/v2\/posts"}],"about":[{"href":"https:\/\/www.anovapeneira.gal\/index.php\/wp-json\/wp\/v2\/types\/post"}],"author":[{"embeddable":true,"href":"https:\/\/www.anovapeneira.gal\/index.php\/wp-json\/wp\/v2\/users\/4"}],"replies":[{"embeddable":true,"href":"https:\/\/www.anovapeneira.gal\/index.php\/wp-json\/wp\/v2\/comments?post=10224"}],"version-history":[{"count":2,"href":"https:\/\/www.anovapeneira.gal\/index.php\/wp-json\/wp\/v2\/posts\/10224\/revisions"}],"predecessor-version":[{"id":10226,"href":"https:\/\/www.anovapeneira.gal\/index.php\/wp-json\/wp\/v2\/posts\/10224\/revisions\/10226"}],"wp:featuredmedia":[{"embeddable":true,"href":"https:\/\/www.anovapeneira.gal\/index.php\/wp-json\/wp\/v2\/media\/584"}],"wp:attachment":[{"href":"https:\/\/www.anovapeneira.gal\/index.php\/wp-json\/wp\/v2\/media?parent=10224"}],"wp:term":[{"taxonomy":"category","embeddable":true,"href":"https:\/\/www.anovapeneira.gal\/index.php\/wp-json\/wp\/v2\/categories?post=10224"},{"taxonomy":"post_tag","embeddable":true,"href":"https:\/\/www.anovapeneira.gal\/index.php\/wp-json\/wp\/v2\/tags?post=10224"}],"curies":[{"name":"wp","href":"https:\/\/api.w.org\/{rel}","templated":true}]}}