{"id":10230,"date":"2023-08-08T10:00:58","date_gmt":"2023-08-08T08:00:58","guid":{"rendered":"https:\/\/www.anovapeneira.gal\/?p=10230"},"modified":"2023-08-08T12:17:31","modified_gmt":"2023-08-08T10:17:31","slug":"tomino-pon-a-punto-os-parques-infantis-para-o-veran","status":"publish","type":"post","link":"https:\/\/www.anovapeneira.gal\/index.php\/2023\/08\/08\/tomino-pon-a-punto-os-parques-infantis-para-o-veran\/","title":{"rendered":"Tomi\u00f1o pon a punto os parques infant\u00eds para o ver\u00e1n"},"content":{"rendered":"\n<h2 class=\"wp-block-heading\"><strong>Cunha inversi\u00f3n total superior aos 380.000 euros, foron constru\u00eddos dous novos parques e outros doce foron renovados ou mellorados<\/strong><\/h2>\n\n\n\n<p><strong>Tomi\u00f1o, 3 de agosto de 2023<\/strong><\/p>\n\n\n\n<p>O Concello de Tomi\u00f1o pon a punto os parques infant\u00eds do municipio tras finalizar diversas obras de construci\u00f3n e mellora, cunha inversi\u00f3n total que superou os 380.000 euros. Estas actuaci\u00f3ns te\u00f1en como obxectivo facer dos parques espazos m\u00e1is inclusivos, pensados para nenos e nenas con todo tipo de capacidades, e que conviden ao xogo en grupo.<\/p>\n\n\n\n<p>Son dous os novos parques que foron constru\u00eddos, o parque do Campo da Feira e o de Goi\u00e1n. O parque de Goi\u00e1n foi financiado polo Plan Concellos da Deputaci\u00f3n de Pontevedra. Ambos espazos foron realizados por petici\u00f3n expresa do Consello da Infancia e da Adolescencia de Tomi\u00f1o e en colaboraci\u00f3n con el.<\/p>\n\n\n\n<p>No caso do Campo da Feira, conta cun espazo verde e de descanso no que se realizou unha reordenaci\u00f3n do espazo e coloc\u00e1ronse novos elementos de xogo, potenci\u00e1ronse os espazos de sombra que achega a vexetaci\u00f3n existente e renov\u00e1ronse o mobiliario urbano e mais as luminarias.<\/p>\n\n\n\n<p>Pola s\u00faa banda, o parque da Praza da Mina, no Seixo, foi totalmente renovado, acondicion\u00e1ndose para que os m\u00e1is pequenos, inclu\u00edndo beb\u00e9s, poidan xogar nel, con chan acolchado e xogos inclusivos. Desde que remataron os traballos de mellora, todos os eventos ao aire libre que organiza o Concello para p\u00fablico infantil real\u00edzanse neste parque da Praza da Mina, que se converteu nun espazo moi acolledor.<\/p>\n\n\n\n<p>En canto \u00e1s diferentes parroquias do municipio, no Parque de Cristelos tam\u00e9n se realizaron obras completas de renovaci\u00f3n. Entre os elementos de xogo colocados neste parque, destacan a tirolina, a excavadora e a pir\u00e1mide de cordas.<\/p>\n\n\n\n<p>No parque de Pinz\u00e1s, levouse a cabo unha acci\u00f3n de mantemento integral, mentres que se realizaron outro traballos no resto de espazos, dentro do Plan de Mellora dos Parques Infant\u00eds. En concreto, actuouse nos parques de Vilach\u00e1n, Cotro, Carregal, Taborda, Vilach\u00e1n do Monte, Fontenova e Cruceiros en Forcadela, e G\u00e1ndara, en Sobrada, entre outros. Con estas acci\u00f3ns, boa parte dos parques infant\u00eds do municipio foron mellorados ou renovados.<\/p>\n\n\n\n<p>O Concello emprendeu ademais, coa Polic\u00eda Local, unha acci\u00f3n conxunta para manter os parques limpos de defecaci\u00f3ns de cans e mais de cabichas, colocando carteler\u00eda na contorna de cada un deles. A finalidade \u00e9 que a cidadan\u00eda entenda que son espazos de especial protecci\u00f3n e os respecte como tales, especialmente as \u00e1reas de c\u00e9spede artificial, que son utilizadas diariamente por beb\u00e9s, nenos e nenas para quen o chan \u00e9 tam\u00e9n un espazo de xogo.<\/p>\n","protected":false},"excerpt":{"rendered":"<div class=\"mh-excerpt\"><p>Cunha inversi\u00f3n total superior aos 380.000 euros, foron constru\u00eddos dous novos parques e outros doce foron renovados ou mellorados <a class=\"mh-excerpt-more\" href=\"https:\/\/www.anovapeneira.gal\/index.php\/2023\/08\/08\/tomino-pon-a-punto-os-parques-infantis-para-o-veran\/\" title=\"Tomi\u00f1o pon a punto os parques infant\u00eds para o ver\u00e1n\">[&#8230;]<\/a><\/p>\n<\/div>","protected":false},"author":3,"featured_media":1336,"comment_status":"open","ping_status":"open","sticky":false,"template":"","format":"standard","meta":{"_exactmetrics_skip_tracking":false,"_exactmetrics_sitenote_active":false,"_exactmetrics_sitenote_note":"","_exactmetrics_sitenote_category":0,"footnotes":""},"categories":[21],"tags":[81],"class_list":{"0":"post-10230","1":"post","2":"type-post","3":"status-publish","4":"format-standard","5":"has-post-thumbnail","7":"category-baixo-mino","8":"tag-concello-de-tomino"},"yoast_head":"<!-- This site is optimized with the Yoast SEO plugin v27.4 - https:\/\/yoast.com\/product\/yoast-seo-wordpress\/ -->\n<title>Tomi\u00f1o pon a punto os parques infant\u00eds para o ver\u00e1n -<\/title>\n<meta name=\"description\" content=\"Cunha inversi\u00f3n total superior aos 380.000 euros, foron constru\u00eddos dous novos parques e outros doce foron renovados ou mellorados\" \/>\n<meta name=\"robots\" content=\"index, follow, max-snippet:-1, max-image-preview:large, max-video-preview:-1\" \/>\n<link rel=\"canonical\" href=\"https:\/\/www.anovapeneira.gal\/index.php\/2023\/08\/08\/tomino-pon-a-punto-os-parques-infantis-para-o-veran\/\" \/>\n<meta property=\"og:locale\" content=\"gl_ES\" \/>\n<meta property=\"og:type\" content=\"article\" \/>\n<meta property=\"og:title\" content=\"Tomi\u00f1o pon a punto os parques infant\u00eds para o ver\u00e1n -\" \/>\n<meta property=\"og:description\" content=\"Cunha inversi\u00f3n total superior aos 380.000 euros, foron constru\u00eddos dous novos parques e outros doce foron renovados ou mellorados\" \/>\n<meta property=\"og:url\" content=\"https:\/\/www.anovapeneira.gal\/index.php\/2023\/08\/08\/tomino-pon-a-punto-os-parques-infantis-para-o-veran\/\" \/>\n<meta property=\"article:publisher\" content=\"https:\/\/www.facebook.com\/anovapeneira\" \/>\n<meta property=\"article:published_time\" content=\"2023-08-08T08:00:58+00:00\" \/>\n<meta property=\"article:modified_time\" content=\"2023-08-08T10:17:31+00:00\" \/>\n<meta property=\"og:image\" content=\"https:\/\/www.anovapeneira.gal\/wp-content\/uploads\/2019\/09\/concello_De_tominho_a_nova_peneria.jpg\" \/>\n\t<meta property=\"og:image:width\" content=\"720\" \/>\n\t<meta property=\"og:image:height\" content=\"473\" \/>\n\t<meta property=\"og:image:type\" content=\"image\/jpeg\" \/>\n<meta name=\"author\" content=\"Redacci\u00f3n A Nova Peneira\" \/>\n<meta name=\"twitter:card\" content=\"summary_large_image\" \/>\n<meta name=\"twitter:creator\" content=\"@APeneira\" \/>\n<meta name=\"twitter:site\" content=\"@APeneira\" \/>\n<meta name=\"twitter:label1\" content=\"Escrito por\" \/>\n\t<meta name=\"twitter:data1\" content=\"Redacci\u00f3n A Nova Peneira\" \/>\n\t<meta name=\"twitter:label2\" content=\"Tempo de lectura\" \/>\n\t<meta name=\"twitter:data2\" content=\"3 minutos\" \/>\n<script type=\"application\/ld+json\" class=\"yoast-schema-graph\">{\"@context\":\"https:\\\/\\\/schema.org\",\"@graph\":[{\"@type\":\"Article\",\"@id\":\"https:\\\/\\\/www.anovapeneira.gal\\\/index.php\\\/2023\\\/08\\\/08\\\/tomino-pon-a-punto-os-parques-infantis-para-o-veran\\\/#article\",\"isPartOf\":{\"@id\":\"https:\\\/\\\/www.anovapeneira.gal\\\/index.php\\\/2023\\\/08\\\/08\\\/tomino-pon-a-punto-os-parques-infantis-para-o-veran\\\/\"},\"author\":{\"name\":\"Redacci\u00f3n A Nova Peneira\",\"@id\":\"https:\\\/\\\/www.anovapeneira.gal\\\/#\\\/schema\\\/person\\\/b93e3f8932e3f8da96334607eb6ac6aa\"},\"headline\":\"Tomi\u00f1o pon a punto os parques infant\u00eds para o ver\u00e1n\",\"datePublished\":\"2023-08-08T08:00:58+00:00\",\"dateModified\":\"2023-08-08T10:17:31+00:00\",\"mainEntityOfPage\":{\"@id\":\"https:\\\/\\\/www.anovapeneira.gal\\\/index.php\\\/2023\\\/08\\\/08\\\/tomino-pon-a-punto-os-parques-infantis-para-o-veran\\\/\"},\"wordCount\":478,\"commentCount\":0,\"publisher\":{\"@id\":\"https:\\\/\\\/www.anovapeneira.gal\\\/#organization\"},\"image\":{\"@id\":\"https:\\\/\\\/www.anovapeneira.gal\\\/index.php\\\/2023\\\/08\\\/08\\\/tomino-pon-a-punto-os-parques-infantis-para-o-veran\\\/#primaryimage\"},\"thumbnailUrl\":\"https:\\\/\\\/www.anovapeneira.gal\\\/wp-content\\\/uploads\\\/2019\\\/09\\\/concello_De_tominho_a_nova_peneria.jpg\",\"keywords\":[\"Concello de Tomi\u00f1o\"],\"articleSection\":[\"Baixo Mi\u00f1o\"],\"inLanguage\":\"gl-ES\",\"potentialAction\":[{\"@type\":\"CommentAction\",\"name\":\"Comment\",\"target\":[\"https:\\\/\\\/www.anovapeneira.gal\\\/index.php\\\/2023\\\/08\\\/08\\\/tomino-pon-a-punto-os-parques-infantis-para-o-veran\\\/#respond\"]}]},{\"@type\":\"WebPage\",\"@id\":\"https:\\\/\\\/www.anovapeneira.gal\\\/index.php\\\/2023\\\/08\\\/08\\\/tomino-pon-a-punto-os-parques-infantis-para-o-veran\\\/\",\"url\":\"https:\\\/\\\/www.anovapeneira.gal\\\/index.php\\\/2023\\\/08\\\/08\\\/tomino-pon-a-punto-os-parques-infantis-para-o-veran\\\/\",\"name\":\"Tomi\u00f1o pon a punto os parques infant\u00eds para o ver\u00e1n -\",\"isPartOf\":{\"@id\":\"https:\\\/\\\/www.anovapeneira.gal\\\/#website\"},\"primaryImageOfPage\":{\"@id\":\"https:\\\/\\\/www.anovapeneira.gal\\\/index.php\\\/2023\\\/08\\\/08\\\/tomino-pon-a-punto-os-parques-infantis-para-o-veran\\\/#primaryimage\"},\"image\":{\"@id\":\"https:\\\/\\\/www.anovapeneira.gal\\\/index.php\\\/2023\\\/08\\\/08\\\/tomino-pon-a-punto-os-parques-infantis-para-o-veran\\\/#primaryimage\"},\"thumbnailUrl\":\"https:\\\/\\\/www.anovapeneira.gal\\\/wp-content\\\/uploads\\\/2019\\\/09\\\/concello_De_tominho_a_nova_peneria.jpg\",\"datePublished\":\"2023-08-08T08:00:58+00:00\",\"dateModified\":\"2023-08-08T10:17:31+00:00\",\"description\":\"Cunha inversi\u00f3n total superior aos 380.000 euros, foron constru\u00eddos dous novos parques e outros doce foron renovados ou mellorados\",\"breadcrumb\":{\"@id\":\"https:\\\/\\\/www.anovapeneira.gal\\\/index.php\\\/2023\\\/08\\\/08\\\/tomino-pon-a-punto-os-parques-infantis-para-o-veran\\\/#breadcrumb\"},\"inLanguage\":\"gl-ES\",\"potentialAction\":[{\"@type\":\"ReadAction\",\"target\":[\"https:\\\/\\\/www.anovapeneira.gal\\\/index.php\\\/2023\\\/08\\\/08\\\/tomino-pon-a-punto-os-parques-infantis-para-o-veran\\\/\"]}]},{\"@type\":\"ImageObject\",\"inLanguage\":\"gl-ES\",\"@id\":\"https:\\\/\\\/www.anovapeneira.gal\\\/index.php\\\/2023\\\/08\\\/08\\\/tomino-pon-a-punto-os-parques-infantis-para-o-veran\\\/#primaryimage\",\"url\":\"https:\\\/\\\/www.anovapeneira.gal\\\/wp-content\\\/uploads\\\/2019\\\/09\\\/concello_De_tominho_a_nova_peneria.jpg\",\"contentUrl\":\"https:\\\/\\\/www.anovapeneira.gal\\\/wp-content\\\/uploads\\\/2019\\\/09\\\/concello_De_tominho_a_nova_peneria.jpg\",\"width\":720,\"height\":473,\"caption\":\"Concello de Tomi\u00f1o A Nova Peneira\"},{\"@type\":\"BreadcrumbList\",\"@id\":\"https:\\\/\\\/www.anovapeneira.gal\\\/index.php\\\/2023\\\/08\\\/08\\\/tomino-pon-a-punto-os-parques-infantis-para-o-veran\\\/#breadcrumb\",\"itemListElement\":[{\"@type\":\"ListItem\",\"position\":1,\"name\":\"Portada\",\"item\":\"https:\\\/\\\/www.anovapeneira.gal\\\/\"},{\"@type\":\"ListItem\",\"position\":2,\"name\":\"Tomi\u00f1o pon a punto os parques infant\u00eds para o ver\u00e1n\"}]},{\"@type\":\"WebSite\",\"@id\":\"https:\\\/\\\/www.anovapeneira.gal\\\/#website\",\"url\":\"https:\\\/\\\/www.anovapeneira.gal\\\/\",\"name\":\"\",\"description\":\"Xornal galego de informaci\u00f3n xeral Publicaci\u00f3n mensual de novas de Galicia e en especial dos Concellos da sur da provincia de Pontevedra.\",\"publisher\":{\"@id\":\"https:\\\/\\\/www.anovapeneira.gal\\\/#organization\"},\"potentialAction\":[{\"@type\":\"SearchAction\",\"target\":{\"@type\":\"EntryPoint\",\"urlTemplate\":\"https:\\\/\\\/www.anovapeneira.gal\\\/?s={search_term_string}\"},\"query-input\":{\"@type\":\"PropertyValueSpecification\",\"valueRequired\":true,\"valueName\":\"search_term_string\"}}],\"inLanguage\":\"gl-ES\"},{\"@type\":\"Organization\",\"@id\":\"https:\\\/\\\/www.anovapeneira.gal\\\/#organization\",\"name\":\"A Nova Peneira\",\"url\":\"https:\\\/\\\/www.anovapeneira.gal\\\/\",\"logo\":{\"@type\":\"ImageObject\",\"inLanguage\":\"gl-ES\",\"@id\":\"https:\\\/\\\/www.anovapeneira.gal\\\/#\\\/schema\\\/logo\\\/image\\\/\",\"url\":\"http:\\\/\\\/www.anovapeneira.gal\\\/wp-content\\\/uploads\\\/2019\\\/06\\\/logo_a_nova_peneira_portal_web.png\",\"contentUrl\":\"http:\\\/\\\/www.anovapeneira.gal\\\/wp-content\\\/uploads\\\/2019\\\/06\\\/logo_a_nova_peneira_portal_web.png\",\"width\":300,\"height\":100,\"caption\":\"A Nova Peneira\"},\"image\":{\"@id\":\"https:\\\/\\\/www.anovapeneira.gal\\\/#\\\/schema\\\/logo\\\/image\\\/\"},\"sameAs\":[\"https:\\\/\\\/www.facebook.com\\\/anovapeneira\",\"https:\\\/\\\/x.com\\\/APeneira\"]},{\"@type\":\"Person\",\"@id\":\"https:\\\/\\\/www.anovapeneira.gal\\\/#\\\/schema\\\/person\\\/b93e3f8932e3f8da96334607eb6ac6aa\",\"name\":\"Redacci\u00f3n A Nova Peneira\",\"image\":{\"@type\":\"ImageObject\",\"inLanguage\":\"gl-ES\",\"@id\":\"https:\\\/\\\/secure.gravatar.com\\\/avatar\\\/c052a2551a06e23fac63626232eaa90abd78dbcf1700fc46a2b2c89fd27b735f?s=96&d=mm&r=g\",\"url\":\"https:\\\/\\\/secure.gravatar.com\\\/avatar\\\/c052a2551a06e23fac63626232eaa90abd78dbcf1700fc46a2b2c89fd27b735f?s=96&d=mm&r=g\",\"contentUrl\":\"https:\\\/\\\/secure.gravatar.com\\\/avatar\\\/c052a2551a06e23fac63626232eaa90abd78dbcf1700fc46a2b2c89fd27b735f?s=96&d=mm&r=g\",\"caption\":\"Redacci\u00f3n A Nova Peneira\"},\"sameAs\":[\"http:\\\/\\\/www.anovapeneira.gal\\\/\"],\"url\":\"https:\\\/\\\/www.anovapeneira.gal\\\/index.php\\\/author\\\/redactor\\\/\"}]}<\/script>\n<!-- \/ Yoast SEO plugin. -->","yoast_head_json":{"title":"Tomi\u00f1o pon a punto os parques infant\u00eds para o ver\u00e1n -","description":"Cunha inversi\u00f3n total superior aos 380.000 euros, foron constru\u00eddos dous novos parques e outros doce foron renovados ou mellorados","robots":{"index":"index","follow":"follow","max-snippet":"max-snippet:-1","max-image-preview":"max-image-preview:large","max-video-preview":"max-video-preview:-1"},"canonical":"https:\/\/www.anovapeneira.gal\/index.php\/2023\/08\/08\/tomino-pon-a-punto-os-parques-infantis-para-o-veran\/","og_locale":"gl_ES","og_type":"article","og_title":"Tomi\u00f1o pon a punto os parques infant\u00eds para o ver\u00e1n -","og_description":"Cunha inversi\u00f3n total superior aos 380.000 euros, foron constru\u00eddos dous novos parques e outros doce foron renovados ou mellorados","og_url":"https:\/\/www.anovapeneira.gal\/index.php\/2023\/08\/08\/tomino-pon-a-punto-os-parques-infantis-para-o-veran\/","article_publisher":"https:\/\/www.facebook.com\/anovapeneira","article_published_time":"2023-08-08T08:00:58+00:00","article_modified_time":"2023-08-08T10:17:31+00:00","og_image":[{"width":720,"height":473,"url":"https:\/\/www.anovapeneira.gal\/wp-content\/uploads\/2019\/09\/concello_De_tominho_a_nova_peneria.jpg","type":"image\/jpeg"}],"author":"Redacci\u00f3n A Nova Peneira","twitter_card":"summary_large_image","twitter_creator":"@APeneira","twitter_site":"@APeneira","twitter_misc":{"Escrito por":"Redacci\u00f3n A Nova Peneira","Tempo de lectura":"3 minutos"},"schema":{"@context":"https:\/\/schema.org","@graph":[{"@type":"Article","@id":"https:\/\/www.anovapeneira.gal\/index.php\/2023\/08\/08\/tomino-pon-a-punto-os-parques-infantis-para-o-veran\/#article","isPartOf":{"@id":"https:\/\/www.anovapeneira.gal\/index.php\/2023\/08\/08\/tomino-pon-a-punto-os-parques-infantis-para-o-veran\/"},"author":{"name":"Redacci\u00f3n A Nova Peneira","@id":"https:\/\/www.anovapeneira.gal\/#\/schema\/person\/b93e3f8932e3f8da96334607eb6ac6aa"},"headline":"Tomi\u00f1o pon a punto os parques infant\u00eds para o ver\u00e1n","datePublished":"2023-08-08T08:00:58+00:00","dateModified":"2023-08-08T10:17:31+00:00","mainEntityOfPage":{"@id":"https:\/\/www.anovapeneira.gal\/index.php\/2023\/08\/08\/tomino-pon-a-punto-os-parques-infantis-para-o-veran\/"},"wordCount":478,"commentCount":0,"publisher":{"@id":"https:\/\/www.anovapeneira.gal\/#organization"},"image":{"@id":"https:\/\/www.anovapeneira.gal\/index.php\/2023\/08\/08\/tomino-pon-a-punto-os-parques-infantis-para-o-veran\/#primaryimage"},"thumbnailUrl":"https:\/\/www.anovapeneira.gal\/wp-content\/uploads\/2019\/09\/concello_De_tominho_a_nova_peneria.jpg","keywords":["Concello de Tomi\u00f1o"],"articleSection":["Baixo Mi\u00f1o"],"inLanguage":"gl-ES","potentialAction":[{"@type":"CommentAction","name":"Comment","target":["https:\/\/www.anovapeneira.gal\/index.php\/2023\/08\/08\/tomino-pon-a-punto-os-parques-infantis-para-o-veran\/#respond"]}]},{"@type":"WebPage","@id":"https:\/\/www.anovapeneira.gal\/index.php\/2023\/08\/08\/tomino-pon-a-punto-os-parques-infantis-para-o-veran\/","url":"https:\/\/www.anovapeneira.gal\/index.php\/2023\/08\/08\/tomino-pon-a-punto-os-parques-infantis-para-o-veran\/","name":"Tomi\u00f1o pon a punto os parques infant\u00eds para o ver\u00e1n -","isPartOf":{"@id":"https:\/\/www.anovapeneira.gal\/#website"},"primaryImageOfPage":{"@id":"https:\/\/www.anovapeneira.gal\/index.php\/2023\/08\/08\/tomino-pon-a-punto-os-parques-infantis-para-o-veran\/#primaryimage"},"image":{"@id":"https:\/\/www.anovapeneira.gal\/index.php\/2023\/08\/08\/tomino-pon-a-punto-os-parques-infantis-para-o-veran\/#primaryimage"},"thumbnailUrl":"https:\/\/www.anovapeneira.gal\/wp-content\/uploads\/2019\/09\/concello_De_tominho_a_nova_peneria.jpg","datePublished":"2023-08-08T08:00:58+00:00","dateModified":"2023-08-08T10:17:31+00:00","description":"Cunha inversi\u00f3n total superior aos 380.000 euros, foron constru\u00eddos dous novos parques e outros doce foron renovados ou mellorados","breadcrumb":{"@id":"https:\/\/www.anovapeneira.gal\/index.php\/2023\/08\/08\/tomino-pon-a-punto-os-parques-infantis-para-o-veran\/#breadcrumb"},"inLanguage":"gl-ES","potentialAction":[{"@type":"ReadAction","target":["https:\/\/www.anovapeneira.gal\/index.php\/2023\/08\/08\/tomino-pon-a-punto-os-parques-infantis-para-o-veran\/"]}]},{"@type":"ImageObject","inLanguage":"gl-ES","@id":"https:\/\/www.anovapeneira.gal\/index.php\/2023\/08\/08\/tomino-pon-a-punto-os-parques-infantis-para-o-veran\/#primaryimage","url":"https:\/\/www.anovapeneira.gal\/wp-content\/uploads\/2019\/09\/concello_De_tominho_a_nova_peneria.jpg","contentUrl":"https:\/\/www.anovapeneira.gal\/wp-content\/uploads\/2019\/09\/concello_De_tominho_a_nova_peneria.jpg","width":720,"height":473,"caption":"Concello de Tomi\u00f1o A Nova Peneira"},{"@type":"BreadcrumbList","@id":"https:\/\/www.anovapeneira.gal\/index.php\/2023\/08\/08\/tomino-pon-a-punto-os-parques-infantis-para-o-veran\/#breadcrumb","itemListElement":[{"@type":"ListItem","position":1,"name":"Portada","item":"https:\/\/www.anovapeneira.gal\/"},{"@type":"ListItem","position":2,"name":"Tomi\u00f1o pon a punto os parques infant\u00eds para o ver\u00e1n"}]},{"@type":"WebSite","@id":"https:\/\/www.anovapeneira.gal\/#website","url":"https:\/\/www.anovapeneira.gal\/","name":"","description":"Xornal galego de informaci\u00f3n xeral Publicaci\u00f3n mensual de novas de Galicia e en especial dos Concellos da sur da provincia de Pontevedra.","publisher":{"@id":"https:\/\/www.anovapeneira.gal\/#organization"},"potentialAction":[{"@type":"SearchAction","target":{"@type":"EntryPoint","urlTemplate":"https:\/\/www.anovapeneira.gal\/?s={search_term_string}"},"query-input":{"@type":"PropertyValueSpecification","valueRequired":true,"valueName":"search_term_string"}}],"inLanguage":"gl-ES"},{"@type":"Organization","@id":"https:\/\/www.anovapeneira.gal\/#organization","name":"A Nova Peneira","url":"https:\/\/www.anovapeneira.gal\/","logo":{"@type":"ImageObject","inLanguage":"gl-ES","@id":"https:\/\/www.anovapeneira.gal\/#\/schema\/logo\/image\/","url":"http:\/\/www.anovapeneira.gal\/wp-content\/uploads\/2019\/06\/logo_a_nova_peneira_portal_web.png","contentUrl":"http:\/\/www.anovapeneira.gal\/wp-content\/uploads\/2019\/06\/logo_a_nova_peneira_portal_web.png","width":300,"height":100,"caption":"A Nova Peneira"},"image":{"@id":"https:\/\/www.anovapeneira.gal\/#\/schema\/logo\/image\/"},"sameAs":["https:\/\/www.facebook.com\/anovapeneira","https:\/\/x.com\/APeneira"]},{"@type":"Person","@id":"https:\/\/www.anovapeneira.gal\/#\/schema\/person\/b93e3f8932e3f8da96334607eb6ac6aa","name":"Redacci\u00f3n A Nova Peneira","image":{"@type":"ImageObject","inLanguage":"gl-ES","@id":"https:\/\/secure.gravatar.com\/avatar\/c052a2551a06e23fac63626232eaa90abd78dbcf1700fc46a2b2c89fd27b735f?s=96&d=mm&r=g","url":"https:\/\/secure.gravatar.com\/avatar\/c052a2551a06e23fac63626232eaa90abd78dbcf1700fc46a2b2c89fd27b735f?s=96&d=mm&r=g","contentUrl":"https:\/\/secure.gravatar.com\/avatar\/c052a2551a06e23fac63626232eaa90abd78dbcf1700fc46a2b2c89fd27b735f?s=96&d=mm&r=g","caption":"Redacci\u00f3n A Nova Peneira"},"sameAs":["http:\/\/www.anovapeneira.gal\/"],"url":"https:\/\/www.anovapeneira.gal\/index.php\/author\/redactor\/"}]}},"jetpack_featured_media_url":"https:\/\/www.anovapeneira.gal\/wp-content\/uploads\/2019\/09\/concello_De_tominho_a_nova_peneria.jpg","_links":{"self":[{"href":"https:\/\/www.anovapeneira.gal\/index.php\/wp-json\/wp\/v2\/posts\/10230","targetHints":{"allow":["GET"]}}],"collection":[{"href":"https:\/\/www.anovapeneira.gal\/index.php\/wp-json\/wp\/v2\/posts"}],"about":[{"href":"https:\/\/www.anovapeneira.gal\/index.php\/wp-json\/wp\/v2\/types\/post"}],"author":[{"embeddable":true,"href":"https:\/\/www.anovapeneira.gal\/index.php\/wp-json\/wp\/v2\/users\/3"}],"replies":[{"embeddable":true,"href":"https:\/\/www.anovapeneira.gal\/index.php\/wp-json\/wp\/v2\/comments?post=10230"}],"version-history":[{"count":1,"href":"https:\/\/www.anovapeneira.gal\/index.php\/wp-json\/wp\/v2\/posts\/10230\/revisions"}],"predecessor-version":[{"id":10231,"href":"https:\/\/www.anovapeneira.gal\/index.php\/wp-json\/wp\/v2\/posts\/10230\/revisions\/10231"}],"wp:featuredmedia":[{"embeddable":true,"href":"https:\/\/www.anovapeneira.gal\/index.php\/wp-json\/wp\/v2\/media\/1336"}],"wp:attachment":[{"href":"https:\/\/www.anovapeneira.gal\/index.php\/wp-json\/wp\/v2\/media?parent=10230"}],"wp:term":[{"taxonomy":"category","embeddable":true,"href":"https:\/\/www.anovapeneira.gal\/index.php\/wp-json\/wp\/v2\/categories?post=10230"},{"taxonomy":"post_tag","embeddable":true,"href":"https:\/\/www.anovapeneira.gal\/index.php\/wp-json\/wp\/v2\/tags?post=10230"}],"curies":[{"name":"wp","href":"https:\/\/api.w.org\/{rel}","templated":true}]}}