{"id":10232,"date":"2023-08-08T12:00:21","date_gmt":"2023-08-08T10:00:21","guid":{"rendered":"https:\/\/www.anovapeneira.gal\/?p=10232"},"modified":"2023-08-04T10:26:47","modified_gmt":"2023-08-04T08:26:47","slug":"manuel-caride-responsable-comarcal-do-bng-de-vigo","status":"publish","type":"post","link":"https:\/\/www.anovapeneira.gal\/index.php\/2023\/08\/08\/manuel-caride-responsable-comarcal-do-bng-de-vigo\/","title":{"rendered":"Manuel Caride, responsable comarcal do BNG de Vigo"},"content":{"rendered":"\n<p><strong>Despois de dous intensos procesos electorais acheg\u00e1monos ata o local do BNG de Vigo para conversar con Manuel Caride, o seu responsable comarcal, e co\u00f1ecer de primeira man a situaci\u00f3n do nacionalismo nas 8 localidades que na estrutura org\u00e1nica do Bng abrangue a comarca viguesa( Vigo, Redondela, Pazos, Fornelos, Mos, Baiona, Nigr\u00e1n e Gondomar). Vela\u00ed vai o que deu de si a nosa conversa<\/strong><\/p>\n\n\n\n<p>\u201c <strong>A situaci\u00f3n do nacionalismo na nosa comarca \u00e9 positiva. Seguimos en fase de crecemento e non nos pomos ning\u00fan tipo de l\u00edmite\u201d<\/strong><\/p>\n\n\n\n<p><strong>Cal \u00e9 a t\u00faa valoraci\u00f3n sobre o proceso electoral estatal que acabamos de vivir o pasado mes de xullo?<\/strong><\/p>\n\n\n\n<blockquote class=\"wp-block-quote is-layout-flow wp-block-quote-is-layout-flow\">\n<p>Os resultados do BNG na Comarca de Vigo foron positivos. Aumentamos votos en todas as localidades e nos concellos de Mos, Pazos de Borb\u00e9n e Redondela quedamos por encima da media nacional. A\u00ednda con esta suba reco\u00f1ezo que foi un pouco desilusionante non poder conseguir o escano de Pontevedra.<\/p>\n<\/blockquote>\n\n\n\n<p><strong>Como \u00e9 posible que un partido que non existe fora da realidade virtual, como Sumar, saque m\u00e1is votos que o BNG e si logre acadar ese escano en Pontevedra?<\/strong><\/p>\n\n\n\n<blockquote class=\"wp-block-quote is-layout-flow wp-block-quote-is-layout-flow\">\n<p>Isto obedece \u00e1 clave dunhas elecci\u00f3ns que estiveron moi polarizadas e moi mediatizadas na televisi\u00f3n en espazos aos que n\u00f3s tivemos moito menos acceso que as forzas estatais. N\u00f3s non tivemos a posibilidade de estar en ning\u00fan debate estatal, e no que estivemos na TVG foi emitido a unha hora intempestiva.<\/p>\n<\/blockquote>\n\n\n\n<blockquote class=\"wp-block-quote is-layout-flow wp-block-quote-is-layout-flow\">\n<p>A xente non percibiu que votar ao nacionalismo tam\u00e9n era un voto \u00fatil. Isto queda claro co deputado que conseguimos pola Coru\u00f1a, N\u00e9stor Rego, que grazas a el a axenda galega vai ter presenza. Se non estivese a\u00ed o BNG, a axenda galega quedar\u00eda f\u00f3ra desas negociaci\u00f3ns para a constituci\u00f3n do futuro goberno.<\/p>\n<\/blockquote>\n\n\n\n<p><strong>Antes das xerais foron as municipais. Cal \u00e9 a t\u00faa valoraci\u00f3n sobre o resultado do Bloque na comarca viguesa?<\/strong><\/p>\n\n\n\n<blockquote class=\"wp-block-quote is-layout-flow wp-block-quote-is-layout-flow\">\n<p>A valoraci\u00f3n xeral foi que tivemos uns resultados satisfactorios. Aumentamos a representaci\u00f3n en moitos concellos e o m\u00e1is importante \u00e9 que volvemos ter representaci\u00f3n en todas as localidades da nosa Comarca obtendo uns resultados cuantitativos importantes . Por moi poucos votos non conseguimos a segunda acta no concello de Gondomar e a cuarta no concello de Mos, e Redondela.<\/p>\n<\/blockquote>\n\n\n\n<p><strong>A concelleira de Gondomar Manuela Rodr\u00edguez ser\u00e1 a deputada provincial do Bloque polo partido xudicial de Vigo. Que agardas do seu traballo?<\/strong><\/p>\n\n\n\n<blockquote class=\"wp-block-quote is-layout-flow wp-block-quote-is-layout-flow\">\n<p>Non te\u00f1o ningunha d\u00fabida de que vai realizar un traballo soberbio. O compromiso e o nivel pol\u00edtico de Manuela est\u00e1n a un nivel superlativo.<\/p>\n<\/blockquote>\n\n\n\n<p><strong>Imos analizar agora todos os concellos que compo\u00f1en a vosa comarca . Comezamos por Vigo.<\/strong><\/p>\n\n\n\n<blockquote class=\"wp-block-quote is-layout-flow wp-block-quote-is-layout-flow\">\n<p>Valoraci\u00f3n moi boa. Triplicamos a representaci\u00f3n, e case duplicamos a o n\u00famero de sufraxios conseguindo 15.008 votos, estabamos con 8462. Subida espectacular froito do traballo colectivo do equipo de Vigo e de que Xabier que demostrou que un s\u00f3 concelleiro do BNG fai moito, cunha pol\u00edtica construtiva e unha oposici\u00f3n rigorosa.<\/p>\n<\/blockquote>\n\n\n\n<p><strong>A\u00ednda que os resultados de Abel Caballero seguen sendo espectaculares, creo que baixar 20000 votos, Dos 100.000 aos 80.000 \u00e9 unha baixada substancial. Pensas que isto \u00e9 o principio da fin?<\/strong><\/p>\n\n\n\n<blockquote class=\"wp-block-quote is-layout-flow wp-block-quote-is-layout-flow\">\n<p>Creo que si se lle deu un toque moi serio de atenci\u00f3n, pero esta perda de votos non se corresponde coa perda de concelleiros. A Lei de D`Hondt prima ao m\u00e1is votado.<\/p>\n<\/blockquote>\n\n\n\n<p><strong>Ten o 70% dos concelleiros e o 60% dos votos. Est\u00e1 sobre-representado nun 10%.<\/strong><\/p>\n\n\n\n<blockquote class=\"wp-block-quote is-layout-flow wp-block-quote-is-layout-flow\">\n<p>Si. Creo que se nota certo cansazo por parte do electorado das pol\u00edticas autoritarias<\/p>\n<\/blockquote>\n\n\n\n<p><strong>Vigo \u00e9 a cidade m\u00e1is importante de Galiza, Manolo. Nun momento dado, o BNG tivo a alcald\u00eda . P\u00f3dese so\u00f1ar, a medio prazo, que tela de novo sexa unha opci\u00f3n realista?<\/strong><\/p>\n\n\n\n<blockquote class=\"wp-block-quote is-layout-flow wp-block-quote-is-layout-flow\">\n<p>Loxicamente o BNG non se pon l\u00edmites. Daquela Lois Castrillo empezou aos poucos cun s\u00f3 concelleiro, o seguinte paso foi catro, despois 8 cos que chegou a ter a alcald\u00eda de Vigo. Se agora seguimos neste mesmo cami\u00f1o, \u00e9 factible que isto volva pasar. O BNG \u00e9 unha forza en alza en todo o pa\u00eds, e o seu traballo de todo este tempo foi premiado neste proceso electoral.<\/p>\n<\/blockquote>\n\n\n\n<p><strong>O co\u00f1ecemento que ten Xabier P\u00e9rez Igrexas na cidade de Vigo \u00e9 o adecuado ou a\u00ednda se pode mellorar?<\/strong><\/p>\n\n\n\n<blockquote class=\"wp-block-quote is-layout-flow wp-block-quote-is-layout-flow\">\n<p>Sempre se pode mellorar, pero neste proceso electoral si se evidenciou o aumento de co\u00f1ecemento do candidato e o feito de que o paren pola r\u00faa, identif\u00edqueno e enc\u00f3mieno polo seu traballo \u00e9 indicativo de que xa \u00e9 reco\u00f1ecido.<\/p>\n<\/blockquote>\n\n\n\n<p><strong>El ten \u00e1nimos e folgos sabendo que isto \u00e9 unha batalla a moi longo prazo?<\/strong><\/p>\n\n\n\n<blockquote class=\"wp-block-quote is-layout-flow wp-block-quote-is-layout-flow\">\n<p>Si, sen d\u00fabida si.<\/p>\n<\/blockquote>\n\n\n\n<p><strong>Agora imos co Concello de Redondela. Subiuse pero non tanto como se esperaba?<\/strong><\/p>\n\n\n\n<blockquote class=\"wp-block-quote is-layout-flow wp-block-quote-is-layout-flow\">\n<p>Este \u00e9 un concello bastante complicado pola situaci\u00f3n aritm\u00e9tica que ten e pola cantidade de partidos que se presentan. Aqu\u00ed obtivemos tres concelleiros e a piques de conseguir o cuarto. O resultado en Redondela foi bo tam\u00e9n<\/p>\n<\/blockquote>\n\n\n\n<p><strong>Avalas a decisi\u00f3n de non entrar no goberno de Redondela?<\/strong><\/p>\n\n\n\n<blockquote class=\"wp-block-quote is-layout-flow wp-block-quote-is-layout-flow\">\n<p>Si, esta decisi\u00f3n tomouna o consello local de Redondela e est\u00e1 totalmente apoiada pola comarca de Vigo.<\/p>\n<\/blockquote>\n\n\n\n<p><strong>Que opini\u00f3n che merece a dimisi\u00f3n de Anxo Lusqui\u00f1os, ex responsable local do BNG de Redondela?<\/strong><\/p>\n\n\n\n<blockquote class=\"wp-block-quote is-layout-flow wp-block-quote-is-layout-flow\">\n<p>\u00c9 unha decisi\u00f3n persoal e hai que respectala, pero non comparto o seu criterio.<\/p>\n<\/blockquote>\n\n\n\n<p><strong>O BNG pediu un liberado para apoiar a Digna na s\u00faa investidura, pero e non formar\u00e1 parte do goberno. Cal \u00e9 a t\u00faa opini\u00f3n?<\/strong><\/p>\n\n\n\n<blockquote class=\"wp-block-quote is-layout-flow wp-block-quote-is-layout-flow\">\n<p>A oposici\u00f3n tam\u00e9n ten dereito a ter recursos e medios humanos para poder facer o seu traballo pol\u00edtico. Os compa\u00f1eiros e compa\u00f1eiras de Redondela son soberanos para decidir as li\u00f1as pol\u00edticas do BNG de Redondela e eu s\u00f3 podo expresar o meu orgullo por compartir cami\u00f1o con eles.<\/p>\n<\/blockquote>\n\n\n\n<p><strong>Agora imos coa valoraci\u00f3n ao Concello de Pazos de Borb\u00e9n.<\/strong><\/p>\n\n\n\n<blockquote class=\"wp-block-quote is-layout-flow wp-block-quote-is-layout-flow\">\n<p>Conseguimos o obxectivo que era volver \u00e1 corporaci\u00f3n, isto \u00e9 importante e tam\u00e9n de ser determinantes. Quedamos a nada de conseguir o segundo.<\/p>\n<\/blockquote>\n\n\n\n<p><strong>Que pol\u00edtica vai facer o BNG neste concello?<\/strong><\/p>\n\n\n\n<blockquote class=\"wp-block-quote is-layout-flow wp-block-quote-is-layout-flow\">\n<p>Unha pol\u00edtica construtiva, propositiva e fiscalizadora. O BNG non \u00e9 a muleta de ningu\u00e9n e far\u00e1 o que os seus afiliados e afiliadas consideren, sempre pensando no ben com\u00fan da veci\u00f1anza.<\/p>\n<\/blockquote>\n\n\n\n<p><strong>Chegamos a Fornelos de Montes. Creo que este concello \u00e9 un claro exemplo do inxusta e absurda que pode ser a pol\u00edtica. Eu falei moitas veces con Emiliano, o alcalde, este sempre me di que no seu pobo o \u00fanico que fai oposici\u00f3n \u00e9 o BNG, xa a fac\u00eda Pedro no seu tempo, e agora faino a vosa concelleira Mila Casal. Os do PP levan 12-14 anos sen facer nada, a miralas vir, sen presentar nin unha triste moci\u00f3n nos plenos. Como \u00e9 posible que o BNG, con todo o seu traballo, consiga manter a acta polos pelos, e o PP presentando unha candidatura chea de xente nova consiga subir a tres concelleiros?<\/strong><\/p>\n\n\n\n<blockquote class=\"wp-block-quote is-layout-flow wp-block-quote-is-layout-flow\">\n<p>Isto demostra que o PSOE ten moito voto de dereita neste concello, voto que estaba cedido ao PSOE polo perfil do alcalde. Pero que no momento no que o PP presenta unha renovaci\u00f3n e caras novas conseguen ilusionar e volven recuperar parte dese voto. N\u00f3s mantivemos a representaci\u00f3n. N\u00f3s en Fornelos temos o obxectivo claro de consolidar e aumentar a asemblea de militantes da localidade baixo o liderado de Mila Casal, que fai un traballo soberbio.<\/p>\n<\/blockquote>\n\n\n\n<p><strong>En Mos BNG obtivo unha subida substancial e as perspectivas sobre o potencial de crecemento semellan moi positivas?<\/strong><\/p>\n\n\n\n<blockquote class=\"wp-block-quote is-layout-flow wp-block-quote-is-layout-flow\">\n<p>Si, os resultados foron espectaculares no Concello de Mos. Nas elecci\u00f3ns municipais foi o concello que obtivo os mellores resultados da comarca conseguindo 1807 votos de 13000, o 20% e tres concelleiros. Froito e m\u00e9rito de Gustavo Barcia e do bo traballo da organizaci\u00f3n que conta con todo o apoio comarcal. A \u00fanica pega, o reforzo do Partido Popular de Mos.<\/p>\n<\/blockquote>\n\n\n\n<p><strong>Por que se produciu este reforzo do Partido Popular?<\/strong><\/p>\n\n\n\n<blockquote class=\"wp-block-quote is-layout-flow wp-block-quote-is-layout-flow\">\n<p>Unha boa pregunta. N\u00f3s fixemos os deberes pero as demais forzas que non suman.<\/p>\n<\/blockquote>\n\n\n\n<p><strong>Creo que o transfuguismo influ\u00edu claramente.<\/strong><\/p>\n\n\n\n<blockquote class=\"wp-block-quote is-layout-flow wp-block-quote-is-layout-flow\">\n<p>Eu penso que entre outras cousas si, desde logo que si.<\/p>\n<\/blockquote>\n\n\n\n<p><strong>Agora imos co concello de Baiona. Por que non mantivestes os dous ed\u00eds que ti\u00f1ades neste concello?<\/strong><\/p>\n\n\n\n<blockquote class=\"wp-block-quote is-layout-flow wp-block-quote-is-layout-flow\">\n<p>En Baiona, ao igual ca no Porri\u00f1o ou en Vigo a forza ga\u00f1adora acadou un resultado moi elevado, e ese enorme n\u00famero de votos penalizou \u00e1s restantes. Faltou moi pouco para conservar a 2\u00ba acta pero non puido ser.<\/p>\n<\/blockquote>\n\n\n\n<p><strong>Non se vendeu ben a xesti\u00f3n que fixo o BNG no Goberno de Baiona?<\/strong><\/p>\n\n\n\n<blockquote class=\"wp-block-quote is-layout-flow wp-block-quote-is-layout-flow\">\n<p>O que nos quedou claro \u00e9 que a xesti\u00f3n en si mesma non chega. Baiona ten moito voto da dereita e no BNG non soubemos rendibilizar o bo traballo que se fixo neste concello.<\/p>\n<\/blockquote>\n\n\n\n<p><strong>Como est\u00e1 agora a organizaci\u00f3n de Baiona?<\/strong><\/p>\n\n\n\n<blockquote class=\"wp-block-quote is-layout-flow wp-block-quote-is-layout-flow\">\n<p>Est\u00e1 en proceso de relanzamento.<\/p>\n<\/blockquote>\n\n\n\n<p><strong>Falemos de Nigr\u00e1n.<\/strong><\/p>\n\n\n\n<blockquote class=\"wp-block-quote is-layout-flow wp-block-quote-is-layout-flow\">\n<p>Un resultado s\u00faper positivo. A alcald\u00eda do PSOE aqu\u00ed \u00e9 moi consolidada e forte, entrar aqu\u00ed de novo era dif\u00edcil e conseguiuse polo froito do traballo como formigas do \u00faltimos catro anos.<\/p>\n<\/blockquote>\n\n\n\n<p><strong>E que expectativas de futuro hai neste concello?<\/strong><\/p>\n\n\n\n<blockquote class=\"wp-block-quote is-layout-flow wp-block-quote-is-layout-flow\">\n<p>En Nigr\u00e1n agora mesmo hai uns niveis de afiliaci\u00f3n como nunca na historia. Aqu\u00ed chegamos a ter a tenencia de alcald\u00eda no noso mellor momento.<\/p>\n<\/blockquote>\n\n\n\n<p><strong>Pode o BNG de Nigr\u00e1n so\u00f1ar en volver conseguilo?<\/strong><\/p>\n\n\n\n<blockquote class=\"wp-block-quote is-layout-flow wp-block-quote-is-layout-flow\">\n<p>En pol\u00edtica non hai nada escrito. Todo \u00e9 posible e nada \u00e9 seguro. Agora mesmo estamos nun nivel de crecemento importante e creo que hai posibilidades de chegar a ser unha alternativa de goberno neste concello.<\/p>\n<\/blockquote>\n\n\n\n<p><strong>Gondomar \u00e9 outro exemplo do inxusta que pode chegar a ser a pol\u00edtica.<\/strong><\/p>\n\n\n\n<blockquote class=\"wp-block-quote is-layout-flow wp-block-quote-is-layout-flow\">\n<p>\u00c9 inxusto non ter o segundo edil neste concello, falt\u00e1ronnos moi poucos votos. Despois de 4 anos dun traballo social inmenso e un bo traballo de oposici\u00f3n fronte \u00e1 desidia e o desinterese doutros que non fixeron nada, \u00e9 inxusto. \u00c9 certo que duplicamos o voto, pero non chegou para sacar o segundo.<\/p>\n<\/blockquote>\n\n\n\n<p><strong>Como \u00e9 a situaci\u00f3n xeral da Comarca en canto a afiliaci\u00f3n e recursos?<\/strong><\/p>\n\n\n\n<blockquote class=\"wp-block-quote is-layout-flow wp-block-quote-is-layout-flow\">\n<p>Positiva e en crecemento. Parte importante do noso financiamento \u00e9 a trav\u00e9s das cotas da militancia. O noso obxectivo ser\u00eda non chegar a ter dependencia das achegas institucionais. A organizaci\u00f3n neste momento est\u00e1 economicamente saneada.<\/p>\n<\/blockquote>\n\n\n\n<p><strong>E ti como est\u00e1s de \u00e1nimos, non est\u00e1s canso?<\/strong><\/p>\n\n\n\n<blockquote class=\"wp-block-quote is-layout-flow wp-block-quote-is-layout-flow\">\n<p>Estou cansado por dous procesos electorais moi seguidos e un inesperado, pero sigo motivado e con ilusi\u00f3n desta fase ascendente do BNG para chegar a un enorme resultado nas elecci\u00f3ns galegas e poder desbancar ao Partido Popular.<\/p>\n<\/blockquote>\n","protected":false},"excerpt":{"rendered":"<div class=\"mh-excerpt\"><p>Despois de dous intensos procesos electorais acheg\u00e1monos ata o local do BNG de Vigo para conversar con Manuel Caride, o seu responsable comarcal, e co\u00f1ecer de primeira man a situaci\u00f3n do nacionalismo nas 8 localidades que na estrutura org\u00e1nica do Bng abrangue a comarca viguesa( Vigo, Redondela, Pazos, Fornelos, Mos, Baiona, Nigr\u00e1n e Gondomar) <a class=\"mh-excerpt-more\" href=\"https:\/\/www.anovapeneira.gal\/index.php\/2023\/08\/08\/manuel-caride-responsable-comarcal-do-bng-de-vigo\/\" title=\"Manuel Caride, responsable comarcal do BNG de Vigo\">[&#8230;]<\/a><\/p>\n<\/div>","protected":false},"author":3,"featured_media":10233,"comment_status":"open","ping_status":"open","sticky":false,"template":"","format":"standard","meta":{"_exactmetrics_skip_tracking":false,"_exactmetrics_sitenote_active":false,"_exactmetrics_sitenote_note":"","_exactmetrics_sitenote_category":0,"footnotes":""},"categories":[272],"tags":[227],"class_list":{"0":"post-10232","1":"post","2":"type-post","3":"status-publish","4":"format-standard","5":"has-post-thumbnail","7":"category-vigo-entrevistas","8":"tag-concello-de-vigo"},"yoast_head":"<!-- This site is optimized with the Yoast SEO plugin v27.4 - https:\/\/yoast.com\/product\/yoast-seo-wordpress\/ -->\n<title>Manuel Caride, responsable comarcal do BNG de Vigo -<\/title>\n<meta name=\"description\" content=\"Despois de dous intensos procesos electorais acheg\u00e1monos ata o local do BNG de Vigo para conversar con Manuel Caride, o seu responsable comarcal, e co\u00f1ecer de primeira man a situaci\u00f3n do nacionalismo nas 8 localidades que na estrutura org\u00e1nica do Bng abrangue a comarca viguesa( Vigo, Redondela, Pazos, Fornelos, Mos, Baiona, Nigr\u00e1n e Gondomar)\" \/>\n<meta name=\"robots\" content=\"index, follow, max-snippet:-1, max-image-preview:large, max-video-preview:-1\" \/>\n<link rel=\"canonical\" href=\"https:\/\/www.anovapeneira.gal\/index.php\/2023\/08\/08\/manuel-caride-responsable-comarcal-do-bng-de-vigo\/\" \/>\n<meta property=\"og:locale\" content=\"gl_ES\" \/>\n<meta property=\"og:type\" content=\"article\" \/>\n<meta property=\"og:title\" content=\"Manuel Caride, responsable comarcal do BNG de Vigo -\" \/>\n<meta property=\"og:description\" content=\"Despois de dous intensos procesos electorais acheg\u00e1monos ata o local do BNG de Vigo para conversar con Manuel Caride, o seu responsable comarcal, e co\u00f1ecer de primeira man a situaci\u00f3n do nacionalismo nas 8 localidades que na estrutura org\u00e1nica do Bng abrangue a comarca viguesa( Vigo, Redondela, Pazos, Fornelos, Mos, Baiona, Nigr\u00e1n e Gondomar)\" \/>\n<meta property=\"og:url\" content=\"https:\/\/www.anovapeneira.gal\/index.php\/2023\/08\/08\/manuel-caride-responsable-comarcal-do-bng-de-vigo\/\" \/>\n<meta property=\"article:publisher\" content=\"https:\/\/www.facebook.com\/anovapeneira\" \/>\n<meta property=\"article:published_time\" content=\"2023-08-08T10:00:21+00:00\" \/>\n<meta property=\"og:image\" content=\"https:\/\/www.anovapeneira.gal\/wp-content\/uploads\/2023\/08\/manolo_bng.jpg\" \/>\n\t<meta property=\"og:image:width\" content=\"720\" \/>\n\t<meta property=\"og:image:height\" content=\"432\" \/>\n\t<meta property=\"og:image:type\" content=\"image\/jpeg\" \/>\n<meta name=\"author\" content=\"Redacci\u00f3n A Nova Peneira\" \/>\n<meta name=\"twitter:card\" content=\"summary_large_image\" \/>\n<meta name=\"twitter:creator\" content=\"@APeneira\" \/>\n<meta name=\"twitter:site\" content=\"@APeneira\" \/>\n<meta name=\"twitter:label1\" content=\"Escrito por\" \/>\n\t<meta name=\"twitter:data1\" content=\"Redacci\u00f3n A Nova Peneira\" \/>\n\t<meta name=\"twitter:label2\" content=\"Tempo de lectura\" \/>\n\t<meta name=\"twitter:data2\" content=\"4 minutos\" \/>\n<script type=\"application\/ld+json\" class=\"yoast-schema-graph\">{\"@context\":\"https:\\\/\\\/schema.org\",\"@graph\":[{\"@type\":\"Article\",\"@id\":\"https:\\\/\\\/www.anovapeneira.gal\\\/index.php\\\/2023\\\/08\\\/08\\\/manuel-caride-responsable-comarcal-do-bng-de-vigo\\\/#article\",\"isPartOf\":{\"@id\":\"https:\\\/\\\/www.anovapeneira.gal\\\/index.php\\\/2023\\\/08\\\/08\\\/manuel-caride-responsable-comarcal-do-bng-de-vigo\\\/\"},\"author\":{\"name\":\"Redacci\u00f3n A Nova Peneira\",\"@id\":\"https:\\\/\\\/www.anovapeneira.gal\\\/#\\\/schema\\\/person\\\/b93e3f8932e3f8da96334607eb6ac6aa\"},\"headline\":\"Manuel Caride, responsable comarcal do BNG de Vigo\",\"datePublished\":\"2023-08-08T10:00:21+00:00\",\"mainEntityOfPage\":{\"@id\":\"https:\\\/\\\/www.anovapeneira.gal\\\/index.php\\\/2023\\\/08\\\/08\\\/manuel-caride-responsable-comarcal-do-bng-de-vigo\\\/\"},\"wordCount\":1785,\"commentCount\":0,\"publisher\":{\"@id\":\"https:\\\/\\\/www.anovapeneira.gal\\\/#organization\"},\"image\":{\"@id\":\"https:\\\/\\\/www.anovapeneira.gal\\\/index.php\\\/2023\\\/08\\\/08\\\/manuel-caride-responsable-comarcal-do-bng-de-vigo\\\/#primaryimage\"},\"thumbnailUrl\":\"https:\\\/\\\/www.anovapeneira.gal\\\/wp-content\\\/uploads\\\/2023\\\/08\\\/manolo_bng.jpg\",\"keywords\":[\"Concello de Vigo\"],\"articleSection\":[\"Vigo\"],\"inLanguage\":\"gl-ES\",\"potentialAction\":[{\"@type\":\"CommentAction\",\"name\":\"Comment\",\"target\":[\"https:\\\/\\\/www.anovapeneira.gal\\\/index.php\\\/2023\\\/08\\\/08\\\/manuel-caride-responsable-comarcal-do-bng-de-vigo\\\/#respond\"]}]},{\"@type\":\"WebPage\",\"@id\":\"https:\\\/\\\/www.anovapeneira.gal\\\/index.php\\\/2023\\\/08\\\/08\\\/manuel-caride-responsable-comarcal-do-bng-de-vigo\\\/\",\"url\":\"https:\\\/\\\/www.anovapeneira.gal\\\/index.php\\\/2023\\\/08\\\/08\\\/manuel-caride-responsable-comarcal-do-bng-de-vigo\\\/\",\"name\":\"Manuel Caride, responsable comarcal do BNG de Vigo -\",\"isPartOf\":{\"@id\":\"https:\\\/\\\/www.anovapeneira.gal\\\/#website\"},\"primaryImageOfPage\":{\"@id\":\"https:\\\/\\\/www.anovapeneira.gal\\\/index.php\\\/2023\\\/08\\\/08\\\/manuel-caride-responsable-comarcal-do-bng-de-vigo\\\/#primaryimage\"},\"image\":{\"@id\":\"https:\\\/\\\/www.anovapeneira.gal\\\/index.php\\\/2023\\\/08\\\/08\\\/manuel-caride-responsable-comarcal-do-bng-de-vigo\\\/#primaryimage\"},\"thumbnailUrl\":\"https:\\\/\\\/www.anovapeneira.gal\\\/wp-content\\\/uploads\\\/2023\\\/08\\\/manolo_bng.jpg\",\"datePublished\":\"2023-08-08T10:00:21+00:00\",\"description\":\"Despois de dous intensos procesos electorais acheg\u00e1monos ata o local do BNG de Vigo para conversar con Manuel Caride, o seu responsable comarcal, e co\u00f1ecer de primeira man a situaci\u00f3n do nacionalismo nas 8 localidades que na estrutura org\u00e1nica do Bng abrangue a comarca viguesa( Vigo, Redondela, Pazos, Fornelos, Mos, Baiona, Nigr\u00e1n e Gondomar)\",\"breadcrumb\":{\"@id\":\"https:\\\/\\\/www.anovapeneira.gal\\\/index.php\\\/2023\\\/08\\\/08\\\/manuel-caride-responsable-comarcal-do-bng-de-vigo\\\/#breadcrumb\"},\"inLanguage\":\"gl-ES\",\"potentialAction\":[{\"@type\":\"ReadAction\",\"target\":[\"https:\\\/\\\/www.anovapeneira.gal\\\/index.php\\\/2023\\\/08\\\/08\\\/manuel-caride-responsable-comarcal-do-bng-de-vigo\\\/\"]}]},{\"@type\":\"ImageObject\",\"inLanguage\":\"gl-ES\",\"@id\":\"https:\\\/\\\/www.anovapeneira.gal\\\/index.php\\\/2023\\\/08\\\/08\\\/manuel-caride-responsable-comarcal-do-bng-de-vigo\\\/#primaryimage\",\"url\":\"https:\\\/\\\/www.anovapeneira.gal\\\/wp-content\\\/uploads\\\/2023\\\/08\\\/manolo_bng.jpg\",\"contentUrl\":\"https:\\\/\\\/www.anovapeneira.gal\\\/wp-content\\\/uploads\\\/2023\\\/08\\\/manolo_bng.jpg\",\"width\":720,\"height\":432,\"caption\":\"Manuel Caride BNG\"},{\"@type\":\"BreadcrumbList\",\"@id\":\"https:\\\/\\\/www.anovapeneira.gal\\\/index.php\\\/2023\\\/08\\\/08\\\/manuel-caride-responsable-comarcal-do-bng-de-vigo\\\/#breadcrumb\",\"itemListElement\":[{\"@type\":\"ListItem\",\"position\":1,\"name\":\"Portada\",\"item\":\"https:\\\/\\\/www.anovapeneira.gal\\\/\"},{\"@type\":\"ListItem\",\"position\":2,\"name\":\"Manuel Caride, responsable comarcal do BNG de Vigo\"}]},{\"@type\":\"WebSite\",\"@id\":\"https:\\\/\\\/www.anovapeneira.gal\\\/#website\",\"url\":\"https:\\\/\\\/www.anovapeneira.gal\\\/\",\"name\":\"\",\"description\":\"Xornal galego de informaci\u00f3n xeral Publicaci\u00f3n mensual de novas de Galicia e en especial dos Concellos da sur da provincia de Pontevedra.\",\"publisher\":{\"@id\":\"https:\\\/\\\/www.anovapeneira.gal\\\/#organization\"},\"potentialAction\":[{\"@type\":\"SearchAction\",\"target\":{\"@type\":\"EntryPoint\",\"urlTemplate\":\"https:\\\/\\\/www.anovapeneira.gal\\\/?s={search_term_string}\"},\"query-input\":{\"@type\":\"PropertyValueSpecification\",\"valueRequired\":true,\"valueName\":\"search_term_string\"}}],\"inLanguage\":\"gl-ES\"},{\"@type\":\"Organization\",\"@id\":\"https:\\\/\\\/www.anovapeneira.gal\\\/#organization\",\"name\":\"A Nova Peneira\",\"url\":\"https:\\\/\\\/www.anovapeneira.gal\\\/\",\"logo\":{\"@type\":\"ImageObject\",\"inLanguage\":\"gl-ES\",\"@id\":\"https:\\\/\\\/www.anovapeneira.gal\\\/#\\\/schema\\\/logo\\\/image\\\/\",\"url\":\"http:\\\/\\\/www.anovapeneira.gal\\\/wp-content\\\/uploads\\\/2019\\\/06\\\/logo_a_nova_peneira_portal_web.png\",\"contentUrl\":\"http:\\\/\\\/www.anovapeneira.gal\\\/wp-content\\\/uploads\\\/2019\\\/06\\\/logo_a_nova_peneira_portal_web.png\",\"width\":300,\"height\":100,\"caption\":\"A Nova Peneira\"},\"image\":{\"@id\":\"https:\\\/\\\/www.anovapeneira.gal\\\/#\\\/schema\\\/logo\\\/image\\\/\"},\"sameAs\":[\"https:\\\/\\\/www.facebook.com\\\/anovapeneira\",\"https:\\\/\\\/x.com\\\/APeneira\"]},{\"@type\":\"Person\",\"@id\":\"https:\\\/\\\/www.anovapeneira.gal\\\/#\\\/schema\\\/person\\\/b93e3f8932e3f8da96334607eb6ac6aa\",\"name\":\"Redacci\u00f3n A Nova Peneira\",\"image\":{\"@type\":\"ImageObject\",\"inLanguage\":\"gl-ES\",\"@id\":\"https:\\\/\\\/secure.gravatar.com\\\/avatar\\\/c052a2551a06e23fac63626232eaa90abd78dbcf1700fc46a2b2c89fd27b735f?s=96&d=mm&r=g\",\"url\":\"https:\\\/\\\/secure.gravatar.com\\\/avatar\\\/c052a2551a06e23fac63626232eaa90abd78dbcf1700fc46a2b2c89fd27b735f?s=96&d=mm&r=g\",\"contentUrl\":\"https:\\\/\\\/secure.gravatar.com\\\/avatar\\\/c052a2551a06e23fac63626232eaa90abd78dbcf1700fc46a2b2c89fd27b735f?s=96&d=mm&r=g\",\"caption\":\"Redacci\u00f3n A Nova Peneira\"},\"sameAs\":[\"http:\\\/\\\/www.anovapeneira.gal\\\/\"],\"url\":\"https:\\\/\\\/www.anovapeneira.gal\\\/index.php\\\/author\\\/redactor\\\/\"}]}<\/script>\n<!-- \/ Yoast SEO plugin. -->","yoast_head_json":{"title":"Manuel Caride, responsable comarcal do BNG de Vigo -","description":"Despois de dous intensos procesos electorais acheg\u00e1monos ata o local do BNG de Vigo para conversar con Manuel Caride, o seu responsable comarcal, e co\u00f1ecer de primeira man a situaci\u00f3n do nacionalismo nas 8 localidades que na estrutura org\u00e1nica do Bng abrangue a comarca viguesa( Vigo, Redondela, Pazos, Fornelos, Mos, Baiona, Nigr\u00e1n e Gondomar)","robots":{"index":"index","follow":"follow","max-snippet":"max-snippet:-1","max-image-preview":"max-image-preview:large","max-video-preview":"max-video-preview:-1"},"canonical":"https:\/\/www.anovapeneira.gal\/index.php\/2023\/08\/08\/manuel-caride-responsable-comarcal-do-bng-de-vigo\/","og_locale":"gl_ES","og_type":"article","og_title":"Manuel Caride, responsable comarcal do BNG de Vigo -","og_description":"Despois de dous intensos procesos electorais acheg\u00e1monos ata o local do BNG de Vigo para conversar con Manuel Caride, o seu responsable comarcal, e co\u00f1ecer de primeira man a situaci\u00f3n do nacionalismo nas 8 localidades que na estrutura org\u00e1nica do Bng abrangue a comarca viguesa( Vigo, Redondela, Pazos, Fornelos, Mos, Baiona, Nigr\u00e1n e Gondomar)","og_url":"https:\/\/www.anovapeneira.gal\/index.php\/2023\/08\/08\/manuel-caride-responsable-comarcal-do-bng-de-vigo\/","article_publisher":"https:\/\/www.facebook.com\/anovapeneira","article_published_time":"2023-08-08T10:00:21+00:00","og_image":[{"width":720,"height":432,"url":"https:\/\/www.anovapeneira.gal\/wp-content\/uploads\/2023\/08\/manolo_bng.jpg","type":"image\/jpeg"}],"author":"Redacci\u00f3n A Nova Peneira","twitter_card":"summary_large_image","twitter_creator":"@APeneira","twitter_site":"@APeneira","twitter_misc":{"Escrito por":"Redacci\u00f3n A Nova Peneira","Tempo de lectura":"4 minutos"},"schema":{"@context":"https:\/\/schema.org","@graph":[{"@type":"Article","@id":"https:\/\/www.anovapeneira.gal\/index.php\/2023\/08\/08\/manuel-caride-responsable-comarcal-do-bng-de-vigo\/#article","isPartOf":{"@id":"https:\/\/www.anovapeneira.gal\/index.php\/2023\/08\/08\/manuel-caride-responsable-comarcal-do-bng-de-vigo\/"},"author":{"name":"Redacci\u00f3n A Nova Peneira","@id":"https:\/\/www.anovapeneira.gal\/#\/schema\/person\/b93e3f8932e3f8da96334607eb6ac6aa"},"headline":"Manuel Caride, responsable comarcal do BNG de Vigo","datePublished":"2023-08-08T10:00:21+00:00","mainEntityOfPage":{"@id":"https:\/\/www.anovapeneira.gal\/index.php\/2023\/08\/08\/manuel-caride-responsable-comarcal-do-bng-de-vigo\/"},"wordCount":1785,"commentCount":0,"publisher":{"@id":"https:\/\/www.anovapeneira.gal\/#organization"},"image":{"@id":"https:\/\/www.anovapeneira.gal\/index.php\/2023\/08\/08\/manuel-caride-responsable-comarcal-do-bng-de-vigo\/#primaryimage"},"thumbnailUrl":"https:\/\/www.anovapeneira.gal\/wp-content\/uploads\/2023\/08\/manolo_bng.jpg","keywords":["Concello de Vigo"],"articleSection":["Vigo"],"inLanguage":"gl-ES","potentialAction":[{"@type":"CommentAction","name":"Comment","target":["https:\/\/www.anovapeneira.gal\/index.php\/2023\/08\/08\/manuel-caride-responsable-comarcal-do-bng-de-vigo\/#respond"]}]},{"@type":"WebPage","@id":"https:\/\/www.anovapeneira.gal\/index.php\/2023\/08\/08\/manuel-caride-responsable-comarcal-do-bng-de-vigo\/","url":"https:\/\/www.anovapeneira.gal\/index.php\/2023\/08\/08\/manuel-caride-responsable-comarcal-do-bng-de-vigo\/","name":"Manuel Caride, responsable comarcal do BNG de Vigo -","isPartOf":{"@id":"https:\/\/www.anovapeneira.gal\/#website"},"primaryImageOfPage":{"@id":"https:\/\/www.anovapeneira.gal\/index.php\/2023\/08\/08\/manuel-caride-responsable-comarcal-do-bng-de-vigo\/#primaryimage"},"image":{"@id":"https:\/\/www.anovapeneira.gal\/index.php\/2023\/08\/08\/manuel-caride-responsable-comarcal-do-bng-de-vigo\/#primaryimage"},"thumbnailUrl":"https:\/\/www.anovapeneira.gal\/wp-content\/uploads\/2023\/08\/manolo_bng.jpg","datePublished":"2023-08-08T10:00:21+00:00","description":"Despois de dous intensos procesos electorais acheg\u00e1monos ata o local do BNG de Vigo para conversar con Manuel Caride, o seu responsable comarcal, e co\u00f1ecer de primeira man a situaci\u00f3n do nacionalismo nas 8 localidades que na estrutura org\u00e1nica do Bng abrangue a comarca viguesa( Vigo, Redondela, Pazos, Fornelos, Mos, Baiona, Nigr\u00e1n e Gondomar)","breadcrumb":{"@id":"https:\/\/www.anovapeneira.gal\/index.php\/2023\/08\/08\/manuel-caride-responsable-comarcal-do-bng-de-vigo\/#breadcrumb"},"inLanguage":"gl-ES","potentialAction":[{"@type":"ReadAction","target":["https:\/\/www.anovapeneira.gal\/index.php\/2023\/08\/08\/manuel-caride-responsable-comarcal-do-bng-de-vigo\/"]}]},{"@type":"ImageObject","inLanguage":"gl-ES","@id":"https:\/\/www.anovapeneira.gal\/index.php\/2023\/08\/08\/manuel-caride-responsable-comarcal-do-bng-de-vigo\/#primaryimage","url":"https:\/\/www.anovapeneira.gal\/wp-content\/uploads\/2023\/08\/manolo_bng.jpg","contentUrl":"https:\/\/www.anovapeneira.gal\/wp-content\/uploads\/2023\/08\/manolo_bng.jpg","width":720,"height":432,"caption":"Manuel Caride BNG"},{"@type":"BreadcrumbList","@id":"https:\/\/www.anovapeneira.gal\/index.php\/2023\/08\/08\/manuel-caride-responsable-comarcal-do-bng-de-vigo\/#breadcrumb","itemListElement":[{"@type":"ListItem","position":1,"name":"Portada","item":"https:\/\/www.anovapeneira.gal\/"},{"@type":"ListItem","position":2,"name":"Manuel Caride, responsable comarcal do BNG de Vigo"}]},{"@type":"WebSite","@id":"https:\/\/www.anovapeneira.gal\/#website","url":"https:\/\/www.anovapeneira.gal\/","name":"","description":"Xornal galego de informaci\u00f3n xeral Publicaci\u00f3n mensual de novas de Galicia e en especial dos Concellos da sur da provincia de Pontevedra.","publisher":{"@id":"https:\/\/www.anovapeneira.gal\/#organization"},"potentialAction":[{"@type":"SearchAction","target":{"@type":"EntryPoint","urlTemplate":"https:\/\/www.anovapeneira.gal\/?s={search_term_string}"},"query-input":{"@type":"PropertyValueSpecification","valueRequired":true,"valueName":"search_term_string"}}],"inLanguage":"gl-ES"},{"@type":"Organization","@id":"https:\/\/www.anovapeneira.gal\/#organization","name":"A Nova Peneira","url":"https:\/\/www.anovapeneira.gal\/","logo":{"@type":"ImageObject","inLanguage":"gl-ES","@id":"https:\/\/www.anovapeneira.gal\/#\/schema\/logo\/image\/","url":"http:\/\/www.anovapeneira.gal\/wp-content\/uploads\/2019\/06\/logo_a_nova_peneira_portal_web.png","contentUrl":"http:\/\/www.anovapeneira.gal\/wp-content\/uploads\/2019\/06\/logo_a_nova_peneira_portal_web.png","width":300,"height":100,"caption":"A Nova Peneira"},"image":{"@id":"https:\/\/www.anovapeneira.gal\/#\/schema\/logo\/image\/"},"sameAs":["https:\/\/www.facebook.com\/anovapeneira","https:\/\/x.com\/APeneira"]},{"@type":"Person","@id":"https:\/\/www.anovapeneira.gal\/#\/schema\/person\/b93e3f8932e3f8da96334607eb6ac6aa","name":"Redacci\u00f3n A Nova Peneira","image":{"@type":"ImageObject","inLanguage":"gl-ES","@id":"https:\/\/secure.gravatar.com\/avatar\/c052a2551a06e23fac63626232eaa90abd78dbcf1700fc46a2b2c89fd27b735f?s=96&d=mm&r=g","url":"https:\/\/secure.gravatar.com\/avatar\/c052a2551a06e23fac63626232eaa90abd78dbcf1700fc46a2b2c89fd27b735f?s=96&d=mm&r=g","contentUrl":"https:\/\/secure.gravatar.com\/avatar\/c052a2551a06e23fac63626232eaa90abd78dbcf1700fc46a2b2c89fd27b735f?s=96&d=mm&r=g","caption":"Redacci\u00f3n A Nova Peneira"},"sameAs":["http:\/\/www.anovapeneira.gal\/"],"url":"https:\/\/www.anovapeneira.gal\/index.php\/author\/redactor\/"}]}},"jetpack_featured_media_url":"https:\/\/www.anovapeneira.gal\/wp-content\/uploads\/2023\/08\/manolo_bng.jpg","_links":{"self":[{"href":"https:\/\/www.anovapeneira.gal\/index.php\/wp-json\/wp\/v2\/posts\/10232","targetHints":{"allow":["GET"]}}],"collection":[{"href":"https:\/\/www.anovapeneira.gal\/index.php\/wp-json\/wp\/v2\/posts"}],"about":[{"href":"https:\/\/www.anovapeneira.gal\/index.php\/wp-json\/wp\/v2\/types\/post"}],"author":[{"embeddable":true,"href":"https:\/\/www.anovapeneira.gal\/index.php\/wp-json\/wp\/v2\/users\/3"}],"replies":[{"embeddable":true,"href":"https:\/\/www.anovapeneira.gal\/index.php\/wp-json\/wp\/v2\/comments?post=10232"}],"version-history":[{"count":1,"href":"https:\/\/www.anovapeneira.gal\/index.php\/wp-json\/wp\/v2\/posts\/10232\/revisions"}],"predecessor-version":[{"id":10234,"href":"https:\/\/www.anovapeneira.gal\/index.php\/wp-json\/wp\/v2\/posts\/10232\/revisions\/10234"}],"wp:featuredmedia":[{"embeddable":true,"href":"https:\/\/www.anovapeneira.gal\/index.php\/wp-json\/wp\/v2\/media\/10233"}],"wp:attachment":[{"href":"https:\/\/www.anovapeneira.gal\/index.php\/wp-json\/wp\/v2\/media?parent=10232"}],"wp:term":[{"taxonomy":"category","embeddable":true,"href":"https:\/\/www.anovapeneira.gal\/index.php\/wp-json\/wp\/v2\/categories?post=10232"},{"taxonomy":"post_tag","embeddable":true,"href":"https:\/\/www.anovapeneira.gal\/index.php\/wp-json\/wp\/v2\/tags?post=10232"}],"curies":[{"name":"wp","href":"https:\/\/api.w.org\/{rel}","templated":true}]}}