{"id":10235,"date":"2023-08-09T10:00:49","date_gmt":"2023-08-09T08:00:49","guid":{"rendered":"https:\/\/www.anovapeneira.gal\/?p=10235"},"modified":"2023-08-04T10:33:35","modified_gmt":"2023-08-04T08:33:35","slug":"teletipos-feijoo","status":"publish","type":"post","link":"https:\/\/www.anovapeneira.gal\/index.php\/2023\/08\/09\/teletipos-feijoo\/","title":{"rendered":"Teletipos Feijoo"},"content":{"rendered":"\n<figure class=\"wp-block-image size-full is-resized\"><img loading=\"lazy\" decoding=\"async\" src=\"https:\/\/www.anovapeneira.gal\/wp-content\/uploads\/2020\/03\/mestre_ceip_salvaterra_a_nova_peneira.jpg\" alt=\"Xo\u00e1n Carlos Caballero\" class=\"wp-image-2693\" width=\"95\" height=\"111\"\/><figcaption class=\"wp-element-caption\">Xo\u00e1n Carlos Caballero\n&#8211; Mestre no CEIP de Salvaterra<\/figcaption><\/figure>\n\n\n\n<p>En Tweeter deambulo por Onania practicando o abominable pecado da autocomplacencia. Esta rede reflexa a mi\u00f1a realidade vital, poucos seguidores, menos amigos, cero agregados, por ter non te\u00f1o nin haters. Doulle \u201cme gusta\u201d a cada unha das mensaxes que elaboro dende outros perf\u00eds falsos que creei para logo ver repicar a camp\u00e1, que me ten igual de condicionado que Pavlov ti\u00f1a ao seu can, e as\u00ed, deste xeito, \u00e9 como provoco a salivaci\u00f3n ps\u00edquica que me conduce \u00e1 produci\u00f3n de contido dixital. Outro h\u00e1bito masturbatorio a confesar \u00e9 o de visitar en innumerables ocasi\u00f3ns as mi\u00f1as propias mensaxes para mellorar os datos estad\u00edsticos.<\/p>\n\n\n\n<p>Debido aos dous procesos electorais recentemente rematados, levo dous meses desatado, cunha inusitada actividade nesta rede social, agora controlada polo home m\u00e1is rico deste planeta en estado de ebulici\u00f3n. Nada m\u00e1is e nada menos que quince ch\u00edos en dous meses, que de seguro aumentar\u00e1n porque alg\u00fans a\u00ednda seguen en campa\u00f1a e non queren caer na conta de que as elecci\u00f3ns xa son pasado.<\/p>\n\n\n\n<p>Houbo unha serie de acontecementos que provocaron esta reacci\u00f3n. Todo comezou tralos resultados das municipais en Ponteareas e a conseguinte negociaci\u00f3n que houbo para acadar a alcald\u00eda. Ti\u00f1a a sensaci\u00f3n de estar asistindo a unha mala pel\u00edcula de suspense, falta de emoci\u00f3n e ritmo, na que o final era previsible e no que un dos postulantes pretend\u00eda asaltar os ceos cunha sobreactuada e pouco convincente posta en escena.<\/p>\n\n\n\n<p>Pero se algo acaparou o foco medi\u00e1tico, non foi o retorno dos ultracentristas sen\u00f3n o \u00b4Caso Mingos\u00b4. Este concelleiro sacoulle todo o protagonismo \u00e1 nova alcaldesa cunha viral intervenci\u00f3n durante o pleno. Tras afirmar que cada vez que algu\u00e9n non estea de acordo con el sempre vai estar aberto ao di\u00e1logo, foi interpelado por un membro de BNG. De repente, fixo unha antirregulamentaria paradi\u00f1a, como se fose a lanzar unha pena m\u00e1xima, achegouse ao micro e orneou agarimosamente: \u201cCala ti parapl\u00e9jico\u201d. A colexiada aplicando o liderado laissez-faire, non s\u00f3 non o sancionou sen\u00f3n que lle deu as gracias pola filigrana.<\/p>\n\n\n\n<p>Xa nas Xerais chegou un xinete trotando ao galope de Gish, adestrado nos cortellos do asesor de Ayuso, un tal MAR, co\u00f1ecido por ter moi malas resacas de fondo. Ametrallou con falsidades a un torpe S\u00e1nchez, que ter\u00eda que ter visto o proceder de Feijoo cando acadou o goberno da Xunta en 2009 e as\u00ed decatarse de ata onde \u00e9 capaz de chegar don Alberto Pinochete para conseguir o seu obxectivo e do c\u00f3modo que se atopa salpicando esterco \u00e1 cara dos seus interlocutores sen apenas inmutarse. Menos mal que o debate celebrouse ao principio da campa\u00f1a e non catro d\u00edas antes de ir \u00e1s urnas. Unha semana foi dabondo para desmontar os embustes deste falso \u00eddolo con pes sustentados no esvarad\u00edo v\u00f3mito da mentira.<\/p>\n\n\n\n<p>O discurso do Partido Popular baseouse en \u201cderogar o sanchismo\u201d e en ocorrencias que \u00edan tendo a medida que se achegaba o d\u00eda de ir a votar. Dende aumentar o salario dos traballadores de Correos, prohibir por lei as elecci\u00f3ns en ver\u00e1n, despedir a Tezanos, negar as cifras de paro e da boa situaci\u00f3n econ\u00f3mica do pa\u00eds e, como non, ETA e os seus presos. Contando sempre cos altofalantes de Ferreras, Inda, Ana Rosa, Vall\u00e9s, Pastor, Griso, Los Santos \u2026 que patrocinaron e acubillaron ao extremocentro e as s\u00faas mentiras coa intenci\u00f3n de liberar a Espa\u00f1a do okupa da Moncloa, de filoterroristas, comunistas, golpistas e puigdemonts varios. Todos, sen excepci\u00f3n, se atendemos \u00e1s acepci\u00f3ns 2 e 3 do dicionario: \u201cpersoas taimadas, astutas, solapadas que afectan simpleza por non traballar honestamente\u201d, superar\u00edan un casting para facer un cameo na serie Zorr@s.<\/p>\n\n\n\n<p>Este proceso electoral pasar\u00e1 \u00e1 historia pola gran repercusi\u00f3n que tiveron, como garantes de veracidade, os teletipos. Nun de tantos que lin asegur\u00e1base que Feijoo o d\u00eda anterior \u00e1 celebraci\u00f3n do debate a tres, enviou unha carta a televisi\u00f3n espa\u00f1ola para poder participar no mesmo e que dende TVE contest\u00e1ronlle que non pod\u00eda ser porque xa non ti\u00f1an tempo para conseguir un cuarto atril.<\/p>\n\n\n\n<p>Noutro, que o Partido Popular denunci\u00e1rase a si mesmo porque sospeitaba que no reconto do voto estranxeiro houbo un pucherazo, do que eles mesmo se beneficiaron, xa que lle roubaron un escano aos socialistas.&nbsp;<\/p>\n\n\n\n<p>O \u00faltimo que me chegou foi un no que S\u00e1nchez prop\u00f3n facilitar un goberno do PP se este se compromete a desenterrar \u00e1s m\u00e1is de 100.000 persoas sepultadas nas cunetas espa\u00f1olas, para entregar os restos \u00e1s familias e poidan ter unha inhumaci\u00f3n digna. Pero o partido de Ayuso respondeu que \u201chai li\u00f1as vermellas que non est\u00e1n dispostos a cruzar\u201d e que as vitimas de ETA lle est\u00e1n a solicitar que meta nunha c\u00e1rcere flotante a t\u00f3dolos presos da banda que non saiban nadar, tal \u00e9 como fan os conservadores brit\u00e1nicos.<\/p>\n\n\n\n<p><a><\/a> Pero a \u201cFesta da Democracia\u201d non fixo m\u00e1is que comezar. De aqu\u00ed \u00e1 investidura, a caverna medi\u00e1tica baleirar\u00e1 os dep\u00f3sitos de munici\u00f3n, que non lle deu tempo a utilizar na campa\u00f1a, coa intenci\u00f3n de emponzo\u00f1ar todo o que poida o normal proceso de intentar formar un goberno Frankenstein, un dos meus terrores favoritos de ficci\u00f3n. Eles prefiren a outra alternativa, a de un monstro real ao que xa lle gustar\u00eda ter a metade de humanidade, sensibilidade e decencia do ser creado polo doutor Victor Frankenstein. NA HIRoshima postnuclear vivir\u00edamos con menos radioactividade.<\/p>\n","protected":false},"excerpt":{"rendered":"<div class=\"mh-excerpt\"><p>En Tweeter deambulo por Onania practicando o abominable pecado da autocomplacencia. Esta rede reflexa a mi\u00f1a realidade vital, poucos seguidores, menos amigos, cero agregados, por ter non te\u00f1o nin haters <a class=\"mh-excerpt-more\" href=\"https:\/\/www.anovapeneira.gal\/index.php\/2023\/08\/09\/teletipos-feijoo\/\" title=\"Teletipos Feijoo\">[&#8230;]<\/a><\/p>\n<\/div>","protected":false},"author":22,"featured_media":584,"comment_status":"open","ping_status":"open","sticky":false,"template":"","format":"standard","meta":{"_exactmetrics_skip_tracking":false,"_exactmetrics_sitenote_active":false,"_exactmetrics_sitenote_note":"","_exactmetrics_sitenote_category":0,"footnotes":""},"categories":[7],"tags":[],"class_list":{"0":"post-10235","1":"post","2":"type-post","3":"status-publish","4":"format-standard","5":"has-post-thumbnail","7":"category-artigos-de-opinion"},"yoast_head":"<!-- This site is optimized with the Yoast SEO plugin v27.4 - https:\/\/yoast.com\/product\/yoast-seo-wordpress\/ -->\n<title>Teletipos Feijoo -<\/title>\n<meta name=\"description\" content=\"En Tweeter deambulo por Onania practicando o abominable pecado da autocomplacencia. Esta rede reflexa a mi\u00f1a realidade vital, poucos seguidores, menos amigos, cero agregados, por ter non te\u00f1o nin haters\" \/>\n<meta name=\"robots\" content=\"index, follow, max-snippet:-1, max-image-preview:large, max-video-preview:-1\" \/>\n<link rel=\"canonical\" href=\"https:\/\/www.anovapeneira.gal\/index.php\/2023\/08\/09\/teletipos-feijoo\/\" \/>\n<meta property=\"og:locale\" content=\"gl_ES\" \/>\n<meta property=\"og:type\" content=\"article\" \/>\n<meta property=\"og:title\" content=\"Teletipos Feijoo -\" \/>\n<meta property=\"og:description\" content=\"En Tweeter deambulo por Onania practicando o abominable pecado da autocomplacencia. Esta rede reflexa a mi\u00f1a realidade vital, poucos seguidores, menos amigos, cero agregados, por ter non te\u00f1o nin haters\" \/>\n<meta property=\"og:url\" content=\"https:\/\/www.anovapeneira.gal\/index.php\/2023\/08\/09\/teletipos-feijoo\/\" \/>\n<meta property=\"article:publisher\" content=\"https:\/\/www.facebook.com\/anovapeneira\" \/>\n<meta property=\"article:published_time\" content=\"2023-08-09T08:00:49+00:00\" \/>\n<meta property=\"og:image\" content=\"https:\/\/www.anovapeneira.gal\/wp-content\/uploads\/2019\/07\/ARTIGO_DE_OPINION_A_NOVA_PENEIRA.jpg\" \/>\n\t<meta property=\"og:image:width\" content=\"720\" \/>\n\t<meta property=\"og:image:height\" content=\"473\" \/>\n\t<meta property=\"og:image:type\" content=\"image\/jpeg\" \/>\n<meta name=\"author\" content=\"Xo\u00e1n Carlos Caballero\" \/>\n<meta name=\"twitter:card\" content=\"summary_large_image\" \/>\n<meta name=\"twitter:image\" content=\"https:\/\/www.anovapeneira.gal\/wp-content\/uploads\/2019\/07\/ARTIGO_DE_OPINION_A_NOVA_PENEIRA.jpg\" \/>\n<meta name=\"twitter:creator\" content=\"@APeneira\" \/>\n<meta name=\"twitter:site\" content=\"@APeneira\" \/>\n<meta name=\"twitter:label1\" content=\"Escrito por\" \/>\n\t<meta name=\"twitter:data1\" content=\"Xo\u00e1n Carlos Caballero\" \/>\n\t<meta name=\"twitter:label2\" content=\"Tempo de lectura\" \/>\n\t<meta name=\"twitter:data2\" content=\"6 minutos\" \/>\n<script type=\"application\/ld+json\" class=\"yoast-schema-graph\">{\"@context\":\"https:\\\/\\\/schema.org\",\"@graph\":[{\"@type\":\"Article\",\"@id\":\"https:\\\/\\\/www.anovapeneira.gal\\\/index.php\\\/2023\\\/08\\\/09\\\/teletipos-feijoo\\\/#article\",\"isPartOf\":{\"@id\":\"https:\\\/\\\/www.anovapeneira.gal\\\/index.php\\\/2023\\\/08\\\/09\\\/teletipos-feijoo\\\/\"},\"author\":{\"name\":\"Xo\u00e1n Carlos Caballero\",\"@id\":\"https:\\\/\\\/www.anovapeneira.gal\\\/#\\\/schema\\\/person\\\/1b50ea4c70279e2639668c02bf1674e5\"},\"headline\":\"Teletipos Feijoo\",\"datePublished\":\"2023-08-09T08:00:49+00:00\",\"mainEntityOfPage\":{\"@id\":\"https:\\\/\\\/www.anovapeneira.gal\\\/index.php\\\/2023\\\/08\\\/09\\\/teletipos-feijoo\\\/\"},\"wordCount\":967,\"commentCount\":0,\"publisher\":{\"@id\":\"https:\\\/\\\/www.anovapeneira.gal\\\/#organization\"},\"image\":{\"@id\":\"https:\\\/\\\/www.anovapeneira.gal\\\/index.php\\\/2023\\\/08\\\/09\\\/teletipos-feijoo\\\/#primaryimage\"},\"thumbnailUrl\":\"https:\\\/\\\/www.anovapeneira.gal\\\/wp-content\\\/uploads\\\/2019\\\/07\\\/ARTIGO_DE_OPINION_A_NOVA_PENEIRA.jpg\",\"articleSection\":[\"Artigos de opini\u00f3n\"],\"inLanguage\":\"gl-ES\",\"potentialAction\":[{\"@type\":\"CommentAction\",\"name\":\"Comment\",\"target\":[\"https:\\\/\\\/www.anovapeneira.gal\\\/index.php\\\/2023\\\/08\\\/09\\\/teletipos-feijoo\\\/#respond\"]}]},{\"@type\":\"WebPage\",\"@id\":\"https:\\\/\\\/www.anovapeneira.gal\\\/index.php\\\/2023\\\/08\\\/09\\\/teletipos-feijoo\\\/\",\"url\":\"https:\\\/\\\/www.anovapeneira.gal\\\/index.php\\\/2023\\\/08\\\/09\\\/teletipos-feijoo\\\/\",\"name\":\"Teletipos Feijoo -\",\"isPartOf\":{\"@id\":\"https:\\\/\\\/www.anovapeneira.gal\\\/#website\"},\"primaryImageOfPage\":{\"@id\":\"https:\\\/\\\/www.anovapeneira.gal\\\/index.php\\\/2023\\\/08\\\/09\\\/teletipos-feijoo\\\/#primaryimage\"},\"image\":{\"@id\":\"https:\\\/\\\/www.anovapeneira.gal\\\/index.php\\\/2023\\\/08\\\/09\\\/teletipos-feijoo\\\/#primaryimage\"},\"thumbnailUrl\":\"https:\\\/\\\/www.anovapeneira.gal\\\/wp-content\\\/uploads\\\/2019\\\/07\\\/ARTIGO_DE_OPINION_A_NOVA_PENEIRA.jpg\",\"datePublished\":\"2023-08-09T08:00:49+00:00\",\"description\":\"En Tweeter deambulo por Onania practicando o abominable pecado da autocomplacencia. Esta rede reflexa a mi\u00f1a realidade vital, poucos seguidores, menos amigos, cero agregados, por ter non te\u00f1o nin haters\",\"breadcrumb\":{\"@id\":\"https:\\\/\\\/www.anovapeneira.gal\\\/index.php\\\/2023\\\/08\\\/09\\\/teletipos-feijoo\\\/#breadcrumb\"},\"inLanguage\":\"gl-ES\",\"potentialAction\":[{\"@type\":\"ReadAction\",\"target\":[\"https:\\\/\\\/www.anovapeneira.gal\\\/index.php\\\/2023\\\/08\\\/09\\\/teletipos-feijoo\\\/\"]}]},{\"@type\":\"ImageObject\",\"inLanguage\":\"gl-ES\",\"@id\":\"https:\\\/\\\/www.anovapeneira.gal\\\/index.php\\\/2023\\\/08\\\/09\\\/teletipos-feijoo\\\/#primaryimage\",\"url\":\"https:\\\/\\\/www.anovapeneira.gal\\\/wp-content\\\/uploads\\\/2019\\\/07\\\/ARTIGO_DE_OPINION_A_NOVA_PENEIRA.jpg\",\"contentUrl\":\"https:\\\/\\\/www.anovapeneira.gal\\\/wp-content\\\/uploads\\\/2019\\\/07\\\/ARTIGO_DE_OPINION_A_NOVA_PENEIRA.jpg\",\"width\":720,\"height\":473,\"caption\":\"Artigo de opini\u00f3n A Nova Peneira\"},{\"@type\":\"BreadcrumbList\",\"@id\":\"https:\\\/\\\/www.anovapeneira.gal\\\/index.php\\\/2023\\\/08\\\/09\\\/teletipos-feijoo\\\/#breadcrumb\",\"itemListElement\":[{\"@type\":\"ListItem\",\"position\":1,\"name\":\"Portada\",\"item\":\"https:\\\/\\\/www.anovapeneira.gal\\\/\"},{\"@type\":\"ListItem\",\"position\":2,\"name\":\"Teletipos Feijoo\"}]},{\"@type\":\"WebSite\",\"@id\":\"https:\\\/\\\/www.anovapeneira.gal\\\/#website\",\"url\":\"https:\\\/\\\/www.anovapeneira.gal\\\/\",\"name\":\"\",\"description\":\"Xornal galego de informaci\u00f3n xeral Publicaci\u00f3n mensual de novas de Galicia e en especial dos Concellos da sur da provincia de Pontevedra.\",\"publisher\":{\"@id\":\"https:\\\/\\\/www.anovapeneira.gal\\\/#organization\"},\"potentialAction\":[{\"@type\":\"SearchAction\",\"target\":{\"@type\":\"EntryPoint\",\"urlTemplate\":\"https:\\\/\\\/www.anovapeneira.gal\\\/?s={search_term_string}\"},\"query-input\":{\"@type\":\"PropertyValueSpecification\",\"valueRequired\":true,\"valueName\":\"search_term_string\"}}],\"inLanguage\":\"gl-ES\"},{\"@type\":\"Organization\",\"@id\":\"https:\\\/\\\/www.anovapeneira.gal\\\/#organization\",\"name\":\"A Nova Peneira\",\"url\":\"https:\\\/\\\/www.anovapeneira.gal\\\/\",\"logo\":{\"@type\":\"ImageObject\",\"inLanguage\":\"gl-ES\",\"@id\":\"https:\\\/\\\/www.anovapeneira.gal\\\/#\\\/schema\\\/logo\\\/image\\\/\",\"url\":\"http:\\\/\\\/www.anovapeneira.gal\\\/wp-content\\\/uploads\\\/2019\\\/06\\\/logo_a_nova_peneira_portal_web.png\",\"contentUrl\":\"http:\\\/\\\/www.anovapeneira.gal\\\/wp-content\\\/uploads\\\/2019\\\/06\\\/logo_a_nova_peneira_portal_web.png\",\"width\":300,\"height\":100,\"caption\":\"A Nova Peneira\"},\"image\":{\"@id\":\"https:\\\/\\\/www.anovapeneira.gal\\\/#\\\/schema\\\/logo\\\/image\\\/\"},\"sameAs\":[\"https:\\\/\\\/www.facebook.com\\\/anovapeneira\",\"https:\\\/\\\/x.com\\\/APeneira\"]},{\"@type\":\"Person\",\"@id\":\"https:\\\/\\\/www.anovapeneira.gal\\\/#\\\/schema\\\/person\\\/1b50ea4c70279e2639668c02bf1674e5\",\"name\":\"Xo\u00e1n Carlos Caballero\",\"image\":{\"@type\":\"ImageObject\",\"inLanguage\":\"gl-ES\",\"@id\":\"https:\\\/\\\/secure.gravatar.com\\\/avatar\\\/3527a74f68662d57f3183bf223473824f80a9c34a28b750bb59badaf22fb2f38?s=96&d=mm&r=g\",\"url\":\"https:\\\/\\\/secure.gravatar.com\\\/avatar\\\/3527a74f68662d57f3183bf223473824f80a9c34a28b750bb59badaf22fb2f38?s=96&d=mm&r=g\",\"contentUrl\":\"https:\\\/\\\/secure.gravatar.com\\\/avatar\\\/3527a74f68662d57f3183bf223473824f80a9c34a28b750bb59badaf22fb2f38?s=96&d=mm&r=g\",\"caption\":\"Xo\u00e1n Carlos Caballero\"},\"sameAs\":[\"http:\\\/\\\/anovapeneira.gal\"],\"url\":\"https:\\\/\\\/www.anovapeneira.gal\\\/index.php\\\/author\\\/xoan-carlos-caballero\\\/\"}]}<\/script>\n<!-- \/ Yoast SEO plugin. -->","yoast_head_json":{"title":"Teletipos Feijoo -","description":"En Tweeter deambulo por Onania practicando o abominable pecado da autocomplacencia. Esta rede reflexa a mi\u00f1a realidade vital, poucos seguidores, menos amigos, cero agregados, por ter non te\u00f1o nin haters","robots":{"index":"index","follow":"follow","max-snippet":"max-snippet:-1","max-image-preview":"max-image-preview:large","max-video-preview":"max-video-preview:-1"},"canonical":"https:\/\/www.anovapeneira.gal\/index.php\/2023\/08\/09\/teletipos-feijoo\/","og_locale":"gl_ES","og_type":"article","og_title":"Teletipos Feijoo -","og_description":"En Tweeter deambulo por Onania practicando o abominable pecado da autocomplacencia. Esta rede reflexa a mi\u00f1a realidade vital, poucos seguidores, menos amigos, cero agregados, por ter non te\u00f1o nin haters","og_url":"https:\/\/www.anovapeneira.gal\/index.php\/2023\/08\/09\/teletipos-feijoo\/","article_publisher":"https:\/\/www.facebook.com\/anovapeneira","article_published_time":"2023-08-09T08:00:49+00:00","og_image":[{"width":720,"height":473,"url":"https:\/\/www.anovapeneira.gal\/wp-content\/uploads\/2019\/07\/ARTIGO_DE_OPINION_A_NOVA_PENEIRA.jpg","type":"image\/jpeg"}],"author":"Xo\u00e1n Carlos Caballero","twitter_card":"summary_large_image","twitter_image":"https:\/\/www.anovapeneira.gal\/wp-content\/uploads\/2019\/07\/ARTIGO_DE_OPINION_A_NOVA_PENEIRA.jpg","twitter_creator":"@APeneira","twitter_site":"@APeneira","twitter_misc":{"Escrito por":"Xo\u00e1n Carlos Caballero","Tempo de lectura":"6 minutos"},"schema":{"@context":"https:\/\/schema.org","@graph":[{"@type":"Article","@id":"https:\/\/www.anovapeneira.gal\/index.php\/2023\/08\/09\/teletipos-feijoo\/#article","isPartOf":{"@id":"https:\/\/www.anovapeneira.gal\/index.php\/2023\/08\/09\/teletipos-feijoo\/"},"author":{"name":"Xo\u00e1n Carlos Caballero","@id":"https:\/\/www.anovapeneira.gal\/#\/schema\/person\/1b50ea4c70279e2639668c02bf1674e5"},"headline":"Teletipos Feijoo","datePublished":"2023-08-09T08:00:49+00:00","mainEntityOfPage":{"@id":"https:\/\/www.anovapeneira.gal\/index.php\/2023\/08\/09\/teletipos-feijoo\/"},"wordCount":967,"commentCount":0,"publisher":{"@id":"https:\/\/www.anovapeneira.gal\/#organization"},"image":{"@id":"https:\/\/www.anovapeneira.gal\/index.php\/2023\/08\/09\/teletipos-feijoo\/#primaryimage"},"thumbnailUrl":"https:\/\/www.anovapeneira.gal\/wp-content\/uploads\/2019\/07\/ARTIGO_DE_OPINION_A_NOVA_PENEIRA.jpg","articleSection":["Artigos de opini\u00f3n"],"inLanguage":"gl-ES","potentialAction":[{"@type":"CommentAction","name":"Comment","target":["https:\/\/www.anovapeneira.gal\/index.php\/2023\/08\/09\/teletipos-feijoo\/#respond"]}]},{"@type":"WebPage","@id":"https:\/\/www.anovapeneira.gal\/index.php\/2023\/08\/09\/teletipos-feijoo\/","url":"https:\/\/www.anovapeneira.gal\/index.php\/2023\/08\/09\/teletipos-feijoo\/","name":"Teletipos Feijoo -","isPartOf":{"@id":"https:\/\/www.anovapeneira.gal\/#website"},"primaryImageOfPage":{"@id":"https:\/\/www.anovapeneira.gal\/index.php\/2023\/08\/09\/teletipos-feijoo\/#primaryimage"},"image":{"@id":"https:\/\/www.anovapeneira.gal\/index.php\/2023\/08\/09\/teletipos-feijoo\/#primaryimage"},"thumbnailUrl":"https:\/\/www.anovapeneira.gal\/wp-content\/uploads\/2019\/07\/ARTIGO_DE_OPINION_A_NOVA_PENEIRA.jpg","datePublished":"2023-08-09T08:00:49+00:00","description":"En Tweeter deambulo por Onania practicando o abominable pecado da autocomplacencia. Esta rede reflexa a mi\u00f1a realidade vital, poucos seguidores, menos amigos, cero agregados, por ter non te\u00f1o nin haters","breadcrumb":{"@id":"https:\/\/www.anovapeneira.gal\/index.php\/2023\/08\/09\/teletipos-feijoo\/#breadcrumb"},"inLanguage":"gl-ES","potentialAction":[{"@type":"ReadAction","target":["https:\/\/www.anovapeneira.gal\/index.php\/2023\/08\/09\/teletipos-feijoo\/"]}]},{"@type":"ImageObject","inLanguage":"gl-ES","@id":"https:\/\/www.anovapeneira.gal\/index.php\/2023\/08\/09\/teletipos-feijoo\/#primaryimage","url":"https:\/\/www.anovapeneira.gal\/wp-content\/uploads\/2019\/07\/ARTIGO_DE_OPINION_A_NOVA_PENEIRA.jpg","contentUrl":"https:\/\/www.anovapeneira.gal\/wp-content\/uploads\/2019\/07\/ARTIGO_DE_OPINION_A_NOVA_PENEIRA.jpg","width":720,"height":473,"caption":"Artigo de opini\u00f3n A Nova Peneira"},{"@type":"BreadcrumbList","@id":"https:\/\/www.anovapeneira.gal\/index.php\/2023\/08\/09\/teletipos-feijoo\/#breadcrumb","itemListElement":[{"@type":"ListItem","position":1,"name":"Portada","item":"https:\/\/www.anovapeneira.gal\/"},{"@type":"ListItem","position":2,"name":"Teletipos Feijoo"}]},{"@type":"WebSite","@id":"https:\/\/www.anovapeneira.gal\/#website","url":"https:\/\/www.anovapeneira.gal\/","name":"","description":"Xornal galego de informaci\u00f3n xeral Publicaci\u00f3n mensual de novas de Galicia e en especial dos Concellos da sur da provincia de Pontevedra.","publisher":{"@id":"https:\/\/www.anovapeneira.gal\/#organization"},"potentialAction":[{"@type":"SearchAction","target":{"@type":"EntryPoint","urlTemplate":"https:\/\/www.anovapeneira.gal\/?s={search_term_string}"},"query-input":{"@type":"PropertyValueSpecification","valueRequired":true,"valueName":"search_term_string"}}],"inLanguage":"gl-ES"},{"@type":"Organization","@id":"https:\/\/www.anovapeneira.gal\/#organization","name":"A Nova Peneira","url":"https:\/\/www.anovapeneira.gal\/","logo":{"@type":"ImageObject","inLanguage":"gl-ES","@id":"https:\/\/www.anovapeneira.gal\/#\/schema\/logo\/image\/","url":"http:\/\/www.anovapeneira.gal\/wp-content\/uploads\/2019\/06\/logo_a_nova_peneira_portal_web.png","contentUrl":"http:\/\/www.anovapeneira.gal\/wp-content\/uploads\/2019\/06\/logo_a_nova_peneira_portal_web.png","width":300,"height":100,"caption":"A Nova Peneira"},"image":{"@id":"https:\/\/www.anovapeneira.gal\/#\/schema\/logo\/image\/"},"sameAs":["https:\/\/www.facebook.com\/anovapeneira","https:\/\/x.com\/APeneira"]},{"@type":"Person","@id":"https:\/\/www.anovapeneira.gal\/#\/schema\/person\/1b50ea4c70279e2639668c02bf1674e5","name":"Xo\u00e1n Carlos Caballero","image":{"@type":"ImageObject","inLanguage":"gl-ES","@id":"https:\/\/secure.gravatar.com\/avatar\/3527a74f68662d57f3183bf223473824f80a9c34a28b750bb59badaf22fb2f38?s=96&d=mm&r=g","url":"https:\/\/secure.gravatar.com\/avatar\/3527a74f68662d57f3183bf223473824f80a9c34a28b750bb59badaf22fb2f38?s=96&d=mm&r=g","contentUrl":"https:\/\/secure.gravatar.com\/avatar\/3527a74f68662d57f3183bf223473824f80a9c34a28b750bb59badaf22fb2f38?s=96&d=mm&r=g","caption":"Xo\u00e1n Carlos Caballero"},"sameAs":["http:\/\/anovapeneira.gal"],"url":"https:\/\/www.anovapeneira.gal\/index.php\/author\/xoan-carlos-caballero\/"}]}},"jetpack_featured_media_url":"https:\/\/www.anovapeneira.gal\/wp-content\/uploads\/2019\/07\/ARTIGO_DE_OPINION_A_NOVA_PENEIRA.jpg","_links":{"self":[{"href":"https:\/\/www.anovapeneira.gal\/index.php\/wp-json\/wp\/v2\/posts\/10235","targetHints":{"allow":["GET"]}}],"collection":[{"href":"https:\/\/www.anovapeneira.gal\/index.php\/wp-json\/wp\/v2\/posts"}],"about":[{"href":"https:\/\/www.anovapeneira.gal\/index.php\/wp-json\/wp\/v2\/types\/post"}],"author":[{"embeddable":true,"href":"https:\/\/www.anovapeneira.gal\/index.php\/wp-json\/wp\/v2\/users\/22"}],"replies":[{"embeddable":true,"href":"https:\/\/www.anovapeneira.gal\/index.php\/wp-json\/wp\/v2\/comments?post=10235"}],"version-history":[{"count":2,"href":"https:\/\/www.anovapeneira.gal\/index.php\/wp-json\/wp\/v2\/posts\/10235\/revisions"}],"predecessor-version":[{"id":10237,"href":"https:\/\/www.anovapeneira.gal\/index.php\/wp-json\/wp\/v2\/posts\/10235\/revisions\/10237"}],"wp:featuredmedia":[{"embeddable":true,"href":"https:\/\/www.anovapeneira.gal\/index.php\/wp-json\/wp\/v2\/media\/584"}],"wp:attachment":[{"href":"https:\/\/www.anovapeneira.gal\/index.php\/wp-json\/wp\/v2\/media?parent=10235"}],"wp:term":[{"taxonomy":"category","embeddable":true,"href":"https:\/\/www.anovapeneira.gal\/index.php\/wp-json\/wp\/v2\/categories?post=10235"},{"taxonomy":"post_tag","embeddable":true,"href":"https:\/\/www.anovapeneira.gal\/index.php\/wp-json\/wp\/v2\/tags?post=10235"}],"curies":[{"name":"wp","href":"https:\/\/api.w.org\/{rel}","templated":true}]}}