{"id":10238,"date":"2023-08-09T12:00:26","date_gmt":"2023-08-09T10:00:26","guid":{"rendered":"https:\/\/www.anovapeneira.gal\/?p=10238"},"modified":"2023-08-04T10:36:51","modified_gmt":"2023-08-04T08:36:51","slug":"devastador-informe-do-consello-da-cultura-galega-sobre-as-irregularidades-no-proceso-administrativo-e-de-construccion-do-proxecto-eolico-acibal","status":"publish","type":"post","link":"https:\/\/www.anovapeneira.gal\/index.php\/2023\/08\/09\/devastador-informe-do-consello-da-cultura-galega-sobre-as-irregularidades-no-proceso-administrativo-e-de-construccion-do-proxecto-eolico-acibal\/","title":{"rendered":"Devastador informe do Consello da Cultura Galega sobre as irregularidades no proceso administrativo e de construcci\u00f3n do Proxecto E\u00f3lico ACIBAL"},"content":{"rendered":"\n<p>Desde &#8220;Ecoloxistas en Acci\u00f3n Galiza Atl\u00e1ntica e Verde&#8221;, &#8220;Pet\u00f3n do Lobo&#8221; e &#8220;Cova Crea&#8221; e diferentes colectivos veci\u00f1ais solicitamos ao CCG, o pasado 12 de abril de 2023, un informe acerca da posible afectaci\u00f3n ao patrimonio cultural e aos ach\u00e1degos arqueol\u00f3xicos do Monte Acibal. (Amil, Mora\u00f1a)<\/p>\n\n\n\n<p>Estas mesmas asociaci\u00f3ns e colectivos solicitaramos xa con anterioridade a paralizaci\u00f3n inmediata do parque e\u00f3lico Acibal, pola s\u00faa afectaci\u00f3n ao humidal de Bra\u00f1as do Amil e sobre a masa protexida de auga soterrada Caldas- O Saln\u00e9s advertindo dunha &#8220;grave alteraci\u00f3n hidrol\u00f3xica&#8221; do humidal e dos mananciais de auga potable polas obras para instalar os aeroxeradores.<\/p>\n\n\n\n<p>Advertimos ademais do posible incumprimento das condici\u00f3ns da DIA do parque e\u00f3lico Acibal. Durante a execuci\u00f3n das obras e de construci\u00f3n do parque e\u00f3lico e o control e seguimento arqueol\u00f3xico realizouse de maneira deficiente posto que varios elementos patrimoniais remataron danados.<\/p>\n\n\n\n<p>Constan na hemeroteca declaraci\u00f3ns de Francisco Conde, vicepresidente da Xunta de Galicia e conselleiro de Econom\u00eda e lndustria, nas que aseguraba que se paralizar\u00edan parcialmente as obras do parque e\u00f3lico Acibal na zona onde apareceron os \u00faltimos petr\u00f3glifos engadindo que se van &#8220;respectar os achados arqueol\u00f3xicos, do mesmo modo que se est\u00e1 facendo coa totalidade dos proxectos xa aprobados&#8221;.<\/p>\n\n\n\n<p>O informe do Consello da Cultura Galega, do que se acompa\u00f1a unha copia \u00edntegra, ofrece as seguintes<\/p>\n\n\n\n<p>Conclusi\u00f3ns:<\/p>\n\n\n\n<p>&#8211; A primeira e principal conclusi\u00f3n da an\u00e1lise do proceso de tramitaci\u00f3n e execuci\u00f3n do parque e\u00f3lico Acibal ref\u00edrese \u00e1 insuficiencia tanto do reco\u00f1ecemento dos elementos patrimoniais naturais e culturais, como tam\u00e9n das medidas de protecci\u00f3n destes e da paisaxe. C\u00f3mpre salientar que non foi posible revisar a informaci\u00f3n relativa ao expediente do parque e\u00f3lico, non facilitada pola DXP a pesares de serlle formalmente solicitada.<\/p>\n\n\n\n<p>&#8211; A identificaci\u00f3n na avaliaci\u00f3n ambiental da zona h\u00famida das Bra\u00f1as de Amil non seguiu a s\u00faa inclusi\u00f3n no Inventario de zonas h\u00famidas de Galicia, que ter\u00eda que realizarse de oficio. De feito, a delimitaci\u00f3n e protecci\u00f3n destes humidais \u00e9 imprescindible para a salvagarda do patrimonio natural diante deste tipo de afecci\u00f3ns, igual que \u00e9 necesaria unha definici\u00f3n e aplicaci\u00f3n moito m\u00e1is esixente e con m\u00e1is garant\u00edas das medidas de protecci\u00f3n, que o que se levou a cabo neste parque e\u00f3lico.<\/p>\n\n\n\n<p>&#8211; Estes aspectos son extensibles \u00e1 caracterizaci\u00f3n e salvagarda do patrimonio cultural. C\u00f3mpre a realizaci\u00f3n dunha prospecci\u00f3n arqueol\u00f3xica superficial de toda a \u00e1rea afectada polo proxecto de construci\u00f3n que se estea a avaliar, e do seu contorno inmediato. Esta prospecci\u00f3n ten como obxectivo a identificaci\u00f3n, catalogaci\u00f3n e delimitaci\u00f3n dos restos arqueol\u00f3xicos conservados, para proceder \u00e1 s\u00faa protecci\u00f3n e salvagarda.<\/p>\n\n\n\n<p>&#8211; O Cat\u00e1logo das paisaxes de Galicia prop\u00f3n a identificaci\u00f3n dos elementos ou composici\u00f3ns que caracterizan cada \u00e1mbito dunha forma m\u00e1is espec\u00edfica. No caso do parque e\u00f3lico Acibal esta tarefa non se realizou, nin no Cat\u00e1logo, nin na avaliaci\u00f3n ambiental do ano 2020, nin no planeamento urban\u00edstico que \u00e9 anterior a este Cat\u00e1logo. As\u00ed, non se identificou a unidade de paisaxe e non se avaliou o grao de impacto dentro da \u00e1rea de aproveitamento e\u00f3lico sobre os valores paisax\u00edsticos, naturais ou ecol\u00f3xicos, culturais ou patrimoniais, e est\u00e9ticos ou panor\u00e1micos considerados de maneira integrada.<\/p>\n\n\n\n<p>&#8211; No parque e\u00f3lico Acibal non se chegou a realizar unha identificaci\u00f3n previa \u00e1 execuci\u00f3n do mesmo do patrimonio cultural, nin do arqueol\u00f3xico, nin do inmaterial, e cando se fixo no transcurso das obras, todo indica que se xestionaron os elementos como bens illados da paisaxe, do ambiente e do medio social.<\/p>\n\n\n\n<p>&#8211; No proceso de informaci\u00f3n p\u00fablica non se valorizan as alegaci\u00f3ns que responden a un co\u00f1ecemento directo da cidadan\u00eda da paisaxe cultural, co\u00f1ecemento resultado dunha herdanza de s\u00e9culos de manexo do territorio.<\/p>\n\n\n\n<p>&#8211; A mobilizaci\u00f3n social das comunidades locais na defensa do seu territorio e do seu patrimonio non ten o seu reflexo no lado da administraci\u00f3n. De feito, non se lles reco\u00f1ece o dereito a ser parte das decisi\u00f3ns que afectan aos territorios nos que viven. E a\u00ednda m\u00e1is, non existe transparencia na toma de decisi\u00f3ns e non se lles facilita unha informaci\u00f3n directa, completa, clara e accesible.<\/p>\n\n\n\n<p>&#8211; O estudo deste caso pon en evidencia a necesidade urxente dunha avaliaci\u00f3n cualitativa das pol\u00edticas p\u00fablicas no \u00e1mbito do desenvolvemento e\u00f3lico. Mais tam\u00e9n da protecci\u00f3n da paisaxe, do patrimonio natural e cultural que analice resultados e impactos, enfocando os resultados cara a un mellor e m\u00e1is integrado dese\u00f1o destas pol\u00edticas en Galicia.<\/p>\n\n\n\n<p>&#8211; Na avaliaci\u00f3n ambiental dos parques d\u00e9bese ter en conta o sinalado en Consello da Cultura Galega (2021) revisando os conceptos e criterios de protecci\u00f3n do patrimonio natural, cultural e da paisaxe atendendo \u00e1s normas vixentes, establecendo a protecci\u00f3n que lles corresponde.<\/p>\n\n\n\n<p>&#8211; C\u00f3mpre avaliar de maneira conxunta todos os parques e\u00f3licos contiguos que comparten infraestruturas com\u00fans, e analizar os seus efectos acumulativos.<\/p>\n\n\n\n<p>&#8211; D\u00e9bese contar coas comunidades locais polo seu co\u00f1ecemento do territorio, sen negarlles o dereito a ser parte das decisi\u00f3ns que afectan \u00e1 s\u00faa relaci\u00f3n co territorio que habitan.<\/p>\n","protected":false},"excerpt":{"rendered":"<div class=\"mh-excerpt\"><p>Desde &#8220;Ecoloxistas en Acci\u00f3n Galiza Atl\u00e1ntica e Verde&#8221;, &#8220;Pet\u00f3n do Lobo&#8221; e &#8220;Cova Crea&#8221; e diferentes colectivos veci\u00f1ais solicitamos ao CCG, o pasado 12 de abril de 2023, un informe acerca da posible afectaci\u00f3n ao patrimonio cultural e aos ach\u00e1degos arqueol\u00f3xicos do Monte Acibal <a class=\"mh-excerpt-more\" href=\"https:\/\/www.anovapeneira.gal\/index.php\/2023\/08\/09\/devastador-informe-do-consello-da-cultura-galega-sobre-as-irregularidades-no-proceso-administrativo-e-de-construccion-do-proxecto-eolico-acibal\/\" title=\"Devastador informe do Consello da Cultura Galega sobre as irregularidades no proceso administrativo e de construcci\u00f3n do Proxecto E\u00f3lico ACIBAL\">[&#8230;]<\/a><\/p>\n<\/div>","protected":false},"author":3,"featured_media":10240,"comment_status":"open","ping_status":"open","sticky":false,"template":"","format":"standard","meta":{"_exactmetrics_skip_tracking":false,"_exactmetrics_sitenote_active":false,"_exactmetrics_sitenote_note":"","_exactmetrics_sitenote_category":0,"footnotes":""},"categories":[263],"tags":[1367],"class_list":{"0":"post-10238","1":"post","2":"type-post","3":"status-publish","4":"format-standard","5":"has-post-thumbnail","7":"category-novas","8":"tag-acibal"},"yoast_head":"<!-- This site is optimized with the Yoast SEO plugin v27.4 - https:\/\/yoast.com\/product\/yoast-seo-wordpress\/ -->\n<title>Devastador informe do Consello da Cultura Galega sobre as irregularidades no proceso administrativo e de construcci\u00f3n do Proxecto E\u00f3lico ACIBAL -<\/title>\n<meta name=\"description\" content=\"Desde &quot;Ecoloxistas en Acci\u00f3n Galiza Atl\u00e1ntica e Verde&quot;, &quot;Pet\u00f3n do Lobo&quot; e &quot;Cova Crea&quot; e diferentes colectivos veci\u00f1ais solicitamos ao CCG, o pasado 12 de abril de 2023, un informe acerca da posible afectaci\u00f3n ao patrimonio cultural e aos ach\u00e1degos arqueol\u00f3xicos do Monte Acibal\" \/>\n<meta name=\"robots\" content=\"index, follow, max-snippet:-1, max-image-preview:large, max-video-preview:-1\" \/>\n<link rel=\"canonical\" href=\"https:\/\/www.anovapeneira.gal\/index.php\/2023\/08\/09\/devastador-informe-do-consello-da-cultura-galega-sobre-as-irregularidades-no-proceso-administrativo-e-de-construccion-do-proxecto-eolico-acibal\/\" \/>\n<meta property=\"og:locale\" content=\"gl_ES\" \/>\n<meta property=\"og:type\" content=\"article\" \/>\n<meta property=\"og:title\" content=\"Devastador informe do Consello da Cultura Galega sobre as irregularidades no proceso administrativo e de construcci\u00f3n do Proxecto E\u00f3lico ACIBAL -\" \/>\n<meta property=\"og:description\" content=\"Desde &quot;Ecoloxistas en Acci\u00f3n Galiza Atl\u00e1ntica e Verde&quot;, &quot;Pet\u00f3n do Lobo&quot; e &quot;Cova Crea&quot; e diferentes colectivos veci\u00f1ais solicitamos ao CCG, o pasado 12 de abril de 2023, un informe acerca da posible afectaci\u00f3n ao patrimonio cultural e aos ach\u00e1degos arqueol\u00f3xicos do Monte Acibal\" \/>\n<meta property=\"og:url\" content=\"https:\/\/www.anovapeneira.gal\/index.php\/2023\/08\/09\/devastador-informe-do-consello-da-cultura-galega-sobre-as-irregularidades-no-proceso-administrativo-e-de-construccion-do-proxecto-eolico-acibal\/\" \/>\n<meta property=\"article:publisher\" content=\"https:\/\/www.facebook.com\/anovapeneira\" \/>\n<meta property=\"article:published_time\" content=\"2023-08-09T10:00:26+00:00\" \/>\n<meta property=\"og:image\" content=\"https:\/\/www.anovapeneira.gal\/wp-content\/uploads\/2023\/08\/ACIBAL.jpg\" \/>\n\t<meta property=\"og:image:width\" content=\"720\" \/>\n\t<meta property=\"og:image:height\" content=\"432\" \/>\n\t<meta property=\"og:image:type\" content=\"image\/jpeg\" \/>\n<meta name=\"author\" content=\"Redacci\u00f3n A Nova Peneira\" \/>\n<meta name=\"twitter:card\" content=\"summary_large_image\" \/>\n<meta name=\"twitter:creator\" content=\"@APeneira\" \/>\n<meta name=\"twitter:site\" content=\"@APeneira\" \/>\n<meta name=\"twitter:label1\" content=\"Escrito por\" \/>\n\t<meta name=\"twitter:data1\" content=\"Redacci\u00f3n A Nova Peneira\" \/>\n\t<meta name=\"twitter:label2\" content=\"Tempo de lectura\" \/>\n\t<meta name=\"twitter:data2\" content=\"5 minutos\" \/>\n<script type=\"application\/ld+json\" class=\"yoast-schema-graph\">{\"@context\":\"https:\\\/\\\/schema.org\",\"@graph\":[{\"@type\":\"Article\",\"@id\":\"https:\\\/\\\/www.anovapeneira.gal\\\/index.php\\\/2023\\\/08\\\/09\\\/devastador-informe-do-consello-da-cultura-galega-sobre-as-irregularidades-no-proceso-administrativo-e-de-construccion-do-proxecto-eolico-acibal\\\/#article\",\"isPartOf\":{\"@id\":\"https:\\\/\\\/www.anovapeneira.gal\\\/index.php\\\/2023\\\/08\\\/09\\\/devastador-informe-do-consello-da-cultura-galega-sobre-as-irregularidades-no-proceso-administrativo-e-de-construccion-do-proxecto-eolico-acibal\\\/\"},\"author\":{\"name\":\"Redacci\u00f3n A Nova Peneira\",\"@id\":\"https:\\\/\\\/www.anovapeneira.gal\\\/#\\\/schema\\\/person\\\/b93e3f8932e3f8da96334607eb6ac6aa\"},\"headline\":\"Devastador informe do Consello da Cultura Galega sobre as irregularidades no proceso administrativo e de construcci\u00f3n do Proxecto E\u00f3lico ACIBAL\",\"datePublished\":\"2023-08-09T10:00:26+00:00\",\"mainEntityOfPage\":{\"@id\":\"https:\\\/\\\/www.anovapeneira.gal\\\/index.php\\\/2023\\\/08\\\/09\\\/devastador-informe-do-consello-da-cultura-galega-sobre-as-irregularidades-no-proceso-administrativo-e-de-construccion-do-proxecto-eolico-acibal\\\/\"},\"wordCount\":953,\"commentCount\":0,\"publisher\":{\"@id\":\"https:\\\/\\\/www.anovapeneira.gal\\\/#organization\"},\"image\":{\"@id\":\"https:\\\/\\\/www.anovapeneira.gal\\\/index.php\\\/2023\\\/08\\\/09\\\/devastador-informe-do-consello-da-cultura-galega-sobre-as-irregularidades-no-proceso-administrativo-e-de-construccion-do-proxecto-eolico-acibal\\\/#primaryimage\"},\"thumbnailUrl\":\"https:\\\/\\\/www.anovapeneira.gal\\\/wp-content\\\/uploads\\\/2023\\\/08\\\/ACIBAL.jpg\",\"keywords\":[\"ACIBAL\"],\"articleSection\":[\"Novas\"],\"inLanguage\":\"gl-ES\",\"potentialAction\":[{\"@type\":\"CommentAction\",\"name\":\"Comment\",\"target\":[\"https:\\\/\\\/www.anovapeneira.gal\\\/index.php\\\/2023\\\/08\\\/09\\\/devastador-informe-do-consello-da-cultura-galega-sobre-as-irregularidades-no-proceso-administrativo-e-de-construccion-do-proxecto-eolico-acibal\\\/#respond\"]}]},{\"@type\":\"WebPage\",\"@id\":\"https:\\\/\\\/www.anovapeneira.gal\\\/index.php\\\/2023\\\/08\\\/09\\\/devastador-informe-do-consello-da-cultura-galega-sobre-as-irregularidades-no-proceso-administrativo-e-de-construccion-do-proxecto-eolico-acibal\\\/\",\"url\":\"https:\\\/\\\/www.anovapeneira.gal\\\/index.php\\\/2023\\\/08\\\/09\\\/devastador-informe-do-consello-da-cultura-galega-sobre-as-irregularidades-no-proceso-administrativo-e-de-construccion-do-proxecto-eolico-acibal\\\/\",\"name\":\"Devastador informe do Consello da Cultura Galega sobre as irregularidades no proceso administrativo e de construcci\u00f3n do Proxecto E\u00f3lico ACIBAL -\",\"isPartOf\":{\"@id\":\"https:\\\/\\\/www.anovapeneira.gal\\\/#website\"},\"primaryImageOfPage\":{\"@id\":\"https:\\\/\\\/www.anovapeneira.gal\\\/index.php\\\/2023\\\/08\\\/09\\\/devastador-informe-do-consello-da-cultura-galega-sobre-as-irregularidades-no-proceso-administrativo-e-de-construccion-do-proxecto-eolico-acibal\\\/#primaryimage\"},\"image\":{\"@id\":\"https:\\\/\\\/www.anovapeneira.gal\\\/index.php\\\/2023\\\/08\\\/09\\\/devastador-informe-do-consello-da-cultura-galega-sobre-as-irregularidades-no-proceso-administrativo-e-de-construccion-do-proxecto-eolico-acibal\\\/#primaryimage\"},\"thumbnailUrl\":\"https:\\\/\\\/www.anovapeneira.gal\\\/wp-content\\\/uploads\\\/2023\\\/08\\\/ACIBAL.jpg\",\"datePublished\":\"2023-08-09T10:00:26+00:00\",\"description\":\"Desde \\\"Ecoloxistas en Acci\u00f3n Galiza Atl\u00e1ntica e Verde\\\", \\\"Pet\u00f3n do Lobo\\\" e \\\"Cova Crea\\\" e diferentes colectivos veci\u00f1ais solicitamos ao CCG, o pasado 12 de abril de 2023, un informe acerca da posible afectaci\u00f3n ao patrimonio cultural e aos ach\u00e1degos arqueol\u00f3xicos do Monte Acibal\",\"breadcrumb\":{\"@id\":\"https:\\\/\\\/www.anovapeneira.gal\\\/index.php\\\/2023\\\/08\\\/09\\\/devastador-informe-do-consello-da-cultura-galega-sobre-as-irregularidades-no-proceso-administrativo-e-de-construccion-do-proxecto-eolico-acibal\\\/#breadcrumb\"},\"inLanguage\":\"gl-ES\",\"potentialAction\":[{\"@type\":\"ReadAction\",\"target\":[\"https:\\\/\\\/www.anovapeneira.gal\\\/index.php\\\/2023\\\/08\\\/09\\\/devastador-informe-do-consello-da-cultura-galega-sobre-as-irregularidades-no-proceso-administrativo-e-de-construccion-do-proxecto-eolico-acibal\\\/\"]}]},{\"@type\":\"ImageObject\",\"inLanguage\":\"gl-ES\",\"@id\":\"https:\\\/\\\/www.anovapeneira.gal\\\/index.php\\\/2023\\\/08\\\/09\\\/devastador-informe-do-consello-da-cultura-galega-sobre-as-irregularidades-no-proceso-administrativo-e-de-construccion-do-proxecto-eolico-acibal\\\/#primaryimage\",\"url\":\"https:\\\/\\\/www.anovapeneira.gal\\\/wp-content\\\/uploads\\\/2023\\\/08\\\/ACIBAL.jpg\",\"contentUrl\":\"https:\\\/\\\/www.anovapeneira.gal\\\/wp-content\\\/uploads\\\/2023\\\/08\\\/ACIBAL.jpg\",\"width\":720,\"height\":432,\"caption\":\"ACIBAL\"},{\"@type\":\"BreadcrumbList\",\"@id\":\"https:\\\/\\\/www.anovapeneira.gal\\\/index.php\\\/2023\\\/08\\\/09\\\/devastador-informe-do-consello-da-cultura-galega-sobre-as-irregularidades-no-proceso-administrativo-e-de-construccion-do-proxecto-eolico-acibal\\\/#breadcrumb\",\"itemListElement\":[{\"@type\":\"ListItem\",\"position\":1,\"name\":\"Portada\",\"item\":\"https:\\\/\\\/www.anovapeneira.gal\\\/\"},{\"@type\":\"ListItem\",\"position\":2,\"name\":\"Devastador informe do Consello da Cultura Galega sobre as irregularidades no proceso administrativo e de construcci\u00f3n do Proxecto E\u00f3lico ACIBAL\"}]},{\"@type\":\"WebSite\",\"@id\":\"https:\\\/\\\/www.anovapeneira.gal\\\/#website\",\"url\":\"https:\\\/\\\/www.anovapeneira.gal\\\/\",\"name\":\"\",\"description\":\"Xornal galego de informaci\u00f3n xeral Publicaci\u00f3n mensual de novas de Galicia e en especial dos Concellos da sur da provincia de Pontevedra.\",\"publisher\":{\"@id\":\"https:\\\/\\\/www.anovapeneira.gal\\\/#organization\"},\"potentialAction\":[{\"@type\":\"SearchAction\",\"target\":{\"@type\":\"EntryPoint\",\"urlTemplate\":\"https:\\\/\\\/www.anovapeneira.gal\\\/?s={search_term_string}\"},\"query-input\":{\"@type\":\"PropertyValueSpecification\",\"valueRequired\":true,\"valueName\":\"search_term_string\"}}],\"inLanguage\":\"gl-ES\"},{\"@type\":\"Organization\",\"@id\":\"https:\\\/\\\/www.anovapeneira.gal\\\/#organization\",\"name\":\"A Nova Peneira\",\"url\":\"https:\\\/\\\/www.anovapeneira.gal\\\/\",\"logo\":{\"@type\":\"ImageObject\",\"inLanguage\":\"gl-ES\",\"@id\":\"https:\\\/\\\/www.anovapeneira.gal\\\/#\\\/schema\\\/logo\\\/image\\\/\",\"url\":\"http:\\\/\\\/www.anovapeneira.gal\\\/wp-content\\\/uploads\\\/2019\\\/06\\\/logo_a_nova_peneira_portal_web.png\",\"contentUrl\":\"http:\\\/\\\/www.anovapeneira.gal\\\/wp-content\\\/uploads\\\/2019\\\/06\\\/logo_a_nova_peneira_portal_web.png\",\"width\":300,\"height\":100,\"caption\":\"A Nova Peneira\"},\"image\":{\"@id\":\"https:\\\/\\\/www.anovapeneira.gal\\\/#\\\/schema\\\/logo\\\/image\\\/\"},\"sameAs\":[\"https:\\\/\\\/www.facebook.com\\\/anovapeneira\",\"https:\\\/\\\/x.com\\\/APeneira\"]},{\"@type\":\"Person\",\"@id\":\"https:\\\/\\\/www.anovapeneira.gal\\\/#\\\/schema\\\/person\\\/b93e3f8932e3f8da96334607eb6ac6aa\",\"name\":\"Redacci\u00f3n A Nova Peneira\",\"image\":{\"@type\":\"ImageObject\",\"inLanguage\":\"gl-ES\",\"@id\":\"https:\\\/\\\/secure.gravatar.com\\\/avatar\\\/c052a2551a06e23fac63626232eaa90abd78dbcf1700fc46a2b2c89fd27b735f?s=96&d=mm&r=g\",\"url\":\"https:\\\/\\\/secure.gravatar.com\\\/avatar\\\/c052a2551a06e23fac63626232eaa90abd78dbcf1700fc46a2b2c89fd27b735f?s=96&d=mm&r=g\",\"contentUrl\":\"https:\\\/\\\/secure.gravatar.com\\\/avatar\\\/c052a2551a06e23fac63626232eaa90abd78dbcf1700fc46a2b2c89fd27b735f?s=96&d=mm&r=g\",\"caption\":\"Redacci\u00f3n A Nova Peneira\"},\"sameAs\":[\"http:\\\/\\\/www.anovapeneira.gal\\\/\"],\"url\":\"https:\\\/\\\/www.anovapeneira.gal\\\/index.php\\\/author\\\/redactor\\\/\"}]}<\/script>\n<!-- \/ Yoast SEO plugin. -->","yoast_head_json":{"title":"Devastador informe do Consello da Cultura Galega sobre as irregularidades no proceso administrativo e de construcci\u00f3n do Proxecto E\u00f3lico ACIBAL -","description":"Desde \"Ecoloxistas en Acci\u00f3n Galiza Atl\u00e1ntica e Verde\", \"Pet\u00f3n do Lobo\" e \"Cova Crea\" e diferentes colectivos veci\u00f1ais solicitamos ao CCG, o pasado 12 de abril de 2023, un informe acerca da posible afectaci\u00f3n ao patrimonio cultural e aos ach\u00e1degos arqueol\u00f3xicos do Monte Acibal","robots":{"index":"index","follow":"follow","max-snippet":"max-snippet:-1","max-image-preview":"max-image-preview:large","max-video-preview":"max-video-preview:-1"},"canonical":"https:\/\/www.anovapeneira.gal\/index.php\/2023\/08\/09\/devastador-informe-do-consello-da-cultura-galega-sobre-as-irregularidades-no-proceso-administrativo-e-de-construccion-do-proxecto-eolico-acibal\/","og_locale":"gl_ES","og_type":"article","og_title":"Devastador informe do Consello da Cultura Galega sobre as irregularidades no proceso administrativo e de construcci\u00f3n do Proxecto E\u00f3lico ACIBAL -","og_description":"Desde \"Ecoloxistas en Acci\u00f3n Galiza Atl\u00e1ntica e Verde\", \"Pet\u00f3n do Lobo\" e \"Cova Crea\" e diferentes colectivos veci\u00f1ais solicitamos ao CCG, o pasado 12 de abril de 2023, un informe acerca da posible afectaci\u00f3n ao patrimonio cultural e aos ach\u00e1degos arqueol\u00f3xicos do Monte Acibal","og_url":"https:\/\/www.anovapeneira.gal\/index.php\/2023\/08\/09\/devastador-informe-do-consello-da-cultura-galega-sobre-as-irregularidades-no-proceso-administrativo-e-de-construccion-do-proxecto-eolico-acibal\/","article_publisher":"https:\/\/www.facebook.com\/anovapeneira","article_published_time":"2023-08-09T10:00:26+00:00","og_image":[{"width":720,"height":432,"url":"https:\/\/www.anovapeneira.gal\/wp-content\/uploads\/2023\/08\/ACIBAL.jpg","type":"image\/jpeg"}],"author":"Redacci\u00f3n A Nova Peneira","twitter_card":"summary_large_image","twitter_creator":"@APeneira","twitter_site":"@APeneira","twitter_misc":{"Escrito por":"Redacci\u00f3n A Nova Peneira","Tempo de lectura":"5 minutos"},"schema":{"@context":"https:\/\/schema.org","@graph":[{"@type":"Article","@id":"https:\/\/www.anovapeneira.gal\/index.php\/2023\/08\/09\/devastador-informe-do-consello-da-cultura-galega-sobre-as-irregularidades-no-proceso-administrativo-e-de-construccion-do-proxecto-eolico-acibal\/#article","isPartOf":{"@id":"https:\/\/www.anovapeneira.gal\/index.php\/2023\/08\/09\/devastador-informe-do-consello-da-cultura-galega-sobre-as-irregularidades-no-proceso-administrativo-e-de-construccion-do-proxecto-eolico-acibal\/"},"author":{"name":"Redacci\u00f3n A Nova Peneira","@id":"https:\/\/www.anovapeneira.gal\/#\/schema\/person\/b93e3f8932e3f8da96334607eb6ac6aa"},"headline":"Devastador informe do Consello da Cultura Galega sobre as irregularidades no proceso administrativo e de construcci\u00f3n do Proxecto E\u00f3lico ACIBAL","datePublished":"2023-08-09T10:00:26+00:00","mainEntityOfPage":{"@id":"https:\/\/www.anovapeneira.gal\/index.php\/2023\/08\/09\/devastador-informe-do-consello-da-cultura-galega-sobre-as-irregularidades-no-proceso-administrativo-e-de-construccion-do-proxecto-eolico-acibal\/"},"wordCount":953,"commentCount":0,"publisher":{"@id":"https:\/\/www.anovapeneira.gal\/#organization"},"image":{"@id":"https:\/\/www.anovapeneira.gal\/index.php\/2023\/08\/09\/devastador-informe-do-consello-da-cultura-galega-sobre-as-irregularidades-no-proceso-administrativo-e-de-construccion-do-proxecto-eolico-acibal\/#primaryimage"},"thumbnailUrl":"https:\/\/www.anovapeneira.gal\/wp-content\/uploads\/2023\/08\/ACIBAL.jpg","keywords":["ACIBAL"],"articleSection":["Novas"],"inLanguage":"gl-ES","potentialAction":[{"@type":"CommentAction","name":"Comment","target":["https:\/\/www.anovapeneira.gal\/index.php\/2023\/08\/09\/devastador-informe-do-consello-da-cultura-galega-sobre-as-irregularidades-no-proceso-administrativo-e-de-construccion-do-proxecto-eolico-acibal\/#respond"]}]},{"@type":"WebPage","@id":"https:\/\/www.anovapeneira.gal\/index.php\/2023\/08\/09\/devastador-informe-do-consello-da-cultura-galega-sobre-as-irregularidades-no-proceso-administrativo-e-de-construccion-do-proxecto-eolico-acibal\/","url":"https:\/\/www.anovapeneira.gal\/index.php\/2023\/08\/09\/devastador-informe-do-consello-da-cultura-galega-sobre-as-irregularidades-no-proceso-administrativo-e-de-construccion-do-proxecto-eolico-acibal\/","name":"Devastador informe do Consello da Cultura Galega sobre as irregularidades no proceso administrativo e de construcci\u00f3n do Proxecto E\u00f3lico ACIBAL -","isPartOf":{"@id":"https:\/\/www.anovapeneira.gal\/#website"},"primaryImageOfPage":{"@id":"https:\/\/www.anovapeneira.gal\/index.php\/2023\/08\/09\/devastador-informe-do-consello-da-cultura-galega-sobre-as-irregularidades-no-proceso-administrativo-e-de-construccion-do-proxecto-eolico-acibal\/#primaryimage"},"image":{"@id":"https:\/\/www.anovapeneira.gal\/index.php\/2023\/08\/09\/devastador-informe-do-consello-da-cultura-galega-sobre-as-irregularidades-no-proceso-administrativo-e-de-construccion-do-proxecto-eolico-acibal\/#primaryimage"},"thumbnailUrl":"https:\/\/www.anovapeneira.gal\/wp-content\/uploads\/2023\/08\/ACIBAL.jpg","datePublished":"2023-08-09T10:00:26+00:00","description":"Desde \"Ecoloxistas en Acci\u00f3n Galiza Atl\u00e1ntica e Verde\", \"Pet\u00f3n do Lobo\" e \"Cova Crea\" e diferentes colectivos veci\u00f1ais solicitamos ao CCG, o pasado 12 de abril de 2023, un informe acerca da posible afectaci\u00f3n ao patrimonio cultural e aos ach\u00e1degos arqueol\u00f3xicos do Monte Acibal","breadcrumb":{"@id":"https:\/\/www.anovapeneira.gal\/index.php\/2023\/08\/09\/devastador-informe-do-consello-da-cultura-galega-sobre-as-irregularidades-no-proceso-administrativo-e-de-construccion-do-proxecto-eolico-acibal\/#breadcrumb"},"inLanguage":"gl-ES","potentialAction":[{"@type":"ReadAction","target":["https:\/\/www.anovapeneira.gal\/index.php\/2023\/08\/09\/devastador-informe-do-consello-da-cultura-galega-sobre-as-irregularidades-no-proceso-administrativo-e-de-construccion-do-proxecto-eolico-acibal\/"]}]},{"@type":"ImageObject","inLanguage":"gl-ES","@id":"https:\/\/www.anovapeneira.gal\/index.php\/2023\/08\/09\/devastador-informe-do-consello-da-cultura-galega-sobre-as-irregularidades-no-proceso-administrativo-e-de-construccion-do-proxecto-eolico-acibal\/#primaryimage","url":"https:\/\/www.anovapeneira.gal\/wp-content\/uploads\/2023\/08\/ACIBAL.jpg","contentUrl":"https:\/\/www.anovapeneira.gal\/wp-content\/uploads\/2023\/08\/ACIBAL.jpg","width":720,"height":432,"caption":"ACIBAL"},{"@type":"BreadcrumbList","@id":"https:\/\/www.anovapeneira.gal\/index.php\/2023\/08\/09\/devastador-informe-do-consello-da-cultura-galega-sobre-as-irregularidades-no-proceso-administrativo-e-de-construccion-do-proxecto-eolico-acibal\/#breadcrumb","itemListElement":[{"@type":"ListItem","position":1,"name":"Portada","item":"https:\/\/www.anovapeneira.gal\/"},{"@type":"ListItem","position":2,"name":"Devastador informe do Consello da Cultura Galega sobre as irregularidades no proceso administrativo e de construcci\u00f3n do Proxecto E\u00f3lico ACIBAL"}]},{"@type":"WebSite","@id":"https:\/\/www.anovapeneira.gal\/#website","url":"https:\/\/www.anovapeneira.gal\/","name":"","description":"Xornal galego de informaci\u00f3n xeral Publicaci\u00f3n mensual de novas de Galicia e en especial dos Concellos da sur da provincia de Pontevedra.","publisher":{"@id":"https:\/\/www.anovapeneira.gal\/#organization"},"potentialAction":[{"@type":"SearchAction","target":{"@type":"EntryPoint","urlTemplate":"https:\/\/www.anovapeneira.gal\/?s={search_term_string}"},"query-input":{"@type":"PropertyValueSpecification","valueRequired":true,"valueName":"search_term_string"}}],"inLanguage":"gl-ES"},{"@type":"Organization","@id":"https:\/\/www.anovapeneira.gal\/#organization","name":"A Nova Peneira","url":"https:\/\/www.anovapeneira.gal\/","logo":{"@type":"ImageObject","inLanguage":"gl-ES","@id":"https:\/\/www.anovapeneira.gal\/#\/schema\/logo\/image\/","url":"http:\/\/www.anovapeneira.gal\/wp-content\/uploads\/2019\/06\/logo_a_nova_peneira_portal_web.png","contentUrl":"http:\/\/www.anovapeneira.gal\/wp-content\/uploads\/2019\/06\/logo_a_nova_peneira_portal_web.png","width":300,"height":100,"caption":"A Nova Peneira"},"image":{"@id":"https:\/\/www.anovapeneira.gal\/#\/schema\/logo\/image\/"},"sameAs":["https:\/\/www.facebook.com\/anovapeneira","https:\/\/x.com\/APeneira"]},{"@type":"Person","@id":"https:\/\/www.anovapeneira.gal\/#\/schema\/person\/b93e3f8932e3f8da96334607eb6ac6aa","name":"Redacci\u00f3n A Nova Peneira","image":{"@type":"ImageObject","inLanguage":"gl-ES","@id":"https:\/\/secure.gravatar.com\/avatar\/c052a2551a06e23fac63626232eaa90abd78dbcf1700fc46a2b2c89fd27b735f?s=96&d=mm&r=g","url":"https:\/\/secure.gravatar.com\/avatar\/c052a2551a06e23fac63626232eaa90abd78dbcf1700fc46a2b2c89fd27b735f?s=96&d=mm&r=g","contentUrl":"https:\/\/secure.gravatar.com\/avatar\/c052a2551a06e23fac63626232eaa90abd78dbcf1700fc46a2b2c89fd27b735f?s=96&d=mm&r=g","caption":"Redacci\u00f3n A Nova Peneira"},"sameAs":["http:\/\/www.anovapeneira.gal\/"],"url":"https:\/\/www.anovapeneira.gal\/index.php\/author\/redactor\/"}]}},"jetpack_featured_media_url":"https:\/\/www.anovapeneira.gal\/wp-content\/uploads\/2023\/08\/ACIBAL.jpg","_links":{"self":[{"href":"https:\/\/www.anovapeneira.gal\/index.php\/wp-json\/wp\/v2\/posts\/10238","targetHints":{"allow":["GET"]}}],"collection":[{"href":"https:\/\/www.anovapeneira.gal\/index.php\/wp-json\/wp\/v2\/posts"}],"about":[{"href":"https:\/\/www.anovapeneira.gal\/index.php\/wp-json\/wp\/v2\/types\/post"}],"author":[{"embeddable":true,"href":"https:\/\/www.anovapeneira.gal\/index.php\/wp-json\/wp\/v2\/users\/3"}],"replies":[{"embeddable":true,"href":"https:\/\/www.anovapeneira.gal\/index.php\/wp-json\/wp\/v2\/comments?post=10238"}],"version-history":[{"count":1,"href":"https:\/\/www.anovapeneira.gal\/index.php\/wp-json\/wp\/v2\/posts\/10238\/revisions"}],"predecessor-version":[{"id":10239,"href":"https:\/\/www.anovapeneira.gal\/index.php\/wp-json\/wp\/v2\/posts\/10238\/revisions\/10239"}],"wp:featuredmedia":[{"embeddable":true,"href":"https:\/\/www.anovapeneira.gal\/index.php\/wp-json\/wp\/v2\/media\/10240"}],"wp:attachment":[{"href":"https:\/\/www.anovapeneira.gal\/index.php\/wp-json\/wp\/v2\/media?parent=10238"}],"wp:term":[{"taxonomy":"category","embeddable":true,"href":"https:\/\/www.anovapeneira.gal\/index.php\/wp-json\/wp\/v2\/categories?post=10238"},{"taxonomy":"post_tag","embeddable":true,"href":"https:\/\/www.anovapeneira.gal\/index.php\/wp-json\/wp\/v2\/tags?post=10238"}],"curies":[{"name":"wp","href":"https:\/\/api.w.org\/{rel}","templated":true}]}}