{"id":10244,"date":"2023-08-10T12:00:29","date_gmt":"2023-08-10T10:00:29","guid":{"rendered":"https:\/\/www.anovapeneira.gal\/?p=10244"},"modified":"2023-08-07T11:16:49","modified_gmt":"2023-08-07T09:16:49","slug":"o-hotel-a-queimada-de-nigran-cumpre-medio-seculo","status":"publish","type":"post","link":"https:\/\/www.anovapeneira.gal\/index.php\/2023\/08\/10\/o-hotel-a-queimada-de-nigran-cumpre-medio-seculo\/","title":{"rendered":"O Hotel A Queimada de Nigr\u00e1n cumpre medio s\u00e9culo"},"content":{"rendered":"\n<p><strong>No Concello de Nigr\u00e1n, na praza da Carrasca da parroquia de Parada, est\u00e1 o hotel restaurante A Queimada. Este negocio fundado en 1973 cumpre medio s\u00e9culo no presente ano, e n\u00f3s quixemos aproveitar unha celebraci\u00f3n tan bonita para co\u00f1ecelos un pouco m\u00e1is.<\/strong><\/p>\n\n\n\n<p><strong>Adri\u00e1n Comesa\u00f1a xerente<\/strong><\/p>\n\n\n\n<p>\u201c<strong>Queremos que cada cliente que nos distinga coa s\u00faa confianza sinta que a nosa casa \u00e9 tam\u00e9n a s\u00faa\u201d<\/strong><\/p>\n\n\n\n<p><strong>Este ano \u00e9 especial para v\u00f3s , verdade?<\/strong><\/p>\n\n\n\n<blockquote class=\"wp-block-quote is-layout-flow wp-block-quote-is-layout-flow\">\n<p>Pois si, desde logo que si. Este ano cumprimos medio s\u00e9culo, e iso non acontece todos os d\u00edas. Concretamente o 11 de abril do 73 foi o d\u00eda que naceu o noso negocio. Para min, e para toda a mi\u00f1a familia tam\u00e9n, \u00e9 un orgullo inmenso podermos ter estado xa 50 anos dando servizo a tantos e tantos clientes que nos distinguiron, e nos distinguen coa s\u00faa compa\u00f1\u00eda ao longo destas cinco d\u00e9cadas. Sen eles, nada disto poder\u00eda ser posible. E aproveito a oportunidade das p\u00e1xinas da vosa publicaci\u00f3n para agradecer, desde o m\u00e1is profundo do meu coraz\u00f3n, a s\u00faa confianza,e para asumir o compromiso de seguir dando o mellor de n\u00f3s para que cada cliente que nos visite sinta que a nosa casa \u00e9 tam\u00e9n a s\u00faa.<\/p>\n<\/blockquote>\n\n\n\n<p><strong>Quen fundou o hotel Queimada?<\/strong><\/p>\n\n\n\n<blockquote class=\"wp-block-quote is-layout-flow wp-block-quote-is-layout-flow\">\n<p>Fund\u00e1rono os meus av\u00f3s Luciano e Isolina.<\/p>\n<\/blockquote>\n\n\n\n<p><strong>Os teus av\u00f3s, os fundadores do negocio, son de Parada?<\/strong><\/p>\n\n\n\n<blockquote class=\"wp-block-quote is-layout-flow wp-block-quote-is-layout-flow\">\n<p>Si. Eran de aqu\u00ed, agora xa non viven.<\/p>\n<\/blockquote>\n\n\n\n<p><strong>Pero cando se fundou o negocio a\u00ednda non era hotel?<\/strong><\/p>\n\n\n\n<blockquote class=\"wp-block-quote is-layout-flow wp-block-quote-is-layout-flow\">\n<p>Non, isto comezou sendo unha taberna. Estaba \u00e1 beira da Praza, na praza xog\u00e1base moito aos bolos celtas, era un sitio de tr\u00e1nsito de xente. E os meus av\u00f3s, con moi bo criterio, creo eu, decidiron fundar aqu\u00ed a taberna, para darlle servizo \u00e1s moitas persoas que vi\u00f1an a xogar aos bolos ou a pasar o seu tempo de lecer na praza.<\/p>\n<\/blockquote>\n\n\n\n<p><strong>Hai moita tradici\u00f3n por esta zona de xogar aos bolos<\/strong>?<\/p>\n\n\n\n<blockquote class=\"wp-block-quote is-layout-flow wp-block-quote-is-layout-flow\">\n<p>Si. Por toda a comarca do Val Mi\u00f1or desde hai moitos anos.<\/p>\n<\/blockquote>\n\n\n\n<p><strong>Como foron os inicios do negocio?<\/strong><\/p>\n\n\n\n<blockquote class=\"wp-block-quote is-layout-flow wp-block-quote-is-layout-flow\">\n<p>Os meus av\u00f3s fund\u00e1rono como taberna e tam\u00e9n serv\u00edan comidas.<\/p>\n<\/blockquote>\n\n\n\n<p><strong>Polo que me contan, a t\u00faa avoa ti\u00f1a sona de moi boa coci\u00f1eira?<\/strong><\/p>\n\n\n\n<blockquote class=\"wp-block-quote is-layout-flow wp-block-quote-is-layout-flow\">\n<p>Si, abof\u00e9 que \u00e9 as\u00ed. O cabrito da mi\u00f1a avoa era moi famoso, e f\u00edxate que despois de tanto tempo a\u00ednda se fala do cabrito do Queimada. Nos primeiros tempos do negocio nas partidas de bolos xog\u00e1base un carneiro ou un galo, logo a mi\u00f1a avoa as\u00e1bao e com\u00edase. A\u00ed empezou a fama do cabrito da mi\u00f1a avoa. Aos poucos anos xa empezou a traballar o meu pai no negocio familiar, comezou a levalo el e isto foi crecendo. De taberna pasou a cafeter\u00eda cun pequeno restaurante.<\/p>\n<\/blockquote>\n\n\n\n<p><strong>E cando se converte isto nun hotel?<\/strong><\/p>\n\n\n\n<blockquote class=\"wp-block-quote is-layout-flow wp-block-quote-is-layout-flow\">\n<p>Antes de pasar a ser hotel, f\u00edxose restaurante grande e empezouse a facer vodas. A primeira voda que se fixo foi a dunha curm\u00e1 do meu pai. O espazo foise ampliando por fases. Ti\u00f1amos un sal\u00f3n abaixo e fixemos outro arriba, e a continuaci\u00f3n est\u00e1 a nosa casa, isto \u00e9 unha casa e un negocio familiar. O hotel veu m\u00e1is tarde, fai uns 30 anos.<\/p>\n<\/blockquote>\n\n\n\n<p><strong>Cantas habitaci\u00f3ns ten o hotel?<\/strong><\/p>\n\n\n\n<blockquote class=\"wp-block-quote is-layout-flow wp-block-quote-is-layout-flow\">\n<p>Arredor de 30.<\/p>\n<\/blockquote>\n\n\n\n<p><strong>Cales son as \u00e9pocas fortes para v\u00f3s?<\/strong><\/p>\n\n\n\n<blockquote class=\"wp-block-quote is-layout-flow wp-block-quote-is-layout-flow\">\n<p>En realidade, temos traballo estable case todo o ano polo parque empresarial. No ver\u00e1n, un pouqui\u00f1o m\u00e1is forte, pero est\u00e1 compensado. Cando eu era pequeno non era as\u00ed. Empez\u00e1base a ter traballo en Semana Santa, logo na \u00e9poca das comu\u00f1\u00f3ns e o ver\u00e1n. O meu pai vend\u00eda uvas para facer vi\u00f1o e ao acabar a colleita ti\u00f1amos baix\u00f3n de traballo outra vez ata a Semana Santa seguinte. Agora afortunadamente o volume de traballo \u00e9 bastante estable.<\/p>\n<\/blockquote>\n\n\n\n<p><strong>E como levades o restaurante, tedes men\u00fa do d\u00eda?<\/strong><\/p>\n\n\n\n<blockquote class=\"wp-block-quote is-layout-flow wp-block-quote-is-layout-flow\">\n<p>Pola semana traballamos con men\u00fa do d\u00eda, temos unha media de 150 men\u00fas diarios. A fin de semana traballamos con Carta e tam\u00e9n temos bastantes eventos culinarios.<\/p>\n<\/blockquote>\n\n\n\n<p><strong>Que perfil de clientes tedes aqu\u00ed?<\/strong><\/p>\n\n\n\n<blockquote class=\"wp-block-quote is-layout-flow wp-block-quote-is-layout-flow\">\n<p>Un perfil moi variado. Aqu\u00ed traballamos con comida tradicional e v\u00e9n xente de todos os estilos. Maior, novo e non tan novo. Clientes do meu pai que agora son clientes meus. Temos clientes de segunda e terceira xeraci\u00f3n. Familias que casaron aqu\u00ed e logo f\u00edxose bautizo, comu\u00f1\u00f3n e voda dos seus descendentes.<\/p>\n<\/blockquote>\n\n\n\n<p><strong>Tes unha irm\u00e1, traballa aqu\u00ed tam\u00e9n?<\/strong><\/p>\n\n\n\n<blockquote class=\"wp-block-quote is-layout-flow wp-block-quote-is-layout-flow\">\n<p>Si, tam\u00e9n.<\/p>\n<\/blockquote>\n\n\n\n<p><strong>Este ano cumprides medio s\u00e9culo. Crees que poder\u00e1 seguir a saga familiar e que o Queimada chegue a celebrar o s\u00e9culo de existencia ininterrompida?<\/strong><\/p>\n\n\n\n<blockquote class=\"wp-block-quote is-layout-flow wp-block-quote-is-layout-flow\">\n<p>Ha ha ha ha. A\u00ednda falta moito para iso. Pero si, eu conf\u00edo en que si. Isto \u00e9 un negocio de futuro. Eu nac\u00edn e cr\u00edeme aqu\u00ed e non concibo a mi\u00f1a vida sen isto.<\/p>\n<\/blockquote>\n\n\n\n<p><strong>A hostaler\u00eda \u00e9 un traballo que require moitas horas. Tes tempo para a t\u00faa vida persoal?<\/strong><\/p>\n\n\n\n<blockquote class=\"wp-block-quote is-layout-flow wp-block-quote-is-layout-flow\">\n<p>Si, pero pouco.<\/p>\n<\/blockquote>\n\n\n\n<p><strong>Colles vacaci\u00f3ns de cando en vez?<\/strong><\/p>\n\n\n\n<blockquote class=\"wp-block-quote is-layout-flow wp-block-quote-is-layout-flow\">\n<p>Se, pechamos en Nadal, desde o 24 ata despois de Reis.<\/p>\n<\/blockquote>\n\n\n\n<p><strong>Pois nada Adri\u00e1n, s\u00f3 desexarche que en 50 anos algu\u00e9n de A Nova Peneira entreviste a algu\u00e9n de A Queimada para celebrarmos xuntos o primeiro s\u00e9culo de vida<\/strong><\/p>\n\n\n\n<blockquote class=\"wp-block-quote is-layout-flow wp-block-quote-is-layout-flow\">\n<p>Moitas grazas e Tino. Eu remato dando de novo grazas infinitas a todas as persoas que nestes 50 anos nos honraron coa s\u00faa compa\u00f1\u00eda. O meu coraz\u00f3n e o da mi\u00f1a familia est\u00e1n con eles, con todos e cada un.<\/p>\n<\/blockquote>\n","protected":false},"excerpt":{"rendered":"<div class=\"mh-excerpt\"><p>No Concello de Nigr\u00e1n, na praza da Carrasca da parroquia de Parada, est\u00e1 o hotel restaurante A Queimada. Este negocio fundado en 1973 cumpre medio s\u00e9culo no presente ano, e n\u00f3s quixemos aproveitar unha celebraci\u00f3n tan bonita para co\u00f1ecelos un pouco m\u00e1is <a class=\"mh-excerpt-more\" href=\"https:\/\/www.anovapeneira.gal\/index.php\/2023\/08\/10\/o-hotel-a-queimada-de-nigran-cumpre-medio-seculo\/\" title=\"O Hotel A Queimada de Nigr\u00e1n cumpre medio s\u00e9culo\">[&#8230;]<\/a><\/p>\n<\/div>","protected":false},"author":2,"featured_media":10246,"comment_status":"open","ping_status":"open","sticky":false,"template":"","format":"standard","meta":{"_exactmetrics_skip_tracking":false,"_exactmetrics_sitenote_active":false,"_exactmetrics_sitenote_note":"","_exactmetrics_sitenote_category":0,"footnotes":""},"categories":[271],"tags":[135],"class_list":{"0":"post-10244","1":"post","2":"type-post","3":"status-publish","4":"format-standard","5":"has-post-thumbnail","7":"category-val-minor-entrevistas","8":"tag-concello-de-nigran"},"yoast_head":"<!-- This site is optimized with the Yoast SEO plugin v27.4 - https:\/\/yoast.com\/product\/yoast-seo-wordpress\/ -->\n<title>O Hotel A Queimada de Nigr\u00e1n cumpre medio s\u00e9culo -<\/title>\n<meta name=\"description\" content=\"No Concello de Nigr\u00e1n, na praza da Carrasca da parroquia de Parada, est\u00e1 o hotel restaurante A Queimada. Este negocio fundado en 1973 cumpre medio s\u00e9culo no presente ano, e n\u00f3s quixemos aproveitar unha celebraci\u00f3n tan bonita para co\u00f1ecelos un pouco m\u00e1is\" \/>\n<meta name=\"robots\" content=\"index, follow, max-snippet:-1, max-image-preview:large, max-video-preview:-1\" \/>\n<link rel=\"canonical\" href=\"https:\/\/www.anovapeneira.gal\/index.php\/2023\/08\/10\/o-hotel-a-queimada-de-nigran-cumpre-medio-seculo\/\" \/>\n<meta property=\"og:locale\" content=\"gl_ES\" \/>\n<meta property=\"og:type\" content=\"article\" \/>\n<meta property=\"og:title\" content=\"O Hotel A Queimada de Nigr\u00e1n cumpre medio s\u00e9culo -\" \/>\n<meta property=\"og:description\" content=\"No Concello de Nigr\u00e1n, na praza da Carrasca da parroquia de Parada, est\u00e1 o hotel restaurante A Queimada. Este negocio fundado en 1973 cumpre medio s\u00e9culo no presente ano, e n\u00f3s quixemos aproveitar unha celebraci\u00f3n tan bonita para co\u00f1ecelos un pouco m\u00e1is\" \/>\n<meta property=\"og:url\" content=\"https:\/\/www.anovapeneira.gal\/index.php\/2023\/08\/10\/o-hotel-a-queimada-de-nigran-cumpre-medio-seculo\/\" \/>\n<meta property=\"article:publisher\" content=\"https:\/\/www.facebook.com\/anovapeneira\" \/>\n<meta property=\"article:published_time\" content=\"2023-08-10T10:00:29+00:00\" \/>\n<meta property=\"og:image\" content=\"https:\/\/www.anovapeneira.gal\/wp-content\/uploads\/2023\/08\/hotel_queimada.jpg\" \/>\n\t<meta property=\"og:image:width\" content=\"720\" \/>\n\t<meta property=\"og:image:height\" content=\"432\" \/>\n\t<meta property=\"og:image:type\" content=\"image\/jpeg\" \/>\n<meta name=\"author\" content=\"Tino Lago\" \/>\n<meta name=\"twitter:card\" content=\"summary_large_image\" \/>\n<meta name=\"twitter:creator\" content=\"@APeneira\" \/>\n<meta name=\"twitter:site\" content=\"@APeneira\" \/>\n<meta name=\"twitter:label1\" content=\"Escrito por\" \/>\n\t<meta name=\"twitter:data1\" content=\"Tino Lago\" \/>\n\t<meta name=\"twitter:label2\" content=\"Tempo de lectura\" \/>\n\t<meta name=\"twitter:data2\" content=\"2 minutos\" \/>\n<script type=\"application\/ld+json\" class=\"yoast-schema-graph\">{\"@context\":\"https:\\\/\\\/schema.org\",\"@graph\":[{\"@type\":\"Article\",\"@id\":\"https:\\\/\\\/www.anovapeneira.gal\\\/index.php\\\/2023\\\/08\\\/10\\\/o-hotel-a-queimada-de-nigran-cumpre-medio-seculo\\\/#article\",\"isPartOf\":{\"@id\":\"https:\\\/\\\/www.anovapeneira.gal\\\/index.php\\\/2023\\\/08\\\/10\\\/o-hotel-a-queimada-de-nigran-cumpre-medio-seculo\\\/\"},\"author\":{\"name\":\"Tino Lago\",\"@id\":\"https:\\\/\\\/www.anovapeneira.gal\\\/#\\\/schema\\\/person\\\/424dfe65e3070fd8a44d22d2c088762a\"},\"headline\":\"O Hotel A Queimada de Nigr\u00e1n cumpre medio s\u00e9culo\",\"datePublished\":\"2023-08-10T10:00:29+00:00\",\"mainEntityOfPage\":{\"@id\":\"https:\\\/\\\/www.anovapeneira.gal\\\/index.php\\\/2023\\\/08\\\/10\\\/o-hotel-a-queimada-de-nigran-cumpre-medio-seculo\\\/\"},\"wordCount\":960,\"commentCount\":0,\"publisher\":{\"@id\":\"https:\\\/\\\/www.anovapeneira.gal\\\/#organization\"},\"image\":{\"@id\":\"https:\\\/\\\/www.anovapeneira.gal\\\/index.php\\\/2023\\\/08\\\/10\\\/o-hotel-a-queimada-de-nigran-cumpre-medio-seculo\\\/#primaryimage\"},\"thumbnailUrl\":\"https:\\\/\\\/www.anovapeneira.gal\\\/wp-content\\\/uploads\\\/2023\\\/08\\\/hotel_queimada.jpg\",\"keywords\":[\"Concello de Nigr\u00e1n\"],\"articleSection\":[\"Val Mi\u00f1or\"],\"inLanguage\":\"gl-ES\",\"potentialAction\":[{\"@type\":\"CommentAction\",\"name\":\"Comment\",\"target\":[\"https:\\\/\\\/www.anovapeneira.gal\\\/index.php\\\/2023\\\/08\\\/10\\\/o-hotel-a-queimada-de-nigran-cumpre-medio-seculo\\\/#respond\"]}]},{\"@type\":\"WebPage\",\"@id\":\"https:\\\/\\\/www.anovapeneira.gal\\\/index.php\\\/2023\\\/08\\\/10\\\/o-hotel-a-queimada-de-nigran-cumpre-medio-seculo\\\/\",\"url\":\"https:\\\/\\\/www.anovapeneira.gal\\\/index.php\\\/2023\\\/08\\\/10\\\/o-hotel-a-queimada-de-nigran-cumpre-medio-seculo\\\/\",\"name\":\"O Hotel A Queimada de Nigr\u00e1n cumpre medio s\u00e9culo -\",\"isPartOf\":{\"@id\":\"https:\\\/\\\/www.anovapeneira.gal\\\/#website\"},\"primaryImageOfPage\":{\"@id\":\"https:\\\/\\\/www.anovapeneira.gal\\\/index.php\\\/2023\\\/08\\\/10\\\/o-hotel-a-queimada-de-nigran-cumpre-medio-seculo\\\/#primaryimage\"},\"image\":{\"@id\":\"https:\\\/\\\/www.anovapeneira.gal\\\/index.php\\\/2023\\\/08\\\/10\\\/o-hotel-a-queimada-de-nigran-cumpre-medio-seculo\\\/#primaryimage\"},\"thumbnailUrl\":\"https:\\\/\\\/www.anovapeneira.gal\\\/wp-content\\\/uploads\\\/2023\\\/08\\\/hotel_queimada.jpg\",\"datePublished\":\"2023-08-10T10:00:29+00:00\",\"description\":\"No Concello de Nigr\u00e1n, na praza da Carrasca da parroquia de Parada, est\u00e1 o hotel restaurante A Queimada. Este negocio fundado en 1973 cumpre medio s\u00e9culo no presente ano, e n\u00f3s quixemos aproveitar unha celebraci\u00f3n tan bonita para co\u00f1ecelos un pouco m\u00e1is\",\"breadcrumb\":{\"@id\":\"https:\\\/\\\/www.anovapeneira.gal\\\/index.php\\\/2023\\\/08\\\/10\\\/o-hotel-a-queimada-de-nigran-cumpre-medio-seculo\\\/#breadcrumb\"},\"inLanguage\":\"gl-ES\",\"potentialAction\":[{\"@type\":\"ReadAction\",\"target\":[\"https:\\\/\\\/www.anovapeneira.gal\\\/index.php\\\/2023\\\/08\\\/10\\\/o-hotel-a-queimada-de-nigran-cumpre-medio-seculo\\\/\"]}]},{\"@type\":\"ImageObject\",\"inLanguage\":\"gl-ES\",\"@id\":\"https:\\\/\\\/www.anovapeneira.gal\\\/index.php\\\/2023\\\/08\\\/10\\\/o-hotel-a-queimada-de-nigran-cumpre-medio-seculo\\\/#primaryimage\",\"url\":\"https:\\\/\\\/www.anovapeneira.gal\\\/wp-content\\\/uploads\\\/2023\\\/08\\\/hotel_queimada.jpg\",\"contentUrl\":\"https:\\\/\\\/www.anovapeneira.gal\\\/wp-content\\\/uploads\\\/2023\\\/08\\\/hotel_queimada.jpg\",\"width\":720,\"height\":432,\"caption\":\"O Hotel A Queimada de Nigr\u00e1n cumpre medio s\u00e9culo.\"},{\"@type\":\"BreadcrumbList\",\"@id\":\"https:\\\/\\\/www.anovapeneira.gal\\\/index.php\\\/2023\\\/08\\\/10\\\/o-hotel-a-queimada-de-nigran-cumpre-medio-seculo\\\/#breadcrumb\",\"itemListElement\":[{\"@type\":\"ListItem\",\"position\":1,\"name\":\"Portada\",\"item\":\"https:\\\/\\\/www.anovapeneira.gal\\\/\"},{\"@type\":\"ListItem\",\"position\":2,\"name\":\"O Hotel A Queimada de Nigr\u00e1n cumpre medio s\u00e9culo\"}]},{\"@type\":\"WebSite\",\"@id\":\"https:\\\/\\\/www.anovapeneira.gal\\\/#website\",\"url\":\"https:\\\/\\\/www.anovapeneira.gal\\\/\",\"name\":\"\",\"description\":\"Xornal galego de informaci\u00f3n xeral Publicaci\u00f3n mensual de novas de Galicia e en especial dos Concellos da sur da provincia de Pontevedra.\",\"publisher\":{\"@id\":\"https:\\\/\\\/www.anovapeneira.gal\\\/#organization\"},\"potentialAction\":[{\"@type\":\"SearchAction\",\"target\":{\"@type\":\"EntryPoint\",\"urlTemplate\":\"https:\\\/\\\/www.anovapeneira.gal\\\/?s={search_term_string}\"},\"query-input\":{\"@type\":\"PropertyValueSpecification\",\"valueRequired\":true,\"valueName\":\"search_term_string\"}}],\"inLanguage\":\"gl-ES\"},{\"@type\":\"Organization\",\"@id\":\"https:\\\/\\\/www.anovapeneira.gal\\\/#organization\",\"name\":\"A Nova Peneira\",\"url\":\"https:\\\/\\\/www.anovapeneira.gal\\\/\",\"logo\":{\"@type\":\"ImageObject\",\"inLanguage\":\"gl-ES\",\"@id\":\"https:\\\/\\\/www.anovapeneira.gal\\\/#\\\/schema\\\/logo\\\/image\\\/\",\"url\":\"http:\\\/\\\/www.anovapeneira.gal\\\/wp-content\\\/uploads\\\/2019\\\/06\\\/logo_a_nova_peneira_portal_web.png\",\"contentUrl\":\"http:\\\/\\\/www.anovapeneira.gal\\\/wp-content\\\/uploads\\\/2019\\\/06\\\/logo_a_nova_peneira_portal_web.png\",\"width\":300,\"height\":100,\"caption\":\"A Nova Peneira\"},\"image\":{\"@id\":\"https:\\\/\\\/www.anovapeneira.gal\\\/#\\\/schema\\\/logo\\\/image\\\/\"},\"sameAs\":[\"https:\\\/\\\/www.facebook.com\\\/anovapeneira\",\"https:\\\/\\\/x.com\\\/APeneira\"]},{\"@type\":\"Person\",\"@id\":\"https:\\\/\\\/www.anovapeneira.gal\\\/#\\\/schema\\\/person\\\/424dfe65e3070fd8a44d22d2c088762a\",\"name\":\"Tino Lago\",\"image\":{\"@type\":\"ImageObject\",\"inLanguage\":\"gl-ES\",\"@id\":\"https:\\\/\\\/secure.gravatar.com\\\/avatar\\\/b3df6a06e44bab3111583b90f0f33a0379ee5e3d22cbadd232d39f21c30c62be?s=96&d=mm&r=g\",\"url\":\"https:\\\/\\\/secure.gravatar.com\\\/avatar\\\/b3df6a06e44bab3111583b90f0f33a0379ee5e3d22cbadd232d39f21c30c62be?s=96&d=mm&r=g\",\"contentUrl\":\"https:\\\/\\\/secure.gravatar.com\\\/avatar\\\/b3df6a06e44bab3111583b90f0f33a0379ee5e3d22cbadd232d39f21c30c62be?s=96&d=mm&r=g\",\"caption\":\"Tino Lago\"},\"sameAs\":[\"http:\\\/\\\/www.anovapeneira.gal\"],\"url\":\"https:\\\/\\\/www.anovapeneira.gal\\\/index.php\\\/author\\\/director\\\/\"}]}<\/script>\n<!-- \/ Yoast SEO plugin. -->","yoast_head_json":{"title":"O Hotel A Queimada de Nigr\u00e1n cumpre medio s\u00e9culo -","description":"No Concello de Nigr\u00e1n, na praza da Carrasca da parroquia de Parada, est\u00e1 o hotel restaurante A Queimada. Este negocio fundado en 1973 cumpre medio s\u00e9culo no presente ano, e n\u00f3s quixemos aproveitar unha celebraci\u00f3n tan bonita para co\u00f1ecelos un pouco m\u00e1is","robots":{"index":"index","follow":"follow","max-snippet":"max-snippet:-1","max-image-preview":"max-image-preview:large","max-video-preview":"max-video-preview:-1"},"canonical":"https:\/\/www.anovapeneira.gal\/index.php\/2023\/08\/10\/o-hotel-a-queimada-de-nigran-cumpre-medio-seculo\/","og_locale":"gl_ES","og_type":"article","og_title":"O Hotel A Queimada de Nigr\u00e1n cumpre medio s\u00e9culo -","og_description":"No Concello de Nigr\u00e1n, na praza da Carrasca da parroquia de Parada, est\u00e1 o hotel restaurante A Queimada. Este negocio fundado en 1973 cumpre medio s\u00e9culo no presente ano, e n\u00f3s quixemos aproveitar unha celebraci\u00f3n tan bonita para co\u00f1ecelos un pouco m\u00e1is","og_url":"https:\/\/www.anovapeneira.gal\/index.php\/2023\/08\/10\/o-hotel-a-queimada-de-nigran-cumpre-medio-seculo\/","article_publisher":"https:\/\/www.facebook.com\/anovapeneira","article_published_time":"2023-08-10T10:00:29+00:00","og_image":[{"width":720,"height":432,"url":"https:\/\/www.anovapeneira.gal\/wp-content\/uploads\/2023\/08\/hotel_queimada.jpg","type":"image\/jpeg"}],"author":"Tino Lago","twitter_card":"summary_large_image","twitter_creator":"@APeneira","twitter_site":"@APeneira","twitter_misc":{"Escrito por":"Tino Lago","Tempo de lectura":"2 minutos"},"schema":{"@context":"https:\/\/schema.org","@graph":[{"@type":"Article","@id":"https:\/\/www.anovapeneira.gal\/index.php\/2023\/08\/10\/o-hotel-a-queimada-de-nigran-cumpre-medio-seculo\/#article","isPartOf":{"@id":"https:\/\/www.anovapeneira.gal\/index.php\/2023\/08\/10\/o-hotel-a-queimada-de-nigran-cumpre-medio-seculo\/"},"author":{"name":"Tino Lago","@id":"https:\/\/www.anovapeneira.gal\/#\/schema\/person\/424dfe65e3070fd8a44d22d2c088762a"},"headline":"O Hotel A Queimada de Nigr\u00e1n cumpre medio s\u00e9culo","datePublished":"2023-08-10T10:00:29+00:00","mainEntityOfPage":{"@id":"https:\/\/www.anovapeneira.gal\/index.php\/2023\/08\/10\/o-hotel-a-queimada-de-nigran-cumpre-medio-seculo\/"},"wordCount":960,"commentCount":0,"publisher":{"@id":"https:\/\/www.anovapeneira.gal\/#organization"},"image":{"@id":"https:\/\/www.anovapeneira.gal\/index.php\/2023\/08\/10\/o-hotel-a-queimada-de-nigran-cumpre-medio-seculo\/#primaryimage"},"thumbnailUrl":"https:\/\/www.anovapeneira.gal\/wp-content\/uploads\/2023\/08\/hotel_queimada.jpg","keywords":["Concello de Nigr\u00e1n"],"articleSection":["Val Mi\u00f1or"],"inLanguage":"gl-ES","potentialAction":[{"@type":"CommentAction","name":"Comment","target":["https:\/\/www.anovapeneira.gal\/index.php\/2023\/08\/10\/o-hotel-a-queimada-de-nigran-cumpre-medio-seculo\/#respond"]}]},{"@type":"WebPage","@id":"https:\/\/www.anovapeneira.gal\/index.php\/2023\/08\/10\/o-hotel-a-queimada-de-nigran-cumpre-medio-seculo\/","url":"https:\/\/www.anovapeneira.gal\/index.php\/2023\/08\/10\/o-hotel-a-queimada-de-nigran-cumpre-medio-seculo\/","name":"O Hotel A Queimada de Nigr\u00e1n cumpre medio s\u00e9culo -","isPartOf":{"@id":"https:\/\/www.anovapeneira.gal\/#website"},"primaryImageOfPage":{"@id":"https:\/\/www.anovapeneira.gal\/index.php\/2023\/08\/10\/o-hotel-a-queimada-de-nigran-cumpre-medio-seculo\/#primaryimage"},"image":{"@id":"https:\/\/www.anovapeneira.gal\/index.php\/2023\/08\/10\/o-hotel-a-queimada-de-nigran-cumpre-medio-seculo\/#primaryimage"},"thumbnailUrl":"https:\/\/www.anovapeneira.gal\/wp-content\/uploads\/2023\/08\/hotel_queimada.jpg","datePublished":"2023-08-10T10:00:29+00:00","description":"No Concello de Nigr\u00e1n, na praza da Carrasca da parroquia de Parada, est\u00e1 o hotel restaurante A Queimada. Este negocio fundado en 1973 cumpre medio s\u00e9culo no presente ano, e n\u00f3s quixemos aproveitar unha celebraci\u00f3n tan bonita para co\u00f1ecelos un pouco m\u00e1is","breadcrumb":{"@id":"https:\/\/www.anovapeneira.gal\/index.php\/2023\/08\/10\/o-hotel-a-queimada-de-nigran-cumpre-medio-seculo\/#breadcrumb"},"inLanguage":"gl-ES","potentialAction":[{"@type":"ReadAction","target":["https:\/\/www.anovapeneira.gal\/index.php\/2023\/08\/10\/o-hotel-a-queimada-de-nigran-cumpre-medio-seculo\/"]}]},{"@type":"ImageObject","inLanguage":"gl-ES","@id":"https:\/\/www.anovapeneira.gal\/index.php\/2023\/08\/10\/o-hotel-a-queimada-de-nigran-cumpre-medio-seculo\/#primaryimage","url":"https:\/\/www.anovapeneira.gal\/wp-content\/uploads\/2023\/08\/hotel_queimada.jpg","contentUrl":"https:\/\/www.anovapeneira.gal\/wp-content\/uploads\/2023\/08\/hotel_queimada.jpg","width":720,"height":432,"caption":"O Hotel A Queimada de Nigr\u00e1n cumpre medio s\u00e9culo."},{"@type":"BreadcrumbList","@id":"https:\/\/www.anovapeneira.gal\/index.php\/2023\/08\/10\/o-hotel-a-queimada-de-nigran-cumpre-medio-seculo\/#breadcrumb","itemListElement":[{"@type":"ListItem","position":1,"name":"Portada","item":"https:\/\/www.anovapeneira.gal\/"},{"@type":"ListItem","position":2,"name":"O Hotel A Queimada de Nigr\u00e1n cumpre medio s\u00e9culo"}]},{"@type":"WebSite","@id":"https:\/\/www.anovapeneira.gal\/#website","url":"https:\/\/www.anovapeneira.gal\/","name":"","description":"Xornal galego de informaci\u00f3n xeral Publicaci\u00f3n mensual de novas de Galicia e en especial dos Concellos da sur da provincia de Pontevedra.","publisher":{"@id":"https:\/\/www.anovapeneira.gal\/#organization"},"potentialAction":[{"@type":"SearchAction","target":{"@type":"EntryPoint","urlTemplate":"https:\/\/www.anovapeneira.gal\/?s={search_term_string}"},"query-input":{"@type":"PropertyValueSpecification","valueRequired":true,"valueName":"search_term_string"}}],"inLanguage":"gl-ES"},{"@type":"Organization","@id":"https:\/\/www.anovapeneira.gal\/#organization","name":"A Nova Peneira","url":"https:\/\/www.anovapeneira.gal\/","logo":{"@type":"ImageObject","inLanguage":"gl-ES","@id":"https:\/\/www.anovapeneira.gal\/#\/schema\/logo\/image\/","url":"http:\/\/www.anovapeneira.gal\/wp-content\/uploads\/2019\/06\/logo_a_nova_peneira_portal_web.png","contentUrl":"http:\/\/www.anovapeneira.gal\/wp-content\/uploads\/2019\/06\/logo_a_nova_peneira_portal_web.png","width":300,"height":100,"caption":"A Nova Peneira"},"image":{"@id":"https:\/\/www.anovapeneira.gal\/#\/schema\/logo\/image\/"},"sameAs":["https:\/\/www.facebook.com\/anovapeneira","https:\/\/x.com\/APeneira"]},{"@type":"Person","@id":"https:\/\/www.anovapeneira.gal\/#\/schema\/person\/424dfe65e3070fd8a44d22d2c088762a","name":"Tino Lago","image":{"@type":"ImageObject","inLanguage":"gl-ES","@id":"https:\/\/secure.gravatar.com\/avatar\/b3df6a06e44bab3111583b90f0f33a0379ee5e3d22cbadd232d39f21c30c62be?s=96&d=mm&r=g","url":"https:\/\/secure.gravatar.com\/avatar\/b3df6a06e44bab3111583b90f0f33a0379ee5e3d22cbadd232d39f21c30c62be?s=96&d=mm&r=g","contentUrl":"https:\/\/secure.gravatar.com\/avatar\/b3df6a06e44bab3111583b90f0f33a0379ee5e3d22cbadd232d39f21c30c62be?s=96&d=mm&r=g","caption":"Tino Lago"},"sameAs":["http:\/\/www.anovapeneira.gal"],"url":"https:\/\/www.anovapeneira.gal\/index.php\/author\/director\/"}]}},"jetpack_featured_media_url":"https:\/\/www.anovapeneira.gal\/wp-content\/uploads\/2023\/08\/hotel_queimada.jpg","_links":{"self":[{"href":"https:\/\/www.anovapeneira.gal\/index.php\/wp-json\/wp\/v2\/posts\/10244","targetHints":{"allow":["GET"]}}],"collection":[{"href":"https:\/\/www.anovapeneira.gal\/index.php\/wp-json\/wp\/v2\/posts"}],"about":[{"href":"https:\/\/www.anovapeneira.gal\/index.php\/wp-json\/wp\/v2\/types\/post"}],"author":[{"embeddable":true,"href":"https:\/\/www.anovapeneira.gal\/index.php\/wp-json\/wp\/v2\/users\/2"}],"replies":[{"embeddable":true,"href":"https:\/\/www.anovapeneira.gal\/index.php\/wp-json\/wp\/v2\/comments?post=10244"}],"version-history":[{"count":1,"href":"https:\/\/www.anovapeneira.gal\/index.php\/wp-json\/wp\/v2\/posts\/10244\/revisions"}],"predecessor-version":[{"id":10245,"href":"https:\/\/www.anovapeneira.gal\/index.php\/wp-json\/wp\/v2\/posts\/10244\/revisions\/10245"}],"wp:featuredmedia":[{"embeddable":true,"href":"https:\/\/www.anovapeneira.gal\/index.php\/wp-json\/wp\/v2\/media\/10246"}],"wp:attachment":[{"href":"https:\/\/www.anovapeneira.gal\/index.php\/wp-json\/wp\/v2\/media?parent=10244"}],"wp:term":[{"taxonomy":"category","embeddable":true,"href":"https:\/\/www.anovapeneira.gal\/index.php\/wp-json\/wp\/v2\/categories?post=10244"},{"taxonomy":"post_tag","embeddable":true,"href":"https:\/\/www.anovapeneira.gal\/index.php\/wp-json\/wp\/v2\/tags?post=10244"}],"curies":[{"name":"wp","href":"https:\/\/api.w.org\/{rel}","templated":true}]}}