{"id":10247,"date":"2023-08-11T12:00:07","date_gmt":"2023-08-11T10:00:07","guid":{"rendered":"https:\/\/www.anovapeneira.gal\/?p=10247"},"modified":"2023-08-09T10:39:53","modified_gmt":"2023-08-09T08:39:53","slug":"a-memoria","status":"publish","type":"post","link":"https:\/\/www.anovapeneira.gal\/index.php\/2023\/08\/11\/a-memoria\/","title":{"rendered":"A memoria"},"content":{"rendered":"\n<p>A medida que os cami\u00f1os vitais percorridos fanse m\u00e1is extensos, e os que a\u00ednda quedan por percorrer m\u00e1is cativos, a memoria ocupa un lugar cada vez m\u00e1is importante na arquitectura da alma humana. Cando compartimos espazo con outros seres humanos as conversas sobre acontecementos , persoas e experiencias pasadas compartidas ou non, fannos sentir ben e contrib\u00faen a constru\u00edr ambientes de comodidade e calidez. Non se pode vivir sen memoria. Cando unha persoa enferma de alzheimer est\u00e1 nas \u00faltimas fases da s\u00faa enfermidade perde completamente a conexi\u00f3n coa s\u00faa propia identidade, e xa non \u00e9. A memoria \u00e9 a rede que tece as conexi\u00f3ns cos que estiveron antes ca n\u00f3s, cos que se cruzaron con n\u00f3s nas estradas e meandros das nosas vidas e contribu\u00edron a facer o que somos no presente. O pasado \u00e9 imprescindible na construci\u00f3n do presente e inevitable no dese\u00f1o dos so\u00f1os , esperanzas e expectativas futuras. A memoria pode ser individual , sobre as experiencias de cada un, ou colectiva , sobre os fen\u00f3menos hist\u00f3ricos que tiveron incidencia nas distintas fases de abalo e devalo da humanidade.<\/p>\n\n\n\n<p>Ambas son imprescindibles e igual de importantes. Co\u00f1ecer a historia persoal fainos tomar consciencia do noso lugar no mundo e serve para entender o que somos, al\u00e9n de para manter vivo o recordo das xeraci\u00f3ns pasadas nas xeraci\u00f3ns futuras. E dignificar a memoria colectiva de quen se comprometeu, da forma e maneira que sexa, en tratar de facer mellor \u00e1 humanidade \u00e9 un acto de xustiza para quen arriscou o seu benestar persoal, en moitas ocasi\u00f3ns chegando a perder a propia vida, para que os seus semellantes puideran vivir mellor.<\/p>\n\n\n\n<p>No eido da memoria colectiva tivo un papel especialmente meritorio o departamento de memoria hist\u00f3rica da Deputaci\u00f3n de Pontevedra , co destacad\u00edsimo traballo, entre outros e outras, da grande Montse Fajardo. Este equipo realizou nos dous \u00faltimos anos innumerables actos para reivindicar o legado de quen representou a luz de tentar que, por primeira vez na historia do estado espa\u00f1ol, a igualdade, a prosperidade , a educaci\u00f3n e a cultura puidesen ser para todos e non s\u00f3 para as elites que desde a noite dos tempos as gozaban en exclusiva. A luz da Rep\u00fablica foi apagada de maneira violenta e cruel pola longa noite de pedra do nacional catolicismo espa\u00f1ol. E ao PP seica non lle interesa que se dignifique a memoria de quen tratou de impedilo, pois Feijoo ten ameazado con derogar a lei de memoria hist\u00f3rica no caso de que chegara a presidir o goberno do estado. A memoria \u00e9 tan relevante que pode darnos a co\u00f1ecer , por exemplo, como un home de 29 anos sentiu a necesidade de facer testamento. Iso foi o que co\u00f1ec\u00edn eu hoxe mesmo, grazas \u00e1 xentileza de Eliseo Fern\u00e1ndez, un historiador ferrol\u00e1n que tivo a ben facilitarme o documento que acompa\u00f1a este artigo, e grazas tam\u00e9n \u00e1 bondade de Lola Varela e Dionisio Pereira que tiveron a amabilidade de facilitarme o contacto de quen \u00e9 un experto na historia do anarquismo en Galicia.<\/p>\n\n\n\n<p>Aos 29 anos \u00e1s persoas da mi\u00f1a xeraci\u00f3n nin se nos pasaba pola cabeza \u00e1 idea da morte, e facer testamento era algo impensable nese abano de idade. Pero Manuel Vargas f\u00edxoo porque era 1937, estaba en Asturias combatendo contra fascismo e a posibilidade da s\u00faa propia morte era m\u00e1is que veros\u00edmil. Manuel era o meu av\u00f3.<\/p>\n\n\n\n<p>Eu non o co\u00f1ec\u00edn, nin sequera a mi\u00f1a nai o chegou a co\u00f1ecer. A historia que lle contaron foi que deixou embarazada \u00e1 mi\u00f1a avoa e desapareceu. Pero claro en 1937, e sendo un activista da CNT, \u00e9 m\u00e1is que probable que os motivos que lle levaron a desaparecer fosen a necesidade de conservar a propia vida. A memoria \u00e9 tan importante que en agosto do 2023 me fixo co\u00f1ecer que tiven un av\u00f3 que en xullo de 1937 falaba de liberar a Galicia. A memoria \u00e9 tan importante que fixo que o orgullo e a emoci\u00f3n case me fixesen esquecer unha molesta dor de xeonllo resultado de que \u00e1s veces esquezo que xa non te\u00f1o 20 anos e fago cousas impropias dos 50. A memoria \u00e9 tan importante que s\u00f3 pola hostilidade que amosa cara a ela, o PP merece ser derrotado nas urnas en todos e cada un dos procesos electorais futuros.<\/p>\n\n\n\n<p><strong>En memoria de todos os homes e mulleres que algunha vez na s\u00faa vida comprometeron o seu benestar persoal en defensa dos seus semellantes.<\/strong><\/p>\n\n\n\n<figure class=\"wp-block-image size-large\"><img loading=\"lazy\" decoding=\"async\" width=\"1024\" height=\"894\" src=\"https:\/\/www.anovapeneira.gal\/wp-content\/uploads\/2023\/08\/manuel_vargas-1024x894.jpg\" alt=\"\" class=\"wp-image-10249\" srcset=\"https:\/\/www.anovapeneira.gal\/wp-content\/uploads\/2023\/08\/manuel_vargas-1024x894.jpg 1024w, https:\/\/www.anovapeneira.gal\/wp-content\/uploads\/2023\/08\/manuel_vargas-300x262.jpg 300w, https:\/\/www.anovapeneira.gal\/wp-content\/uploads\/2023\/08\/manuel_vargas-768x671.jpg 768w, https:\/\/www.anovapeneira.gal\/wp-content\/uploads\/2023\/08\/manuel_vargas-1536x1342.jpg 1536w, https:\/\/www.anovapeneira.gal\/wp-content\/uploads\/2023\/08\/manuel_vargas-2048x1789.jpg 2048w\" sizes=\"auto, (max-width: 1024px) 100vw, 1024px\" \/><\/figure>\n\n\n\n<pre class=\"wp-block-verse\">Documento&nbsp;do&nbsp;CDMH&nbsp;de&nbsp;Salamanca&nbsp;xentileza&nbsp;de&nbsp;Eliseo&nbsp;Fern\u00e1ndez<\/pre>\n\n\n\n<p><\/p>\n","protected":false},"excerpt":{"rendered":"<div class=\"mh-excerpt\"><p>A medida que os cami\u00f1os vitais percorridos fanse m\u00e1is extensos, e os que a\u00ednda quedan por percorrer m\u00e1is cativos, a memoria ocupa un lugar cada vez m\u00e1is importante na arquitectura da alma humana <a class=\"mh-excerpt-more\" href=\"https:\/\/www.anovapeneira.gal\/index.php\/2023\/08\/11\/a-memoria\/\" title=\"A memoria\">[&#8230;]<\/a><\/p>\n<\/div>","protected":false},"author":2,"featured_media":10248,"comment_status":"open","ping_status":"open","sticky":false,"template":"","format":"standard","meta":{"_exactmetrics_skip_tracking":false,"_exactmetrics_sitenote_active":false,"_exactmetrics_sitenote_note":"","_exactmetrics_sitenote_category":0,"footnotes":""},"categories":[61],"tags":[],"class_list":{"0":"post-10247","1":"post","2":"type-post","3":"status-publish","4":"format-standard","5":"has-post-thumbnail","7":"category-artigo-editorial"},"yoast_head":"<!-- This site is optimized with the Yoast SEO plugin v27.5 - https:\/\/yoast.com\/product\/yoast-seo-wordpress\/ -->\n<title>A memoria -<\/title>\n<meta name=\"description\" content=\"A medida que os cami\u00f1os vitais percorridos fanse m\u00e1is extensos, e os que a\u00ednda quedan por percorrer m\u00e1is cativos, a memoria ocupa un lugar cada vez m\u00e1is importante na arquitectura da alma humana\" \/>\n<meta name=\"robots\" content=\"index, follow, max-snippet:-1, max-image-preview:large, max-video-preview:-1\" \/>\n<link rel=\"canonical\" href=\"https:\/\/www.anovapeneira.gal\/index.php\/2023\/08\/11\/a-memoria\/\" \/>\n<meta property=\"og:locale\" content=\"gl_ES\" \/>\n<meta property=\"og:type\" content=\"article\" \/>\n<meta property=\"og:title\" content=\"A memoria -\" \/>\n<meta property=\"og:description\" content=\"A medida que os cami\u00f1os vitais percorridos fanse m\u00e1is extensos, e os que a\u00ednda quedan por percorrer m\u00e1is cativos, a memoria ocupa un lugar cada vez m\u00e1is importante na arquitectura da alma humana\" \/>\n<meta property=\"og:url\" content=\"https:\/\/www.anovapeneira.gal\/index.php\/2023\/08\/11\/a-memoria\/\" \/>\n<meta property=\"article:publisher\" content=\"https:\/\/www.facebook.com\/anovapeneira\" \/>\n<meta property=\"article:published_time\" content=\"2023-08-11T10:00:07+00:00\" \/>\n<meta property=\"og:image\" content=\"https:\/\/www.anovapeneira.gal\/wp-content\/uploads\/2023\/08\/manuel_vargas_Cab.jpg\" \/>\n\t<meta property=\"og:image:width\" content=\"720\" \/>\n\t<meta property=\"og:image:height\" content=\"432\" \/>\n\t<meta property=\"og:image:type\" content=\"image\/jpeg\" \/>\n<meta name=\"author\" content=\"Tino Lago\" \/>\n<meta name=\"twitter:card\" content=\"summary_large_image\" \/>\n<meta name=\"twitter:creator\" content=\"@APeneira\" \/>\n<meta name=\"twitter:site\" content=\"@APeneira\" \/>\n<meta name=\"twitter:label1\" content=\"Escrito por\" \/>\n\t<meta name=\"twitter:data1\" content=\"Tino Lago\" \/>\n\t<meta name=\"twitter:label2\" content=\"Tempo de lectura\" \/>\n\t<meta name=\"twitter:data2\" content=\"5 minutos\" \/>\n<script type=\"application\/ld+json\" class=\"yoast-schema-graph\">{\"@context\":\"https:\\\/\\\/schema.org\",\"@graph\":[{\"@type\":\"Article\",\"@id\":\"https:\\\/\\\/www.anovapeneira.gal\\\/index.php\\\/2023\\\/08\\\/11\\\/a-memoria\\\/#article\",\"isPartOf\":{\"@id\":\"https:\\\/\\\/www.anovapeneira.gal\\\/index.php\\\/2023\\\/08\\\/11\\\/a-memoria\\\/\"},\"author\":{\"name\":\"Tino Lago\",\"@id\":\"https:\\\/\\\/www.anovapeneira.gal\\\/#\\\/schema\\\/person\\\/424dfe65e3070fd8a44d22d2c088762a\"},\"headline\":\"A memoria\",\"datePublished\":\"2023-08-11T10:00:07+00:00\",\"mainEntityOfPage\":{\"@id\":\"https:\\\/\\\/www.anovapeneira.gal\\\/index.php\\\/2023\\\/08\\\/11\\\/a-memoria\\\/\"},\"wordCount\":766,\"commentCount\":0,\"publisher\":{\"@id\":\"https:\\\/\\\/www.anovapeneira.gal\\\/#organization\"},\"image\":{\"@id\":\"https:\\\/\\\/www.anovapeneira.gal\\\/index.php\\\/2023\\\/08\\\/11\\\/a-memoria\\\/#primaryimage\"},\"thumbnailUrl\":\"https:\\\/\\\/www.anovapeneira.gal\\\/wp-content\\\/uploads\\\/2023\\\/08\\\/manuel_vargas_Cab.jpg\",\"articleSection\":[\"Artigo editorial\"],\"inLanguage\":\"gl-ES\",\"potentialAction\":[{\"@type\":\"CommentAction\",\"name\":\"Comment\",\"target\":[\"https:\\\/\\\/www.anovapeneira.gal\\\/index.php\\\/2023\\\/08\\\/11\\\/a-memoria\\\/#respond\"]}]},{\"@type\":\"WebPage\",\"@id\":\"https:\\\/\\\/www.anovapeneira.gal\\\/index.php\\\/2023\\\/08\\\/11\\\/a-memoria\\\/\",\"url\":\"https:\\\/\\\/www.anovapeneira.gal\\\/index.php\\\/2023\\\/08\\\/11\\\/a-memoria\\\/\",\"name\":\"A memoria -\",\"isPartOf\":{\"@id\":\"https:\\\/\\\/www.anovapeneira.gal\\\/#website\"},\"primaryImageOfPage\":{\"@id\":\"https:\\\/\\\/www.anovapeneira.gal\\\/index.php\\\/2023\\\/08\\\/11\\\/a-memoria\\\/#primaryimage\"},\"image\":{\"@id\":\"https:\\\/\\\/www.anovapeneira.gal\\\/index.php\\\/2023\\\/08\\\/11\\\/a-memoria\\\/#primaryimage\"},\"thumbnailUrl\":\"https:\\\/\\\/www.anovapeneira.gal\\\/wp-content\\\/uploads\\\/2023\\\/08\\\/manuel_vargas_Cab.jpg\",\"datePublished\":\"2023-08-11T10:00:07+00:00\",\"description\":\"A medida que os cami\u00f1os vitais percorridos fanse m\u00e1is extensos, e os que a\u00ednda quedan por percorrer m\u00e1is cativos, a memoria ocupa un lugar cada vez m\u00e1is importante na arquitectura da alma humana\",\"breadcrumb\":{\"@id\":\"https:\\\/\\\/www.anovapeneira.gal\\\/index.php\\\/2023\\\/08\\\/11\\\/a-memoria\\\/#breadcrumb\"},\"inLanguage\":\"gl-ES\",\"potentialAction\":[{\"@type\":\"ReadAction\",\"target\":[\"https:\\\/\\\/www.anovapeneira.gal\\\/index.php\\\/2023\\\/08\\\/11\\\/a-memoria\\\/\"]}]},{\"@type\":\"ImageObject\",\"inLanguage\":\"gl-ES\",\"@id\":\"https:\\\/\\\/www.anovapeneira.gal\\\/index.php\\\/2023\\\/08\\\/11\\\/a-memoria\\\/#primaryimage\",\"url\":\"https:\\\/\\\/www.anovapeneira.gal\\\/wp-content\\\/uploads\\\/2023\\\/08\\\/manuel_vargas_Cab.jpg\",\"contentUrl\":\"https:\\\/\\\/www.anovapeneira.gal\\\/wp-content\\\/uploads\\\/2023\\\/08\\\/manuel_vargas_Cab.jpg\",\"width\":720,\"height\":432,\"caption\":\"A memoria\"},{\"@type\":\"BreadcrumbList\",\"@id\":\"https:\\\/\\\/www.anovapeneira.gal\\\/index.php\\\/2023\\\/08\\\/11\\\/a-memoria\\\/#breadcrumb\",\"itemListElement\":[{\"@type\":\"ListItem\",\"position\":1,\"name\":\"Portada\",\"item\":\"https:\\\/\\\/www.anovapeneira.gal\\\/\"},{\"@type\":\"ListItem\",\"position\":2,\"name\":\"A memoria\"}]},{\"@type\":\"WebSite\",\"@id\":\"https:\\\/\\\/www.anovapeneira.gal\\\/#website\",\"url\":\"https:\\\/\\\/www.anovapeneira.gal\\\/\",\"name\":\"\",\"description\":\"Xornal galego de informaci\u00f3n xeral Publicaci\u00f3n mensual de novas de Galicia e en especial dos Concellos da sur da provincia de Pontevedra.\",\"publisher\":{\"@id\":\"https:\\\/\\\/www.anovapeneira.gal\\\/#organization\"},\"potentialAction\":[{\"@type\":\"SearchAction\",\"target\":{\"@type\":\"EntryPoint\",\"urlTemplate\":\"https:\\\/\\\/www.anovapeneira.gal\\\/?s={search_term_string}\"},\"query-input\":{\"@type\":\"PropertyValueSpecification\",\"valueRequired\":true,\"valueName\":\"search_term_string\"}}],\"inLanguage\":\"gl-ES\"},{\"@type\":\"Organization\",\"@id\":\"https:\\\/\\\/www.anovapeneira.gal\\\/#organization\",\"name\":\"A Nova Peneira\",\"url\":\"https:\\\/\\\/www.anovapeneira.gal\\\/\",\"logo\":{\"@type\":\"ImageObject\",\"inLanguage\":\"gl-ES\",\"@id\":\"https:\\\/\\\/www.anovapeneira.gal\\\/#\\\/schema\\\/logo\\\/image\\\/\",\"url\":\"http:\\\/\\\/www.anovapeneira.gal\\\/wp-content\\\/uploads\\\/2019\\\/06\\\/logo_a_nova_peneira_portal_web.png\",\"contentUrl\":\"http:\\\/\\\/www.anovapeneira.gal\\\/wp-content\\\/uploads\\\/2019\\\/06\\\/logo_a_nova_peneira_portal_web.png\",\"width\":300,\"height\":100,\"caption\":\"A Nova Peneira\"},\"image\":{\"@id\":\"https:\\\/\\\/www.anovapeneira.gal\\\/#\\\/schema\\\/logo\\\/image\\\/\"},\"sameAs\":[\"https:\\\/\\\/www.facebook.com\\\/anovapeneira\",\"https:\\\/\\\/x.com\\\/APeneira\"]},{\"@type\":\"Person\",\"@id\":\"https:\\\/\\\/www.anovapeneira.gal\\\/#\\\/schema\\\/person\\\/424dfe65e3070fd8a44d22d2c088762a\",\"name\":\"Tino Lago\",\"image\":{\"@type\":\"ImageObject\",\"inLanguage\":\"gl-ES\",\"@id\":\"https:\\\/\\\/secure.gravatar.com\\\/avatar\\\/b3df6a06e44bab3111583b90f0f33a0379ee5e3d22cbadd232d39f21c30c62be?s=96&d=mm&r=g\",\"url\":\"https:\\\/\\\/secure.gravatar.com\\\/avatar\\\/b3df6a06e44bab3111583b90f0f33a0379ee5e3d22cbadd232d39f21c30c62be?s=96&d=mm&r=g\",\"contentUrl\":\"https:\\\/\\\/secure.gravatar.com\\\/avatar\\\/b3df6a06e44bab3111583b90f0f33a0379ee5e3d22cbadd232d39f21c30c62be?s=96&d=mm&r=g\",\"caption\":\"Tino Lago\"},\"sameAs\":[\"http:\\\/\\\/www.anovapeneira.gal\"],\"url\":\"https:\\\/\\\/www.anovapeneira.gal\\\/index.php\\\/author\\\/director\\\/\"}]}<\/script>\n<!-- \/ Yoast SEO plugin. -->","yoast_head_json":{"title":"A memoria -","description":"A medida que os cami\u00f1os vitais percorridos fanse m\u00e1is extensos, e os que a\u00ednda quedan por percorrer m\u00e1is cativos, a memoria ocupa un lugar cada vez m\u00e1is importante na arquitectura da alma humana","robots":{"index":"index","follow":"follow","max-snippet":"max-snippet:-1","max-image-preview":"max-image-preview:large","max-video-preview":"max-video-preview:-1"},"canonical":"https:\/\/www.anovapeneira.gal\/index.php\/2023\/08\/11\/a-memoria\/","og_locale":"gl_ES","og_type":"article","og_title":"A memoria -","og_description":"A medida que os cami\u00f1os vitais percorridos fanse m\u00e1is extensos, e os que a\u00ednda quedan por percorrer m\u00e1is cativos, a memoria ocupa un lugar cada vez m\u00e1is importante na arquitectura da alma humana","og_url":"https:\/\/www.anovapeneira.gal\/index.php\/2023\/08\/11\/a-memoria\/","article_publisher":"https:\/\/www.facebook.com\/anovapeneira","article_published_time":"2023-08-11T10:00:07+00:00","og_image":[{"width":720,"height":432,"url":"https:\/\/www.anovapeneira.gal\/wp-content\/uploads\/2023\/08\/manuel_vargas_Cab.jpg","type":"image\/jpeg"}],"author":"Tino Lago","twitter_card":"summary_large_image","twitter_creator":"@APeneira","twitter_site":"@APeneira","twitter_misc":{"Escrito por":"Tino Lago","Tempo de lectura":"5 minutos"},"schema":{"@context":"https:\/\/schema.org","@graph":[{"@type":"Article","@id":"https:\/\/www.anovapeneira.gal\/index.php\/2023\/08\/11\/a-memoria\/#article","isPartOf":{"@id":"https:\/\/www.anovapeneira.gal\/index.php\/2023\/08\/11\/a-memoria\/"},"author":{"name":"Tino Lago","@id":"https:\/\/www.anovapeneira.gal\/#\/schema\/person\/424dfe65e3070fd8a44d22d2c088762a"},"headline":"A memoria","datePublished":"2023-08-11T10:00:07+00:00","mainEntityOfPage":{"@id":"https:\/\/www.anovapeneira.gal\/index.php\/2023\/08\/11\/a-memoria\/"},"wordCount":766,"commentCount":0,"publisher":{"@id":"https:\/\/www.anovapeneira.gal\/#organization"},"image":{"@id":"https:\/\/www.anovapeneira.gal\/index.php\/2023\/08\/11\/a-memoria\/#primaryimage"},"thumbnailUrl":"https:\/\/www.anovapeneira.gal\/wp-content\/uploads\/2023\/08\/manuel_vargas_Cab.jpg","articleSection":["Artigo editorial"],"inLanguage":"gl-ES","potentialAction":[{"@type":"CommentAction","name":"Comment","target":["https:\/\/www.anovapeneira.gal\/index.php\/2023\/08\/11\/a-memoria\/#respond"]}]},{"@type":"WebPage","@id":"https:\/\/www.anovapeneira.gal\/index.php\/2023\/08\/11\/a-memoria\/","url":"https:\/\/www.anovapeneira.gal\/index.php\/2023\/08\/11\/a-memoria\/","name":"A memoria -","isPartOf":{"@id":"https:\/\/www.anovapeneira.gal\/#website"},"primaryImageOfPage":{"@id":"https:\/\/www.anovapeneira.gal\/index.php\/2023\/08\/11\/a-memoria\/#primaryimage"},"image":{"@id":"https:\/\/www.anovapeneira.gal\/index.php\/2023\/08\/11\/a-memoria\/#primaryimage"},"thumbnailUrl":"https:\/\/www.anovapeneira.gal\/wp-content\/uploads\/2023\/08\/manuel_vargas_Cab.jpg","datePublished":"2023-08-11T10:00:07+00:00","description":"A medida que os cami\u00f1os vitais percorridos fanse m\u00e1is extensos, e os que a\u00ednda quedan por percorrer m\u00e1is cativos, a memoria ocupa un lugar cada vez m\u00e1is importante na arquitectura da alma humana","breadcrumb":{"@id":"https:\/\/www.anovapeneira.gal\/index.php\/2023\/08\/11\/a-memoria\/#breadcrumb"},"inLanguage":"gl-ES","potentialAction":[{"@type":"ReadAction","target":["https:\/\/www.anovapeneira.gal\/index.php\/2023\/08\/11\/a-memoria\/"]}]},{"@type":"ImageObject","inLanguage":"gl-ES","@id":"https:\/\/www.anovapeneira.gal\/index.php\/2023\/08\/11\/a-memoria\/#primaryimage","url":"https:\/\/www.anovapeneira.gal\/wp-content\/uploads\/2023\/08\/manuel_vargas_Cab.jpg","contentUrl":"https:\/\/www.anovapeneira.gal\/wp-content\/uploads\/2023\/08\/manuel_vargas_Cab.jpg","width":720,"height":432,"caption":"A memoria"},{"@type":"BreadcrumbList","@id":"https:\/\/www.anovapeneira.gal\/index.php\/2023\/08\/11\/a-memoria\/#breadcrumb","itemListElement":[{"@type":"ListItem","position":1,"name":"Portada","item":"https:\/\/www.anovapeneira.gal\/"},{"@type":"ListItem","position":2,"name":"A memoria"}]},{"@type":"WebSite","@id":"https:\/\/www.anovapeneira.gal\/#website","url":"https:\/\/www.anovapeneira.gal\/","name":"","description":"Xornal galego de informaci\u00f3n xeral Publicaci\u00f3n mensual de novas de Galicia e en especial dos Concellos da sur da provincia de Pontevedra.","publisher":{"@id":"https:\/\/www.anovapeneira.gal\/#organization"},"potentialAction":[{"@type":"SearchAction","target":{"@type":"EntryPoint","urlTemplate":"https:\/\/www.anovapeneira.gal\/?s={search_term_string}"},"query-input":{"@type":"PropertyValueSpecification","valueRequired":true,"valueName":"search_term_string"}}],"inLanguage":"gl-ES"},{"@type":"Organization","@id":"https:\/\/www.anovapeneira.gal\/#organization","name":"A Nova Peneira","url":"https:\/\/www.anovapeneira.gal\/","logo":{"@type":"ImageObject","inLanguage":"gl-ES","@id":"https:\/\/www.anovapeneira.gal\/#\/schema\/logo\/image\/","url":"http:\/\/www.anovapeneira.gal\/wp-content\/uploads\/2019\/06\/logo_a_nova_peneira_portal_web.png","contentUrl":"http:\/\/www.anovapeneira.gal\/wp-content\/uploads\/2019\/06\/logo_a_nova_peneira_portal_web.png","width":300,"height":100,"caption":"A Nova Peneira"},"image":{"@id":"https:\/\/www.anovapeneira.gal\/#\/schema\/logo\/image\/"},"sameAs":["https:\/\/www.facebook.com\/anovapeneira","https:\/\/x.com\/APeneira"]},{"@type":"Person","@id":"https:\/\/www.anovapeneira.gal\/#\/schema\/person\/424dfe65e3070fd8a44d22d2c088762a","name":"Tino Lago","image":{"@type":"ImageObject","inLanguage":"gl-ES","@id":"https:\/\/secure.gravatar.com\/avatar\/b3df6a06e44bab3111583b90f0f33a0379ee5e3d22cbadd232d39f21c30c62be?s=96&d=mm&r=g","url":"https:\/\/secure.gravatar.com\/avatar\/b3df6a06e44bab3111583b90f0f33a0379ee5e3d22cbadd232d39f21c30c62be?s=96&d=mm&r=g","contentUrl":"https:\/\/secure.gravatar.com\/avatar\/b3df6a06e44bab3111583b90f0f33a0379ee5e3d22cbadd232d39f21c30c62be?s=96&d=mm&r=g","caption":"Tino Lago"},"sameAs":["http:\/\/www.anovapeneira.gal"],"url":"https:\/\/www.anovapeneira.gal\/index.php\/author\/director\/"}]}},"jetpack_featured_media_url":"https:\/\/www.anovapeneira.gal\/wp-content\/uploads\/2023\/08\/manuel_vargas_Cab.jpg","_links":{"self":[{"href":"https:\/\/www.anovapeneira.gal\/index.php\/wp-json\/wp\/v2\/posts\/10247","targetHints":{"allow":["GET"]}}],"collection":[{"href":"https:\/\/www.anovapeneira.gal\/index.php\/wp-json\/wp\/v2\/posts"}],"about":[{"href":"https:\/\/www.anovapeneira.gal\/index.php\/wp-json\/wp\/v2\/types\/post"}],"author":[{"embeddable":true,"href":"https:\/\/www.anovapeneira.gal\/index.php\/wp-json\/wp\/v2\/users\/2"}],"replies":[{"embeddable":true,"href":"https:\/\/www.anovapeneira.gal\/index.php\/wp-json\/wp\/v2\/comments?post=10247"}],"version-history":[{"count":3,"href":"https:\/\/www.anovapeneira.gal\/index.php\/wp-json\/wp\/v2\/posts\/10247\/revisions"}],"predecessor-version":[{"id":10254,"href":"https:\/\/www.anovapeneira.gal\/index.php\/wp-json\/wp\/v2\/posts\/10247\/revisions\/10254"}],"wp:featuredmedia":[{"embeddable":true,"href":"https:\/\/www.anovapeneira.gal\/index.php\/wp-json\/wp\/v2\/media\/10248"}],"wp:attachment":[{"href":"https:\/\/www.anovapeneira.gal\/index.php\/wp-json\/wp\/v2\/media?parent=10247"}],"wp:term":[{"taxonomy":"category","embeddable":true,"href":"https:\/\/www.anovapeneira.gal\/index.php\/wp-json\/wp\/v2\/categories?post=10247"},{"taxonomy":"post_tag","embeddable":true,"href":"https:\/\/www.anovapeneira.gal\/index.php\/wp-json\/wp\/v2\/tags?post=10247"}],"curies":[{"name":"wp","href":"https:\/\/api.w.org\/{rel}","templated":true}]}}