{"id":10255,"date":"2023-08-14T10:00:01","date_gmt":"2023-08-14T08:00:01","guid":{"rendered":"https:\/\/www.anovapeneira.gal\/?p=10255"},"modified":"2023-08-09T10:41:08","modified_gmt":"2023-08-09T08:41:08","slug":"floren-dimas-oficial-xubilado-do-exercito-do-aire","status":"publish","type":"post","link":"https:\/\/www.anovapeneira.gal\/index.php\/2023\/08\/14\/floren-dimas-oficial-xubilado-do-exercito-do-aire\/","title":{"rendered":"Floren Dimas. Oficial xubilado do ex\u00e9rcito do aire"},"content":{"rendered":"\n<h2 class=\"wp-block-heading\"><strong>Onte unidos polo alpinismo, hoxe separados pola Fundaci\u00f3n Nacional Francisco Franco.<\/strong><\/h2>\n\n\n\n<p>Regresabamos de ascender o Aneto (5 horas de traves\u00eda de glaciar, cando agora s\u00f3 se tardan 2) cando pasada a Brecha de Rolando, baixando cara ao val do r\u00edo Ara por Bujaruelo paramos un momento para admirar de lonxe o noso pr\u00f3ximo obxectivo: o Vignemale de 3.299 m.<br>Floren e Miguel, hai 48 anos. Pireneos, xullo 1975. Ao fondo o macizo de Vignemale ( Fr) Ese momento de ilusi\u00f3n e tam\u00e9n de cansazo queda reflectido nesta fotograf\u00eda. Dous bos amigos destinados na Base de Los Alc\u00e1zares, el como Tenente recentemente sa\u00eddo da Academia, e eu como Cabo 1\u00ba a piques de sa\u00edr destinado para a Escola Militar de Paracaidistas de Alcantarilla, cuxa amizade se foi forxando en pouco tempo, no curso de traves\u00edas e ascensi\u00f3ns en Pireneos e nos Picos de Europa, compartindo aventuras e experiencias imposibles de esquecer. Cada un seguiu o seu cami\u00f1o profesional, con alg\u00fan espor\u00e1dico e fugaz encontro, que serviu para afianzar a\u00ednda m\u00e1is aquel sincero afecto que nos profesabamos. Durante varios anos, polo Nadal escrib\u00edalle unha postal ao seu domicilio de Alcal\u00e1 de Henares, pois el estivo moitos anos destinado na Base de Torrej\u00f3n de Ardoz, ata que ao cabo dalg\u00fans, deixou de contestarme e de responder as mi\u00f1as chamadas telef\u00f3nicas. Pasou moito tempo ata que en 2017, con motivo da mi\u00f1a visita ao Arquivo Hist\u00f3rico do Ex\u00e9rcito do Aire en Villaviciosa de Od\u00f3n, atopeime coa s\u00faa fotograf\u00eda nun despacho, onde se lle acreditaba como Coronel-director do Arquivo, algo que me sorprendeu ench\u00e9ndome de satisfacci\u00f3n. \u00c1 mi\u00f1a petici\u00f3n de pasar a saudalo, o xefe de sala d\u00edxome que non se atopaba no arquivo e ent\u00f3n eu deixeille unha nota en sobre pechado, a que cabe pensar pode cruzarse entre dous vellos camaradas, co encargo de que lla fixese chegar. Pasaron moitos d\u00edas, semanas e meses, e nunca tiven ningunha noticia de Miguel. A seguinte vez que volv\u00edn saber del foi cando en agosto do ano seguinte, vin o seu nome na longa lista de xefes e oficiais dos tres ex\u00e9rcitos, que declaraban a s\u00faa adhesi\u00f3n \u00e1 memoria hist\u00f3rica do xeneral Franco. Miguel , era un m\u00e1is entre os membros do xeneralato que de maneira p\u00fablica adher\u00edronse a aquel manifesto promovido pola Fundaci\u00f3n Nacional Francisco Franco. A\u00ednda hoxe tento recuperarme da mi\u00f1a incredulidade.<br><\/p>\n\n\n\n<pre class=\"wp-block-verse\">Publicado 04 agosto 2023 por Floren Dimas<\/pre>\n","protected":false},"excerpt":{"rendered":"<div class=\"mh-excerpt\"><p>Onte unidos polo alpinismo, hoxe separados pola Fundaci\u00f3n Nacional Francisco Franco <a class=\"mh-excerpt-more\" href=\"https:\/\/www.anovapeneira.gal\/index.php\/2023\/08\/14\/floren-dimas-oficial-xubilado-do-exercito-do-aire\/\" title=\"Floren Dimas. Oficial xubilado do ex\u00e9rcito do aire\">[&#8230;]<\/a><\/p>\n<\/div>","protected":false},"author":3,"featured_media":10257,"comment_status":"open","ping_status":"open","sticky":false,"template":"","format":"standard","meta":{"_exactmetrics_skip_tracking":false,"_exactmetrics_sitenote_active":false,"_exactmetrics_sitenote_note":"","_exactmetrics_sitenote_category":0,"footnotes":""},"categories":[7],"tags":[],"class_list":{"0":"post-10255","1":"post","2":"type-post","3":"status-publish","4":"format-standard","5":"has-post-thumbnail","7":"category-artigos-de-opinion"},"yoast_head":"<!-- This site is optimized with the Yoast SEO plugin v27.5 - https:\/\/yoast.com\/product\/yoast-seo-wordpress\/ -->\n<title>Floren Dimas. Oficial xubilado do ex\u00e9rcito do aire -<\/title>\n<meta name=\"description\" content=\"Onte unidos polo alpinismo, hoxe separados pola Fundaci\u00f3n Nacional Francisco Franco\" \/>\n<meta name=\"robots\" content=\"index, follow, max-snippet:-1, max-image-preview:large, max-video-preview:-1\" \/>\n<link rel=\"canonical\" href=\"https:\/\/www.anovapeneira.gal\/index.php\/2023\/08\/14\/floren-dimas-oficial-xubilado-do-exercito-do-aire\/\" \/>\n<meta property=\"og:locale\" content=\"gl_ES\" \/>\n<meta property=\"og:type\" content=\"article\" \/>\n<meta property=\"og:title\" content=\"Floren Dimas. Oficial xubilado do ex\u00e9rcito do aire -\" \/>\n<meta property=\"og:description\" content=\"Onte unidos polo alpinismo, hoxe separados pola Fundaci\u00f3n Nacional Francisco Franco\" \/>\n<meta property=\"og:url\" content=\"https:\/\/www.anovapeneira.gal\/index.php\/2023\/08\/14\/floren-dimas-oficial-xubilado-do-exercito-do-aire\/\" \/>\n<meta property=\"article:publisher\" content=\"https:\/\/www.facebook.com\/anovapeneira\" \/>\n<meta property=\"article:published_time\" content=\"2023-08-14T08:00:01+00:00\" \/>\n<meta property=\"og:image\" content=\"https:\/\/www.anovapeneira.gal\/wp-content\/uploads\/2023\/08\/floren.jpg\" \/>\n\t<meta property=\"og:image:width\" content=\"720\" \/>\n\t<meta property=\"og:image:height\" content=\"432\" \/>\n\t<meta property=\"og:image:type\" content=\"image\/jpeg\" \/>\n<meta name=\"author\" content=\"Redacci\u00f3n A Nova Peneira\" \/>\n<meta name=\"twitter:card\" content=\"summary_large_image\" \/>\n<meta name=\"twitter:creator\" content=\"@APeneira\" \/>\n<meta name=\"twitter:site\" content=\"@APeneira\" \/>\n<meta name=\"twitter:label1\" content=\"Escrito por\" \/>\n\t<meta name=\"twitter:data1\" content=\"Redacci\u00f3n A Nova Peneira\" \/>\n\t<meta name=\"twitter:label2\" content=\"Tempo de lectura\" \/>\n\t<meta name=\"twitter:data2\" content=\"3 minutos\" \/>\n<script type=\"application\/ld+json\" class=\"yoast-schema-graph\">{\"@context\":\"https:\\\/\\\/schema.org\",\"@graph\":[{\"@type\":\"Article\",\"@id\":\"https:\\\/\\\/www.anovapeneira.gal\\\/index.php\\\/2023\\\/08\\\/14\\\/floren-dimas-oficial-xubilado-do-exercito-do-aire\\\/#article\",\"isPartOf\":{\"@id\":\"https:\\\/\\\/www.anovapeneira.gal\\\/index.php\\\/2023\\\/08\\\/14\\\/floren-dimas-oficial-xubilado-do-exercito-do-aire\\\/\"},\"author\":{\"name\":\"Redacci\u00f3n A Nova Peneira\",\"@id\":\"https:\\\/\\\/www.anovapeneira.gal\\\/#\\\/schema\\\/person\\\/b93e3f8932e3f8da96334607eb6ac6aa\"},\"headline\":\"Floren Dimas. Oficial xubilado do ex\u00e9rcito do aire\",\"datePublished\":\"2023-08-14T08:00:01+00:00\",\"mainEntityOfPage\":{\"@id\":\"https:\\\/\\\/www.anovapeneira.gal\\\/index.php\\\/2023\\\/08\\\/14\\\/floren-dimas-oficial-xubilado-do-exercito-do-aire\\\/\"},\"wordCount\":432,\"commentCount\":0,\"publisher\":{\"@id\":\"https:\\\/\\\/www.anovapeneira.gal\\\/#organization\"},\"image\":{\"@id\":\"https:\\\/\\\/www.anovapeneira.gal\\\/index.php\\\/2023\\\/08\\\/14\\\/floren-dimas-oficial-xubilado-do-exercito-do-aire\\\/#primaryimage\"},\"thumbnailUrl\":\"https:\\\/\\\/www.anovapeneira.gal\\\/wp-content\\\/uploads\\\/2023\\\/08\\\/floren.jpg\",\"articleSection\":[\"Artigos de opini\u00f3n\"],\"inLanguage\":\"gl-ES\",\"potentialAction\":[{\"@type\":\"CommentAction\",\"name\":\"Comment\",\"target\":[\"https:\\\/\\\/www.anovapeneira.gal\\\/index.php\\\/2023\\\/08\\\/14\\\/floren-dimas-oficial-xubilado-do-exercito-do-aire\\\/#respond\"]}]},{\"@type\":\"WebPage\",\"@id\":\"https:\\\/\\\/www.anovapeneira.gal\\\/index.php\\\/2023\\\/08\\\/14\\\/floren-dimas-oficial-xubilado-do-exercito-do-aire\\\/\",\"url\":\"https:\\\/\\\/www.anovapeneira.gal\\\/index.php\\\/2023\\\/08\\\/14\\\/floren-dimas-oficial-xubilado-do-exercito-do-aire\\\/\",\"name\":\"Floren Dimas. Oficial xubilado do ex\u00e9rcito do aire -\",\"isPartOf\":{\"@id\":\"https:\\\/\\\/www.anovapeneira.gal\\\/#website\"},\"primaryImageOfPage\":{\"@id\":\"https:\\\/\\\/www.anovapeneira.gal\\\/index.php\\\/2023\\\/08\\\/14\\\/floren-dimas-oficial-xubilado-do-exercito-do-aire\\\/#primaryimage\"},\"image\":{\"@id\":\"https:\\\/\\\/www.anovapeneira.gal\\\/index.php\\\/2023\\\/08\\\/14\\\/floren-dimas-oficial-xubilado-do-exercito-do-aire\\\/#primaryimage\"},\"thumbnailUrl\":\"https:\\\/\\\/www.anovapeneira.gal\\\/wp-content\\\/uploads\\\/2023\\\/08\\\/floren.jpg\",\"datePublished\":\"2023-08-14T08:00:01+00:00\",\"description\":\"Onte unidos polo alpinismo, hoxe separados pola Fundaci\u00f3n Nacional Francisco Franco\",\"breadcrumb\":{\"@id\":\"https:\\\/\\\/www.anovapeneira.gal\\\/index.php\\\/2023\\\/08\\\/14\\\/floren-dimas-oficial-xubilado-do-exercito-do-aire\\\/#breadcrumb\"},\"inLanguage\":\"gl-ES\",\"potentialAction\":[{\"@type\":\"ReadAction\",\"target\":[\"https:\\\/\\\/www.anovapeneira.gal\\\/index.php\\\/2023\\\/08\\\/14\\\/floren-dimas-oficial-xubilado-do-exercito-do-aire\\\/\"]}]},{\"@type\":\"ImageObject\",\"inLanguage\":\"gl-ES\",\"@id\":\"https:\\\/\\\/www.anovapeneira.gal\\\/index.php\\\/2023\\\/08\\\/14\\\/floren-dimas-oficial-xubilado-do-exercito-do-aire\\\/#primaryimage\",\"url\":\"https:\\\/\\\/www.anovapeneira.gal\\\/wp-content\\\/uploads\\\/2023\\\/08\\\/floren.jpg\",\"contentUrl\":\"https:\\\/\\\/www.anovapeneira.gal\\\/wp-content\\\/uploads\\\/2023\\\/08\\\/floren.jpg\",\"width\":720,\"height\":432,\"caption\":\"Floren Dimas. Oficial xubilado do ex\u00e9rcito do aire\"},{\"@type\":\"BreadcrumbList\",\"@id\":\"https:\\\/\\\/www.anovapeneira.gal\\\/index.php\\\/2023\\\/08\\\/14\\\/floren-dimas-oficial-xubilado-do-exercito-do-aire\\\/#breadcrumb\",\"itemListElement\":[{\"@type\":\"ListItem\",\"position\":1,\"name\":\"Portada\",\"item\":\"https:\\\/\\\/www.anovapeneira.gal\\\/\"},{\"@type\":\"ListItem\",\"position\":2,\"name\":\"Floren Dimas. Oficial xubilado do ex\u00e9rcito do aire\"}]},{\"@type\":\"WebSite\",\"@id\":\"https:\\\/\\\/www.anovapeneira.gal\\\/#website\",\"url\":\"https:\\\/\\\/www.anovapeneira.gal\\\/\",\"name\":\"\",\"description\":\"Xornal galego de informaci\u00f3n xeral Publicaci\u00f3n mensual de novas de Galicia e en especial dos Concellos da sur da provincia de Pontevedra.\",\"publisher\":{\"@id\":\"https:\\\/\\\/www.anovapeneira.gal\\\/#organization\"},\"potentialAction\":[{\"@type\":\"SearchAction\",\"target\":{\"@type\":\"EntryPoint\",\"urlTemplate\":\"https:\\\/\\\/www.anovapeneira.gal\\\/?s={search_term_string}\"},\"query-input\":{\"@type\":\"PropertyValueSpecification\",\"valueRequired\":true,\"valueName\":\"search_term_string\"}}],\"inLanguage\":\"gl-ES\"},{\"@type\":\"Organization\",\"@id\":\"https:\\\/\\\/www.anovapeneira.gal\\\/#organization\",\"name\":\"A Nova Peneira\",\"url\":\"https:\\\/\\\/www.anovapeneira.gal\\\/\",\"logo\":{\"@type\":\"ImageObject\",\"inLanguage\":\"gl-ES\",\"@id\":\"https:\\\/\\\/www.anovapeneira.gal\\\/#\\\/schema\\\/logo\\\/image\\\/\",\"url\":\"http:\\\/\\\/www.anovapeneira.gal\\\/wp-content\\\/uploads\\\/2019\\\/06\\\/logo_a_nova_peneira_portal_web.png\",\"contentUrl\":\"http:\\\/\\\/www.anovapeneira.gal\\\/wp-content\\\/uploads\\\/2019\\\/06\\\/logo_a_nova_peneira_portal_web.png\",\"width\":300,\"height\":100,\"caption\":\"A Nova Peneira\"},\"image\":{\"@id\":\"https:\\\/\\\/www.anovapeneira.gal\\\/#\\\/schema\\\/logo\\\/image\\\/\"},\"sameAs\":[\"https:\\\/\\\/www.facebook.com\\\/anovapeneira\",\"https:\\\/\\\/x.com\\\/APeneira\"]},{\"@type\":\"Person\",\"@id\":\"https:\\\/\\\/www.anovapeneira.gal\\\/#\\\/schema\\\/person\\\/b93e3f8932e3f8da96334607eb6ac6aa\",\"name\":\"Redacci\u00f3n A Nova Peneira\",\"image\":{\"@type\":\"ImageObject\",\"inLanguage\":\"gl-ES\",\"@id\":\"https:\\\/\\\/secure.gravatar.com\\\/avatar\\\/c052a2551a06e23fac63626232eaa90abd78dbcf1700fc46a2b2c89fd27b735f?s=96&d=mm&r=g\",\"url\":\"https:\\\/\\\/secure.gravatar.com\\\/avatar\\\/c052a2551a06e23fac63626232eaa90abd78dbcf1700fc46a2b2c89fd27b735f?s=96&d=mm&r=g\",\"contentUrl\":\"https:\\\/\\\/secure.gravatar.com\\\/avatar\\\/c052a2551a06e23fac63626232eaa90abd78dbcf1700fc46a2b2c89fd27b735f?s=96&d=mm&r=g\",\"caption\":\"Redacci\u00f3n A Nova Peneira\"},\"sameAs\":[\"http:\\\/\\\/www.anovapeneira.gal\\\/\"],\"url\":\"https:\\\/\\\/www.anovapeneira.gal\\\/index.php\\\/author\\\/redactor\\\/\"}]}<\/script>\n<!-- \/ Yoast SEO plugin. -->","yoast_head_json":{"title":"Floren Dimas. Oficial xubilado do ex\u00e9rcito do aire -","description":"Onte unidos polo alpinismo, hoxe separados pola Fundaci\u00f3n Nacional Francisco Franco","robots":{"index":"index","follow":"follow","max-snippet":"max-snippet:-1","max-image-preview":"max-image-preview:large","max-video-preview":"max-video-preview:-1"},"canonical":"https:\/\/www.anovapeneira.gal\/index.php\/2023\/08\/14\/floren-dimas-oficial-xubilado-do-exercito-do-aire\/","og_locale":"gl_ES","og_type":"article","og_title":"Floren Dimas. Oficial xubilado do ex\u00e9rcito do aire -","og_description":"Onte unidos polo alpinismo, hoxe separados pola Fundaci\u00f3n Nacional Francisco Franco","og_url":"https:\/\/www.anovapeneira.gal\/index.php\/2023\/08\/14\/floren-dimas-oficial-xubilado-do-exercito-do-aire\/","article_publisher":"https:\/\/www.facebook.com\/anovapeneira","article_published_time":"2023-08-14T08:00:01+00:00","og_image":[{"width":720,"height":432,"url":"https:\/\/www.anovapeneira.gal\/wp-content\/uploads\/2023\/08\/floren.jpg","type":"image\/jpeg"}],"author":"Redacci\u00f3n A Nova Peneira","twitter_card":"summary_large_image","twitter_creator":"@APeneira","twitter_site":"@APeneira","twitter_misc":{"Escrito por":"Redacci\u00f3n A Nova Peneira","Tempo de lectura":"3 minutos"},"schema":{"@context":"https:\/\/schema.org","@graph":[{"@type":"Article","@id":"https:\/\/www.anovapeneira.gal\/index.php\/2023\/08\/14\/floren-dimas-oficial-xubilado-do-exercito-do-aire\/#article","isPartOf":{"@id":"https:\/\/www.anovapeneira.gal\/index.php\/2023\/08\/14\/floren-dimas-oficial-xubilado-do-exercito-do-aire\/"},"author":{"name":"Redacci\u00f3n A Nova Peneira","@id":"https:\/\/www.anovapeneira.gal\/#\/schema\/person\/b93e3f8932e3f8da96334607eb6ac6aa"},"headline":"Floren Dimas. Oficial xubilado do ex\u00e9rcito do aire","datePublished":"2023-08-14T08:00:01+00:00","mainEntityOfPage":{"@id":"https:\/\/www.anovapeneira.gal\/index.php\/2023\/08\/14\/floren-dimas-oficial-xubilado-do-exercito-do-aire\/"},"wordCount":432,"commentCount":0,"publisher":{"@id":"https:\/\/www.anovapeneira.gal\/#organization"},"image":{"@id":"https:\/\/www.anovapeneira.gal\/index.php\/2023\/08\/14\/floren-dimas-oficial-xubilado-do-exercito-do-aire\/#primaryimage"},"thumbnailUrl":"https:\/\/www.anovapeneira.gal\/wp-content\/uploads\/2023\/08\/floren.jpg","articleSection":["Artigos de opini\u00f3n"],"inLanguage":"gl-ES","potentialAction":[{"@type":"CommentAction","name":"Comment","target":["https:\/\/www.anovapeneira.gal\/index.php\/2023\/08\/14\/floren-dimas-oficial-xubilado-do-exercito-do-aire\/#respond"]}]},{"@type":"WebPage","@id":"https:\/\/www.anovapeneira.gal\/index.php\/2023\/08\/14\/floren-dimas-oficial-xubilado-do-exercito-do-aire\/","url":"https:\/\/www.anovapeneira.gal\/index.php\/2023\/08\/14\/floren-dimas-oficial-xubilado-do-exercito-do-aire\/","name":"Floren Dimas. Oficial xubilado do ex\u00e9rcito do aire -","isPartOf":{"@id":"https:\/\/www.anovapeneira.gal\/#website"},"primaryImageOfPage":{"@id":"https:\/\/www.anovapeneira.gal\/index.php\/2023\/08\/14\/floren-dimas-oficial-xubilado-do-exercito-do-aire\/#primaryimage"},"image":{"@id":"https:\/\/www.anovapeneira.gal\/index.php\/2023\/08\/14\/floren-dimas-oficial-xubilado-do-exercito-do-aire\/#primaryimage"},"thumbnailUrl":"https:\/\/www.anovapeneira.gal\/wp-content\/uploads\/2023\/08\/floren.jpg","datePublished":"2023-08-14T08:00:01+00:00","description":"Onte unidos polo alpinismo, hoxe separados pola Fundaci\u00f3n Nacional Francisco Franco","breadcrumb":{"@id":"https:\/\/www.anovapeneira.gal\/index.php\/2023\/08\/14\/floren-dimas-oficial-xubilado-do-exercito-do-aire\/#breadcrumb"},"inLanguage":"gl-ES","potentialAction":[{"@type":"ReadAction","target":["https:\/\/www.anovapeneira.gal\/index.php\/2023\/08\/14\/floren-dimas-oficial-xubilado-do-exercito-do-aire\/"]}]},{"@type":"ImageObject","inLanguage":"gl-ES","@id":"https:\/\/www.anovapeneira.gal\/index.php\/2023\/08\/14\/floren-dimas-oficial-xubilado-do-exercito-do-aire\/#primaryimage","url":"https:\/\/www.anovapeneira.gal\/wp-content\/uploads\/2023\/08\/floren.jpg","contentUrl":"https:\/\/www.anovapeneira.gal\/wp-content\/uploads\/2023\/08\/floren.jpg","width":720,"height":432,"caption":"Floren Dimas. Oficial xubilado do ex\u00e9rcito do aire"},{"@type":"BreadcrumbList","@id":"https:\/\/www.anovapeneira.gal\/index.php\/2023\/08\/14\/floren-dimas-oficial-xubilado-do-exercito-do-aire\/#breadcrumb","itemListElement":[{"@type":"ListItem","position":1,"name":"Portada","item":"https:\/\/www.anovapeneira.gal\/"},{"@type":"ListItem","position":2,"name":"Floren Dimas. Oficial xubilado do ex\u00e9rcito do aire"}]},{"@type":"WebSite","@id":"https:\/\/www.anovapeneira.gal\/#website","url":"https:\/\/www.anovapeneira.gal\/","name":"","description":"Xornal galego de informaci\u00f3n xeral Publicaci\u00f3n mensual de novas de Galicia e en especial dos Concellos da sur da provincia de Pontevedra.","publisher":{"@id":"https:\/\/www.anovapeneira.gal\/#organization"},"potentialAction":[{"@type":"SearchAction","target":{"@type":"EntryPoint","urlTemplate":"https:\/\/www.anovapeneira.gal\/?s={search_term_string}"},"query-input":{"@type":"PropertyValueSpecification","valueRequired":true,"valueName":"search_term_string"}}],"inLanguage":"gl-ES"},{"@type":"Organization","@id":"https:\/\/www.anovapeneira.gal\/#organization","name":"A Nova Peneira","url":"https:\/\/www.anovapeneira.gal\/","logo":{"@type":"ImageObject","inLanguage":"gl-ES","@id":"https:\/\/www.anovapeneira.gal\/#\/schema\/logo\/image\/","url":"http:\/\/www.anovapeneira.gal\/wp-content\/uploads\/2019\/06\/logo_a_nova_peneira_portal_web.png","contentUrl":"http:\/\/www.anovapeneira.gal\/wp-content\/uploads\/2019\/06\/logo_a_nova_peneira_portal_web.png","width":300,"height":100,"caption":"A Nova Peneira"},"image":{"@id":"https:\/\/www.anovapeneira.gal\/#\/schema\/logo\/image\/"},"sameAs":["https:\/\/www.facebook.com\/anovapeneira","https:\/\/x.com\/APeneira"]},{"@type":"Person","@id":"https:\/\/www.anovapeneira.gal\/#\/schema\/person\/b93e3f8932e3f8da96334607eb6ac6aa","name":"Redacci\u00f3n A Nova Peneira","image":{"@type":"ImageObject","inLanguage":"gl-ES","@id":"https:\/\/secure.gravatar.com\/avatar\/c052a2551a06e23fac63626232eaa90abd78dbcf1700fc46a2b2c89fd27b735f?s=96&d=mm&r=g","url":"https:\/\/secure.gravatar.com\/avatar\/c052a2551a06e23fac63626232eaa90abd78dbcf1700fc46a2b2c89fd27b735f?s=96&d=mm&r=g","contentUrl":"https:\/\/secure.gravatar.com\/avatar\/c052a2551a06e23fac63626232eaa90abd78dbcf1700fc46a2b2c89fd27b735f?s=96&d=mm&r=g","caption":"Redacci\u00f3n A Nova Peneira"},"sameAs":["http:\/\/www.anovapeneira.gal\/"],"url":"https:\/\/www.anovapeneira.gal\/index.php\/author\/redactor\/"}]}},"jetpack_featured_media_url":"https:\/\/www.anovapeneira.gal\/wp-content\/uploads\/2023\/08\/floren.jpg","_links":{"self":[{"href":"https:\/\/www.anovapeneira.gal\/index.php\/wp-json\/wp\/v2\/posts\/10255","targetHints":{"allow":["GET"]}}],"collection":[{"href":"https:\/\/www.anovapeneira.gal\/index.php\/wp-json\/wp\/v2\/posts"}],"about":[{"href":"https:\/\/www.anovapeneira.gal\/index.php\/wp-json\/wp\/v2\/types\/post"}],"author":[{"embeddable":true,"href":"https:\/\/www.anovapeneira.gal\/index.php\/wp-json\/wp\/v2\/users\/3"}],"replies":[{"embeddable":true,"href":"https:\/\/www.anovapeneira.gal\/index.php\/wp-json\/wp\/v2\/comments?post=10255"}],"version-history":[{"count":3,"href":"https:\/\/www.anovapeneira.gal\/index.php\/wp-json\/wp\/v2\/posts\/10255\/revisions"}],"predecessor-version":[{"id":10260,"href":"https:\/\/www.anovapeneira.gal\/index.php\/wp-json\/wp\/v2\/posts\/10255\/revisions\/10260"}],"wp:featuredmedia":[{"embeddable":true,"href":"https:\/\/www.anovapeneira.gal\/index.php\/wp-json\/wp\/v2\/media\/10257"}],"wp:attachment":[{"href":"https:\/\/www.anovapeneira.gal\/index.php\/wp-json\/wp\/v2\/media?parent=10255"}],"wp:term":[{"taxonomy":"category","embeddable":true,"href":"https:\/\/www.anovapeneira.gal\/index.php\/wp-json\/wp\/v2\/categories?post=10255"},{"taxonomy":"post_tag","embeddable":true,"href":"https:\/\/www.anovapeneira.gal\/index.php\/wp-json\/wp\/v2\/tags?post=10255"}],"curies":[{"name":"wp","href":"https:\/\/api.w.org\/{rel}","templated":true}]}}