{"id":10261,"date":"2023-08-14T12:00:19","date_gmt":"2023-08-14T10:00:19","guid":{"rendered":"https:\/\/www.anovapeneira.gal\/?p=10261"},"modified":"2023-08-14T12:45:53","modified_gmt":"2023-08-14T10:45:53","slug":"marta-gomez-secretaria-xeral-de-galiza-nova","status":"publish","type":"post","link":"https:\/\/www.anovapeneira.gal\/index.php\/2023\/08\/14\/marta-gomez-secretaria-xeral-de-galiza-nova\/","title":{"rendered":"Marta G\u00f3mez Secretaria Xeral de Galiza Nova"},"content":{"rendered":"\n<p><strong>Natural de Pontevedra e Graduada en Ciencias do Mar, Marta foi escollida en setembro do 2021 Secretaria Xeral de Galiza Nova, a organizaci\u00f3n das mocidades do BNG. Ela \u00e9 unha muller l\u00facida que defende as s\u00faas ideas con vehemencia e paix\u00f3n, e que desminte , tanto na s\u00faa praxe persoal como na s\u00faa concepci\u00f3n intelectual, con rotundidade a falacia de que a s\u00faa \u00e9 unha xeraci\u00f3n desinteresada dos asuntos p\u00fablicos en xeral e da pol\u00edtica en particular. N\u00f3s falamos con ela .<\/strong><\/p>\n\n\n\n<p>\u201c <strong>No noso pa\u00eds hai 80.000 mozos e mozas con traballo e soldo que non se poden permitir independizarse\u201d<\/strong><\/p>\n\n\n\n<p><strong>Lembras cal foi o motivo que che levou a estudar a carreira que estudaches?<\/strong><\/p>\n\n\n\n<blockquote class=\"wp-block-quote is-layout-flow wp-block-quote-is-layout-flow\">\n<p>A verdade foi de rebote. Eu quer\u00eda ser veterinaria pero non me deu a nota para poder entrar.<\/p>\n<\/blockquote>\n\n\n\n<p><strong>Presumo que che gustan os animais?<\/strong><\/p>\n\n\n\n<blockquote class=\"wp-block-quote is-layout-flow wp-block-quote-is-layout-flow\">\n<p>Si, claro, pero f\u00edxate estudando a mi\u00f1a carreira deime de conta de que a casualidade levoume ao que \u00e9 a mi\u00f1a verdadeira vocaci\u00f3n. A carreira en verdade encantoume.<\/p>\n<\/blockquote>\n\n\n\n<p><strong>Algunha vez puideches traballar en algo relacionado cos teus estudos?<\/strong><\/p>\n\n\n\n<blockquote class=\"wp-block-quote is-layout-flow wp-block-quote-is-layout-flow\">\n<p>Non, de momento s\u00f3 fixen as pr\u00e1cticas tanto da carreira como do mestrado. Non traballo en nada relacionado co meu campo profesional porque me dedico a Galiza Nova, non por outro motivo. O que non quere dicir que as persoas da mi\u00f1a xeraci\u00f3n non te\u00f1amos unha situaci\u00f3n moi complicada para atoparmos traballos dignos e de calidade.<\/p>\n<\/blockquote>\n\n\n\n<p><strong>Como e cando se iniciou a t\u00faa relaci\u00f3n coa pol\u00edtica?<\/strong><\/p>\n\n\n\n<blockquote class=\"wp-block-quote is-layout-flow wp-block-quote-is-layout-flow\">\n<p>Case desde que nac\u00edn. F\u00edxate; \u00e1 manifestaci\u00f3n do 25 de Xullo vou desde que te\u00f1o 1 ano. Nac\u00edn no 97 e desde o 98 non perd\u00edn nin unha soa.<\/p>\n<\/blockquote>\n\n\n\n<p><strong>Entendo que xa tes antecedentes na familia?<\/strong><\/p>\n\n\n\n<blockquote class=\"wp-block-quote is-layout-flow wp-block-quote-is-layout-flow\">\n<p>Si, o meu pai \u00e9 militante do nacionalismo.<\/p>\n<\/blockquote>\n\n\n\n<p><strong>Como foi o proceso que che levou no ano 21 a presentares a t\u00faa candidatura \u00e1 Secretar\u00eda Xeral de Galiza Nova?<\/strong><\/p>\n\n\n\n<blockquote class=\"wp-block-quote is-layout-flow wp-block-quote-is-layout-flow\">\n<p>Xa levaba 3 anos sendo responsable comarcal de Galiza Nova en Pontevedra e un par deles formando parte da comisi\u00f3n permanente. As cousas foron flu\u00edndo e non foi tanto unha decisi\u00f3n mi\u00f1a, como da permanente sa\u00ednte de propo\u00f1erme, e eu asumir a responsabilidade de aceptar.<\/p>\n<\/blockquote>\n\n\n\n<p><strong>E cales foron os teus sentimentos naquel momento?<\/strong><\/p>\n\n\n\n<blockquote class=\"wp-block-quote is-layout-flow wp-block-quote-is-layout-flow\">\n<p>Unha ilusi\u00f3n enorme, algo de vertixe tam\u00e9n, e sobre todo un inmenso sentimento de responsabilidade.<\/p>\n<\/blockquote>\n\n\n\n<p><strong>A t\u00faa non foi a \u00fanica candidatura naquel proceso, houbo outra que se tam\u00e9n se presentou. Como est\u00e1n as relaci\u00f3ns cos seus representantes?<\/strong><\/p>\n\n\n\n<blockquote class=\"wp-block-quote is-layout-flow wp-block-quote-is-layout-flow\">\n<p>Tal como determinan os nosos estatutos, eles te\u00f1en o n\u00famero de postos na nosa executiva que lles corresponde en funci\u00f3n da porcentaxe de votos que recibiron. E non temos o m\u00e1is m\u00ednimo problema. Traballamos como o que somos, un \u00fanico equipo.<\/p>\n<\/blockquote>\n\n\n\n<p><strong>Como valoras estes case dous anos como m\u00e1xima responsable da mocidade do BNG?<\/strong><\/p>\n\n\n\n<blockquote class=\"wp-block-quote is-layout-flow wp-block-quote-is-layout-flow\">\n<p>Val\u00f3roos de maneira moi positiva, seguro que cometemos erros pero creo que a valoraci\u00f3n global \u00e9 boa. Tiramos campa\u00f1as novas que tiveron impacto.<\/p>\n<\/blockquote>\n\n\n\n<p><strong>Por exemplo?<\/strong><\/p>\n\n\n\n<blockquote class=\"wp-block-quote is-layout-flow wp-block-quote-is-layout-flow\">\n<p>A campa\u00f1a de inicio do curso pasado \u201c o galego vai contigo\u201d, na que tratamos de explicar como \u00e9 a relaci\u00f3n da mocidade co noso idioma, ou a campa\u00f1a sobre a sa\u00fade mental&#8230;..Outro aspecto que me fai sentir especialmente orgullosa \u00e9 que , case 500 mozos e mozas de Galiza Nova tiveran formado parte das listas do BNG nas pasadas elecci\u00f3ns municipais, dos que se non me equivoco, falo de memoria, 40 son agora concelleiros e concelleiras.<\/p>\n<\/blockquote>\n\n\n\n<p><strong>Ese dato que achegas, realmente relevante, desmentir\u00eda unha importante tendencia de opini\u00f3n que trata de minusvalorar \u00e1 mocidade actual como se fose unha xeraci\u00f3n que carece de interese nos acontecementos sociais e pol\u00edticos?<\/strong><\/p>\n\n\n\n<blockquote class=\"wp-block-quote is-layout-flow wp-block-quote-is-layout-flow\">\n<p>Son consciente da existencia desa opini\u00f3n sobre a nosa xeraci\u00f3n, pero d\u00edgoche con rotundidade absoluta que non responde \u00e1 realidade. A nosa \u00e9 unha xeraci\u00f3n comprometida e preocupada, e se se lles facilita a informaci\u00f3n e as ferramentas adecuadas, pode chegar a implicarse exactamente igual que o fixeron as xeraci\u00f3ns anteriores.<\/p>\n<\/blockquote>\n\n\n\n<p><strong>A min preoc\u00fapame moito a situaci\u00f3n do galego na t\u00faa xeraci\u00f3n, pois as porcentaxes de mozas e mozos que o falades son moi pequenas. A situaci\u00f3n do noso idioma \u00e9 reversible?<\/strong><\/p>\n\n\n\n<blockquote class=\"wp-block-quote is-layout-flow wp-block-quote-is-layout-flow\">\n<p>A situaci\u00f3n \u00e9 moi dif\u00edcil pero eu quero crer que \u00e9 reversible. \u00c9 que ten que selo, e o vai ser .O idioma galego \u00e9 un sinal de identidade esencial do noso pobo e a batalla polas 1.000 primaveras m\u00e1is para a nosa lingua \u00edmola ga\u00f1ar.<\/p>\n<\/blockquote>\n\n\n\n<p><strong>Cales son os principais problemas que ten a mocidade galega?<\/strong><\/p>\n\n\n\n<blockquote class=\"wp-block-quote is-layout-flow wp-block-quote-is-layout-flow\">\n<p>O emprego e a vivenda. N\u00f3s en canto a estes dous asuntos esenciais, defendemos a elaboraci\u00f3n dun plan de emprego xuvenil que realmente garanta a inserci\u00f3n laboral da mocidade galega con salarios dignos. A d\u00eda de hoxe hai 80.000 mozos e mozas que te\u00f1en un soldo todos os meses e que non se poden permitir independizarse. E por outra banda unha promoci\u00f3n suficiente de vivenda p\u00fablica que te\u00f1a en conta \u00e1 mocidade como un axente social prioritario.<\/p>\n<\/blockquote>\n\n\n\n<p><strong>En breve teredes un congreso para a renovaci\u00f3n de \u00f3rganos. Vas presentar de novo a t\u00faa candidatura \u00e1 Secretar\u00eda Xeral?<\/strong><\/p>\n\n\n\n<blockquote class=\"wp-block-quote is-layout-flow wp-block-quote-is-layout-flow\">\n<p>Se a direcci\u00f3n sa\u00ednte considera en distinguirme coa s\u00faa confianza, si , si que me vou presentar. Estou moi ilusionada e con ga\u00f1as de seguir traballando.<\/p>\n<\/blockquote>\n","protected":false},"excerpt":{"rendered":"<div class=\"mh-excerpt\"><p>Natural de Pontevedra e Graduada en Ciencias do Mar, Marta foi escollida en setembro do 2021 Secretaria Xeral de Galiza Nova, a organizaci\u00f3n das mocidades do BNG <a class=\"mh-excerpt-more\" href=\"https:\/\/www.anovapeneira.gal\/index.php\/2023\/08\/14\/marta-gomez-secretaria-xeral-de-galiza-nova\/\" title=\"Marta G\u00f3mez Secretaria Xeral de Galiza Nova\">[&#8230;]<\/a><\/p>\n<\/div>","protected":false},"author":3,"featured_media":10263,"comment_status":"open","ping_status":"open","sticky":false,"template":"","format":"standard","meta":{"_exactmetrics_skip_tracking":false,"_exactmetrics_sitenote_active":false,"_exactmetrics_sitenote_note":"","_exactmetrics_sitenote_category":0,"footnotes":""},"categories":[264],"tags":[],"class_list":{"0":"post-10261","1":"post","2":"type-post","3":"status-publish","4":"format-standard","5":"has-post-thumbnail","7":"category-entrevistas-galicia"},"yoast_head":"<!-- This site is optimized with the Yoast SEO plugin v27.5 - https:\/\/yoast.com\/product\/yoast-seo-wordpress\/ -->\n<title>Marta G\u00f3mez Secretaria Xeral de Galiza Nova -<\/title>\n<meta name=\"description\" content=\"Natural de Pontevedra e Graduada en Ciencias do Mar, Marta foi escollida en setembro do 2021 Secretaria Xeral de Galiza Nova, a organizaci\u00f3n das mocidades do BNG\" \/>\n<meta name=\"robots\" content=\"index, follow, max-snippet:-1, max-image-preview:large, max-video-preview:-1\" \/>\n<link rel=\"canonical\" href=\"https:\/\/www.anovapeneira.gal\/index.php\/2023\/08\/14\/marta-gomez-secretaria-xeral-de-galiza-nova\/\" \/>\n<meta property=\"og:locale\" content=\"gl_ES\" \/>\n<meta property=\"og:type\" content=\"article\" \/>\n<meta property=\"og:title\" content=\"Marta G\u00f3mez Secretaria Xeral de Galiza Nova -\" \/>\n<meta property=\"og:description\" content=\"Natural de Pontevedra e Graduada en Ciencias do Mar, Marta foi escollida en setembro do 2021 Secretaria Xeral de Galiza Nova, a organizaci\u00f3n das mocidades do BNG\" \/>\n<meta property=\"og:url\" content=\"https:\/\/www.anovapeneira.gal\/index.php\/2023\/08\/14\/marta-gomez-secretaria-xeral-de-galiza-nova\/\" \/>\n<meta property=\"article:publisher\" content=\"https:\/\/www.facebook.com\/anovapeneira\" \/>\n<meta property=\"article:published_time\" content=\"2023-08-14T10:00:19+00:00\" \/>\n<meta property=\"article:modified_time\" content=\"2023-08-14T10:45:53+00:00\" \/>\n<meta property=\"og:image\" content=\"https:\/\/www.anovapeneira.gal\/wp-content\/uploads\/2023\/08\/marta_galiza_nova.jpg\" \/>\n\t<meta property=\"og:image:width\" content=\"720\" \/>\n\t<meta property=\"og:image:height\" content=\"432\" \/>\n\t<meta property=\"og:image:type\" content=\"image\/jpeg\" \/>\n<meta name=\"author\" content=\"Redacci\u00f3n A Nova Peneira\" \/>\n<meta name=\"twitter:card\" content=\"summary_large_image\" \/>\n<meta name=\"twitter:creator\" content=\"@APeneira\" \/>\n<meta name=\"twitter:site\" content=\"@APeneira\" \/>\n<meta name=\"twitter:label1\" content=\"Escrito por\" \/>\n\t<meta name=\"twitter:data1\" content=\"Redacci\u00f3n A Nova Peneira\" \/>\n\t<meta name=\"twitter:label2\" content=\"Tempo de lectura\" \/>\n\t<meta name=\"twitter:data2\" content=\"2 minutos\" \/>\n<script type=\"application\/ld+json\" class=\"yoast-schema-graph\">{\"@context\":\"https:\\\/\\\/schema.org\",\"@graph\":[{\"@type\":\"Article\",\"@id\":\"https:\\\/\\\/www.anovapeneira.gal\\\/index.php\\\/2023\\\/08\\\/14\\\/marta-gomez-secretaria-xeral-de-galiza-nova\\\/#article\",\"isPartOf\":{\"@id\":\"https:\\\/\\\/www.anovapeneira.gal\\\/index.php\\\/2023\\\/08\\\/14\\\/marta-gomez-secretaria-xeral-de-galiza-nova\\\/\"},\"author\":{\"name\":\"Redacci\u00f3n A Nova Peneira\",\"@id\":\"https:\\\/\\\/www.anovapeneira.gal\\\/#\\\/schema\\\/person\\\/b93e3f8932e3f8da96334607eb6ac6aa\"},\"headline\":\"Marta G\u00f3mez Secretaria Xeral de Galiza Nova\",\"datePublished\":\"2023-08-14T10:00:19+00:00\",\"dateModified\":\"2023-08-14T10:45:53+00:00\",\"mainEntityOfPage\":{\"@id\":\"https:\\\/\\\/www.anovapeneira.gal\\\/index.php\\\/2023\\\/08\\\/14\\\/marta-gomez-secretaria-xeral-de-galiza-nova\\\/\"},\"wordCount\":915,\"commentCount\":0,\"publisher\":{\"@id\":\"https:\\\/\\\/www.anovapeneira.gal\\\/#organization\"},\"image\":{\"@id\":\"https:\\\/\\\/www.anovapeneira.gal\\\/index.php\\\/2023\\\/08\\\/14\\\/marta-gomez-secretaria-xeral-de-galiza-nova\\\/#primaryimage\"},\"thumbnailUrl\":\"https:\\\/\\\/www.anovapeneira.gal\\\/wp-content\\\/uploads\\\/2023\\\/08\\\/marta_galiza_nova.jpg\",\"articleSection\":[\"Entrevistas\"],\"inLanguage\":\"gl-ES\",\"potentialAction\":[{\"@type\":\"CommentAction\",\"name\":\"Comment\",\"target\":[\"https:\\\/\\\/www.anovapeneira.gal\\\/index.php\\\/2023\\\/08\\\/14\\\/marta-gomez-secretaria-xeral-de-galiza-nova\\\/#respond\"]}]},{\"@type\":\"WebPage\",\"@id\":\"https:\\\/\\\/www.anovapeneira.gal\\\/index.php\\\/2023\\\/08\\\/14\\\/marta-gomez-secretaria-xeral-de-galiza-nova\\\/\",\"url\":\"https:\\\/\\\/www.anovapeneira.gal\\\/index.php\\\/2023\\\/08\\\/14\\\/marta-gomez-secretaria-xeral-de-galiza-nova\\\/\",\"name\":\"Marta G\u00f3mez Secretaria Xeral de Galiza Nova -\",\"isPartOf\":{\"@id\":\"https:\\\/\\\/www.anovapeneira.gal\\\/#website\"},\"primaryImageOfPage\":{\"@id\":\"https:\\\/\\\/www.anovapeneira.gal\\\/index.php\\\/2023\\\/08\\\/14\\\/marta-gomez-secretaria-xeral-de-galiza-nova\\\/#primaryimage\"},\"image\":{\"@id\":\"https:\\\/\\\/www.anovapeneira.gal\\\/index.php\\\/2023\\\/08\\\/14\\\/marta-gomez-secretaria-xeral-de-galiza-nova\\\/#primaryimage\"},\"thumbnailUrl\":\"https:\\\/\\\/www.anovapeneira.gal\\\/wp-content\\\/uploads\\\/2023\\\/08\\\/marta_galiza_nova.jpg\",\"datePublished\":\"2023-08-14T10:00:19+00:00\",\"dateModified\":\"2023-08-14T10:45:53+00:00\",\"description\":\"Natural de Pontevedra e Graduada en Ciencias do Mar, Marta foi escollida en setembro do 2021 Secretaria Xeral de Galiza Nova, a organizaci\u00f3n das mocidades do BNG\",\"breadcrumb\":{\"@id\":\"https:\\\/\\\/www.anovapeneira.gal\\\/index.php\\\/2023\\\/08\\\/14\\\/marta-gomez-secretaria-xeral-de-galiza-nova\\\/#breadcrumb\"},\"inLanguage\":\"gl-ES\",\"potentialAction\":[{\"@type\":\"ReadAction\",\"target\":[\"https:\\\/\\\/www.anovapeneira.gal\\\/index.php\\\/2023\\\/08\\\/14\\\/marta-gomez-secretaria-xeral-de-galiza-nova\\\/\"]}]},{\"@type\":\"ImageObject\",\"inLanguage\":\"gl-ES\",\"@id\":\"https:\\\/\\\/www.anovapeneira.gal\\\/index.php\\\/2023\\\/08\\\/14\\\/marta-gomez-secretaria-xeral-de-galiza-nova\\\/#primaryimage\",\"url\":\"https:\\\/\\\/www.anovapeneira.gal\\\/wp-content\\\/uploads\\\/2023\\\/08\\\/marta_galiza_nova.jpg\",\"contentUrl\":\"https:\\\/\\\/www.anovapeneira.gal\\\/wp-content\\\/uploads\\\/2023\\\/08\\\/marta_galiza_nova.jpg\",\"width\":720,\"height\":432,\"caption\":\"Marta G\u00f3mez Secretaria Xeral de Galiza Nova\"},{\"@type\":\"BreadcrumbList\",\"@id\":\"https:\\\/\\\/www.anovapeneira.gal\\\/index.php\\\/2023\\\/08\\\/14\\\/marta-gomez-secretaria-xeral-de-galiza-nova\\\/#breadcrumb\",\"itemListElement\":[{\"@type\":\"ListItem\",\"position\":1,\"name\":\"Portada\",\"item\":\"https:\\\/\\\/www.anovapeneira.gal\\\/\"},{\"@type\":\"ListItem\",\"position\":2,\"name\":\"Marta G\u00f3mez Secretaria Xeral de Galiza Nova\"}]},{\"@type\":\"WebSite\",\"@id\":\"https:\\\/\\\/www.anovapeneira.gal\\\/#website\",\"url\":\"https:\\\/\\\/www.anovapeneira.gal\\\/\",\"name\":\"\",\"description\":\"Xornal galego de informaci\u00f3n xeral Publicaci\u00f3n mensual de novas de Galicia e en especial dos Concellos da sur da provincia de Pontevedra.\",\"publisher\":{\"@id\":\"https:\\\/\\\/www.anovapeneira.gal\\\/#organization\"},\"potentialAction\":[{\"@type\":\"SearchAction\",\"target\":{\"@type\":\"EntryPoint\",\"urlTemplate\":\"https:\\\/\\\/www.anovapeneira.gal\\\/?s={search_term_string}\"},\"query-input\":{\"@type\":\"PropertyValueSpecification\",\"valueRequired\":true,\"valueName\":\"search_term_string\"}}],\"inLanguage\":\"gl-ES\"},{\"@type\":\"Organization\",\"@id\":\"https:\\\/\\\/www.anovapeneira.gal\\\/#organization\",\"name\":\"A Nova Peneira\",\"url\":\"https:\\\/\\\/www.anovapeneira.gal\\\/\",\"logo\":{\"@type\":\"ImageObject\",\"inLanguage\":\"gl-ES\",\"@id\":\"https:\\\/\\\/www.anovapeneira.gal\\\/#\\\/schema\\\/logo\\\/image\\\/\",\"url\":\"http:\\\/\\\/www.anovapeneira.gal\\\/wp-content\\\/uploads\\\/2019\\\/06\\\/logo_a_nova_peneira_portal_web.png\",\"contentUrl\":\"http:\\\/\\\/www.anovapeneira.gal\\\/wp-content\\\/uploads\\\/2019\\\/06\\\/logo_a_nova_peneira_portal_web.png\",\"width\":300,\"height\":100,\"caption\":\"A Nova Peneira\"},\"image\":{\"@id\":\"https:\\\/\\\/www.anovapeneira.gal\\\/#\\\/schema\\\/logo\\\/image\\\/\"},\"sameAs\":[\"https:\\\/\\\/www.facebook.com\\\/anovapeneira\",\"https:\\\/\\\/x.com\\\/APeneira\"]},{\"@type\":\"Person\",\"@id\":\"https:\\\/\\\/www.anovapeneira.gal\\\/#\\\/schema\\\/person\\\/b93e3f8932e3f8da96334607eb6ac6aa\",\"name\":\"Redacci\u00f3n A Nova Peneira\",\"image\":{\"@type\":\"ImageObject\",\"inLanguage\":\"gl-ES\",\"@id\":\"https:\\\/\\\/secure.gravatar.com\\\/avatar\\\/c052a2551a06e23fac63626232eaa90abd78dbcf1700fc46a2b2c89fd27b735f?s=96&d=mm&r=g\",\"url\":\"https:\\\/\\\/secure.gravatar.com\\\/avatar\\\/c052a2551a06e23fac63626232eaa90abd78dbcf1700fc46a2b2c89fd27b735f?s=96&d=mm&r=g\",\"contentUrl\":\"https:\\\/\\\/secure.gravatar.com\\\/avatar\\\/c052a2551a06e23fac63626232eaa90abd78dbcf1700fc46a2b2c89fd27b735f?s=96&d=mm&r=g\",\"caption\":\"Redacci\u00f3n A Nova Peneira\"},\"sameAs\":[\"http:\\\/\\\/www.anovapeneira.gal\\\/\"],\"url\":\"https:\\\/\\\/www.anovapeneira.gal\\\/index.php\\\/author\\\/redactor\\\/\"}]}<\/script>\n<!-- \/ Yoast SEO plugin. -->","yoast_head_json":{"title":"Marta G\u00f3mez Secretaria Xeral de Galiza Nova -","description":"Natural de Pontevedra e Graduada en Ciencias do Mar, Marta foi escollida en setembro do 2021 Secretaria Xeral de Galiza Nova, a organizaci\u00f3n das mocidades do BNG","robots":{"index":"index","follow":"follow","max-snippet":"max-snippet:-1","max-image-preview":"max-image-preview:large","max-video-preview":"max-video-preview:-1"},"canonical":"https:\/\/www.anovapeneira.gal\/index.php\/2023\/08\/14\/marta-gomez-secretaria-xeral-de-galiza-nova\/","og_locale":"gl_ES","og_type":"article","og_title":"Marta G\u00f3mez Secretaria Xeral de Galiza Nova -","og_description":"Natural de Pontevedra e Graduada en Ciencias do Mar, Marta foi escollida en setembro do 2021 Secretaria Xeral de Galiza Nova, a organizaci\u00f3n das mocidades do BNG","og_url":"https:\/\/www.anovapeneira.gal\/index.php\/2023\/08\/14\/marta-gomez-secretaria-xeral-de-galiza-nova\/","article_publisher":"https:\/\/www.facebook.com\/anovapeneira","article_published_time":"2023-08-14T10:00:19+00:00","article_modified_time":"2023-08-14T10:45:53+00:00","og_image":[{"width":720,"height":432,"url":"https:\/\/www.anovapeneira.gal\/wp-content\/uploads\/2023\/08\/marta_galiza_nova.jpg","type":"image\/jpeg"}],"author":"Redacci\u00f3n A Nova Peneira","twitter_card":"summary_large_image","twitter_creator":"@APeneira","twitter_site":"@APeneira","twitter_misc":{"Escrito por":"Redacci\u00f3n A Nova Peneira","Tempo de lectura":"2 minutos"},"schema":{"@context":"https:\/\/schema.org","@graph":[{"@type":"Article","@id":"https:\/\/www.anovapeneira.gal\/index.php\/2023\/08\/14\/marta-gomez-secretaria-xeral-de-galiza-nova\/#article","isPartOf":{"@id":"https:\/\/www.anovapeneira.gal\/index.php\/2023\/08\/14\/marta-gomez-secretaria-xeral-de-galiza-nova\/"},"author":{"name":"Redacci\u00f3n A Nova Peneira","@id":"https:\/\/www.anovapeneira.gal\/#\/schema\/person\/b93e3f8932e3f8da96334607eb6ac6aa"},"headline":"Marta G\u00f3mez Secretaria Xeral de Galiza Nova","datePublished":"2023-08-14T10:00:19+00:00","dateModified":"2023-08-14T10:45:53+00:00","mainEntityOfPage":{"@id":"https:\/\/www.anovapeneira.gal\/index.php\/2023\/08\/14\/marta-gomez-secretaria-xeral-de-galiza-nova\/"},"wordCount":915,"commentCount":0,"publisher":{"@id":"https:\/\/www.anovapeneira.gal\/#organization"},"image":{"@id":"https:\/\/www.anovapeneira.gal\/index.php\/2023\/08\/14\/marta-gomez-secretaria-xeral-de-galiza-nova\/#primaryimage"},"thumbnailUrl":"https:\/\/www.anovapeneira.gal\/wp-content\/uploads\/2023\/08\/marta_galiza_nova.jpg","articleSection":["Entrevistas"],"inLanguage":"gl-ES","potentialAction":[{"@type":"CommentAction","name":"Comment","target":["https:\/\/www.anovapeneira.gal\/index.php\/2023\/08\/14\/marta-gomez-secretaria-xeral-de-galiza-nova\/#respond"]}]},{"@type":"WebPage","@id":"https:\/\/www.anovapeneira.gal\/index.php\/2023\/08\/14\/marta-gomez-secretaria-xeral-de-galiza-nova\/","url":"https:\/\/www.anovapeneira.gal\/index.php\/2023\/08\/14\/marta-gomez-secretaria-xeral-de-galiza-nova\/","name":"Marta G\u00f3mez Secretaria Xeral de Galiza Nova -","isPartOf":{"@id":"https:\/\/www.anovapeneira.gal\/#website"},"primaryImageOfPage":{"@id":"https:\/\/www.anovapeneira.gal\/index.php\/2023\/08\/14\/marta-gomez-secretaria-xeral-de-galiza-nova\/#primaryimage"},"image":{"@id":"https:\/\/www.anovapeneira.gal\/index.php\/2023\/08\/14\/marta-gomez-secretaria-xeral-de-galiza-nova\/#primaryimage"},"thumbnailUrl":"https:\/\/www.anovapeneira.gal\/wp-content\/uploads\/2023\/08\/marta_galiza_nova.jpg","datePublished":"2023-08-14T10:00:19+00:00","dateModified":"2023-08-14T10:45:53+00:00","description":"Natural de Pontevedra e Graduada en Ciencias do Mar, Marta foi escollida en setembro do 2021 Secretaria Xeral de Galiza Nova, a organizaci\u00f3n das mocidades do BNG","breadcrumb":{"@id":"https:\/\/www.anovapeneira.gal\/index.php\/2023\/08\/14\/marta-gomez-secretaria-xeral-de-galiza-nova\/#breadcrumb"},"inLanguage":"gl-ES","potentialAction":[{"@type":"ReadAction","target":["https:\/\/www.anovapeneira.gal\/index.php\/2023\/08\/14\/marta-gomez-secretaria-xeral-de-galiza-nova\/"]}]},{"@type":"ImageObject","inLanguage":"gl-ES","@id":"https:\/\/www.anovapeneira.gal\/index.php\/2023\/08\/14\/marta-gomez-secretaria-xeral-de-galiza-nova\/#primaryimage","url":"https:\/\/www.anovapeneira.gal\/wp-content\/uploads\/2023\/08\/marta_galiza_nova.jpg","contentUrl":"https:\/\/www.anovapeneira.gal\/wp-content\/uploads\/2023\/08\/marta_galiza_nova.jpg","width":720,"height":432,"caption":"Marta G\u00f3mez Secretaria Xeral de Galiza Nova"},{"@type":"BreadcrumbList","@id":"https:\/\/www.anovapeneira.gal\/index.php\/2023\/08\/14\/marta-gomez-secretaria-xeral-de-galiza-nova\/#breadcrumb","itemListElement":[{"@type":"ListItem","position":1,"name":"Portada","item":"https:\/\/www.anovapeneira.gal\/"},{"@type":"ListItem","position":2,"name":"Marta G\u00f3mez Secretaria Xeral de Galiza Nova"}]},{"@type":"WebSite","@id":"https:\/\/www.anovapeneira.gal\/#website","url":"https:\/\/www.anovapeneira.gal\/","name":"","description":"Xornal galego de informaci\u00f3n xeral Publicaci\u00f3n mensual de novas de Galicia e en especial dos Concellos da sur da provincia de Pontevedra.","publisher":{"@id":"https:\/\/www.anovapeneira.gal\/#organization"},"potentialAction":[{"@type":"SearchAction","target":{"@type":"EntryPoint","urlTemplate":"https:\/\/www.anovapeneira.gal\/?s={search_term_string}"},"query-input":{"@type":"PropertyValueSpecification","valueRequired":true,"valueName":"search_term_string"}}],"inLanguage":"gl-ES"},{"@type":"Organization","@id":"https:\/\/www.anovapeneira.gal\/#organization","name":"A Nova Peneira","url":"https:\/\/www.anovapeneira.gal\/","logo":{"@type":"ImageObject","inLanguage":"gl-ES","@id":"https:\/\/www.anovapeneira.gal\/#\/schema\/logo\/image\/","url":"http:\/\/www.anovapeneira.gal\/wp-content\/uploads\/2019\/06\/logo_a_nova_peneira_portal_web.png","contentUrl":"http:\/\/www.anovapeneira.gal\/wp-content\/uploads\/2019\/06\/logo_a_nova_peneira_portal_web.png","width":300,"height":100,"caption":"A Nova Peneira"},"image":{"@id":"https:\/\/www.anovapeneira.gal\/#\/schema\/logo\/image\/"},"sameAs":["https:\/\/www.facebook.com\/anovapeneira","https:\/\/x.com\/APeneira"]},{"@type":"Person","@id":"https:\/\/www.anovapeneira.gal\/#\/schema\/person\/b93e3f8932e3f8da96334607eb6ac6aa","name":"Redacci\u00f3n A Nova Peneira","image":{"@type":"ImageObject","inLanguage":"gl-ES","@id":"https:\/\/secure.gravatar.com\/avatar\/c052a2551a06e23fac63626232eaa90abd78dbcf1700fc46a2b2c89fd27b735f?s=96&d=mm&r=g","url":"https:\/\/secure.gravatar.com\/avatar\/c052a2551a06e23fac63626232eaa90abd78dbcf1700fc46a2b2c89fd27b735f?s=96&d=mm&r=g","contentUrl":"https:\/\/secure.gravatar.com\/avatar\/c052a2551a06e23fac63626232eaa90abd78dbcf1700fc46a2b2c89fd27b735f?s=96&d=mm&r=g","caption":"Redacci\u00f3n A Nova Peneira"},"sameAs":["http:\/\/www.anovapeneira.gal\/"],"url":"https:\/\/www.anovapeneira.gal\/index.php\/author\/redactor\/"}]}},"jetpack_featured_media_url":"https:\/\/www.anovapeneira.gal\/wp-content\/uploads\/2023\/08\/marta_galiza_nova.jpg","_links":{"self":[{"href":"https:\/\/www.anovapeneira.gal\/index.php\/wp-json\/wp\/v2\/posts\/10261","targetHints":{"allow":["GET"]}}],"collection":[{"href":"https:\/\/www.anovapeneira.gal\/index.php\/wp-json\/wp\/v2\/posts"}],"about":[{"href":"https:\/\/www.anovapeneira.gal\/index.php\/wp-json\/wp\/v2\/types\/post"}],"author":[{"embeddable":true,"href":"https:\/\/www.anovapeneira.gal\/index.php\/wp-json\/wp\/v2\/users\/3"}],"replies":[{"embeddable":true,"href":"https:\/\/www.anovapeneira.gal\/index.php\/wp-json\/wp\/v2\/comments?post=10261"}],"version-history":[{"count":2,"href":"https:\/\/www.anovapeneira.gal\/index.php\/wp-json\/wp\/v2\/posts\/10261\/revisions"}],"predecessor-version":[{"id":10288,"href":"https:\/\/www.anovapeneira.gal\/index.php\/wp-json\/wp\/v2\/posts\/10261\/revisions\/10288"}],"wp:featuredmedia":[{"embeddable":true,"href":"https:\/\/www.anovapeneira.gal\/index.php\/wp-json\/wp\/v2\/media\/10263"}],"wp:attachment":[{"href":"https:\/\/www.anovapeneira.gal\/index.php\/wp-json\/wp\/v2\/media?parent=10261"}],"wp:term":[{"taxonomy":"category","embeddable":true,"href":"https:\/\/www.anovapeneira.gal\/index.php\/wp-json\/wp\/v2\/categories?post=10261"},{"taxonomy":"post_tag","embeddable":true,"href":"https:\/\/www.anovapeneira.gal\/index.php\/wp-json\/wp\/v2\/tags?post=10261"}],"curies":[{"name":"wp","href":"https:\/\/api.w.org\/{rel}","templated":true}]}}