{"id":10264,"date":"2023-08-11T10:00:37","date_gmt":"2023-08-11T08:00:37","guid":{"rendered":"https:\/\/www.anovapeneira.gal\/?p=10264"},"modified":"2023-08-09T10:46:04","modified_gmt":"2023-08-09T08:46:04","slug":"victoria-alonso-voceira-do-psoe-de-mos-2","status":"publish","type":"post","link":"https:\/\/www.anovapeneira.gal\/index.php\/2023\/08\/11\/victoria-alonso-voceira-do-psoe-de-mos-2\/","title":{"rendered":"Victoria Alonso voceira do PSOE de Mos"},"content":{"rendered":"\n<p><strong>Por desgraza para Mos a s\u00faa veci\u00f1anza ter\u00e1 que soportar 4 anos m\u00e1is \u00e1 p\u00e9sima alcaldesa que padece, \u00e1 que o transfuguismo pol\u00edtico lle deu un d\u00eda a alcald\u00eda e \u00e1 que o cancro pol\u00edtico que padece Galicia desde a noite dos tempos, dun modus operandi que bipolariza \u00e1 sociedade en amigos e inimigos, posibilita que a siga mantendo. N\u00f3s seguiremos, como sempre, obedecendo \u00e1 nosa \u00fanica xefa, a nosa conciencia, e denunciando unha e mil veces que este tipo de pol\u00edticos e pol\u00edticas non est\u00e1n capacitados para dirixir nin unha comunidade de veci\u00f1os. E tardar\u00e1 m\u00e1is ou menos, pero todo na vida ten a s\u00faa fin e alg\u00fan d\u00eda, m\u00e1is pronto que tarde, desaparecer\u00e1 o medo en Mos e chegar\u00e1 a liberdade que s\u00f3 pode ser consecuencia da xustiza social, a igualdade e a verdade. Comezamos o mandato presente falando co grupo municipal do Bng e continu\u00e1molo conversando coa voceira municipal socialista.<\/strong><\/p>\n\n\n\n<p>\u201c <strong>O votante progresista de Mos non pode perder a esperanza. Este nefasto goberno acabar\u00e1 pos ser derrotado nas urnas\u201d<\/strong><\/p>\n\n\n\n<p><strong>Comecemos polo principio: Como valoras o resultado das pasadas elecci\u00f3ns estatais?<\/strong><\/p>\n\n\n\n<blockquote class=\"wp-block-quote is-layout-flow wp-block-quote-is-layout-flow\">\n<p>Val\u00f3roo de maneira moi positiva. No medio dun contexto terriblemente dif\u00edcil, no que unha onda reaccionaria parece que conquista diversos pa\u00edses do mundo, \u00e1 que Espa\u00f1a non \u00e9 allea, e onde unha campa\u00f1a brutal dos voceiros medi\u00e1ticos da dereita presenta como ilex\u00edtimo ao actual goberno, a esquerda resistiu e amosou que somos m\u00e1is os que non queremos que nos goberne a dereita e a ultradereita. Non podo deixar de manifestar , unha vez m\u00e1is, o meu orgullo de militancia socialista, feminista, progresista e galeguista.<\/p>\n<\/blockquote>\n\n\n\n<p><strong>Haber\u00e1 acordo para formar goberno ou consideras que se pode dar un escenario de repetici\u00f3n de elecci\u00f3ns?<\/strong><\/p>\n\n\n\n<blockquote class=\"wp-block-quote is-layout-flow wp-block-quote-is-layout-flow\">\n<p>Agardo un exercicio de responsabilidade colectiva, e que si se poida constitu\u00edr un goberno presidido por Pedro S\u00e1nchez. A alternativa dun goberno do PP e Vox ser\u00eda terrible.<\/p>\n<\/blockquote>\n\n\n\n<p><strong>Ben, o PP di que ten que gobernar a lista m\u00e1is votada?<\/strong><\/p>\n\n\n\n<blockquote class=\"wp-block-quote is-layout-flow wp-block-quote-is-layout-flow\">\n<p>A historia da democracia espa\u00f1ola est\u00e1 ateigada de exemplos nos que o PP gobernou concellos ou comunidades aut\u00f3nomas sen ser a lista m\u00e1is votada. Eles , que constantemente se auto denominan \u201cconstitucionalistas, deber\u00edan deixar que se cumpra a constituci\u00f3n e deixar a un lado o cinismo e a hipocris\u00eda.<\/p>\n<\/blockquote>\n\n\n\n<p><strong>En Mos?<\/strong><\/p>\n\n\n\n<blockquote class=\"wp-block-quote is-layout-flow wp-block-quote-is-layout-flow\">\n<p>En Mos os resultados da esquerda foron moi dignos. De feito ga\u00f1ou as elecci\u00f3ns con claridade. A suma do voto PSOE , SUMAR e BNG foi do 56,1% fronte o 42,6 que acadan o PP e Vox.<\/p>\n<\/blockquote>\n\n\n\n<p><strong>Como \u00e9 posible que, en Mos, haxa tanta diferencia entre dous procesos electorais tan seguidos?.Nas municipais de maio o PP , a dereita, ga\u00f1a por 9 puntos de avantaxe 53-44. E en Xullo a esquerda acada a vitoria por 14 puntos. \u00c9 dicir , en dous meses houbo unha variaci\u00f3n sideral de 23 puntos. Por que?<\/strong><\/p>\n\n\n\n<blockquote class=\"wp-block-quote is-layout-flow wp-block-quote-is-layout-flow\">\n<p>Non \u00e9 nada f\u00e1cil responder a esa pregunta. Xa me gustar\u00eda a min ter a chave exacta que explicase esta situaci\u00f3n pois se trasladaramos os resultados das estatais \u00e1s municipais o partido socialista ter\u00eda a alcald\u00eda de Mos con seguridade. Probablemente non sexa un \u00fanico motivo, sen\u00f3n unha suma de varias raz\u00f3ns o que o explique. As\u00ed por exemplo:-Son procesos electorais distintos, e nas municipais se vota nunha clave diferente \u00e1s xerais- Despois das municipais a posibilidade da terrible involuci\u00f3n que supor\u00eda o goberno de Feijoo+ Abascal estivo m\u00e1is cerca que nunca e a esquerda mobilizouse m\u00e1is-A estrutura nepotista e caciquil que ten montado o PP en Mos \u00e9 inmensa e terrible e resulta moi dif\u00edcil loitar contra ela&#8230;&#8230;<\/p>\n<\/blockquote>\n\n\n\n<blockquote class=\"wp-block-quote is-layout-flow wp-block-quote-is-layout-flow\">\n<p>En calquera caso a nosa teima ten que ser convencer, seducir \u00e1s m\u00e1is de 3.000 persoas que nos votaron nas estatais para que tam\u00e9n conf\u00eden en n\u00f3s nas municipais.<\/p>\n<\/blockquote>\n\n\n\n<p><strong>Chegaches a pensar que ti poder\u00edas ser un problema?.<\/strong><\/p>\n\n\n\n<blockquote class=\"wp-block-quote is-layout-flow wp-block-quote-is-layout-flow\">\n<p>Si claro. De feito puxen o meu cargo a disposici\u00f3n da militancia. Pero os meus compa\u00f1eiros e compa\u00f1eiras ench\u00e9ronme de orgullo ao amosarme a s\u00faa confianza. E, en realidade se miramos os resultados das municipais na nos comarca, en case toda a nosa provincia dir\u00eda eu, vemos como a onda conservadora fixo que o PP subira e o PSOE baixara.<\/p>\n<\/blockquote>\n\n\n\n<p><strong>O PP de Mos , nos procesos electorais, ten unha forma de traballar, ir casa por casa a pedir o voto que ao meu modo de ver roza o coactivo. Pero seica funciona..?<\/strong><\/p>\n\n\n\n<blockquote class=\"wp-block-quote is-layout-flow wp-block-quote-is-layout-flow\">\n<p>N\u00f3s tam\u00e9n imos polas casas, pero a explicar o noso programa e a dar a co\u00f1ecer as nosas propostas. A pedir o voto, como fan eles, desde logo que non. Como dis ti, roza o coactivo. E non sei se funciona ou non funciona, pero desde logo que n\u00f3s nunca imos facer iso. Outra cousa que me deixou abraiada foi que foran por todas as parroquias a falar mal da mi\u00f1a persoa.<\/p>\n<\/blockquote>\n\n\n\n<p><strong>De ti persoalmente?<\/strong><\/p>\n\n\n\n<blockquote class=\"wp-block-quote is-layout-flow wp-block-quote-is-layout-flow\">\n<p>Si. E que conste que non se trataba de cr\u00edtica pol\u00edtica, algo absolutamente l\u00edcito ao que estamos sometidas todas as persoas que voluntariamente nos dedicamos \u00e1 pol\u00edtica. Trat\u00e1base de ataques persoais. Entre outras cousas dic\u00edan que non fac\u00eda nada da Deputaci\u00f3n.<\/p>\n<\/blockquote>\n\n\n\n<p><strong>E iso \u00e9 verdade?<\/strong><\/p>\n\n\n\n<blockquote class=\"wp-block-quote is-layout-flow wp-block-quote-is-layout-flow\">\n<p>Iso \u00e9 unha calumnia estratosf\u00e9rica. Os colectivos de Mos que trataron comigo saben perfectamente que esa \u00e9 unha absoluta falsidade.<\/p>\n<\/blockquote>\n\n\n\n<p><strong>Cal \u00e9 a situaci\u00f3n do grupo municipal socialista?<\/strong><\/p>\n\n\n\n<blockquote class=\"wp-block-quote is-layout-flow wp-block-quote-is-layout-flow\">\n<p>Estamos ilusionados e decididos a seguir batendo, coa raz\u00f3n e a palabra, unha e mil veces nas almas e nos coraz\u00f3ns da veci\u00f1anza de Mos ata que poidamos convencer \u00e1 maior\u00eda de que a esquerda goberna mellor que a dereita, de que a xustiza social e a igualdade son preferibles ao nepotismo e ao caciquismo.<\/p>\n<\/blockquote>\n\n\n\n<p><strong>Non haber\u00e1 risco de transfuguismo?<\/strong><\/p>\n\n\n\n<blockquote class=\"wp-block-quote is-layout-flow wp-block-quote-is-layout-flow\">\n<p>Non, ning\u00fan en absoluto. Coido que xa aprendemos dos erros pasados e que non se volver\u00e1n repetir.<\/p>\n<\/blockquote>\n\n\n\n<p><strong>Podemos formular unha primeira valoraci\u00f3n de como se presenta este mandato?<\/strong><\/p>\n\n\n\n<blockquote class=\"wp-block-quote is-layout-flow wp-block-quote-is-layout-flow\">\n<p>\u00c9 a\u00ednda moi pronto, pero semella que a alcaldesa non vai mudar un chisco a s\u00faa actitude desp\u00f3tica e desconsiderada cara a quen non a vota. De feito xa se encargou de recordar que ela ten maior\u00eda absoluta e que , segundo o seu punto de vista, iso lexit\u00edmaa para facer o que lle pete.<\/p>\n<\/blockquote>\n\n\n\n<p><strong>Cales son as li\u00f1as mestras da oposici\u00f3n que pretendedes desenvolver estes catro anos?<\/strong><\/p>\n\n\n\n<blockquote class=\"wp-block-quote is-layout-flow wp-block-quote-is-layout-flow\">\n<p>Ser\u00e1 unha oposici\u00f3n propositiva, construtiva e moi firme na defensa dos intereses da veci\u00f1anza. Incidiremos especialmente en dous aspectos que consideramos esenciais para Mos que son as infraestruturas e o saneamento, as\u00ed como na atenci\u00f3n social a quen m\u00e1is o necesite ou na adecuada xesti\u00f3n econ\u00f3mica.<\/p>\n<\/blockquote>\n\n\n\n<p>A<strong> alcaldesa \u00e9 agora senadora. Ti cres que afectar\u00e1 ao desenvolvemento do seu traballo na alcald\u00eda?<\/strong><\/p>\n\n\n\n<blockquote class=\"wp-block-quote is-layout-flow wp-block-quote-is-layout-flow\">\n<p>Vai ter menos tempo para dedicar ao concello, vai ter que ir a Madrid con frecuencia. O l\u00f3xico \u00e9 que si que afecte.<\/p>\n<\/blockquote>\n\n\n\n<p><strong>Que sa\u00edda lle ves ao asunto do Celta en Tameiga?<\/strong><\/p>\n\n\n\n<blockquote class=\"wp-block-quote is-layout-flow wp-block-quote-is-layout-flow\">\n<p>O outro d\u00eda preguntamos nas comisi\u00f3ns cales \u00edan ser os seguintes pasos e o Concello, como se non fose con eles como se eles non fosen actores principais no estado das cousas, miran para outro lado e din que a cousa non vai con eles, que \u00e9 un asunto da Xunta e que eles non saben que vai pasar.<\/p>\n<\/blockquote>\n\n\n\n<blockquote class=\"wp-block-quote is-layout-flow wp-block-quote-is-layout-flow\">\n<p>Eu creo que pronto imos ter novas. Non penso que lles interese que a tensi\u00f3n social que sen d\u00fabida se producir\u00e1, cando o Celta queira concretar o seu proxecto en Tameiga , lles estoupe en plena campa\u00f1a das auton\u00f3micas.<\/p>\n<\/blockquote>\n\n\n\n<p><strong>Ti como est\u00e1s de \u00e1nimos para afrontar estes catro anos?<\/strong><\/p>\n\n\n\n<blockquote class=\"wp-block-quote is-layout-flow wp-block-quote-is-layout-flow\">\n<p>Estou cunha forza enorme. O votante progresista de Mos non pode perder a esperanza. Este goberno nefasto acabar\u00e1 sendo derrotado nas urnas.<\/p>\n<\/blockquote>\n","protected":false},"excerpt":{"rendered":"<div class=\"mh-excerpt\"><p>Por desgraza para Mos a s\u00faa veci\u00f1anza ter\u00e1 que soportar 4 anos m\u00e1is \u00e1 p\u00e9sima alcaldesa que padece, \u00e1 que o transfuguismo pol\u00edtico lle deu un d\u00eda a alcald\u00eda e \u00e1 que o cancro pol\u00edtico que padece Galicia desde a noite dos tempos <a class=\"mh-excerpt-more\" href=\"https:\/\/www.anovapeneira.gal\/index.php\/2023\/08\/11\/victoria-alonso-voceira-do-psoe-de-mos-2\/\" title=\"Victoria Alonso voceira do PSOE de Mos\">[&#8230;]<\/a><\/p>\n<\/div>","protected":false},"author":2,"featured_media":10266,"comment_status":"open","ping_status":"open","sticky":false,"template":"","format":"standard","meta":{"_exactmetrics_skip_tracking":false,"_exactmetrics_sitenote_active":false,"_exactmetrics_sitenote_note":"","_exactmetrics_sitenote_category":0,"footnotes":""},"categories":[265],"tags":[218],"class_list":{"0":"post-10264","1":"post","2":"type-post","3":"status-publish","4":"format-standard","5":"has-post-thumbnail","7":"category-a-lourina-entrevistas","8":"tag-concello-de-mos"},"yoast_head":"<!-- This site is optimized with the Yoast SEO plugin v27.4 - https:\/\/yoast.com\/product\/yoast-seo-wordpress\/ -->\n<title>Victoria Alonso voceira do PSOE de Mos -<\/title>\n<meta name=\"description\" content=\"Por desgraza para Mos a s\u00faa veci\u00f1anza ter\u00e1 que soportar 4 anos m\u00e1is \u00e1 p\u00e9sima alcaldesa que padece, \u00e1 que o transfuguismo pol\u00edtico lle deu un d\u00eda a alcald\u00eda e \u00e1 que o cancro pol\u00edtico que padece Galicia desde a noite dos tempos\" \/>\n<meta name=\"robots\" content=\"index, follow, max-snippet:-1, max-image-preview:large, max-video-preview:-1\" \/>\n<link rel=\"canonical\" href=\"https:\/\/www.anovapeneira.gal\/index.php\/2023\/08\/11\/victoria-alonso-voceira-do-psoe-de-mos-2\/\" \/>\n<meta property=\"og:locale\" content=\"gl_ES\" \/>\n<meta property=\"og:type\" content=\"article\" \/>\n<meta property=\"og:title\" content=\"Victoria Alonso voceira do PSOE de Mos -\" \/>\n<meta property=\"og:description\" content=\"Por desgraza para Mos a s\u00faa veci\u00f1anza ter\u00e1 que soportar 4 anos m\u00e1is \u00e1 p\u00e9sima alcaldesa que padece, \u00e1 que o transfuguismo pol\u00edtico lle deu un d\u00eda a alcald\u00eda e \u00e1 que o cancro pol\u00edtico que padece Galicia desde a noite dos tempos\" \/>\n<meta property=\"og:url\" content=\"https:\/\/www.anovapeneira.gal\/index.php\/2023\/08\/11\/victoria-alonso-voceira-do-psoe-de-mos-2\/\" \/>\n<meta property=\"article:publisher\" content=\"https:\/\/www.facebook.com\/anovapeneira\" \/>\n<meta property=\"article:published_time\" content=\"2023-08-11T08:00:37+00:00\" \/>\n<meta property=\"og:image\" content=\"https:\/\/www.anovapeneira.gal\/wp-content\/uploads\/2023\/08\/victoria_psoe_mos.jpg\" \/>\n\t<meta property=\"og:image:width\" content=\"720\" \/>\n\t<meta property=\"og:image:height\" content=\"432\" \/>\n\t<meta property=\"og:image:type\" content=\"image\/jpeg\" \/>\n<meta name=\"author\" content=\"Tino Lago\" \/>\n<meta name=\"twitter:card\" content=\"summary_large_image\" \/>\n<meta name=\"twitter:creator\" content=\"@APeneira\" \/>\n<meta name=\"twitter:site\" content=\"@APeneira\" \/>\n<meta name=\"twitter:label1\" content=\"Escrito por\" \/>\n\t<meta name=\"twitter:data1\" content=\"Tino Lago\" \/>\n\t<meta name=\"twitter:label2\" content=\"Tempo de lectura\" \/>\n\t<meta name=\"twitter:data2\" content=\"3 minutos\" \/>\n<script type=\"application\/ld+json\" class=\"yoast-schema-graph\">{\"@context\":\"https:\\\/\\\/schema.org\",\"@graph\":[{\"@type\":\"Article\",\"@id\":\"https:\\\/\\\/www.anovapeneira.gal\\\/index.php\\\/2023\\\/08\\\/11\\\/victoria-alonso-voceira-do-psoe-de-mos-2\\\/#article\",\"isPartOf\":{\"@id\":\"https:\\\/\\\/www.anovapeneira.gal\\\/index.php\\\/2023\\\/08\\\/11\\\/victoria-alonso-voceira-do-psoe-de-mos-2\\\/\"},\"author\":{\"name\":\"Tino Lago\",\"@id\":\"https:\\\/\\\/www.anovapeneira.gal\\\/#\\\/schema\\\/person\\\/424dfe65e3070fd8a44d22d2c088762a\"},\"headline\":\"Victoria Alonso voceira do PSOE de Mos\",\"datePublished\":\"2023-08-11T08:00:37+00:00\",\"mainEntityOfPage\":{\"@id\":\"https:\\\/\\\/www.anovapeneira.gal\\\/index.php\\\/2023\\\/08\\\/11\\\/victoria-alonso-voceira-do-psoe-de-mos-2\\\/\"},\"wordCount\":1333,\"commentCount\":0,\"publisher\":{\"@id\":\"https:\\\/\\\/www.anovapeneira.gal\\\/#organization\"},\"image\":{\"@id\":\"https:\\\/\\\/www.anovapeneira.gal\\\/index.php\\\/2023\\\/08\\\/11\\\/victoria-alonso-voceira-do-psoe-de-mos-2\\\/#primaryimage\"},\"thumbnailUrl\":\"https:\\\/\\\/www.anovapeneira.gal\\\/wp-content\\\/uploads\\\/2023\\\/08\\\/victoria_psoe_mos.jpg\",\"keywords\":[\"Concello de Mos\"],\"articleSection\":[\"A Louri\u00f1a\"],\"inLanguage\":\"gl-ES\",\"potentialAction\":[{\"@type\":\"CommentAction\",\"name\":\"Comment\",\"target\":[\"https:\\\/\\\/www.anovapeneira.gal\\\/index.php\\\/2023\\\/08\\\/11\\\/victoria-alonso-voceira-do-psoe-de-mos-2\\\/#respond\"]}]},{\"@type\":\"WebPage\",\"@id\":\"https:\\\/\\\/www.anovapeneira.gal\\\/index.php\\\/2023\\\/08\\\/11\\\/victoria-alonso-voceira-do-psoe-de-mos-2\\\/\",\"url\":\"https:\\\/\\\/www.anovapeneira.gal\\\/index.php\\\/2023\\\/08\\\/11\\\/victoria-alonso-voceira-do-psoe-de-mos-2\\\/\",\"name\":\"Victoria Alonso voceira do PSOE de Mos -\",\"isPartOf\":{\"@id\":\"https:\\\/\\\/www.anovapeneira.gal\\\/#website\"},\"primaryImageOfPage\":{\"@id\":\"https:\\\/\\\/www.anovapeneira.gal\\\/index.php\\\/2023\\\/08\\\/11\\\/victoria-alonso-voceira-do-psoe-de-mos-2\\\/#primaryimage\"},\"image\":{\"@id\":\"https:\\\/\\\/www.anovapeneira.gal\\\/index.php\\\/2023\\\/08\\\/11\\\/victoria-alonso-voceira-do-psoe-de-mos-2\\\/#primaryimage\"},\"thumbnailUrl\":\"https:\\\/\\\/www.anovapeneira.gal\\\/wp-content\\\/uploads\\\/2023\\\/08\\\/victoria_psoe_mos.jpg\",\"datePublished\":\"2023-08-11T08:00:37+00:00\",\"description\":\"Por desgraza para Mos a s\u00faa veci\u00f1anza ter\u00e1 que soportar 4 anos m\u00e1is \u00e1 p\u00e9sima alcaldesa que padece, \u00e1 que o transfuguismo pol\u00edtico lle deu un d\u00eda a alcald\u00eda e \u00e1 que o cancro pol\u00edtico que padece Galicia desde a noite dos tempos\",\"breadcrumb\":{\"@id\":\"https:\\\/\\\/www.anovapeneira.gal\\\/index.php\\\/2023\\\/08\\\/11\\\/victoria-alonso-voceira-do-psoe-de-mos-2\\\/#breadcrumb\"},\"inLanguage\":\"gl-ES\",\"potentialAction\":[{\"@type\":\"ReadAction\",\"target\":[\"https:\\\/\\\/www.anovapeneira.gal\\\/index.php\\\/2023\\\/08\\\/11\\\/victoria-alonso-voceira-do-psoe-de-mos-2\\\/\"]}]},{\"@type\":\"ImageObject\",\"inLanguage\":\"gl-ES\",\"@id\":\"https:\\\/\\\/www.anovapeneira.gal\\\/index.php\\\/2023\\\/08\\\/11\\\/victoria-alonso-voceira-do-psoe-de-mos-2\\\/#primaryimage\",\"url\":\"https:\\\/\\\/www.anovapeneira.gal\\\/wp-content\\\/uploads\\\/2023\\\/08\\\/victoria_psoe_mos.jpg\",\"contentUrl\":\"https:\\\/\\\/www.anovapeneira.gal\\\/wp-content\\\/uploads\\\/2023\\\/08\\\/victoria_psoe_mos.jpg\",\"width\":720,\"height\":432,\"caption\":\"Victoria Alonso voceira do PSOE de Mos\"},{\"@type\":\"BreadcrumbList\",\"@id\":\"https:\\\/\\\/www.anovapeneira.gal\\\/index.php\\\/2023\\\/08\\\/11\\\/victoria-alonso-voceira-do-psoe-de-mos-2\\\/#breadcrumb\",\"itemListElement\":[{\"@type\":\"ListItem\",\"position\":1,\"name\":\"Portada\",\"item\":\"https:\\\/\\\/www.anovapeneira.gal\\\/\"},{\"@type\":\"ListItem\",\"position\":2,\"name\":\"Victoria Alonso voceira do PSOE de Mos\"}]},{\"@type\":\"WebSite\",\"@id\":\"https:\\\/\\\/www.anovapeneira.gal\\\/#website\",\"url\":\"https:\\\/\\\/www.anovapeneira.gal\\\/\",\"name\":\"\",\"description\":\"Xornal galego de informaci\u00f3n xeral Publicaci\u00f3n mensual de novas de Galicia e en especial dos Concellos da sur da provincia de Pontevedra.\",\"publisher\":{\"@id\":\"https:\\\/\\\/www.anovapeneira.gal\\\/#organization\"},\"potentialAction\":[{\"@type\":\"SearchAction\",\"target\":{\"@type\":\"EntryPoint\",\"urlTemplate\":\"https:\\\/\\\/www.anovapeneira.gal\\\/?s={search_term_string}\"},\"query-input\":{\"@type\":\"PropertyValueSpecification\",\"valueRequired\":true,\"valueName\":\"search_term_string\"}}],\"inLanguage\":\"gl-ES\"},{\"@type\":\"Organization\",\"@id\":\"https:\\\/\\\/www.anovapeneira.gal\\\/#organization\",\"name\":\"A Nova Peneira\",\"url\":\"https:\\\/\\\/www.anovapeneira.gal\\\/\",\"logo\":{\"@type\":\"ImageObject\",\"inLanguage\":\"gl-ES\",\"@id\":\"https:\\\/\\\/www.anovapeneira.gal\\\/#\\\/schema\\\/logo\\\/image\\\/\",\"url\":\"http:\\\/\\\/www.anovapeneira.gal\\\/wp-content\\\/uploads\\\/2019\\\/06\\\/logo_a_nova_peneira_portal_web.png\",\"contentUrl\":\"http:\\\/\\\/www.anovapeneira.gal\\\/wp-content\\\/uploads\\\/2019\\\/06\\\/logo_a_nova_peneira_portal_web.png\",\"width\":300,\"height\":100,\"caption\":\"A Nova Peneira\"},\"image\":{\"@id\":\"https:\\\/\\\/www.anovapeneira.gal\\\/#\\\/schema\\\/logo\\\/image\\\/\"},\"sameAs\":[\"https:\\\/\\\/www.facebook.com\\\/anovapeneira\",\"https:\\\/\\\/x.com\\\/APeneira\"]},{\"@type\":\"Person\",\"@id\":\"https:\\\/\\\/www.anovapeneira.gal\\\/#\\\/schema\\\/person\\\/424dfe65e3070fd8a44d22d2c088762a\",\"name\":\"Tino Lago\",\"image\":{\"@type\":\"ImageObject\",\"inLanguage\":\"gl-ES\",\"@id\":\"https:\\\/\\\/secure.gravatar.com\\\/avatar\\\/b3df6a06e44bab3111583b90f0f33a0379ee5e3d22cbadd232d39f21c30c62be?s=96&d=mm&r=g\",\"url\":\"https:\\\/\\\/secure.gravatar.com\\\/avatar\\\/b3df6a06e44bab3111583b90f0f33a0379ee5e3d22cbadd232d39f21c30c62be?s=96&d=mm&r=g\",\"contentUrl\":\"https:\\\/\\\/secure.gravatar.com\\\/avatar\\\/b3df6a06e44bab3111583b90f0f33a0379ee5e3d22cbadd232d39f21c30c62be?s=96&d=mm&r=g\",\"caption\":\"Tino Lago\"},\"sameAs\":[\"http:\\\/\\\/www.anovapeneira.gal\"],\"url\":\"https:\\\/\\\/www.anovapeneira.gal\\\/index.php\\\/author\\\/director\\\/\"}]}<\/script>\n<!-- \/ Yoast SEO plugin. -->","yoast_head_json":{"title":"Victoria Alonso voceira do PSOE de Mos -","description":"Por desgraza para Mos a s\u00faa veci\u00f1anza ter\u00e1 que soportar 4 anos m\u00e1is \u00e1 p\u00e9sima alcaldesa que padece, \u00e1 que o transfuguismo pol\u00edtico lle deu un d\u00eda a alcald\u00eda e \u00e1 que o cancro pol\u00edtico que padece Galicia desde a noite dos tempos","robots":{"index":"index","follow":"follow","max-snippet":"max-snippet:-1","max-image-preview":"max-image-preview:large","max-video-preview":"max-video-preview:-1"},"canonical":"https:\/\/www.anovapeneira.gal\/index.php\/2023\/08\/11\/victoria-alonso-voceira-do-psoe-de-mos-2\/","og_locale":"gl_ES","og_type":"article","og_title":"Victoria Alonso voceira do PSOE de Mos -","og_description":"Por desgraza para Mos a s\u00faa veci\u00f1anza ter\u00e1 que soportar 4 anos m\u00e1is \u00e1 p\u00e9sima alcaldesa que padece, \u00e1 que o transfuguismo pol\u00edtico lle deu un d\u00eda a alcald\u00eda e \u00e1 que o cancro pol\u00edtico que padece Galicia desde a noite dos tempos","og_url":"https:\/\/www.anovapeneira.gal\/index.php\/2023\/08\/11\/victoria-alonso-voceira-do-psoe-de-mos-2\/","article_publisher":"https:\/\/www.facebook.com\/anovapeneira","article_published_time":"2023-08-11T08:00:37+00:00","og_image":[{"width":720,"height":432,"url":"https:\/\/www.anovapeneira.gal\/wp-content\/uploads\/2023\/08\/victoria_psoe_mos.jpg","type":"image\/jpeg"}],"author":"Tino Lago","twitter_card":"summary_large_image","twitter_creator":"@APeneira","twitter_site":"@APeneira","twitter_misc":{"Escrito por":"Tino Lago","Tempo de lectura":"3 minutos"},"schema":{"@context":"https:\/\/schema.org","@graph":[{"@type":"Article","@id":"https:\/\/www.anovapeneira.gal\/index.php\/2023\/08\/11\/victoria-alonso-voceira-do-psoe-de-mos-2\/#article","isPartOf":{"@id":"https:\/\/www.anovapeneira.gal\/index.php\/2023\/08\/11\/victoria-alonso-voceira-do-psoe-de-mos-2\/"},"author":{"name":"Tino Lago","@id":"https:\/\/www.anovapeneira.gal\/#\/schema\/person\/424dfe65e3070fd8a44d22d2c088762a"},"headline":"Victoria Alonso voceira do PSOE de Mos","datePublished":"2023-08-11T08:00:37+00:00","mainEntityOfPage":{"@id":"https:\/\/www.anovapeneira.gal\/index.php\/2023\/08\/11\/victoria-alonso-voceira-do-psoe-de-mos-2\/"},"wordCount":1333,"commentCount":0,"publisher":{"@id":"https:\/\/www.anovapeneira.gal\/#organization"},"image":{"@id":"https:\/\/www.anovapeneira.gal\/index.php\/2023\/08\/11\/victoria-alonso-voceira-do-psoe-de-mos-2\/#primaryimage"},"thumbnailUrl":"https:\/\/www.anovapeneira.gal\/wp-content\/uploads\/2023\/08\/victoria_psoe_mos.jpg","keywords":["Concello de Mos"],"articleSection":["A Louri\u00f1a"],"inLanguage":"gl-ES","potentialAction":[{"@type":"CommentAction","name":"Comment","target":["https:\/\/www.anovapeneira.gal\/index.php\/2023\/08\/11\/victoria-alonso-voceira-do-psoe-de-mos-2\/#respond"]}]},{"@type":"WebPage","@id":"https:\/\/www.anovapeneira.gal\/index.php\/2023\/08\/11\/victoria-alonso-voceira-do-psoe-de-mos-2\/","url":"https:\/\/www.anovapeneira.gal\/index.php\/2023\/08\/11\/victoria-alonso-voceira-do-psoe-de-mos-2\/","name":"Victoria Alonso voceira do PSOE de Mos -","isPartOf":{"@id":"https:\/\/www.anovapeneira.gal\/#website"},"primaryImageOfPage":{"@id":"https:\/\/www.anovapeneira.gal\/index.php\/2023\/08\/11\/victoria-alonso-voceira-do-psoe-de-mos-2\/#primaryimage"},"image":{"@id":"https:\/\/www.anovapeneira.gal\/index.php\/2023\/08\/11\/victoria-alonso-voceira-do-psoe-de-mos-2\/#primaryimage"},"thumbnailUrl":"https:\/\/www.anovapeneira.gal\/wp-content\/uploads\/2023\/08\/victoria_psoe_mos.jpg","datePublished":"2023-08-11T08:00:37+00:00","description":"Por desgraza para Mos a s\u00faa veci\u00f1anza ter\u00e1 que soportar 4 anos m\u00e1is \u00e1 p\u00e9sima alcaldesa que padece, \u00e1 que o transfuguismo pol\u00edtico lle deu un d\u00eda a alcald\u00eda e \u00e1 que o cancro pol\u00edtico que padece Galicia desde a noite dos tempos","breadcrumb":{"@id":"https:\/\/www.anovapeneira.gal\/index.php\/2023\/08\/11\/victoria-alonso-voceira-do-psoe-de-mos-2\/#breadcrumb"},"inLanguage":"gl-ES","potentialAction":[{"@type":"ReadAction","target":["https:\/\/www.anovapeneira.gal\/index.php\/2023\/08\/11\/victoria-alonso-voceira-do-psoe-de-mos-2\/"]}]},{"@type":"ImageObject","inLanguage":"gl-ES","@id":"https:\/\/www.anovapeneira.gal\/index.php\/2023\/08\/11\/victoria-alonso-voceira-do-psoe-de-mos-2\/#primaryimage","url":"https:\/\/www.anovapeneira.gal\/wp-content\/uploads\/2023\/08\/victoria_psoe_mos.jpg","contentUrl":"https:\/\/www.anovapeneira.gal\/wp-content\/uploads\/2023\/08\/victoria_psoe_mos.jpg","width":720,"height":432,"caption":"Victoria Alonso voceira do PSOE de Mos"},{"@type":"BreadcrumbList","@id":"https:\/\/www.anovapeneira.gal\/index.php\/2023\/08\/11\/victoria-alonso-voceira-do-psoe-de-mos-2\/#breadcrumb","itemListElement":[{"@type":"ListItem","position":1,"name":"Portada","item":"https:\/\/www.anovapeneira.gal\/"},{"@type":"ListItem","position":2,"name":"Victoria Alonso voceira do PSOE de Mos"}]},{"@type":"WebSite","@id":"https:\/\/www.anovapeneira.gal\/#website","url":"https:\/\/www.anovapeneira.gal\/","name":"","description":"Xornal galego de informaci\u00f3n xeral Publicaci\u00f3n mensual de novas de Galicia e en especial dos Concellos da sur da provincia de Pontevedra.","publisher":{"@id":"https:\/\/www.anovapeneira.gal\/#organization"},"potentialAction":[{"@type":"SearchAction","target":{"@type":"EntryPoint","urlTemplate":"https:\/\/www.anovapeneira.gal\/?s={search_term_string}"},"query-input":{"@type":"PropertyValueSpecification","valueRequired":true,"valueName":"search_term_string"}}],"inLanguage":"gl-ES"},{"@type":"Organization","@id":"https:\/\/www.anovapeneira.gal\/#organization","name":"A Nova Peneira","url":"https:\/\/www.anovapeneira.gal\/","logo":{"@type":"ImageObject","inLanguage":"gl-ES","@id":"https:\/\/www.anovapeneira.gal\/#\/schema\/logo\/image\/","url":"http:\/\/www.anovapeneira.gal\/wp-content\/uploads\/2019\/06\/logo_a_nova_peneira_portal_web.png","contentUrl":"http:\/\/www.anovapeneira.gal\/wp-content\/uploads\/2019\/06\/logo_a_nova_peneira_portal_web.png","width":300,"height":100,"caption":"A Nova Peneira"},"image":{"@id":"https:\/\/www.anovapeneira.gal\/#\/schema\/logo\/image\/"},"sameAs":["https:\/\/www.facebook.com\/anovapeneira","https:\/\/x.com\/APeneira"]},{"@type":"Person","@id":"https:\/\/www.anovapeneira.gal\/#\/schema\/person\/424dfe65e3070fd8a44d22d2c088762a","name":"Tino Lago","image":{"@type":"ImageObject","inLanguage":"gl-ES","@id":"https:\/\/secure.gravatar.com\/avatar\/b3df6a06e44bab3111583b90f0f33a0379ee5e3d22cbadd232d39f21c30c62be?s=96&d=mm&r=g","url":"https:\/\/secure.gravatar.com\/avatar\/b3df6a06e44bab3111583b90f0f33a0379ee5e3d22cbadd232d39f21c30c62be?s=96&d=mm&r=g","contentUrl":"https:\/\/secure.gravatar.com\/avatar\/b3df6a06e44bab3111583b90f0f33a0379ee5e3d22cbadd232d39f21c30c62be?s=96&d=mm&r=g","caption":"Tino Lago"},"sameAs":["http:\/\/www.anovapeneira.gal"],"url":"https:\/\/www.anovapeneira.gal\/index.php\/author\/director\/"}]}},"jetpack_featured_media_url":"https:\/\/www.anovapeneira.gal\/wp-content\/uploads\/2023\/08\/victoria_psoe_mos.jpg","_links":{"self":[{"href":"https:\/\/www.anovapeneira.gal\/index.php\/wp-json\/wp\/v2\/posts\/10264","targetHints":{"allow":["GET"]}}],"collection":[{"href":"https:\/\/www.anovapeneira.gal\/index.php\/wp-json\/wp\/v2\/posts"}],"about":[{"href":"https:\/\/www.anovapeneira.gal\/index.php\/wp-json\/wp\/v2\/types\/post"}],"author":[{"embeddable":true,"href":"https:\/\/www.anovapeneira.gal\/index.php\/wp-json\/wp\/v2\/users\/2"}],"replies":[{"embeddable":true,"href":"https:\/\/www.anovapeneira.gal\/index.php\/wp-json\/wp\/v2\/comments?post=10264"}],"version-history":[{"count":1,"href":"https:\/\/www.anovapeneira.gal\/index.php\/wp-json\/wp\/v2\/posts\/10264\/revisions"}],"predecessor-version":[{"id":10265,"href":"https:\/\/www.anovapeneira.gal\/index.php\/wp-json\/wp\/v2\/posts\/10264\/revisions\/10265"}],"wp:featuredmedia":[{"embeddable":true,"href":"https:\/\/www.anovapeneira.gal\/index.php\/wp-json\/wp\/v2\/media\/10266"}],"wp:attachment":[{"href":"https:\/\/www.anovapeneira.gal\/index.php\/wp-json\/wp\/v2\/media?parent=10264"}],"wp:term":[{"taxonomy":"category","embeddable":true,"href":"https:\/\/www.anovapeneira.gal\/index.php\/wp-json\/wp\/v2\/categories?post=10264"},{"taxonomy":"post_tag","embeddable":true,"href":"https:\/\/www.anovapeneira.gal\/index.php\/wp-json\/wp\/v2\/tags?post=10264"}],"curies":[{"name":"wp","href":"https:\/\/api.w.org\/{rel}","templated":true}]}}