{"id":10267,"date":"2023-08-15T10:00:04","date_gmt":"2023-08-15T08:00:04","guid":{"rendered":"https:\/\/www.anovapeneira.gal\/?p=10267"},"modified":"2023-08-11T10:16:29","modified_gmt":"2023-08-11T08:16:29","slug":"o-paseo-de-don-rogelio-estevez-cambra-en-fornelos-da-ribeira","status":"publish","type":"post","link":"https:\/\/www.anovapeneira.gal\/index.php\/2023\/08\/15\/o-paseo-de-don-rogelio-estevez-cambra-en-fornelos-da-ribeira\/","title":{"rendered":"O Paseo de Don Rogelio Est\u00e9vez Cambra en Fornelos da Ribeira"},"content":{"rendered":"\n<pre class=\"wp-block-verse\">Manuel Alfonso Est\u00e9vez<\/pre>\n\n\n\n<p>Fai un tempo quen isto subscribe, enviou o Pleno da Corporaci\u00f3n Provincial de Pontevedra, un escrito, como fillo da parroquia de Fornelos da Ribeira, do concello de Salvaterra do Mi\u00f1o, solicitando a concesi\u00f3n da Corporaci\u00f3n Provincial de Pontevedra, do tramo de estrada que vai dende o final da parroquia de Moreira ata o rueiro de Carrascal, pasando polas Fragui\u00f1as PO-403 sen uso oficialmente, pola nova desviaci\u00f3n, como patrimonio local da mesma.<\/p>\n\n\n\n<p>O mesmo tempo, solicitou dese Pleno da Corporaci\u00f3n Provincial de Pontevedra, a redacci\u00f3n dun \u201cproxecto\u201d dese tramo, como espazo p\u00fablico urbanizado e peonil, dende o antigo edificio do Sindicato _El Progreso_ ata o rueiro de Carrascal, pasando polas Fragui\u00f1as, regulando beiras e o espazo p\u00fablico, con iluminaci\u00f3n adecuada, rede de esgoto, xardineiras, \u00e1rbores, bancos, etc.<\/p>\n\n\n\n<p>Todo, destinado a espallamento p\u00fablico, mellorando as condici\u00f3ns Medio Ambientais, que ben se merece esta aldea esquecida de todos.<\/p>\n\n\n\n<p>Tam\u00e9n, o tramo que vai dende As Fragui\u00f1as ata o rueiro do Casco, o mesmo tratamento, que ben poder\u00eda ser bautizado como Paseo de don Rogelio Est\u00e9vez Cambra, urbanizado e peonil, ata a Capela Santa Rosa, onde unha placa existente na citada capela di:<\/p>\n\n\n\n<p>Nesta casa naceu don rogelio est\u00e9vez cambra, ilustre fillo desta terra que emigrara a Bos Aires (Arxentina), sendo Notario, fil\u00e1ntropo e defensor de Galicia, 1.866-1.939. CONCELLO DE SALVATERRA DO MI\u00d1O, 10 \u2013 07 \u2013 1.999.<\/p>\n\n\n\n<p>A s\u00faa labor como notario, xornalista e escritor quedou gravada, en _Los Gallegos_, en C\u00e9ltiga (Bos Aires).<\/p>\n\n\n\n<p>En _La Noche __d__e San Juan_, tam\u00e9n en C\u00e9ltiga.<\/p>\n\n\n\n<p>En _Rogelio Est\u00e9vez Cambra_, editada polos veci\u00f1o da Asociaci\u00f3n veci\u00f1al de Fornelos da Ribeira.<\/p>\n\n\n\n<p>Tam\u00e9n, en _El Hidalgo Del Casco_ 1.886 \u2013 1.939, asi como en _Bibiliogr\u00e1ficos __d__e Escritores,_ da Grande Enciclopedia Galega (1.924 \u2013 2.004)<\/p>\n\n\n\n<p>En _Seud\u00f3nimos_ de Enrique Santos Gayoso. No Concello de Salvaterra, na Revista de Manuel Chaves P\u00e9rez.<\/p>\n\n\n\n<p>En _Cartas_, a Pedro Dorado. Gredos. Universidade de Salamanca. Concello da Cultura Galega; _Conflictos E Armon\u00eda_ en www.uniroja.es [5].<\/p>\n\n\n\n<p>En _Naici\u00f1a_ (N\u00ba 25 Bos Aires) do 10 \u2013 01 \u2013 1.926 .<\/p>\n\n\n\n<p>_Federaci\u00f3n Rexional __d__e Sociedades Espa\u00f1olas_, e _Grafolox\u00eda __d__e Rogelio Est\u00e9vez Cambra_, en A Nova Peneira, asi como no Departamento de Xustiza da Rep\u00fablica Arxentina.<\/p>\n\n\n\n<p>_Galegos_, de Clodio Gonz\u00e1lez P\u00e9rez, sen esquecernos de _Pol\u00edtica, Sociedade E Cultura_ no Suroeste Bonaerense.<\/p>\n\n\n\n<p>En _Galicia Austral_, Emigraci\u00f3n Galega na Arxentina.<\/p>\n\n\n\n<p>E para po\u00f1er o punto final, O Emigrante Imaxinario, de Xos\u00e9 Manoel N\u00fa\u00f1ez Seixas, que tantos datos recolleu deste fillo de Fornelos da Ribeira.<\/p>\n\n\n\n<p>Eu, como fillo de Fornelos da Ribeira e sobri\u00f1o neto, recollo con ilusi\u00f3n todos estes feitos -posiblemente alg\u00fan mais se quede no tinteiro -, que honra, a terra onde foi nado, a familia e a todos aqueles outros fillos que loitaron pola s\u00faa terra. E que A Nova Peneira A Nosa, recolle con toda simpat\u00eda. Para todos eles, vai tam\u00e9n esta dedicatoria.<\/p>\n\n\n\n<p><\/p>\n","protected":false},"excerpt":{"rendered":"<div class=\"mh-excerpt\"><p>Fai un tempo quen isto subscribe, enviou o Pleno da Corporaci\u00f3n Provincial de Pontevedra, un escrito, como fillo da parroquia de Fornelos da Ribeira, do concello de Salvaterra do Mi\u00f1o, solicitando a concesi\u00f3n da Corporaci\u00f3n Provincial de Pontevedra, do tramo de estrada que vai dende o final da parroquia de Moreira ata o rueiro de Carrascal, pasando polas Fragui\u00f1as PO-403 sen uso oficialmente, pola nova desviaci\u00f3n, como patrimonio local da mesma <a class=\"mh-excerpt-more\" href=\"https:\/\/www.anovapeneira.gal\/index.php\/2023\/08\/15\/o-paseo-de-don-rogelio-estevez-cambra-en-fornelos-da-ribeira\/\" title=\"O Paseo de Don Rogelio Est\u00e9vez Cambra en Fornelos da Ribeira\">[&#8230;]<\/a><\/p>\n<\/div>","protected":false},"author":40,"featured_media":5108,"comment_status":"open","ping_status":"open","sticky":false,"template":"","format":"standard","meta":{"_exactmetrics_skip_tracking":false,"_exactmetrics_sitenote_active":false,"_exactmetrics_sitenote_note":"","_exactmetrics_sitenote_category":0,"footnotes":""},"categories":[7],"tags":[],"class_list":{"0":"post-10267","1":"post","2":"type-post","3":"status-publish","4":"format-standard","5":"has-post-thumbnail","7":"category-artigos-de-opinion"},"yoast_head":"<!-- This site is optimized with the Yoast SEO plugin v27.5 - https:\/\/yoast.com\/product\/yoast-seo-wordpress\/ -->\n<title>O Paseo de Don Rogelio Est\u00e9vez Cambra en Fornelos da Ribeira -<\/title>\n<meta name=\"description\" content=\"Fai un tempo quen isto subscribe, enviou o Pleno da Corporaci\u00f3n Provincial de Pontevedra, un escrito, como fillo da parroquia de Fornelos da Ribeira, do concello de Salvaterra do Mi\u00f1o, solicitando a concesi\u00f3n da Corporaci\u00f3n Provincial de Pontevedra, do tramo de estrada que vai dende o final da parroquia de Moreira ata o rueiro de Carrascal, pasando polas Fragui\u00f1as PO-403 sen uso oficialmente, pola nova desviaci\u00f3n, como patrimonio local da mesma\" \/>\n<meta name=\"robots\" content=\"index, follow, max-snippet:-1, max-image-preview:large, max-video-preview:-1\" \/>\n<link rel=\"canonical\" href=\"https:\/\/www.anovapeneira.gal\/index.php\/2023\/08\/15\/o-paseo-de-don-rogelio-estevez-cambra-en-fornelos-da-ribeira\/\" \/>\n<meta property=\"og:locale\" content=\"gl_ES\" \/>\n<meta property=\"og:type\" content=\"article\" \/>\n<meta property=\"og:title\" content=\"O Paseo de Don Rogelio Est\u00e9vez Cambra en Fornelos da Ribeira -\" \/>\n<meta property=\"og:description\" content=\"Fai un tempo quen isto subscribe, enviou o Pleno da Corporaci\u00f3n Provincial de Pontevedra, un escrito, como fillo da parroquia de Fornelos da Ribeira, do concello de Salvaterra do Mi\u00f1o, solicitando a concesi\u00f3n da Corporaci\u00f3n Provincial de Pontevedra, do tramo de estrada que vai dende o final da parroquia de Moreira ata o rueiro de Carrascal, pasando polas Fragui\u00f1as PO-403 sen uso oficialmente, pola nova desviaci\u00f3n, como patrimonio local da mesma\" \/>\n<meta property=\"og:url\" content=\"https:\/\/www.anovapeneira.gal\/index.php\/2023\/08\/15\/o-paseo-de-don-rogelio-estevez-cambra-en-fornelos-da-ribeira\/\" \/>\n<meta property=\"article:publisher\" content=\"https:\/\/www.facebook.com\/anovapeneira\" \/>\n<meta property=\"article:published_time\" content=\"2023-08-15T08:00:04+00:00\" \/>\n<meta property=\"og:image\" content=\"https:\/\/www.anovapeneira.gal\/wp-content\/uploads\/2021\/03\/manuel_alfonso_estevez.jpg\" \/>\n\t<meta property=\"og:image:width\" content=\"720\" \/>\n\t<meta property=\"og:image:height\" content=\"432\" \/>\n\t<meta property=\"og:image:type\" content=\"image\/jpeg\" \/>\n<meta name=\"author\" content=\"Manuel Alfonso Est\u00e9vez\" \/>\n<meta name=\"twitter:card\" content=\"summary_large_image\" \/>\n<meta name=\"twitter:creator\" content=\"@APeneira\" \/>\n<meta name=\"twitter:site\" content=\"@APeneira\" \/>\n<meta name=\"twitter:label1\" content=\"Escrito por\" \/>\n\t<meta name=\"twitter:data1\" content=\"Manuel Alfonso Est\u00e9vez\" \/>\n\t<meta name=\"twitter:label2\" content=\"Tempo de lectura\" \/>\n\t<meta name=\"twitter:data2\" content=\"3 minutos\" \/>\n<script type=\"application\/ld+json\" class=\"yoast-schema-graph\">{\"@context\":\"https:\\\/\\\/schema.org\",\"@graph\":[{\"@type\":\"Article\",\"@id\":\"https:\\\/\\\/www.anovapeneira.gal\\\/index.php\\\/2023\\\/08\\\/15\\\/o-paseo-de-don-rogelio-estevez-cambra-en-fornelos-da-ribeira\\\/#article\",\"isPartOf\":{\"@id\":\"https:\\\/\\\/www.anovapeneira.gal\\\/index.php\\\/2023\\\/08\\\/15\\\/o-paseo-de-don-rogelio-estevez-cambra-en-fornelos-da-ribeira\\\/\"},\"author\":{\"name\":\"Manuel Alfonso Est\u00e9vez\",\"@id\":\"https:\\\/\\\/www.anovapeneira.gal\\\/#\\\/schema\\\/person\\\/6561b93d53e7a32f5d814768163bae2a\"},\"headline\":\"O Paseo de Don Rogelio Est\u00e9vez Cambra en Fornelos da Ribeira\",\"datePublished\":\"2023-08-15T08:00:04+00:00\",\"mainEntityOfPage\":{\"@id\":\"https:\\\/\\\/www.anovapeneira.gal\\\/index.php\\\/2023\\\/08\\\/15\\\/o-paseo-de-don-rogelio-estevez-cambra-en-fornelos-da-ribeira\\\/\"},\"wordCount\":517,\"commentCount\":0,\"publisher\":{\"@id\":\"https:\\\/\\\/www.anovapeneira.gal\\\/#organization\"},\"image\":{\"@id\":\"https:\\\/\\\/www.anovapeneira.gal\\\/index.php\\\/2023\\\/08\\\/15\\\/o-paseo-de-don-rogelio-estevez-cambra-en-fornelos-da-ribeira\\\/#primaryimage\"},\"thumbnailUrl\":\"https:\\\/\\\/www.anovapeneira.gal\\\/wp-content\\\/uploads\\\/2021\\\/03\\\/manuel_alfonso_estevez.jpg\",\"articleSection\":[\"Artigos de opini\u00f3n\"],\"inLanguage\":\"gl-ES\",\"potentialAction\":[{\"@type\":\"CommentAction\",\"name\":\"Comment\",\"target\":[\"https:\\\/\\\/www.anovapeneira.gal\\\/index.php\\\/2023\\\/08\\\/15\\\/o-paseo-de-don-rogelio-estevez-cambra-en-fornelos-da-ribeira\\\/#respond\"]}]},{\"@type\":\"WebPage\",\"@id\":\"https:\\\/\\\/www.anovapeneira.gal\\\/index.php\\\/2023\\\/08\\\/15\\\/o-paseo-de-don-rogelio-estevez-cambra-en-fornelos-da-ribeira\\\/\",\"url\":\"https:\\\/\\\/www.anovapeneira.gal\\\/index.php\\\/2023\\\/08\\\/15\\\/o-paseo-de-don-rogelio-estevez-cambra-en-fornelos-da-ribeira\\\/\",\"name\":\"O Paseo de Don Rogelio Est\u00e9vez Cambra en Fornelos da Ribeira -\",\"isPartOf\":{\"@id\":\"https:\\\/\\\/www.anovapeneira.gal\\\/#website\"},\"primaryImageOfPage\":{\"@id\":\"https:\\\/\\\/www.anovapeneira.gal\\\/index.php\\\/2023\\\/08\\\/15\\\/o-paseo-de-don-rogelio-estevez-cambra-en-fornelos-da-ribeira\\\/#primaryimage\"},\"image\":{\"@id\":\"https:\\\/\\\/www.anovapeneira.gal\\\/index.php\\\/2023\\\/08\\\/15\\\/o-paseo-de-don-rogelio-estevez-cambra-en-fornelos-da-ribeira\\\/#primaryimage\"},\"thumbnailUrl\":\"https:\\\/\\\/www.anovapeneira.gal\\\/wp-content\\\/uploads\\\/2021\\\/03\\\/manuel_alfonso_estevez.jpg\",\"datePublished\":\"2023-08-15T08:00:04+00:00\",\"description\":\"Fai un tempo quen isto subscribe, enviou o Pleno da Corporaci\u00f3n Provincial de Pontevedra, un escrito, como fillo da parroquia de Fornelos da Ribeira, do concello de Salvaterra do Mi\u00f1o, solicitando a concesi\u00f3n da Corporaci\u00f3n Provincial de Pontevedra, do tramo de estrada que vai dende o final da parroquia de Moreira ata o rueiro de Carrascal, pasando polas Fragui\u00f1as PO-403 sen uso oficialmente, pola nova desviaci\u00f3n, como patrimonio local da mesma\",\"breadcrumb\":{\"@id\":\"https:\\\/\\\/www.anovapeneira.gal\\\/index.php\\\/2023\\\/08\\\/15\\\/o-paseo-de-don-rogelio-estevez-cambra-en-fornelos-da-ribeira\\\/#breadcrumb\"},\"inLanguage\":\"gl-ES\",\"potentialAction\":[{\"@type\":\"ReadAction\",\"target\":[\"https:\\\/\\\/www.anovapeneira.gal\\\/index.php\\\/2023\\\/08\\\/15\\\/o-paseo-de-don-rogelio-estevez-cambra-en-fornelos-da-ribeira\\\/\"]}]},{\"@type\":\"ImageObject\",\"inLanguage\":\"gl-ES\",\"@id\":\"https:\\\/\\\/www.anovapeneira.gal\\\/index.php\\\/2023\\\/08\\\/15\\\/o-paseo-de-don-rogelio-estevez-cambra-en-fornelos-da-ribeira\\\/#primaryimage\",\"url\":\"https:\\\/\\\/www.anovapeneira.gal\\\/wp-content\\\/uploads\\\/2021\\\/03\\\/manuel_alfonso_estevez.jpg\",\"contentUrl\":\"https:\\\/\\\/www.anovapeneira.gal\\\/wp-content\\\/uploads\\\/2021\\\/03\\\/manuel_alfonso_estevez.jpg\",\"width\":720,\"height\":432,\"caption\":\"Manuel Alfonso Est\u00e9vez. Historia viva de Fornelos da Ribeira\"},{\"@type\":\"BreadcrumbList\",\"@id\":\"https:\\\/\\\/www.anovapeneira.gal\\\/index.php\\\/2023\\\/08\\\/15\\\/o-paseo-de-don-rogelio-estevez-cambra-en-fornelos-da-ribeira\\\/#breadcrumb\",\"itemListElement\":[{\"@type\":\"ListItem\",\"position\":1,\"name\":\"Portada\",\"item\":\"https:\\\/\\\/www.anovapeneira.gal\\\/\"},{\"@type\":\"ListItem\",\"position\":2,\"name\":\"O Paseo de Don Rogelio Est\u00e9vez Cambra en Fornelos da Ribeira\"}]},{\"@type\":\"WebSite\",\"@id\":\"https:\\\/\\\/www.anovapeneira.gal\\\/#website\",\"url\":\"https:\\\/\\\/www.anovapeneira.gal\\\/\",\"name\":\"\",\"description\":\"Xornal galego de informaci\u00f3n xeral Publicaci\u00f3n mensual de novas de Galicia e en especial dos Concellos da sur da provincia de Pontevedra.\",\"publisher\":{\"@id\":\"https:\\\/\\\/www.anovapeneira.gal\\\/#organization\"},\"potentialAction\":[{\"@type\":\"SearchAction\",\"target\":{\"@type\":\"EntryPoint\",\"urlTemplate\":\"https:\\\/\\\/www.anovapeneira.gal\\\/?s={search_term_string}\"},\"query-input\":{\"@type\":\"PropertyValueSpecification\",\"valueRequired\":true,\"valueName\":\"search_term_string\"}}],\"inLanguage\":\"gl-ES\"},{\"@type\":\"Organization\",\"@id\":\"https:\\\/\\\/www.anovapeneira.gal\\\/#organization\",\"name\":\"A Nova Peneira\",\"url\":\"https:\\\/\\\/www.anovapeneira.gal\\\/\",\"logo\":{\"@type\":\"ImageObject\",\"inLanguage\":\"gl-ES\",\"@id\":\"https:\\\/\\\/www.anovapeneira.gal\\\/#\\\/schema\\\/logo\\\/image\\\/\",\"url\":\"http:\\\/\\\/www.anovapeneira.gal\\\/wp-content\\\/uploads\\\/2019\\\/06\\\/logo_a_nova_peneira_portal_web.png\",\"contentUrl\":\"http:\\\/\\\/www.anovapeneira.gal\\\/wp-content\\\/uploads\\\/2019\\\/06\\\/logo_a_nova_peneira_portal_web.png\",\"width\":300,\"height\":100,\"caption\":\"A Nova Peneira\"},\"image\":{\"@id\":\"https:\\\/\\\/www.anovapeneira.gal\\\/#\\\/schema\\\/logo\\\/image\\\/\"},\"sameAs\":[\"https:\\\/\\\/www.facebook.com\\\/anovapeneira\",\"https:\\\/\\\/x.com\\\/APeneira\"]},{\"@type\":\"Person\",\"@id\":\"https:\\\/\\\/www.anovapeneira.gal\\\/#\\\/schema\\\/person\\\/6561b93d53e7a32f5d814768163bae2a\",\"name\":\"Manuel Alfonso Est\u00e9vez\",\"image\":{\"@type\":\"ImageObject\",\"inLanguage\":\"gl-ES\",\"@id\":\"https:\\\/\\\/secure.gravatar.com\\\/avatar\\\/f5d3e86603a02dabc520fdacad8691552cb5b3b57ede8828ababc7095c054594?s=96&d=mm&r=g\",\"url\":\"https:\\\/\\\/secure.gravatar.com\\\/avatar\\\/f5d3e86603a02dabc520fdacad8691552cb5b3b57ede8828ababc7095c054594?s=96&d=mm&r=g\",\"contentUrl\":\"https:\\\/\\\/secure.gravatar.com\\\/avatar\\\/f5d3e86603a02dabc520fdacad8691552cb5b3b57ede8828ababc7095c054594?s=96&d=mm&r=g\",\"caption\":\"Manuel Alfonso Est\u00e9vez\"},\"url\":\"https:\\\/\\\/www.anovapeneira.gal\\\/index.php\\\/author\\\/manuelalfonso\\\/\"}]}<\/script>\n<!-- \/ Yoast SEO plugin. -->","yoast_head_json":{"title":"O Paseo de Don Rogelio Est\u00e9vez Cambra en Fornelos da Ribeira -","description":"Fai un tempo quen isto subscribe, enviou o Pleno da Corporaci\u00f3n Provincial de Pontevedra, un escrito, como fillo da parroquia de Fornelos da Ribeira, do concello de Salvaterra do Mi\u00f1o, solicitando a concesi\u00f3n da Corporaci\u00f3n Provincial de Pontevedra, do tramo de estrada que vai dende o final da parroquia de Moreira ata o rueiro de Carrascal, pasando polas Fragui\u00f1as PO-403 sen uso oficialmente, pola nova desviaci\u00f3n, como patrimonio local da mesma","robots":{"index":"index","follow":"follow","max-snippet":"max-snippet:-1","max-image-preview":"max-image-preview:large","max-video-preview":"max-video-preview:-1"},"canonical":"https:\/\/www.anovapeneira.gal\/index.php\/2023\/08\/15\/o-paseo-de-don-rogelio-estevez-cambra-en-fornelos-da-ribeira\/","og_locale":"gl_ES","og_type":"article","og_title":"O Paseo de Don Rogelio Est\u00e9vez Cambra en Fornelos da Ribeira -","og_description":"Fai un tempo quen isto subscribe, enviou o Pleno da Corporaci\u00f3n Provincial de Pontevedra, un escrito, como fillo da parroquia de Fornelos da Ribeira, do concello de Salvaterra do Mi\u00f1o, solicitando a concesi\u00f3n da Corporaci\u00f3n Provincial de Pontevedra, do tramo de estrada que vai dende o final da parroquia de Moreira ata o rueiro de Carrascal, pasando polas Fragui\u00f1as PO-403 sen uso oficialmente, pola nova desviaci\u00f3n, como patrimonio local da mesma","og_url":"https:\/\/www.anovapeneira.gal\/index.php\/2023\/08\/15\/o-paseo-de-don-rogelio-estevez-cambra-en-fornelos-da-ribeira\/","article_publisher":"https:\/\/www.facebook.com\/anovapeneira","article_published_time":"2023-08-15T08:00:04+00:00","og_image":[{"width":720,"height":432,"url":"https:\/\/www.anovapeneira.gal\/wp-content\/uploads\/2021\/03\/manuel_alfonso_estevez.jpg","type":"image\/jpeg"}],"author":"Manuel Alfonso Est\u00e9vez","twitter_card":"summary_large_image","twitter_creator":"@APeneira","twitter_site":"@APeneira","twitter_misc":{"Escrito por":"Manuel Alfonso Est\u00e9vez","Tempo de lectura":"3 minutos"},"schema":{"@context":"https:\/\/schema.org","@graph":[{"@type":"Article","@id":"https:\/\/www.anovapeneira.gal\/index.php\/2023\/08\/15\/o-paseo-de-don-rogelio-estevez-cambra-en-fornelos-da-ribeira\/#article","isPartOf":{"@id":"https:\/\/www.anovapeneira.gal\/index.php\/2023\/08\/15\/o-paseo-de-don-rogelio-estevez-cambra-en-fornelos-da-ribeira\/"},"author":{"name":"Manuel Alfonso Est\u00e9vez","@id":"https:\/\/www.anovapeneira.gal\/#\/schema\/person\/6561b93d53e7a32f5d814768163bae2a"},"headline":"O Paseo de Don Rogelio Est\u00e9vez Cambra en Fornelos da Ribeira","datePublished":"2023-08-15T08:00:04+00:00","mainEntityOfPage":{"@id":"https:\/\/www.anovapeneira.gal\/index.php\/2023\/08\/15\/o-paseo-de-don-rogelio-estevez-cambra-en-fornelos-da-ribeira\/"},"wordCount":517,"commentCount":0,"publisher":{"@id":"https:\/\/www.anovapeneira.gal\/#organization"},"image":{"@id":"https:\/\/www.anovapeneira.gal\/index.php\/2023\/08\/15\/o-paseo-de-don-rogelio-estevez-cambra-en-fornelos-da-ribeira\/#primaryimage"},"thumbnailUrl":"https:\/\/www.anovapeneira.gal\/wp-content\/uploads\/2021\/03\/manuel_alfonso_estevez.jpg","articleSection":["Artigos de opini\u00f3n"],"inLanguage":"gl-ES","potentialAction":[{"@type":"CommentAction","name":"Comment","target":["https:\/\/www.anovapeneira.gal\/index.php\/2023\/08\/15\/o-paseo-de-don-rogelio-estevez-cambra-en-fornelos-da-ribeira\/#respond"]}]},{"@type":"WebPage","@id":"https:\/\/www.anovapeneira.gal\/index.php\/2023\/08\/15\/o-paseo-de-don-rogelio-estevez-cambra-en-fornelos-da-ribeira\/","url":"https:\/\/www.anovapeneira.gal\/index.php\/2023\/08\/15\/o-paseo-de-don-rogelio-estevez-cambra-en-fornelos-da-ribeira\/","name":"O Paseo de Don Rogelio Est\u00e9vez Cambra en Fornelos da Ribeira -","isPartOf":{"@id":"https:\/\/www.anovapeneira.gal\/#website"},"primaryImageOfPage":{"@id":"https:\/\/www.anovapeneira.gal\/index.php\/2023\/08\/15\/o-paseo-de-don-rogelio-estevez-cambra-en-fornelos-da-ribeira\/#primaryimage"},"image":{"@id":"https:\/\/www.anovapeneira.gal\/index.php\/2023\/08\/15\/o-paseo-de-don-rogelio-estevez-cambra-en-fornelos-da-ribeira\/#primaryimage"},"thumbnailUrl":"https:\/\/www.anovapeneira.gal\/wp-content\/uploads\/2021\/03\/manuel_alfonso_estevez.jpg","datePublished":"2023-08-15T08:00:04+00:00","description":"Fai un tempo quen isto subscribe, enviou o Pleno da Corporaci\u00f3n Provincial de Pontevedra, un escrito, como fillo da parroquia de Fornelos da Ribeira, do concello de Salvaterra do Mi\u00f1o, solicitando a concesi\u00f3n da Corporaci\u00f3n Provincial de Pontevedra, do tramo de estrada que vai dende o final da parroquia de Moreira ata o rueiro de Carrascal, pasando polas Fragui\u00f1as PO-403 sen uso oficialmente, pola nova desviaci\u00f3n, como patrimonio local da mesma","breadcrumb":{"@id":"https:\/\/www.anovapeneira.gal\/index.php\/2023\/08\/15\/o-paseo-de-don-rogelio-estevez-cambra-en-fornelos-da-ribeira\/#breadcrumb"},"inLanguage":"gl-ES","potentialAction":[{"@type":"ReadAction","target":["https:\/\/www.anovapeneira.gal\/index.php\/2023\/08\/15\/o-paseo-de-don-rogelio-estevez-cambra-en-fornelos-da-ribeira\/"]}]},{"@type":"ImageObject","inLanguage":"gl-ES","@id":"https:\/\/www.anovapeneira.gal\/index.php\/2023\/08\/15\/o-paseo-de-don-rogelio-estevez-cambra-en-fornelos-da-ribeira\/#primaryimage","url":"https:\/\/www.anovapeneira.gal\/wp-content\/uploads\/2021\/03\/manuel_alfonso_estevez.jpg","contentUrl":"https:\/\/www.anovapeneira.gal\/wp-content\/uploads\/2021\/03\/manuel_alfonso_estevez.jpg","width":720,"height":432,"caption":"Manuel Alfonso Est\u00e9vez. Historia viva de Fornelos da Ribeira"},{"@type":"BreadcrumbList","@id":"https:\/\/www.anovapeneira.gal\/index.php\/2023\/08\/15\/o-paseo-de-don-rogelio-estevez-cambra-en-fornelos-da-ribeira\/#breadcrumb","itemListElement":[{"@type":"ListItem","position":1,"name":"Portada","item":"https:\/\/www.anovapeneira.gal\/"},{"@type":"ListItem","position":2,"name":"O Paseo de Don Rogelio Est\u00e9vez Cambra en Fornelos da Ribeira"}]},{"@type":"WebSite","@id":"https:\/\/www.anovapeneira.gal\/#website","url":"https:\/\/www.anovapeneira.gal\/","name":"","description":"Xornal galego de informaci\u00f3n xeral Publicaci\u00f3n mensual de novas de Galicia e en especial dos Concellos da sur da provincia de Pontevedra.","publisher":{"@id":"https:\/\/www.anovapeneira.gal\/#organization"},"potentialAction":[{"@type":"SearchAction","target":{"@type":"EntryPoint","urlTemplate":"https:\/\/www.anovapeneira.gal\/?s={search_term_string}"},"query-input":{"@type":"PropertyValueSpecification","valueRequired":true,"valueName":"search_term_string"}}],"inLanguage":"gl-ES"},{"@type":"Organization","@id":"https:\/\/www.anovapeneira.gal\/#organization","name":"A Nova Peneira","url":"https:\/\/www.anovapeneira.gal\/","logo":{"@type":"ImageObject","inLanguage":"gl-ES","@id":"https:\/\/www.anovapeneira.gal\/#\/schema\/logo\/image\/","url":"http:\/\/www.anovapeneira.gal\/wp-content\/uploads\/2019\/06\/logo_a_nova_peneira_portal_web.png","contentUrl":"http:\/\/www.anovapeneira.gal\/wp-content\/uploads\/2019\/06\/logo_a_nova_peneira_portal_web.png","width":300,"height":100,"caption":"A Nova Peneira"},"image":{"@id":"https:\/\/www.anovapeneira.gal\/#\/schema\/logo\/image\/"},"sameAs":["https:\/\/www.facebook.com\/anovapeneira","https:\/\/x.com\/APeneira"]},{"@type":"Person","@id":"https:\/\/www.anovapeneira.gal\/#\/schema\/person\/6561b93d53e7a32f5d814768163bae2a","name":"Manuel Alfonso Est\u00e9vez","image":{"@type":"ImageObject","inLanguage":"gl-ES","@id":"https:\/\/secure.gravatar.com\/avatar\/f5d3e86603a02dabc520fdacad8691552cb5b3b57ede8828ababc7095c054594?s=96&d=mm&r=g","url":"https:\/\/secure.gravatar.com\/avatar\/f5d3e86603a02dabc520fdacad8691552cb5b3b57ede8828ababc7095c054594?s=96&d=mm&r=g","contentUrl":"https:\/\/secure.gravatar.com\/avatar\/f5d3e86603a02dabc520fdacad8691552cb5b3b57ede8828ababc7095c054594?s=96&d=mm&r=g","caption":"Manuel Alfonso Est\u00e9vez"},"url":"https:\/\/www.anovapeneira.gal\/index.php\/author\/manuelalfonso\/"}]}},"jetpack_featured_media_url":"https:\/\/www.anovapeneira.gal\/wp-content\/uploads\/2021\/03\/manuel_alfonso_estevez.jpg","_links":{"self":[{"href":"https:\/\/www.anovapeneira.gal\/index.php\/wp-json\/wp\/v2\/posts\/10267","targetHints":{"allow":["GET"]}}],"collection":[{"href":"https:\/\/www.anovapeneira.gal\/index.php\/wp-json\/wp\/v2\/posts"}],"about":[{"href":"https:\/\/www.anovapeneira.gal\/index.php\/wp-json\/wp\/v2\/types\/post"}],"author":[{"embeddable":true,"href":"https:\/\/www.anovapeneira.gal\/index.php\/wp-json\/wp\/v2\/users\/40"}],"replies":[{"embeddable":true,"href":"https:\/\/www.anovapeneira.gal\/index.php\/wp-json\/wp\/v2\/comments?post=10267"}],"version-history":[{"count":1,"href":"https:\/\/www.anovapeneira.gal\/index.php\/wp-json\/wp\/v2\/posts\/10267\/revisions"}],"predecessor-version":[{"id":10268,"href":"https:\/\/www.anovapeneira.gal\/index.php\/wp-json\/wp\/v2\/posts\/10267\/revisions\/10268"}],"wp:featuredmedia":[{"embeddable":true,"href":"https:\/\/www.anovapeneira.gal\/index.php\/wp-json\/wp\/v2\/media\/5108"}],"wp:attachment":[{"href":"https:\/\/www.anovapeneira.gal\/index.php\/wp-json\/wp\/v2\/media?parent=10267"}],"wp:term":[{"taxonomy":"category","embeddable":true,"href":"https:\/\/www.anovapeneira.gal\/index.php\/wp-json\/wp\/v2\/categories?post=10267"},{"taxonomy":"post_tag","embeddable":true,"href":"https:\/\/www.anovapeneira.gal\/index.php\/wp-json\/wp\/v2\/tags?post=10267"}],"curies":[{"name":"wp","href":"https:\/\/api.w.org\/{rel}","templated":true}]}}