{"id":10277,"date":"2023-08-16T12:00:46","date_gmt":"2023-08-16T10:00:46","guid":{"rendered":"https:\/\/www.anovapeneira.gal\/?p=10277"},"modified":"2023-08-12T11:19:08","modified_gmt":"2023-08-12T09:19:08","slug":"futuro-incerto","status":"publish","type":"post","link":"https:\/\/www.anovapeneira.gal\/index.php\/2023\/08\/16\/futuro-incerto\/","title":{"rendered":"Futuro incerto"},"content":{"rendered":"\n<figure class=\"wp-block-image size-full is-resized\"><img loading=\"lazy\" decoding=\"async\" src=\"https:\/\/www.anovapeneira.gal\/wp-content\/uploads\/2019\/07\/Baldomero_Iglesias_Dobarrio_Mero.jpg\" alt=\"Baldomero Iglesias Dobarrio Mero artigos de opini\u00f3n A Nova Peneira\" class=\"wp-image-482\" width=\"95\" height=\"111\"\/><figcaption class=\"wp-element-caption\">Baldomero Iglesias Dobarrio, Mero<\/figcaption><\/figure>\n\n\n\n<p>Nestes tempos a\u00ednda latentes de elecci\u00f3ns e desacougo, aos que nos ve\u00f1en afacendo nunha pr\u00e1ctica case de rutina, pois seica queren saber das nosas confianzas ou credibilidades, quedamos prendidos das novas que nos contan os medios de comunicaci\u00f3n que previamente se pregan ao dominio dependente de subvenci\u00f3n e as\u00ed son as nova que nos mandan, as mentiras que nos contan e a\u00ednda as\u00ed, conscientes das mentiras, unha grande maior\u00eda d\u00e9ixase ir como ovellas mansas que semellan carecer de vontade. Cremos e pensamos canda esas noticias que nos dan. Nin sequera habitamos esa m\u00ednima vontade de desconfiar das cifras apaisadas, das conclusi\u00f3ns sacadas ao convir de quen as conta. As forzas iniciadoras deste tropel, son os de sempre, os que adulteran a realidade para captar \u00e1 xente de ben que carece de argumentos que puideran dar lugar a desconfiar e, ent\u00f3n, non ver que por detr\u00e1s est\u00e1 o pano que oculta esa grande noticia, unha farsa orquestrada polos poderes medi\u00e1ticos e econ\u00f3micos que non soportan que lles controlen os beneficios e que lles poidan activar controis dos mesmos, as\u00ed como as redes clientelares coas que act\u00faan e onde sementan a trola. Ent\u00f3n empregan calquera medio para difamar ao contrario, para dividir, para adulterar as informaci\u00f3ns. O principal sistema \u00e9 o medo, medo aos filoetarras -que as\u00ed chaman aos de Bildu, e non lles preocupa dedicarllo tam\u00e9n aos de ERC, en definitiva a todos os nacionalismos e periferias que nos sentimos abeirados do que pensan en Madrid. Falsean o discurso e ax\u00fadanse dos ecos dos medios ao seu servizo que difunden repetidamente a sospeita e a mentira. Medo a un goberno, xa que logo, supostamente ilex\u00edtimo ao que chaman sanchismo, como peste e sombra da s\u00faa luz. Medo de re inventar de novo a ETA, segundo eles a\u00ednda viva. Todo isto s\u00e9guelles a dar -con difamaci\u00f3ns- bos beneficios en votos e tam\u00e9n no discurso de despiste, anque a cambio non aporten soluci\u00f3ns aos problemas que realmente temos. Inventan pucheirazos electorais, tal cal fai Trump e outros de calado semellante para facer desconfiar do c\u00f3mputo dos votos. En realidade o medo \u00e9 esa desconfianza, esa cortina de fume do despiste. Meten medo coas s\u00faas diatribas anticonstitucionais, nas que se presentan salvadores da suposta desfeita, anque no fondo admiten que algunha cousa sa\u00edu mellor do que pensaban, non o din coa boca grande. Co medo crean un clima de desesperanza, \u201ctodo est\u00e1 perdido\u201d e eles son os salvadores. Nada importa que gobernasen en prazas nas que nunca nada fixeron en favor do que prometeran. O importante \u00e9 que hai que recuperar as leis que sempre nos rex\u00edan, recuperar a Lei e a orde, a Lei Mordaza por exemplo, regresar a unha lei laboral que contente m\u00e1is aos empresarios para que invistan m\u00e1is e non marchen, como fixeron aqueloutras grandes empresas. Xa saben \u201cS\u00e1nchez ou Espa\u00f1a\u201d, \u201cou unidos ou perdidos\u201d, \u201cn\u00f3s, temos a soluci\u00f3n e habemos baixar impostos\u201d, e cousas polo estilo. A xente traga e traga, anque ve que o n\u00famero de parados parece menor, anque ve que a Lei Laboral non vai mal e puidera ir mellor, anque ve que o n\u00famero de parados v\u00e9n sendo menor e que a educaci\u00f3n -con moitos tropezos- vai indo, ben sei non tanto como debera. A maior\u00eda ve todas estas cousas, mais non ve como debera porque a estratexia do medo a\u00ednda funciona e arraigou en sospeitas, sempre empregada polas xentes reactivas e retr\u00f3gradas, pasan do discurso democr\u00e1tico, como pasaron sempre. Chega con mirarlles \u00e1 cara e ver con que soltura menten, que ben finxen. Miren como puxeron ao persoal co conto da data das elecci\u00f3ns, non din que tam\u00e9n eles fixeron o mesmo, non. Miren a cara que po\u00f1en cando falan de periferias, porque eles son o centro do mundo, o embigo do universo, que est\u00e1 en Madrid e en Ayuso. Todo ten que pasar por al\u00ed, todo se ama\u00f1a tomando unha cervexa!<\/p>\n\n\n\n<p>Coa t\u00e9cnica do medo e das restrici\u00f3ns dos servizos p\u00fablicos, chegaron onde chegaron, tam\u00e9n da man de quen chegaron, da patronal, dos medios de control medi\u00e1ticos, dos chourizos de rigor, da falsa proporci\u00f3n, dos amiguismos e redes de clientes e subvenci\u00f3ns. Por algo ser\u00e1, quizais ser\u00e1 porque al\u00ed menten m\u00e1is? Unha pequena observaci\u00f3n est\u00e1 en reparar nas s\u00faas televisi\u00f3ns, emisoras e prensa. Por desgraza, diso sabemos ben en Galiza. C\u00f3mpre repasar en Sanidade, Educaci\u00f3n, mais tam\u00e9n na integraci\u00f3n e o respecto \u00e1s periferias, aos que dalg\u00fan xeito discrepan e discrepamos, que as\u00ed nos chaman nesa s\u00faa desafecci\u00f3n de post verdade. Nada hai para a inclusi\u00f3n social en axudas \u00e1 xente m\u00e1is vulnerable. Nada previsto para acoller as diferencias, nada. O peor do caso \u00e9 que esta opci\u00f3n que retorce tanto as realidades e mente, volve atr\u00e1s e globaliza perdas e incomodidades, destr\u00fae e quere controlar, destru\u00edr e propagar o medo, esta opci\u00f3n est\u00e1 a\u00ed e volver\u00e1 contra as esencias mesmas da democracia, co seu racismo, coa s\u00faa contraria forma de acoller e coidar aos que foxen da morte e da fame, ou aos que te\u00f1en unha opci\u00f3n sexual-relixiosa-pol\u00edtica distinta da deles, sen ter en conta que as diferencias son precisamente enriquecedoras, rompedoras desta monoton\u00eda de tempos grises. Somos as\u00ed, persoas m\u00faltiplas e variadas e cremos nun mundo que te\u00f1a cabida para toda a amalgama de formas que nos poidan facer libres e felices. Quen dixo medo? A que, a quen? Deberamos votar sen ese medo que nos meteron no corpo e apostar por tempos novos, onde poidamos ser quen somos e en exercicio da nosa propiedade, no medio deste futuro incerto.<\/p>\n","protected":false},"excerpt":{"rendered":"<div class=\"mh-excerpt\"><p>Nestes tempos a\u00ednda latentes de elecci\u00f3ns e desacougo, aos que nos ve\u00f1en afacendo nunha pr\u00e1ctica case de rutina, pois seica queren saber das nosas confianzas ou credibilidades, quedamos prendidos das novas que nos contan os medios de comunicaci\u00f3n que previamente se pregan ao dominio dependente de subvenci\u00f3n e as\u00ed son as nova que nos mandan, as mentiras que nos contan e a\u00ednda as\u00ed, conscientes das mentiras, unha grande maior\u00eda d\u00e9ixase ir como ovellas mansas que semellan carecer de vontade <a class=\"mh-excerpt-more\" href=\"https:\/\/www.anovapeneira.gal\/index.php\/2023\/08\/16\/futuro-incerto\/\" title=\"Futuro incerto\">[&#8230;]<\/a><\/p>\n<\/div>","protected":false},"author":5,"featured_media":584,"comment_status":"open","ping_status":"open","sticky":false,"template":"","format":"standard","meta":{"_exactmetrics_skip_tracking":false,"_exactmetrics_sitenote_active":false,"_exactmetrics_sitenote_note":"","_exactmetrics_sitenote_category":0,"footnotes":""},"categories":[7],"tags":[],"class_list":{"0":"post-10277","1":"post","2":"type-post","3":"status-publish","4":"format-standard","5":"has-post-thumbnail","7":"category-artigos-de-opinion"},"yoast_head":"<!-- This site is optimized with the Yoast SEO plugin v27.5 - https:\/\/yoast.com\/product\/yoast-seo-wordpress\/ -->\n<title>Futuro incerto -<\/title>\n<meta name=\"description\" content=\"Nestes tempos a\u00ednda latentes de elecci\u00f3ns e desacougo, aos que nos ve\u00f1en afacendo nunha pr\u00e1ctica case de rutina, pois seica queren saber das nosas confianzas ou credibilidades, quedamos prendidos das novas que nos contan os medios de comunicaci\u00f3n que previamente se pregan ao dominio dependente de subvenci\u00f3n e as\u00ed son as nova que nos mandan, as mentiras que nos contan e a\u00ednda as\u00ed, conscientes das mentiras, unha grande maior\u00eda d\u00e9ixase ir como ovellas mansas que semellan carecer de vontade\" \/>\n<meta name=\"robots\" content=\"index, follow, max-snippet:-1, max-image-preview:large, max-video-preview:-1\" \/>\n<link rel=\"canonical\" href=\"https:\/\/www.anovapeneira.gal\/index.php\/2023\/08\/16\/futuro-incerto\/\" \/>\n<meta property=\"og:locale\" content=\"gl_ES\" \/>\n<meta property=\"og:type\" content=\"article\" \/>\n<meta property=\"og:title\" content=\"Futuro incerto -\" \/>\n<meta property=\"og:description\" content=\"Nestes tempos a\u00ednda latentes de elecci\u00f3ns e desacougo, aos que nos ve\u00f1en afacendo nunha pr\u00e1ctica case de rutina, pois seica queren saber das nosas confianzas ou credibilidades, quedamos prendidos das novas que nos contan os medios de comunicaci\u00f3n que previamente se pregan ao dominio dependente de subvenci\u00f3n e as\u00ed son as nova que nos mandan, as mentiras que nos contan e a\u00ednda as\u00ed, conscientes das mentiras, unha grande maior\u00eda d\u00e9ixase ir como ovellas mansas que semellan carecer de vontade\" \/>\n<meta property=\"og:url\" content=\"https:\/\/www.anovapeneira.gal\/index.php\/2023\/08\/16\/futuro-incerto\/\" \/>\n<meta property=\"article:publisher\" content=\"https:\/\/www.facebook.com\/anovapeneira\" \/>\n<meta property=\"article:published_time\" content=\"2023-08-16T10:00:46+00:00\" \/>\n<meta property=\"og:image\" content=\"https:\/\/www.anovapeneira.gal\/wp-content\/uploads\/2019\/07\/ARTIGO_DE_OPINION_A_NOVA_PENEIRA.jpg\" \/>\n\t<meta property=\"og:image:width\" content=\"720\" \/>\n\t<meta property=\"og:image:height\" content=\"473\" \/>\n\t<meta property=\"og:image:type\" content=\"image\/jpeg\" \/>\n<meta name=\"author\" content=\"Baldomero Iglesias Dobarrio, Mero\" \/>\n<meta name=\"twitter:card\" content=\"summary_large_image\" \/>\n<meta name=\"twitter:image\" content=\"https:\/\/www.anovapeneira.gal\/wp-content\/uploads\/2019\/07\/ARTIGO_DE_OPINION_A_NOVA_PENEIRA.jpg\" \/>\n<meta name=\"twitter:creator\" content=\"@APeneira\" \/>\n<meta name=\"twitter:site\" content=\"@APeneira\" \/>\n<meta name=\"twitter:label1\" content=\"Escrito por\" \/>\n\t<meta name=\"twitter:data1\" content=\"Baldomero Iglesias Dobarrio, Mero\" \/>\n\t<meta name=\"twitter:label2\" content=\"Tempo de lectura\" \/>\n\t<meta name=\"twitter:data2\" content=\"6 minutos\" \/>\n<script type=\"application\/ld+json\" class=\"yoast-schema-graph\">{\"@context\":\"https:\\\/\\\/schema.org\",\"@graph\":[{\"@type\":\"Article\",\"@id\":\"https:\\\/\\\/www.anovapeneira.gal\\\/index.php\\\/2023\\\/08\\\/16\\\/futuro-incerto\\\/#article\",\"isPartOf\":{\"@id\":\"https:\\\/\\\/www.anovapeneira.gal\\\/index.php\\\/2023\\\/08\\\/16\\\/futuro-incerto\\\/\"},\"author\":{\"name\":\"Baldomero Iglesias Dobarrio, Mero\",\"@id\":\"https:\\\/\\\/www.anovapeneira.gal\\\/#\\\/schema\\\/person\\\/b051ed40cfc100e281476674783b32fc\"},\"headline\":\"Futuro incerto\",\"datePublished\":\"2023-08-16T10:00:46+00:00\",\"mainEntityOfPage\":{\"@id\":\"https:\\\/\\\/www.anovapeneira.gal\\\/index.php\\\/2023\\\/08\\\/16\\\/futuro-incerto\\\/\"},\"wordCount\":999,\"commentCount\":0,\"publisher\":{\"@id\":\"https:\\\/\\\/www.anovapeneira.gal\\\/#organization\"},\"image\":{\"@id\":\"https:\\\/\\\/www.anovapeneira.gal\\\/index.php\\\/2023\\\/08\\\/16\\\/futuro-incerto\\\/#primaryimage\"},\"thumbnailUrl\":\"https:\\\/\\\/www.anovapeneira.gal\\\/wp-content\\\/uploads\\\/2019\\\/07\\\/ARTIGO_DE_OPINION_A_NOVA_PENEIRA.jpg\",\"articleSection\":[\"Artigos de opini\u00f3n\"],\"inLanguage\":\"gl-ES\",\"potentialAction\":[{\"@type\":\"CommentAction\",\"name\":\"Comment\",\"target\":[\"https:\\\/\\\/www.anovapeneira.gal\\\/index.php\\\/2023\\\/08\\\/16\\\/futuro-incerto\\\/#respond\"]}]},{\"@type\":\"WebPage\",\"@id\":\"https:\\\/\\\/www.anovapeneira.gal\\\/index.php\\\/2023\\\/08\\\/16\\\/futuro-incerto\\\/\",\"url\":\"https:\\\/\\\/www.anovapeneira.gal\\\/index.php\\\/2023\\\/08\\\/16\\\/futuro-incerto\\\/\",\"name\":\"Futuro incerto -\",\"isPartOf\":{\"@id\":\"https:\\\/\\\/www.anovapeneira.gal\\\/#website\"},\"primaryImageOfPage\":{\"@id\":\"https:\\\/\\\/www.anovapeneira.gal\\\/index.php\\\/2023\\\/08\\\/16\\\/futuro-incerto\\\/#primaryimage\"},\"image\":{\"@id\":\"https:\\\/\\\/www.anovapeneira.gal\\\/index.php\\\/2023\\\/08\\\/16\\\/futuro-incerto\\\/#primaryimage\"},\"thumbnailUrl\":\"https:\\\/\\\/www.anovapeneira.gal\\\/wp-content\\\/uploads\\\/2019\\\/07\\\/ARTIGO_DE_OPINION_A_NOVA_PENEIRA.jpg\",\"datePublished\":\"2023-08-16T10:00:46+00:00\",\"description\":\"Nestes tempos a\u00ednda latentes de elecci\u00f3ns e desacougo, aos que nos ve\u00f1en afacendo nunha pr\u00e1ctica case de rutina, pois seica queren saber das nosas confianzas ou credibilidades, quedamos prendidos das novas que nos contan os medios de comunicaci\u00f3n que previamente se pregan ao dominio dependente de subvenci\u00f3n e as\u00ed son as nova que nos mandan, as mentiras que nos contan e a\u00ednda as\u00ed, conscientes das mentiras, unha grande maior\u00eda d\u00e9ixase ir como ovellas mansas que semellan carecer de vontade\",\"breadcrumb\":{\"@id\":\"https:\\\/\\\/www.anovapeneira.gal\\\/index.php\\\/2023\\\/08\\\/16\\\/futuro-incerto\\\/#breadcrumb\"},\"inLanguage\":\"gl-ES\",\"potentialAction\":[{\"@type\":\"ReadAction\",\"target\":[\"https:\\\/\\\/www.anovapeneira.gal\\\/index.php\\\/2023\\\/08\\\/16\\\/futuro-incerto\\\/\"]}]},{\"@type\":\"ImageObject\",\"inLanguage\":\"gl-ES\",\"@id\":\"https:\\\/\\\/www.anovapeneira.gal\\\/index.php\\\/2023\\\/08\\\/16\\\/futuro-incerto\\\/#primaryimage\",\"url\":\"https:\\\/\\\/www.anovapeneira.gal\\\/wp-content\\\/uploads\\\/2019\\\/07\\\/ARTIGO_DE_OPINION_A_NOVA_PENEIRA.jpg\",\"contentUrl\":\"https:\\\/\\\/www.anovapeneira.gal\\\/wp-content\\\/uploads\\\/2019\\\/07\\\/ARTIGO_DE_OPINION_A_NOVA_PENEIRA.jpg\",\"width\":720,\"height\":473,\"caption\":\"Artigo de opini\u00f3n A Nova Peneira\"},{\"@type\":\"BreadcrumbList\",\"@id\":\"https:\\\/\\\/www.anovapeneira.gal\\\/index.php\\\/2023\\\/08\\\/16\\\/futuro-incerto\\\/#breadcrumb\",\"itemListElement\":[{\"@type\":\"ListItem\",\"position\":1,\"name\":\"Portada\",\"item\":\"https:\\\/\\\/www.anovapeneira.gal\\\/\"},{\"@type\":\"ListItem\",\"position\":2,\"name\":\"Futuro incerto\"}]},{\"@type\":\"WebSite\",\"@id\":\"https:\\\/\\\/www.anovapeneira.gal\\\/#website\",\"url\":\"https:\\\/\\\/www.anovapeneira.gal\\\/\",\"name\":\"\",\"description\":\"Xornal galego de informaci\u00f3n xeral Publicaci\u00f3n mensual de novas de Galicia e en especial dos Concellos da sur da provincia de Pontevedra.\",\"publisher\":{\"@id\":\"https:\\\/\\\/www.anovapeneira.gal\\\/#organization\"},\"potentialAction\":[{\"@type\":\"SearchAction\",\"target\":{\"@type\":\"EntryPoint\",\"urlTemplate\":\"https:\\\/\\\/www.anovapeneira.gal\\\/?s={search_term_string}\"},\"query-input\":{\"@type\":\"PropertyValueSpecification\",\"valueRequired\":true,\"valueName\":\"search_term_string\"}}],\"inLanguage\":\"gl-ES\"},{\"@type\":\"Organization\",\"@id\":\"https:\\\/\\\/www.anovapeneira.gal\\\/#organization\",\"name\":\"A Nova Peneira\",\"url\":\"https:\\\/\\\/www.anovapeneira.gal\\\/\",\"logo\":{\"@type\":\"ImageObject\",\"inLanguage\":\"gl-ES\",\"@id\":\"https:\\\/\\\/www.anovapeneira.gal\\\/#\\\/schema\\\/logo\\\/image\\\/\",\"url\":\"http:\\\/\\\/www.anovapeneira.gal\\\/wp-content\\\/uploads\\\/2019\\\/06\\\/logo_a_nova_peneira_portal_web.png\",\"contentUrl\":\"http:\\\/\\\/www.anovapeneira.gal\\\/wp-content\\\/uploads\\\/2019\\\/06\\\/logo_a_nova_peneira_portal_web.png\",\"width\":300,\"height\":100,\"caption\":\"A Nova Peneira\"},\"image\":{\"@id\":\"https:\\\/\\\/www.anovapeneira.gal\\\/#\\\/schema\\\/logo\\\/image\\\/\"},\"sameAs\":[\"https:\\\/\\\/www.facebook.com\\\/anovapeneira\",\"https:\\\/\\\/x.com\\\/APeneira\"]},{\"@type\":\"Person\",\"@id\":\"https:\\\/\\\/www.anovapeneira.gal\\\/#\\\/schema\\\/person\\\/b051ed40cfc100e281476674783b32fc\",\"name\":\"Baldomero Iglesias Dobarrio, Mero\",\"image\":{\"@type\":\"ImageObject\",\"inLanguage\":\"gl-ES\",\"@id\":\"https:\\\/\\\/secure.gravatar.com\\\/avatar\\\/ca78fc089f8cf28197f88de2c9ac213e2f7d2097d8e359d9359b8778b539c59d?s=96&d=mm&r=g\",\"url\":\"https:\\\/\\\/secure.gravatar.com\\\/avatar\\\/ca78fc089f8cf28197f88de2c9ac213e2f7d2097d8e359d9359b8778b539c59d?s=96&d=mm&r=g\",\"contentUrl\":\"https:\\\/\\\/secure.gravatar.com\\\/avatar\\\/ca78fc089f8cf28197f88de2c9ac213e2f7d2097d8e359d9359b8778b539c59d?s=96&d=mm&r=g\",\"caption\":\"Baldomero Iglesias Dobarrio, Mero\"},\"sameAs\":[\"http:\\\/\\\/anovapeneira.gal\"],\"url\":\"https:\\\/\\\/www.anovapeneira.gal\\\/index.php\\\/author\\\/opinionmero\\\/\"}]}<\/script>\n<!-- \/ Yoast SEO plugin. -->","yoast_head_json":{"title":"Futuro incerto -","description":"Nestes tempos a\u00ednda latentes de elecci\u00f3ns e desacougo, aos que nos ve\u00f1en afacendo nunha pr\u00e1ctica case de rutina, pois seica queren saber das nosas confianzas ou credibilidades, quedamos prendidos das novas que nos contan os medios de comunicaci\u00f3n que previamente se pregan ao dominio dependente de subvenci\u00f3n e as\u00ed son as nova que nos mandan, as mentiras que nos contan e a\u00ednda as\u00ed, conscientes das mentiras, unha grande maior\u00eda d\u00e9ixase ir como ovellas mansas que semellan carecer de vontade","robots":{"index":"index","follow":"follow","max-snippet":"max-snippet:-1","max-image-preview":"max-image-preview:large","max-video-preview":"max-video-preview:-1"},"canonical":"https:\/\/www.anovapeneira.gal\/index.php\/2023\/08\/16\/futuro-incerto\/","og_locale":"gl_ES","og_type":"article","og_title":"Futuro incerto -","og_description":"Nestes tempos a\u00ednda latentes de elecci\u00f3ns e desacougo, aos que nos ve\u00f1en afacendo nunha pr\u00e1ctica case de rutina, pois seica queren saber das nosas confianzas ou credibilidades, quedamos prendidos das novas que nos contan os medios de comunicaci\u00f3n que previamente se pregan ao dominio dependente de subvenci\u00f3n e as\u00ed son as nova que nos mandan, as mentiras que nos contan e a\u00ednda as\u00ed, conscientes das mentiras, unha grande maior\u00eda d\u00e9ixase ir como ovellas mansas que semellan carecer de vontade","og_url":"https:\/\/www.anovapeneira.gal\/index.php\/2023\/08\/16\/futuro-incerto\/","article_publisher":"https:\/\/www.facebook.com\/anovapeneira","article_published_time":"2023-08-16T10:00:46+00:00","og_image":[{"width":720,"height":473,"url":"https:\/\/www.anovapeneira.gal\/wp-content\/uploads\/2019\/07\/ARTIGO_DE_OPINION_A_NOVA_PENEIRA.jpg","type":"image\/jpeg"}],"author":"Baldomero Iglesias Dobarrio, Mero","twitter_card":"summary_large_image","twitter_image":"https:\/\/www.anovapeneira.gal\/wp-content\/uploads\/2019\/07\/ARTIGO_DE_OPINION_A_NOVA_PENEIRA.jpg","twitter_creator":"@APeneira","twitter_site":"@APeneira","twitter_misc":{"Escrito por":"Baldomero Iglesias Dobarrio, Mero","Tempo de lectura":"6 minutos"},"schema":{"@context":"https:\/\/schema.org","@graph":[{"@type":"Article","@id":"https:\/\/www.anovapeneira.gal\/index.php\/2023\/08\/16\/futuro-incerto\/#article","isPartOf":{"@id":"https:\/\/www.anovapeneira.gal\/index.php\/2023\/08\/16\/futuro-incerto\/"},"author":{"name":"Baldomero Iglesias Dobarrio, Mero","@id":"https:\/\/www.anovapeneira.gal\/#\/schema\/person\/b051ed40cfc100e281476674783b32fc"},"headline":"Futuro incerto","datePublished":"2023-08-16T10:00:46+00:00","mainEntityOfPage":{"@id":"https:\/\/www.anovapeneira.gal\/index.php\/2023\/08\/16\/futuro-incerto\/"},"wordCount":999,"commentCount":0,"publisher":{"@id":"https:\/\/www.anovapeneira.gal\/#organization"},"image":{"@id":"https:\/\/www.anovapeneira.gal\/index.php\/2023\/08\/16\/futuro-incerto\/#primaryimage"},"thumbnailUrl":"https:\/\/www.anovapeneira.gal\/wp-content\/uploads\/2019\/07\/ARTIGO_DE_OPINION_A_NOVA_PENEIRA.jpg","articleSection":["Artigos de opini\u00f3n"],"inLanguage":"gl-ES","potentialAction":[{"@type":"CommentAction","name":"Comment","target":["https:\/\/www.anovapeneira.gal\/index.php\/2023\/08\/16\/futuro-incerto\/#respond"]}]},{"@type":"WebPage","@id":"https:\/\/www.anovapeneira.gal\/index.php\/2023\/08\/16\/futuro-incerto\/","url":"https:\/\/www.anovapeneira.gal\/index.php\/2023\/08\/16\/futuro-incerto\/","name":"Futuro incerto -","isPartOf":{"@id":"https:\/\/www.anovapeneira.gal\/#website"},"primaryImageOfPage":{"@id":"https:\/\/www.anovapeneira.gal\/index.php\/2023\/08\/16\/futuro-incerto\/#primaryimage"},"image":{"@id":"https:\/\/www.anovapeneira.gal\/index.php\/2023\/08\/16\/futuro-incerto\/#primaryimage"},"thumbnailUrl":"https:\/\/www.anovapeneira.gal\/wp-content\/uploads\/2019\/07\/ARTIGO_DE_OPINION_A_NOVA_PENEIRA.jpg","datePublished":"2023-08-16T10:00:46+00:00","description":"Nestes tempos a\u00ednda latentes de elecci\u00f3ns e desacougo, aos que nos ve\u00f1en afacendo nunha pr\u00e1ctica case de rutina, pois seica queren saber das nosas confianzas ou credibilidades, quedamos prendidos das novas que nos contan os medios de comunicaci\u00f3n que previamente se pregan ao dominio dependente de subvenci\u00f3n e as\u00ed son as nova que nos mandan, as mentiras que nos contan e a\u00ednda as\u00ed, conscientes das mentiras, unha grande maior\u00eda d\u00e9ixase ir como ovellas mansas que semellan carecer de vontade","breadcrumb":{"@id":"https:\/\/www.anovapeneira.gal\/index.php\/2023\/08\/16\/futuro-incerto\/#breadcrumb"},"inLanguage":"gl-ES","potentialAction":[{"@type":"ReadAction","target":["https:\/\/www.anovapeneira.gal\/index.php\/2023\/08\/16\/futuro-incerto\/"]}]},{"@type":"ImageObject","inLanguage":"gl-ES","@id":"https:\/\/www.anovapeneira.gal\/index.php\/2023\/08\/16\/futuro-incerto\/#primaryimage","url":"https:\/\/www.anovapeneira.gal\/wp-content\/uploads\/2019\/07\/ARTIGO_DE_OPINION_A_NOVA_PENEIRA.jpg","contentUrl":"https:\/\/www.anovapeneira.gal\/wp-content\/uploads\/2019\/07\/ARTIGO_DE_OPINION_A_NOVA_PENEIRA.jpg","width":720,"height":473,"caption":"Artigo de opini\u00f3n A Nova Peneira"},{"@type":"BreadcrumbList","@id":"https:\/\/www.anovapeneira.gal\/index.php\/2023\/08\/16\/futuro-incerto\/#breadcrumb","itemListElement":[{"@type":"ListItem","position":1,"name":"Portada","item":"https:\/\/www.anovapeneira.gal\/"},{"@type":"ListItem","position":2,"name":"Futuro incerto"}]},{"@type":"WebSite","@id":"https:\/\/www.anovapeneira.gal\/#website","url":"https:\/\/www.anovapeneira.gal\/","name":"","description":"Xornal galego de informaci\u00f3n xeral Publicaci\u00f3n mensual de novas de Galicia e en especial dos Concellos da sur da provincia de Pontevedra.","publisher":{"@id":"https:\/\/www.anovapeneira.gal\/#organization"},"potentialAction":[{"@type":"SearchAction","target":{"@type":"EntryPoint","urlTemplate":"https:\/\/www.anovapeneira.gal\/?s={search_term_string}"},"query-input":{"@type":"PropertyValueSpecification","valueRequired":true,"valueName":"search_term_string"}}],"inLanguage":"gl-ES"},{"@type":"Organization","@id":"https:\/\/www.anovapeneira.gal\/#organization","name":"A Nova Peneira","url":"https:\/\/www.anovapeneira.gal\/","logo":{"@type":"ImageObject","inLanguage":"gl-ES","@id":"https:\/\/www.anovapeneira.gal\/#\/schema\/logo\/image\/","url":"http:\/\/www.anovapeneira.gal\/wp-content\/uploads\/2019\/06\/logo_a_nova_peneira_portal_web.png","contentUrl":"http:\/\/www.anovapeneira.gal\/wp-content\/uploads\/2019\/06\/logo_a_nova_peneira_portal_web.png","width":300,"height":100,"caption":"A Nova Peneira"},"image":{"@id":"https:\/\/www.anovapeneira.gal\/#\/schema\/logo\/image\/"},"sameAs":["https:\/\/www.facebook.com\/anovapeneira","https:\/\/x.com\/APeneira"]},{"@type":"Person","@id":"https:\/\/www.anovapeneira.gal\/#\/schema\/person\/b051ed40cfc100e281476674783b32fc","name":"Baldomero Iglesias Dobarrio, Mero","image":{"@type":"ImageObject","inLanguage":"gl-ES","@id":"https:\/\/secure.gravatar.com\/avatar\/ca78fc089f8cf28197f88de2c9ac213e2f7d2097d8e359d9359b8778b539c59d?s=96&d=mm&r=g","url":"https:\/\/secure.gravatar.com\/avatar\/ca78fc089f8cf28197f88de2c9ac213e2f7d2097d8e359d9359b8778b539c59d?s=96&d=mm&r=g","contentUrl":"https:\/\/secure.gravatar.com\/avatar\/ca78fc089f8cf28197f88de2c9ac213e2f7d2097d8e359d9359b8778b539c59d?s=96&d=mm&r=g","caption":"Baldomero Iglesias Dobarrio, Mero"},"sameAs":["http:\/\/anovapeneira.gal"],"url":"https:\/\/www.anovapeneira.gal\/index.php\/author\/opinionmero\/"}]}},"jetpack_featured_media_url":"https:\/\/www.anovapeneira.gal\/wp-content\/uploads\/2019\/07\/ARTIGO_DE_OPINION_A_NOVA_PENEIRA.jpg","_links":{"self":[{"href":"https:\/\/www.anovapeneira.gal\/index.php\/wp-json\/wp\/v2\/posts\/10277","targetHints":{"allow":["GET"]}}],"collection":[{"href":"https:\/\/www.anovapeneira.gal\/index.php\/wp-json\/wp\/v2\/posts"}],"about":[{"href":"https:\/\/www.anovapeneira.gal\/index.php\/wp-json\/wp\/v2\/types\/post"}],"author":[{"embeddable":true,"href":"https:\/\/www.anovapeneira.gal\/index.php\/wp-json\/wp\/v2\/users\/5"}],"replies":[{"embeddable":true,"href":"https:\/\/www.anovapeneira.gal\/index.php\/wp-json\/wp\/v2\/comments?post=10277"}],"version-history":[{"count":1,"href":"https:\/\/www.anovapeneira.gal\/index.php\/wp-json\/wp\/v2\/posts\/10277\/revisions"}],"predecessor-version":[{"id":10278,"href":"https:\/\/www.anovapeneira.gal\/index.php\/wp-json\/wp\/v2\/posts\/10277\/revisions\/10278"}],"wp:featuredmedia":[{"embeddable":true,"href":"https:\/\/www.anovapeneira.gal\/index.php\/wp-json\/wp\/v2\/media\/584"}],"wp:attachment":[{"href":"https:\/\/www.anovapeneira.gal\/index.php\/wp-json\/wp\/v2\/media?parent=10277"}],"wp:term":[{"taxonomy":"category","embeddable":true,"href":"https:\/\/www.anovapeneira.gal\/index.php\/wp-json\/wp\/v2\/categories?post=10277"},{"taxonomy":"post_tag","embeddable":true,"href":"https:\/\/www.anovapeneira.gal\/index.php\/wp-json\/wp\/v2\/tags?post=10277"}],"curies":[{"name":"wp","href":"https:\/\/api.w.org\/{rel}","templated":true}]}}