{"id":10279,"date":"2023-08-17T10:00:53","date_gmt":"2023-08-17T08:00:53","guid":{"rendered":"https:\/\/www.anovapeneira.gal\/?p=10279"},"modified":"2023-08-12T11:30:16","modified_gmt":"2023-08-12T09:30:16","slug":"xoan-carlos-montes-bugarin-calis-alcalde-de-mondariz","status":"publish","type":"post","link":"https:\/\/www.anovapeneira.gal\/index.php\/2023\/08\/17\/xoan-carlos-montes-bugarin-calis-alcalde-de-mondariz\/","title":{"rendered":"Xoan Carlos Montes Bugar\u00edn \u201c Calis\u201d, alcalde de Mondariz"},"content":{"rendered":"\n<h2 class=\"wp-block-heading\">\u201c<strong>Sab\u00eda que a situaci\u00f3n econ\u00f3mica do Concello era complicada pero non esperaba que o fose tanto\u201d<\/strong><\/h2>\n\n\n\n<p><strong>Con moita m\u00e1is claridade do que fac\u00eda presaxiar a aritm\u00e9tica do 2019 , Calis , que xa fora alcalde no mandato do 2015, recuperou a alcald\u00eda a costa do BNG que baixou en votos e en actas. A formaci\u00f3n pol\u00edtica de Calis,Alternativa por Mondariz, obtivo un magn\u00edfico resultado pois sobe tanto en votos como en asentos na corporaci\u00f3n, pasa de 4 a 5. Na conversa que mantivemos o alcalde de Mondariz amosouse moi honrado pola confianza recibida, e con folgos para afrontar catro anos que presume dif\u00edciles, fundamentalmente pola mala situaci\u00f3n econ\u00f3mica que di sofre o Concello. Vela\u00ed vai o que deu de si a nosa conversa<\/strong><\/p>\n\n\n\n<p><strong>O grande resultado que obtiveches, nas \u00faltimas municipais, \u00e9 o mellor de toda a t\u00faa historia persoal?<\/strong><\/p>\n\n\n\n<blockquote class=\"wp-block-quote is-layout-flow wp-block-quote-is-layout-flow\">\n<p>Persoalmente, os mellores resultados foron a segunda vez que me presentei co BNG. Sacamos as mesmas 5 actas que agora pero con m\u00e1is votos.<\/p>\n<\/blockquote>\n\n\n\n<p><strong>Cales son os motivos, ao teu xu\u00edzo, que explican a clara vitoria, cun 38,2% dos sufraxios acadados pola formaci\u00f3n que ti lideras?<\/strong><\/p>\n\n\n\n<blockquote class=\"wp-block-quote is-layout-flow wp-block-quote-is-layout-flow\">\n<p>Creo que foi o premio \u00e1 constancia no traballo e \u00e1 nosa maneira de facer pol\u00edtica, a mesma cando estivemos a gobernar entre o 2015 e o 2019 e despois na oposici\u00f3n.<\/p>\n<\/blockquote>\n\n\n\n<blockquote class=\"wp-block-quote is-layout-flow wp-block-quote-is-layout-flow\">\n<p>Eu creo que tam\u00e9n incidiu a maneira de chegar ao Goberno do anterior alcalde.<\/p>\n<\/blockquote>\n\n\n\n<p><strong>Crees de verdade que o apoio recibido do PP na investidura do 19 , penalizou ao BNG nas municipais do 23?<\/strong><\/p>\n\n\n\n<blockquote class=\"wp-block-quote is-layout-flow wp-block-quote-is-layout-flow\">\n<p>Si, creo que si. A lectura pode ser que a veci\u00f1anza entend\u00eda mellor un goberno Alternativa- BNG ou Alternativa- BNG-PSOE.<\/p>\n<\/blockquote>\n\n\n\n<blockquote class=\"wp-block-quote is-layout-flow wp-block-quote-is-layout-flow\">\n<p>Na corporaci\u00f3n municipal somos 11, e 8 concelleiros somos de esquerdas, a\u00ednda que BNG e PSOE me tachen de dereitas.<\/p>\n<\/blockquote>\n\n\n\n<p><strong>E es de dereitas ti?<\/strong><\/p>\n\n\n\n<blockquote class=\"wp-block-quote is-layout-flow wp-block-quote-is-layout-flow\">\n<p>Non, claro que non. Eu son un galeguista socialdem\u00f3crata.<\/p>\n<\/blockquote>\n\n\n\n<p><strong>Na campa\u00f1a electoral, non recordo se ti persoalmente ou Alternativa por Mondariz ,sacastes un comunicado no que faciades unha apelaci\u00f3n ao xogo limpo. Por que ?<\/strong><\/p>\n\n\n\n<blockquote class=\"wp-block-quote is-layout-flow wp-block-quote-is-layout-flow\">\n<p>Nos \u00faltimos anos na pol\u00edtica, alg\u00fans partidos danlle excesiva relevancia a actos illados alleos aos partidos pol\u00edticos, a cousas que te\u00f1en m\u00e1is que ver cos votantes e os simpatizantes e que non son responsabilidade das cabezas visibles.<\/p>\n<\/blockquote>\n\n\n\n<p><strong>Ref\u00edreste aos carteis ofensivos contra o candidato do PP, Pablo Barcia?<\/strong><\/p>\n\n\n\n<blockquote class=\"wp-block-quote is-layout-flow wp-block-quote-is-layout-flow\">\n<p>Concretamente a iso non. Falo de cousas da internet, de memes despectivos, de v\u00eddeos. Actos totalmente condenables pola nosa banda. N\u00f3s non somos as\u00ed, non entendemos esta maneira de facer pol\u00edtica.<\/p>\n<\/blockquote>\n\n\n\n<blockquote class=\"wp-block-quote is-layout-flow wp-block-quote-is-layout-flow\">\n<p>Todos cometemos erros e podemos comentar algo que estea f\u00f3ra do lugar, pero nunca fixemos pol\u00edtica con intenci\u00f3n de atacar \u00e1s persoas.<\/p>\n<\/blockquote>\n\n\n\n<p><strong>E naqueles carteis ofensivos contra Pablo, o candidato do PP, v\u00f3s tivestes algo que ver?<\/strong><\/p>\n\n\n\n<blockquote class=\"wp-block-quote is-layout-flow wp-block-quote-is-layout-flow\">\n<p>Que va. E sorpr\u00e9ndeme que nos acusen. Mesmo, falei con Pablo e a mi\u00f1a percepci\u00f3n \u00e9 que foi algu\u00e9n que non ti\u00f1a nada que ver coa pol\u00edtica. Algu\u00e9n que aproveitou a conxuntura das elecci\u00f3ns para atacar a Pablo. Pero insisto en que n\u00f3s estamos totalmente en contra desa maneira de facer pol\u00edtica.<\/p>\n<\/blockquote>\n\n\n\n<p><strong>Volvamos a aritm\u00e9tica electoral. Tedes maior\u00eda clara pero non absoluta, pois sodes 5 de 11. Por que non se conseguiu un acordo co BNG ou co PSOE para poder gobernar cunha maior\u00eda suficiente que vos permita xestionar con estabilidade?<\/strong><\/p>\n\n\n\n<blockquote class=\"wp-block-quote is-layout-flow wp-block-quote-is-layout-flow\">\n<p>Houbo contactos con todos os partidos pol\u00edticos. PSOE e BNG decidiron que non se daban as circunstancias para formar parte do Goberno.<\/p>\n<\/blockquote>\n\n\n\n<p><strong>Alternativa segue coas portas abertas ?<\/strong><\/p>\n\n\n\n<blockquote class=\"wp-block-quote is-layout-flow wp-block-quote-is-layout-flow\">\n<p>Si, por suposto. Con calquera dos dous. Levo dous meses de alcalde e estou en continuo contacto con eles. Temos proxectos que nos entraron agora, que son iniciativa do anterior goberno e falamos con regularidade e normalidade.<\/p>\n<\/blockquote>\n\n\n\n<p><strong>Xa tivestes o pleno de organizaci\u00f3n. Como quedan as dedicaci\u00f3ns?<\/strong><\/p>\n\n\n\n<blockquote class=\"wp-block-quote is-layout-flow wp-block-quote-is-layout-flow\">\n<p>De momento s\u00f3 levamos a pleno o soldo a dedicaci\u00f3n exclusiva do alcalde . O concello non ten capacidade econ\u00f3mica para unha segunda dedicaci\u00f3n. Queremos negociala cando se aproben os orzamentos, pois entendemos que \u00e9 imprescindible.<\/p>\n<\/blockquote>\n\n\n\n<p><strong>E esa segunda dedicaci\u00f3n, como ser\u00eda?<\/strong><\/p>\n\n\n\n<blockquote class=\"wp-block-quote is-layout-flow wp-block-quote-is-layout-flow\">\n<p>Queremos propo\u00f1er tres parciais. O alcalde aqu\u00ed s\u00f3, \u00e9 imposible que desempe\u00f1e ben o traballo, necesita o apoio de m\u00e1is persoas.<\/p>\n<\/blockquote>\n\n\n\n<blockquote class=\"wp-block-quote is-layout-flow wp-block-quote-is-layout-flow\">\n<p>Sexa cal fora o partido que acceda ao Goberno, ten que ter capacidade econ\u00f3mica para poder gobernar. Isto deber\u00eda ser por norma.<\/p>\n<\/blockquote>\n\n\n\n<p><strong>Ti falas de que \u00e9 imprescindible unha segunda dedicaci\u00f3n pero, corr\u00edxeme se me equivoco, no mandato do 19 votastes en contra dunha proposta de segunda dedicaci\u00f3n que fixo o anterior goberno?<\/strong><\/p>\n\n\n\n<blockquote class=\"wp-block-quote is-layout-flow wp-block-quote-is-layout-flow\">\n<p>Si, e reco\u00f1ezo o noso erro. O BNG Tam\u00e9n me votou en contra a min, no 2015, da segunda dedicaci\u00f3n, que puidemos salvar pola abstenci\u00f3n do PP .Pero insisto no que che dixen antes. Un goberno ten que ter capacidade econ\u00f3mica para poder gobernar. Eu te\u00f1o unha compa\u00f1eira que se pasa aqu\u00ed infinidade de horas, da s\u00faa vida persoal, sen cobrar nada. E iso non pode ser.<\/p>\n<\/blockquote>\n\n\n\n<p><strong>Como est\u00e1 o tema dos orzamentos?<\/strong><\/p>\n\n\n\n<blockquote class=\"wp-block-quote is-layout-flow wp-block-quote-is-layout-flow\">\n<p>\u00c9 imprescindible a aprobaci\u00f3n dun orzamento .Como sabes estamos a traballar con eles prorrogados. A nosa intenci\u00f3n \u00e9 negociar uns orzamentos, conseguir os respaldos necesarios e levalos a pleno en novembro.<\/p>\n<\/blockquote>\n\n\n\n<p><strong>Como est\u00e1 a situaci\u00f3n econ\u00f3mica do concello?<\/strong><\/p>\n\n\n\n<blockquote class=\"wp-block-quote is-layout-flow wp-block-quote-is-layout-flow\">\n<p>Est\u00e1 moi delicada. \u00c9 necesario aprobar estes orzamentos para non ter problemas en cousas b\u00e1sicas a curto prazo. \u00c9 necesario dar estabilidade aos nosos veci\u00f1os.<\/p>\n<\/blockquote>\n\n\n\n<p><strong>Esta situaci\u00f3n econ\u00f3mica que te atopaches \u00e9 a que esperabas, ou \u00e9 peor do que ti pensabas?<\/strong><\/p>\n\n\n\n<blockquote class=\"wp-block-quote is-layout-flow wp-block-quote-is-layout-flow\">\n<p>Sab\u00eda que era complexa, pero non me esperaba que tanto.<\/p>\n<\/blockquote>\n\n\n\n<p><strong>Cal \u00e9 o cami\u00f1o axeitado para reverter esta situaci\u00f3n?<\/strong><\/p>\n\n\n\n<blockquote class=\"wp-block-quote is-layout-flow wp-block-quote-is-layout-flow\">\n<p>Aprobar os orzamentos e adaptar os gastos dos servizos p\u00fablicos ao que custan. Traballar tam\u00e9n para conseguir financiamento externo doutras administraci\u00f3ns como os fondos europeos para poder facer investimentos importantes e que non repercutan directamente no orzamento do concello. Tam\u00e9n queremos presentar un proxecto para o reto demogr\u00e1fico de Mondariz.<\/p>\n<\/blockquote>\n\n\n\n<p><strong>Como se vai a solucionar o conflito da depuradora?<\/strong><\/p>\n\n\n\n<blockquote class=\"wp-block-quote is-layout-flow wp-block-quote-is-layout-flow\">\n<p>Traballando conxuntamente con Mondariz Balneario para ver como est\u00e1 a situaci\u00f3n e po\u00f1er as bases para que non xurda ning\u00fan novo conflito. Temos boas relaci\u00f3ns e contacto continuo entre os alcaldes. Estamos a traballar nun consorcio para mancomunar servizos e aforrar gastos.<\/p>\n<\/blockquote>\n\n\n\n<p><strong>Na entrevista que tivemos cando eras candidato, dic\u00edas que hab\u00eda varios proxectos do anterior goberno que considerabas manter, pero que hab\u00eda un en concreto que quer\u00edas refugar, o parque empresarial da Lagoa. Segues pensando o mesmo?<\/strong><\/p>\n\n\n\n<blockquote class=\"wp-block-quote is-layout-flow wp-block-quote-is-layout-flow\">\n<p>\u00c9 complexo porque est\u00e1 case na fase final. Queremos manter unha reuni\u00f3n cos seus responsables para darlle unha volta ao proxecto, para n\u00f3s a localizaci\u00f3n non \u00e9 a correcta.<\/p>\n<\/blockquote>\n\n\n\n<p><strong>E \u00e9 posible botalo abaixo?<\/strong><\/p>\n\n\n\n<blockquote class=\"wp-block-quote is-layout-flow wp-block-quote-is-layout-flow\">\n<p>Por el non imos apostar.<\/p>\n<\/blockquote>\n\n\n\n<p><strong>Un pol\u00edgono industrial en Mondariz \u00e9 necesario?<\/strong><\/p>\n\n\n\n<blockquote class=\"wp-block-quote is-layout-flow wp-block-quote-is-layout-flow\">\n<p>Algo pequeno posiblemente far\u00eda falta para o sector primario ou forestal, pero al\u00ed non \u00e9 a localizaci\u00f3n correcta.<\/p>\n<\/blockquote>\n\n\n\n<p><strong>Hai alg\u00fan outro proxecto iniciado do goberno anterior ao que non lle queiras dar continuidade?<\/strong><\/p>\n\n\n\n<blockquote class=\"wp-block-quote is-layout-flow wp-block-quote-is-layout-flow\">\n<p>Non. Est\u00e1 pendente de acabar a \u00e1rea de deporte urbano e vaise a facer. Esta semana terminouse a Senda da Covi\u00f1a e, malia que te\u00f1o certas discrepancias co proxecto, hai que tratar de mantela. Fixeron un inicio de solicitude de subvenci\u00f3n para mellorar a \u00e1rea recreativa do Val e seguimos traballando co t\u00e9cnico para darlle forma e poder presentar o proxecto en Europa. Iniciaron outras como recuperaci\u00f3n de patrimonio e m\u00e1is que tentaremos que saian tam\u00e9n adiante.<\/p>\n<\/blockquote>\n\n\n\n<p><strong>Que relaci\u00f3n tedes coas d\u00faas entidades locais menores que tedes no concello, Queimadelos e Vilasobroso?<\/strong><\/p>\n\n\n\n<blockquote class=\"wp-block-quote is-layout-flow wp-block-quote-is-layout-flow\">\n<p>Trataremos de ter boa relaci\u00f3n e colaborar no beneficio mutuo da veci\u00f1anza de Queimadelos, Vilasobroso e Mondariz.<\/p>\n<\/blockquote>\n\n\n\n<p><strong>Tivestes alg\u00fan contacto coa nova Deputaci\u00f3n?<\/strong><\/p>\n\n\n\n<blockquote class=\"wp-block-quote is-layout-flow wp-block-quote-is-layout-flow\">\n<p>Falei unha vez co presidente por tel\u00e9fono, pero de momento nada m\u00e1is. A charla foi cordial e respondeume a un par de preguntas que lle formulei eu.<\/p>\n<\/blockquote>\n\n\n\n<p><strong>E coa Xunta de Galicia?<\/strong><\/p>\n\n\n\n<blockquote class=\"wp-block-quote is-layout-flow wp-block-quote-is-layout-flow\">\n<p>Nada, ning\u00fan contacto de momento.<\/p>\n<\/blockquote>\n\n\n\n<p><strong>Esperas colaboraci\u00f3n e lealdade tanto por parte da Xunta como por parte da Deputaci\u00f3n?<\/strong><\/p>\n\n\n\n<blockquote class=\"wp-block-quote is-layout-flow wp-block-quote-is-layout-flow\">\n<p>Si, por suposto. Pola nosa banda vaina a haber, desde logo.<\/p>\n<\/blockquote>\n\n\n\n<blockquote class=\"wp-block-quote is-layout-flow wp-block-quote-is-layout-flow\">\n<p>Na mi\u00f1a anterior etapa tiven boa relaci\u00f3n tanto con Carmela na Deputaci\u00f3n como coa Xunta. Mellorable, pero boa relaci\u00f3n. Non podo dicir que sufrise ning\u00fan tipo de discriminaci\u00f3n.<\/p>\n<\/blockquote>\n\n\n\n<p><strong>Como est\u00e1s de \u00e1nimos para afrontar catro anos que se presumen dif\u00edciles?<\/strong><\/p>\n\n\n\n<blockquote class=\"wp-block-quote is-layout-flow wp-block-quote-is-layout-flow\">\n<p>De moral moi ben e o \u00e1nimo dos veci\u00f1os agrad\u00e9cese. O que te\u00f1o son os p\u00e9s no chan e o meu grupo e eu temos claro que vimos estes catro anos a traballar de verdade.<\/p>\n<\/blockquote>\n","protected":false},"excerpt":{"rendered":"<div class=\"mh-excerpt\"><p>\u201cSab\u00eda que a situaci\u00f3n econ\u00f3mica do Concello era complicada pero non esperaba que o fose tanto\u201d <a class=\"mh-excerpt-more\" href=\"https:\/\/www.anovapeneira.gal\/index.php\/2023\/08\/17\/xoan-carlos-montes-bugarin-calis-alcalde-de-mondariz\/\" title=\"Xoan Carlos Montes Bugar\u00edn \u201c Calis\u201d, alcalde de Mondariz\">[&#8230;]<\/a><\/p>\n<\/div>","protected":false},"author":2,"featured_media":10280,"comment_status":"open","ping_status":"open","sticky":false,"template":"","format":"standard","meta":{"_exactmetrics_skip_tracking":false,"_exactmetrics_sitenote_active":false,"_exactmetrics_sitenote_note":"","_exactmetrics_sitenote_category":0,"footnotes":""},"categories":[25],"tags":[405],"class_list":{"0":"post-10279","1":"post","2":"type-post","3":"status-publish","4":"format-standard","5":"has-post-thumbnail","7":"category-condado","8":"tag-concello-de-mondariz"},"yoast_head":"<!-- This site is optimized with the Yoast SEO plugin v27.4 - https:\/\/yoast.com\/product\/yoast-seo-wordpress\/ -->\n<title>Xoan Carlos Montes Bugar\u00edn \u201c Calis\u201d, alcalde de Mondariz -<\/title>\n<meta name=\"description\" content=\"\u201cSab\u00eda que a situaci\u00f3n econ\u00f3mica do Concello era complicada pero non esperaba que o fose tanto\u201d\" \/>\n<meta name=\"robots\" content=\"index, follow, max-snippet:-1, max-image-preview:large, max-video-preview:-1\" \/>\n<link rel=\"canonical\" href=\"https:\/\/www.anovapeneira.gal\/index.php\/2023\/08\/17\/xoan-carlos-montes-bugarin-calis-alcalde-de-mondariz\/\" \/>\n<meta property=\"og:locale\" content=\"gl_ES\" \/>\n<meta property=\"og:type\" content=\"article\" \/>\n<meta property=\"og:title\" content=\"Xoan Carlos Montes Bugar\u00edn \u201c Calis\u201d, alcalde de Mondariz -\" \/>\n<meta property=\"og:description\" content=\"\u201cSab\u00eda que a situaci\u00f3n econ\u00f3mica do Concello era complicada pero non esperaba que o fose tanto\u201d\" \/>\n<meta property=\"og:url\" content=\"https:\/\/www.anovapeneira.gal\/index.php\/2023\/08\/17\/xoan-carlos-montes-bugarin-calis-alcalde-de-mondariz\/\" \/>\n<meta property=\"article:publisher\" content=\"https:\/\/www.facebook.com\/anovapeneira\" \/>\n<meta property=\"article:published_time\" content=\"2023-08-17T08:00:53+00:00\" \/>\n<meta property=\"og:image\" content=\"https:\/\/www.anovapeneira.gal\/wp-content\/uploads\/2023\/08\/calis.jpg\" \/>\n\t<meta property=\"og:image:width\" content=\"720\" \/>\n\t<meta property=\"og:image:height\" content=\"432\" \/>\n\t<meta property=\"og:image:type\" content=\"image\/jpeg\" \/>\n<meta name=\"author\" content=\"Tino Lago\" \/>\n<meta name=\"twitter:card\" content=\"summary_large_image\" \/>\n<meta name=\"twitter:creator\" content=\"@APeneira\" \/>\n<meta name=\"twitter:site\" content=\"@APeneira\" \/>\n<meta name=\"twitter:label1\" content=\"Escrito por\" \/>\n\t<meta name=\"twitter:data1\" content=\"Tino Lago\" \/>\n\t<meta name=\"twitter:label2\" content=\"Tempo de lectura\" \/>\n\t<meta name=\"twitter:data2\" content=\"3 minutos\" \/>\n<script type=\"application\/ld+json\" class=\"yoast-schema-graph\">{\"@context\":\"https:\\\/\\\/schema.org\",\"@graph\":[{\"@type\":\"Article\",\"@id\":\"https:\\\/\\\/www.anovapeneira.gal\\\/index.php\\\/2023\\\/08\\\/17\\\/xoan-carlos-montes-bugarin-calis-alcalde-de-mondariz\\\/#article\",\"isPartOf\":{\"@id\":\"https:\\\/\\\/www.anovapeneira.gal\\\/index.php\\\/2023\\\/08\\\/17\\\/xoan-carlos-montes-bugarin-calis-alcalde-de-mondariz\\\/\"},\"author\":{\"name\":\"Tino Lago\",\"@id\":\"https:\\\/\\\/www.anovapeneira.gal\\\/#\\\/schema\\\/person\\\/424dfe65e3070fd8a44d22d2c088762a\"},\"headline\":\"Xoan Carlos Montes Bugar\u00edn \u201c Calis\u201d, alcalde de Mondariz\",\"datePublished\":\"2023-08-17T08:00:53+00:00\",\"mainEntityOfPage\":{\"@id\":\"https:\\\/\\\/www.anovapeneira.gal\\\/index.php\\\/2023\\\/08\\\/17\\\/xoan-carlos-montes-bugarin-calis-alcalde-de-mondariz\\\/\"},\"wordCount\":1479,\"commentCount\":0,\"publisher\":{\"@id\":\"https:\\\/\\\/www.anovapeneira.gal\\\/#organization\"},\"image\":{\"@id\":\"https:\\\/\\\/www.anovapeneira.gal\\\/index.php\\\/2023\\\/08\\\/17\\\/xoan-carlos-montes-bugarin-calis-alcalde-de-mondariz\\\/#primaryimage\"},\"thumbnailUrl\":\"https:\\\/\\\/www.anovapeneira.gal\\\/wp-content\\\/uploads\\\/2023\\\/08\\\/calis.jpg\",\"keywords\":[\"Concello de Mondariz\"],\"articleSection\":[\"Condado\"],\"inLanguage\":\"gl-ES\",\"potentialAction\":[{\"@type\":\"CommentAction\",\"name\":\"Comment\",\"target\":[\"https:\\\/\\\/www.anovapeneira.gal\\\/index.php\\\/2023\\\/08\\\/17\\\/xoan-carlos-montes-bugarin-calis-alcalde-de-mondariz\\\/#respond\"]}]},{\"@type\":\"WebPage\",\"@id\":\"https:\\\/\\\/www.anovapeneira.gal\\\/index.php\\\/2023\\\/08\\\/17\\\/xoan-carlos-montes-bugarin-calis-alcalde-de-mondariz\\\/\",\"url\":\"https:\\\/\\\/www.anovapeneira.gal\\\/index.php\\\/2023\\\/08\\\/17\\\/xoan-carlos-montes-bugarin-calis-alcalde-de-mondariz\\\/\",\"name\":\"Xoan Carlos Montes Bugar\u00edn \u201c Calis\u201d, alcalde de Mondariz -\",\"isPartOf\":{\"@id\":\"https:\\\/\\\/www.anovapeneira.gal\\\/#website\"},\"primaryImageOfPage\":{\"@id\":\"https:\\\/\\\/www.anovapeneira.gal\\\/index.php\\\/2023\\\/08\\\/17\\\/xoan-carlos-montes-bugarin-calis-alcalde-de-mondariz\\\/#primaryimage\"},\"image\":{\"@id\":\"https:\\\/\\\/www.anovapeneira.gal\\\/index.php\\\/2023\\\/08\\\/17\\\/xoan-carlos-montes-bugarin-calis-alcalde-de-mondariz\\\/#primaryimage\"},\"thumbnailUrl\":\"https:\\\/\\\/www.anovapeneira.gal\\\/wp-content\\\/uploads\\\/2023\\\/08\\\/calis.jpg\",\"datePublished\":\"2023-08-17T08:00:53+00:00\",\"description\":\"\u201cSab\u00eda que a situaci\u00f3n econ\u00f3mica do Concello era complicada pero non esperaba que o fose tanto\u201d\",\"breadcrumb\":{\"@id\":\"https:\\\/\\\/www.anovapeneira.gal\\\/index.php\\\/2023\\\/08\\\/17\\\/xoan-carlos-montes-bugarin-calis-alcalde-de-mondariz\\\/#breadcrumb\"},\"inLanguage\":\"gl-ES\",\"potentialAction\":[{\"@type\":\"ReadAction\",\"target\":[\"https:\\\/\\\/www.anovapeneira.gal\\\/index.php\\\/2023\\\/08\\\/17\\\/xoan-carlos-montes-bugarin-calis-alcalde-de-mondariz\\\/\"]}]},{\"@type\":\"ImageObject\",\"inLanguage\":\"gl-ES\",\"@id\":\"https:\\\/\\\/www.anovapeneira.gal\\\/index.php\\\/2023\\\/08\\\/17\\\/xoan-carlos-montes-bugarin-calis-alcalde-de-mondariz\\\/#primaryimage\",\"url\":\"https:\\\/\\\/www.anovapeneira.gal\\\/wp-content\\\/uploads\\\/2023\\\/08\\\/calis.jpg\",\"contentUrl\":\"https:\\\/\\\/www.anovapeneira.gal\\\/wp-content\\\/uploads\\\/2023\\\/08\\\/calis.jpg\",\"width\":720,\"height\":432,\"caption\":\"Calis\"},{\"@type\":\"BreadcrumbList\",\"@id\":\"https:\\\/\\\/www.anovapeneira.gal\\\/index.php\\\/2023\\\/08\\\/17\\\/xoan-carlos-montes-bugarin-calis-alcalde-de-mondariz\\\/#breadcrumb\",\"itemListElement\":[{\"@type\":\"ListItem\",\"position\":1,\"name\":\"Portada\",\"item\":\"https:\\\/\\\/www.anovapeneira.gal\\\/\"},{\"@type\":\"ListItem\",\"position\":2,\"name\":\"Xoan Carlos Montes Bugar\u00edn \u201c Calis\u201d, alcalde de Mondariz\"}]},{\"@type\":\"WebSite\",\"@id\":\"https:\\\/\\\/www.anovapeneira.gal\\\/#website\",\"url\":\"https:\\\/\\\/www.anovapeneira.gal\\\/\",\"name\":\"\",\"description\":\"Xornal galego de informaci\u00f3n xeral Publicaci\u00f3n mensual de novas de Galicia e en especial dos Concellos da sur da provincia de Pontevedra.\",\"publisher\":{\"@id\":\"https:\\\/\\\/www.anovapeneira.gal\\\/#organization\"},\"potentialAction\":[{\"@type\":\"SearchAction\",\"target\":{\"@type\":\"EntryPoint\",\"urlTemplate\":\"https:\\\/\\\/www.anovapeneira.gal\\\/?s={search_term_string}\"},\"query-input\":{\"@type\":\"PropertyValueSpecification\",\"valueRequired\":true,\"valueName\":\"search_term_string\"}}],\"inLanguage\":\"gl-ES\"},{\"@type\":\"Organization\",\"@id\":\"https:\\\/\\\/www.anovapeneira.gal\\\/#organization\",\"name\":\"A Nova Peneira\",\"url\":\"https:\\\/\\\/www.anovapeneira.gal\\\/\",\"logo\":{\"@type\":\"ImageObject\",\"inLanguage\":\"gl-ES\",\"@id\":\"https:\\\/\\\/www.anovapeneira.gal\\\/#\\\/schema\\\/logo\\\/image\\\/\",\"url\":\"http:\\\/\\\/www.anovapeneira.gal\\\/wp-content\\\/uploads\\\/2019\\\/06\\\/logo_a_nova_peneira_portal_web.png\",\"contentUrl\":\"http:\\\/\\\/www.anovapeneira.gal\\\/wp-content\\\/uploads\\\/2019\\\/06\\\/logo_a_nova_peneira_portal_web.png\",\"width\":300,\"height\":100,\"caption\":\"A Nova Peneira\"},\"image\":{\"@id\":\"https:\\\/\\\/www.anovapeneira.gal\\\/#\\\/schema\\\/logo\\\/image\\\/\"},\"sameAs\":[\"https:\\\/\\\/www.facebook.com\\\/anovapeneira\",\"https:\\\/\\\/x.com\\\/APeneira\"]},{\"@type\":\"Person\",\"@id\":\"https:\\\/\\\/www.anovapeneira.gal\\\/#\\\/schema\\\/person\\\/424dfe65e3070fd8a44d22d2c088762a\",\"name\":\"Tino Lago\",\"image\":{\"@type\":\"ImageObject\",\"inLanguage\":\"gl-ES\",\"@id\":\"https:\\\/\\\/secure.gravatar.com\\\/avatar\\\/b3df6a06e44bab3111583b90f0f33a0379ee5e3d22cbadd232d39f21c30c62be?s=96&d=mm&r=g\",\"url\":\"https:\\\/\\\/secure.gravatar.com\\\/avatar\\\/b3df6a06e44bab3111583b90f0f33a0379ee5e3d22cbadd232d39f21c30c62be?s=96&d=mm&r=g\",\"contentUrl\":\"https:\\\/\\\/secure.gravatar.com\\\/avatar\\\/b3df6a06e44bab3111583b90f0f33a0379ee5e3d22cbadd232d39f21c30c62be?s=96&d=mm&r=g\",\"caption\":\"Tino Lago\"},\"sameAs\":[\"http:\\\/\\\/www.anovapeneira.gal\"],\"url\":\"https:\\\/\\\/www.anovapeneira.gal\\\/index.php\\\/author\\\/director\\\/\"}]}<\/script>\n<!-- \/ Yoast SEO plugin. -->","yoast_head_json":{"title":"Xoan Carlos Montes Bugar\u00edn \u201c Calis\u201d, alcalde de Mondariz -","description":"\u201cSab\u00eda que a situaci\u00f3n econ\u00f3mica do Concello era complicada pero non esperaba que o fose tanto\u201d","robots":{"index":"index","follow":"follow","max-snippet":"max-snippet:-1","max-image-preview":"max-image-preview:large","max-video-preview":"max-video-preview:-1"},"canonical":"https:\/\/www.anovapeneira.gal\/index.php\/2023\/08\/17\/xoan-carlos-montes-bugarin-calis-alcalde-de-mondariz\/","og_locale":"gl_ES","og_type":"article","og_title":"Xoan Carlos Montes Bugar\u00edn \u201c Calis\u201d, alcalde de Mondariz -","og_description":"\u201cSab\u00eda que a situaci\u00f3n econ\u00f3mica do Concello era complicada pero non esperaba que o fose tanto\u201d","og_url":"https:\/\/www.anovapeneira.gal\/index.php\/2023\/08\/17\/xoan-carlos-montes-bugarin-calis-alcalde-de-mondariz\/","article_publisher":"https:\/\/www.facebook.com\/anovapeneira","article_published_time":"2023-08-17T08:00:53+00:00","og_image":[{"width":720,"height":432,"url":"https:\/\/www.anovapeneira.gal\/wp-content\/uploads\/2023\/08\/calis.jpg","type":"image\/jpeg"}],"author":"Tino Lago","twitter_card":"summary_large_image","twitter_creator":"@APeneira","twitter_site":"@APeneira","twitter_misc":{"Escrito por":"Tino Lago","Tempo de lectura":"3 minutos"},"schema":{"@context":"https:\/\/schema.org","@graph":[{"@type":"Article","@id":"https:\/\/www.anovapeneira.gal\/index.php\/2023\/08\/17\/xoan-carlos-montes-bugarin-calis-alcalde-de-mondariz\/#article","isPartOf":{"@id":"https:\/\/www.anovapeneira.gal\/index.php\/2023\/08\/17\/xoan-carlos-montes-bugarin-calis-alcalde-de-mondariz\/"},"author":{"name":"Tino Lago","@id":"https:\/\/www.anovapeneira.gal\/#\/schema\/person\/424dfe65e3070fd8a44d22d2c088762a"},"headline":"Xoan Carlos Montes Bugar\u00edn \u201c Calis\u201d, alcalde de Mondariz","datePublished":"2023-08-17T08:00:53+00:00","mainEntityOfPage":{"@id":"https:\/\/www.anovapeneira.gal\/index.php\/2023\/08\/17\/xoan-carlos-montes-bugarin-calis-alcalde-de-mondariz\/"},"wordCount":1479,"commentCount":0,"publisher":{"@id":"https:\/\/www.anovapeneira.gal\/#organization"},"image":{"@id":"https:\/\/www.anovapeneira.gal\/index.php\/2023\/08\/17\/xoan-carlos-montes-bugarin-calis-alcalde-de-mondariz\/#primaryimage"},"thumbnailUrl":"https:\/\/www.anovapeneira.gal\/wp-content\/uploads\/2023\/08\/calis.jpg","keywords":["Concello de Mondariz"],"articleSection":["Condado"],"inLanguage":"gl-ES","potentialAction":[{"@type":"CommentAction","name":"Comment","target":["https:\/\/www.anovapeneira.gal\/index.php\/2023\/08\/17\/xoan-carlos-montes-bugarin-calis-alcalde-de-mondariz\/#respond"]}]},{"@type":"WebPage","@id":"https:\/\/www.anovapeneira.gal\/index.php\/2023\/08\/17\/xoan-carlos-montes-bugarin-calis-alcalde-de-mondariz\/","url":"https:\/\/www.anovapeneira.gal\/index.php\/2023\/08\/17\/xoan-carlos-montes-bugarin-calis-alcalde-de-mondariz\/","name":"Xoan Carlos Montes Bugar\u00edn \u201c Calis\u201d, alcalde de Mondariz -","isPartOf":{"@id":"https:\/\/www.anovapeneira.gal\/#website"},"primaryImageOfPage":{"@id":"https:\/\/www.anovapeneira.gal\/index.php\/2023\/08\/17\/xoan-carlos-montes-bugarin-calis-alcalde-de-mondariz\/#primaryimage"},"image":{"@id":"https:\/\/www.anovapeneira.gal\/index.php\/2023\/08\/17\/xoan-carlos-montes-bugarin-calis-alcalde-de-mondariz\/#primaryimage"},"thumbnailUrl":"https:\/\/www.anovapeneira.gal\/wp-content\/uploads\/2023\/08\/calis.jpg","datePublished":"2023-08-17T08:00:53+00:00","description":"\u201cSab\u00eda que a situaci\u00f3n econ\u00f3mica do Concello era complicada pero non esperaba que o fose tanto\u201d","breadcrumb":{"@id":"https:\/\/www.anovapeneira.gal\/index.php\/2023\/08\/17\/xoan-carlos-montes-bugarin-calis-alcalde-de-mondariz\/#breadcrumb"},"inLanguage":"gl-ES","potentialAction":[{"@type":"ReadAction","target":["https:\/\/www.anovapeneira.gal\/index.php\/2023\/08\/17\/xoan-carlos-montes-bugarin-calis-alcalde-de-mondariz\/"]}]},{"@type":"ImageObject","inLanguage":"gl-ES","@id":"https:\/\/www.anovapeneira.gal\/index.php\/2023\/08\/17\/xoan-carlos-montes-bugarin-calis-alcalde-de-mondariz\/#primaryimage","url":"https:\/\/www.anovapeneira.gal\/wp-content\/uploads\/2023\/08\/calis.jpg","contentUrl":"https:\/\/www.anovapeneira.gal\/wp-content\/uploads\/2023\/08\/calis.jpg","width":720,"height":432,"caption":"Calis"},{"@type":"BreadcrumbList","@id":"https:\/\/www.anovapeneira.gal\/index.php\/2023\/08\/17\/xoan-carlos-montes-bugarin-calis-alcalde-de-mondariz\/#breadcrumb","itemListElement":[{"@type":"ListItem","position":1,"name":"Portada","item":"https:\/\/www.anovapeneira.gal\/"},{"@type":"ListItem","position":2,"name":"Xoan Carlos Montes Bugar\u00edn \u201c Calis\u201d, alcalde de Mondariz"}]},{"@type":"WebSite","@id":"https:\/\/www.anovapeneira.gal\/#website","url":"https:\/\/www.anovapeneira.gal\/","name":"","description":"Xornal galego de informaci\u00f3n xeral Publicaci\u00f3n mensual de novas de Galicia e en especial dos Concellos da sur da provincia de Pontevedra.","publisher":{"@id":"https:\/\/www.anovapeneira.gal\/#organization"},"potentialAction":[{"@type":"SearchAction","target":{"@type":"EntryPoint","urlTemplate":"https:\/\/www.anovapeneira.gal\/?s={search_term_string}"},"query-input":{"@type":"PropertyValueSpecification","valueRequired":true,"valueName":"search_term_string"}}],"inLanguage":"gl-ES"},{"@type":"Organization","@id":"https:\/\/www.anovapeneira.gal\/#organization","name":"A Nova Peneira","url":"https:\/\/www.anovapeneira.gal\/","logo":{"@type":"ImageObject","inLanguage":"gl-ES","@id":"https:\/\/www.anovapeneira.gal\/#\/schema\/logo\/image\/","url":"http:\/\/www.anovapeneira.gal\/wp-content\/uploads\/2019\/06\/logo_a_nova_peneira_portal_web.png","contentUrl":"http:\/\/www.anovapeneira.gal\/wp-content\/uploads\/2019\/06\/logo_a_nova_peneira_portal_web.png","width":300,"height":100,"caption":"A Nova Peneira"},"image":{"@id":"https:\/\/www.anovapeneira.gal\/#\/schema\/logo\/image\/"},"sameAs":["https:\/\/www.facebook.com\/anovapeneira","https:\/\/x.com\/APeneira"]},{"@type":"Person","@id":"https:\/\/www.anovapeneira.gal\/#\/schema\/person\/424dfe65e3070fd8a44d22d2c088762a","name":"Tino Lago","image":{"@type":"ImageObject","inLanguage":"gl-ES","@id":"https:\/\/secure.gravatar.com\/avatar\/b3df6a06e44bab3111583b90f0f33a0379ee5e3d22cbadd232d39f21c30c62be?s=96&d=mm&r=g","url":"https:\/\/secure.gravatar.com\/avatar\/b3df6a06e44bab3111583b90f0f33a0379ee5e3d22cbadd232d39f21c30c62be?s=96&d=mm&r=g","contentUrl":"https:\/\/secure.gravatar.com\/avatar\/b3df6a06e44bab3111583b90f0f33a0379ee5e3d22cbadd232d39f21c30c62be?s=96&d=mm&r=g","caption":"Tino Lago"},"sameAs":["http:\/\/www.anovapeneira.gal"],"url":"https:\/\/www.anovapeneira.gal\/index.php\/author\/director\/"}]}},"jetpack_featured_media_url":"https:\/\/www.anovapeneira.gal\/wp-content\/uploads\/2023\/08\/calis.jpg","_links":{"self":[{"href":"https:\/\/www.anovapeneira.gal\/index.php\/wp-json\/wp\/v2\/posts\/10279","targetHints":{"allow":["GET"]}}],"collection":[{"href":"https:\/\/www.anovapeneira.gal\/index.php\/wp-json\/wp\/v2\/posts"}],"about":[{"href":"https:\/\/www.anovapeneira.gal\/index.php\/wp-json\/wp\/v2\/types\/post"}],"author":[{"embeddable":true,"href":"https:\/\/www.anovapeneira.gal\/index.php\/wp-json\/wp\/v2\/users\/2"}],"replies":[{"embeddable":true,"href":"https:\/\/www.anovapeneira.gal\/index.php\/wp-json\/wp\/v2\/comments?post=10279"}],"version-history":[{"count":1,"href":"https:\/\/www.anovapeneira.gal\/index.php\/wp-json\/wp\/v2\/posts\/10279\/revisions"}],"predecessor-version":[{"id":10281,"href":"https:\/\/www.anovapeneira.gal\/index.php\/wp-json\/wp\/v2\/posts\/10279\/revisions\/10281"}],"wp:featuredmedia":[{"embeddable":true,"href":"https:\/\/www.anovapeneira.gal\/index.php\/wp-json\/wp\/v2\/media\/10280"}],"wp:attachment":[{"href":"https:\/\/www.anovapeneira.gal\/index.php\/wp-json\/wp\/v2\/media?parent=10279"}],"wp:term":[{"taxonomy":"category","embeddable":true,"href":"https:\/\/www.anovapeneira.gal\/index.php\/wp-json\/wp\/v2\/categories?post=10279"},{"taxonomy":"post_tag","embeddable":true,"href":"https:\/\/www.anovapeneira.gal\/index.php\/wp-json\/wp\/v2\/tags?post=10279"}],"curies":[{"name":"wp","href":"https:\/\/api.w.org\/{rel}","templated":true}]}}