{"id":10282,"date":"2023-08-17T12:00:00","date_gmt":"2023-08-17T10:00:00","guid":{"rendered":"https:\/\/www.anovapeneira.gal\/?p=10282"},"modified":"2023-08-12T11:34:26","modified_gmt":"2023-08-12T09:34:26","slug":"un-feixe-de-preguntas","status":"publish","type":"post","link":"https:\/\/www.anovapeneira.gal\/index.php\/2023\/08\/17\/un-feixe-de-preguntas\/","title":{"rendered":"Un feixe de preguntas"},"content":{"rendered":"\n<figure class=\"wp-block-image size-full is-resized\"><img loading=\"lazy\" decoding=\"async\" src=\"https:\/\/www.anovapeneira.gal\/wp-content\/uploads\/2019\/07\/moncho_lareu_a_nova_peneira_bn.jpg\" alt=\"\" class=\"wp-image-751\" width=\"95\" height=\"111\"\/><figcaption class=\"wp-element-caption\">Moncho Lareu. Militante independista<\/figcaption><\/figure>\n\n\n\n<p><strong>Quen reparte os carn\u00e9s de nacionalista galego?<\/strong><\/p>\n\n\n\n<blockquote class=\"wp-block-quote is-layout-flow wp-block-quote-is-layout-flow\">\n<p>A aldraxe premeditada do Bloque Nacionalista Galego, dende as m\u00e1is altas instancias, contra o poeta e editor Miguel Anxo Fern\u00e1n-Vello, negando a s\u00faa indiscut\u00edbel condici\u00f3n de primeiro deputado nacionalista pola Provincia de Lugo, para al\u00e9n dun fanatismo sectario e dun desquite &#8220;contra o infiel&#8221;, agocha un desprezo cara a intelectualidade \u201cherexe\u201d e unha ideolox\u00eda esencialista e identitaria moi afastada da esquerda e do internacionalismo. Pero ben, el saber\u00e1n o que \u00e9 isto \u00faltimo esta xenti\u00f1a para al\u00e9n de facer coalici\u00f3ns electorais con forzas vascas e catal\u00e1s que logo desprezan Galiza na s\u00faa propaganda?<\/p>\n<\/blockquote>\n\n\n\n<blockquote class=\"wp-block-quote is-layout-flow wp-block-quote-is-layout-flow\">\n<p>Enf\u00edn. A lideresa A. Pont\u00f3n, amiga fotox\u00e9nica de Carlos Mouri\u00f1o de Mos e de Santi Rey de Sab\u00f3n, debeu pedir desculpas ao bardo lugu\u00e9s. Pero se non tivo tal humildade hai sete anos cando sacaba corenta mil votos e publicaba v\u00eddeos \u2013literalmente\u2013 chorando porque &#8220;a s\u00faa Galiza non a entend\u00eda&#8221;, como a \u00eda ter agora que est\u00e1 caneca de \u00e9xito coma &#8220;parva \u00fatil&#8221; que \u00e9 dos poderes f\u00e1cticos (prensa rexional, banca escu\u00e1lida&#8230;) da CAG? E penso ademais, ser\u00edan quen, dende a Avenida de Lugo, de lle negar a condici\u00f3n de nacionalistas a Castelao e Su\u00e1rez Picallo por teren sido electos en 1936 nunhas listas do PG integradas na Fronte Popular?<\/p>\n<\/blockquote>\n\n\n\n<p><strong>Antes quedar ben coa parroquia propia que o beneficio com\u00fan?<\/strong><\/p>\n\n\n\n<blockquote class=\"wp-block-quote is-layout-flow wp-block-quote-is-layout-flow\">\n<p>Malia o triunfalismo, o Bloque esfucio\u00f1ou de novo no seu obxectivo peneuvista de ser \u201cdecisivo en Madrid\u201d e formar un grupo \u201cpropio\u201d. Acadar un escano en Lugo ou Ourense \u2013dende a esquerda e o soberanismo\u2013 s\u00f3 o conseguiu en 2015 unha candidatura de unidade popular na que participaban, entre outros espazos e individualidades, a esquerda independentista e a federalista. Foi un fito hist\u00f3rico que non se pode repetir dende a frivolidade e a soberbia demostrada polo pontonismo. F\u00edxose dende a unidade mestiza e xenerosa que dita organizaci\u00f3n reformista ignora. Pensa o nacional-autonomismo sacar eses escanos ao Congreso espa\u00f1ol alg\u00fan d\u00eda nas circunscrici\u00f3ns do interior contando s\u00f3 coas \u201cs\u00faas forzas\u201d?<\/p>\n<\/blockquote>\n\n\n\n<blockquote class=\"wp-block-quote is-layout-flow wp-block-quote-is-layout-flow\">\n<p>Por outro lado, as enquisas cara as auton\u00f3micas siguen dando unha maior\u00eda ao PPdeG. Nas recentes Xerais, o partido das elites urbanas e caciqu\u00eds ga\u00f1a en escanos na Comunidade Aut\u00f3noma Galega (CAG) 13-10 ao bloque progresista (BNG-PSOE-Sumar). Pero en votos son os progresistas os que te\u00f1en m\u00e1is escrutinios. Ser\u00e1n quen PSdeG, Bloque e Sumar de facer valer a s\u00faa carcaleada maior\u00eda social e electoral \u2013aparcando os sectarismos\u2013 para presentar unha candidatura \u00fanica das tres forzas, ou permitir\u00e1n unha vitoria ultraxante de Rueda \u201cde Reposto\u201d? E se Feij\u00f3o \u00e9 defenestrado de Espa\u00f1a, que ser\u00e1 de Alfonso? Ser\u00e1 submiso ao seu antigo Amo ou ser\u00e1 quen de fagocitalo?<\/p>\n<\/blockquote>\n\n\n\n<p><strong>Son a versi\u00f3n galega dos Almunia-Borrell do 2000?<\/strong><\/p>\n\n\n\n<blockquote class=\"wp-block-quote is-layout-flow wp-block-quote-is-layout-flow\">\n<p>No PSdeG, sucursal do PSOE, ga\u00f1ou o liderado Formoso, pero o rehabilitado Besteiro ten cada vez m\u00e1is protagonismo. Parece que os socioliberais espa\u00f1ois de Galiza optan por unha f\u00f3rmula de bicefalia que non deixa claro a\u00ednda quen ser\u00e1 o candidato da banda cara as vindeiras elecci\u00f3ns auton\u00f3micas. As brigas norte-sur e occidente-oriente son dif\u00edciles de equilibrar nun partido tan inest\u00e1bel coma indestrut\u00edbel. Quen ser\u00e1 logo o candidato, Valent\u00edn ou Jos\u00e9 Ram\u00f3n? Que dir\u00e1n os Caballeros? Que lle parece todo isto a <em>La Voz de Galicia<\/em>?<\/p>\n<\/blockquote>\n\n\n\n<p><strong>Francia pode, pero Rusia non?<\/strong><\/p>\n\n\n\n<blockquote class=\"wp-block-quote is-layout-flow wp-block-quote-is-layout-flow\">\n<p>Imos cara f\u00f3ra. N\u00edxer, \u00c1frica Occidental. Un golpe de estado militar apoiado por unha grande parte do pobo destit\u00fae un goberno monicreque que actuaba coma delegado da a\u00ednda potencia colonial francesa. As\u00ed \u00e9, a chamada &#8220;descolonizaci\u00f3n&#8221; de hai seis d\u00e9cadas e que estudabamos en COU foi un conto meramente formal e nada real. A\u00ed quedaron franceses, belgas, brit\u00e1nicos&#8230; roubando as materias primas do continente e pechando as portas \u00e1 conseguinte inmigraci\u00f3n. E digo eu, se Francia invade N\u00edxer e interv\u00e9n militarmente a zona, recibir\u00e1 por parte da autoproclamada &#8220;comunidade internacional&#8221; (que, por certo, son s\u00f3 30 e pico estados dos aproximadamente 200 que te\u00f1en asento na ONU) as mesmas sanci\u00f3ns c\u00e1 Federaci\u00f3n Rusa por intervir na Ucra\u00edna nazi? Os medios fomentar\u00e1n francofobia?<\/p>\n<\/blockquote>\n\n\n\n<p><strong>E falando da \u201ccomunidade internacional\u201d, que pasa coa pasada moda?<\/strong><\/p>\n\n\n\n<blockquote class=\"wp-block-quote is-layout-flow wp-block-quote-is-layout-flow\">\n<p>Coa fracasada a \u201ccontraofensiva\u201d do nazismo ucra\u00edno, e despois dos esperpentos protagonizados por ucra\u00ednos e rusos cos seus ex\u00e9rcitos privados, e de que se descubrira que toda a \u201caxuda\u201d enviada acaba enriquecendo aos xerifaltes do r\u00e9xiem ucronazi, e de que a armamento pagado polos nosos impostos \u00e9 inmediantamente destru\u00eddo polas forzas da Federaci\u00f3n; os medios occidentais informan cada vez menos do conflito. A foto, nun cumio, do buf\u00f3n Zelenski ignorado polos mandatarios do \u201cdo mundo libre\u201d foi moi esclarecedora. Obviamente non se fala tampouco dos p\u00f3gromos permitidos polo r\u00e9xime de Kiev contra a poboaci\u00f3n rus\u00f3fona nin da destruci\u00f3n vingativa e covarde dos s\u00edmbolos antifascistas. A pregunta \u00e9, canto tardar\u00e1 o histri\u00f3n-fascista Volod\u00edmir en ter o mesmo destino ca outro fantoche-cl\u00ednex coma Guaid\u00f3?<\/p>\n<\/blockquote>\n\n\n\n<p><strong>Unha \u00faltima (que non derradeira)<\/strong><\/p>\n\n\n\n<blockquote class=\"wp-block-quote is-layout-flow wp-block-quote-is-layout-flow\">\n<p>Quen levou at\u00e9 o de agora m\u00e1is vidas humanas por diante, Hitler, Leopoldo de B\u00e9lxica, Kusno Sukarno ou&#8230; a OTAN? P\u00f3dese calcular xa?<\/p>\n<\/blockquote>\n","protected":false},"excerpt":{"rendered":"<div class=\"mh-excerpt\"><p>A aldraxe premeditada do Bloque Nacionalista Galego, dende as m\u00e1is altas instancias, contra o poeta e editor Miguel Anxo Fern\u00e1n-Vello, negando a s\u00faa indiscut\u00edbel condici\u00f3n de primeiro deputado nacionalista pola Provincia de Lugo <a class=\"mh-excerpt-more\" href=\"https:\/\/www.anovapeneira.gal\/index.php\/2023\/08\/17\/un-feixe-de-preguntas\/\" title=\"Un feixe de preguntas\">[&#8230;]<\/a><\/p>\n<\/div>","protected":false},"author":20,"featured_media":584,"comment_status":"open","ping_status":"open","sticky":false,"template":"","format":"standard","meta":{"_exactmetrics_skip_tracking":false,"_exactmetrics_sitenote_active":false,"_exactmetrics_sitenote_note":"","_exactmetrics_sitenote_category":0,"footnotes":""},"categories":[7],"tags":[],"class_list":{"0":"post-10282","1":"post","2":"type-post","3":"status-publish","4":"format-standard","5":"has-post-thumbnail","7":"category-artigos-de-opinion"},"yoast_head":"<!-- This site is optimized with the Yoast SEO plugin v27.4 - https:\/\/yoast.com\/product\/yoast-seo-wordpress\/ -->\n<title>Un feixe de preguntas -<\/title>\n<meta name=\"description\" content=\"A aldraxe premeditada do Bloque Nacionalista Galego, dende as m\u00e1is altas instancias, contra o poeta e editor Miguel Anxo Fern\u00e1n-Vello, negando a s\u00faa indiscut\u00edbel condici\u00f3n de primeiro deputado nacionalista pola Provincia de Lugo\" \/>\n<meta name=\"robots\" content=\"index, follow, max-snippet:-1, max-image-preview:large, max-video-preview:-1\" \/>\n<link rel=\"canonical\" href=\"https:\/\/www.anovapeneira.gal\/index.php\/2023\/08\/17\/un-feixe-de-preguntas\/\" \/>\n<meta property=\"og:locale\" content=\"gl_ES\" \/>\n<meta property=\"og:type\" content=\"article\" \/>\n<meta property=\"og:title\" content=\"Un feixe de preguntas -\" \/>\n<meta property=\"og:description\" content=\"A aldraxe premeditada do Bloque Nacionalista Galego, dende as m\u00e1is altas instancias, contra o poeta e editor Miguel Anxo Fern\u00e1n-Vello, negando a s\u00faa indiscut\u00edbel condici\u00f3n de primeiro deputado nacionalista pola Provincia de Lugo\" \/>\n<meta property=\"og:url\" content=\"https:\/\/www.anovapeneira.gal\/index.php\/2023\/08\/17\/un-feixe-de-preguntas\/\" \/>\n<meta property=\"article:publisher\" content=\"https:\/\/www.facebook.com\/anovapeneira\" \/>\n<meta property=\"article:published_time\" content=\"2023-08-17T10:00:00+00:00\" \/>\n<meta property=\"og:image\" content=\"https:\/\/www.anovapeneira.gal\/wp-content\/uploads\/2019\/07\/ARTIGO_DE_OPINION_A_NOVA_PENEIRA.jpg\" \/>\n\t<meta property=\"og:image:width\" content=\"720\" \/>\n\t<meta property=\"og:image:height\" content=\"473\" \/>\n\t<meta property=\"og:image:type\" content=\"image\/jpeg\" \/>\n<meta name=\"author\" content=\"Moncho Lareu\" \/>\n<meta name=\"twitter:card\" content=\"summary_large_image\" \/>\n<meta name=\"twitter:image\" content=\"https:\/\/www.anovapeneira.gal\/wp-content\/uploads\/2019\/07\/ARTIGO_DE_OPINION_A_NOVA_PENEIRA.jpg\" \/>\n<meta name=\"twitter:creator\" content=\"@APeneira\" \/>\n<meta name=\"twitter:site\" content=\"@APeneira\" \/>\n<meta name=\"twitter:label1\" content=\"Escrito por\" \/>\n\t<meta name=\"twitter:data1\" content=\"Moncho Lareu\" \/>\n\t<meta name=\"twitter:label2\" content=\"Tempo de lectura\" \/>\n\t<meta name=\"twitter:data2\" content=\"1 minuto\" \/>\n<script type=\"application\/ld+json\" class=\"yoast-schema-graph\">{\"@context\":\"https:\\\/\\\/schema.org\",\"@graph\":[{\"@type\":\"Article\",\"@id\":\"https:\\\/\\\/www.anovapeneira.gal\\\/index.php\\\/2023\\\/08\\\/17\\\/un-feixe-de-preguntas\\\/#article\",\"isPartOf\":{\"@id\":\"https:\\\/\\\/www.anovapeneira.gal\\\/index.php\\\/2023\\\/08\\\/17\\\/un-feixe-de-preguntas\\\/\"},\"author\":{\"name\":\"Moncho Lareu\",\"@id\":\"https:\\\/\\\/www.anovapeneira.gal\\\/#\\\/schema\\\/person\\\/3df7d3e1f38ddcee2ddb9d0bee1a0628\"},\"headline\":\"Un feixe de preguntas\",\"datePublished\":\"2023-08-17T10:00:00+00:00\",\"mainEntityOfPage\":{\"@id\":\"https:\\\/\\\/www.anovapeneira.gal\\\/index.php\\\/2023\\\/08\\\/17\\\/un-feixe-de-preguntas\\\/\"},\"wordCount\":910,\"commentCount\":0,\"publisher\":{\"@id\":\"https:\\\/\\\/www.anovapeneira.gal\\\/#organization\"},\"image\":{\"@id\":\"https:\\\/\\\/www.anovapeneira.gal\\\/index.php\\\/2023\\\/08\\\/17\\\/un-feixe-de-preguntas\\\/#primaryimage\"},\"thumbnailUrl\":\"https:\\\/\\\/www.anovapeneira.gal\\\/wp-content\\\/uploads\\\/2019\\\/07\\\/ARTIGO_DE_OPINION_A_NOVA_PENEIRA.jpg\",\"articleSection\":[\"Artigos de opini\u00f3n\"],\"inLanguage\":\"gl-ES\",\"potentialAction\":[{\"@type\":\"CommentAction\",\"name\":\"Comment\",\"target\":[\"https:\\\/\\\/www.anovapeneira.gal\\\/index.php\\\/2023\\\/08\\\/17\\\/un-feixe-de-preguntas\\\/#respond\"]}]},{\"@type\":\"WebPage\",\"@id\":\"https:\\\/\\\/www.anovapeneira.gal\\\/index.php\\\/2023\\\/08\\\/17\\\/un-feixe-de-preguntas\\\/\",\"url\":\"https:\\\/\\\/www.anovapeneira.gal\\\/index.php\\\/2023\\\/08\\\/17\\\/un-feixe-de-preguntas\\\/\",\"name\":\"Un feixe de preguntas -\",\"isPartOf\":{\"@id\":\"https:\\\/\\\/www.anovapeneira.gal\\\/#website\"},\"primaryImageOfPage\":{\"@id\":\"https:\\\/\\\/www.anovapeneira.gal\\\/index.php\\\/2023\\\/08\\\/17\\\/un-feixe-de-preguntas\\\/#primaryimage\"},\"image\":{\"@id\":\"https:\\\/\\\/www.anovapeneira.gal\\\/index.php\\\/2023\\\/08\\\/17\\\/un-feixe-de-preguntas\\\/#primaryimage\"},\"thumbnailUrl\":\"https:\\\/\\\/www.anovapeneira.gal\\\/wp-content\\\/uploads\\\/2019\\\/07\\\/ARTIGO_DE_OPINION_A_NOVA_PENEIRA.jpg\",\"datePublished\":\"2023-08-17T10:00:00+00:00\",\"description\":\"A aldraxe premeditada do Bloque Nacionalista Galego, dende as m\u00e1is altas instancias, contra o poeta e editor Miguel Anxo Fern\u00e1n-Vello, negando a s\u00faa indiscut\u00edbel condici\u00f3n de primeiro deputado nacionalista pola Provincia de Lugo\",\"breadcrumb\":{\"@id\":\"https:\\\/\\\/www.anovapeneira.gal\\\/index.php\\\/2023\\\/08\\\/17\\\/un-feixe-de-preguntas\\\/#breadcrumb\"},\"inLanguage\":\"gl-ES\",\"potentialAction\":[{\"@type\":\"ReadAction\",\"target\":[\"https:\\\/\\\/www.anovapeneira.gal\\\/index.php\\\/2023\\\/08\\\/17\\\/un-feixe-de-preguntas\\\/\"]}]},{\"@type\":\"ImageObject\",\"inLanguage\":\"gl-ES\",\"@id\":\"https:\\\/\\\/www.anovapeneira.gal\\\/index.php\\\/2023\\\/08\\\/17\\\/un-feixe-de-preguntas\\\/#primaryimage\",\"url\":\"https:\\\/\\\/www.anovapeneira.gal\\\/wp-content\\\/uploads\\\/2019\\\/07\\\/ARTIGO_DE_OPINION_A_NOVA_PENEIRA.jpg\",\"contentUrl\":\"https:\\\/\\\/www.anovapeneira.gal\\\/wp-content\\\/uploads\\\/2019\\\/07\\\/ARTIGO_DE_OPINION_A_NOVA_PENEIRA.jpg\",\"width\":720,\"height\":473,\"caption\":\"Artigo de opini\u00f3n A Nova Peneira\"},{\"@type\":\"BreadcrumbList\",\"@id\":\"https:\\\/\\\/www.anovapeneira.gal\\\/index.php\\\/2023\\\/08\\\/17\\\/un-feixe-de-preguntas\\\/#breadcrumb\",\"itemListElement\":[{\"@type\":\"ListItem\",\"position\":1,\"name\":\"Portada\",\"item\":\"https:\\\/\\\/www.anovapeneira.gal\\\/\"},{\"@type\":\"ListItem\",\"position\":2,\"name\":\"Un feixe de preguntas\"}]},{\"@type\":\"WebSite\",\"@id\":\"https:\\\/\\\/www.anovapeneira.gal\\\/#website\",\"url\":\"https:\\\/\\\/www.anovapeneira.gal\\\/\",\"name\":\"\",\"description\":\"Xornal galego de informaci\u00f3n xeral Publicaci\u00f3n mensual de novas de Galicia e en especial dos Concellos da sur da provincia de Pontevedra.\",\"publisher\":{\"@id\":\"https:\\\/\\\/www.anovapeneira.gal\\\/#organization\"},\"potentialAction\":[{\"@type\":\"SearchAction\",\"target\":{\"@type\":\"EntryPoint\",\"urlTemplate\":\"https:\\\/\\\/www.anovapeneira.gal\\\/?s={search_term_string}\"},\"query-input\":{\"@type\":\"PropertyValueSpecification\",\"valueRequired\":true,\"valueName\":\"search_term_string\"}}],\"inLanguage\":\"gl-ES\"},{\"@type\":\"Organization\",\"@id\":\"https:\\\/\\\/www.anovapeneira.gal\\\/#organization\",\"name\":\"A Nova Peneira\",\"url\":\"https:\\\/\\\/www.anovapeneira.gal\\\/\",\"logo\":{\"@type\":\"ImageObject\",\"inLanguage\":\"gl-ES\",\"@id\":\"https:\\\/\\\/www.anovapeneira.gal\\\/#\\\/schema\\\/logo\\\/image\\\/\",\"url\":\"http:\\\/\\\/www.anovapeneira.gal\\\/wp-content\\\/uploads\\\/2019\\\/06\\\/logo_a_nova_peneira_portal_web.png\",\"contentUrl\":\"http:\\\/\\\/www.anovapeneira.gal\\\/wp-content\\\/uploads\\\/2019\\\/06\\\/logo_a_nova_peneira_portal_web.png\",\"width\":300,\"height\":100,\"caption\":\"A Nova Peneira\"},\"image\":{\"@id\":\"https:\\\/\\\/www.anovapeneira.gal\\\/#\\\/schema\\\/logo\\\/image\\\/\"},\"sameAs\":[\"https:\\\/\\\/www.facebook.com\\\/anovapeneira\",\"https:\\\/\\\/x.com\\\/APeneira\"]},{\"@type\":\"Person\",\"@id\":\"https:\\\/\\\/www.anovapeneira.gal\\\/#\\\/schema\\\/person\\\/3df7d3e1f38ddcee2ddb9d0bee1a0628\",\"name\":\"Moncho Lareu\",\"image\":{\"@type\":\"ImageObject\",\"inLanguage\":\"gl-ES\",\"@id\":\"https:\\\/\\\/secure.gravatar.com\\\/avatar\\\/47b1711433a3b83d9747992d63c05708f734f76ad2d588ae93638a06737a5471?s=96&d=mm&r=g\",\"url\":\"https:\\\/\\\/secure.gravatar.com\\\/avatar\\\/47b1711433a3b83d9747992d63c05708f734f76ad2d588ae93638a06737a5471?s=96&d=mm&r=g\",\"contentUrl\":\"https:\\\/\\\/secure.gravatar.com\\\/avatar\\\/47b1711433a3b83d9747992d63c05708f734f76ad2d588ae93638a06737a5471?s=96&d=mm&r=g\",\"caption\":\"Moncho Lareu\"},\"sameAs\":[\"http:\\\/\\\/www.anovapeneira.gal\\\/\"],\"url\":\"https:\\\/\\\/www.anovapeneira.gal\\\/index.php\\\/author\\\/moncho-lareu\\\/\"}]}<\/script>\n<!-- \/ Yoast SEO plugin. -->","yoast_head_json":{"title":"Un feixe de preguntas -","description":"A aldraxe premeditada do Bloque Nacionalista Galego, dende as m\u00e1is altas instancias, contra o poeta e editor Miguel Anxo Fern\u00e1n-Vello, negando a s\u00faa indiscut\u00edbel condici\u00f3n de primeiro deputado nacionalista pola Provincia de Lugo","robots":{"index":"index","follow":"follow","max-snippet":"max-snippet:-1","max-image-preview":"max-image-preview:large","max-video-preview":"max-video-preview:-1"},"canonical":"https:\/\/www.anovapeneira.gal\/index.php\/2023\/08\/17\/un-feixe-de-preguntas\/","og_locale":"gl_ES","og_type":"article","og_title":"Un feixe de preguntas -","og_description":"A aldraxe premeditada do Bloque Nacionalista Galego, dende as m\u00e1is altas instancias, contra o poeta e editor Miguel Anxo Fern\u00e1n-Vello, negando a s\u00faa indiscut\u00edbel condici\u00f3n de primeiro deputado nacionalista pola Provincia de Lugo","og_url":"https:\/\/www.anovapeneira.gal\/index.php\/2023\/08\/17\/un-feixe-de-preguntas\/","article_publisher":"https:\/\/www.facebook.com\/anovapeneira","article_published_time":"2023-08-17T10:00:00+00:00","og_image":[{"width":720,"height":473,"url":"https:\/\/www.anovapeneira.gal\/wp-content\/uploads\/2019\/07\/ARTIGO_DE_OPINION_A_NOVA_PENEIRA.jpg","type":"image\/jpeg"}],"author":"Moncho Lareu","twitter_card":"summary_large_image","twitter_image":"https:\/\/www.anovapeneira.gal\/wp-content\/uploads\/2019\/07\/ARTIGO_DE_OPINION_A_NOVA_PENEIRA.jpg","twitter_creator":"@APeneira","twitter_site":"@APeneira","twitter_misc":{"Escrito por":"Moncho Lareu","Tempo de lectura":"1 minuto"},"schema":{"@context":"https:\/\/schema.org","@graph":[{"@type":"Article","@id":"https:\/\/www.anovapeneira.gal\/index.php\/2023\/08\/17\/un-feixe-de-preguntas\/#article","isPartOf":{"@id":"https:\/\/www.anovapeneira.gal\/index.php\/2023\/08\/17\/un-feixe-de-preguntas\/"},"author":{"name":"Moncho Lareu","@id":"https:\/\/www.anovapeneira.gal\/#\/schema\/person\/3df7d3e1f38ddcee2ddb9d0bee1a0628"},"headline":"Un feixe de preguntas","datePublished":"2023-08-17T10:00:00+00:00","mainEntityOfPage":{"@id":"https:\/\/www.anovapeneira.gal\/index.php\/2023\/08\/17\/un-feixe-de-preguntas\/"},"wordCount":910,"commentCount":0,"publisher":{"@id":"https:\/\/www.anovapeneira.gal\/#organization"},"image":{"@id":"https:\/\/www.anovapeneira.gal\/index.php\/2023\/08\/17\/un-feixe-de-preguntas\/#primaryimage"},"thumbnailUrl":"https:\/\/www.anovapeneira.gal\/wp-content\/uploads\/2019\/07\/ARTIGO_DE_OPINION_A_NOVA_PENEIRA.jpg","articleSection":["Artigos de opini\u00f3n"],"inLanguage":"gl-ES","potentialAction":[{"@type":"CommentAction","name":"Comment","target":["https:\/\/www.anovapeneira.gal\/index.php\/2023\/08\/17\/un-feixe-de-preguntas\/#respond"]}]},{"@type":"WebPage","@id":"https:\/\/www.anovapeneira.gal\/index.php\/2023\/08\/17\/un-feixe-de-preguntas\/","url":"https:\/\/www.anovapeneira.gal\/index.php\/2023\/08\/17\/un-feixe-de-preguntas\/","name":"Un feixe de preguntas -","isPartOf":{"@id":"https:\/\/www.anovapeneira.gal\/#website"},"primaryImageOfPage":{"@id":"https:\/\/www.anovapeneira.gal\/index.php\/2023\/08\/17\/un-feixe-de-preguntas\/#primaryimage"},"image":{"@id":"https:\/\/www.anovapeneira.gal\/index.php\/2023\/08\/17\/un-feixe-de-preguntas\/#primaryimage"},"thumbnailUrl":"https:\/\/www.anovapeneira.gal\/wp-content\/uploads\/2019\/07\/ARTIGO_DE_OPINION_A_NOVA_PENEIRA.jpg","datePublished":"2023-08-17T10:00:00+00:00","description":"A aldraxe premeditada do Bloque Nacionalista Galego, dende as m\u00e1is altas instancias, contra o poeta e editor Miguel Anxo Fern\u00e1n-Vello, negando a s\u00faa indiscut\u00edbel condici\u00f3n de primeiro deputado nacionalista pola Provincia de Lugo","breadcrumb":{"@id":"https:\/\/www.anovapeneira.gal\/index.php\/2023\/08\/17\/un-feixe-de-preguntas\/#breadcrumb"},"inLanguage":"gl-ES","potentialAction":[{"@type":"ReadAction","target":["https:\/\/www.anovapeneira.gal\/index.php\/2023\/08\/17\/un-feixe-de-preguntas\/"]}]},{"@type":"ImageObject","inLanguage":"gl-ES","@id":"https:\/\/www.anovapeneira.gal\/index.php\/2023\/08\/17\/un-feixe-de-preguntas\/#primaryimage","url":"https:\/\/www.anovapeneira.gal\/wp-content\/uploads\/2019\/07\/ARTIGO_DE_OPINION_A_NOVA_PENEIRA.jpg","contentUrl":"https:\/\/www.anovapeneira.gal\/wp-content\/uploads\/2019\/07\/ARTIGO_DE_OPINION_A_NOVA_PENEIRA.jpg","width":720,"height":473,"caption":"Artigo de opini\u00f3n A Nova Peneira"},{"@type":"BreadcrumbList","@id":"https:\/\/www.anovapeneira.gal\/index.php\/2023\/08\/17\/un-feixe-de-preguntas\/#breadcrumb","itemListElement":[{"@type":"ListItem","position":1,"name":"Portada","item":"https:\/\/www.anovapeneira.gal\/"},{"@type":"ListItem","position":2,"name":"Un feixe de preguntas"}]},{"@type":"WebSite","@id":"https:\/\/www.anovapeneira.gal\/#website","url":"https:\/\/www.anovapeneira.gal\/","name":"","description":"Xornal galego de informaci\u00f3n xeral Publicaci\u00f3n mensual de novas de Galicia e en especial dos Concellos da sur da provincia de Pontevedra.","publisher":{"@id":"https:\/\/www.anovapeneira.gal\/#organization"},"potentialAction":[{"@type":"SearchAction","target":{"@type":"EntryPoint","urlTemplate":"https:\/\/www.anovapeneira.gal\/?s={search_term_string}"},"query-input":{"@type":"PropertyValueSpecification","valueRequired":true,"valueName":"search_term_string"}}],"inLanguage":"gl-ES"},{"@type":"Organization","@id":"https:\/\/www.anovapeneira.gal\/#organization","name":"A Nova Peneira","url":"https:\/\/www.anovapeneira.gal\/","logo":{"@type":"ImageObject","inLanguage":"gl-ES","@id":"https:\/\/www.anovapeneira.gal\/#\/schema\/logo\/image\/","url":"http:\/\/www.anovapeneira.gal\/wp-content\/uploads\/2019\/06\/logo_a_nova_peneira_portal_web.png","contentUrl":"http:\/\/www.anovapeneira.gal\/wp-content\/uploads\/2019\/06\/logo_a_nova_peneira_portal_web.png","width":300,"height":100,"caption":"A Nova Peneira"},"image":{"@id":"https:\/\/www.anovapeneira.gal\/#\/schema\/logo\/image\/"},"sameAs":["https:\/\/www.facebook.com\/anovapeneira","https:\/\/x.com\/APeneira"]},{"@type":"Person","@id":"https:\/\/www.anovapeneira.gal\/#\/schema\/person\/3df7d3e1f38ddcee2ddb9d0bee1a0628","name":"Moncho Lareu","image":{"@type":"ImageObject","inLanguage":"gl-ES","@id":"https:\/\/secure.gravatar.com\/avatar\/47b1711433a3b83d9747992d63c05708f734f76ad2d588ae93638a06737a5471?s=96&d=mm&r=g","url":"https:\/\/secure.gravatar.com\/avatar\/47b1711433a3b83d9747992d63c05708f734f76ad2d588ae93638a06737a5471?s=96&d=mm&r=g","contentUrl":"https:\/\/secure.gravatar.com\/avatar\/47b1711433a3b83d9747992d63c05708f734f76ad2d588ae93638a06737a5471?s=96&d=mm&r=g","caption":"Moncho Lareu"},"sameAs":["http:\/\/www.anovapeneira.gal\/"],"url":"https:\/\/www.anovapeneira.gal\/index.php\/author\/moncho-lareu\/"}]}},"jetpack_featured_media_url":"https:\/\/www.anovapeneira.gal\/wp-content\/uploads\/2019\/07\/ARTIGO_DE_OPINION_A_NOVA_PENEIRA.jpg","_links":{"self":[{"href":"https:\/\/www.anovapeneira.gal\/index.php\/wp-json\/wp\/v2\/posts\/10282","targetHints":{"allow":["GET"]}}],"collection":[{"href":"https:\/\/www.anovapeneira.gal\/index.php\/wp-json\/wp\/v2\/posts"}],"about":[{"href":"https:\/\/www.anovapeneira.gal\/index.php\/wp-json\/wp\/v2\/types\/post"}],"author":[{"embeddable":true,"href":"https:\/\/www.anovapeneira.gal\/index.php\/wp-json\/wp\/v2\/users\/20"}],"replies":[{"embeddable":true,"href":"https:\/\/www.anovapeneira.gal\/index.php\/wp-json\/wp\/v2\/comments?post=10282"}],"version-history":[{"count":1,"href":"https:\/\/www.anovapeneira.gal\/index.php\/wp-json\/wp\/v2\/posts\/10282\/revisions"}],"predecessor-version":[{"id":10283,"href":"https:\/\/www.anovapeneira.gal\/index.php\/wp-json\/wp\/v2\/posts\/10282\/revisions\/10283"}],"wp:featuredmedia":[{"embeddable":true,"href":"https:\/\/www.anovapeneira.gal\/index.php\/wp-json\/wp\/v2\/media\/584"}],"wp:attachment":[{"href":"https:\/\/www.anovapeneira.gal\/index.php\/wp-json\/wp\/v2\/media?parent=10282"}],"wp:term":[{"taxonomy":"category","embeddable":true,"href":"https:\/\/www.anovapeneira.gal\/index.php\/wp-json\/wp\/v2\/categories?post=10282"},{"taxonomy":"post_tag","embeddable":true,"href":"https:\/\/www.anovapeneira.gal\/index.php\/wp-json\/wp\/v2\/tags?post=10282"}],"curies":[{"name":"wp","href":"https:\/\/api.w.org\/{rel}","templated":true}]}}