{"id":10284,"date":"2023-08-18T10:00:25","date_gmt":"2023-08-18T08:00:25","guid":{"rendered":"https:\/\/www.anovapeneira.gal\/?p=10284"},"modified":"2023-08-12T11:45:47","modified_gmt":"2023-08-12T09:45:47","slug":"o-departamento-de-intervencion-do-porrino-paraliza-o-bono-enerxetico-por-graves-erros-na-sua-redaccion","status":"publish","type":"post","link":"https:\/\/www.anovapeneira.gal\/index.php\/2023\/08\/18\/o-departamento-de-intervencion-do-porrino-paraliza-o-bono-enerxetico-por-graves-erros-na-sua-redaccion\/","title":{"rendered":"O departamento de Intervenci\u00f3n do Porri\u00f1o paraliza o Bono Enerx\u00e9tico por graves erros na s\u00faa redacci\u00f3n"},"content":{"rendered":"\n<h2 class=\"wp-block-heading\">A medida social foi publicada sen o informe favorable de Intervenci\u00f3n e sin contar coas firma do concelleiro delegado<\/h2>\n\n\n\n<h2 class=\"wp-block-heading\">A redacci\u00f3n contemplaba importantes e contradictorios erros como o prazo de solicitude ou non ser publicado no BOPPO<\/h2>\n\n\n\n<p>O Porri\u00f1o, 11 de agosto de 2023.<\/p>\n\n\n\n<p>Dende o PSdeG-PSOE do Porri\u00f1o tildan de \u201cchapuza electoralista\u201da redacci\u00f3n das bases de solicitude do Bono Enerx\u00e9tico proposto polos socialistas; pois ao alcalde p\u00fadolle m\u00e1is o electoralismo que traballar nunhas bases acordes aosrequisitos que esixe a Lei, po\u00f1endo en risco o cobro do bono enerx\u00e9tico \u201ce non ser\u00eda por tempo, xa que a proposta socialista aprob\u00e1base no Pleno hai ano e medio\u201d.<\/p>\n\n\n\n<p>O departamento de Intervenci\u00f3n do Porri\u00f1o ordeou a revocaci\u00f3n do Bono Enerx\u00e9tico ao detectargraves irregularidades na redacci\u00f3n das bases da concesi\u00f3n destas subvenci\u00f3ns.<\/p>\n\n\n\n<p>Alejandro Lorenzo ti\u00f1a tanta presa por sacar o Bono Enerx\u00e9tico antes das Elecci\u00f3ns Municipais, que non contou nin coa firma do concelleiro de Servizos Sociais \u2013Abel Est\u00e9vez-nin co correspondente informe de Intervenci\u00f3n.<\/p>\n\n\n\n<p>Adem\u00e1is, nestas bases publicadas polo Concello do Porri\u00f1o non se contemplaban requisitos ou obrigas dos beneficiarios, nin anexos con modelos de solicitude ou de recurso. Entre os reparos de Intervenci\u00f3n tam\u00e9n se recolle que non se contempla o marco lexislativo no que se ampara e tampouco foi publicado no BOPPO.<\/p>\n\n\n\n<p>Outro dos grandes erros detectados \u00e9o das datas de solicitude, xa que na nota de prensa enviada aos medios e publicada pola responsable de Comunicaci\u00f3n do Concello, indic\u00e1base que o prazo de solicitude era do 23 de xu\u00f1o ao 25 de novembro pero ao mesmo tempo, nas bases, inform\u00e1base dun prazo de 7 d\u00edas dende a s\u00faa publicaci\u00f3n.<\/p>\n\n\n\n<p>Dende o PSdeG do Porri\u00f1o lamentan que \u201cos verdadeiros afectados destes erros garrafais son as persoas que xa ti\u00f1an concedida esta axuda, xa que pola publicidade electoralista de Alejandro Lorenzo, agora ter\u00e1n que agardar quiz\u00e1is ate finais de ano para o cobro destas axudas\u201d.<\/p>\n\n\n\n<p>O portavoz socialista, David Alonso, remata engadindo \u201cagardamos que nesta nova redacci\u00f3n das bases se conte cos comerciantes e asociados de ACIPOR e AHOSPOR, xa que \u00e9lamentable que se pechasen negocios no Porri\u00f1o sen que chegasen a ingresar estas axudas\u201d<\/p>\n","protected":false},"excerpt":{"rendered":"<div class=\"mh-excerpt\"><p>A medida social foi publicada sen o informe favorable de Intervenci\u00f3n e sin contar coas firma do concelleiro delegado <a class=\"mh-excerpt-more\" href=\"https:\/\/www.anovapeneira.gal\/index.php\/2023\/08\/18\/o-departamento-de-intervencion-do-porrino-paraliza-o-bono-enerxetico-por-graves-erros-na-sua-redaccion\/\" title=\"O departamento de Intervenci\u00f3n do Porri\u00f1o paraliza o Bono Enerx\u00e9tico por graves erros na s\u00faa redacci\u00f3n\">[&#8230;]<\/a><\/p>\n<\/div>","protected":false},"author":3,"featured_media":1425,"comment_status":"open","ping_status":"open","sticky":false,"template":"","format":"standard","meta":{"_exactmetrics_skip_tracking":false,"_exactmetrics_sitenote_active":false,"_exactmetrics_sitenote_note":"","_exactmetrics_sitenote_category":0,"footnotes":""},"categories":[23],"tags":[411],"class_list":{"0":"post-10284","1":"post","2":"type-post","3":"status-publish","4":"format-standard","5":"has-post-thumbnail","7":"category-a-lourina","8":"tag-concello-do-porrino"},"yoast_head":"<!-- This site is optimized with the Yoast SEO plugin v27.4 - https:\/\/yoast.com\/product\/yoast-seo-wordpress\/ -->\n<title>O departamento de Intervenci\u00f3n do Porri\u00f1o paraliza o Bono Enerx\u00e9tico por graves erros na s\u00faa redacci\u00f3n -<\/title>\n<meta name=\"description\" content=\"A medida social foi publicada sen o informe favorable de Intervenci\u00f3n e sin contar coas firma do concelleiro delegado\" \/>\n<meta name=\"robots\" content=\"index, follow, max-snippet:-1, max-image-preview:large, max-video-preview:-1\" \/>\n<link rel=\"canonical\" href=\"https:\/\/www.anovapeneira.gal\/index.php\/2023\/08\/18\/o-departamento-de-intervencion-do-porrino-paraliza-o-bono-enerxetico-por-graves-erros-na-sua-redaccion\/\" \/>\n<meta property=\"og:locale\" content=\"gl_ES\" \/>\n<meta property=\"og:type\" content=\"article\" \/>\n<meta property=\"og:title\" content=\"O departamento de Intervenci\u00f3n do Porri\u00f1o paraliza o Bono Enerx\u00e9tico por graves erros na s\u00faa redacci\u00f3n -\" \/>\n<meta property=\"og:description\" content=\"A medida social foi publicada sen o informe favorable de Intervenci\u00f3n e sin contar coas firma do concelleiro delegado\" \/>\n<meta property=\"og:url\" content=\"https:\/\/www.anovapeneira.gal\/index.php\/2023\/08\/18\/o-departamento-de-intervencion-do-porrino-paraliza-o-bono-enerxetico-por-graves-erros-na-sua-redaccion\/\" \/>\n<meta property=\"article:publisher\" content=\"https:\/\/www.facebook.com\/anovapeneira\" \/>\n<meta property=\"article:published_time\" content=\"2023-08-18T08:00:25+00:00\" \/>\n<meta property=\"og:image\" content=\"https:\/\/www.anovapeneira.gal\/wp-content\/uploads\/2019\/09\/psdg_a_nova_peneira.jpg\" \/>\n\t<meta property=\"og:image:width\" content=\"720\" \/>\n\t<meta property=\"og:image:height\" content=\"473\" \/>\n\t<meta property=\"og:image:type\" content=\"image\/jpeg\" \/>\n<meta name=\"author\" content=\"Redacci\u00f3n A Nova Peneira\" \/>\n<meta name=\"twitter:card\" content=\"summary_large_image\" \/>\n<meta name=\"twitter:creator\" content=\"@APeneira\" \/>\n<meta name=\"twitter:site\" content=\"@APeneira\" \/>\n<meta name=\"twitter:label1\" content=\"Escrito por\" \/>\n\t<meta name=\"twitter:data1\" content=\"Redacci\u00f3n A Nova Peneira\" \/>\n\t<meta name=\"twitter:label2\" content=\"Tempo de lectura\" \/>\n\t<meta name=\"twitter:data2\" content=\"2 minutos\" \/>\n<script type=\"application\/ld+json\" class=\"yoast-schema-graph\">{\"@context\":\"https:\\\/\\\/schema.org\",\"@graph\":[{\"@type\":\"Article\",\"@id\":\"https:\\\/\\\/www.anovapeneira.gal\\\/index.php\\\/2023\\\/08\\\/18\\\/o-departamento-de-intervencion-do-porrino-paraliza-o-bono-enerxetico-por-graves-erros-na-sua-redaccion\\\/#article\",\"isPartOf\":{\"@id\":\"https:\\\/\\\/www.anovapeneira.gal\\\/index.php\\\/2023\\\/08\\\/18\\\/o-departamento-de-intervencion-do-porrino-paraliza-o-bono-enerxetico-por-graves-erros-na-sua-redaccion\\\/\"},\"author\":{\"name\":\"Redacci\u00f3n A Nova Peneira\",\"@id\":\"https:\\\/\\\/www.anovapeneira.gal\\\/#\\\/schema\\\/person\\\/b93e3f8932e3f8da96334607eb6ac6aa\"},\"headline\":\"O departamento de Intervenci\u00f3n do Porri\u00f1o paraliza o Bono Enerx\u00e9tico por graves erros na s\u00faa redacci\u00f3n\",\"datePublished\":\"2023-08-18T08:00:25+00:00\",\"mainEntityOfPage\":{\"@id\":\"https:\\\/\\\/www.anovapeneira.gal\\\/index.php\\\/2023\\\/08\\\/18\\\/o-departamento-de-intervencion-do-porrino-paraliza-o-bono-enerxetico-por-graves-erros-na-sua-redaccion\\\/\"},\"wordCount\":411,\"commentCount\":0,\"publisher\":{\"@id\":\"https:\\\/\\\/www.anovapeneira.gal\\\/#organization\"},\"image\":{\"@id\":\"https:\\\/\\\/www.anovapeneira.gal\\\/index.php\\\/2023\\\/08\\\/18\\\/o-departamento-de-intervencion-do-porrino-paraliza-o-bono-enerxetico-por-graves-erros-na-sua-redaccion\\\/#primaryimage\"},\"thumbnailUrl\":\"https:\\\/\\\/www.anovapeneira.gal\\\/wp-content\\\/uploads\\\/2019\\\/09\\\/psdg_a_nova_peneira.jpg\",\"keywords\":[\"Concello do Porri\u00f1o\"],\"articleSection\":[\"A Louri\u00f1a\"],\"inLanguage\":\"gl-ES\",\"potentialAction\":[{\"@type\":\"CommentAction\",\"name\":\"Comment\",\"target\":[\"https:\\\/\\\/www.anovapeneira.gal\\\/index.php\\\/2023\\\/08\\\/18\\\/o-departamento-de-intervencion-do-porrino-paraliza-o-bono-enerxetico-por-graves-erros-na-sua-redaccion\\\/#respond\"]}]},{\"@type\":\"WebPage\",\"@id\":\"https:\\\/\\\/www.anovapeneira.gal\\\/index.php\\\/2023\\\/08\\\/18\\\/o-departamento-de-intervencion-do-porrino-paraliza-o-bono-enerxetico-por-graves-erros-na-sua-redaccion\\\/\",\"url\":\"https:\\\/\\\/www.anovapeneira.gal\\\/index.php\\\/2023\\\/08\\\/18\\\/o-departamento-de-intervencion-do-porrino-paraliza-o-bono-enerxetico-por-graves-erros-na-sua-redaccion\\\/\",\"name\":\"O departamento de Intervenci\u00f3n do Porri\u00f1o paraliza o Bono Enerx\u00e9tico por graves erros na s\u00faa redacci\u00f3n -\",\"isPartOf\":{\"@id\":\"https:\\\/\\\/www.anovapeneira.gal\\\/#website\"},\"primaryImageOfPage\":{\"@id\":\"https:\\\/\\\/www.anovapeneira.gal\\\/index.php\\\/2023\\\/08\\\/18\\\/o-departamento-de-intervencion-do-porrino-paraliza-o-bono-enerxetico-por-graves-erros-na-sua-redaccion\\\/#primaryimage\"},\"image\":{\"@id\":\"https:\\\/\\\/www.anovapeneira.gal\\\/index.php\\\/2023\\\/08\\\/18\\\/o-departamento-de-intervencion-do-porrino-paraliza-o-bono-enerxetico-por-graves-erros-na-sua-redaccion\\\/#primaryimage\"},\"thumbnailUrl\":\"https:\\\/\\\/www.anovapeneira.gal\\\/wp-content\\\/uploads\\\/2019\\\/09\\\/psdg_a_nova_peneira.jpg\",\"datePublished\":\"2023-08-18T08:00:25+00:00\",\"description\":\"A medida social foi publicada sen o informe favorable de Intervenci\u00f3n e sin contar coas firma do concelleiro delegado\",\"breadcrumb\":{\"@id\":\"https:\\\/\\\/www.anovapeneira.gal\\\/index.php\\\/2023\\\/08\\\/18\\\/o-departamento-de-intervencion-do-porrino-paraliza-o-bono-enerxetico-por-graves-erros-na-sua-redaccion\\\/#breadcrumb\"},\"inLanguage\":\"gl-ES\",\"potentialAction\":[{\"@type\":\"ReadAction\",\"target\":[\"https:\\\/\\\/www.anovapeneira.gal\\\/index.php\\\/2023\\\/08\\\/18\\\/o-departamento-de-intervencion-do-porrino-paraliza-o-bono-enerxetico-por-graves-erros-na-sua-redaccion\\\/\"]}]},{\"@type\":\"ImageObject\",\"inLanguage\":\"gl-ES\",\"@id\":\"https:\\\/\\\/www.anovapeneira.gal\\\/index.php\\\/2023\\\/08\\\/18\\\/o-departamento-de-intervencion-do-porrino-paraliza-o-bono-enerxetico-por-graves-erros-na-sua-redaccion\\\/#primaryimage\",\"url\":\"https:\\\/\\\/www.anovapeneira.gal\\\/wp-content\\\/uploads\\\/2019\\\/09\\\/psdg_a_nova_peneira.jpg\",\"contentUrl\":\"https:\\\/\\\/www.anovapeneira.gal\\\/wp-content\\\/uploads\\\/2019\\\/09\\\/psdg_a_nova_peneira.jpg\",\"width\":720,\"height\":473,\"caption\":\"PSdG Mos A Nova Peneira\"},{\"@type\":\"BreadcrumbList\",\"@id\":\"https:\\\/\\\/www.anovapeneira.gal\\\/index.php\\\/2023\\\/08\\\/18\\\/o-departamento-de-intervencion-do-porrino-paraliza-o-bono-enerxetico-por-graves-erros-na-sua-redaccion\\\/#breadcrumb\",\"itemListElement\":[{\"@type\":\"ListItem\",\"position\":1,\"name\":\"Portada\",\"item\":\"https:\\\/\\\/www.anovapeneira.gal\\\/\"},{\"@type\":\"ListItem\",\"position\":2,\"name\":\"O departamento de Intervenci\u00f3n do Porri\u00f1o paraliza o Bono Enerx\u00e9tico por graves erros na s\u00faa redacci\u00f3n\"}]},{\"@type\":\"WebSite\",\"@id\":\"https:\\\/\\\/www.anovapeneira.gal\\\/#website\",\"url\":\"https:\\\/\\\/www.anovapeneira.gal\\\/\",\"name\":\"\",\"description\":\"Xornal galego de informaci\u00f3n xeral Publicaci\u00f3n mensual de novas de Galicia e en especial dos Concellos da sur da provincia de Pontevedra.\",\"publisher\":{\"@id\":\"https:\\\/\\\/www.anovapeneira.gal\\\/#organization\"},\"potentialAction\":[{\"@type\":\"SearchAction\",\"target\":{\"@type\":\"EntryPoint\",\"urlTemplate\":\"https:\\\/\\\/www.anovapeneira.gal\\\/?s={search_term_string}\"},\"query-input\":{\"@type\":\"PropertyValueSpecification\",\"valueRequired\":true,\"valueName\":\"search_term_string\"}}],\"inLanguage\":\"gl-ES\"},{\"@type\":\"Organization\",\"@id\":\"https:\\\/\\\/www.anovapeneira.gal\\\/#organization\",\"name\":\"A Nova Peneira\",\"url\":\"https:\\\/\\\/www.anovapeneira.gal\\\/\",\"logo\":{\"@type\":\"ImageObject\",\"inLanguage\":\"gl-ES\",\"@id\":\"https:\\\/\\\/www.anovapeneira.gal\\\/#\\\/schema\\\/logo\\\/image\\\/\",\"url\":\"http:\\\/\\\/www.anovapeneira.gal\\\/wp-content\\\/uploads\\\/2019\\\/06\\\/logo_a_nova_peneira_portal_web.png\",\"contentUrl\":\"http:\\\/\\\/www.anovapeneira.gal\\\/wp-content\\\/uploads\\\/2019\\\/06\\\/logo_a_nova_peneira_portal_web.png\",\"width\":300,\"height\":100,\"caption\":\"A Nova Peneira\"},\"image\":{\"@id\":\"https:\\\/\\\/www.anovapeneira.gal\\\/#\\\/schema\\\/logo\\\/image\\\/\"},\"sameAs\":[\"https:\\\/\\\/www.facebook.com\\\/anovapeneira\",\"https:\\\/\\\/x.com\\\/APeneira\"]},{\"@type\":\"Person\",\"@id\":\"https:\\\/\\\/www.anovapeneira.gal\\\/#\\\/schema\\\/person\\\/b93e3f8932e3f8da96334607eb6ac6aa\",\"name\":\"Redacci\u00f3n A Nova Peneira\",\"image\":{\"@type\":\"ImageObject\",\"inLanguage\":\"gl-ES\",\"@id\":\"https:\\\/\\\/secure.gravatar.com\\\/avatar\\\/c052a2551a06e23fac63626232eaa90abd78dbcf1700fc46a2b2c89fd27b735f?s=96&d=mm&r=g\",\"url\":\"https:\\\/\\\/secure.gravatar.com\\\/avatar\\\/c052a2551a06e23fac63626232eaa90abd78dbcf1700fc46a2b2c89fd27b735f?s=96&d=mm&r=g\",\"contentUrl\":\"https:\\\/\\\/secure.gravatar.com\\\/avatar\\\/c052a2551a06e23fac63626232eaa90abd78dbcf1700fc46a2b2c89fd27b735f?s=96&d=mm&r=g\",\"caption\":\"Redacci\u00f3n A Nova Peneira\"},\"sameAs\":[\"http:\\\/\\\/www.anovapeneira.gal\\\/\"],\"url\":\"https:\\\/\\\/www.anovapeneira.gal\\\/index.php\\\/author\\\/redactor\\\/\"}]}<\/script>\n<!-- \/ Yoast SEO plugin. -->","yoast_head_json":{"title":"O departamento de Intervenci\u00f3n do Porri\u00f1o paraliza o Bono Enerx\u00e9tico por graves erros na s\u00faa redacci\u00f3n -","description":"A medida social foi publicada sen o informe favorable de Intervenci\u00f3n e sin contar coas firma do concelleiro delegado","robots":{"index":"index","follow":"follow","max-snippet":"max-snippet:-1","max-image-preview":"max-image-preview:large","max-video-preview":"max-video-preview:-1"},"canonical":"https:\/\/www.anovapeneira.gal\/index.php\/2023\/08\/18\/o-departamento-de-intervencion-do-porrino-paraliza-o-bono-enerxetico-por-graves-erros-na-sua-redaccion\/","og_locale":"gl_ES","og_type":"article","og_title":"O departamento de Intervenci\u00f3n do Porri\u00f1o paraliza o Bono Enerx\u00e9tico por graves erros na s\u00faa redacci\u00f3n -","og_description":"A medida social foi publicada sen o informe favorable de Intervenci\u00f3n e sin contar coas firma do concelleiro delegado","og_url":"https:\/\/www.anovapeneira.gal\/index.php\/2023\/08\/18\/o-departamento-de-intervencion-do-porrino-paraliza-o-bono-enerxetico-por-graves-erros-na-sua-redaccion\/","article_publisher":"https:\/\/www.facebook.com\/anovapeneira","article_published_time":"2023-08-18T08:00:25+00:00","og_image":[{"width":720,"height":473,"url":"https:\/\/www.anovapeneira.gal\/wp-content\/uploads\/2019\/09\/psdg_a_nova_peneira.jpg","type":"image\/jpeg"}],"author":"Redacci\u00f3n A Nova Peneira","twitter_card":"summary_large_image","twitter_creator":"@APeneira","twitter_site":"@APeneira","twitter_misc":{"Escrito por":"Redacci\u00f3n A Nova Peneira","Tempo de lectura":"2 minutos"},"schema":{"@context":"https:\/\/schema.org","@graph":[{"@type":"Article","@id":"https:\/\/www.anovapeneira.gal\/index.php\/2023\/08\/18\/o-departamento-de-intervencion-do-porrino-paraliza-o-bono-enerxetico-por-graves-erros-na-sua-redaccion\/#article","isPartOf":{"@id":"https:\/\/www.anovapeneira.gal\/index.php\/2023\/08\/18\/o-departamento-de-intervencion-do-porrino-paraliza-o-bono-enerxetico-por-graves-erros-na-sua-redaccion\/"},"author":{"name":"Redacci\u00f3n A Nova Peneira","@id":"https:\/\/www.anovapeneira.gal\/#\/schema\/person\/b93e3f8932e3f8da96334607eb6ac6aa"},"headline":"O departamento de Intervenci\u00f3n do Porri\u00f1o paraliza o Bono Enerx\u00e9tico por graves erros na s\u00faa redacci\u00f3n","datePublished":"2023-08-18T08:00:25+00:00","mainEntityOfPage":{"@id":"https:\/\/www.anovapeneira.gal\/index.php\/2023\/08\/18\/o-departamento-de-intervencion-do-porrino-paraliza-o-bono-enerxetico-por-graves-erros-na-sua-redaccion\/"},"wordCount":411,"commentCount":0,"publisher":{"@id":"https:\/\/www.anovapeneira.gal\/#organization"},"image":{"@id":"https:\/\/www.anovapeneira.gal\/index.php\/2023\/08\/18\/o-departamento-de-intervencion-do-porrino-paraliza-o-bono-enerxetico-por-graves-erros-na-sua-redaccion\/#primaryimage"},"thumbnailUrl":"https:\/\/www.anovapeneira.gal\/wp-content\/uploads\/2019\/09\/psdg_a_nova_peneira.jpg","keywords":["Concello do Porri\u00f1o"],"articleSection":["A Louri\u00f1a"],"inLanguage":"gl-ES","potentialAction":[{"@type":"CommentAction","name":"Comment","target":["https:\/\/www.anovapeneira.gal\/index.php\/2023\/08\/18\/o-departamento-de-intervencion-do-porrino-paraliza-o-bono-enerxetico-por-graves-erros-na-sua-redaccion\/#respond"]}]},{"@type":"WebPage","@id":"https:\/\/www.anovapeneira.gal\/index.php\/2023\/08\/18\/o-departamento-de-intervencion-do-porrino-paraliza-o-bono-enerxetico-por-graves-erros-na-sua-redaccion\/","url":"https:\/\/www.anovapeneira.gal\/index.php\/2023\/08\/18\/o-departamento-de-intervencion-do-porrino-paraliza-o-bono-enerxetico-por-graves-erros-na-sua-redaccion\/","name":"O departamento de Intervenci\u00f3n do Porri\u00f1o paraliza o Bono Enerx\u00e9tico por graves erros na s\u00faa redacci\u00f3n -","isPartOf":{"@id":"https:\/\/www.anovapeneira.gal\/#website"},"primaryImageOfPage":{"@id":"https:\/\/www.anovapeneira.gal\/index.php\/2023\/08\/18\/o-departamento-de-intervencion-do-porrino-paraliza-o-bono-enerxetico-por-graves-erros-na-sua-redaccion\/#primaryimage"},"image":{"@id":"https:\/\/www.anovapeneira.gal\/index.php\/2023\/08\/18\/o-departamento-de-intervencion-do-porrino-paraliza-o-bono-enerxetico-por-graves-erros-na-sua-redaccion\/#primaryimage"},"thumbnailUrl":"https:\/\/www.anovapeneira.gal\/wp-content\/uploads\/2019\/09\/psdg_a_nova_peneira.jpg","datePublished":"2023-08-18T08:00:25+00:00","description":"A medida social foi publicada sen o informe favorable de Intervenci\u00f3n e sin contar coas firma do concelleiro delegado","breadcrumb":{"@id":"https:\/\/www.anovapeneira.gal\/index.php\/2023\/08\/18\/o-departamento-de-intervencion-do-porrino-paraliza-o-bono-enerxetico-por-graves-erros-na-sua-redaccion\/#breadcrumb"},"inLanguage":"gl-ES","potentialAction":[{"@type":"ReadAction","target":["https:\/\/www.anovapeneira.gal\/index.php\/2023\/08\/18\/o-departamento-de-intervencion-do-porrino-paraliza-o-bono-enerxetico-por-graves-erros-na-sua-redaccion\/"]}]},{"@type":"ImageObject","inLanguage":"gl-ES","@id":"https:\/\/www.anovapeneira.gal\/index.php\/2023\/08\/18\/o-departamento-de-intervencion-do-porrino-paraliza-o-bono-enerxetico-por-graves-erros-na-sua-redaccion\/#primaryimage","url":"https:\/\/www.anovapeneira.gal\/wp-content\/uploads\/2019\/09\/psdg_a_nova_peneira.jpg","contentUrl":"https:\/\/www.anovapeneira.gal\/wp-content\/uploads\/2019\/09\/psdg_a_nova_peneira.jpg","width":720,"height":473,"caption":"PSdG Mos A Nova Peneira"},{"@type":"BreadcrumbList","@id":"https:\/\/www.anovapeneira.gal\/index.php\/2023\/08\/18\/o-departamento-de-intervencion-do-porrino-paraliza-o-bono-enerxetico-por-graves-erros-na-sua-redaccion\/#breadcrumb","itemListElement":[{"@type":"ListItem","position":1,"name":"Portada","item":"https:\/\/www.anovapeneira.gal\/"},{"@type":"ListItem","position":2,"name":"O departamento de Intervenci\u00f3n do Porri\u00f1o paraliza o Bono Enerx\u00e9tico por graves erros na s\u00faa redacci\u00f3n"}]},{"@type":"WebSite","@id":"https:\/\/www.anovapeneira.gal\/#website","url":"https:\/\/www.anovapeneira.gal\/","name":"","description":"Xornal galego de informaci\u00f3n xeral Publicaci\u00f3n mensual de novas de Galicia e en especial dos Concellos da sur da provincia de Pontevedra.","publisher":{"@id":"https:\/\/www.anovapeneira.gal\/#organization"},"potentialAction":[{"@type":"SearchAction","target":{"@type":"EntryPoint","urlTemplate":"https:\/\/www.anovapeneira.gal\/?s={search_term_string}"},"query-input":{"@type":"PropertyValueSpecification","valueRequired":true,"valueName":"search_term_string"}}],"inLanguage":"gl-ES"},{"@type":"Organization","@id":"https:\/\/www.anovapeneira.gal\/#organization","name":"A Nova Peneira","url":"https:\/\/www.anovapeneira.gal\/","logo":{"@type":"ImageObject","inLanguage":"gl-ES","@id":"https:\/\/www.anovapeneira.gal\/#\/schema\/logo\/image\/","url":"http:\/\/www.anovapeneira.gal\/wp-content\/uploads\/2019\/06\/logo_a_nova_peneira_portal_web.png","contentUrl":"http:\/\/www.anovapeneira.gal\/wp-content\/uploads\/2019\/06\/logo_a_nova_peneira_portal_web.png","width":300,"height":100,"caption":"A Nova Peneira"},"image":{"@id":"https:\/\/www.anovapeneira.gal\/#\/schema\/logo\/image\/"},"sameAs":["https:\/\/www.facebook.com\/anovapeneira","https:\/\/x.com\/APeneira"]},{"@type":"Person","@id":"https:\/\/www.anovapeneira.gal\/#\/schema\/person\/b93e3f8932e3f8da96334607eb6ac6aa","name":"Redacci\u00f3n A Nova Peneira","image":{"@type":"ImageObject","inLanguage":"gl-ES","@id":"https:\/\/secure.gravatar.com\/avatar\/c052a2551a06e23fac63626232eaa90abd78dbcf1700fc46a2b2c89fd27b735f?s=96&d=mm&r=g","url":"https:\/\/secure.gravatar.com\/avatar\/c052a2551a06e23fac63626232eaa90abd78dbcf1700fc46a2b2c89fd27b735f?s=96&d=mm&r=g","contentUrl":"https:\/\/secure.gravatar.com\/avatar\/c052a2551a06e23fac63626232eaa90abd78dbcf1700fc46a2b2c89fd27b735f?s=96&d=mm&r=g","caption":"Redacci\u00f3n A Nova Peneira"},"sameAs":["http:\/\/www.anovapeneira.gal\/"],"url":"https:\/\/www.anovapeneira.gal\/index.php\/author\/redactor\/"}]}},"jetpack_featured_media_url":"https:\/\/www.anovapeneira.gal\/wp-content\/uploads\/2019\/09\/psdg_a_nova_peneira.jpg","_links":{"self":[{"href":"https:\/\/www.anovapeneira.gal\/index.php\/wp-json\/wp\/v2\/posts\/10284","targetHints":{"allow":["GET"]}}],"collection":[{"href":"https:\/\/www.anovapeneira.gal\/index.php\/wp-json\/wp\/v2\/posts"}],"about":[{"href":"https:\/\/www.anovapeneira.gal\/index.php\/wp-json\/wp\/v2\/types\/post"}],"author":[{"embeddable":true,"href":"https:\/\/www.anovapeneira.gal\/index.php\/wp-json\/wp\/v2\/users\/3"}],"replies":[{"embeddable":true,"href":"https:\/\/www.anovapeneira.gal\/index.php\/wp-json\/wp\/v2\/comments?post=10284"}],"version-history":[{"count":1,"href":"https:\/\/www.anovapeneira.gal\/index.php\/wp-json\/wp\/v2\/posts\/10284\/revisions"}],"predecessor-version":[{"id":10285,"href":"https:\/\/www.anovapeneira.gal\/index.php\/wp-json\/wp\/v2\/posts\/10284\/revisions\/10285"}],"wp:featuredmedia":[{"embeddable":true,"href":"https:\/\/www.anovapeneira.gal\/index.php\/wp-json\/wp\/v2\/media\/1425"}],"wp:attachment":[{"href":"https:\/\/www.anovapeneira.gal\/index.php\/wp-json\/wp\/v2\/media?parent=10284"}],"wp:term":[{"taxonomy":"category","embeddable":true,"href":"https:\/\/www.anovapeneira.gal\/index.php\/wp-json\/wp\/v2\/categories?post=10284"},{"taxonomy":"post_tag","embeddable":true,"href":"https:\/\/www.anovapeneira.gal\/index.php\/wp-json\/wp\/v2\/tags?post=10284"}],"curies":[{"name":"wp","href":"https:\/\/api.w.org\/{rel}","templated":true}]}}