{"id":10286,"date":"2023-08-18T12:00:23","date_gmt":"2023-08-18T10:00:23","guid":{"rendered":"https:\/\/www.anovapeneira.gal\/?p=10286"},"modified":"2023-08-12T11:55:54","modified_gmt":"2023-08-12T09:55:54","slug":"o-concello-de-tomino-esixe-a-xunta-que-reabra-o-consultorio-medico-de-goian-e-que-lle-abone-os-gastos-dun-inmoble-que-segue-sen-uso","status":"publish","type":"post","link":"https:\/\/www.anovapeneira.gal\/index.php\/2023\/08\/18\/o-concello-de-tomino-esixe-a-xunta-que-reabra-o-consultorio-medico-de-goian-e-que-lle-abone-os-gastos-dun-inmoble-que-segue-sen-uso\/","title":{"rendered":"O Concello de Tomi\u00f1o esixe \u00e1 Xunta que reabra o consultorio m\u00e9dico de Goi\u00e1n e que lle abone os gastos dun inmoble que segue sen uso"},"content":{"rendered":"\n<p><strong>O Concello de Tomi\u00f1o adecuou en marzo un novo inmoble para o consultorio m\u00e9dico, no que xa leva gastados 18.500 euros, pero nin o Sergas nin a Xunta se pronunciaron sobre a s\u00faa reapertura<\/strong><\/p>\n\n\n\n<p><strong>Tomi\u00f1o, 12 de agosto de 2023.-<\/strong> O Pleno do Concello de Tomi\u00f1o aprobou onte por unanimidade unha moci\u00f3n pola que se lle esixir\u00e1 \u00e1 Xunta de Galicia a reposici\u00f3n inmediata do servizo m\u00e9dico de Goi\u00e1n, que leva tres anos co seu consultorio de atenci\u00f3n primaria pechado.<\/p>\n\n\n\n<p>O consultorio de Goi\u00e1n foi pechado durante a crise da COVID-19, e trasladouse o seu servizo ao Centro de Sa\u00fade de Tomi\u00f1o. Posteriormente, comunic\u00f3uselle ao Concello de Tomi\u00f1o a necesidade de atopar un novo inmoble que cumprise cos par\u00e1metros da nova gu\u00eda de protocolos da pandemia. O Concello alugou e acondicionou un novo local seguindo os par\u00e1metros do Sergas, e p\u00faxoo a disposici\u00f3n da Xerencia da \u00c1rea Sanitaria Vigo-Tui en marzo deste ano.<\/p>\n\n\n\n<p>Desde o mes de marzo, nin o Sergas nin a Xunta se comunicaron co Concello sobre este tema, nin responderon \u00e1s diversas chamadas e escritos remitidos desde Tomi\u00f1o, expo\u00f1endo a necesidade de po\u00f1er en funcionamento o consultorio de Goi\u00e1n no menor tempo posible.<\/p>\n\n\n\n<p>Polo momento, o Concello de Tomi\u00f1o leva gastados 18.500 euros en concepto de reformas, alugueiro e suministros do inmoble en Goi\u00e1n que non est\u00e1 operativo. Un dos puntos do acordo foi reclamar \u00e1 Xunta de Galicia os gastos nos que incurriu o Concello en po\u00f1er o inmoble en funcionamento, sen que sirva a\u00ednda de consultorio m\u00e9dico. Por\u00e9n, o PP op\u00faxose a este e fixo un voto particular en contra de facer esta reclamaci\u00f3n de gastos \u00e1 Xunta de Galicia.<\/p>\n\n\n\n<p>Desde o Concello existe unha gran preocupaci\u00f3n pola cobertura deste servizo de atenci\u00f3n primaria, que se suma \u00e1 falta de persoal no Centro de Sa\u00fade de Tomi\u00f1o, no que non se cobren nin as vacaci\u00f3ns nin as baixas m\u00e9dicas do persoal m\u00e9dico. Todo isto conleva a saturaci\u00f3n do centro de Sa\u00fade e grandes problemas para os veci\u00f1os e veci\u00f1as, que ven minguar un servizo tan fundamental como \u00e9 a atenci\u00f3n m\u00e9dica primaria. Por iso, a moci\u00f3n aprobada onte tam\u00e9n incl\u00fae a esixencia de que o Sergas substit\u00faa ao persoal sanitario e administrativo de baixa ou de vacaci\u00f3ns no Centro de Sa\u00fade de Tomi\u00f1o.<\/p>\n","protected":false},"excerpt":{"rendered":"<div class=\"mh-excerpt\"><p>O Concello de Tomi\u00f1o adecuou en marzo un novo inmoble para o consultorio m\u00e9dico, no que xa leva gastados 18.500 euros, pero nin o Sergas nin a Xunta se pronunciaron sobre a s\u00faa reapertura <a class=\"mh-excerpt-more\" href=\"https:\/\/www.anovapeneira.gal\/index.php\/2023\/08\/18\/o-concello-de-tomino-esixe-a-xunta-que-reabra-o-consultorio-medico-de-goian-e-que-lle-abone-os-gastos-dun-inmoble-que-segue-sen-uso\/\" title=\"O Concello de Tomi\u00f1o esixe \u00e1 Xunta que reabra o consultorio m\u00e9dico de Goi\u00e1n e que lle abone os gastos dun inmoble que segue sen uso\">[&#8230;]<\/a><\/p>\n<\/div>","protected":false},"author":3,"featured_media":1336,"comment_status":"open","ping_status":"open","sticky":false,"template":"","format":"standard","meta":{"_exactmetrics_skip_tracking":false,"_exactmetrics_sitenote_active":false,"_exactmetrics_sitenote_note":"","_exactmetrics_sitenote_category":0,"footnotes":""},"categories":[21],"tags":[],"class_list":{"0":"post-10286","1":"post","2":"type-post","3":"status-publish","4":"format-standard","5":"has-post-thumbnail","7":"category-baixo-mino"},"yoast_head":"<!-- This site is optimized with the Yoast SEO plugin v27.4 - https:\/\/yoast.com\/product\/yoast-seo-wordpress\/ -->\n<title>O Concello de Tomi\u00f1o esixe \u00e1 Xunta que reabra o consultorio m\u00e9dico de Goi\u00e1n e que lle abone os gastos dun inmoble que segue sen uso -<\/title>\n<meta name=\"description\" content=\"O Concello de Tomi\u00f1o adecuou en marzo un novo inmoble para o consultorio m\u00e9dico, no que xa leva gastados 18.500 euros, pero nin o Sergas nin a Xunta se pronunciaron sobre a s\u00faa reapertura\" \/>\n<meta name=\"robots\" content=\"index, follow, max-snippet:-1, max-image-preview:large, max-video-preview:-1\" \/>\n<link rel=\"canonical\" href=\"https:\/\/www.anovapeneira.gal\/index.php\/2023\/08\/18\/o-concello-de-tomino-esixe-a-xunta-que-reabra-o-consultorio-medico-de-goian-e-que-lle-abone-os-gastos-dun-inmoble-que-segue-sen-uso\/\" \/>\n<meta property=\"og:locale\" content=\"gl_ES\" \/>\n<meta property=\"og:type\" content=\"article\" \/>\n<meta property=\"og:title\" content=\"O Concello de Tomi\u00f1o esixe \u00e1 Xunta que reabra o consultorio m\u00e9dico de Goi\u00e1n e que lle abone os gastos dun inmoble que segue sen uso -\" \/>\n<meta property=\"og:description\" content=\"O Concello de Tomi\u00f1o adecuou en marzo un novo inmoble para o consultorio m\u00e9dico, no que xa leva gastados 18.500 euros, pero nin o Sergas nin a Xunta se pronunciaron sobre a s\u00faa reapertura\" \/>\n<meta property=\"og:url\" content=\"https:\/\/www.anovapeneira.gal\/index.php\/2023\/08\/18\/o-concello-de-tomino-esixe-a-xunta-que-reabra-o-consultorio-medico-de-goian-e-que-lle-abone-os-gastos-dun-inmoble-que-segue-sen-uso\/\" \/>\n<meta property=\"article:publisher\" content=\"https:\/\/www.facebook.com\/anovapeneira\" \/>\n<meta property=\"article:published_time\" content=\"2023-08-18T10:00:23+00:00\" \/>\n<meta property=\"og:image\" content=\"https:\/\/www.anovapeneira.gal\/wp-content\/uploads\/2019\/09\/concello_De_tominho_a_nova_peneria.jpg\" \/>\n\t<meta property=\"og:image:width\" content=\"720\" \/>\n\t<meta property=\"og:image:height\" content=\"473\" \/>\n\t<meta property=\"og:image:type\" content=\"image\/jpeg\" \/>\n<meta name=\"author\" content=\"Redacci\u00f3n A Nova Peneira\" \/>\n<meta name=\"twitter:card\" content=\"summary_large_image\" \/>\n<meta name=\"twitter:creator\" content=\"@APeneira\" \/>\n<meta name=\"twitter:site\" content=\"@APeneira\" \/>\n<meta name=\"twitter:label1\" content=\"Escrito por\" \/>\n\t<meta name=\"twitter:data1\" content=\"Redacci\u00f3n A Nova Peneira\" \/>\n\t<meta name=\"twitter:label2\" content=\"Tempo de lectura\" \/>\n\t<meta name=\"twitter:data2\" content=\"3 minutos\" \/>\n<script type=\"application\/ld+json\" class=\"yoast-schema-graph\">{\"@context\":\"https:\\\/\\\/schema.org\",\"@graph\":[{\"@type\":\"Article\",\"@id\":\"https:\\\/\\\/www.anovapeneira.gal\\\/index.php\\\/2023\\\/08\\\/18\\\/o-concello-de-tomino-esixe-a-xunta-que-reabra-o-consultorio-medico-de-goian-e-que-lle-abone-os-gastos-dun-inmoble-que-segue-sen-uso\\\/#article\",\"isPartOf\":{\"@id\":\"https:\\\/\\\/www.anovapeneira.gal\\\/index.php\\\/2023\\\/08\\\/18\\\/o-concello-de-tomino-esixe-a-xunta-que-reabra-o-consultorio-medico-de-goian-e-que-lle-abone-os-gastos-dun-inmoble-que-segue-sen-uso\\\/\"},\"author\":{\"name\":\"Redacci\u00f3n A Nova Peneira\",\"@id\":\"https:\\\/\\\/www.anovapeneira.gal\\\/#\\\/schema\\\/person\\\/b93e3f8932e3f8da96334607eb6ac6aa\"},\"headline\":\"O Concello de Tomi\u00f1o esixe \u00e1 Xunta que reabra o consultorio m\u00e9dico de Goi\u00e1n e que lle abone os gastos dun inmoble que segue sen uso\",\"datePublished\":\"2023-08-18T10:00:23+00:00\",\"mainEntityOfPage\":{\"@id\":\"https:\\\/\\\/www.anovapeneira.gal\\\/index.php\\\/2023\\\/08\\\/18\\\/o-concello-de-tomino-esixe-a-xunta-que-reabra-o-consultorio-medico-de-goian-e-que-lle-abone-os-gastos-dun-inmoble-que-segue-sen-uso\\\/\"},\"wordCount\":450,\"commentCount\":0,\"publisher\":{\"@id\":\"https:\\\/\\\/www.anovapeneira.gal\\\/#organization\"},\"image\":{\"@id\":\"https:\\\/\\\/www.anovapeneira.gal\\\/index.php\\\/2023\\\/08\\\/18\\\/o-concello-de-tomino-esixe-a-xunta-que-reabra-o-consultorio-medico-de-goian-e-que-lle-abone-os-gastos-dun-inmoble-que-segue-sen-uso\\\/#primaryimage\"},\"thumbnailUrl\":\"https:\\\/\\\/www.anovapeneira.gal\\\/wp-content\\\/uploads\\\/2019\\\/09\\\/concello_De_tominho_a_nova_peneria.jpg\",\"articleSection\":[\"Baixo Mi\u00f1o\"],\"inLanguage\":\"gl-ES\",\"potentialAction\":[{\"@type\":\"CommentAction\",\"name\":\"Comment\",\"target\":[\"https:\\\/\\\/www.anovapeneira.gal\\\/index.php\\\/2023\\\/08\\\/18\\\/o-concello-de-tomino-esixe-a-xunta-que-reabra-o-consultorio-medico-de-goian-e-que-lle-abone-os-gastos-dun-inmoble-que-segue-sen-uso\\\/#respond\"]}]},{\"@type\":\"WebPage\",\"@id\":\"https:\\\/\\\/www.anovapeneira.gal\\\/index.php\\\/2023\\\/08\\\/18\\\/o-concello-de-tomino-esixe-a-xunta-que-reabra-o-consultorio-medico-de-goian-e-que-lle-abone-os-gastos-dun-inmoble-que-segue-sen-uso\\\/\",\"url\":\"https:\\\/\\\/www.anovapeneira.gal\\\/index.php\\\/2023\\\/08\\\/18\\\/o-concello-de-tomino-esixe-a-xunta-que-reabra-o-consultorio-medico-de-goian-e-que-lle-abone-os-gastos-dun-inmoble-que-segue-sen-uso\\\/\",\"name\":\"O Concello de Tomi\u00f1o esixe \u00e1 Xunta que reabra o consultorio m\u00e9dico de Goi\u00e1n e que lle abone os gastos dun inmoble que segue sen uso -\",\"isPartOf\":{\"@id\":\"https:\\\/\\\/www.anovapeneira.gal\\\/#website\"},\"primaryImageOfPage\":{\"@id\":\"https:\\\/\\\/www.anovapeneira.gal\\\/index.php\\\/2023\\\/08\\\/18\\\/o-concello-de-tomino-esixe-a-xunta-que-reabra-o-consultorio-medico-de-goian-e-que-lle-abone-os-gastos-dun-inmoble-que-segue-sen-uso\\\/#primaryimage\"},\"image\":{\"@id\":\"https:\\\/\\\/www.anovapeneira.gal\\\/index.php\\\/2023\\\/08\\\/18\\\/o-concello-de-tomino-esixe-a-xunta-que-reabra-o-consultorio-medico-de-goian-e-que-lle-abone-os-gastos-dun-inmoble-que-segue-sen-uso\\\/#primaryimage\"},\"thumbnailUrl\":\"https:\\\/\\\/www.anovapeneira.gal\\\/wp-content\\\/uploads\\\/2019\\\/09\\\/concello_De_tominho_a_nova_peneria.jpg\",\"datePublished\":\"2023-08-18T10:00:23+00:00\",\"description\":\"O Concello de Tomi\u00f1o adecuou en marzo un novo inmoble para o consultorio m\u00e9dico, no que xa leva gastados 18.500 euros, pero nin o Sergas nin a Xunta se pronunciaron sobre a s\u00faa reapertura\",\"breadcrumb\":{\"@id\":\"https:\\\/\\\/www.anovapeneira.gal\\\/index.php\\\/2023\\\/08\\\/18\\\/o-concello-de-tomino-esixe-a-xunta-que-reabra-o-consultorio-medico-de-goian-e-que-lle-abone-os-gastos-dun-inmoble-que-segue-sen-uso\\\/#breadcrumb\"},\"inLanguage\":\"gl-ES\",\"potentialAction\":[{\"@type\":\"ReadAction\",\"target\":[\"https:\\\/\\\/www.anovapeneira.gal\\\/index.php\\\/2023\\\/08\\\/18\\\/o-concello-de-tomino-esixe-a-xunta-que-reabra-o-consultorio-medico-de-goian-e-que-lle-abone-os-gastos-dun-inmoble-que-segue-sen-uso\\\/\"]}]},{\"@type\":\"ImageObject\",\"inLanguage\":\"gl-ES\",\"@id\":\"https:\\\/\\\/www.anovapeneira.gal\\\/index.php\\\/2023\\\/08\\\/18\\\/o-concello-de-tomino-esixe-a-xunta-que-reabra-o-consultorio-medico-de-goian-e-que-lle-abone-os-gastos-dun-inmoble-que-segue-sen-uso\\\/#primaryimage\",\"url\":\"https:\\\/\\\/www.anovapeneira.gal\\\/wp-content\\\/uploads\\\/2019\\\/09\\\/concello_De_tominho_a_nova_peneria.jpg\",\"contentUrl\":\"https:\\\/\\\/www.anovapeneira.gal\\\/wp-content\\\/uploads\\\/2019\\\/09\\\/concello_De_tominho_a_nova_peneria.jpg\",\"width\":720,\"height\":473,\"caption\":\"Concello de Tomi\u00f1o A Nova Peneira\"},{\"@type\":\"BreadcrumbList\",\"@id\":\"https:\\\/\\\/www.anovapeneira.gal\\\/index.php\\\/2023\\\/08\\\/18\\\/o-concello-de-tomino-esixe-a-xunta-que-reabra-o-consultorio-medico-de-goian-e-que-lle-abone-os-gastos-dun-inmoble-que-segue-sen-uso\\\/#breadcrumb\",\"itemListElement\":[{\"@type\":\"ListItem\",\"position\":1,\"name\":\"Portada\",\"item\":\"https:\\\/\\\/www.anovapeneira.gal\\\/\"},{\"@type\":\"ListItem\",\"position\":2,\"name\":\"O Concello de Tomi\u00f1o esixe \u00e1 Xunta que reabra o consultorio m\u00e9dico de Goi\u00e1n e que lle abone os gastos dun inmoble que segue sen uso\"}]},{\"@type\":\"WebSite\",\"@id\":\"https:\\\/\\\/www.anovapeneira.gal\\\/#website\",\"url\":\"https:\\\/\\\/www.anovapeneira.gal\\\/\",\"name\":\"\",\"description\":\"Xornal galego de informaci\u00f3n xeral Publicaci\u00f3n mensual de novas de Galicia e en especial dos Concellos da sur da provincia de Pontevedra.\",\"publisher\":{\"@id\":\"https:\\\/\\\/www.anovapeneira.gal\\\/#organization\"},\"potentialAction\":[{\"@type\":\"SearchAction\",\"target\":{\"@type\":\"EntryPoint\",\"urlTemplate\":\"https:\\\/\\\/www.anovapeneira.gal\\\/?s={search_term_string}\"},\"query-input\":{\"@type\":\"PropertyValueSpecification\",\"valueRequired\":true,\"valueName\":\"search_term_string\"}}],\"inLanguage\":\"gl-ES\"},{\"@type\":\"Organization\",\"@id\":\"https:\\\/\\\/www.anovapeneira.gal\\\/#organization\",\"name\":\"A Nova Peneira\",\"url\":\"https:\\\/\\\/www.anovapeneira.gal\\\/\",\"logo\":{\"@type\":\"ImageObject\",\"inLanguage\":\"gl-ES\",\"@id\":\"https:\\\/\\\/www.anovapeneira.gal\\\/#\\\/schema\\\/logo\\\/image\\\/\",\"url\":\"http:\\\/\\\/www.anovapeneira.gal\\\/wp-content\\\/uploads\\\/2019\\\/06\\\/logo_a_nova_peneira_portal_web.png\",\"contentUrl\":\"http:\\\/\\\/www.anovapeneira.gal\\\/wp-content\\\/uploads\\\/2019\\\/06\\\/logo_a_nova_peneira_portal_web.png\",\"width\":300,\"height\":100,\"caption\":\"A Nova Peneira\"},\"image\":{\"@id\":\"https:\\\/\\\/www.anovapeneira.gal\\\/#\\\/schema\\\/logo\\\/image\\\/\"},\"sameAs\":[\"https:\\\/\\\/www.facebook.com\\\/anovapeneira\",\"https:\\\/\\\/x.com\\\/APeneira\"]},{\"@type\":\"Person\",\"@id\":\"https:\\\/\\\/www.anovapeneira.gal\\\/#\\\/schema\\\/person\\\/b93e3f8932e3f8da96334607eb6ac6aa\",\"name\":\"Redacci\u00f3n A Nova Peneira\",\"image\":{\"@type\":\"ImageObject\",\"inLanguage\":\"gl-ES\",\"@id\":\"https:\\\/\\\/secure.gravatar.com\\\/avatar\\\/c052a2551a06e23fac63626232eaa90abd78dbcf1700fc46a2b2c89fd27b735f?s=96&d=mm&r=g\",\"url\":\"https:\\\/\\\/secure.gravatar.com\\\/avatar\\\/c052a2551a06e23fac63626232eaa90abd78dbcf1700fc46a2b2c89fd27b735f?s=96&d=mm&r=g\",\"contentUrl\":\"https:\\\/\\\/secure.gravatar.com\\\/avatar\\\/c052a2551a06e23fac63626232eaa90abd78dbcf1700fc46a2b2c89fd27b735f?s=96&d=mm&r=g\",\"caption\":\"Redacci\u00f3n A Nova Peneira\"},\"sameAs\":[\"http:\\\/\\\/www.anovapeneira.gal\\\/\"],\"url\":\"https:\\\/\\\/www.anovapeneira.gal\\\/index.php\\\/author\\\/redactor\\\/\"}]}<\/script>\n<!-- \/ Yoast SEO plugin. -->","yoast_head_json":{"title":"O Concello de Tomi\u00f1o esixe \u00e1 Xunta que reabra o consultorio m\u00e9dico de Goi\u00e1n e que lle abone os gastos dun inmoble que segue sen uso -","description":"O Concello de Tomi\u00f1o adecuou en marzo un novo inmoble para o consultorio m\u00e9dico, no que xa leva gastados 18.500 euros, pero nin o Sergas nin a Xunta se pronunciaron sobre a s\u00faa reapertura","robots":{"index":"index","follow":"follow","max-snippet":"max-snippet:-1","max-image-preview":"max-image-preview:large","max-video-preview":"max-video-preview:-1"},"canonical":"https:\/\/www.anovapeneira.gal\/index.php\/2023\/08\/18\/o-concello-de-tomino-esixe-a-xunta-que-reabra-o-consultorio-medico-de-goian-e-que-lle-abone-os-gastos-dun-inmoble-que-segue-sen-uso\/","og_locale":"gl_ES","og_type":"article","og_title":"O Concello de Tomi\u00f1o esixe \u00e1 Xunta que reabra o consultorio m\u00e9dico de Goi\u00e1n e que lle abone os gastos dun inmoble que segue sen uso -","og_description":"O Concello de Tomi\u00f1o adecuou en marzo un novo inmoble para o consultorio m\u00e9dico, no que xa leva gastados 18.500 euros, pero nin o Sergas nin a Xunta se pronunciaron sobre a s\u00faa reapertura","og_url":"https:\/\/www.anovapeneira.gal\/index.php\/2023\/08\/18\/o-concello-de-tomino-esixe-a-xunta-que-reabra-o-consultorio-medico-de-goian-e-que-lle-abone-os-gastos-dun-inmoble-que-segue-sen-uso\/","article_publisher":"https:\/\/www.facebook.com\/anovapeneira","article_published_time":"2023-08-18T10:00:23+00:00","og_image":[{"width":720,"height":473,"url":"https:\/\/www.anovapeneira.gal\/wp-content\/uploads\/2019\/09\/concello_De_tominho_a_nova_peneria.jpg","type":"image\/jpeg"}],"author":"Redacci\u00f3n A Nova Peneira","twitter_card":"summary_large_image","twitter_creator":"@APeneira","twitter_site":"@APeneira","twitter_misc":{"Escrito por":"Redacci\u00f3n A Nova Peneira","Tempo de lectura":"3 minutos"},"schema":{"@context":"https:\/\/schema.org","@graph":[{"@type":"Article","@id":"https:\/\/www.anovapeneira.gal\/index.php\/2023\/08\/18\/o-concello-de-tomino-esixe-a-xunta-que-reabra-o-consultorio-medico-de-goian-e-que-lle-abone-os-gastos-dun-inmoble-que-segue-sen-uso\/#article","isPartOf":{"@id":"https:\/\/www.anovapeneira.gal\/index.php\/2023\/08\/18\/o-concello-de-tomino-esixe-a-xunta-que-reabra-o-consultorio-medico-de-goian-e-que-lle-abone-os-gastos-dun-inmoble-que-segue-sen-uso\/"},"author":{"name":"Redacci\u00f3n A Nova Peneira","@id":"https:\/\/www.anovapeneira.gal\/#\/schema\/person\/b93e3f8932e3f8da96334607eb6ac6aa"},"headline":"O Concello de Tomi\u00f1o esixe \u00e1 Xunta que reabra o consultorio m\u00e9dico de Goi\u00e1n e que lle abone os gastos dun inmoble que segue sen uso","datePublished":"2023-08-18T10:00:23+00:00","mainEntityOfPage":{"@id":"https:\/\/www.anovapeneira.gal\/index.php\/2023\/08\/18\/o-concello-de-tomino-esixe-a-xunta-que-reabra-o-consultorio-medico-de-goian-e-que-lle-abone-os-gastos-dun-inmoble-que-segue-sen-uso\/"},"wordCount":450,"commentCount":0,"publisher":{"@id":"https:\/\/www.anovapeneira.gal\/#organization"},"image":{"@id":"https:\/\/www.anovapeneira.gal\/index.php\/2023\/08\/18\/o-concello-de-tomino-esixe-a-xunta-que-reabra-o-consultorio-medico-de-goian-e-que-lle-abone-os-gastos-dun-inmoble-que-segue-sen-uso\/#primaryimage"},"thumbnailUrl":"https:\/\/www.anovapeneira.gal\/wp-content\/uploads\/2019\/09\/concello_De_tominho_a_nova_peneria.jpg","articleSection":["Baixo Mi\u00f1o"],"inLanguage":"gl-ES","potentialAction":[{"@type":"CommentAction","name":"Comment","target":["https:\/\/www.anovapeneira.gal\/index.php\/2023\/08\/18\/o-concello-de-tomino-esixe-a-xunta-que-reabra-o-consultorio-medico-de-goian-e-que-lle-abone-os-gastos-dun-inmoble-que-segue-sen-uso\/#respond"]}]},{"@type":"WebPage","@id":"https:\/\/www.anovapeneira.gal\/index.php\/2023\/08\/18\/o-concello-de-tomino-esixe-a-xunta-que-reabra-o-consultorio-medico-de-goian-e-que-lle-abone-os-gastos-dun-inmoble-que-segue-sen-uso\/","url":"https:\/\/www.anovapeneira.gal\/index.php\/2023\/08\/18\/o-concello-de-tomino-esixe-a-xunta-que-reabra-o-consultorio-medico-de-goian-e-que-lle-abone-os-gastos-dun-inmoble-que-segue-sen-uso\/","name":"O Concello de Tomi\u00f1o esixe \u00e1 Xunta que reabra o consultorio m\u00e9dico de Goi\u00e1n e que lle abone os gastos dun inmoble que segue sen uso -","isPartOf":{"@id":"https:\/\/www.anovapeneira.gal\/#website"},"primaryImageOfPage":{"@id":"https:\/\/www.anovapeneira.gal\/index.php\/2023\/08\/18\/o-concello-de-tomino-esixe-a-xunta-que-reabra-o-consultorio-medico-de-goian-e-que-lle-abone-os-gastos-dun-inmoble-que-segue-sen-uso\/#primaryimage"},"image":{"@id":"https:\/\/www.anovapeneira.gal\/index.php\/2023\/08\/18\/o-concello-de-tomino-esixe-a-xunta-que-reabra-o-consultorio-medico-de-goian-e-que-lle-abone-os-gastos-dun-inmoble-que-segue-sen-uso\/#primaryimage"},"thumbnailUrl":"https:\/\/www.anovapeneira.gal\/wp-content\/uploads\/2019\/09\/concello_De_tominho_a_nova_peneria.jpg","datePublished":"2023-08-18T10:00:23+00:00","description":"O Concello de Tomi\u00f1o adecuou en marzo un novo inmoble para o consultorio m\u00e9dico, no que xa leva gastados 18.500 euros, pero nin o Sergas nin a Xunta se pronunciaron sobre a s\u00faa reapertura","breadcrumb":{"@id":"https:\/\/www.anovapeneira.gal\/index.php\/2023\/08\/18\/o-concello-de-tomino-esixe-a-xunta-que-reabra-o-consultorio-medico-de-goian-e-que-lle-abone-os-gastos-dun-inmoble-que-segue-sen-uso\/#breadcrumb"},"inLanguage":"gl-ES","potentialAction":[{"@type":"ReadAction","target":["https:\/\/www.anovapeneira.gal\/index.php\/2023\/08\/18\/o-concello-de-tomino-esixe-a-xunta-que-reabra-o-consultorio-medico-de-goian-e-que-lle-abone-os-gastos-dun-inmoble-que-segue-sen-uso\/"]}]},{"@type":"ImageObject","inLanguage":"gl-ES","@id":"https:\/\/www.anovapeneira.gal\/index.php\/2023\/08\/18\/o-concello-de-tomino-esixe-a-xunta-que-reabra-o-consultorio-medico-de-goian-e-que-lle-abone-os-gastos-dun-inmoble-que-segue-sen-uso\/#primaryimage","url":"https:\/\/www.anovapeneira.gal\/wp-content\/uploads\/2019\/09\/concello_De_tominho_a_nova_peneria.jpg","contentUrl":"https:\/\/www.anovapeneira.gal\/wp-content\/uploads\/2019\/09\/concello_De_tominho_a_nova_peneria.jpg","width":720,"height":473,"caption":"Concello de Tomi\u00f1o A Nova Peneira"},{"@type":"BreadcrumbList","@id":"https:\/\/www.anovapeneira.gal\/index.php\/2023\/08\/18\/o-concello-de-tomino-esixe-a-xunta-que-reabra-o-consultorio-medico-de-goian-e-que-lle-abone-os-gastos-dun-inmoble-que-segue-sen-uso\/#breadcrumb","itemListElement":[{"@type":"ListItem","position":1,"name":"Portada","item":"https:\/\/www.anovapeneira.gal\/"},{"@type":"ListItem","position":2,"name":"O Concello de Tomi\u00f1o esixe \u00e1 Xunta que reabra o consultorio m\u00e9dico de Goi\u00e1n e que lle abone os gastos dun inmoble que segue sen uso"}]},{"@type":"WebSite","@id":"https:\/\/www.anovapeneira.gal\/#website","url":"https:\/\/www.anovapeneira.gal\/","name":"","description":"Xornal galego de informaci\u00f3n xeral Publicaci\u00f3n mensual de novas de Galicia e en especial dos Concellos da sur da provincia de Pontevedra.","publisher":{"@id":"https:\/\/www.anovapeneira.gal\/#organization"},"potentialAction":[{"@type":"SearchAction","target":{"@type":"EntryPoint","urlTemplate":"https:\/\/www.anovapeneira.gal\/?s={search_term_string}"},"query-input":{"@type":"PropertyValueSpecification","valueRequired":true,"valueName":"search_term_string"}}],"inLanguage":"gl-ES"},{"@type":"Organization","@id":"https:\/\/www.anovapeneira.gal\/#organization","name":"A Nova Peneira","url":"https:\/\/www.anovapeneira.gal\/","logo":{"@type":"ImageObject","inLanguage":"gl-ES","@id":"https:\/\/www.anovapeneira.gal\/#\/schema\/logo\/image\/","url":"http:\/\/www.anovapeneira.gal\/wp-content\/uploads\/2019\/06\/logo_a_nova_peneira_portal_web.png","contentUrl":"http:\/\/www.anovapeneira.gal\/wp-content\/uploads\/2019\/06\/logo_a_nova_peneira_portal_web.png","width":300,"height":100,"caption":"A Nova Peneira"},"image":{"@id":"https:\/\/www.anovapeneira.gal\/#\/schema\/logo\/image\/"},"sameAs":["https:\/\/www.facebook.com\/anovapeneira","https:\/\/x.com\/APeneira"]},{"@type":"Person","@id":"https:\/\/www.anovapeneira.gal\/#\/schema\/person\/b93e3f8932e3f8da96334607eb6ac6aa","name":"Redacci\u00f3n A Nova Peneira","image":{"@type":"ImageObject","inLanguage":"gl-ES","@id":"https:\/\/secure.gravatar.com\/avatar\/c052a2551a06e23fac63626232eaa90abd78dbcf1700fc46a2b2c89fd27b735f?s=96&d=mm&r=g","url":"https:\/\/secure.gravatar.com\/avatar\/c052a2551a06e23fac63626232eaa90abd78dbcf1700fc46a2b2c89fd27b735f?s=96&d=mm&r=g","contentUrl":"https:\/\/secure.gravatar.com\/avatar\/c052a2551a06e23fac63626232eaa90abd78dbcf1700fc46a2b2c89fd27b735f?s=96&d=mm&r=g","caption":"Redacci\u00f3n A Nova Peneira"},"sameAs":["http:\/\/www.anovapeneira.gal\/"],"url":"https:\/\/www.anovapeneira.gal\/index.php\/author\/redactor\/"}]}},"jetpack_featured_media_url":"https:\/\/www.anovapeneira.gal\/wp-content\/uploads\/2019\/09\/concello_De_tominho_a_nova_peneria.jpg","_links":{"self":[{"href":"https:\/\/www.anovapeneira.gal\/index.php\/wp-json\/wp\/v2\/posts\/10286","targetHints":{"allow":["GET"]}}],"collection":[{"href":"https:\/\/www.anovapeneira.gal\/index.php\/wp-json\/wp\/v2\/posts"}],"about":[{"href":"https:\/\/www.anovapeneira.gal\/index.php\/wp-json\/wp\/v2\/types\/post"}],"author":[{"embeddable":true,"href":"https:\/\/www.anovapeneira.gal\/index.php\/wp-json\/wp\/v2\/users\/3"}],"replies":[{"embeddable":true,"href":"https:\/\/www.anovapeneira.gal\/index.php\/wp-json\/wp\/v2\/comments?post=10286"}],"version-history":[{"count":1,"href":"https:\/\/www.anovapeneira.gal\/index.php\/wp-json\/wp\/v2\/posts\/10286\/revisions"}],"predecessor-version":[{"id":10287,"href":"https:\/\/www.anovapeneira.gal\/index.php\/wp-json\/wp\/v2\/posts\/10286\/revisions\/10287"}],"wp:featuredmedia":[{"embeddable":true,"href":"https:\/\/www.anovapeneira.gal\/index.php\/wp-json\/wp\/v2\/media\/1336"}],"wp:attachment":[{"href":"https:\/\/www.anovapeneira.gal\/index.php\/wp-json\/wp\/v2\/media?parent=10286"}],"wp:term":[{"taxonomy":"category","embeddable":true,"href":"https:\/\/www.anovapeneira.gal\/index.php\/wp-json\/wp\/v2\/categories?post=10286"},{"taxonomy":"post_tag","embeddable":true,"href":"https:\/\/www.anovapeneira.gal\/index.php\/wp-json\/wp\/v2\/tags?post=10286"}],"curies":[{"name":"wp","href":"https:\/\/api.w.org\/{rel}","templated":true}]}}