{"id":10291,"date":"2023-08-21T10:00:16","date_gmt":"2023-08-21T08:00:16","guid":{"rendered":"https:\/\/www.anovapeneira.gal\/?p=10291"},"modified":"2023-08-18T09:56:50","modified_gmt":"2023-08-18T07:56:50","slug":"cousas-de-salvaterra-dona-teresa-alonso-parada","status":"publish","type":"post","link":"https:\/\/www.anovapeneira.gal\/index.php\/2023\/08\/21\/cousas-de-salvaterra-dona-teresa-alonso-parada\/","title":{"rendered":"COUSAS DE SALVATERRA: Dona TERESA ALONSO PARADA."},"content":{"rendered":"\n<figure class=\"wp-block-image size-thumbnail is-resized\"><img loading=\"lazy\" decoding=\"async\" src=\"https:\/\/www.anovapeneira.gal\/wp-content\/uploads\/2022\/08\/opinion_anton_saque-150x150.jpg\" alt=\"Ant\u00f3n Lourenzo, veci\u00f1o da Vila\" class=\"wp-image-8006\" style=\"object-fit:cover;width:99px;height:99px\" width=\"99\" height=\"99\"\/><figcaption class=\"wp-element-caption\">Ant\u00f3n Lourenzo, veci\u00f1o da Vila<\/figcaption><\/figure>\n\n\n\n<p>A car\u00f3n de onde eu moro, existe unha casa vella que, como t\u00f3dalas casas, dispu\u00f1a dunha cheminea, e digo dispu\u00f1a porque o pico desmontouna insensiblemente, inexorablemente, tixolo a tixolo, non vou entrar nos por ques. Esta cheminea non era unha cheminea calquera, era a cheminea m\u00e1is artisticamente elaborada de cantas na contorna hab\u00eda. Ti\u00f1a a peculiaridade de que, estando conformada de xeito rectangular, pola parte superior onde os fumes saen, as catro esquinas representaban as catro provincias galegas cos seus escudos, por un dos laterais ti\u00f1a debuxada unha filigrana e polo outro un \u201cVIVA GALICIA 1924\u201d, xa que logo non a deixaron cumprir os cen anos, e moito me doeu.<\/p>\n\n\n\n<p>A casa ti\u00f1a outra peculiaridade, dentro dela hab\u00eda un piano de parede, e ata que a venderon nos anos setenta, foi a residencia de ver\u00e1n da Sra. Dona Teresa Alonso Parada, o seu marido e o seu fillo. Cando vi\u00f1an no ver\u00e1n, eu, que como digo moraba a car\u00f3n mesmo, ti\u00f1a a fortuna de ser un neno agasallado cos xogos de maxia que fac\u00eda o fillo, pero sobre todo, coa primeira m\u00fasica cl\u00e1sica que escoitei na mi\u00f1a vida, tocada \u00f3 piano polas mans de Dona Teresa, tam\u00e9n do seu marido.<\/p>\n\n\n\n<p>E quen era esa tal Dona Teresa, pois a\u00ed vai\u2026<\/p>\n\n\n\n<p>A gran pianista Teresa Alonso Parada naceu no lugar do Campo da Feira en Salvaterra o 16 de marzo de 1912, filla de Nemesia Parada Argibay, mestra e directora da Normal de Pontevedra. Iniciou a carreira musical baixo a direcci\u00f3n da s\u00faa t\u00eda Elvira Parada, tam\u00e9n docente no mesmo centro. \u00d3s 17 anos rematou a carreira de piano. Na vila pontevedresa revelouse como pianista, dando varios concertos, participando en diferentes veladas literarias e musicais.<\/p>\n\n\n\n<p>Foi bolseira da Deputaci\u00f3n de Pontevedra para continuar os estudos en Madrid. Triunfou rapidamente nesa capital, onde se graduou co Primeiro Premio, ga\u00f1ando m\u00e1is tarde o Premio Extraordinario \u201cMar\u00eda del Carmen\u201d, obtendo posteriormente o Premio <em>Aeolian<\/em>, que consistiu na adxudicaci\u00f3n dun piano, (seguramente o que ti\u00f1a en Salvaterra).<\/p>\n\n\n\n<p>Recibiu a axuda da Xunta de Ampliaci\u00f3n de Estudos e marcha a Par\u00eds en 1932. Na capital francesa seguiu os seus estudos c\u00f3 mestre Lazare L\u00e9vy e c\u00f3s cursos de Alfred Cortrot.<\/p>\n\n\n\n<p>Iniciou posteriormente a sua etapa de concertista, ofreceu alg\u00fans recitais en diferentes cidades espa\u00f1olas, \u00e9poca na cal Joaqu\u00edn Turina definiuna como &#8220;pianista de seda&#8221;, por la finura do seu estilo. O d\u00eda 06 de xu\u00f1o de 1935, participou desinteresadamente no Centro de Cultura Femenina de San Sebasti\u00e1n no concerto con obras do P. Nemesio Ota\u00f1o, executando no piano Pleyel de dito Centro, parte das composici\u00f3ns pian\u00edsticas dese nomeado autor, acaso as menos co\u00f1ecidas, salvo a Suite Vasca, que escribira para o Orfe\u00f3n Donostiarra, (transcrita para piano polo Mestre Enrique Granados). Sabemos, polo programa que se conserva, que tocou na terceira parte da actuaci\u00f3n as seguintes pezas: Suite Vasca en 4 tempos, Allegro moderato, Adagio, Scherzo e Tempo de Marcha, de seguido interpretou Vals-Estudio (sobre un tema de duas notas), As Cavaducas (danza monta\u00f1esa) e finalizou con Do Tr\u00edptico relixioso (estreo). Scherzo do Asperges n\u00ba 2.<\/p>\n\n\n\n<p>En febreiro de 1936, despois dunha serie de recitais dados pola Galiza, rematando o periplo en Santiago, disp\u00faxose a sa\u00edr para Berl\u00edn a continuar os estudos que xa perfeccionara en Par\u00eds.<\/p>\n\n\n\n<p>En <a href=\"https:\/\/gl.wikipedia.org\/wiki\/Leipzig\">Leipzig<\/a>, Alema\u00f1a, recibiu os consellos de <a href=\"https:\/\/gl.wikipedia.org\/w\/index.php?title=Robert_Teichm\u00fcller&amp;action=edit&amp;redlink=1\">Robert Teichm\u00fcller<\/a>. En <a href=\"https:\/\/gl.wikipedia.org\/wiki\/Viena\">Viena<\/a>, Austria, fixo amizade con <a href=\"https:\/\/gl.wikipedia.org\/w\/index.php?title=Emil_von_Sauer&amp;action=edit&amp;redlink=1\">Emil von Sauer<\/a>, que daquela era o profesor do Conservatorio, participando no disputad\u00edsimo concurso internacional desa capital.<\/p>\n\n\n\n<p>Un concerto que deu en Madrid foi emitido en directo pola radio sendo escoitado na s\u00faa terra.<\/p>\n\n\n\n<p>En novembro de 1937 deu un concerto ben\u00e9fico patri\u00f3tico en Vigo.<\/p>\n\n\n\n<p>O 13 de abril de 1944 obtivo a C\u00e1tedra no Real Conservatorio Superior de M\u00fasica de Madrid, centrando a s\u00faa carreira no ensino. Aqu\u00ed coincide coa pianista e fot\u00f3grafa de Pontevedra Pilar Pintos Poncet, con quen mant\u00e9n unha estreita amizade. Ela vai ser quen lle recomende como mestre \u00f3 catedr\u00e1tico de m\u00fasica de c\u00e1mara Tom\u00e1s Andrade de Silva, quen se converteu posteriormente no seu marido e con quen tivo un fillo, Rafael.<\/p>\n\n\n\n<p>De talante progresista tam\u00e9n nos tempos m\u00e1s dif\u00edciles, destacou sempre canda o seu esposo, polas s\u00faas convicci\u00f3ns democr\u00e1ticas.<\/p>\n\n\n\n<p>Entre os seus numerosos alumnos salientan, Jos\u00e9 Ortiga, <a href=\"https:\/\/gl.wikipedia.org\/w\/index.php?title=Rosa_Maria_Kucharski_i_Gonz\u00e0lez&amp;action=edit&amp;redlink=1\">Rosa Mar\u00eda Kucharski<\/a>, Juan Alem\u00e1n, Consolaci\u00f3n Castro, Margarita Degeneffe, Flor Rodr\u00edguez, Gloria de Loizaga, Jos\u00e9 Lu\u00eds Fajardo, Mar\u00eda Auxiliadora V\u00e9lez del Castillo, etc.<\/p>\n\n\n\n<p>Teresa foi autora de gran cantidade de obras, destacando o <em>Ensayo para un Nuevo Cuestionario Pian\u00edstico<\/em>. A s\u00faa investigaci\u00f3n c\u00e9ntrase nunha t\u00e9cnica pian\u00edstica que logra dotar \u00e1s int\u00e9rpretes dunha elasticidade que permite conseguir matices sonoros, onde fican de manifesto as s\u00faas innovaci\u00f3ns estil\u00edsticas e t\u00e9cnicas, herdadas polos seus disc\u00edpulos.<\/p>\n\n\n\n<p>Dotada dunha fortaleza e presencia de \u00e1nimo que contrastaban coa s\u00faa complexi\u00f3n mi\u00fada e as s\u00faas delicadas maneiras, traballou incansablemente pr\u00e1 transmitir os seus co\u00f1ecementos sobre esa t\u00e9cnica pian\u00edstica excepcional que, mediante a coordinaci\u00f3n dunha serie de esforzos e relaxaci\u00f3ns dota \u00f3 pianista da elasticidade necesaria pr\u00e1 interpretar comodamente, mentres lle permite acadar a m\u00e1is variada gama de matizaci\u00f3ns sonoras.<\/p>\n\n\n\n<p><em><\/em>O 04 de maio de 1961, aparece c\u00f3 n\u00famero 25 na escala de Catedr\u00e1ticos Numerarios, Profesores Especiais e profesores auxiliares numerarios, dependentes do Ministerio de Educaci\u00f3n Nacional, manti\u00f1a ese cargo con un soldo de 26.760 pesetas anuais. No mesmo B.O.E. aparece c\u00f3 n\u00famero 39 da escala, o que foi o seu marido Tom\u00e1s Andrade de Silva, nacido o 15 de xaneiro de 1915 en C\u00f3rdoba, ostentando a praza de M\u00fasica de C\u00e1mara dende o 07 de marzo de 1946, con un soldo anual de 24.480 pesetas.<\/p>\n\n\n\n<p>Ademais da s\u00faa formaci\u00f3n docente, formou parte de Tribunais para xulgar concursos-oposici\u00f3ns, como cando a nomean segundo Orde de primeiro de abril de 1961, para formar parte no que ha de xulgar \u00f3s aspirantes a c\u00e1tedra de \u201cPiano\u201d do Conservatorio de M\u00fasica de Sevilla.<\/p>\n\n\n\n<p>Finou en Madrid o 05 de febreiro de 1993 con casi 81 a\u00f1os, v\u00edtima dun cancro. Os seus restos descansan no cemiterio desta vila que a viu nacer.<\/p>\n\n\n\n<p><em>FONTES: Etnoga, <\/em>Vida Gallega, 10-07-1932, 20-02-1936, 30-07-1936 e 30-11-1937, B.O.E. n\u00famero 106 de 04 de maio de 1961 e B.O.E. n\u00famero 115 de 15 de maio de 1961. Obituario EL PA\u00cdS, 19 de febreiro de 1993. Fondo fotogr\u00e1fico Deputaci\u00f3n de Pontevedra.<\/p>\n\n\n\n<p>Salvaterra de Mi\u00f1o 14 de agosto do 2023<\/p>\n\n\n\n<figure class=\"wp-block-image size-full\"><img loading=\"lazy\" decoding=\"async\" width=\"321\" height=\"480\" src=\"https:\/\/www.anovapeneira.gal\/wp-content\/uploads\/2023\/08\/teresa_alonso.jpg\" alt=\"\" class=\"wp-image-10294\" srcset=\"https:\/\/www.anovapeneira.gal\/wp-content\/uploads\/2023\/08\/teresa_alonso.jpg 321w, https:\/\/www.anovapeneira.gal\/wp-content\/uploads\/2023\/08\/teresa_alonso-201x300.jpg 201w\" sizes=\"auto, (max-width: 321px) 100vw, 321px\" \/><\/figure>\n\n\n\n<pre class=\"wp-block-verse\">Foto: Ju\u00e1n Pintos, Pontevedra 1944, (AG 086064) Deputaci\u00f3n Provincial.<\/pre>\n","protected":false},"excerpt":{"rendered":"<div class=\"mh-excerpt\"><p>A car\u00f3n de onde eu moro, existe unha casa vella que, como t\u00f3dalas casas, dispu\u00f1a dunha cheminea, e digo dispu\u00f1a porque o pico desmontouna insensiblemente, inexorablemente, tixolo a tixolo, non vou entrar nos por ques <a class=\"mh-excerpt-more\" href=\"https:\/\/www.anovapeneira.gal\/index.php\/2023\/08\/21\/cousas-de-salvaterra-dona-teresa-alonso-parada\/\" title=\"COUSAS DE SALVATERRA: Dona TERESA ALONSO PARADA.\">[&#8230;]<\/a><\/p>\n<\/div>","protected":false},"author":34,"featured_media":10292,"comment_status":"open","ping_status":"open","sticky":false,"template":"","format":"standard","meta":{"_exactmetrics_skip_tracking":false,"_exactmetrics_sitenote_active":false,"_exactmetrics_sitenote_note":"","_exactmetrics_sitenote_category":0,"footnotes":""},"categories":[7],"tags":[1300],"class_list":{"0":"post-10291","1":"post","2":"type-post","3":"status-publish","4":"format-standard","5":"has-post-thumbnail","7":"category-artigos-de-opinion","8":"tag-concello-de-salvaterra-de-mino"},"yoast_head":"<!-- This site is optimized with the Yoast SEO plugin v27.4 - https:\/\/yoast.com\/product\/yoast-seo-wordpress\/ -->\n<title>COUSAS DE SALVATERRA: Dona TERESA ALONSO PARADA. -<\/title>\n<meta name=\"description\" content=\"A car\u00f3n de onde eu moro, existe unha casa vella que, como t\u00f3dalas casas, dispu\u00f1a dunha cheminea, e digo dispu\u00f1a porque o pico desmontouna insensiblemente, inexorablemente, tixolo a tixolo, non vou entrar nos por ques\" \/>\n<meta name=\"robots\" content=\"index, follow, max-snippet:-1, max-image-preview:large, max-video-preview:-1\" \/>\n<link rel=\"canonical\" href=\"https:\/\/www.anovapeneira.gal\/index.php\/2023\/08\/21\/cousas-de-salvaterra-dona-teresa-alonso-parada\/\" \/>\n<meta property=\"og:locale\" content=\"gl_ES\" \/>\n<meta property=\"og:type\" content=\"article\" \/>\n<meta property=\"og:title\" content=\"COUSAS DE SALVATERRA: Dona TERESA ALONSO PARADA. -\" \/>\n<meta property=\"og:description\" content=\"A car\u00f3n de onde eu moro, existe unha casa vella que, como t\u00f3dalas casas, dispu\u00f1a dunha cheminea, e digo dispu\u00f1a porque o pico desmontouna insensiblemente, inexorablemente, tixolo a tixolo, non vou entrar nos por ques\" \/>\n<meta property=\"og:url\" content=\"https:\/\/www.anovapeneira.gal\/index.php\/2023\/08\/21\/cousas-de-salvaterra-dona-teresa-alonso-parada\/\" \/>\n<meta property=\"article:publisher\" content=\"https:\/\/www.facebook.com\/anovapeneira\" \/>\n<meta property=\"article:published_time\" content=\"2023-08-21T08:00:16+00:00\" \/>\n<meta property=\"og:image\" content=\"https:\/\/www.anovapeneira.gal\/wp-content\/uploads\/2023\/08\/teresa_alonso_parada_ca.jpg\" \/>\n\t<meta property=\"og:image:width\" content=\"720\" \/>\n\t<meta property=\"og:image:height\" content=\"432\" \/>\n\t<meta property=\"og:image:type\" content=\"image\/jpeg\" \/>\n<meta name=\"author\" content=\"Ant\u00f3n Lorenzo Gonz\u00e1lez\" \/>\n<meta name=\"twitter:card\" content=\"summary_large_image\" \/>\n<meta name=\"twitter:image\" content=\"https:\/\/www.anovapeneira.gal\/wp-content\/uploads\/2023\/08\/teresa_alonso_parada_ca.jpg\" \/>\n<meta name=\"twitter:creator\" content=\"@APeneira\" \/>\n<meta name=\"twitter:site\" content=\"@APeneira\" \/>\n<meta name=\"twitter:label1\" content=\"Escrito por\" \/>\n\t<meta name=\"twitter:data1\" content=\"Ant\u00f3n Lorenzo Gonz\u00e1lez\" \/>\n\t<meta name=\"twitter:label2\" content=\"Tempo de lectura\" \/>\n\t<meta name=\"twitter:data2\" content=\"7 minutos\" \/>\n<script type=\"application\/ld+json\" class=\"yoast-schema-graph\">{\"@context\":\"https:\\\/\\\/schema.org\",\"@graph\":[{\"@type\":\"Article\",\"@id\":\"https:\\\/\\\/www.anovapeneira.gal\\\/index.php\\\/2023\\\/08\\\/21\\\/cousas-de-salvaterra-dona-teresa-alonso-parada\\\/#article\",\"isPartOf\":{\"@id\":\"https:\\\/\\\/www.anovapeneira.gal\\\/index.php\\\/2023\\\/08\\\/21\\\/cousas-de-salvaterra-dona-teresa-alonso-parada\\\/\"},\"author\":{\"name\":\"Ant\u00f3n Lorenzo Gonz\u00e1lez\",\"@id\":\"https:\\\/\\\/www.anovapeneira.gal\\\/#\\\/schema\\\/person\\\/1bf91cd240796d05b6522e3d8a6e2d8e\"},\"headline\":\"COUSAS DE SALVATERRA: Dona TERESA ALONSO PARADA.\",\"datePublished\":\"2023-08-21T08:00:16+00:00\",\"mainEntityOfPage\":{\"@id\":\"https:\\\/\\\/www.anovapeneira.gal\\\/index.php\\\/2023\\\/08\\\/21\\\/cousas-de-salvaterra-dona-teresa-alonso-parada\\\/\"},\"wordCount\":1146,\"commentCount\":0,\"publisher\":{\"@id\":\"https:\\\/\\\/www.anovapeneira.gal\\\/#organization\"},\"image\":{\"@id\":\"https:\\\/\\\/www.anovapeneira.gal\\\/index.php\\\/2023\\\/08\\\/21\\\/cousas-de-salvaterra-dona-teresa-alonso-parada\\\/#primaryimage\"},\"thumbnailUrl\":\"https:\\\/\\\/www.anovapeneira.gal\\\/wp-content\\\/uploads\\\/2023\\\/08\\\/teresa_alonso_parada_ca.jpg\",\"keywords\":[\"Concello de Salvaterra de Mi\u00f1o\"],\"articleSection\":[\"Artigos de opini\u00f3n\"],\"inLanguage\":\"gl-ES\",\"potentialAction\":[{\"@type\":\"CommentAction\",\"name\":\"Comment\",\"target\":[\"https:\\\/\\\/www.anovapeneira.gal\\\/index.php\\\/2023\\\/08\\\/21\\\/cousas-de-salvaterra-dona-teresa-alonso-parada\\\/#respond\"]}]},{\"@type\":\"WebPage\",\"@id\":\"https:\\\/\\\/www.anovapeneira.gal\\\/index.php\\\/2023\\\/08\\\/21\\\/cousas-de-salvaterra-dona-teresa-alonso-parada\\\/\",\"url\":\"https:\\\/\\\/www.anovapeneira.gal\\\/index.php\\\/2023\\\/08\\\/21\\\/cousas-de-salvaterra-dona-teresa-alonso-parada\\\/\",\"name\":\"COUSAS DE SALVATERRA: Dona TERESA ALONSO PARADA. -\",\"isPartOf\":{\"@id\":\"https:\\\/\\\/www.anovapeneira.gal\\\/#website\"},\"primaryImageOfPage\":{\"@id\":\"https:\\\/\\\/www.anovapeneira.gal\\\/index.php\\\/2023\\\/08\\\/21\\\/cousas-de-salvaterra-dona-teresa-alonso-parada\\\/#primaryimage\"},\"image\":{\"@id\":\"https:\\\/\\\/www.anovapeneira.gal\\\/index.php\\\/2023\\\/08\\\/21\\\/cousas-de-salvaterra-dona-teresa-alonso-parada\\\/#primaryimage\"},\"thumbnailUrl\":\"https:\\\/\\\/www.anovapeneira.gal\\\/wp-content\\\/uploads\\\/2023\\\/08\\\/teresa_alonso_parada_ca.jpg\",\"datePublished\":\"2023-08-21T08:00:16+00:00\",\"description\":\"A car\u00f3n de onde eu moro, existe unha casa vella que, como t\u00f3dalas casas, dispu\u00f1a dunha cheminea, e digo dispu\u00f1a porque o pico desmontouna insensiblemente, inexorablemente, tixolo a tixolo, non vou entrar nos por ques\",\"breadcrumb\":{\"@id\":\"https:\\\/\\\/www.anovapeneira.gal\\\/index.php\\\/2023\\\/08\\\/21\\\/cousas-de-salvaterra-dona-teresa-alonso-parada\\\/#breadcrumb\"},\"inLanguage\":\"gl-ES\",\"potentialAction\":[{\"@type\":\"ReadAction\",\"target\":[\"https:\\\/\\\/www.anovapeneira.gal\\\/index.php\\\/2023\\\/08\\\/21\\\/cousas-de-salvaterra-dona-teresa-alonso-parada\\\/\"]}]},{\"@type\":\"ImageObject\",\"inLanguage\":\"gl-ES\",\"@id\":\"https:\\\/\\\/www.anovapeneira.gal\\\/index.php\\\/2023\\\/08\\\/21\\\/cousas-de-salvaterra-dona-teresa-alonso-parada\\\/#primaryimage\",\"url\":\"https:\\\/\\\/www.anovapeneira.gal\\\/wp-content\\\/uploads\\\/2023\\\/08\\\/teresa_alonso_parada_ca.jpg\",\"contentUrl\":\"https:\\\/\\\/www.anovapeneira.gal\\\/wp-content\\\/uploads\\\/2023\\\/08\\\/teresa_alonso_parada_ca.jpg\",\"width\":720,\"height\":432,\"caption\":\"TERESA ALONSO PARADA\"},{\"@type\":\"BreadcrumbList\",\"@id\":\"https:\\\/\\\/www.anovapeneira.gal\\\/index.php\\\/2023\\\/08\\\/21\\\/cousas-de-salvaterra-dona-teresa-alonso-parada\\\/#breadcrumb\",\"itemListElement\":[{\"@type\":\"ListItem\",\"position\":1,\"name\":\"Portada\",\"item\":\"https:\\\/\\\/www.anovapeneira.gal\\\/\"},{\"@type\":\"ListItem\",\"position\":2,\"name\":\"COUSAS DE SALVATERRA: Dona TERESA ALONSO PARADA.\"}]},{\"@type\":\"WebSite\",\"@id\":\"https:\\\/\\\/www.anovapeneira.gal\\\/#website\",\"url\":\"https:\\\/\\\/www.anovapeneira.gal\\\/\",\"name\":\"\",\"description\":\"Xornal galego de informaci\u00f3n xeral Publicaci\u00f3n mensual de novas de Galicia e en especial dos Concellos da sur da provincia de Pontevedra.\",\"publisher\":{\"@id\":\"https:\\\/\\\/www.anovapeneira.gal\\\/#organization\"},\"potentialAction\":[{\"@type\":\"SearchAction\",\"target\":{\"@type\":\"EntryPoint\",\"urlTemplate\":\"https:\\\/\\\/www.anovapeneira.gal\\\/?s={search_term_string}\"},\"query-input\":{\"@type\":\"PropertyValueSpecification\",\"valueRequired\":true,\"valueName\":\"search_term_string\"}}],\"inLanguage\":\"gl-ES\"},{\"@type\":\"Organization\",\"@id\":\"https:\\\/\\\/www.anovapeneira.gal\\\/#organization\",\"name\":\"A Nova Peneira\",\"url\":\"https:\\\/\\\/www.anovapeneira.gal\\\/\",\"logo\":{\"@type\":\"ImageObject\",\"inLanguage\":\"gl-ES\",\"@id\":\"https:\\\/\\\/www.anovapeneira.gal\\\/#\\\/schema\\\/logo\\\/image\\\/\",\"url\":\"http:\\\/\\\/www.anovapeneira.gal\\\/wp-content\\\/uploads\\\/2019\\\/06\\\/logo_a_nova_peneira_portal_web.png\",\"contentUrl\":\"http:\\\/\\\/www.anovapeneira.gal\\\/wp-content\\\/uploads\\\/2019\\\/06\\\/logo_a_nova_peneira_portal_web.png\",\"width\":300,\"height\":100,\"caption\":\"A Nova Peneira\"},\"image\":{\"@id\":\"https:\\\/\\\/www.anovapeneira.gal\\\/#\\\/schema\\\/logo\\\/image\\\/\"},\"sameAs\":[\"https:\\\/\\\/www.facebook.com\\\/anovapeneira\",\"https:\\\/\\\/x.com\\\/APeneira\"]},{\"@type\":\"Person\",\"@id\":\"https:\\\/\\\/www.anovapeneira.gal\\\/#\\\/schema\\\/person\\\/1bf91cd240796d05b6522e3d8a6e2d8e\",\"name\":\"Ant\u00f3n Lorenzo Gonz\u00e1lez\",\"image\":{\"@type\":\"ImageObject\",\"inLanguage\":\"gl-ES\",\"@id\":\"https:\\\/\\\/secure.gravatar.com\\\/avatar\\\/dcd882e8f4338e07610336943426400d525673506eb37ce59442ba704e5cc971?s=96&d=mm&r=g\",\"url\":\"https:\\\/\\\/secure.gravatar.com\\\/avatar\\\/dcd882e8f4338e07610336943426400d525673506eb37ce59442ba704e5cc971?s=96&d=mm&r=g\",\"contentUrl\":\"https:\\\/\\\/secure.gravatar.com\\\/avatar\\\/dcd882e8f4338e07610336943426400d525673506eb37ce59442ba704e5cc971?s=96&d=mm&r=g\",\"caption\":\"Ant\u00f3n Lorenzo Gonz\u00e1lez\"},\"url\":\"https:\\\/\\\/www.anovapeneira.gal\\\/index.php\\\/author\\\/xaque\\\/\"}]}<\/script>\n<!-- \/ Yoast SEO plugin. -->","yoast_head_json":{"title":"COUSAS DE SALVATERRA: Dona TERESA ALONSO PARADA. -","description":"A car\u00f3n de onde eu moro, existe unha casa vella que, como t\u00f3dalas casas, dispu\u00f1a dunha cheminea, e digo dispu\u00f1a porque o pico desmontouna insensiblemente, inexorablemente, tixolo a tixolo, non vou entrar nos por ques","robots":{"index":"index","follow":"follow","max-snippet":"max-snippet:-1","max-image-preview":"max-image-preview:large","max-video-preview":"max-video-preview:-1"},"canonical":"https:\/\/www.anovapeneira.gal\/index.php\/2023\/08\/21\/cousas-de-salvaterra-dona-teresa-alonso-parada\/","og_locale":"gl_ES","og_type":"article","og_title":"COUSAS DE SALVATERRA: Dona TERESA ALONSO PARADA. -","og_description":"A car\u00f3n de onde eu moro, existe unha casa vella que, como t\u00f3dalas casas, dispu\u00f1a dunha cheminea, e digo dispu\u00f1a porque o pico desmontouna insensiblemente, inexorablemente, tixolo a tixolo, non vou entrar nos por ques","og_url":"https:\/\/www.anovapeneira.gal\/index.php\/2023\/08\/21\/cousas-de-salvaterra-dona-teresa-alonso-parada\/","article_publisher":"https:\/\/www.facebook.com\/anovapeneira","article_published_time":"2023-08-21T08:00:16+00:00","og_image":[{"width":720,"height":432,"url":"https:\/\/www.anovapeneira.gal\/wp-content\/uploads\/2023\/08\/teresa_alonso_parada_ca.jpg","type":"image\/jpeg"}],"author":"Ant\u00f3n Lorenzo Gonz\u00e1lez","twitter_card":"summary_large_image","twitter_image":"https:\/\/www.anovapeneira.gal\/wp-content\/uploads\/2023\/08\/teresa_alonso_parada_ca.jpg","twitter_creator":"@APeneira","twitter_site":"@APeneira","twitter_misc":{"Escrito por":"Ant\u00f3n Lorenzo Gonz\u00e1lez","Tempo de lectura":"7 minutos"},"schema":{"@context":"https:\/\/schema.org","@graph":[{"@type":"Article","@id":"https:\/\/www.anovapeneira.gal\/index.php\/2023\/08\/21\/cousas-de-salvaterra-dona-teresa-alonso-parada\/#article","isPartOf":{"@id":"https:\/\/www.anovapeneira.gal\/index.php\/2023\/08\/21\/cousas-de-salvaterra-dona-teresa-alonso-parada\/"},"author":{"name":"Ant\u00f3n Lorenzo Gonz\u00e1lez","@id":"https:\/\/www.anovapeneira.gal\/#\/schema\/person\/1bf91cd240796d05b6522e3d8a6e2d8e"},"headline":"COUSAS DE SALVATERRA: Dona TERESA ALONSO PARADA.","datePublished":"2023-08-21T08:00:16+00:00","mainEntityOfPage":{"@id":"https:\/\/www.anovapeneira.gal\/index.php\/2023\/08\/21\/cousas-de-salvaterra-dona-teresa-alonso-parada\/"},"wordCount":1146,"commentCount":0,"publisher":{"@id":"https:\/\/www.anovapeneira.gal\/#organization"},"image":{"@id":"https:\/\/www.anovapeneira.gal\/index.php\/2023\/08\/21\/cousas-de-salvaterra-dona-teresa-alonso-parada\/#primaryimage"},"thumbnailUrl":"https:\/\/www.anovapeneira.gal\/wp-content\/uploads\/2023\/08\/teresa_alonso_parada_ca.jpg","keywords":["Concello de Salvaterra de Mi\u00f1o"],"articleSection":["Artigos de opini\u00f3n"],"inLanguage":"gl-ES","potentialAction":[{"@type":"CommentAction","name":"Comment","target":["https:\/\/www.anovapeneira.gal\/index.php\/2023\/08\/21\/cousas-de-salvaterra-dona-teresa-alonso-parada\/#respond"]}]},{"@type":"WebPage","@id":"https:\/\/www.anovapeneira.gal\/index.php\/2023\/08\/21\/cousas-de-salvaterra-dona-teresa-alonso-parada\/","url":"https:\/\/www.anovapeneira.gal\/index.php\/2023\/08\/21\/cousas-de-salvaterra-dona-teresa-alonso-parada\/","name":"COUSAS DE SALVATERRA: Dona TERESA ALONSO PARADA. -","isPartOf":{"@id":"https:\/\/www.anovapeneira.gal\/#website"},"primaryImageOfPage":{"@id":"https:\/\/www.anovapeneira.gal\/index.php\/2023\/08\/21\/cousas-de-salvaterra-dona-teresa-alonso-parada\/#primaryimage"},"image":{"@id":"https:\/\/www.anovapeneira.gal\/index.php\/2023\/08\/21\/cousas-de-salvaterra-dona-teresa-alonso-parada\/#primaryimage"},"thumbnailUrl":"https:\/\/www.anovapeneira.gal\/wp-content\/uploads\/2023\/08\/teresa_alonso_parada_ca.jpg","datePublished":"2023-08-21T08:00:16+00:00","description":"A car\u00f3n de onde eu moro, existe unha casa vella que, como t\u00f3dalas casas, dispu\u00f1a dunha cheminea, e digo dispu\u00f1a porque o pico desmontouna insensiblemente, inexorablemente, tixolo a tixolo, non vou entrar nos por ques","breadcrumb":{"@id":"https:\/\/www.anovapeneira.gal\/index.php\/2023\/08\/21\/cousas-de-salvaterra-dona-teresa-alonso-parada\/#breadcrumb"},"inLanguage":"gl-ES","potentialAction":[{"@type":"ReadAction","target":["https:\/\/www.anovapeneira.gal\/index.php\/2023\/08\/21\/cousas-de-salvaterra-dona-teresa-alonso-parada\/"]}]},{"@type":"ImageObject","inLanguage":"gl-ES","@id":"https:\/\/www.anovapeneira.gal\/index.php\/2023\/08\/21\/cousas-de-salvaterra-dona-teresa-alonso-parada\/#primaryimage","url":"https:\/\/www.anovapeneira.gal\/wp-content\/uploads\/2023\/08\/teresa_alonso_parada_ca.jpg","contentUrl":"https:\/\/www.anovapeneira.gal\/wp-content\/uploads\/2023\/08\/teresa_alonso_parada_ca.jpg","width":720,"height":432,"caption":"TERESA ALONSO PARADA"},{"@type":"BreadcrumbList","@id":"https:\/\/www.anovapeneira.gal\/index.php\/2023\/08\/21\/cousas-de-salvaterra-dona-teresa-alonso-parada\/#breadcrumb","itemListElement":[{"@type":"ListItem","position":1,"name":"Portada","item":"https:\/\/www.anovapeneira.gal\/"},{"@type":"ListItem","position":2,"name":"COUSAS DE SALVATERRA: Dona TERESA ALONSO PARADA."}]},{"@type":"WebSite","@id":"https:\/\/www.anovapeneira.gal\/#website","url":"https:\/\/www.anovapeneira.gal\/","name":"","description":"Xornal galego de informaci\u00f3n xeral Publicaci\u00f3n mensual de novas de Galicia e en especial dos Concellos da sur da provincia de Pontevedra.","publisher":{"@id":"https:\/\/www.anovapeneira.gal\/#organization"},"potentialAction":[{"@type":"SearchAction","target":{"@type":"EntryPoint","urlTemplate":"https:\/\/www.anovapeneira.gal\/?s={search_term_string}"},"query-input":{"@type":"PropertyValueSpecification","valueRequired":true,"valueName":"search_term_string"}}],"inLanguage":"gl-ES"},{"@type":"Organization","@id":"https:\/\/www.anovapeneira.gal\/#organization","name":"A Nova Peneira","url":"https:\/\/www.anovapeneira.gal\/","logo":{"@type":"ImageObject","inLanguage":"gl-ES","@id":"https:\/\/www.anovapeneira.gal\/#\/schema\/logo\/image\/","url":"http:\/\/www.anovapeneira.gal\/wp-content\/uploads\/2019\/06\/logo_a_nova_peneira_portal_web.png","contentUrl":"http:\/\/www.anovapeneira.gal\/wp-content\/uploads\/2019\/06\/logo_a_nova_peneira_portal_web.png","width":300,"height":100,"caption":"A Nova Peneira"},"image":{"@id":"https:\/\/www.anovapeneira.gal\/#\/schema\/logo\/image\/"},"sameAs":["https:\/\/www.facebook.com\/anovapeneira","https:\/\/x.com\/APeneira"]},{"@type":"Person","@id":"https:\/\/www.anovapeneira.gal\/#\/schema\/person\/1bf91cd240796d05b6522e3d8a6e2d8e","name":"Ant\u00f3n Lorenzo Gonz\u00e1lez","image":{"@type":"ImageObject","inLanguage":"gl-ES","@id":"https:\/\/secure.gravatar.com\/avatar\/dcd882e8f4338e07610336943426400d525673506eb37ce59442ba704e5cc971?s=96&d=mm&r=g","url":"https:\/\/secure.gravatar.com\/avatar\/dcd882e8f4338e07610336943426400d525673506eb37ce59442ba704e5cc971?s=96&d=mm&r=g","contentUrl":"https:\/\/secure.gravatar.com\/avatar\/dcd882e8f4338e07610336943426400d525673506eb37ce59442ba704e5cc971?s=96&d=mm&r=g","caption":"Ant\u00f3n Lorenzo Gonz\u00e1lez"},"url":"https:\/\/www.anovapeneira.gal\/index.php\/author\/xaque\/"}]}},"jetpack_featured_media_url":"https:\/\/www.anovapeneira.gal\/wp-content\/uploads\/2023\/08\/teresa_alonso_parada_ca.jpg","_links":{"self":[{"href":"https:\/\/www.anovapeneira.gal\/index.php\/wp-json\/wp\/v2\/posts\/10291","targetHints":{"allow":["GET"]}}],"collection":[{"href":"https:\/\/www.anovapeneira.gal\/index.php\/wp-json\/wp\/v2\/posts"}],"about":[{"href":"https:\/\/www.anovapeneira.gal\/index.php\/wp-json\/wp\/v2\/types\/post"}],"author":[{"embeddable":true,"href":"https:\/\/www.anovapeneira.gal\/index.php\/wp-json\/wp\/v2\/users\/34"}],"replies":[{"embeddable":true,"href":"https:\/\/www.anovapeneira.gal\/index.php\/wp-json\/wp\/v2\/comments?post=10291"}],"version-history":[{"count":3,"href":"https:\/\/www.anovapeneira.gal\/index.php\/wp-json\/wp\/v2\/posts\/10291\/revisions"}],"predecessor-version":[{"id":10297,"href":"https:\/\/www.anovapeneira.gal\/index.php\/wp-json\/wp\/v2\/posts\/10291\/revisions\/10297"}],"wp:featuredmedia":[{"embeddable":true,"href":"https:\/\/www.anovapeneira.gal\/index.php\/wp-json\/wp\/v2\/media\/10292"}],"wp:attachment":[{"href":"https:\/\/www.anovapeneira.gal\/index.php\/wp-json\/wp\/v2\/media?parent=10291"}],"wp:term":[{"taxonomy":"category","embeddable":true,"href":"https:\/\/www.anovapeneira.gal\/index.php\/wp-json\/wp\/v2\/categories?post=10291"},{"taxonomy":"post_tag","embeddable":true,"href":"https:\/\/www.anovapeneira.gal\/index.php\/wp-json\/wp\/v2\/tags?post=10291"}],"curies":[{"name":"wp","href":"https:\/\/api.w.org\/{rel}","templated":true}]}}