{"id":10298,"date":"2023-08-21T12:00:33","date_gmt":"2023-08-21T10:00:33","guid":{"rendered":"https:\/\/www.anovapeneira.gal\/?p=10298"},"modified":"2023-08-21T08:39:05","modified_gmt":"2023-08-21T06:39:05","slug":"manu-lourenzo-alcalde-de-soutomaior","status":"publish","type":"post","link":"https:\/\/www.anovapeneira.gal\/index.php\/2023\/08\/21\/manu-lourenzo-alcalde-de-soutomaior\/","title":{"rendered":"Manu Lourenzo, alcalde de Soutomaior"},"content":{"rendered":"\n<p>\u201c<strong>Non queremos perder o tempo que precisamos para transformar Soutomaior mirando atr\u00e1s\u201d<\/strong><\/p>\n\n\n\n<p>Para Manuel Lourenzo, actual alcalde de Soutomaior, cumpriuse o dito de que \u00e1 terceira vai a vencida. En 2015, a candidatura do BNG que lideraba quedouse a 369 votos, en 2019 a 43, e nas \u00faltimas elecci\u00f3ns municipais do pasado 28 de maio dobregou a Agust\u00edn Reguera nas urnas, con 194 votos m\u00e1is c\u00f3 PP. O discurso de renovaci\u00f3n deste licenciado en Filolox\u00eda Galega con experiencia docente ilusionaba cada vez m\u00e1is, e era cuesti\u00f3n de tempo que os veci\u00f1os e as veci\u00f1as da localidade confiasen maioritariamente nel. Falamos con el dentro dos seus primeiros cen d\u00edas de goberno, principalmente do traballo pol\u00edtico e administrativo que te\u00f1en por diante.<\/p>\n\n\n\n<p><strong>Despois de ter acariciado a alcald\u00eda de Soutomaior hai catro anos, como se sentiu ao ver os resultados do 28 de maio e, sobre todo, ao recibir o bast\u00f3n de mando no plano de investidura?<\/strong><\/p>\n\n\n\n<blockquote class=\"wp-block-quote is-layout-flow wp-block-quote-is-layout-flow\">\n<p>Eu sent\u00edn sobre todo agradecemento. Que unha maior\u00eda tan significativa do pobo de Soutomaior depositase a s\u00faa confianza en n\u00f3s \u00e9 un reco\u00f1ecemento a todo o traballo que levamos facendo desde xa hai moitos anos fronte a unha maior\u00eda absoluta. Que o BNG ga\u00f1ase as elecci\u00f3ns e cun resultado tan contundente ten m\u00e1is valor a\u00ednda. En resumo: agradecemento, esperanza e moit\u00edsima ilusi\u00f3n polo que temos por diante.<\/p>\n<\/blockquote>\n\n\n\n<p><strong>Non leva nin cen d\u00edas de goberno. Como foron estes primeiros d\u00edas \u00e1 fronte do Concello de Soutomaior?<\/strong><\/p>\n\n\n\n<blockquote class=\"wp-block-quote is-layout-flow wp-block-quote-is-layout-flow\">\n<p>Non paramos, hai moit\u00edsimo que facer. Principalmente estamos situando o concello e a administraci\u00f3n no marco que precisamos para levar adiante este proxecto pol\u00edtico, ordenando e preparando todo co horizonte de setembro. Precisamos tomar velocidade de cruceiro para levar adiante o proxecto do novo Soutomaior durante os pr\u00f3ximos catro anos.<\/p>\n<\/blockquote>\n\n\n\n<p><strong>Como se atoparon o concello, por exemplo financeiramente?<\/strong><\/p>\n\n\n\n<blockquote class=\"wp-block-quote is-layout-flow wp-block-quote-is-layout-flow\">\n<p>Respecto do goberno anterior, temos maneiras moi diferentes de traballar, non compartimos nin o fondo nin a forma. O noso xeito de entender a administraci\u00f3n e a participaci\u00f3n pol\u00edtica da veci\u00f1anza \u00e9 totalmente distinto. Dito isto, n\u00f3s decidimos pensar no Soutomaior de futuro: constru\u00edr, transformar e mellorar a vida dos veci\u00f1os e veci\u00f1as. Queremos deixar atr\u00e1s o pasado, non entrar en reproches nin perder o tempo que precisamos para transformar Soutomaior mirando para atr\u00e1s. Cando entramos o orzamento municipal estaba superado en 400.000 euros, pero hai remanente e estamos traballando na construci\u00f3n do novo Soutomaior, que \u00e9 o que lle importa \u00e1 veci\u00f1anza.<\/p>\n<\/blockquote>\n\n\n\n<p><strong>Cales foron ou van ser as primeiras medidas do goberno do BNG?<\/strong><\/p>\n\n\n\n<blockquote class=\"wp-block-quote is-layout-flow wp-block-quote-is-layout-flow\">\n<p>Xa estamos traballando no modelo urbano e na estrutura do concello, en diferentes proxectos como o pol\u00edgono industrial e os mu\u00ed\u00f1os de Dai\u00f3n. Respecto da organizaci\u00f3n do persoal, xa tivemos reuni\u00f3ns. \u00c9 certo que o persoal municipal ti\u00f1a uns salarios moi baixi\u00f1os. No pr\u00f3ximo orzamento xa imos realizar unha suba salarial. Tam\u00e9n trataremos de aprobar unha RPT (Relaci\u00f3n de Postos de Traballo) en 2024. Eu xa lle ped\u00edn unha reuni\u00f3n \u00e1 Conseller\u00eda de Infraestruturas para valorar a transferencia das r\u00faas Xos\u00e9 Solla e Roxelio Landeiro. Tam\u00e9n pedimos unha reuni\u00f3n con Estradas do Estado para buscar soluci\u00f3ns ao que est\u00e1 acontecendo na N-550. Estamos traballando en vertebrar os n\u00facleos m\u00e1is rurais de Soutomaior a trav\u00e9s de n\u00facleos de centralidade. Este \u00e9 un proxecto que levamos moito madurando e estudando. Agora o que esixe \u00e9 o m\u00e1ximo rigor para aplicalo.<\/p>\n<\/blockquote>\n\n\n\n<p><strong>Escoit\u00e1moslle falar a mi\u00fado do novo Soutomaior. Como nos podemos imaxinar o concello despois de catro anos de renovaci\u00f3n?<\/strong><\/p>\n\n\n\n<blockquote class=\"wp-block-quote is-layout-flow wp-block-quote-is-layout-flow\">\n<p>Hai varias li\u00f1as de traballo. Queremos un Soutomaior m\u00e1is activo, no sentido de que debe ter unha maior diversidade cultural e un maior dinamismo na oferta cultural, social e deportiva; un Soutomaior m\u00e1is verde, que esixe traballar no saneamento da r\u00eda, a posta en valor do noso monte e outras cuesti\u00f3ns ambientais; e un Soutomaior m\u00e1is humano, vertebrado e comunicado. Apostamos por un modelo de concello no que poidamos superar este caos de tr\u00e1fico que estamos padecendo a trav\u00e9s dun urbanismo amable, accesible para todo o mundo e ecol\u00f3xico.<\/p>\n<\/blockquote>\n\n\n\n<p><strong>Estas li\u00f1as de traballo coinciden coas que promoveu a Deputaci\u00f3n de Pontevedra durante o pasado mandato a trav\u00e9s do Plan \u00c1gora, por exemplo. Teme que as oportunidades de financiamento ming\u00fcen agora que est\u00e1 gobernando o PP na provincia?<\/strong><\/p>\n\n\n\n<blockquote class=\"wp-block-quote is-layout-flow wp-block-quote-is-layout-flow\">\n<p>Son li\u00f1as de traballo que non son exclusivamente da Deputaci\u00f3n, sen\u00f3n que se est\u00e1n dando en toda Europa porque \u00e9 o que di o sentido com\u00fan. Queremos avanzar cara a espazos urbanos m\u00e1is sostibles, comunicados e accesibles. Est\u00e1 pasando en toda Europa, en todo o Estado. E incluso no noso pa\u00eds o est\u00e1n facendo concellos de todos os signos pol\u00edticos. Non temos ning\u00fan elemento para dubidar que vaia haber un cambio de criterio na Deputaci\u00f3n. N\u00f3s, en todo caso, cremos que ese \u00e9 o futuro dos espazos urbanos e queremos contar coa colaboraci\u00f3n de todas as administraci\u00f3ns: do Estado, da Xunta, da Deputaci\u00f3n\u2026 Tam\u00e9n estamos traballando xa en proxectos con varias enxe\u00f1er\u00edas para captar fondos europeos, xa que hai unha fonte de financiamento important\u00edsima a\u00ed. Nese sentido somos cautelosos. Non temos ning\u00fan elemento para dubidar. Esta \u00e9 unha li\u00f1a de traballo de futuro, estrat\u00e9xica, que vai m\u00e1is al\u00e1 dunha administraci\u00f3n como \u00e9 a Deputaci\u00f3n.<\/p>\n<\/blockquote>\n\n\n\n<p><strong>Agora que menciona a Europa. Quedou atr\u00e1s Soutomaior, respecto doutros concellos, na captaci\u00f3n de fondos europeos nos \u00faltimos anos?<\/strong><\/p>\n\n\n\n<blockquote class=\"wp-block-quote is-layout-flow wp-block-quote-is-layout-flow\">\n<p>Estamos convencidos de que as\u00ed \u00e9. Foi unha oportunidade perdida. Pero insisto en que non queremos mirar cara a atr\u00e1s. Na nosa contorna hai concellos m\u00e1is pequenos que Soutomaior que recibiron mill\u00f3ns de euros e n\u00f3s queremos apostar por esa li\u00f1a de traballo porque consideramos que \u00e9 positiva para a veci\u00f1anza. As\u00ed e todo, ten un nivel de esixencia moi elevado e precisamos proxectos moi elaborados para optar a todas esas fontes de financiamento no pr\u00f3ximo ano. \u00c9 o que se espera de n\u00f3s, que sexamos un goberno responsable, con ganas de traballar e contribu\u00edr ao avance do concello.<\/p>\n<\/blockquote>\n\n\n\n<p><strong>Est\u00e1n contando co apoio doutros gobernos do BNG na provincia con m\u00e1is experiencia en captaci\u00f3n de fondos europeos?<\/strong><\/p>\n\n\n\n<blockquote class=\"wp-block-quote is-layout-flow wp-block-quote-is-layout-flow\">\n<p>Totalmente, estamos falando con todo o mundo, con gobernos referenciais do BNG e tam\u00e9n con outros concellos. Estamos tendo moita sorte porque contamos co apoio dos funcionarios. Estamos falando tam\u00e9n con enxe\u00f1er\u00edas que nos axudan a definir a estratexia para a captaci\u00f3n de fondos. Este \u00e9 un proxecto ambicioso pero s\u00f3lido, e \u00e9 importante sumar todas as forzas para poder levalo adiante.<\/p>\n<\/blockquote>\n\n\n\n<p><strong>Que nos pode adiantar dos proxectos que anticiparon este mandato, como o pol\u00edgono industrial ou a ampliaci\u00f3n do instituto?<\/strong><\/p>\n\n\n\n<blockquote class=\"wp-block-quote is-layout-flow wp-block-quote-is-layout-flow\">\n<p>Precisamente hai uns d\u00edas tivemos unha reuni\u00f3n co director do instituto. Vamos esixirlle \u00e1 Xunta que resolva esta situaci\u00f3n. Non se entende que un instituto con apenas cinco anos te\u00f1a problemas de masificaci\u00f3n, saturaci\u00f3n e falta de oferta educativa. Respecto do pol\u00edgono industrial, que tam\u00e9n \u00e9 un proxecto central e estrat\u00e9xico, queremos apostar por un pol\u00edgono verde, con naves ben dimensionadas e integradas na paisaxe, servizos que te\u00f1an un impacto sostible. Agardamos optar a financiamento europeo para iniciar todos estes proxectos.<\/p>\n<\/blockquote>\n\n\n\n<p><strong>Cuesti\u00f3ns como a normalizaci\u00f3n ling\u00fc\u00edstica e a participaci\u00f3n veci\u00f1al estiveron amplamente abandonadas durante os sucesivos gobernos de Agust\u00edn Reguera. Que enfoque vanlle dar vostedes?<\/strong><\/p>\n\n\n\n<blockquote class=\"wp-block-quote is-layout-flow wp-block-quote-is-layout-flow\">\n<p>A promoci\u00f3n e normalizaci\u00f3n do idioma \u00e9 unha cuesti\u00f3n de base. O primeiro que fixemos foi dar cumprimento \u00e1 normativa ling\u00fc\u00edstica que xa existe no concello desde o ano 1999. Ata agora non se estaba cumprindo. Queremos contribu\u00edr \u00e1 normalizaci\u00f3n ling\u00fc\u00edstica de xeito transversal, simplemente inclu\u00edndo o seu uso nas actividades municipais. Respecto da participaci\u00f3n, xa creamos un consello de montes para implicar \u00e1s comunidades de montes veci\u00f1ais en man com\u00fan no futuro da masa forestal, nas actuaci\u00f3ns que poidamos facer nese \u00e1mbito,&#8230; Seguiremos creando estruturas municipais para favorecer a participaci\u00f3n da veci\u00f1anza, convocando reuni\u00f3ns polos barrios, presentando proxectos,&#8230; Socializaremos e escoitaremos, que \u00e9 o que lle corresponde a un goberno que nace do pobo e cre na participaci\u00f3n do pobo.<\/p>\n<\/blockquote>\n\n\n\n<p><strong>E respecto do desenvolvemento rural, que estratexia te\u00f1en?<\/strong><\/p>\n\n\n\n<blockquote class=\"wp-block-quote is-layout-flow wp-block-quote-is-layout-flow\">\n<p>Soutomaior \u00e9 un concello cun problema de dispersi\u00f3n en varios dos barrios. Pretendemos traballar a trav\u00e9s de n\u00facleos de centralidade que sexan unha referencia urbana a partir da cal os barrios poidan crecer ordenados e te\u00f1an unha mellor comunicaci\u00f3n. O potencial \u00e9 inmenso. Temos o mellor da vida rural e o mellor dos servizos urbanos. Tr\u00e1tase de traballar nesta simbiose para que o rural ga\u00f1e poboaci\u00f3n. Temos un vimbios de calidade, agora o que hai que facer \u00e9 constru\u00edr o cesto que merece o noso rural.<\/p>\n<\/blockquote>\n\n\n\n<p><strong>Parece que o PP est\u00e1 considerando recuperar a apertura do ciclo pol\u00edtico no castelo de Soutomaior. Como alcalde nacionalista do concello, que opini\u00f3n ten sobre este posible evento?<\/strong><\/p>\n\n\n\n<blockquote class=\"wp-block-quote is-layout-flow wp-block-quote-is-layout-flow\">\n<p>Non tiven ocasi\u00f3n de ver esa noticia. En calquera caso, como xa dixen, n\u00f3s respectamos todas as decisi\u00f3n que tomen na Deputaci\u00f3n. Estariamos encantados de que o PP queira iniciar o seu curso pol\u00edtico nun concello no que o PP perdeu as elecci\u00f3ns, e os BNG as ga\u00f1ou.<\/p>\n<\/blockquote>\n","protected":false},"excerpt":{"rendered":"<div class=\"mh-excerpt\"><p>\u201cNon queremos perder o tempo que precisamos para transformar Soutomaior mirando atr\u00e1s\u201d <a class=\"mh-excerpt-more\" href=\"https:\/\/www.anovapeneira.gal\/index.php\/2023\/08\/21\/manu-lourenzo-alcalde-de-soutomaior\/\" title=\"Manu Lourenzo, alcalde de Soutomaior\">[&#8230;]<\/a><\/p>\n<\/div>","protected":false},"author":41,"featured_media":10299,"comment_status":"open","ping_status":"open","sticky":false,"template":"","format":"standard","meta":{"_exactmetrics_skip_tracking":false,"_exactmetrics_sitenote_active":false,"_exactmetrics_sitenote_note":"","_exactmetrics_sitenote_category":0,"footnotes":""},"categories":[24],"tags":[1348],"class_list":{"0":"post-10298","1":"post","2":"type-post","3":"status-publish","4":"format-standard","5":"has-post-thumbnail","7":"category-redondela","8":"tag-concello-de-soutomaior"},"yoast_head":"<!-- This site is optimized with the Yoast SEO plugin v27.4 - https:\/\/yoast.com\/product\/yoast-seo-wordpress\/ -->\n<title>Manu Lourenzo, alcalde de Soutomaior -<\/title>\n<meta name=\"description\" content=\"Non queremos perder o tempo que precisamos para transformar Soutomaior mirando atr\u00e1s\" \/>\n<meta name=\"robots\" content=\"index, follow, max-snippet:-1, max-image-preview:large, max-video-preview:-1\" \/>\n<link rel=\"canonical\" href=\"https:\/\/www.anovapeneira.gal\/index.php\/2023\/08\/21\/manu-lourenzo-alcalde-de-soutomaior\/\" \/>\n<meta property=\"og:locale\" content=\"gl_ES\" \/>\n<meta property=\"og:type\" content=\"article\" \/>\n<meta property=\"og:title\" content=\"Manu Lourenzo, alcalde de Soutomaior -\" \/>\n<meta property=\"og:description\" content=\"Non queremos perder o tempo que precisamos para transformar Soutomaior mirando atr\u00e1s\" \/>\n<meta property=\"og:url\" content=\"https:\/\/www.anovapeneira.gal\/index.php\/2023\/08\/21\/manu-lourenzo-alcalde-de-soutomaior\/\" \/>\n<meta property=\"article:publisher\" content=\"https:\/\/www.facebook.com\/anovapeneira\" \/>\n<meta property=\"article:published_time\" content=\"2023-08-21T10:00:33+00:00\" \/>\n<meta property=\"og:image\" content=\"https:\/\/www.anovapeneira.gal\/wp-content\/uploads\/2023\/08\/manu_alcalde_Soutomaior.jpg\" \/>\n\t<meta property=\"og:image:width\" content=\"720\" \/>\n\t<meta property=\"og:image:height\" content=\"432\" \/>\n\t<meta property=\"og:image:type\" content=\"image\/jpeg\" \/>\n<meta name=\"author\" content=\"Alma L\u00f3pez Figueiras\" \/>\n<meta name=\"twitter:card\" content=\"summary_large_image\" \/>\n<meta name=\"twitter:creator\" content=\"@APeneira\" \/>\n<meta name=\"twitter:site\" content=\"@APeneira\" \/>\n<meta name=\"twitter:label1\" content=\"Escrito por\" \/>\n\t<meta name=\"twitter:data1\" content=\"Alma L\u00f3pez Figueiras\" \/>\n\t<meta name=\"twitter:label2\" content=\"Tempo de lectura\" \/>\n\t<meta name=\"twitter:data2\" content=\"2 minutos\" \/>\n<script type=\"application\/ld+json\" class=\"yoast-schema-graph\">{\"@context\":\"https:\\\/\\\/schema.org\",\"@graph\":[{\"@type\":\"Article\",\"@id\":\"https:\\\/\\\/www.anovapeneira.gal\\\/index.php\\\/2023\\\/08\\\/21\\\/manu-lourenzo-alcalde-de-soutomaior\\\/#article\",\"isPartOf\":{\"@id\":\"https:\\\/\\\/www.anovapeneira.gal\\\/index.php\\\/2023\\\/08\\\/21\\\/manu-lourenzo-alcalde-de-soutomaior\\\/\"},\"author\":{\"name\":\"Alma L\u00f3pez Figueiras\",\"@id\":\"https:\\\/\\\/www.anovapeneira.gal\\\/#\\\/schema\\\/person\\\/0746a5e9aff49562caf86a581a001c1c\"},\"headline\":\"Manu Lourenzo, alcalde de Soutomaior\",\"datePublished\":\"2023-08-21T10:00:33+00:00\",\"mainEntityOfPage\":{\"@id\":\"https:\\\/\\\/www.anovapeneira.gal\\\/index.php\\\/2023\\\/08\\\/21\\\/manu-lourenzo-alcalde-de-soutomaior\\\/\"},\"wordCount\":1613,\"commentCount\":0,\"publisher\":{\"@id\":\"https:\\\/\\\/www.anovapeneira.gal\\\/#organization\"},\"image\":{\"@id\":\"https:\\\/\\\/www.anovapeneira.gal\\\/index.php\\\/2023\\\/08\\\/21\\\/manu-lourenzo-alcalde-de-soutomaior\\\/#primaryimage\"},\"thumbnailUrl\":\"https:\\\/\\\/www.anovapeneira.gal\\\/wp-content\\\/uploads\\\/2023\\\/08\\\/manu_alcalde_Soutomaior.jpg\",\"keywords\":[\"Concello de Soutomaior\"],\"articleSection\":[\"Redondela\"],\"inLanguage\":\"gl-ES\",\"potentialAction\":[{\"@type\":\"CommentAction\",\"name\":\"Comment\",\"target\":[\"https:\\\/\\\/www.anovapeneira.gal\\\/index.php\\\/2023\\\/08\\\/21\\\/manu-lourenzo-alcalde-de-soutomaior\\\/#respond\"]}]},{\"@type\":\"WebPage\",\"@id\":\"https:\\\/\\\/www.anovapeneira.gal\\\/index.php\\\/2023\\\/08\\\/21\\\/manu-lourenzo-alcalde-de-soutomaior\\\/\",\"url\":\"https:\\\/\\\/www.anovapeneira.gal\\\/index.php\\\/2023\\\/08\\\/21\\\/manu-lourenzo-alcalde-de-soutomaior\\\/\",\"name\":\"Manu Lourenzo, alcalde de Soutomaior -\",\"isPartOf\":{\"@id\":\"https:\\\/\\\/www.anovapeneira.gal\\\/#website\"},\"primaryImageOfPage\":{\"@id\":\"https:\\\/\\\/www.anovapeneira.gal\\\/index.php\\\/2023\\\/08\\\/21\\\/manu-lourenzo-alcalde-de-soutomaior\\\/#primaryimage\"},\"image\":{\"@id\":\"https:\\\/\\\/www.anovapeneira.gal\\\/index.php\\\/2023\\\/08\\\/21\\\/manu-lourenzo-alcalde-de-soutomaior\\\/#primaryimage\"},\"thumbnailUrl\":\"https:\\\/\\\/www.anovapeneira.gal\\\/wp-content\\\/uploads\\\/2023\\\/08\\\/manu_alcalde_Soutomaior.jpg\",\"datePublished\":\"2023-08-21T10:00:33+00:00\",\"description\":\"Non queremos perder o tempo que precisamos para transformar Soutomaior mirando atr\u00e1s\",\"breadcrumb\":{\"@id\":\"https:\\\/\\\/www.anovapeneira.gal\\\/index.php\\\/2023\\\/08\\\/21\\\/manu-lourenzo-alcalde-de-soutomaior\\\/#breadcrumb\"},\"inLanguage\":\"gl-ES\",\"potentialAction\":[{\"@type\":\"ReadAction\",\"target\":[\"https:\\\/\\\/www.anovapeneira.gal\\\/index.php\\\/2023\\\/08\\\/21\\\/manu-lourenzo-alcalde-de-soutomaior\\\/\"]}]},{\"@type\":\"ImageObject\",\"inLanguage\":\"gl-ES\",\"@id\":\"https:\\\/\\\/www.anovapeneira.gal\\\/index.php\\\/2023\\\/08\\\/21\\\/manu-lourenzo-alcalde-de-soutomaior\\\/#primaryimage\",\"url\":\"https:\\\/\\\/www.anovapeneira.gal\\\/wp-content\\\/uploads\\\/2023\\\/08\\\/manu_alcalde_Soutomaior.jpg\",\"contentUrl\":\"https:\\\/\\\/www.anovapeneira.gal\\\/wp-content\\\/uploads\\\/2023\\\/08\\\/manu_alcalde_Soutomaior.jpg\",\"width\":720,\"height\":432,\"caption\":\"Manu Lourenzo, alcalde de Soutomaior\"},{\"@type\":\"BreadcrumbList\",\"@id\":\"https:\\\/\\\/www.anovapeneira.gal\\\/index.php\\\/2023\\\/08\\\/21\\\/manu-lourenzo-alcalde-de-soutomaior\\\/#breadcrumb\",\"itemListElement\":[{\"@type\":\"ListItem\",\"position\":1,\"name\":\"Portada\",\"item\":\"https:\\\/\\\/www.anovapeneira.gal\\\/\"},{\"@type\":\"ListItem\",\"position\":2,\"name\":\"Manu Lourenzo, alcalde de Soutomaior\"}]},{\"@type\":\"WebSite\",\"@id\":\"https:\\\/\\\/www.anovapeneira.gal\\\/#website\",\"url\":\"https:\\\/\\\/www.anovapeneira.gal\\\/\",\"name\":\"\",\"description\":\"Xornal galego de informaci\u00f3n xeral Publicaci\u00f3n mensual de novas de Galicia e en especial dos Concellos da sur da provincia de Pontevedra.\",\"publisher\":{\"@id\":\"https:\\\/\\\/www.anovapeneira.gal\\\/#organization\"},\"potentialAction\":[{\"@type\":\"SearchAction\",\"target\":{\"@type\":\"EntryPoint\",\"urlTemplate\":\"https:\\\/\\\/www.anovapeneira.gal\\\/?s={search_term_string}\"},\"query-input\":{\"@type\":\"PropertyValueSpecification\",\"valueRequired\":true,\"valueName\":\"search_term_string\"}}],\"inLanguage\":\"gl-ES\"},{\"@type\":\"Organization\",\"@id\":\"https:\\\/\\\/www.anovapeneira.gal\\\/#organization\",\"name\":\"A Nova Peneira\",\"url\":\"https:\\\/\\\/www.anovapeneira.gal\\\/\",\"logo\":{\"@type\":\"ImageObject\",\"inLanguage\":\"gl-ES\",\"@id\":\"https:\\\/\\\/www.anovapeneira.gal\\\/#\\\/schema\\\/logo\\\/image\\\/\",\"url\":\"http:\\\/\\\/www.anovapeneira.gal\\\/wp-content\\\/uploads\\\/2019\\\/06\\\/logo_a_nova_peneira_portal_web.png\",\"contentUrl\":\"http:\\\/\\\/www.anovapeneira.gal\\\/wp-content\\\/uploads\\\/2019\\\/06\\\/logo_a_nova_peneira_portal_web.png\",\"width\":300,\"height\":100,\"caption\":\"A Nova Peneira\"},\"image\":{\"@id\":\"https:\\\/\\\/www.anovapeneira.gal\\\/#\\\/schema\\\/logo\\\/image\\\/\"},\"sameAs\":[\"https:\\\/\\\/www.facebook.com\\\/anovapeneira\",\"https:\\\/\\\/x.com\\\/APeneira\"]},{\"@type\":\"Person\",\"@id\":\"https:\\\/\\\/www.anovapeneira.gal\\\/#\\\/schema\\\/person\\\/0746a5e9aff49562caf86a581a001c1c\",\"name\":\"Alma L\u00f3pez Figueiras\",\"image\":{\"@type\":\"ImageObject\",\"inLanguage\":\"gl-ES\",\"@id\":\"https:\\\/\\\/secure.gravatar.com\\\/avatar\\\/feba821d8b06f92a15842270e547b80062a95516341d6cf987c8062ab7527628?s=96&d=mm&r=g\",\"url\":\"https:\\\/\\\/secure.gravatar.com\\\/avatar\\\/feba821d8b06f92a15842270e547b80062a95516341d6cf987c8062ab7527628?s=96&d=mm&r=g\",\"contentUrl\":\"https:\\\/\\\/secure.gravatar.com\\\/avatar\\\/feba821d8b06f92a15842270e547b80062a95516341d6cf987c8062ab7527628?s=96&d=mm&r=g\",\"caption\":\"Alma L\u00f3pez Figueiras\"},\"url\":\"https:\\\/\\\/www.anovapeneira.gal\\\/index.php\\\/author\\\/almalfigueiras\\\/\"}]}<\/script>\n<!-- \/ Yoast SEO plugin. -->","yoast_head_json":{"title":"Manu Lourenzo, alcalde de Soutomaior -","description":"Non queremos perder o tempo que precisamos para transformar Soutomaior mirando atr\u00e1s","robots":{"index":"index","follow":"follow","max-snippet":"max-snippet:-1","max-image-preview":"max-image-preview:large","max-video-preview":"max-video-preview:-1"},"canonical":"https:\/\/www.anovapeneira.gal\/index.php\/2023\/08\/21\/manu-lourenzo-alcalde-de-soutomaior\/","og_locale":"gl_ES","og_type":"article","og_title":"Manu Lourenzo, alcalde de Soutomaior -","og_description":"Non queremos perder o tempo que precisamos para transformar Soutomaior mirando atr\u00e1s","og_url":"https:\/\/www.anovapeneira.gal\/index.php\/2023\/08\/21\/manu-lourenzo-alcalde-de-soutomaior\/","article_publisher":"https:\/\/www.facebook.com\/anovapeneira","article_published_time":"2023-08-21T10:00:33+00:00","og_image":[{"width":720,"height":432,"url":"https:\/\/www.anovapeneira.gal\/wp-content\/uploads\/2023\/08\/manu_alcalde_Soutomaior.jpg","type":"image\/jpeg"}],"author":"Alma L\u00f3pez Figueiras","twitter_card":"summary_large_image","twitter_creator":"@APeneira","twitter_site":"@APeneira","twitter_misc":{"Escrito por":"Alma L\u00f3pez Figueiras","Tempo de lectura":"2 minutos"},"schema":{"@context":"https:\/\/schema.org","@graph":[{"@type":"Article","@id":"https:\/\/www.anovapeneira.gal\/index.php\/2023\/08\/21\/manu-lourenzo-alcalde-de-soutomaior\/#article","isPartOf":{"@id":"https:\/\/www.anovapeneira.gal\/index.php\/2023\/08\/21\/manu-lourenzo-alcalde-de-soutomaior\/"},"author":{"name":"Alma L\u00f3pez Figueiras","@id":"https:\/\/www.anovapeneira.gal\/#\/schema\/person\/0746a5e9aff49562caf86a581a001c1c"},"headline":"Manu Lourenzo, alcalde de Soutomaior","datePublished":"2023-08-21T10:00:33+00:00","mainEntityOfPage":{"@id":"https:\/\/www.anovapeneira.gal\/index.php\/2023\/08\/21\/manu-lourenzo-alcalde-de-soutomaior\/"},"wordCount":1613,"commentCount":0,"publisher":{"@id":"https:\/\/www.anovapeneira.gal\/#organization"},"image":{"@id":"https:\/\/www.anovapeneira.gal\/index.php\/2023\/08\/21\/manu-lourenzo-alcalde-de-soutomaior\/#primaryimage"},"thumbnailUrl":"https:\/\/www.anovapeneira.gal\/wp-content\/uploads\/2023\/08\/manu_alcalde_Soutomaior.jpg","keywords":["Concello de Soutomaior"],"articleSection":["Redondela"],"inLanguage":"gl-ES","potentialAction":[{"@type":"CommentAction","name":"Comment","target":["https:\/\/www.anovapeneira.gal\/index.php\/2023\/08\/21\/manu-lourenzo-alcalde-de-soutomaior\/#respond"]}]},{"@type":"WebPage","@id":"https:\/\/www.anovapeneira.gal\/index.php\/2023\/08\/21\/manu-lourenzo-alcalde-de-soutomaior\/","url":"https:\/\/www.anovapeneira.gal\/index.php\/2023\/08\/21\/manu-lourenzo-alcalde-de-soutomaior\/","name":"Manu Lourenzo, alcalde de Soutomaior -","isPartOf":{"@id":"https:\/\/www.anovapeneira.gal\/#website"},"primaryImageOfPage":{"@id":"https:\/\/www.anovapeneira.gal\/index.php\/2023\/08\/21\/manu-lourenzo-alcalde-de-soutomaior\/#primaryimage"},"image":{"@id":"https:\/\/www.anovapeneira.gal\/index.php\/2023\/08\/21\/manu-lourenzo-alcalde-de-soutomaior\/#primaryimage"},"thumbnailUrl":"https:\/\/www.anovapeneira.gal\/wp-content\/uploads\/2023\/08\/manu_alcalde_Soutomaior.jpg","datePublished":"2023-08-21T10:00:33+00:00","description":"Non queremos perder o tempo que precisamos para transformar Soutomaior mirando atr\u00e1s","breadcrumb":{"@id":"https:\/\/www.anovapeneira.gal\/index.php\/2023\/08\/21\/manu-lourenzo-alcalde-de-soutomaior\/#breadcrumb"},"inLanguage":"gl-ES","potentialAction":[{"@type":"ReadAction","target":["https:\/\/www.anovapeneira.gal\/index.php\/2023\/08\/21\/manu-lourenzo-alcalde-de-soutomaior\/"]}]},{"@type":"ImageObject","inLanguage":"gl-ES","@id":"https:\/\/www.anovapeneira.gal\/index.php\/2023\/08\/21\/manu-lourenzo-alcalde-de-soutomaior\/#primaryimage","url":"https:\/\/www.anovapeneira.gal\/wp-content\/uploads\/2023\/08\/manu_alcalde_Soutomaior.jpg","contentUrl":"https:\/\/www.anovapeneira.gal\/wp-content\/uploads\/2023\/08\/manu_alcalde_Soutomaior.jpg","width":720,"height":432,"caption":"Manu Lourenzo, alcalde de Soutomaior"},{"@type":"BreadcrumbList","@id":"https:\/\/www.anovapeneira.gal\/index.php\/2023\/08\/21\/manu-lourenzo-alcalde-de-soutomaior\/#breadcrumb","itemListElement":[{"@type":"ListItem","position":1,"name":"Portada","item":"https:\/\/www.anovapeneira.gal\/"},{"@type":"ListItem","position":2,"name":"Manu Lourenzo, alcalde de Soutomaior"}]},{"@type":"WebSite","@id":"https:\/\/www.anovapeneira.gal\/#website","url":"https:\/\/www.anovapeneira.gal\/","name":"","description":"Xornal galego de informaci\u00f3n xeral Publicaci\u00f3n mensual de novas de Galicia e en especial dos Concellos da sur da provincia de Pontevedra.","publisher":{"@id":"https:\/\/www.anovapeneira.gal\/#organization"},"potentialAction":[{"@type":"SearchAction","target":{"@type":"EntryPoint","urlTemplate":"https:\/\/www.anovapeneira.gal\/?s={search_term_string}"},"query-input":{"@type":"PropertyValueSpecification","valueRequired":true,"valueName":"search_term_string"}}],"inLanguage":"gl-ES"},{"@type":"Organization","@id":"https:\/\/www.anovapeneira.gal\/#organization","name":"A Nova Peneira","url":"https:\/\/www.anovapeneira.gal\/","logo":{"@type":"ImageObject","inLanguage":"gl-ES","@id":"https:\/\/www.anovapeneira.gal\/#\/schema\/logo\/image\/","url":"http:\/\/www.anovapeneira.gal\/wp-content\/uploads\/2019\/06\/logo_a_nova_peneira_portal_web.png","contentUrl":"http:\/\/www.anovapeneira.gal\/wp-content\/uploads\/2019\/06\/logo_a_nova_peneira_portal_web.png","width":300,"height":100,"caption":"A Nova Peneira"},"image":{"@id":"https:\/\/www.anovapeneira.gal\/#\/schema\/logo\/image\/"},"sameAs":["https:\/\/www.facebook.com\/anovapeneira","https:\/\/x.com\/APeneira"]},{"@type":"Person","@id":"https:\/\/www.anovapeneira.gal\/#\/schema\/person\/0746a5e9aff49562caf86a581a001c1c","name":"Alma L\u00f3pez Figueiras","image":{"@type":"ImageObject","inLanguage":"gl-ES","@id":"https:\/\/secure.gravatar.com\/avatar\/feba821d8b06f92a15842270e547b80062a95516341d6cf987c8062ab7527628?s=96&d=mm&r=g","url":"https:\/\/secure.gravatar.com\/avatar\/feba821d8b06f92a15842270e547b80062a95516341d6cf987c8062ab7527628?s=96&d=mm&r=g","contentUrl":"https:\/\/secure.gravatar.com\/avatar\/feba821d8b06f92a15842270e547b80062a95516341d6cf987c8062ab7527628?s=96&d=mm&r=g","caption":"Alma L\u00f3pez Figueiras"},"url":"https:\/\/www.anovapeneira.gal\/index.php\/author\/almalfigueiras\/"}]}},"jetpack_featured_media_url":"https:\/\/www.anovapeneira.gal\/wp-content\/uploads\/2023\/08\/manu_alcalde_Soutomaior.jpg","_links":{"self":[{"href":"https:\/\/www.anovapeneira.gal\/index.php\/wp-json\/wp\/v2\/posts\/10298","targetHints":{"allow":["GET"]}}],"collection":[{"href":"https:\/\/www.anovapeneira.gal\/index.php\/wp-json\/wp\/v2\/posts"}],"about":[{"href":"https:\/\/www.anovapeneira.gal\/index.php\/wp-json\/wp\/v2\/types\/post"}],"author":[{"embeddable":true,"href":"https:\/\/www.anovapeneira.gal\/index.php\/wp-json\/wp\/v2\/users\/41"}],"replies":[{"embeddable":true,"href":"https:\/\/www.anovapeneira.gal\/index.php\/wp-json\/wp\/v2\/comments?post=10298"}],"version-history":[{"count":1,"href":"https:\/\/www.anovapeneira.gal\/index.php\/wp-json\/wp\/v2\/posts\/10298\/revisions"}],"predecessor-version":[{"id":10300,"href":"https:\/\/www.anovapeneira.gal\/index.php\/wp-json\/wp\/v2\/posts\/10298\/revisions\/10300"}],"wp:featuredmedia":[{"embeddable":true,"href":"https:\/\/www.anovapeneira.gal\/index.php\/wp-json\/wp\/v2\/media\/10299"}],"wp:attachment":[{"href":"https:\/\/www.anovapeneira.gal\/index.php\/wp-json\/wp\/v2\/media?parent=10298"}],"wp:term":[{"taxonomy":"category","embeddable":true,"href":"https:\/\/www.anovapeneira.gal\/index.php\/wp-json\/wp\/v2\/categories?post=10298"},{"taxonomy":"post_tag","embeddable":true,"href":"https:\/\/www.anovapeneira.gal\/index.php\/wp-json\/wp\/v2\/tags?post=10298"}],"curies":[{"name":"wp","href":"https:\/\/api.w.org\/{rel}","templated":true}]}}