{"id":10301,"date":"2023-08-22T10:00:58","date_gmt":"2023-08-22T08:00:58","guid":{"rendered":"https:\/\/www.anovapeneira.gal\/?p=10301"},"modified":"2023-08-21T08:43:28","modified_gmt":"2023-08-21T06:43:28","slug":"festas-do-monte-a-guarda-2023","status":"publish","type":"post","link":"https:\/\/www.anovapeneira.gal\/index.php\/2023\/08\/22\/festas-do-monte-a-guarda-2023\/","title":{"rendered":"Festas do Monte. A Guarda 2023"},"content":{"rendered":"\n<p>A semana do 7 ao 15 de agosto a vila de A Guarda celebrou unha nova edici\u00f3n das s\u00faas festas grandes, As Festas do Monte. Este acontecemento ten unha relevancia extraordinaria ata o punto que se pode dicir que, no medio dun oc\u00e9ano inmenso de festas e celebraci\u00f3ns que cada ver\u00e1n asolagan de ledicia , luz e cor o pa\u00eds galego en xeral e a comarca do Baixo Mi\u00f1o en particular, as Festas do Monte son as m\u00e1is significativas da comarca e est\u00e1n \u00e1 altura das m\u00e1is relevantes de todo o pa\u00eds. Este festexo \u00e9 declarado Festa de Interese Tur\u00edstico de Galicia. \u00c9 un evento emblem\u00e1tico que re\u00fane \u00e1 comunidade , tanto local como for\u00e1nea, que se achega a gozar das nosas festas, artelladas arredor da nosa historia , da nosa cultura, da nosa gastronom\u00eda , da beleza deste fermoso lugar do vello pa\u00eds galego e de todo o que significa o monte para as e os guardeses, o mesmo que o monte Olimpo para os gregos. O Trega \u00e9rguese maxestoso e impo\u00f1ente, e a s\u00faa inmortal masa p\u00e9trea ten observado desde o inicio dos tempos como as distintas xeraci\u00f3ns dos habitantes, que aqu\u00ed viviron, sufriron, amaron e morreron, foron constru\u00edndo a vila de A Guarda.<\/p>\n\n\n\n<p>O patrimonio hist\u00f3rico que comprende o Monte Santa Trega \u00e9 inestimable. \u00c9 vital que, durante a Festa do Monte, todos os asistentes sexan gardi\u00e1ns deste legado, evitando calquera dano ou alteraci\u00f3n. Por iso desde o concello fixeron un chamamento a que as reuni\u00f3ns familiares, as\u00ed como o tradicional xantar, se fixeran s\u00f3 nos lugares habilitados e convidaran a gozar das festas en toda a s\u00faa intensidade si, pero tam\u00e9n con m\u00e1xima responsabilidade.<\/p>\n\n\n\n<p><strong>As orixes, hai m\u00e1is dun s\u00e9culo:<\/strong><\/p>\n\n\n\n<p>En 1913 descubriuse o gran xacemento arquitect\u00f3nico de Santa Trega, e un ano m\u00e1is tarde inici\u00e1ronse as escavaci\u00f3ns arqueol\u00f3xicas que, cos anos, convert\u00e9ronse no recurso tur\u00edstico e cultural m\u00e1is visitado das R\u00edas Baixas. As Festas do Monte naceron para conmemorar, a iniciativa da Sociedade Pro-Monte, os sucesivos achados deste gran xacemento. En principio o acontecemento xurdiu cun car\u00e1cter moi familiar, pero moi pronto adquiriu gran relevancia na zona polo que se foi complementando con outras actividades culturais.<\/p>\n\n\n\n<p>As festas est\u00e1n organizadas pola Asociaci\u00f3n Cultural e Deportiva O Cancel\u00f3n e o Concello da Guarda, contando coa colaboraci\u00f3n da Deputaci\u00f3n de Pontevedra e dunha representaci\u00f3n das Asociaci\u00f3ns Culturais e Deportivas da vila.<\/p>\n\n\n\n<p><br>As festas incl\u00faen unha ampla programaci\u00f3n de actividades, entre as que destacan as verbenas na Alameda e o Desfile Folcl\u00f3rico Tradicional e de Bandas Mari\u00f1eiras, un dos actos que congrega a unha maior cantidade de p\u00fablico. Ao redor de 3.000 persoas toman parte neste evento entre grupos musicais, particulares e bandas. A cita sempre \u00e9 o s\u00e1bado ao mediod\u00eda.<\/p>\n\n\n\n<p>Un d\u00eda despois chega o momento cume, coa subida das Bandas Mari\u00f1eiras ao monte durante a ma\u00f1\u00e1. As e os participantes na romar\u00eda, entre os que destacan grupos de gaitas, grupos folcl\u00f3ricos e bandas mari\u00f1eiras, inician a s\u00faa andaina ata o cume do Trega nunha xornada festiva e musical na que as e os participantes fan a s\u00faa promesa de regresar \u201cao monte\u201d ao ano seguinte.<\/p>\n\n\n\n<p><strong>A edici\u00f3n 2023:<\/strong><\/p>\n\n\n\n<p>A edici\u00f3n deste 2023 iniciouse o s\u00e1bado 5 co IV torneo de petanca organizado polo club de petanca O Caldeiro, e pola asociaci\u00f3n veci\u00f1al Alameda e remataron o d\u00eda 15.Nestes 10 d\u00edas desenvolv\u00e9ronse un abano moi amplo de actividades como por exemplo pasarr\u00faas ( A Boalleira, grupo de gaitas da terceira idade de A Guarda&#8230;&#8230;), verbenas na Alameda ( Orquestras Pontevedra, Saudade&#8230;..), Partidos de f\u00fatbol, actuaci\u00f3ns de maxia&#8230;. E toda esta fusi\u00f3n de luz e cor , toda esta celebraci\u00f3n da vida culmina coas d\u00faas actividades estelares da semana do Monte:- O desfile das bandas mari\u00f1eiras desde a alameda ata ao porto, celebrado o s\u00e1bado 12 pola ma\u00f1\u00e1- E a actividade estrela de todas as estrelas : a subida ao monte, ao longo do domingo 13.<\/p>\n\n\n\n<p>A subida ao monte \u00e9 un espect\u00e1culo ao que c\u00f3mpre achegarse polo menos unha vez na vida. Milleiros de persoas participan nesta romaxe l\u00fadica acompa\u00f1adas polo treb\u00f3n sonoro dun feixe de bombos que son parte indisociable da cerna desta festa. Non se co\u00f1ece cal \u00e9 a s\u00faa orixe simb\u00f3lica, malia que se especula con que en realidade a treboada sonora trataba de manter lonxe \u00e1s treboadas meteorolox\u00edcas.<\/p>\n\n\n\n<p>N\u00f3s , como as mulleres e homes que o soben, prometemos volver ao Monte o ano que ven. E convidamos aos nosos lectores e lectoras a que as\u00ed o fagan.<\/p>\n","protected":false},"excerpt":{"rendered":"<div class=\"mh-excerpt\"><p>A semana do 7 ao 15 de agosto a vila de A Guarda celebrou unha nova edici\u00f3n das s\u00faas festas grandes, As Festas do Monte <a class=\"mh-excerpt-more\" href=\"https:\/\/www.anovapeneira.gal\/index.php\/2023\/08\/22\/festas-do-monte-a-guarda-2023\/\" title=\"Festas do Monte. A Guarda 2023\">[&#8230;]<\/a><\/p>\n<\/div>","protected":false},"author":17,"featured_media":10303,"comment_status":"open","ping_status":"open","sticky":false,"template":"","format":"standard","meta":{"_exactmetrics_skip_tracking":false,"_exactmetrics_sitenote_active":false,"_exactmetrics_sitenote_note":"","_exactmetrics_sitenote_category":0,"footnotes":""},"categories":[21],"tags":[238],"class_list":{"0":"post-10301","1":"post","2":"type-post","3":"status-publish","4":"format-standard","5":"has-post-thumbnail","7":"category-baixo-mino","8":"tag-concello-da-guarda"},"yoast_head":"<!-- This site is optimized with the Yoast SEO plugin v27.4 - https:\/\/yoast.com\/product\/yoast-seo-wordpress\/ -->\n<title>Festas do Monte. A Guarda 2023 -<\/title>\n<meta name=\"description\" content=\"A semana do 7 ao 15 de agosto a vila de A Guarda celebrou unha nova edici\u00f3n das s\u00faas festas grandes, As Festas do Monte\" \/>\n<meta name=\"robots\" content=\"index, follow, max-snippet:-1, max-image-preview:large, max-video-preview:-1\" \/>\n<link rel=\"canonical\" href=\"https:\/\/www.anovapeneira.gal\/index.php\/2023\/08\/22\/festas-do-monte-a-guarda-2023\/\" \/>\n<meta property=\"og:locale\" content=\"gl_ES\" \/>\n<meta property=\"og:type\" content=\"article\" \/>\n<meta property=\"og:title\" content=\"Festas do Monte. A Guarda 2023 -\" \/>\n<meta property=\"og:description\" content=\"A semana do 7 ao 15 de agosto a vila de A Guarda celebrou unha nova edici\u00f3n das s\u00faas festas grandes, As Festas do Monte\" \/>\n<meta property=\"og:url\" content=\"https:\/\/www.anovapeneira.gal\/index.php\/2023\/08\/22\/festas-do-monte-a-guarda-2023\/\" \/>\n<meta property=\"article:publisher\" content=\"https:\/\/www.facebook.com\/anovapeneira\" \/>\n<meta property=\"article:published_time\" content=\"2023-08-22T08:00:58+00:00\" \/>\n<meta property=\"og:image\" content=\"https:\/\/www.anovapeneira.gal\/wp-content\/uploads\/2023\/08\/tecla_festa_do_monte.jpg\" \/>\n\t<meta property=\"og:image:width\" content=\"720\" \/>\n\t<meta property=\"og:image:height\" content=\"432\" \/>\n\t<meta property=\"og:image:type\" content=\"image\/jpeg\" \/>\n<meta name=\"author\" content=\"G. Figueiredo\" \/>\n<meta name=\"twitter:card\" content=\"summary_large_image\" \/>\n<meta name=\"twitter:creator\" content=\"@APeneira\" \/>\n<meta name=\"twitter:site\" content=\"@APeneira\" \/>\n<meta name=\"twitter:label1\" content=\"Escrito por\" \/>\n\t<meta name=\"twitter:data1\" content=\"G. Figueiredo\" \/>\n\t<meta name=\"twitter:label2\" content=\"Tempo de lectura\" \/>\n\t<meta name=\"twitter:data2\" content=\"5 minutos\" \/>\n<script type=\"application\/ld+json\" class=\"yoast-schema-graph\">{\"@context\":\"https:\\\/\\\/schema.org\",\"@graph\":[{\"@type\":\"Article\",\"@id\":\"https:\\\/\\\/www.anovapeneira.gal\\\/index.php\\\/2023\\\/08\\\/22\\\/festas-do-monte-a-guarda-2023\\\/#article\",\"isPartOf\":{\"@id\":\"https:\\\/\\\/www.anovapeneira.gal\\\/index.php\\\/2023\\\/08\\\/22\\\/festas-do-monte-a-guarda-2023\\\/\"},\"author\":{\"name\":\"G. Figueiredo\",\"@id\":\"https:\\\/\\\/www.anovapeneira.gal\\\/#\\\/schema\\\/person\\\/42f904d7cac80cf3f5a31494dd82a9b6\"},\"headline\":\"Festas do Monte. A Guarda 2023\",\"datePublished\":\"2023-08-22T08:00:58+00:00\",\"mainEntityOfPage\":{\"@id\":\"https:\\\/\\\/www.anovapeneira.gal\\\/index.php\\\/2023\\\/08\\\/22\\\/festas-do-monte-a-guarda-2023\\\/\"},\"wordCount\":812,\"commentCount\":0,\"publisher\":{\"@id\":\"https:\\\/\\\/www.anovapeneira.gal\\\/#organization\"},\"image\":{\"@id\":\"https:\\\/\\\/www.anovapeneira.gal\\\/index.php\\\/2023\\\/08\\\/22\\\/festas-do-monte-a-guarda-2023\\\/#primaryimage\"},\"thumbnailUrl\":\"https:\\\/\\\/www.anovapeneira.gal\\\/wp-content\\\/uploads\\\/2023\\\/08\\\/tecla_festa_do_monte.jpg\",\"keywords\":[\"Concello da Guarda\"],\"articleSection\":[\"Baixo Mi\u00f1o\"],\"inLanguage\":\"gl-ES\",\"potentialAction\":[{\"@type\":\"CommentAction\",\"name\":\"Comment\",\"target\":[\"https:\\\/\\\/www.anovapeneira.gal\\\/index.php\\\/2023\\\/08\\\/22\\\/festas-do-monte-a-guarda-2023\\\/#respond\"]}]},{\"@type\":\"WebPage\",\"@id\":\"https:\\\/\\\/www.anovapeneira.gal\\\/index.php\\\/2023\\\/08\\\/22\\\/festas-do-monte-a-guarda-2023\\\/\",\"url\":\"https:\\\/\\\/www.anovapeneira.gal\\\/index.php\\\/2023\\\/08\\\/22\\\/festas-do-monte-a-guarda-2023\\\/\",\"name\":\"Festas do Monte. A Guarda 2023 -\",\"isPartOf\":{\"@id\":\"https:\\\/\\\/www.anovapeneira.gal\\\/#website\"},\"primaryImageOfPage\":{\"@id\":\"https:\\\/\\\/www.anovapeneira.gal\\\/index.php\\\/2023\\\/08\\\/22\\\/festas-do-monte-a-guarda-2023\\\/#primaryimage\"},\"image\":{\"@id\":\"https:\\\/\\\/www.anovapeneira.gal\\\/index.php\\\/2023\\\/08\\\/22\\\/festas-do-monte-a-guarda-2023\\\/#primaryimage\"},\"thumbnailUrl\":\"https:\\\/\\\/www.anovapeneira.gal\\\/wp-content\\\/uploads\\\/2023\\\/08\\\/tecla_festa_do_monte.jpg\",\"datePublished\":\"2023-08-22T08:00:58+00:00\",\"description\":\"A semana do 7 ao 15 de agosto a vila de A Guarda celebrou unha nova edici\u00f3n das s\u00faas festas grandes, As Festas do Monte\",\"breadcrumb\":{\"@id\":\"https:\\\/\\\/www.anovapeneira.gal\\\/index.php\\\/2023\\\/08\\\/22\\\/festas-do-monte-a-guarda-2023\\\/#breadcrumb\"},\"inLanguage\":\"gl-ES\",\"potentialAction\":[{\"@type\":\"ReadAction\",\"target\":[\"https:\\\/\\\/www.anovapeneira.gal\\\/index.php\\\/2023\\\/08\\\/22\\\/festas-do-monte-a-guarda-2023\\\/\"]}]},{\"@type\":\"ImageObject\",\"inLanguage\":\"gl-ES\",\"@id\":\"https:\\\/\\\/www.anovapeneira.gal\\\/index.php\\\/2023\\\/08\\\/22\\\/festas-do-monte-a-guarda-2023\\\/#primaryimage\",\"url\":\"https:\\\/\\\/www.anovapeneira.gal\\\/wp-content\\\/uploads\\\/2023\\\/08\\\/tecla_festa_do_monte.jpg\",\"contentUrl\":\"https:\\\/\\\/www.anovapeneira.gal\\\/wp-content\\\/uploads\\\/2023\\\/08\\\/tecla_festa_do_monte.jpg\",\"width\":720,\"height\":432,\"caption\":\"Festa do monte\"},{\"@type\":\"BreadcrumbList\",\"@id\":\"https:\\\/\\\/www.anovapeneira.gal\\\/index.php\\\/2023\\\/08\\\/22\\\/festas-do-monte-a-guarda-2023\\\/#breadcrumb\",\"itemListElement\":[{\"@type\":\"ListItem\",\"position\":1,\"name\":\"Portada\",\"item\":\"https:\\\/\\\/www.anovapeneira.gal\\\/\"},{\"@type\":\"ListItem\",\"position\":2,\"name\":\"Festas do Monte. A Guarda 2023\"}]},{\"@type\":\"WebSite\",\"@id\":\"https:\\\/\\\/www.anovapeneira.gal\\\/#website\",\"url\":\"https:\\\/\\\/www.anovapeneira.gal\\\/\",\"name\":\"\",\"description\":\"Xornal galego de informaci\u00f3n xeral Publicaci\u00f3n mensual de novas de Galicia e en especial dos Concellos da sur da provincia de Pontevedra.\",\"publisher\":{\"@id\":\"https:\\\/\\\/www.anovapeneira.gal\\\/#organization\"},\"potentialAction\":[{\"@type\":\"SearchAction\",\"target\":{\"@type\":\"EntryPoint\",\"urlTemplate\":\"https:\\\/\\\/www.anovapeneira.gal\\\/?s={search_term_string}\"},\"query-input\":{\"@type\":\"PropertyValueSpecification\",\"valueRequired\":true,\"valueName\":\"search_term_string\"}}],\"inLanguage\":\"gl-ES\"},{\"@type\":\"Organization\",\"@id\":\"https:\\\/\\\/www.anovapeneira.gal\\\/#organization\",\"name\":\"A Nova Peneira\",\"url\":\"https:\\\/\\\/www.anovapeneira.gal\\\/\",\"logo\":{\"@type\":\"ImageObject\",\"inLanguage\":\"gl-ES\",\"@id\":\"https:\\\/\\\/www.anovapeneira.gal\\\/#\\\/schema\\\/logo\\\/image\\\/\",\"url\":\"http:\\\/\\\/www.anovapeneira.gal\\\/wp-content\\\/uploads\\\/2019\\\/06\\\/logo_a_nova_peneira_portal_web.png\",\"contentUrl\":\"http:\\\/\\\/www.anovapeneira.gal\\\/wp-content\\\/uploads\\\/2019\\\/06\\\/logo_a_nova_peneira_portal_web.png\",\"width\":300,\"height\":100,\"caption\":\"A Nova Peneira\"},\"image\":{\"@id\":\"https:\\\/\\\/www.anovapeneira.gal\\\/#\\\/schema\\\/logo\\\/image\\\/\"},\"sameAs\":[\"https:\\\/\\\/www.facebook.com\\\/anovapeneira\",\"https:\\\/\\\/x.com\\\/APeneira\"]},{\"@type\":\"Person\",\"@id\":\"https:\\\/\\\/www.anovapeneira.gal\\\/#\\\/schema\\\/person\\\/42f904d7cac80cf3f5a31494dd82a9b6\",\"name\":\"G. Figueiredo\",\"image\":{\"@type\":\"ImageObject\",\"inLanguage\":\"gl-ES\",\"@id\":\"https:\\\/\\\/secure.gravatar.com\\\/avatar\\\/2d970086688458e0398ef8b84f5cbb8cc1ec3ab115aeb8435135a9f556af97b3?s=96&d=mm&r=g\",\"url\":\"https:\\\/\\\/secure.gravatar.com\\\/avatar\\\/2d970086688458e0398ef8b84f5cbb8cc1ec3ab115aeb8435135a9f556af97b3?s=96&d=mm&r=g\",\"contentUrl\":\"https:\\\/\\\/secure.gravatar.com\\\/avatar\\\/2d970086688458e0398ef8b84f5cbb8cc1ec3ab115aeb8435135a9f556af97b3?s=96&d=mm&r=g\",\"caption\":\"G. Figueiredo\"},\"sameAs\":[\"http:\\\/\\\/www.anovapeneira.gal\\\/\"],\"url\":\"https:\\\/\\\/www.anovapeneira.gal\\\/index.php\\\/author\\\/g-figueiredo\\\/\"}]}<\/script>\n<!-- \/ Yoast SEO plugin. -->","yoast_head_json":{"title":"Festas do Monte. A Guarda 2023 -","description":"A semana do 7 ao 15 de agosto a vila de A Guarda celebrou unha nova edici\u00f3n das s\u00faas festas grandes, As Festas do Monte","robots":{"index":"index","follow":"follow","max-snippet":"max-snippet:-1","max-image-preview":"max-image-preview:large","max-video-preview":"max-video-preview:-1"},"canonical":"https:\/\/www.anovapeneira.gal\/index.php\/2023\/08\/22\/festas-do-monte-a-guarda-2023\/","og_locale":"gl_ES","og_type":"article","og_title":"Festas do Monte. A Guarda 2023 -","og_description":"A semana do 7 ao 15 de agosto a vila de A Guarda celebrou unha nova edici\u00f3n das s\u00faas festas grandes, As Festas do Monte","og_url":"https:\/\/www.anovapeneira.gal\/index.php\/2023\/08\/22\/festas-do-monte-a-guarda-2023\/","article_publisher":"https:\/\/www.facebook.com\/anovapeneira","article_published_time":"2023-08-22T08:00:58+00:00","og_image":[{"width":720,"height":432,"url":"https:\/\/www.anovapeneira.gal\/wp-content\/uploads\/2023\/08\/tecla_festa_do_monte.jpg","type":"image\/jpeg"}],"author":"G. Figueiredo","twitter_card":"summary_large_image","twitter_creator":"@APeneira","twitter_site":"@APeneira","twitter_misc":{"Escrito por":"G. Figueiredo","Tempo de lectura":"5 minutos"},"schema":{"@context":"https:\/\/schema.org","@graph":[{"@type":"Article","@id":"https:\/\/www.anovapeneira.gal\/index.php\/2023\/08\/22\/festas-do-monte-a-guarda-2023\/#article","isPartOf":{"@id":"https:\/\/www.anovapeneira.gal\/index.php\/2023\/08\/22\/festas-do-monte-a-guarda-2023\/"},"author":{"name":"G. Figueiredo","@id":"https:\/\/www.anovapeneira.gal\/#\/schema\/person\/42f904d7cac80cf3f5a31494dd82a9b6"},"headline":"Festas do Monte. A Guarda 2023","datePublished":"2023-08-22T08:00:58+00:00","mainEntityOfPage":{"@id":"https:\/\/www.anovapeneira.gal\/index.php\/2023\/08\/22\/festas-do-monte-a-guarda-2023\/"},"wordCount":812,"commentCount":0,"publisher":{"@id":"https:\/\/www.anovapeneira.gal\/#organization"},"image":{"@id":"https:\/\/www.anovapeneira.gal\/index.php\/2023\/08\/22\/festas-do-monte-a-guarda-2023\/#primaryimage"},"thumbnailUrl":"https:\/\/www.anovapeneira.gal\/wp-content\/uploads\/2023\/08\/tecla_festa_do_monte.jpg","keywords":["Concello da Guarda"],"articleSection":["Baixo Mi\u00f1o"],"inLanguage":"gl-ES","potentialAction":[{"@type":"CommentAction","name":"Comment","target":["https:\/\/www.anovapeneira.gal\/index.php\/2023\/08\/22\/festas-do-monte-a-guarda-2023\/#respond"]}]},{"@type":"WebPage","@id":"https:\/\/www.anovapeneira.gal\/index.php\/2023\/08\/22\/festas-do-monte-a-guarda-2023\/","url":"https:\/\/www.anovapeneira.gal\/index.php\/2023\/08\/22\/festas-do-monte-a-guarda-2023\/","name":"Festas do Monte. A Guarda 2023 -","isPartOf":{"@id":"https:\/\/www.anovapeneira.gal\/#website"},"primaryImageOfPage":{"@id":"https:\/\/www.anovapeneira.gal\/index.php\/2023\/08\/22\/festas-do-monte-a-guarda-2023\/#primaryimage"},"image":{"@id":"https:\/\/www.anovapeneira.gal\/index.php\/2023\/08\/22\/festas-do-monte-a-guarda-2023\/#primaryimage"},"thumbnailUrl":"https:\/\/www.anovapeneira.gal\/wp-content\/uploads\/2023\/08\/tecla_festa_do_monte.jpg","datePublished":"2023-08-22T08:00:58+00:00","description":"A semana do 7 ao 15 de agosto a vila de A Guarda celebrou unha nova edici\u00f3n das s\u00faas festas grandes, As Festas do Monte","breadcrumb":{"@id":"https:\/\/www.anovapeneira.gal\/index.php\/2023\/08\/22\/festas-do-monte-a-guarda-2023\/#breadcrumb"},"inLanguage":"gl-ES","potentialAction":[{"@type":"ReadAction","target":["https:\/\/www.anovapeneira.gal\/index.php\/2023\/08\/22\/festas-do-monte-a-guarda-2023\/"]}]},{"@type":"ImageObject","inLanguage":"gl-ES","@id":"https:\/\/www.anovapeneira.gal\/index.php\/2023\/08\/22\/festas-do-monte-a-guarda-2023\/#primaryimage","url":"https:\/\/www.anovapeneira.gal\/wp-content\/uploads\/2023\/08\/tecla_festa_do_monte.jpg","contentUrl":"https:\/\/www.anovapeneira.gal\/wp-content\/uploads\/2023\/08\/tecla_festa_do_monte.jpg","width":720,"height":432,"caption":"Festa do monte"},{"@type":"BreadcrumbList","@id":"https:\/\/www.anovapeneira.gal\/index.php\/2023\/08\/22\/festas-do-monte-a-guarda-2023\/#breadcrumb","itemListElement":[{"@type":"ListItem","position":1,"name":"Portada","item":"https:\/\/www.anovapeneira.gal\/"},{"@type":"ListItem","position":2,"name":"Festas do Monte. A Guarda 2023"}]},{"@type":"WebSite","@id":"https:\/\/www.anovapeneira.gal\/#website","url":"https:\/\/www.anovapeneira.gal\/","name":"","description":"Xornal galego de informaci\u00f3n xeral Publicaci\u00f3n mensual de novas de Galicia e en especial dos Concellos da sur da provincia de Pontevedra.","publisher":{"@id":"https:\/\/www.anovapeneira.gal\/#organization"},"potentialAction":[{"@type":"SearchAction","target":{"@type":"EntryPoint","urlTemplate":"https:\/\/www.anovapeneira.gal\/?s={search_term_string}"},"query-input":{"@type":"PropertyValueSpecification","valueRequired":true,"valueName":"search_term_string"}}],"inLanguage":"gl-ES"},{"@type":"Organization","@id":"https:\/\/www.anovapeneira.gal\/#organization","name":"A Nova Peneira","url":"https:\/\/www.anovapeneira.gal\/","logo":{"@type":"ImageObject","inLanguage":"gl-ES","@id":"https:\/\/www.anovapeneira.gal\/#\/schema\/logo\/image\/","url":"http:\/\/www.anovapeneira.gal\/wp-content\/uploads\/2019\/06\/logo_a_nova_peneira_portal_web.png","contentUrl":"http:\/\/www.anovapeneira.gal\/wp-content\/uploads\/2019\/06\/logo_a_nova_peneira_portal_web.png","width":300,"height":100,"caption":"A Nova Peneira"},"image":{"@id":"https:\/\/www.anovapeneira.gal\/#\/schema\/logo\/image\/"},"sameAs":["https:\/\/www.facebook.com\/anovapeneira","https:\/\/x.com\/APeneira"]},{"@type":"Person","@id":"https:\/\/www.anovapeneira.gal\/#\/schema\/person\/42f904d7cac80cf3f5a31494dd82a9b6","name":"G. Figueiredo","image":{"@type":"ImageObject","inLanguage":"gl-ES","@id":"https:\/\/secure.gravatar.com\/avatar\/2d970086688458e0398ef8b84f5cbb8cc1ec3ab115aeb8435135a9f556af97b3?s=96&d=mm&r=g","url":"https:\/\/secure.gravatar.com\/avatar\/2d970086688458e0398ef8b84f5cbb8cc1ec3ab115aeb8435135a9f556af97b3?s=96&d=mm&r=g","contentUrl":"https:\/\/secure.gravatar.com\/avatar\/2d970086688458e0398ef8b84f5cbb8cc1ec3ab115aeb8435135a9f556af97b3?s=96&d=mm&r=g","caption":"G. Figueiredo"},"sameAs":["http:\/\/www.anovapeneira.gal\/"],"url":"https:\/\/www.anovapeneira.gal\/index.php\/author\/g-figueiredo\/"}]}},"jetpack_featured_media_url":"https:\/\/www.anovapeneira.gal\/wp-content\/uploads\/2023\/08\/tecla_festa_do_monte.jpg","_links":{"self":[{"href":"https:\/\/www.anovapeneira.gal\/index.php\/wp-json\/wp\/v2\/posts\/10301","targetHints":{"allow":["GET"]}}],"collection":[{"href":"https:\/\/www.anovapeneira.gal\/index.php\/wp-json\/wp\/v2\/posts"}],"about":[{"href":"https:\/\/www.anovapeneira.gal\/index.php\/wp-json\/wp\/v2\/types\/post"}],"author":[{"embeddable":true,"href":"https:\/\/www.anovapeneira.gal\/index.php\/wp-json\/wp\/v2\/users\/17"}],"replies":[{"embeddable":true,"href":"https:\/\/www.anovapeneira.gal\/index.php\/wp-json\/wp\/v2\/comments?post=10301"}],"version-history":[{"count":1,"href":"https:\/\/www.anovapeneira.gal\/index.php\/wp-json\/wp\/v2\/posts\/10301\/revisions"}],"predecessor-version":[{"id":10302,"href":"https:\/\/www.anovapeneira.gal\/index.php\/wp-json\/wp\/v2\/posts\/10301\/revisions\/10302"}],"wp:featuredmedia":[{"embeddable":true,"href":"https:\/\/www.anovapeneira.gal\/index.php\/wp-json\/wp\/v2\/media\/10303"}],"wp:attachment":[{"href":"https:\/\/www.anovapeneira.gal\/index.php\/wp-json\/wp\/v2\/media?parent=10301"}],"wp:term":[{"taxonomy":"category","embeddable":true,"href":"https:\/\/www.anovapeneira.gal\/index.php\/wp-json\/wp\/v2\/categories?post=10301"},{"taxonomy":"post_tag","embeddable":true,"href":"https:\/\/www.anovapeneira.gal\/index.php\/wp-json\/wp\/v2\/tags?post=10301"}],"curies":[{"name":"wp","href":"https:\/\/api.w.org\/{rel}","templated":true}]}}