{"id":10309,"date":"2023-08-23T12:00:34","date_gmt":"2023-08-23T10:00:34","guid":{"rendered":"https:\/\/www.anovapeneira.gal\/?p=10309"},"modified":"2023-08-21T08:58:18","modified_gmt":"2023-08-21T06:58:18","slug":"felix-juncal-alcalde-de-bueu-5","status":"publish","type":"post","link":"https:\/\/www.anovapeneira.gal\/index.php\/2023\/08\/23\/felix-juncal-alcalde-de-bueu-5\/","title":{"rendered":"F\u00e9lix Juncal alcalde de Bueu"},"content":{"rendered":"\n<p><strong>O BNG de Bueu, do alcalde F\u00e9lix Juncal, ga\u00f1ou as pasadas municipais por moi poucos votos .Non chegaron a 200 os que lle quitou de avantaxe ao PP. A dereita local leva moito tempo desenvolvendo unha agresiva campa\u00f1a de propaganda que fai referencia a unha suposta relaxaci\u00f3n do goberno en xeral e do seu alcalde en particular. Pero se un se para a ver con rigor e de maneira obxectiva o traballo do goberno do bloque en Bueu, seguro que atopa erros e cuesti\u00f3ns mellorables, pero o da presunta relaxaci\u00f3n non \u00e9 sostible. \u00c9 simplemente unha trola, que conseguiu calar en parte do pobo bueu\u00e9s a trav\u00e9s de repetila unha e mil veces. N\u00f3s conversamos co alcalde para co\u00f1ecer como inicia este novo mandato.<\/strong><\/p>\n\n\n\n<p>\u201c <strong>Tomamos nota da mensaxe da veci\u00f1anza e compromet\u00e9monos a corrixir erros e a facelo moito mellor\u201d<\/strong><\/p>\n\n\n\n<p><strong>As municipais de maio ga\u00f1ounas o BNG de Bueu por moi poucos votos. Cal \u00e9 a t\u00faa valoraci\u00f3n do seu resultado?<\/strong><\/p>\n\n\n\n<blockquote class=\"wp-block-quote is-layout-flow wp-block-quote-is-layout-flow\">\n<p>Cando se ga\u00f1an unhas elecci\u00f3ns a valoraci\u00f3n inicial sempre ten que ser positiva. Non \u00e9 f\u00e1cil ga\u00f1ar unhas elecci\u00f3ns. E non \u00e9 f\u00e1cil ga\u00f1alas nun concello onde no resto de procesos electorais sempre ga\u00f1a a dereita. Son as quintas elecci\u00f3ns consecutivas que ga\u00f1a o BNG, e a este respecto o sentimento m\u00e1is importante que est\u00e1 en min \u00e9 o de agradecemento inmenso \u00e1 confianza que nos d\u00e1 a veci\u00f1anza de Bueu.<\/p>\n<\/blockquote>\n\n\n\n<p><strong>Pero os resultados acadados non foron os que esperabas?<\/strong><\/p>\n\n\n\n<blockquote class=\"wp-block-quote is-layout-flow wp-block-quote-is-layout-flow\">\n<p>Non, agardabamos recuperar a maior\u00eda absoluta. Pero seguimos conservando un apoio moi importante, rondamos o 45% .En calquera caso tomamos nota da mensaxe da veci\u00f1anza e, con toda a humildade e a m\u00e1xima determinaci\u00f3n, compromet\u00e9monos a corrixir erros e facelo mellor. Creo que xa pasamos a etapa m\u00e1is complicada, e as veces que non fomos capaces de dar resposta a algunha necesidade foi, basicamente, porque a administraci\u00f3n municipal carec\u00eda dos medios humanos suficientes para atendela como \u00e9 debido e como sempre foi a nosa vontade: coa m\u00e1xima dilixencia e absoluto respecto ao veci\u00f1o.<\/p>\n<\/blockquote>\n\n\n\n<p><strong>E esa carencia de medios humanos xa est\u00e1 solucionada?<\/strong><\/p>\n\n\n\n<blockquote class=\"wp-block-quote is-layout-flow wp-block-quote-is-layout-flow\">\n<p>O pasado 16 de agosto despois de moitos anos de traballo conseguimos materializar a incorporaci\u00f3n de ata 17 persoas para o servizo de limpeza diaria e de edificios e de instalaci\u00f3ns. Como sabes no 2022 Bueu aproba unha RPT cun persoal de 90 traballadores e traballadoras pero ata agora ti\u00f1amos 60 prazas cubertas e 30 vacantes. E esa escaseza de persoal fac\u00eda todo moi complicado. Nunha primeira fase contrataremos a esas 17 persoas ata irmos cubrindo as 30 que necesitamos<\/p>\n<\/blockquote>\n\n\n\n<p><strong>Para un observador imparcial , que te\u00f1a a oportunidade de ver negro sobre branco o voso traballo estes anos, ser\u00eda racionalmente insostible o mantra da dereita sobre o voso suposto desleixo o relaxaci\u00f3n. Pero \u00e9 incuestionable que esa mensaxe chegou a unha parte importante da sociedade de Bueu. Por que?<\/strong><\/p>\n\n\n\n<blockquote class=\"wp-block-quote is-layout-flow wp-block-quote-is-layout-flow\">\n<p>Se cadra porque a comunicaci\u00f3n do goberno \u00e1 sociedade non foi todo o adecuada que debera ser. De feito unha das propostas que te\u00f1o para este novo mandato \u00e9 mellorar substancialmente nese terreo. \u00c9 evidente que no mundo virtual, nas redes sociais, debemos de aumentar de maneira notable a nosa actividade. Hai moita xente que se informa por esas v\u00edas. E n\u00f3s necesitamos contrastar a desinformaci\u00f3n da dereita amosando a realidade dos feitos.<\/p>\n<\/blockquote>\n\n\n\n<p><strong>Como foi a negociaci\u00f3n co PSOE?<\/strong><\/p>\n\n\n\n<blockquote class=\"wp-block-quote is-layout-flow wp-block-quote-is-layout-flow\">\n<p>Ben, houbo algunha cuesti\u00f3n complicada , de feito houbo alg\u00fan momento en que a mesa de negociaci\u00f3n se chegou a interromper , pero ambas partes ti\u00f1amos claro que era necesario que Bueu contase cun goberno estable e con maior\u00eda, ambas partes fomos xenerosas e finalmente prevaleceu o sentido com\u00fan e o interese mutuo en chegar un acordo, que felizmente se puido concretar.<\/p>\n<\/blockquote>\n\n\n\n<p><strong>As d\u00faas persoas do PSOE est\u00e1n no goberno .Est\u00e1s satisfeito de como est\u00e1 a funcionar a relaci\u00f3n con eles?<\/strong><\/p>\n\n\n\n<blockquote class=\"wp-block-quote is-layout-flow wp-block-quote-is-layout-flow\">\n<p>Absolutamente si. A relaci\u00f3n \u00e9 moi boa, de traballo compartido e honesto. E estou seguro de que as\u00ed seguir\u00e1 sendo ao longo de todo o mandato.<\/p>\n<\/blockquote>\n\n\n\n<p><strong>Ides modificar a RPT?<\/strong><\/p>\n\n\n\n<blockquote class=\"wp-block-quote is-layout-flow wp-block-quote-is-layout-flow\">\n<p>Si , estamos preparando unha modificaci\u00f3n porque o organigrama desa RPT naceu aproximadamente no 2015. A RPT foi imprescindible aprobala, pero \u00e9 un elemento din\u00e1mico e vivo que hai que axustar \u00e1 realidade de cada momento. N\u00f3s necesitamos , e niso estamos a traballar, con urxencia unha nova praza para o departamento de secretar\u00eda que nos permita ga\u00f1ar en rapidez e eficacia. Para n\u00f3s esa persoa que ve\u00f1a para a secretar\u00eda \u00e9 clave para desenvolver distintos proxectos , entre eles a materializaci\u00f3n de distintos aproveitamentos urban\u00edsticos que nos van permitir ingresar importantes cantidades de cartos, que utilizaremos para financiar actuaci\u00f3ns que son necesarias no noso pobo.<\/p>\n<\/blockquote>\n\n\n\n<p><strong>Sobre o proxecto de montar unha \u00e1rea de caravanas na zona da Chadiza en que momento estamos?<\/strong><\/p>\n\n\n\n<blockquote class=\"wp-block-quote is-layout-flow wp-block-quote-is-layout-flow\">\n<p>Non est\u00e1 todo o ben que me gustar\u00eda. Xa funcionou algo no SonR\u00edas e xa conta cos servizos b\u00e1sicos pero necesitamos rematar. Conf\u00edo en que para o ver\u00e1n do 2024 estea funcionando plenamente.<\/p>\n<\/blockquote>\n\n\n\n<p><strong>No barrio de Valado tam\u00e9n ti\u00f1as prevista algunha actuaci\u00f3n. F\u00edxose algo?<\/strong><\/p>\n\n\n\n<blockquote class=\"wp-block-quote is-layout-flow wp-block-quote-is-layout-flow\">\n<p>Si, rematamos o axardinamento do antigo cemiterio que est\u00e1 a car\u00f3n da igrexa. Este ano tivemos nesa zona a actuaci\u00f3n, como sempre brillante, de Carlos N\u00fa\u00f1ez.<\/p>\n<\/blockquote>\n\n\n\n<p><strong>Tam\u00e9n ti\u00f1as a intenci\u00f3n de mellorar a contorna da casa da m\u00fasica. Como est\u00e1 ese asunto?<\/strong><\/p>\n\n\n\n<blockquote class=\"wp-block-quote is-layout-flow wp-block-quote-is-layout-flow\">\n<p>Est\u00e1 pendente de que aprobemos o expediente de contrataci\u00f3n da subvenci\u00f3n concedida. Temos as autorizaci\u00f3ns sectoriais tam\u00e9n , e esa actuaci\u00f3n est\u00e1 absolutamente garantida que se vai a efectuar proximamente.<\/p>\n<\/blockquote>\n\n\n\n<p><strong>Na parroquia de Cela ti\u00f1as pendente negociar coa comunidade de Montes da Chan para efectuardes unha actuaci\u00f3n al\u00ed. Como vai ese tema?<\/strong><\/p>\n\n\n\n<blockquote class=\"wp-block-quote is-layout-flow wp-block-quote-is-layout-flow\">\n<p>Ese asunto de momento t\u00e9molo de momento aparcado ata completar o traballo t\u00e9cnico que no seu momento present\u00e1ramos \u00e1 Comunidade de Montes. A nosa intenci\u00f3n \u00e9 recuperalo o antes posible.<\/p>\n<\/blockquote>\n\n\n\n<p><strong>Sobre a vosa intenci\u00f3n de facerdes un novo pavill\u00f3n en Beluso que nos dis?<\/strong><\/p>\n\n\n\n<blockquote class=\"wp-block-quote is-layout-flow wp-block-quote-is-layout-flow\">\n<p>Estamos vendo con moito interese as distintas posibilidades de financiamento \u00e1s que te\u00f1amos a posibilidade de acceder, e no momento que poidamos encaixar algunha que cubra as nosas expectativas, lanzar\u00e9monos con toda determinaci\u00f3n. Esa actuaci\u00f3n na parroquia de Beluso vai ser de primeiro nivel .<\/p>\n<\/blockquote>\n","protected":false},"excerpt":{"rendered":"<div class=\"mh-excerpt\"><p>O BNG de Bueu, do alcalde F\u00e9lix Juncal, ga\u00f1ou as pasadas municipais por moi poucos votos .Non chegaron a 200 os que lle quitou de avantaxe ao PP <a class=\"mh-excerpt-more\" href=\"https:\/\/www.anovapeneira.gal\/index.php\/2023\/08\/23\/felix-juncal-alcalde-de-bueu-5\/\" title=\"F\u00e9lix Juncal alcalde de Bueu\">[&#8230;]<\/a><\/p>\n<\/div>","protected":false},"author":23,"featured_media":5935,"comment_status":"open","ping_status":"open","sticky":false,"template":"","format":"standard","meta":{"_exactmetrics_skip_tracking":false,"_exactmetrics_sitenote_active":false,"_exactmetrics_sitenote_note":"","_exactmetrics_sitenote_category":0,"footnotes":""},"categories":[268],"tags":[440],"class_list":{"0":"post-10309","1":"post","2":"type-post","3":"status-publish","4":"format-standard","5":"has-post-thumbnail","7":"category-morrazo-entrevistas","8":"tag-concello-de-bueu"},"yoast_head":"<!-- This site is optimized with the Yoast SEO plugin v27.4 - https:\/\/yoast.com\/product\/yoast-seo-wordpress\/ -->\n<title>F\u00e9lix Juncal alcalde de Bueu -<\/title>\n<meta name=\"description\" content=\"O BNG de Bueu, do alcalde F\u00e9lix Juncal, ga\u00f1ou as pasadas municipais por moi poucos votos .Non chegaron a 200 os que lle quitou de avantaxe ao PP\" \/>\n<meta name=\"robots\" content=\"index, follow, max-snippet:-1, max-image-preview:large, max-video-preview:-1\" \/>\n<link rel=\"canonical\" href=\"https:\/\/www.anovapeneira.gal\/index.php\/2023\/08\/23\/felix-juncal-alcalde-de-bueu-5\/\" \/>\n<meta property=\"og:locale\" content=\"gl_ES\" \/>\n<meta property=\"og:type\" content=\"article\" \/>\n<meta property=\"og:title\" content=\"F\u00e9lix Juncal alcalde de Bueu -\" \/>\n<meta property=\"og:description\" content=\"O BNG de Bueu, do alcalde F\u00e9lix Juncal, ga\u00f1ou as pasadas municipais por moi poucos votos .Non chegaron a 200 os que lle quitou de avantaxe ao PP\" \/>\n<meta property=\"og:url\" content=\"https:\/\/www.anovapeneira.gal\/index.php\/2023\/08\/23\/felix-juncal-alcalde-de-bueu-5\/\" \/>\n<meta property=\"article:publisher\" content=\"https:\/\/www.facebook.com\/anovapeneira\" \/>\n<meta property=\"article:published_time\" content=\"2023-08-23T10:00:34+00:00\" \/>\n<meta property=\"og:image\" content=\"https:\/\/www.anovapeneira.gal\/wp-content\/uploads\/2021\/08\/felix_bueu.jpg\" \/>\n\t<meta property=\"og:image:width\" content=\"1500\" \/>\n\t<meta property=\"og:image:height\" content=\"790\" \/>\n\t<meta property=\"og:image:type\" content=\"image\/jpeg\" \/>\n<meta name=\"author\" content=\"Aar\u00f3n Franco\" \/>\n<meta name=\"twitter:card\" content=\"summary_large_image\" \/>\n<meta name=\"twitter:creator\" content=\"@APeneira\" \/>\n<meta name=\"twitter:site\" content=\"@APeneira\" \/>\n<meta name=\"twitter:label1\" content=\"Escrito por\" \/>\n\t<meta name=\"twitter:data1\" content=\"Aar\u00f3n Franco\" \/>\n\t<meta name=\"twitter:label2\" content=\"Tempo de lectura\" \/>\n\t<meta name=\"twitter:data2\" content=\"2 minutos\" \/>\n<script type=\"application\/ld+json\" class=\"yoast-schema-graph\">{\"@context\":\"https:\\\/\\\/schema.org\",\"@graph\":[{\"@type\":\"Article\",\"@id\":\"https:\\\/\\\/www.anovapeneira.gal\\\/index.php\\\/2023\\\/08\\\/23\\\/felix-juncal-alcalde-de-bueu-5\\\/#article\",\"isPartOf\":{\"@id\":\"https:\\\/\\\/www.anovapeneira.gal\\\/index.php\\\/2023\\\/08\\\/23\\\/felix-juncal-alcalde-de-bueu-5\\\/\"},\"author\":{\"name\":\"Aar\u00f3n Franco\",\"@id\":\"https:\\\/\\\/www.anovapeneira.gal\\\/#\\\/schema\\\/person\\\/a907e49c1885c12d6f281770afd68766\"},\"headline\":\"F\u00e9lix Juncal alcalde de Bueu\",\"datePublished\":\"2023-08-23T10:00:34+00:00\",\"mainEntityOfPage\":{\"@id\":\"https:\\\/\\\/www.anovapeneira.gal\\\/index.php\\\/2023\\\/08\\\/23\\\/felix-juncal-alcalde-de-bueu-5\\\/\"},\"wordCount\":1087,\"commentCount\":0,\"publisher\":{\"@id\":\"https:\\\/\\\/www.anovapeneira.gal\\\/#organization\"},\"image\":{\"@id\":\"https:\\\/\\\/www.anovapeneira.gal\\\/index.php\\\/2023\\\/08\\\/23\\\/felix-juncal-alcalde-de-bueu-5\\\/#primaryimage\"},\"thumbnailUrl\":\"https:\\\/\\\/www.anovapeneira.gal\\\/wp-content\\\/uploads\\\/2021\\\/08\\\/felix_bueu.jpg\",\"keywords\":[\"Concello de Bueu\"],\"articleSection\":[\"Morrazo\"],\"inLanguage\":\"gl-ES\",\"potentialAction\":[{\"@type\":\"CommentAction\",\"name\":\"Comment\",\"target\":[\"https:\\\/\\\/www.anovapeneira.gal\\\/index.php\\\/2023\\\/08\\\/23\\\/felix-juncal-alcalde-de-bueu-5\\\/#respond\"]}]},{\"@type\":\"WebPage\",\"@id\":\"https:\\\/\\\/www.anovapeneira.gal\\\/index.php\\\/2023\\\/08\\\/23\\\/felix-juncal-alcalde-de-bueu-5\\\/\",\"url\":\"https:\\\/\\\/www.anovapeneira.gal\\\/index.php\\\/2023\\\/08\\\/23\\\/felix-juncal-alcalde-de-bueu-5\\\/\",\"name\":\"F\u00e9lix Juncal alcalde de Bueu -\",\"isPartOf\":{\"@id\":\"https:\\\/\\\/www.anovapeneira.gal\\\/#website\"},\"primaryImageOfPage\":{\"@id\":\"https:\\\/\\\/www.anovapeneira.gal\\\/index.php\\\/2023\\\/08\\\/23\\\/felix-juncal-alcalde-de-bueu-5\\\/#primaryimage\"},\"image\":{\"@id\":\"https:\\\/\\\/www.anovapeneira.gal\\\/index.php\\\/2023\\\/08\\\/23\\\/felix-juncal-alcalde-de-bueu-5\\\/#primaryimage\"},\"thumbnailUrl\":\"https:\\\/\\\/www.anovapeneira.gal\\\/wp-content\\\/uploads\\\/2021\\\/08\\\/felix_bueu.jpg\",\"datePublished\":\"2023-08-23T10:00:34+00:00\",\"description\":\"O BNG de Bueu, do alcalde F\u00e9lix Juncal, ga\u00f1ou as pasadas municipais por moi poucos votos .Non chegaron a 200 os que lle quitou de avantaxe ao PP\",\"breadcrumb\":{\"@id\":\"https:\\\/\\\/www.anovapeneira.gal\\\/index.php\\\/2023\\\/08\\\/23\\\/felix-juncal-alcalde-de-bueu-5\\\/#breadcrumb\"},\"inLanguage\":\"gl-ES\",\"potentialAction\":[{\"@type\":\"ReadAction\",\"target\":[\"https:\\\/\\\/www.anovapeneira.gal\\\/index.php\\\/2023\\\/08\\\/23\\\/felix-juncal-alcalde-de-bueu-5\\\/\"]}]},{\"@type\":\"ImageObject\",\"inLanguage\":\"gl-ES\",\"@id\":\"https:\\\/\\\/www.anovapeneira.gal\\\/index.php\\\/2023\\\/08\\\/23\\\/felix-juncal-alcalde-de-bueu-5\\\/#primaryimage\",\"url\":\"https:\\\/\\\/www.anovapeneira.gal\\\/wp-content\\\/uploads\\\/2021\\\/08\\\/felix_bueu.jpg\",\"contentUrl\":\"https:\\\/\\\/www.anovapeneira.gal\\\/wp-content\\\/uploads\\\/2021\\\/08\\\/felix_bueu.jpg\",\"width\":1500,\"height\":790,\"caption\":\"Alcalde de Bueu\"},{\"@type\":\"BreadcrumbList\",\"@id\":\"https:\\\/\\\/www.anovapeneira.gal\\\/index.php\\\/2023\\\/08\\\/23\\\/felix-juncal-alcalde-de-bueu-5\\\/#breadcrumb\",\"itemListElement\":[{\"@type\":\"ListItem\",\"position\":1,\"name\":\"Portada\",\"item\":\"https:\\\/\\\/www.anovapeneira.gal\\\/\"},{\"@type\":\"ListItem\",\"position\":2,\"name\":\"F\u00e9lix Juncal alcalde de Bueu\"}]},{\"@type\":\"WebSite\",\"@id\":\"https:\\\/\\\/www.anovapeneira.gal\\\/#website\",\"url\":\"https:\\\/\\\/www.anovapeneira.gal\\\/\",\"name\":\"\",\"description\":\"Xornal galego de informaci\u00f3n xeral Publicaci\u00f3n mensual de novas de Galicia e en especial dos Concellos da sur da provincia de Pontevedra.\",\"publisher\":{\"@id\":\"https:\\\/\\\/www.anovapeneira.gal\\\/#organization\"},\"potentialAction\":[{\"@type\":\"SearchAction\",\"target\":{\"@type\":\"EntryPoint\",\"urlTemplate\":\"https:\\\/\\\/www.anovapeneira.gal\\\/?s={search_term_string}\"},\"query-input\":{\"@type\":\"PropertyValueSpecification\",\"valueRequired\":true,\"valueName\":\"search_term_string\"}}],\"inLanguage\":\"gl-ES\"},{\"@type\":\"Organization\",\"@id\":\"https:\\\/\\\/www.anovapeneira.gal\\\/#organization\",\"name\":\"A Nova Peneira\",\"url\":\"https:\\\/\\\/www.anovapeneira.gal\\\/\",\"logo\":{\"@type\":\"ImageObject\",\"inLanguage\":\"gl-ES\",\"@id\":\"https:\\\/\\\/www.anovapeneira.gal\\\/#\\\/schema\\\/logo\\\/image\\\/\",\"url\":\"http:\\\/\\\/www.anovapeneira.gal\\\/wp-content\\\/uploads\\\/2019\\\/06\\\/logo_a_nova_peneira_portal_web.png\",\"contentUrl\":\"http:\\\/\\\/www.anovapeneira.gal\\\/wp-content\\\/uploads\\\/2019\\\/06\\\/logo_a_nova_peneira_portal_web.png\",\"width\":300,\"height\":100,\"caption\":\"A Nova Peneira\"},\"image\":{\"@id\":\"https:\\\/\\\/www.anovapeneira.gal\\\/#\\\/schema\\\/logo\\\/image\\\/\"},\"sameAs\":[\"https:\\\/\\\/www.facebook.com\\\/anovapeneira\",\"https:\\\/\\\/x.com\\\/APeneira\"]},{\"@type\":\"Person\",\"@id\":\"https:\\\/\\\/www.anovapeneira.gal\\\/#\\\/schema\\\/person\\\/a907e49c1885c12d6f281770afd68766\",\"name\":\"Aar\u00f3n Franco\",\"image\":{\"@type\":\"ImageObject\",\"inLanguage\":\"gl-ES\",\"@id\":\"https:\\\/\\\/secure.gravatar.com\\\/avatar\\\/82f0614fe09ae3f066983f8d670d0ff15a0917fefe52b93ffa425275b87d6102?s=96&d=mm&r=g\",\"url\":\"https:\\\/\\\/secure.gravatar.com\\\/avatar\\\/82f0614fe09ae3f066983f8d670d0ff15a0917fefe52b93ffa425275b87d6102?s=96&d=mm&r=g\",\"contentUrl\":\"https:\\\/\\\/secure.gravatar.com\\\/avatar\\\/82f0614fe09ae3f066983f8d670d0ff15a0917fefe52b93ffa425275b87d6102?s=96&d=mm&r=g\",\"caption\":\"Aar\u00f3n Franco\"},\"sameAs\":[\"http:\\\/\\\/www.anovapeneira.gal\\\/\"],\"url\":\"https:\\\/\\\/www.anovapeneira.gal\\\/index.php\\\/author\\\/aaron-franco\\\/\"}]}<\/script>\n<!-- \/ Yoast SEO plugin. -->","yoast_head_json":{"title":"F\u00e9lix Juncal alcalde de Bueu -","description":"O BNG de Bueu, do alcalde F\u00e9lix Juncal, ga\u00f1ou as pasadas municipais por moi poucos votos .Non chegaron a 200 os que lle quitou de avantaxe ao PP","robots":{"index":"index","follow":"follow","max-snippet":"max-snippet:-1","max-image-preview":"max-image-preview:large","max-video-preview":"max-video-preview:-1"},"canonical":"https:\/\/www.anovapeneira.gal\/index.php\/2023\/08\/23\/felix-juncal-alcalde-de-bueu-5\/","og_locale":"gl_ES","og_type":"article","og_title":"F\u00e9lix Juncal alcalde de Bueu -","og_description":"O BNG de Bueu, do alcalde F\u00e9lix Juncal, ga\u00f1ou as pasadas municipais por moi poucos votos .Non chegaron a 200 os que lle quitou de avantaxe ao PP","og_url":"https:\/\/www.anovapeneira.gal\/index.php\/2023\/08\/23\/felix-juncal-alcalde-de-bueu-5\/","article_publisher":"https:\/\/www.facebook.com\/anovapeneira","article_published_time":"2023-08-23T10:00:34+00:00","og_image":[{"width":1500,"height":790,"url":"https:\/\/www.anovapeneira.gal\/wp-content\/uploads\/2021\/08\/felix_bueu.jpg","type":"image\/jpeg"}],"author":"Aar\u00f3n Franco","twitter_card":"summary_large_image","twitter_creator":"@APeneira","twitter_site":"@APeneira","twitter_misc":{"Escrito por":"Aar\u00f3n Franco","Tempo de lectura":"2 minutos"},"schema":{"@context":"https:\/\/schema.org","@graph":[{"@type":"Article","@id":"https:\/\/www.anovapeneira.gal\/index.php\/2023\/08\/23\/felix-juncal-alcalde-de-bueu-5\/#article","isPartOf":{"@id":"https:\/\/www.anovapeneira.gal\/index.php\/2023\/08\/23\/felix-juncal-alcalde-de-bueu-5\/"},"author":{"name":"Aar\u00f3n Franco","@id":"https:\/\/www.anovapeneira.gal\/#\/schema\/person\/a907e49c1885c12d6f281770afd68766"},"headline":"F\u00e9lix Juncal alcalde de Bueu","datePublished":"2023-08-23T10:00:34+00:00","mainEntityOfPage":{"@id":"https:\/\/www.anovapeneira.gal\/index.php\/2023\/08\/23\/felix-juncal-alcalde-de-bueu-5\/"},"wordCount":1087,"commentCount":0,"publisher":{"@id":"https:\/\/www.anovapeneira.gal\/#organization"},"image":{"@id":"https:\/\/www.anovapeneira.gal\/index.php\/2023\/08\/23\/felix-juncal-alcalde-de-bueu-5\/#primaryimage"},"thumbnailUrl":"https:\/\/www.anovapeneira.gal\/wp-content\/uploads\/2021\/08\/felix_bueu.jpg","keywords":["Concello de Bueu"],"articleSection":["Morrazo"],"inLanguage":"gl-ES","potentialAction":[{"@type":"CommentAction","name":"Comment","target":["https:\/\/www.anovapeneira.gal\/index.php\/2023\/08\/23\/felix-juncal-alcalde-de-bueu-5\/#respond"]}]},{"@type":"WebPage","@id":"https:\/\/www.anovapeneira.gal\/index.php\/2023\/08\/23\/felix-juncal-alcalde-de-bueu-5\/","url":"https:\/\/www.anovapeneira.gal\/index.php\/2023\/08\/23\/felix-juncal-alcalde-de-bueu-5\/","name":"F\u00e9lix Juncal alcalde de Bueu -","isPartOf":{"@id":"https:\/\/www.anovapeneira.gal\/#website"},"primaryImageOfPage":{"@id":"https:\/\/www.anovapeneira.gal\/index.php\/2023\/08\/23\/felix-juncal-alcalde-de-bueu-5\/#primaryimage"},"image":{"@id":"https:\/\/www.anovapeneira.gal\/index.php\/2023\/08\/23\/felix-juncal-alcalde-de-bueu-5\/#primaryimage"},"thumbnailUrl":"https:\/\/www.anovapeneira.gal\/wp-content\/uploads\/2021\/08\/felix_bueu.jpg","datePublished":"2023-08-23T10:00:34+00:00","description":"O BNG de Bueu, do alcalde F\u00e9lix Juncal, ga\u00f1ou as pasadas municipais por moi poucos votos .Non chegaron a 200 os que lle quitou de avantaxe ao PP","breadcrumb":{"@id":"https:\/\/www.anovapeneira.gal\/index.php\/2023\/08\/23\/felix-juncal-alcalde-de-bueu-5\/#breadcrumb"},"inLanguage":"gl-ES","potentialAction":[{"@type":"ReadAction","target":["https:\/\/www.anovapeneira.gal\/index.php\/2023\/08\/23\/felix-juncal-alcalde-de-bueu-5\/"]}]},{"@type":"ImageObject","inLanguage":"gl-ES","@id":"https:\/\/www.anovapeneira.gal\/index.php\/2023\/08\/23\/felix-juncal-alcalde-de-bueu-5\/#primaryimage","url":"https:\/\/www.anovapeneira.gal\/wp-content\/uploads\/2021\/08\/felix_bueu.jpg","contentUrl":"https:\/\/www.anovapeneira.gal\/wp-content\/uploads\/2021\/08\/felix_bueu.jpg","width":1500,"height":790,"caption":"Alcalde de Bueu"},{"@type":"BreadcrumbList","@id":"https:\/\/www.anovapeneira.gal\/index.php\/2023\/08\/23\/felix-juncal-alcalde-de-bueu-5\/#breadcrumb","itemListElement":[{"@type":"ListItem","position":1,"name":"Portada","item":"https:\/\/www.anovapeneira.gal\/"},{"@type":"ListItem","position":2,"name":"F\u00e9lix Juncal alcalde de Bueu"}]},{"@type":"WebSite","@id":"https:\/\/www.anovapeneira.gal\/#website","url":"https:\/\/www.anovapeneira.gal\/","name":"","description":"Xornal galego de informaci\u00f3n xeral Publicaci\u00f3n mensual de novas de Galicia e en especial dos Concellos da sur da provincia de Pontevedra.","publisher":{"@id":"https:\/\/www.anovapeneira.gal\/#organization"},"potentialAction":[{"@type":"SearchAction","target":{"@type":"EntryPoint","urlTemplate":"https:\/\/www.anovapeneira.gal\/?s={search_term_string}"},"query-input":{"@type":"PropertyValueSpecification","valueRequired":true,"valueName":"search_term_string"}}],"inLanguage":"gl-ES"},{"@type":"Organization","@id":"https:\/\/www.anovapeneira.gal\/#organization","name":"A Nova Peneira","url":"https:\/\/www.anovapeneira.gal\/","logo":{"@type":"ImageObject","inLanguage":"gl-ES","@id":"https:\/\/www.anovapeneira.gal\/#\/schema\/logo\/image\/","url":"http:\/\/www.anovapeneira.gal\/wp-content\/uploads\/2019\/06\/logo_a_nova_peneira_portal_web.png","contentUrl":"http:\/\/www.anovapeneira.gal\/wp-content\/uploads\/2019\/06\/logo_a_nova_peneira_portal_web.png","width":300,"height":100,"caption":"A Nova Peneira"},"image":{"@id":"https:\/\/www.anovapeneira.gal\/#\/schema\/logo\/image\/"},"sameAs":["https:\/\/www.facebook.com\/anovapeneira","https:\/\/x.com\/APeneira"]},{"@type":"Person","@id":"https:\/\/www.anovapeneira.gal\/#\/schema\/person\/a907e49c1885c12d6f281770afd68766","name":"Aar\u00f3n Franco","image":{"@type":"ImageObject","inLanguage":"gl-ES","@id":"https:\/\/secure.gravatar.com\/avatar\/82f0614fe09ae3f066983f8d670d0ff15a0917fefe52b93ffa425275b87d6102?s=96&d=mm&r=g","url":"https:\/\/secure.gravatar.com\/avatar\/82f0614fe09ae3f066983f8d670d0ff15a0917fefe52b93ffa425275b87d6102?s=96&d=mm&r=g","contentUrl":"https:\/\/secure.gravatar.com\/avatar\/82f0614fe09ae3f066983f8d670d0ff15a0917fefe52b93ffa425275b87d6102?s=96&d=mm&r=g","caption":"Aar\u00f3n Franco"},"sameAs":["http:\/\/www.anovapeneira.gal\/"],"url":"https:\/\/www.anovapeneira.gal\/index.php\/author\/aaron-franco\/"}]}},"jetpack_featured_media_url":"https:\/\/www.anovapeneira.gal\/wp-content\/uploads\/2021\/08\/felix_bueu.jpg","_links":{"self":[{"href":"https:\/\/www.anovapeneira.gal\/index.php\/wp-json\/wp\/v2\/posts\/10309","targetHints":{"allow":["GET"]}}],"collection":[{"href":"https:\/\/www.anovapeneira.gal\/index.php\/wp-json\/wp\/v2\/posts"}],"about":[{"href":"https:\/\/www.anovapeneira.gal\/index.php\/wp-json\/wp\/v2\/types\/post"}],"author":[{"embeddable":true,"href":"https:\/\/www.anovapeneira.gal\/index.php\/wp-json\/wp\/v2\/users\/23"}],"replies":[{"embeddable":true,"href":"https:\/\/www.anovapeneira.gal\/index.php\/wp-json\/wp\/v2\/comments?post=10309"}],"version-history":[{"count":1,"href":"https:\/\/www.anovapeneira.gal\/index.php\/wp-json\/wp\/v2\/posts\/10309\/revisions"}],"predecessor-version":[{"id":10310,"href":"https:\/\/www.anovapeneira.gal\/index.php\/wp-json\/wp\/v2\/posts\/10309\/revisions\/10310"}],"wp:featuredmedia":[{"embeddable":true,"href":"https:\/\/www.anovapeneira.gal\/index.php\/wp-json\/wp\/v2\/media\/5935"}],"wp:attachment":[{"href":"https:\/\/www.anovapeneira.gal\/index.php\/wp-json\/wp\/v2\/media?parent=10309"}],"wp:term":[{"taxonomy":"category","embeddable":true,"href":"https:\/\/www.anovapeneira.gal\/index.php\/wp-json\/wp\/v2\/categories?post=10309"},{"taxonomy":"post_tag","embeddable":true,"href":"https:\/\/www.anovapeneira.gal\/index.php\/wp-json\/wp\/v2\/tags?post=10309"}],"curies":[{"name":"wp","href":"https:\/\/api.w.org\/{rel}","templated":true}]}}