{"id":10321,"date":"2023-08-24T12:00:35","date_gmt":"2023-08-24T10:00:35","guid":{"rendered":"https:\/\/www.anovapeneira.gal\/?p=10321"},"modified":"2023-08-23T09:58:22","modified_gmt":"2023-08-23T07:58:22","slug":"musica-obradoiros-e-espectaculos-encheran-a-carballeira-do-peirao-de-arcade-os-dias-26-e-27-de-agosto","status":"publish","type":"post","link":"https:\/\/www.anovapeneira.gal\/index.php\/2023\/08\/24\/musica-obradoiros-e-espectaculos-encheran-a-carballeira-do-peirao-de-arcade-os-dias-26-e-27-de-agosto\/","title":{"rendered":"M\u00fasica, obradoiros e espect\u00e1culos encher\u00e1n a Carballeira do Peirao de Arcade os d\u00edas 26 e 27 de agosto"},"content":{"rendered":"\n<p>O 26 e 27 de agosto Soutomaior acoller\u00e1 o Punkativada. Festival para a xente mi\u00fada, unha cita para toda a rapazada do concello e do conxunto da comarca no que tanto os m\u00e1is pequenos e pequenas como pais e nais poder\u00e1n desfrutar de concertos infant\u00eds, espect\u00e1culos de maxia e contacontos, obradoiros e moito m\u00e1is.<\/p>\n\n\n\n<p>O evento comezar\u00e1 o s\u00e1bado 26 \u00e1s 11.15 horas coas Coruxeiras, d\u00faas artistas locais de gran talento que presentan a s\u00faa \u00faltima creaci\u00f3n musical e que ter\u00e1n un segundo pase \u00e1s 16 horas. \u00c1s 11,30 horas ser\u00e1 a quenda do mago Mart\u00edn Cami\u00f1a, que chega a Soutomaior co seu espect\u00e1culo \u2018Ilusi\u00f3ns sen azucre industrial\u2019. Xa \u00e1s 13 horas a cativada desfrutar\u00e1 do espect\u00e1culo \u2018Ritmando\u2019, a cargo de @s Jaloch@s.<\/p>\n\n\n\n<p>Xa pola tarde e tras o segundo pase das Coruxeiras, \u00e1s 16,30 horas decorrer\u00e1 o obradoiro \u2018De bolas de l\u00e1 natural de ovella\u2019. Unha hora despois, \u00e1s 17,30, ter\u00e1 lugar o espect\u00e1culo de clown e escapismo \u2018A vida tola\u2019, de Natalia \u2018Pajarito\u2019. Xa \u00e1s 18,30 horas haber\u00e1 un segundo obradoiro, \u2018Somos punkis\u2019, centrado en \u201cexperimentar coa est\u00e9tica e coa imaxe sen vergo\u00f1a e sen medo\u201d. \u00c1s 20 horas comezar\u00e1 o concerto \u2018punkinfantil\u2019 de Peter Punk e Brais das Hortas, e a primeira xornada do Punkativada rematar\u00e1 co peche das Actividades de Ver\u00e1n, que comezar\u00e1 \u00e1s 21 horas.<\/p>\n\n\n\n<p>O festival ret\u00f3mase o domingo \u00e1s 12 horas co espect\u00e1culo musical e de contacontos \u2018A Ramona Pequena vai \u00e1 l\u00faa\u2019, de Pakolas. Xa pola tarde decorrer\u00e1 o obradoiro \u2018Bonecos de pau\u2019, \u00e1s 17 horas. Finalmente, o home orquestra Pulpi\u00f1o Viasc\u00f3n por\u00e1 o peche ao Punkativada \u00e1s 18,30 horas co seu concerto \u2018Dallecop\u00e9\u2019.<\/p>\n\n\n\n<p>A maiores, durante todo o festival estar\u00e1 habilitado o espazo Cacharrada Musical, no que a rapazada poder\u00e1 facer m\u00fasica e ritmos con todo tipo de obxectos coti\u00e1ns; e tam\u00e9n haber\u00e1 espazo gastron\u00f3mico, para que as familias poidan desfrutar dunha fin de semana inesquecible nunha das contornas naturais m\u00e1is fermosas do fondo da r\u00eda de Vigo, nun concello con tanto potencial natural e cultural como Soutomaior.<\/p>\n\n\n\n<div data-wp-interactive=\"core\/file\" class=\"wp-block-file\"><object data-wp-bind--hidden=\"!state.hasPdfPreview\" hidden class=\"wp-block-file__embed\" data=\"https:\/\/www.anovapeneira.gal\/wp-content\/uploads\/2023\/08\/Cartel_punkativada_final.pdf\" type=\"application\/pdf\" style=\"width:100%;height:600px\" aria-label=\"Incrustado de Cartel_punkativada_final.\"><\/object><a id=\"wp-block-file--media-f764912c-bdfa-4dac-bbcc-f3c4ffd67c50\" href=\"https:\/\/www.anovapeneira.gal\/wp-content\/uploads\/2023\/08\/Cartel_punkativada_final.pdf\">Cartel_punkativada_final<\/a><a href=\"https:\/\/www.anovapeneira.gal\/wp-content\/uploads\/2023\/08\/Cartel_punkativada_final.pdf\" class=\"wp-block-file__button wp-element-button\" download aria-describedby=\"wp-block-file--media-f764912c-bdfa-4dac-bbcc-f3c4ffd67c50\">Descarga\t <\/a><\/div>\n\n\n\n<p>O alcalde de Soutomaior, Manu Lourenzo, chamou a toda a rapazada do concello e \u00e1s s\u00faas familias a achegarse \u00e1 Carballeira de Arcade os d\u00edas 26 e 27 de agosto para \u201cdesfrutar dalg\u00fans dos mellores espect\u00e1culos infant\u00eds que hoxe en d\u00eda poden verse en Galicia\u201d. \u201cQueremos que todos os nenos e nenas de Soutomaior e a comarca, e en xeral toda a veci\u00f1anza, saquen ese esp\u00edrito punki que todos levamos dentro e poidan demostrar que para pasalo ben no ver\u00e1n non hai sitio mellor que Soutomaior\u201d.<\/p>\n\n\n\n<blockquote class=\"wp-block-quote is-layout-flow wp-block-quote-is-layout-flow\">\n<div data-wp-interactive=\"core\/file\" class=\"wp-block-file\"><object data-wp-bind--hidden=\"!state.hasPdfPreview\" hidden class=\"wp-block-file__embed\" data=\"https:\/\/www.anovapeneira.gal\/wp-content\/uploads\/2023\/08\/diptico_PUNKATIVADA.pdf\" type=\"application\/pdf\" style=\"width:100%;height:600px\" aria-label=\"Incrustado de diptico_PUNKATIVADA.\"><\/object><a id=\"wp-block-file--media-b3e53595-ca46-44b3-8185-36c65733c2a9\" href=\"https:\/\/www.anovapeneira.gal\/wp-content\/uploads\/2023\/08\/diptico_PUNKATIVADA.pdf\">diptico_PUNKATIVADA<\/a><a href=\"https:\/\/www.anovapeneira.gal\/wp-content\/uploads\/2023\/08\/diptico_PUNKATIVADA.pdf\" class=\"wp-block-file__button wp-element-button\" download aria-describedby=\"wp-block-file--media-b3e53595-ca46-44b3-8185-36c65733c2a9\">Descarga\t <\/a><\/div>\n<\/blockquote>\n","protected":false},"excerpt":{"rendered":"<div class=\"mh-excerpt\"><p>O 26 e 27 de agosto Soutomaior acoller\u00e1 o Punkativada. Festival para a xente mi\u00fada <a class=\"mh-excerpt-more\" href=\"https:\/\/www.anovapeneira.gal\/index.php\/2023\/08\/24\/musica-obradoiros-e-espectaculos-encheran-a-carballeira-do-peirao-de-arcade-os-dias-26-e-27-de-agosto\/\" title=\"M\u00fasica, obradoiros e espect\u00e1culos encher\u00e1n a Carballeira do Peirao de Arcade os d\u00edas 26 e 27 de agosto\">[&#8230;]<\/a><\/p>\n<\/div>","protected":false},"author":3,"featured_media":10323,"comment_status":"open","ping_status":"open","sticky":false,"template":"","format":"standard","meta":{"_exactmetrics_skip_tracking":false,"_exactmetrics_sitenote_active":false,"_exactmetrics_sitenote_note":"","_exactmetrics_sitenote_category":0,"footnotes":""},"categories":[24],"tags":[171],"class_list":{"0":"post-10321","1":"post","2":"type-post","3":"status-publish","4":"format-standard","5":"has-post-thumbnail","7":"category-redondela","8":"tag-concello-de-redondela"},"yoast_head":"<!-- This site is optimized with the Yoast SEO plugin v27.4 - https:\/\/yoast.com\/product\/yoast-seo-wordpress\/ -->\n<title>M\u00fasica, obradoiros e espect\u00e1culos encher\u00e1n a Carballeira do Peirao de Arcade os d\u00edas 26 e 27 de agosto -<\/title>\n<meta name=\"description\" content=\"O 26 e 27 de agosto Soutomaior acoller\u00e1 o Punkativada. Festival para a xente mi\u00fada\" \/>\n<meta name=\"robots\" content=\"index, follow, max-snippet:-1, max-image-preview:large, max-video-preview:-1\" \/>\n<link rel=\"canonical\" href=\"https:\/\/www.anovapeneira.gal\/index.php\/2023\/08\/24\/musica-obradoiros-e-espectaculos-encheran-a-carballeira-do-peirao-de-arcade-os-dias-26-e-27-de-agosto\/\" \/>\n<meta property=\"og:locale\" content=\"gl_ES\" \/>\n<meta property=\"og:type\" content=\"article\" \/>\n<meta property=\"og:title\" content=\"M\u00fasica, obradoiros e espect\u00e1culos encher\u00e1n a Carballeira do Peirao de Arcade os d\u00edas 26 e 27 de agosto -\" \/>\n<meta property=\"og:description\" content=\"O 26 e 27 de agosto Soutomaior acoller\u00e1 o Punkativada. Festival para a xente mi\u00fada\" \/>\n<meta property=\"og:url\" content=\"https:\/\/www.anovapeneira.gal\/index.php\/2023\/08\/24\/musica-obradoiros-e-espectaculos-encheran-a-carballeira-do-peirao-de-arcade-os-dias-26-e-27-de-agosto\/\" \/>\n<meta property=\"article:publisher\" content=\"https:\/\/www.facebook.com\/anovapeneira\" \/>\n<meta property=\"article:published_time\" content=\"2023-08-24T10:00:35+00:00\" \/>\n<meta property=\"og:image\" content=\"https:\/\/www.anovapeneira.gal\/wp-content\/uploads\/2023\/08\/punkativada.jpg\" \/>\n\t<meta property=\"og:image:width\" content=\"720\" \/>\n\t<meta property=\"og:image:height\" content=\"432\" \/>\n\t<meta property=\"og:image:type\" content=\"image\/jpeg\" \/>\n<meta name=\"author\" content=\"Redacci\u00f3n A Nova Peneira\" \/>\n<meta name=\"twitter:card\" content=\"summary_large_image\" \/>\n<meta name=\"twitter:creator\" content=\"@APeneira\" \/>\n<meta name=\"twitter:site\" content=\"@APeneira\" \/>\n<meta name=\"twitter:label1\" content=\"Escrito por\" \/>\n\t<meta name=\"twitter:data1\" content=\"Redacci\u00f3n A Nova Peneira\" \/>\n\t<meta name=\"twitter:label2\" content=\"Tempo de lectura\" \/>\n\t<meta name=\"twitter:data2\" content=\"3 minutos\" \/>\n<script type=\"application\/ld+json\" class=\"yoast-schema-graph\">{\"@context\":\"https:\\\/\\\/schema.org\",\"@graph\":[{\"@type\":\"Article\",\"@id\":\"https:\\\/\\\/www.anovapeneira.gal\\\/index.php\\\/2023\\\/08\\\/24\\\/musica-obradoiros-e-espectaculos-encheran-a-carballeira-do-peirao-de-arcade-os-dias-26-e-27-de-agosto\\\/#article\",\"isPartOf\":{\"@id\":\"https:\\\/\\\/www.anovapeneira.gal\\\/index.php\\\/2023\\\/08\\\/24\\\/musica-obradoiros-e-espectaculos-encheran-a-carballeira-do-peirao-de-arcade-os-dias-26-e-27-de-agosto\\\/\"},\"author\":{\"name\":\"Redacci\u00f3n A Nova Peneira\",\"@id\":\"https:\\\/\\\/www.anovapeneira.gal\\\/#\\\/schema\\\/person\\\/b93e3f8932e3f8da96334607eb6ac6aa\"},\"headline\":\"M\u00fasica, obradoiros e espect\u00e1culos encher\u00e1n a Carballeira do Peirao de Arcade os d\u00edas 26 e 27 de agosto\",\"datePublished\":\"2023-08-24T10:00:35+00:00\",\"mainEntityOfPage\":{\"@id\":\"https:\\\/\\\/www.anovapeneira.gal\\\/index.php\\\/2023\\\/08\\\/24\\\/musica-obradoiros-e-espectaculos-encheran-a-carballeira-do-peirao-de-arcade-os-dias-26-e-27-de-agosto\\\/\"},\"wordCount\":472,\"commentCount\":0,\"publisher\":{\"@id\":\"https:\\\/\\\/www.anovapeneira.gal\\\/#organization\"},\"image\":{\"@id\":\"https:\\\/\\\/www.anovapeneira.gal\\\/index.php\\\/2023\\\/08\\\/24\\\/musica-obradoiros-e-espectaculos-encheran-a-carballeira-do-peirao-de-arcade-os-dias-26-e-27-de-agosto\\\/#primaryimage\"},\"thumbnailUrl\":\"https:\\\/\\\/www.anovapeneira.gal\\\/wp-content\\\/uploads\\\/2023\\\/08\\\/punkativada.jpg\",\"keywords\":[\"Concello de Redondela\"],\"articleSection\":[\"Redondela\"],\"inLanguage\":\"gl-ES\",\"potentialAction\":[{\"@type\":\"CommentAction\",\"name\":\"Comment\",\"target\":[\"https:\\\/\\\/www.anovapeneira.gal\\\/index.php\\\/2023\\\/08\\\/24\\\/musica-obradoiros-e-espectaculos-encheran-a-carballeira-do-peirao-de-arcade-os-dias-26-e-27-de-agosto\\\/#respond\"]}]},{\"@type\":\"WebPage\",\"@id\":\"https:\\\/\\\/www.anovapeneira.gal\\\/index.php\\\/2023\\\/08\\\/24\\\/musica-obradoiros-e-espectaculos-encheran-a-carballeira-do-peirao-de-arcade-os-dias-26-e-27-de-agosto\\\/\",\"url\":\"https:\\\/\\\/www.anovapeneira.gal\\\/index.php\\\/2023\\\/08\\\/24\\\/musica-obradoiros-e-espectaculos-encheran-a-carballeira-do-peirao-de-arcade-os-dias-26-e-27-de-agosto\\\/\",\"name\":\"M\u00fasica, obradoiros e espect\u00e1culos encher\u00e1n a Carballeira do Peirao de Arcade os d\u00edas 26 e 27 de agosto -\",\"isPartOf\":{\"@id\":\"https:\\\/\\\/www.anovapeneira.gal\\\/#website\"},\"primaryImageOfPage\":{\"@id\":\"https:\\\/\\\/www.anovapeneira.gal\\\/index.php\\\/2023\\\/08\\\/24\\\/musica-obradoiros-e-espectaculos-encheran-a-carballeira-do-peirao-de-arcade-os-dias-26-e-27-de-agosto\\\/#primaryimage\"},\"image\":{\"@id\":\"https:\\\/\\\/www.anovapeneira.gal\\\/index.php\\\/2023\\\/08\\\/24\\\/musica-obradoiros-e-espectaculos-encheran-a-carballeira-do-peirao-de-arcade-os-dias-26-e-27-de-agosto\\\/#primaryimage\"},\"thumbnailUrl\":\"https:\\\/\\\/www.anovapeneira.gal\\\/wp-content\\\/uploads\\\/2023\\\/08\\\/punkativada.jpg\",\"datePublished\":\"2023-08-24T10:00:35+00:00\",\"description\":\"O 26 e 27 de agosto Soutomaior acoller\u00e1 o Punkativada. Festival para a xente mi\u00fada\",\"breadcrumb\":{\"@id\":\"https:\\\/\\\/www.anovapeneira.gal\\\/index.php\\\/2023\\\/08\\\/24\\\/musica-obradoiros-e-espectaculos-encheran-a-carballeira-do-peirao-de-arcade-os-dias-26-e-27-de-agosto\\\/#breadcrumb\"},\"inLanguage\":\"gl-ES\",\"potentialAction\":[{\"@type\":\"ReadAction\",\"target\":[\"https:\\\/\\\/www.anovapeneira.gal\\\/index.php\\\/2023\\\/08\\\/24\\\/musica-obradoiros-e-espectaculos-encheran-a-carballeira-do-peirao-de-arcade-os-dias-26-e-27-de-agosto\\\/\"]}]},{\"@type\":\"ImageObject\",\"inLanguage\":\"gl-ES\",\"@id\":\"https:\\\/\\\/www.anovapeneira.gal\\\/index.php\\\/2023\\\/08\\\/24\\\/musica-obradoiros-e-espectaculos-encheran-a-carballeira-do-peirao-de-arcade-os-dias-26-e-27-de-agosto\\\/#primaryimage\",\"url\":\"https:\\\/\\\/www.anovapeneira.gal\\\/wp-content\\\/uploads\\\/2023\\\/08\\\/punkativada.jpg\",\"contentUrl\":\"https:\\\/\\\/www.anovapeneira.gal\\\/wp-content\\\/uploads\\\/2023\\\/08\\\/punkativada.jpg\",\"width\":720,\"height\":432,\"caption\":\"punkativada, Soutomaior\"},{\"@type\":\"BreadcrumbList\",\"@id\":\"https:\\\/\\\/www.anovapeneira.gal\\\/index.php\\\/2023\\\/08\\\/24\\\/musica-obradoiros-e-espectaculos-encheran-a-carballeira-do-peirao-de-arcade-os-dias-26-e-27-de-agosto\\\/#breadcrumb\",\"itemListElement\":[{\"@type\":\"ListItem\",\"position\":1,\"name\":\"Portada\",\"item\":\"https:\\\/\\\/www.anovapeneira.gal\\\/\"},{\"@type\":\"ListItem\",\"position\":2,\"name\":\"M\u00fasica, obradoiros e espect\u00e1culos encher\u00e1n a Carballeira do Peirao de Arcade os d\u00edas 26 e 27 de agosto\"}]},{\"@type\":\"WebSite\",\"@id\":\"https:\\\/\\\/www.anovapeneira.gal\\\/#website\",\"url\":\"https:\\\/\\\/www.anovapeneira.gal\\\/\",\"name\":\"\",\"description\":\"Xornal galego de informaci\u00f3n xeral Publicaci\u00f3n mensual de novas de Galicia e en especial dos Concellos da sur da provincia de Pontevedra.\",\"publisher\":{\"@id\":\"https:\\\/\\\/www.anovapeneira.gal\\\/#organization\"},\"potentialAction\":[{\"@type\":\"SearchAction\",\"target\":{\"@type\":\"EntryPoint\",\"urlTemplate\":\"https:\\\/\\\/www.anovapeneira.gal\\\/?s={search_term_string}\"},\"query-input\":{\"@type\":\"PropertyValueSpecification\",\"valueRequired\":true,\"valueName\":\"search_term_string\"}}],\"inLanguage\":\"gl-ES\"},{\"@type\":\"Organization\",\"@id\":\"https:\\\/\\\/www.anovapeneira.gal\\\/#organization\",\"name\":\"A Nova Peneira\",\"url\":\"https:\\\/\\\/www.anovapeneira.gal\\\/\",\"logo\":{\"@type\":\"ImageObject\",\"inLanguage\":\"gl-ES\",\"@id\":\"https:\\\/\\\/www.anovapeneira.gal\\\/#\\\/schema\\\/logo\\\/image\\\/\",\"url\":\"http:\\\/\\\/www.anovapeneira.gal\\\/wp-content\\\/uploads\\\/2019\\\/06\\\/logo_a_nova_peneira_portal_web.png\",\"contentUrl\":\"http:\\\/\\\/www.anovapeneira.gal\\\/wp-content\\\/uploads\\\/2019\\\/06\\\/logo_a_nova_peneira_portal_web.png\",\"width\":300,\"height\":100,\"caption\":\"A Nova Peneira\"},\"image\":{\"@id\":\"https:\\\/\\\/www.anovapeneira.gal\\\/#\\\/schema\\\/logo\\\/image\\\/\"},\"sameAs\":[\"https:\\\/\\\/www.facebook.com\\\/anovapeneira\",\"https:\\\/\\\/x.com\\\/APeneira\"]},{\"@type\":\"Person\",\"@id\":\"https:\\\/\\\/www.anovapeneira.gal\\\/#\\\/schema\\\/person\\\/b93e3f8932e3f8da96334607eb6ac6aa\",\"name\":\"Redacci\u00f3n A Nova Peneira\",\"image\":{\"@type\":\"ImageObject\",\"inLanguage\":\"gl-ES\",\"@id\":\"https:\\\/\\\/secure.gravatar.com\\\/avatar\\\/c052a2551a06e23fac63626232eaa90abd78dbcf1700fc46a2b2c89fd27b735f?s=96&d=mm&r=g\",\"url\":\"https:\\\/\\\/secure.gravatar.com\\\/avatar\\\/c052a2551a06e23fac63626232eaa90abd78dbcf1700fc46a2b2c89fd27b735f?s=96&d=mm&r=g\",\"contentUrl\":\"https:\\\/\\\/secure.gravatar.com\\\/avatar\\\/c052a2551a06e23fac63626232eaa90abd78dbcf1700fc46a2b2c89fd27b735f?s=96&d=mm&r=g\",\"caption\":\"Redacci\u00f3n A Nova Peneira\"},\"sameAs\":[\"http:\\\/\\\/www.anovapeneira.gal\\\/\"],\"url\":\"https:\\\/\\\/www.anovapeneira.gal\\\/index.php\\\/author\\\/redactor\\\/\"}]}<\/script>\n<!-- \/ Yoast SEO plugin. -->","yoast_head_json":{"title":"M\u00fasica, obradoiros e espect\u00e1culos encher\u00e1n a Carballeira do Peirao de Arcade os d\u00edas 26 e 27 de agosto -","description":"O 26 e 27 de agosto Soutomaior acoller\u00e1 o Punkativada. Festival para a xente mi\u00fada","robots":{"index":"index","follow":"follow","max-snippet":"max-snippet:-1","max-image-preview":"max-image-preview:large","max-video-preview":"max-video-preview:-1"},"canonical":"https:\/\/www.anovapeneira.gal\/index.php\/2023\/08\/24\/musica-obradoiros-e-espectaculos-encheran-a-carballeira-do-peirao-de-arcade-os-dias-26-e-27-de-agosto\/","og_locale":"gl_ES","og_type":"article","og_title":"M\u00fasica, obradoiros e espect\u00e1culos encher\u00e1n a Carballeira do Peirao de Arcade os d\u00edas 26 e 27 de agosto -","og_description":"O 26 e 27 de agosto Soutomaior acoller\u00e1 o Punkativada. Festival para a xente mi\u00fada","og_url":"https:\/\/www.anovapeneira.gal\/index.php\/2023\/08\/24\/musica-obradoiros-e-espectaculos-encheran-a-carballeira-do-peirao-de-arcade-os-dias-26-e-27-de-agosto\/","article_publisher":"https:\/\/www.facebook.com\/anovapeneira","article_published_time":"2023-08-24T10:00:35+00:00","og_image":[{"width":720,"height":432,"url":"https:\/\/www.anovapeneira.gal\/wp-content\/uploads\/2023\/08\/punkativada.jpg","type":"image\/jpeg"}],"author":"Redacci\u00f3n A Nova Peneira","twitter_card":"summary_large_image","twitter_creator":"@APeneira","twitter_site":"@APeneira","twitter_misc":{"Escrito por":"Redacci\u00f3n A Nova Peneira","Tempo de lectura":"3 minutos"},"schema":{"@context":"https:\/\/schema.org","@graph":[{"@type":"Article","@id":"https:\/\/www.anovapeneira.gal\/index.php\/2023\/08\/24\/musica-obradoiros-e-espectaculos-encheran-a-carballeira-do-peirao-de-arcade-os-dias-26-e-27-de-agosto\/#article","isPartOf":{"@id":"https:\/\/www.anovapeneira.gal\/index.php\/2023\/08\/24\/musica-obradoiros-e-espectaculos-encheran-a-carballeira-do-peirao-de-arcade-os-dias-26-e-27-de-agosto\/"},"author":{"name":"Redacci\u00f3n A Nova Peneira","@id":"https:\/\/www.anovapeneira.gal\/#\/schema\/person\/b93e3f8932e3f8da96334607eb6ac6aa"},"headline":"M\u00fasica, obradoiros e espect\u00e1culos encher\u00e1n a Carballeira do Peirao de Arcade os d\u00edas 26 e 27 de agosto","datePublished":"2023-08-24T10:00:35+00:00","mainEntityOfPage":{"@id":"https:\/\/www.anovapeneira.gal\/index.php\/2023\/08\/24\/musica-obradoiros-e-espectaculos-encheran-a-carballeira-do-peirao-de-arcade-os-dias-26-e-27-de-agosto\/"},"wordCount":472,"commentCount":0,"publisher":{"@id":"https:\/\/www.anovapeneira.gal\/#organization"},"image":{"@id":"https:\/\/www.anovapeneira.gal\/index.php\/2023\/08\/24\/musica-obradoiros-e-espectaculos-encheran-a-carballeira-do-peirao-de-arcade-os-dias-26-e-27-de-agosto\/#primaryimage"},"thumbnailUrl":"https:\/\/www.anovapeneira.gal\/wp-content\/uploads\/2023\/08\/punkativada.jpg","keywords":["Concello de Redondela"],"articleSection":["Redondela"],"inLanguage":"gl-ES","potentialAction":[{"@type":"CommentAction","name":"Comment","target":["https:\/\/www.anovapeneira.gal\/index.php\/2023\/08\/24\/musica-obradoiros-e-espectaculos-encheran-a-carballeira-do-peirao-de-arcade-os-dias-26-e-27-de-agosto\/#respond"]}]},{"@type":"WebPage","@id":"https:\/\/www.anovapeneira.gal\/index.php\/2023\/08\/24\/musica-obradoiros-e-espectaculos-encheran-a-carballeira-do-peirao-de-arcade-os-dias-26-e-27-de-agosto\/","url":"https:\/\/www.anovapeneira.gal\/index.php\/2023\/08\/24\/musica-obradoiros-e-espectaculos-encheran-a-carballeira-do-peirao-de-arcade-os-dias-26-e-27-de-agosto\/","name":"M\u00fasica, obradoiros e espect\u00e1culos encher\u00e1n a Carballeira do Peirao de Arcade os d\u00edas 26 e 27 de agosto -","isPartOf":{"@id":"https:\/\/www.anovapeneira.gal\/#website"},"primaryImageOfPage":{"@id":"https:\/\/www.anovapeneira.gal\/index.php\/2023\/08\/24\/musica-obradoiros-e-espectaculos-encheran-a-carballeira-do-peirao-de-arcade-os-dias-26-e-27-de-agosto\/#primaryimage"},"image":{"@id":"https:\/\/www.anovapeneira.gal\/index.php\/2023\/08\/24\/musica-obradoiros-e-espectaculos-encheran-a-carballeira-do-peirao-de-arcade-os-dias-26-e-27-de-agosto\/#primaryimage"},"thumbnailUrl":"https:\/\/www.anovapeneira.gal\/wp-content\/uploads\/2023\/08\/punkativada.jpg","datePublished":"2023-08-24T10:00:35+00:00","description":"O 26 e 27 de agosto Soutomaior acoller\u00e1 o Punkativada. Festival para a xente mi\u00fada","breadcrumb":{"@id":"https:\/\/www.anovapeneira.gal\/index.php\/2023\/08\/24\/musica-obradoiros-e-espectaculos-encheran-a-carballeira-do-peirao-de-arcade-os-dias-26-e-27-de-agosto\/#breadcrumb"},"inLanguage":"gl-ES","potentialAction":[{"@type":"ReadAction","target":["https:\/\/www.anovapeneira.gal\/index.php\/2023\/08\/24\/musica-obradoiros-e-espectaculos-encheran-a-carballeira-do-peirao-de-arcade-os-dias-26-e-27-de-agosto\/"]}]},{"@type":"ImageObject","inLanguage":"gl-ES","@id":"https:\/\/www.anovapeneira.gal\/index.php\/2023\/08\/24\/musica-obradoiros-e-espectaculos-encheran-a-carballeira-do-peirao-de-arcade-os-dias-26-e-27-de-agosto\/#primaryimage","url":"https:\/\/www.anovapeneira.gal\/wp-content\/uploads\/2023\/08\/punkativada.jpg","contentUrl":"https:\/\/www.anovapeneira.gal\/wp-content\/uploads\/2023\/08\/punkativada.jpg","width":720,"height":432,"caption":"punkativada, Soutomaior"},{"@type":"BreadcrumbList","@id":"https:\/\/www.anovapeneira.gal\/index.php\/2023\/08\/24\/musica-obradoiros-e-espectaculos-encheran-a-carballeira-do-peirao-de-arcade-os-dias-26-e-27-de-agosto\/#breadcrumb","itemListElement":[{"@type":"ListItem","position":1,"name":"Portada","item":"https:\/\/www.anovapeneira.gal\/"},{"@type":"ListItem","position":2,"name":"M\u00fasica, obradoiros e espect\u00e1culos encher\u00e1n a Carballeira do Peirao de Arcade os d\u00edas 26 e 27 de agosto"}]},{"@type":"WebSite","@id":"https:\/\/www.anovapeneira.gal\/#website","url":"https:\/\/www.anovapeneira.gal\/","name":"","description":"Xornal galego de informaci\u00f3n xeral Publicaci\u00f3n mensual de novas de Galicia e en especial dos Concellos da sur da provincia de Pontevedra.","publisher":{"@id":"https:\/\/www.anovapeneira.gal\/#organization"},"potentialAction":[{"@type":"SearchAction","target":{"@type":"EntryPoint","urlTemplate":"https:\/\/www.anovapeneira.gal\/?s={search_term_string}"},"query-input":{"@type":"PropertyValueSpecification","valueRequired":true,"valueName":"search_term_string"}}],"inLanguage":"gl-ES"},{"@type":"Organization","@id":"https:\/\/www.anovapeneira.gal\/#organization","name":"A Nova Peneira","url":"https:\/\/www.anovapeneira.gal\/","logo":{"@type":"ImageObject","inLanguage":"gl-ES","@id":"https:\/\/www.anovapeneira.gal\/#\/schema\/logo\/image\/","url":"http:\/\/www.anovapeneira.gal\/wp-content\/uploads\/2019\/06\/logo_a_nova_peneira_portal_web.png","contentUrl":"http:\/\/www.anovapeneira.gal\/wp-content\/uploads\/2019\/06\/logo_a_nova_peneira_portal_web.png","width":300,"height":100,"caption":"A Nova Peneira"},"image":{"@id":"https:\/\/www.anovapeneira.gal\/#\/schema\/logo\/image\/"},"sameAs":["https:\/\/www.facebook.com\/anovapeneira","https:\/\/x.com\/APeneira"]},{"@type":"Person","@id":"https:\/\/www.anovapeneira.gal\/#\/schema\/person\/b93e3f8932e3f8da96334607eb6ac6aa","name":"Redacci\u00f3n A Nova Peneira","image":{"@type":"ImageObject","inLanguage":"gl-ES","@id":"https:\/\/secure.gravatar.com\/avatar\/c052a2551a06e23fac63626232eaa90abd78dbcf1700fc46a2b2c89fd27b735f?s=96&d=mm&r=g","url":"https:\/\/secure.gravatar.com\/avatar\/c052a2551a06e23fac63626232eaa90abd78dbcf1700fc46a2b2c89fd27b735f?s=96&d=mm&r=g","contentUrl":"https:\/\/secure.gravatar.com\/avatar\/c052a2551a06e23fac63626232eaa90abd78dbcf1700fc46a2b2c89fd27b735f?s=96&d=mm&r=g","caption":"Redacci\u00f3n A Nova Peneira"},"sameAs":["http:\/\/www.anovapeneira.gal\/"],"url":"https:\/\/www.anovapeneira.gal\/index.php\/author\/redactor\/"}]}},"jetpack_featured_media_url":"https:\/\/www.anovapeneira.gal\/wp-content\/uploads\/2023\/08\/punkativada.jpg","_links":{"self":[{"href":"https:\/\/www.anovapeneira.gal\/index.php\/wp-json\/wp\/v2\/posts\/10321","targetHints":{"allow":["GET"]}}],"collection":[{"href":"https:\/\/www.anovapeneira.gal\/index.php\/wp-json\/wp\/v2\/posts"}],"about":[{"href":"https:\/\/www.anovapeneira.gal\/index.php\/wp-json\/wp\/v2\/types\/post"}],"author":[{"embeddable":true,"href":"https:\/\/www.anovapeneira.gal\/index.php\/wp-json\/wp\/v2\/users\/3"}],"replies":[{"embeddable":true,"href":"https:\/\/www.anovapeneira.gal\/index.php\/wp-json\/wp\/v2\/comments?post=10321"}],"version-history":[{"count":2,"href":"https:\/\/www.anovapeneira.gal\/index.php\/wp-json\/wp\/v2\/posts\/10321\/revisions"}],"predecessor-version":[{"id":10324,"href":"https:\/\/www.anovapeneira.gal\/index.php\/wp-json\/wp\/v2\/posts\/10321\/revisions\/10324"}],"wp:featuredmedia":[{"embeddable":true,"href":"https:\/\/www.anovapeneira.gal\/index.php\/wp-json\/wp\/v2\/media\/10323"}],"wp:attachment":[{"href":"https:\/\/www.anovapeneira.gal\/index.php\/wp-json\/wp\/v2\/media?parent=10321"}],"wp:term":[{"taxonomy":"category","embeddable":true,"href":"https:\/\/www.anovapeneira.gal\/index.php\/wp-json\/wp\/v2\/categories?post=10321"},{"taxonomy":"post_tag","embeddable":true,"href":"https:\/\/www.anovapeneira.gal\/index.php\/wp-json\/wp\/v2\/tags?post=10321"}],"curies":[{"name":"wp","href":"https:\/\/api.w.org\/{rel}","templated":true}]}}