{"id":10325,"date":"2023-08-25T10:00:21","date_gmt":"2023-08-25T08:00:21","guid":{"rendered":"https:\/\/www.anovapeneira.gal\/?p=10325"},"modified":"2023-08-23T10:04:36","modified_gmt":"2023-08-23T08:04:36","slug":"diario-atlantico-caverna-mediatica-do-pp-pontearean","status":"publish","type":"post","link":"https:\/\/www.anovapeneira.gal\/index.php\/2023\/08\/25\/diario-atlantico-caverna-mediatica-do-pp-pontearean\/","title":{"rendered":"Diario Atl\u00e1ntico: caverna medi\u00e1tica do PP Ponteare\u00e1n"},"content":{"rendered":"\n<figure class=\"wp-block-image size-large is-resized is-style-default\"><img loading=\"lazy\" decoding=\"async\" src=\"http:\/\/www.anovapeneira.gal\/wp-content\/uploads\/2020\/03\/mestre_ceip_salvaterra_a_nova_peneira.jpg\" alt=\"Xo\u00e1n Carlos Caballero\" class=\"wp-image-2693\" width=\"95\" height=\"111\"\/><figcaption>Xo\u00e1n Carlos Caballero\n&#8211; Mestre no CEIP de Salvaterra<\/figcaption><\/figure>\n\n\n\n<pre class=\"wp-block-verse\">Artigo de opini\u00f3n<\/pre>\n\n\n\n<p>Almorzo a diario na cafetar\u00eda da parroquia, onde s\u00f3 hai tres xornais, dous deportivos e o Faro de Vigo. Apa\u00f1ar este \u00faltimo non \u00e9 doado, por iso unha vez nas mi\u00f1as mans, saboreo de forma moi especial cada un dos titulares, subtitulares, p\u00e9s de fotos e mesmo os espazos en branco das s\u00faas p\u00e1xinas. Paso devagar as follas, cos dedos pega\u00f1entos de azucre, despois de dar boa conta do croissant. \u00c9 a \u00fanica medida preventiva anti-Covid que tomo para evitar o contaxio e transmisi\u00f3n do virus. O impacto que tiveron os gl\u00facidos na non propagaci\u00f3n da enfermidade deber\u00eda ser estudado, xa que a d\u00eda de hoxe, \u00e9 raro ver a algu\u00e9n cuspindo no \u00edndice para pasar dunha p\u00e1xina \u00e1 outra.<\/p>\n\n\n\n<p>S\u00f3 os d\u00edas nos que morre algu\u00e9n dos arredores dispo\u00f1emos dun peri\u00f3dico xeneralista a maiores. Cada vez que isto acontece, diante do local sempre aparca un coche f\u00fanebre do que baixa un operario do tanatorio. Cami\u00f1ando, co ese rigor mortis que se agarda dun bo empregado do sector mortuorio, vai acheg\u00e1ndose \u00e1 entrada co Diario Atl\u00e1ntico na man, afiada gada\u00f1a que corta a respiraci\u00f3n dalg\u00fan dos presentes que ven no xornal ao mensaxeiro da Santa Morte.<\/p>\n\n\n\n<p>O paradoxo \u00e9 a mestura de sentimentos que se producen cando chega o Atl\u00e1ntico. Para alg\u00fans \u00e9 un d\u00eda no que aumentan as posibilidades de gozar do caf\u00e9 lendo a prensa, para outros un momento aciago pola morte de algu\u00e9n co\u00f1ecido, tam\u00e9n os hai que aproveitan a situaci\u00f3n para analizar o tratamento que se lle da \u00e1 mesma noticia dende dous puntos de vista, algo moi positivo na era da posverdade.<\/p>\n\n\n\n<p>No meu caso, a perspectiva \u00e9 diferente, xa que mest\u00farase o lutuoso co deleite de ter acceso \u00e1s cr\u00f3nicas de Roma Tebar, que durante oito anos estiveron denunciando a catastr\u00f3fica situaci\u00f3n que estivemos padecendo os ponteare\u00e1ns. Mar\u00eda Rosa Tebar \u00e9 unha \u201cperiodista de investigaci\u00f3n\u201d, famosa por destapar o caso da ambulancia que non chegou a tempo para asistir a unha persoa, que acabou falecendo, por mor das obras de peonalizaci\u00f3n realizadas ao longo dos \u00faltimos anos no pobo. Destacar\u00eda dela a valent\u00eda, o compromiso por descubrir a verdade, sempre contrastando todo o que publica, dende o m\u00e1ximo rigor, cunha obxectividade impecable, pero o que m\u00e1is valoro nela \u00e9, que cando se equivoca non lle doen prendas en pedir desculpas. Empregando a prosa Tebariana, durante todo este tempo a vila foi un lugar contaminado, sucio, violento, abandonado, onde non houbo onde aparcar o que provocaba que a xente marchase a comprar nos comercios doutros concellos, con praias insalubres, bancos que non valen para nada e cunha piscina a piques de colapsar. Casualidade o non, dende que goberna o Partido Popular, as cr\u00f3nicas xa non son negras, sen\u00f3n m\u00e1is ben de cor de rosa. Xa non se ven pacientes de idade avanzada deambulando polas r\u00faas a vista de todo o mundo, desapareceu a indignaci\u00f3n dos veci\u00f1os polos debuxi\u00f1os das r\u00faas e o saneamento deixou de facer augas.<\/p>\n\n\n\n<p>Na actualidade, (se exceptuamos os pu\u00f1azos e patadas ao sa\u00edr das discotecas, o trapicheo de drogas, a xente armada con pistolas de verdade pola r\u00faa, a decapitaci\u00f3n de monumentos, a rotura de sinais de tr\u00e1fico ou a contaminaci\u00f3n sonora a altas horas da madrugada, que impide o descanso dos veci\u00f1os), p\u00f3dese dicir que en Ponteareas os \u00edndices elevados de delincuencia pola falta de seguridade e as olas de vandalismo incontrolado, dos que Roma Tebar informaba nas cr\u00f3nicas anteriores, desapareceron repentinamente. Esta xornalista de raza, deixou atr\u00e1s unha etapa creativa de tem\u00e1tica amarga e escura, propia doutro xenio como Goya, para adentrarse nun per\u00edodo rosa, como o que viviu Picasso nunha das etapas m\u00e1is felices da s\u00faa vida, na que tivo varios romances no Par\u00eds de principios do s\u00e9culo XX.<\/p>\n\n\n\n<p>A partires de agora as s\u00faas cr\u00f3nicas relatar\u00e1n todo o que va a ir mellorando Ponteareas mentres goberne o Partido Popular. Transformar\u00e9monos nunha vila limpa, descontaminada e pac\u00edfica. Converter\u00e9monos nun Suburbicon, como o de Clooney e os irm\u00e1ns Coen, pero sen atracos con navallas en parques infant\u00eds a plena luz do d\u00eda, nin olas de violencia incontrolada e onde todo ser\u00e1 harmon\u00eda e felicidade.<\/p>\n\n\n\n<p>E cando algo desagradable suceda, po\u00f1amos por exemplo un acoitelamento \u00e1 sa\u00edda dunha discoteca, non vai insinuar que a culpa \u00e9 do goberno do Partido Popular. As\u00ed de estupenda es Mar\u00eda Rosa Tebar.<\/p>\n","protected":false},"excerpt":{"rendered":"<div class=\"mh-excerpt\"><p>Almorzo a diario na cafetar\u00eda da parroquia, onde s\u00f3 hai tres xornais, dous deportivos e o Faro de Vigo. Apa\u00f1ar este \u00faltimo non \u00e9 doado, por iso unha vez nas mi\u00f1as mans <a class=\"mh-excerpt-more\" href=\"https:\/\/www.anovapeneira.gal\/index.php\/2023\/08\/25\/diario-atlantico-caverna-mediatica-do-pp-pontearean\/\" title=\"Diario Atl\u00e1ntico: caverna medi\u00e1tica do PP Ponteare\u00e1n\">[&#8230;]<\/a><\/p>\n<\/div>","protected":false},"author":12,"featured_media":584,"comment_status":"open","ping_status":"open","sticky":false,"template":"","format":"standard","meta":{"_exactmetrics_skip_tracking":false,"_exactmetrics_sitenote_active":false,"_exactmetrics_sitenote_note":"","_exactmetrics_sitenote_category":0,"footnotes":""},"categories":[7],"tags":[],"class_list":{"0":"post-10325","1":"post","2":"type-post","3":"status-publish","4":"format-standard","5":"has-post-thumbnail","7":"category-artigos-de-opinion"},"yoast_head":"<!-- This site is optimized with the Yoast SEO plugin v27.4 - https:\/\/yoast.com\/product\/yoast-seo-wordpress\/ -->\n<title>Diario Atl\u00e1ntico: caverna medi\u00e1tica do PP Ponteare\u00e1n -<\/title>\n<meta name=\"description\" content=\"Almorzo a diario na cafetar\u00eda da parroquia, onde s\u00f3 hai tres xornais, dous deportivos e o Faro de Vigo. Apa\u00f1ar este \u00faltimo non \u00e9 doado, por iso unha vez nas mi\u00f1as mans\" \/>\n<meta name=\"robots\" content=\"index, follow, max-snippet:-1, max-image-preview:large, max-video-preview:-1\" \/>\n<link rel=\"canonical\" href=\"https:\/\/www.anovapeneira.gal\/index.php\/2023\/08\/25\/diario-atlantico-caverna-mediatica-do-pp-pontearean\/\" \/>\n<meta property=\"og:locale\" content=\"gl_ES\" \/>\n<meta property=\"og:type\" content=\"article\" \/>\n<meta property=\"og:title\" content=\"Diario Atl\u00e1ntico: caverna medi\u00e1tica do PP Ponteare\u00e1n -\" \/>\n<meta property=\"og:description\" content=\"Almorzo a diario na cafetar\u00eda da parroquia, onde s\u00f3 hai tres xornais, dous deportivos e o Faro de Vigo. Apa\u00f1ar este \u00faltimo non \u00e9 doado, por iso unha vez nas mi\u00f1as mans\" \/>\n<meta property=\"og:url\" content=\"https:\/\/www.anovapeneira.gal\/index.php\/2023\/08\/25\/diario-atlantico-caverna-mediatica-do-pp-pontearean\/\" \/>\n<meta property=\"article:publisher\" content=\"https:\/\/www.facebook.com\/anovapeneira\" \/>\n<meta property=\"article:published_time\" content=\"2023-08-25T08:00:21+00:00\" \/>\n<meta property=\"og:image\" content=\"https:\/\/www.anovapeneira.gal\/wp-content\/uploads\/2019\/07\/ARTIGO_DE_OPINION_A_NOVA_PENEIRA.jpg\" \/>\n\t<meta property=\"og:image:width\" content=\"720\" \/>\n\t<meta property=\"og:image:height\" content=\"473\" \/>\n\t<meta property=\"og:image:type\" content=\"image\/jpeg\" \/>\n<meta name=\"author\" content=\"Artigos Opini\u00f3n\" \/>\n<meta name=\"twitter:card\" content=\"summary_large_image\" \/>\n<meta name=\"twitter:image\" content=\"https:\/\/www.anovapeneira.gal\/wp-content\/uploads\/2019\/07\/ARTIGO_DE_OPINION_A_NOVA_PENEIRA.jpg\" \/>\n<meta name=\"twitter:creator\" content=\"@APeneira\" \/>\n<meta name=\"twitter:site\" content=\"@APeneira\" \/>\n<meta name=\"twitter:label1\" content=\"Escrito por\" \/>\n\t<meta name=\"twitter:data1\" content=\"Artigos Opini\u00f3n\" \/>\n\t<meta name=\"twitter:label2\" content=\"Tempo de lectura\" \/>\n\t<meta name=\"twitter:data2\" content=\"4 minutos\" \/>\n<script type=\"application\/ld+json\" class=\"yoast-schema-graph\">{\"@context\":\"https:\\\/\\\/schema.org\",\"@graph\":[{\"@type\":\"Article\",\"@id\":\"https:\\\/\\\/www.anovapeneira.gal\\\/index.php\\\/2023\\\/08\\\/25\\\/diario-atlantico-caverna-mediatica-do-pp-pontearean\\\/#article\",\"isPartOf\":{\"@id\":\"https:\\\/\\\/www.anovapeneira.gal\\\/index.php\\\/2023\\\/08\\\/25\\\/diario-atlantico-caverna-mediatica-do-pp-pontearean\\\/\"},\"author\":{\"name\":\"Artigos Opini\u00f3n\",\"@id\":\"https:\\\/\\\/www.anovapeneira.gal\\\/#\\\/schema\\\/person\\\/f18a4feb302e8f20bcef4490b5b60bb3\"},\"headline\":\"Diario Atl\u00e1ntico: caverna medi\u00e1tica do PP Ponteare\u00e1n\",\"datePublished\":\"2023-08-25T08:00:21+00:00\",\"mainEntityOfPage\":{\"@id\":\"https:\\\/\\\/www.anovapeneira.gal\\\/index.php\\\/2023\\\/08\\\/25\\\/diario-atlantico-caverna-mediatica-do-pp-pontearean\\\/\"},\"wordCount\":796,\"commentCount\":0,\"publisher\":{\"@id\":\"https:\\\/\\\/www.anovapeneira.gal\\\/#organization\"},\"image\":{\"@id\":\"https:\\\/\\\/www.anovapeneira.gal\\\/index.php\\\/2023\\\/08\\\/25\\\/diario-atlantico-caverna-mediatica-do-pp-pontearean\\\/#primaryimage\"},\"thumbnailUrl\":\"https:\\\/\\\/www.anovapeneira.gal\\\/wp-content\\\/uploads\\\/2019\\\/07\\\/ARTIGO_DE_OPINION_A_NOVA_PENEIRA.jpg\",\"articleSection\":[\"Artigos de opini\u00f3n\"],\"inLanguage\":\"gl-ES\",\"potentialAction\":[{\"@type\":\"CommentAction\",\"name\":\"Comment\",\"target\":[\"https:\\\/\\\/www.anovapeneira.gal\\\/index.php\\\/2023\\\/08\\\/25\\\/diario-atlantico-caverna-mediatica-do-pp-pontearean\\\/#respond\"]}]},{\"@type\":\"WebPage\",\"@id\":\"https:\\\/\\\/www.anovapeneira.gal\\\/index.php\\\/2023\\\/08\\\/25\\\/diario-atlantico-caverna-mediatica-do-pp-pontearean\\\/\",\"url\":\"https:\\\/\\\/www.anovapeneira.gal\\\/index.php\\\/2023\\\/08\\\/25\\\/diario-atlantico-caverna-mediatica-do-pp-pontearean\\\/\",\"name\":\"Diario Atl\u00e1ntico: caverna medi\u00e1tica do PP Ponteare\u00e1n -\",\"isPartOf\":{\"@id\":\"https:\\\/\\\/www.anovapeneira.gal\\\/#website\"},\"primaryImageOfPage\":{\"@id\":\"https:\\\/\\\/www.anovapeneira.gal\\\/index.php\\\/2023\\\/08\\\/25\\\/diario-atlantico-caverna-mediatica-do-pp-pontearean\\\/#primaryimage\"},\"image\":{\"@id\":\"https:\\\/\\\/www.anovapeneira.gal\\\/index.php\\\/2023\\\/08\\\/25\\\/diario-atlantico-caverna-mediatica-do-pp-pontearean\\\/#primaryimage\"},\"thumbnailUrl\":\"https:\\\/\\\/www.anovapeneira.gal\\\/wp-content\\\/uploads\\\/2019\\\/07\\\/ARTIGO_DE_OPINION_A_NOVA_PENEIRA.jpg\",\"datePublished\":\"2023-08-25T08:00:21+00:00\",\"description\":\"Almorzo a diario na cafetar\u00eda da parroquia, onde s\u00f3 hai tres xornais, dous deportivos e o Faro de Vigo. Apa\u00f1ar este \u00faltimo non \u00e9 doado, por iso unha vez nas mi\u00f1as mans\",\"breadcrumb\":{\"@id\":\"https:\\\/\\\/www.anovapeneira.gal\\\/index.php\\\/2023\\\/08\\\/25\\\/diario-atlantico-caverna-mediatica-do-pp-pontearean\\\/#breadcrumb\"},\"inLanguage\":\"gl-ES\",\"potentialAction\":[{\"@type\":\"ReadAction\",\"target\":[\"https:\\\/\\\/www.anovapeneira.gal\\\/index.php\\\/2023\\\/08\\\/25\\\/diario-atlantico-caverna-mediatica-do-pp-pontearean\\\/\"]}]},{\"@type\":\"ImageObject\",\"inLanguage\":\"gl-ES\",\"@id\":\"https:\\\/\\\/www.anovapeneira.gal\\\/index.php\\\/2023\\\/08\\\/25\\\/diario-atlantico-caverna-mediatica-do-pp-pontearean\\\/#primaryimage\",\"url\":\"https:\\\/\\\/www.anovapeneira.gal\\\/wp-content\\\/uploads\\\/2019\\\/07\\\/ARTIGO_DE_OPINION_A_NOVA_PENEIRA.jpg\",\"contentUrl\":\"https:\\\/\\\/www.anovapeneira.gal\\\/wp-content\\\/uploads\\\/2019\\\/07\\\/ARTIGO_DE_OPINION_A_NOVA_PENEIRA.jpg\",\"width\":720,\"height\":473,\"caption\":\"Artigo de opini\u00f3n A Nova Peneira\"},{\"@type\":\"BreadcrumbList\",\"@id\":\"https:\\\/\\\/www.anovapeneira.gal\\\/index.php\\\/2023\\\/08\\\/25\\\/diario-atlantico-caverna-mediatica-do-pp-pontearean\\\/#breadcrumb\",\"itemListElement\":[{\"@type\":\"ListItem\",\"position\":1,\"name\":\"Portada\",\"item\":\"https:\\\/\\\/www.anovapeneira.gal\\\/\"},{\"@type\":\"ListItem\",\"position\":2,\"name\":\"Diario Atl\u00e1ntico: caverna medi\u00e1tica do PP Ponteare\u00e1n\"}]},{\"@type\":\"WebSite\",\"@id\":\"https:\\\/\\\/www.anovapeneira.gal\\\/#website\",\"url\":\"https:\\\/\\\/www.anovapeneira.gal\\\/\",\"name\":\"\",\"description\":\"Xornal galego de informaci\u00f3n xeral Publicaci\u00f3n mensual de novas de Galicia e en especial dos Concellos da sur da provincia de Pontevedra.\",\"publisher\":{\"@id\":\"https:\\\/\\\/www.anovapeneira.gal\\\/#organization\"},\"potentialAction\":[{\"@type\":\"SearchAction\",\"target\":{\"@type\":\"EntryPoint\",\"urlTemplate\":\"https:\\\/\\\/www.anovapeneira.gal\\\/?s={search_term_string}\"},\"query-input\":{\"@type\":\"PropertyValueSpecification\",\"valueRequired\":true,\"valueName\":\"search_term_string\"}}],\"inLanguage\":\"gl-ES\"},{\"@type\":\"Organization\",\"@id\":\"https:\\\/\\\/www.anovapeneira.gal\\\/#organization\",\"name\":\"A Nova Peneira\",\"url\":\"https:\\\/\\\/www.anovapeneira.gal\\\/\",\"logo\":{\"@type\":\"ImageObject\",\"inLanguage\":\"gl-ES\",\"@id\":\"https:\\\/\\\/www.anovapeneira.gal\\\/#\\\/schema\\\/logo\\\/image\\\/\",\"url\":\"http:\\\/\\\/www.anovapeneira.gal\\\/wp-content\\\/uploads\\\/2019\\\/06\\\/logo_a_nova_peneira_portal_web.png\",\"contentUrl\":\"http:\\\/\\\/www.anovapeneira.gal\\\/wp-content\\\/uploads\\\/2019\\\/06\\\/logo_a_nova_peneira_portal_web.png\",\"width\":300,\"height\":100,\"caption\":\"A Nova Peneira\"},\"image\":{\"@id\":\"https:\\\/\\\/www.anovapeneira.gal\\\/#\\\/schema\\\/logo\\\/image\\\/\"},\"sameAs\":[\"https:\\\/\\\/www.facebook.com\\\/anovapeneira\",\"https:\\\/\\\/x.com\\\/APeneira\"]},{\"@type\":\"Person\",\"@id\":\"https:\\\/\\\/www.anovapeneira.gal\\\/#\\\/schema\\\/person\\\/f18a4feb302e8f20bcef4490b5b60bb3\",\"name\":\"Artigos Opini\u00f3n\",\"image\":{\"@type\":\"ImageObject\",\"inLanguage\":\"gl-ES\",\"@id\":\"https:\\\/\\\/secure.gravatar.com\\\/avatar\\\/072844300f4881150aee2da4278f7a65d16eefdf8262eb67085f1e702de2b959?s=96&d=mm&r=g\",\"url\":\"https:\\\/\\\/secure.gravatar.com\\\/avatar\\\/072844300f4881150aee2da4278f7a65d16eefdf8262eb67085f1e702de2b959?s=96&d=mm&r=g\",\"contentUrl\":\"https:\\\/\\\/secure.gravatar.com\\\/avatar\\\/072844300f4881150aee2da4278f7a65d16eefdf8262eb67085f1e702de2b959?s=96&d=mm&r=g\",\"caption\":\"Artigos Opini\u00f3n\"},\"sameAs\":[\"http:\\\/\\\/anovapeneira.gal\"],\"url\":\"https:\\\/\\\/www.anovapeneira.gal\\\/index.php\\\/author\\\/artigosopinion\\\/\"}]}<\/script>\n<!-- \/ Yoast SEO plugin. -->","yoast_head_json":{"title":"Diario Atl\u00e1ntico: caverna medi\u00e1tica do PP Ponteare\u00e1n -","description":"Almorzo a diario na cafetar\u00eda da parroquia, onde s\u00f3 hai tres xornais, dous deportivos e o Faro de Vigo. Apa\u00f1ar este \u00faltimo non \u00e9 doado, por iso unha vez nas mi\u00f1as mans","robots":{"index":"index","follow":"follow","max-snippet":"max-snippet:-1","max-image-preview":"max-image-preview:large","max-video-preview":"max-video-preview:-1"},"canonical":"https:\/\/www.anovapeneira.gal\/index.php\/2023\/08\/25\/diario-atlantico-caverna-mediatica-do-pp-pontearean\/","og_locale":"gl_ES","og_type":"article","og_title":"Diario Atl\u00e1ntico: caverna medi\u00e1tica do PP Ponteare\u00e1n -","og_description":"Almorzo a diario na cafetar\u00eda da parroquia, onde s\u00f3 hai tres xornais, dous deportivos e o Faro de Vigo. Apa\u00f1ar este \u00faltimo non \u00e9 doado, por iso unha vez nas mi\u00f1as mans","og_url":"https:\/\/www.anovapeneira.gal\/index.php\/2023\/08\/25\/diario-atlantico-caverna-mediatica-do-pp-pontearean\/","article_publisher":"https:\/\/www.facebook.com\/anovapeneira","article_published_time":"2023-08-25T08:00:21+00:00","og_image":[{"width":720,"height":473,"url":"https:\/\/www.anovapeneira.gal\/wp-content\/uploads\/2019\/07\/ARTIGO_DE_OPINION_A_NOVA_PENEIRA.jpg","type":"image\/jpeg"}],"author":"Artigos Opini\u00f3n","twitter_card":"summary_large_image","twitter_image":"https:\/\/www.anovapeneira.gal\/wp-content\/uploads\/2019\/07\/ARTIGO_DE_OPINION_A_NOVA_PENEIRA.jpg","twitter_creator":"@APeneira","twitter_site":"@APeneira","twitter_misc":{"Escrito por":"Artigos Opini\u00f3n","Tempo de lectura":"4 minutos"},"schema":{"@context":"https:\/\/schema.org","@graph":[{"@type":"Article","@id":"https:\/\/www.anovapeneira.gal\/index.php\/2023\/08\/25\/diario-atlantico-caverna-mediatica-do-pp-pontearean\/#article","isPartOf":{"@id":"https:\/\/www.anovapeneira.gal\/index.php\/2023\/08\/25\/diario-atlantico-caverna-mediatica-do-pp-pontearean\/"},"author":{"name":"Artigos Opini\u00f3n","@id":"https:\/\/www.anovapeneira.gal\/#\/schema\/person\/f18a4feb302e8f20bcef4490b5b60bb3"},"headline":"Diario Atl\u00e1ntico: caverna medi\u00e1tica do PP Ponteare\u00e1n","datePublished":"2023-08-25T08:00:21+00:00","mainEntityOfPage":{"@id":"https:\/\/www.anovapeneira.gal\/index.php\/2023\/08\/25\/diario-atlantico-caverna-mediatica-do-pp-pontearean\/"},"wordCount":796,"commentCount":0,"publisher":{"@id":"https:\/\/www.anovapeneira.gal\/#organization"},"image":{"@id":"https:\/\/www.anovapeneira.gal\/index.php\/2023\/08\/25\/diario-atlantico-caverna-mediatica-do-pp-pontearean\/#primaryimage"},"thumbnailUrl":"https:\/\/www.anovapeneira.gal\/wp-content\/uploads\/2019\/07\/ARTIGO_DE_OPINION_A_NOVA_PENEIRA.jpg","articleSection":["Artigos de opini\u00f3n"],"inLanguage":"gl-ES","potentialAction":[{"@type":"CommentAction","name":"Comment","target":["https:\/\/www.anovapeneira.gal\/index.php\/2023\/08\/25\/diario-atlantico-caverna-mediatica-do-pp-pontearean\/#respond"]}]},{"@type":"WebPage","@id":"https:\/\/www.anovapeneira.gal\/index.php\/2023\/08\/25\/diario-atlantico-caverna-mediatica-do-pp-pontearean\/","url":"https:\/\/www.anovapeneira.gal\/index.php\/2023\/08\/25\/diario-atlantico-caverna-mediatica-do-pp-pontearean\/","name":"Diario Atl\u00e1ntico: caverna medi\u00e1tica do PP Ponteare\u00e1n -","isPartOf":{"@id":"https:\/\/www.anovapeneira.gal\/#website"},"primaryImageOfPage":{"@id":"https:\/\/www.anovapeneira.gal\/index.php\/2023\/08\/25\/diario-atlantico-caverna-mediatica-do-pp-pontearean\/#primaryimage"},"image":{"@id":"https:\/\/www.anovapeneira.gal\/index.php\/2023\/08\/25\/diario-atlantico-caverna-mediatica-do-pp-pontearean\/#primaryimage"},"thumbnailUrl":"https:\/\/www.anovapeneira.gal\/wp-content\/uploads\/2019\/07\/ARTIGO_DE_OPINION_A_NOVA_PENEIRA.jpg","datePublished":"2023-08-25T08:00:21+00:00","description":"Almorzo a diario na cafetar\u00eda da parroquia, onde s\u00f3 hai tres xornais, dous deportivos e o Faro de Vigo. Apa\u00f1ar este \u00faltimo non \u00e9 doado, por iso unha vez nas mi\u00f1as mans","breadcrumb":{"@id":"https:\/\/www.anovapeneira.gal\/index.php\/2023\/08\/25\/diario-atlantico-caverna-mediatica-do-pp-pontearean\/#breadcrumb"},"inLanguage":"gl-ES","potentialAction":[{"@type":"ReadAction","target":["https:\/\/www.anovapeneira.gal\/index.php\/2023\/08\/25\/diario-atlantico-caverna-mediatica-do-pp-pontearean\/"]}]},{"@type":"ImageObject","inLanguage":"gl-ES","@id":"https:\/\/www.anovapeneira.gal\/index.php\/2023\/08\/25\/diario-atlantico-caverna-mediatica-do-pp-pontearean\/#primaryimage","url":"https:\/\/www.anovapeneira.gal\/wp-content\/uploads\/2019\/07\/ARTIGO_DE_OPINION_A_NOVA_PENEIRA.jpg","contentUrl":"https:\/\/www.anovapeneira.gal\/wp-content\/uploads\/2019\/07\/ARTIGO_DE_OPINION_A_NOVA_PENEIRA.jpg","width":720,"height":473,"caption":"Artigo de opini\u00f3n A Nova Peneira"},{"@type":"BreadcrumbList","@id":"https:\/\/www.anovapeneira.gal\/index.php\/2023\/08\/25\/diario-atlantico-caverna-mediatica-do-pp-pontearean\/#breadcrumb","itemListElement":[{"@type":"ListItem","position":1,"name":"Portada","item":"https:\/\/www.anovapeneira.gal\/"},{"@type":"ListItem","position":2,"name":"Diario Atl\u00e1ntico: caverna medi\u00e1tica do PP Ponteare\u00e1n"}]},{"@type":"WebSite","@id":"https:\/\/www.anovapeneira.gal\/#website","url":"https:\/\/www.anovapeneira.gal\/","name":"","description":"Xornal galego de informaci\u00f3n xeral Publicaci\u00f3n mensual de novas de Galicia e en especial dos Concellos da sur da provincia de Pontevedra.","publisher":{"@id":"https:\/\/www.anovapeneira.gal\/#organization"},"potentialAction":[{"@type":"SearchAction","target":{"@type":"EntryPoint","urlTemplate":"https:\/\/www.anovapeneira.gal\/?s={search_term_string}"},"query-input":{"@type":"PropertyValueSpecification","valueRequired":true,"valueName":"search_term_string"}}],"inLanguage":"gl-ES"},{"@type":"Organization","@id":"https:\/\/www.anovapeneira.gal\/#organization","name":"A Nova Peneira","url":"https:\/\/www.anovapeneira.gal\/","logo":{"@type":"ImageObject","inLanguage":"gl-ES","@id":"https:\/\/www.anovapeneira.gal\/#\/schema\/logo\/image\/","url":"http:\/\/www.anovapeneira.gal\/wp-content\/uploads\/2019\/06\/logo_a_nova_peneira_portal_web.png","contentUrl":"http:\/\/www.anovapeneira.gal\/wp-content\/uploads\/2019\/06\/logo_a_nova_peneira_portal_web.png","width":300,"height":100,"caption":"A Nova Peneira"},"image":{"@id":"https:\/\/www.anovapeneira.gal\/#\/schema\/logo\/image\/"},"sameAs":["https:\/\/www.facebook.com\/anovapeneira","https:\/\/x.com\/APeneira"]},{"@type":"Person","@id":"https:\/\/www.anovapeneira.gal\/#\/schema\/person\/f18a4feb302e8f20bcef4490b5b60bb3","name":"Artigos Opini\u00f3n","image":{"@type":"ImageObject","inLanguage":"gl-ES","@id":"https:\/\/secure.gravatar.com\/avatar\/072844300f4881150aee2da4278f7a65d16eefdf8262eb67085f1e702de2b959?s=96&d=mm&r=g","url":"https:\/\/secure.gravatar.com\/avatar\/072844300f4881150aee2da4278f7a65d16eefdf8262eb67085f1e702de2b959?s=96&d=mm&r=g","contentUrl":"https:\/\/secure.gravatar.com\/avatar\/072844300f4881150aee2da4278f7a65d16eefdf8262eb67085f1e702de2b959?s=96&d=mm&r=g","caption":"Artigos Opini\u00f3n"},"sameAs":["http:\/\/anovapeneira.gal"],"url":"https:\/\/www.anovapeneira.gal\/index.php\/author\/artigosopinion\/"}]}},"jetpack_featured_media_url":"https:\/\/www.anovapeneira.gal\/wp-content\/uploads\/2019\/07\/ARTIGO_DE_OPINION_A_NOVA_PENEIRA.jpg","_links":{"self":[{"href":"https:\/\/www.anovapeneira.gal\/index.php\/wp-json\/wp\/v2\/posts\/10325","targetHints":{"allow":["GET"]}}],"collection":[{"href":"https:\/\/www.anovapeneira.gal\/index.php\/wp-json\/wp\/v2\/posts"}],"about":[{"href":"https:\/\/www.anovapeneira.gal\/index.php\/wp-json\/wp\/v2\/types\/post"}],"author":[{"embeddable":true,"href":"https:\/\/www.anovapeneira.gal\/index.php\/wp-json\/wp\/v2\/users\/12"}],"replies":[{"embeddable":true,"href":"https:\/\/www.anovapeneira.gal\/index.php\/wp-json\/wp\/v2\/comments?post=10325"}],"version-history":[{"count":1,"href":"https:\/\/www.anovapeneira.gal\/index.php\/wp-json\/wp\/v2\/posts\/10325\/revisions"}],"predecessor-version":[{"id":10326,"href":"https:\/\/www.anovapeneira.gal\/index.php\/wp-json\/wp\/v2\/posts\/10325\/revisions\/10326"}],"wp:featuredmedia":[{"embeddable":true,"href":"https:\/\/www.anovapeneira.gal\/index.php\/wp-json\/wp\/v2\/media\/584"}],"wp:attachment":[{"href":"https:\/\/www.anovapeneira.gal\/index.php\/wp-json\/wp\/v2\/media?parent=10325"}],"wp:term":[{"taxonomy":"category","embeddable":true,"href":"https:\/\/www.anovapeneira.gal\/index.php\/wp-json\/wp\/v2\/categories?post=10325"},{"taxonomy":"post_tag","embeddable":true,"href":"https:\/\/www.anovapeneira.gal\/index.php\/wp-json\/wp\/v2\/tags?post=10325"}],"curies":[{"name":"wp","href":"https:\/\/api.w.org\/{rel}","templated":true}]}}