{"id":10332,"date":"2023-08-28T10:00:55","date_gmt":"2023-08-28T08:00:55","guid":{"rendered":"https:\/\/www.anovapeneira.gal\/?p=10332"},"modified":"2023-08-28T08:38:08","modified_gmt":"2023-08-28T06:38:08","slug":"o-psdeg-psoe-denuncia-o-peche-do-parque-de-bombeiros-do-baixo-mino-todo-o-dia","status":"publish","type":"post","link":"https:\/\/www.anovapeneira.gal\/index.php\/2023\/08\/28\/o-psdeg-psoe-denuncia-o-peche-do-parque-de-bombeiros-do-baixo-mino-todo-o-dia\/","title":{"rendered":"O PSdeG-PSOE DENUNCIA O PECHE DO PARQUE DE BOMBEIROS DO BAIXO MI\u00d1O TODO O D\u00cdA"},"content":{"rendered":"\n<h2 class=\"wp-block-heading\"><em>Os socialistas do Porri\u00f1o lamentan que un parque como o do Porri\u00f1o no que temos un parque empresarial tan importante e que presta servizo a 22 Concellos m\u00e1is te\u00f1a que pechar pola mala xesti\u00f3n da Xunta e da Deputaci\u00f3n<\/em><\/h2>\n\n\n\n<p><strong>O Porri\u00f1o 18 de agosto de 2023<\/strong><\/p>\n\n\n\n<p>O PSdeG-PSOE do Porri\u00f1o rexistrou unha moci\u00f3n para que se inste tanto \u00e1 Xunta de Galicia como a Deputaci\u00f3n de Pontevedra a que solucionen dunha vez os estado no que mante\u00f1en aos efectivos dos parques de bombeiros do Consorcio Provincial.<\/p>\n\n\n\n<p>Dende o ano 2011, a xesti\u00f3n dos Parques de Bombeiros do Consorcio de Pontevedra, entre os que se incl\u00faen os do Baixo Mi\u00f1o, ubicado no Pol\u00edgono das G\u00e1ndaras do Porri\u00f1o, quedou en mans da Xunta de Galicia e da Deputaci\u00f3n de Pontevedra ao 50%.<\/p>\n\n\n\n<p>Dende o pasado 15 de xu\u00f1o de 2023, os bombeiros do Consorcio Provincial de Pontevedra est\u00e1n en folga. Os bombeiros do parque porri\u00f1\u00e9s prestan servizo a 22 Concellos da contorna, pero agora estanse a pechar parques como o de Vilagarc\u00eda, repercutindo na calidade dos servizos que prestan os demais parques da contorna, pois estase a pechar tam\u00e9n o parque porri\u00f1\u00e9s por turnos para poder cubrir servizos en parques como o de Bueu, que abrangue outros 10 Concellos.<\/p>\n\n\n\n<p>Os socialistas do Porri\u00f1o tivemos co\u00f1ecemento de que o parque de Porri\u00f1o estivo pechado todo o d\u00eda o 12 e 28 de xu\u00f1o, os d\u00edas 15 e 23 de xullo e os d\u00edas 3, 13 e 16 de este mes de agosto \u201cun verdadeiro desprop\u00f3sito tendo en conta que no noso municipio contamos cun parque empresarial de tal magnitude, e iso sin contar os dem\u00e1is pol\u00edgonos dos Concellos aos que prestan servizo\u201d indica a concelleira Sthela T\u00e1boas.<\/p>\n\n\n\n<p>Por outra banda, seg\u00fan a sentenza da Sala do Social do Tribunal Supremo de Madrid STS 270\/2022 rec\u00f3llese que \u201co contrato dos bombeiros debe ser de laboral fixo e non o est\u00e1n a cumprir, pois nin fixeron esa conversi\u00f3n do contrato, nin siquera elaboraron a RPT correspondente\u201d res\u00famen os socialistas.<\/p>\n\n\n\n<p>Adem\u00e1is somos co\u00f1ecedores da licitaci\u00f3n deserta do Concello do Porri\u00f1o para a contrataci\u00f3n de d\u00faas brigadas para o servizo de prevenci\u00f3n e defensa contra incendios forestais,ao ter <em>r<\/em><em>ematado o prazo de presentaci\u00f3n o 04.08.2023 e constar no expediente a non presentaci\u00f3n de proposici\u00f3ns<\/em>, \u201cincrementando a maiores a carga de traballo para os bombeiros do Baixo Mi\u00f1o, pois un incendio forestal preto dos domicilios que non se sofoque con celeridade, far\u00eda que fose indispensable a s\u00faa intervenci\u00f3n\u201d subli\u00f1a T\u00e1boas quen apunta que \u201cAlejandro Lorenzo mantivo un encontro cos bombeiros hai un mes, pero en lugar de mellorar a s\u00faa situaci\u00f3n, semella que empeorou o que me leva a preguntarnos se o alcalde \u00e9 co\u00f1ecedor desta situaci\u00f3n na que se deixa ao cidad\u00e1n\u201d, pois \u00e9 obriga da Deputaci\u00f3n mantelo informado do peche do parque porri\u00f1\u00e9s.<\/p>\n\n\n\n<p>\u201cSemella que estamos agardando a que se produza unha desgraza e despois votar as mans \u00e1 cabeza, pois o tempo de resposta nunha emerxencia como unha excarcelaci\u00f3n nun accidente de tr\u00e1fico ou de sofocaci\u00f3n nun incendio, \u00e9 vital en moitos dos casos. Par\u00e9ceme unha temeridade esta situaci\u00f3n na que o alcalde semella virar a cabeza cara outro lado\u201d apunta a concelleira socialista Sthela T\u00e1boas.<\/p>\n\n\n\n<p>Por todo iso, o grupo municipal do PSOE propor\u00e1 no vindeiro Pleno do Concello do Porri\u00f1o que \u201cse inste \u00e1 Xunta de Galicia e \u00e1 Deputaci\u00f3n de Pontevedra a que se respeten as condici\u00f3ns laborais dos bombeiros do Consorcio Provincial, as\u00ed coma os descansos e quendas que lles corresponden por convenio, facendo cumprimento da sentencia existente\u201d e, dada a gravedade que esto sup\u00f3n tanto para os cidad\u00e1ns como para os traballadores, solicitar a ambas administraci\u00f3ns \u201cque non se volte a pechar ning\u00fan parque de bombeiros e se deixe de atentar contra a dignidade destes traballadores\u201d.<\/p>\n","protected":false},"excerpt":{"rendered":"<div class=\"mh-excerpt\"><p>Os socialistas do Porri\u00f1o lamentan que un parque como o do Porri\u00f1o no que temos un parque empresarial tan importante e que presta servizo a 22 Concellos m\u00e1is te\u00f1a que pechar pola mala xesti\u00f3n da Xunta e da Deputaci\u00f3n <a class=\"mh-excerpt-more\" href=\"https:\/\/www.anovapeneira.gal\/index.php\/2023\/08\/28\/o-psdeg-psoe-denuncia-o-peche-do-parque-de-bombeiros-do-baixo-mino-todo-o-dia\/\" title=\"O PSdeG-PSOE DENUNCIA O PECHE DO PARQUE DE BOMBEIROS DO BAIXO MI\u00d1O TODO O D\u00cdA\">[&#8230;]<\/a><\/p>\n<\/div>","protected":false},"author":3,"featured_media":10333,"comment_status":"open","ping_status":"open","sticky":false,"template":"","format":"standard","meta":{"_exactmetrics_skip_tracking":false,"_exactmetrics_sitenote_active":false,"_exactmetrics_sitenote_note":"","_exactmetrics_sitenote_category":0,"footnotes":""},"categories":[23],"tags":[411],"class_list":{"0":"post-10332","1":"post","2":"type-post","3":"status-publish","4":"format-standard","5":"has-post-thumbnail","7":"category-a-lourina","8":"tag-concello-do-porrino"},"yoast_head":"<!-- This site is optimized with the Yoast SEO plugin v27.4 - https:\/\/yoast.com\/product\/yoast-seo-wordpress\/ -->\n<title>O PSdeG-PSOE DENUNCIA O PECHE DO PARQUE DE BOMBEIROS DO BAIXO MI\u00d1O TODO O D\u00cdA -<\/title>\n<meta name=\"description\" content=\"Os socialistas do Porri\u00f1o lamentan que un parque como o do Porri\u00f1o no que temos un parque empresarial tan importante e que presta servizo a 22 Concellos m\u00e1is te\u00f1a que pechar pola mala xesti\u00f3n da Xunta e da Deputaci\u00f3n\" \/>\n<meta name=\"robots\" content=\"index, follow, max-snippet:-1, max-image-preview:large, max-video-preview:-1\" \/>\n<link rel=\"canonical\" href=\"https:\/\/www.anovapeneira.gal\/index.php\/2023\/08\/28\/o-psdeg-psoe-denuncia-o-peche-do-parque-de-bombeiros-do-baixo-mino-todo-o-dia\/\" \/>\n<meta property=\"og:locale\" content=\"gl_ES\" \/>\n<meta property=\"og:type\" content=\"article\" \/>\n<meta property=\"og:title\" content=\"O PSdeG-PSOE DENUNCIA O PECHE DO PARQUE DE BOMBEIROS DO BAIXO MI\u00d1O TODO O D\u00cdA -\" \/>\n<meta property=\"og:description\" content=\"Os socialistas do Porri\u00f1o lamentan que un parque como o do Porri\u00f1o no que temos un parque empresarial tan importante e que presta servizo a 22 Concellos m\u00e1is te\u00f1a que pechar pola mala xesti\u00f3n da Xunta e da Deputaci\u00f3n\" \/>\n<meta property=\"og:url\" content=\"https:\/\/www.anovapeneira.gal\/index.php\/2023\/08\/28\/o-psdeg-psoe-denuncia-o-peche-do-parque-de-bombeiros-do-baixo-mino-todo-o-dia\/\" \/>\n<meta property=\"article:publisher\" content=\"https:\/\/www.facebook.com\/anovapeneira\" \/>\n<meta property=\"article:published_time\" content=\"2023-08-28T08:00:55+00:00\" \/>\n<meta property=\"og:image\" content=\"https:\/\/www.anovapeneira.gal\/wp-content\/uploads\/2023\/08\/bombeiros_porrino.jpg\" \/>\n\t<meta property=\"og:image:width\" content=\"720\" \/>\n\t<meta property=\"og:image:height\" content=\"432\" \/>\n\t<meta property=\"og:image:type\" content=\"image\/jpeg\" \/>\n<meta name=\"author\" content=\"Redacci\u00f3n A Nova Peneira\" \/>\n<meta name=\"twitter:card\" content=\"summary_large_image\" \/>\n<meta name=\"twitter:creator\" content=\"@APeneira\" \/>\n<meta name=\"twitter:site\" content=\"@APeneira\" \/>\n<meta name=\"twitter:label1\" content=\"Escrito por\" \/>\n\t<meta name=\"twitter:data1\" content=\"Redacci\u00f3n A Nova Peneira\" \/>\n\t<meta name=\"twitter:label2\" content=\"Tempo de lectura\" \/>\n\t<meta name=\"twitter:data2\" content=\"4 minutos\" \/>\n<script type=\"application\/ld+json\" class=\"yoast-schema-graph\">{\"@context\":\"https:\\\/\\\/schema.org\",\"@graph\":[{\"@type\":\"Article\",\"@id\":\"https:\\\/\\\/www.anovapeneira.gal\\\/index.php\\\/2023\\\/08\\\/28\\\/o-psdeg-psoe-denuncia-o-peche-do-parque-de-bombeiros-do-baixo-mino-todo-o-dia\\\/#article\",\"isPartOf\":{\"@id\":\"https:\\\/\\\/www.anovapeneira.gal\\\/index.php\\\/2023\\\/08\\\/28\\\/o-psdeg-psoe-denuncia-o-peche-do-parque-de-bombeiros-do-baixo-mino-todo-o-dia\\\/\"},\"author\":{\"name\":\"Redacci\u00f3n A Nova Peneira\",\"@id\":\"https:\\\/\\\/www.anovapeneira.gal\\\/#\\\/schema\\\/person\\\/b93e3f8932e3f8da96334607eb6ac6aa\"},\"headline\":\"O PSdeG-PSOE DENUNCIA O PECHE DO PARQUE DE BOMBEIROS DO BAIXO MI\u00d1O TODO O D\u00cdA\",\"datePublished\":\"2023-08-28T08:00:55+00:00\",\"mainEntityOfPage\":{\"@id\":\"https:\\\/\\\/www.anovapeneira.gal\\\/index.php\\\/2023\\\/08\\\/28\\\/o-psdeg-psoe-denuncia-o-peche-do-parque-de-bombeiros-do-baixo-mino-todo-o-dia\\\/\"},\"wordCount\":696,\"commentCount\":0,\"publisher\":{\"@id\":\"https:\\\/\\\/www.anovapeneira.gal\\\/#organization\"},\"image\":{\"@id\":\"https:\\\/\\\/www.anovapeneira.gal\\\/index.php\\\/2023\\\/08\\\/28\\\/o-psdeg-psoe-denuncia-o-peche-do-parque-de-bombeiros-do-baixo-mino-todo-o-dia\\\/#primaryimage\"},\"thumbnailUrl\":\"https:\\\/\\\/www.anovapeneira.gal\\\/wp-content\\\/uploads\\\/2023\\\/08\\\/bombeiros_porrino.jpg\",\"keywords\":[\"Concello do Porri\u00f1o\"],\"articleSection\":[\"A Louri\u00f1a\"],\"inLanguage\":\"gl-ES\",\"potentialAction\":[{\"@type\":\"CommentAction\",\"name\":\"Comment\",\"target\":[\"https:\\\/\\\/www.anovapeneira.gal\\\/index.php\\\/2023\\\/08\\\/28\\\/o-psdeg-psoe-denuncia-o-peche-do-parque-de-bombeiros-do-baixo-mino-todo-o-dia\\\/#respond\"]}]},{\"@type\":\"WebPage\",\"@id\":\"https:\\\/\\\/www.anovapeneira.gal\\\/index.php\\\/2023\\\/08\\\/28\\\/o-psdeg-psoe-denuncia-o-peche-do-parque-de-bombeiros-do-baixo-mino-todo-o-dia\\\/\",\"url\":\"https:\\\/\\\/www.anovapeneira.gal\\\/index.php\\\/2023\\\/08\\\/28\\\/o-psdeg-psoe-denuncia-o-peche-do-parque-de-bombeiros-do-baixo-mino-todo-o-dia\\\/\",\"name\":\"O PSdeG-PSOE DENUNCIA O PECHE DO PARQUE DE BOMBEIROS DO BAIXO MI\u00d1O TODO O D\u00cdA -\",\"isPartOf\":{\"@id\":\"https:\\\/\\\/www.anovapeneira.gal\\\/#website\"},\"primaryImageOfPage\":{\"@id\":\"https:\\\/\\\/www.anovapeneira.gal\\\/index.php\\\/2023\\\/08\\\/28\\\/o-psdeg-psoe-denuncia-o-peche-do-parque-de-bombeiros-do-baixo-mino-todo-o-dia\\\/#primaryimage\"},\"image\":{\"@id\":\"https:\\\/\\\/www.anovapeneira.gal\\\/index.php\\\/2023\\\/08\\\/28\\\/o-psdeg-psoe-denuncia-o-peche-do-parque-de-bombeiros-do-baixo-mino-todo-o-dia\\\/#primaryimage\"},\"thumbnailUrl\":\"https:\\\/\\\/www.anovapeneira.gal\\\/wp-content\\\/uploads\\\/2023\\\/08\\\/bombeiros_porrino.jpg\",\"datePublished\":\"2023-08-28T08:00:55+00:00\",\"description\":\"Os socialistas do Porri\u00f1o lamentan que un parque como o do Porri\u00f1o no que temos un parque empresarial tan importante e que presta servizo a 22 Concellos m\u00e1is te\u00f1a que pechar pola mala xesti\u00f3n da Xunta e da Deputaci\u00f3n\",\"breadcrumb\":{\"@id\":\"https:\\\/\\\/www.anovapeneira.gal\\\/index.php\\\/2023\\\/08\\\/28\\\/o-psdeg-psoe-denuncia-o-peche-do-parque-de-bombeiros-do-baixo-mino-todo-o-dia\\\/#breadcrumb\"},\"inLanguage\":\"gl-ES\",\"potentialAction\":[{\"@type\":\"ReadAction\",\"target\":[\"https:\\\/\\\/www.anovapeneira.gal\\\/index.php\\\/2023\\\/08\\\/28\\\/o-psdeg-psoe-denuncia-o-peche-do-parque-de-bombeiros-do-baixo-mino-todo-o-dia\\\/\"]}]},{\"@type\":\"ImageObject\",\"inLanguage\":\"gl-ES\",\"@id\":\"https:\\\/\\\/www.anovapeneira.gal\\\/index.php\\\/2023\\\/08\\\/28\\\/o-psdeg-psoe-denuncia-o-peche-do-parque-de-bombeiros-do-baixo-mino-todo-o-dia\\\/#primaryimage\",\"url\":\"https:\\\/\\\/www.anovapeneira.gal\\\/wp-content\\\/uploads\\\/2023\\\/08\\\/bombeiros_porrino.jpg\",\"contentUrl\":\"https:\\\/\\\/www.anovapeneira.gal\\\/wp-content\\\/uploads\\\/2023\\\/08\\\/bombeiros_porrino.jpg\",\"width\":720,\"height\":432,\"caption\":\"O PSdeG-PSOE DENUNCIA O PECHE DO PARQUE DE BOMBEIROS DO BAIXO MI\u00d1O TODO O D\u00cdA\"},{\"@type\":\"BreadcrumbList\",\"@id\":\"https:\\\/\\\/www.anovapeneira.gal\\\/index.php\\\/2023\\\/08\\\/28\\\/o-psdeg-psoe-denuncia-o-peche-do-parque-de-bombeiros-do-baixo-mino-todo-o-dia\\\/#breadcrumb\",\"itemListElement\":[{\"@type\":\"ListItem\",\"position\":1,\"name\":\"Portada\",\"item\":\"https:\\\/\\\/www.anovapeneira.gal\\\/\"},{\"@type\":\"ListItem\",\"position\":2,\"name\":\"O PSdeG-PSOE DENUNCIA O PECHE DO PARQUE DE BOMBEIROS DO BAIXO MI\u00d1O TODO O D\u00cdA\"}]},{\"@type\":\"WebSite\",\"@id\":\"https:\\\/\\\/www.anovapeneira.gal\\\/#website\",\"url\":\"https:\\\/\\\/www.anovapeneira.gal\\\/\",\"name\":\"\",\"description\":\"Xornal galego de informaci\u00f3n xeral Publicaci\u00f3n mensual de novas de Galicia e en especial dos Concellos da sur da provincia de Pontevedra.\",\"publisher\":{\"@id\":\"https:\\\/\\\/www.anovapeneira.gal\\\/#organization\"},\"potentialAction\":[{\"@type\":\"SearchAction\",\"target\":{\"@type\":\"EntryPoint\",\"urlTemplate\":\"https:\\\/\\\/www.anovapeneira.gal\\\/?s={search_term_string}\"},\"query-input\":{\"@type\":\"PropertyValueSpecification\",\"valueRequired\":true,\"valueName\":\"search_term_string\"}}],\"inLanguage\":\"gl-ES\"},{\"@type\":\"Organization\",\"@id\":\"https:\\\/\\\/www.anovapeneira.gal\\\/#organization\",\"name\":\"A Nova Peneira\",\"url\":\"https:\\\/\\\/www.anovapeneira.gal\\\/\",\"logo\":{\"@type\":\"ImageObject\",\"inLanguage\":\"gl-ES\",\"@id\":\"https:\\\/\\\/www.anovapeneira.gal\\\/#\\\/schema\\\/logo\\\/image\\\/\",\"url\":\"http:\\\/\\\/www.anovapeneira.gal\\\/wp-content\\\/uploads\\\/2019\\\/06\\\/logo_a_nova_peneira_portal_web.png\",\"contentUrl\":\"http:\\\/\\\/www.anovapeneira.gal\\\/wp-content\\\/uploads\\\/2019\\\/06\\\/logo_a_nova_peneira_portal_web.png\",\"width\":300,\"height\":100,\"caption\":\"A Nova Peneira\"},\"image\":{\"@id\":\"https:\\\/\\\/www.anovapeneira.gal\\\/#\\\/schema\\\/logo\\\/image\\\/\"},\"sameAs\":[\"https:\\\/\\\/www.facebook.com\\\/anovapeneira\",\"https:\\\/\\\/x.com\\\/APeneira\"]},{\"@type\":\"Person\",\"@id\":\"https:\\\/\\\/www.anovapeneira.gal\\\/#\\\/schema\\\/person\\\/b93e3f8932e3f8da96334607eb6ac6aa\",\"name\":\"Redacci\u00f3n A Nova Peneira\",\"image\":{\"@type\":\"ImageObject\",\"inLanguage\":\"gl-ES\",\"@id\":\"https:\\\/\\\/secure.gravatar.com\\\/avatar\\\/c052a2551a06e23fac63626232eaa90abd78dbcf1700fc46a2b2c89fd27b735f?s=96&d=mm&r=g\",\"url\":\"https:\\\/\\\/secure.gravatar.com\\\/avatar\\\/c052a2551a06e23fac63626232eaa90abd78dbcf1700fc46a2b2c89fd27b735f?s=96&d=mm&r=g\",\"contentUrl\":\"https:\\\/\\\/secure.gravatar.com\\\/avatar\\\/c052a2551a06e23fac63626232eaa90abd78dbcf1700fc46a2b2c89fd27b735f?s=96&d=mm&r=g\",\"caption\":\"Redacci\u00f3n A Nova Peneira\"},\"sameAs\":[\"http:\\\/\\\/www.anovapeneira.gal\\\/\"],\"url\":\"https:\\\/\\\/www.anovapeneira.gal\\\/index.php\\\/author\\\/redactor\\\/\"}]}<\/script>\n<!-- \/ Yoast SEO plugin. -->","yoast_head_json":{"title":"O PSdeG-PSOE DENUNCIA O PECHE DO PARQUE DE BOMBEIROS DO BAIXO MI\u00d1O TODO O D\u00cdA -","description":"Os socialistas do Porri\u00f1o lamentan que un parque como o do Porri\u00f1o no que temos un parque empresarial tan importante e que presta servizo a 22 Concellos m\u00e1is te\u00f1a que pechar pola mala xesti\u00f3n da Xunta e da Deputaci\u00f3n","robots":{"index":"index","follow":"follow","max-snippet":"max-snippet:-1","max-image-preview":"max-image-preview:large","max-video-preview":"max-video-preview:-1"},"canonical":"https:\/\/www.anovapeneira.gal\/index.php\/2023\/08\/28\/o-psdeg-psoe-denuncia-o-peche-do-parque-de-bombeiros-do-baixo-mino-todo-o-dia\/","og_locale":"gl_ES","og_type":"article","og_title":"O PSdeG-PSOE DENUNCIA O PECHE DO PARQUE DE BOMBEIROS DO BAIXO MI\u00d1O TODO O D\u00cdA -","og_description":"Os socialistas do Porri\u00f1o lamentan que un parque como o do Porri\u00f1o no que temos un parque empresarial tan importante e que presta servizo a 22 Concellos m\u00e1is te\u00f1a que pechar pola mala xesti\u00f3n da Xunta e da Deputaci\u00f3n","og_url":"https:\/\/www.anovapeneira.gal\/index.php\/2023\/08\/28\/o-psdeg-psoe-denuncia-o-peche-do-parque-de-bombeiros-do-baixo-mino-todo-o-dia\/","article_publisher":"https:\/\/www.facebook.com\/anovapeneira","article_published_time":"2023-08-28T08:00:55+00:00","og_image":[{"width":720,"height":432,"url":"https:\/\/www.anovapeneira.gal\/wp-content\/uploads\/2023\/08\/bombeiros_porrino.jpg","type":"image\/jpeg"}],"author":"Redacci\u00f3n A Nova Peneira","twitter_card":"summary_large_image","twitter_creator":"@APeneira","twitter_site":"@APeneira","twitter_misc":{"Escrito por":"Redacci\u00f3n A Nova Peneira","Tempo de lectura":"4 minutos"},"schema":{"@context":"https:\/\/schema.org","@graph":[{"@type":"Article","@id":"https:\/\/www.anovapeneira.gal\/index.php\/2023\/08\/28\/o-psdeg-psoe-denuncia-o-peche-do-parque-de-bombeiros-do-baixo-mino-todo-o-dia\/#article","isPartOf":{"@id":"https:\/\/www.anovapeneira.gal\/index.php\/2023\/08\/28\/o-psdeg-psoe-denuncia-o-peche-do-parque-de-bombeiros-do-baixo-mino-todo-o-dia\/"},"author":{"name":"Redacci\u00f3n A Nova Peneira","@id":"https:\/\/www.anovapeneira.gal\/#\/schema\/person\/b93e3f8932e3f8da96334607eb6ac6aa"},"headline":"O PSdeG-PSOE DENUNCIA O PECHE DO PARQUE DE BOMBEIROS DO BAIXO MI\u00d1O TODO O D\u00cdA","datePublished":"2023-08-28T08:00:55+00:00","mainEntityOfPage":{"@id":"https:\/\/www.anovapeneira.gal\/index.php\/2023\/08\/28\/o-psdeg-psoe-denuncia-o-peche-do-parque-de-bombeiros-do-baixo-mino-todo-o-dia\/"},"wordCount":696,"commentCount":0,"publisher":{"@id":"https:\/\/www.anovapeneira.gal\/#organization"},"image":{"@id":"https:\/\/www.anovapeneira.gal\/index.php\/2023\/08\/28\/o-psdeg-psoe-denuncia-o-peche-do-parque-de-bombeiros-do-baixo-mino-todo-o-dia\/#primaryimage"},"thumbnailUrl":"https:\/\/www.anovapeneira.gal\/wp-content\/uploads\/2023\/08\/bombeiros_porrino.jpg","keywords":["Concello do Porri\u00f1o"],"articleSection":["A Louri\u00f1a"],"inLanguage":"gl-ES","potentialAction":[{"@type":"CommentAction","name":"Comment","target":["https:\/\/www.anovapeneira.gal\/index.php\/2023\/08\/28\/o-psdeg-psoe-denuncia-o-peche-do-parque-de-bombeiros-do-baixo-mino-todo-o-dia\/#respond"]}]},{"@type":"WebPage","@id":"https:\/\/www.anovapeneira.gal\/index.php\/2023\/08\/28\/o-psdeg-psoe-denuncia-o-peche-do-parque-de-bombeiros-do-baixo-mino-todo-o-dia\/","url":"https:\/\/www.anovapeneira.gal\/index.php\/2023\/08\/28\/o-psdeg-psoe-denuncia-o-peche-do-parque-de-bombeiros-do-baixo-mino-todo-o-dia\/","name":"O PSdeG-PSOE DENUNCIA O PECHE DO PARQUE DE BOMBEIROS DO BAIXO MI\u00d1O TODO O D\u00cdA -","isPartOf":{"@id":"https:\/\/www.anovapeneira.gal\/#website"},"primaryImageOfPage":{"@id":"https:\/\/www.anovapeneira.gal\/index.php\/2023\/08\/28\/o-psdeg-psoe-denuncia-o-peche-do-parque-de-bombeiros-do-baixo-mino-todo-o-dia\/#primaryimage"},"image":{"@id":"https:\/\/www.anovapeneira.gal\/index.php\/2023\/08\/28\/o-psdeg-psoe-denuncia-o-peche-do-parque-de-bombeiros-do-baixo-mino-todo-o-dia\/#primaryimage"},"thumbnailUrl":"https:\/\/www.anovapeneira.gal\/wp-content\/uploads\/2023\/08\/bombeiros_porrino.jpg","datePublished":"2023-08-28T08:00:55+00:00","description":"Os socialistas do Porri\u00f1o lamentan que un parque como o do Porri\u00f1o no que temos un parque empresarial tan importante e que presta servizo a 22 Concellos m\u00e1is te\u00f1a que pechar pola mala xesti\u00f3n da Xunta e da Deputaci\u00f3n","breadcrumb":{"@id":"https:\/\/www.anovapeneira.gal\/index.php\/2023\/08\/28\/o-psdeg-psoe-denuncia-o-peche-do-parque-de-bombeiros-do-baixo-mino-todo-o-dia\/#breadcrumb"},"inLanguage":"gl-ES","potentialAction":[{"@type":"ReadAction","target":["https:\/\/www.anovapeneira.gal\/index.php\/2023\/08\/28\/o-psdeg-psoe-denuncia-o-peche-do-parque-de-bombeiros-do-baixo-mino-todo-o-dia\/"]}]},{"@type":"ImageObject","inLanguage":"gl-ES","@id":"https:\/\/www.anovapeneira.gal\/index.php\/2023\/08\/28\/o-psdeg-psoe-denuncia-o-peche-do-parque-de-bombeiros-do-baixo-mino-todo-o-dia\/#primaryimage","url":"https:\/\/www.anovapeneira.gal\/wp-content\/uploads\/2023\/08\/bombeiros_porrino.jpg","contentUrl":"https:\/\/www.anovapeneira.gal\/wp-content\/uploads\/2023\/08\/bombeiros_porrino.jpg","width":720,"height":432,"caption":"O PSdeG-PSOE DENUNCIA O PECHE DO PARQUE DE BOMBEIROS DO BAIXO MI\u00d1O TODO O D\u00cdA"},{"@type":"BreadcrumbList","@id":"https:\/\/www.anovapeneira.gal\/index.php\/2023\/08\/28\/o-psdeg-psoe-denuncia-o-peche-do-parque-de-bombeiros-do-baixo-mino-todo-o-dia\/#breadcrumb","itemListElement":[{"@type":"ListItem","position":1,"name":"Portada","item":"https:\/\/www.anovapeneira.gal\/"},{"@type":"ListItem","position":2,"name":"O PSdeG-PSOE DENUNCIA O PECHE DO PARQUE DE BOMBEIROS DO BAIXO MI\u00d1O TODO O D\u00cdA"}]},{"@type":"WebSite","@id":"https:\/\/www.anovapeneira.gal\/#website","url":"https:\/\/www.anovapeneira.gal\/","name":"","description":"Xornal galego de informaci\u00f3n xeral Publicaci\u00f3n mensual de novas de Galicia e en especial dos Concellos da sur da provincia de Pontevedra.","publisher":{"@id":"https:\/\/www.anovapeneira.gal\/#organization"},"potentialAction":[{"@type":"SearchAction","target":{"@type":"EntryPoint","urlTemplate":"https:\/\/www.anovapeneira.gal\/?s={search_term_string}"},"query-input":{"@type":"PropertyValueSpecification","valueRequired":true,"valueName":"search_term_string"}}],"inLanguage":"gl-ES"},{"@type":"Organization","@id":"https:\/\/www.anovapeneira.gal\/#organization","name":"A Nova Peneira","url":"https:\/\/www.anovapeneira.gal\/","logo":{"@type":"ImageObject","inLanguage":"gl-ES","@id":"https:\/\/www.anovapeneira.gal\/#\/schema\/logo\/image\/","url":"http:\/\/www.anovapeneira.gal\/wp-content\/uploads\/2019\/06\/logo_a_nova_peneira_portal_web.png","contentUrl":"http:\/\/www.anovapeneira.gal\/wp-content\/uploads\/2019\/06\/logo_a_nova_peneira_portal_web.png","width":300,"height":100,"caption":"A Nova Peneira"},"image":{"@id":"https:\/\/www.anovapeneira.gal\/#\/schema\/logo\/image\/"},"sameAs":["https:\/\/www.facebook.com\/anovapeneira","https:\/\/x.com\/APeneira"]},{"@type":"Person","@id":"https:\/\/www.anovapeneira.gal\/#\/schema\/person\/b93e3f8932e3f8da96334607eb6ac6aa","name":"Redacci\u00f3n A Nova Peneira","image":{"@type":"ImageObject","inLanguage":"gl-ES","@id":"https:\/\/secure.gravatar.com\/avatar\/c052a2551a06e23fac63626232eaa90abd78dbcf1700fc46a2b2c89fd27b735f?s=96&d=mm&r=g","url":"https:\/\/secure.gravatar.com\/avatar\/c052a2551a06e23fac63626232eaa90abd78dbcf1700fc46a2b2c89fd27b735f?s=96&d=mm&r=g","contentUrl":"https:\/\/secure.gravatar.com\/avatar\/c052a2551a06e23fac63626232eaa90abd78dbcf1700fc46a2b2c89fd27b735f?s=96&d=mm&r=g","caption":"Redacci\u00f3n A Nova Peneira"},"sameAs":["http:\/\/www.anovapeneira.gal\/"],"url":"https:\/\/www.anovapeneira.gal\/index.php\/author\/redactor\/"}]}},"jetpack_featured_media_url":"https:\/\/www.anovapeneira.gal\/wp-content\/uploads\/2023\/08\/bombeiros_porrino.jpg","_links":{"self":[{"href":"https:\/\/www.anovapeneira.gal\/index.php\/wp-json\/wp\/v2\/posts\/10332","targetHints":{"allow":["GET"]}}],"collection":[{"href":"https:\/\/www.anovapeneira.gal\/index.php\/wp-json\/wp\/v2\/posts"}],"about":[{"href":"https:\/\/www.anovapeneira.gal\/index.php\/wp-json\/wp\/v2\/types\/post"}],"author":[{"embeddable":true,"href":"https:\/\/www.anovapeneira.gal\/index.php\/wp-json\/wp\/v2\/users\/3"}],"replies":[{"embeddable":true,"href":"https:\/\/www.anovapeneira.gal\/index.php\/wp-json\/wp\/v2\/comments?post=10332"}],"version-history":[{"count":1,"href":"https:\/\/www.anovapeneira.gal\/index.php\/wp-json\/wp\/v2\/posts\/10332\/revisions"}],"predecessor-version":[{"id":10334,"href":"https:\/\/www.anovapeneira.gal\/index.php\/wp-json\/wp\/v2\/posts\/10332\/revisions\/10334"}],"wp:featuredmedia":[{"embeddable":true,"href":"https:\/\/www.anovapeneira.gal\/index.php\/wp-json\/wp\/v2\/media\/10333"}],"wp:attachment":[{"href":"https:\/\/www.anovapeneira.gal\/index.php\/wp-json\/wp\/v2\/media?parent=10332"}],"wp:term":[{"taxonomy":"category","embeddable":true,"href":"https:\/\/www.anovapeneira.gal\/index.php\/wp-json\/wp\/v2\/categories?post=10332"},{"taxonomy":"post_tag","embeddable":true,"href":"https:\/\/www.anovapeneira.gal\/index.php\/wp-json\/wp\/v2\/tags?post=10332"}],"curies":[{"name":"wp","href":"https:\/\/api.w.org\/{rel}","templated":true}]}}