{"id":10337,"date":"2023-08-29T10:00:38","date_gmt":"2023-08-29T08:00:38","guid":{"rendered":"https:\/\/www.anovapeneira.gal\/?p=10337"},"modified":"2023-08-28T08:43:59","modified_gmt":"2023-08-28T06:43:59","slug":"o-campamento-musical-inicia-duas-semanas-de-actividades-para-descubrir-o-amor-pola-musica","status":"publish","type":"post","link":"https:\/\/www.anovapeneira.gal\/index.php\/2023\/08\/29\/o-campamento-musical-inicia-duas-semanas-de-actividades-para-descubrir-o-amor-pola-musica\/","title":{"rendered":"O Campamento Musical inicia d\u00faas semanas de actividades para descubrir o amor pola m\u00fasica"},"content":{"rendered":"\n<h2 class=\"wp-block-heading\"><strong>45 nenos e nenas de entre 3 e 12 anos participan nesta nova edici\u00f3n do campamento que se realiza no Auditorio de Goi\u00e1n<\/strong><\/h2>\n\n\n\n<p><strong>Tomi\u00f1o, 22 de agosto de 2023<\/strong><\/p>\n\n\n\n<p>O Campamento Musical, \u00a0organizado polo Concello de Tomi\u00f1o en colaboraci\u00f3n coa Agrupaci\u00f3n Musical de Goi\u00e1n, arrancou esta semana con 45 participantes de entre 3 e 12 anos.<\/p>\n\n\n\n<p>O campamento durar\u00e1 d\u00faas semanas, nas que os nenos e nenas entrar\u00e1n en contacto coa m\u00fasica, moitos deles por primeira vez, a trav\u00e9s de xogos e din\u00e1micas de grupo, traballando cunha metodolox\u00eda integradora que lles permita aprender na diversidade e en igualdade.<\/p>\n\n\n\n<p>Impartido por profesionais da Agrupaci\u00f3n Musical de Goi\u00e1n, este campamento prop\u00f3n actividades l\u00fadicas a trav\u00e9s das que cada participante co\u00f1ecer\u00e1 diferentes composici\u00f3ns musicais creadas por mulleres, co\u00f1ecendo ademais as s\u00faas biograf\u00edas e traxectorias profesionais. Realizaranse actividades moi variadas, como miniconcertos de solistas, actividades manipulativas con elementos naturais, obradoiros de instrumentos musicais con material de refugallo, manipulaci\u00f3n de instrumentos, actividades de abstracci\u00f3n a trav\u00e9s da m\u00fasica e moitas outras, todas elas coa finalidade de gozar coa m\u00fasica.<\/p>\n\n\n\n<p>O Campamento Musical de Tomi\u00f1o \u00e9 xa unha cita infantil ineludible de cada ver\u00e1n. Nel, os nenos e nenas espertan o seu interese pola m\u00fasica e, en moitos casos, conv\u00e9rtese no impulso para matricularse como alumnos e alumnas na Escola de M\u00fasica.<\/p>\n\n\n\n<p>Pola s\u00faa banda, o prazo de matriculaci\u00f3n da Escola de M\u00fasica para o vindeiro curso abrirase proximamente. A s\u00faa oferta educativa \u00e9 ampla e ad\u00e1ptase a todas as idades, a partir dos tres anos. A Escola ofrece clases de instrumentos de vento madeira, vento metal, percusi\u00f3n e violoncello, as\u00ed como coro e solfexo para adultos. O primeiro mes \u00e9 de proba e gratuito.<\/p>\n","protected":false},"excerpt":{"rendered":"<div class=\"mh-excerpt\"><p>45 nenos e nenas de entre 3 e 12 anos participan nesta nova edici\u00f3n do campamento que se realiza no Auditorio de Goi\u00e1n <a class=\"mh-excerpt-more\" href=\"https:\/\/www.anovapeneira.gal\/index.php\/2023\/08\/29\/o-campamento-musical-inicia-duas-semanas-de-actividades-para-descubrir-o-amor-pola-musica\/\" title=\"O Campamento Musical inicia d\u00faas semanas de actividades para descubrir o amor pola m\u00fasica\">[&#8230;]<\/a><\/p>\n<\/div>","protected":false},"author":3,"featured_media":1336,"comment_status":"open","ping_status":"open","sticky":false,"template":"","format":"standard","meta":{"_exactmetrics_skip_tracking":false,"_exactmetrics_sitenote_active":false,"_exactmetrics_sitenote_note":"","_exactmetrics_sitenote_category":0,"footnotes":""},"categories":[21],"tags":[81],"class_list":{"0":"post-10337","1":"post","2":"type-post","3":"status-publish","4":"format-standard","5":"has-post-thumbnail","7":"category-baixo-mino","8":"tag-concello-de-tomino"},"yoast_head":"<!-- This site is optimized with the Yoast SEO plugin v27.4 - https:\/\/yoast.com\/product\/yoast-seo-wordpress\/ -->\n<title>O Campamento Musical inicia d\u00faas semanas de actividades para descubrir o amor pola m\u00fasica -<\/title>\n<meta name=\"description\" content=\"45 nenos e nenas de entre 3 e 12 anos participan nesta nova edici\u00f3n do campamento que se realiza no Auditorio de Goi\u00e1n\" \/>\n<meta name=\"robots\" content=\"index, follow, max-snippet:-1, max-image-preview:large, max-video-preview:-1\" \/>\n<link rel=\"canonical\" href=\"https:\/\/www.anovapeneira.gal\/index.php\/2023\/08\/29\/o-campamento-musical-inicia-duas-semanas-de-actividades-para-descubrir-o-amor-pola-musica\/\" \/>\n<meta property=\"og:locale\" content=\"gl_ES\" \/>\n<meta property=\"og:type\" content=\"article\" \/>\n<meta property=\"og:title\" content=\"O Campamento Musical inicia d\u00faas semanas de actividades para descubrir o amor pola m\u00fasica -\" \/>\n<meta property=\"og:description\" content=\"45 nenos e nenas de entre 3 e 12 anos participan nesta nova edici\u00f3n do campamento que se realiza no Auditorio de Goi\u00e1n\" \/>\n<meta property=\"og:url\" content=\"https:\/\/www.anovapeneira.gal\/index.php\/2023\/08\/29\/o-campamento-musical-inicia-duas-semanas-de-actividades-para-descubrir-o-amor-pola-musica\/\" \/>\n<meta property=\"article:publisher\" content=\"https:\/\/www.facebook.com\/anovapeneira\" \/>\n<meta property=\"article:published_time\" content=\"2023-08-29T08:00:38+00:00\" \/>\n<meta property=\"og:image\" content=\"https:\/\/www.anovapeneira.gal\/wp-content\/uploads\/2019\/09\/concello_De_tominho_a_nova_peneria.jpg\" \/>\n\t<meta property=\"og:image:width\" content=\"720\" \/>\n\t<meta property=\"og:image:height\" content=\"473\" \/>\n\t<meta property=\"og:image:type\" content=\"image\/jpeg\" \/>\n<meta name=\"author\" content=\"Redacci\u00f3n A Nova Peneira\" \/>\n<meta name=\"twitter:card\" content=\"summary_large_image\" \/>\n<meta name=\"twitter:creator\" content=\"@APeneira\" \/>\n<meta name=\"twitter:site\" content=\"@APeneira\" \/>\n<meta name=\"twitter:label1\" content=\"Escrito por\" \/>\n\t<meta name=\"twitter:data1\" content=\"Redacci\u00f3n A Nova Peneira\" \/>\n\t<meta name=\"twitter:label2\" content=\"Tempo de lectura\" \/>\n\t<meta name=\"twitter:data2\" content=\"2 minutos\" \/>\n<script type=\"application\/ld+json\" class=\"yoast-schema-graph\">{\"@context\":\"https:\\\/\\\/schema.org\",\"@graph\":[{\"@type\":\"Article\",\"@id\":\"https:\\\/\\\/www.anovapeneira.gal\\\/index.php\\\/2023\\\/08\\\/29\\\/o-campamento-musical-inicia-duas-semanas-de-actividades-para-descubrir-o-amor-pola-musica\\\/#article\",\"isPartOf\":{\"@id\":\"https:\\\/\\\/www.anovapeneira.gal\\\/index.php\\\/2023\\\/08\\\/29\\\/o-campamento-musical-inicia-duas-semanas-de-actividades-para-descubrir-o-amor-pola-musica\\\/\"},\"author\":{\"name\":\"Redacci\u00f3n A Nova Peneira\",\"@id\":\"https:\\\/\\\/www.anovapeneira.gal\\\/#\\\/schema\\\/person\\\/b93e3f8932e3f8da96334607eb6ac6aa\"},\"headline\":\"O Campamento Musical inicia d\u00faas semanas de actividades para descubrir o amor pola m\u00fasica\",\"datePublished\":\"2023-08-29T08:00:38+00:00\",\"mainEntityOfPage\":{\"@id\":\"https:\\\/\\\/www.anovapeneira.gal\\\/index.php\\\/2023\\\/08\\\/29\\\/o-campamento-musical-inicia-duas-semanas-de-actividades-para-descubrir-o-amor-pola-musica\\\/\"},\"wordCount\":323,\"commentCount\":0,\"publisher\":{\"@id\":\"https:\\\/\\\/www.anovapeneira.gal\\\/#organization\"},\"image\":{\"@id\":\"https:\\\/\\\/www.anovapeneira.gal\\\/index.php\\\/2023\\\/08\\\/29\\\/o-campamento-musical-inicia-duas-semanas-de-actividades-para-descubrir-o-amor-pola-musica\\\/#primaryimage\"},\"thumbnailUrl\":\"https:\\\/\\\/www.anovapeneira.gal\\\/wp-content\\\/uploads\\\/2019\\\/09\\\/concello_De_tominho_a_nova_peneria.jpg\",\"keywords\":[\"Concello de Tomi\u00f1o\"],\"articleSection\":[\"Baixo Mi\u00f1o\"],\"inLanguage\":\"gl-ES\",\"potentialAction\":[{\"@type\":\"CommentAction\",\"name\":\"Comment\",\"target\":[\"https:\\\/\\\/www.anovapeneira.gal\\\/index.php\\\/2023\\\/08\\\/29\\\/o-campamento-musical-inicia-duas-semanas-de-actividades-para-descubrir-o-amor-pola-musica\\\/#respond\"]}]},{\"@type\":\"WebPage\",\"@id\":\"https:\\\/\\\/www.anovapeneira.gal\\\/index.php\\\/2023\\\/08\\\/29\\\/o-campamento-musical-inicia-duas-semanas-de-actividades-para-descubrir-o-amor-pola-musica\\\/\",\"url\":\"https:\\\/\\\/www.anovapeneira.gal\\\/index.php\\\/2023\\\/08\\\/29\\\/o-campamento-musical-inicia-duas-semanas-de-actividades-para-descubrir-o-amor-pola-musica\\\/\",\"name\":\"O Campamento Musical inicia d\u00faas semanas de actividades para descubrir o amor pola m\u00fasica -\",\"isPartOf\":{\"@id\":\"https:\\\/\\\/www.anovapeneira.gal\\\/#website\"},\"primaryImageOfPage\":{\"@id\":\"https:\\\/\\\/www.anovapeneira.gal\\\/index.php\\\/2023\\\/08\\\/29\\\/o-campamento-musical-inicia-duas-semanas-de-actividades-para-descubrir-o-amor-pola-musica\\\/#primaryimage\"},\"image\":{\"@id\":\"https:\\\/\\\/www.anovapeneira.gal\\\/index.php\\\/2023\\\/08\\\/29\\\/o-campamento-musical-inicia-duas-semanas-de-actividades-para-descubrir-o-amor-pola-musica\\\/#primaryimage\"},\"thumbnailUrl\":\"https:\\\/\\\/www.anovapeneira.gal\\\/wp-content\\\/uploads\\\/2019\\\/09\\\/concello_De_tominho_a_nova_peneria.jpg\",\"datePublished\":\"2023-08-29T08:00:38+00:00\",\"description\":\"45 nenos e nenas de entre 3 e 12 anos participan nesta nova edici\u00f3n do campamento que se realiza no Auditorio de Goi\u00e1n\",\"breadcrumb\":{\"@id\":\"https:\\\/\\\/www.anovapeneira.gal\\\/index.php\\\/2023\\\/08\\\/29\\\/o-campamento-musical-inicia-duas-semanas-de-actividades-para-descubrir-o-amor-pola-musica\\\/#breadcrumb\"},\"inLanguage\":\"gl-ES\",\"potentialAction\":[{\"@type\":\"ReadAction\",\"target\":[\"https:\\\/\\\/www.anovapeneira.gal\\\/index.php\\\/2023\\\/08\\\/29\\\/o-campamento-musical-inicia-duas-semanas-de-actividades-para-descubrir-o-amor-pola-musica\\\/\"]}]},{\"@type\":\"ImageObject\",\"inLanguage\":\"gl-ES\",\"@id\":\"https:\\\/\\\/www.anovapeneira.gal\\\/index.php\\\/2023\\\/08\\\/29\\\/o-campamento-musical-inicia-duas-semanas-de-actividades-para-descubrir-o-amor-pola-musica\\\/#primaryimage\",\"url\":\"https:\\\/\\\/www.anovapeneira.gal\\\/wp-content\\\/uploads\\\/2019\\\/09\\\/concello_De_tominho_a_nova_peneria.jpg\",\"contentUrl\":\"https:\\\/\\\/www.anovapeneira.gal\\\/wp-content\\\/uploads\\\/2019\\\/09\\\/concello_De_tominho_a_nova_peneria.jpg\",\"width\":720,\"height\":473,\"caption\":\"Concello de Tomi\u00f1o A Nova Peneira\"},{\"@type\":\"BreadcrumbList\",\"@id\":\"https:\\\/\\\/www.anovapeneira.gal\\\/index.php\\\/2023\\\/08\\\/29\\\/o-campamento-musical-inicia-duas-semanas-de-actividades-para-descubrir-o-amor-pola-musica\\\/#breadcrumb\",\"itemListElement\":[{\"@type\":\"ListItem\",\"position\":1,\"name\":\"Portada\",\"item\":\"https:\\\/\\\/www.anovapeneira.gal\\\/\"},{\"@type\":\"ListItem\",\"position\":2,\"name\":\"O Campamento Musical inicia d\u00faas semanas de actividades para descubrir o amor pola m\u00fasica\"}]},{\"@type\":\"WebSite\",\"@id\":\"https:\\\/\\\/www.anovapeneira.gal\\\/#website\",\"url\":\"https:\\\/\\\/www.anovapeneira.gal\\\/\",\"name\":\"\",\"description\":\"Xornal galego de informaci\u00f3n xeral Publicaci\u00f3n mensual de novas de Galicia e en especial dos Concellos da sur da provincia de Pontevedra.\",\"publisher\":{\"@id\":\"https:\\\/\\\/www.anovapeneira.gal\\\/#organization\"},\"potentialAction\":[{\"@type\":\"SearchAction\",\"target\":{\"@type\":\"EntryPoint\",\"urlTemplate\":\"https:\\\/\\\/www.anovapeneira.gal\\\/?s={search_term_string}\"},\"query-input\":{\"@type\":\"PropertyValueSpecification\",\"valueRequired\":true,\"valueName\":\"search_term_string\"}}],\"inLanguage\":\"gl-ES\"},{\"@type\":\"Organization\",\"@id\":\"https:\\\/\\\/www.anovapeneira.gal\\\/#organization\",\"name\":\"A Nova Peneira\",\"url\":\"https:\\\/\\\/www.anovapeneira.gal\\\/\",\"logo\":{\"@type\":\"ImageObject\",\"inLanguage\":\"gl-ES\",\"@id\":\"https:\\\/\\\/www.anovapeneira.gal\\\/#\\\/schema\\\/logo\\\/image\\\/\",\"url\":\"http:\\\/\\\/www.anovapeneira.gal\\\/wp-content\\\/uploads\\\/2019\\\/06\\\/logo_a_nova_peneira_portal_web.png\",\"contentUrl\":\"http:\\\/\\\/www.anovapeneira.gal\\\/wp-content\\\/uploads\\\/2019\\\/06\\\/logo_a_nova_peneira_portal_web.png\",\"width\":300,\"height\":100,\"caption\":\"A Nova Peneira\"},\"image\":{\"@id\":\"https:\\\/\\\/www.anovapeneira.gal\\\/#\\\/schema\\\/logo\\\/image\\\/\"},\"sameAs\":[\"https:\\\/\\\/www.facebook.com\\\/anovapeneira\",\"https:\\\/\\\/x.com\\\/APeneira\"]},{\"@type\":\"Person\",\"@id\":\"https:\\\/\\\/www.anovapeneira.gal\\\/#\\\/schema\\\/person\\\/b93e3f8932e3f8da96334607eb6ac6aa\",\"name\":\"Redacci\u00f3n A Nova Peneira\",\"image\":{\"@type\":\"ImageObject\",\"inLanguage\":\"gl-ES\",\"@id\":\"https:\\\/\\\/secure.gravatar.com\\\/avatar\\\/c052a2551a06e23fac63626232eaa90abd78dbcf1700fc46a2b2c89fd27b735f?s=96&d=mm&r=g\",\"url\":\"https:\\\/\\\/secure.gravatar.com\\\/avatar\\\/c052a2551a06e23fac63626232eaa90abd78dbcf1700fc46a2b2c89fd27b735f?s=96&d=mm&r=g\",\"contentUrl\":\"https:\\\/\\\/secure.gravatar.com\\\/avatar\\\/c052a2551a06e23fac63626232eaa90abd78dbcf1700fc46a2b2c89fd27b735f?s=96&d=mm&r=g\",\"caption\":\"Redacci\u00f3n A Nova Peneira\"},\"sameAs\":[\"http:\\\/\\\/www.anovapeneira.gal\\\/\"],\"url\":\"https:\\\/\\\/www.anovapeneira.gal\\\/index.php\\\/author\\\/redactor\\\/\"}]}<\/script>\n<!-- \/ Yoast SEO plugin. -->","yoast_head_json":{"title":"O Campamento Musical inicia d\u00faas semanas de actividades para descubrir o amor pola m\u00fasica -","description":"45 nenos e nenas de entre 3 e 12 anos participan nesta nova edici\u00f3n do campamento que se realiza no Auditorio de Goi\u00e1n","robots":{"index":"index","follow":"follow","max-snippet":"max-snippet:-1","max-image-preview":"max-image-preview:large","max-video-preview":"max-video-preview:-1"},"canonical":"https:\/\/www.anovapeneira.gal\/index.php\/2023\/08\/29\/o-campamento-musical-inicia-duas-semanas-de-actividades-para-descubrir-o-amor-pola-musica\/","og_locale":"gl_ES","og_type":"article","og_title":"O Campamento Musical inicia d\u00faas semanas de actividades para descubrir o amor pola m\u00fasica -","og_description":"45 nenos e nenas de entre 3 e 12 anos participan nesta nova edici\u00f3n do campamento que se realiza no Auditorio de Goi\u00e1n","og_url":"https:\/\/www.anovapeneira.gal\/index.php\/2023\/08\/29\/o-campamento-musical-inicia-duas-semanas-de-actividades-para-descubrir-o-amor-pola-musica\/","article_publisher":"https:\/\/www.facebook.com\/anovapeneira","article_published_time":"2023-08-29T08:00:38+00:00","og_image":[{"width":720,"height":473,"url":"https:\/\/www.anovapeneira.gal\/wp-content\/uploads\/2019\/09\/concello_De_tominho_a_nova_peneria.jpg","type":"image\/jpeg"}],"author":"Redacci\u00f3n A Nova Peneira","twitter_card":"summary_large_image","twitter_creator":"@APeneira","twitter_site":"@APeneira","twitter_misc":{"Escrito por":"Redacci\u00f3n A Nova Peneira","Tempo de lectura":"2 minutos"},"schema":{"@context":"https:\/\/schema.org","@graph":[{"@type":"Article","@id":"https:\/\/www.anovapeneira.gal\/index.php\/2023\/08\/29\/o-campamento-musical-inicia-duas-semanas-de-actividades-para-descubrir-o-amor-pola-musica\/#article","isPartOf":{"@id":"https:\/\/www.anovapeneira.gal\/index.php\/2023\/08\/29\/o-campamento-musical-inicia-duas-semanas-de-actividades-para-descubrir-o-amor-pola-musica\/"},"author":{"name":"Redacci\u00f3n A Nova Peneira","@id":"https:\/\/www.anovapeneira.gal\/#\/schema\/person\/b93e3f8932e3f8da96334607eb6ac6aa"},"headline":"O Campamento Musical inicia d\u00faas semanas de actividades para descubrir o amor pola m\u00fasica","datePublished":"2023-08-29T08:00:38+00:00","mainEntityOfPage":{"@id":"https:\/\/www.anovapeneira.gal\/index.php\/2023\/08\/29\/o-campamento-musical-inicia-duas-semanas-de-actividades-para-descubrir-o-amor-pola-musica\/"},"wordCount":323,"commentCount":0,"publisher":{"@id":"https:\/\/www.anovapeneira.gal\/#organization"},"image":{"@id":"https:\/\/www.anovapeneira.gal\/index.php\/2023\/08\/29\/o-campamento-musical-inicia-duas-semanas-de-actividades-para-descubrir-o-amor-pola-musica\/#primaryimage"},"thumbnailUrl":"https:\/\/www.anovapeneira.gal\/wp-content\/uploads\/2019\/09\/concello_De_tominho_a_nova_peneria.jpg","keywords":["Concello de Tomi\u00f1o"],"articleSection":["Baixo Mi\u00f1o"],"inLanguage":"gl-ES","potentialAction":[{"@type":"CommentAction","name":"Comment","target":["https:\/\/www.anovapeneira.gal\/index.php\/2023\/08\/29\/o-campamento-musical-inicia-duas-semanas-de-actividades-para-descubrir-o-amor-pola-musica\/#respond"]}]},{"@type":"WebPage","@id":"https:\/\/www.anovapeneira.gal\/index.php\/2023\/08\/29\/o-campamento-musical-inicia-duas-semanas-de-actividades-para-descubrir-o-amor-pola-musica\/","url":"https:\/\/www.anovapeneira.gal\/index.php\/2023\/08\/29\/o-campamento-musical-inicia-duas-semanas-de-actividades-para-descubrir-o-amor-pola-musica\/","name":"O Campamento Musical inicia d\u00faas semanas de actividades para descubrir o amor pola m\u00fasica -","isPartOf":{"@id":"https:\/\/www.anovapeneira.gal\/#website"},"primaryImageOfPage":{"@id":"https:\/\/www.anovapeneira.gal\/index.php\/2023\/08\/29\/o-campamento-musical-inicia-duas-semanas-de-actividades-para-descubrir-o-amor-pola-musica\/#primaryimage"},"image":{"@id":"https:\/\/www.anovapeneira.gal\/index.php\/2023\/08\/29\/o-campamento-musical-inicia-duas-semanas-de-actividades-para-descubrir-o-amor-pola-musica\/#primaryimage"},"thumbnailUrl":"https:\/\/www.anovapeneira.gal\/wp-content\/uploads\/2019\/09\/concello_De_tominho_a_nova_peneria.jpg","datePublished":"2023-08-29T08:00:38+00:00","description":"45 nenos e nenas de entre 3 e 12 anos participan nesta nova edici\u00f3n do campamento que se realiza no Auditorio de Goi\u00e1n","breadcrumb":{"@id":"https:\/\/www.anovapeneira.gal\/index.php\/2023\/08\/29\/o-campamento-musical-inicia-duas-semanas-de-actividades-para-descubrir-o-amor-pola-musica\/#breadcrumb"},"inLanguage":"gl-ES","potentialAction":[{"@type":"ReadAction","target":["https:\/\/www.anovapeneira.gal\/index.php\/2023\/08\/29\/o-campamento-musical-inicia-duas-semanas-de-actividades-para-descubrir-o-amor-pola-musica\/"]}]},{"@type":"ImageObject","inLanguage":"gl-ES","@id":"https:\/\/www.anovapeneira.gal\/index.php\/2023\/08\/29\/o-campamento-musical-inicia-duas-semanas-de-actividades-para-descubrir-o-amor-pola-musica\/#primaryimage","url":"https:\/\/www.anovapeneira.gal\/wp-content\/uploads\/2019\/09\/concello_De_tominho_a_nova_peneria.jpg","contentUrl":"https:\/\/www.anovapeneira.gal\/wp-content\/uploads\/2019\/09\/concello_De_tominho_a_nova_peneria.jpg","width":720,"height":473,"caption":"Concello de Tomi\u00f1o A Nova Peneira"},{"@type":"BreadcrumbList","@id":"https:\/\/www.anovapeneira.gal\/index.php\/2023\/08\/29\/o-campamento-musical-inicia-duas-semanas-de-actividades-para-descubrir-o-amor-pola-musica\/#breadcrumb","itemListElement":[{"@type":"ListItem","position":1,"name":"Portada","item":"https:\/\/www.anovapeneira.gal\/"},{"@type":"ListItem","position":2,"name":"O Campamento Musical inicia d\u00faas semanas de actividades para descubrir o amor pola m\u00fasica"}]},{"@type":"WebSite","@id":"https:\/\/www.anovapeneira.gal\/#website","url":"https:\/\/www.anovapeneira.gal\/","name":"","description":"Xornal galego de informaci\u00f3n xeral Publicaci\u00f3n mensual de novas de Galicia e en especial dos Concellos da sur da provincia de Pontevedra.","publisher":{"@id":"https:\/\/www.anovapeneira.gal\/#organization"},"potentialAction":[{"@type":"SearchAction","target":{"@type":"EntryPoint","urlTemplate":"https:\/\/www.anovapeneira.gal\/?s={search_term_string}"},"query-input":{"@type":"PropertyValueSpecification","valueRequired":true,"valueName":"search_term_string"}}],"inLanguage":"gl-ES"},{"@type":"Organization","@id":"https:\/\/www.anovapeneira.gal\/#organization","name":"A Nova Peneira","url":"https:\/\/www.anovapeneira.gal\/","logo":{"@type":"ImageObject","inLanguage":"gl-ES","@id":"https:\/\/www.anovapeneira.gal\/#\/schema\/logo\/image\/","url":"http:\/\/www.anovapeneira.gal\/wp-content\/uploads\/2019\/06\/logo_a_nova_peneira_portal_web.png","contentUrl":"http:\/\/www.anovapeneira.gal\/wp-content\/uploads\/2019\/06\/logo_a_nova_peneira_portal_web.png","width":300,"height":100,"caption":"A Nova Peneira"},"image":{"@id":"https:\/\/www.anovapeneira.gal\/#\/schema\/logo\/image\/"},"sameAs":["https:\/\/www.facebook.com\/anovapeneira","https:\/\/x.com\/APeneira"]},{"@type":"Person","@id":"https:\/\/www.anovapeneira.gal\/#\/schema\/person\/b93e3f8932e3f8da96334607eb6ac6aa","name":"Redacci\u00f3n A Nova Peneira","image":{"@type":"ImageObject","inLanguage":"gl-ES","@id":"https:\/\/secure.gravatar.com\/avatar\/c052a2551a06e23fac63626232eaa90abd78dbcf1700fc46a2b2c89fd27b735f?s=96&d=mm&r=g","url":"https:\/\/secure.gravatar.com\/avatar\/c052a2551a06e23fac63626232eaa90abd78dbcf1700fc46a2b2c89fd27b735f?s=96&d=mm&r=g","contentUrl":"https:\/\/secure.gravatar.com\/avatar\/c052a2551a06e23fac63626232eaa90abd78dbcf1700fc46a2b2c89fd27b735f?s=96&d=mm&r=g","caption":"Redacci\u00f3n A Nova Peneira"},"sameAs":["http:\/\/www.anovapeneira.gal\/"],"url":"https:\/\/www.anovapeneira.gal\/index.php\/author\/redactor\/"}]}},"jetpack_featured_media_url":"https:\/\/www.anovapeneira.gal\/wp-content\/uploads\/2019\/09\/concello_De_tominho_a_nova_peneria.jpg","_links":{"self":[{"href":"https:\/\/www.anovapeneira.gal\/index.php\/wp-json\/wp\/v2\/posts\/10337","targetHints":{"allow":["GET"]}}],"collection":[{"href":"https:\/\/www.anovapeneira.gal\/index.php\/wp-json\/wp\/v2\/posts"}],"about":[{"href":"https:\/\/www.anovapeneira.gal\/index.php\/wp-json\/wp\/v2\/types\/post"}],"author":[{"embeddable":true,"href":"https:\/\/www.anovapeneira.gal\/index.php\/wp-json\/wp\/v2\/users\/3"}],"replies":[{"embeddable":true,"href":"https:\/\/www.anovapeneira.gal\/index.php\/wp-json\/wp\/v2\/comments?post=10337"}],"version-history":[{"count":1,"href":"https:\/\/www.anovapeneira.gal\/index.php\/wp-json\/wp\/v2\/posts\/10337\/revisions"}],"predecessor-version":[{"id":10338,"href":"https:\/\/www.anovapeneira.gal\/index.php\/wp-json\/wp\/v2\/posts\/10337\/revisions\/10338"}],"wp:featuredmedia":[{"embeddable":true,"href":"https:\/\/www.anovapeneira.gal\/index.php\/wp-json\/wp\/v2\/media\/1336"}],"wp:attachment":[{"href":"https:\/\/www.anovapeneira.gal\/index.php\/wp-json\/wp\/v2\/media?parent=10337"}],"wp:term":[{"taxonomy":"category","embeddable":true,"href":"https:\/\/www.anovapeneira.gal\/index.php\/wp-json\/wp\/v2\/categories?post=10337"},{"taxonomy":"post_tag","embeddable":true,"href":"https:\/\/www.anovapeneira.gal\/index.php\/wp-json\/wp\/v2\/tags?post=10337"}],"curies":[{"name":"wp","href":"https:\/\/api.w.org\/{rel}","templated":true}]}}