{"id":10345,"date":"2023-08-30T12:00:40","date_gmt":"2023-08-30T10:00:40","guid":{"rendered":"https:\/\/www.anovapeneira.gal\/?p=10345"},"modified":"2023-08-28T09:06:15","modified_gmt":"2023-08-28T07:06:15","slug":"todo-listo-en-salceda-para-unha-nova-edicion-da-festa-dos-callos","status":"publish","type":"post","link":"https:\/\/www.anovapeneira.gal\/index.php\/2023\/08\/30\/todo-listo-en-salceda-para-unha-nova-edicion-da-festa-dos-callos\/","title":{"rendered":"Todo listo en Salceda para unha nova edici\u00f3n da Festa dos Callos"},"content":{"rendered":"\n<p><strong>Salceda de Caselas, 25 de agosto de 2023<\/strong><\/p>\n\n\n\n<p>A Praza do Concello de Salceda de Caselas acolleu esta ma\u00f1\u00e1 a presentaci\u00f3n da XXIX Festa dos Callos de Salceda de Caselas, que se celebrar\u00e1 o vindeiro fin de semana. A presentaci\u00f3n contou coa participaci\u00f3n de \u00c1lex Rodr\u00edguez, Concelleiro de Cultura, cos representantes do Grupo Coren Angel Rodr\u00edguez e Alejandro Alonso, o Presidente do Grupo Se\u00f1or\u00edo de Rubi\u00f3s, Antonio M\u00e9ndez e a Alcaldesa de Salceda de Caselas Loli Casti\u00f1eira.<\/p>\n\n\n\n<p>O presidente Antonio M\u00e9ndez quixo mostrar o seu agradecemento ao Concello de Salceda de Caselas por contar un ano m\u00e1is coa adega das Neves para a cita gastron\u00f3mica, e presentou o vi\u00f1o que acompa\u00f1ar\u00e1 aos Callos esta fin de semana, un Sous\u00f3n Tinto de Se\u00f1or\u00edo de Rubi\u00f3s, a uva m\u00e1is abundante de Rubi\u00f3s.<\/p>\n\n\n\n<p>\u00c1ngel Rodr\u00edguez, Director Financeiro de Frigolouro, quixo remarcar a importancia que ten para o Grupo Coren e para Frigolouro a participaci\u00f3n nunha festa do tama\u00f1o e tradici\u00f3n como a de Salceda, conseguindo unhas sinerxias positivas para empresa e para o Concello.<\/p>\n\n\n\n<p>Alejandro Alonso, o mestre coci\u00f1eiro encargado da elaboraci\u00f3n do prato confirmou que se preparar\u00e1n en torno as 20.000 raci\u00f3ns de callos, para as cales se empregar\u00e1n 1900 kg de ventre de vacuno, 920 kg de carne de pata de tenreira, 2.200 kg de garbanzo remollado, 425 kg de lac\u00f3n e 350 kg de chourizo galego, co seu sofrito correspondente, que sumar\u00e1n un total de m\u00e1is de 5.000 quilos de produto. A preparaci\u00f3n dos callos comezar\u00e1 sobre a 1:30 para sobre as 7:30 facer a mestura do sofrito coas carnes e ter o producto preparado \u00e1s 8:30 para empezar a despachar sobre as 9:30.<\/p>\n\n\n\n<p>O Concelleiro de Cultura, \u00c1lex Rodr\u00edguez quixo recalcar a importancia que ten esta cita para Salceda e toda a comarca, denomindando a festa como de \u201cquil\u00f3metro cero\u201d, xa que os callos elab\u00f3ranse no Porri\u00f1o, o vi\u00f1o nas Neves e o pan \u00e9 suministrado polas panader\u00edas de Salceda. Quixo tam\u00e9n mostrar o agradecemento a todas as persoas e colectivos que fan posible a festa: O Grupo Cor\u00e9n, os empregados e empregadas municipais, Polic\u00eda Local, Protecci\u00f3n Civil e \u00e1s persoas que colaboran como voluntarias no d\u00eda da Festa.<\/p>\n\n\n\n<p>Loli Casti\u00f1eira, Alcaldesa de Salceda quixo recalcar que a Festa dos Callos \u00e9 un dos eventos m\u00e1is importantes de Galicia no que a gastronom\u00eda se refire por constancia, por traballo e por involucraci\u00f3n, convertido a Salceda mesa Fin de Semana nun referente gastron\u00f3mico e tur\u00edstico. Quixo arpoveitar a ocasi\u00f3n para convidar a que todas as persoas se acheguen esta fin de semana a unha Salceda que locer\u00e1 o m\u00e1is fermosa posible.<\/p>\n","protected":false},"excerpt":{"rendered":"<div class=\"mh-excerpt\"><p>A Praza do Concello de Salceda de Caselas acolleu esta ma\u00f1\u00e1 a presentaci\u00f3n da XXIX Festa dos Callos de Salceda de Caselas, que se celebrar\u00e1 o vindeiro fin de semana <a class=\"mh-excerpt-more\" href=\"https:\/\/www.anovapeneira.gal\/index.php\/2023\/08\/30\/todo-listo-en-salceda-para-unha-nova-edicion-da-festa-dos-callos\/\" title=\"Todo listo en Salceda para unha nova edici\u00f3n da Festa dos Callos\">[&#8230;]<\/a><\/p>\n<\/div>","protected":false},"author":3,"featured_media":10348,"comment_status":"open","ping_status":"open","sticky":false,"template":"","format":"standard","meta":{"_exactmetrics_skip_tracking":false,"_exactmetrics_sitenote_active":false,"_exactmetrics_sitenote_note":"","_exactmetrics_sitenote_category":0,"footnotes":""},"categories":[23],"tags":[359],"class_list":{"0":"post-10345","1":"post","2":"type-post","3":"status-publish","4":"format-standard","5":"has-post-thumbnail","7":"category-a-lourina","8":"tag-concello-de-salceda-de-caselas"},"yoast_head":"<!-- This site is optimized with the Yoast SEO plugin v27.4 - https:\/\/yoast.com\/product\/yoast-seo-wordpress\/ -->\n<title>Todo listo en Salceda para unha nova edici\u00f3n da Festa dos Callos -<\/title>\n<meta name=\"description\" content=\"A Praza do Concello de Salceda de Caselas acolleu esta ma\u00f1\u00e1 a presentaci\u00f3n da XXIX Festa dos Callos de Salceda de Caselas, que se celebrar\u00e1 o vindeiro fin de semana\" \/>\n<meta name=\"robots\" content=\"index, follow, max-snippet:-1, max-image-preview:large, max-video-preview:-1\" \/>\n<link rel=\"canonical\" href=\"https:\/\/www.anovapeneira.gal\/index.php\/2023\/08\/30\/todo-listo-en-salceda-para-unha-nova-edicion-da-festa-dos-callos\/\" \/>\n<meta property=\"og:locale\" content=\"gl_ES\" \/>\n<meta property=\"og:type\" content=\"article\" \/>\n<meta property=\"og:title\" content=\"Todo listo en Salceda para unha nova edici\u00f3n da Festa dos Callos -\" \/>\n<meta property=\"og:description\" content=\"A Praza do Concello de Salceda de Caselas acolleu esta ma\u00f1\u00e1 a presentaci\u00f3n da XXIX Festa dos Callos de Salceda de Caselas, que se celebrar\u00e1 o vindeiro fin de semana\" \/>\n<meta property=\"og:url\" content=\"https:\/\/www.anovapeneira.gal\/index.php\/2023\/08\/30\/todo-listo-en-salceda-para-unha-nova-edicion-da-festa-dos-callos\/\" \/>\n<meta property=\"article:publisher\" content=\"https:\/\/www.facebook.com\/anovapeneira\" \/>\n<meta property=\"article:published_time\" content=\"2023-08-30T10:00:40+00:00\" \/>\n<meta property=\"og:image\" content=\"https:\/\/www.anovapeneira.gal\/wp-content\/uploads\/2023\/08\/festa_callos_salceda.jpg\" \/>\n\t<meta property=\"og:image:width\" content=\"720\" \/>\n\t<meta property=\"og:image:height\" content=\"432\" \/>\n\t<meta property=\"og:image:type\" content=\"image\/jpeg\" \/>\n<meta name=\"author\" content=\"Redacci\u00f3n A Nova Peneira\" \/>\n<meta name=\"twitter:card\" content=\"summary_large_image\" \/>\n<meta name=\"twitter:creator\" content=\"@APeneira\" \/>\n<meta name=\"twitter:site\" content=\"@APeneira\" \/>\n<meta name=\"twitter:label1\" content=\"Escrito por\" \/>\n\t<meta name=\"twitter:data1\" content=\"Redacci\u00f3n A Nova Peneira\" \/>\n\t<meta name=\"twitter:label2\" content=\"Tempo de lectura\" \/>\n\t<meta name=\"twitter:data2\" content=\"3 minutos\" \/>\n<script type=\"application\/ld+json\" class=\"yoast-schema-graph\">{\"@context\":\"https:\\\/\\\/schema.org\",\"@graph\":[{\"@type\":\"Article\",\"@id\":\"https:\\\/\\\/www.anovapeneira.gal\\\/index.php\\\/2023\\\/08\\\/30\\\/todo-listo-en-salceda-para-unha-nova-edicion-da-festa-dos-callos\\\/#article\",\"isPartOf\":{\"@id\":\"https:\\\/\\\/www.anovapeneira.gal\\\/index.php\\\/2023\\\/08\\\/30\\\/todo-listo-en-salceda-para-unha-nova-edicion-da-festa-dos-callos\\\/\"},\"author\":{\"name\":\"Redacci\u00f3n A Nova Peneira\",\"@id\":\"https:\\\/\\\/www.anovapeneira.gal\\\/#\\\/schema\\\/person\\\/b93e3f8932e3f8da96334607eb6ac6aa\"},\"headline\":\"Todo listo en Salceda para unha nova edici\u00f3n da Festa dos Callos\",\"datePublished\":\"2023-08-30T10:00:40+00:00\",\"mainEntityOfPage\":{\"@id\":\"https:\\\/\\\/www.anovapeneira.gal\\\/index.php\\\/2023\\\/08\\\/30\\\/todo-listo-en-salceda-para-unha-nova-edicion-da-festa-dos-callos\\\/\"},\"wordCount\":482,\"commentCount\":0,\"publisher\":{\"@id\":\"https:\\\/\\\/www.anovapeneira.gal\\\/#organization\"},\"image\":{\"@id\":\"https:\\\/\\\/www.anovapeneira.gal\\\/index.php\\\/2023\\\/08\\\/30\\\/todo-listo-en-salceda-para-unha-nova-edicion-da-festa-dos-callos\\\/#primaryimage\"},\"thumbnailUrl\":\"https:\\\/\\\/www.anovapeneira.gal\\\/wp-content\\\/uploads\\\/2023\\\/08\\\/festa_callos_salceda.jpg\",\"keywords\":[\"Concello de Salceda de Caselas\"],\"articleSection\":[\"A Louri\u00f1a\"],\"inLanguage\":\"gl-ES\",\"potentialAction\":[{\"@type\":\"CommentAction\",\"name\":\"Comment\",\"target\":[\"https:\\\/\\\/www.anovapeneira.gal\\\/index.php\\\/2023\\\/08\\\/30\\\/todo-listo-en-salceda-para-unha-nova-edicion-da-festa-dos-callos\\\/#respond\"]}]},{\"@type\":\"WebPage\",\"@id\":\"https:\\\/\\\/www.anovapeneira.gal\\\/index.php\\\/2023\\\/08\\\/30\\\/todo-listo-en-salceda-para-unha-nova-edicion-da-festa-dos-callos\\\/\",\"url\":\"https:\\\/\\\/www.anovapeneira.gal\\\/index.php\\\/2023\\\/08\\\/30\\\/todo-listo-en-salceda-para-unha-nova-edicion-da-festa-dos-callos\\\/\",\"name\":\"Todo listo en Salceda para unha nova edici\u00f3n da Festa dos Callos -\",\"isPartOf\":{\"@id\":\"https:\\\/\\\/www.anovapeneira.gal\\\/#website\"},\"primaryImageOfPage\":{\"@id\":\"https:\\\/\\\/www.anovapeneira.gal\\\/index.php\\\/2023\\\/08\\\/30\\\/todo-listo-en-salceda-para-unha-nova-edicion-da-festa-dos-callos\\\/#primaryimage\"},\"image\":{\"@id\":\"https:\\\/\\\/www.anovapeneira.gal\\\/index.php\\\/2023\\\/08\\\/30\\\/todo-listo-en-salceda-para-unha-nova-edicion-da-festa-dos-callos\\\/#primaryimage\"},\"thumbnailUrl\":\"https:\\\/\\\/www.anovapeneira.gal\\\/wp-content\\\/uploads\\\/2023\\\/08\\\/festa_callos_salceda.jpg\",\"datePublished\":\"2023-08-30T10:00:40+00:00\",\"description\":\"A Praza do Concello de Salceda de Caselas acolleu esta ma\u00f1\u00e1 a presentaci\u00f3n da XXIX Festa dos Callos de Salceda de Caselas, que se celebrar\u00e1 o vindeiro fin de semana\",\"breadcrumb\":{\"@id\":\"https:\\\/\\\/www.anovapeneira.gal\\\/index.php\\\/2023\\\/08\\\/30\\\/todo-listo-en-salceda-para-unha-nova-edicion-da-festa-dos-callos\\\/#breadcrumb\"},\"inLanguage\":\"gl-ES\",\"potentialAction\":[{\"@type\":\"ReadAction\",\"target\":[\"https:\\\/\\\/www.anovapeneira.gal\\\/index.php\\\/2023\\\/08\\\/30\\\/todo-listo-en-salceda-para-unha-nova-edicion-da-festa-dos-callos\\\/\"]}]},{\"@type\":\"ImageObject\",\"inLanguage\":\"gl-ES\",\"@id\":\"https:\\\/\\\/www.anovapeneira.gal\\\/index.php\\\/2023\\\/08\\\/30\\\/todo-listo-en-salceda-para-unha-nova-edicion-da-festa-dos-callos\\\/#primaryimage\",\"url\":\"https:\\\/\\\/www.anovapeneira.gal\\\/wp-content\\\/uploads\\\/2023\\\/08\\\/festa_callos_salceda.jpg\",\"contentUrl\":\"https:\\\/\\\/www.anovapeneira.gal\\\/wp-content\\\/uploads\\\/2023\\\/08\\\/festa_callos_salceda.jpg\",\"width\":720,\"height\":432,\"caption\":\"Festa de callos Salceda de Caselas\"},{\"@type\":\"BreadcrumbList\",\"@id\":\"https:\\\/\\\/www.anovapeneira.gal\\\/index.php\\\/2023\\\/08\\\/30\\\/todo-listo-en-salceda-para-unha-nova-edicion-da-festa-dos-callos\\\/#breadcrumb\",\"itemListElement\":[{\"@type\":\"ListItem\",\"position\":1,\"name\":\"Portada\",\"item\":\"https:\\\/\\\/www.anovapeneira.gal\\\/\"},{\"@type\":\"ListItem\",\"position\":2,\"name\":\"Todo listo en Salceda para unha nova edici\u00f3n da Festa dos Callos\"}]},{\"@type\":\"WebSite\",\"@id\":\"https:\\\/\\\/www.anovapeneira.gal\\\/#website\",\"url\":\"https:\\\/\\\/www.anovapeneira.gal\\\/\",\"name\":\"\",\"description\":\"Xornal galego de informaci\u00f3n xeral Publicaci\u00f3n mensual de novas de Galicia e en especial dos Concellos da sur da provincia de Pontevedra.\",\"publisher\":{\"@id\":\"https:\\\/\\\/www.anovapeneira.gal\\\/#organization\"},\"potentialAction\":[{\"@type\":\"SearchAction\",\"target\":{\"@type\":\"EntryPoint\",\"urlTemplate\":\"https:\\\/\\\/www.anovapeneira.gal\\\/?s={search_term_string}\"},\"query-input\":{\"@type\":\"PropertyValueSpecification\",\"valueRequired\":true,\"valueName\":\"search_term_string\"}}],\"inLanguage\":\"gl-ES\"},{\"@type\":\"Organization\",\"@id\":\"https:\\\/\\\/www.anovapeneira.gal\\\/#organization\",\"name\":\"A Nova Peneira\",\"url\":\"https:\\\/\\\/www.anovapeneira.gal\\\/\",\"logo\":{\"@type\":\"ImageObject\",\"inLanguage\":\"gl-ES\",\"@id\":\"https:\\\/\\\/www.anovapeneira.gal\\\/#\\\/schema\\\/logo\\\/image\\\/\",\"url\":\"http:\\\/\\\/www.anovapeneira.gal\\\/wp-content\\\/uploads\\\/2019\\\/06\\\/logo_a_nova_peneira_portal_web.png\",\"contentUrl\":\"http:\\\/\\\/www.anovapeneira.gal\\\/wp-content\\\/uploads\\\/2019\\\/06\\\/logo_a_nova_peneira_portal_web.png\",\"width\":300,\"height\":100,\"caption\":\"A Nova Peneira\"},\"image\":{\"@id\":\"https:\\\/\\\/www.anovapeneira.gal\\\/#\\\/schema\\\/logo\\\/image\\\/\"},\"sameAs\":[\"https:\\\/\\\/www.facebook.com\\\/anovapeneira\",\"https:\\\/\\\/x.com\\\/APeneira\"]},{\"@type\":\"Person\",\"@id\":\"https:\\\/\\\/www.anovapeneira.gal\\\/#\\\/schema\\\/person\\\/b93e3f8932e3f8da96334607eb6ac6aa\",\"name\":\"Redacci\u00f3n A Nova Peneira\",\"image\":{\"@type\":\"ImageObject\",\"inLanguage\":\"gl-ES\",\"@id\":\"https:\\\/\\\/secure.gravatar.com\\\/avatar\\\/c052a2551a06e23fac63626232eaa90abd78dbcf1700fc46a2b2c89fd27b735f?s=96&d=mm&r=g\",\"url\":\"https:\\\/\\\/secure.gravatar.com\\\/avatar\\\/c052a2551a06e23fac63626232eaa90abd78dbcf1700fc46a2b2c89fd27b735f?s=96&d=mm&r=g\",\"contentUrl\":\"https:\\\/\\\/secure.gravatar.com\\\/avatar\\\/c052a2551a06e23fac63626232eaa90abd78dbcf1700fc46a2b2c89fd27b735f?s=96&d=mm&r=g\",\"caption\":\"Redacci\u00f3n A Nova Peneira\"},\"sameAs\":[\"http:\\\/\\\/www.anovapeneira.gal\\\/\"],\"url\":\"https:\\\/\\\/www.anovapeneira.gal\\\/index.php\\\/author\\\/redactor\\\/\"}]}<\/script>\n<!-- \/ Yoast SEO plugin. -->","yoast_head_json":{"title":"Todo listo en Salceda para unha nova edici\u00f3n da Festa dos Callos -","description":"A Praza do Concello de Salceda de Caselas acolleu esta ma\u00f1\u00e1 a presentaci\u00f3n da XXIX Festa dos Callos de Salceda de Caselas, que se celebrar\u00e1 o vindeiro fin de semana","robots":{"index":"index","follow":"follow","max-snippet":"max-snippet:-1","max-image-preview":"max-image-preview:large","max-video-preview":"max-video-preview:-1"},"canonical":"https:\/\/www.anovapeneira.gal\/index.php\/2023\/08\/30\/todo-listo-en-salceda-para-unha-nova-edicion-da-festa-dos-callos\/","og_locale":"gl_ES","og_type":"article","og_title":"Todo listo en Salceda para unha nova edici\u00f3n da Festa dos Callos -","og_description":"A Praza do Concello de Salceda de Caselas acolleu esta ma\u00f1\u00e1 a presentaci\u00f3n da XXIX Festa dos Callos de Salceda de Caselas, que se celebrar\u00e1 o vindeiro fin de semana","og_url":"https:\/\/www.anovapeneira.gal\/index.php\/2023\/08\/30\/todo-listo-en-salceda-para-unha-nova-edicion-da-festa-dos-callos\/","article_publisher":"https:\/\/www.facebook.com\/anovapeneira","article_published_time":"2023-08-30T10:00:40+00:00","og_image":[{"width":720,"height":432,"url":"https:\/\/www.anovapeneira.gal\/wp-content\/uploads\/2023\/08\/festa_callos_salceda.jpg","type":"image\/jpeg"}],"author":"Redacci\u00f3n A Nova Peneira","twitter_card":"summary_large_image","twitter_creator":"@APeneira","twitter_site":"@APeneira","twitter_misc":{"Escrito por":"Redacci\u00f3n A Nova Peneira","Tempo de lectura":"3 minutos"},"schema":{"@context":"https:\/\/schema.org","@graph":[{"@type":"Article","@id":"https:\/\/www.anovapeneira.gal\/index.php\/2023\/08\/30\/todo-listo-en-salceda-para-unha-nova-edicion-da-festa-dos-callos\/#article","isPartOf":{"@id":"https:\/\/www.anovapeneira.gal\/index.php\/2023\/08\/30\/todo-listo-en-salceda-para-unha-nova-edicion-da-festa-dos-callos\/"},"author":{"name":"Redacci\u00f3n A Nova Peneira","@id":"https:\/\/www.anovapeneira.gal\/#\/schema\/person\/b93e3f8932e3f8da96334607eb6ac6aa"},"headline":"Todo listo en Salceda para unha nova edici\u00f3n da Festa dos Callos","datePublished":"2023-08-30T10:00:40+00:00","mainEntityOfPage":{"@id":"https:\/\/www.anovapeneira.gal\/index.php\/2023\/08\/30\/todo-listo-en-salceda-para-unha-nova-edicion-da-festa-dos-callos\/"},"wordCount":482,"commentCount":0,"publisher":{"@id":"https:\/\/www.anovapeneira.gal\/#organization"},"image":{"@id":"https:\/\/www.anovapeneira.gal\/index.php\/2023\/08\/30\/todo-listo-en-salceda-para-unha-nova-edicion-da-festa-dos-callos\/#primaryimage"},"thumbnailUrl":"https:\/\/www.anovapeneira.gal\/wp-content\/uploads\/2023\/08\/festa_callos_salceda.jpg","keywords":["Concello de Salceda de Caselas"],"articleSection":["A Louri\u00f1a"],"inLanguage":"gl-ES","potentialAction":[{"@type":"CommentAction","name":"Comment","target":["https:\/\/www.anovapeneira.gal\/index.php\/2023\/08\/30\/todo-listo-en-salceda-para-unha-nova-edicion-da-festa-dos-callos\/#respond"]}]},{"@type":"WebPage","@id":"https:\/\/www.anovapeneira.gal\/index.php\/2023\/08\/30\/todo-listo-en-salceda-para-unha-nova-edicion-da-festa-dos-callos\/","url":"https:\/\/www.anovapeneira.gal\/index.php\/2023\/08\/30\/todo-listo-en-salceda-para-unha-nova-edicion-da-festa-dos-callos\/","name":"Todo listo en Salceda para unha nova edici\u00f3n da Festa dos Callos -","isPartOf":{"@id":"https:\/\/www.anovapeneira.gal\/#website"},"primaryImageOfPage":{"@id":"https:\/\/www.anovapeneira.gal\/index.php\/2023\/08\/30\/todo-listo-en-salceda-para-unha-nova-edicion-da-festa-dos-callos\/#primaryimage"},"image":{"@id":"https:\/\/www.anovapeneira.gal\/index.php\/2023\/08\/30\/todo-listo-en-salceda-para-unha-nova-edicion-da-festa-dos-callos\/#primaryimage"},"thumbnailUrl":"https:\/\/www.anovapeneira.gal\/wp-content\/uploads\/2023\/08\/festa_callos_salceda.jpg","datePublished":"2023-08-30T10:00:40+00:00","description":"A Praza do Concello de Salceda de Caselas acolleu esta ma\u00f1\u00e1 a presentaci\u00f3n da XXIX Festa dos Callos de Salceda de Caselas, que se celebrar\u00e1 o vindeiro fin de semana","breadcrumb":{"@id":"https:\/\/www.anovapeneira.gal\/index.php\/2023\/08\/30\/todo-listo-en-salceda-para-unha-nova-edicion-da-festa-dos-callos\/#breadcrumb"},"inLanguage":"gl-ES","potentialAction":[{"@type":"ReadAction","target":["https:\/\/www.anovapeneira.gal\/index.php\/2023\/08\/30\/todo-listo-en-salceda-para-unha-nova-edicion-da-festa-dos-callos\/"]}]},{"@type":"ImageObject","inLanguage":"gl-ES","@id":"https:\/\/www.anovapeneira.gal\/index.php\/2023\/08\/30\/todo-listo-en-salceda-para-unha-nova-edicion-da-festa-dos-callos\/#primaryimage","url":"https:\/\/www.anovapeneira.gal\/wp-content\/uploads\/2023\/08\/festa_callos_salceda.jpg","contentUrl":"https:\/\/www.anovapeneira.gal\/wp-content\/uploads\/2023\/08\/festa_callos_salceda.jpg","width":720,"height":432,"caption":"Festa de callos Salceda de Caselas"},{"@type":"BreadcrumbList","@id":"https:\/\/www.anovapeneira.gal\/index.php\/2023\/08\/30\/todo-listo-en-salceda-para-unha-nova-edicion-da-festa-dos-callos\/#breadcrumb","itemListElement":[{"@type":"ListItem","position":1,"name":"Portada","item":"https:\/\/www.anovapeneira.gal\/"},{"@type":"ListItem","position":2,"name":"Todo listo en Salceda para unha nova edici\u00f3n da Festa dos Callos"}]},{"@type":"WebSite","@id":"https:\/\/www.anovapeneira.gal\/#website","url":"https:\/\/www.anovapeneira.gal\/","name":"","description":"Xornal galego de informaci\u00f3n xeral Publicaci\u00f3n mensual de novas de Galicia e en especial dos Concellos da sur da provincia de Pontevedra.","publisher":{"@id":"https:\/\/www.anovapeneira.gal\/#organization"},"potentialAction":[{"@type":"SearchAction","target":{"@type":"EntryPoint","urlTemplate":"https:\/\/www.anovapeneira.gal\/?s={search_term_string}"},"query-input":{"@type":"PropertyValueSpecification","valueRequired":true,"valueName":"search_term_string"}}],"inLanguage":"gl-ES"},{"@type":"Organization","@id":"https:\/\/www.anovapeneira.gal\/#organization","name":"A Nova Peneira","url":"https:\/\/www.anovapeneira.gal\/","logo":{"@type":"ImageObject","inLanguage":"gl-ES","@id":"https:\/\/www.anovapeneira.gal\/#\/schema\/logo\/image\/","url":"http:\/\/www.anovapeneira.gal\/wp-content\/uploads\/2019\/06\/logo_a_nova_peneira_portal_web.png","contentUrl":"http:\/\/www.anovapeneira.gal\/wp-content\/uploads\/2019\/06\/logo_a_nova_peneira_portal_web.png","width":300,"height":100,"caption":"A Nova Peneira"},"image":{"@id":"https:\/\/www.anovapeneira.gal\/#\/schema\/logo\/image\/"},"sameAs":["https:\/\/www.facebook.com\/anovapeneira","https:\/\/x.com\/APeneira"]},{"@type":"Person","@id":"https:\/\/www.anovapeneira.gal\/#\/schema\/person\/b93e3f8932e3f8da96334607eb6ac6aa","name":"Redacci\u00f3n A Nova Peneira","image":{"@type":"ImageObject","inLanguage":"gl-ES","@id":"https:\/\/secure.gravatar.com\/avatar\/c052a2551a06e23fac63626232eaa90abd78dbcf1700fc46a2b2c89fd27b735f?s=96&d=mm&r=g","url":"https:\/\/secure.gravatar.com\/avatar\/c052a2551a06e23fac63626232eaa90abd78dbcf1700fc46a2b2c89fd27b735f?s=96&d=mm&r=g","contentUrl":"https:\/\/secure.gravatar.com\/avatar\/c052a2551a06e23fac63626232eaa90abd78dbcf1700fc46a2b2c89fd27b735f?s=96&d=mm&r=g","caption":"Redacci\u00f3n A Nova Peneira"},"sameAs":["http:\/\/www.anovapeneira.gal\/"],"url":"https:\/\/www.anovapeneira.gal\/index.php\/author\/redactor\/"}]}},"jetpack_featured_media_url":"https:\/\/www.anovapeneira.gal\/wp-content\/uploads\/2023\/08\/festa_callos_salceda.jpg","_links":{"self":[{"href":"https:\/\/www.anovapeneira.gal\/index.php\/wp-json\/wp\/v2\/posts\/10345","targetHints":{"allow":["GET"]}}],"collection":[{"href":"https:\/\/www.anovapeneira.gal\/index.php\/wp-json\/wp\/v2\/posts"}],"about":[{"href":"https:\/\/www.anovapeneira.gal\/index.php\/wp-json\/wp\/v2\/types\/post"}],"author":[{"embeddable":true,"href":"https:\/\/www.anovapeneira.gal\/index.php\/wp-json\/wp\/v2\/users\/3"}],"replies":[{"embeddable":true,"href":"https:\/\/www.anovapeneira.gal\/index.php\/wp-json\/wp\/v2\/comments?post=10345"}],"version-history":[{"count":2,"href":"https:\/\/www.anovapeneira.gal\/index.php\/wp-json\/wp\/v2\/posts\/10345\/revisions"}],"predecessor-version":[{"id":10347,"href":"https:\/\/www.anovapeneira.gal\/index.php\/wp-json\/wp\/v2\/posts\/10345\/revisions\/10347"}],"wp:featuredmedia":[{"embeddable":true,"href":"https:\/\/www.anovapeneira.gal\/index.php\/wp-json\/wp\/v2\/media\/10348"}],"wp:attachment":[{"href":"https:\/\/www.anovapeneira.gal\/index.php\/wp-json\/wp\/v2\/media?parent=10345"}],"wp:term":[{"taxonomy":"category","embeddable":true,"href":"https:\/\/www.anovapeneira.gal\/index.php\/wp-json\/wp\/v2\/categories?post=10345"},{"taxonomy":"post_tag","embeddable":true,"href":"https:\/\/www.anovapeneira.gal\/index.php\/wp-json\/wp\/v2\/tags?post=10345"}],"curies":[{"name":"wp","href":"https:\/\/api.w.org\/{rel}","templated":true}]}}